{"id":111837,"date":"2024-05-29T17:05:07","date_gmt":"2024-05-29T14:05:07","guid":{"rendered":"https:\/\/urbeamea.ro\/albaiulia\/?p=111837"},"modified":"2024-05-29T17:05:08","modified_gmt":"2024-05-29T14:05:08","slug":"lotul-isu-alba-a-ocupalocul-1-la-competitia-nationala-de-descarcerare-si-acordare-a-primului-ajutor-calificat-faza-zonala","status":"publish","type":"post","link":"https:\/\/urbeamea.ro\/albaiulia\/lotul-isu-alba-a-ocupalocul-1-la-competitia-nationala-de-descarcerare-si-acordare-a-primului-ajutor-calificat-faza-zonala\/","title":{"rendered":"Lotul ISU Alba a ocupalocul 1 la Competi\u021bia Na\u021bional\u0103 de descarcerare \u0219i acordare a primului ajutor calificat &#8211; faza zonal\u0103"},"content":{"rendered":"\n<p>\u00cen <strong>perioada 27.05 \u2013 29.05.2024, salvatorii din cadrul ISU Alba au concurat \u00een probe specifice de descarcerare \u0219i acordare a primului ajutor medical care au simulat condi\u021biile reale ale unor accidente grave cu victime. Totul contratimp \u0219i sub presiunea unor evaluatori care au luat \u00een considerare orice detaliu.<\/strong><\/p>\n\n\n\n<figure class=\"wp-block-image size-full\"><img loading=\"lazy\" decoding=\"async\" width=\"960\" height=\"720\" src=\"https:\/\/urbeamea.ro\/albaiulia\/wp-content\/uploads\/2024\/05\/1000000706.jpg\" alt=\"\" class=\"wp-image-111838\" srcset=\"https:\/\/urbeamea.ro\/albaiulia\/wp-content\/uploads\/2024\/05\/1000000706.jpg 960w, https:\/\/urbeamea.ro\/albaiulia\/wp-content\/uploads\/2024\/05\/1000000706-640x480.jpg 640w, https:\/\/urbeamea.ro\/albaiulia\/wp-content\/uploads\/2024\/05\/1000000706-150x113.jpg 150w, https:\/\/urbeamea.ro\/albaiulia\/wp-content\/uploads\/2024\/05\/1000000706-768x576.jpg 768w\" sizes=\"auto, (max-width: 960px) 100vw, 960px\" \/><\/figure>\n\n\n\n<p>Dup\u0103 dou\u0103 zile de adrenalin\u0103 \u0219i ac\u021biune din plin, salvatorii militari au ob\u021binut urm\u0103roarele rezultate:<\/p>\n\n\n\n<p>locul 1 la Descarcerare din autovehicule;-locul 1 la Acordare prim ajutor calificat;-Cea mai buna echipa de descarcerare;-Cea mai buna echipa de paramedici;-Cel mai bun comandant de echipaj.Competi\u021bia Na\u021bional\u0103 de Descarcerare \u0219i Prim Ajutor Calificat s-a desf\u0103\u0219urat \u00een localitatea Caransebe\u0219, iar lotul ISU Alba a concurat cu alte loturi din cadrul ISU Arad, ISU Cara\u0219-Severin, ISU Hunedoara \u0219i ISU Timis.<\/p>\n\n\n\n<figure class=\"wp-block-gallery has-nested-images columns-default is-cropped wp-block-gallery-1 is-layout-flex wp-block-gallery-is-layout-flex\">\n<figure class=\"wp-block-image size-large\"><img loading=\"lazy\" decoding=\"async\" width=\"960\" height=\"720\" data-id=\"111841\" src=\"https:\/\/urbeamea.ro\/albaiulia\/wp-content\/uploads\/2024\/05\/1000000710.jpg\" alt=\"\" class=\"wp-image-111841\" srcset=\"https:\/\/urbeamea.ro\/albaiulia\/wp-content\/uploads\/2024\/05\/1000000710.jpg 960w, https:\/\/urbeamea.ro\/albaiulia\/wp-content\/uploads\/2024\/05\/1000000710-640x480.jpg 640w, https:\/\/urbeamea.ro\/albaiulia\/wp-content\/uploads\/2024\/05\/1000000710-150x113.jpg 150w, https:\/\/urbeamea.ro\/albaiulia\/wp-content\/uploads\/2024\/05\/1000000710-768x576.jpg 768w\" sizes=\"auto, (max-width: 960px) 100vw, 960px\" \/><\/figure>\n\n\n\n<figure class=\"wp-block-image size-large\"><img loading=\"lazy\" decoding=\"async\" width=\"960\" height=\"720\" data-id=\"111839\" src=\"https:\/\/urbeamea.ro\/albaiulia\/wp-content\/uploads\/2024\/05\/1000000711.jpg\" alt=\"\" class=\"wp-image-111839\" srcset=\"https:\/\/urbeamea.ro\/albaiulia\/wp-content\/uploads\/2024\/05\/1000000711.jpg 960w, https:\/\/urbeamea.ro\/albaiulia\/wp-content\/uploads\/2024\/05\/1000000711-640x480.jpg 640w, https:\/\/urbeamea.ro\/albaiulia\/wp-content\/uploads\/2024\/05\/1000000711-150x113.jpg 150w, https:\/\/urbeamea.ro\/albaiulia\/wp-content\/uploads\/2024\/05\/1000000711-768x576.jpg 768w\" sizes=\"auto, (max-width: 960px) 100vw, 960px\" \/><\/figure>\n\n\n\n<figure class=\"wp-block-image size-large\"><img loading=\"lazy\" decoding=\"async\" width=\"960\" height=\"720\" data-id=\"111840\" src=\"https:\/\/urbeamea.ro\/albaiulia\/wp-content\/uploads\/2024\/05\/1000000712.jpg\" alt=\"\" class=\"wp-image-111840\" srcset=\"https:\/\/urbeamea.ro\/albaiulia\/wp-content\/uploads\/2024\/05\/1000000712.jpg 960w, https:\/\/urbeamea.ro\/albaiulia\/wp-content\/uploads\/2024\/05\/1000000712-640x480.jpg 640w, https:\/\/urbeamea.ro\/albaiulia\/wp-content\/uploads\/2024\/05\/1000000712-150x113.jpg 150w, https:\/\/urbeamea.ro\/albaiulia\/wp-content\/uploads\/2024\/05\/1000000712-768x576.jpg 768w\" sizes=\"auto, (max-width: 960px) 100vw, 960px\" \/><\/figure>\n\n\n\n<figure class=\"wp-block-image size-large\"><img loading=\"lazy\" decoding=\"async\" width=\"960\" height=\"720\" data-id=\"111842\" src=\"https:\/\/urbeamea.ro\/albaiulia\/wp-content\/uploads\/2024\/05\/1000000713.jpg\" alt=\"\" class=\"wp-image-111842\" srcset=\"https:\/\/urbeamea.ro\/albaiulia\/wp-content\/uploads\/2024\/05\/1000000713.jpg 960w, https:\/\/urbeamea.ro\/albaiulia\/wp-content\/uploads\/2024\/05\/1000000713-640x480.jpg 640w, https:\/\/urbeamea.ro\/albaiulia\/wp-content\/uploads\/2024\/05\/1000000713-150x113.jpg 150w, https:\/\/urbeamea.ro\/albaiulia\/wp-content\/uploads\/2024\/05\/1000000713-768x576.jpg 768w\" sizes=\"auto, (max-width: 960px) 100vw, 960px\" \/><\/figure>\n\n\n\n<figure class=\"wp-block-image size-large\"><img loading=\"lazy\" decoding=\"async\" width=\"960\" height=\"960\" data-id=\"111843\" src=\"https:\/\/urbeamea.ro\/albaiulia\/wp-content\/uploads\/2024\/05\/1000000714.jpg\" alt=\"\" class=\"wp-image-111843\" srcset=\"https:\/\/urbeamea.ro\/albaiulia\/wp-content\/uploads\/2024\/05\/1000000714.jpg 960w, https:\/\/urbeamea.ro\/albaiulia\/wp-content\/uploads\/2024\/05\/1000000714-640x640.jpg 640w, https:\/\/urbeamea.ro\/albaiulia\/wp-content\/uploads\/2024\/05\/1000000714-150x150.jpg 150w, https:\/\/urbeamea.ro\/albaiulia\/wp-content\/uploads\/2024\/05\/1000000714-768x768.jpg 768w\" sizes=\"auto, (max-width: 960px) 100vw, 960px\" \/><\/figure>\n\n\n\n<figure class=\"wp-block-image size-large\"><img loading=\"lazy\" decoding=\"async\" width=\"1080\" height=\"810\" data-id=\"111844\" src=\"https:\/\/urbeamea.ro\/albaiulia\/wp-content\/uploads\/2024\/05\/1000000715.jpg\" alt=\"\" class=\"wp-image-111844\" srcset=\"https:\/\/urbeamea.ro\/albaiulia\/wp-content\/uploads\/2024\/05\/1000000715.jpg 1080w, https:\/\/urbeamea.ro\/albaiulia\/wp-content\/uploads\/2024\/05\/1000000715-640x480.jpg 640w, https:\/\/urbeamea.ro\/albaiulia\/wp-content\/uploads\/2024\/05\/1000000715-150x113.jpg 150w, https:\/\/urbeamea.ro\/albaiulia\/wp-content\/uploads\/2024\/05\/1000000715-768x576.jpg 768w\" sizes=\"auto, (max-width: 1080px) 100vw, 1080px\" \/><\/figure>\n\n\n\n<figure class=\"wp-block-image size-large\"><img loading=\"lazy\" decoding=\"async\" width=\"1080\" height=\"810\" data-id=\"111845\" src=\"https:\/\/urbeamea.ro\/albaiulia\/wp-content\/uploads\/2024\/05\/1000000716.jpg\" alt=\"\" class=\"wp-image-111845\" srcset=\"https:\/\/urbeamea.ro\/albaiulia\/wp-content\/uploads\/2024\/05\/1000000716.jpg 1080w, https:\/\/urbeamea.ro\/albaiulia\/wp-content\/uploads\/2024\/05\/1000000716-640x480.jpg 640w, https:\/\/urbeamea.ro\/albaiulia\/wp-content\/uploads\/2024\/05\/1000000716-150x113.jpg 150w, https:\/\/urbeamea.ro\/albaiulia\/wp-content\/uploads\/2024\/05\/1000000716-768x576.jpg 768w\" sizes=\"auto, (max-width: 1080px) 100vw, 1080px\" \/><\/figure>\n\n\n\n<figure class=\"wp-block-image size-large\"><img loading=\"lazy\" decoding=\"async\" width=\"960\" height=\"720\" data-id=\"111846\" src=\"https:\/\/urbeamea.ro\/albaiulia\/wp-content\/uploads\/2024\/05\/1000000707.jpg\" alt=\"\" class=\"wp-image-111846\" srcset=\"https:\/\/urbeamea.ro\/albaiulia\/wp-content\/uploads\/2024\/05\/1000000707.jpg 960w, https:\/\/urbeamea.ro\/albaiulia\/wp-content\/uploads\/2024\/05\/1000000707-640x480.jpg 640w, https:\/\/urbeamea.ro\/albaiulia\/wp-content\/uploads\/2024\/05\/1000000707-150x113.jpg 150w, https:\/\/urbeamea.ro\/albaiulia\/wp-content\/uploads\/2024\/05\/1000000707-768x576.jpg 768w\" sizes=\"auto, (max-width: 960px) 100vw, 960px\" \/><\/figure>\n\n\n\n<figure class=\"wp-block-image size-large\"><img loading=\"lazy\" decoding=\"async\" width=\"960\" height=\"720\" data-id=\"111847\" src=\"https:\/\/urbeamea.ro\/albaiulia\/wp-content\/uploads\/2024\/05\/1000000708.jpg\" alt=\"\" class=\"wp-image-111847\" srcset=\"https:\/\/urbeamea.ro\/albaiulia\/wp-content\/uploads\/2024\/05\/1000000708.jpg 960w, https:\/\/urbeamea.ro\/albaiulia\/wp-content\/uploads\/2024\/05\/1000000708-640x480.jpg 640w, https:\/\/urbeamea.ro\/albaiulia\/wp-content\/uploads\/2024\/05\/1000000708-150x113.jpg 150w, https:\/\/urbeamea.ro\/albaiulia\/wp-content\/uploads\/2024\/05\/1000000708-768x576.jpg 768w\" sizes=\"auto, (max-width: 960px) 100vw, 960px\" \/><\/figure>\n\n\n\n<figure class=\"wp-block-image size-large\"><img loading=\"lazy\" decoding=\"async\" width=\"960\" height=\"720\" data-id=\"111848\" src=\"https:\/\/urbeamea.ro\/albaiulia\/wp-content\/uploads\/2024\/05\/1000000709.jpg\" alt=\"\" class=\"wp-image-111848\" srcset=\"https:\/\/urbeamea.ro\/albaiulia\/wp-content\/uploads\/2024\/05\/1000000709.jpg 960w, https:\/\/urbeamea.ro\/albaiulia\/wp-content\/uploads\/2024\/05\/1000000709-640x480.jpg 640w, https:\/\/urbeamea.ro\/albaiulia\/wp-content\/uploads\/2024\/05\/1000000709-150x113.jpg 150w, https:\/\/urbeamea.ro\/albaiulia\/wp-content\/uploads\/2024\/05\/1000000709-768x576.jpg 768w\" sizes=\"auto, (max-width: 960px) 100vw, 960px\" \/><\/figure>\n<\/figure>\n\n\n\n<p><\/p>\n\n\n\n<p><\/p>\n","protected":false},"excerpt":{"rendered":"<p>Locul 1 ISU Alba <\/p>\n","protected":false},"author":28,"featured_media":111838,"comment_status":"open","ping_status":"open","sticky":false,"template":"","format":"standard","meta":{"inline_featured_image":false,"footnotes":""},"categories":[2034,1],"tags":[2560],"class_list":["post-111837","post","type-post","status-publish","format-standard","has-post-thumbnail","hentry","category-social","category-stiri-urbane","tag-isu-alba"],"yoast_head":"<!-- This site is optimized with the Yoast SEO plugin v27.4 - https:\/\/yoast.com\/product\/yoast-seo-wordpress\/ -->\n<title>Lotul ISU Alba a ocupalocul 1 la Competi\u021bia Na\u021bional\u0103 de descarcerare \u0219i acordare a primului ajutor calificat - faza zonal\u0103 - Revista Urbea Mea - Revista de Alba<\/title>\n<meta name=\"description\" content=\"Locul 1 ISU Alba\" \/>\n<meta name=\"robots\" content=\"index, follow, max-snippet:-1, max-image-preview:large, max-video-preview:-1\" \/>\n<link rel=\"canonical\" href=\"https:\/\/urbeamea.ro\/albaiulia\/lotul-isu-alba-a-ocupalocul-1-la-competitia-nationala-de-descarcerare-si-acordare-a-primului-ajutor-calificat-faza-zonala\/\" \/>\n<meta name=\"twitter:card\" content=\"summary_large_image\" \/>\n<meta name=\"twitter:title\" content=\"Lotul ISU Alba a ocupalocul 1 la Competi\u021bia Na\u021bional\u0103 de descarcerare \u0219i acordare a primului ajutor calificat - faza zonal\u0103 - Revista Urbea Mea - Revista de Alba\" \/>\n<meta name=\"twitter:description\" content=\"Locul 1 ISU Alba\" \/>\n<meta name=\"twitter:image\" content=\"https:\/\/urbeamea.ro\/albaiulia\/wp-content\/uploads\/2024\/05\/1000000706.jpg\" \/>\n<meta name=\"twitter:creator\" content=\"@urbeameaweb\" \/>\n<meta name=\"twitter:site\" content=\"@urbeameaweb\" \/>\n<script type=\"application\/ld+json\" class=\"yoast-schema-graph\">{\"@context\":\"https:\\\/\\\/schema.org\",\"@graph\":[{\"@type\":\"Article\",\"@id\":\"https:\\\/\\\/urbeamea.ro\\\/albaiulia\\\/lotul-isu-alba-a-ocupalocul-1-la-competitia-nationala-de-descarcerare-si-acordare-a-primului-ajutor-calificat-faza-zonala\\\/#article\",\"isPartOf\":{\"@id\":\"https:\\\/\\\/urbeamea.ro\\\/albaiulia\\\/lotul-isu-alba-a-ocupalocul-1-la-competitia-nationala-de-descarcerare-si-acordare-a-primului-ajutor-calificat-faza-zonala\\\/\"},\"author\":{\"name\":\"Giurca Sorin\",\"@id\":\"https:\\\/\\\/urbeamea.ro\\\/albaiulia\\\/#\\\/schema\\\/person\\\/5db3854ac38c1cc9f0ab4092d6a20f02\"},\"headline\":\"Lotul ISU Alba a ocupalocul 1 la Competi\u021bia Na\u021bional\u0103 de descarcerare \u0219i acordare a primului ajutor calificat &#8211; faza zonal\u0103\",\"datePublished\":\"2024-05-29T14:05:07+00:00\",\"dateModified\":\"2024-05-29T14:05:08+00:00\",\"mainEntityOfPage\":{\"@id\":\"https:\\\/\\\/urbeamea.ro\\\/albaiulia\\\/lotul-isu-alba-a-ocupalocul-1-la-competitia-nationala-de-descarcerare-si-acordare-a-primului-ajutor-calificat-faza-zonala\\\/\"},\"wordCount\":151,\"commentCount\":0,\"image\":{\"@id\":\"https:\\\/\\\/urbeamea.ro\\\/albaiulia\\\/lotul-isu-alba-a-ocupalocul-1-la-competitia-nationala-de-descarcerare-si-acordare-a-primului-ajutor-calificat-faza-zonala\\\/#primaryimage\"},\"thumbnailUrl\":\"https:\\\/\\\/urbeamea.ro\\\/albaiulia\\\/wp-content\\\/uploads\\\/2024\\\/05\\\/1000000706.jpg\",\"keywords\":[\"ISU Alba\"],\"articleSection\":[\"Social\",\"\u015etiri Urbane\"],\"inLanguage\":\"ro-RO\",\"potentialAction\":[{\"@type\":\"CommentAction\",\"name\":\"Comment\",\"target\":[\"https:\\\/\\\/urbeamea.ro\\\/albaiulia\\\/lotul-isu-alba-a-ocupalocul-1-la-competitia-nationala-de-descarcerare-si-acordare-a-primului-ajutor-calificat-faza-zonala\\\/#respond\"]}]},{\"@type\":\"WebPage\",\"@id\":\"https:\\\/\\\/urbeamea.ro\\\/albaiulia\\\/lotul-isu-alba-a-ocupalocul-1-la-competitia-nationala-de-descarcerare-si-acordare-a-primului-ajutor-calificat-faza-zonala\\\/\",\"url\":\"https:\\\/\\\/urbeamea.ro\\\/albaiulia\\\/lotul-isu-alba-a-ocupalocul-1-la-competitia-nationala-de-descarcerare-si-acordare-a-primului-ajutor-calificat-faza-zonala\\\/\",\"name\":\"Lotul ISU Alba a ocupalocul 1 la Competi\u021bia Na\u021bional\u0103 de descarcerare \u0219i acordare a primului ajutor calificat - faza zonal\u0103 - Revista Urbea Mea - Revista de Alba\",\"isPartOf\":{\"@id\":\"https:\\\/\\\/urbeamea.ro\\\/albaiulia\\\/#website\"},\"primaryImageOfPage\":{\"@id\":\"https:\\\/\\\/urbeamea.ro\\\/albaiulia\\\/lotul-isu-alba-a-ocupalocul-1-la-competitia-nationala-de-descarcerare-si-acordare-a-primului-ajutor-calificat-faza-zonala\\\/#primaryimage\"},\"image\":{\"@id\":\"https:\\\/\\\/urbeamea.ro\\\/albaiulia\\\/lotul-isu-alba-a-ocupalocul-1-la-competitia-nationala-de-descarcerare-si-acordare-a-primului-ajutor-calificat-faza-zonala\\\/#primaryimage\"},\"thumbnailUrl\":\"https:\\\/\\\/urbeamea.ro\\\/albaiulia\\\/wp-content\\\/uploads\\\/2024\\\/05\\\/1000000706.jpg\",\"datePublished\":\"2024-05-29T14:05:07+00:00\",\"dateModified\":\"2024-05-29T14:05:08+00:00\",\"author\":{\"@id\":\"https:\\\/\\\/urbeamea.ro\\\/albaiulia\\\/#\\\/schema\\\/person\\\/5db3854ac38c1cc9f0ab4092d6a20f02\"},\"description\":\"Locul 1 ISU Alba\",\"breadcrumb\":{\"@id\":\"https:\\\/\\\/urbeamea.ro\\\/albaiulia\\\/lotul-isu-alba-a-ocupalocul-1-la-competitia-nationala-de-descarcerare-si-acordare-a-primului-ajutor-calificat-faza-zonala\\\/#breadcrumb\"},\"inLanguage\":\"ro-RO\",\"potentialAction\":[{\"@type\":\"ReadAction\",\"target\":[\"https:\\\/\\\/urbeamea.ro\\\/albaiulia\\\/lotul-isu-alba-a-ocupalocul-1-la-competitia-nationala-de-descarcerare-si-acordare-a-primului-ajutor-calificat-faza-zonala\\\/\"]}]},{\"@type\":\"ImageObject\",\"inLanguage\":\"ro-RO\",\"@id\":\"https:\\\/\\\/urbeamea.ro\\\/albaiulia\\\/lotul-isu-alba-a-ocupalocul-1-la-competitia-nationala-de-descarcerare-si-acordare-a-primului-ajutor-calificat-faza-zonala\\\/#primaryimage\",\"url\":\"https:\\\/\\\/urbeamea.ro\\\/albaiulia\\\/wp-content\\\/uploads\\\/2024\\\/05\\\/1000000706.jpg\",\"contentUrl\":\"https:\\\/\\\/urbeamea.ro\\\/albaiulia\\\/wp-content\\\/uploads\\\/2024\\\/05\\\/1000000706.jpg\",\"width\":960,\"height\":720},{\"@type\":\"BreadcrumbList\",\"@id\":\"https:\\\/\\\/urbeamea.ro\\\/albaiulia\\\/lotul-isu-alba-a-ocupalocul-1-la-competitia-nationala-de-descarcerare-si-acordare-a-primului-ajutor-calificat-faza-zonala\\\/#breadcrumb\",\"itemListElement\":[{\"@type\":\"ListItem\",\"position\":1,\"name\":\"Prima pagin\u0103\",\"item\":\"https:\\\/\\\/urbeamea.ro\\\/albaiulia\\\/\"},{\"@type\":\"ListItem\",\"position\":2,\"name\":\"Lotul ISU Alba a ocupalocul 1 la Competi\u021bia Na\u021bional\u0103 de descarcerare \u0219i acordare a primului ajutor calificat &#8211; faza zonal\u0103\"}]},{\"@type\":\"WebSite\",\"@id\":\"https:\\\/\\\/urbeamea.ro\\\/albaiulia\\\/#website\",\"url\":\"https:\\\/\\\/urbeamea.ro\\\/albaiulia\\\/\",\"name\":\"Revista Urbea Mea, Stiri urbane\",\"description\":\"Evenimente \u0219i \u0219tiri din Alba Iulia, Sebe\u0219, Aiud, Blaj\",\"potentialAction\":[{\"@type\":\"SearchAction\",\"target\":{\"@type\":\"EntryPoint\",\"urlTemplate\":\"https:\\\/\\\/urbeamea.ro\\\/albaiulia\\\/?s={search_term_string}\"},\"query-input\":{\"@type\":\"PropertyValueSpecification\",\"valueRequired\":true,\"valueName\":\"search_term_string\"}}],\"inLanguage\":\"ro-RO\"},{\"@type\":\"Person\",\"@id\":\"https:\\\/\\\/urbeamea.ro\\\/albaiulia\\\/#\\\/schema\\\/person\\\/5db3854ac38c1cc9f0ab4092d6a20f02\",\"name\":\"Giurca Sorin\",\"image\":{\"@type\":\"ImageObject\",\"inLanguage\":\"ro-RO\",\"@id\":\"https:\\\/\\\/secure.gravatar.com\\\/avatar\\\/120f6fcae7b3b47a7730cb9943f612f4909f68ac5284b5f40ac1c4615fd70576?s=96&d=mm&r=g\",\"url\":\"https:\\\/\\\/secure.gravatar.com\\\/avatar\\\/120f6fcae7b3b47a7730cb9943f612f4909f68ac5284b5f40ac1c4615fd70576?s=96&d=mm&r=g\",\"contentUrl\":\"https:\\\/\\\/secure.gravatar.com\\\/avatar\\\/120f6fcae7b3b47a7730cb9943f612f4909f68ac5284b5f40ac1c4615fd70576?s=96&d=mm&r=g\",\"caption\":\"Giurca Sorin\"},\"url\":\"https:\\\/\\\/urbeamea.ro\\\/albaiulia\\\/author\\\/sorin\\\/\"}]}<\/script>\n<!-- \/ Yoast SEO plugin. -->","yoast_head_json":{"title":"Lotul ISU Alba a ocupalocul 1 la Competi\u021bia Na\u021bional\u0103 de descarcerare \u0219i acordare a primului ajutor calificat - faza zonal\u0103 - Revista Urbea Mea - Revista de Alba","description":"Locul 1 ISU Alba","robots":{"index":"index","follow":"follow","max-snippet":"max-snippet:-1","max-image-preview":"max-image-preview:large","max-video-preview":"max-video-preview:-1"},"canonical":"https:\/\/urbeamea.ro\/albaiulia\/lotul-isu-alba-a-ocupalocul-1-la-competitia-nationala-de-descarcerare-si-acordare-a-primului-ajutor-calificat-faza-zonala\/","twitter_card":"summary_large_image","twitter_title":"Lotul ISU Alba a ocupalocul 1 la Competi\u021bia Na\u021bional\u0103 de descarcerare \u0219i acordare a primului ajutor calificat - faza zonal\u0103 - Revista Urbea Mea - Revista de Alba","twitter_description":"Locul 1 ISU Alba","twitter_image":"https:\/\/urbeamea.ro\/albaiulia\/wp-content\/uploads\/2024\/05\/1000000706.jpg","twitter_creator":"@urbeameaweb","twitter_site":"@urbeameaweb","schema":{"@context":"https:\/\/schema.org","@graph":[{"@type":"Article","@id":"https:\/\/urbeamea.ro\/albaiulia\/lotul-isu-alba-a-ocupalocul-1-la-competitia-nationala-de-descarcerare-si-acordare-a-primului-ajutor-calificat-faza-zonala\/#article","isPartOf":{"@id":"https:\/\/urbeamea.ro\/albaiulia\/lotul-isu-alba-a-ocupalocul-1-la-competitia-nationala-de-descarcerare-si-acordare-a-primului-ajutor-calificat-faza-zonala\/"},"author":{"name":"Giurca Sorin","@id":"https:\/\/urbeamea.ro\/albaiulia\/#\/schema\/person\/5db3854ac38c1cc9f0ab4092d6a20f02"},"headline":"Lotul ISU Alba a ocupalocul 1 la Competi\u021bia Na\u021bional\u0103 de descarcerare \u0219i acordare a primului ajutor calificat &#8211; faza zonal\u0103","datePublished":"2024-05-29T14:05:07+00:00","dateModified":"2024-05-29T14:05:08+00:00","mainEntityOfPage":{"@id":"https:\/\/urbeamea.ro\/albaiulia\/lotul-isu-alba-a-ocupalocul-1-la-competitia-nationala-de-descarcerare-si-acordare-a-primului-ajutor-calificat-faza-zonala\/"},"wordCount":151,"commentCount":0,"image":{"@id":"https:\/\/urbeamea.ro\/albaiulia\/lotul-isu-alba-a-ocupalocul-1-la-competitia-nationala-de-descarcerare-si-acordare-a-primului-ajutor-calificat-faza-zonala\/#primaryimage"},"thumbnailUrl":"https:\/\/urbeamea.ro\/albaiulia\/wp-content\/uploads\/2024\/05\/1000000706.jpg","keywords":["ISU Alba"],"articleSection":["Social","\u015etiri Urbane"],"inLanguage":"ro-RO","potentialAction":[{"@type":"CommentAction","name":"Comment","target":["https:\/\/urbeamea.ro\/albaiulia\/lotul-isu-alba-a-ocupalocul-1-la-competitia-nationala-de-descarcerare-si-acordare-a-primului-ajutor-calificat-faza-zonala\/#respond"]}]},{"@type":"WebPage","@id":"https:\/\/urbeamea.ro\/albaiulia\/lotul-isu-alba-a-ocupalocul-1-la-competitia-nationala-de-descarcerare-si-acordare-a-primului-ajutor-calificat-faza-zonala\/","url":"https:\/\/urbeamea.ro\/albaiulia\/lotul-isu-alba-a-ocupalocul-1-la-competitia-nationala-de-descarcerare-si-acordare-a-primului-ajutor-calificat-faza-zonala\/","name":"Lotul ISU Alba a ocupalocul 1 la Competi\u021bia Na\u021bional\u0103 de descarcerare \u0219i acordare a primului ajutor calificat - faza zonal\u0103 - Revista Urbea Mea - Revista de Alba","isPartOf":{"@id":"https:\/\/urbeamea.ro\/albaiulia\/#website"},"primaryImageOfPage":{"@id":"https:\/\/urbeamea.ro\/albaiulia\/lotul-isu-alba-a-ocupalocul-1-la-competitia-nationala-de-descarcerare-si-acordare-a-primului-ajutor-calificat-faza-zonala\/#primaryimage"},"image":{"@id":"https:\/\/urbeamea.ro\/albaiulia\/lotul-isu-alba-a-ocupalocul-1-la-competitia-nationala-de-descarcerare-si-acordare-a-primului-ajutor-calificat-faza-zonala\/#primaryimage"},"thumbnailUrl":"https:\/\/urbeamea.ro\/albaiulia\/wp-content\/uploads\/2024\/05\/1000000706.jpg","datePublished":"2024-05-29T14:05:07+00:00","dateModified":"2024-05-29T14:05:08+00:00","author":{"@id":"https:\/\/urbeamea.ro\/albaiulia\/#\/schema\/person\/5db3854ac38c1cc9f0ab4092d6a20f02"},"description":"Locul 1 ISU Alba","breadcrumb":{"@id":"https:\/\/urbeamea.ro\/albaiulia\/lotul-isu-alba-a-ocupalocul-1-la-competitia-nationala-de-descarcerare-si-acordare-a-primului-ajutor-calificat-faza-zonala\/#breadcrumb"},"inLanguage":"ro-RO","potentialAction":[{"@type":"ReadAction","target":["https:\/\/urbeamea.ro\/albaiulia\/lotul-isu-alba-a-ocupalocul-1-la-competitia-nationala-de-descarcerare-si-acordare-a-primului-ajutor-calificat-faza-zonala\/"]}]},{"@type":"ImageObject","inLanguage":"ro-RO","@id":"https:\/\/urbeamea.ro\/albaiulia\/lotul-isu-alba-a-ocupalocul-1-la-competitia-nationala-de-descarcerare-si-acordare-a-primului-ajutor-calificat-faza-zonala\/#primaryimage","url":"https:\/\/urbeamea.ro\/albaiulia\/wp-content\/uploads\/2024\/05\/1000000706.jpg","contentUrl":"https:\/\/urbeamea.ro\/albaiulia\/wp-content\/uploads\/2024\/05\/1000000706.jpg","width":960,"height":720},{"@type":"BreadcrumbList","@id":"https:\/\/urbeamea.ro\/albaiulia\/lotul-isu-alba-a-ocupalocul-1-la-competitia-nationala-de-descarcerare-si-acordare-a-primului-ajutor-calificat-faza-zonala\/#breadcrumb","itemListElement":[{"@type":"ListItem","position":1,"name":"Prima pagin\u0103","item":"https:\/\/urbeamea.ro\/albaiulia\/"},{"@type":"ListItem","position":2,"name":"Lotul ISU Alba a ocupalocul 1 la Competi\u021bia Na\u021bional\u0103 de descarcerare \u0219i acordare a primului ajutor calificat &#8211; faza zonal\u0103"}]},{"@type":"WebSite","@id":"https:\/\/urbeamea.ro\/albaiulia\/#website","url":"https:\/\/urbeamea.ro\/albaiulia\/","name":"Revista Urbea Mea, Stiri urbane","description":"Evenimente \u0219i \u0219tiri din Alba Iulia, Sebe\u0219, Aiud, Blaj","potentialAction":[{"@type":"SearchAction","target":{"@type":"EntryPoint","urlTemplate":"https:\/\/urbeamea.ro\/albaiulia\/?s={search_term_string}"},"query-input":{"@type":"PropertyValueSpecification","valueRequired":true,"valueName":"search_term_string"}}],"inLanguage":"ro-RO"},{"@type":"Person","@id":"https:\/\/urbeamea.ro\/albaiulia\/#\/schema\/person\/5db3854ac38c1cc9f0ab4092d6a20f02","name":"Giurca Sorin","image":{"@type":"ImageObject","inLanguage":"ro-RO","@id":"https:\/\/secure.gravatar.com\/avatar\/120f6fcae7b3b47a7730cb9943f612f4909f68ac5284b5f40ac1c4615fd70576?s=96&d=mm&r=g","url":"https:\/\/secure.gravatar.com\/avatar\/120f6fcae7b3b47a7730cb9943f612f4909f68ac5284b5f40ac1c4615fd70576?s=96&d=mm&r=g","contentUrl":"https:\/\/secure.gravatar.com\/avatar\/120f6fcae7b3b47a7730cb9943f612f4909f68ac5284b5f40ac1c4615fd70576?s=96&d=mm&r=g","caption":"Giurca Sorin"},"url":"https:\/\/urbeamea.ro\/albaiulia\/author\/sorin\/"}]}},"_links":{"self":[{"href":"https:\/\/urbeamea.ro\/albaiulia\/wp-json\/wp\/v2\/posts\/111837","targetHints":{"allow":["GET"]}}],"collection":[{"href":"https:\/\/urbeamea.ro\/albaiulia\/wp-json\/wp\/v2\/posts"}],"about":[{"href":"https:\/\/urbeamea.ro\/albaiulia\/wp-json\/wp\/v2\/types\/post"}],"author":[{"embeddable":true,"href":"https:\/\/urbeamea.ro\/albaiulia\/wp-json\/wp\/v2\/users\/28"}],"replies":[{"embeddable":true,"href":"https:\/\/urbeamea.ro\/albaiulia\/wp-json\/wp\/v2\/comments?post=111837"}],"version-history":[{"count":1,"href":"https:\/\/urbeamea.ro\/albaiulia\/wp-json\/wp\/v2\/posts\/111837\/revisions"}],"predecessor-version":[{"id":111849,"href":"https:\/\/urbeamea.ro\/albaiulia\/wp-json\/wp\/v2\/posts\/111837\/revisions\/111849"}],"wp:featuredmedia":[{"embeddable":true,"href":"https:\/\/urbeamea.ro\/albaiulia\/wp-json\/wp\/v2\/media\/111838"}],"wp:attachment":[{"href":"https:\/\/urbeamea.ro\/albaiulia\/wp-json\/wp\/v2\/media?parent=111837"}],"wp:term":[{"taxonomy":"category","embeddable":true,"href":"https:\/\/urbeamea.ro\/albaiulia\/wp-json\/wp\/v2\/categories?post=111837"},{"taxonomy":"post_tag","embeddable":true,"href":"https:\/\/urbeamea.ro\/albaiulia\/wp-json\/wp\/v2\/tags?post=111837"}],"curies":[{"name":"wp","href":"https:\/\/api.w.org\/{rel}","templated":true}]}}