{"id":111851,"date":"2024-05-30T10:36:36","date_gmt":"2024-05-30T07:36:36","guid":{"rendered":"https:\/\/urbeamea.ro\/albaiulia\/?p=111851"},"modified":"2024-05-30T10:36:37","modified_gmt":"2024-05-30T07:36:37","slug":"restrictii-de-circulatie-pe-mai-multe-strazi-din-alba-iulia-cu-ocazia-alba-fest","status":"publish","type":"post","link":"https:\/\/urbeamea.ro\/albaiulia\/restrictii-de-circulatie-pe-mai-multe-strazi-din-alba-iulia-cu-ocazia-alba-fest\/","title":{"rendered":"Restric\u021bii de circula\u021bie pe mai multe str\u0103zi din Alba Iulia, cu ocazia Alba Fest"},"content":{"rendered":"\n<p class=\"wp-block-paragraph\">\u00cen <strong>weekendul 31 mai &#8211; 2 iunie, va avea loc \u00een municipiul Alba Iulia &#8211; Festivalul &#8222;Alba Fest&#8221;.<\/strong><\/p>\n\n\n\n<p class=\"wp-block-paragraph\">Pentru buna desf\u0103\u0219urare a evenimentului, autorit\u0103\u021bile locale vor impune restric\u021bii de circula\u021bie pe mai multe str\u0103zi din ora\u0219.<\/p>\n\n\n\n<p class=\"wp-block-paragraph\">Mai pu\u021bine ma\u0219ini \u00eenseamn\u0103 mai mult loc pentru oameni. \u0218i pentru distrac\u021bie, la AlbaFest\u00ae 2024.<\/p>\n\n\n\n<p class=\"wp-block-paragraph\">O serie de restric\u021bii de circula\u021bie auto sunt necesare \u0219i vor fi impuse pe perioada festivalului, pentru a prioritiza traficul pietonal \u0219i mobilitatea sustenabil\u0103:<\/p>\n\n\n\n<p class=\"wp-block-paragraph\">de la sensul giratoriu str. Unirii \/ str. Aurel Vlaicu, str. Nicolae Iorga, str. Mitropolit Alexandru \u0218terca \u0218ulu\u021biu, str. Militari \u00een perioada 31.05.2024 \u00eentre orele 16:00-23:30, \u00een data de 1 iunie \u00eentre orele 08:30 \u2013 23:30 \u0219i \u00een data de 2 iunie \u00eentre orele 08:30-24:00.<\/p>\n\n\n\n<p class=\"wp-block-paragraph\">\u2060\u00een situa\u021bia \u00een care se constat\u0103 c\u0103 valorile de trafic pietonal pe bd. 1 Decembrie 1918 vor cre\u0219te semnificativ \u0219i pot duce la crearea de blocaje rutiere, se vor institui restric\u021bii de circula\u021bie pe sectorul cuprins \u00eentre str. Vasile Goldi\u0219 \u0219i str. Clo\u0219ca \u0219i \u00een afara intervalelor orare men\u021bionate.<\/p>\n\n\n\n<p class=\"wp-block-paragraph\">\u00cen func\u021bie de situa\u021bia operativ\u0103 din teren, autorit\u0103\u021bile pot institui restric\u021bii de circula\u021bie \u0219i pe alte sectoare de drum (auto \u0219i pietonal) \u00een cazul \u00een care situa\u021bia o impune.<\/p>\n\n\n\n<p class=\"wp-block-paragraph\">Pentru cei care vor ajunge \u00een proximitatea zonelor de eveniment, e bine de \u0219tiut c\u0103 pot fi utilizate, \u00een limita locurilor existente, parc\u0103rile de la intrarea \u00een Cetate (zona barierei), zona Casei de Cultur\u0103 a Sindicatelor \u0219i Arhivelor Na\u021bionale, parc\u0103ri longitudinale pe str. Aurel Vlaicu \u0219i Cri\u0219an \u2013 f\u0103r\u0103 a \u00eengreuna traficul rutier \u0219i pietonal pe aceste str\u0103zi, zona terenurilor de tenis \u0219i RYMA\u201d, au transmis autorit\u0103\u021bile locale din urbea albaiulian\u0103.<\/p>\n\n\n\n<p class=\"wp-block-paragraph\"><\/p>\n","protected":false},"excerpt":{"rendered":"<p>Restric\u021bii circula\u021bie <\/p>\n","protected":false},"author":28,"featured_media":111852,"comment_status":"open","ping_status":"open","sticky":false,"template":"","format":"standard","meta":{"inline_featured_image":false,"footnotes":""},"categories":[2034,1],"tags":[10418,11521],"class_list":["post-111851","post","type-post","status-publish","format-standard","has-post-thumbnail","hentry","category-social","category-stiri-urbane","tag-albafest","tag-restrictii-circulatie"],"yoast_head":"<!-- This site is optimized with the Yoast SEO plugin v28.3 - https:\/\/yoast.com\/product\/yoast-seo-wordpress\/ -->\n<title>Restric\u021bii de circula\u021bie pe mai multe str\u0103zi din Alba Iulia, cu ocazia Alba Fest - Revista Urbea Mea - Revista de Alba<\/title>\n<meta name=\"description\" content=\"Restric\u021bii circula\u021bie\" \/>\n<meta name=\"robots\" content=\"index, follow, max-snippet:-1, max-image-preview:large, max-video-preview:-1\" \/>\n<link rel=\"canonical\" href=\"https:\/\/urbeamea.ro\/albaiulia\/restrictii-de-circulatie-pe-mai-multe-strazi-din-alba-iulia-cu-ocazia-alba-fest\/\" \/>\n<meta name=\"twitter:card\" content=\"summary_large_image\" \/>\n<meta name=\"twitter:title\" content=\"Restric\u021bii de circula\u021bie pe mai multe str\u0103zi din Alba Iulia, cu ocazia Alba Fest - Revista Urbea Mea - Revista de Alba\" \/>\n<meta name=\"twitter:description\" content=\"Restric\u021bii circula\u021bie\" \/>\n<meta name=\"twitter:image\" content=\"https:\/\/urbeamea.ro\/albaiulia\/wp-content\/uploads\/2024\/05\/noi-restrictii-de-circulatie-in-centrul-municipiului-cluj-napoca.jpg\" \/>\n<meta name=\"twitter:creator\" content=\"@urbeameaweb\" \/>\n<meta name=\"twitter:site\" content=\"@urbeameaweb\" \/>\n<script type=\"application\/ld+json\" class=\"yoast-schema-graph\">{\"@context\":\"https:\\\/\\\/schema.org\",\"@graph\":[{\"@type\":\"Article\",\"@id\":\"https:\\\/\\\/urbeamea.ro\\\/albaiulia\\\/restrictii-de-circulatie-pe-mai-multe-strazi-din-alba-iulia-cu-ocazia-alba-fest\\\/#article\",\"isPartOf\":{\"@id\":\"https:\\\/\\\/urbeamea.ro\\\/albaiulia\\\/restrictii-de-circulatie-pe-mai-multe-strazi-din-alba-iulia-cu-ocazia-alba-fest\\\/\"},\"author\":{\"name\":\"Giurca Sorin\",\"@id\":\"https:\\\/\\\/urbeamea.ro\\\/albaiulia\\\/#\\\/schema\\\/person\\\/5db3854ac38c1cc9f0ab4092d6a20f02\"},\"headline\":\"Restric\u021bii de circula\u021bie pe mai multe str\u0103zi din Alba Iulia, cu ocazia Alba Fest\",\"datePublished\":\"2024-05-30T07:36:36+00:00\",\"dateModified\":\"2024-05-30T07:36:37+00:00\",\"mainEntityOfPage\":{\"@id\":\"https:\\\/\\\/urbeamea.ro\\\/albaiulia\\\/restrictii-de-circulatie-pe-mai-multe-strazi-din-alba-iulia-cu-ocazia-alba-fest\\\/\"},\"wordCount\":303,\"commentCount\":0,\"image\":{\"@id\":\"https:\\\/\\\/urbeamea.ro\\\/albaiulia\\\/restrictii-de-circulatie-pe-mai-multe-strazi-din-alba-iulia-cu-ocazia-alba-fest\\\/#primaryimage\"},\"thumbnailUrl\":\"https:\\\/\\\/urbeamea.ro\\\/albaiulia\\\/wp-content\\\/uploads\\\/2024\\\/05\\\/noi-restrictii-de-circulatie-in-centrul-municipiului-cluj-napoca.jpg\",\"keywords\":[\"AlbaFest\u00ae\",\"restrictii circulatie\"],\"articleSection\":[\"Social\",\"\u015etiri Urbane\"],\"inLanguage\":\"ro-RO\",\"potentialAction\":[{\"@type\":\"CommentAction\",\"name\":\"Comment\",\"target\":[\"https:\\\/\\\/urbeamea.ro\\\/albaiulia\\\/restrictii-de-circulatie-pe-mai-multe-strazi-din-alba-iulia-cu-ocazia-alba-fest\\\/#respond\"]}]},{\"@type\":\"WebPage\",\"@id\":\"https:\\\/\\\/urbeamea.ro\\\/albaiulia\\\/restrictii-de-circulatie-pe-mai-multe-strazi-din-alba-iulia-cu-ocazia-alba-fest\\\/\",\"url\":\"https:\\\/\\\/urbeamea.ro\\\/albaiulia\\\/restrictii-de-circulatie-pe-mai-multe-strazi-din-alba-iulia-cu-ocazia-alba-fest\\\/\",\"name\":\"Restric\u021bii de circula\u021bie pe mai multe str\u0103zi din Alba Iulia, cu ocazia Alba Fest - Revista Urbea Mea - Revista de Alba\",\"isPartOf\":{\"@id\":\"https:\\\/\\\/urbeamea.ro\\\/albaiulia\\\/#website\"},\"primaryImageOfPage\":{\"@id\":\"https:\\\/\\\/urbeamea.ro\\\/albaiulia\\\/restrictii-de-circulatie-pe-mai-multe-strazi-din-alba-iulia-cu-ocazia-alba-fest\\\/#primaryimage\"},\"image\":{\"@id\":\"https:\\\/\\\/urbeamea.ro\\\/albaiulia\\\/restrictii-de-circulatie-pe-mai-multe-strazi-din-alba-iulia-cu-ocazia-alba-fest\\\/#primaryimage\"},\"thumbnailUrl\":\"https:\\\/\\\/urbeamea.ro\\\/albaiulia\\\/wp-content\\\/uploads\\\/2024\\\/05\\\/noi-restrictii-de-circulatie-in-centrul-municipiului-cluj-napoca.jpg\",\"datePublished\":\"2024-05-30T07:36:36+00:00\",\"dateModified\":\"2024-05-30T07:36:37+00:00\",\"author\":{\"@id\":\"https:\\\/\\\/urbeamea.ro\\\/albaiulia\\\/#\\\/schema\\\/person\\\/5db3854ac38c1cc9f0ab4092d6a20f02\"},\"description\":\"Restric\u021bii circula\u021bie\",\"breadcrumb\":{\"@id\":\"https:\\\/\\\/urbeamea.ro\\\/albaiulia\\\/restrictii-de-circulatie-pe-mai-multe-strazi-din-alba-iulia-cu-ocazia-alba-fest\\\/#breadcrumb\"},\"inLanguage\":\"ro-RO\",\"potentialAction\":[{\"@type\":\"ReadAction\",\"target\":[\"https:\\\/\\\/urbeamea.ro\\\/albaiulia\\\/restrictii-de-circulatie-pe-mai-multe-strazi-din-alba-iulia-cu-ocazia-alba-fest\\\/\"]}]},{\"@type\":\"ImageObject\",\"inLanguage\":\"ro-RO\",\"@id\":\"https:\\\/\\\/urbeamea.ro\\\/albaiulia\\\/restrictii-de-circulatie-pe-mai-multe-strazi-din-alba-iulia-cu-ocazia-alba-fest\\\/#primaryimage\",\"url\":\"https:\\\/\\\/urbeamea.ro\\\/albaiulia\\\/wp-content\\\/uploads\\\/2024\\\/05\\\/noi-restrictii-de-circulatie-in-centrul-municipiului-cluj-napoca.jpg\",\"contentUrl\":\"https:\\\/\\\/urbeamea.ro\\\/albaiulia\\\/wp-content\\\/uploads\\\/2024\\\/05\\\/noi-restrictii-de-circulatie-in-centrul-municipiului-cluj-napoca.jpg\",\"width\":1280,\"height\":720},{\"@type\":\"BreadcrumbList\",\"@id\":\"https:\\\/\\\/urbeamea.ro\\\/albaiulia\\\/restrictii-de-circulatie-pe-mai-multe-strazi-din-alba-iulia-cu-ocazia-alba-fest\\\/#breadcrumb\",\"itemListElement\":[{\"@type\":\"ListItem\",\"position\":1,\"name\":\"Prima pagin\u0103\",\"item\":\"https:\\\/\\\/urbeamea.ro\\\/albaiulia\\\/\"},{\"@type\":\"ListItem\",\"position\":2,\"name\":\"Restric\u021bii de circula\u021bie pe mai multe str\u0103zi din Alba Iulia, cu ocazia Alba Fest\"}]},{\"@type\":\"WebSite\",\"@id\":\"https:\\\/\\\/urbeamea.ro\\\/albaiulia\\\/#website\",\"url\":\"https:\\\/\\\/urbeamea.ro\\\/albaiulia\\\/\",\"name\":\"Revista Urbea Mea, Stiri urbane\",\"description\":\"Evenimente \u0219i \u0219tiri din Alba Iulia, Sebe\u0219, Aiud, Blaj\",\"potentialAction\":[{\"@type\":\"SearchAction\",\"target\":{\"@type\":\"EntryPoint\",\"urlTemplate\":\"https:\\\/\\\/urbeamea.ro\\\/albaiulia\\\/?s={search_term_string}\"},\"query-input\":{\"@type\":\"PropertyValueSpecification\",\"valueRequired\":true,\"valueName\":\"search_term_string\"}}],\"inLanguage\":\"ro-RO\"},{\"@type\":\"Person\",\"@id\":\"https:\\\/\\\/urbeamea.ro\\\/albaiulia\\\/#\\\/schema\\\/person\\\/5db3854ac38c1cc9f0ab4092d6a20f02\",\"name\":\"Giurca Sorin\",\"image\":{\"@type\":\"ImageObject\",\"inLanguage\":\"ro-RO\",\"@id\":\"https:\\\/\\\/secure.gravatar.com\\\/avatar\\\/120f6fcae7b3b47a7730cb9943f612f4909f68ac5284b5f40ac1c4615fd70576?s=96&d=mm&r=g\",\"url\":\"https:\\\/\\\/secure.gravatar.com\\\/avatar\\\/120f6fcae7b3b47a7730cb9943f612f4909f68ac5284b5f40ac1c4615fd70576?s=96&d=mm&r=g\",\"contentUrl\":\"https:\\\/\\\/secure.gravatar.com\\\/avatar\\\/120f6fcae7b3b47a7730cb9943f612f4909f68ac5284b5f40ac1c4615fd70576?s=96&d=mm&r=g\",\"caption\":\"Giurca Sorin\"},\"url\":\"https:\\\/\\\/urbeamea.ro\\\/albaiulia\\\/author\\\/sorin\\\/\"}]}<\/script>\n<!-- \/ Yoast SEO plugin. -->","yoast_head_json":{"title":"Restric\u021bii de circula\u021bie pe mai multe str\u0103zi din Alba Iulia, cu ocazia Alba Fest - Revista Urbea Mea - Revista de Alba","description":"Restric\u021bii circula\u021bie","robots":{"index":"index","follow":"follow","max-snippet":"max-snippet:-1","max-image-preview":"max-image-preview:large","max-video-preview":"max-video-preview:-1"},"canonical":"https:\/\/urbeamea.ro\/albaiulia\/restrictii-de-circulatie-pe-mai-multe-strazi-din-alba-iulia-cu-ocazia-alba-fest\/","twitter_card":"summary_large_image","twitter_title":"Restric\u021bii de circula\u021bie pe mai multe str\u0103zi din Alba Iulia, cu ocazia Alba Fest - Revista Urbea Mea - Revista de Alba","twitter_description":"Restric\u021bii circula\u021bie","twitter_image":"https:\/\/urbeamea.ro\/albaiulia\/wp-content\/uploads\/2024\/05\/noi-restrictii-de-circulatie-in-centrul-municipiului-cluj-napoca.jpg","twitter_creator":"@urbeameaweb","twitter_site":"@urbeameaweb","schema":{"@context":"https:\/\/schema.org","@graph":[{"@type":"Article","@id":"https:\/\/urbeamea.ro\/albaiulia\/restrictii-de-circulatie-pe-mai-multe-strazi-din-alba-iulia-cu-ocazia-alba-fest\/#article","isPartOf":{"@id":"https:\/\/urbeamea.ro\/albaiulia\/restrictii-de-circulatie-pe-mai-multe-strazi-din-alba-iulia-cu-ocazia-alba-fest\/"},"author":{"name":"Giurca Sorin","@id":"https:\/\/urbeamea.ro\/albaiulia\/#\/schema\/person\/5db3854ac38c1cc9f0ab4092d6a20f02"},"headline":"Restric\u021bii de circula\u021bie pe mai multe str\u0103zi din Alba Iulia, cu ocazia Alba Fest","datePublished":"2024-05-30T07:36:36+00:00","dateModified":"2024-05-30T07:36:37+00:00","mainEntityOfPage":{"@id":"https:\/\/urbeamea.ro\/albaiulia\/restrictii-de-circulatie-pe-mai-multe-strazi-din-alba-iulia-cu-ocazia-alba-fest\/"},"wordCount":303,"commentCount":0,"image":{"@id":"https:\/\/urbeamea.ro\/albaiulia\/restrictii-de-circulatie-pe-mai-multe-strazi-din-alba-iulia-cu-ocazia-alba-fest\/#primaryimage"},"thumbnailUrl":"https:\/\/urbeamea.ro\/albaiulia\/wp-content\/uploads\/2024\/05\/noi-restrictii-de-circulatie-in-centrul-municipiului-cluj-napoca.jpg","keywords":["AlbaFest\u00ae","restrictii circulatie"],"articleSection":["Social","\u015etiri Urbane"],"inLanguage":"ro-RO","potentialAction":[{"@type":"CommentAction","name":"Comment","target":["https:\/\/urbeamea.ro\/albaiulia\/restrictii-de-circulatie-pe-mai-multe-strazi-din-alba-iulia-cu-ocazia-alba-fest\/#respond"]}]},{"@type":"WebPage","@id":"https:\/\/urbeamea.ro\/albaiulia\/restrictii-de-circulatie-pe-mai-multe-strazi-din-alba-iulia-cu-ocazia-alba-fest\/","url":"https:\/\/urbeamea.ro\/albaiulia\/restrictii-de-circulatie-pe-mai-multe-strazi-din-alba-iulia-cu-ocazia-alba-fest\/","name":"Restric\u021bii de circula\u021bie pe mai multe str\u0103zi din Alba Iulia, cu ocazia Alba Fest - Revista Urbea Mea - Revista de Alba","isPartOf":{"@id":"https:\/\/urbeamea.ro\/albaiulia\/#website"},"primaryImageOfPage":{"@id":"https:\/\/urbeamea.ro\/albaiulia\/restrictii-de-circulatie-pe-mai-multe-strazi-din-alba-iulia-cu-ocazia-alba-fest\/#primaryimage"},"image":{"@id":"https:\/\/urbeamea.ro\/albaiulia\/restrictii-de-circulatie-pe-mai-multe-strazi-din-alba-iulia-cu-ocazia-alba-fest\/#primaryimage"},"thumbnailUrl":"https:\/\/urbeamea.ro\/albaiulia\/wp-content\/uploads\/2024\/05\/noi-restrictii-de-circulatie-in-centrul-municipiului-cluj-napoca.jpg","datePublished":"2024-05-30T07:36:36+00:00","dateModified":"2024-05-30T07:36:37+00:00","author":{"@id":"https:\/\/urbeamea.ro\/albaiulia\/#\/schema\/person\/5db3854ac38c1cc9f0ab4092d6a20f02"},"description":"Restric\u021bii circula\u021bie","breadcrumb":{"@id":"https:\/\/urbeamea.ro\/albaiulia\/restrictii-de-circulatie-pe-mai-multe-strazi-din-alba-iulia-cu-ocazia-alba-fest\/#breadcrumb"},"inLanguage":"ro-RO","potentialAction":[{"@type":"ReadAction","target":["https:\/\/urbeamea.ro\/albaiulia\/restrictii-de-circulatie-pe-mai-multe-strazi-din-alba-iulia-cu-ocazia-alba-fest\/"]}]},{"@type":"ImageObject","inLanguage":"ro-RO","@id":"https:\/\/urbeamea.ro\/albaiulia\/restrictii-de-circulatie-pe-mai-multe-strazi-din-alba-iulia-cu-ocazia-alba-fest\/#primaryimage","url":"https:\/\/urbeamea.ro\/albaiulia\/wp-content\/uploads\/2024\/05\/noi-restrictii-de-circulatie-in-centrul-municipiului-cluj-napoca.jpg","contentUrl":"https:\/\/urbeamea.ro\/albaiulia\/wp-content\/uploads\/2024\/05\/noi-restrictii-de-circulatie-in-centrul-municipiului-cluj-napoca.jpg","width":1280,"height":720},{"@type":"BreadcrumbList","@id":"https:\/\/urbeamea.ro\/albaiulia\/restrictii-de-circulatie-pe-mai-multe-strazi-din-alba-iulia-cu-ocazia-alba-fest\/#breadcrumb","itemListElement":[{"@type":"ListItem","position":1,"name":"Prima pagin\u0103","item":"https:\/\/urbeamea.ro\/albaiulia\/"},{"@type":"ListItem","position":2,"name":"Restric\u021bii de circula\u021bie pe mai multe str\u0103zi din Alba Iulia, cu ocazia Alba Fest"}]},{"@type":"WebSite","@id":"https:\/\/urbeamea.ro\/albaiulia\/#website","url":"https:\/\/urbeamea.ro\/albaiulia\/","name":"Revista Urbea Mea, Stiri urbane","description":"Evenimente \u0219i \u0219tiri din Alba Iulia, Sebe\u0219, Aiud, Blaj","potentialAction":[{"@type":"SearchAction","target":{"@type":"EntryPoint","urlTemplate":"https:\/\/urbeamea.ro\/albaiulia\/?s={search_term_string}"},"query-input":{"@type":"PropertyValueSpecification","valueRequired":true,"valueName":"search_term_string"}}],"inLanguage":"ro-RO"},{"@type":"Person","@id":"https:\/\/urbeamea.ro\/albaiulia\/#\/schema\/person\/5db3854ac38c1cc9f0ab4092d6a20f02","name":"Giurca Sorin","image":{"@type":"ImageObject","inLanguage":"ro-RO","@id":"https:\/\/secure.gravatar.com\/avatar\/120f6fcae7b3b47a7730cb9943f612f4909f68ac5284b5f40ac1c4615fd70576?s=96&d=mm&r=g","url":"https:\/\/secure.gravatar.com\/avatar\/120f6fcae7b3b47a7730cb9943f612f4909f68ac5284b5f40ac1c4615fd70576?s=96&d=mm&r=g","contentUrl":"https:\/\/secure.gravatar.com\/avatar\/120f6fcae7b3b47a7730cb9943f612f4909f68ac5284b5f40ac1c4615fd70576?s=96&d=mm&r=g","caption":"Giurca Sorin"},"url":"https:\/\/urbeamea.ro\/albaiulia\/author\/sorin\/"}]}},"_links":{"self":[{"href":"https:\/\/urbeamea.ro\/albaiulia\/wp-json\/wp\/v2\/posts\/111851","targetHints":{"allow":["GET"]}}],"collection":[{"href":"https:\/\/urbeamea.ro\/albaiulia\/wp-json\/wp\/v2\/posts"}],"about":[{"href":"https:\/\/urbeamea.ro\/albaiulia\/wp-json\/wp\/v2\/types\/post"}],"author":[{"embeddable":true,"href":"https:\/\/urbeamea.ro\/albaiulia\/wp-json\/wp\/v2\/users\/28"}],"replies":[{"embeddable":true,"href":"https:\/\/urbeamea.ro\/albaiulia\/wp-json\/wp\/v2\/comments?post=111851"}],"version-history":[{"count":1,"href":"https:\/\/urbeamea.ro\/albaiulia\/wp-json\/wp\/v2\/posts\/111851\/revisions"}],"predecessor-version":[{"id":111853,"href":"https:\/\/urbeamea.ro\/albaiulia\/wp-json\/wp\/v2\/posts\/111851\/revisions\/111853"}],"wp:featuredmedia":[{"embeddable":true,"href":"https:\/\/urbeamea.ro\/albaiulia\/wp-json\/wp\/v2\/media\/111852"}],"wp:attachment":[{"href":"https:\/\/urbeamea.ro\/albaiulia\/wp-json\/wp\/v2\/media?parent=111851"}],"wp:term":[{"taxonomy":"category","embeddable":true,"href":"https:\/\/urbeamea.ro\/albaiulia\/wp-json\/wp\/v2\/categories?post=111851"},{"taxonomy":"post_tag","embeddable":true,"href":"https:\/\/urbeamea.ro\/albaiulia\/wp-json\/wp\/v2\/tags?post=111851"}],"curies":[{"name":"wp","href":"https:\/\/api.w.org\/{rel}","templated":true}]}}