{"id":111992,"date":"2024-06-06T12:41:48","date_gmt":"2024-06-06T09:41:48","guid":{"rendered":"https:\/\/urbeamea.ro\/albaiulia\/?p=111992"},"modified":"2024-06-06T12:41:50","modified_gmt":"2024-06-06T09:41:50","slug":"elevii-cu-skepsis-reprezinta-alba-iulia-la-un-festival-international-de-teatru-pentru-copii-si-tineret-priests-of-arlekin-din-bulgaria","status":"publish","type":"post","link":"https:\/\/urbeamea.ro\/albaiulia\/elevii-cu-skepsis-reprezinta-alba-iulia-la-un-festival-international-de-teatru-pentru-copii-si-tineret-priests-of-arlekin-din-bulgaria\/","title":{"rendered":"Elevii cu SKEPSIS reprezint\u0103 Alba Iulia la un Festival Interna\u021bional de Teatru pentru Copii \u0219i Tineret \u201dPRIESTS OF ARLEKIN\u201d din Bulgaria"},"content":{"rendered":"\n<p><strong>\u00cen perioada 05.06.2024-08.06.2024, elevii care urmeaz\u0103 programul de formare \u00een arta actorului \u00een cadrul Grupului Skepsis vor reprezenta Alba Iulia \u0219i Rom\u00e2nia la Festivalul Interna\u021bional de Teatru pentru Copii \u0219i Tineret \u201dPRIESTS OF ARLEKIN\u201d, care se va desf\u0103\u0219ura la Pernik, \u00een Bulgaria.<\/strong><\/p>\n\n\n\n<p>Elevii cu  Skepsis, sub denumirea SKEPSIS STUDIO, vor prezenta \u00een cadrul festivalului spectacolul \u201dElegii pentru fiin\u021be mici\u201d \u2013  un spectacol original, cu caracter liric, creat de Viorel Cioflic\u0103 pe baza unei serii de poeme semnate de Eugen Ionescu.<\/p>\n\n\n\n<p>\u201dGra\u021bie presta\u021biilor frumoase din anii preceden\u021bi, suntem pentru a III-a oar\u0103 consecutiv invita\u021bi s\u0103 facem parte din programul acestui important eveniment interna\u021bional dedicat promov\u0103rii artei \u00een r\u00e2ndul elevilor.<\/p>\n\n\n\n<p> Am ales s\u0103 propunem un spectacol sensibil, care cere un plus de maturitate, curaj \u0219i d\u0103ruire. <\/p>\n\n\n\n<p>Fiind un eveniment interna\u021bional, spectacolul va fi jucat \u00een limba englez\u0103. Sunt sigur c\u0103 elevii no\u0219tri se vor ridica la \u00een\u0103l\u021bimea a\u0219tept\u0103rilor \u0219i vor onora prin presta\u021bia lor caracterul jubiliar al evenimentului!\u201d, a precizat Viorel Cioflic\u0103, coordonator Skepsis..<\/p>\n\n\n\n<p>Festivalul PRIESTS OF ARLEKIN a ajuns la cea de-a X-a edi\u021bie, este organizat de Municipalitatea Pernik \u0219i Teatrul Municipal \u201dBoyan Danovski\u201d, Complexul Uniunea Copiilor \u2013 Centrul de Suport pentru Dezvoltare Personal\u0103, fiind un eveniment care urm\u0103re\u0219te promovarea organiza\u021biilor de tineret \u0219i trupelor de elevi care activeaz\u0103 \u00een cadrul acestora pe diverse ramuri artistice: teatru, dans, anima\u021bie, muzic\u0103.<\/p>\n\n\n\n<p>Participarea este un rezultat al programului SKEPSIS STUDIO \u2013 un program continuu de dezvoltare personal\u0103 \u0219i formare \u00een arta actorului ini\u021biat \u00een 2012 \u0219i deschis elevilor din Alba Iulia \u0219i din jude\u021bul Alba.<\/p>\n\n\n\n<p>\u201dGrupul Skepsis a pus bazele unui program educa\u021bional de dezvoltare personal\u0103 \u0219i de formare artistic\u0103 de succes. An de an, unii dintre elevii no\u0219tri transform\u0103 pasiunea \u00een profesie, devenind studen\u021bi \u00een centre universitare de tradi\u021bie. <\/p>\n\n\n\n<p>Reu\u0219itele lor ne fac s\u0103 fim m\u00e2ndri, s\u0103 avem \u00eencredere \u00een ceea ce facem \u0219i s\u0103 continu\u0103m s\u0103 punem \u00een valoare poten\u021bialul creativ local. Al\u0103turi de noi se preg\u0103tesc \u00een prezent 42 de elevi din mai multe \u0219coli generale \u0219i licee din Alba Iulia \u0219i alte localit\u0103\u021bi din jude\u021bul Alba.\u201d, a mai ad\u0103ugat Viorel Cioflic\u0103.<\/p>\n\n\n\n<figure class=\"wp-block-image size-large\"><img loading=\"lazy\" decoding=\"async\" width=\"1280\" height=\"853\" src=\"https:\/\/urbeamea.ro\/albaiulia\/wp-content\/uploads\/2019\/08\/skepsis-1280x853.jpg\" alt=\"\" class=\"wp-image-81902\" srcset=\"https:\/\/urbeamea.ro\/albaiulia\/wp-content\/uploads\/2019\/08\/skepsis-1280x853.jpg 1280w, https:\/\/urbeamea.ro\/albaiulia\/wp-content\/uploads\/2019\/08\/skepsis-150x100.jpg 150w, https:\/\/urbeamea.ro\/albaiulia\/wp-content\/uploads\/2019\/08\/skepsis-640x427.jpg 640w, https:\/\/urbeamea.ro\/albaiulia\/wp-content\/uploads\/2019\/08\/skepsis-768x512.jpg 768w, https:\/\/urbeamea.ro\/albaiulia\/wp-content\/uploads\/2019\/08\/skepsis-1200x800.jpg 1200w, https:\/\/urbeamea.ro\/albaiulia\/wp-content\/uploads\/2019\/08\/skepsis.jpg 1500w\" sizes=\"auto, (max-width: 1280px) 100vw, 1280px\" \/><\/figure>\n","protected":false},"excerpt":{"rendered":"<p>\u00cen perioada 05.06.2024-08.06.2024, elevii care urmeaz\u0103 programul de formare \u00een arta actorului \u00een cadrul Grupului Skepsis vor reprezenta Alba Iulia \u0219i Rom\u00e2nia la Festivalul Interna\u021bional de Teatru pentru Copii \u0219i Tineret \u201dPRIESTS OF ARLEKIN\u201d, care se va desf\u0103\u0219ura la Pernik, \u00een Bulgaria. Elevii cu Skepsis, sub denumirea SKEPSIS STUDIO, vor prezenta \u00een cadrul festivalului spectacolul &hellip;<\/p>\n","protected":false},"author":28,"featured_media":81902,"comment_status":"open","ping_status":"open","sticky":false,"template":"","format":"standard","meta":{"inline_featured_image":false,"footnotes":""},"categories":[2038,1],"tags":[378],"class_list":["post-111992","post","type-post","status-publish","format-standard","has-post-thumbnail","hentry","category-cultura","category-stiri-urbane","tag-skepsis"],"yoast_head":"<!-- This site is optimized with the Yoast SEO plugin v27.4 - https:\/\/yoast.com\/product\/yoast-seo-wordpress\/ -->\n<title>Elevii cu SKEPSIS reprezint\u0103 Alba Iulia la un Festival Interna\u021bional de Teatru pentru Copii \u0219i Tineret \u201dPRIESTS OF ARLEKIN\u201d din Bulgaria - Revista Urbea Mea - Revista de Alba<\/title>\n<meta name=\"description\" content=\"\u00cen perioada 05.06.2024-08.06.2024, elevii care urmeaz\u0103 programul de formare \u00een arta actorului \u00een cadrul Grupului Skepsis vor reprezenta Alba Iulia \u0219i\" \/>\n<meta name=\"robots\" content=\"index, follow, max-snippet:-1, max-image-preview:large, max-video-preview:-1\" \/>\n<link rel=\"canonical\" href=\"https:\/\/urbeamea.ro\/albaiulia\/elevii-cu-skepsis-reprezinta-alba-iulia-la-un-festival-international-de-teatru-pentru-copii-si-tineret-priests-of-arlekin-din-bulgaria\/\" \/>\n<meta name=\"twitter:card\" content=\"summary_large_image\" \/>\n<meta name=\"twitter:title\" content=\"Elevii cu SKEPSIS reprezint\u0103 Alba Iulia la un Festival Interna\u021bional de Teatru pentru Copii \u0219i Tineret \u201dPRIESTS OF ARLEKIN\u201d din Bulgaria - Revista Urbea Mea - Revista de Alba\" \/>\n<meta name=\"twitter:description\" content=\"\u00cen perioada 05.06.2024-08.06.2024, elevii care urmeaz\u0103 programul de formare \u00een arta actorului \u00een cadrul Grupului Skepsis vor reprezenta Alba Iulia \u0219i\" \/>\n<meta name=\"twitter:image\" content=\"https:\/\/urbeamea.ro\/albaiulia\/wp-content\/uploads\/2019\/08\/skepsis.jpg\" \/>\n<meta name=\"twitter:creator\" content=\"@urbeameaweb\" \/>\n<meta name=\"twitter:site\" content=\"@urbeameaweb\" \/>\n<script type=\"application\/ld+json\" class=\"yoast-schema-graph\">{\"@context\":\"https:\\\/\\\/schema.org\",\"@graph\":[{\"@type\":\"Article\",\"@id\":\"https:\\\/\\\/urbeamea.ro\\\/albaiulia\\\/elevii-cu-skepsis-reprezinta-alba-iulia-la-un-festival-international-de-teatru-pentru-copii-si-tineret-priests-of-arlekin-din-bulgaria\\\/#article\",\"isPartOf\":{\"@id\":\"https:\\\/\\\/urbeamea.ro\\\/albaiulia\\\/elevii-cu-skepsis-reprezinta-alba-iulia-la-un-festival-international-de-teatru-pentru-copii-si-tineret-priests-of-arlekin-din-bulgaria\\\/\"},\"author\":{\"name\":\"Giurca Sorin\",\"@id\":\"https:\\\/\\\/urbeamea.ro\\\/albaiulia\\\/#\\\/schema\\\/person\\\/5db3854ac38c1cc9f0ab4092d6a20f02\"},\"headline\":\"Elevii cu SKEPSIS reprezint\u0103 Alba Iulia la un Festival Interna\u021bional de Teatru pentru Copii \u0219i Tineret \u201dPRIESTS OF ARLEKIN\u201d din Bulgaria\",\"datePublished\":\"2024-06-06T09:41:48+00:00\",\"dateModified\":\"2024-06-06T09:41:50+00:00\",\"mainEntityOfPage\":{\"@id\":\"https:\\\/\\\/urbeamea.ro\\\/albaiulia\\\/elevii-cu-skepsis-reprezinta-alba-iulia-la-un-festival-international-de-teatru-pentru-copii-si-tineret-priests-of-arlekin-din-bulgaria\\\/\"},\"wordCount\":398,\"commentCount\":0,\"image\":{\"@id\":\"https:\\\/\\\/urbeamea.ro\\\/albaiulia\\\/elevii-cu-skepsis-reprezinta-alba-iulia-la-un-festival-international-de-teatru-pentru-copii-si-tineret-priests-of-arlekin-din-bulgaria\\\/#primaryimage\"},\"thumbnailUrl\":\"https:\\\/\\\/urbeamea.ro\\\/albaiulia\\\/wp-content\\\/uploads\\\/2019\\\/08\\\/skepsis.jpg\",\"keywords\":[\"skepsis\"],\"articleSection\":[\"Cultur\u0103\",\"\u015etiri Urbane\"],\"inLanguage\":\"ro-RO\",\"potentialAction\":[{\"@type\":\"CommentAction\",\"name\":\"Comment\",\"target\":[\"https:\\\/\\\/urbeamea.ro\\\/albaiulia\\\/elevii-cu-skepsis-reprezinta-alba-iulia-la-un-festival-international-de-teatru-pentru-copii-si-tineret-priests-of-arlekin-din-bulgaria\\\/#respond\"]}]},{\"@type\":\"WebPage\",\"@id\":\"https:\\\/\\\/urbeamea.ro\\\/albaiulia\\\/elevii-cu-skepsis-reprezinta-alba-iulia-la-un-festival-international-de-teatru-pentru-copii-si-tineret-priests-of-arlekin-din-bulgaria\\\/\",\"url\":\"https:\\\/\\\/urbeamea.ro\\\/albaiulia\\\/elevii-cu-skepsis-reprezinta-alba-iulia-la-un-festival-international-de-teatru-pentru-copii-si-tineret-priests-of-arlekin-din-bulgaria\\\/\",\"name\":\"Elevii cu SKEPSIS reprezint\u0103 Alba Iulia la un Festival Interna\u021bional de Teatru pentru Copii \u0219i Tineret \u201dPRIESTS OF ARLEKIN\u201d din Bulgaria - Revista Urbea Mea - Revista de Alba\",\"isPartOf\":{\"@id\":\"https:\\\/\\\/urbeamea.ro\\\/albaiulia\\\/#website\"},\"primaryImageOfPage\":{\"@id\":\"https:\\\/\\\/urbeamea.ro\\\/albaiulia\\\/elevii-cu-skepsis-reprezinta-alba-iulia-la-un-festival-international-de-teatru-pentru-copii-si-tineret-priests-of-arlekin-din-bulgaria\\\/#primaryimage\"},\"image\":{\"@id\":\"https:\\\/\\\/urbeamea.ro\\\/albaiulia\\\/elevii-cu-skepsis-reprezinta-alba-iulia-la-un-festival-international-de-teatru-pentru-copii-si-tineret-priests-of-arlekin-din-bulgaria\\\/#primaryimage\"},\"thumbnailUrl\":\"https:\\\/\\\/urbeamea.ro\\\/albaiulia\\\/wp-content\\\/uploads\\\/2019\\\/08\\\/skepsis.jpg\",\"datePublished\":\"2024-06-06T09:41:48+00:00\",\"dateModified\":\"2024-06-06T09:41:50+00:00\",\"author\":{\"@id\":\"https:\\\/\\\/urbeamea.ro\\\/albaiulia\\\/#\\\/schema\\\/person\\\/5db3854ac38c1cc9f0ab4092d6a20f02\"},\"description\":\"\u00cen perioada 05.06.2024-08.06.2024, elevii care urmeaz\u0103 programul de formare \u00een arta actorului \u00een cadrul Grupului Skepsis vor reprezenta Alba Iulia \u0219i\",\"breadcrumb\":{\"@id\":\"https:\\\/\\\/urbeamea.ro\\\/albaiulia\\\/elevii-cu-skepsis-reprezinta-alba-iulia-la-un-festival-international-de-teatru-pentru-copii-si-tineret-priests-of-arlekin-din-bulgaria\\\/#breadcrumb\"},\"inLanguage\":\"ro-RO\",\"potentialAction\":[{\"@type\":\"ReadAction\",\"target\":[\"https:\\\/\\\/urbeamea.ro\\\/albaiulia\\\/elevii-cu-skepsis-reprezinta-alba-iulia-la-un-festival-international-de-teatru-pentru-copii-si-tineret-priests-of-arlekin-din-bulgaria\\\/\"]}]},{\"@type\":\"ImageObject\",\"inLanguage\":\"ro-RO\",\"@id\":\"https:\\\/\\\/urbeamea.ro\\\/albaiulia\\\/elevii-cu-skepsis-reprezinta-alba-iulia-la-un-festival-international-de-teatru-pentru-copii-si-tineret-priests-of-arlekin-din-bulgaria\\\/#primaryimage\",\"url\":\"https:\\\/\\\/urbeamea.ro\\\/albaiulia\\\/wp-content\\\/uploads\\\/2019\\\/08\\\/skepsis.jpg\",\"contentUrl\":\"https:\\\/\\\/urbeamea.ro\\\/albaiulia\\\/wp-content\\\/uploads\\\/2019\\\/08\\\/skepsis.jpg\",\"width\":1500,\"height\":1000},{\"@type\":\"BreadcrumbList\",\"@id\":\"https:\\\/\\\/urbeamea.ro\\\/albaiulia\\\/elevii-cu-skepsis-reprezinta-alba-iulia-la-un-festival-international-de-teatru-pentru-copii-si-tineret-priests-of-arlekin-din-bulgaria\\\/#breadcrumb\",\"itemListElement\":[{\"@type\":\"ListItem\",\"position\":1,\"name\":\"Prima pagin\u0103\",\"item\":\"https:\\\/\\\/urbeamea.ro\\\/albaiulia\\\/\"},{\"@type\":\"ListItem\",\"position\":2,\"name\":\"Elevii cu SKEPSIS reprezint\u0103 Alba Iulia la un Festival Interna\u021bional de Teatru pentru Copii \u0219i Tineret \u201dPRIESTS OF ARLEKIN\u201d din Bulgaria\"}]},{\"@type\":\"WebSite\",\"@id\":\"https:\\\/\\\/urbeamea.ro\\\/albaiulia\\\/#website\",\"url\":\"https:\\\/\\\/urbeamea.ro\\\/albaiulia\\\/\",\"name\":\"Revista Urbea Mea, Stiri urbane\",\"description\":\"Evenimente \u0219i \u0219tiri din Alba Iulia, Sebe\u0219, Aiud, Blaj\",\"potentialAction\":[{\"@type\":\"SearchAction\",\"target\":{\"@type\":\"EntryPoint\",\"urlTemplate\":\"https:\\\/\\\/urbeamea.ro\\\/albaiulia\\\/?s={search_term_string}\"},\"query-input\":{\"@type\":\"PropertyValueSpecification\",\"valueRequired\":true,\"valueName\":\"search_term_string\"}}],\"inLanguage\":\"ro-RO\"},{\"@type\":\"Person\",\"@id\":\"https:\\\/\\\/urbeamea.ro\\\/albaiulia\\\/#\\\/schema\\\/person\\\/5db3854ac38c1cc9f0ab4092d6a20f02\",\"name\":\"Giurca Sorin\",\"image\":{\"@type\":\"ImageObject\",\"inLanguage\":\"ro-RO\",\"@id\":\"https:\\\/\\\/secure.gravatar.com\\\/avatar\\\/120f6fcae7b3b47a7730cb9943f612f4909f68ac5284b5f40ac1c4615fd70576?s=96&d=mm&r=g\",\"url\":\"https:\\\/\\\/secure.gravatar.com\\\/avatar\\\/120f6fcae7b3b47a7730cb9943f612f4909f68ac5284b5f40ac1c4615fd70576?s=96&d=mm&r=g\",\"contentUrl\":\"https:\\\/\\\/secure.gravatar.com\\\/avatar\\\/120f6fcae7b3b47a7730cb9943f612f4909f68ac5284b5f40ac1c4615fd70576?s=96&d=mm&r=g\",\"caption\":\"Giurca Sorin\"},\"url\":\"https:\\\/\\\/urbeamea.ro\\\/albaiulia\\\/author\\\/sorin\\\/\"}]}<\/script>\n<!-- \/ Yoast SEO plugin. -->","yoast_head_json":{"title":"Elevii cu SKEPSIS reprezint\u0103 Alba Iulia la un Festival Interna\u021bional de Teatru pentru Copii \u0219i Tineret \u201dPRIESTS OF ARLEKIN\u201d din Bulgaria - Revista Urbea Mea - Revista de Alba","description":"\u00cen perioada 05.06.2024-08.06.2024, elevii care urmeaz\u0103 programul de formare \u00een arta actorului \u00een cadrul Grupului Skepsis vor reprezenta Alba Iulia \u0219i","robots":{"index":"index","follow":"follow","max-snippet":"max-snippet:-1","max-image-preview":"max-image-preview:large","max-video-preview":"max-video-preview:-1"},"canonical":"https:\/\/urbeamea.ro\/albaiulia\/elevii-cu-skepsis-reprezinta-alba-iulia-la-un-festival-international-de-teatru-pentru-copii-si-tineret-priests-of-arlekin-din-bulgaria\/","twitter_card":"summary_large_image","twitter_title":"Elevii cu SKEPSIS reprezint\u0103 Alba Iulia la un Festival Interna\u021bional de Teatru pentru Copii \u0219i Tineret \u201dPRIESTS OF ARLEKIN\u201d din Bulgaria - Revista Urbea Mea - Revista de Alba","twitter_description":"\u00cen perioada 05.06.2024-08.06.2024, elevii care urmeaz\u0103 programul de formare \u00een arta actorului \u00een cadrul Grupului Skepsis vor reprezenta Alba Iulia \u0219i","twitter_image":"https:\/\/urbeamea.ro\/albaiulia\/wp-content\/uploads\/2019\/08\/skepsis.jpg","twitter_creator":"@urbeameaweb","twitter_site":"@urbeameaweb","schema":{"@context":"https:\/\/schema.org","@graph":[{"@type":"Article","@id":"https:\/\/urbeamea.ro\/albaiulia\/elevii-cu-skepsis-reprezinta-alba-iulia-la-un-festival-international-de-teatru-pentru-copii-si-tineret-priests-of-arlekin-din-bulgaria\/#article","isPartOf":{"@id":"https:\/\/urbeamea.ro\/albaiulia\/elevii-cu-skepsis-reprezinta-alba-iulia-la-un-festival-international-de-teatru-pentru-copii-si-tineret-priests-of-arlekin-din-bulgaria\/"},"author":{"name":"Giurca Sorin","@id":"https:\/\/urbeamea.ro\/albaiulia\/#\/schema\/person\/5db3854ac38c1cc9f0ab4092d6a20f02"},"headline":"Elevii cu SKEPSIS reprezint\u0103 Alba Iulia la un Festival Interna\u021bional de Teatru pentru Copii \u0219i Tineret \u201dPRIESTS OF ARLEKIN\u201d din Bulgaria","datePublished":"2024-06-06T09:41:48+00:00","dateModified":"2024-06-06T09:41:50+00:00","mainEntityOfPage":{"@id":"https:\/\/urbeamea.ro\/albaiulia\/elevii-cu-skepsis-reprezinta-alba-iulia-la-un-festival-international-de-teatru-pentru-copii-si-tineret-priests-of-arlekin-din-bulgaria\/"},"wordCount":398,"commentCount":0,"image":{"@id":"https:\/\/urbeamea.ro\/albaiulia\/elevii-cu-skepsis-reprezinta-alba-iulia-la-un-festival-international-de-teatru-pentru-copii-si-tineret-priests-of-arlekin-din-bulgaria\/#primaryimage"},"thumbnailUrl":"https:\/\/urbeamea.ro\/albaiulia\/wp-content\/uploads\/2019\/08\/skepsis.jpg","keywords":["skepsis"],"articleSection":["Cultur\u0103","\u015etiri Urbane"],"inLanguage":"ro-RO","potentialAction":[{"@type":"CommentAction","name":"Comment","target":["https:\/\/urbeamea.ro\/albaiulia\/elevii-cu-skepsis-reprezinta-alba-iulia-la-un-festival-international-de-teatru-pentru-copii-si-tineret-priests-of-arlekin-din-bulgaria\/#respond"]}]},{"@type":"WebPage","@id":"https:\/\/urbeamea.ro\/albaiulia\/elevii-cu-skepsis-reprezinta-alba-iulia-la-un-festival-international-de-teatru-pentru-copii-si-tineret-priests-of-arlekin-din-bulgaria\/","url":"https:\/\/urbeamea.ro\/albaiulia\/elevii-cu-skepsis-reprezinta-alba-iulia-la-un-festival-international-de-teatru-pentru-copii-si-tineret-priests-of-arlekin-din-bulgaria\/","name":"Elevii cu SKEPSIS reprezint\u0103 Alba Iulia la un Festival Interna\u021bional de Teatru pentru Copii \u0219i Tineret \u201dPRIESTS OF ARLEKIN\u201d din Bulgaria - Revista Urbea Mea - Revista de Alba","isPartOf":{"@id":"https:\/\/urbeamea.ro\/albaiulia\/#website"},"primaryImageOfPage":{"@id":"https:\/\/urbeamea.ro\/albaiulia\/elevii-cu-skepsis-reprezinta-alba-iulia-la-un-festival-international-de-teatru-pentru-copii-si-tineret-priests-of-arlekin-din-bulgaria\/#primaryimage"},"image":{"@id":"https:\/\/urbeamea.ro\/albaiulia\/elevii-cu-skepsis-reprezinta-alba-iulia-la-un-festival-international-de-teatru-pentru-copii-si-tineret-priests-of-arlekin-din-bulgaria\/#primaryimage"},"thumbnailUrl":"https:\/\/urbeamea.ro\/albaiulia\/wp-content\/uploads\/2019\/08\/skepsis.jpg","datePublished":"2024-06-06T09:41:48+00:00","dateModified":"2024-06-06T09:41:50+00:00","author":{"@id":"https:\/\/urbeamea.ro\/albaiulia\/#\/schema\/person\/5db3854ac38c1cc9f0ab4092d6a20f02"},"description":"\u00cen perioada 05.06.2024-08.06.2024, elevii care urmeaz\u0103 programul de formare \u00een arta actorului \u00een cadrul Grupului Skepsis vor reprezenta Alba Iulia \u0219i","breadcrumb":{"@id":"https:\/\/urbeamea.ro\/albaiulia\/elevii-cu-skepsis-reprezinta-alba-iulia-la-un-festival-international-de-teatru-pentru-copii-si-tineret-priests-of-arlekin-din-bulgaria\/#breadcrumb"},"inLanguage":"ro-RO","potentialAction":[{"@type":"ReadAction","target":["https:\/\/urbeamea.ro\/albaiulia\/elevii-cu-skepsis-reprezinta-alba-iulia-la-un-festival-international-de-teatru-pentru-copii-si-tineret-priests-of-arlekin-din-bulgaria\/"]}]},{"@type":"ImageObject","inLanguage":"ro-RO","@id":"https:\/\/urbeamea.ro\/albaiulia\/elevii-cu-skepsis-reprezinta-alba-iulia-la-un-festival-international-de-teatru-pentru-copii-si-tineret-priests-of-arlekin-din-bulgaria\/#primaryimage","url":"https:\/\/urbeamea.ro\/albaiulia\/wp-content\/uploads\/2019\/08\/skepsis.jpg","contentUrl":"https:\/\/urbeamea.ro\/albaiulia\/wp-content\/uploads\/2019\/08\/skepsis.jpg","width":1500,"height":1000},{"@type":"BreadcrumbList","@id":"https:\/\/urbeamea.ro\/albaiulia\/elevii-cu-skepsis-reprezinta-alba-iulia-la-un-festival-international-de-teatru-pentru-copii-si-tineret-priests-of-arlekin-din-bulgaria\/#breadcrumb","itemListElement":[{"@type":"ListItem","position":1,"name":"Prima pagin\u0103","item":"https:\/\/urbeamea.ro\/albaiulia\/"},{"@type":"ListItem","position":2,"name":"Elevii cu SKEPSIS reprezint\u0103 Alba Iulia la un Festival Interna\u021bional de Teatru pentru Copii \u0219i Tineret \u201dPRIESTS OF ARLEKIN\u201d din Bulgaria"}]},{"@type":"WebSite","@id":"https:\/\/urbeamea.ro\/albaiulia\/#website","url":"https:\/\/urbeamea.ro\/albaiulia\/","name":"Revista Urbea Mea, Stiri urbane","description":"Evenimente \u0219i \u0219tiri din Alba Iulia, Sebe\u0219, Aiud, Blaj","potentialAction":[{"@type":"SearchAction","target":{"@type":"EntryPoint","urlTemplate":"https:\/\/urbeamea.ro\/albaiulia\/?s={search_term_string}"},"query-input":{"@type":"PropertyValueSpecification","valueRequired":true,"valueName":"search_term_string"}}],"inLanguage":"ro-RO"},{"@type":"Person","@id":"https:\/\/urbeamea.ro\/albaiulia\/#\/schema\/person\/5db3854ac38c1cc9f0ab4092d6a20f02","name":"Giurca Sorin","image":{"@type":"ImageObject","inLanguage":"ro-RO","@id":"https:\/\/secure.gravatar.com\/avatar\/120f6fcae7b3b47a7730cb9943f612f4909f68ac5284b5f40ac1c4615fd70576?s=96&d=mm&r=g","url":"https:\/\/secure.gravatar.com\/avatar\/120f6fcae7b3b47a7730cb9943f612f4909f68ac5284b5f40ac1c4615fd70576?s=96&d=mm&r=g","contentUrl":"https:\/\/secure.gravatar.com\/avatar\/120f6fcae7b3b47a7730cb9943f612f4909f68ac5284b5f40ac1c4615fd70576?s=96&d=mm&r=g","caption":"Giurca Sorin"},"url":"https:\/\/urbeamea.ro\/albaiulia\/author\/sorin\/"}]}},"_links":{"self":[{"href":"https:\/\/urbeamea.ro\/albaiulia\/wp-json\/wp\/v2\/posts\/111992","targetHints":{"allow":["GET"]}}],"collection":[{"href":"https:\/\/urbeamea.ro\/albaiulia\/wp-json\/wp\/v2\/posts"}],"about":[{"href":"https:\/\/urbeamea.ro\/albaiulia\/wp-json\/wp\/v2\/types\/post"}],"author":[{"embeddable":true,"href":"https:\/\/urbeamea.ro\/albaiulia\/wp-json\/wp\/v2\/users\/28"}],"replies":[{"embeddable":true,"href":"https:\/\/urbeamea.ro\/albaiulia\/wp-json\/wp\/v2\/comments?post=111992"}],"version-history":[{"count":1,"href":"https:\/\/urbeamea.ro\/albaiulia\/wp-json\/wp\/v2\/posts\/111992\/revisions"}],"predecessor-version":[{"id":111993,"href":"https:\/\/urbeamea.ro\/albaiulia\/wp-json\/wp\/v2\/posts\/111992\/revisions\/111993"}],"wp:featuredmedia":[{"embeddable":true,"href":"https:\/\/urbeamea.ro\/albaiulia\/wp-json\/wp\/v2\/media\/81902"}],"wp:attachment":[{"href":"https:\/\/urbeamea.ro\/albaiulia\/wp-json\/wp\/v2\/media?parent=111992"}],"wp:term":[{"taxonomy":"category","embeddable":true,"href":"https:\/\/urbeamea.ro\/albaiulia\/wp-json\/wp\/v2\/categories?post=111992"},{"taxonomy":"post_tag","embeddable":true,"href":"https:\/\/urbeamea.ro\/albaiulia\/wp-json\/wp\/v2\/tags?post=111992"}],"curies":[{"name":"wp","href":"https:\/\/api.w.org\/{rel}","templated":true}]}}