{"id":112208,"date":"2024-06-19T10:40:12","date_gmt":"2024-06-19T07:40:12","guid":{"rendered":"https:\/\/urbeamea.ro\/albaiulia\/?p=112208"},"modified":"2024-06-19T10:40:14","modified_gmt":"2024-06-19T07:40:14","slug":"o-vara-cu-povesti-minunate-incepe-biblioteca-de-vacanta-editia-a-viii-a-la-sebes","status":"publish","type":"post","link":"https:\/\/urbeamea.ro\/albaiulia\/o-vara-cu-povesti-minunate-incepe-biblioteca-de-vacanta-editia-a-viii-a-la-sebes\/","title":{"rendered":"O var\u0103 cu poVe\u0219ti minunate! \u00cencepe BIBLIOTECA DE VACAN\u021a\u0102, edi\u021bia a VIII-a, la Sebe\u0219!"},"content":{"rendered":"\n<p>C\u0103r\u021bile sunt superputerea copiilor!<\/p>\n\n\n\n<p>Copiii interpreteaz\u0103 lumea \u00eentr-un mod magic, astfel c\u0103 ne vom bucura \u00eempreun\u0103 \u0219i \u00een acest an de pove\u0219ti cu puteri neb\u0103nuite la \u201eBiblioteca de Vacan\u0163\u0103\u201d!!!<\/p>\n\n\n\n<p>Prim\u0103ria Municipiului Sebe\u0219, al\u0103turi de Centrul Cultural \u201eLucian Blaga\u201d Sebe\u0219 \u0219i Biblioteca Municipal\u0103 \u201eLucian Blaga\u201d Sebe\u0219 organizeaz\u0103, \u00een perioada <strong>26 iunie \u2013 5 iulie 2024,<\/strong> BIBLIOTECA DE VACAN\u021a\u0102 (edi\u021bia a VIII-a) cel mai iubit program estival dedicat copiilor \u00eenscri\u0219i la bibliotec\u0103, cu v\u00e2rsta cuprins\u0103 \u00eentre 7 \u0219i 11 ani. Acesta a devenit tradi\u021bie anual\u0103, contribuind la dezvoltarea unei comunit\u0103\u021bi de cititori pasiona\u021bi.<\/p>\n\n\n\n<p>Cu bucurie \u0219i ner\u0103bdare, d\u0103m start unor noi aventuri \u00een lumea c\u0103r\u021bilor, cu pove\u0219ti nemaipovestite, filme educative \u0219i jocuri interesante, <strong>de luni p\u00e2n\u0103 vineri<\/strong>, \u00eentre <strong>orele<\/strong> <strong>10.30\u2013 12.00<\/strong>. Ne vom \u00eent\u00e2lni \u00een gr\u0103dina Muzeului Municipal \u201eIoan Raica\u201d Sebe\u0219 \u0219i \u00een sala de spectacole a Centrului Cultural \u201eLucian Blaga\u201d Sebe\u0219. Activit\u0103\u021bile variate pe care le-am preg\u0103tit sunt menite s\u0103 cultive dragostea pentru lectur\u0103 \u00een r\u00e2ndul copiilor \u0219i pe perioada vacan\u021bei de var\u0103.<\/p>\n\n\n\n<p>&nbsp;Un aspect unic al programului \u00eel reprezint\u0103 implicarea biblio-voluntarilor &#8211; tineri dedica\u021bi \u0219i pasiona\u021bi de lectur\u0103, cadre didactice, p\u0103rin\u021bi inimo\u0219i \u0219i bunici r\u0103bd\u0103tori, care joac\u0103 un rol esen\u021bial \u00een derularea activit\u0103\u021bilor.<\/p>\n\n\n\n<p>\u00censcrierile se fac la sediul Bibliotecii Municipale \u201eLucian Blaga\u201d Sebe\u0219,\u00a0 bd. Lucian Blaga, nr. 45, tel. 0258\/732848, <strong>\u00een perioada <u>17 &#8211; 21 iunie 2024<\/u>!<\/strong><\/p>\n\n\n\n<p><strong>Num\u0103rul de locuri este <u>limitat<\/u>!<\/strong><\/p>\n\n\n\n<p>V\u0103 invit\u0103m s\u0103 alege\u021bi bucuria pove\u0219tilor \u0219i o super-vacan\u021b\u0103 de neuitat, al\u0103turi de noi, la BIBLIOTEC\u0102!<\/p>\n","protected":false},"excerpt":{"rendered":"<p>C\u0103r\u021bile sunt superputerea copiilor! Copiii interpreteaz\u0103 lumea \u00eentr-un mod magic, astfel c\u0103 ne vom bucura \u00eempreun\u0103 \u0219i \u00een acest an de pove\u0219ti cu puteri neb\u0103nuite la \u201eBiblioteca de Vacan\u0163\u0103\u201d!!! Prim\u0103ria Municipiului Sebe\u0219, al\u0103turi de Centrul Cultural \u201eLucian Blaga\u201d Sebe\u0219 \u0219i Biblioteca Municipal\u0103 \u201eLucian Blaga\u201d Sebe\u0219 organizeaz\u0103, \u00een perioada 26 iunie \u2013 5 iulie 2024, BIBLIOTECA &hellip;<\/p>\n","protected":false},"author":16,"featured_media":112209,"comment_status":"open","ping_status":"open","sticky":false,"template":"","format":"standard","meta":{"inline_featured_image":false,"footnotes":""},"categories":[4],"tags":[],"class_list":["post-112208","post","type-post","status-publish","format-standard","has-post-thumbnail","hentry","category-eveniment"],"yoast_head":"<!-- This site is optimized with the Yoast SEO plugin v27.4 - https:\/\/yoast.com\/product\/yoast-seo-wordpress\/ -->\n<title>O var\u0103 cu poVe\u0219ti minunate! \u00cencepe BIBLIOTECA DE VACAN\u021a\u0102, edi\u021bia a VIII-a, la Sebe\u0219! - Revista Urbea Mea - Revista de Alba<\/title>\n<meta name=\"description\" content=\"C\u0103r\u021bile sunt superputerea copiilor! Copiii interpreteaz\u0103 lumea \u00eentr-un mod magic, astfel c\u0103 ne vom bucura \u00eempreun\u0103 \u0219i \u00een acest an de pove\u0219ti cu puteri\" \/>\n<meta name=\"robots\" content=\"index, follow, max-snippet:-1, max-image-preview:large, max-video-preview:-1\" \/>\n<link rel=\"canonical\" href=\"https:\/\/urbeamea.ro\/albaiulia\/o-vara-cu-povesti-minunate-incepe-biblioteca-de-vacanta-editia-a-viii-a-la-sebes\/\" \/>\n<meta name=\"twitter:card\" content=\"summary_large_image\" \/>\n<meta name=\"twitter:title\" content=\"O var\u0103 cu poVe\u0219ti minunate! \u00cencepe BIBLIOTECA DE VACAN\u021a\u0102, edi\u021bia a VIII-a, la Sebe\u0219! - Revista Urbea Mea - Revista de Alba\" \/>\n<meta name=\"twitter:description\" content=\"C\u0103r\u021bile sunt superputerea copiilor! Copiii interpreteaz\u0103 lumea \u00eentr-un mod magic, astfel c\u0103 ne vom bucura \u00eempreun\u0103 \u0219i \u00een acest an de pove\u0219ti cu puteri\" \/>\n<meta name=\"twitter:image\" content=\"https:\/\/urbeamea.ro\/albaiulia\/wp-content\/uploads\/2024\/06\/afis_biblioteca_de_vacanta_2024-page-01.jpg\" \/>\n<meta name=\"twitter:creator\" content=\"@urbeameaweb\" \/>\n<meta name=\"twitter:site\" content=\"@urbeameaweb\" \/>\n<script type=\"application\/ld+json\" class=\"yoast-schema-graph\">{\"@context\":\"https:\\\/\\\/schema.org\",\"@graph\":[{\"@type\":\"Article\",\"@id\":\"https:\\\/\\\/urbeamea.ro\\\/albaiulia\\\/o-vara-cu-povesti-minunate-incepe-biblioteca-de-vacanta-editia-a-viii-a-la-sebes\\\/#article\",\"isPartOf\":{\"@id\":\"https:\\\/\\\/urbeamea.ro\\\/albaiulia\\\/o-vara-cu-povesti-minunate-incepe-biblioteca-de-vacanta-editia-a-viii-a-la-sebes\\\/\"},\"author\":{\"name\":\"Redac\u021bia UrbeaMea\",\"@id\":\"https:\\\/\\\/urbeamea.ro\\\/albaiulia\\\/#\\\/schema\\\/person\\\/272ae98052f8ee8980f59848df070247\"},\"headline\":\"O var\u0103 cu poVe\u0219ti minunate! \u00cencepe BIBLIOTECA DE VACAN\u021a\u0102, edi\u021bia a VIII-a, la Sebe\u0219!\",\"datePublished\":\"2024-06-19T07:40:12+00:00\",\"dateModified\":\"2024-06-19T07:40:14+00:00\",\"mainEntityOfPage\":{\"@id\":\"https:\\\/\\\/urbeamea.ro\\\/albaiulia\\\/o-vara-cu-povesti-minunate-incepe-biblioteca-de-vacanta-editia-a-viii-a-la-sebes\\\/\"},\"wordCount\":280,\"commentCount\":0,\"image\":{\"@id\":\"https:\\\/\\\/urbeamea.ro\\\/albaiulia\\\/o-vara-cu-povesti-minunate-incepe-biblioteca-de-vacanta-editia-a-viii-a-la-sebes\\\/#primaryimage\"},\"thumbnailUrl\":\"https:\\\/\\\/urbeamea.ro\\\/albaiulia\\\/wp-content\\\/uploads\\\/2024\\\/06\\\/afis_biblioteca_de_vacanta_2024-page-01.jpg\",\"articleSection\":[\"Evenimente\"],\"inLanguage\":\"ro-RO\",\"potentialAction\":[{\"@type\":\"CommentAction\",\"name\":\"Comment\",\"target\":[\"https:\\\/\\\/urbeamea.ro\\\/albaiulia\\\/o-vara-cu-povesti-minunate-incepe-biblioteca-de-vacanta-editia-a-viii-a-la-sebes\\\/#respond\"]}]},{\"@type\":\"WebPage\",\"@id\":\"https:\\\/\\\/urbeamea.ro\\\/albaiulia\\\/o-vara-cu-povesti-minunate-incepe-biblioteca-de-vacanta-editia-a-viii-a-la-sebes\\\/\",\"url\":\"https:\\\/\\\/urbeamea.ro\\\/albaiulia\\\/o-vara-cu-povesti-minunate-incepe-biblioteca-de-vacanta-editia-a-viii-a-la-sebes\\\/\",\"name\":\"O var\u0103 cu poVe\u0219ti minunate! \u00cencepe BIBLIOTECA DE VACAN\u021a\u0102, edi\u021bia a VIII-a, la Sebe\u0219! - Revista Urbea Mea - Revista de Alba\",\"isPartOf\":{\"@id\":\"https:\\\/\\\/urbeamea.ro\\\/albaiulia\\\/#website\"},\"primaryImageOfPage\":{\"@id\":\"https:\\\/\\\/urbeamea.ro\\\/albaiulia\\\/o-vara-cu-povesti-minunate-incepe-biblioteca-de-vacanta-editia-a-viii-a-la-sebes\\\/#primaryimage\"},\"image\":{\"@id\":\"https:\\\/\\\/urbeamea.ro\\\/albaiulia\\\/o-vara-cu-povesti-minunate-incepe-biblioteca-de-vacanta-editia-a-viii-a-la-sebes\\\/#primaryimage\"},\"thumbnailUrl\":\"https:\\\/\\\/urbeamea.ro\\\/albaiulia\\\/wp-content\\\/uploads\\\/2024\\\/06\\\/afis_biblioteca_de_vacanta_2024-page-01.jpg\",\"datePublished\":\"2024-06-19T07:40:12+00:00\",\"dateModified\":\"2024-06-19T07:40:14+00:00\",\"author\":{\"@id\":\"https:\\\/\\\/urbeamea.ro\\\/albaiulia\\\/#\\\/schema\\\/person\\\/272ae98052f8ee8980f59848df070247\"},\"description\":\"C\u0103r\u021bile sunt superputerea copiilor! Copiii interpreteaz\u0103 lumea \u00eentr-un mod magic, astfel c\u0103 ne vom bucura \u00eempreun\u0103 \u0219i \u00een acest an de pove\u0219ti cu puteri\",\"breadcrumb\":{\"@id\":\"https:\\\/\\\/urbeamea.ro\\\/albaiulia\\\/o-vara-cu-povesti-minunate-incepe-biblioteca-de-vacanta-editia-a-viii-a-la-sebes\\\/#breadcrumb\"},\"inLanguage\":\"ro-RO\",\"potentialAction\":[{\"@type\":\"ReadAction\",\"target\":[\"https:\\\/\\\/urbeamea.ro\\\/albaiulia\\\/o-vara-cu-povesti-minunate-incepe-biblioteca-de-vacanta-editia-a-viii-a-la-sebes\\\/\"]}]},{\"@type\":\"ImageObject\",\"inLanguage\":\"ro-RO\",\"@id\":\"https:\\\/\\\/urbeamea.ro\\\/albaiulia\\\/o-vara-cu-povesti-minunate-incepe-biblioteca-de-vacanta-editia-a-viii-a-la-sebes\\\/#primaryimage\",\"url\":\"https:\\\/\\\/urbeamea.ro\\\/albaiulia\\\/wp-content\\\/uploads\\\/2024\\\/06\\\/afis_biblioteca_de_vacanta_2024-page-01.jpg\",\"contentUrl\":\"https:\\\/\\\/urbeamea.ro\\\/albaiulia\\\/wp-content\\\/uploads\\\/2024\\\/06\\\/afis_biblioteca_de_vacanta_2024-page-01.jpg\",\"width\":1132,\"height\":1600},{\"@type\":\"BreadcrumbList\",\"@id\":\"https:\\\/\\\/urbeamea.ro\\\/albaiulia\\\/o-vara-cu-povesti-minunate-incepe-biblioteca-de-vacanta-editia-a-viii-a-la-sebes\\\/#breadcrumb\",\"itemListElement\":[{\"@type\":\"ListItem\",\"position\":1,\"name\":\"Prima pagin\u0103\",\"item\":\"https:\\\/\\\/urbeamea.ro\\\/albaiulia\\\/\"},{\"@type\":\"ListItem\",\"position\":2,\"name\":\"O var\u0103 cu poVe\u0219ti minunate! \u00cencepe BIBLIOTECA DE VACAN\u021a\u0102, edi\u021bia a VIII-a, la Sebe\u0219!\"}]},{\"@type\":\"WebSite\",\"@id\":\"https:\\\/\\\/urbeamea.ro\\\/albaiulia\\\/#website\",\"url\":\"https:\\\/\\\/urbeamea.ro\\\/albaiulia\\\/\",\"name\":\"Revista Urbea Mea, Stiri urbane\",\"description\":\"Evenimente \u0219i \u0219tiri din Alba Iulia, Sebe\u0219, Aiud, Blaj\",\"potentialAction\":[{\"@type\":\"SearchAction\",\"target\":{\"@type\":\"EntryPoint\",\"urlTemplate\":\"https:\\\/\\\/urbeamea.ro\\\/albaiulia\\\/?s={search_term_string}\"},\"query-input\":{\"@type\":\"PropertyValueSpecification\",\"valueRequired\":true,\"valueName\":\"search_term_string\"}}],\"inLanguage\":\"ro-RO\"},{\"@type\":\"Person\",\"@id\":\"https:\\\/\\\/urbeamea.ro\\\/albaiulia\\\/#\\\/schema\\\/person\\\/272ae98052f8ee8980f59848df070247\",\"name\":\"Redac\u021bia UrbeaMea\",\"image\":{\"@type\":\"ImageObject\",\"inLanguage\":\"ro-RO\",\"@id\":\"https:\\\/\\\/secure.gravatar.com\\\/avatar\\\/9ce5a9435071fa1037e8468053ead8e513dbbff59009d3069aadb85506d85a27?s=96&d=mm&r=g\",\"url\":\"https:\\\/\\\/secure.gravatar.com\\\/avatar\\\/9ce5a9435071fa1037e8468053ead8e513dbbff59009d3069aadb85506d85a27?s=96&d=mm&r=g\",\"contentUrl\":\"https:\\\/\\\/secure.gravatar.com\\\/avatar\\\/9ce5a9435071fa1037e8468053ead8e513dbbff59009d3069aadb85506d85a27?s=96&d=mm&r=g\",\"caption\":\"Redac\u021bia UrbeaMea\"},\"description\":\"contact@urbeamea.ro\",\"sameAs\":[\"https:\\\/\\\/www.urbeamea.ro\"],\"url\":\"https:\\\/\\\/urbeamea.ro\\\/albaiulia\\\/author\\\/redactia-urbeamea\\\/\"}]}<\/script>\n<!-- \/ Yoast SEO plugin. -->","yoast_head_json":{"title":"O var\u0103 cu poVe\u0219ti minunate! \u00cencepe BIBLIOTECA DE VACAN\u021a\u0102, edi\u021bia a VIII-a, la Sebe\u0219! - Revista Urbea Mea - Revista de Alba","description":"C\u0103r\u021bile sunt superputerea copiilor! Copiii interpreteaz\u0103 lumea \u00eentr-un mod magic, astfel c\u0103 ne vom bucura \u00eempreun\u0103 \u0219i \u00een acest an de pove\u0219ti cu puteri","robots":{"index":"index","follow":"follow","max-snippet":"max-snippet:-1","max-image-preview":"max-image-preview:large","max-video-preview":"max-video-preview:-1"},"canonical":"https:\/\/urbeamea.ro\/albaiulia\/o-vara-cu-povesti-minunate-incepe-biblioteca-de-vacanta-editia-a-viii-a-la-sebes\/","twitter_card":"summary_large_image","twitter_title":"O var\u0103 cu poVe\u0219ti minunate! \u00cencepe BIBLIOTECA DE VACAN\u021a\u0102, edi\u021bia a VIII-a, la Sebe\u0219! - Revista Urbea Mea - Revista de Alba","twitter_description":"C\u0103r\u021bile sunt superputerea copiilor! Copiii interpreteaz\u0103 lumea \u00eentr-un mod magic, astfel c\u0103 ne vom bucura \u00eempreun\u0103 \u0219i \u00een acest an de pove\u0219ti cu puteri","twitter_image":"https:\/\/urbeamea.ro\/albaiulia\/wp-content\/uploads\/2024\/06\/afis_biblioteca_de_vacanta_2024-page-01.jpg","twitter_creator":"@urbeameaweb","twitter_site":"@urbeameaweb","schema":{"@context":"https:\/\/schema.org","@graph":[{"@type":"Article","@id":"https:\/\/urbeamea.ro\/albaiulia\/o-vara-cu-povesti-minunate-incepe-biblioteca-de-vacanta-editia-a-viii-a-la-sebes\/#article","isPartOf":{"@id":"https:\/\/urbeamea.ro\/albaiulia\/o-vara-cu-povesti-minunate-incepe-biblioteca-de-vacanta-editia-a-viii-a-la-sebes\/"},"author":{"name":"Redac\u021bia UrbeaMea","@id":"https:\/\/urbeamea.ro\/albaiulia\/#\/schema\/person\/272ae98052f8ee8980f59848df070247"},"headline":"O var\u0103 cu poVe\u0219ti minunate! \u00cencepe BIBLIOTECA DE VACAN\u021a\u0102, edi\u021bia a VIII-a, la Sebe\u0219!","datePublished":"2024-06-19T07:40:12+00:00","dateModified":"2024-06-19T07:40:14+00:00","mainEntityOfPage":{"@id":"https:\/\/urbeamea.ro\/albaiulia\/o-vara-cu-povesti-minunate-incepe-biblioteca-de-vacanta-editia-a-viii-a-la-sebes\/"},"wordCount":280,"commentCount":0,"image":{"@id":"https:\/\/urbeamea.ro\/albaiulia\/o-vara-cu-povesti-minunate-incepe-biblioteca-de-vacanta-editia-a-viii-a-la-sebes\/#primaryimage"},"thumbnailUrl":"https:\/\/urbeamea.ro\/albaiulia\/wp-content\/uploads\/2024\/06\/afis_biblioteca_de_vacanta_2024-page-01.jpg","articleSection":["Evenimente"],"inLanguage":"ro-RO","potentialAction":[{"@type":"CommentAction","name":"Comment","target":["https:\/\/urbeamea.ro\/albaiulia\/o-vara-cu-povesti-minunate-incepe-biblioteca-de-vacanta-editia-a-viii-a-la-sebes\/#respond"]}]},{"@type":"WebPage","@id":"https:\/\/urbeamea.ro\/albaiulia\/o-vara-cu-povesti-minunate-incepe-biblioteca-de-vacanta-editia-a-viii-a-la-sebes\/","url":"https:\/\/urbeamea.ro\/albaiulia\/o-vara-cu-povesti-minunate-incepe-biblioteca-de-vacanta-editia-a-viii-a-la-sebes\/","name":"O var\u0103 cu poVe\u0219ti minunate! \u00cencepe BIBLIOTECA DE VACAN\u021a\u0102, edi\u021bia a VIII-a, la Sebe\u0219! - Revista Urbea Mea - Revista de Alba","isPartOf":{"@id":"https:\/\/urbeamea.ro\/albaiulia\/#website"},"primaryImageOfPage":{"@id":"https:\/\/urbeamea.ro\/albaiulia\/o-vara-cu-povesti-minunate-incepe-biblioteca-de-vacanta-editia-a-viii-a-la-sebes\/#primaryimage"},"image":{"@id":"https:\/\/urbeamea.ro\/albaiulia\/o-vara-cu-povesti-minunate-incepe-biblioteca-de-vacanta-editia-a-viii-a-la-sebes\/#primaryimage"},"thumbnailUrl":"https:\/\/urbeamea.ro\/albaiulia\/wp-content\/uploads\/2024\/06\/afis_biblioteca_de_vacanta_2024-page-01.jpg","datePublished":"2024-06-19T07:40:12+00:00","dateModified":"2024-06-19T07:40:14+00:00","author":{"@id":"https:\/\/urbeamea.ro\/albaiulia\/#\/schema\/person\/272ae98052f8ee8980f59848df070247"},"description":"C\u0103r\u021bile sunt superputerea copiilor! Copiii interpreteaz\u0103 lumea \u00eentr-un mod magic, astfel c\u0103 ne vom bucura \u00eempreun\u0103 \u0219i \u00een acest an de pove\u0219ti cu puteri","breadcrumb":{"@id":"https:\/\/urbeamea.ro\/albaiulia\/o-vara-cu-povesti-minunate-incepe-biblioteca-de-vacanta-editia-a-viii-a-la-sebes\/#breadcrumb"},"inLanguage":"ro-RO","potentialAction":[{"@type":"ReadAction","target":["https:\/\/urbeamea.ro\/albaiulia\/o-vara-cu-povesti-minunate-incepe-biblioteca-de-vacanta-editia-a-viii-a-la-sebes\/"]}]},{"@type":"ImageObject","inLanguage":"ro-RO","@id":"https:\/\/urbeamea.ro\/albaiulia\/o-vara-cu-povesti-minunate-incepe-biblioteca-de-vacanta-editia-a-viii-a-la-sebes\/#primaryimage","url":"https:\/\/urbeamea.ro\/albaiulia\/wp-content\/uploads\/2024\/06\/afis_biblioteca_de_vacanta_2024-page-01.jpg","contentUrl":"https:\/\/urbeamea.ro\/albaiulia\/wp-content\/uploads\/2024\/06\/afis_biblioteca_de_vacanta_2024-page-01.jpg","width":1132,"height":1600},{"@type":"BreadcrumbList","@id":"https:\/\/urbeamea.ro\/albaiulia\/o-vara-cu-povesti-minunate-incepe-biblioteca-de-vacanta-editia-a-viii-a-la-sebes\/#breadcrumb","itemListElement":[{"@type":"ListItem","position":1,"name":"Prima pagin\u0103","item":"https:\/\/urbeamea.ro\/albaiulia\/"},{"@type":"ListItem","position":2,"name":"O var\u0103 cu poVe\u0219ti minunate! \u00cencepe BIBLIOTECA DE VACAN\u021a\u0102, edi\u021bia a VIII-a, la Sebe\u0219!"}]},{"@type":"WebSite","@id":"https:\/\/urbeamea.ro\/albaiulia\/#website","url":"https:\/\/urbeamea.ro\/albaiulia\/","name":"Revista Urbea Mea, Stiri urbane","description":"Evenimente \u0219i \u0219tiri din Alba Iulia, Sebe\u0219, Aiud, Blaj","potentialAction":[{"@type":"SearchAction","target":{"@type":"EntryPoint","urlTemplate":"https:\/\/urbeamea.ro\/albaiulia\/?s={search_term_string}"},"query-input":{"@type":"PropertyValueSpecification","valueRequired":true,"valueName":"search_term_string"}}],"inLanguage":"ro-RO"},{"@type":"Person","@id":"https:\/\/urbeamea.ro\/albaiulia\/#\/schema\/person\/272ae98052f8ee8980f59848df070247","name":"Redac\u021bia UrbeaMea","image":{"@type":"ImageObject","inLanguage":"ro-RO","@id":"https:\/\/secure.gravatar.com\/avatar\/9ce5a9435071fa1037e8468053ead8e513dbbff59009d3069aadb85506d85a27?s=96&d=mm&r=g","url":"https:\/\/secure.gravatar.com\/avatar\/9ce5a9435071fa1037e8468053ead8e513dbbff59009d3069aadb85506d85a27?s=96&d=mm&r=g","contentUrl":"https:\/\/secure.gravatar.com\/avatar\/9ce5a9435071fa1037e8468053ead8e513dbbff59009d3069aadb85506d85a27?s=96&d=mm&r=g","caption":"Redac\u021bia UrbeaMea"},"description":"contact@urbeamea.ro","sameAs":["https:\/\/www.urbeamea.ro"],"url":"https:\/\/urbeamea.ro\/albaiulia\/author\/redactia-urbeamea\/"}]}},"_links":{"self":[{"href":"https:\/\/urbeamea.ro\/albaiulia\/wp-json\/wp\/v2\/posts\/112208","targetHints":{"allow":["GET"]}}],"collection":[{"href":"https:\/\/urbeamea.ro\/albaiulia\/wp-json\/wp\/v2\/posts"}],"about":[{"href":"https:\/\/urbeamea.ro\/albaiulia\/wp-json\/wp\/v2\/types\/post"}],"author":[{"embeddable":true,"href":"https:\/\/urbeamea.ro\/albaiulia\/wp-json\/wp\/v2\/users\/16"}],"replies":[{"embeddable":true,"href":"https:\/\/urbeamea.ro\/albaiulia\/wp-json\/wp\/v2\/comments?post=112208"}],"version-history":[{"count":1,"href":"https:\/\/urbeamea.ro\/albaiulia\/wp-json\/wp\/v2\/posts\/112208\/revisions"}],"predecessor-version":[{"id":112210,"href":"https:\/\/urbeamea.ro\/albaiulia\/wp-json\/wp\/v2\/posts\/112208\/revisions\/112210"}],"wp:featuredmedia":[{"embeddable":true,"href":"https:\/\/urbeamea.ro\/albaiulia\/wp-json\/wp\/v2\/media\/112209"}],"wp:attachment":[{"href":"https:\/\/urbeamea.ro\/albaiulia\/wp-json\/wp\/v2\/media?parent=112208"}],"wp:term":[{"taxonomy":"category","embeddable":true,"href":"https:\/\/urbeamea.ro\/albaiulia\/wp-json\/wp\/v2\/categories?post=112208"},{"taxonomy":"post_tag","embeddable":true,"href":"https:\/\/urbeamea.ro\/albaiulia\/wp-json\/wp\/v2\/tags?post=112208"}],"curies":[{"name":"wp","href":"https:\/\/api.w.org\/{rel}","templated":true}]}}