{"id":112215,"date":"2024-06-19T10:53:33","date_gmt":"2024-06-19T07:53:33","guid":{"rendered":"https:\/\/urbeamea.ro\/albaiulia\/?p=112215"},"modified":"2024-06-19T10:53:35","modified_gmt":"2024-06-19T07:53:35","slug":"mai-mult-de-500-copii-din-regiunea-centru-vor-beneficia-de-crese-si-gradinite-noi-prin-investitii-cumulate-in-valoare-de-peste-20-milioane-euro-cofinantate-prin-programul-regiunea-centru","status":"publish","type":"post","link":"https:\/\/urbeamea.ro\/albaiulia\/mai-mult-de-500-copii-din-regiunea-centru-vor-beneficia-de-crese-si-gradinite-noi-prin-investitii-cumulate-in-valoare-de-peste-20-milioane-euro-cofinantate-prin-programul-regiunea-centru\/","title":{"rendered":"Mai mult de 500 copii din Regiunea Centru vor beneficia de cre\u0219e \u0219i gr\u0103dini\u021be noi prin investi\u021bii cumulate \u00een valoare de peste 20 milioane euro, cofinan\u021bate prin Programul REGIUNEA CENTRU"},"content":{"rendered":"\n<p><strong>La nivelul Regiunii Centru s-au depus 14 cereri de finan\u021bare &#8211; p\u00e2n\u0103 la termenul stabilit \u00een <\/strong>20 decembrie 2023, ora 10.00 &#8211; pentru realizarea de investi\u021bii dedicate cre\u0219terii calit\u0103\u021bii \u00een <strong><em>\u00cenv\u0103\u021b\u0103m\u00e2ntul antepre\u0219colar \u0219i pre\u0219colar. <\/em><\/strong>Este vorba de apelul de proiecte de tip competitiv cu termen limit\u0103 de depunere a cererilor de finan\u021bare, av\u00e2nd <strong><em>un buget alocat de 12,02 milioane euro<\/em><\/strong> la nivel regional. Prin acest apel din cadrul Programului \u201dRegiunea Centru\u201d \u2013 gestionat de ADR Centru \u00een calitate de Autoritate de Management &#8211; UAT din mediul rural \u0219i din mediul urban, sau parteneriatele dintre UAT \u0219i unit\u0103\u021bile de \u00eenv\u0103\u021b\u0103m\u00e2nt subiect al cererii de finan\u021bare au avut posibilitatea s\u0103 construiasc\u0103, s\u0103 extind\u0103 sau s\u0103 reabiliteze, s\u0103 modernizeze \u0219i s\u0103 doteze unit\u0103\u021bile de \u00eenv\u0103\u021b\u0103m\u00e2nt antepre\u0219colar \u0219i pre\u0219colar. De asemenea, au fost eligibile activit\u0103\u021bile de \u00eembun\u0103t\u0103\u021bire a eficien\u021bei energetice \u00een cl\u0103dirile reabilitate sau modernizate, pe l\u00e2ng\u0103 activit\u0103\u021bi de tip FSE+ \u0219i cele de cooperare teritorial\u0103. Detalii <a href=\"https:\/\/www.regiocentru.ro\/actiuni\/6-1-1-invatamantul-anteprescolar-si-prescolar\/\">aici<\/a>.<\/p>\n\n\n\n<figure class=\"wp-block-gallery has-nested-images columns-default is-cropped wp-block-gallery-1 is-layout-flex wp-block-gallery-is-layout-flex\">\n<figure class=\"wp-block-image size-large\"><a href=\"https:\/\/urbeamea.ro\/albaiulia\/wp-content\/uploads\/2024\/06\/Gradinita-noua_Vinerea-Cugir_AB.jpg\"><img loading=\"lazy\" decoding=\"async\" width=\"1260\" height=\"621\" data-id=\"112220\" src=\"https:\/\/urbeamea.ro\/albaiulia\/wp-content\/uploads\/2024\/06\/Gradinita-noua_Vinerea-Cugir_AB.jpg\" alt=\"\" class=\"wp-image-112220\" srcset=\"https:\/\/urbeamea.ro\/albaiulia\/wp-content\/uploads\/2024\/06\/Gradinita-noua_Vinerea-Cugir_AB.jpg 1260w, https:\/\/urbeamea.ro\/albaiulia\/wp-content\/uploads\/2024\/06\/Gradinita-noua_Vinerea-Cugir_AB-640x315.jpg 640w, https:\/\/urbeamea.ro\/albaiulia\/wp-content\/uploads\/2024\/06\/Gradinita-noua_Vinerea-Cugir_AB-150x74.jpg 150w, https:\/\/urbeamea.ro\/albaiulia\/wp-content\/uploads\/2024\/06\/Gradinita-noua_Vinerea-Cugir_AB-768x379.jpg 768w\" sizes=\"auto, (max-width: 1260px) 100vw, 1260px\" \/><\/a><\/figure>\n\n\n\n<figure class=\"wp-block-image size-large\"><a href=\"https:\/\/urbeamea.ro\/albaiulia\/wp-content\/uploads\/2024\/06\/Gradinita-noua_Coroisinmartin_MS.jpg\"><img loading=\"lazy\" decoding=\"async\" width=\"1280\" height=\"643\" data-id=\"112219\" src=\"https:\/\/urbeamea.ro\/albaiulia\/wp-content\/uploads\/2024\/06\/Gradinita-noua_Coroisinmartin_MS-1280x643.jpg\" alt=\"\" class=\"wp-image-112219\" srcset=\"https:\/\/urbeamea.ro\/albaiulia\/wp-content\/uploads\/2024\/06\/Gradinita-noua_Coroisinmartin_MS-1280x643.jpg 1280w, https:\/\/urbeamea.ro\/albaiulia\/wp-content\/uploads\/2024\/06\/Gradinita-noua_Coroisinmartin_MS-640x322.jpg 640w, https:\/\/urbeamea.ro\/albaiulia\/wp-content\/uploads\/2024\/06\/Gradinita-noua_Coroisinmartin_MS-150x75.jpg 150w, https:\/\/urbeamea.ro\/albaiulia\/wp-content\/uploads\/2024\/06\/Gradinita-noua_Coroisinmartin_MS-768x386.jpg 768w, https:\/\/urbeamea.ro\/albaiulia\/wp-content\/uploads\/2024\/06\/Gradinita-noua_Coroisinmartin_MS.jpg 1490w\" sizes=\"auto, (max-width: 1280px) 100vw, 1280px\" \/><\/a><\/figure>\n\n\n\n<figure class=\"wp-block-image size-large\"><a href=\"https:\/\/urbeamea.ro\/albaiulia\/wp-content\/uploads\/2024\/06\/Cresa-noua_Sancraiu-Mures_MS.jpg\"><img loading=\"lazy\" decoding=\"async\" width=\"1008\" height=\"562\" data-id=\"112217\" src=\"https:\/\/urbeamea.ro\/albaiulia\/wp-content\/uploads\/2024\/06\/Cresa-noua_Sancraiu-Mures_MS.jpg\" alt=\"\" class=\"wp-image-112217\" srcset=\"https:\/\/urbeamea.ro\/albaiulia\/wp-content\/uploads\/2024\/06\/Cresa-noua_Sancraiu-Mures_MS.jpg 1008w, https:\/\/urbeamea.ro\/albaiulia\/wp-content\/uploads\/2024\/06\/Cresa-noua_Sancraiu-Mures_MS-640x357.jpg 640w, https:\/\/urbeamea.ro\/albaiulia\/wp-content\/uploads\/2024\/06\/Cresa-noua_Sancraiu-Mures_MS-150x84.jpg 150w, https:\/\/urbeamea.ro\/albaiulia\/wp-content\/uploads\/2024\/06\/Cresa-noua_Sancraiu-Mures_MS-768x428.jpg 768w\" sizes=\"auto, (max-width: 1008px) 100vw, 1008px\" \/><\/a><\/figure>\n\n\n\n<figure class=\"wp-block-image size-large\"><a href=\"https:\/\/urbeamea.ro\/albaiulia\/wp-content\/uploads\/2024\/06\/Cresa-noua_Ciumani_HR.jpg\"><img loading=\"lazy\" decoding=\"async\" width=\"1280\" height=\"572\" data-id=\"112221\" src=\"https:\/\/urbeamea.ro\/albaiulia\/wp-content\/uploads\/2024\/06\/Cresa-noua_Ciumani_HR-1280x572.jpg\" alt=\"\" class=\"wp-image-112221\" srcset=\"https:\/\/urbeamea.ro\/albaiulia\/wp-content\/uploads\/2024\/06\/Cresa-noua_Ciumani_HR-1280x572.jpg 1280w, https:\/\/urbeamea.ro\/albaiulia\/wp-content\/uploads\/2024\/06\/Cresa-noua_Ciumani_HR-640x286.jpg 640w, https:\/\/urbeamea.ro\/albaiulia\/wp-content\/uploads\/2024\/06\/Cresa-noua_Ciumani_HR-150x67.jpg 150w, https:\/\/urbeamea.ro\/albaiulia\/wp-content\/uploads\/2024\/06\/Cresa-noua_Ciumani_HR-768x343.jpg 768w, https:\/\/urbeamea.ro\/albaiulia\/wp-content\/uploads\/2024\/06\/Cresa-noua_Ciumani_HR-1536x686.jpg 1536w, https:\/\/urbeamea.ro\/albaiulia\/wp-content\/uploads\/2024\/06\/Cresa-noua_Ciumani_HR.jpg 1596w\" sizes=\"auto, (max-width: 1280px) 100vw, 1280px\" \/><\/a><\/figure>\n\n\n\n<figure class=\"wp-block-image size-large\"><a href=\"https:\/\/urbeamea.ro\/albaiulia\/wp-content\/uploads\/2024\/06\/Cresa-noua_Capalnita_HR.jpg\"><img loading=\"lazy\" decoding=\"async\" width=\"1260\" height=\"638\" data-id=\"112218\" src=\"https:\/\/urbeamea.ro\/albaiulia\/wp-content\/uploads\/2024\/06\/Cresa-noua_Capalnita_HR.jpg\" alt=\"\" class=\"wp-image-112218\" srcset=\"https:\/\/urbeamea.ro\/albaiulia\/wp-content\/uploads\/2024\/06\/Cresa-noua_Capalnita_HR.jpg 1260w, https:\/\/urbeamea.ro\/albaiulia\/wp-content\/uploads\/2024\/06\/Cresa-noua_Capalnita_HR-640x324.jpg 640w, https:\/\/urbeamea.ro\/albaiulia\/wp-content\/uploads\/2024\/06\/Cresa-noua_Capalnita_HR-150x76.jpg 150w, https:\/\/urbeamea.ro\/albaiulia\/wp-content\/uploads\/2024\/06\/Cresa-noua_Capalnita_HR-768x389.jpg 768w\" sizes=\"auto, (max-width: 1260px) 100vw, 1260px\" \/><\/a><\/figure>\n\n\n\n<figure class=\"wp-block-image size-large\"><a href=\"https:\/\/urbeamea.ro\/albaiulia\/wp-content\/uploads\/2024\/06\/Gradinita-noua_Danes_MS.jpg\"><img loading=\"lazy\" decoding=\"async\" width=\"489\" height=\"272\" data-id=\"112216\" src=\"https:\/\/urbeamea.ro\/albaiulia\/wp-content\/uploads\/2024\/06\/Gradinita-noua_Danes_MS.jpg\" alt=\"\" class=\"wp-image-112216\" srcset=\"https:\/\/urbeamea.ro\/albaiulia\/wp-content\/uploads\/2024\/06\/Gradinita-noua_Danes_MS.jpg 489w, https:\/\/urbeamea.ro\/albaiulia\/wp-content\/uploads\/2024\/06\/Gradinita-noua_Danes_MS-150x83.jpg 150w\" sizes=\"auto, (max-width: 489px) 100vw, 489px\" \/><\/a><\/figure>\n<\/figure>\n\n\n\n<p>Din fondurile disponibile <strong>au fost semnate 8 contracte, \u00een valoare total\u0103 de peste 20 milioane euro<\/strong> \u2013 cu municipiul Sibiu, ora\u0219ul Cugir (Alba), comunele Corois\u00eenmartin, Dane\u0219 (2 proiecte) \u0219i S\u00e2ncraiu de Mure\u0219 (din Mure\u0219), precum \u0219i comunele C\u0103p\u00e2lni\u021ba \u0219i Ciumani (din Harghita). Aceste cereri de finan\u021bare solicit\u0103 un buget de aproape 12 milioane euro pentru a crea condi\u021bii mai bune pentru micu\u021bii din aceste localit\u0103\u021bi.<\/p>\n\n\n\n<blockquote class=\"wp-block-quote is-layout-flow wp-block-quote-is-layout-flow\">\n<p><em>ADR Centru sus\u021bine &#8211; prin aceste fonduri nerambursabile, la care se adaug\u0103 contribu\u021bia Unit\u0103\u021bilor Administrativ Teritoriale care au contractat cererile de finan\u021bare \u2013 cre\u0219terea calit\u0103\u021bii vie\u021bii \u0219i a educa\u021biei timpurii a copiilor, \u00een special a celor cu nevoi speciale. Studiile de specialitate care s-au realizat \u00een domeniul psihologiei, neurologiei, nutri\u021biei, sociologiei \u0219i pedagogiei, arat\u0103 c\u0103 primii ani ai copil\u0103riei sunt cruciali \u00een dezvoltarea inteligen\u021bei, a comportamentelor sociale , dar \u0219i a caracterului tinerilor \u0219i a viitorilor cet\u0103\u021beni adul\u021bi. Desigur, \u0219i din perspectiva economic\u0103 a investi\u021biei \u00een educa\u021bia timpurie, este evident c\u0103 toate resursele materiale \u0219i umane utilizate pentru acest tip de \u00eenv\u0103\u021b\u0103m\u00e2nt \u00ee\u0219i dovedesc eficien\u021ba din plin \u00een dezvoltarea ulterioar\u0103 a personalit\u0103\u021bii umane, care este integrat\u0103 social \u0219i profesional \u0219i se implic\u0103, la r\u00e2ndul ei, \u00een dezvoltarea comunit\u0103\u021bii. Resursele nerambursabile europene sunt totu\u0219i insuficiente fa\u021b\u0103 de nevoile momentului, pentru ca to\u021bii copiii din Regiune s\u0103 beneficieze de o educa\u021bie adecvat\u0103 \u0219i sigur\u0103. Mai avem 5 cereri de finan\u021bare \u00een lista de rezerv\u0103 \u0219i alte entit\u0103\u021bi publice au dorit s\u0103 investeasc\u0103 \u00een acest domeniu, dar \u0219i-au prioritizat altfel alocarea resurselor. Totu\u0219i, cu fiecare unitate de acest fel nou construit\u0103 sau reabilitat\u0103 complet, oferim tot at\u00e2tea motive tinerilor s\u0103 r\u0103m\u00e2n\u0103 \u00een localit\u0103\u021bile de unde provin \u0219i copiilor s\u0103 se dezvolte armonios, \u00een condi\u021bii corespunz\u0103toare mileniului III<\/em>.<\/p>\n<cite>Simion Cre\u021bu, director general al Agen\u021biei pentru Dezvoltare Regional\u0103 Centru<\/cite><\/blockquote>\n\n\n\n<p>Resursele financiare europene pentru aceste investi\u021bii sunt alocate \u00een cadrul Programului \u201eRegiunea Centru\u201d 2021-2027, Prioritatea 6 &#8211; <em>O REGIUNE EDUCAT\u0102<\/em>, Ac\u021biunea 6.1: Cre\u0219terea gradului de participare la nivelul educa\u021biei timpurii \u0219i \u00eenv\u0103\u021b\u0103m\u00e2ntului obligatoriu; Interven\u021bia 6.1.1: \u00cenv\u0103\u021b\u0103m\u00e2ntul antepre\u0219colar \u0219i pre\u0219colar, care r\u0103spunde Obiectivului Specific european OS 4.2: \u00cembun\u0103t\u0103\u021birea accesului la servicii favorabile incluziunii \u0219i de calitate \u00een educa\u021bie, formare \u0219i \u00eenv\u0103\u021bare pe tot parcursul vie\u021bii prin dezvoltarea infrastructurii accesibile, inclusiv prin promovarea rezilien\u021bei pentru educa\u021bia \u0219i formarea la distan\u021b\u0103 \u0219i online.<\/p>\n\n\n\n<p>Detalii privind investi\u021biile \u00een \u00eenv\u0103\u021b\u0103m\u00e2ntul antepre\u0219colar \u0219i pre\u0219colar din Regiunea Centru, finan\u021bate prin Programul <em>\u201dRegiunea Centru\u201d<\/em>:<\/p>\n\n\n\n<ul class=\"wp-block-list\">\n<li><strong>Primul proiect contractat \u00een cadrul Programului \u201dRegiunea Centru\u201d 2021-2027: Cre\u0219\u0103 nou\u0103 cu fonduri europene pentru micu\u021bii din comuna mure\u0219ean\u0103 Dane\u0219<\/strong><\/li>\n\n\n\n<li><a href=\"https:\/\/www.regiocentru.ro\/cresa-noua-cu-fonduri-europene-pentru-micutii-din-comuna-mureseana-danes\/\">https:\/\/www.regiocentru.ro\/cresa-noua-cu-fonduri-europene-pentru-micutii-din-comuna-mureseana-danes\/<\/a><\/li>\n\n\n\n<li><strong>\u201dCas\u0103 nou\u0103\u201d pentru copiii din comuna Ciumani &#8211; Harghita<\/strong><\/li>\n\n\n\n<li><a href=\"https:\/\/www.regiocentru.ro\/casa-noua-pentru-copiii-din-comuna-ciumani-cu-un-buget-de-peste-12-milioane-lei\/\">https:\/\/www.regiocentru.ro\/casa-noua-pentru-copiii-din-comuna-ciumani-cu-un-buget-de-peste-12-milioane-lei\/ <\/a><\/li>\n\n\n\n<li><strong>Facilit\u0103\u021bi moderne \u0219i pentru copiii din localitatea Seleu\u0219, comuna Dane\u0219, cu ajutorul fondurilor europene<\/strong><\/li>\n\n\n\n<li><a href=\"https:\/\/www.regiocentru.ro\/casa-noua-si-pentru-copiii-din-localitatea-seleus-comuna-danes-cu-ajutorul-fondurilor-europene\/\">https:\/\/www.regiocentru.ro\/casa-noua-si-pentru-copiii-din-localitatea-seleus-comuna-danes-cu-ajutorul-fondurilor-europene\/<\/a><\/li>\n\n\n\n<li><strong>Cre\u0219\u0103 nou\u0103 \u0219i gr\u0103dini\u021b\u0103 la \u0218coala Gimnazial\u0103 nr. 12 din Sibiu prin Programul \u201dREGIUNEA CENTRU\u201d 2021-2027<\/strong><\/li>\n\n\n\n<li><a href=\"https:\/\/www.regiocentru.ro\/o-noua-cresa-si-gradinita-la-scoala-gimnaziala-nr-12-din-sibiu-prin-programul-regiunea-centru-2021-2027\/\">https:\/\/www.regiocentru.ro\/o-noua-cresa-si-gradinita-la-scoala-gimnaziala-nr-12-din-sibiu-prin-programul-regiunea-centru-2021-2027\/<\/a><\/li>\n\n\n\n<li><strong>O nou\u0103 cre\u0219\u0103 se va construi \u00een S\u00e2ncraiu de Mure\u0219 cu fonduri europene<\/strong><\/li>\n\n\n\n<li><a href=\"https:\/\/www.regiocentru.ro\/o-noua-cresa-se-va-construi-in-sancraiu-de-murescu-fonduri-europene\/\">https:\/\/www.regiocentru.ro\/o-noua-cresa-se-va-construi-in-sancraiu-de-murescu-fonduri-europene\/<\/a><\/li>\n\n\n\n<li><strong>Gr\u0103dini\u021b\u0103 nou\u0103 &#8211; \u00een comuna Corois\u00eenmartin, jude\u021bul Mure\u0219<\/strong><\/li>\n\n\n\n<li><a href=\"https:\/\/www.regiocentru.ro\/o-gradinita-noua-se-va-construi-in-comuna-coroisinmartin\/\">https:\/\/www.regiocentru.ro\/o-gradinita-noua-se-va-construi-in-comuna-coroisinmartin\/<\/a><\/li>\n\n\n\n<li><strong>Fonduri europene pentru construirea unei gr\u0103dini\u021be \u00een Vinerea-Cugir<\/strong><\/li>\n\n\n\n<li><a href=\"https:\/\/www.regiocentru.ro\/fonduri-europene-pentru-construirea-unei-gradinite-in-vinerea-cugir\/\">https:\/\/www.regiocentru.ro\/fonduri-europene-pentru-construirea-unei-gradinite-in-vinerea-cugir\/<\/a><\/li>\n\n\n\n<li><strong>Comuna C\u0103p\u00e2lni\u021ba va avea o cre\u0219\u0103 nou\u0103, construit\u0103 cu fonduri europene<\/strong><\/li>\n\n\n\n<li><a href=\"https:\/\/www.regiocentru.ro\/comuna-capalnita-va-avea-o-cresa-noua-construita-cu-fonduri-europene\/\">https:\/\/www.regiocentru.ro\/comuna-capalnita-va-avea-o-cresa-noua-construita-cu-fonduri-europene\/<\/a><\/li>\n<\/ul>\n","protected":false},"excerpt":{"rendered":"<p>La nivelul Regiunii Centru s-au depus 14 cereri de finan\u021bare &#8211; p\u00e2n\u0103 la termenul stabilit \u00een 20 decembrie 2023, ora 10.00 &#8211; pentru realizarea de investi\u021bii dedicate cre\u0219terii calit\u0103\u021bii \u00een \u00cenv\u0103\u021b\u0103m\u00e2ntul antepre\u0219colar \u0219i pre\u0219colar. Este vorba de apelul de proiecte de tip competitiv cu termen limit\u0103 de depunere a cererilor de finan\u021bare, av\u00e2nd un buget &hellip;<\/p>\n","protected":false},"author":16,"featured_media":112222,"comment_status":"open","ping_status":"open","sticky":false,"template":"","format":"standard","meta":{"inline_featured_image":false,"footnotes":""},"categories":[6663],"tags":[],"class_list":["post-112215","post","type-post","status-publish","format-standard","has-post-thumbnail","hentry","category-economic"],"yoast_head":"<!-- This site is optimized with the Yoast SEO plugin v27.4 - https:\/\/yoast.com\/product\/yoast-seo-wordpress\/ -->\n<title>Mai mult de 500 copii din Regiunea Centru vor beneficia de cre\u0219e \u0219i gr\u0103dini\u021be noi prin investi\u021bii cumulate \u00een valoare de peste 20 milioane euro, cofinan\u021bate prin Programul REGIUNEA CENTRU - Revista Urbea Mea - Revista de Alba<\/title>\n<meta name=\"description\" content=\"La nivelul Regiunii Centru s-au depus 14 cereri de finan\u021bare - p\u00e2n\u0103 la termenul stabilit \u00een 20 decembrie 2023, ora 10.00 - pentru realizarea de investi\u021bii\" \/>\n<meta name=\"robots\" content=\"index, follow, max-snippet:-1, max-image-preview:large, max-video-preview:-1\" \/>\n<link rel=\"canonical\" href=\"https:\/\/urbeamea.ro\/albaiulia\/mai-mult-de-500-copii-din-regiunea-centru-vor-beneficia-de-crese-si-gradinite-noi-prin-investitii-cumulate-in-valoare-de-peste-20-milioane-euro-cofinantate-prin-programul-regiunea-centru\/\" \/>\n<meta name=\"twitter:card\" content=\"summary_large_image\" \/>\n<meta name=\"twitter:title\" content=\"Mai mult de 500 copii din Regiunea Centru vor beneficia de cre\u0219e \u0219i gr\u0103dini\u021be noi prin investi\u021bii cumulate \u00een valoare de peste 20 milioane euro, cofinan\u021bate prin Programul REGIUNEA CENTRU - Revista Urbea Mea - Revista de Alba\" \/>\n<meta name=\"twitter:description\" content=\"La nivelul Regiunii Centru s-au depus 14 cereri de finan\u021bare - p\u00e2n\u0103 la termenul stabilit \u00een 20 decembrie 2023, ora 10.00 - pentru realizarea de investi\u021bii\" \/>\n<meta name=\"twitter:image\" content=\"https:\/\/urbeamea.ro\/albaiulia\/wp-content\/uploads\/2024\/06\/Gradinita-Cresa-noi_Sibiu.jpg\" \/>\n<meta name=\"twitter:creator\" content=\"@urbeameaweb\" \/>\n<meta name=\"twitter:site\" content=\"@urbeameaweb\" \/>\n<script type=\"application\/ld+json\" class=\"yoast-schema-graph\">{\"@context\":\"https:\\\/\\\/schema.org\",\"@graph\":[{\"@type\":\"Article\",\"@id\":\"https:\\\/\\\/urbeamea.ro\\\/albaiulia\\\/mai-mult-de-500-copii-din-regiunea-centru-vor-beneficia-de-crese-si-gradinite-noi-prin-investitii-cumulate-in-valoare-de-peste-20-milioane-euro-cofinantate-prin-programul-regiunea-centru\\\/#article\",\"isPartOf\":{\"@id\":\"https:\\\/\\\/urbeamea.ro\\\/albaiulia\\\/mai-mult-de-500-copii-din-regiunea-centru-vor-beneficia-de-crese-si-gradinite-noi-prin-investitii-cumulate-in-valoare-de-peste-20-milioane-euro-cofinantate-prin-programul-regiunea-centru\\\/\"},\"author\":{\"name\":\"Redac\u021bia UrbeaMea\",\"@id\":\"https:\\\/\\\/urbeamea.ro\\\/albaiulia\\\/#\\\/schema\\\/person\\\/272ae98052f8ee8980f59848df070247\"},\"headline\":\"Mai mult de 500 copii din Regiunea Centru vor beneficia de cre\u0219e \u0219i gr\u0103dini\u021be noi prin investi\u021bii cumulate \u00een valoare de peste 20 milioane euro, cofinan\u021bate prin Programul REGIUNEA CENTRU\",\"datePublished\":\"2024-06-19T07:53:33+00:00\",\"dateModified\":\"2024-06-19T07:53:35+00:00\",\"mainEntityOfPage\":{\"@id\":\"https:\\\/\\\/urbeamea.ro\\\/albaiulia\\\/mai-mult-de-500-copii-din-regiunea-centru-vor-beneficia-de-crese-si-gradinite-noi-prin-investitii-cumulate-in-valoare-de-peste-20-milioane-euro-cofinantate-prin-programul-regiunea-centru\\\/\"},\"wordCount\":805,\"commentCount\":0,\"image\":{\"@id\":\"https:\\\/\\\/urbeamea.ro\\\/albaiulia\\\/mai-mult-de-500-copii-din-regiunea-centru-vor-beneficia-de-crese-si-gradinite-noi-prin-investitii-cumulate-in-valoare-de-peste-20-milioane-euro-cofinantate-prin-programul-regiunea-centru\\\/#primaryimage\"},\"thumbnailUrl\":\"https:\\\/\\\/urbeamea.ro\\\/albaiulia\\\/wp-content\\\/uploads\\\/2024\\\/06\\\/Gradinita-Cresa-noi_Sibiu.jpg\",\"articleSection\":[\"Economic\"],\"inLanguage\":\"ro-RO\",\"potentialAction\":[{\"@type\":\"CommentAction\",\"name\":\"Comment\",\"target\":[\"https:\\\/\\\/urbeamea.ro\\\/albaiulia\\\/mai-mult-de-500-copii-din-regiunea-centru-vor-beneficia-de-crese-si-gradinite-noi-prin-investitii-cumulate-in-valoare-de-peste-20-milioane-euro-cofinantate-prin-programul-regiunea-centru\\\/#respond\"]}]},{\"@type\":\"WebPage\",\"@id\":\"https:\\\/\\\/urbeamea.ro\\\/albaiulia\\\/mai-mult-de-500-copii-din-regiunea-centru-vor-beneficia-de-crese-si-gradinite-noi-prin-investitii-cumulate-in-valoare-de-peste-20-milioane-euro-cofinantate-prin-programul-regiunea-centru\\\/\",\"url\":\"https:\\\/\\\/urbeamea.ro\\\/albaiulia\\\/mai-mult-de-500-copii-din-regiunea-centru-vor-beneficia-de-crese-si-gradinite-noi-prin-investitii-cumulate-in-valoare-de-peste-20-milioane-euro-cofinantate-prin-programul-regiunea-centru\\\/\",\"name\":\"Mai mult de 500 copii din Regiunea Centru vor beneficia de cre\u0219e \u0219i gr\u0103dini\u021be noi prin investi\u021bii cumulate \u00een valoare de peste 20 milioane euro, cofinan\u021bate prin Programul REGIUNEA CENTRU - Revista Urbea Mea - Revista de Alba\",\"isPartOf\":{\"@id\":\"https:\\\/\\\/urbeamea.ro\\\/albaiulia\\\/#website\"},\"primaryImageOfPage\":{\"@id\":\"https:\\\/\\\/urbeamea.ro\\\/albaiulia\\\/mai-mult-de-500-copii-din-regiunea-centru-vor-beneficia-de-crese-si-gradinite-noi-prin-investitii-cumulate-in-valoare-de-peste-20-milioane-euro-cofinantate-prin-programul-regiunea-centru\\\/#primaryimage\"},\"image\":{\"@id\":\"https:\\\/\\\/urbeamea.ro\\\/albaiulia\\\/mai-mult-de-500-copii-din-regiunea-centru-vor-beneficia-de-crese-si-gradinite-noi-prin-investitii-cumulate-in-valoare-de-peste-20-milioane-euro-cofinantate-prin-programul-regiunea-centru\\\/#primaryimage\"},\"thumbnailUrl\":\"https:\\\/\\\/urbeamea.ro\\\/albaiulia\\\/wp-content\\\/uploads\\\/2024\\\/06\\\/Gradinita-Cresa-noi_Sibiu.jpg\",\"datePublished\":\"2024-06-19T07:53:33+00:00\",\"dateModified\":\"2024-06-19T07:53:35+00:00\",\"author\":{\"@id\":\"https:\\\/\\\/urbeamea.ro\\\/albaiulia\\\/#\\\/schema\\\/person\\\/272ae98052f8ee8980f59848df070247\"},\"description\":\"La nivelul Regiunii Centru s-au depus 14 cereri de finan\u021bare - p\u00e2n\u0103 la termenul stabilit \u00een 20 decembrie 2023, ora 10.00 - pentru realizarea de investi\u021bii\",\"breadcrumb\":{\"@id\":\"https:\\\/\\\/urbeamea.ro\\\/albaiulia\\\/mai-mult-de-500-copii-din-regiunea-centru-vor-beneficia-de-crese-si-gradinite-noi-prin-investitii-cumulate-in-valoare-de-peste-20-milioane-euro-cofinantate-prin-programul-regiunea-centru\\\/#breadcrumb\"},\"inLanguage\":\"ro-RO\",\"potentialAction\":[{\"@type\":\"ReadAction\",\"target\":[\"https:\\\/\\\/urbeamea.ro\\\/albaiulia\\\/mai-mult-de-500-copii-din-regiunea-centru-vor-beneficia-de-crese-si-gradinite-noi-prin-investitii-cumulate-in-valoare-de-peste-20-milioane-euro-cofinantate-prin-programul-regiunea-centru\\\/\"]}]},{\"@type\":\"ImageObject\",\"inLanguage\":\"ro-RO\",\"@id\":\"https:\\\/\\\/urbeamea.ro\\\/albaiulia\\\/mai-mult-de-500-copii-din-regiunea-centru-vor-beneficia-de-crese-si-gradinite-noi-prin-investitii-cumulate-in-valoare-de-peste-20-milioane-euro-cofinantate-prin-programul-regiunea-centru\\\/#primaryimage\",\"url\":\"https:\\\/\\\/urbeamea.ro\\\/albaiulia\\\/wp-content\\\/uploads\\\/2024\\\/06\\\/Gradinita-Cresa-noi_Sibiu.jpg\",\"contentUrl\":\"https:\\\/\\\/urbeamea.ro\\\/albaiulia\\\/wp-content\\\/uploads\\\/2024\\\/06\\\/Gradinita-Cresa-noi_Sibiu.jpg\",\"width\":825,\"height\":348},{\"@type\":\"BreadcrumbList\",\"@id\":\"https:\\\/\\\/urbeamea.ro\\\/albaiulia\\\/mai-mult-de-500-copii-din-regiunea-centru-vor-beneficia-de-crese-si-gradinite-noi-prin-investitii-cumulate-in-valoare-de-peste-20-milioane-euro-cofinantate-prin-programul-regiunea-centru\\\/#breadcrumb\",\"itemListElement\":[{\"@type\":\"ListItem\",\"position\":1,\"name\":\"Prima pagin\u0103\",\"item\":\"https:\\\/\\\/urbeamea.ro\\\/albaiulia\\\/\"},{\"@type\":\"ListItem\",\"position\":2,\"name\":\"Mai mult de 500 copii din Regiunea Centru vor beneficia de cre\u0219e \u0219i gr\u0103dini\u021be noi prin investi\u021bii cumulate \u00een valoare de peste 20 milioane euro, cofinan\u021bate prin Programul REGIUNEA CENTRU\"}]},{\"@type\":\"WebSite\",\"@id\":\"https:\\\/\\\/urbeamea.ro\\\/albaiulia\\\/#website\",\"url\":\"https:\\\/\\\/urbeamea.ro\\\/albaiulia\\\/\",\"name\":\"Revista Urbea Mea, Stiri urbane\",\"description\":\"Evenimente \u0219i \u0219tiri din Alba Iulia, Sebe\u0219, Aiud, Blaj\",\"potentialAction\":[{\"@type\":\"SearchAction\",\"target\":{\"@type\":\"EntryPoint\",\"urlTemplate\":\"https:\\\/\\\/urbeamea.ro\\\/albaiulia\\\/?s={search_term_string}\"},\"query-input\":{\"@type\":\"PropertyValueSpecification\",\"valueRequired\":true,\"valueName\":\"search_term_string\"}}],\"inLanguage\":\"ro-RO\"},{\"@type\":\"Person\",\"@id\":\"https:\\\/\\\/urbeamea.ro\\\/albaiulia\\\/#\\\/schema\\\/person\\\/272ae98052f8ee8980f59848df070247\",\"name\":\"Redac\u021bia UrbeaMea\",\"image\":{\"@type\":\"ImageObject\",\"inLanguage\":\"ro-RO\",\"@id\":\"https:\\\/\\\/secure.gravatar.com\\\/avatar\\\/9ce5a9435071fa1037e8468053ead8e513dbbff59009d3069aadb85506d85a27?s=96&d=mm&r=g\",\"url\":\"https:\\\/\\\/secure.gravatar.com\\\/avatar\\\/9ce5a9435071fa1037e8468053ead8e513dbbff59009d3069aadb85506d85a27?s=96&d=mm&r=g\",\"contentUrl\":\"https:\\\/\\\/secure.gravatar.com\\\/avatar\\\/9ce5a9435071fa1037e8468053ead8e513dbbff59009d3069aadb85506d85a27?s=96&d=mm&r=g\",\"caption\":\"Redac\u021bia UrbeaMea\"},\"description\":\"contact@urbeamea.ro\",\"sameAs\":[\"https:\\\/\\\/www.urbeamea.ro\"],\"url\":\"https:\\\/\\\/urbeamea.ro\\\/albaiulia\\\/author\\\/redactia-urbeamea\\\/\"}]}<\/script>\n<!-- \/ Yoast SEO plugin. -->","yoast_head_json":{"title":"Mai mult de 500 copii din Regiunea Centru vor beneficia de cre\u0219e \u0219i gr\u0103dini\u021be noi prin investi\u021bii cumulate \u00een valoare de peste 20 milioane euro, cofinan\u021bate prin Programul REGIUNEA CENTRU - Revista Urbea Mea - Revista de Alba","description":"La nivelul Regiunii Centru s-au depus 14 cereri de finan\u021bare - p\u00e2n\u0103 la termenul stabilit \u00een 20 decembrie 2023, ora 10.00 - pentru realizarea de investi\u021bii","robots":{"index":"index","follow":"follow","max-snippet":"max-snippet:-1","max-image-preview":"max-image-preview:large","max-video-preview":"max-video-preview:-1"},"canonical":"https:\/\/urbeamea.ro\/albaiulia\/mai-mult-de-500-copii-din-regiunea-centru-vor-beneficia-de-crese-si-gradinite-noi-prin-investitii-cumulate-in-valoare-de-peste-20-milioane-euro-cofinantate-prin-programul-regiunea-centru\/","twitter_card":"summary_large_image","twitter_title":"Mai mult de 500 copii din Regiunea Centru vor beneficia de cre\u0219e \u0219i gr\u0103dini\u021be noi prin investi\u021bii cumulate \u00een valoare de peste 20 milioane euro, cofinan\u021bate prin Programul REGIUNEA CENTRU - Revista Urbea Mea - Revista de Alba","twitter_description":"La nivelul Regiunii Centru s-au depus 14 cereri de finan\u021bare - p\u00e2n\u0103 la termenul stabilit \u00een 20 decembrie 2023, ora 10.00 - pentru realizarea de investi\u021bii","twitter_image":"https:\/\/urbeamea.ro\/albaiulia\/wp-content\/uploads\/2024\/06\/Gradinita-Cresa-noi_Sibiu.jpg","twitter_creator":"@urbeameaweb","twitter_site":"@urbeameaweb","schema":{"@context":"https:\/\/schema.org","@graph":[{"@type":"Article","@id":"https:\/\/urbeamea.ro\/albaiulia\/mai-mult-de-500-copii-din-regiunea-centru-vor-beneficia-de-crese-si-gradinite-noi-prin-investitii-cumulate-in-valoare-de-peste-20-milioane-euro-cofinantate-prin-programul-regiunea-centru\/#article","isPartOf":{"@id":"https:\/\/urbeamea.ro\/albaiulia\/mai-mult-de-500-copii-din-regiunea-centru-vor-beneficia-de-crese-si-gradinite-noi-prin-investitii-cumulate-in-valoare-de-peste-20-milioane-euro-cofinantate-prin-programul-regiunea-centru\/"},"author":{"name":"Redac\u021bia UrbeaMea","@id":"https:\/\/urbeamea.ro\/albaiulia\/#\/schema\/person\/272ae98052f8ee8980f59848df070247"},"headline":"Mai mult de 500 copii din Regiunea Centru vor beneficia de cre\u0219e \u0219i gr\u0103dini\u021be noi prin investi\u021bii cumulate \u00een valoare de peste 20 milioane euro, cofinan\u021bate prin Programul REGIUNEA CENTRU","datePublished":"2024-06-19T07:53:33+00:00","dateModified":"2024-06-19T07:53:35+00:00","mainEntityOfPage":{"@id":"https:\/\/urbeamea.ro\/albaiulia\/mai-mult-de-500-copii-din-regiunea-centru-vor-beneficia-de-crese-si-gradinite-noi-prin-investitii-cumulate-in-valoare-de-peste-20-milioane-euro-cofinantate-prin-programul-regiunea-centru\/"},"wordCount":805,"commentCount":0,"image":{"@id":"https:\/\/urbeamea.ro\/albaiulia\/mai-mult-de-500-copii-din-regiunea-centru-vor-beneficia-de-crese-si-gradinite-noi-prin-investitii-cumulate-in-valoare-de-peste-20-milioane-euro-cofinantate-prin-programul-regiunea-centru\/#primaryimage"},"thumbnailUrl":"https:\/\/urbeamea.ro\/albaiulia\/wp-content\/uploads\/2024\/06\/Gradinita-Cresa-noi_Sibiu.jpg","articleSection":["Economic"],"inLanguage":"ro-RO","potentialAction":[{"@type":"CommentAction","name":"Comment","target":["https:\/\/urbeamea.ro\/albaiulia\/mai-mult-de-500-copii-din-regiunea-centru-vor-beneficia-de-crese-si-gradinite-noi-prin-investitii-cumulate-in-valoare-de-peste-20-milioane-euro-cofinantate-prin-programul-regiunea-centru\/#respond"]}]},{"@type":"WebPage","@id":"https:\/\/urbeamea.ro\/albaiulia\/mai-mult-de-500-copii-din-regiunea-centru-vor-beneficia-de-crese-si-gradinite-noi-prin-investitii-cumulate-in-valoare-de-peste-20-milioane-euro-cofinantate-prin-programul-regiunea-centru\/","url":"https:\/\/urbeamea.ro\/albaiulia\/mai-mult-de-500-copii-din-regiunea-centru-vor-beneficia-de-crese-si-gradinite-noi-prin-investitii-cumulate-in-valoare-de-peste-20-milioane-euro-cofinantate-prin-programul-regiunea-centru\/","name":"Mai mult de 500 copii din Regiunea Centru vor beneficia de cre\u0219e \u0219i gr\u0103dini\u021be noi prin investi\u021bii cumulate \u00een valoare de peste 20 milioane euro, cofinan\u021bate prin Programul REGIUNEA CENTRU - Revista Urbea Mea - Revista de Alba","isPartOf":{"@id":"https:\/\/urbeamea.ro\/albaiulia\/#website"},"primaryImageOfPage":{"@id":"https:\/\/urbeamea.ro\/albaiulia\/mai-mult-de-500-copii-din-regiunea-centru-vor-beneficia-de-crese-si-gradinite-noi-prin-investitii-cumulate-in-valoare-de-peste-20-milioane-euro-cofinantate-prin-programul-regiunea-centru\/#primaryimage"},"image":{"@id":"https:\/\/urbeamea.ro\/albaiulia\/mai-mult-de-500-copii-din-regiunea-centru-vor-beneficia-de-crese-si-gradinite-noi-prin-investitii-cumulate-in-valoare-de-peste-20-milioane-euro-cofinantate-prin-programul-regiunea-centru\/#primaryimage"},"thumbnailUrl":"https:\/\/urbeamea.ro\/albaiulia\/wp-content\/uploads\/2024\/06\/Gradinita-Cresa-noi_Sibiu.jpg","datePublished":"2024-06-19T07:53:33+00:00","dateModified":"2024-06-19T07:53:35+00:00","author":{"@id":"https:\/\/urbeamea.ro\/albaiulia\/#\/schema\/person\/272ae98052f8ee8980f59848df070247"},"description":"La nivelul Regiunii Centru s-au depus 14 cereri de finan\u021bare - p\u00e2n\u0103 la termenul stabilit \u00een 20 decembrie 2023, ora 10.00 - pentru realizarea de investi\u021bii","breadcrumb":{"@id":"https:\/\/urbeamea.ro\/albaiulia\/mai-mult-de-500-copii-din-regiunea-centru-vor-beneficia-de-crese-si-gradinite-noi-prin-investitii-cumulate-in-valoare-de-peste-20-milioane-euro-cofinantate-prin-programul-regiunea-centru\/#breadcrumb"},"inLanguage":"ro-RO","potentialAction":[{"@type":"ReadAction","target":["https:\/\/urbeamea.ro\/albaiulia\/mai-mult-de-500-copii-din-regiunea-centru-vor-beneficia-de-crese-si-gradinite-noi-prin-investitii-cumulate-in-valoare-de-peste-20-milioane-euro-cofinantate-prin-programul-regiunea-centru\/"]}]},{"@type":"ImageObject","inLanguage":"ro-RO","@id":"https:\/\/urbeamea.ro\/albaiulia\/mai-mult-de-500-copii-din-regiunea-centru-vor-beneficia-de-crese-si-gradinite-noi-prin-investitii-cumulate-in-valoare-de-peste-20-milioane-euro-cofinantate-prin-programul-regiunea-centru\/#primaryimage","url":"https:\/\/urbeamea.ro\/albaiulia\/wp-content\/uploads\/2024\/06\/Gradinita-Cresa-noi_Sibiu.jpg","contentUrl":"https:\/\/urbeamea.ro\/albaiulia\/wp-content\/uploads\/2024\/06\/Gradinita-Cresa-noi_Sibiu.jpg","width":825,"height":348},{"@type":"BreadcrumbList","@id":"https:\/\/urbeamea.ro\/albaiulia\/mai-mult-de-500-copii-din-regiunea-centru-vor-beneficia-de-crese-si-gradinite-noi-prin-investitii-cumulate-in-valoare-de-peste-20-milioane-euro-cofinantate-prin-programul-regiunea-centru\/#breadcrumb","itemListElement":[{"@type":"ListItem","position":1,"name":"Prima pagin\u0103","item":"https:\/\/urbeamea.ro\/albaiulia\/"},{"@type":"ListItem","position":2,"name":"Mai mult de 500 copii din Regiunea Centru vor beneficia de cre\u0219e \u0219i gr\u0103dini\u021be noi prin investi\u021bii cumulate \u00een valoare de peste 20 milioane euro, cofinan\u021bate prin Programul REGIUNEA CENTRU"}]},{"@type":"WebSite","@id":"https:\/\/urbeamea.ro\/albaiulia\/#website","url":"https:\/\/urbeamea.ro\/albaiulia\/","name":"Revista Urbea Mea, Stiri urbane","description":"Evenimente \u0219i \u0219tiri din Alba Iulia, Sebe\u0219, Aiud, Blaj","potentialAction":[{"@type":"SearchAction","target":{"@type":"EntryPoint","urlTemplate":"https:\/\/urbeamea.ro\/albaiulia\/?s={search_term_string}"},"query-input":{"@type":"PropertyValueSpecification","valueRequired":true,"valueName":"search_term_string"}}],"inLanguage":"ro-RO"},{"@type":"Person","@id":"https:\/\/urbeamea.ro\/albaiulia\/#\/schema\/person\/272ae98052f8ee8980f59848df070247","name":"Redac\u021bia UrbeaMea","image":{"@type":"ImageObject","inLanguage":"ro-RO","@id":"https:\/\/secure.gravatar.com\/avatar\/9ce5a9435071fa1037e8468053ead8e513dbbff59009d3069aadb85506d85a27?s=96&d=mm&r=g","url":"https:\/\/secure.gravatar.com\/avatar\/9ce5a9435071fa1037e8468053ead8e513dbbff59009d3069aadb85506d85a27?s=96&d=mm&r=g","contentUrl":"https:\/\/secure.gravatar.com\/avatar\/9ce5a9435071fa1037e8468053ead8e513dbbff59009d3069aadb85506d85a27?s=96&d=mm&r=g","caption":"Redac\u021bia UrbeaMea"},"description":"contact@urbeamea.ro","sameAs":["https:\/\/www.urbeamea.ro"],"url":"https:\/\/urbeamea.ro\/albaiulia\/author\/redactia-urbeamea\/"}]}},"_links":{"self":[{"href":"https:\/\/urbeamea.ro\/albaiulia\/wp-json\/wp\/v2\/posts\/112215","targetHints":{"allow":["GET"]}}],"collection":[{"href":"https:\/\/urbeamea.ro\/albaiulia\/wp-json\/wp\/v2\/posts"}],"about":[{"href":"https:\/\/urbeamea.ro\/albaiulia\/wp-json\/wp\/v2\/types\/post"}],"author":[{"embeddable":true,"href":"https:\/\/urbeamea.ro\/albaiulia\/wp-json\/wp\/v2\/users\/16"}],"replies":[{"embeddable":true,"href":"https:\/\/urbeamea.ro\/albaiulia\/wp-json\/wp\/v2\/comments?post=112215"}],"version-history":[{"count":1,"href":"https:\/\/urbeamea.ro\/albaiulia\/wp-json\/wp\/v2\/posts\/112215\/revisions"}],"predecessor-version":[{"id":112223,"href":"https:\/\/urbeamea.ro\/albaiulia\/wp-json\/wp\/v2\/posts\/112215\/revisions\/112223"}],"wp:featuredmedia":[{"embeddable":true,"href":"https:\/\/urbeamea.ro\/albaiulia\/wp-json\/wp\/v2\/media\/112222"}],"wp:attachment":[{"href":"https:\/\/urbeamea.ro\/albaiulia\/wp-json\/wp\/v2\/media?parent=112215"}],"wp:term":[{"taxonomy":"category","embeddable":true,"href":"https:\/\/urbeamea.ro\/albaiulia\/wp-json\/wp\/v2\/categories?post=112215"},{"taxonomy":"post_tag","embeddable":true,"href":"https:\/\/urbeamea.ro\/albaiulia\/wp-json\/wp\/v2\/tags?post=112215"}],"curies":[{"name":"wp","href":"https:\/\/api.w.org\/{rel}","templated":true}]}}