{"id":112224,"date":"2024-06-19T10:56:33","date_gmt":"2024-06-19T07:56:33","guid":{"rendered":"https:\/\/urbeamea.ro\/albaiulia\/?p=112224"},"modified":"2024-06-19T10:56:34","modified_gmt":"2024-06-19T07:56:34","slug":"exponatul-lunii-iunie-la-muzeul-municipal-ioan-raica-sebes","status":"publish","type":"post","link":"https:\/\/urbeamea.ro\/albaiulia\/exponatul-lunii-iunie-la-muzeul-municipal-ioan-raica-sebes\/","title":{"rendered":"Exponatul lunii iunie la Muzeul Municipal \u201eIoan Raica&#8221; Sebe\u015f"},"content":{"rendered":"\n<h3 class=\"wp-block-heading\">Diploma de doctor a academicianului Dorin Pavel, fondatorul hidroenergeticii rom\u00e2ne\u015fti<\/h3>\n\n\n\n<p>Exponatul lunii iunie 2024 la Muzeul Municipal \u201eIoan Raica&#8221; din Sebe\u015f este un exemplar al diplomei care atest\u0103 ob\u021binerea titlului \u0219tiin\u021bific de doctor, al inginerului Dorin Pavel (1900-1979), ob\u021binut la universitatea din Z\u00fcrich. Despre ob\u021binerea titlului ne vorbe\u0219te chiar Dorin Pavel, \u00een lucrarea sa autobiografic\u0103, \u201eArhitectura Apelor&#8221;, spun\u00e2nd: \u201e[&#8230;] din 1923 \u015fi p\u00e2n\u0103 \u00een vara anului 1925 am fost asistent al Politehnicii Federale din Z\u00fcrich \u015fi am elaborat, totodat\u0103, \u00een aceea\u0219i perioad\u0103 teza de doctorat [&#8230;], m-am prezentat la sus\u021binerea Tezei \u00een prim\u0103vara anului 1925 [&#8230;], pre\u0219edintele comisiei era profesorul A. Stodola, decan pe atunci [&#8230;], iar membrii \u2013 profesorii Franz Pr\u00e1\u0161il, I. Kuhlmann \u015fi E. Meissner [&#8230;], conform uzan\u021bei academice [&#8230;] s-au ridicat cu to\u021bii \u00een picioare, iar pre\u0219edintele mi-a str\u00e2ns solemn m\u00e2na: \u00ab&nbsp;Felicit\u0103ri, domnule coleg!&nbsp;\u00bb Expresia \u00eensemna c\u0103 fusesem promovat doctor \u00een \u0219tiin\u021be tehnice [&#8230;]&#8221;. Diploma i-a fost eliberat\u0103 abia \u00een 2 iulie 1925 prin intermediul so\u021biei lui, el fiind deja \u00eentors \u00een Rom\u00e2nia.<\/p>\n\n\n\n<p>Red\u0103m traducerea integral\u0103 din limba german\u0103 a textului diplomei: \u201eUniversitatea Tehnic\u0103 Federal\u0103 din Z\u00fcrich &nbsp;\/ confer\u0103 prin prezenta \/ domnului \/ DORIN PAVEL \/ inginer mecanic diplomat \/ din Sebe\u0219ul-S\u0103sesc (Rom\u00e2nia) \/ titlul de \/ Doctor \u00een \u0218tiin\u021be Tehnice \/ dup\u0103 demonstrarea competen\u021belor \u0219tiin\u021bifice \u00een cadrul Departamentului de Inginerie Mecanic\u0103 \u0219i Electrotehnic\u0103, prin sus\u021binerea tezei \/&nbsp;<em>Fluxuri plane de poten\u021bial transmise prin gr\u0103tare \u0219i ro\u021bi de tip Kraisel<\/em>&nbsp;\/ precum \u0219i prin examinare, conform procedurii \u00een vigoare. \/ Z\u00fcrich, 2 iulie 1925 \/ \u00cen numele Corpului Profesoral al Universit\u0103\u021bii Tehnice Federale din Z\u00fcrich \/ Rector \/ Semnat: ROHN \/ Conducerea Departamentului de Inginerie Mecanic\u0103 \u0219i Electrotehnic\u0103 \/ Semnat: A. STODOLA&#8221;.<\/p>\n\n\n\n<p>Profesorul Dorin Pavel s-a n\u0103scut \u00een Sebe\u015f, la 31 mai 1900, \u00een &nbsp;familia \u00eenv\u0103\u021b\u0103torului Ioan Pavel din Lancr\u0103m \u0219i al Leti\u021biei, sora mai mare a lui Lucian Blaga. Primii ani de \u0219coal\u0103 i-a urmat la Sebe\u0219, la gimnaziul s\u0103sesc, studiile liceale efectu\u00e2ndu-le la Or\u0103\u0219tie \u0219i la Bra\u0219ov, iar cele universitare \u015fi doctoratul la&nbsp; Politehnica din Z\u00fcrich &#8211; Elve\u0163ia.<\/p>\n\n\n\n<p>A fost, prin excelen\u021b\u0103, un tehnician des\u0103v\u00e2r\u0219it, care a desf\u0103\u0219urat o activitate uria\u0219\u0103, elabor\u00e2nd schemele a 567 uzine hidroelectrice pe toate r\u00e2urile \u021b\u0103rii, dar \u0219i un mare dasc\u0103l, activ\u00e2nd peste 50 de ani la catedr\u0103, printre studen\u021bii s\u0103i num\u0103r\u00e2ndu-se inclusiv fostul pre\u0219edinte al Rom\u00e2niei, inginerul Ion Iliescu. La baza realiz\u0103rilor sale st\u0103 lucrarea \u201ePlan general de amenajare a for\u021belor hidraulice din Rom\u00e2nia&#8221;, \u00eentocmit\u0103 \u00een anul 1933, plan perfec\u021bionat \u0219i completat prin alte numeroase lucr\u0103ri teoretice \u0219i practice de teren, care au dus la finalizarea obiectivelor hidroenergetice din \u021bara noastr\u0103, toate incluz\u00e2nd, sub o form\u0103 sau alta, \u0219i contribu\u021bia lui Dorin Pavel. A fost autor sau coautor al proiectelor \u0219i al lucr\u0103rilor efective de amenajare hidrotehnic\u0103 a apelor de pe r\u00e2urile B\u00e2rzava, Nera, Semenic, Timi\u0219, Bistri\u021ba, Arge\u0219, Lotru, Some\u0219, Dr\u0103gan, Sebe\u0219, R\u00e2ul Mare, Olt \u0219i Dun\u0103re. S-a stins din via\u021b\u0103 la 6 iulie 1979, la Bucure\u0219ti, dar \u00ee\u0219i doarme somnul de veci \u00een Lancr\u0103m. Post-mortem, \u00een anul 1995, i-a fost conferit titlul de \u201eCet\u0103\u021bean de onoare&#8221; al Municipiului Sebe\u0219.<\/p>\n","protected":false},"excerpt":{"rendered":"<p>Diploma de doctor a academicianului Dorin Pavel, fondatorul hidroenergeticii rom\u00e2ne\u015fti Exponatul lunii iunie 2024 la Muzeul Municipal \u201eIoan Raica&#8221; din Sebe\u015f este un exemplar al diplomei care atest\u0103 ob\u021binerea titlului \u0219tiin\u021bific de doctor, al inginerului Dorin Pavel (1900-1979), ob\u021binut la universitatea din Z\u00fcrich. Despre ob\u021binerea titlului ne vorbe\u0219te chiar Dorin Pavel, \u00een lucrarea sa autobiografic\u0103, &hellip;<\/p>\n","protected":false},"author":16,"featured_media":112225,"comment_status":"open","ping_status":"open","sticky":false,"template":"","format":"standard","meta":{"inline_featured_image":false,"footnotes":""},"categories":[4],"tags":[],"class_list":["post-112224","post","type-post","status-publish","format-standard","has-post-thumbnail","hentry","category-eveniment"],"yoast_head":"<!-- This site is optimized with the Yoast SEO plugin v27.4 - https:\/\/yoast.com\/product\/yoast-seo-wordpress\/ -->\n<title>Exponatul lunii iunie la Muzeul Municipal \u201eIoan Raica&quot; Sebe\u015f - Revista Urbea Mea - Revista de Alba<\/title>\n<meta name=\"description\" content=\"Diploma de doctor a academicianului Dorin Pavel, fondatorul hidroenergeticii rom\u00e2ne\u015fti Exponatul lunii iunie 2024 la Muzeul Municipal \u201eIoan Raica&quot; din\" \/>\n<meta name=\"robots\" content=\"index, follow, max-snippet:-1, max-image-preview:large, max-video-preview:-1\" \/>\n<link rel=\"canonical\" href=\"https:\/\/urbeamea.ro\/albaiulia\/exponatul-lunii-iunie-la-muzeul-municipal-ioan-raica-sebes\/\" \/>\n<meta name=\"twitter:card\" content=\"summary_large_image\" \/>\n<meta name=\"twitter:title\" content=\"Exponatul lunii iunie la Muzeul Municipal \u201eIoan Raica&quot; Sebe\u015f - Revista Urbea Mea - Revista de Alba\" \/>\n<meta name=\"twitter:description\" content=\"Diploma de doctor a academicianului Dorin Pavel, fondatorul hidroenergeticii rom\u00e2ne\u015fti Exponatul lunii iunie 2024 la Muzeul Municipal \u201eIoan Raica&quot; din\" \/>\n<meta name=\"twitter:image\" content=\"https:\/\/urbeamea.ro\/albaiulia\/wp-content\/uploads\/2024\/06\/diploma-doctor-DorinPavel.jpg\" \/>\n<meta name=\"twitter:creator\" content=\"@urbeameaweb\" \/>\n<meta name=\"twitter:site\" content=\"@urbeameaweb\" \/>\n<script type=\"application\/ld+json\" class=\"yoast-schema-graph\">{\"@context\":\"https:\\\/\\\/schema.org\",\"@graph\":[{\"@type\":\"Article\",\"@id\":\"https:\\\/\\\/urbeamea.ro\\\/albaiulia\\\/exponatul-lunii-iunie-la-muzeul-municipal-ioan-raica-sebes\\\/#article\",\"isPartOf\":{\"@id\":\"https:\\\/\\\/urbeamea.ro\\\/albaiulia\\\/exponatul-lunii-iunie-la-muzeul-municipal-ioan-raica-sebes\\\/\"},\"author\":{\"name\":\"Redac\u021bia UrbeaMea\",\"@id\":\"https:\\\/\\\/urbeamea.ro\\\/albaiulia\\\/#\\\/schema\\\/person\\\/272ae98052f8ee8980f59848df070247\"},\"headline\":\"Exponatul lunii iunie la Muzeul Municipal \u201eIoan Raica&#8221; Sebe\u015f\",\"datePublished\":\"2024-06-19T07:56:33+00:00\",\"dateModified\":\"2024-06-19T07:56:34+00:00\",\"mainEntityOfPage\":{\"@id\":\"https:\\\/\\\/urbeamea.ro\\\/albaiulia\\\/exponatul-lunii-iunie-la-muzeul-municipal-ioan-raica-sebes\\\/\"},\"wordCount\":559,\"commentCount\":0,\"image\":{\"@id\":\"https:\\\/\\\/urbeamea.ro\\\/albaiulia\\\/exponatul-lunii-iunie-la-muzeul-municipal-ioan-raica-sebes\\\/#primaryimage\"},\"thumbnailUrl\":\"https:\\\/\\\/urbeamea.ro\\\/albaiulia\\\/wp-content\\\/uploads\\\/2024\\\/06\\\/diploma-doctor-DorinPavel.jpg\",\"articleSection\":[\"Evenimente\"],\"inLanguage\":\"ro-RO\",\"potentialAction\":[{\"@type\":\"CommentAction\",\"name\":\"Comment\",\"target\":[\"https:\\\/\\\/urbeamea.ro\\\/albaiulia\\\/exponatul-lunii-iunie-la-muzeul-municipal-ioan-raica-sebes\\\/#respond\"]}]},{\"@type\":\"WebPage\",\"@id\":\"https:\\\/\\\/urbeamea.ro\\\/albaiulia\\\/exponatul-lunii-iunie-la-muzeul-municipal-ioan-raica-sebes\\\/\",\"url\":\"https:\\\/\\\/urbeamea.ro\\\/albaiulia\\\/exponatul-lunii-iunie-la-muzeul-municipal-ioan-raica-sebes\\\/\",\"name\":\"Exponatul lunii iunie la Muzeul Municipal \u201eIoan Raica\\\" Sebe\u015f - Revista Urbea Mea - Revista de Alba\",\"isPartOf\":{\"@id\":\"https:\\\/\\\/urbeamea.ro\\\/albaiulia\\\/#website\"},\"primaryImageOfPage\":{\"@id\":\"https:\\\/\\\/urbeamea.ro\\\/albaiulia\\\/exponatul-lunii-iunie-la-muzeul-municipal-ioan-raica-sebes\\\/#primaryimage\"},\"image\":{\"@id\":\"https:\\\/\\\/urbeamea.ro\\\/albaiulia\\\/exponatul-lunii-iunie-la-muzeul-municipal-ioan-raica-sebes\\\/#primaryimage\"},\"thumbnailUrl\":\"https:\\\/\\\/urbeamea.ro\\\/albaiulia\\\/wp-content\\\/uploads\\\/2024\\\/06\\\/diploma-doctor-DorinPavel.jpg\",\"datePublished\":\"2024-06-19T07:56:33+00:00\",\"dateModified\":\"2024-06-19T07:56:34+00:00\",\"author\":{\"@id\":\"https:\\\/\\\/urbeamea.ro\\\/albaiulia\\\/#\\\/schema\\\/person\\\/272ae98052f8ee8980f59848df070247\"},\"description\":\"Diploma de doctor a academicianului Dorin Pavel, fondatorul hidroenergeticii rom\u00e2ne\u015fti Exponatul lunii iunie 2024 la Muzeul Municipal \u201eIoan Raica\\\" din\",\"breadcrumb\":{\"@id\":\"https:\\\/\\\/urbeamea.ro\\\/albaiulia\\\/exponatul-lunii-iunie-la-muzeul-municipal-ioan-raica-sebes\\\/#breadcrumb\"},\"inLanguage\":\"ro-RO\",\"potentialAction\":[{\"@type\":\"ReadAction\",\"target\":[\"https:\\\/\\\/urbeamea.ro\\\/albaiulia\\\/exponatul-lunii-iunie-la-muzeul-municipal-ioan-raica-sebes\\\/\"]}]},{\"@type\":\"ImageObject\",\"inLanguage\":\"ro-RO\",\"@id\":\"https:\\\/\\\/urbeamea.ro\\\/albaiulia\\\/exponatul-lunii-iunie-la-muzeul-municipal-ioan-raica-sebes\\\/#primaryimage\",\"url\":\"https:\\\/\\\/urbeamea.ro\\\/albaiulia\\\/wp-content\\\/uploads\\\/2024\\\/06\\\/diploma-doctor-DorinPavel.jpg\",\"contentUrl\":\"https:\\\/\\\/urbeamea.ro\\\/albaiulia\\\/wp-content\\\/uploads\\\/2024\\\/06\\\/diploma-doctor-DorinPavel.jpg\",\"width\":1116,\"height\":1600},{\"@type\":\"BreadcrumbList\",\"@id\":\"https:\\\/\\\/urbeamea.ro\\\/albaiulia\\\/exponatul-lunii-iunie-la-muzeul-municipal-ioan-raica-sebes\\\/#breadcrumb\",\"itemListElement\":[{\"@type\":\"ListItem\",\"position\":1,\"name\":\"Prima pagin\u0103\",\"item\":\"https:\\\/\\\/urbeamea.ro\\\/albaiulia\\\/\"},{\"@type\":\"ListItem\",\"position\":2,\"name\":\"Exponatul lunii iunie la Muzeul Municipal \u201eIoan Raica&#8221; Sebe\u015f\"}]},{\"@type\":\"WebSite\",\"@id\":\"https:\\\/\\\/urbeamea.ro\\\/albaiulia\\\/#website\",\"url\":\"https:\\\/\\\/urbeamea.ro\\\/albaiulia\\\/\",\"name\":\"Revista Urbea Mea, Stiri urbane\",\"description\":\"Evenimente \u0219i \u0219tiri din Alba Iulia, Sebe\u0219, Aiud, Blaj\",\"potentialAction\":[{\"@type\":\"SearchAction\",\"target\":{\"@type\":\"EntryPoint\",\"urlTemplate\":\"https:\\\/\\\/urbeamea.ro\\\/albaiulia\\\/?s={search_term_string}\"},\"query-input\":{\"@type\":\"PropertyValueSpecification\",\"valueRequired\":true,\"valueName\":\"search_term_string\"}}],\"inLanguage\":\"ro-RO\"},{\"@type\":\"Person\",\"@id\":\"https:\\\/\\\/urbeamea.ro\\\/albaiulia\\\/#\\\/schema\\\/person\\\/272ae98052f8ee8980f59848df070247\",\"name\":\"Redac\u021bia UrbeaMea\",\"image\":{\"@type\":\"ImageObject\",\"inLanguage\":\"ro-RO\",\"@id\":\"https:\\\/\\\/secure.gravatar.com\\\/avatar\\\/9ce5a9435071fa1037e8468053ead8e513dbbff59009d3069aadb85506d85a27?s=96&d=mm&r=g\",\"url\":\"https:\\\/\\\/secure.gravatar.com\\\/avatar\\\/9ce5a9435071fa1037e8468053ead8e513dbbff59009d3069aadb85506d85a27?s=96&d=mm&r=g\",\"contentUrl\":\"https:\\\/\\\/secure.gravatar.com\\\/avatar\\\/9ce5a9435071fa1037e8468053ead8e513dbbff59009d3069aadb85506d85a27?s=96&d=mm&r=g\",\"caption\":\"Redac\u021bia UrbeaMea\"},\"description\":\"contact@urbeamea.ro\",\"sameAs\":[\"https:\\\/\\\/www.urbeamea.ro\"],\"url\":\"https:\\\/\\\/urbeamea.ro\\\/albaiulia\\\/author\\\/redactia-urbeamea\\\/\"}]}<\/script>\n<!-- \/ Yoast SEO plugin. -->","yoast_head_json":{"title":"Exponatul lunii iunie la Muzeul Municipal \u201eIoan Raica\" Sebe\u015f - Revista Urbea Mea - Revista de Alba","description":"Diploma de doctor a academicianului Dorin Pavel, fondatorul hidroenergeticii rom\u00e2ne\u015fti Exponatul lunii iunie 2024 la Muzeul Municipal \u201eIoan Raica\" din","robots":{"index":"index","follow":"follow","max-snippet":"max-snippet:-1","max-image-preview":"max-image-preview:large","max-video-preview":"max-video-preview:-1"},"canonical":"https:\/\/urbeamea.ro\/albaiulia\/exponatul-lunii-iunie-la-muzeul-municipal-ioan-raica-sebes\/","twitter_card":"summary_large_image","twitter_title":"Exponatul lunii iunie la Muzeul Municipal \u201eIoan Raica\" Sebe\u015f - Revista Urbea Mea - Revista de Alba","twitter_description":"Diploma de doctor a academicianului Dorin Pavel, fondatorul hidroenergeticii rom\u00e2ne\u015fti Exponatul lunii iunie 2024 la Muzeul Municipal \u201eIoan Raica\" din","twitter_image":"https:\/\/urbeamea.ro\/albaiulia\/wp-content\/uploads\/2024\/06\/diploma-doctor-DorinPavel.jpg","twitter_creator":"@urbeameaweb","twitter_site":"@urbeameaweb","schema":{"@context":"https:\/\/schema.org","@graph":[{"@type":"Article","@id":"https:\/\/urbeamea.ro\/albaiulia\/exponatul-lunii-iunie-la-muzeul-municipal-ioan-raica-sebes\/#article","isPartOf":{"@id":"https:\/\/urbeamea.ro\/albaiulia\/exponatul-lunii-iunie-la-muzeul-municipal-ioan-raica-sebes\/"},"author":{"name":"Redac\u021bia UrbeaMea","@id":"https:\/\/urbeamea.ro\/albaiulia\/#\/schema\/person\/272ae98052f8ee8980f59848df070247"},"headline":"Exponatul lunii iunie la Muzeul Municipal \u201eIoan Raica&#8221; Sebe\u015f","datePublished":"2024-06-19T07:56:33+00:00","dateModified":"2024-06-19T07:56:34+00:00","mainEntityOfPage":{"@id":"https:\/\/urbeamea.ro\/albaiulia\/exponatul-lunii-iunie-la-muzeul-municipal-ioan-raica-sebes\/"},"wordCount":559,"commentCount":0,"image":{"@id":"https:\/\/urbeamea.ro\/albaiulia\/exponatul-lunii-iunie-la-muzeul-municipal-ioan-raica-sebes\/#primaryimage"},"thumbnailUrl":"https:\/\/urbeamea.ro\/albaiulia\/wp-content\/uploads\/2024\/06\/diploma-doctor-DorinPavel.jpg","articleSection":["Evenimente"],"inLanguage":"ro-RO","potentialAction":[{"@type":"CommentAction","name":"Comment","target":["https:\/\/urbeamea.ro\/albaiulia\/exponatul-lunii-iunie-la-muzeul-municipal-ioan-raica-sebes\/#respond"]}]},{"@type":"WebPage","@id":"https:\/\/urbeamea.ro\/albaiulia\/exponatul-lunii-iunie-la-muzeul-municipal-ioan-raica-sebes\/","url":"https:\/\/urbeamea.ro\/albaiulia\/exponatul-lunii-iunie-la-muzeul-municipal-ioan-raica-sebes\/","name":"Exponatul lunii iunie la Muzeul Municipal \u201eIoan Raica\" Sebe\u015f - Revista Urbea Mea - Revista de Alba","isPartOf":{"@id":"https:\/\/urbeamea.ro\/albaiulia\/#website"},"primaryImageOfPage":{"@id":"https:\/\/urbeamea.ro\/albaiulia\/exponatul-lunii-iunie-la-muzeul-municipal-ioan-raica-sebes\/#primaryimage"},"image":{"@id":"https:\/\/urbeamea.ro\/albaiulia\/exponatul-lunii-iunie-la-muzeul-municipal-ioan-raica-sebes\/#primaryimage"},"thumbnailUrl":"https:\/\/urbeamea.ro\/albaiulia\/wp-content\/uploads\/2024\/06\/diploma-doctor-DorinPavel.jpg","datePublished":"2024-06-19T07:56:33+00:00","dateModified":"2024-06-19T07:56:34+00:00","author":{"@id":"https:\/\/urbeamea.ro\/albaiulia\/#\/schema\/person\/272ae98052f8ee8980f59848df070247"},"description":"Diploma de doctor a academicianului Dorin Pavel, fondatorul hidroenergeticii rom\u00e2ne\u015fti Exponatul lunii iunie 2024 la Muzeul Municipal \u201eIoan Raica\" din","breadcrumb":{"@id":"https:\/\/urbeamea.ro\/albaiulia\/exponatul-lunii-iunie-la-muzeul-municipal-ioan-raica-sebes\/#breadcrumb"},"inLanguage":"ro-RO","potentialAction":[{"@type":"ReadAction","target":["https:\/\/urbeamea.ro\/albaiulia\/exponatul-lunii-iunie-la-muzeul-municipal-ioan-raica-sebes\/"]}]},{"@type":"ImageObject","inLanguage":"ro-RO","@id":"https:\/\/urbeamea.ro\/albaiulia\/exponatul-lunii-iunie-la-muzeul-municipal-ioan-raica-sebes\/#primaryimage","url":"https:\/\/urbeamea.ro\/albaiulia\/wp-content\/uploads\/2024\/06\/diploma-doctor-DorinPavel.jpg","contentUrl":"https:\/\/urbeamea.ro\/albaiulia\/wp-content\/uploads\/2024\/06\/diploma-doctor-DorinPavel.jpg","width":1116,"height":1600},{"@type":"BreadcrumbList","@id":"https:\/\/urbeamea.ro\/albaiulia\/exponatul-lunii-iunie-la-muzeul-municipal-ioan-raica-sebes\/#breadcrumb","itemListElement":[{"@type":"ListItem","position":1,"name":"Prima pagin\u0103","item":"https:\/\/urbeamea.ro\/albaiulia\/"},{"@type":"ListItem","position":2,"name":"Exponatul lunii iunie la Muzeul Municipal \u201eIoan Raica&#8221; Sebe\u015f"}]},{"@type":"WebSite","@id":"https:\/\/urbeamea.ro\/albaiulia\/#website","url":"https:\/\/urbeamea.ro\/albaiulia\/","name":"Revista Urbea Mea, Stiri urbane","description":"Evenimente \u0219i \u0219tiri din Alba Iulia, Sebe\u0219, Aiud, Blaj","potentialAction":[{"@type":"SearchAction","target":{"@type":"EntryPoint","urlTemplate":"https:\/\/urbeamea.ro\/albaiulia\/?s={search_term_string}"},"query-input":{"@type":"PropertyValueSpecification","valueRequired":true,"valueName":"search_term_string"}}],"inLanguage":"ro-RO"},{"@type":"Person","@id":"https:\/\/urbeamea.ro\/albaiulia\/#\/schema\/person\/272ae98052f8ee8980f59848df070247","name":"Redac\u021bia UrbeaMea","image":{"@type":"ImageObject","inLanguage":"ro-RO","@id":"https:\/\/secure.gravatar.com\/avatar\/9ce5a9435071fa1037e8468053ead8e513dbbff59009d3069aadb85506d85a27?s=96&d=mm&r=g","url":"https:\/\/secure.gravatar.com\/avatar\/9ce5a9435071fa1037e8468053ead8e513dbbff59009d3069aadb85506d85a27?s=96&d=mm&r=g","contentUrl":"https:\/\/secure.gravatar.com\/avatar\/9ce5a9435071fa1037e8468053ead8e513dbbff59009d3069aadb85506d85a27?s=96&d=mm&r=g","caption":"Redac\u021bia UrbeaMea"},"description":"contact@urbeamea.ro","sameAs":["https:\/\/www.urbeamea.ro"],"url":"https:\/\/urbeamea.ro\/albaiulia\/author\/redactia-urbeamea\/"}]}},"_links":{"self":[{"href":"https:\/\/urbeamea.ro\/albaiulia\/wp-json\/wp\/v2\/posts\/112224","targetHints":{"allow":["GET"]}}],"collection":[{"href":"https:\/\/urbeamea.ro\/albaiulia\/wp-json\/wp\/v2\/posts"}],"about":[{"href":"https:\/\/urbeamea.ro\/albaiulia\/wp-json\/wp\/v2\/types\/post"}],"author":[{"embeddable":true,"href":"https:\/\/urbeamea.ro\/albaiulia\/wp-json\/wp\/v2\/users\/16"}],"replies":[{"embeddable":true,"href":"https:\/\/urbeamea.ro\/albaiulia\/wp-json\/wp\/v2\/comments?post=112224"}],"version-history":[{"count":1,"href":"https:\/\/urbeamea.ro\/albaiulia\/wp-json\/wp\/v2\/posts\/112224\/revisions"}],"predecessor-version":[{"id":112226,"href":"https:\/\/urbeamea.ro\/albaiulia\/wp-json\/wp\/v2\/posts\/112224\/revisions\/112226"}],"wp:featuredmedia":[{"embeddable":true,"href":"https:\/\/urbeamea.ro\/albaiulia\/wp-json\/wp\/v2\/media\/112225"}],"wp:attachment":[{"href":"https:\/\/urbeamea.ro\/albaiulia\/wp-json\/wp\/v2\/media?parent=112224"}],"wp:term":[{"taxonomy":"category","embeddable":true,"href":"https:\/\/urbeamea.ro\/albaiulia\/wp-json\/wp\/v2\/categories?post=112224"},{"taxonomy":"post_tag","embeddable":true,"href":"https:\/\/urbeamea.ro\/albaiulia\/wp-json\/wp\/v2\/tags?post=112224"}],"curies":[{"name":"wp","href":"https:\/\/api.w.org\/{rel}","templated":true}]}}