{"id":112227,"date":"2024-06-19T11:00:34","date_gmt":"2024-06-19T08:00:34","guid":{"rendered":"https:\/\/urbeamea.ro\/albaiulia\/?p=112227"},"modified":"2024-06-19T11:00:35","modified_gmt":"2024-06-19T08:00:35","slug":"cresa-moderna-din-parcul-arini-sebes-primarul-dorin-nistor-prezinta-stadiul-lucrarilor","status":"publish","type":"post","link":"https:\/\/urbeamea.ro\/albaiulia\/cresa-moderna-din-parcul-arini-sebes-primarul-dorin-nistor-prezinta-stadiul-lucrarilor\/","title":{"rendered":"Cre\u0219a modern\u0103 din Parcul Arini Sebe\u0219 \u2013 primarul Dorin Nistor prezint\u0103 stadiul lucr\u0103rilor"},"content":{"rendered":"\n<blockquote class=\"wp-block-quote is-layout-flow wp-block-quote-is-layout-flow\">\n<p>A\u0219a cum probabil\u00a0\u0219ti\u021bi, \u00een Parcul Arini construim o cre\u0219\u0103\u00a0care va primi 40 de copii\u00a0\u0219i care estim\u0103m c\u0103\u00a0va fi finalizat\u0103\u00a0\u00een prim\u0103vara anului viitor. Lucr\u0103rile se realizeaz\u0103\u00a0printr-o finan\u021bare nerambursabil\u0103, iar terenul necesar este pus la dispozi\u021bie de autoritatea local\u0103\u00a0\u0219i are o suprafa\u021ba de 1.600 metri p\u0103tra\u021bi. Cl\u0103direa va fi eficient\u0103\u00a0energetic\u00a0\u0219i va beneficia de toate facilit\u0103\u021bile prev\u0103zute de reglement\u0103rile legale: camere de joac\u0103, dormitoare, sp\u0103l\u0103torie proprie,\u00a0buc\u0103t\u0103rie, sal\u0103\u00a0mare func\u021bional\u0103, cabinet medical, spa\u021bii administrative. Spa\u021biile de joac\u0103\u00a0\u00een aer liber vor fi generoase, de cel pu\u021bin 10 metri p\u0103tra\u021bi pentru fiecare copil. Acoperi\u0219ul va putea fi folosit\u00a0\u0219i pentru a fi amenajate spa\u021bii verzi, terase \u00eenverzite. Tot pe acoperi\u0219\u00a0se vor monta panouri fotovoltaice pentru a asigura energia necesar\u0103\u00a0func\u021bion\u0103rii.<\/p>\n<cite>Dorin Nistor, primarul Sebe\u0219ului<\/cite><\/blockquote>\n\n\n\n<p>Reamintim faptul c\u0103 Prim\u0103ria Municipiului Sebe\u0219 a derulat mai multe investi\u021bii cu finan\u021b\u0103ri nerambursabile pentru infrastructura de educa\u021bie dedicat\u0103 pre\u0219colarilor (segment deficitar \u00een localitate): a fost finalizat\u0103 cre\u0219a \u0219i gr\u0103dini\u021ba din cartierul Valea Frumoasei, iar \u00een cartierul Aleea Parc se afl\u0103 pe ultima sut\u0103 de metri lucr\u0103rile pentru o nou\u0103 cre\u0219\u0103.<\/p>\n\n\n\n<figure class=\"wp-block-gallery has-nested-images columns-default is-cropped wp-block-gallery-1 is-layout-flex wp-block-gallery-is-layout-flex\">\n<figure class=\"wp-block-image size-large\"><a href=\"https:\/\/urbeamea.ro\/albaiulia\/wp-content\/uploads\/2024\/06\/Imagine-WhatsApp-2024-06-18-la-20.21.56_d6420a81.jpg\"><img loading=\"lazy\" decoding=\"async\" width=\"1280\" height=\"960\" data-id=\"112230\" src=\"https:\/\/urbeamea.ro\/albaiulia\/wp-content\/uploads\/2024\/06\/Imagine-WhatsApp-2024-06-18-la-20.21.56_d6420a81-1280x960.jpg\" alt=\"\" class=\"wp-image-112230\" srcset=\"https:\/\/urbeamea.ro\/albaiulia\/wp-content\/uploads\/2024\/06\/Imagine-WhatsApp-2024-06-18-la-20.21.56_d6420a81-1280x960.jpg 1280w, https:\/\/urbeamea.ro\/albaiulia\/wp-content\/uploads\/2024\/06\/Imagine-WhatsApp-2024-06-18-la-20.21.56_d6420a81-640x480.jpg 640w, https:\/\/urbeamea.ro\/albaiulia\/wp-content\/uploads\/2024\/06\/Imagine-WhatsApp-2024-06-18-la-20.21.56_d6420a81-150x113.jpg 150w, https:\/\/urbeamea.ro\/albaiulia\/wp-content\/uploads\/2024\/06\/Imagine-WhatsApp-2024-06-18-la-20.21.56_d6420a81-768x576.jpg 768w, https:\/\/urbeamea.ro\/albaiulia\/wp-content\/uploads\/2024\/06\/Imagine-WhatsApp-2024-06-18-la-20.21.56_d6420a81-1536x1152.jpg 1536w, https:\/\/urbeamea.ro\/albaiulia\/wp-content\/uploads\/2024\/06\/Imagine-WhatsApp-2024-06-18-la-20.21.56_d6420a81.jpg 1600w\" sizes=\"auto, (max-width: 1280px) 100vw, 1280px\" \/><\/a><\/figure>\n\n\n\n<figure class=\"wp-block-image size-large\"><a href=\"https:\/\/urbeamea.ro\/albaiulia\/wp-content\/uploads\/2024\/06\/Imagine-WhatsApp-2024-05-24-la-11.49.53_ffde596b.jpg\"><img loading=\"lazy\" decoding=\"async\" width=\"800\" height=\"533\" data-id=\"112228\" src=\"https:\/\/urbeamea.ro\/albaiulia\/wp-content\/uploads\/2024\/06\/Imagine-WhatsApp-2024-05-24-la-11.49.53_ffde596b.jpg\" alt=\"\" class=\"wp-image-112228\" srcset=\"https:\/\/urbeamea.ro\/albaiulia\/wp-content\/uploads\/2024\/06\/Imagine-WhatsApp-2024-05-24-la-11.49.53_ffde596b.jpg 800w, https:\/\/urbeamea.ro\/albaiulia\/wp-content\/uploads\/2024\/06\/Imagine-WhatsApp-2024-05-24-la-11.49.53_ffde596b-640x426.jpg 640w, https:\/\/urbeamea.ro\/albaiulia\/wp-content\/uploads\/2024\/06\/Imagine-WhatsApp-2024-05-24-la-11.49.53_ffde596b-150x100.jpg 150w, https:\/\/urbeamea.ro\/albaiulia\/wp-content\/uploads\/2024\/06\/Imagine-WhatsApp-2024-05-24-la-11.49.53_ffde596b-768x512.jpg 768w\" sizes=\"auto, (max-width: 800px) 100vw, 800px\" \/><\/a><\/figure>\n\n\n\n<figure class=\"wp-block-image size-large\"><a href=\"https:\/\/urbeamea.ro\/albaiulia\/wp-content\/uploads\/2024\/06\/Imagine-WhatsApp-2024-06-18-la-20.21.53_4fb053ef.jpg\"><img loading=\"lazy\" decoding=\"async\" width=\"805\" height=\"1280\" data-id=\"112229\" src=\"https:\/\/urbeamea.ro\/albaiulia\/wp-content\/uploads\/2024\/06\/Imagine-WhatsApp-2024-06-18-la-20.21.53_4fb053ef-805x1280.jpg\" alt=\"\" class=\"wp-image-112229\" srcset=\"https:\/\/urbeamea.ro\/albaiulia\/wp-content\/uploads\/2024\/06\/Imagine-WhatsApp-2024-06-18-la-20.21.53_4fb053ef-805x1280.jpg 805w, https:\/\/urbeamea.ro\/albaiulia\/wp-content\/uploads\/2024\/06\/Imagine-WhatsApp-2024-06-18-la-20.21.53_4fb053ef-403x640.jpg 403w, https:\/\/urbeamea.ro\/albaiulia\/wp-content\/uploads\/2024\/06\/Imagine-WhatsApp-2024-06-18-la-20.21.53_4fb053ef-94x150.jpg 94w, https:\/\/urbeamea.ro\/albaiulia\/wp-content\/uploads\/2024\/06\/Imagine-WhatsApp-2024-06-18-la-20.21.53_4fb053ef-768x1221.jpg 768w, https:\/\/urbeamea.ro\/albaiulia\/wp-content\/uploads\/2024\/06\/Imagine-WhatsApp-2024-06-18-la-20.21.53_4fb053ef.jpg 891w\" sizes=\"auto, (max-width: 805px) 100vw, 805px\" \/><\/a><\/figure>\n<\/figure>\n","protected":false},"excerpt":{"rendered":"<p>A\u0219a cum probabil\u00a0\u0219ti\u021bi, \u00een Parcul Arini construim o cre\u0219\u0103\u00a0care va primi 40 de copii\u00a0\u0219i care estim\u0103m c\u0103\u00a0va fi finalizat\u0103\u00a0\u00een prim\u0103vara anului viitor. Lucr\u0103rile se realizeaz\u0103\u00a0printr-o finan\u021bare nerambursabil\u0103, iar terenul necesar este pus la dispozi\u021bie de autoritatea local\u0103\u00a0\u0219i are o suprafa\u021ba de 1.600 metri p\u0103tra\u021bi. Cl\u0103direa va fi eficient\u0103\u00a0energetic\u00a0\u0219i va beneficia de toate facilit\u0103\u021bile prev\u0103zute de &hellip;<\/p>\n","protected":false},"author":16,"featured_media":112231,"comment_status":"open","ping_status":"open","sticky":false,"template":"","format":"standard","meta":{"inline_featured_image":false,"footnotes":""},"categories":[2039],"tags":[25008],"class_list":["post-112227","post","type-post","status-publish","format-standard","has-post-thumbnail","hentry","category-educatie","tag-cresa-noua-sebes"],"yoast_head":"<!-- This site is optimized with the Yoast SEO plugin v27.4 - https:\/\/yoast.com\/product\/yoast-seo-wordpress\/ -->\n<title>Cre\u0219a modern\u0103 din Parcul Arini Sebe\u0219 \u2013 primarul Dorin Nistor prezint\u0103 stadiul lucr\u0103rilor - Revista Urbea Mea - Revista de Alba<\/title>\n<meta name=\"description\" content=\"A\u0219a cum probabil\u00a0\u0219ti\u021bi, \u00een Parcul Arini construim o cre\u0219\u0103\u00a0care va primi 40 de copii\u00a0\u0219i care estim\u0103m c\u0103\u00a0va fi finalizat\u0103\u00a0\u00een prim\u0103vara anului viitor.\" \/>\n<meta name=\"robots\" content=\"index, follow, max-snippet:-1, max-image-preview:large, max-video-preview:-1\" \/>\n<link rel=\"canonical\" href=\"https:\/\/urbeamea.ro\/albaiulia\/cresa-moderna-din-parcul-arini-sebes-primarul-dorin-nistor-prezinta-stadiul-lucrarilor\/\" \/>\n<meta name=\"twitter:card\" content=\"summary_large_image\" \/>\n<meta name=\"twitter:title\" content=\"Cre\u0219a modern\u0103 din Parcul Arini Sebe\u0219 \u2013 primarul Dorin Nistor prezint\u0103 stadiul lucr\u0103rilor - Revista Urbea Mea - Revista de Alba\" \/>\n<meta name=\"twitter:description\" content=\"A\u0219a cum probabil\u00a0\u0219ti\u021bi, \u00een Parcul Arini construim o cre\u0219\u0103\u00a0care va primi 40 de copii\u00a0\u0219i care estim\u0103m c\u0103\u00a0va fi finalizat\u0103\u00a0\u00een prim\u0103vara anului viitor.\" \/>\n<meta name=\"twitter:image\" content=\"https:\/\/urbeamea.ro\/albaiulia\/wp-content\/uploads\/2024\/06\/Imagine-WhatsApp-2024-05-24-la-11.49.53_8f8a88bf.jpg\" \/>\n<meta name=\"twitter:creator\" content=\"@urbeameaweb\" \/>\n<meta name=\"twitter:site\" content=\"@urbeameaweb\" \/>\n<script type=\"application\/ld+json\" class=\"yoast-schema-graph\">{\"@context\":\"https:\\\/\\\/schema.org\",\"@graph\":[{\"@type\":\"Article\",\"@id\":\"https:\\\/\\\/urbeamea.ro\\\/albaiulia\\\/cresa-moderna-din-parcul-arini-sebes-primarul-dorin-nistor-prezinta-stadiul-lucrarilor\\\/#article\",\"isPartOf\":{\"@id\":\"https:\\\/\\\/urbeamea.ro\\\/albaiulia\\\/cresa-moderna-din-parcul-arini-sebes-primarul-dorin-nistor-prezinta-stadiul-lucrarilor\\\/\"},\"author\":{\"name\":\"Redac\u021bia UrbeaMea\",\"@id\":\"https:\\\/\\\/urbeamea.ro\\\/albaiulia\\\/#\\\/schema\\\/person\\\/272ae98052f8ee8980f59848df070247\"},\"headline\":\"Cre\u0219a modern\u0103 din Parcul Arini Sebe\u0219 \u2013 primarul Dorin Nistor prezint\u0103 stadiul lucr\u0103rilor\",\"datePublished\":\"2024-06-19T08:00:34+00:00\",\"dateModified\":\"2024-06-19T08:00:35+00:00\",\"mainEntityOfPage\":{\"@id\":\"https:\\\/\\\/urbeamea.ro\\\/albaiulia\\\/cresa-moderna-din-parcul-arini-sebes-primarul-dorin-nistor-prezinta-stadiul-lucrarilor\\\/\"},\"wordCount\":230,\"commentCount\":0,\"image\":{\"@id\":\"https:\\\/\\\/urbeamea.ro\\\/albaiulia\\\/cresa-moderna-din-parcul-arini-sebes-primarul-dorin-nistor-prezinta-stadiul-lucrarilor\\\/#primaryimage\"},\"thumbnailUrl\":\"https:\\\/\\\/urbeamea.ro\\\/albaiulia\\\/wp-content\\\/uploads\\\/2024\\\/06\\\/Imagine-WhatsApp-2024-05-24-la-11.49.53_8f8a88bf.jpg\",\"keywords\":[\"cresa noua sebes\"],\"articleSection\":[\"Educa\u021bie\"],\"inLanguage\":\"ro-RO\",\"potentialAction\":[{\"@type\":\"CommentAction\",\"name\":\"Comment\",\"target\":[\"https:\\\/\\\/urbeamea.ro\\\/albaiulia\\\/cresa-moderna-din-parcul-arini-sebes-primarul-dorin-nistor-prezinta-stadiul-lucrarilor\\\/#respond\"]}]},{\"@type\":\"WebPage\",\"@id\":\"https:\\\/\\\/urbeamea.ro\\\/albaiulia\\\/cresa-moderna-din-parcul-arini-sebes-primarul-dorin-nistor-prezinta-stadiul-lucrarilor\\\/\",\"url\":\"https:\\\/\\\/urbeamea.ro\\\/albaiulia\\\/cresa-moderna-din-parcul-arini-sebes-primarul-dorin-nistor-prezinta-stadiul-lucrarilor\\\/\",\"name\":\"Cre\u0219a modern\u0103 din Parcul Arini Sebe\u0219 \u2013 primarul Dorin Nistor prezint\u0103 stadiul lucr\u0103rilor - Revista Urbea Mea - Revista de Alba\",\"isPartOf\":{\"@id\":\"https:\\\/\\\/urbeamea.ro\\\/albaiulia\\\/#website\"},\"primaryImageOfPage\":{\"@id\":\"https:\\\/\\\/urbeamea.ro\\\/albaiulia\\\/cresa-moderna-din-parcul-arini-sebes-primarul-dorin-nistor-prezinta-stadiul-lucrarilor\\\/#primaryimage\"},\"image\":{\"@id\":\"https:\\\/\\\/urbeamea.ro\\\/albaiulia\\\/cresa-moderna-din-parcul-arini-sebes-primarul-dorin-nistor-prezinta-stadiul-lucrarilor\\\/#primaryimage\"},\"thumbnailUrl\":\"https:\\\/\\\/urbeamea.ro\\\/albaiulia\\\/wp-content\\\/uploads\\\/2024\\\/06\\\/Imagine-WhatsApp-2024-05-24-la-11.49.53_8f8a88bf.jpg\",\"datePublished\":\"2024-06-19T08:00:34+00:00\",\"dateModified\":\"2024-06-19T08:00:35+00:00\",\"author\":{\"@id\":\"https:\\\/\\\/urbeamea.ro\\\/albaiulia\\\/#\\\/schema\\\/person\\\/272ae98052f8ee8980f59848df070247\"},\"description\":\"A\u0219a cum probabil\u00a0\u0219ti\u021bi, \u00een Parcul Arini construim o cre\u0219\u0103\u00a0care va primi 40 de copii\u00a0\u0219i care estim\u0103m c\u0103\u00a0va fi finalizat\u0103\u00a0\u00een prim\u0103vara anului viitor.\",\"breadcrumb\":{\"@id\":\"https:\\\/\\\/urbeamea.ro\\\/albaiulia\\\/cresa-moderna-din-parcul-arini-sebes-primarul-dorin-nistor-prezinta-stadiul-lucrarilor\\\/#breadcrumb\"},\"inLanguage\":\"ro-RO\",\"potentialAction\":[{\"@type\":\"ReadAction\",\"target\":[\"https:\\\/\\\/urbeamea.ro\\\/albaiulia\\\/cresa-moderna-din-parcul-arini-sebes-primarul-dorin-nistor-prezinta-stadiul-lucrarilor\\\/\"]}]},{\"@type\":\"ImageObject\",\"inLanguage\":\"ro-RO\",\"@id\":\"https:\\\/\\\/urbeamea.ro\\\/albaiulia\\\/cresa-moderna-din-parcul-arini-sebes-primarul-dorin-nistor-prezinta-stadiul-lucrarilor\\\/#primaryimage\",\"url\":\"https:\\\/\\\/urbeamea.ro\\\/albaiulia\\\/wp-content\\\/uploads\\\/2024\\\/06\\\/Imagine-WhatsApp-2024-05-24-la-11.49.53_8f8a88bf.jpg\",\"contentUrl\":\"https:\\\/\\\/urbeamea.ro\\\/albaiulia\\\/wp-content\\\/uploads\\\/2024\\\/06\\\/Imagine-WhatsApp-2024-05-24-la-11.49.53_8f8a88bf.jpg\",\"width\":800,\"height\":491},{\"@type\":\"BreadcrumbList\",\"@id\":\"https:\\\/\\\/urbeamea.ro\\\/albaiulia\\\/cresa-moderna-din-parcul-arini-sebes-primarul-dorin-nistor-prezinta-stadiul-lucrarilor\\\/#breadcrumb\",\"itemListElement\":[{\"@type\":\"ListItem\",\"position\":1,\"name\":\"Prima pagin\u0103\",\"item\":\"https:\\\/\\\/urbeamea.ro\\\/albaiulia\\\/\"},{\"@type\":\"ListItem\",\"position\":2,\"name\":\"Cre\u0219a modern\u0103 din Parcul Arini Sebe\u0219 \u2013 primarul Dorin Nistor prezint\u0103 stadiul lucr\u0103rilor\"}]},{\"@type\":\"WebSite\",\"@id\":\"https:\\\/\\\/urbeamea.ro\\\/albaiulia\\\/#website\",\"url\":\"https:\\\/\\\/urbeamea.ro\\\/albaiulia\\\/\",\"name\":\"Revista Urbea Mea, Stiri urbane\",\"description\":\"Evenimente \u0219i \u0219tiri din Alba Iulia, Sebe\u0219, Aiud, Blaj\",\"potentialAction\":[{\"@type\":\"SearchAction\",\"target\":{\"@type\":\"EntryPoint\",\"urlTemplate\":\"https:\\\/\\\/urbeamea.ro\\\/albaiulia\\\/?s={search_term_string}\"},\"query-input\":{\"@type\":\"PropertyValueSpecification\",\"valueRequired\":true,\"valueName\":\"search_term_string\"}}],\"inLanguage\":\"ro-RO\"},{\"@type\":\"Person\",\"@id\":\"https:\\\/\\\/urbeamea.ro\\\/albaiulia\\\/#\\\/schema\\\/person\\\/272ae98052f8ee8980f59848df070247\",\"name\":\"Redac\u021bia UrbeaMea\",\"image\":{\"@type\":\"ImageObject\",\"inLanguage\":\"ro-RO\",\"@id\":\"https:\\\/\\\/secure.gravatar.com\\\/avatar\\\/9ce5a9435071fa1037e8468053ead8e513dbbff59009d3069aadb85506d85a27?s=96&d=mm&r=g\",\"url\":\"https:\\\/\\\/secure.gravatar.com\\\/avatar\\\/9ce5a9435071fa1037e8468053ead8e513dbbff59009d3069aadb85506d85a27?s=96&d=mm&r=g\",\"contentUrl\":\"https:\\\/\\\/secure.gravatar.com\\\/avatar\\\/9ce5a9435071fa1037e8468053ead8e513dbbff59009d3069aadb85506d85a27?s=96&d=mm&r=g\",\"caption\":\"Redac\u021bia UrbeaMea\"},\"description\":\"contact@urbeamea.ro\",\"sameAs\":[\"https:\\\/\\\/www.urbeamea.ro\"],\"url\":\"https:\\\/\\\/urbeamea.ro\\\/albaiulia\\\/author\\\/redactia-urbeamea\\\/\"}]}<\/script>\n<!-- \/ Yoast SEO plugin. -->","yoast_head_json":{"title":"Cre\u0219a modern\u0103 din Parcul Arini Sebe\u0219 \u2013 primarul Dorin Nistor prezint\u0103 stadiul lucr\u0103rilor - Revista Urbea Mea - Revista de Alba","description":"A\u0219a cum probabil\u00a0\u0219ti\u021bi, \u00een Parcul Arini construim o cre\u0219\u0103\u00a0care va primi 40 de copii\u00a0\u0219i care estim\u0103m c\u0103\u00a0va fi finalizat\u0103\u00a0\u00een prim\u0103vara anului viitor.","robots":{"index":"index","follow":"follow","max-snippet":"max-snippet:-1","max-image-preview":"max-image-preview:large","max-video-preview":"max-video-preview:-1"},"canonical":"https:\/\/urbeamea.ro\/albaiulia\/cresa-moderna-din-parcul-arini-sebes-primarul-dorin-nistor-prezinta-stadiul-lucrarilor\/","twitter_card":"summary_large_image","twitter_title":"Cre\u0219a modern\u0103 din Parcul Arini Sebe\u0219 \u2013 primarul Dorin Nistor prezint\u0103 stadiul lucr\u0103rilor - Revista Urbea Mea - Revista de Alba","twitter_description":"A\u0219a cum probabil\u00a0\u0219ti\u021bi, \u00een Parcul Arini construim o cre\u0219\u0103\u00a0care va primi 40 de copii\u00a0\u0219i care estim\u0103m c\u0103\u00a0va fi finalizat\u0103\u00a0\u00een prim\u0103vara anului viitor.","twitter_image":"https:\/\/urbeamea.ro\/albaiulia\/wp-content\/uploads\/2024\/06\/Imagine-WhatsApp-2024-05-24-la-11.49.53_8f8a88bf.jpg","twitter_creator":"@urbeameaweb","twitter_site":"@urbeameaweb","schema":{"@context":"https:\/\/schema.org","@graph":[{"@type":"Article","@id":"https:\/\/urbeamea.ro\/albaiulia\/cresa-moderna-din-parcul-arini-sebes-primarul-dorin-nistor-prezinta-stadiul-lucrarilor\/#article","isPartOf":{"@id":"https:\/\/urbeamea.ro\/albaiulia\/cresa-moderna-din-parcul-arini-sebes-primarul-dorin-nistor-prezinta-stadiul-lucrarilor\/"},"author":{"name":"Redac\u021bia UrbeaMea","@id":"https:\/\/urbeamea.ro\/albaiulia\/#\/schema\/person\/272ae98052f8ee8980f59848df070247"},"headline":"Cre\u0219a modern\u0103 din Parcul Arini Sebe\u0219 \u2013 primarul Dorin Nistor prezint\u0103 stadiul lucr\u0103rilor","datePublished":"2024-06-19T08:00:34+00:00","dateModified":"2024-06-19T08:00:35+00:00","mainEntityOfPage":{"@id":"https:\/\/urbeamea.ro\/albaiulia\/cresa-moderna-din-parcul-arini-sebes-primarul-dorin-nistor-prezinta-stadiul-lucrarilor\/"},"wordCount":230,"commentCount":0,"image":{"@id":"https:\/\/urbeamea.ro\/albaiulia\/cresa-moderna-din-parcul-arini-sebes-primarul-dorin-nistor-prezinta-stadiul-lucrarilor\/#primaryimage"},"thumbnailUrl":"https:\/\/urbeamea.ro\/albaiulia\/wp-content\/uploads\/2024\/06\/Imagine-WhatsApp-2024-05-24-la-11.49.53_8f8a88bf.jpg","keywords":["cresa noua sebes"],"articleSection":["Educa\u021bie"],"inLanguage":"ro-RO","potentialAction":[{"@type":"CommentAction","name":"Comment","target":["https:\/\/urbeamea.ro\/albaiulia\/cresa-moderna-din-parcul-arini-sebes-primarul-dorin-nistor-prezinta-stadiul-lucrarilor\/#respond"]}]},{"@type":"WebPage","@id":"https:\/\/urbeamea.ro\/albaiulia\/cresa-moderna-din-parcul-arini-sebes-primarul-dorin-nistor-prezinta-stadiul-lucrarilor\/","url":"https:\/\/urbeamea.ro\/albaiulia\/cresa-moderna-din-parcul-arini-sebes-primarul-dorin-nistor-prezinta-stadiul-lucrarilor\/","name":"Cre\u0219a modern\u0103 din Parcul Arini Sebe\u0219 \u2013 primarul Dorin Nistor prezint\u0103 stadiul lucr\u0103rilor - Revista Urbea Mea - Revista de Alba","isPartOf":{"@id":"https:\/\/urbeamea.ro\/albaiulia\/#website"},"primaryImageOfPage":{"@id":"https:\/\/urbeamea.ro\/albaiulia\/cresa-moderna-din-parcul-arini-sebes-primarul-dorin-nistor-prezinta-stadiul-lucrarilor\/#primaryimage"},"image":{"@id":"https:\/\/urbeamea.ro\/albaiulia\/cresa-moderna-din-parcul-arini-sebes-primarul-dorin-nistor-prezinta-stadiul-lucrarilor\/#primaryimage"},"thumbnailUrl":"https:\/\/urbeamea.ro\/albaiulia\/wp-content\/uploads\/2024\/06\/Imagine-WhatsApp-2024-05-24-la-11.49.53_8f8a88bf.jpg","datePublished":"2024-06-19T08:00:34+00:00","dateModified":"2024-06-19T08:00:35+00:00","author":{"@id":"https:\/\/urbeamea.ro\/albaiulia\/#\/schema\/person\/272ae98052f8ee8980f59848df070247"},"description":"A\u0219a cum probabil\u00a0\u0219ti\u021bi, \u00een Parcul Arini construim o cre\u0219\u0103\u00a0care va primi 40 de copii\u00a0\u0219i care estim\u0103m c\u0103\u00a0va fi finalizat\u0103\u00a0\u00een prim\u0103vara anului viitor.","breadcrumb":{"@id":"https:\/\/urbeamea.ro\/albaiulia\/cresa-moderna-din-parcul-arini-sebes-primarul-dorin-nistor-prezinta-stadiul-lucrarilor\/#breadcrumb"},"inLanguage":"ro-RO","potentialAction":[{"@type":"ReadAction","target":["https:\/\/urbeamea.ro\/albaiulia\/cresa-moderna-din-parcul-arini-sebes-primarul-dorin-nistor-prezinta-stadiul-lucrarilor\/"]}]},{"@type":"ImageObject","inLanguage":"ro-RO","@id":"https:\/\/urbeamea.ro\/albaiulia\/cresa-moderna-din-parcul-arini-sebes-primarul-dorin-nistor-prezinta-stadiul-lucrarilor\/#primaryimage","url":"https:\/\/urbeamea.ro\/albaiulia\/wp-content\/uploads\/2024\/06\/Imagine-WhatsApp-2024-05-24-la-11.49.53_8f8a88bf.jpg","contentUrl":"https:\/\/urbeamea.ro\/albaiulia\/wp-content\/uploads\/2024\/06\/Imagine-WhatsApp-2024-05-24-la-11.49.53_8f8a88bf.jpg","width":800,"height":491},{"@type":"BreadcrumbList","@id":"https:\/\/urbeamea.ro\/albaiulia\/cresa-moderna-din-parcul-arini-sebes-primarul-dorin-nistor-prezinta-stadiul-lucrarilor\/#breadcrumb","itemListElement":[{"@type":"ListItem","position":1,"name":"Prima pagin\u0103","item":"https:\/\/urbeamea.ro\/albaiulia\/"},{"@type":"ListItem","position":2,"name":"Cre\u0219a modern\u0103 din Parcul Arini Sebe\u0219 \u2013 primarul Dorin Nistor prezint\u0103 stadiul lucr\u0103rilor"}]},{"@type":"WebSite","@id":"https:\/\/urbeamea.ro\/albaiulia\/#website","url":"https:\/\/urbeamea.ro\/albaiulia\/","name":"Revista Urbea Mea, Stiri urbane","description":"Evenimente \u0219i \u0219tiri din Alba Iulia, Sebe\u0219, Aiud, Blaj","potentialAction":[{"@type":"SearchAction","target":{"@type":"EntryPoint","urlTemplate":"https:\/\/urbeamea.ro\/albaiulia\/?s={search_term_string}"},"query-input":{"@type":"PropertyValueSpecification","valueRequired":true,"valueName":"search_term_string"}}],"inLanguage":"ro-RO"},{"@type":"Person","@id":"https:\/\/urbeamea.ro\/albaiulia\/#\/schema\/person\/272ae98052f8ee8980f59848df070247","name":"Redac\u021bia UrbeaMea","image":{"@type":"ImageObject","inLanguage":"ro-RO","@id":"https:\/\/secure.gravatar.com\/avatar\/9ce5a9435071fa1037e8468053ead8e513dbbff59009d3069aadb85506d85a27?s=96&d=mm&r=g","url":"https:\/\/secure.gravatar.com\/avatar\/9ce5a9435071fa1037e8468053ead8e513dbbff59009d3069aadb85506d85a27?s=96&d=mm&r=g","contentUrl":"https:\/\/secure.gravatar.com\/avatar\/9ce5a9435071fa1037e8468053ead8e513dbbff59009d3069aadb85506d85a27?s=96&d=mm&r=g","caption":"Redac\u021bia UrbeaMea"},"description":"contact@urbeamea.ro","sameAs":["https:\/\/www.urbeamea.ro"],"url":"https:\/\/urbeamea.ro\/albaiulia\/author\/redactia-urbeamea\/"}]}},"_links":{"self":[{"href":"https:\/\/urbeamea.ro\/albaiulia\/wp-json\/wp\/v2\/posts\/112227","targetHints":{"allow":["GET"]}}],"collection":[{"href":"https:\/\/urbeamea.ro\/albaiulia\/wp-json\/wp\/v2\/posts"}],"about":[{"href":"https:\/\/urbeamea.ro\/albaiulia\/wp-json\/wp\/v2\/types\/post"}],"author":[{"embeddable":true,"href":"https:\/\/urbeamea.ro\/albaiulia\/wp-json\/wp\/v2\/users\/16"}],"replies":[{"embeddable":true,"href":"https:\/\/urbeamea.ro\/albaiulia\/wp-json\/wp\/v2\/comments?post=112227"}],"version-history":[{"count":1,"href":"https:\/\/urbeamea.ro\/albaiulia\/wp-json\/wp\/v2\/posts\/112227\/revisions"}],"predecessor-version":[{"id":112232,"href":"https:\/\/urbeamea.ro\/albaiulia\/wp-json\/wp\/v2\/posts\/112227\/revisions\/112232"}],"wp:featuredmedia":[{"embeddable":true,"href":"https:\/\/urbeamea.ro\/albaiulia\/wp-json\/wp\/v2\/media\/112231"}],"wp:attachment":[{"href":"https:\/\/urbeamea.ro\/albaiulia\/wp-json\/wp\/v2\/media?parent=112227"}],"wp:term":[{"taxonomy":"category","embeddable":true,"href":"https:\/\/urbeamea.ro\/albaiulia\/wp-json\/wp\/v2\/categories?post=112227"},{"taxonomy":"post_tag","embeddable":true,"href":"https:\/\/urbeamea.ro\/albaiulia\/wp-json\/wp\/v2\/tags?post=112227"}],"curies":[{"name":"wp","href":"https:\/\/api.w.org\/{rel}","templated":true}]}}