{"id":112264,"date":"2024-06-19T21:34:05","date_gmt":"2024-06-19T18:34:05","guid":{"rendered":"https:\/\/urbeamea.ro\/albaiulia\/?p=112264"},"modified":"2024-06-19T21:34:07","modified_gmt":"2024-06-19T18:34:07","slug":"21-24-iulie-festivalul-cetatilor-dacice-de-la-ighiu-reprezentatii-de-reenactment-targ-de-rusalii-decathlonul-dacic-batalia-pentru-dacia-concert-argatu-proiectia-meciului-de-fotbal-romania-be","status":"publish","type":"post","link":"https:\/\/urbeamea.ro\/albaiulia\/21-24-iulie-festivalul-cetatilor-dacice-de-la-ighiu-reprezentatii-de-reenactment-targ-de-rusalii-decathlonul-dacic-batalia-pentru-dacia-concert-argatu-proiectia-meciului-de-fotbal-romania-be\/","title":{"rendered":"21-24 iulie: Festivalul Cet\u0103\u021bilor Dacice de la Ighiu : Reprezenta\u021bii de reenactment, t\u00e2rg de Rusalii, Decathlonul dacic, B\u0103t\u0103lia pentru Dacia, concert Argatu, proiec\u021bia meciului de fotbal Rom\u00e2nia &#8211; Belgia"},"content":{"rendered":"\n<p class=\"wp-block-paragraph\"><strong>\u00cen perioada 21-24 iulie \u00een comuna Ighiu, va avea loc cea de-a a XVI-a edi\u021bie a Festivalului Cet\u0103\u021bilor Dacice.<\/strong> <\/p>\n\n\n\n<p class=\"wp-block-paragraph\">Evenimentul este organizat de Muzeul Na\u021bional al Unirii Alba Iulia, Centrul de Cultur\u0103 \u201eAugustin Bena\u201d Alba, Consiliul Jude\u021bean Alba, Prim\u0103ria comunei Ighiu.<\/p>\n\n\n\n<p class=\"wp-block-paragraph\">Evenimentul va cuprinde t\u00e2rguri tradi\u021bionale dedicate s\u0103rb\u0103torii Rusalilor, tradi\u021bionalul concurs de istorie pentru copii \u201ePui de dac\u201d, reprezenta\u021bii de reenactment, ateliere antice, demonstra\u021bii de art\u0103 \u0219i tehnic\u0103 militar\u0103 oferite de trupele de daci \u0219i romani, B\u0103t\u0103lia pentru Dacia, concer sus\u021binut de Argatu, DECATHLONUL DACIC &#8211; concurs cu probe inedite \u00een cadrul c\u0103ruia se vor \u00eentrece <strong>c<\/strong>ei mai puternici b\u0103rba\u021bi din cele cinci cet\u0103\u021bi dacice din jude\u021bul Alba.<\/p>\n\n\n\n<p class=\"wp-block-paragraph\">Microbi\u0219tii pot urm\u0103ri s\u00e2mb\u0103t\u0103 meciul na\u021bionalei Rom\u00e2niei cu Belgia de la Euro 2024, pe ecranul principal al Festivalului Cet\u0103\u021bilor Dacice.<\/p>\n\n\n\n<p class=\"wp-block-paragraph\"><strong>Programul Festivalului Cet\u0103\u021bilor Dacice de la Ighiu <\/strong><\/p>\n\n\n\n<h4 class=\"wp-block-heading\">Vineri, 21 iunie<\/h4>\n\n\n\n<ul class=\"wp-block-list\">\n<li>09:00-14:00 \u2013 T\u00e2rg de miei \u015fi vin sub egida Festivalului Cet\u0103\u0163ilor Dacice. Expozi\u0163ii cu v\u00e2nzare de la produc\u0103tori locali. Loca\u0163ia T\u00e2rgului s\u0103pt\u0103m\u00e2nal Ighiu<\/li>\n\n\n\n<li>21:00 \u2013 Preambulul b\u0103t\u0103liei dintre daci \u015fi romani \u2013 cu implicarea trupelor de reconstituire istoric\u0103 din festival. M\u0103gulici, Ighiu<\/li>\n<\/ul>\n\n\n\n<p class=\"wp-block-paragraph\">Izvorul nemuririi \u2013 expozi\u021bie \u00a0fotografii realizate la Festivalul Cet\u0103\u021bilor Dacice de c\u0103tre fotograful Vasile\u00a0S\u00e2rb. Spa\u021biul expozi\u021bional urban al Centrului de Cultur\u0103 \u201eAugustin Bena\u201dAlba<\/p>\n\n\n\n<h4 class=\"wp-block-heading\">S\u00e2mb\u0103t\u0103, 22 iunie<\/h4>\n\n\n\n<ul class=\"wp-block-list\">\n<li>9.00 \u2013 Concurs de istorie pentru copii \u201ePui de dac\u201d; Triatlonul dacic al copiilor. Particip\u0103: \u015fcoli din localit\u0103\u0163ile Cugir, Cric\u0103u, Cetatea de Balt\u0103, Ighiu, S\u0103sciori.\u00a0\u015ecoala gimnazial\u0103 Mihai Eminescu, Ighiu<\/li>\n\n\n\n<li><\/li>\n\n\n\n<li>11.00 \u2013 VIRTUTE ET LABORE. Ceremonia oficial\u0103 de deschidere, inaugurarea taberei militare \u015fi me\u015fte\u015fug\u0103re\u015fti, prezentarea trupelor de reconstituire istoric\u0103 antic\u0103 \u015fi a atelierelor interactive de reenactment\n<ul class=\"wp-block-list\">\n<li>fier\u0103rie<\/li>\n\n\n\n<li>metaloplastie<\/li>\n\n\n\n<li>officina scriptoria<\/li>\n\n\n\n<li>de Re culinaria<\/li>\n\n\n\n<li>prelucrarea lemnului<\/li>\n\n\n\n<li>ceramic\u0103<\/li>\n\n\n\n<li>machete<\/li>\n\n\n\n<li>antrenamente de lupt\u0103<\/li>\n\n\n\n<li>miscellanea<\/li>\n<\/ul>\n<\/li>\n<\/ul>\n\n\n\n<p class=\"wp-block-paragraph\">Particip\u0103: Garda Apulum \u2013 Alba Iulia, Terra Dacica Aeterna \u2013 Cluj-Napoca; Omnis Barbaria \u2013 Baia Mare; Historia Renascita \u2013 Piet\u0219ti; Dacii Petrodavi \u2013 Piatra Neam\u021b; Nimfele Dace \u2013 Zal\u0103u; Vulturii din \u021aara C\u0103latei; Lupii Sarge\u021biei \u2013 Or\u0103\u0219tioara de Sus, Dacii Singidavei \u2013 Cugir; Antheia Imperialis \u2013 Alba Iulia; Legio Dacica \u2013 Alba Iulia.&nbsp;Viile de pe Pod, Ighiu<\/p>\n\n\n\n<ul class=\"wp-block-list\">\n<li>13:00 \u2013 Conferin\u021ba \u0219tiin\u021bific\u0103 \u201eLimes Vest\u201d \u2013 Dr. Anca Timofan, coordonator \u015ftiin\u0163ific Sector 2. Viile de pe Pod, Casa Negrea, Ighiu<\/li>\n\n\n\n<li><\/li>\n\n\n\n<li>16:00 \u2013 Ziua Fete\u015ftilor Rom\u00e2ne\u015fti\u00a0 \u2013 prezentare soiuri autohtone de vin. Viile de pe Pod, Casa Negrea, Ighiu<\/li>\n\n\n\n<li><\/li>\n\n\n\n<li>17:00 \u2013 Trimisele Terpsihorei. Dansuri antice \u2013 Antheia Imperialis \u201cDea Dacia et Dea Roma\u201d, coregrafia Octavia Oprea. Viile de pe pod, Ighiu<\/li>\n\n\n\n<li><\/li>\n\n\n\n<li>17:15 \u2013\u00a0 Trimisele Terpsihorei. Dansuri antice \u2013 Nimfele dace. Viile de pe Pod, Ighiu<\/li>\n\n\n\n<li><\/li>\n\n\n\n<li>17:30 \u2013 Sub veghea lui Zalmoxis. Prezentarea triburilor dacice \u0219i alia\u021bilor lor Pedestra\u015fi \u015fi C\u0103l\u0103re\u0163i. Viile de pe Pod, Ighiu<\/li>\n\n\n\n<li><\/li>\n\n\n\n<li>18:00 \u2013 Ocroti\u021bi de Marte. Salutul legiunilor romane \u0219i demonstra\u021bii de tehnic\u0103 militar\u0103 roman\u0103. Viile de pe Pod, Ighiu<\/li>\n\n\n\n<li><\/li>\n\n\n\n<li>18:30 \u2013 Demonstra\u0163ii ecvestre \u2013 Vulturii din \u0162ara C\u0103latei. Viile de pe Pod, Ighiu<\/li>\n\n\n\n<li><\/li>\n\n\n\n<li>19:00 \u2013 Sub semnul lui Nemesis. Jocuri de gladiatori \u2013Ludus Ursus Nigrus. Viile de pe Pod, Ighiu<\/li>\n\n\n\n<li><\/li>\n\n\n\n<li>19:30 \u2013 Trimisele Terpsihorei. Dansuri antice \u2013 Antheia Imperialis \u201cS\u00e2nziene \u0219i Rusalii\u201d, coregrafia Octavia Oprea. Viile de pe Pod, Ighiu<\/li>\n\n\n\n<li><\/li>\n\n\n\n<li>19:45 \u2013 Trimisele Terpsihorei. Dansuri antice \u2013 Nimfele dace. Viile de pe Pod, Ighiu<\/li>\n\n\n\n<li><\/li>\n\n\n\n<li>20:00 \u2013 B\u0103t\u0103lia pentru Dacia cu implicarea tuturor trupelor de reconstituire istoric\u0103 din festival. Viile de pe Pod, Ighiu<\/li>\n\n\n\n<li><\/li>\n\n\n\n<li>20:45 \u2013 Rugul lui Zalmoxis. Viile de pe Pod, Ighiu<\/li>\n\n\n\n<li><\/li>\n\n\n\n<li>21:00 \u2013 DRACO FESTIVAL. CONCERT EXTRAORDINAR \u2013 ARGATU. Viile de pe Pod, Ighiu<\/li>\n\n\n\n<li><\/li>\n\n\n\n<li>22:00 \u2013 EURO 2024 FAN ZONE live pe ecranul FESTIVALULUI CET\u0102\u0162ILOR DACICE<\/li>\n\n\n\n<li><\/li>\n\n\n\n<li>22:45 \u2013 DRACO FESTIVAL. FIRE DREAM \u2013 Moment artistic cu foc: efecte cu foc, dans, jonglerii cu foc. Viile de pe Pod, Ighiu<\/li>\n\n\n\n<li><\/li>\n\n\n\n<li>23:00 \u2013 EURO 2024 FAN ZONE live pe ecranul FESTIVALULUI CET\u0102\u0162ILOR DACICE<\/li>\n<\/ul>\n\n\n\n<p class=\"wp-block-paragraph\">Izvorul nemuririi \u2013 expozi\u021bie\u00a0 fotografii realizate la Festivalul Cet\u0103\u021bilor Dacice de c\u0103tre fotograful Vasile S\u00e2rb.\u00a0Spa\u021biul expozi\u021bional urban al Centrului de Cultur\u0103 \u201eAugustin Bena\u201dAlba<\/p>\n\n\n\n<h4 class=\"wp-block-heading\">Duminic\u0103, 23 iunie<\/h4>\n\n\n\n<ul class=\"wp-block-list\">\n<li>12:00 \u2013 T\u00e2rg tradi\u0163ional de Rusalii la Ighiu. \u00cen centrul localit\u0103\u0163ii Ighiu<\/li>\n\n\n\n<li><\/li>\n\n\n\n<li>18:00 \u2013 Spectacol folcloric de Rusalii sus\u021binut de ANSAMBLUL FOLCLORIC AL JUDE\u021aULUI ALBA, dirijor Alexandru Pal\n<ul class=\"wp-block-list\">\n<li><\/li>\n\n\n\n<li>Soli\u0219ti vocali: ROXANA RECHE, DORINA NARI\u021aA, FLORICICA MOGA, NICOLAE PLUT\u0102, MARINELA BABA, ANA MARIA ALB &#8211;  \u00cen fa\u0163a Prim\u0103riei Ighiu<\/li>\n<\/ul>\n<\/li>\n<\/ul>\n\n\n\n<p class=\"wp-block-paragraph\">Izvorul nemuririi \u2013 expozi\u021bie\u00a0 fotografii realizate la Festivalul Cet\u0103\u021bilor Dacice de c\u0103tre fotograful Vasile S\u00e2rb. Spa\u021biul expozi\u021bional urban al Centrului de Cultur\u0103 \u201eAugustin Bena\u201dAlba<\/p>\n\n\n\n<h4 class=\"wp-block-heading\">Luni, 24 iunie<\/h4>\n\n\n\n<ul class=\"wp-block-list\">\n<li>12:30 \u2013 DECATHLONUL DACIC. ANTHEIA IMPERIALIS \u2013 coregraf Octavia Oprea, tablouri coregrafice de inspira\u021bie dacic\u0103. Stadion Ighiu\n<ul class=\"wp-block-list\">\n<li><\/li>\n\n\n\n<li>Arcul viteazului (tir cu arcul)<\/li>\n\n\n\n<li><\/li>\n\n\n\n<li>Rapid \u015fi puternic (transport 25 kg de nisip)<\/li>\n\n\n\n<li><\/li>\n\n\n\n<li>Suli\u0163a\u015ful Cet\u0103\u0163ii (aruncarea suli\u0163ei la distan\u0163\u0103)<\/li>\n\n\n\n<li><\/li>\n\n\n\n<li>Cel mai iute de picior (\u015ftafet\u0103, alergare cu butucul)<\/li>\n\n\n\n<li><\/li>\n\n\n\n<li>Bra\u0163ul de fier (skandenberg)<\/li>\n\n\n\n<li><\/li>\n\n\n\n<li>S\u0103 ne unim for\u0163ele (tras cu fr\u00e2nghia)<\/li>\n\n\n\n<li><\/li>\n\n\n\n<li>Lupt\u0103torul dac (lupt\u0103 pe butuci)<\/li>\n\n\n\n<li><\/li>\n\n\n\n<li>Voinicul din Cetate (aruncarea bolovanului)<\/li>\n\n\n\n<li><\/li>\n\n\n\n<li>\u00cendem\u00e2nare \u015fi curaj (c\u0103\u0163\u0103ratul pe catarg)<\/li>\n\n\n\n<li><\/li>\n\n\n\n<li>C\u0103r\u0103u\u015fii Cet\u0103\u0163ii (transport ap\u0103)<\/li>\n<\/ul>\n<\/li>\n<\/ul>\n\n\n\n<p class=\"wp-block-paragraph\">Izvorul nemuririi \u2013 expozi\u021bie\u00a0 fotografii realizate la Festivalul Cet\u0103\u021bilor Dacice de c\u0103tre fotograful Vasile S\u00e2rb. Spa\u021biul expozi\u021bional urban al Centrului de Cultur\u0103 \u201eAugustin Bena\u201dAlba<\/p>\n\n\n\n<p class=\"wp-block-paragraph\"><\/p>\n\n\n\n<p class=\"wp-block-paragraph\"><\/p>\n\n\n\n<p class=\"wp-block-paragraph\"><\/p>\n\n\n\n<figure class=\"wp-block-image size-large\"><img loading=\"lazy\" decoding=\"async\" width=\"870\" height=\"1280\" src=\"https:\/\/urbeamea.ro\/albaiulia\/wp-content\/uploads\/2024\/06\/448656837_857223583099204_9011540218583830331_n-870x1280.jpg\" alt=\"\" class=\"wp-image-112265\" srcset=\"https:\/\/urbeamea.ro\/albaiulia\/wp-content\/uploads\/2024\/06\/448656837_857223583099204_9011540218583830331_n-870x1280.jpg 870w, https:\/\/urbeamea.ro\/albaiulia\/wp-content\/uploads\/2024\/06\/448656837_857223583099204_9011540218583830331_n-435x640.jpg 435w, https:\/\/urbeamea.ro\/albaiulia\/wp-content\/uploads\/2024\/06\/448656837_857223583099204_9011540218583830331_n-102x150.jpg 102w, https:\/\/urbeamea.ro\/albaiulia\/wp-content\/uploads\/2024\/06\/448656837_857223583099204_9011540218583830331_n-768x1129.jpg 768w, https:\/\/urbeamea.ro\/albaiulia\/wp-content\/uploads\/2024\/06\/448656837_857223583099204_9011540218583830331_n-1044x1536.jpg 1044w, https:\/\/urbeamea.ro\/albaiulia\/wp-content\/uploads\/2024\/06\/448656837_857223583099204_9011540218583830331_n.jpg 1088w\" sizes=\"auto, (max-width: 870px) 100vw, 870px\" \/><\/figure>\n","protected":false},"excerpt":{"rendered":"<p>\u00cen perioada 21-24 iulie \u00een comuna Ighiu, va avea loc cea de-a a XVI-a edi\u021bie a Festivalului Cet\u0103\u021bilor Dacice. <\/p>\n","protected":false},"author":28,"featured_media":112265,"comment_status":"open","ping_status":"open","sticky":false,"template":"","format":"standard","meta":{"inline_featured_image":false,"footnotes":""},"categories":[23926,2038,8857,2034],"tags":[5684,2600],"class_list":["post-112264","post","type-post","status-publish","format-standard","has-post-thumbnail","hentry","category-actualitate","category-cultura","category-istorie","category-social","tag-festivalul-cetatilor-dacice","tag-ighiu"],"yoast_head":"<!-- This site is optimized with the Yoast SEO plugin v28.3 - https:\/\/yoast.com\/product\/yoast-seo-wordpress\/ -->\n<title>21-24 iulie: Festivalul Cet\u0103\u021bilor Dacice de la Ighiu : Reprezenta\u021bii de reenactment, t\u00e2rg de Rusalii, Decathlonul dacic, B\u0103t\u0103lia pentru Dacia, concert Argatu, proiec\u021bia meciului de fotbal Rom\u00e2nia - Belgia - Revista Urbea Mea - Revista de Alba<\/title>\n<meta name=\"description\" content=\"\u00cen perioada 21-24 iulie \u00een comuna Ighiu, va avea loc cea de-a a XVI-a edi\u021bie a Festivalului Cet\u0103\u021bilor Dacice.\" \/>\n<meta name=\"robots\" content=\"index, follow, max-snippet:-1, max-image-preview:large, max-video-preview:-1\" \/>\n<link rel=\"canonical\" href=\"https:\/\/urbeamea.ro\/albaiulia\/21-24-iulie-festivalul-cetatilor-dacice-de-la-ighiu-reprezentatii-de-reenactment-targ-de-rusalii-decathlonul-dacic-batalia-pentru-dacia-concert-argatu-proiectia-meciului-de-fotbal-romania-be\/\" \/>\n<meta name=\"twitter:card\" content=\"summary_large_image\" \/>\n<meta name=\"twitter:title\" content=\"21-24 iulie: Festivalul Cet\u0103\u021bilor Dacice de la Ighiu : Reprezenta\u021bii de reenactment, t\u00e2rg de Rusalii, Decathlonul dacic, B\u0103t\u0103lia pentru Dacia, concert Argatu, proiec\u021bia meciului de fotbal Rom\u00e2nia - Belgia - Revista Urbea Mea - Revista de Alba\" \/>\n<meta name=\"twitter:description\" content=\"\u00cen perioada 21-24 iulie \u00een comuna Ighiu, va avea loc cea de-a a XVI-a edi\u021bie a Festivalului Cet\u0103\u021bilor Dacice.\" \/>\n<meta name=\"twitter:image\" content=\"https:\/\/urbeamea.ro\/albaiulia\/wp-content\/uploads\/2024\/06\/448656837_857223583099204_9011540218583830331_n.jpg\" \/>\n<meta name=\"twitter:creator\" content=\"@urbeameaweb\" \/>\n<meta name=\"twitter:site\" content=\"@urbeameaweb\" \/>\n<script type=\"application\/ld+json\" class=\"yoast-schema-graph\">{\"@context\":\"https:\\\/\\\/schema.org\",\"@graph\":[{\"@type\":\"Article\",\"@id\":\"https:\\\/\\\/urbeamea.ro\\\/albaiulia\\\/21-24-iulie-festivalul-cetatilor-dacice-de-la-ighiu-reprezentatii-de-reenactment-targ-de-rusalii-decathlonul-dacic-batalia-pentru-dacia-concert-argatu-proiectia-meciului-de-fotbal-romania-be\\\/#article\",\"isPartOf\":{\"@id\":\"https:\\\/\\\/urbeamea.ro\\\/albaiulia\\\/21-24-iulie-festivalul-cetatilor-dacice-de-la-ighiu-reprezentatii-de-reenactment-targ-de-rusalii-decathlonul-dacic-batalia-pentru-dacia-concert-argatu-proiectia-meciului-de-fotbal-romania-be\\\/\"},\"author\":{\"name\":\"Giurca Sorin\",\"@id\":\"https:\\\/\\\/urbeamea.ro\\\/albaiulia\\\/#\\\/schema\\\/person\\\/5db3854ac38c1cc9f0ab4092d6a20f02\"},\"headline\":\"21-24 iulie: Festivalul Cet\u0103\u021bilor Dacice de la Ighiu : Reprezenta\u021bii de reenactment, t\u00e2rg de Rusalii, Decathlonul dacic, B\u0103t\u0103lia pentru Dacia, concert Argatu, proiec\u021bia meciului de fotbal Rom\u00e2nia &#8211; Belgia\",\"datePublished\":\"2024-06-19T18:34:05+00:00\",\"dateModified\":\"2024-06-19T18:34:07+00:00\",\"mainEntityOfPage\":{\"@id\":\"https:\\\/\\\/urbeamea.ro\\\/albaiulia\\\/21-24-iulie-festivalul-cetatilor-dacice-de-la-ighiu-reprezentatii-de-reenactment-targ-de-rusalii-decathlonul-dacic-batalia-pentru-dacia-concert-argatu-proiectia-meciului-de-fotbal-romania-be\\\/\"},\"wordCount\":891,\"commentCount\":0,\"image\":{\"@id\":\"https:\\\/\\\/urbeamea.ro\\\/albaiulia\\\/21-24-iulie-festivalul-cetatilor-dacice-de-la-ighiu-reprezentatii-de-reenactment-targ-de-rusalii-decathlonul-dacic-batalia-pentru-dacia-concert-argatu-proiectia-meciului-de-fotbal-romania-be\\\/#primaryimage\"},\"thumbnailUrl\":\"https:\\\/\\\/urbeamea.ro\\\/albaiulia\\\/wp-content\\\/uploads\\\/2024\\\/06\\\/448656837_857223583099204_9011540218583830331_n.jpg\",\"keywords\":[\"festivalul cetatilor dacice\",\"ighiu\"],\"articleSection\":[\"Actualitate\",\"Cultur\u0103\",\"Istorie\",\"Social\"],\"inLanguage\":\"ro-RO\",\"potentialAction\":[{\"@type\":\"CommentAction\",\"name\":\"Comment\",\"target\":[\"https:\\\/\\\/urbeamea.ro\\\/albaiulia\\\/21-24-iulie-festivalul-cetatilor-dacice-de-la-ighiu-reprezentatii-de-reenactment-targ-de-rusalii-decathlonul-dacic-batalia-pentru-dacia-concert-argatu-proiectia-meciului-de-fotbal-romania-be\\\/#respond\"]}]},{\"@type\":\"WebPage\",\"@id\":\"https:\\\/\\\/urbeamea.ro\\\/albaiulia\\\/21-24-iulie-festivalul-cetatilor-dacice-de-la-ighiu-reprezentatii-de-reenactment-targ-de-rusalii-decathlonul-dacic-batalia-pentru-dacia-concert-argatu-proiectia-meciului-de-fotbal-romania-be\\\/\",\"url\":\"https:\\\/\\\/urbeamea.ro\\\/albaiulia\\\/21-24-iulie-festivalul-cetatilor-dacice-de-la-ighiu-reprezentatii-de-reenactment-targ-de-rusalii-decathlonul-dacic-batalia-pentru-dacia-concert-argatu-proiectia-meciului-de-fotbal-romania-be\\\/\",\"name\":\"21-24 iulie: Festivalul Cet\u0103\u021bilor Dacice de la Ighiu : Reprezenta\u021bii de reenactment, t\u00e2rg de Rusalii, Decathlonul dacic, B\u0103t\u0103lia pentru Dacia, concert Argatu, proiec\u021bia meciului de fotbal Rom\u00e2nia - Belgia - Revista Urbea Mea - Revista de Alba\",\"isPartOf\":{\"@id\":\"https:\\\/\\\/urbeamea.ro\\\/albaiulia\\\/#website\"},\"primaryImageOfPage\":{\"@id\":\"https:\\\/\\\/urbeamea.ro\\\/albaiulia\\\/21-24-iulie-festivalul-cetatilor-dacice-de-la-ighiu-reprezentatii-de-reenactment-targ-de-rusalii-decathlonul-dacic-batalia-pentru-dacia-concert-argatu-proiectia-meciului-de-fotbal-romania-be\\\/#primaryimage\"},\"image\":{\"@id\":\"https:\\\/\\\/urbeamea.ro\\\/albaiulia\\\/21-24-iulie-festivalul-cetatilor-dacice-de-la-ighiu-reprezentatii-de-reenactment-targ-de-rusalii-decathlonul-dacic-batalia-pentru-dacia-concert-argatu-proiectia-meciului-de-fotbal-romania-be\\\/#primaryimage\"},\"thumbnailUrl\":\"https:\\\/\\\/urbeamea.ro\\\/albaiulia\\\/wp-content\\\/uploads\\\/2024\\\/06\\\/448656837_857223583099204_9011540218583830331_n.jpg\",\"datePublished\":\"2024-06-19T18:34:05+00:00\",\"dateModified\":\"2024-06-19T18:34:07+00:00\",\"author\":{\"@id\":\"https:\\\/\\\/urbeamea.ro\\\/albaiulia\\\/#\\\/schema\\\/person\\\/5db3854ac38c1cc9f0ab4092d6a20f02\"},\"description\":\"\u00cen perioada 21-24 iulie \u00een comuna Ighiu, va avea loc cea de-a a XVI-a edi\u021bie a Festivalului Cet\u0103\u021bilor Dacice.\",\"breadcrumb\":{\"@id\":\"https:\\\/\\\/urbeamea.ro\\\/albaiulia\\\/21-24-iulie-festivalul-cetatilor-dacice-de-la-ighiu-reprezentatii-de-reenactment-targ-de-rusalii-decathlonul-dacic-batalia-pentru-dacia-concert-argatu-proiectia-meciului-de-fotbal-romania-be\\\/#breadcrumb\"},\"inLanguage\":\"ro-RO\",\"potentialAction\":[{\"@type\":\"ReadAction\",\"target\":[\"https:\\\/\\\/urbeamea.ro\\\/albaiulia\\\/21-24-iulie-festivalul-cetatilor-dacice-de-la-ighiu-reprezentatii-de-reenactment-targ-de-rusalii-decathlonul-dacic-batalia-pentru-dacia-concert-argatu-proiectia-meciului-de-fotbal-romania-be\\\/\"]}]},{\"@type\":\"ImageObject\",\"inLanguage\":\"ro-RO\",\"@id\":\"https:\\\/\\\/urbeamea.ro\\\/albaiulia\\\/21-24-iulie-festivalul-cetatilor-dacice-de-la-ighiu-reprezentatii-de-reenactment-targ-de-rusalii-decathlonul-dacic-batalia-pentru-dacia-concert-argatu-proiectia-meciului-de-fotbal-romania-be\\\/#primaryimage\",\"url\":\"https:\\\/\\\/urbeamea.ro\\\/albaiulia\\\/wp-content\\\/uploads\\\/2024\\\/06\\\/448656837_857223583099204_9011540218583830331_n.jpg\",\"contentUrl\":\"https:\\\/\\\/urbeamea.ro\\\/albaiulia\\\/wp-content\\\/uploads\\\/2024\\\/06\\\/448656837_857223583099204_9011540218583830331_n.jpg\",\"width\":1088,\"height\":1600},{\"@type\":\"BreadcrumbList\",\"@id\":\"https:\\\/\\\/urbeamea.ro\\\/albaiulia\\\/21-24-iulie-festivalul-cetatilor-dacice-de-la-ighiu-reprezentatii-de-reenactment-targ-de-rusalii-decathlonul-dacic-batalia-pentru-dacia-concert-argatu-proiectia-meciului-de-fotbal-romania-be\\\/#breadcrumb\",\"itemListElement\":[{\"@type\":\"ListItem\",\"position\":1,\"name\":\"Prima pagin\u0103\",\"item\":\"https:\\\/\\\/urbeamea.ro\\\/albaiulia\\\/\"},{\"@type\":\"ListItem\",\"position\":2,\"name\":\"21-24 iulie: Festivalul Cet\u0103\u021bilor Dacice de la Ighiu : Reprezenta\u021bii de reenactment, t\u00e2rg de Rusalii, Decathlonul dacic, B\u0103t\u0103lia pentru Dacia, concert Argatu, proiec\u021bia meciului de fotbal Rom\u00e2nia &#8211; Belgia\"}]},{\"@type\":\"WebSite\",\"@id\":\"https:\\\/\\\/urbeamea.ro\\\/albaiulia\\\/#website\",\"url\":\"https:\\\/\\\/urbeamea.ro\\\/albaiulia\\\/\",\"name\":\"Revista Urbea Mea, Stiri urbane\",\"description\":\"Evenimente \u0219i \u0219tiri din Alba Iulia, Sebe\u0219, Aiud, Blaj\",\"potentialAction\":[{\"@type\":\"SearchAction\",\"target\":{\"@type\":\"EntryPoint\",\"urlTemplate\":\"https:\\\/\\\/urbeamea.ro\\\/albaiulia\\\/?s={search_term_string}\"},\"query-input\":{\"@type\":\"PropertyValueSpecification\",\"valueRequired\":true,\"valueName\":\"search_term_string\"}}],\"inLanguage\":\"ro-RO\"},{\"@type\":\"Person\",\"@id\":\"https:\\\/\\\/urbeamea.ro\\\/albaiulia\\\/#\\\/schema\\\/person\\\/5db3854ac38c1cc9f0ab4092d6a20f02\",\"name\":\"Giurca Sorin\",\"image\":{\"@type\":\"ImageObject\",\"inLanguage\":\"ro-RO\",\"@id\":\"https:\\\/\\\/secure.gravatar.com\\\/avatar\\\/120f6fcae7b3b47a7730cb9943f612f4909f68ac5284b5f40ac1c4615fd70576?s=96&d=mm&r=g\",\"url\":\"https:\\\/\\\/secure.gravatar.com\\\/avatar\\\/120f6fcae7b3b47a7730cb9943f612f4909f68ac5284b5f40ac1c4615fd70576?s=96&d=mm&r=g\",\"contentUrl\":\"https:\\\/\\\/secure.gravatar.com\\\/avatar\\\/120f6fcae7b3b47a7730cb9943f612f4909f68ac5284b5f40ac1c4615fd70576?s=96&d=mm&r=g\",\"caption\":\"Giurca Sorin\"},\"url\":\"https:\\\/\\\/urbeamea.ro\\\/albaiulia\\\/author\\\/sorin\\\/\"}]}<\/script>\n<!-- \/ Yoast SEO plugin. -->","yoast_head_json":{"title":"21-24 iulie: Festivalul Cet\u0103\u021bilor Dacice de la Ighiu : Reprezenta\u021bii de reenactment, t\u00e2rg de Rusalii, Decathlonul dacic, B\u0103t\u0103lia pentru Dacia, concert Argatu, proiec\u021bia meciului de fotbal Rom\u00e2nia - Belgia - Revista Urbea Mea - Revista de Alba","description":"\u00cen perioada 21-24 iulie \u00een comuna Ighiu, va avea loc cea de-a a XVI-a edi\u021bie a Festivalului Cet\u0103\u021bilor Dacice.","robots":{"index":"index","follow":"follow","max-snippet":"max-snippet:-1","max-image-preview":"max-image-preview:large","max-video-preview":"max-video-preview:-1"},"canonical":"https:\/\/urbeamea.ro\/albaiulia\/21-24-iulie-festivalul-cetatilor-dacice-de-la-ighiu-reprezentatii-de-reenactment-targ-de-rusalii-decathlonul-dacic-batalia-pentru-dacia-concert-argatu-proiectia-meciului-de-fotbal-romania-be\/","twitter_card":"summary_large_image","twitter_title":"21-24 iulie: Festivalul Cet\u0103\u021bilor Dacice de la Ighiu : Reprezenta\u021bii de reenactment, t\u00e2rg de Rusalii, Decathlonul dacic, B\u0103t\u0103lia pentru Dacia, concert Argatu, proiec\u021bia meciului de fotbal Rom\u00e2nia - Belgia - Revista Urbea Mea - Revista de Alba","twitter_description":"\u00cen perioada 21-24 iulie \u00een comuna Ighiu, va avea loc cea de-a a XVI-a edi\u021bie a Festivalului Cet\u0103\u021bilor Dacice.","twitter_image":"https:\/\/urbeamea.ro\/albaiulia\/wp-content\/uploads\/2024\/06\/448656837_857223583099204_9011540218583830331_n.jpg","twitter_creator":"@urbeameaweb","twitter_site":"@urbeameaweb","schema":{"@context":"https:\/\/schema.org","@graph":[{"@type":"Article","@id":"https:\/\/urbeamea.ro\/albaiulia\/21-24-iulie-festivalul-cetatilor-dacice-de-la-ighiu-reprezentatii-de-reenactment-targ-de-rusalii-decathlonul-dacic-batalia-pentru-dacia-concert-argatu-proiectia-meciului-de-fotbal-romania-be\/#article","isPartOf":{"@id":"https:\/\/urbeamea.ro\/albaiulia\/21-24-iulie-festivalul-cetatilor-dacice-de-la-ighiu-reprezentatii-de-reenactment-targ-de-rusalii-decathlonul-dacic-batalia-pentru-dacia-concert-argatu-proiectia-meciului-de-fotbal-romania-be\/"},"author":{"name":"Giurca Sorin","@id":"https:\/\/urbeamea.ro\/albaiulia\/#\/schema\/person\/5db3854ac38c1cc9f0ab4092d6a20f02"},"headline":"21-24 iulie: Festivalul Cet\u0103\u021bilor Dacice de la Ighiu : Reprezenta\u021bii de reenactment, t\u00e2rg de Rusalii, Decathlonul dacic, B\u0103t\u0103lia pentru Dacia, concert Argatu, proiec\u021bia meciului de fotbal Rom\u00e2nia &#8211; Belgia","datePublished":"2024-06-19T18:34:05+00:00","dateModified":"2024-06-19T18:34:07+00:00","mainEntityOfPage":{"@id":"https:\/\/urbeamea.ro\/albaiulia\/21-24-iulie-festivalul-cetatilor-dacice-de-la-ighiu-reprezentatii-de-reenactment-targ-de-rusalii-decathlonul-dacic-batalia-pentru-dacia-concert-argatu-proiectia-meciului-de-fotbal-romania-be\/"},"wordCount":891,"commentCount":0,"image":{"@id":"https:\/\/urbeamea.ro\/albaiulia\/21-24-iulie-festivalul-cetatilor-dacice-de-la-ighiu-reprezentatii-de-reenactment-targ-de-rusalii-decathlonul-dacic-batalia-pentru-dacia-concert-argatu-proiectia-meciului-de-fotbal-romania-be\/#primaryimage"},"thumbnailUrl":"https:\/\/urbeamea.ro\/albaiulia\/wp-content\/uploads\/2024\/06\/448656837_857223583099204_9011540218583830331_n.jpg","keywords":["festivalul cetatilor dacice","ighiu"],"articleSection":["Actualitate","Cultur\u0103","Istorie","Social"],"inLanguage":"ro-RO","potentialAction":[{"@type":"CommentAction","name":"Comment","target":["https:\/\/urbeamea.ro\/albaiulia\/21-24-iulie-festivalul-cetatilor-dacice-de-la-ighiu-reprezentatii-de-reenactment-targ-de-rusalii-decathlonul-dacic-batalia-pentru-dacia-concert-argatu-proiectia-meciului-de-fotbal-romania-be\/#respond"]}]},{"@type":"WebPage","@id":"https:\/\/urbeamea.ro\/albaiulia\/21-24-iulie-festivalul-cetatilor-dacice-de-la-ighiu-reprezentatii-de-reenactment-targ-de-rusalii-decathlonul-dacic-batalia-pentru-dacia-concert-argatu-proiectia-meciului-de-fotbal-romania-be\/","url":"https:\/\/urbeamea.ro\/albaiulia\/21-24-iulie-festivalul-cetatilor-dacice-de-la-ighiu-reprezentatii-de-reenactment-targ-de-rusalii-decathlonul-dacic-batalia-pentru-dacia-concert-argatu-proiectia-meciului-de-fotbal-romania-be\/","name":"21-24 iulie: Festivalul Cet\u0103\u021bilor Dacice de la Ighiu : Reprezenta\u021bii de reenactment, t\u00e2rg de Rusalii, Decathlonul dacic, B\u0103t\u0103lia pentru Dacia, concert Argatu, proiec\u021bia meciului de fotbal Rom\u00e2nia - Belgia - Revista Urbea Mea - Revista de Alba","isPartOf":{"@id":"https:\/\/urbeamea.ro\/albaiulia\/#website"},"primaryImageOfPage":{"@id":"https:\/\/urbeamea.ro\/albaiulia\/21-24-iulie-festivalul-cetatilor-dacice-de-la-ighiu-reprezentatii-de-reenactment-targ-de-rusalii-decathlonul-dacic-batalia-pentru-dacia-concert-argatu-proiectia-meciului-de-fotbal-romania-be\/#primaryimage"},"image":{"@id":"https:\/\/urbeamea.ro\/albaiulia\/21-24-iulie-festivalul-cetatilor-dacice-de-la-ighiu-reprezentatii-de-reenactment-targ-de-rusalii-decathlonul-dacic-batalia-pentru-dacia-concert-argatu-proiectia-meciului-de-fotbal-romania-be\/#primaryimage"},"thumbnailUrl":"https:\/\/urbeamea.ro\/albaiulia\/wp-content\/uploads\/2024\/06\/448656837_857223583099204_9011540218583830331_n.jpg","datePublished":"2024-06-19T18:34:05+00:00","dateModified":"2024-06-19T18:34:07+00:00","author":{"@id":"https:\/\/urbeamea.ro\/albaiulia\/#\/schema\/person\/5db3854ac38c1cc9f0ab4092d6a20f02"},"description":"\u00cen perioada 21-24 iulie \u00een comuna Ighiu, va avea loc cea de-a a XVI-a edi\u021bie a Festivalului Cet\u0103\u021bilor Dacice.","breadcrumb":{"@id":"https:\/\/urbeamea.ro\/albaiulia\/21-24-iulie-festivalul-cetatilor-dacice-de-la-ighiu-reprezentatii-de-reenactment-targ-de-rusalii-decathlonul-dacic-batalia-pentru-dacia-concert-argatu-proiectia-meciului-de-fotbal-romania-be\/#breadcrumb"},"inLanguage":"ro-RO","potentialAction":[{"@type":"ReadAction","target":["https:\/\/urbeamea.ro\/albaiulia\/21-24-iulie-festivalul-cetatilor-dacice-de-la-ighiu-reprezentatii-de-reenactment-targ-de-rusalii-decathlonul-dacic-batalia-pentru-dacia-concert-argatu-proiectia-meciului-de-fotbal-romania-be\/"]}]},{"@type":"ImageObject","inLanguage":"ro-RO","@id":"https:\/\/urbeamea.ro\/albaiulia\/21-24-iulie-festivalul-cetatilor-dacice-de-la-ighiu-reprezentatii-de-reenactment-targ-de-rusalii-decathlonul-dacic-batalia-pentru-dacia-concert-argatu-proiectia-meciului-de-fotbal-romania-be\/#primaryimage","url":"https:\/\/urbeamea.ro\/albaiulia\/wp-content\/uploads\/2024\/06\/448656837_857223583099204_9011540218583830331_n.jpg","contentUrl":"https:\/\/urbeamea.ro\/albaiulia\/wp-content\/uploads\/2024\/06\/448656837_857223583099204_9011540218583830331_n.jpg","width":1088,"height":1600},{"@type":"BreadcrumbList","@id":"https:\/\/urbeamea.ro\/albaiulia\/21-24-iulie-festivalul-cetatilor-dacice-de-la-ighiu-reprezentatii-de-reenactment-targ-de-rusalii-decathlonul-dacic-batalia-pentru-dacia-concert-argatu-proiectia-meciului-de-fotbal-romania-be\/#breadcrumb","itemListElement":[{"@type":"ListItem","position":1,"name":"Prima pagin\u0103","item":"https:\/\/urbeamea.ro\/albaiulia\/"},{"@type":"ListItem","position":2,"name":"21-24 iulie: Festivalul Cet\u0103\u021bilor Dacice de la Ighiu : Reprezenta\u021bii de reenactment, t\u00e2rg de Rusalii, Decathlonul dacic, B\u0103t\u0103lia pentru Dacia, concert Argatu, proiec\u021bia meciului de fotbal Rom\u00e2nia &#8211; Belgia"}]},{"@type":"WebSite","@id":"https:\/\/urbeamea.ro\/albaiulia\/#website","url":"https:\/\/urbeamea.ro\/albaiulia\/","name":"Revista Urbea Mea, Stiri urbane","description":"Evenimente \u0219i \u0219tiri din Alba Iulia, Sebe\u0219, Aiud, Blaj","potentialAction":[{"@type":"SearchAction","target":{"@type":"EntryPoint","urlTemplate":"https:\/\/urbeamea.ro\/albaiulia\/?s={search_term_string}"},"query-input":{"@type":"PropertyValueSpecification","valueRequired":true,"valueName":"search_term_string"}}],"inLanguage":"ro-RO"},{"@type":"Person","@id":"https:\/\/urbeamea.ro\/albaiulia\/#\/schema\/person\/5db3854ac38c1cc9f0ab4092d6a20f02","name":"Giurca Sorin","image":{"@type":"ImageObject","inLanguage":"ro-RO","@id":"https:\/\/secure.gravatar.com\/avatar\/120f6fcae7b3b47a7730cb9943f612f4909f68ac5284b5f40ac1c4615fd70576?s=96&d=mm&r=g","url":"https:\/\/secure.gravatar.com\/avatar\/120f6fcae7b3b47a7730cb9943f612f4909f68ac5284b5f40ac1c4615fd70576?s=96&d=mm&r=g","contentUrl":"https:\/\/secure.gravatar.com\/avatar\/120f6fcae7b3b47a7730cb9943f612f4909f68ac5284b5f40ac1c4615fd70576?s=96&d=mm&r=g","caption":"Giurca Sorin"},"url":"https:\/\/urbeamea.ro\/albaiulia\/author\/sorin\/"}]}},"_links":{"self":[{"href":"https:\/\/urbeamea.ro\/albaiulia\/wp-json\/wp\/v2\/posts\/112264","targetHints":{"allow":["GET"]}}],"collection":[{"href":"https:\/\/urbeamea.ro\/albaiulia\/wp-json\/wp\/v2\/posts"}],"about":[{"href":"https:\/\/urbeamea.ro\/albaiulia\/wp-json\/wp\/v2\/types\/post"}],"author":[{"embeddable":true,"href":"https:\/\/urbeamea.ro\/albaiulia\/wp-json\/wp\/v2\/users\/28"}],"replies":[{"embeddable":true,"href":"https:\/\/urbeamea.ro\/albaiulia\/wp-json\/wp\/v2\/comments?post=112264"}],"version-history":[{"count":1,"href":"https:\/\/urbeamea.ro\/albaiulia\/wp-json\/wp\/v2\/posts\/112264\/revisions"}],"predecessor-version":[{"id":112266,"href":"https:\/\/urbeamea.ro\/albaiulia\/wp-json\/wp\/v2\/posts\/112264\/revisions\/112266"}],"wp:featuredmedia":[{"embeddable":true,"href":"https:\/\/urbeamea.ro\/albaiulia\/wp-json\/wp\/v2\/media\/112265"}],"wp:attachment":[{"href":"https:\/\/urbeamea.ro\/albaiulia\/wp-json\/wp\/v2\/media?parent=112264"}],"wp:term":[{"taxonomy":"category","embeddable":true,"href":"https:\/\/urbeamea.ro\/albaiulia\/wp-json\/wp\/v2\/categories?post=112264"},{"taxonomy":"post_tag","embeddable":true,"href":"https:\/\/urbeamea.ro\/albaiulia\/wp-json\/wp\/v2\/tags?post=112264"}],"curies":[{"name":"wp","href":"https:\/\/api.w.org\/{rel}","templated":true}]}}