{"id":112349,"date":"2024-06-27T11:52:45","date_gmt":"2024-06-27T08:52:45","guid":{"rendered":"https:\/\/urbeamea.ro\/albaiulia\/?p=112349"},"modified":"2024-06-27T11:52:47","modified_gmt":"2024-06-27T08:52:47","slug":"un-nou-raft-al-bibliotecii-judetene-lucian-blaga-alba-va-fi-inaugurat-vineri-28-iunie-2024-la-horea","status":"publish","type":"post","link":"https:\/\/urbeamea.ro\/albaiulia\/un-nou-raft-al-bibliotecii-judetene-lucian-blaga-alba-va-fi-inaugurat-vineri-28-iunie-2024-la-horea\/","title":{"rendered":"Un nou raft al Bibliotecii Jude\u021bene \u201eLucian Blaga\u201d Alba va fi inaugurat vineri, 28 iunie 2024, la Horea"},"content":{"rendered":"\n<p>Vineri, 28 iunie 2024, Raftul Bibliotecii Jude\u021bene \u201eLucian Blaga\u201d Alba ajunge la biblioteca din comuna Horea, unde va fi inaugurat la ora 12:00, \u00een prezen\u021ba oficialit\u0103\u021bilor locale \u0219i jude\u021bene, a echipei de proiect condus\u0103 de managerul bibliotecii jude\u021bene Silvan St\u00e2ncel, a oamenilor de cultur\u0103 din zon\u0103, \u0219i, nu \u00een ultimul r\u00e2nd, \u00een prezen\u021ba locuitorilor din comuna Horea. Proiectul este organizat de Consiliul Jude\u021bean Alba \u0219i Biblioteca Jude\u021bean\u0103 \u201eLucian Blaga\u201d Alba, \u00een parteneriat cu Prim\u0103ria Comunei Horea \u0219i Biblioteca Comunal\u0103 Horea.<\/p>\n\n\n\n<p>Prin intermediul proiectului 2.9 Fondul special \u2013 Raftul Bibliotecii Jude\u021bene Lucian Blaga \u00een Jude\u021bul Alba, Consiliul Jude\u021bean Alba, \u00eempreun\u0103 cu Biblioteca Jude\u021bean\u0103 \u201eLucian Blaga\u201d Alba, ofer\u0103 comunit\u0103\u021bilor din jude\u021b c\u00e2te o mini bibliotec\u0103, cu circa 300 de volume, din toate domeniile biblioteconomice, sporind atractivitatea bibliotecilor partenere. Dincolo de fondul de carte dat \u00een custodia Bibliotecii Comunale Horea, prin parteneriatul semnat cu aceast\u0103 ocazie, \u00eentre administra\u021bia local\u0103 \u0219i institu\u021bia de cultur\u0103 se pun bazele unor noi colabor\u0103ri culturale.<\/p>\n\n\n\n<p>Evenimentul de vineri, 28 iunie 2024, este organizat de Consiliul Jude\u021bean Alba \u0219i Biblioteca Jude\u021bean\u0103 \u201eLucian Blaga\u201d Alba, \u00een parteneriat cu Prim\u0103ria Comunei Horea \u0219i Biblioteca Comunal\u0103 Horea.<\/p>\n\n\n\n<figure class=\"wp-block-image size-full\"><img loading=\"lazy\" decoding=\"async\" width=\"509\" height=\"720\" src=\"https:\/\/urbeamea.ro\/albaiulia\/wp-content\/uploads\/2024\/06\/449047990_1018420416950567_3351036667314066340_n.jpg\" alt=\"\" class=\"wp-image-112350\" srcset=\"https:\/\/urbeamea.ro\/albaiulia\/wp-content\/uploads\/2024\/06\/449047990_1018420416950567_3351036667314066340_n.jpg 509w, https:\/\/urbeamea.ro\/albaiulia\/wp-content\/uploads\/2024\/06\/449047990_1018420416950567_3351036667314066340_n-452x640.jpg 452w, https:\/\/urbeamea.ro\/albaiulia\/wp-content\/uploads\/2024\/06\/449047990_1018420416950567_3351036667314066340_n-106x150.jpg 106w\" sizes=\"auto, (max-width: 509px) 100vw, 509px\" \/><\/figure>\n","protected":false},"excerpt":{"rendered":"<p>Vineri, 28 iunie 2024, Raftul Bibliotecii Jude\u021bene \u201eLucian Blaga\u201d Alba ajunge la biblioteca din comuna Horea, unde va fi inaugurat la ora 12:00, \u00een prezen\u021ba oficialit\u0103\u021bilor locale \u0219i jude\u021bene, a echipei de proiect condus\u0103 de managerul bibliotecii jude\u021bene Silvan St\u00e2ncel, a oamenilor de cultur\u0103 din zon\u0103, \u0219i, nu \u00een ultimul r\u00e2nd, \u00een prezen\u021ba locuitorilor din &hellip;<\/p>\n","protected":false},"author":16,"featured_media":100235,"comment_status":"open","ping_status":"open","sticky":false,"template":"","format":"standard","meta":{"inline_featured_image":false,"footnotes":""},"categories":[4],"tags":[],"class_list":["post-112349","post","type-post","status-publish","format-standard","has-post-thumbnail","hentry","category-eveniment"],"yoast_head":"<!-- This site is optimized with the Yoast SEO plugin v27.4 - https:\/\/yoast.com\/product\/yoast-seo-wordpress\/ -->\n<title>Un nou raft al Bibliotecii Jude\u021bene \u201eLucian Blaga\u201d Alba va fi inaugurat vineri, 28 iunie 2024, la Horea - Revista Urbea Mea - Revista de Alba<\/title>\n<meta name=\"description\" content=\"Vineri, 28 iunie 2024, Raftul Bibliotecii Jude\u021bene \u201eLucian Blaga\u201d Alba ajunge la biblioteca din comuna Horea, unde va fi inaugurat la ora 12:00, \u00een\" \/>\n<meta name=\"robots\" content=\"index, follow, max-snippet:-1, max-image-preview:large, max-video-preview:-1\" \/>\n<link rel=\"canonical\" href=\"https:\/\/urbeamea.ro\/albaiulia\/un-nou-raft-al-bibliotecii-judetene-lucian-blaga-alba-va-fi-inaugurat-vineri-28-iunie-2024-la-horea\/\" \/>\n<meta name=\"twitter:card\" content=\"summary_large_image\" \/>\n<meta name=\"twitter:title\" content=\"Un nou raft al Bibliotecii Jude\u021bene \u201eLucian Blaga\u201d Alba va fi inaugurat vineri, 28 iunie 2024, la Horea - Revista Urbea Mea - Revista de Alba\" \/>\n<meta name=\"twitter:description\" content=\"Vineri, 28 iunie 2024, Raftul Bibliotecii Jude\u021bene \u201eLucian Blaga\u201d Alba ajunge la biblioteca din comuna Horea, unde va fi inaugurat la ora 12:00, \u00een\" \/>\n<meta name=\"twitter:image\" content=\"https:\/\/urbeamea.ro\/albaiulia\/wp-content\/uploads\/2022\/02\/Carti-raft.jpg\" \/>\n<meta name=\"twitter:creator\" content=\"@urbeameaweb\" \/>\n<meta name=\"twitter:site\" content=\"@urbeameaweb\" \/>\n<script type=\"application\/ld+json\" class=\"yoast-schema-graph\">{\"@context\":\"https:\\\/\\\/schema.org\",\"@graph\":[{\"@type\":\"Article\",\"@id\":\"https:\\\/\\\/urbeamea.ro\\\/albaiulia\\\/un-nou-raft-al-bibliotecii-judetene-lucian-blaga-alba-va-fi-inaugurat-vineri-28-iunie-2024-la-horea\\\/#article\",\"isPartOf\":{\"@id\":\"https:\\\/\\\/urbeamea.ro\\\/albaiulia\\\/un-nou-raft-al-bibliotecii-judetene-lucian-blaga-alba-va-fi-inaugurat-vineri-28-iunie-2024-la-horea\\\/\"},\"author\":{\"name\":\"Redac\u021bia UrbeaMea\",\"@id\":\"https:\\\/\\\/urbeamea.ro\\\/albaiulia\\\/#\\\/schema\\\/person\\\/272ae98052f8ee8980f59848df070247\"},\"headline\":\"Un nou raft al Bibliotecii Jude\u021bene \u201eLucian Blaga\u201d Alba va fi inaugurat vineri, 28 iunie 2024, la Horea\",\"datePublished\":\"2024-06-27T08:52:45+00:00\",\"dateModified\":\"2024-06-27T08:52:47+00:00\",\"mainEntityOfPage\":{\"@id\":\"https:\\\/\\\/urbeamea.ro\\\/albaiulia\\\/un-nou-raft-al-bibliotecii-judetene-lucian-blaga-alba-va-fi-inaugurat-vineri-28-iunie-2024-la-horea\\\/\"},\"wordCount\":217,\"commentCount\":0,\"image\":{\"@id\":\"https:\\\/\\\/urbeamea.ro\\\/albaiulia\\\/un-nou-raft-al-bibliotecii-judetene-lucian-blaga-alba-va-fi-inaugurat-vineri-28-iunie-2024-la-horea\\\/#primaryimage\"},\"thumbnailUrl\":\"https:\\\/\\\/urbeamea.ro\\\/albaiulia\\\/wp-content\\\/uploads\\\/2022\\\/02\\\/Carti-raft.jpg\",\"articleSection\":[\"Evenimente\"],\"inLanguage\":\"ro-RO\",\"potentialAction\":[{\"@type\":\"CommentAction\",\"name\":\"Comment\",\"target\":[\"https:\\\/\\\/urbeamea.ro\\\/albaiulia\\\/un-nou-raft-al-bibliotecii-judetene-lucian-blaga-alba-va-fi-inaugurat-vineri-28-iunie-2024-la-horea\\\/#respond\"]}]},{\"@type\":\"WebPage\",\"@id\":\"https:\\\/\\\/urbeamea.ro\\\/albaiulia\\\/un-nou-raft-al-bibliotecii-judetene-lucian-blaga-alba-va-fi-inaugurat-vineri-28-iunie-2024-la-horea\\\/\",\"url\":\"https:\\\/\\\/urbeamea.ro\\\/albaiulia\\\/un-nou-raft-al-bibliotecii-judetene-lucian-blaga-alba-va-fi-inaugurat-vineri-28-iunie-2024-la-horea\\\/\",\"name\":\"Un nou raft al Bibliotecii Jude\u021bene \u201eLucian Blaga\u201d Alba va fi inaugurat vineri, 28 iunie 2024, la Horea - Revista Urbea Mea - Revista de Alba\",\"isPartOf\":{\"@id\":\"https:\\\/\\\/urbeamea.ro\\\/albaiulia\\\/#website\"},\"primaryImageOfPage\":{\"@id\":\"https:\\\/\\\/urbeamea.ro\\\/albaiulia\\\/un-nou-raft-al-bibliotecii-judetene-lucian-blaga-alba-va-fi-inaugurat-vineri-28-iunie-2024-la-horea\\\/#primaryimage\"},\"image\":{\"@id\":\"https:\\\/\\\/urbeamea.ro\\\/albaiulia\\\/un-nou-raft-al-bibliotecii-judetene-lucian-blaga-alba-va-fi-inaugurat-vineri-28-iunie-2024-la-horea\\\/#primaryimage\"},\"thumbnailUrl\":\"https:\\\/\\\/urbeamea.ro\\\/albaiulia\\\/wp-content\\\/uploads\\\/2022\\\/02\\\/Carti-raft.jpg\",\"datePublished\":\"2024-06-27T08:52:45+00:00\",\"dateModified\":\"2024-06-27T08:52:47+00:00\",\"author\":{\"@id\":\"https:\\\/\\\/urbeamea.ro\\\/albaiulia\\\/#\\\/schema\\\/person\\\/272ae98052f8ee8980f59848df070247\"},\"description\":\"Vineri, 28 iunie 2024, Raftul Bibliotecii Jude\u021bene \u201eLucian Blaga\u201d Alba ajunge la biblioteca din comuna Horea, unde va fi inaugurat la ora 12:00, \u00een\",\"breadcrumb\":{\"@id\":\"https:\\\/\\\/urbeamea.ro\\\/albaiulia\\\/un-nou-raft-al-bibliotecii-judetene-lucian-blaga-alba-va-fi-inaugurat-vineri-28-iunie-2024-la-horea\\\/#breadcrumb\"},\"inLanguage\":\"ro-RO\",\"potentialAction\":[{\"@type\":\"ReadAction\",\"target\":[\"https:\\\/\\\/urbeamea.ro\\\/albaiulia\\\/un-nou-raft-al-bibliotecii-judetene-lucian-blaga-alba-va-fi-inaugurat-vineri-28-iunie-2024-la-horea\\\/\"]}]},{\"@type\":\"ImageObject\",\"inLanguage\":\"ro-RO\",\"@id\":\"https:\\\/\\\/urbeamea.ro\\\/albaiulia\\\/un-nou-raft-al-bibliotecii-judetene-lucian-blaga-alba-va-fi-inaugurat-vineri-28-iunie-2024-la-horea\\\/#primaryimage\",\"url\":\"https:\\\/\\\/urbeamea.ro\\\/albaiulia\\\/wp-content\\\/uploads\\\/2022\\\/02\\\/Carti-raft.jpg\",\"contentUrl\":\"https:\\\/\\\/urbeamea.ro\\\/albaiulia\\\/wp-content\\\/uploads\\\/2022\\\/02\\\/Carti-raft.jpg\",\"width\":1600,\"height\":1067},{\"@type\":\"BreadcrumbList\",\"@id\":\"https:\\\/\\\/urbeamea.ro\\\/albaiulia\\\/un-nou-raft-al-bibliotecii-judetene-lucian-blaga-alba-va-fi-inaugurat-vineri-28-iunie-2024-la-horea\\\/#breadcrumb\",\"itemListElement\":[{\"@type\":\"ListItem\",\"position\":1,\"name\":\"Prima pagin\u0103\",\"item\":\"https:\\\/\\\/urbeamea.ro\\\/albaiulia\\\/\"},{\"@type\":\"ListItem\",\"position\":2,\"name\":\"Un nou raft al Bibliotecii Jude\u021bene \u201eLucian Blaga\u201d Alba va fi inaugurat vineri, 28 iunie 2024, la Horea\"}]},{\"@type\":\"WebSite\",\"@id\":\"https:\\\/\\\/urbeamea.ro\\\/albaiulia\\\/#website\",\"url\":\"https:\\\/\\\/urbeamea.ro\\\/albaiulia\\\/\",\"name\":\"Revista Urbea Mea, Stiri urbane\",\"description\":\"Evenimente \u0219i \u0219tiri din Alba Iulia, Sebe\u0219, Aiud, Blaj\",\"potentialAction\":[{\"@type\":\"SearchAction\",\"target\":{\"@type\":\"EntryPoint\",\"urlTemplate\":\"https:\\\/\\\/urbeamea.ro\\\/albaiulia\\\/?s={search_term_string}\"},\"query-input\":{\"@type\":\"PropertyValueSpecification\",\"valueRequired\":true,\"valueName\":\"search_term_string\"}}],\"inLanguage\":\"ro-RO\"},{\"@type\":\"Person\",\"@id\":\"https:\\\/\\\/urbeamea.ro\\\/albaiulia\\\/#\\\/schema\\\/person\\\/272ae98052f8ee8980f59848df070247\",\"name\":\"Redac\u021bia UrbeaMea\",\"image\":{\"@type\":\"ImageObject\",\"inLanguage\":\"ro-RO\",\"@id\":\"https:\\\/\\\/secure.gravatar.com\\\/avatar\\\/9ce5a9435071fa1037e8468053ead8e513dbbff59009d3069aadb85506d85a27?s=96&d=mm&r=g\",\"url\":\"https:\\\/\\\/secure.gravatar.com\\\/avatar\\\/9ce5a9435071fa1037e8468053ead8e513dbbff59009d3069aadb85506d85a27?s=96&d=mm&r=g\",\"contentUrl\":\"https:\\\/\\\/secure.gravatar.com\\\/avatar\\\/9ce5a9435071fa1037e8468053ead8e513dbbff59009d3069aadb85506d85a27?s=96&d=mm&r=g\",\"caption\":\"Redac\u021bia UrbeaMea\"},\"description\":\"contact@urbeamea.ro\",\"sameAs\":[\"https:\\\/\\\/www.urbeamea.ro\"],\"url\":\"https:\\\/\\\/urbeamea.ro\\\/albaiulia\\\/author\\\/redactia-urbeamea\\\/\"}]}<\/script>\n<!-- \/ Yoast SEO plugin. -->","yoast_head_json":{"title":"Un nou raft al Bibliotecii Jude\u021bene \u201eLucian Blaga\u201d Alba va fi inaugurat vineri, 28 iunie 2024, la Horea - Revista Urbea Mea - Revista de Alba","description":"Vineri, 28 iunie 2024, Raftul Bibliotecii Jude\u021bene \u201eLucian Blaga\u201d Alba ajunge la biblioteca din comuna Horea, unde va fi inaugurat la ora 12:00, \u00een","robots":{"index":"index","follow":"follow","max-snippet":"max-snippet:-1","max-image-preview":"max-image-preview:large","max-video-preview":"max-video-preview:-1"},"canonical":"https:\/\/urbeamea.ro\/albaiulia\/un-nou-raft-al-bibliotecii-judetene-lucian-blaga-alba-va-fi-inaugurat-vineri-28-iunie-2024-la-horea\/","twitter_card":"summary_large_image","twitter_title":"Un nou raft al Bibliotecii Jude\u021bene \u201eLucian Blaga\u201d Alba va fi inaugurat vineri, 28 iunie 2024, la Horea - Revista Urbea Mea - Revista de Alba","twitter_description":"Vineri, 28 iunie 2024, Raftul Bibliotecii Jude\u021bene \u201eLucian Blaga\u201d Alba ajunge la biblioteca din comuna Horea, unde va fi inaugurat la ora 12:00, \u00een","twitter_image":"https:\/\/urbeamea.ro\/albaiulia\/wp-content\/uploads\/2022\/02\/Carti-raft.jpg","twitter_creator":"@urbeameaweb","twitter_site":"@urbeameaweb","schema":{"@context":"https:\/\/schema.org","@graph":[{"@type":"Article","@id":"https:\/\/urbeamea.ro\/albaiulia\/un-nou-raft-al-bibliotecii-judetene-lucian-blaga-alba-va-fi-inaugurat-vineri-28-iunie-2024-la-horea\/#article","isPartOf":{"@id":"https:\/\/urbeamea.ro\/albaiulia\/un-nou-raft-al-bibliotecii-judetene-lucian-blaga-alba-va-fi-inaugurat-vineri-28-iunie-2024-la-horea\/"},"author":{"name":"Redac\u021bia UrbeaMea","@id":"https:\/\/urbeamea.ro\/albaiulia\/#\/schema\/person\/272ae98052f8ee8980f59848df070247"},"headline":"Un nou raft al Bibliotecii Jude\u021bene \u201eLucian Blaga\u201d Alba va fi inaugurat vineri, 28 iunie 2024, la Horea","datePublished":"2024-06-27T08:52:45+00:00","dateModified":"2024-06-27T08:52:47+00:00","mainEntityOfPage":{"@id":"https:\/\/urbeamea.ro\/albaiulia\/un-nou-raft-al-bibliotecii-judetene-lucian-blaga-alba-va-fi-inaugurat-vineri-28-iunie-2024-la-horea\/"},"wordCount":217,"commentCount":0,"image":{"@id":"https:\/\/urbeamea.ro\/albaiulia\/un-nou-raft-al-bibliotecii-judetene-lucian-blaga-alba-va-fi-inaugurat-vineri-28-iunie-2024-la-horea\/#primaryimage"},"thumbnailUrl":"https:\/\/urbeamea.ro\/albaiulia\/wp-content\/uploads\/2022\/02\/Carti-raft.jpg","articleSection":["Evenimente"],"inLanguage":"ro-RO","potentialAction":[{"@type":"CommentAction","name":"Comment","target":["https:\/\/urbeamea.ro\/albaiulia\/un-nou-raft-al-bibliotecii-judetene-lucian-blaga-alba-va-fi-inaugurat-vineri-28-iunie-2024-la-horea\/#respond"]}]},{"@type":"WebPage","@id":"https:\/\/urbeamea.ro\/albaiulia\/un-nou-raft-al-bibliotecii-judetene-lucian-blaga-alba-va-fi-inaugurat-vineri-28-iunie-2024-la-horea\/","url":"https:\/\/urbeamea.ro\/albaiulia\/un-nou-raft-al-bibliotecii-judetene-lucian-blaga-alba-va-fi-inaugurat-vineri-28-iunie-2024-la-horea\/","name":"Un nou raft al Bibliotecii Jude\u021bene \u201eLucian Blaga\u201d Alba va fi inaugurat vineri, 28 iunie 2024, la Horea - Revista Urbea Mea - Revista de Alba","isPartOf":{"@id":"https:\/\/urbeamea.ro\/albaiulia\/#website"},"primaryImageOfPage":{"@id":"https:\/\/urbeamea.ro\/albaiulia\/un-nou-raft-al-bibliotecii-judetene-lucian-blaga-alba-va-fi-inaugurat-vineri-28-iunie-2024-la-horea\/#primaryimage"},"image":{"@id":"https:\/\/urbeamea.ro\/albaiulia\/un-nou-raft-al-bibliotecii-judetene-lucian-blaga-alba-va-fi-inaugurat-vineri-28-iunie-2024-la-horea\/#primaryimage"},"thumbnailUrl":"https:\/\/urbeamea.ro\/albaiulia\/wp-content\/uploads\/2022\/02\/Carti-raft.jpg","datePublished":"2024-06-27T08:52:45+00:00","dateModified":"2024-06-27T08:52:47+00:00","author":{"@id":"https:\/\/urbeamea.ro\/albaiulia\/#\/schema\/person\/272ae98052f8ee8980f59848df070247"},"description":"Vineri, 28 iunie 2024, Raftul Bibliotecii Jude\u021bene \u201eLucian Blaga\u201d Alba ajunge la biblioteca din comuna Horea, unde va fi inaugurat la ora 12:00, \u00een","breadcrumb":{"@id":"https:\/\/urbeamea.ro\/albaiulia\/un-nou-raft-al-bibliotecii-judetene-lucian-blaga-alba-va-fi-inaugurat-vineri-28-iunie-2024-la-horea\/#breadcrumb"},"inLanguage":"ro-RO","potentialAction":[{"@type":"ReadAction","target":["https:\/\/urbeamea.ro\/albaiulia\/un-nou-raft-al-bibliotecii-judetene-lucian-blaga-alba-va-fi-inaugurat-vineri-28-iunie-2024-la-horea\/"]}]},{"@type":"ImageObject","inLanguage":"ro-RO","@id":"https:\/\/urbeamea.ro\/albaiulia\/un-nou-raft-al-bibliotecii-judetene-lucian-blaga-alba-va-fi-inaugurat-vineri-28-iunie-2024-la-horea\/#primaryimage","url":"https:\/\/urbeamea.ro\/albaiulia\/wp-content\/uploads\/2022\/02\/Carti-raft.jpg","contentUrl":"https:\/\/urbeamea.ro\/albaiulia\/wp-content\/uploads\/2022\/02\/Carti-raft.jpg","width":1600,"height":1067},{"@type":"BreadcrumbList","@id":"https:\/\/urbeamea.ro\/albaiulia\/un-nou-raft-al-bibliotecii-judetene-lucian-blaga-alba-va-fi-inaugurat-vineri-28-iunie-2024-la-horea\/#breadcrumb","itemListElement":[{"@type":"ListItem","position":1,"name":"Prima pagin\u0103","item":"https:\/\/urbeamea.ro\/albaiulia\/"},{"@type":"ListItem","position":2,"name":"Un nou raft al Bibliotecii Jude\u021bene \u201eLucian Blaga\u201d Alba va fi inaugurat vineri, 28 iunie 2024, la Horea"}]},{"@type":"WebSite","@id":"https:\/\/urbeamea.ro\/albaiulia\/#website","url":"https:\/\/urbeamea.ro\/albaiulia\/","name":"Revista Urbea Mea, Stiri urbane","description":"Evenimente \u0219i \u0219tiri din Alba Iulia, Sebe\u0219, Aiud, Blaj","potentialAction":[{"@type":"SearchAction","target":{"@type":"EntryPoint","urlTemplate":"https:\/\/urbeamea.ro\/albaiulia\/?s={search_term_string}"},"query-input":{"@type":"PropertyValueSpecification","valueRequired":true,"valueName":"search_term_string"}}],"inLanguage":"ro-RO"},{"@type":"Person","@id":"https:\/\/urbeamea.ro\/albaiulia\/#\/schema\/person\/272ae98052f8ee8980f59848df070247","name":"Redac\u021bia UrbeaMea","image":{"@type":"ImageObject","inLanguage":"ro-RO","@id":"https:\/\/secure.gravatar.com\/avatar\/9ce5a9435071fa1037e8468053ead8e513dbbff59009d3069aadb85506d85a27?s=96&d=mm&r=g","url":"https:\/\/secure.gravatar.com\/avatar\/9ce5a9435071fa1037e8468053ead8e513dbbff59009d3069aadb85506d85a27?s=96&d=mm&r=g","contentUrl":"https:\/\/secure.gravatar.com\/avatar\/9ce5a9435071fa1037e8468053ead8e513dbbff59009d3069aadb85506d85a27?s=96&d=mm&r=g","caption":"Redac\u021bia UrbeaMea"},"description":"contact@urbeamea.ro","sameAs":["https:\/\/www.urbeamea.ro"],"url":"https:\/\/urbeamea.ro\/albaiulia\/author\/redactia-urbeamea\/"}]}},"_links":{"self":[{"href":"https:\/\/urbeamea.ro\/albaiulia\/wp-json\/wp\/v2\/posts\/112349","targetHints":{"allow":["GET"]}}],"collection":[{"href":"https:\/\/urbeamea.ro\/albaiulia\/wp-json\/wp\/v2\/posts"}],"about":[{"href":"https:\/\/urbeamea.ro\/albaiulia\/wp-json\/wp\/v2\/types\/post"}],"author":[{"embeddable":true,"href":"https:\/\/urbeamea.ro\/albaiulia\/wp-json\/wp\/v2\/users\/16"}],"replies":[{"embeddable":true,"href":"https:\/\/urbeamea.ro\/albaiulia\/wp-json\/wp\/v2\/comments?post=112349"}],"version-history":[{"count":1,"href":"https:\/\/urbeamea.ro\/albaiulia\/wp-json\/wp\/v2\/posts\/112349\/revisions"}],"predecessor-version":[{"id":112351,"href":"https:\/\/urbeamea.ro\/albaiulia\/wp-json\/wp\/v2\/posts\/112349\/revisions\/112351"}],"wp:featuredmedia":[{"embeddable":true,"href":"https:\/\/urbeamea.ro\/albaiulia\/wp-json\/wp\/v2\/media\/100235"}],"wp:attachment":[{"href":"https:\/\/urbeamea.ro\/albaiulia\/wp-json\/wp\/v2\/media?parent=112349"}],"wp:term":[{"taxonomy":"category","embeddable":true,"href":"https:\/\/urbeamea.ro\/albaiulia\/wp-json\/wp\/v2\/categories?post=112349"},{"taxonomy":"post_tag","embeddable":true,"href":"https:\/\/urbeamea.ro\/albaiulia\/wp-json\/wp\/v2\/tags?post=112349"}],"curies":[{"name":"wp","href":"https:\/\/api.w.org\/{rel}","templated":true}]}}