{"id":112355,"date":"2024-06-27T12:01:01","date_gmt":"2024-06-27T09:01:01","guid":{"rendered":"https:\/\/urbeamea.ro\/albaiulia\/?p=112355"},"modified":"2024-06-27T12:01:03","modified_gmt":"2024-06-27T09:01:03","slug":"sc-apa-ctta-sa-alba-face-apel-catre-consumatori-pentru-folosirea-rationala-a-apei-potabile-in-perioada-de-seceta","status":"publish","type":"post","link":"https:\/\/urbeamea.ro\/albaiulia\/sc-apa-ctta-sa-alba-face-apel-catre-consumatori-pentru-folosirea-rationala-a-apei-potabile-in-perioada-de-seceta\/","title":{"rendered":"SC APA CTTA SA ALBA face apel c\u0103tre consumatori pentru folosirea rational\u0103 a apei potabile \u00een perioada de secet\u0103"},"content":{"rendered":"\n<p>Av\u00e2nd \u00een vedere perioada de secet\u0103 accentuat\u0103, SC APA CTTA SA ALBA face apel c\u0103tre to\u021bi beneficiarii serviciului s\u0103 foloseasc\u0103 \u00een mod ra\u021bional apa potabila, deoarece din cauza folosirii acesteia in mod iresponsabil, consumul de ap\u0103 cre\u0219te, iar resursele de ap\u0103 din rezervoarele de \u00eenmagazinare se epuizeaz\u0103 cu rapiditate, fiind necesara refacerea periodica a acestora.<br>Sistemul de alimentare func\u021bioneaz\u0103 la capacitate maxim\u0103, dar cu toate acestea, consumul este foarte mare, ceea ce duce la imposibilitatea \u00eenc\u0103rc\u0103rii complete a rezervoarelor multor localit\u0103\u021bi din zona rural\u0103, care s\u0103 permit\u0103 func\u021bionarea capacit\u0103\u021bilor de pompare.<br>\u021ain\u00e2nd cont de aceste aspecte, adres\u0103m un apel insistent cet\u0103\u021benilor s\u0103 utilizeze responsabil apa potabil\u0103 \u0219i s\u0103 fie constien\u021bi de faptul c\u0103 fac parte dintr-o comunitate si folosind apa potabil\u0103 \u00een orice alt scop (activit\u0103\u0163i de agrement, activit\u0103\u0163i agricole, irigatul gr\u0103dinilor, sp\u0103latul teraselor, cur\u0163ilor, pavajelor), poate conduce la posibilitatea ca cei afla\u021bi la capetele de re\u021bea s\u0103 fie priva\u021bi de dreptul vital de a avea minimul de ap\u0103 pentru necesit\u0103\u021bi casnice, sau o vor avea cu o turbiditate m\u0103rit\u0103, datorit\u0103 aceluia\u0219i motiv. Pentru udarea gr\u0103dinilor sau a spa\u021biilor verzi, sp\u0103larea autovehiculelor, etc utiliza\u021bi apa din alte surse ( foraje proprii, pu\u021buri, f\u00e2nt\u00e2ni).<br>Apa nu este un produs comercial, ci un bun comun \u0219i o resurs\u0103 limitat\u0103 care trebuie protejat\u0103 \u0219i utilizat\u0103 \u00eentr-un mod sustenabil.<br>V\u0103 mul\u021bumim pentru \u00een\u021belegere \u0219i colaborare!<\/p>\n","protected":false},"excerpt":{"rendered":"<p>Av\u00e2nd \u00een vedere perioada de secet\u0103 accentuat\u0103, SC APA CTTA SA ALBA face apel c\u0103tre to\u021bi beneficiarii serviciului s\u0103 foloseasc\u0103 \u00een mod ra\u021bional apa potabila, deoarece din cauza folosirii acesteia in mod iresponsabil, consumul de ap\u0103 cre\u0219te, iar resursele de ap\u0103 din rezervoarele de \u00eenmagazinare se epuizeaz\u0103 cu rapiditate, fiind necesara refacerea periodica a acestora.Sistemul &hellip;<\/p>\n","protected":false},"author":16,"featured_media":100899,"comment_status":"open","ping_status":"open","sticky":false,"template":"","format":"standard","meta":{"inline_featured_image":false,"footnotes":""},"categories":[1],"tags":[],"class_list":["post-112355","post","type-post","status-publish","format-standard","has-post-thumbnail","hentry","category-stiri-urbane"],"yoast_head":"<!-- This site is optimized with the Yoast SEO plugin v27.4 - https:\/\/yoast.com\/product\/yoast-seo-wordpress\/ -->\n<title>SC APA CTTA SA ALBA face apel c\u0103tre consumatori pentru folosirea rational\u0103 a apei potabile \u00een perioada de secet\u0103 - Revista Urbea Mea - Revista de Alba<\/title>\n<meta name=\"description\" content=\"Av\u00e2nd \u00een vedere perioada de secet\u0103 accentuat\u0103, SC APA CTTA SA ALBA face apel c\u0103tre to\u021bi beneficiarii serviciului s\u0103 foloseasc\u0103 \u00een mod ra\u021bional apa\" \/>\n<meta name=\"robots\" content=\"index, follow, max-snippet:-1, max-image-preview:large, max-video-preview:-1\" \/>\n<link rel=\"canonical\" href=\"https:\/\/urbeamea.ro\/albaiulia\/sc-apa-ctta-sa-alba-face-apel-catre-consumatori-pentru-folosirea-rationala-a-apei-potabile-in-perioada-de-seceta\/\" \/>\n<meta name=\"twitter:card\" content=\"summary_large_image\" \/>\n<meta name=\"twitter:title\" content=\"SC APA CTTA SA ALBA face apel c\u0103tre consumatori pentru folosirea rational\u0103 a apei potabile \u00een perioada de secet\u0103 - Revista Urbea Mea - Revista de Alba\" \/>\n<meta name=\"twitter:description\" content=\"Av\u00e2nd \u00een vedere perioada de secet\u0103 accentuat\u0103, SC APA CTTA SA ALBA face apel c\u0103tre to\u021bi beneficiarii serviciului s\u0103 foloseasc\u0103 \u00een mod ra\u021bional apa\" \/>\n<meta name=\"twitter:image\" content=\"https:\/\/urbeamea.ro\/albaiulia\/wp-content\/uploads\/2022\/03\/apa-2.jpg\" \/>\n<meta name=\"twitter:creator\" content=\"@urbeameaweb\" \/>\n<meta name=\"twitter:site\" content=\"@urbeameaweb\" \/>\n<script type=\"application\/ld+json\" class=\"yoast-schema-graph\">{\"@context\":\"https:\\\/\\\/schema.org\",\"@graph\":[{\"@type\":\"Article\",\"@id\":\"https:\\\/\\\/urbeamea.ro\\\/albaiulia\\\/sc-apa-ctta-sa-alba-face-apel-catre-consumatori-pentru-folosirea-rationala-a-apei-potabile-in-perioada-de-seceta\\\/#article\",\"isPartOf\":{\"@id\":\"https:\\\/\\\/urbeamea.ro\\\/albaiulia\\\/sc-apa-ctta-sa-alba-face-apel-catre-consumatori-pentru-folosirea-rationala-a-apei-potabile-in-perioada-de-seceta\\\/\"},\"author\":{\"name\":\"Redac\u021bia UrbeaMea\",\"@id\":\"https:\\\/\\\/urbeamea.ro\\\/albaiulia\\\/#\\\/schema\\\/person\\\/272ae98052f8ee8980f59848df070247\"},\"headline\":\"SC APA CTTA SA ALBA face apel c\u0103tre consumatori pentru folosirea rational\u0103 a apei potabile \u00een perioada de secet\u0103\",\"datePublished\":\"2024-06-27T09:01:01+00:00\",\"dateModified\":\"2024-06-27T09:01:03+00:00\",\"mainEntityOfPage\":{\"@id\":\"https:\\\/\\\/urbeamea.ro\\\/albaiulia\\\/sc-apa-ctta-sa-alba-face-apel-catre-consumatori-pentru-folosirea-rationala-a-apei-potabile-in-perioada-de-seceta\\\/\"},\"wordCount\":275,\"commentCount\":0,\"image\":{\"@id\":\"https:\\\/\\\/urbeamea.ro\\\/albaiulia\\\/sc-apa-ctta-sa-alba-face-apel-catre-consumatori-pentru-folosirea-rationala-a-apei-potabile-in-perioada-de-seceta\\\/#primaryimage\"},\"thumbnailUrl\":\"https:\\\/\\\/urbeamea.ro\\\/albaiulia\\\/wp-content\\\/uploads\\\/2022\\\/03\\\/apa-2.jpg\",\"articleSection\":[\"\u015etiri Urbane\"],\"inLanguage\":\"ro-RO\",\"potentialAction\":[{\"@type\":\"CommentAction\",\"name\":\"Comment\",\"target\":[\"https:\\\/\\\/urbeamea.ro\\\/albaiulia\\\/sc-apa-ctta-sa-alba-face-apel-catre-consumatori-pentru-folosirea-rationala-a-apei-potabile-in-perioada-de-seceta\\\/#respond\"]}]},{\"@type\":\"WebPage\",\"@id\":\"https:\\\/\\\/urbeamea.ro\\\/albaiulia\\\/sc-apa-ctta-sa-alba-face-apel-catre-consumatori-pentru-folosirea-rationala-a-apei-potabile-in-perioada-de-seceta\\\/\",\"url\":\"https:\\\/\\\/urbeamea.ro\\\/albaiulia\\\/sc-apa-ctta-sa-alba-face-apel-catre-consumatori-pentru-folosirea-rationala-a-apei-potabile-in-perioada-de-seceta\\\/\",\"name\":\"SC APA CTTA SA ALBA face apel c\u0103tre consumatori pentru folosirea rational\u0103 a apei potabile \u00een perioada de secet\u0103 - Revista Urbea Mea - Revista de Alba\",\"isPartOf\":{\"@id\":\"https:\\\/\\\/urbeamea.ro\\\/albaiulia\\\/#website\"},\"primaryImageOfPage\":{\"@id\":\"https:\\\/\\\/urbeamea.ro\\\/albaiulia\\\/sc-apa-ctta-sa-alba-face-apel-catre-consumatori-pentru-folosirea-rationala-a-apei-potabile-in-perioada-de-seceta\\\/#primaryimage\"},\"image\":{\"@id\":\"https:\\\/\\\/urbeamea.ro\\\/albaiulia\\\/sc-apa-ctta-sa-alba-face-apel-catre-consumatori-pentru-folosirea-rationala-a-apei-potabile-in-perioada-de-seceta\\\/#primaryimage\"},\"thumbnailUrl\":\"https:\\\/\\\/urbeamea.ro\\\/albaiulia\\\/wp-content\\\/uploads\\\/2022\\\/03\\\/apa-2.jpg\",\"datePublished\":\"2024-06-27T09:01:01+00:00\",\"dateModified\":\"2024-06-27T09:01:03+00:00\",\"author\":{\"@id\":\"https:\\\/\\\/urbeamea.ro\\\/albaiulia\\\/#\\\/schema\\\/person\\\/272ae98052f8ee8980f59848df070247\"},\"description\":\"Av\u00e2nd \u00een vedere perioada de secet\u0103 accentuat\u0103, SC APA CTTA SA ALBA face apel c\u0103tre to\u021bi beneficiarii serviciului s\u0103 foloseasc\u0103 \u00een mod ra\u021bional apa\",\"breadcrumb\":{\"@id\":\"https:\\\/\\\/urbeamea.ro\\\/albaiulia\\\/sc-apa-ctta-sa-alba-face-apel-catre-consumatori-pentru-folosirea-rationala-a-apei-potabile-in-perioada-de-seceta\\\/#breadcrumb\"},\"inLanguage\":\"ro-RO\",\"potentialAction\":[{\"@type\":\"ReadAction\",\"target\":[\"https:\\\/\\\/urbeamea.ro\\\/albaiulia\\\/sc-apa-ctta-sa-alba-face-apel-catre-consumatori-pentru-folosirea-rationala-a-apei-potabile-in-perioada-de-seceta\\\/\"]}]},{\"@type\":\"ImageObject\",\"inLanguage\":\"ro-RO\",\"@id\":\"https:\\\/\\\/urbeamea.ro\\\/albaiulia\\\/sc-apa-ctta-sa-alba-face-apel-catre-consumatori-pentru-folosirea-rationala-a-apei-potabile-in-perioada-de-seceta\\\/#primaryimage\",\"url\":\"https:\\\/\\\/urbeamea.ro\\\/albaiulia\\\/wp-content\\\/uploads\\\/2022\\\/03\\\/apa-2.jpg\",\"contentUrl\":\"https:\\\/\\\/urbeamea.ro\\\/albaiulia\\\/wp-content\\\/uploads\\\/2022\\\/03\\\/apa-2.jpg\",\"width\":1447,\"height\":1600},{\"@type\":\"BreadcrumbList\",\"@id\":\"https:\\\/\\\/urbeamea.ro\\\/albaiulia\\\/sc-apa-ctta-sa-alba-face-apel-catre-consumatori-pentru-folosirea-rationala-a-apei-potabile-in-perioada-de-seceta\\\/#breadcrumb\",\"itemListElement\":[{\"@type\":\"ListItem\",\"position\":1,\"name\":\"Prima pagin\u0103\",\"item\":\"https:\\\/\\\/urbeamea.ro\\\/albaiulia\\\/\"},{\"@type\":\"ListItem\",\"position\":2,\"name\":\"SC APA CTTA SA ALBA face apel c\u0103tre consumatori pentru folosirea rational\u0103 a apei potabile \u00een perioada de secet\u0103\"}]},{\"@type\":\"WebSite\",\"@id\":\"https:\\\/\\\/urbeamea.ro\\\/albaiulia\\\/#website\",\"url\":\"https:\\\/\\\/urbeamea.ro\\\/albaiulia\\\/\",\"name\":\"Revista Urbea Mea, Stiri urbane\",\"description\":\"Evenimente \u0219i \u0219tiri din Alba Iulia, Sebe\u0219, Aiud, Blaj\",\"potentialAction\":[{\"@type\":\"SearchAction\",\"target\":{\"@type\":\"EntryPoint\",\"urlTemplate\":\"https:\\\/\\\/urbeamea.ro\\\/albaiulia\\\/?s={search_term_string}\"},\"query-input\":{\"@type\":\"PropertyValueSpecification\",\"valueRequired\":true,\"valueName\":\"search_term_string\"}}],\"inLanguage\":\"ro-RO\"},{\"@type\":\"Person\",\"@id\":\"https:\\\/\\\/urbeamea.ro\\\/albaiulia\\\/#\\\/schema\\\/person\\\/272ae98052f8ee8980f59848df070247\",\"name\":\"Redac\u021bia UrbeaMea\",\"image\":{\"@type\":\"ImageObject\",\"inLanguage\":\"ro-RO\",\"@id\":\"https:\\\/\\\/secure.gravatar.com\\\/avatar\\\/9ce5a9435071fa1037e8468053ead8e513dbbff59009d3069aadb85506d85a27?s=96&d=mm&r=g\",\"url\":\"https:\\\/\\\/secure.gravatar.com\\\/avatar\\\/9ce5a9435071fa1037e8468053ead8e513dbbff59009d3069aadb85506d85a27?s=96&d=mm&r=g\",\"contentUrl\":\"https:\\\/\\\/secure.gravatar.com\\\/avatar\\\/9ce5a9435071fa1037e8468053ead8e513dbbff59009d3069aadb85506d85a27?s=96&d=mm&r=g\",\"caption\":\"Redac\u021bia UrbeaMea\"},\"description\":\"contact@urbeamea.ro\",\"sameAs\":[\"https:\\\/\\\/www.urbeamea.ro\"],\"url\":\"https:\\\/\\\/urbeamea.ro\\\/albaiulia\\\/author\\\/redactia-urbeamea\\\/\"}]}<\/script>\n<!-- \/ Yoast SEO plugin. -->","yoast_head_json":{"title":"SC APA CTTA SA ALBA face apel c\u0103tre consumatori pentru folosirea rational\u0103 a apei potabile \u00een perioada de secet\u0103 - Revista Urbea Mea - Revista de Alba","description":"Av\u00e2nd \u00een vedere perioada de secet\u0103 accentuat\u0103, SC APA CTTA SA ALBA face apel c\u0103tre to\u021bi beneficiarii serviciului s\u0103 foloseasc\u0103 \u00een mod ra\u021bional apa","robots":{"index":"index","follow":"follow","max-snippet":"max-snippet:-1","max-image-preview":"max-image-preview:large","max-video-preview":"max-video-preview:-1"},"canonical":"https:\/\/urbeamea.ro\/albaiulia\/sc-apa-ctta-sa-alba-face-apel-catre-consumatori-pentru-folosirea-rationala-a-apei-potabile-in-perioada-de-seceta\/","twitter_card":"summary_large_image","twitter_title":"SC APA CTTA SA ALBA face apel c\u0103tre consumatori pentru folosirea rational\u0103 a apei potabile \u00een perioada de secet\u0103 - Revista Urbea Mea - Revista de Alba","twitter_description":"Av\u00e2nd \u00een vedere perioada de secet\u0103 accentuat\u0103, SC APA CTTA SA ALBA face apel c\u0103tre to\u021bi beneficiarii serviciului s\u0103 foloseasc\u0103 \u00een mod ra\u021bional apa","twitter_image":"https:\/\/urbeamea.ro\/albaiulia\/wp-content\/uploads\/2022\/03\/apa-2.jpg","twitter_creator":"@urbeameaweb","twitter_site":"@urbeameaweb","schema":{"@context":"https:\/\/schema.org","@graph":[{"@type":"Article","@id":"https:\/\/urbeamea.ro\/albaiulia\/sc-apa-ctta-sa-alba-face-apel-catre-consumatori-pentru-folosirea-rationala-a-apei-potabile-in-perioada-de-seceta\/#article","isPartOf":{"@id":"https:\/\/urbeamea.ro\/albaiulia\/sc-apa-ctta-sa-alba-face-apel-catre-consumatori-pentru-folosirea-rationala-a-apei-potabile-in-perioada-de-seceta\/"},"author":{"name":"Redac\u021bia UrbeaMea","@id":"https:\/\/urbeamea.ro\/albaiulia\/#\/schema\/person\/272ae98052f8ee8980f59848df070247"},"headline":"SC APA CTTA SA ALBA face apel c\u0103tre consumatori pentru folosirea rational\u0103 a apei potabile \u00een perioada de secet\u0103","datePublished":"2024-06-27T09:01:01+00:00","dateModified":"2024-06-27T09:01:03+00:00","mainEntityOfPage":{"@id":"https:\/\/urbeamea.ro\/albaiulia\/sc-apa-ctta-sa-alba-face-apel-catre-consumatori-pentru-folosirea-rationala-a-apei-potabile-in-perioada-de-seceta\/"},"wordCount":275,"commentCount":0,"image":{"@id":"https:\/\/urbeamea.ro\/albaiulia\/sc-apa-ctta-sa-alba-face-apel-catre-consumatori-pentru-folosirea-rationala-a-apei-potabile-in-perioada-de-seceta\/#primaryimage"},"thumbnailUrl":"https:\/\/urbeamea.ro\/albaiulia\/wp-content\/uploads\/2022\/03\/apa-2.jpg","articleSection":["\u015etiri Urbane"],"inLanguage":"ro-RO","potentialAction":[{"@type":"CommentAction","name":"Comment","target":["https:\/\/urbeamea.ro\/albaiulia\/sc-apa-ctta-sa-alba-face-apel-catre-consumatori-pentru-folosirea-rationala-a-apei-potabile-in-perioada-de-seceta\/#respond"]}]},{"@type":"WebPage","@id":"https:\/\/urbeamea.ro\/albaiulia\/sc-apa-ctta-sa-alba-face-apel-catre-consumatori-pentru-folosirea-rationala-a-apei-potabile-in-perioada-de-seceta\/","url":"https:\/\/urbeamea.ro\/albaiulia\/sc-apa-ctta-sa-alba-face-apel-catre-consumatori-pentru-folosirea-rationala-a-apei-potabile-in-perioada-de-seceta\/","name":"SC APA CTTA SA ALBA face apel c\u0103tre consumatori pentru folosirea rational\u0103 a apei potabile \u00een perioada de secet\u0103 - Revista Urbea Mea - Revista de Alba","isPartOf":{"@id":"https:\/\/urbeamea.ro\/albaiulia\/#website"},"primaryImageOfPage":{"@id":"https:\/\/urbeamea.ro\/albaiulia\/sc-apa-ctta-sa-alba-face-apel-catre-consumatori-pentru-folosirea-rationala-a-apei-potabile-in-perioada-de-seceta\/#primaryimage"},"image":{"@id":"https:\/\/urbeamea.ro\/albaiulia\/sc-apa-ctta-sa-alba-face-apel-catre-consumatori-pentru-folosirea-rationala-a-apei-potabile-in-perioada-de-seceta\/#primaryimage"},"thumbnailUrl":"https:\/\/urbeamea.ro\/albaiulia\/wp-content\/uploads\/2022\/03\/apa-2.jpg","datePublished":"2024-06-27T09:01:01+00:00","dateModified":"2024-06-27T09:01:03+00:00","author":{"@id":"https:\/\/urbeamea.ro\/albaiulia\/#\/schema\/person\/272ae98052f8ee8980f59848df070247"},"description":"Av\u00e2nd \u00een vedere perioada de secet\u0103 accentuat\u0103, SC APA CTTA SA ALBA face apel c\u0103tre to\u021bi beneficiarii serviciului s\u0103 foloseasc\u0103 \u00een mod ra\u021bional apa","breadcrumb":{"@id":"https:\/\/urbeamea.ro\/albaiulia\/sc-apa-ctta-sa-alba-face-apel-catre-consumatori-pentru-folosirea-rationala-a-apei-potabile-in-perioada-de-seceta\/#breadcrumb"},"inLanguage":"ro-RO","potentialAction":[{"@type":"ReadAction","target":["https:\/\/urbeamea.ro\/albaiulia\/sc-apa-ctta-sa-alba-face-apel-catre-consumatori-pentru-folosirea-rationala-a-apei-potabile-in-perioada-de-seceta\/"]}]},{"@type":"ImageObject","inLanguage":"ro-RO","@id":"https:\/\/urbeamea.ro\/albaiulia\/sc-apa-ctta-sa-alba-face-apel-catre-consumatori-pentru-folosirea-rationala-a-apei-potabile-in-perioada-de-seceta\/#primaryimage","url":"https:\/\/urbeamea.ro\/albaiulia\/wp-content\/uploads\/2022\/03\/apa-2.jpg","contentUrl":"https:\/\/urbeamea.ro\/albaiulia\/wp-content\/uploads\/2022\/03\/apa-2.jpg","width":1447,"height":1600},{"@type":"BreadcrumbList","@id":"https:\/\/urbeamea.ro\/albaiulia\/sc-apa-ctta-sa-alba-face-apel-catre-consumatori-pentru-folosirea-rationala-a-apei-potabile-in-perioada-de-seceta\/#breadcrumb","itemListElement":[{"@type":"ListItem","position":1,"name":"Prima pagin\u0103","item":"https:\/\/urbeamea.ro\/albaiulia\/"},{"@type":"ListItem","position":2,"name":"SC APA CTTA SA ALBA face apel c\u0103tre consumatori pentru folosirea rational\u0103 a apei potabile \u00een perioada de secet\u0103"}]},{"@type":"WebSite","@id":"https:\/\/urbeamea.ro\/albaiulia\/#website","url":"https:\/\/urbeamea.ro\/albaiulia\/","name":"Revista Urbea Mea, Stiri urbane","description":"Evenimente \u0219i \u0219tiri din Alba Iulia, Sebe\u0219, Aiud, Blaj","potentialAction":[{"@type":"SearchAction","target":{"@type":"EntryPoint","urlTemplate":"https:\/\/urbeamea.ro\/albaiulia\/?s={search_term_string}"},"query-input":{"@type":"PropertyValueSpecification","valueRequired":true,"valueName":"search_term_string"}}],"inLanguage":"ro-RO"},{"@type":"Person","@id":"https:\/\/urbeamea.ro\/albaiulia\/#\/schema\/person\/272ae98052f8ee8980f59848df070247","name":"Redac\u021bia UrbeaMea","image":{"@type":"ImageObject","inLanguage":"ro-RO","@id":"https:\/\/secure.gravatar.com\/avatar\/9ce5a9435071fa1037e8468053ead8e513dbbff59009d3069aadb85506d85a27?s=96&d=mm&r=g","url":"https:\/\/secure.gravatar.com\/avatar\/9ce5a9435071fa1037e8468053ead8e513dbbff59009d3069aadb85506d85a27?s=96&d=mm&r=g","contentUrl":"https:\/\/secure.gravatar.com\/avatar\/9ce5a9435071fa1037e8468053ead8e513dbbff59009d3069aadb85506d85a27?s=96&d=mm&r=g","caption":"Redac\u021bia UrbeaMea"},"description":"contact@urbeamea.ro","sameAs":["https:\/\/www.urbeamea.ro"],"url":"https:\/\/urbeamea.ro\/albaiulia\/author\/redactia-urbeamea\/"}]}},"_links":{"self":[{"href":"https:\/\/urbeamea.ro\/albaiulia\/wp-json\/wp\/v2\/posts\/112355","targetHints":{"allow":["GET"]}}],"collection":[{"href":"https:\/\/urbeamea.ro\/albaiulia\/wp-json\/wp\/v2\/posts"}],"about":[{"href":"https:\/\/urbeamea.ro\/albaiulia\/wp-json\/wp\/v2\/types\/post"}],"author":[{"embeddable":true,"href":"https:\/\/urbeamea.ro\/albaiulia\/wp-json\/wp\/v2\/users\/16"}],"replies":[{"embeddable":true,"href":"https:\/\/urbeamea.ro\/albaiulia\/wp-json\/wp\/v2\/comments?post=112355"}],"version-history":[{"count":1,"href":"https:\/\/urbeamea.ro\/albaiulia\/wp-json\/wp\/v2\/posts\/112355\/revisions"}],"predecessor-version":[{"id":112356,"href":"https:\/\/urbeamea.ro\/albaiulia\/wp-json\/wp\/v2\/posts\/112355\/revisions\/112356"}],"wp:featuredmedia":[{"embeddable":true,"href":"https:\/\/urbeamea.ro\/albaiulia\/wp-json\/wp\/v2\/media\/100899"}],"wp:attachment":[{"href":"https:\/\/urbeamea.ro\/albaiulia\/wp-json\/wp\/v2\/media?parent=112355"}],"wp:term":[{"taxonomy":"category","embeddable":true,"href":"https:\/\/urbeamea.ro\/albaiulia\/wp-json\/wp\/v2\/categories?post=112355"},{"taxonomy":"post_tag","embeddable":true,"href":"https:\/\/urbeamea.ro\/albaiulia\/wp-json\/wp\/v2\/tags?post=112355"}],"curies":[{"name":"wp","href":"https:\/\/api.w.org\/{rel}","templated":true}]}}