{"id":112366,"date":"2024-06-27T12:33:48","date_gmt":"2024-06-27T09:33:48","guid":{"rendered":"https:\/\/urbeamea.ro\/albaiulia\/?p=112366"},"modified":"2024-06-27T12:33:49","modified_gmt":"2024-06-27T09:33:49","slug":"birourile-rer-vest-retim-inchise-in-perioada-1-5-iulie","status":"publish","type":"post","link":"https:\/\/urbeamea.ro\/albaiulia\/birourile-rer-vest-retim-inchise-in-perioada-1-5-iulie\/","title":{"rendered":"Birourile RER Vest &#8211; RETIM, \u00eenchise \u00een perioada 1-5 iulie"},"content":{"rendered":"\n<ul class=\"wp-block-list\">\n<li>Clien\u021bii sunt \u00eencuraja\u021bi s\u0103 \u00ee\u0219i activeze factura electronic\u0103 \u0219i s\u0103 fac\u0103 pl\u0103\u021bi online<\/li>\n<\/ul>\n\n\n\n<p>Toate Birourile Rela\u021bii cu Clien\u021bii RER Vest \u2013 RETIM vor fi \u00eenchise \u00eentre 1 \u0219i 5 iulie pentru actualizarea sistemului informatic. \u00cen aceast\u0103 perioad\u0103, clien\u021bii nu vor putea face pl\u0103\u021bi la casierii \u0219i nici \u00eencheia contracte, iar facturile se vor putea achita doar online.<\/p>\n\n\n\n<p>Operatorul de salubrizare \u00ee\u0219i cere scuze pentru nepl\u0103cerile create clien\u021bilor care preferau s\u0103 fac\u0103 pl\u0103\u021bi fizice la casierii, \u00eens\u0103 recomand\u0103 utilizarea cu prec\u0103dere a celorlalte instrumente de plat\u0103:<\/p>\n\n\n\n<ul class=\"wp-block-list\">\n<li>Online cu cardul bancar prin intermediul sec\u021biunii \u201eContul Meu\u201d, de pe\u00a0<a href=\"http:\/\/www.rervest.ro\/\">www.rervest.ro<\/a>\u00a0(necesit\u0103 creearea unui cont)<\/li>\n\n\n\n<li>Online din aplica\u021bia PAGO<\/li>\n\n\n\n<li>Prin intermediul sistemului de PayPoint, Un-doi centru de pl\u0103\u021bi, Sta\u021bia de plat\u0103 Selfpay<\/li>\n\n\n\n<li>La ghi\u0219ee sau prin direct debit la b\u0103ncile BCR \u0219i Banca Transilvania<\/li>\n\n\n\n<li>Transfer bancar (cu specificarea codului de client) \u00een conturile RER Vest:<\/li>\n\n\n\n<li>RO96 RNCB 0032 0464 7034 0001 BCR ORADEA<\/li>\n\n\n\n<li>RO54 BRDE 050S V536 8695 0500 BRD ORADEA<\/li>\n\n\n\n<li>RO19 BTRL 0050 1202 U057 50XX BANCA TRANSILVANIA<\/li>\n\n\n\n<li>RO26 BACX 0000 0007 8350 6000 UNICREDIT \u021aIRIAC BANK<\/li>\n<\/ul>\n\n\n\n<p>Av\u00e2nd \u00een vedere c\u0103 din 1 iulie este obligatorie utilizarea platformei din Spa\u021biul Privat Virtual pentru \u00eenregistrarea facturilor de c\u0103tre persoanele juridice, RER \u00eencurajeaz\u0103 aceast\u0103 categorie de clien\u021bi s\u0103 \u00ee\u0219i activeze facturile electronice \u0219i s\u0103 fac\u0103 pl\u0103\u021bile tot electronic, nemaifiind nevoit\u0103 s\u0103 se deplaseze la casieriile operatorului.<\/p>\n\n\n\n<p><strong>Despre Asocierea RER Vest &#8211; RETIM Ecologic Service \u0219i RER Group<\/strong><\/p>\n\n\n\n<p><strong>Asocierea RER Vest SA \u2013 RETIM Ecologic Service <\/strong>a fost \u00eenfiin\u021bat\u0103 cu scopul de a oferi servicii de salubritate profesioniste locuitorilor din jude\u021bul Alba. Astfel, \u00een urma c\u00e2\u0219tig\u0103rii licita\u021biei organizat\u0103 de ADI Salubris Alba, \u00een anul 2019, asocierea este responsabil\u0103 de colectarea \u0219i sortarea de\u0219eurilor din Zona 1: ora\u0219ele Alba Iulia, Aiud, Ocna Mure\u0219, Teiu\u0219, respectiv comunele Ciugud, Berghin, Ohaba, Mihal\u021b, Strem\u021b, Galda de Jos, Cric\u0103u, \u00centregalde, Ighiu, S\u00e2ntimbru, R\u00e2me\u021b, R\u0103de\u0219ti, Rimetea, Lopadea Nou\u0103, Livezile, Mir\u0103sl\u0103u, Ponor, Hop\u00e2rta, F\u0103r\u0103u, No\u0219lac, Lunca Mure\u0219ului, Unirea, \u0219i Zona 2: ora\u0219ele Sebe\u0219, Cugir, respectiv comunele Daia,Cut, Spring, Do\u0219tat, G\u00e2rbova, C\u00e2lnic, S\u0103sciori, Pianu, S\u0103li\u0219tea, Blandiana, Vin\u021bu de Jos, Ceru-B\u0103c\u0103in\u021bi, \u0218ibot, \u0218ugag.<\/p>\n\n\n\n<p><strong>RER Group<\/strong> a fost \u00eenfiin\u021bat \u00een anul 1994 de c\u0103tre concernul german RWE, desf\u0103\u0219ur\u00e2nd activit\u0103\u021bi \u00een domeniul salubrit\u0103\u021bii, recuper\u0103rii ecologice \u0219i recicl\u0103rii. Grupul RER de\u021bine \u0219apte companii \u2013 REBU, RETIM, RER Sud, RER Br\u0103ila, RER Vest, RER Servicii SRL \u0219i RER DATA, iar la finalul anului 2021 avea 2300 de angaja\u021bi.<\/p>\n","protected":false},"excerpt":{"rendered":"<p>Clien\u021bii sunt \u00eencuraja\u021bi s\u0103 \u00ee\u0219i activeze factura electronic\u0103 \u0219i s\u0103 fac\u0103 pl\u0103\u021bi online Toate Birourile Rela\u021bii cu Clien\u021bii RER Vest \u2013 RETIM vor fi \u00eenchise \u00eentre 1 \u0219i 5 iulie pentru actualizarea sistemului informatic. \u00cen aceast\u0103 perioad\u0103, clien\u021bii nu vor putea face pl\u0103\u021bi la casierii \u0219i nici \u00eencheia contracte, iar facturile se vor putea achita &hellip;<\/p>\n","protected":false},"author":16,"featured_media":112367,"comment_status":"open","ping_status":"open","sticky":false,"template":"","format":"standard","meta":{"inline_featured_image":false,"footnotes":""},"categories":[1],"tags":[],"class_list":["post-112366","post","type-post","status-publish","format-standard","has-post-thumbnail","hentry","category-stiri-urbane"],"yoast_head":"<!-- This site is optimized with the Yoast SEO plugin v27.4 - https:\/\/yoast.com\/product\/yoast-seo-wordpress\/ -->\n<title>Birourile RER Vest - RETIM, \u00eenchise \u00een perioada 1-5 iulie - Revista Urbea Mea - Revista de Alba<\/title>\n<meta name=\"description\" content=\"Clien\u021bii sunt \u00eencuraja\u021bi s\u0103 \u00ee\u0219i activeze factura electronic\u0103 \u0219i s\u0103 fac\u0103 pl\u0103\u021bi online Toate Birourile Rela\u021bii cu Clien\u021bii RER Vest \u2013 RETIM vor fi \u00eenchise\" \/>\n<meta name=\"robots\" content=\"index, follow, max-snippet:-1, max-image-preview:large, max-video-preview:-1\" \/>\n<link rel=\"canonical\" href=\"https:\/\/urbeamea.ro\/albaiulia\/birourile-rer-vest-retim-inchise-in-perioada-1-5-iulie\/\" \/>\n<meta name=\"twitter:card\" content=\"summary_large_image\" \/>\n<meta name=\"twitter:title\" content=\"Birourile RER Vest - RETIM, \u00eenchise \u00een perioada 1-5 iulie - Revista Urbea Mea - Revista de Alba\" \/>\n<meta name=\"twitter:description\" content=\"Clien\u021bii sunt \u00eencuraja\u021bi s\u0103 \u00ee\u0219i activeze factura electronic\u0103 \u0219i s\u0103 fac\u0103 pl\u0103\u021bi online Toate Birourile Rela\u021bii cu Clien\u021bii RER Vest \u2013 RETIM vor fi \u00eenchise\" \/>\n<meta name=\"twitter:image\" content=\"https:\/\/urbeamea.ro\/albaiulia\/wp-content\/uploads\/2024\/06\/IMG-20240325-WA0012.jpg\" \/>\n<meta name=\"twitter:creator\" content=\"@urbeameaweb\" \/>\n<meta name=\"twitter:site\" content=\"@urbeameaweb\" \/>\n<script type=\"application\/ld+json\" class=\"yoast-schema-graph\">{\"@context\":\"https:\\\/\\\/schema.org\",\"@graph\":[{\"@type\":\"Article\",\"@id\":\"https:\\\/\\\/urbeamea.ro\\\/albaiulia\\\/birourile-rer-vest-retim-inchise-in-perioada-1-5-iulie\\\/#article\",\"isPartOf\":{\"@id\":\"https:\\\/\\\/urbeamea.ro\\\/albaiulia\\\/birourile-rer-vest-retim-inchise-in-perioada-1-5-iulie\\\/\"},\"author\":{\"name\":\"Redac\u021bia UrbeaMea\",\"@id\":\"https:\\\/\\\/urbeamea.ro\\\/albaiulia\\\/#\\\/schema\\\/person\\\/272ae98052f8ee8980f59848df070247\"},\"headline\":\"Birourile RER Vest &#8211; RETIM, \u00eenchise \u00een perioada 1-5 iulie\",\"datePublished\":\"2024-06-27T09:33:48+00:00\",\"dateModified\":\"2024-06-27T09:33:49+00:00\",\"mainEntityOfPage\":{\"@id\":\"https:\\\/\\\/urbeamea.ro\\\/albaiulia\\\/birourile-rer-vest-retim-inchise-in-perioada-1-5-iulie\\\/\"},\"wordCount\":441,\"commentCount\":0,\"image\":{\"@id\":\"https:\\\/\\\/urbeamea.ro\\\/albaiulia\\\/birourile-rer-vest-retim-inchise-in-perioada-1-5-iulie\\\/#primaryimage\"},\"thumbnailUrl\":\"https:\\\/\\\/urbeamea.ro\\\/albaiulia\\\/wp-content\\\/uploads\\\/2024\\\/06\\\/IMG-20240325-WA0012.jpg\",\"articleSection\":[\"\u015etiri Urbane\"],\"inLanguage\":\"ro-RO\",\"potentialAction\":[{\"@type\":\"CommentAction\",\"name\":\"Comment\",\"target\":[\"https:\\\/\\\/urbeamea.ro\\\/albaiulia\\\/birourile-rer-vest-retim-inchise-in-perioada-1-5-iulie\\\/#respond\"]}]},{\"@type\":\"WebPage\",\"@id\":\"https:\\\/\\\/urbeamea.ro\\\/albaiulia\\\/birourile-rer-vest-retim-inchise-in-perioada-1-5-iulie\\\/\",\"url\":\"https:\\\/\\\/urbeamea.ro\\\/albaiulia\\\/birourile-rer-vest-retim-inchise-in-perioada-1-5-iulie\\\/\",\"name\":\"Birourile RER Vest - RETIM, \u00eenchise \u00een perioada 1-5 iulie - Revista Urbea Mea - Revista de Alba\",\"isPartOf\":{\"@id\":\"https:\\\/\\\/urbeamea.ro\\\/albaiulia\\\/#website\"},\"primaryImageOfPage\":{\"@id\":\"https:\\\/\\\/urbeamea.ro\\\/albaiulia\\\/birourile-rer-vest-retim-inchise-in-perioada-1-5-iulie\\\/#primaryimage\"},\"image\":{\"@id\":\"https:\\\/\\\/urbeamea.ro\\\/albaiulia\\\/birourile-rer-vest-retim-inchise-in-perioada-1-5-iulie\\\/#primaryimage\"},\"thumbnailUrl\":\"https:\\\/\\\/urbeamea.ro\\\/albaiulia\\\/wp-content\\\/uploads\\\/2024\\\/06\\\/IMG-20240325-WA0012.jpg\",\"datePublished\":\"2024-06-27T09:33:48+00:00\",\"dateModified\":\"2024-06-27T09:33:49+00:00\",\"author\":{\"@id\":\"https:\\\/\\\/urbeamea.ro\\\/albaiulia\\\/#\\\/schema\\\/person\\\/272ae98052f8ee8980f59848df070247\"},\"description\":\"Clien\u021bii sunt \u00eencuraja\u021bi s\u0103 \u00ee\u0219i activeze factura electronic\u0103 \u0219i s\u0103 fac\u0103 pl\u0103\u021bi online Toate Birourile Rela\u021bii cu Clien\u021bii RER Vest \u2013 RETIM vor fi \u00eenchise\",\"breadcrumb\":{\"@id\":\"https:\\\/\\\/urbeamea.ro\\\/albaiulia\\\/birourile-rer-vest-retim-inchise-in-perioada-1-5-iulie\\\/#breadcrumb\"},\"inLanguage\":\"ro-RO\",\"potentialAction\":[{\"@type\":\"ReadAction\",\"target\":[\"https:\\\/\\\/urbeamea.ro\\\/albaiulia\\\/birourile-rer-vest-retim-inchise-in-perioada-1-5-iulie\\\/\"]}]},{\"@type\":\"ImageObject\",\"inLanguage\":\"ro-RO\",\"@id\":\"https:\\\/\\\/urbeamea.ro\\\/albaiulia\\\/birourile-rer-vest-retim-inchise-in-perioada-1-5-iulie\\\/#primaryimage\",\"url\":\"https:\\\/\\\/urbeamea.ro\\\/albaiulia\\\/wp-content\\\/uploads\\\/2024\\\/06\\\/IMG-20240325-WA0012.jpg\",\"contentUrl\":\"https:\\\/\\\/urbeamea.ro\\\/albaiulia\\\/wp-content\\\/uploads\\\/2024\\\/06\\\/IMG-20240325-WA0012.jpg\",\"width\":1536,\"height\":2048},{\"@type\":\"BreadcrumbList\",\"@id\":\"https:\\\/\\\/urbeamea.ro\\\/albaiulia\\\/birourile-rer-vest-retim-inchise-in-perioada-1-5-iulie\\\/#breadcrumb\",\"itemListElement\":[{\"@type\":\"ListItem\",\"position\":1,\"name\":\"Prima pagin\u0103\",\"item\":\"https:\\\/\\\/urbeamea.ro\\\/albaiulia\\\/\"},{\"@type\":\"ListItem\",\"position\":2,\"name\":\"Birourile RER Vest &#8211; RETIM, \u00eenchise \u00een perioada 1-5 iulie\"}]},{\"@type\":\"WebSite\",\"@id\":\"https:\\\/\\\/urbeamea.ro\\\/albaiulia\\\/#website\",\"url\":\"https:\\\/\\\/urbeamea.ro\\\/albaiulia\\\/\",\"name\":\"Revista Urbea Mea, Stiri urbane\",\"description\":\"Evenimente \u0219i \u0219tiri din Alba Iulia, Sebe\u0219, Aiud, Blaj\",\"potentialAction\":[{\"@type\":\"SearchAction\",\"target\":{\"@type\":\"EntryPoint\",\"urlTemplate\":\"https:\\\/\\\/urbeamea.ro\\\/albaiulia\\\/?s={search_term_string}\"},\"query-input\":{\"@type\":\"PropertyValueSpecification\",\"valueRequired\":true,\"valueName\":\"search_term_string\"}}],\"inLanguage\":\"ro-RO\"},{\"@type\":\"Person\",\"@id\":\"https:\\\/\\\/urbeamea.ro\\\/albaiulia\\\/#\\\/schema\\\/person\\\/272ae98052f8ee8980f59848df070247\",\"name\":\"Redac\u021bia UrbeaMea\",\"image\":{\"@type\":\"ImageObject\",\"inLanguage\":\"ro-RO\",\"@id\":\"https:\\\/\\\/secure.gravatar.com\\\/avatar\\\/9ce5a9435071fa1037e8468053ead8e513dbbff59009d3069aadb85506d85a27?s=96&d=mm&r=g\",\"url\":\"https:\\\/\\\/secure.gravatar.com\\\/avatar\\\/9ce5a9435071fa1037e8468053ead8e513dbbff59009d3069aadb85506d85a27?s=96&d=mm&r=g\",\"contentUrl\":\"https:\\\/\\\/secure.gravatar.com\\\/avatar\\\/9ce5a9435071fa1037e8468053ead8e513dbbff59009d3069aadb85506d85a27?s=96&d=mm&r=g\",\"caption\":\"Redac\u021bia UrbeaMea\"},\"description\":\"contact@urbeamea.ro\",\"sameAs\":[\"https:\\\/\\\/www.urbeamea.ro\"],\"url\":\"https:\\\/\\\/urbeamea.ro\\\/albaiulia\\\/author\\\/redactia-urbeamea\\\/\"}]}<\/script>\n<!-- \/ Yoast SEO plugin. -->","yoast_head_json":{"title":"Birourile RER Vest - RETIM, \u00eenchise \u00een perioada 1-5 iulie - Revista Urbea Mea - Revista de Alba","description":"Clien\u021bii sunt \u00eencuraja\u021bi s\u0103 \u00ee\u0219i activeze factura electronic\u0103 \u0219i s\u0103 fac\u0103 pl\u0103\u021bi online Toate Birourile Rela\u021bii cu Clien\u021bii RER Vest \u2013 RETIM vor fi \u00eenchise","robots":{"index":"index","follow":"follow","max-snippet":"max-snippet:-1","max-image-preview":"max-image-preview:large","max-video-preview":"max-video-preview:-1"},"canonical":"https:\/\/urbeamea.ro\/albaiulia\/birourile-rer-vest-retim-inchise-in-perioada-1-5-iulie\/","twitter_card":"summary_large_image","twitter_title":"Birourile RER Vest - RETIM, \u00eenchise \u00een perioada 1-5 iulie - Revista Urbea Mea - Revista de Alba","twitter_description":"Clien\u021bii sunt \u00eencuraja\u021bi s\u0103 \u00ee\u0219i activeze factura electronic\u0103 \u0219i s\u0103 fac\u0103 pl\u0103\u021bi online Toate Birourile Rela\u021bii cu Clien\u021bii RER Vest \u2013 RETIM vor fi \u00eenchise","twitter_image":"https:\/\/urbeamea.ro\/albaiulia\/wp-content\/uploads\/2024\/06\/IMG-20240325-WA0012.jpg","twitter_creator":"@urbeameaweb","twitter_site":"@urbeameaweb","schema":{"@context":"https:\/\/schema.org","@graph":[{"@type":"Article","@id":"https:\/\/urbeamea.ro\/albaiulia\/birourile-rer-vest-retim-inchise-in-perioada-1-5-iulie\/#article","isPartOf":{"@id":"https:\/\/urbeamea.ro\/albaiulia\/birourile-rer-vest-retim-inchise-in-perioada-1-5-iulie\/"},"author":{"name":"Redac\u021bia UrbeaMea","@id":"https:\/\/urbeamea.ro\/albaiulia\/#\/schema\/person\/272ae98052f8ee8980f59848df070247"},"headline":"Birourile RER Vest &#8211; RETIM, \u00eenchise \u00een perioada 1-5 iulie","datePublished":"2024-06-27T09:33:48+00:00","dateModified":"2024-06-27T09:33:49+00:00","mainEntityOfPage":{"@id":"https:\/\/urbeamea.ro\/albaiulia\/birourile-rer-vest-retim-inchise-in-perioada-1-5-iulie\/"},"wordCount":441,"commentCount":0,"image":{"@id":"https:\/\/urbeamea.ro\/albaiulia\/birourile-rer-vest-retim-inchise-in-perioada-1-5-iulie\/#primaryimage"},"thumbnailUrl":"https:\/\/urbeamea.ro\/albaiulia\/wp-content\/uploads\/2024\/06\/IMG-20240325-WA0012.jpg","articleSection":["\u015etiri Urbane"],"inLanguage":"ro-RO","potentialAction":[{"@type":"CommentAction","name":"Comment","target":["https:\/\/urbeamea.ro\/albaiulia\/birourile-rer-vest-retim-inchise-in-perioada-1-5-iulie\/#respond"]}]},{"@type":"WebPage","@id":"https:\/\/urbeamea.ro\/albaiulia\/birourile-rer-vest-retim-inchise-in-perioada-1-5-iulie\/","url":"https:\/\/urbeamea.ro\/albaiulia\/birourile-rer-vest-retim-inchise-in-perioada-1-5-iulie\/","name":"Birourile RER Vest - RETIM, \u00eenchise \u00een perioada 1-5 iulie - Revista Urbea Mea - Revista de Alba","isPartOf":{"@id":"https:\/\/urbeamea.ro\/albaiulia\/#website"},"primaryImageOfPage":{"@id":"https:\/\/urbeamea.ro\/albaiulia\/birourile-rer-vest-retim-inchise-in-perioada-1-5-iulie\/#primaryimage"},"image":{"@id":"https:\/\/urbeamea.ro\/albaiulia\/birourile-rer-vest-retim-inchise-in-perioada-1-5-iulie\/#primaryimage"},"thumbnailUrl":"https:\/\/urbeamea.ro\/albaiulia\/wp-content\/uploads\/2024\/06\/IMG-20240325-WA0012.jpg","datePublished":"2024-06-27T09:33:48+00:00","dateModified":"2024-06-27T09:33:49+00:00","author":{"@id":"https:\/\/urbeamea.ro\/albaiulia\/#\/schema\/person\/272ae98052f8ee8980f59848df070247"},"description":"Clien\u021bii sunt \u00eencuraja\u021bi s\u0103 \u00ee\u0219i activeze factura electronic\u0103 \u0219i s\u0103 fac\u0103 pl\u0103\u021bi online Toate Birourile Rela\u021bii cu Clien\u021bii RER Vest \u2013 RETIM vor fi \u00eenchise","breadcrumb":{"@id":"https:\/\/urbeamea.ro\/albaiulia\/birourile-rer-vest-retim-inchise-in-perioada-1-5-iulie\/#breadcrumb"},"inLanguage":"ro-RO","potentialAction":[{"@type":"ReadAction","target":["https:\/\/urbeamea.ro\/albaiulia\/birourile-rer-vest-retim-inchise-in-perioada-1-5-iulie\/"]}]},{"@type":"ImageObject","inLanguage":"ro-RO","@id":"https:\/\/urbeamea.ro\/albaiulia\/birourile-rer-vest-retim-inchise-in-perioada-1-5-iulie\/#primaryimage","url":"https:\/\/urbeamea.ro\/albaiulia\/wp-content\/uploads\/2024\/06\/IMG-20240325-WA0012.jpg","contentUrl":"https:\/\/urbeamea.ro\/albaiulia\/wp-content\/uploads\/2024\/06\/IMG-20240325-WA0012.jpg","width":1536,"height":2048},{"@type":"BreadcrumbList","@id":"https:\/\/urbeamea.ro\/albaiulia\/birourile-rer-vest-retim-inchise-in-perioada-1-5-iulie\/#breadcrumb","itemListElement":[{"@type":"ListItem","position":1,"name":"Prima pagin\u0103","item":"https:\/\/urbeamea.ro\/albaiulia\/"},{"@type":"ListItem","position":2,"name":"Birourile RER Vest &#8211; RETIM, \u00eenchise \u00een perioada 1-5 iulie"}]},{"@type":"WebSite","@id":"https:\/\/urbeamea.ro\/albaiulia\/#website","url":"https:\/\/urbeamea.ro\/albaiulia\/","name":"Revista Urbea Mea, Stiri urbane","description":"Evenimente \u0219i \u0219tiri din Alba Iulia, Sebe\u0219, Aiud, Blaj","potentialAction":[{"@type":"SearchAction","target":{"@type":"EntryPoint","urlTemplate":"https:\/\/urbeamea.ro\/albaiulia\/?s={search_term_string}"},"query-input":{"@type":"PropertyValueSpecification","valueRequired":true,"valueName":"search_term_string"}}],"inLanguage":"ro-RO"},{"@type":"Person","@id":"https:\/\/urbeamea.ro\/albaiulia\/#\/schema\/person\/272ae98052f8ee8980f59848df070247","name":"Redac\u021bia UrbeaMea","image":{"@type":"ImageObject","inLanguage":"ro-RO","@id":"https:\/\/secure.gravatar.com\/avatar\/9ce5a9435071fa1037e8468053ead8e513dbbff59009d3069aadb85506d85a27?s=96&d=mm&r=g","url":"https:\/\/secure.gravatar.com\/avatar\/9ce5a9435071fa1037e8468053ead8e513dbbff59009d3069aadb85506d85a27?s=96&d=mm&r=g","contentUrl":"https:\/\/secure.gravatar.com\/avatar\/9ce5a9435071fa1037e8468053ead8e513dbbff59009d3069aadb85506d85a27?s=96&d=mm&r=g","caption":"Redac\u021bia UrbeaMea"},"description":"contact@urbeamea.ro","sameAs":["https:\/\/www.urbeamea.ro"],"url":"https:\/\/urbeamea.ro\/albaiulia\/author\/redactia-urbeamea\/"}]}},"_links":{"self":[{"href":"https:\/\/urbeamea.ro\/albaiulia\/wp-json\/wp\/v2\/posts\/112366","targetHints":{"allow":["GET"]}}],"collection":[{"href":"https:\/\/urbeamea.ro\/albaiulia\/wp-json\/wp\/v2\/posts"}],"about":[{"href":"https:\/\/urbeamea.ro\/albaiulia\/wp-json\/wp\/v2\/types\/post"}],"author":[{"embeddable":true,"href":"https:\/\/urbeamea.ro\/albaiulia\/wp-json\/wp\/v2\/users\/16"}],"replies":[{"embeddable":true,"href":"https:\/\/urbeamea.ro\/albaiulia\/wp-json\/wp\/v2\/comments?post=112366"}],"version-history":[{"count":1,"href":"https:\/\/urbeamea.ro\/albaiulia\/wp-json\/wp\/v2\/posts\/112366\/revisions"}],"predecessor-version":[{"id":112368,"href":"https:\/\/urbeamea.ro\/albaiulia\/wp-json\/wp\/v2\/posts\/112366\/revisions\/112368"}],"wp:featuredmedia":[{"embeddable":true,"href":"https:\/\/urbeamea.ro\/albaiulia\/wp-json\/wp\/v2\/media\/112367"}],"wp:attachment":[{"href":"https:\/\/urbeamea.ro\/albaiulia\/wp-json\/wp\/v2\/media?parent=112366"}],"wp:term":[{"taxonomy":"category","embeddable":true,"href":"https:\/\/urbeamea.ro\/albaiulia\/wp-json\/wp\/v2\/categories?post=112366"},{"taxonomy":"post_tag","embeddable":true,"href":"https:\/\/urbeamea.ro\/albaiulia\/wp-json\/wp\/v2\/tags?post=112366"}],"curies":[{"name":"wp","href":"https:\/\/api.w.org\/{rel}","templated":true}]}}