{"id":112375,"date":"2024-06-27T16:00:41","date_gmt":"2024-06-27T13:00:41","guid":{"rendered":"https:\/\/urbeamea.ro\/albaiulia\/?p=112375"},"modified":"2024-06-27T16:00:43","modified_gmt":"2024-06-27T13:00:43","slug":"eroi-si-in-timpul-liber-doi-militari-din-alba-au-salvat-viata-unui-barbat-implicat-intr-un-accident-rutier","status":"publish","type":"post","link":"https:\/\/urbeamea.ro\/albaiulia\/eroi-si-in-timpul-liber-doi-militari-din-alba-au-salvat-viata-unui-barbat-implicat-intr-un-accident-rutier\/","title":{"rendered":"Eroi \u0219i \u00een timpul liber: Doi militari din Alba, au salvat via\u021ba unui b\u0103rbat implicat \u00eentr-un accident rutier"},"content":{"rendered":"\n<p><strong>Doi militari din Alba Iulia au devenit eroi \u0219i \u00een timpul liber. Drago\u0219 \u0219i Bogdan &#8211; Ionu\u021b au salvat via\u021ba unui b\u0103rbat, implicat \u00eentr-un accident rutier care a avut loc \u00een jude\u021bul Cluj.<\/strong><\/p>\n\n\n\n<p>Povestea celor doi militari a fost f\u0103cut\u0103 public\u0103 pe pagina de socializare a For\u021belor Terestre Rom\u00e2ne.<\/p>\n\n\n\n<p>&#8222;\u00centr-o demonstra\u021bie impresionant\u0103 de curaj \u0219i devotament, caporalul Bogdan-Ionu\u021b F\u00e2nt\u00e2n\u0103 \u0219i frunta\u0219ul Drago\u0219 Ro\u0219a din cadrul Batalionului 136 Geniu \u201eApulum\u201d, din Alba-Iulia au devenit adev\u0103ra\u021bi eroi, salv\u00e2nd via\u021ba unui b\u0103rbat implicat \u00eentr-un accident rutier. <\/p>\n\n\n\n<p>Cei doi, afla\u021bi \u00een misiune, nu au ezitat nici o clip\u0103 s\u0103 intervin\u0103, atunci c\u00e2nd au v\u0103zut o ma\u0219in\u0103 r\u0103sturnat\u0103 pe marginea drumului. <\/p>\n\n\n\n<p>Incidentul s-a petrecut \u00eentr-o diminea\u021b\u0103 lini\u0219tit\u0103, \u00een jur de ora 7:30, c\u00e2nd, la intrarea \u00een localitatea Topa Mic\u0103, jude\u021bul Cluj, au observat o ma\u0219in\u0103 r\u0103sturnat\u0103, care prezenta toate semnele unui accident recent. F\u0103r\u0103 s\u0103 stea pe g\u00e2nduri, cei doi militari s-au gr\u0103bit s\u0103 evalueze situa\u021bia.<\/p>\n\n\n\n<p>Apropiindu-se de ma\u0219in\u0103, caporalul F\u00e2nt\u00e2n\u0103 a observat c\u0103 \u00een interior se afla un b\u0103rbat prins \u00eentre resturile vehiculului, vizibil r\u0103nit \u0219i \u00een stare de \u0219oc. <\/p>\n\n\n\n<p>Con\u0219tient de pericolul iminent de explozie sau incendiu, militarul a ac\u021bionat cu rapiditate, a reu\u0219it s\u0103 deblocheze u\u0219a ma\u0219inii \u0219i s\u0103-l extrag\u0103 pe b\u0103rbat \u00een siguran\u021b\u0103. <\/p>\n\n\n\n<p>Dup\u0103 ce l-au scos pe r\u0103nit din ma\u0219in\u0103, militarii au \u00eenceput imediat s\u0103-i acorde primul ajutor. <\/p>\n\n\n\n<p>Folosindu-\u0219i cuno\u0219tin\u021bele dob\u00e2ndite \u00een cadrul instruirii militare, au evaluat rapid starea victimei \u0219i au aplicat m\u0103surile necesare pentru a stabiliza  b\u0103rbatul p\u00e2n\u0103 la sosirea echipajului de ambulan\u021b\u0103. <\/p>\n\n\n\n<p>Ac\u021biunile lor rapide \u0219i bine coordonate au fost extrem de importante  pentru supravie\u021buirea b\u0103rbatului.C\u00e2nd echipajul de urgen\u021b\u0103 a ajuns la fa\u021ba locului, b\u0103rbatul era deja stabilizat, datorit\u0103 interven\u021biei prompte a militarilor. <\/p>\n\n\n\n<p>Medicii au confirmat c\u0103 ac\u021biunile lor rapide au fost de real ajutor pentru victim\u0103. B\u0103rbatul \u0219i-a exprimat recuno\u0219tin\u021ba profund\u0103 fa\u021b\u0103 de militari, consider\u00e2ndu-i pe salvatorii s\u0103i, adev\u0103ra\u021bi eroi. <\/p>\n\n\n\n<p> Bogdan-Ionu\u021b F\u00e2nt\u00e2n\u0103 \u0219i Drago\u0219 Ro\u0219a au demonstrat c\u0103 devotamentul \u0219i curajul unui militar nu se limiteaz\u0103 doar la c\u00e2mpul de lupt\u0103.<\/p>\n\n\n\n<p> Prin ac\u021biunile lor, au ar\u0103tat c\u0103 adev\u0103ratul spirit al unui soldat const\u0103 \u00een protejarea vie\u021bilor \u0219i servirea comunit\u0103\u021bii, indiferent de circumstan\u021be. <\/p>\n\n\n\n<p>Prin ac\u021biunile lor militarii, inspir\u00e2ndu-i pe to\u021bi cei din jurul lor, au crescut \u00eenc\u0103 o dat\u0103 \u00eencrederea cet\u0103\u021benilor \u00een institu\u021bia din care fac parte, Armata Rom\u00e2niei.<\/p>\n\n\n\n<p> \u00cen concluzie, povestea celor doi militari ne aminte\u0219te c\u0103 eroii nu poart\u0103 \u00eentotdeauna mantii sau armuri str\u0103lucitoare. Uneori, ei sunt cei care, \u00eentr-un moment de criz\u0103, aleg s\u0103 ac\u021bioneze cu mult curaj \u0219i compasiune, salv\u00e2nd vie\u021bi. <\/p>\n\n\n\n<p>Contactat telefonic autorul accidentului le-a mul\u021bumit \u00eenc\u0103 o dat\u0103 militarilor care au intervenit \u0219i i-au oferit primul ajutor, confirm\u00e2nd importan\u021ba interven\u021biei lor&#8221;<\/p>\n\n\n\n<figure class=\"wp-block-gallery has-nested-images columns-default is-cropped wp-block-gallery-1 is-layout-flex wp-block-gallery-is-layout-flex\">\n<figure class=\"wp-block-image size-large\"><img loading=\"lazy\" decoding=\"async\" width=\"720\" height=\"1280\" data-id=\"112378\" src=\"https:\/\/urbeamea.ro\/albaiulia\/wp-content\/uploads\/2024\/06\/1000003820-720x1280.jpg\" alt=\"\" class=\"wp-image-112378\" srcset=\"https:\/\/urbeamea.ro\/albaiulia\/wp-content\/uploads\/2024\/06\/1000003820-720x1280.jpg 720w, https:\/\/urbeamea.ro\/albaiulia\/wp-content\/uploads\/2024\/06\/1000003820-360x640.jpg 360w, https:\/\/urbeamea.ro\/albaiulia\/wp-content\/uploads\/2024\/06\/1000003820-84x150.jpg 84w, https:\/\/urbeamea.ro\/albaiulia\/wp-content\/uploads\/2024\/06\/1000003820-768x1365.jpg 768w, https:\/\/urbeamea.ro\/albaiulia\/wp-content\/uploads\/2024\/06\/1000003820-864x1536.jpg 864w, https:\/\/urbeamea.ro\/albaiulia\/wp-content\/uploads\/2024\/06\/1000003820.jpg 1080w\" sizes=\"auto, (max-width: 720px) 100vw, 720px\" \/><\/figure>\n\n\n\n<figure class=\"wp-block-image size-large\"><img loading=\"lazy\" decoding=\"async\" width=\"720\" height=\"1280\" data-id=\"112379\" src=\"https:\/\/urbeamea.ro\/albaiulia\/wp-content\/uploads\/2024\/06\/1000003823-720x1280.jpg\" alt=\"\" class=\"wp-image-112379\" srcset=\"https:\/\/urbeamea.ro\/albaiulia\/wp-content\/uploads\/2024\/06\/1000003823-720x1280.jpg 720w, https:\/\/urbeamea.ro\/albaiulia\/wp-content\/uploads\/2024\/06\/1000003823-360x640.jpg 360w, https:\/\/urbeamea.ro\/albaiulia\/wp-content\/uploads\/2024\/06\/1000003823-84x150.jpg 84w, https:\/\/urbeamea.ro\/albaiulia\/wp-content\/uploads\/2024\/06\/1000003823-768x1365.jpg 768w, https:\/\/urbeamea.ro\/albaiulia\/wp-content\/uploads\/2024\/06\/1000003823-864x1536.jpg 864w, https:\/\/urbeamea.ro\/albaiulia\/wp-content\/uploads\/2024\/06\/1000003823.jpg 1080w\" sizes=\"auto, (max-width: 720px) 100vw, 720px\" \/><\/figure>\n\n\n\n<figure class=\"wp-block-image size-large\"><img loading=\"lazy\" decoding=\"async\" width=\"960\" height=\"1280\" data-id=\"112377\" src=\"https:\/\/urbeamea.ro\/albaiulia\/wp-content\/uploads\/2024\/06\/1000003822-960x1280.jpg\" alt=\"\" class=\"wp-image-112377\" srcset=\"https:\/\/urbeamea.ro\/albaiulia\/wp-content\/uploads\/2024\/06\/1000003822-960x1280.jpg 960w, https:\/\/urbeamea.ro\/albaiulia\/wp-content\/uploads\/2024\/06\/1000003822-480x640.jpg 480w, https:\/\/urbeamea.ro\/albaiulia\/wp-content\/uploads\/2024\/06\/1000003822-113x150.jpg 113w, https:\/\/urbeamea.ro\/albaiulia\/wp-content\/uploads\/2024\/06\/1000003822-768x1024.jpg 768w, https:\/\/urbeamea.ro\/albaiulia\/wp-content\/uploads\/2024\/06\/1000003822.jpg 1080w\" sizes=\"auto, (max-width: 960px) 100vw, 960px\" \/><\/figure>\n\n\n\n<figure class=\"wp-block-image size-large\"><img loading=\"lazy\" decoding=\"async\" width=\"959\" height=\"1280\" data-id=\"112376\" src=\"https:\/\/urbeamea.ro\/albaiulia\/wp-content\/uploads\/2024\/06\/1000003821-959x1280.jpg\" alt=\"\" class=\"wp-image-112376\" srcset=\"https:\/\/urbeamea.ro\/albaiulia\/wp-content\/uploads\/2024\/06\/1000003821-959x1280.jpg 959w, https:\/\/urbeamea.ro\/albaiulia\/wp-content\/uploads\/2024\/06\/1000003821-480x640.jpg 480w, https:\/\/urbeamea.ro\/albaiulia\/wp-content\/uploads\/2024\/06\/1000003821-112x150.jpg 112w, https:\/\/urbeamea.ro\/albaiulia\/wp-content\/uploads\/2024\/06\/1000003821-768x1025.jpg 768w, https:\/\/urbeamea.ro\/albaiulia\/wp-content\/uploads\/2024\/06\/1000003821.jpg 1080w\" sizes=\"auto, (max-width: 959px) 100vw, 959px\" \/><\/figure>\n<\/figure>\n\n\n\n<p><\/p>\n\n\n\n<p><\/p>\n\n\n\n<p><\/p>\n","protected":false},"excerpt":{"rendered":"<p>Doi militari din Alba Iulia au devenit eroi \u0219i \u00een timpul liber. Drago\u0219 \u0219i Bogdan &#8211; Ionu\u021b au salvat via\u021ba unui b\u0103rbat, implicat \u00eentr-un accident rutier care a avut loc \u00een jude\u021bul Cluj<\/p>\n","protected":false},"author":28,"featured_media":112378,"comment_status":"open","ping_status":"open","sticky":false,"template":"","format":"standard","meta":{"inline_featured_image":false,"footnotes":""},"categories":[2034],"tags":[4931,916],"class_list":["post-112375","post","type-post","status-publish","format-standard","has-post-thumbnail","hentry","category-social","tag-batalionul-136-geniu-apulum","tag-militari"],"yoast_head":"<!-- This site is optimized with the Yoast SEO plugin v27.4 - https:\/\/yoast.com\/product\/yoast-seo-wordpress\/ -->\n<title>Eroi \u0219i \u00een timpul liber: Doi militari din Alba, au salvat via\u021ba unui b\u0103rbat implicat \u00eentr-un accident rutier - Revista Urbea Mea - Revista de Alba<\/title>\n<meta name=\"description\" content=\"Doi militari din Alba Iulia au devenit eroi \u0219i \u00een timpul liber. Drago\u0219 \u0219i Bogdan - Ionu\u021b au salvat via\u021ba unui b\u0103rbat, implicat \u00eentr-un accident rutier care a avut loc \u00een jude\u021bul Cluj\" \/>\n<meta name=\"robots\" content=\"index, follow, max-snippet:-1, max-image-preview:large, max-video-preview:-1\" \/>\n<link rel=\"canonical\" href=\"https:\/\/urbeamea.ro\/albaiulia\/eroi-si-in-timpul-liber-doi-militari-din-alba-au-salvat-viata-unui-barbat-implicat-intr-un-accident-rutier\/\" \/>\n<meta name=\"twitter:card\" content=\"summary_large_image\" \/>\n<meta name=\"twitter:title\" content=\"Eroi \u0219i \u00een timpul liber: Doi militari din Alba, au salvat via\u021ba unui b\u0103rbat implicat \u00eentr-un accident rutier - Revista Urbea Mea - Revista de Alba\" \/>\n<meta name=\"twitter:description\" content=\"Doi militari din Alba Iulia au devenit eroi \u0219i \u00een timpul liber. Drago\u0219 \u0219i Bogdan - Ionu\u021b au salvat via\u021ba unui b\u0103rbat, implicat \u00eentr-un accident rutier care a avut loc \u00een jude\u021bul Cluj\" \/>\n<meta name=\"twitter:image\" content=\"https:\/\/urbeamea.ro\/albaiulia\/wp-content\/uploads\/2024\/06\/1000003820.jpg\" \/>\n<meta name=\"twitter:creator\" content=\"@urbeameaweb\" \/>\n<meta name=\"twitter:site\" content=\"@urbeameaweb\" \/>\n<script type=\"application\/ld+json\" class=\"yoast-schema-graph\">{\"@context\":\"https:\\\/\\\/schema.org\",\"@graph\":[{\"@type\":\"Article\",\"@id\":\"https:\\\/\\\/urbeamea.ro\\\/albaiulia\\\/eroi-si-in-timpul-liber-doi-militari-din-alba-au-salvat-viata-unui-barbat-implicat-intr-un-accident-rutier\\\/#article\",\"isPartOf\":{\"@id\":\"https:\\\/\\\/urbeamea.ro\\\/albaiulia\\\/eroi-si-in-timpul-liber-doi-militari-din-alba-au-salvat-viata-unui-barbat-implicat-intr-un-accident-rutier\\\/\"},\"author\":{\"name\":\"Giurca Sorin\",\"@id\":\"https:\\\/\\\/urbeamea.ro\\\/albaiulia\\\/#\\\/schema\\\/person\\\/5db3854ac38c1cc9f0ab4092d6a20f02\"},\"headline\":\"Eroi \u0219i \u00een timpul liber: Doi militari din Alba, au salvat via\u021ba unui b\u0103rbat implicat \u00eentr-un accident rutier\",\"datePublished\":\"2024-06-27T13:00:41+00:00\",\"dateModified\":\"2024-06-27T13:00:43+00:00\",\"mainEntityOfPage\":{\"@id\":\"https:\\\/\\\/urbeamea.ro\\\/albaiulia\\\/eroi-si-in-timpul-liber-doi-militari-din-alba-au-salvat-viata-unui-barbat-implicat-intr-un-accident-rutier\\\/\"},\"wordCount\":541,\"commentCount\":0,\"image\":{\"@id\":\"https:\\\/\\\/urbeamea.ro\\\/albaiulia\\\/eroi-si-in-timpul-liber-doi-militari-din-alba-au-salvat-viata-unui-barbat-implicat-intr-un-accident-rutier\\\/#primaryimage\"},\"thumbnailUrl\":\"https:\\\/\\\/urbeamea.ro\\\/albaiulia\\\/wp-content\\\/uploads\\\/2024\\\/06\\\/1000003820.jpg\",\"keywords\":[\"batalionul 136 Geniu \u201eApulum\u201d\",\"militari\"],\"articleSection\":[\"Social\"],\"inLanguage\":\"ro-RO\",\"potentialAction\":[{\"@type\":\"CommentAction\",\"name\":\"Comment\",\"target\":[\"https:\\\/\\\/urbeamea.ro\\\/albaiulia\\\/eroi-si-in-timpul-liber-doi-militari-din-alba-au-salvat-viata-unui-barbat-implicat-intr-un-accident-rutier\\\/#respond\"]}]},{\"@type\":\"WebPage\",\"@id\":\"https:\\\/\\\/urbeamea.ro\\\/albaiulia\\\/eroi-si-in-timpul-liber-doi-militari-din-alba-au-salvat-viata-unui-barbat-implicat-intr-un-accident-rutier\\\/\",\"url\":\"https:\\\/\\\/urbeamea.ro\\\/albaiulia\\\/eroi-si-in-timpul-liber-doi-militari-din-alba-au-salvat-viata-unui-barbat-implicat-intr-un-accident-rutier\\\/\",\"name\":\"Eroi \u0219i \u00een timpul liber: Doi militari din Alba, au salvat via\u021ba unui b\u0103rbat implicat \u00eentr-un accident rutier - Revista Urbea Mea - Revista de Alba\",\"isPartOf\":{\"@id\":\"https:\\\/\\\/urbeamea.ro\\\/albaiulia\\\/#website\"},\"primaryImageOfPage\":{\"@id\":\"https:\\\/\\\/urbeamea.ro\\\/albaiulia\\\/eroi-si-in-timpul-liber-doi-militari-din-alba-au-salvat-viata-unui-barbat-implicat-intr-un-accident-rutier\\\/#primaryimage\"},\"image\":{\"@id\":\"https:\\\/\\\/urbeamea.ro\\\/albaiulia\\\/eroi-si-in-timpul-liber-doi-militari-din-alba-au-salvat-viata-unui-barbat-implicat-intr-un-accident-rutier\\\/#primaryimage\"},\"thumbnailUrl\":\"https:\\\/\\\/urbeamea.ro\\\/albaiulia\\\/wp-content\\\/uploads\\\/2024\\\/06\\\/1000003820.jpg\",\"datePublished\":\"2024-06-27T13:00:41+00:00\",\"dateModified\":\"2024-06-27T13:00:43+00:00\",\"author\":{\"@id\":\"https:\\\/\\\/urbeamea.ro\\\/albaiulia\\\/#\\\/schema\\\/person\\\/5db3854ac38c1cc9f0ab4092d6a20f02\"},\"description\":\"Doi militari din Alba Iulia au devenit eroi \u0219i \u00een timpul liber. Drago\u0219 \u0219i Bogdan - Ionu\u021b au salvat via\u021ba unui b\u0103rbat, implicat \u00eentr-un accident rutier care a avut loc \u00een jude\u021bul Cluj\",\"breadcrumb\":{\"@id\":\"https:\\\/\\\/urbeamea.ro\\\/albaiulia\\\/eroi-si-in-timpul-liber-doi-militari-din-alba-au-salvat-viata-unui-barbat-implicat-intr-un-accident-rutier\\\/#breadcrumb\"},\"inLanguage\":\"ro-RO\",\"potentialAction\":[{\"@type\":\"ReadAction\",\"target\":[\"https:\\\/\\\/urbeamea.ro\\\/albaiulia\\\/eroi-si-in-timpul-liber-doi-militari-din-alba-au-salvat-viata-unui-barbat-implicat-intr-un-accident-rutier\\\/\"]}]},{\"@type\":\"ImageObject\",\"inLanguage\":\"ro-RO\",\"@id\":\"https:\\\/\\\/urbeamea.ro\\\/albaiulia\\\/eroi-si-in-timpul-liber-doi-militari-din-alba-au-salvat-viata-unui-barbat-implicat-intr-un-accident-rutier\\\/#primaryimage\",\"url\":\"https:\\\/\\\/urbeamea.ro\\\/albaiulia\\\/wp-content\\\/uploads\\\/2024\\\/06\\\/1000003820.jpg\",\"contentUrl\":\"https:\\\/\\\/urbeamea.ro\\\/albaiulia\\\/wp-content\\\/uploads\\\/2024\\\/06\\\/1000003820.jpg\",\"width\":1080,\"height\":1920},{\"@type\":\"BreadcrumbList\",\"@id\":\"https:\\\/\\\/urbeamea.ro\\\/albaiulia\\\/eroi-si-in-timpul-liber-doi-militari-din-alba-au-salvat-viata-unui-barbat-implicat-intr-un-accident-rutier\\\/#breadcrumb\",\"itemListElement\":[{\"@type\":\"ListItem\",\"position\":1,\"name\":\"Prima pagin\u0103\",\"item\":\"https:\\\/\\\/urbeamea.ro\\\/albaiulia\\\/\"},{\"@type\":\"ListItem\",\"position\":2,\"name\":\"Eroi \u0219i \u00een timpul liber: Doi militari din Alba, au salvat via\u021ba unui b\u0103rbat implicat \u00eentr-un accident rutier\"}]},{\"@type\":\"WebSite\",\"@id\":\"https:\\\/\\\/urbeamea.ro\\\/albaiulia\\\/#website\",\"url\":\"https:\\\/\\\/urbeamea.ro\\\/albaiulia\\\/\",\"name\":\"Revista Urbea Mea, Stiri urbane\",\"description\":\"Evenimente \u0219i \u0219tiri din Alba Iulia, Sebe\u0219, Aiud, Blaj\",\"potentialAction\":[{\"@type\":\"SearchAction\",\"target\":{\"@type\":\"EntryPoint\",\"urlTemplate\":\"https:\\\/\\\/urbeamea.ro\\\/albaiulia\\\/?s={search_term_string}\"},\"query-input\":{\"@type\":\"PropertyValueSpecification\",\"valueRequired\":true,\"valueName\":\"search_term_string\"}}],\"inLanguage\":\"ro-RO\"},{\"@type\":\"Person\",\"@id\":\"https:\\\/\\\/urbeamea.ro\\\/albaiulia\\\/#\\\/schema\\\/person\\\/5db3854ac38c1cc9f0ab4092d6a20f02\",\"name\":\"Giurca Sorin\",\"image\":{\"@type\":\"ImageObject\",\"inLanguage\":\"ro-RO\",\"@id\":\"https:\\\/\\\/secure.gravatar.com\\\/avatar\\\/120f6fcae7b3b47a7730cb9943f612f4909f68ac5284b5f40ac1c4615fd70576?s=96&d=mm&r=g\",\"url\":\"https:\\\/\\\/secure.gravatar.com\\\/avatar\\\/120f6fcae7b3b47a7730cb9943f612f4909f68ac5284b5f40ac1c4615fd70576?s=96&d=mm&r=g\",\"contentUrl\":\"https:\\\/\\\/secure.gravatar.com\\\/avatar\\\/120f6fcae7b3b47a7730cb9943f612f4909f68ac5284b5f40ac1c4615fd70576?s=96&d=mm&r=g\",\"caption\":\"Giurca Sorin\"},\"url\":\"https:\\\/\\\/urbeamea.ro\\\/albaiulia\\\/author\\\/sorin\\\/\"}]}<\/script>\n<!-- \/ Yoast SEO plugin. -->","yoast_head_json":{"title":"Eroi \u0219i \u00een timpul liber: Doi militari din Alba, au salvat via\u021ba unui b\u0103rbat implicat \u00eentr-un accident rutier - Revista Urbea Mea - Revista de Alba","description":"Doi militari din Alba Iulia au devenit eroi \u0219i \u00een timpul liber. Drago\u0219 \u0219i Bogdan - Ionu\u021b au salvat via\u021ba unui b\u0103rbat, implicat \u00eentr-un accident rutier care a avut loc \u00een jude\u021bul Cluj","robots":{"index":"index","follow":"follow","max-snippet":"max-snippet:-1","max-image-preview":"max-image-preview:large","max-video-preview":"max-video-preview:-1"},"canonical":"https:\/\/urbeamea.ro\/albaiulia\/eroi-si-in-timpul-liber-doi-militari-din-alba-au-salvat-viata-unui-barbat-implicat-intr-un-accident-rutier\/","twitter_card":"summary_large_image","twitter_title":"Eroi \u0219i \u00een timpul liber: Doi militari din Alba, au salvat via\u021ba unui b\u0103rbat implicat \u00eentr-un accident rutier - Revista Urbea Mea - Revista de Alba","twitter_description":"Doi militari din Alba Iulia au devenit eroi \u0219i \u00een timpul liber. Drago\u0219 \u0219i Bogdan - Ionu\u021b au salvat via\u021ba unui b\u0103rbat, implicat \u00eentr-un accident rutier care a avut loc \u00een jude\u021bul Cluj","twitter_image":"https:\/\/urbeamea.ro\/albaiulia\/wp-content\/uploads\/2024\/06\/1000003820.jpg","twitter_creator":"@urbeameaweb","twitter_site":"@urbeameaweb","schema":{"@context":"https:\/\/schema.org","@graph":[{"@type":"Article","@id":"https:\/\/urbeamea.ro\/albaiulia\/eroi-si-in-timpul-liber-doi-militari-din-alba-au-salvat-viata-unui-barbat-implicat-intr-un-accident-rutier\/#article","isPartOf":{"@id":"https:\/\/urbeamea.ro\/albaiulia\/eroi-si-in-timpul-liber-doi-militari-din-alba-au-salvat-viata-unui-barbat-implicat-intr-un-accident-rutier\/"},"author":{"name":"Giurca Sorin","@id":"https:\/\/urbeamea.ro\/albaiulia\/#\/schema\/person\/5db3854ac38c1cc9f0ab4092d6a20f02"},"headline":"Eroi \u0219i \u00een timpul liber: Doi militari din Alba, au salvat via\u021ba unui b\u0103rbat implicat \u00eentr-un accident rutier","datePublished":"2024-06-27T13:00:41+00:00","dateModified":"2024-06-27T13:00:43+00:00","mainEntityOfPage":{"@id":"https:\/\/urbeamea.ro\/albaiulia\/eroi-si-in-timpul-liber-doi-militari-din-alba-au-salvat-viata-unui-barbat-implicat-intr-un-accident-rutier\/"},"wordCount":541,"commentCount":0,"image":{"@id":"https:\/\/urbeamea.ro\/albaiulia\/eroi-si-in-timpul-liber-doi-militari-din-alba-au-salvat-viata-unui-barbat-implicat-intr-un-accident-rutier\/#primaryimage"},"thumbnailUrl":"https:\/\/urbeamea.ro\/albaiulia\/wp-content\/uploads\/2024\/06\/1000003820.jpg","keywords":["batalionul 136 Geniu \u201eApulum\u201d","militari"],"articleSection":["Social"],"inLanguage":"ro-RO","potentialAction":[{"@type":"CommentAction","name":"Comment","target":["https:\/\/urbeamea.ro\/albaiulia\/eroi-si-in-timpul-liber-doi-militari-din-alba-au-salvat-viata-unui-barbat-implicat-intr-un-accident-rutier\/#respond"]}]},{"@type":"WebPage","@id":"https:\/\/urbeamea.ro\/albaiulia\/eroi-si-in-timpul-liber-doi-militari-din-alba-au-salvat-viata-unui-barbat-implicat-intr-un-accident-rutier\/","url":"https:\/\/urbeamea.ro\/albaiulia\/eroi-si-in-timpul-liber-doi-militari-din-alba-au-salvat-viata-unui-barbat-implicat-intr-un-accident-rutier\/","name":"Eroi \u0219i \u00een timpul liber: Doi militari din Alba, au salvat via\u021ba unui b\u0103rbat implicat \u00eentr-un accident rutier - Revista Urbea Mea - Revista de Alba","isPartOf":{"@id":"https:\/\/urbeamea.ro\/albaiulia\/#website"},"primaryImageOfPage":{"@id":"https:\/\/urbeamea.ro\/albaiulia\/eroi-si-in-timpul-liber-doi-militari-din-alba-au-salvat-viata-unui-barbat-implicat-intr-un-accident-rutier\/#primaryimage"},"image":{"@id":"https:\/\/urbeamea.ro\/albaiulia\/eroi-si-in-timpul-liber-doi-militari-din-alba-au-salvat-viata-unui-barbat-implicat-intr-un-accident-rutier\/#primaryimage"},"thumbnailUrl":"https:\/\/urbeamea.ro\/albaiulia\/wp-content\/uploads\/2024\/06\/1000003820.jpg","datePublished":"2024-06-27T13:00:41+00:00","dateModified":"2024-06-27T13:00:43+00:00","author":{"@id":"https:\/\/urbeamea.ro\/albaiulia\/#\/schema\/person\/5db3854ac38c1cc9f0ab4092d6a20f02"},"description":"Doi militari din Alba Iulia au devenit eroi \u0219i \u00een timpul liber. Drago\u0219 \u0219i Bogdan - Ionu\u021b au salvat via\u021ba unui b\u0103rbat, implicat \u00eentr-un accident rutier care a avut loc \u00een jude\u021bul Cluj","breadcrumb":{"@id":"https:\/\/urbeamea.ro\/albaiulia\/eroi-si-in-timpul-liber-doi-militari-din-alba-au-salvat-viata-unui-barbat-implicat-intr-un-accident-rutier\/#breadcrumb"},"inLanguage":"ro-RO","potentialAction":[{"@type":"ReadAction","target":["https:\/\/urbeamea.ro\/albaiulia\/eroi-si-in-timpul-liber-doi-militari-din-alba-au-salvat-viata-unui-barbat-implicat-intr-un-accident-rutier\/"]}]},{"@type":"ImageObject","inLanguage":"ro-RO","@id":"https:\/\/urbeamea.ro\/albaiulia\/eroi-si-in-timpul-liber-doi-militari-din-alba-au-salvat-viata-unui-barbat-implicat-intr-un-accident-rutier\/#primaryimage","url":"https:\/\/urbeamea.ro\/albaiulia\/wp-content\/uploads\/2024\/06\/1000003820.jpg","contentUrl":"https:\/\/urbeamea.ro\/albaiulia\/wp-content\/uploads\/2024\/06\/1000003820.jpg","width":1080,"height":1920},{"@type":"BreadcrumbList","@id":"https:\/\/urbeamea.ro\/albaiulia\/eroi-si-in-timpul-liber-doi-militari-din-alba-au-salvat-viata-unui-barbat-implicat-intr-un-accident-rutier\/#breadcrumb","itemListElement":[{"@type":"ListItem","position":1,"name":"Prima pagin\u0103","item":"https:\/\/urbeamea.ro\/albaiulia\/"},{"@type":"ListItem","position":2,"name":"Eroi \u0219i \u00een timpul liber: Doi militari din Alba, au salvat via\u021ba unui b\u0103rbat implicat \u00eentr-un accident rutier"}]},{"@type":"WebSite","@id":"https:\/\/urbeamea.ro\/albaiulia\/#website","url":"https:\/\/urbeamea.ro\/albaiulia\/","name":"Revista Urbea Mea, Stiri urbane","description":"Evenimente \u0219i \u0219tiri din Alba Iulia, Sebe\u0219, Aiud, Blaj","potentialAction":[{"@type":"SearchAction","target":{"@type":"EntryPoint","urlTemplate":"https:\/\/urbeamea.ro\/albaiulia\/?s={search_term_string}"},"query-input":{"@type":"PropertyValueSpecification","valueRequired":true,"valueName":"search_term_string"}}],"inLanguage":"ro-RO"},{"@type":"Person","@id":"https:\/\/urbeamea.ro\/albaiulia\/#\/schema\/person\/5db3854ac38c1cc9f0ab4092d6a20f02","name":"Giurca Sorin","image":{"@type":"ImageObject","inLanguage":"ro-RO","@id":"https:\/\/secure.gravatar.com\/avatar\/120f6fcae7b3b47a7730cb9943f612f4909f68ac5284b5f40ac1c4615fd70576?s=96&d=mm&r=g","url":"https:\/\/secure.gravatar.com\/avatar\/120f6fcae7b3b47a7730cb9943f612f4909f68ac5284b5f40ac1c4615fd70576?s=96&d=mm&r=g","contentUrl":"https:\/\/secure.gravatar.com\/avatar\/120f6fcae7b3b47a7730cb9943f612f4909f68ac5284b5f40ac1c4615fd70576?s=96&d=mm&r=g","caption":"Giurca Sorin"},"url":"https:\/\/urbeamea.ro\/albaiulia\/author\/sorin\/"}]}},"_links":{"self":[{"href":"https:\/\/urbeamea.ro\/albaiulia\/wp-json\/wp\/v2\/posts\/112375","targetHints":{"allow":["GET"]}}],"collection":[{"href":"https:\/\/urbeamea.ro\/albaiulia\/wp-json\/wp\/v2\/posts"}],"about":[{"href":"https:\/\/urbeamea.ro\/albaiulia\/wp-json\/wp\/v2\/types\/post"}],"author":[{"embeddable":true,"href":"https:\/\/urbeamea.ro\/albaiulia\/wp-json\/wp\/v2\/users\/28"}],"replies":[{"embeddable":true,"href":"https:\/\/urbeamea.ro\/albaiulia\/wp-json\/wp\/v2\/comments?post=112375"}],"version-history":[{"count":1,"href":"https:\/\/urbeamea.ro\/albaiulia\/wp-json\/wp\/v2\/posts\/112375\/revisions"}],"predecessor-version":[{"id":112380,"href":"https:\/\/urbeamea.ro\/albaiulia\/wp-json\/wp\/v2\/posts\/112375\/revisions\/112380"}],"wp:featuredmedia":[{"embeddable":true,"href":"https:\/\/urbeamea.ro\/albaiulia\/wp-json\/wp\/v2\/media\/112378"}],"wp:attachment":[{"href":"https:\/\/urbeamea.ro\/albaiulia\/wp-json\/wp\/v2\/media?parent=112375"}],"wp:term":[{"taxonomy":"category","embeddable":true,"href":"https:\/\/urbeamea.ro\/albaiulia\/wp-json\/wp\/v2\/categories?post=112375"},{"taxonomy":"post_tag","embeddable":true,"href":"https:\/\/urbeamea.ro\/albaiulia\/wp-json\/wp\/v2\/tags?post=112375"}],"curies":[{"name":"wp","href":"https:\/\/api.w.org\/{rel}","templated":true}]}}