{"id":112382,"date":"2024-06-28T15:52:42","date_gmt":"2024-06-28T12:52:42","guid":{"rendered":"https:\/\/urbeamea.ro\/albaiulia\/?p=112382"},"modified":"2024-06-28T15:52:44","modified_gmt":"2024-06-28T12:52:44","slug":"elevii-claselor-ix-a-a-colegiului-national-militar-mihai-viteazul-din-alba-iulia-au-participat-la-o-tabara-de-instruire-desfasurata-la-tarlungeni-brasov","status":"publish","type":"post","link":"https:\/\/urbeamea.ro\/albaiulia\/elevii-claselor-ix-a-a-colegiului-national-militar-mihai-viteazul-din-alba-iulia-au-participat-la-o-tabara-de-instruire-desfasurata-la-tarlungeni-brasov\/","title":{"rendered":"Elevii claselor IX- a a Colegiului Na\u021bional Militar &#8222;Mihai Viteazul&#8221; din Alba Iulia, au participat la o tab\u0103r\u0103 de instruire desf\u0103\u0219urat\u0103 la T\u0103rlungeni (Bra\u0219ov)"},"content":{"rendered":"\n<p><strong>Elevii\u00a0 claselor a XI-a au participat \u00een perioada 21-27 iunie la tab\u0103ra de instruc\u021bie de var\u0103 desf\u0103\u0219urat\u0103 la T\u0103rlungeni, \u00een jude\u021bul Bra\u0219ov. \u00cen tab\u0103ra de instruc\u021bie, elevii \u0219i-au testat \u0219i antrenat abilit\u0103\u021bile, au \u00eencercat s\u0103 se adapteze la noi medii \u0219i provoc\u0103ri \u0219i s\u0103 \u00ee\u015fi contureze un traseu profesional. <\/strong><\/p>\n\n\n\n<p>Timp de o s\u0103pt\u0103m\u00e2n\u0103, instructori din cadrul Academiei For\u021belor Aeriene \u201eHenri Coand\u0103\u201d din Bra\u0219ov le-au preg\u0103tit activit\u0103\u021bi practic-aplicative de instruc\u021bie sanitar\u0103, instruc\u021bia tragerii cu arma, topografie militar\u0103, ap\u0103rare CBRN, experimentarea traiului \u00een condi\u021bii de izolare sau educa\u021bie fizic\u0103 militar\u0103. <\/p>\n\n\n\n<p>De asemenea, pentru o zi elevii colegiului militar s-au aflat la Academia For\u021belor Aeriene \u201eHenri Coand\u0103\u201d unde le-au fost prezentate facilit\u0103\u021bile \u0219i s\u0103lile de specialitate utilizate \u00een procesul educa\u021bional al viitorilor ofi\u021beri.<\/p>\n\n\n\n<p>La finalul taberi de instruc\u021bie, elevii au conturat \u0219i c\u00e2teva impresii.<\/p>\n\n\n\n<p><strong>\u201eA fost un privilegiu s\u0103 pot participa la tab\u0103ra de instruc\u021bie organizat\u0103 \u00een T\u0103rlungeni unde am petrecut zile frumoase al\u0103turi de colegii mei, \u00een mijlocul naturii, antrena\u021bi \u00een activit\u0103\u021bi diverse coordonate de instructori de la Academia For\u021belor Aeriene \u201eHenri Coand\u0103\u201d din Bra\u0219ov. <\/strong><\/p>\n\n\n\n<p><strong>\u00cen fiecare zi, am avut ocazia s\u0103 punem \u00een practic\u0103 ceea ce am \u00eenv\u0103\u021bat la orele de preg\u0103tire militar\u0103: ne-am orientat \u00een teren folosind harta, busola, elementele din natur\u0103 \u0219i calcul\u00e2nd distan\u021be, am construit ad\u0103posturi \u00een p\u0103dure, am elaborat planuri tactice de ac\u021biune \u00eentr-o situa\u021bie combat, am simulat existen\u021ba unui pericol CBRN \u0219i am folosit mijloace de protec\u021bie, am acordat primul ajutor, am participat la \u0219edin\u021be de tragere cu armamentul airsoft, ne-am antrenat fizic prin concursuri sportive \u0219i exerci\u021bii specifice educa\u021biei fizice militare. Instructorii au fost deschi\u0219i \u00eentreb\u0103rilor \u0219i curiozit\u0103\u021bilor noastre, venind cu experien\u021ba \u0219i cuno\u0219tin\u021bele lor \u0219i \u00eendrum\u00e2ndu-ne totodat\u0103 s\u0103 lucr\u0103m \u00een echip\u0103 pentru a eficientiza procesul de \u00eenv\u0103\u021bare. \u00centr-una din zile, am avut un program mai relaxant, cu vizite la principalele obiective turistice din Bra\u0219ov. <\/strong><\/p>\n\n\n\n<p><strong>Cele mai solicitante mi s-au p\u0103rut mar\u0219urile \u0219i drume\u021biile, \u00eens\u0103 frumuse\u021bea peisajelor, aerul proasp\u0103t de munte \u0219i compania colegilor au compensat efortul depus. \u00cen ultima zi a taberei am vizitat Academia For\u021belor Aeriene \u201eHenri Coand\u0103\u201d din Bra\u0219ov, unde am testat noile simulatoare de zbor \u0219i am interac\u021bionat cu studen\u021bi de la toate specializ\u0103rile academiei. <\/strong><\/p>\n\n\n\n<p><strong>Am aflat ce presupune a fi pilot militar, controlor de trafic aerian, meteorolog sau personal nenavigant, at\u00e2t la nivel medical, de cuno\u0219tin\u021be ori abilit\u0103\u021bi, c\u00e2t \u0219i sub aspectul condi\u021biilor \u0219i mediului de lucru. Cu siguran\u021b\u0103, aceast\u0103 experien\u021b\u0103 ne va ajuta \u00een procesul de orientare profesional\u0103\u201d<\/strong>, a m\u0103rturisit elev plutonier adjutant Flavius Taflan.<\/p>\n\n\n\n<p><strong>\u201eTab\u0103ra de instruc\u021bie a fost o experien\u021b\u0103 inedit\u0103, care ne-a oferit \u0219ansa de a experimenta unele dintre cursurile pe care le urmeaz\u0103 studen\u021bii Academiei For\u021belor Aeriene \u201eHenri Coand\u0103\u201d \u0219i ne-a pus \u00een tem\u0103 \u00een ceea ce prive\u0219te viitorul nostru \u00een cariera militar\u0103, oferind condi\u021bii asem\u0103n\u0103toare cu cele \u00eent\u00e2lnite \u00een exerci\u021biile tactice aplicative. <\/strong><\/p>\n\n\n\n<p><strong>Mar\u0219urile pe care le-am executat ne-au demonstrat c\u0103 via\u021ba \u00een cariera militar\u0103 nu implic\u0103 numai eforturi psihice, ci \u0219i fizice, pentru o armonie a min\u021bii, trupului \u0219i sufletului, pe care trebuie s\u0103 le dezvolt\u0103m simultan pentru a atinge mereu poten\u021bialul nostru maxim. <\/strong><\/p>\n\n\n\n<p><strong>Vizita noastr\u0103 la Academia For\u021belor Aeriene ne-a pus \u00een locul colegilor no\u0219tri mai mari, studen\u021bi, unii din ei chiar absolven\u021bi ai institu\u021biei noastre. Am avut oportunitatea de a vedea \u0219i chiar experimenta simulatoarele de zbor \u0219i de tragere cu armamentul infanteriei, ne-au fost prezentate simulatoare de control trafic aerian, am fost introdu\u0219i \u00een domeniul tehnicii de ap\u0103rare antiaerian\u0103 \u0219i am vizitat laboratoarele institu\u021biei. <\/strong><\/p>\n\n\n\n<p><strong>De asemenea, am servit masa la popota academiei, sim\u021bindu-ne precum ni\u0219te proaspe\u021bi boboci intra\u021bi pe por\u021bile institu\u021biei. Pot descrie aceast\u0103 experien\u021b\u0103 ca una absolut necesar\u0103 \u00een drumul oric\u0103rui elev militar, deoarece prezint\u0103 aspectele vie\u021bii militare \u00eentr-un context complet diferit de cel cotidian\u201d<\/strong>, a spus elev sergent Brian Andrea.<\/p>\n\n\n\n<figure class=\"wp-block-gallery has-nested-images columns-default is-cropped wp-block-gallery-1 is-layout-flex wp-block-gallery-is-layout-flex\">\n<figure class=\"wp-block-image size-large\"><img loading=\"lazy\" decoding=\"async\" width=\"960\" height=\"544\" data-id=\"112383\" src=\"https:\/\/urbeamea.ro\/albaiulia\/wp-content\/uploads\/2024\/06\/449102515_872649994901741_6429021622877186140_n.jpg\" alt=\"\" class=\"wp-image-112383\" srcset=\"https:\/\/urbeamea.ro\/albaiulia\/wp-content\/uploads\/2024\/06\/449102515_872649994901741_6429021622877186140_n.jpg 960w, https:\/\/urbeamea.ro\/albaiulia\/wp-content\/uploads\/2024\/06\/449102515_872649994901741_6429021622877186140_n-640x363.jpg 640w, https:\/\/urbeamea.ro\/albaiulia\/wp-content\/uploads\/2024\/06\/449102515_872649994901741_6429021622877186140_n-150x85.jpg 150w, https:\/\/urbeamea.ro\/albaiulia\/wp-content\/uploads\/2024\/06\/449102515_872649994901741_6429021622877186140_n-768x435.jpg 768w, https:\/\/urbeamea.ro\/albaiulia\/wp-content\/uploads\/2024\/06\/449102515_872649994901741_6429021622877186140_n-390x220.jpg 390w\" sizes=\"auto, (max-width: 960px) 100vw, 960px\" \/><\/figure>\n\n\n\n<figure class=\"wp-block-image size-large\"><img loading=\"lazy\" decoding=\"async\" width=\"1280\" height=\"865\" data-id=\"112384\" src=\"https:\/\/urbeamea.ro\/albaiulia\/wp-content\/uploads\/2024\/06\/441954811_872649561568451_8145948386609585856_n-1280x865.jpg\" alt=\"\" class=\"wp-image-112384\" srcset=\"https:\/\/urbeamea.ro\/albaiulia\/wp-content\/uploads\/2024\/06\/441954811_872649561568451_8145948386609585856_n-1280x865.jpg 1280w, https:\/\/urbeamea.ro\/albaiulia\/wp-content\/uploads\/2024\/06\/441954811_872649561568451_8145948386609585856_n-640x433.jpg 640w, https:\/\/urbeamea.ro\/albaiulia\/wp-content\/uploads\/2024\/06\/441954811_872649561568451_8145948386609585856_n-150x101.jpg 150w, https:\/\/urbeamea.ro\/albaiulia\/wp-content\/uploads\/2024\/06\/441954811_872649561568451_8145948386609585856_n-768x519.jpg 768w, https:\/\/urbeamea.ro\/albaiulia\/wp-content\/uploads\/2024\/06\/441954811_872649561568451_8145948386609585856_n-220x150.jpg 220w, https:\/\/urbeamea.ro\/albaiulia\/wp-content\/uploads\/2024\/06\/441954811_872649561568451_8145948386609585856_n.jpg 1435w\" sizes=\"auto, (max-width: 1280px) 100vw, 1280px\" \/><\/figure>\n\n\n\n<figure class=\"wp-block-image size-large\"><img loading=\"lazy\" decoding=\"async\" width=\"1280\" height=\"807\" data-id=\"112386\" src=\"https:\/\/urbeamea.ro\/albaiulia\/wp-content\/uploads\/2024\/06\/442386913_872649491568458_3772844379915759219_n-1280x807.jpg\" alt=\"\" class=\"wp-image-112386\" srcset=\"https:\/\/urbeamea.ro\/albaiulia\/wp-content\/uploads\/2024\/06\/442386913_872649491568458_3772844379915759219_n-1280x807.jpg 1280w, https:\/\/urbeamea.ro\/albaiulia\/wp-content\/uploads\/2024\/06\/442386913_872649491568458_3772844379915759219_n-640x404.jpg 640w, https:\/\/urbeamea.ro\/albaiulia\/wp-content\/uploads\/2024\/06\/442386913_872649491568458_3772844379915759219_n-150x95.jpg 150w, https:\/\/urbeamea.ro\/albaiulia\/wp-content\/uploads\/2024\/06\/442386913_872649491568458_3772844379915759219_n-768x484.jpg 768w, https:\/\/urbeamea.ro\/albaiulia\/wp-content\/uploads\/2024\/06\/442386913_872649491568458_3772844379915759219_n-1536x969.jpg 1536w, https:\/\/urbeamea.ro\/albaiulia\/wp-content\/uploads\/2024\/06\/442386913_872649491568458_3772844379915759219_n.jpg 1600w\" sizes=\"auto, (max-width: 1280px) 100vw, 1280px\" \/><\/figure>\n\n\n\n<figure class=\"wp-block-image size-large\"><img loading=\"lazy\" decoding=\"async\" width=\"1280\" height=\"960\" data-id=\"112389\" src=\"https:\/\/urbeamea.ro\/albaiulia\/wp-content\/uploads\/2024\/06\/442423820_872649774901763_4904021639992457244_n-1280x960.jpg\" alt=\"\" class=\"wp-image-112389\" srcset=\"https:\/\/urbeamea.ro\/albaiulia\/wp-content\/uploads\/2024\/06\/442423820_872649774901763_4904021639992457244_n-1280x960.jpg 1280w, https:\/\/urbeamea.ro\/albaiulia\/wp-content\/uploads\/2024\/06\/442423820_872649774901763_4904021639992457244_n-640x480.jpg 640w, https:\/\/urbeamea.ro\/albaiulia\/wp-content\/uploads\/2024\/06\/442423820_872649774901763_4904021639992457244_n-150x113.jpg 150w, https:\/\/urbeamea.ro\/albaiulia\/wp-content\/uploads\/2024\/06\/442423820_872649774901763_4904021639992457244_n-768x576.jpg 768w, https:\/\/urbeamea.ro\/albaiulia\/wp-content\/uploads\/2024\/06\/442423820_872649774901763_4904021639992457244_n-1536x1152.jpg 1536w, https:\/\/urbeamea.ro\/albaiulia\/wp-content\/uploads\/2024\/06\/442423820_872649774901763_4904021639992457244_n.jpg 1600w\" sizes=\"auto, (max-width: 1280px) 100vw, 1280px\" \/><\/figure>\n\n\n\n<figure class=\"wp-block-image size-large\"><img loading=\"lazy\" decoding=\"async\" width=\"1280\" height=\"960\" data-id=\"112392\" src=\"https:\/\/urbeamea.ro\/albaiulia\/wp-content\/uploads\/2024\/06\/442439707_872649701568437_1484779462898986358_n-1280x960.jpg\" alt=\"\" class=\"wp-image-112392\" srcset=\"https:\/\/urbeamea.ro\/albaiulia\/wp-content\/uploads\/2024\/06\/442439707_872649701568437_1484779462898986358_n-1280x960.jpg 1280w, https:\/\/urbeamea.ro\/albaiulia\/wp-content\/uploads\/2024\/06\/442439707_872649701568437_1484779462898986358_n-640x480.jpg 640w, https:\/\/urbeamea.ro\/albaiulia\/wp-content\/uploads\/2024\/06\/442439707_872649701568437_1484779462898986358_n-150x113.jpg 150w, https:\/\/urbeamea.ro\/albaiulia\/wp-content\/uploads\/2024\/06\/442439707_872649701568437_1484779462898986358_n-768x576.jpg 768w, https:\/\/urbeamea.ro\/albaiulia\/wp-content\/uploads\/2024\/06\/442439707_872649701568437_1484779462898986358_n-1536x1152.jpg 1536w, https:\/\/urbeamea.ro\/albaiulia\/wp-content\/uploads\/2024\/06\/442439707_872649701568437_1484779462898986358_n.jpg 1600w\" sizes=\"auto, (max-width: 1280px) 100vw, 1280px\" \/><\/figure>\n\n\n\n<figure class=\"wp-block-image size-large\"><img loading=\"lazy\" decoding=\"async\" width=\"960\" height=\"1280\" data-id=\"112391\" src=\"https:\/\/urbeamea.ro\/albaiulia\/wp-content\/uploads\/2024\/06\/442475160_872649791568428_1646176405663965337_n-960x1280.jpg\" alt=\"\" class=\"wp-image-112391\" srcset=\"https:\/\/urbeamea.ro\/albaiulia\/wp-content\/uploads\/2024\/06\/442475160_872649791568428_1646176405663965337_n-960x1280.jpg 960w, https:\/\/urbeamea.ro\/albaiulia\/wp-content\/uploads\/2024\/06\/442475160_872649791568428_1646176405663965337_n-480x640.jpg 480w, https:\/\/urbeamea.ro\/albaiulia\/wp-content\/uploads\/2024\/06\/442475160_872649791568428_1646176405663965337_n-113x150.jpg 113w, https:\/\/urbeamea.ro\/albaiulia\/wp-content\/uploads\/2024\/06\/442475160_872649791568428_1646176405663965337_n-768x1024.jpg 768w, https:\/\/urbeamea.ro\/albaiulia\/wp-content\/uploads\/2024\/06\/442475160_872649791568428_1646176405663965337_n-1152x1536.jpg 1152w, https:\/\/urbeamea.ro\/albaiulia\/wp-content\/uploads\/2024\/06\/442475160_872649791568428_1646176405663965337_n.jpg 1200w\" sizes=\"auto, (max-width: 960px) 100vw, 960px\" \/><\/figure>\n\n\n\n<figure class=\"wp-block-image size-large\"><img loading=\"lazy\" decoding=\"async\" width=\"1280\" height=\"894\" data-id=\"112388\" src=\"https:\/\/urbeamea.ro\/albaiulia\/wp-content\/uploads\/2024\/06\/442484651_872649474901793_5851826069850478102_n-1280x894.jpg\" alt=\"\" class=\"wp-image-112388\" srcset=\"https:\/\/urbeamea.ro\/albaiulia\/wp-content\/uploads\/2024\/06\/442484651_872649474901793_5851826069850478102_n-1280x894.jpg 1280w, https:\/\/urbeamea.ro\/albaiulia\/wp-content\/uploads\/2024\/06\/442484651_872649474901793_5851826069850478102_n-640x447.jpg 640w, https:\/\/urbeamea.ro\/albaiulia\/wp-content\/uploads\/2024\/06\/442484651_872649474901793_5851826069850478102_n-150x105.jpg 150w, https:\/\/urbeamea.ro\/albaiulia\/wp-content\/uploads\/2024\/06\/442484651_872649474901793_5851826069850478102_n-768x536.jpg 768w, https:\/\/urbeamea.ro\/albaiulia\/wp-content\/uploads\/2024\/06\/442484651_872649474901793_5851826069850478102_n-1536x1072.jpg 1536w, https:\/\/urbeamea.ro\/albaiulia\/wp-content\/uploads\/2024\/06\/442484651_872649474901793_5851826069850478102_n.jpg 1600w\" sizes=\"auto, (max-width: 1280px) 100vw, 1280px\" \/><\/figure>\n\n\n\n<figure class=\"wp-block-image size-large\"><img loading=\"lazy\" decoding=\"async\" width=\"1280\" height=\"960\" data-id=\"112390\" src=\"https:\/\/urbeamea.ro\/albaiulia\/wp-content\/uploads\/2024\/06\/442488350_872649671568440_8175648521512489957_n-1280x960.jpg\" alt=\"\" class=\"wp-image-112390\" srcset=\"https:\/\/urbeamea.ro\/albaiulia\/wp-content\/uploads\/2024\/06\/442488350_872649671568440_8175648521512489957_n-1280x960.jpg 1280w, https:\/\/urbeamea.ro\/albaiulia\/wp-content\/uploads\/2024\/06\/442488350_872649671568440_8175648521512489957_n-640x480.jpg 640w, https:\/\/urbeamea.ro\/albaiulia\/wp-content\/uploads\/2024\/06\/442488350_872649671568440_8175648521512489957_n-150x113.jpg 150w, https:\/\/urbeamea.ro\/albaiulia\/wp-content\/uploads\/2024\/06\/442488350_872649671568440_8175648521512489957_n-768x576.jpg 768w, https:\/\/urbeamea.ro\/albaiulia\/wp-content\/uploads\/2024\/06\/442488350_872649671568440_8175648521512489957_n-1536x1152.jpg 1536w, https:\/\/urbeamea.ro\/albaiulia\/wp-content\/uploads\/2024\/06\/442488350_872649671568440_8175648521512489957_n.jpg 1600w\" sizes=\"auto, (max-width: 1280px) 100vw, 1280px\" \/><\/figure>\n\n\n\n<figure class=\"wp-block-image size-large\"><img loading=\"lazy\" decoding=\"async\" width=\"1280\" height=\"832\" data-id=\"112387\" src=\"https:\/\/urbeamea.ro\/albaiulia\/wp-content\/uploads\/2024\/06\/442492635_872649878235086_2748847503252266947_n-1280x832.jpg\" alt=\"\" class=\"wp-image-112387\" srcset=\"https:\/\/urbeamea.ro\/albaiulia\/wp-content\/uploads\/2024\/06\/442492635_872649878235086_2748847503252266947_n-1280x832.jpg 1280w, https:\/\/urbeamea.ro\/albaiulia\/wp-content\/uploads\/2024\/06\/442492635_872649878235086_2748847503252266947_n-640x416.jpg 640w, https:\/\/urbeamea.ro\/albaiulia\/wp-content\/uploads\/2024\/06\/442492635_872649878235086_2748847503252266947_n-150x98.jpg 150w, https:\/\/urbeamea.ro\/albaiulia\/wp-content\/uploads\/2024\/06\/442492635_872649878235086_2748847503252266947_n-768x499.jpg 768w, https:\/\/urbeamea.ro\/albaiulia\/wp-content\/uploads\/2024\/06\/442492635_872649878235086_2748847503252266947_n-1536x998.jpg 1536w, https:\/\/urbeamea.ro\/albaiulia\/wp-content\/uploads\/2024\/06\/442492635_872649878235086_2748847503252266947_n.jpg 1600w\" sizes=\"auto, (max-width: 1280px) 100vw, 1280px\" \/><\/figure>\n\n\n\n<figure class=\"wp-block-image size-large\"><img loading=\"lazy\" decoding=\"async\" width=\"960\" height=\"543\" data-id=\"112385\" src=\"https:\/\/urbeamea.ro\/albaiulia\/wp-content\/uploads\/2024\/06\/442493804_872649968235077_3826539089594528135_n.jpg\" alt=\"\" class=\"wp-image-112385\" srcset=\"https:\/\/urbeamea.ro\/albaiulia\/wp-content\/uploads\/2024\/06\/442493804_872649968235077_3826539089594528135_n.jpg 960w, https:\/\/urbeamea.ro\/albaiulia\/wp-content\/uploads\/2024\/06\/442493804_872649968235077_3826539089594528135_n-640x362.jpg 640w, https:\/\/urbeamea.ro\/albaiulia\/wp-content\/uploads\/2024\/06\/442493804_872649968235077_3826539089594528135_n-150x85.jpg 150w, https:\/\/urbeamea.ro\/albaiulia\/wp-content\/uploads\/2024\/06\/442493804_872649968235077_3826539089594528135_n-768x434.jpg 768w, https:\/\/urbeamea.ro\/albaiulia\/wp-content\/uploads\/2024\/06\/442493804_872649968235077_3826539089594528135_n-390x220.jpg 390w\" sizes=\"auto, (max-width: 960px) 100vw, 960px\" \/><\/figure>\n\n\n\n<figure class=\"wp-block-image size-large\"><img loading=\"lazy\" decoding=\"async\" width=\"1280\" height=\"778\" data-id=\"112393\" src=\"https:\/\/urbeamea.ro\/albaiulia\/wp-content\/uploads\/2024\/06\/448822205_872649504901790_3710294792716513737_n-1280x778.jpg\" alt=\"\" class=\"wp-image-112393\" srcset=\"https:\/\/urbeamea.ro\/albaiulia\/wp-content\/uploads\/2024\/06\/448822205_872649504901790_3710294792716513737_n-1280x778.jpg 1280w, https:\/\/urbeamea.ro\/albaiulia\/wp-content\/uploads\/2024\/06\/448822205_872649504901790_3710294792716513737_n-640x389.jpg 640w, https:\/\/urbeamea.ro\/albaiulia\/wp-content\/uploads\/2024\/06\/448822205_872649504901790_3710294792716513737_n-150x91.jpg 150w, https:\/\/urbeamea.ro\/albaiulia\/wp-content\/uploads\/2024\/06\/448822205_872649504901790_3710294792716513737_n-768x467.jpg 768w, https:\/\/urbeamea.ro\/albaiulia\/wp-content\/uploads\/2024\/06\/448822205_872649504901790_3710294792716513737_n-1536x934.jpg 1536w, https:\/\/urbeamea.ro\/albaiulia\/wp-content\/uploads\/2024\/06\/448822205_872649504901790_3710294792716513737_n.jpg 1600w\" sizes=\"auto, (max-width: 1280px) 100vw, 1280px\" \/><\/figure>\n<\/figure>\n","protected":false},"excerpt":{"rendered":"<p>Elevii\u00a0 claselor a XI-a au participat \u00een perioada 21-27 iunie la tab\u0103ra de instruc\u021bie de var\u0103 desf\u0103\u0219urat\u0103 la T\u0103rlungeni, \u00een jude\u021bul Bra\u0219ov. \u00cen tab\u0103ra de instruc\u021bie, elevii \u0219i-au testat \u0219i antrenat abilit\u0103\u021bile, au \u00eencercat s\u0103 se adapteze la noi medii \u0219i provoc\u0103ri \u0219i s\u0103 \u00ee\u015fi contureze un traseu profesional. <\/p>\n","protected":false},"author":28,"featured_media":112383,"comment_status":"open","ping_status":"open","sticky":false,"template":"","format":"standard","meta":{"inline_featured_image":false,"footnotes":""},"categories":[2034,1,16344],"tags":[18994],"class_list":["post-112382","post","type-post","status-publish","format-standard","has-post-thumbnail","hentry","category-social","category-stiri-urbane","category-urbea-mea","tag-colegiul-militar-mihai-viteazul-alba-iulia"],"yoast_head":"<!-- This site is optimized with the Yoast SEO plugin v27.4 - https:\/\/yoast.com\/product\/yoast-seo-wordpress\/ -->\n<title>Elevii claselor IX- a a Colegiului Na\u021bional Militar &quot;Mihai Viteazul&quot; din Alba Iulia, au participat la o tab\u0103r\u0103 de instruire desf\u0103\u0219urat\u0103 la T\u0103rlungeni (Bra\u0219ov) - Revista Urbea Mea - Revista de Alba<\/title>\n<meta name=\"description\" content=\"Elevii\u00a0 claselor a XI-a au participat \u00een perioada 21-27 iunie la tab\u0103ra de instruc\u021bie de var\u0103 desf\u0103\u0219urat\u0103 la T\u0103rlungeni, \u00een jude\u021bul Bra\u0219ov. \u00cen tab\u0103ra de instruc\u021bie, elevii \u0219i-au testat \u0219i antrenat abilit\u0103\u021bile, au \u00eencercat s\u0103 se adapteze la noi medii \u0219i provoc\u0103ri \u0219i s\u0103 \u00ee\u015fi contureze un traseu profesional.\" \/>\n<meta name=\"robots\" content=\"index, follow, max-snippet:-1, max-image-preview:large, max-video-preview:-1\" \/>\n<link rel=\"canonical\" href=\"https:\/\/urbeamea.ro\/albaiulia\/elevii-claselor-ix-a-a-colegiului-national-militar-mihai-viteazul-din-alba-iulia-au-participat-la-o-tabara-de-instruire-desfasurata-la-tarlungeni-brasov\/\" \/>\n<meta name=\"twitter:card\" content=\"summary_large_image\" \/>\n<meta name=\"twitter:title\" content=\"Elevii claselor IX- a a Colegiului Na\u021bional Militar &quot;Mihai Viteazul&quot; din Alba Iulia, au participat la o tab\u0103r\u0103 de instruire desf\u0103\u0219urat\u0103 la T\u0103rlungeni (Bra\u0219ov) - Revista Urbea Mea - Revista de Alba\" \/>\n<meta name=\"twitter:description\" content=\"Elevii\u00a0 claselor a XI-a au participat \u00een perioada 21-27 iunie la tab\u0103ra de instruc\u021bie de var\u0103 desf\u0103\u0219urat\u0103 la T\u0103rlungeni, \u00een jude\u021bul Bra\u0219ov. \u00cen tab\u0103ra de instruc\u021bie, elevii \u0219i-au testat \u0219i antrenat abilit\u0103\u021bile, au \u00eencercat s\u0103 se adapteze la noi medii \u0219i provoc\u0103ri \u0219i s\u0103 \u00ee\u015fi contureze un traseu profesional.\" \/>\n<meta name=\"twitter:image\" content=\"https:\/\/urbeamea.ro\/albaiulia\/wp-content\/uploads\/2024\/06\/449102515_872649994901741_6429021622877186140_n.jpg\" \/>\n<meta name=\"twitter:creator\" content=\"@urbeameaweb\" \/>\n<meta name=\"twitter:site\" content=\"@urbeameaweb\" \/>\n<script type=\"application\/ld+json\" class=\"yoast-schema-graph\">{\"@context\":\"https:\\\/\\\/schema.org\",\"@graph\":[{\"@type\":\"Article\",\"@id\":\"https:\\\/\\\/urbeamea.ro\\\/albaiulia\\\/elevii-claselor-ix-a-a-colegiului-national-militar-mihai-viteazul-din-alba-iulia-au-participat-la-o-tabara-de-instruire-desfasurata-la-tarlungeni-brasov\\\/#article\",\"isPartOf\":{\"@id\":\"https:\\\/\\\/urbeamea.ro\\\/albaiulia\\\/elevii-claselor-ix-a-a-colegiului-national-militar-mihai-viteazul-din-alba-iulia-au-participat-la-o-tabara-de-instruire-desfasurata-la-tarlungeni-brasov\\\/\"},\"author\":{\"name\":\"Giurca Sorin\",\"@id\":\"https:\\\/\\\/urbeamea.ro\\\/albaiulia\\\/#\\\/schema\\\/person\\\/5db3854ac38c1cc9f0ab4092d6a20f02\"},\"headline\":\"Elevii claselor IX- a a Colegiului Na\u021bional Militar &#8222;Mihai Viteazul&#8221; din Alba Iulia, au participat la o tab\u0103r\u0103 de instruire desf\u0103\u0219urat\u0103 la T\u0103rlungeni (Bra\u0219ov)\",\"datePublished\":\"2024-06-28T12:52:42+00:00\",\"dateModified\":\"2024-06-28T12:52:44+00:00\",\"mainEntityOfPage\":{\"@id\":\"https:\\\/\\\/urbeamea.ro\\\/albaiulia\\\/elevii-claselor-ix-a-a-colegiului-national-militar-mihai-viteazul-din-alba-iulia-au-participat-la-o-tabara-de-instruire-desfasurata-la-tarlungeni-brasov\\\/\"},\"wordCount\":748,\"commentCount\":0,\"image\":{\"@id\":\"https:\\\/\\\/urbeamea.ro\\\/albaiulia\\\/elevii-claselor-ix-a-a-colegiului-national-militar-mihai-viteazul-din-alba-iulia-au-participat-la-o-tabara-de-instruire-desfasurata-la-tarlungeni-brasov\\\/#primaryimage\"},\"thumbnailUrl\":\"https:\\\/\\\/urbeamea.ro\\\/albaiulia\\\/wp-content\\\/uploads\\\/2024\\\/06\\\/449102515_872649994901741_6429021622877186140_n.jpg\",\"keywords\":[\"colegiul militar mihai viteazul alba iulia\"],\"articleSection\":[\"Social\",\"\u015etiri Urbane\",\"Urbea Mea\"],\"inLanguage\":\"ro-RO\",\"potentialAction\":[{\"@type\":\"CommentAction\",\"name\":\"Comment\",\"target\":[\"https:\\\/\\\/urbeamea.ro\\\/albaiulia\\\/elevii-claselor-ix-a-a-colegiului-national-militar-mihai-viteazul-din-alba-iulia-au-participat-la-o-tabara-de-instruire-desfasurata-la-tarlungeni-brasov\\\/#respond\"]}]},{\"@type\":\"WebPage\",\"@id\":\"https:\\\/\\\/urbeamea.ro\\\/albaiulia\\\/elevii-claselor-ix-a-a-colegiului-national-militar-mihai-viteazul-din-alba-iulia-au-participat-la-o-tabara-de-instruire-desfasurata-la-tarlungeni-brasov\\\/\",\"url\":\"https:\\\/\\\/urbeamea.ro\\\/albaiulia\\\/elevii-claselor-ix-a-a-colegiului-national-militar-mihai-viteazul-din-alba-iulia-au-participat-la-o-tabara-de-instruire-desfasurata-la-tarlungeni-brasov\\\/\",\"name\":\"Elevii claselor IX- a a Colegiului Na\u021bional Militar \\\"Mihai Viteazul\\\" din Alba Iulia, au participat la o tab\u0103r\u0103 de instruire desf\u0103\u0219urat\u0103 la T\u0103rlungeni (Bra\u0219ov) - Revista Urbea Mea - Revista de Alba\",\"isPartOf\":{\"@id\":\"https:\\\/\\\/urbeamea.ro\\\/albaiulia\\\/#website\"},\"primaryImageOfPage\":{\"@id\":\"https:\\\/\\\/urbeamea.ro\\\/albaiulia\\\/elevii-claselor-ix-a-a-colegiului-national-militar-mihai-viteazul-din-alba-iulia-au-participat-la-o-tabara-de-instruire-desfasurata-la-tarlungeni-brasov\\\/#primaryimage\"},\"image\":{\"@id\":\"https:\\\/\\\/urbeamea.ro\\\/albaiulia\\\/elevii-claselor-ix-a-a-colegiului-national-militar-mihai-viteazul-din-alba-iulia-au-participat-la-o-tabara-de-instruire-desfasurata-la-tarlungeni-brasov\\\/#primaryimage\"},\"thumbnailUrl\":\"https:\\\/\\\/urbeamea.ro\\\/albaiulia\\\/wp-content\\\/uploads\\\/2024\\\/06\\\/449102515_872649994901741_6429021622877186140_n.jpg\",\"datePublished\":\"2024-06-28T12:52:42+00:00\",\"dateModified\":\"2024-06-28T12:52:44+00:00\",\"author\":{\"@id\":\"https:\\\/\\\/urbeamea.ro\\\/albaiulia\\\/#\\\/schema\\\/person\\\/5db3854ac38c1cc9f0ab4092d6a20f02\"},\"description\":\"Elevii\u00a0 claselor a XI-a au participat \u00een perioada 21-27 iunie la tab\u0103ra de instruc\u021bie de var\u0103 desf\u0103\u0219urat\u0103 la T\u0103rlungeni, \u00een jude\u021bul Bra\u0219ov. \u00cen tab\u0103ra de instruc\u021bie, elevii \u0219i-au testat \u0219i antrenat abilit\u0103\u021bile, au \u00eencercat s\u0103 se adapteze la noi medii \u0219i provoc\u0103ri \u0219i s\u0103 \u00ee\u015fi contureze un traseu profesional.\",\"breadcrumb\":{\"@id\":\"https:\\\/\\\/urbeamea.ro\\\/albaiulia\\\/elevii-claselor-ix-a-a-colegiului-national-militar-mihai-viteazul-din-alba-iulia-au-participat-la-o-tabara-de-instruire-desfasurata-la-tarlungeni-brasov\\\/#breadcrumb\"},\"inLanguage\":\"ro-RO\",\"potentialAction\":[{\"@type\":\"ReadAction\",\"target\":[\"https:\\\/\\\/urbeamea.ro\\\/albaiulia\\\/elevii-claselor-ix-a-a-colegiului-national-militar-mihai-viteazul-din-alba-iulia-au-participat-la-o-tabara-de-instruire-desfasurata-la-tarlungeni-brasov\\\/\"]}]},{\"@type\":\"ImageObject\",\"inLanguage\":\"ro-RO\",\"@id\":\"https:\\\/\\\/urbeamea.ro\\\/albaiulia\\\/elevii-claselor-ix-a-a-colegiului-national-militar-mihai-viteazul-din-alba-iulia-au-participat-la-o-tabara-de-instruire-desfasurata-la-tarlungeni-brasov\\\/#primaryimage\",\"url\":\"https:\\\/\\\/urbeamea.ro\\\/albaiulia\\\/wp-content\\\/uploads\\\/2024\\\/06\\\/449102515_872649994901741_6429021622877186140_n.jpg\",\"contentUrl\":\"https:\\\/\\\/urbeamea.ro\\\/albaiulia\\\/wp-content\\\/uploads\\\/2024\\\/06\\\/449102515_872649994901741_6429021622877186140_n.jpg\",\"width\":960,\"height\":544},{\"@type\":\"BreadcrumbList\",\"@id\":\"https:\\\/\\\/urbeamea.ro\\\/albaiulia\\\/elevii-claselor-ix-a-a-colegiului-national-militar-mihai-viteazul-din-alba-iulia-au-participat-la-o-tabara-de-instruire-desfasurata-la-tarlungeni-brasov\\\/#breadcrumb\",\"itemListElement\":[{\"@type\":\"ListItem\",\"position\":1,\"name\":\"Prima pagin\u0103\",\"item\":\"https:\\\/\\\/urbeamea.ro\\\/albaiulia\\\/\"},{\"@type\":\"ListItem\",\"position\":2,\"name\":\"Elevii claselor IX- a a Colegiului Na\u021bional Militar &#8222;Mihai Viteazul&#8221; din Alba Iulia, au participat la o tab\u0103r\u0103 de instruire desf\u0103\u0219urat\u0103 la T\u0103rlungeni (Bra\u0219ov)\"}]},{\"@type\":\"WebSite\",\"@id\":\"https:\\\/\\\/urbeamea.ro\\\/albaiulia\\\/#website\",\"url\":\"https:\\\/\\\/urbeamea.ro\\\/albaiulia\\\/\",\"name\":\"Revista Urbea Mea, Stiri urbane\",\"description\":\"Evenimente \u0219i \u0219tiri din Alba Iulia, Sebe\u0219, Aiud, Blaj\",\"potentialAction\":[{\"@type\":\"SearchAction\",\"target\":{\"@type\":\"EntryPoint\",\"urlTemplate\":\"https:\\\/\\\/urbeamea.ro\\\/albaiulia\\\/?s={search_term_string}\"},\"query-input\":{\"@type\":\"PropertyValueSpecification\",\"valueRequired\":true,\"valueName\":\"search_term_string\"}}],\"inLanguage\":\"ro-RO\"},{\"@type\":\"Person\",\"@id\":\"https:\\\/\\\/urbeamea.ro\\\/albaiulia\\\/#\\\/schema\\\/person\\\/5db3854ac38c1cc9f0ab4092d6a20f02\",\"name\":\"Giurca Sorin\",\"image\":{\"@type\":\"ImageObject\",\"inLanguage\":\"ro-RO\",\"@id\":\"https:\\\/\\\/secure.gravatar.com\\\/avatar\\\/120f6fcae7b3b47a7730cb9943f612f4909f68ac5284b5f40ac1c4615fd70576?s=96&d=mm&r=g\",\"url\":\"https:\\\/\\\/secure.gravatar.com\\\/avatar\\\/120f6fcae7b3b47a7730cb9943f612f4909f68ac5284b5f40ac1c4615fd70576?s=96&d=mm&r=g\",\"contentUrl\":\"https:\\\/\\\/secure.gravatar.com\\\/avatar\\\/120f6fcae7b3b47a7730cb9943f612f4909f68ac5284b5f40ac1c4615fd70576?s=96&d=mm&r=g\",\"caption\":\"Giurca Sorin\"},\"url\":\"https:\\\/\\\/urbeamea.ro\\\/albaiulia\\\/author\\\/sorin\\\/\"}]}<\/script>\n<!-- \/ Yoast SEO plugin. -->","yoast_head_json":{"title":"Elevii claselor IX- a a Colegiului Na\u021bional Militar \"Mihai Viteazul\" din Alba Iulia, au participat la o tab\u0103r\u0103 de instruire desf\u0103\u0219urat\u0103 la T\u0103rlungeni (Bra\u0219ov) - Revista Urbea Mea - Revista de Alba","description":"Elevii\u00a0 claselor a XI-a au participat \u00een perioada 21-27 iunie la tab\u0103ra de instruc\u021bie de var\u0103 desf\u0103\u0219urat\u0103 la T\u0103rlungeni, \u00een jude\u021bul Bra\u0219ov. \u00cen tab\u0103ra de instruc\u021bie, elevii \u0219i-au testat \u0219i antrenat abilit\u0103\u021bile, au \u00eencercat s\u0103 se adapteze la noi medii \u0219i provoc\u0103ri \u0219i s\u0103 \u00ee\u015fi contureze un traseu profesional.","robots":{"index":"index","follow":"follow","max-snippet":"max-snippet:-1","max-image-preview":"max-image-preview:large","max-video-preview":"max-video-preview:-1"},"canonical":"https:\/\/urbeamea.ro\/albaiulia\/elevii-claselor-ix-a-a-colegiului-national-militar-mihai-viteazul-din-alba-iulia-au-participat-la-o-tabara-de-instruire-desfasurata-la-tarlungeni-brasov\/","twitter_card":"summary_large_image","twitter_title":"Elevii claselor IX- a a Colegiului Na\u021bional Militar \"Mihai Viteazul\" din Alba Iulia, au participat la o tab\u0103r\u0103 de instruire desf\u0103\u0219urat\u0103 la T\u0103rlungeni (Bra\u0219ov) - Revista Urbea Mea - Revista de Alba","twitter_description":"Elevii\u00a0 claselor a XI-a au participat \u00een perioada 21-27 iunie la tab\u0103ra de instruc\u021bie de var\u0103 desf\u0103\u0219urat\u0103 la T\u0103rlungeni, \u00een jude\u021bul Bra\u0219ov. \u00cen tab\u0103ra de instruc\u021bie, elevii \u0219i-au testat \u0219i antrenat abilit\u0103\u021bile, au \u00eencercat s\u0103 se adapteze la noi medii \u0219i provoc\u0103ri \u0219i s\u0103 \u00ee\u015fi contureze un traseu profesional.","twitter_image":"https:\/\/urbeamea.ro\/albaiulia\/wp-content\/uploads\/2024\/06\/449102515_872649994901741_6429021622877186140_n.jpg","twitter_creator":"@urbeameaweb","twitter_site":"@urbeameaweb","schema":{"@context":"https:\/\/schema.org","@graph":[{"@type":"Article","@id":"https:\/\/urbeamea.ro\/albaiulia\/elevii-claselor-ix-a-a-colegiului-national-militar-mihai-viteazul-din-alba-iulia-au-participat-la-o-tabara-de-instruire-desfasurata-la-tarlungeni-brasov\/#article","isPartOf":{"@id":"https:\/\/urbeamea.ro\/albaiulia\/elevii-claselor-ix-a-a-colegiului-national-militar-mihai-viteazul-din-alba-iulia-au-participat-la-o-tabara-de-instruire-desfasurata-la-tarlungeni-brasov\/"},"author":{"name":"Giurca Sorin","@id":"https:\/\/urbeamea.ro\/albaiulia\/#\/schema\/person\/5db3854ac38c1cc9f0ab4092d6a20f02"},"headline":"Elevii claselor IX- a a Colegiului Na\u021bional Militar &#8222;Mihai Viteazul&#8221; din Alba Iulia, au participat la o tab\u0103r\u0103 de instruire desf\u0103\u0219urat\u0103 la T\u0103rlungeni (Bra\u0219ov)","datePublished":"2024-06-28T12:52:42+00:00","dateModified":"2024-06-28T12:52:44+00:00","mainEntityOfPage":{"@id":"https:\/\/urbeamea.ro\/albaiulia\/elevii-claselor-ix-a-a-colegiului-national-militar-mihai-viteazul-din-alba-iulia-au-participat-la-o-tabara-de-instruire-desfasurata-la-tarlungeni-brasov\/"},"wordCount":748,"commentCount":0,"image":{"@id":"https:\/\/urbeamea.ro\/albaiulia\/elevii-claselor-ix-a-a-colegiului-national-militar-mihai-viteazul-din-alba-iulia-au-participat-la-o-tabara-de-instruire-desfasurata-la-tarlungeni-brasov\/#primaryimage"},"thumbnailUrl":"https:\/\/urbeamea.ro\/albaiulia\/wp-content\/uploads\/2024\/06\/449102515_872649994901741_6429021622877186140_n.jpg","keywords":["colegiul militar mihai viteazul alba iulia"],"articleSection":["Social","\u015etiri Urbane","Urbea Mea"],"inLanguage":"ro-RO","potentialAction":[{"@type":"CommentAction","name":"Comment","target":["https:\/\/urbeamea.ro\/albaiulia\/elevii-claselor-ix-a-a-colegiului-national-militar-mihai-viteazul-din-alba-iulia-au-participat-la-o-tabara-de-instruire-desfasurata-la-tarlungeni-brasov\/#respond"]}]},{"@type":"WebPage","@id":"https:\/\/urbeamea.ro\/albaiulia\/elevii-claselor-ix-a-a-colegiului-national-militar-mihai-viteazul-din-alba-iulia-au-participat-la-o-tabara-de-instruire-desfasurata-la-tarlungeni-brasov\/","url":"https:\/\/urbeamea.ro\/albaiulia\/elevii-claselor-ix-a-a-colegiului-national-militar-mihai-viteazul-din-alba-iulia-au-participat-la-o-tabara-de-instruire-desfasurata-la-tarlungeni-brasov\/","name":"Elevii claselor IX- a a Colegiului Na\u021bional Militar \"Mihai Viteazul\" din Alba Iulia, au participat la o tab\u0103r\u0103 de instruire desf\u0103\u0219urat\u0103 la T\u0103rlungeni (Bra\u0219ov) - Revista Urbea Mea - Revista de Alba","isPartOf":{"@id":"https:\/\/urbeamea.ro\/albaiulia\/#website"},"primaryImageOfPage":{"@id":"https:\/\/urbeamea.ro\/albaiulia\/elevii-claselor-ix-a-a-colegiului-national-militar-mihai-viteazul-din-alba-iulia-au-participat-la-o-tabara-de-instruire-desfasurata-la-tarlungeni-brasov\/#primaryimage"},"image":{"@id":"https:\/\/urbeamea.ro\/albaiulia\/elevii-claselor-ix-a-a-colegiului-national-militar-mihai-viteazul-din-alba-iulia-au-participat-la-o-tabara-de-instruire-desfasurata-la-tarlungeni-brasov\/#primaryimage"},"thumbnailUrl":"https:\/\/urbeamea.ro\/albaiulia\/wp-content\/uploads\/2024\/06\/449102515_872649994901741_6429021622877186140_n.jpg","datePublished":"2024-06-28T12:52:42+00:00","dateModified":"2024-06-28T12:52:44+00:00","author":{"@id":"https:\/\/urbeamea.ro\/albaiulia\/#\/schema\/person\/5db3854ac38c1cc9f0ab4092d6a20f02"},"description":"Elevii\u00a0 claselor a XI-a au participat \u00een perioada 21-27 iunie la tab\u0103ra de instruc\u021bie de var\u0103 desf\u0103\u0219urat\u0103 la T\u0103rlungeni, \u00een jude\u021bul Bra\u0219ov. \u00cen tab\u0103ra de instruc\u021bie, elevii \u0219i-au testat \u0219i antrenat abilit\u0103\u021bile, au \u00eencercat s\u0103 se adapteze la noi medii \u0219i provoc\u0103ri \u0219i s\u0103 \u00ee\u015fi contureze un traseu profesional.","breadcrumb":{"@id":"https:\/\/urbeamea.ro\/albaiulia\/elevii-claselor-ix-a-a-colegiului-national-militar-mihai-viteazul-din-alba-iulia-au-participat-la-o-tabara-de-instruire-desfasurata-la-tarlungeni-brasov\/#breadcrumb"},"inLanguage":"ro-RO","potentialAction":[{"@type":"ReadAction","target":["https:\/\/urbeamea.ro\/albaiulia\/elevii-claselor-ix-a-a-colegiului-national-militar-mihai-viteazul-din-alba-iulia-au-participat-la-o-tabara-de-instruire-desfasurata-la-tarlungeni-brasov\/"]}]},{"@type":"ImageObject","inLanguage":"ro-RO","@id":"https:\/\/urbeamea.ro\/albaiulia\/elevii-claselor-ix-a-a-colegiului-national-militar-mihai-viteazul-din-alba-iulia-au-participat-la-o-tabara-de-instruire-desfasurata-la-tarlungeni-brasov\/#primaryimage","url":"https:\/\/urbeamea.ro\/albaiulia\/wp-content\/uploads\/2024\/06\/449102515_872649994901741_6429021622877186140_n.jpg","contentUrl":"https:\/\/urbeamea.ro\/albaiulia\/wp-content\/uploads\/2024\/06\/449102515_872649994901741_6429021622877186140_n.jpg","width":960,"height":544},{"@type":"BreadcrumbList","@id":"https:\/\/urbeamea.ro\/albaiulia\/elevii-claselor-ix-a-a-colegiului-national-militar-mihai-viteazul-din-alba-iulia-au-participat-la-o-tabara-de-instruire-desfasurata-la-tarlungeni-brasov\/#breadcrumb","itemListElement":[{"@type":"ListItem","position":1,"name":"Prima pagin\u0103","item":"https:\/\/urbeamea.ro\/albaiulia\/"},{"@type":"ListItem","position":2,"name":"Elevii claselor IX- a a Colegiului Na\u021bional Militar &#8222;Mihai Viteazul&#8221; din Alba Iulia, au participat la o tab\u0103r\u0103 de instruire desf\u0103\u0219urat\u0103 la T\u0103rlungeni (Bra\u0219ov)"}]},{"@type":"WebSite","@id":"https:\/\/urbeamea.ro\/albaiulia\/#website","url":"https:\/\/urbeamea.ro\/albaiulia\/","name":"Revista Urbea Mea, Stiri urbane","description":"Evenimente \u0219i \u0219tiri din Alba Iulia, Sebe\u0219, Aiud, Blaj","potentialAction":[{"@type":"SearchAction","target":{"@type":"EntryPoint","urlTemplate":"https:\/\/urbeamea.ro\/albaiulia\/?s={search_term_string}"},"query-input":{"@type":"PropertyValueSpecification","valueRequired":true,"valueName":"search_term_string"}}],"inLanguage":"ro-RO"},{"@type":"Person","@id":"https:\/\/urbeamea.ro\/albaiulia\/#\/schema\/person\/5db3854ac38c1cc9f0ab4092d6a20f02","name":"Giurca Sorin","image":{"@type":"ImageObject","inLanguage":"ro-RO","@id":"https:\/\/secure.gravatar.com\/avatar\/120f6fcae7b3b47a7730cb9943f612f4909f68ac5284b5f40ac1c4615fd70576?s=96&d=mm&r=g","url":"https:\/\/secure.gravatar.com\/avatar\/120f6fcae7b3b47a7730cb9943f612f4909f68ac5284b5f40ac1c4615fd70576?s=96&d=mm&r=g","contentUrl":"https:\/\/secure.gravatar.com\/avatar\/120f6fcae7b3b47a7730cb9943f612f4909f68ac5284b5f40ac1c4615fd70576?s=96&d=mm&r=g","caption":"Giurca Sorin"},"url":"https:\/\/urbeamea.ro\/albaiulia\/author\/sorin\/"}]}},"_links":{"self":[{"href":"https:\/\/urbeamea.ro\/albaiulia\/wp-json\/wp\/v2\/posts\/112382","targetHints":{"allow":["GET"]}}],"collection":[{"href":"https:\/\/urbeamea.ro\/albaiulia\/wp-json\/wp\/v2\/posts"}],"about":[{"href":"https:\/\/urbeamea.ro\/albaiulia\/wp-json\/wp\/v2\/types\/post"}],"author":[{"embeddable":true,"href":"https:\/\/urbeamea.ro\/albaiulia\/wp-json\/wp\/v2\/users\/28"}],"replies":[{"embeddable":true,"href":"https:\/\/urbeamea.ro\/albaiulia\/wp-json\/wp\/v2\/comments?post=112382"}],"version-history":[{"count":1,"href":"https:\/\/urbeamea.ro\/albaiulia\/wp-json\/wp\/v2\/posts\/112382\/revisions"}],"predecessor-version":[{"id":112394,"href":"https:\/\/urbeamea.ro\/albaiulia\/wp-json\/wp\/v2\/posts\/112382\/revisions\/112394"}],"wp:featuredmedia":[{"embeddable":true,"href":"https:\/\/urbeamea.ro\/albaiulia\/wp-json\/wp\/v2\/media\/112383"}],"wp:attachment":[{"href":"https:\/\/urbeamea.ro\/albaiulia\/wp-json\/wp\/v2\/media?parent=112382"}],"wp:term":[{"taxonomy":"category","embeddable":true,"href":"https:\/\/urbeamea.ro\/albaiulia\/wp-json\/wp\/v2\/categories?post=112382"},{"taxonomy":"post_tag","embeddable":true,"href":"https:\/\/urbeamea.ro\/albaiulia\/wp-json\/wp\/v2\/tags?post=112382"}],"curies":[{"name":"wp","href":"https:\/\/api.w.org\/{rel}","templated":true}]}}