{"id":112459,"date":"2024-07-02T12:23:16","date_gmt":"2024-07-02T09:23:16","guid":{"rendered":"https:\/\/urbeamea.ro\/albaiulia\/?p=112459"},"modified":"2024-07-02T12:23:18","modified_gmt":"2024-07-02T09:23:18","slug":"judoka-laura-bogdan-si-alexandru-sibisan-medalii-de-argint-si-bronz-la-cupa-europeana-de-juniori-desfasurata-in-slovenia","status":"publish","type":"post","link":"https:\/\/urbeamea.ro\/albaiulia\/judoka-laura-bogdan-si-alexandru-sibisan-medalii-de-argint-si-bronz-la-cupa-europeana-de-juniori-desfasurata-in-slovenia\/","title":{"rendered":"Judoka Laura Bogdan \u0219i Alexandru Sibi\u0219an, medalii de argint \u0219i bronz la Cupa European\u0103 de Juniori, desf\u0103\u0219urat\u0103 \u00een Slovenia"},"content":{"rendered":"\n<p><strong>Judoka CS Unirea Alba Iulia, Laura Bogdan \u0219i Alexandru Sibi\u0219an, s-au clasat pe locurile 2 \u0219i 3 la Cupa European\u0103 de Juniori, ob\u021bin\u00e2nd astfel medalii de argint \u0219i bronz la o important\u0103 competi\u021bie interna\u021bional\u0103. <\/strong><\/p>\n\n\n\n<p>Cupa European\u0103 de Juniori s-a desf\u0103\u0219urat \u00een 29-30 iunie \u00een Slovenia, la Slovenj Gradec. La competi\u021bie au participat sportivi valoro\u0219i din Elve\u021bia, Germania, Austria, Ungaria, Grecia, Ucraina, Fran\u021ba, Serbia \u0219i alte \u021b\u0103ri din Europa. <\/p>\n\n\n\n<figure class=\"wp-block-image size-full\"><img loading=\"lazy\" decoding=\"async\" width=\"768\" height=\"511\" src=\"https:\/\/urbeamea.ro\/albaiulia\/wp-content\/uploads\/2024\/07\/1000004220.jpg\" alt=\"\" class=\"wp-image-112460\" srcset=\"https:\/\/urbeamea.ro\/albaiulia\/wp-content\/uploads\/2024\/07\/1000004220.jpg 768w, https:\/\/urbeamea.ro\/albaiulia\/wp-content\/uploads\/2024\/07\/1000004220-640x426.jpg 640w, https:\/\/urbeamea.ro\/albaiulia\/wp-content\/uploads\/2024\/07\/1000004220-150x100.jpg 150w\" sizes=\"auto, (max-width: 768px) 100vw, 768px\" \/><\/figure>\n\n\n\n<p>Alexandru Sibi\u0219an (sportiv cu dubl\u0103 legitimare \u2013 CS Unirea Alba Iulia\/ CSM Pite\u0219ti) a concurat la categoria de greutate \u2013 90  de kilograme, \u00een vreme ce Laura Bogdan (sportiv\u0103 cu dubl\u0103 legitimare CS Unirea Alba Iulia\/ CSM Cluj-Napoca) a concurat la categoria de greutate \u2013 48 de kilograme. <\/p>\n\n\n\n<p>Laura Bogdan este elev\u0103 a Liceului cu Program Sportiv din Alba Iulia (director Daniela Mateica), liceu pe care l-a absolvit \u0219i Alexandru Sibi\u0219an.<\/p>\n\n\n\n<figure class=\"wp-block-image size-full\"><img loading=\"lazy\" decoding=\"async\" width=\"1080\" height=\"691\" src=\"https:\/\/urbeamea.ro\/albaiulia\/wp-content\/uploads\/2024\/07\/1000004219.jpg\" alt=\"\" class=\"wp-image-112461\" srcset=\"https:\/\/urbeamea.ro\/albaiulia\/wp-content\/uploads\/2024\/07\/1000004219.jpg 1080w, https:\/\/urbeamea.ro\/albaiulia\/wp-content\/uploads\/2024\/07\/1000004219-640x409.jpg 640w, https:\/\/urbeamea.ro\/albaiulia\/wp-content\/uploads\/2024\/07\/1000004219-150x96.jpg 150w, https:\/\/urbeamea.ro\/albaiulia\/wp-content\/uploads\/2024\/07\/1000004219-768x491.jpg 768w\" sizes=\"auto, (max-width: 1080px) 100vw, 1080px\" \/><\/figure>\n\n\n\n<p>Sportivii sec\u021biei de judo din cadrul CS Unirea Alba Iulia sunt preg\u0103ti\u021bi de profesorii Dinu Alin \u0219i Dinu Cristian. <\/p>\n\n\n\n<p>Dup\u0103 succesul ob\u021binut la competi\u021biile na\u021bionale, medaliile de la Cupa European\u0103 de Juniori vin s\u0103 confirme calitatea \u0219i dedicarea sportivilor.<\/p>\n\n\n\n<p> Reamintim c\u0103 Alexandru Sibi\u0219an \u0219i Laura Bogdan ob\u021binuser\u0103 medalii de aur la Campionatul Na\u021bional \u0219i Cupa Rom\u00e2niei, competi\u021bii desf\u0103\u0219urate \u00een 22-23 iunie.<\/p>\n\n\n\n<figure class=\"wp-block-gallery has-nested-images columns-default is-cropped wp-block-gallery-1 is-layout-flex wp-block-gallery-is-layout-flex\">\n<figure class=\"wp-block-image size-large\"><img loading=\"lazy\" decoding=\"async\" width=\"1081\" height=\"720\" data-id=\"112462\" src=\"https:\/\/urbeamea.ro\/albaiulia\/wp-content\/uploads\/2024\/07\/1000004216.jpg\" alt=\"\" class=\"wp-image-112462\" srcset=\"https:\/\/urbeamea.ro\/albaiulia\/wp-content\/uploads\/2024\/07\/1000004216.jpg 1081w, https:\/\/urbeamea.ro\/albaiulia\/wp-content\/uploads\/2024\/07\/1000004216-640x426.jpg 640w, https:\/\/urbeamea.ro\/albaiulia\/wp-content\/uploads\/2024\/07\/1000004216-150x100.jpg 150w, https:\/\/urbeamea.ro\/albaiulia\/wp-content\/uploads\/2024\/07\/1000004216-768x512.jpg 768w\" sizes=\"auto, (max-width: 1081px) 100vw, 1081px\" \/><\/figure>\n\n\n\n<figure class=\"wp-block-image size-large\"><img loading=\"lazy\" decoding=\"async\" width=\"1080\" height=\"678\" data-id=\"112463\" src=\"https:\/\/urbeamea.ro\/albaiulia\/wp-content\/uploads\/2024\/07\/1000004217.jpg\" alt=\"\" class=\"wp-image-112463\" srcset=\"https:\/\/urbeamea.ro\/albaiulia\/wp-content\/uploads\/2024\/07\/1000004217.jpg 1080w, https:\/\/urbeamea.ro\/albaiulia\/wp-content\/uploads\/2024\/07\/1000004217-640x402.jpg 640w, https:\/\/urbeamea.ro\/albaiulia\/wp-content\/uploads\/2024\/07\/1000004217-150x94.jpg 150w, https:\/\/urbeamea.ro\/albaiulia\/wp-content\/uploads\/2024\/07\/1000004217-768x482.jpg 768w\" sizes=\"auto, (max-width: 1080px) 100vw, 1080px\" \/><\/figure>\n\n\n\n<figure class=\"wp-block-image size-large\"><img loading=\"lazy\" decoding=\"async\" width=\"1081\" height=\"720\" data-id=\"112464\" src=\"https:\/\/urbeamea.ro\/albaiulia\/wp-content\/uploads\/2024\/07\/1000004218.jpg\" alt=\"\" class=\"wp-image-112464\" srcset=\"https:\/\/urbeamea.ro\/albaiulia\/wp-content\/uploads\/2024\/07\/1000004218.jpg 1081w, https:\/\/urbeamea.ro\/albaiulia\/wp-content\/uploads\/2024\/07\/1000004218-640x426.jpg 640w, https:\/\/urbeamea.ro\/albaiulia\/wp-content\/uploads\/2024\/07\/1000004218-150x100.jpg 150w, https:\/\/urbeamea.ro\/albaiulia\/wp-content\/uploads\/2024\/07\/1000004218-768x512.jpg 768w\" sizes=\"auto, (max-width: 1081px) 100vw, 1081px\" \/><\/figure>\n<\/figure>\n","protected":false},"excerpt":{"rendered":"<p>Judoka CS Unirea Alba Iulia, Laura Bogdan \u0219i Alexandru Sibi\u0219an, s-au clasat pe locurile 2 \u0219i 3 la Cupa European\u0103 de Juniori, ob\u021bin\u00e2nd astfel medalii de argint \u0219i bronz la o important\u0103 competi\u021bie interna\u021bional\u0103. <\/p>\n","protected":false},"author":28,"featured_media":112463,"comment_status":"open","ping_status":"open","sticky":false,"template":"","format":"standard","meta":{"inline_featured_image":false,"footnotes":""},"categories":[2037],"tags":[5050,21928,21048],"class_list":["post-112459","post","type-post","status-publish","format-standard","has-post-thumbnail","hentry","category-sport","tag-cs-unirea-alba-iulia","tag-laura-alexia-bogdan","tag-sibisan-alexandru"],"yoast_head":"<!-- This site is optimized with the Yoast SEO plugin v27.4 - https:\/\/yoast.com\/product\/yoast-seo-wordpress\/ -->\n<title>Judoka Laura Bogdan \u0219i Alexandru Sibi\u0219an, medalii de argint \u0219i bronz la Cupa European\u0103 de Juniori, desf\u0103\u0219urat\u0103 \u00een Slovenia - Revista Urbea Mea - Revista de Alba<\/title>\n<meta name=\"description\" content=\"Judoka CS Unirea Alba Iulia, Laura Bogdan \u0219i Alexandru Sibi\u0219an, s-au clasat pe locurile 2 \u0219i 3 la Cupa European\u0103 de Juniori, ob\u021bin\u00e2nd astfel medalii de argint \u0219i bronz la o important\u0103 competi\u021bie interna\u021bional\u0103.\" \/>\n<meta name=\"robots\" content=\"index, follow, max-snippet:-1, max-image-preview:large, max-video-preview:-1\" \/>\n<link rel=\"canonical\" href=\"https:\/\/urbeamea.ro\/albaiulia\/judoka-laura-bogdan-si-alexandru-sibisan-medalii-de-argint-si-bronz-la-cupa-europeana-de-juniori-desfasurata-in-slovenia\/\" \/>\n<meta name=\"twitter:card\" content=\"summary_large_image\" \/>\n<meta name=\"twitter:title\" content=\"Judoka Laura Bogdan \u0219i Alexandru Sibi\u0219an, medalii de argint \u0219i bronz la Cupa European\u0103 de Juniori, desf\u0103\u0219urat\u0103 \u00een Slovenia - Revista Urbea Mea - Revista de Alba\" \/>\n<meta name=\"twitter:description\" content=\"Judoka CS Unirea Alba Iulia, Laura Bogdan \u0219i Alexandru Sibi\u0219an, s-au clasat pe locurile 2 \u0219i 3 la Cupa European\u0103 de Juniori, ob\u021bin\u00e2nd astfel medalii de argint \u0219i bronz la o important\u0103 competi\u021bie interna\u021bional\u0103.\" \/>\n<meta name=\"twitter:image\" content=\"https:\/\/urbeamea.ro\/albaiulia\/wp-content\/uploads\/2024\/07\/1000004217.jpg\" \/>\n<meta name=\"twitter:creator\" content=\"@urbeameaweb\" \/>\n<meta name=\"twitter:site\" content=\"@urbeameaweb\" \/>\n<script type=\"application\/ld+json\" class=\"yoast-schema-graph\">{\"@context\":\"https:\\\/\\\/schema.org\",\"@graph\":[{\"@type\":\"Article\",\"@id\":\"https:\\\/\\\/urbeamea.ro\\\/albaiulia\\\/judoka-laura-bogdan-si-alexandru-sibisan-medalii-de-argint-si-bronz-la-cupa-europeana-de-juniori-desfasurata-in-slovenia\\\/#article\",\"isPartOf\":{\"@id\":\"https:\\\/\\\/urbeamea.ro\\\/albaiulia\\\/judoka-laura-bogdan-si-alexandru-sibisan-medalii-de-argint-si-bronz-la-cupa-europeana-de-juniori-desfasurata-in-slovenia\\\/\"},\"author\":{\"name\":\"Giurca Sorin\",\"@id\":\"https:\\\/\\\/urbeamea.ro\\\/albaiulia\\\/#\\\/schema\\\/person\\\/5db3854ac38c1cc9f0ab4092d6a20f02\"},\"headline\":\"Judoka Laura Bogdan \u0219i Alexandru Sibi\u0219an, medalii de argint \u0219i bronz la Cupa European\u0103 de Juniori, desf\u0103\u0219urat\u0103 \u00een Slovenia\",\"datePublished\":\"2024-07-02T09:23:16+00:00\",\"dateModified\":\"2024-07-02T09:23:18+00:00\",\"mainEntityOfPage\":{\"@id\":\"https:\\\/\\\/urbeamea.ro\\\/albaiulia\\\/judoka-laura-bogdan-si-alexandru-sibisan-medalii-de-argint-si-bronz-la-cupa-europeana-de-juniori-desfasurata-in-slovenia\\\/\"},\"wordCount\":239,\"commentCount\":0,\"image\":{\"@id\":\"https:\\\/\\\/urbeamea.ro\\\/albaiulia\\\/judoka-laura-bogdan-si-alexandru-sibisan-medalii-de-argint-si-bronz-la-cupa-europeana-de-juniori-desfasurata-in-slovenia\\\/#primaryimage\"},\"thumbnailUrl\":\"https:\\\/\\\/urbeamea.ro\\\/albaiulia\\\/wp-content\\\/uploads\\\/2024\\\/07\\\/1000004217.jpg\",\"keywords\":[\"CS Unirea Alba IULIA\",\"laura alexia bogdan\",\"sibisan alexandru\"],\"articleSection\":[\"Sport\"],\"inLanguage\":\"ro-RO\",\"potentialAction\":[{\"@type\":\"CommentAction\",\"name\":\"Comment\",\"target\":[\"https:\\\/\\\/urbeamea.ro\\\/albaiulia\\\/judoka-laura-bogdan-si-alexandru-sibisan-medalii-de-argint-si-bronz-la-cupa-europeana-de-juniori-desfasurata-in-slovenia\\\/#respond\"]}]},{\"@type\":\"WebPage\",\"@id\":\"https:\\\/\\\/urbeamea.ro\\\/albaiulia\\\/judoka-laura-bogdan-si-alexandru-sibisan-medalii-de-argint-si-bronz-la-cupa-europeana-de-juniori-desfasurata-in-slovenia\\\/\",\"url\":\"https:\\\/\\\/urbeamea.ro\\\/albaiulia\\\/judoka-laura-bogdan-si-alexandru-sibisan-medalii-de-argint-si-bronz-la-cupa-europeana-de-juniori-desfasurata-in-slovenia\\\/\",\"name\":\"Judoka Laura Bogdan \u0219i Alexandru Sibi\u0219an, medalii de argint \u0219i bronz la Cupa European\u0103 de Juniori, desf\u0103\u0219urat\u0103 \u00een Slovenia - Revista Urbea Mea - Revista de Alba\",\"isPartOf\":{\"@id\":\"https:\\\/\\\/urbeamea.ro\\\/albaiulia\\\/#website\"},\"primaryImageOfPage\":{\"@id\":\"https:\\\/\\\/urbeamea.ro\\\/albaiulia\\\/judoka-laura-bogdan-si-alexandru-sibisan-medalii-de-argint-si-bronz-la-cupa-europeana-de-juniori-desfasurata-in-slovenia\\\/#primaryimage\"},\"image\":{\"@id\":\"https:\\\/\\\/urbeamea.ro\\\/albaiulia\\\/judoka-laura-bogdan-si-alexandru-sibisan-medalii-de-argint-si-bronz-la-cupa-europeana-de-juniori-desfasurata-in-slovenia\\\/#primaryimage\"},\"thumbnailUrl\":\"https:\\\/\\\/urbeamea.ro\\\/albaiulia\\\/wp-content\\\/uploads\\\/2024\\\/07\\\/1000004217.jpg\",\"datePublished\":\"2024-07-02T09:23:16+00:00\",\"dateModified\":\"2024-07-02T09:23:18+00:00\",\"author\":{\"@id\":\"https:\\\/\\\/urbeamea.ro\\\/albaiulia\\\/#\\\/schema\\\/person\\\/5db3854ac38c1cc9f0ab4092d6a20f02\"},\"description\":\"Judoka CS Unirea Alba Iulia, Laura Bogdan \u0219i Alexandru Sibi\u0219an, s-au clasat pe locurile 2 \u0219i 3 la Cupa European\u0103 de Juniori, ob\u021bin\u00e2nd astfel medalii de argint \u0219i bronz la o important\u0103 competi\u021bie interna\u021bional\u0103.\",\"breadcrumb\":{\"@id\":\"https:\\\/\\\/urbeamea.ro\\\/albaiulia\\\/judoka-laura-bogdan-si-alexandru-sibisan-medalii-de-argint-si-bronz-la-cupa-europeana-de-juniori-desfasurata-in-slovenia\\\/#breadcrumb\"},\"inLanguage\":\"ro-RO\",\"potentialAction\":[{\"@type\":\"ReadAction\",\"target\":[\"https:\\\/\\\/urbeamea.ro\\\/albaiulia\\\/judoka-laura-bogdan-si-alexandru-sibisan-medalii-de-argint-si-bronz-la-cupa-europeana-de-juniori-desfasurata-in-slovenia\\\/\"]}]},{\"@type\":\"ImageObject\",\"inLanguage\":\"ro-RO\",\"@id\":\"https:\\\/\\\/urbeamea.ro\\\/albaiulia\\\/judoka-laura-bogdan-si-alexandru-sibisan-medalii-de-argint-si-bronz-la-cupa-europeana-de-juniori-desfasurata-in-slovenia\\\/#primaryimage\",\"url\":\"https:\\\/\\\/urbeamea.ro\\\/albaiulia\\\/wp-content\\\/uploads\\\/2024\\\/07\\\/1000004217.jpg\",\"contentUrl\":\"https:\\\/\\\/urbeamea.ro\\\/albaiulia\\\/wp-content\\\/uploads\\\/2024\\\/07\\\/1000004217.jpg\",\"width\":1080,\"height\":678},{\"@type\":\"BreadcrumbList\",\"@id\":\"https:\\\/\\\/urbeamea.ro\\\/albaiulia\\\/judoka-laura-bogdan-si-alexandru-sibisan-medalii-de-argint-si-bronz-la-cupa-europeana-de-juniori-desfasurata-in-slovenia\\\/#breadcrumb\",\"itemListElement\":[{\"@type\":\"ListItem\",\"position\":1,\"name\":\"Prima pagin\u0103\",\"item\":\"https:\\\/\\\/urbeamea.ro\\\/albaiulia\\\/\"},{\"@type\":\"ListItem\",\"position\":2,\"name\":\"Judoka Laura Bogdan \u0219i Alexandru Sibi\u0219an, medalii de argint \u0219i bronz la Cupa European\u0103 de Juniori, desf\u0103\u0219urat\u0103 \u00een Slovenia\"}]},{\"@type\":\"WebSite\",\"@id\":\"https:\\\/\\\/urbeamea.ro\\\/albaiulia\\\/#website\",\"url\":\"https:\\\/\\\/urbeamea.ro\\\/albaiulia\\\/\",\"name\":\"Revista Urbea Mea, Stiri urbane\",\"description\":\"Evenimente \u0219i \u0219tiri din Alba Iulia, Sebe\u0219, Aiud, Blaj\",\"potentialAction\":[{\"@type\":\"SearchAction\",\"target\":{\"@type\":\"EntryPoint\",\"urlTemplate\":\"https:\\\/\\\/urbeamea.ro\\\/albaiulia\\\/?s={search_term_string}\"},\"query-input\":{\"@type\":\"PropertyValueSpecification\",\"valueRequired\":true,\"valueName\":\"search_term_string\"}}],\"inLanguage\":\"ro-RO\"},{\"@type\":\"Person\",\"@id\":\"https:\\\/\\\/urbeamea.ro\\\/albaiulia\\\/#\\\/schema\\\/person\\\/5db3854ac38c1cc9f0ab4092d6a20f02\",\"name\":\"Giurca Sorin\",\"image\":{\"@type\":\"ImageObject\",\"inLanguage\":\"ro-RO\",\"@id\":\"https:\\\/\\\/secure.gravatar.com\\\/avatar\\\/120f6fcae7b3b47a7730cb9943f612f4909f68ac5284b5f40ac1c4615fd70576?s=96&d=mm&r=g\",\"url\":\"https:\\\/\\\/secure.gravatar.com\\\/avatar\\\/120f6fcae7b3b47a7730cb9943f612f4909f68ac5284b5f40ac1c4615fd70576?s=96&d=mm&r=g\",\"contentUrl\":\"https:\\\/\\\/secure.gravatar.com\\\/avatar\\\/120f6fcae7b3b47a7730cb9943f612f4909f68ac5284b5f40ac1c4615fd70576?s=96&d=mm&r=g\",\"caption\":\"Giurca Sorin\"},\"url\":\"https:\\\/\\\/urbeamea.ro\\\/albaiulia\\\/author\\\/sorin\\\/\"}]}<\/script>\n<!-- \/ Yoast SEO plugin. -->","yoast_head_json":{"title":"Judoka Laura Bogdan \u0219i Alexandru Sibi\u0219an, medalii de argint \u0219i bronz la Cupa European\u0103 de Juniori, desf\u0103\u0219urat\u0103 \u00een Slovenia - Revista Urbea Mea - Revista de Alba","description":"Judoka CS Unirea Alba Iulia, Laura Bogdan \u0219i Alexandru Sibi\u0219an, s-au clasat pe locurile 2 \u0219i 3 la Cupa European\u0103 de Juniori, ob\u021bin\u00e2nd astfel medalii de argint \u0219i bronz la o important\u0103 competi\u021bie interna\u021bional\u0103.","robots":{"index":"index","follow":"follow","max-snippet":"max-snippet:-1","max-image-preview":"max-image-preview:large","max-video-preview":"max-video-preview:-1"},"canonical":"https:\/\/urbeamea.ro\/albaiulia\/judoka-laura-bogdan-si-alexandru-sibisan-medalii-de-argint-si-bronz-la-cupa-europeana-de-juniori-desfasurata-in-slovenia\/","twitter_card":"summary_large_image","twitter_title":"Judoka Laura Bogdan \u0219i Alexandru Sibi\u0219an, medalii de argint \u0219i bronz la Cupa European\u0103 de Juniori, desf\u0103\u0219urat\u0103 \u00een Slovenia - Revista Urbea Mea - Revista de Alba","twitter_description":"Judoka CS Unirea Alba Iulia, Laura Bogdan \u0219i Alexandru Sibi\u0219an, s-au clasat pe locurile 2 \u0219i 3 la Cupa European\u0103 de Juniori, ob\u021bin\u00e2nd astfel medalii de argint \u0219i bronz la o important\u0103 competi\u021bie interna\u021bional\u0103.","twitter_image":"https:\/\/urbeamea.ro\/albaiulia\/wp-content\/uploads\/2024\/07\/1000004217.jpg","twitter_creator":"@urbeameaweb","twitter_site":"@urbeameaweb","schema":{"@context":"https:\/\/schema.org","@graph":[{"@type":"Article","@id":"https:\/\/urbeamea.ro\/albaiulia\/judoka-laura-bogdan-si-alexandru-sibisan-medalii-de-argint-si-bronz-la-cupa-europeana-de-juniori-desfasurata-in-slovenia\/#article","isPartOf":{"@id":"https:\/\/urbeamea.ro\/albaiulia\/judoka-laura-bogdan-si-alexandru-sibisan-medalii-de-argint-si-bronz-la-cupa-europeana-de-juniori-desfasurata-in-slovenia\/"},"author":{"name":"Giurca Sorin","@id":"https:\/\/urbeamea.ro\/albaiulia\/#\/schema\/person\/5db3854ac38c1cc9f0ab4092d6a20f02"},"headline":"Judoka Laura Bogdan \u0219i Alexandru Sibi\u0219an, medalii de argint \u0219i bronz la Cupa European\u0103 de Juniori, desf\u0103\u0219urat\u0103 \u00een Slovenia","datePublished":"2024-07-02T09:23:16+00:00","dateModified":"2024-07-02T09:23:18+00:00","mainEntityOfPage":{"@id":"https:\/\/urbeamea.ro\/albaiulia\/judoka-laura-bogdan-si-alexandru-sibisan-medalii-de-argint-si-bronz-la-cupa-europeana-de-juniori-desfasurata-in-slovenia\/"},"wordCount":239,"commentCount":0,"image":{"@id":"https:\/\/urbeamea.ro\/albaiulia\/judoka-laura-bogdan-si-alexandru-sibisan-medalii-de-argint-si-bronz-la-cupa-europeana-de-juniori-desfasurata-in-slovenia\/#primaryimage"},"thumbnailUrl":"https:\/\/urbeamea.ro\/albaiulia\/wp-content\/uploads\/2024\/07\/1000004217.jpg","keywords":["CS Unirea Alba IULIA","laura alexia bogdan","sibisan alexandru"],"articleSection":["Sport"],"inLanguage":"ro-RO","potentialAction":[{"@type":"CommentAction","name":"Comment","target":["https:\/\/urbeamea.ro\/albaiulia\/judoka-laura-bogdan-si-alexandru-sibisan-medalii-de-argint-si-bronz-la-cupa-europeana-de-juniori-desfasurata-in-slovenia\/#respond"]}]},{"@type":"WebPage","@id":"https:\/\/urbeamea.ro\/albaiulia\/judoka-laura-bogdan-si-alexandru-sibisan-medalii-de-argint-si-bronz-la-cupa-europeana-de-juniori-desfasurata-in-slovenia\/","url":"https:\/\/urbeamea.ro\/albaiulia\/judoka-laura-bogdan-si-alexandru-sibisan-medalii-de-argint-si-bronz-la-cupa-europeana-de-juniori-desfasurata-in-slovenia\/","name":"Judoka Laura Bogdan \u0219i Alexandru Sibi\u0219an, medalii de argint \u0219i bronz la Cupa European\u0103 de Juniori, desf\u0103\u0219urat\u0103 \u00een Slovenia - Revista Urbea Mea - Revista de Alba","isPartOf":{"@id":"https:\/\/urbeamea.ro\/albaiulia\/#website"},"primaryImageOfPage":{"@id":"https:\/\/urbeamea.ro\/albaiulia\/judoka-laura-bogdan-si-alexandru-sibisan-medalii-de-argint-si-bronz-la-cupa-europeana-de-juniori-desfasurata-in-slovenia\/#primaryimage"},"image":{"@id":"https:\/\/urbeamea.ro\/albaiulia\/judoka-laura-bogdan-si-alexandru-sibisan-medalii-de-argint-si-bronz-la-cupa-europeana-de-juniori-desfasurata-in-slovenia\/#primaryimage"},"thumbnailUrl":"https:\/\/urbeamea.ro\/albaiulia\/wp-content\/uploads\/2024\/07\/1000004217.jpg","datePublished":"2024-07-02T09:23:16+00:00","dateModified":"2024-07-02T09:23:18+00:00","author":{"@id":"https:\/\/urbeamea.ro\/albaiulia\/#\/schema\/person\/5db3854ac38c1cc9f0ab4092d6a20f02"},"description":"Judoka CS Unirea Alba Iulia, Laura Bogdan \u0219i Alexandru Sibi\u0219an, s-au clasat pe locurile 2 \u0219i 3 la Cupa European\u0103 de Juniori, ob\u021bin\u00e2nd astfel medalii de argint \u0219i bronz la o important\u0103 competi\u021bie interna\u021bional\u0103.","breadcrumb":{"@id":"https:\/\/urbeamea.ro\/albaiulia\/judoka-laura-bogdan-si-alexandru-sibisan-medalii-de-argint-si-bronz-la-cupa-europeana-de-juniori-desfasurata-in-slovenia\/#breadcrumb"},"inLanguage":"ro-RO","potentialAction":[{"@type":"ReadAction","target":["https:\/\/urbeamea.ro\/albaiulia\/judoka-laura-bogdan-si-alexandru-sibisan-medalii-de-argint-si-bronz-la-cupa-europeana-de-juniori-desfasurata-in-slovenia\/"]}]},{"@type":"ImageObject","inLanguage":"ro-RO","@id":"https:\/\/urbeamea.ro\/albaiulia\/judoka-laura-bogdan-si-alexandru-sibisan-medalii-de-argint-si-bronz-la-cupa-europeana-de-juniori-desfasurata-in-slovenia\/#primaryimage","url":"https:\/\/urbeamea.ro\/albaiulia\/wp-content\/uploads\/2024\/07\/1000004217.jpg","contentUrl":"https:\/\/urbeamea.ro\/albaiulia\/wp-content\/uploads\/2024\/07\/1000004217.jpg","width":1080,"height":678},{"@type":"BreadcrumbList","@id":"https:\/\/urbeamea.ro\/albaiulia\/judoka-laura-bogdan-si-alexandru-sibisan-medalii-de-argint-si-bronz-la-cupa-europeana-de-juniori-desfasurata-in-slovenia\/#breadcrumb","itemListElement":[{"@type":"ListItem","position":1,"name":"Prima pagin\u0103","item":"https:\/\/urbeamea.ro\/albaiulia\/"},{"@type":"ListItem","position":2,"name":"Judoka Laura Bogdan \u0219i Alexandru Sibi\u0219an, medalii de argint \u0219i bronz la Cupa European\u0103 de Juniori, desf\u0103\u0219urat\u0103 \u00een Slovenia"}]},{"@type":"WebSite","@id":"https:\/\/urbeamea.ro\/albaiulia\/#website","url":"https:\/\/urbeamea.ro\/albaiulia\/","name":"Revista Urbea Mea, Stiri urbane","description":"Evenimente \u0219i \u0219tiri din Alba Iulia, Sebe\u0219, Aiud, Blaj","potentialAction":[{"@type":"SearchAction","target":{"@type":"EntryPoint","urlTemplate":"https:\/\/urbeamea.ro\/albaiulia\/?s={search_term_string}"},"query-input":{"@type":"PropertyValueSpecification","valueRequired":true,"valueName":"search_term_string"}}],"inLanguage":"ro-RO"},{"@type":"Person","@id":"https:\/\/urbeamea.ro\/albaiulia\/#\/schema\/person\/5db3854ac38c1cc9f0ab4092d6a20f02","name":"Giurca Sorin","image":{"@type":"ImageObject","inLanguage":"ro-RO","@id":"https:\/\/secure.gravatar.com\/avatar\/120f6fcae7b3b47a7730cb9943f612f4909f68ac5284b5f40ac1c4615fd70576?s=96&d=mm&r=g","url":"https:\/\/secure.gravatar.com\/avatar\/120f6fcae7b3b47a7730cb9943f612f4909f68ac5284b5f40ac1c4615fd70576?s=96&d=mm&r=g","contentUrl":"https:\/\/secure.gravatar.com\/avatar\/120f6fcae7b3b47a7730cb9943f612f4909f68ac5284b5f40ac1c4615fd70576?s=96&d=mm&r=g","caption":"Giurca Sorin"},"url":"https:\/\/urbeamea.ro\/albaiulia\/author\/sorin\/"}]}},"_links":{"self":[{"href":"https:\/\/urbeamea.ro\/albaiulia\/wp-json\/wp\/v2\/posts\/112459","targetHints":{"allow":["GET"]}}],"collection":[{"href":"https:\/\/urbeamea.ro\/albaiulia\/wp-json\/wp\/v2\/posts"}],"about":[{"href":"https:\/\/urbeamea.ro\/albaiulia\/wp-json\/wp\/v2\/types\/post"}],"author":[{"embeddable":true,"href":"https:\/\/urbeamea.ro\/albaiulia\/wp-json\/wp\/v2\/users\/28"}],"replies":[{"embeddable":true,"href":"https:\/\/urbeamea.ro\/albaiulia\/wp-json\/wp\/v2\/comments?post=112459"}],"version-history":[{"count":1,"href":"https:\/\/urbeamea.ro\/albaiulia\/wp-json\/wp\/v2\/posts\/112459\/revisions"}],"predecessor-version":[{"id":112465,"href":"https:\/\/urbeamea.ro\/albaiulia\/wp-json\/wp\/v2\/posts\/112459\/revisions\/112465"}],"wp:featuredmedia":[{"embeddable":true,"href":"https:\/\/urbeamea.ro\/albaiulia\/wp-json\/wp\/v2\/media\/112463"}],"wp:attachment":[{"href":"https:\/\/urbeamea.ro\/albaiulia\/wp-json\/wp\/v2\/media?parent=112459"}],"wp:term":[{"taxonomy":"category","embeddable":true,"href":"https:\/\/urbeamea.ro\/albaiulia\/wp-json\/wp\/v2\/categories?post=112459"},{"taxonomy":"post_tag","embeddable":true,"href":"https:\/\/urbeamea.ro\/albaiulia\/wp-json\/wp\/v2\/tags?post=112459"}],"curies":[{"name":"wp","href":"https:\/\/api.w.org\/{rel}","templated":true}]}}