{"id":112649,"date":"2024-07-15T11:10:53","date_gmt":"2024-07-15T08:10:53","guid":{"rendered":"https:\/\/urbeamea.ro\/albaiulia\/?p=112649"},"modified":"2024-07-15T11:10:54","modified_gmt":"2024-07-15T08:10:54","slug":"ordonanta-de-interzicere-a-activitatii-pentru-un-centru-de-prelucrare-a-laptelui-integrat-in-cadrul-exploatatiei","status":"publish","type":"post","link":"https:\/\/urbeamea.ro\/albaiulia\/ordonanta-de-interzicere-a-activitatii-pentru-un-centru-de-prelucrare-a-laptelui-integrat-in-cadrul-exploatatiei\/","title":{"rendered":"Ordonan\u021b\u0103 de interzicere a activit\u0103\u021bii pentru un centru de prelucrare a laptelui integrat \u00een cadrul exploata\u021biei"},"content":{"rendered":"\n<p><strong>Direc\u021bia Sanitar\u0103 Veterinar\u0103 \u0219i pentru Siguran\u021ba Alimentelor (DSVSA) Alba a emis o ordonan\u021b\u0103 de interzicere a activit\u0103\u021bii pentru un centru de prelucrare a laptelui integrat \u00een cadrul exploata\u021biei din Mun\u021bii Apuseni \u00eentruc\u00e2t func\u021biona \u00een condi\u021bii improprii care puneau \u00een pericol s\u0103n\u0103tatea consumatorilor.<\/strong><\/p>\n\n\n\n<p>\u00cen urma unui control la unitate au fost depistate mai multe deficien\u021be \u00eentre care refolosirea ambalajelor pentru lapte (nu exista dovad\u0103 c\u0103 au fost achizi\u021bionate ambalaje de unic\u0103 folosin\u021b\u0103); urme de prezen\u021b\u0103 a d\u0103un\u0103torilor (roz\u0103toare) \u0219i existen\u021ba insectelor indezirabile; lipsa programului de autocontrol \u0219i a buletinelor de analiz\u0103 care s\u0103 ateste calitatea \u0219i salubritatea materiei prime \u0219i a produsului finit; starea de igien\u0103 \u0219i \u00eentre\u021binerea spa\u021biilor \u0219i utilajelor a fost total deficitar\u0103, frigiderul fiind insalubru, neigienizat, cu urme de rugin\u0103 \u0219i mucegai. Curtea unit\u0103\u021bii era insalubr\u0103, cu vegeta\u021bie, ambalaje \u0219i ustensile depozitate necorespunz\u0103tor; vestiarul pentru personal era total insalubru, f\u0103r\u0103 s\u0103pun \u0219i substan\u021be dezinfectante. Nu existau documente care s\u0103 demonstreze trasabilitatea produselor, iar produsele finite nu erau etichetate.<\/p>\n\n\n\n<p>De asemenea, a fost aplicat\u0103 o amend\u0103 contraven\u021bional\u0103 \u00een valoare de 40.000 de lei, conform HG 984\/2005.<\/p>\n\n\n\n<p>\u00cen aceast\u0103 perioad\u0103, inspectorii sanitar-veterinari \u0219i pentru siguran\u021ba alimentelor intensific\u0103 verific\u0103rile tematice pentru a se asigura c\u0103 operatorii alimentari respect\u0103 toate cerin\u021bele. Sunt controlate, cu preponderen\u021b\u0103, categoriile de unit\u0103\u021bi la care cre\u0219te consumul de produse alimentare \u00een perioada de var\u0103.<\/p>\n\n\n\n<p>\u00cen ultimele s\u0103pt\u0103m\u00e2ni au fost verificate zeci de pensiuni (cu bloc alimentar), restaurante, cantine, unit\u0103\u021bi mobile de comercializare alimente, laboratoare de cofet\u0103rie-patiserie, fast-food-uri, fiind aplicate 3 sanc\u021biuni contraven\u021bionale, \u00een valoare total\u0103 de 3.600 de lei, dar \u0219i 3 avertismente, deficien\u021bele fiind nerespectarea normelor sanitar-veterinare pentru siguran\u021ba alimentelor privind depozitarea produselor alimentare; lipsa programelor de autocontrol; lipsa monitoriz\u0103rii temperaturii pentru spa\u021biile frigorifice.<\/p>\n\n\n\n<p>Protejarea drepturilor \u0219i intereselor consumatorilor, precum \u0219i asigurarea siguran\u021bei alimentare, reprezint\u0103 priorit\u0103\u021bi pentru DSVSA Alba. Este esen\u021bial ca to\u021bi operatorii din domeniu, implica\u021bi \u00een lan\u021bul alimentar, s\u0103 con\u0219tientizeze importan\u021ba respect\u0103rii normelor \u0219i s\u0103 ac\u021bioneze \u00een mod responsabil pentru a asigura c\u0103 produsele ajung \u00een m\u00e2inile consumatorilor \u00een cele mai bune condi\u021bii, cu respectarea legisla\u021biei, a standardelor de igien\u0103 \u0219i siguran\u021b\u0103 alimentar\u0103.<\/p>\n","protected":false},"excerpt":{"rendered":"<p>Direc\u021bia Sanitar\u0103 Veterinar\u0103 \u0219i pentru Siguran\u021ba Alimentelor (DSVSA) Alba a emis o ordonan\u021b\u0103 de interzicere a activit\u0103\u021bii pentru un centru de prelucrare a laptelui integrat \u00een cadrul exploata\u021biei din Mun\u021bii Apuseni \u00eentruc\u00e2t func\u021biona \u00een condi\u021bii improprii care puneau \u00een pericol s\u0103n\u0103tatea consumatorilor. \u00cen urma unui control la unitate au fost depistate mai multe deficien\u021be \u00eentre &hellip;<\/p>\n","protected":false},"author":16,"featured_media":100587,"comment_status":"open","ping_status":"open","sticky":false,"template":"","format":"standard","meta":{"inline_featured_image":false,"footnotes":""},"categories":[1],"tags":[8120],"class_list":["post-112649","post","type-post","status-publish","format-standard","has-post-thumbnail","hentry","category-stiri-urbane","tag-dsvsa-alba"],"yoast_head":"<!-- This site is optimized with the Yoast SEO plugin v27.4 - https:\/\/yoast.com\/product\/yoast-seo-wordpress\/ -->\n<title>Ordonan\u021b\u0103 de interzicere a activit\u0103\u021bii pentru un centru de prelucrare a laptelui integrat \u00een cadrul exploata\u021biei - Revista Urbea Mea - Revista de Alba<\/title>\n<meta name=\"description\" content=\"Direc\u021bia Sanitar\u0103 Veterinar\u0103 \u0219i pentru Siguran\u021ba Alimentelor (DSVSA) Alba a emis o ordonan\u021b\u0103 de interzicere a activit\u0103\u021bii pentru un centru de prelucrare a\" \/>\n<meta name=\"robots\" content=\"index, follow, max-snippet:-1, max-image-preview:large, max-video-preview:-1\" \/>\n<link rel=\"canonical\" href=\"https:\/\/urbeamea.ro\/albaiulia\/ordonanta-de-interzicere-a-activitatii-pentru-un-centru-de-prelucrare-a-laptelui-integrat-in-cadrul-exploatatiei\/\" \/>\n<meta name=\"twitter:card\" content=\"summary_large_image\" \/>\n<meta name=\"twitter:title\" content=\"Ordonan\u021b\u0103 de interzicere a activit\u0103\u021bii pentru un centru de prelucrare a laptelui integrat \u00een cadrul exploata\u021biei - Revista Urbea Mea - Revista de Alba\" \/>\n<meta name=\"twitter:description\" content=\"Direc\u021bia Sanitar\u0103 Veterinar\u0103 \u0219i pentru Siguran\u021ba Alimentelor (DSVSA) Alba a emis o ordonan\u021b\u0103 de interzicere a activit\u0103\u021bii pentru un centru de prelucrare a\" \/>\n<meta name=\"twitter:image\" content=\"https:\/\/urbeamea.ro\/albaiulia\/wp-content\/uploads\/2022\/03\/Sediu-DSVSA-Alba.jpg\" \/>\n<meta name=\"twitter:creator\" content=\"@urbeameaweb\" \/>\n<meta name=\"twitter:site\" content=\"@urbeameaweb\" \/>\n<script type=\"application\/ld+json\" class=\"yoast-schema-graph\">{\"@context\":\"https:\\\/\\\/schema.org\",\"@graph\":[{\"@type\":\"Article\",\"@id\":\"https:\\\/\\\/urbeamea.ro\\\/albaiulia\\\/ordonanta-de-interzicere-a-activitatii-pentru-un-centru-de-prelucrare-a-laptelui-integrat-in-cadrul-exploatatiei\\\/#article\",\"isPartOf\":{\"@id\":\"https:\\\/\\\/urbeamea.ro\\\/albaiulia\\\/ordonanta-de-interzicere-a-activitatii-pentru-un-centru-de-prelucrare-a-laptelui-integrat-in-cadrul-exploatatiei\\\/\"},\"author\":{\"name\":\"Redac\u021bia UrbeaMea\",\"@id\":\"https:\\\/\\\/urbeamea.ro\\\/albaiulia\\\/#\\\/schema\\\/person\\\/272ae98052f8ee8980f59848df070247\"},\"headline\":\"Ordonan\u021b\u0103 de interzicere a activit\u0103\u021bii pentru un centru de prelucrare a laptelui integrat \u00een cadrul exploata\u021biei\",\"datePublished\":\"2024-07-15T08:10:53+00:00\",\"dateModified\":\"2024-07-15T08:10:54+00:00\",\"mainEntityOfPage\":{\"@id\":\"https:\\\/\\\/urbeamea.ro\\\/albaiulia\\\/ordonanta-de-interzicere-a-activitatii-pentru-un-centru-de-prelucrare-a-laptelui-integrat-in-cadrul-exploatatiei\\\/\"},\"wordCount\":406,\"commentCount\":0,\"image\":{\"@id\":\"https:\\\/\\\/urbeamea.ro\\\/albaiulia\\\/ordonanta-de-interzicere-a-activitatii-pentru-un-centru-de-prelucrare-a-laptelui-integrat-in-cadrul-exploatatiei\\\/#primaryimage\"},\"thumbnailUrl\":\"https:\\\/\\\/urbeamea.ro\\\/albaiulia\\\/wp-content\\\/uploads\\\/2022\\\/03\\\/Sediu-DSVSA-Alba.jpg\",\"keywords\":[\"dsvsa alba\"],\"articleSection\":[\"\u015etiri Urbane\"],\"inLanguage\":\"ro-RO\",\"potentialAction\":[{\"@type\":\"CommentAction\",\"name\":\"Comment\",\"target\":[\"https:\\\/\\\/urbeamea.ro\\\/albaiulia\\\/ordonanta-de-interzicere-a-activitatii-pentru-un-centru-de-prelucrare-a-laptelui-integrat-in-cadrul-exploatatiei\\\/#respond\"]}]},{\"@type\":\"WebPage\",\"@id\":\"https:\\\/\\\/urbeamea.ro\\\/albaiulia\\\/ordonanta-de-interzicere-a-activitatii-pentru-un-centru-de-prelucrare-a-laptelui-integrat-in-cadrul-exploatatiei\\\/\",\"url\":\"https:\\\/\\\/urbeamea.ro\\\/albaiulia\\\/ordonanta-de-interzicere-a-activitatii-pentru-un-centru-de-prelucrare-a-laptelui-integrat-in-cadrul-exploatatiei\\\/\",\"name\":\"Ordonan\u021b\u0103 de interzicere a activit\u0103\u021bii pentru un centru de prelucrare a laptelui integrat \u00een cadrul exploata\u021biei - Revista Urbea Mea - Revista de Alba\",\"isPartOf\":{\"@id\":\"https:\\\/\\\/urbeamea.ro\\\/albaiulia\\\/#website\"},\"primaryImageOfPage\":{\"@id\":\"https:\\\/\\\/urbeamea.ro\\\/albaiulia\\\/ordonanta-de-interzicere-a-activitatii-pentru-un-centru-de-prelucrare-a-laptelui-integrat-in-cadrul-exploatatiei\\\/#primaryimage\"},\"image\":{\"@id\":\"https:\\\/\\\/urbeamea.ro\\\/albaiulia\\\/ordonanta-de-interzicere-a-activitatii-pentru-un-centru-de-prelucrare-a-laptelui-integrat-in-cadrul-exploatatiei\\\/#primaryimage\"},\"thumbnailUrl\":\"https:\\\/\\\/urbeamea.ro\\\/albaiulia\\\/wp-content\\\/uploads\\\/2022\\\/03\\\/Sediu-DSVSA-Alba.jpg\",\"datePublished\":\"2024-07-15T08:10:53+00:00\",\"dateModified\":\"2024-07-15T08:10:54+00:00\",\"author\":{\"@id\":\"https:\\\/\\\/urbeamea.ro\\\/albaiulia\\\/#\\\/schema\\\/person\\\/272ae98052f8ee8980f59848df070247\"},\"description\":\"Direc\u021bia Sanitar\u0103 Veterinar\u0103 \u0219i pentru Siguran\u021ba Alimentelor (DSVSA) Alba a emis o ordonan\u021b\u0103 de interzicere a activit\u0103\u021bii pentru un centru de prelucrare a\",\"breadcrumb\":{\"@id\":\"https:\\\/\\\/urbeamea.ro\\\/albaiulia\\\/ordonanta-de-interzicere-a-activitatii-pentru-un-centru-de-prelucrare-a-laptelui-integrat-in-cadrul-exploatatiei\\\/#breadcrumb\"},\"inLanguage\":\"ro-RO\",\"potentialAction\":[{\"@type\":\"ReadAction\",\"target\":[\"https:\\\/\\\/urbeamea.ro\\\/albaiulia\\\/ordonanta-de-interzicere-a-activitatii-pentru-un-centru-de-prelucrare-a-laptelui-integrat-in-cadrul-exploatatiei\\\/\"]}]},{\"@type\":\"ImageObject\",\"inLanguage\":\"ro-RO\",\"@id\":\"https:\\\/\\\/urbeamea.ro\\\/albaiulia\\\/ordonanta-de-interzicere-a-activitatii-pentru-un-centru-de-prelucrare-a-laptelui-integrat-in-cadrul-exploatatiei\\\/#primaryimage\",\"url\":\"https:\\\/\\\/urbeamea.ro\\\/albaiulia\\\/wp-content\\\/uploads\\\/2022\\\/03\\\/Sediu-DSVSA-Alba.jpg\",\"contentUrl\":\"https:\\\/\\\/urbeamea.ro\\\/albaiulia\\\/wp-content\\\/uploads\\\/2022\\\/03\\\/Sediu-DSVSA-Alba.jpg\",\"width\":1200,\"height\":800},{\"@type\":\"BreadcrumbList\",\"@id\":\"https:\\\/\\\/urbeamea.ro\\\/albaiulia\\\/ordonanta-de-interzicere-a-activitatii-pentru-un-centru-de-prelucrare-a-laptelui-integrat-in-cadrul-exploatatiei\\\/#breadcrumb\",\"itemListElement\":[{\"@type\":\"ListItem\",\"position\":1,\"name\":\"Prima pagin\u0103\",\"item\":\"https:\\\/\\\/urbeamea.ro\\\/albaiulia\\\/\"},{\"@type\":\"ListItem\",\"position\":2,\"name\":\"Ordonan\u021b\u0103 de interzicere a activit\u0103\u021bii pentru un centru de prelucrare a laptelui integrat \u00een cadrul exploata\u021biei\"}]},{\"@type\":\"WebSite\",\"@id\":\"https:\\\/\\\/urbeamea.ro\\\/albaiulia\\\/#website\",\"url\":\"https:\\\/\\\/urbeamea.ro\\\/albaiulia\\\/\",\"name\":\"Revista Urbea Mea, Stiri urbane\",\"description\":\"Evenimente \u0219i \u0219tiri din Alba Iulia, Sebe\u0219, Aiud, Blaj\",\"potentialAction\":[{\"@type\":\"SearchAction\",\"target\":{\"@type\":\"EntryPoint\",\"urlTemplate\":\"https:\\\/\\\/urbeamea.ro\\\/albaiulia\\\/?s={search_term_string}\"},\"query-input\":{\"@type\":\"PropertyValueSpecification\",\"valueRequired\":true,\"valueName\":\"search_term_string\"}}],\"inLanguage\":\"ro-RO\"},{\"@type\":\"Person\",\"@id\":\"https:\\\/\\\/urbeamea.ro\\\/albaiulia\\\/#\\\/schema\\\/person\\\/272ae98052f8ee8980f59848df070247\",\"name\":\"Redac\u021bia UrbeaMea\",\"image\":{\"@type\":\"ImageObject\",\"inLanguage\":\"ro-RO\",\"@id\":\"https:\\\/\\\/secure.gravatar.com\\\/avatar\\\/9ce5a9435071fa1037e8468053ead8e513dbbff59009d3069aadb85506d85a27?s=96&d=mm&r=g\",\"url\":\"https:\\\/\\\/secure.gravatar.com\\\/avatar\\\/9ce5a9435071fa1037e8468053ead8e513dbbff59009d3069aadb85506d85a27?s=96&d=mm&r=g\",\"contentUrl\":\"https:\\\/\\\/secure.gravatar.com\\\/avatar\\\/9ce5a9435071fa1037e8468053ead8e513dbbff59009d3069aadb85506d85a27?s=96&d=mm&r=g\",\"caption\":\"Redac\u021bia UrbeaMea\"},\"description\":\"contact@urbeamea.ro\",\"sameAs\":[\"https:\\\/\\\/www.urbeamea.ro\"],\"url\":\"https:\\\/\\\/urbeamea.ro\\\/albaiulia\\\/author\\\/redactia-urbeamea\\\/\"}]}<\/script>\n<!-- \/ Yoast SEO plugin. -->","yoast_head_json":{"title":"Ordonan\u021b\u0103 de interzicere a activit\u0103\u021bii pentru un centru de prelucrare a laptelui integrat \u00een cadrul exploata\u021biei - Revista Urbea Mea - Revista de Alba","description":"Direc\u021bia Sanitar\u0103 Veterinar\u0103 \u0219i pentru Siguran\u021ba Alimentelor (DSVSA) Alba a emis o ordonan\u021b\u0103 de interzicere a activit\u0103\u021bii pentru un centru de prelucrare a","robots":{"index":"index","follow":"follow","max-snippet":"max-snippet:-1","max-image-preview":"max-image-preview:large","max-video-preview":"max-video-preview:-1"},"canonical":"https:\/\/urbeamea.ro\/albaiulia\/ordonanta-de-interzicere-a-activitatii-pentru-un-centru-de-prelucrare-a-laptelui-integrat-in-cadrul-exploatatiei\/","twitter_card":"summary_large_image","twitter_title":"Ordonan\u021b\u0103 de interzicere a activit\u0103\u021bii pentru un centru de prelucrare a laptelui integrat \u00een cadrul exploata\u021biei - Revista Urbea Mea - Revista de Alba","twitter_description":"Direc\u021bia Sanitar\u0103 Veterinar\u0103 \u0219i pentru Siguran\u021ba Alimentelor (DSVSA) Alba a emis o ordonan\u021b\u0103 de interzicere a activit\u0103\u021bii pentru un centru de prelucrare a","twitter_image":"https:\/\/urbeamea.ro\/albaiulia\/wp-content\/uploads\/2022\/03\/Sediu-DSVSA-Alba.jpg","twitter_creator":"@urbeameaweb","twitter_site":"@urbeameaweb","schema":{"@context":"https:\/\/schema.org","@graph":[{"@type":"Article","@id":"https:\/\/urbeamea.ro\/albaiulia\/ordonanta-de-interzicere-a-activitatii-pentru-un-centru-de-prelucrare-a-laptelui-integrat-in-cadrul-exploatatiei\/#article","isPartOf":{"@id":"https:\/\/urbeamea.ro\/albaiulia\/ordonanta-de-interzicere-a-activitatii-pentru-un-centru-de-prelucrare-a-laptelui-integrat-in-cadrul-exploatatiei\/"},"author":{"name":"Redac\u021bia UrbeaMea","@id":"https:\/\/urbeamea.ro\/albaiulia\/#\/schema\/person\/272ae98052f8ee8980f59848df070247"},"headline":"Ordonan\u021b\u0103 de interzicere a activit\u0103\u021bii pentru un centru de prelucrare a laptelui integrat \u00een cadrul exploata\u021biei","datePublished":"2024-07-15T08:10:53+00:00","dateModified":"2024-07-15T08:10:54+00:00","mainEntityOfPage":{"@id":"https:\/\/urbeamea.ro\/albaiulia\/ordonanta-de-interzicere-a-activitatii-pentru-un-centru-de-prelucrare-a-laptelui-integrat-in-cadrul-exploatatiei\/"},"wordCount":406,"commentCount":0,"image":{"@id":"https:\/\/urbeamea.ro\/albaiulia\/ordonanta-de-interzicere-a-activitatii-pentru-un-centru-de-prelucrare-a-laptelui-integrat-in-cadrul-exploatatiei\/#primaryimage"},"thumbnailUrl":"https:\/\/urbeamea.ro\/albaiulia\/wp-content\/uploads\/2022\/03\/Sediu-DSVSA-Alba.jpg","keywords":["dsvsa alba"],"articleSection":["\u015etiri Urbane"],"inLanguage":"ro-RO","potentialAction":[{"@type":"CommentAction","name":"Comment","target":["https:\/\/urbeamea.ro\/albaiulia\/ordonanta-de-interzicere-a-activitatii-pentru-un-centru-de-prelucrare-a-laptelui-integrat-in-cadrul-exploatatiei\/#respond"]}]},{"@type":"WebPage","@id":"https:\/\/urbeamea.ro\/albaiulia\/ordonanta-de-interzicere-a-activitatii-pentru-un-centru-de-prelucrare-a-laptelui-integrat-in-cadrul-exploatatiei\/","url":"https:\/\/urbeamea.ro\/albaiulia\/ordonanta-de-interzicere-a-activitatii-pentru-un-centru-de-prelucrare-a-laptelui-integrat-in-cadrul-exploatatiei\/","name":"Ordonan\u021b\u0103 de interzicere a activit\u0103\u021bii pentru un centru de prelucrare a laptelui integrat \u00een cadrul exploata\u021biei - Revista Urbea Mea - Revista de Alba","isPartOf":{"@id":"https:\/\/urbeamea.ro\/albaiulia\/#website"},"primaryImageOfPage":{"@id":"https:\/\/urbeamea.ro\/albaiulia\/ordonanta-de-interzicere-a-activitatii-pentru-un-centru-de-prelucrare-a-laptelui-integrat-in-cadrul-exploatatiei\/#primaryimage"},"image":{"@id":"https:\/\/urbeamea.ro\/albaiulia\/ordonanta-de-interzicere-a-activitatii-pentru-un-centru-de-prelucrare-a-laptelui-integrat-in-cadrul-exploatatiei\/#primaryimage"},"thumbnailUrl":"https:\/\/urbeamea.ro\/albaiulia\/wp-content\/uploads\/2022\/03\/Sediu-DSVSA-Alba.jpg","datePublished":"2024-07-15T08:10:53+00:00","dateModified":"2024-07-15T08:10:54+00:00","author":{"@id":"https:\/\/urbeamea.ro\/albaiulia\/#\/schema\/person\/272ae98052f8ee8980f59848df070247"},"description":"Direc\u021bia Sanitar\u0103 Veterinar\u0103 \u0219i pentru Siguran\u021ba Alimentelor (DSVSA) Alba a emis o ordonan\u021b\u0103 de interzicere a activit\u0103\u021bii pentru un centru de prelucrare a","breadcrumb":{"@id":"https:\/\/urbeamea.ro\/albaiulia\/ordonanta-de-interzicere-a-activitatii-pentru-un-centru-de-prelucrare-a-laptelui-integrat-in-cadrul-exploatatiei\/#breadcrumb"},"inLanguage":"ro-RO","potentialAction":[{"@type":"ReadAction","target":["https:\/\/urbeamea.ro\/albaiulia\/ordonanta-de-interzicere-a-activitatii-pentru-un-centru-de-prelucrare-a-laptelui-integrat-in-cadrul-exploatatiei\/"]}]},{"@type":"ImageObject","inLanguage":"ro-RO","@id":"https:\/\/urbeamea.ro\/albaiulia\/ordonanta-de-interzicere-a-activitatii-pentru-un-centru-de-prelucrare-a-laptelui-integrat-in-cadrul-exploatatiei\/#primaryimage","url":"https:\/\/urbeamea.ro\/albaiulia\/wp-content\/uploads\/2022\/03\/Sediu-DSVSA-Alba.jpg","contentUrl":"https:\/\/urbeamea.ro\/albaiulia\/wp-content\/uploads\/2022\/03\/Sediu-DSVSA-Alba.jpg","width":1200,"height":800},{"@type":"BreadcrumbList","@id":"https:\/\/urbeamea.ro\/albaiulia\/ordonanta-de-interzicere-a-activitatii-pentru-un-centru-de-prelucrare-a-laptelui-integrat-in-cadrul-exploatatiei\/#breadcrumb","itemListElement":[{"@type":"ListItem","position":1,"name":"Prima pagin\u0103","item":"https:\/\/urbeamea.ro\/albaiulia\/"},{"@type":"ListItem","position":2,"name":"Ordonan\u021b\u0103 de interzicere a activit\u0103\u021bii pentru un centru de prelucrare a laptelui integrat \u00een cadrul exploata\u021biei"}]},{"@type":"WebSite","@id":"https:\/\/urbeamea.ro\/albaiulia\/#website","url":"https:\/\/urbeamea.ro\/albaiulia\/","name":"Revista Urbea Mea, Stiri urbane","description":"Evenimente \u0219i \u0219tiri din Alba Iulia, Sebe\u0219, Aiud, Blaj","potentialAction":[{"@type":"SearchAction","target":{"@type":"EntryPoint","urlTemplate":"https:\/\/urbeamea.ro\/albaiulia\/?s={search_term_string}"},"query-input":{"@type":"PropertyValueSpecification","valueRequired":true,"valueName":"search_term_string"}}],"inLanguage":"ro-RO"},{"@type":"Person","@id":"https:\/\/urbeamea.ro\/albaiulia\/#\/schema\/person\/272ae98052f8ee8980f59848df070247","name":"Redac\u021bia UrbeaMea","image":{"@type":"ImageObject","inLanguage":"ro-RO","@id":"https:\/\/secure.gravatar.com\/avatar\/9ce5a9435071fa1037e8468053ead8e513dbbff59009d3069aadb85506d85a27?s=96&d=mm&r=g","url":"https:\/\/secure.gravatar.com\/avatar\/9ce5a9435071fa1037e8468053ead8e513dbbff59009d3069aadb85506d85a27?s=96&d=mm&r=g","contentUrl":"https:\/\/secure.gravatar.com\/avatar\/9ce5a9435071fa1037e8468053ead8e513dbbff59009d3069aadb85506d85a27?s=96&d=mm&r=g","caption":"Redac\u021bia UrbeaMea"},"description":"contact@urbeamea.ro","sameAs":["https:\/\/www.urbeamea.ro"],"url":"https:\/\/urbeamea.ro\/albaiulia\/author\/redactia-urbeamea\/"}]}},"_links":{"self":[{"href":"https:\/\/urbeamea.ro\/albaiulia\/wp-json\/wp\/v2\/posts\/112649","targetHints":{"allow":["GET"]}}],"collection":[{"href":"https:\/\/urbeamea.ro\/albaiulia\/wp-json\/wp\/v2\/posts"}],"about":[{"href":"https:\/\/urbeamea.ro\/albaiulia\/wp-json\/wp\/v2\/types\/post"}],"author":[{"embeddable":true,"href":"https:\/\/urbeamea.ro\/albaiulia\/wp-json\/wp\/v2\/users\/16"}],"replies":[{"embeddable":true,"href":"https:\/\/urbeamea.ro\/albaiulia\/wp-json\/wp\/v2\/comments?post=112649"}],"version-history":[{"count":1,"href":"https:\/\/urbeamea.ro\/albaiulia\/wp-json\/wp\/v2\/posts\/112649\/revisions"}],"predecessor-version":[{"id":112650,"href":"https:\/\/urbeamea.ro\/albaiulia\/wp-json\/wp\/v2\/posts\/112649\/revisions\/112650"}],"wp:featuredmedia":[{"embeddable":true,"href":"https:\/\/urbeamea.ro\/albaiulia\/wp-json\/wp\/v2\/media\/100587"}],"wp:attachment":[{"href":"https:\/\/urbeamea.ro\/albaiulia\/wp-json\/wp\/v2\/media?parent=112649"}],"wp:term":[{"taxonomy":"category","embeddable":true,"href":"https:\/\/urbeamea.ro\/albaiulia\/wp-json\/wp\/v2\/categories?post=112649"},{"taxonomy":"post_tag","embeddable":true,"href":"https:\/\/urbeamea.ro\/albaiulia\/wp-json\/wp\/v2\/tags?post=112649"}],"curies":[{"name":"wp","href":"https:\/\/api.w.org\/{rel}","templated":true}]}}