{"id":112651,"date":"2024-07-15T11:13:11","date_gmt":"2024-07-15T08:13:11","guid":{"rendered":"https:\/\/urbeamea.ro\/albaiulia\/?p=112651"},"modified":"2024-07-15T11:13:12","modified_gmt":"2024-07-15T08:13:12","slug":"exponatul-lunii-iulie-la-muzeul-municipal-ioan-raica-sebes-turnul-cizmarilor-ulei-pe-panza-de-hermann-meuselbach-1858-1924","status":"publish","type":"post","link":"https:\/\/urbeamea.ro\/albaiulia\/exponatul-lunii-iulie-la-muzeul-municipal-ioan-raica-sebes-turnul-cizmarilor-ulei-pe-panza-de-hermann-meuselbach-1858-1924\/","title":{"rendered":"Exponatul lunii iulie la Muzeul Municipal \u201eIoan Raica&#8221; Sebe\u015f: \u201eTurnul Cizmarilor&#8221;, ulei pe p\u00e2nz\u0103, de Hermann Meuselbach (1858-1924)"},"content":{"rendered":"\n<p>Exponatul lunii iulie 2024 la Muzeul Municipal \u201eIoan Raica&#8221; Sebe\u015f este lucrarea \u201eTurnul Cizmarilor&#8221;, realizat\u0103 de pictorul Hermann Meuselbach, la sf\u00e2r\u0219itul secolului al XIX-lea. Tabloul, intrat \u00een patrimoniul muzeului din Sebe\u0219 \u00een anul 2001, are urm\u0103toarele date tehnice: ulei pe p\u00e2nz\u0103; dimensiuni: 71 x 28 cm; nesemnat; nedatat.<\/p>\n\n\n\n<p>Lucrarea este o panoram\u0103 a zonei de nord-vest a fortifica\u021biei ora\u0219ului Sebe\u015f, pe care autorul a surprins-o din Turnul Semicircular, situat \u00een apropiere. \u00cen centrul compozi\u021biei se afl\u0103 Turnul Cizmarilor, precum \u015fi o por\u021biune de curtin\u0103. Turnul, dispus la exteriorul incintei, dateaz\u0103 din prima faz\u0103 de construc\u021bie a fortifica\u021biei ora\u0219ului Sebe\u0219, adic\u0103 din secolele XIV-XV, fiind atestat documentar abia \u00een anul 1513, c\u00e2nd a fost dat spre ap\u0103rare breslei cizmarilor. Este un turn de flancare, de plan patrulater, cu ferestre de tragere dreptunghiulare, dispuse pe trei niveluri, \u0219i \u00eencununat de un acoperi\u0219 de \u021bigle, \u00een patru ape.<\/p>\n\n\n\n<p>\u00cen plan secund au fost redate mai multe case din cartierul Durlacherilor (str\u0103zile Progresului, Doroban\u021bi \u0219i Avram Iancu), constituit \u00een secolul al XVIII-lea, iar \u00een fundal dealurile \u00eenvecinate \u015fi R\u00e2pa Ro\u0219ie. Peisajul a fost realizat c\u00e2ndva dup\u0103 1894, dup\u0103 cum o dovede\u0219te bre\u0219a din zidul cet\u0103\u021bii, care a fost executat\u0103 \u00een acel an, pentru a lega Mariengasse (actuala str. Cet\u0103\u021bii), din interiorul incintei, de M\u00fchlgasse (str. Decebal), situat\u0103 \u00een afara acesteia.<\/p>\n\n\n\n<p>At\u00e2t maniera de lucru, c\u00e2t \u015fi cromatica acestei lucr\u0103ri sunt caracteristice perioadei de \u00eenceput a activit\u0103\u021bii pictorului. La fel ca \u0219i \u00een alte picturi de-ale sale, dat\u00e2nd de la sf\u00e2r\u0219itul secolului al XIX-lea, autorul a acordat o aten\u021bie sporit\u0103 cl\u0103dirilor reprezentate, pe care le-a redat detaliat, \u00een timp ce vegeta\u021bia a fost tratat\u0103 mai schematic.<\/p>\n\n\n\n<p>Hermann Meuselbach a fost un pictor peisagist care a activat \u00een Transilvania la sf\u00e2r\u0219itul secolului al XIX-lea \u015fi \u00een primele dou\u0103 decenii ale celui urm\u0103tor, fiind cunoscut contemporanilor s\u0103i, \u00een special \u00een zona Sebe\u0219ului, unde a tr\u0103it aproape \u00eentreaga via\u021b\u0103. S-a n\u0103scut \u00een 28 ianuarie 1858, \u00een Germania, la Eischleben \u015fi a studiat artele frumoase la \u0218coala Saxon\u0103 de Art\u0103 din Weimar. \u00cen 1881 a emigrat \u00een Transilvania, devenind profesor de desen la Gimnaziul Evanghelic din Sebe\u015f, unde a activat p\u00e2n\u0103 \u00een 1911, c\u00e2nd s-a pensionat. \u00cen timpul liber se dedica picturii, imortaliz\u00e2nd numeroase peisaje at\u00e2t din localitatea adoptiv\u0103, c\u00e2t \u015fi din \u00eemprejurimile acesteia. A \u00eencetat din via\u021b\u0103 la 12 noiembrie 1924, \u00een ora\u0219ul Sebe\u015f.<\/p>\n","protected":false},"excerpt":{"rendered":"<p>Exponatul lunii iulie 2024 la Muzeul Municipal \u201eIoan Raica&#8221; Sebe\u015f este lucrarea \u201eTurnul Cizmarilor&#8221;, realizat\u0103 de pictorul Hermann Meuselbach, la sf\u00e2r\u0219itul secolului al XIX-lea. Tabloul, intrat \u00een patrimoniul muzeului din Sebe\u0219 \u00een anul 2001, are urm\u0103toarele date tehnice: ulei pe p\u00e2nz\u0103; dimensiuni: 71 x 28 cm; nesemnat; nedatat. Lucrarea este o panoram\u0103 a zonei de &hellip;<\/p>\n","protected":false},"author":16,"featured_media":112652,"comment_status":"open","ping_status":"open","sticky":false,"template":"","format":"standard","meta":{"inline_featured_image":false,"footnotes":""},"categories":[4],"tags":[],"class_list":["post-112651","post","type-post","status-publish","format-standard","has-post-thumbnail","hentry","category-eveniment"],"yoast_head":"<!-- This site is optimized with the Yoast SEO plugin v27.4 - https:\/\/yoast.com\/product\/yoast-seo-wordpress\/ -->\n<title>Exponatul lunii iulie la Muzeul Municipal \u201eIoan Raica&quot; Sebe\u015f: \u201eTurnul Cizmarilor&quot;, ulei pe p\u00e2nz\u0103, de Hermann Meuselbach (1858-1924) - Revista Urbea Mea - Revista de Alba<\/title>\n<meta name=\"description\" content=\"Exponatul lunii iulie 2024 la Muzeul Municipal \u201eIoan Raica&quot; Sebe\u015f este lucrarea \u201eTurnul Cizmarilor&quot;, realizat\u0103 de pictorul Hermann Meuselbach, la\" \/>\n<meta name=\"robots\" content=\"index, follow, max-snippet:-1, max-image-preview:large, max-video-preview:-1\" \/>\n<link rel=\"canonical\" href=\"https:\/\/urbeamea.ro\/albaiulia\/exponatul-lunii-iulie-la-muzeul-municipal-ioan-raica-sebes-turnul-cizmarilor-ulei-pe-panza-de-hermann-meuselbach-1858-1924\/\" \/>\n<meta name=\"twitter:card\" content=\"summary_large_image\" \/>\n<meta name=\"twitter:title\" content=\"Exponatul lunii iulie la Muzeul Municipal \u201eIoan Raica&quot; Sebe\u015f: \u201eTurnul Cizmarilor&quot;, ulei pe p\u00e2nz\u0103, de Hermann Meuselbach (1858-1924) - Revista Urbea Mea - Revista de Alba\" \/>\n<meta name=\"twitter:description\" content=\"Exponatul lunii iulie 2024 la Muzeul Municipal \u201eIoan Raica&quot; Sebe\u015f este lucrarea \u201eTurnul Cizmarilor&quot;, realizat\u0103 de pictorul Hermann Meuselbach, la\" \/>\n<meta name=\"twitter:image\" content=\"https:\/\/urbeamea.ro\/albaiulia\/wp-content\/uploads\/2024\/07\/turnul-cizmarilor.jpg\" \/>\n<meta name=\"twitter:creator\" content=\"@urbeameaweb\" \/>\n<meta name=\"twitter:site\" content=\"@urbeameaweb\" \/>\n<script type=\"application\/ld+json\" class=\"yoast-schema-graph\">{\"@context\":\"https:\\\/\\\/schema.org\",\"@graph\":[{\"@type\":\"Article\",\"@id\":\"https:\\\/\\\/urbeamea.ro\\\/albaiulia\\\/exponatul-lunii-iulie-la-muzeul-municipal-ioan-raica-sebes-turnul-cizmarilor-ulei-pe-panza-de-hermann-meuselbach-1858-1924\\\/#article\",\"isPartOf\":{\"@id\":\"https:\\\/\\\/urbeamea.ro\\\/albaiulia\\\/exponatul-lunii-iulie-la-muzeul-municipal-ioan-raica-sebes-turnul-cizmarilor-ulei-pe-panza-de-hermann-meuselbach-1858-1924\\\/\"},\"author\":{\"name\":\"Redac\u021bia UrbeaMea\",\"@id\":\"https:\\\/\\\/urbeamea.ro\\\/albaiulia\\\/#\\\/schema\\\/person\\\/272ae98052f8ee8980f59848df070247\"},\"headline\":\"Exponatul lunii iulie la Muzeul Municipal \u201eIoan Raica&#8221; Sebe\u015f: \u201eTurnul Cizmarilor&#8221;, ulei pe p\u00e2nz\u0103, de Hermann Meuselbach (1858-1924)\",\"datePublished\":\"2024-07-15T08:13:11+00:00\",\"dateModified\":\"2024-07-15T08:13:12+00:00\",\"mainEntityOfPage\":{\"@id\":\"https:\\\/\\\/urbeamea.ro\\\/albaiulia\\\/exponatul-lunii-iulie-la-muzeul-municipal-ioan-raica-sebes-turnul-cizmarilor-ulei-pe-panza-de-hermann-meuselbach-1858-1924\\\/\"},\"wordCount\":439,\"commentCount\":0,\"image\":{\"@id\":\"https:\\\/\\\/urbeamea.ro\\\/albaiulia\\\/exponatul-lunii-iulie-la-muzeul-municipal-ioan-raica-sebes-turnul-cizmarilor-ulei-pe-panza-de-hermann-meuselbach-1858-1924\\\/#primaryimage\"},\"thumbnailUrl\":\"https:\\\/\\\/urbeamea.ro\\\/albaiulia\\\/wp-content\\\/uploads\\\/2024\\\/07\\\/turnul-cizmarilor.jpg\",\"articleSection\":[\"Evenimente\"],\"inLanguage\":\"ro-RO\",\"potentialAction\":[{\"@type\":\"CommentAction\",\"name\":\"Comment\",\"target\":[\"https:\\\/\\\/urbeamea.ro\\\/albaiulia\\\/exponatul-lunii-iulie-la-muzeul-municipal-ioan-raica-sebes-turnul-cizmarilor-ulei-pe-panza-de-hermann-meuselbach-1858-1924\\\/#respond\"]}]},{\"@type\":\"WebPage\",\"@id\":\"https:\\\/\\\/urbeamea.ro\\\/albaiulia\\\/exponatul-lunii-iulie-la-muzeul-municipal-ioan-raica-sebes-turnul-cizmarilor-ulei-pe-panza-de-hermann-meuselbach-1858-1924\\\/\",\"url\":\"https:\\\/\\\/urbeamea.ro\\\/albaiulia\\\/exponatul-lunii-iulie-la-muzeul-municipal-ioan-raica-sebes-turnul-cizmarilor-ulei-pe-panza-de-hermann-meuselbach-1858-1924\\\/\",\"name\":\"Exponatul lunii iulie la Muzeul Municipal \u201eIoan Raica\\\" Sebe\u015f: \u201eTurnul Cizmarilor\\\", ulei pe p\u00e2nz\u0103, de Hermann Meuselbach (1858-1924) - Revista Urbea Mea - Revista de Alba\",\"isPartOf\":{\"@id\":\"https:\\\/\\\/urbeamea.ro\\\/albaiulia\\\/#website\"},\"primaryImageOfPage\":{\"@id\":\"https:\\\/\\\/urbeamea.ro\\\/albaiulia\\\/exponatul-lunii-iulie-la-muzeul-municipal-ioan-raica-sebes-turnul-cizmarilor-ulei-pe-panza-de-hermann-meuselbach-1858-1924\\\/#primaryimage\"},\"image\":{\"@id\":\"https:\\\/\\\/urbeamea.ro\\\/albaiulia\\\/exponatul-lunii-iulie-la-muzeul-municipal-ioan-raica-sebes-turnul-cizmarilor-ulei-pe-panza-de-hermann-meuselbach-1858-1924\\\/#primaryimage\"},\"thumbnailUrl\":\"https:\\\/\\\/urbeamea.ro\\\/albaiulia\\\/wp-content\\\/uploads\\\/2024\\\/07\\\/turnul-cizmarilor.jpg\",\"datePublished\":\"2024-07-15T08:13:11+00:00\",\"dateModified\":\"2024-07-15T08:13:12+00:00\",\"author\":{\"@id\":\"https:\\\/\\\/urbeamea.ro\\\/albaiulia\\\/#\\\/schema\\\/person\\\/272ae98052f8ee8980f59848df070247\"},\"description\":\"Exponatul lunii iulie 2024 la Muzeul Municipal \u201eIoan Raica\\\" Sebe\u015f este lucrarea \u201eTurnul Cizmarilor\\\", realizat\u0103 de pictorul Hermann Meuselbach, la\",\"breadcrumb\":{\"@id\":\"https:\\\/\\\/urbeamea.ro\\\/albaiulia\\\/exponatul-lunii-iulie-la-muzeul-municipal-ioan-raica-sebes-turnul-cizmarilor-ulei-pe-panza-de-hermann-meuselbach-1858-1924\\\/#breadcrumb\"},\"inLanguage\":\"ro-RO\",\"potentialAction\":[{\"@type\":\"ReadAction\",\"target\":[\"https:\\\/\\\/urbeamea.ro\\\/albaiulia\\\/exponatul-lunii-iulie-la-muzeul-municipal-ioan-raica-sebes-turnul-cizmarilor-ulei-pe-panza-de-hermann-meuselbach-1858-1924\\\/\"]}]},{\"@type\":\"ImageObject\",\"inLanguage\":\"ro-RO\",\"@id\":\"https:\\\/\\\/urbeamea.ro\\\/albaiulia\\\/exponatul-lunii-iulie-la-muzeul-municipal-ioan-raica-sebes-turnul-cizmarilor-ulei-pe-panza-de-hermann-meuselbach-1858-1924\\\/#primaryimage\",\"url\":\"https:\\\/\\\/urbeamea.ro\\\/albaiulia\\\/wp-content\\\/uploads\\\/2024\\\/07\\\/turnul-cizmarilor.jpg\",\"contentUrl\":\"https:\\\/\\\/urbeamea.ro\\\/albaiulia\\\/wp-content\\\/uploads\\\/2024\\\/07\\\/turnul-cizmarilor.jpg\",\"width\":1600,\"height\":652},{\"@type\":\"BreadcrumbList\",\"@id\":\"https:\\\/\\\/urbeamea.ro\\\/albaiulia\\\/exponatul-lunii-iulie-la-muzeul-municipal-ioan-raica-sebes-turnul-cizmarilor-ulei-pe-panza-de-hermann-meuselbach-1858-1924\\\/#breadcrumb\",\"itemListElement\":[{\"@type\":\"ListItem\",\"position\":1,\"name\":\"Prima pagin\u0103\",\"item\":\"https:\\\/\\\/urbeamea.ro\\\/albaiulia\\\/\"},{\"@type\":\"ListItem\",\"position\":2,\"name\":\"Exponatul lunii iulie la Muzeul Municipal \u201eIoan Raica&#8221; Sebe\u015f: \u201eTurnul Cizmarilor&#8221;, ulei pe p\u00e2nz\u0103, de Hermann Meuselbach (1858-1924)\"}]},{\"@type\":\"WebSite\",\"@id\":\"https:\\\/\\\/urbeamea.ro\\\/albaiulia\\\/#website\",\"url\":\"https:\\\/\\\/urbeamea.ro\\\/albaiulia\\\/\",\"name\":\"Revista Urbea Mea, Stiri urbane\",\"description\":\"Evenimente \u0219i \u0219tiri din Alba Iulia, Sebe\u0219, Aiud, Blaj\",\"potentialAction\":[{\"@type\":\"SearchAction\",\"target\":{\"@type\":\"EntryPoint\",\"urlTemplate\":\"https:\\\/\\\/urbeamea.ro\\\/albaiulia\\\/?s={search_term_string}\"},\"query-input\":{\"@type\":\"PropertyValueSpecification\",\"valueRequired\":true,\"valueName\":\"search_term_string\"}}],\"inLanguage\":\"ro-RO\"},{\"@type\":\"Person\",\"@id\":\"https:\\\/\\\/urbeamea.ro\\\/albaiulia\\\/#\\\/schema\\\/person\\\/272ae98052f8ee8980f59848df070247\",\"name\":\"Redac\u021bia UrbeaMea\",\"image\":{\"@type\":\"ImageObject\",\"inLanguage\":\"ro-RO\",\"@id\":\"https:\\\/\\\/secure.gravatar.com\\\/avatar\\\/9ce5a9435071fa1037e8468053ead8e513dbbff59009d3069aadb85506d85a27?s=96&d=mm&r=g\",\"url\":\"https:\\\/\\\/secure.gravatar.com\\\/avatar\\\/9ce5a9435071fa1037e8468053ead8e513dbbff59009d3069aadb85506d85a27?s=96&d=mm&r=g\",\"contentUrl\":\"https:\\\/\\\/secure.gravatar.com\\\/avatar\\\/9ce5a9435071fa1037e8468053ead8e513dbbff59009d3069aadb85506d85a27?s=96&d=mm&r=g\",\"caption\":\"Redac\u021bia UrbeaMea\"},\"description\":\"contact@urbeamea.ro\",\"sameAs\":[\"https:\\\/\\\/www.urbeamea.ro\"],\"url\":\"https:\\\/\\\/urbeamea.ro\\\/albaiulia\\\/author\\\/redactia-urbeamea\\\/\"}]}<\/script>\n<!-- \/ Yoast SEO plugin. -->","yoast_head_json":{"title":"Exponatul lunii iulie la Muzeul Municipal \u201eIoan Raica\" Sebe\u015f: \u201eTurnul Cizmarilor\", ulei pe p\u00e2nz\u0103, de Hermann Meuselbach (1858-1924) - Revista Urbea Mea - Revista de Alba","description":"Exponatul lunii iulie 2024 la Muzeul Municipal \u201eIoan Raica\" Sebe\u015f este lucrarea \u201eTurnul Cizmarilor\", realizat\u0103 de pictorul Hermann Meuselbach, la","robots":{"index":"index","follow":"follow","max-snippet":"max-snippet:-1","max-image-preview":"max-image-preview:large","max-video-preview":"max-video-preview:-1"},"canonical":"https:\/\/urbeamea.ro\/albaiulia\/exponatul-lunii-iulie-la-muzeul-municipal-ioan-raica-sebes-turnul-cizmarilor-ulei-pe-panza-de-hermann-meuselbach-1858-1924\/","twitter_card":"summary_large_image","twitter_title":"Exponatul lunii iulie la Muzeul Municipal \u201eIoan Raica\" Sebe\u015f: \u201eTurnul Cizmarilor\", ulei pe p\u00e2nz\u0103, de Hermann Meuselbach (1858-1924) - Revista Urbea Mea - Revista de Alba","twitter_description":"Exponatul lunii iulie 2024 la Muzeul Municipal \u201eIoan Raica\" Sebe\u015f este lucrarea \u201eTurnul Cizmarilor\", realizat\u0103 de pictorul Hermann Meuselbach, la","twitter_image":"https:\/\/urbeamea.ro\/albaiulia\/wp-content\/uploads\/2024\/07\/turnul-cizmarilor.jpg","twitter_creator":"@urbeameaweb","twitter_site":"@urbeameaweb","schema":{"@context":"https:\/\/schema.org","@graph":[{"@type":"Article","@id":"https:\/\/urbeamea.ro\/albaiulia\/exponatul-lunii-iulie-la-muzeul-municipal-ioan-raica-sebes-turnul-cizmarilor-ulei-pe-panza-de-hermann-meuselbach-1858-1924\/#article","isPartOf":{"@id":"https:\/\/urbeamea.ro\/albaiulia\/exponatul-lunii-iulie-la-muzeul-municipal-ioan-raica-sebes-turnul-cizmarilor-ulei-pe-panza-de-hermann-meuselbach-1858-1924\/"},"author":{"name":"Redac\u021bia UrbeaMea","@id":"https:\/\/urbeamea.ro\/albaiulia\/#\/schema\/person\/272ae98052f8ee8980f59848df070247"},"headline":"Exponatul lunii iulie la Muzeul Municipal \u201eIoan Raica&#8221; Sebe\u015f: \u201eTurnul Cizmarilor&#8221;, ulei pe p\u00e2nz\u0103, de Hermann Meuselbach (1858-1924)","datePublished":"2024-07-15T08:13:11+00:00","dateModified":"2024-07-15T08:13:12+00:00","mainEntityOfPage":{"@id":"https:\/\/urbeamea.ro\/albaiulia\/exponatul-lunii-iulie-la-muzeul-municipal-ioan-raica-sebes-turnul-cizmarilor-ulei-pe-panza-de-hermann-meuselbach-1858-1924\/"},"wordCount":439,"commentCount":0,"image":{"@id":"https:\/\/urbeamea.ro\/albaiulia\/exponatul-lunii-iulie-la-muzeul-municipal-ioan-raica-sebes-turnul-cizmarilor-ulei-pe-panza-de-hermann-meuselbach-1858-1924\/#primaryimage"},"thumbnailUrl":"https:\/\/urbeamea.ro\/albaiulia\/wp-content\/uploads\/2024\/07\/turnul-cizmarilor.jpg","articleSection":["Evenimente"],"inLanguage":"ro-RO","potentialAction":[{"@type":"CommentAction","name":"Comment","target":["https:\/\/urbeamea.ro\/albaiulia\/exponatul-lunii-iulie-la-muzeul-municipal-ioan-raica-sebes-turnul-cizmarilor-ulei-pe-panza-de-hermann-meuselbach-1858-1924\/#respond"]}]},{"@type":"WebPage","@id":"https:\/\/urbeamea.ro\/albaiulia\/exponatul-lunii-iulie-la-muzeul-municipal-ioan-raica-sebes-turnul-cizmarilor-ulei-pe-panza-de-hermann-meuselbach-1858-1924\/","url":"https:\/\/urbeamea.ro\/albaiulia\/exponatul-lunii-iulie-la-muzeul-municipal-ioan-raica-sebes-turnul-cizmarilor-ulei-pe-panza-de-hermann-meuselbach-1858-1924\/","name":"Exponatul lunii iulie la Muzeul Municipal \u201eIoan Raica\" Sebe\u015f: \u201eTurnul Cizmarilor\", ulei pe p\u00e2nz\u0103, de Hermann Meuselbach (1858-1924) - Revista Urbea Mea - Revista de Alba","isPartOf":{"@id":"https:\/\/urbeamea.ro\/albaiulia\/#website"},"primaryImageOfPage":{"@id":"https:\/\/urbeamea.ro\/albaiulia\/exponatul-lunii-iulie-la-muzeul-municipal-ioan-raica-sebes-turnul-cizmarilor-ulei-pe-panza-de-hermann-meuselbach-1858-1924\/#primaryimage"},"image":{"@id":"https:\/\/urbeamea.ro\/albaiulia\/exponatul-lunii-iulie-la-muzeul-municipal-ioan-raica-sebes-turnul-cizmarilor-ulei-pe-panza-de-hermann-meuselbach-1858-1924\/#primaryimage"},"thumbnailUrl":"https:\/\/urbeamea.ro\/albaiulia\/wp-content\/uploads\/2024\/07\/turnul-cizmarilor.jpg","datePublished":"2024-07-15T08:13:11+00:00","dateModified":"2024-07-15T08:13:12+00:00","author":{"@id":"https:\/\/urbeamea.ro\/albaiulia\/#\/schema\/person\/272ae98052f8ee8980f59848df070247"},"description":"Exponatul lunii iulie 2024 la Muzeul Municipal \u201eIoan Raica\" Sebe\u015f este lucrarea \u201eTurnul Cizmarilor\", realizat\u0103 de pictorul Hermann Meuselbach, la","breadcrumb":{"@id":"https:\/\/urbeamea.ro\/albaiulia\/exponatul-lunii-iulie-la-muzeul-municipal-ioan-raica-sebes-turnul-cizmarilor-ulei-pe-panza-de-hermann-meuselbach-1858-1924\/#breadcrumb"},"inLanguage":"ro-RO","potentialAction":[{"@type":"ReadAction","target":["https:\/\/urbeamea.ro\/albaiulia\/exponatul-lunii-iulie-la-muzeul-municipal-ioan-raica-sebes-turnul-cizmarilor-ulei-pe-panza-de-hermann-meuselbach-1858-1924\/"]}]},{"@type":"ImageObject","inLanguage":"ro-RO","@id":"https:\/\/urbeamea.ro\/albaiulia\/exponatul-lunii-iulie-la-muzeul-municipal-ioan-raica-sebes-turnul-cizmarilor-ulei-pe-panza-de-hermann-meuselbach-1858-1924\/#primaryimage","url":"https:\/\/urbeamea.ro\/albaiulia\/wp-content\/uploads\/2024\/07\/turnul-cizmarilor.jpg","contentUrl":"https:\/\/urbeamea.ro\/albaiulia\/wp-content\/uploads\/2024\/07\/turnul-cizmarilor.jpg","width":1600,"height":652},{"@type":"BreadcrumbList","@id":"https:\/\/urbeamea.ro\/albaiulia\/exponatul-lunii-iulie-la-muzeul-municipal-ioan-raica-sebes-turnul-cizmarilor-ulei-pe-panza-de-hermann-meuselbach-1858-1924\/#breadcrumb","itemListElement":[{"@type":"ListItem","position":1,"name":"Prima pagin\u0103","item":"https:\/\/urbeamea.ro\/albaiulia\/"},{"@type":"ListItem","position":2,"name":"Exponatul lunii iulie la Muzeul Municipal \u201eIoan Raica&#8221; Sebe\u015f: \u201eTurnul Cizmarilor&#8221;, ulei pe p\u00e2nz\u0103, de Hermann Meuselbach (1858-1924)"}]},{"@type":"WebSite","@id":"https:\/\/urbeamea.ro\/albaiulia\/#website","url":"https:\/\/urbeamea.ro\/albaiulia\/","name":"Revista Urbea Mea, Stiri urbane","description":"Evenimente \u0219i \u0219tiri din Alba Iulia, Sebe\u0219, Aiud, Blaj","potentialAction":[{"@type":"SearchAction","target":{"@type":"EntryPoint","urlTemplate":"https:\/\/urbeamea.ro\/albaiulia\/?s={search_term_string}"},"query-input":{"@type":"PropertyValueSpecification","valueRequired":true,"valueName":"search_term_string"}}],"inLanguage":"ro-RO"},{"@type":"Person","@id":"https:\/\/urbeamea.ro\/albaiulia\/#\/schema\/person\/272ae98052f8ee8980f59848df070247","name":"Redac\u021bia UrbeaMea","image":{"@type":"ImageObject","inLanguage":"ro-RO","@id":"https:\/\/secure.gravatar.com\/avatar\/9ce5a9435071fa1037e8468053ead8e513dbbff59009d3069aadb85506d85a27?s=96&d=mm&r=g","url":"https:\/\/secure.gravatar.com\/avatar\/9ce5a9435071fa1037e8468053ead8e513dbbff59009d3069aadb85506d85a27?s=96&d=mm&r=g","contentUrl":"https:\/\/secure.gravatar.com\/avatar\/9ce5a9435071fa1037e8468053ead8e513dbbff59009d3069aadb85506d85a27?s=96&d=mm&r=g","caption":"Redac\u021bia UrbeaMea"},"description":"contact@urbeamea.ro","sameAs":["https:\/\/www.urbeamea.ro"],"url":"https:\/\/urbeamea.ro\/albaiulia\/author\/redactia-urbeamea\/"}]}},"_links":{"self":[{"href":"https:\/\/urbeamea.ro\/albaiulia\/wp-json\/wp\/v2\/posts\/112651","targetHints":{"allow":["GET"]}}],"collection":[{"href":"https:\/\/urbeamea.ro\/albaiulia\/wp-json\/wp\/v2\/posts"}],"about":[{"href":"https:\/\/urbeamea.ro\/albaiulia\/wp-json\/wp\/v2\/types\/post"}],"author":[{"embeddable":true,"href":"https:\/\/urbeamea.ro\/albaiulia\/wp-json\/wp\/v2\/users\/16"}],"replies":[{"embeddable":true,"href":"https:\/\/urbeamea.ro\/albaiulia\/wp-json\/wp\/v2\/comments?post=112651"}],"version-history":[{"count":1,"href":"https:\/\/urbeamea.ro\/albaiulia\/wp-json\/wp\/v2\/posts\/112651\/revisions"}],"predecessor-version":[{"id":112653,"href":"https:\/\/urbeamea.ro\/albaiulia\/wp-json\/wp\/v2\/posts\/112651\/revisions\/112653"}],"wp:featuredmedia":[{"embeddable":true,"href":"https:\/\/urbeamea.ro\/albaiulia\/wp-json\/wp\/v2\/media\/112652"}],"wp:attachment":[{"href":"https:\/\/urbeamea.ro\/albaiulia\/wp-json\/wp\/v2\/media?parent=112651"}],"wp:term":[{"taxonomy":"category","embeddable":true,"href":"https:\/\/urbeamea.ro\/albaiulia\/wp-json\/wp\/v2\/categories?post=112651"},{"taxonomy":"post_tag","embeddable":true,"href":"https:\/\/urbeamea.ro\/albaiulia\/wp-json\/wp\/v2\/tags?post=112651"}],"curies":[{"name":"wp","href":"https:\/\/api.w.org\/{rel}","templated":true}]}}