{"id":112716,"date":"2024-07-18T14:34:26","date_gmt":"2024-07-18T11:34:26","guid":{"rendered":"https:\/\/urbeamea.ro\/albaiulia\/?p=112716"},"modified":"2024-07-18T14:34:28","modified_gmt":"2024-07-18T11:34:28","slug":"masuri-obligatorii-pentru-protectia-animalelor-in-perioadele-caniculare","status":"publish","type":"post","link":"https:\/\/urbeamea.ro\/albaiulia\/masuri-obligatorii-pentru-protectia-animalelor-in-perioadele-caniculare\/","title":{"rendered":"M\u0103suri obligatorii pentru protec\u021bia animalelor \u00een perioadele caniculare"},"content":{"rendered":"\n<p><strong>Direc\u021bia Sanitar\u0103 Veterinar\u0103 \u0219i pentru Siguran\u021ba Alimentelor (DSVSA) Alba reaminte\u0219te proprietarilor \u0219i de\u021bin\u0103torilor de animale c\u0103 au obliga\u021bia de a respecta anumite m\u0103suri specifice care s\u0103 asigure protec\u021bia \u0219i bun\u0103starea animalelor \u00een perioadele caniculare.<\/strong><\/p>\n\n\n\n<p><strong>Prevederi aplicabile fermierilor<\/strong>:<\/p>\n\n\n\n<p>Fermierii \u015fi ceilal\u0163i proprietari de animale trebuie s\u0103 aib\u0103 \u00een vedere urm\u0103toarele aspecte:<\/p>\n\n\n\n<p>\u2013 asigurarea unui ad\u0103post corespunz\u0103tor pentru animale, care s\u0103 poat\u0103 oferi protec\u0163ie fa\u0163\u0103 de ac\u0163iunea direct\u0103 a razelor solare;<\/p>\n\n\n\n<p>\u2013 asigurarea unor cantit\u0103\u0163i suficiente de ap\u0103 \u015fi de furaje (corespunz\u0103toare din punct de vedere cantitativ \u015fi calitativ);<\/p>\n\n\n\n<p>\u2013 verificarea bunei func\u0163ion\u0103ri a echipamentelor de ad\u0103pare, de furajare \u015fi a sistemelor de ventila\u0163ie;<\/p>\n\n\n\n<p>\u2013 verificarea disponibilit\u0103\u0163ii echipamentelor de rezerv\u0103, \u00een principal a sistemelor de ventila\u0163ie \u015fi a generatoarelor de energie electric\u0103;<\/p>\n\n\n\n<p>\u2013 \u00een caz de canicul\u0103, animalele folosite pentru trac\u0163iune, sau alte activit\u0103\u0163i de povar\u0103, nu vor fi exploatate \u00een intervalul orar 12.00 \u2013 18.00, dac\u0103 temperatura la umbr\u0103 dep\u0103\u015fe\u015fte 25\u00baC;<\/p>\n\n\n\n<p>\u2013 la orice modificare suspect\u0103 a st\u0103rii de s\u0103n\u0103tate a animalelor, precum \u015fi la apari\u021bia unor modific\u0103ri comportamentale a acestora, de\u0163in\u0103torul are obliga\u0163ia ca, pe l\u00e2ng\u0103 m\u0103surile enumerate mai sus, s\u0103 anun\u0163e urgent medicul veterinar responsabil de supravegherea statusului de s\u0103n\u0103tate al animalelor din localitatea respectiv\u0103;<\/p>\n\n\n\n<p>\u2013 \u00een cazul \u00een care animalele sunt \u0163inute afar\u0103, trebuie s\u0103 se asigure existen\u021ba de umbrare \u015fi de jgheaburi cu ap\u0103 potabil\u0103;<\/p>\n\n\n\n<p>\u2013 dac\u0103 sursele de ap\u0103 sunt greu accesibile sau blocate, apa trebuie administrat\u0103 manual, \u00een mod regulat, pentru a reduce riscul de deshidratare.<\/p>\n\n\n\n<p><strong>Prevederi aplicabile administra\u0163iilor locale:<\/strong><\/p>\n\n\n\n<p>\u2013 administra\u0163iile locale, pe teritoriul c\u0103rora exist\u0103 animale \u00een transhuman\u0163\u0103, trebuie s\u0103 cunoasc\u0103 situa\u0163ia real\u0103 \u015fi s\u0103 informeze de\u0163in\u0103torii de animale despre fenomenele prognozate;<\/p>\n\n\n\n<p>\u2013 consiliile locale \u015fi fermierii trebuie s\u0103 se asigure c\u0103 exist\u0103 posibilit\u0103\u0163i de colectare \u015fi neutralizare a de\u015feurilor animaliere;<\/p>\n\n\n\n<p>\u2013 s\u0103 asigure locuri prestabilite pentru retragerea animalelor, \u00een cazuri excep\u0163ionale.<\/p>\n\n\n\n<p><strong>Prevederi aplicabile de\u0163in\u0103torilor de animale de companie:<\/strong><\/p>\n\n\n\n<p>\u00cen cazul \u00een care animalele de companie (cum ar fi c\u00e2inii, pisicile, iepurii etc.) sunt \u0163inute afar\u0103, este important s\u0103 se asigure o surs\u0103 de ap\u0103 potabil\u0103, precum \u015fi ad\u0103post corespunz\u0103tor \u00eempotriva razelor solare.<\/p>\n\n\n\n<p>O aten\u0163ie deosebit\u0103 trebuie acordat\u0103 transportului animalelor de companie, astfel \u00eenc\u00e2t acestea s\u0103 nu fie \u0163inute \u00een vehicule, expuse \u00een mod direct \u015fi pe o perioad\u0103 \u00eendelungat\u0103 la radia\u0163ii ultraviolete \u015fi la temperaturi ridicate.<\/p>\n\n\n\n<p><strong>Prevederi aplicabile de\u0163in\u0103torilor de cai:<\/strong><\/p>\n\n\n\n<p>Ca \u015fi \u00een cazul animalelor de cresc\u0103torie, caii \u015fi poneii, \u0163inu\u0163i afar\u0103 \u00een timpul zilei trebuie s\u0103 aib\u0103 acces la ad\u0103post umbrit \u0219i la surse de ap\u0103 \u015fi hran\u0103.<\/p>\n\n\n\n<p><strong>Prevederi aplicabile transportatorilor de animale:<\/strong><\/p>\n\n\n\n<p>\u2013 Sunt obliga\u0163i prin lege s\u0103 nu transporte animalele \u00eentr-un mod care le-ar putea provoca r\u0103ni sau suferin\u0163e inutile;<\/p>\n\n\n\n<p>\u2013 Transporturile trebuie realizate pe timpul nop\u0163ii, sau \u00een primele ore ale dimine\u0163ii, astfel \u00eenc\u00e2t s\u0103 fie evitate orele cu temperaturi crescute din timpul zilei;<\/p>\n\n\n\n<p>\u2013 \u00cenainte de a pleca la drum, este obligatorie verificarea condi\u0163iilor de microclimat existente \u00een mijlocul de transport, dac\u0103 sunt adecvate \u015fi asigurate pe \u00eentreaga durat\u0103 a transportului;<\/p>\n\n\n\n<p>\u2013 \u00cenainte ca animalele s\u0103 fie \u00eenc\u0103rcate \u00een mijlocul de transport trebuie verificate traseul \u015fi alte aspecte legate de c\u0103l\u0103torie, astfel \u00eenc\u00e2t, dup\u0103 \u00eenc\u0103rcarea acestora, plecarea s\u0103 se fac\u0103 \u00een cel mai scurt timp;<\/p>\n\n\n\n<p>\u2013 La temperaturi crescute, densitatea de \u00eenc\u0103rcare a animalelor \u00een mijlocul de transport va fi redus\u0103 cu 10-20% din capacitatea maxim\u0103 de \u00eenc\u0103rcare autorizat\u0103, \u00een func\u0163ie de specie, talie, varst\u0103 \u015fi stare fiziologic\u0103;<\/p>\n\n\n\n<p>\u2013 \u00cen cazul \u00een care c\u0103l\u0103toria nu \u00eencepe \u00een cel mai scurt timp de la \u00eembarcare, \u015foferii trebuie s\u0103 aib\u0103 planuri de urgen\u0163\u0103 pentru a \u00eengriji animalele, \u00een func\u0163ie de necesit\u0103\u0163i;<\/p>\n\n\n\n<p>\u2013 Pentru c\u0103l\u0103torii de peste 8 ore, sistemele de ventila\u0163ie din vehicul trebuie s\u0103 fie capabile s\u0103 men\u0163in\u0103 temperatura de confort termic \u00een compartimentul animalelor pe toat\u0103 durata transportului astfel \u00eenc\u00e2t \u00een orice moment al c\u0103l\u0103toriei temeperatura s\u0103 fie cuprins\u0103 \u00eentre 5\u00b0-30\u00b0. De asemenea, apa trebuie s\u0103 fie asigurat\u0103 permanent.<\/p>\n\n\n\n<p><strong>Sursa de ap\u0103 potabil\u0103:<\/strong><\/p>\n\n\n\n<p>\u00cen cazul \u00een care exist\u0103 doar o surs\u0103 limitat\u0103 de ap\u0103 potabil\u0103, trebuie avut \u00een vedere necesarul zilnic de ap\u0103 al unui animal, \u00een func\u0163ie de specie, talie, ras\u0103 \u015fi stare fiziologic\u0103:<\/p>\n\n\n\n<p>SPECIE \/ Cantitate de ap\u0103 recomandat\u0103<\/p>\n\n\n\n<p>\u2013 vaci \u2013 lapte \/ 38 \u2013 52 litri<\/p>\n\n\n\n<p>\u2013 bovine \/ 38 litri<\/p>\n\n\n\n<p>\u2013 cabaline \/ 20 \u2013 45 litri<\/p>\n\n\n\n<p>\u2013 porcine \/ 4 \u2013 11.5 litri<\/p>\n\n\n\n<p>\u2013 ovine \/ 6 litri<\/p>\n\n\n\n<p>\u2013 p\u0103s\u0103ri \u2013 curte \/ 0,5litri<\/p>\n\n\n\n<p>Aceste cifre variaz\u0103 \u00een func\u0163ie de v\u00e2rsta animalului, starea fiziologic\u0103, temperatura mediului ambiant \u015fi umiditate.<\/p>\n\n\n\n<p>To\u0163i de\u0163in\u0103torii de animale au obliga\u0163ia legal\u0103 de a lua toate m\u0103surile necesare, astfel \u00eenc\u00e2t s\u0103 asigure standardele privitoare la bun\u0103starea animalelor de\u0163inute.<\/p>\n","protected":false},"excerpt":{"rendered":"<p>Direc\u021bia Sanitar\u0103 Veterinar\u0103 \u0219i pentru Siguran\u021ba Alimentelor (DSVSA) Alba reaminte\u0219te proprietarilor \u0219i de\u021bin\u0103torilor de animale c\u0103 au obliga\u021bia de a respecta anumite m\u0103suri specifice care s\u0103 asigure protec\u021bia \u0219i bun\u0103starea animalelor \u00een perioadele caniculare. Prevederi aplicabile fermierilor: Fermierii \u015fi ceilal\u0163i proprietari de animale trebuie s\u0103 aib\u0103 \u00een vedere urm\u0103toarele aspecte: \u2013 asigurarea unui ad\u0103post corespunz\u0103tor &hellip;<\/p>\n","protected":false},"author":16,"featured_media":112717,"comment_status":"open","ping_status":"open","sticky":false,"template":"","format":"standard","meta":{"inline_featured_image":false,"footnotes":""},"categories":[1],"tags":[8120],"class_list":["post-112716","post","type-post","status-publish","format-standard","has-post-thumbnail","hentry","category-stiri-urbane","tag-dsvsa-alba"],"yoast_head":"<!-- This site is optimized with the Yoast SEO plugin v27.4 - https:\/\/yoast.com\/product\/yoast-seo-wordpress\/ -->\n<title>M\u0103suri obligatorii pentru protec\u021bia animalelor \u00een perioadele caniculare - Revista Urbea Mea - Revista de Alba<\/title>\n<meta name=\"description\" content=\"Direc\u021bia Sanitar\u0103 Veterinar\u0103 \u0219i pentru Siguran\u021ba Alimentelor (DSVSA) Alba reaminte\u0219te proprietarilor \u0219i de\u021bin\u0103torilor de animale c\u0103 au obliga\u021bia de a\" \/>\n<meta name=\"robots\" content=\"index, follow, max-snippet:-1, max-image-preview:large, max-video-preview:-1\" \/>\n<link rel=\"canonical\" href=\"https:\/\/urbeamea.ro\/albaiulia\/masuri-obligatorii-pentru-protectia-animalelor-in-perioadele-caniculare\/\" \/>\n<meta name=\"twitter:card\" content=\"summary_large_image\" \/>\n<meta name=\"twitter:title\" content=\"M\u0103suri obligatorii pentru protec\u021bia animalelor \u00een perioadele caniculare - Revista Urbea Mea - Revista de Alba\" \/>\n<meta name=\"twitter:description\" content=\"Direc\u021bia Sanitar\u0103 Veterinar\u0103 \u0219i pentru Siguran\u021ba Alimentelor (DSVSA) Alba reaminte\u0219te proprietarilor \u0219i de\u021bin\u0103torilor de animale c\u0103 au obliga\u021bia de a\" \/>\n<meta name=\"twitter:image\" content=\"https:\/\/urbeamea.ro\/albaiulia\/wp-content\/uploads\/2024\/07\/animale.jpg\" \/>\n<meta name=\"twitter:creator\" content=\"@urbeameaweb\" \/>\n<meta name=\"twitter:site\" content=\"@urbeameaweb\" \/>\n<script type=\"application\/ld+json\" class=\"yoast-schema-graph\">{\"@context\":\"https:\\\/\\\/schema.org\",\"@graph\":[{\"@type\":\"Article\",\"@id\":\"https:\\\/\\\/urbeamea.ro\\\/albaiulia\\\/masuri-obligatorii-pentru-protectia-animalelor-in-perioadele-caniculare\\\/#article\",\"isPartOf\":{\"@id\":\"https:\\\/\\\/urbeamea.ro\\\/albaiulia\\\/masuri-obligatorii-pentru-protectia-animalelor-in-perioadele-caniculare\\\/\"},\"author\":{\"name\":\"Redac\u021bia UrbeaMea\",\"@id\":\"https:\\\/\\\/urbeamea.ro\\\/albaiulia\\\/#\\\/schema\\\/person\\\/272ae98052f8ee8980f59848df070247\"},\"headline\":\"M\u0103suri obligatorii pentru protec\u021bia animalelor \u00een perioadele caniculare\",\"datePublished\":\"2024-07-18T11:34:26+00:00\",\"dateModified\":\"2024-07-18T11:34:28+00:00\",\"mainEntityOfPage\":{\"@id\":\"https:\\\/\\\/urbeamea.ro\\\/albaiulia\\\/masuri-obligatorii-pentru-protectia-animalelor-in-perioadele-caniculare\\\/\"},\"wordCount\":816,\"commentCount\":0,\"image\":{\"@id\":\"https:\\\/\\\/urbeamea.ro\\\/albaiulia\\\/masuri-obligatorii-pentru-protectia-animalelor-in-perioadele-caniculare\\\/#primaryimage\"},\"thumbnailUrl\":\"https:\\\/\\\/urbeamea.ro\\\/albaiulia\\\/wp-content\\\/uploads\\\/2024\\\/07\\\/animale.jpg\",\"keywords\":[\"dsvsa alba\"],\"articleSection\":[\"\u015etiri Urbane\"],\"inLanguage\":\"ro-RO\",\"potentialAction\":[{\"@type\":\"CommentAction\",\"name\":\"Comment\",\"target\":[\"https:\\\/\\\/urbeamea.ro\\\/albaiulia\\\/masuri-obligatorii-pentru-protectia-animalelor-in-perioadele-caniculare\\\/#respond\"]}]},{\"@type\":\"WebPage\",\"@id\":\"https:\\\/\\\/urbeamea.ro\\\/albaiulia\\\/masuri-obligatorii-pentru-protectia-animalelor-in-perioadele-caniculare\\\/\",\"url\":\"https:\\\/\\\/urbeamea.ro\\\/albaiulia\\\/masuri-obligatorii-pentru-protectia-animalelor-in-perioadele-caniculare\\\/\",\"name\":\"M\u0103suri obligatorii pentru protec\u021bia animalelor \u00een perioadele caniculare - Revista Urbea Mea - Revista de Alba\",\"isPartOf\":{\"@id\":\"https:\\\/\\\/urbeamea.ro\\\/albaiulia\\\/#website\"},\"primaryImageOfPage\":{\"@id\":\"https:\\\/\\\/urbeamea.ro\\\/albaiulia\\\/masuri-obligatorii-pentru-protectia-animalelor-in-perioadele-caniculare\\\/#primaryimage\"},\"image\":{\"@id\":\"https:\\\/\\\/urbeamea.ro\\\/albaiulia\\\/masuri-obligatorii-pentru-protectia-animalelor-in-perioadele-caniculare\\\/#primaryimage\"},\"thumbnailUrl\":\"https:\\\/\\\/urbeamea.ro\\\/albaiulia\\\/wp-content\\\/uploads\\\/2024\\\/07\\\/animale.jpg\",\"datePublished\":\"2024-07-18T11:34:26+00:00\",\"dateModified\":\"2024-07-18T11:34:28+00:00\",\"author\":{\"@id\":\"https:\\\/\\\/urbeamea.ro\\\/albaiulia\\\/#\\\/schema\\\/person\\\/272ae98052f8ee8980f59848df070247\"},\"description\":\"Direc\u021bia Sanitar\u0103 Veterinar\u0103 \u0219i pentru Siguran\u021ba Alimentelor (DSVSA) Alba reaminte\u0219te proprietarilor \u0219i de\u021bin\u0103torilor de animale c\u0103 au obliga\u021bia de a\",\"breadcrumb\":{\"@id\":\"https:\\\/\\\/urbeamea.ro\\\/albaiulia\\\/masuri-obligatorii-pentru-protectia-animalelor-in-perioadele-caniculare\\\/#breadcrumb\"},\"inLanguage\":\"ro-RO\",\"potentialAction\":[{\"@type\":\"ReadAction\",\"target\":[\"https:\\\/\\\/urbeamea.ro\\\/albaiulia\\\/masuri-obligatorii-pentru-protectia-animalelor-in-perioadele-caniculare\\\/\"]}]},{\"@type\":\"ImageObject\",\"inLanguage\":\"ro-RO\",\"@id\":\"https:\\\/\\\/urbeamea.ro\\\/albaiulia\\\/masuri-obligatorii-pentru-protectia-animalelor-in-perioadele-caniculare\\\/#primaryimage\",\"url\":\"https:\\\/\\\/urbeamea.ro\\\/albaiulia\\\/wp-content\\\/uploads\\\/2024\\\/07\\\/animale.jpg\",\"contentUrl\":\"https:\\\/\\\/urbeamea.ro\\\/albaiulia\\\/wp-content\\\/uploads\\\/2024\\\/07\\\/animale.jpg\",\"width\":1600,\"height\":897},{\"@type\":\"BreadcrumbList\",\"@id\":\"https:\\\/\\\/urbeamea.ro\\\/albaiulia\\\/masuri-obligatorii-pentru-protectia-animalelor-in-perioadele-caniculare\\\/#breadcrumb\",\"itemListElement\":[{\"@type\":\"ListItem\",\"position\":1,\"name\":\"Prima pagin\u0103\",\"item\":\"https:\\\/\\\/urbeamea.ro\\\/albaiulia\\\/\"},{\"@type\":\"ListItem\",\"position\":2,\"name\":\"M\u0103suri obligatorii pentru protec\u021bia animalelor \u00een perioadele caniculare\"}]},{\"@type\":\"WebSite\",\"@id\":\"https:\\\/\\\/urbeamea.ro\\\/albaiulia\\\/#website\",\"url\":\"https:\\\/\\\/urbeamea.ro\\\/albaiulia\\\/\",\"name\":\"Revista Urbea Mea, Stiri urbane\",\"description\":\"Evenimente \u0219i \u0219tiri din Alba Iulia, Sebe\u0219, Aiud, Blaj\",\"potentialAction\":[{\"@type\":\"SearchAction\",\"target\":{\"@type\":\"EntryPoint\",\"urlTemplate\":\"https:\\\/\\\/urbeamea.ro\\\/albaiulia\\\/?s={search_term_string}\"},\"query-input\":{\"@type\":\"PropertyValueSpecification\",\"valueRequired\":true,\"valueName\":\"search_term_string\"}}],\"inLanguage\":\"ro-RO\"},{\"@type\":\"Person\",\"@id\":\"https:\\\/\\\/urbeamea.ro\\\/albaiulia\\\/#\\\/schema\\\/person\\\/272ae98052f8ee8980f59848df070247\",\"name\":\"Redac\u021bia UrbeaMea\",\"image\":{\"@type\":\"ImageObject\",\"inLanguage\":\"ro-RO\",\"@id\":\"https:\\\/\\\/secure.gravatar.com\\\/avatar\\\/9ce5a9435071fa1037e8468053ead8e513dbbff59009d3069aadb85506d85a27?s=96&d=mm&r=g\",\"url\":\"https:\\\/\\\/secure.gravatar.com\\\/avatar\\\/9ce5a9435071fa1037e8468053ead8e513dbbff59009d3069aadb85506d85a27?s=96&d=mm&r=g\",\"contentUrl\":\"https:\\\/\\\/secure.gravatar.com\\\/avatar\\\/9ce5a9435071fa1037e8468053ead8e513dbbff59009d3069aadb85506d85a27?s=96&d=mm&r=g\",\"caption\":\"Redac\u021bia UrbeaMea\"},\"description\":\"contact@urbeamea.ro\",\"sameAs\":[\"https:\\\/\\\/www.urbeamea.ro\"],\"url\":\"https:\\\/\\\/urbeamea.ro\\\/albaiulia\\\/author\\\/redactia-urbeamea\\\/\"}]}<\/script>\n<!-- \/ Yoast SEO plugin. -->","yoast_head_json":{"title":"M\u0103suri obligatorii pentru protec\u021bia animalelor \u00een perioadele caniculare - Revista Urbea Mea - Revista de Alba","description":"Direc\u021bia Sanitar\u0103 Veterinar\u0103 \u0219i pentru Siguran\u021ba Alimentelor (DSVSA) Alba reaminte\u0219te proprietarilor \u0219i de\u021bin\u0103torilor de animale c\u0103 au obliga\u021bia de a","robots":{"index":"index","follow":"follow","max-snippet":"max-snippet:-1","max-image-preview":"max-image-preview:large","max-video-preview":"max-video-preview:-1"},"canonical":"https:\/\/urbeamea.ro\/albaiulia\/masuri-obligatorii-pentru-protectia-animalelor-in-perioadele-caniculare\/","twitter_card":"summary_large_image","twitter_title":"M\u0103suri obligatorii pentru protec\u021bia animalelor \u00een perioadele caniculare - Revista Urbea Mea - Revista de Alba","twitter_description":"Direc\u021bia Sanitar\u0103 Veterinar\u0103 \u0219i pentru Siguran\u021ba Alimentelor (DSVSA) Alba reaminte\u0219te proprietarilor \u0219i de\u021bin\u0103torilor de animale c\u0103 au obliga\u021bia de a","twitter_image":"https:\/\/urbeamea.ro\/albaiulia\/wp-content\/uploads\/2024\/07\/animale.jpg","twitter_creator":"@urbeameaweb","twitter_site":"@urbeameaweb","schema":{"@context":"https:\/\/schema.org","@graph":[{"@type":"Article","@id":"https:\/\/urbeamea.ro\/albaiulia\/masuri-obligatorii-pentru-protectia-animalelor-in-perioadele-caniculare\/#article","isPartOf":{"@id":"https:\/\/urbeamea.ro\/albaiulia\/masuri-obligatorii-pentru-protectia-animalelor-in-perioadele-caniculare\/"},"author":{"name":"Redac\u021bia UrbeaMea","@id":"https:\/\/urbeamea.ro\/albaiulia\/#\/schema\/person\/272ae98052f8ee8980f59848df070247"},"headline":"M\u0103suri obligatorii pentru protec\u021bia animalelor \u00een perioadele caniculare","datePublished":"2024-07-18T11:34:26+00:00","dateModified":"2024-07-18T11:34:28+00:00","mainEntityOfPage":{"@id":"https:\/\/urbeamea.ro\/albaiulia\/masuri-obligatorii-pentru-protectia-animalelor-in-perioadele-caniculare\/"},"wordCount":816,"commentCount":0,"image":{"@id":"https:\/\/urbeamea.ro\/albaiulia\/masuri-obligatorii-pentru-protectia-animalelor-in-perioadele-caniculare\/#primaryimage"},"thumbnailUrl":"https:\/\/urbeamea.ro\/albaiulia\/wp-content\/uploads\/2024\/07\/animale.jpg","keywords":["dsvsa alba"],"articleSection":["\u015etiri Urbane"],"inLanguage":"ro-RO","potentialAction":[{"@type":"CommentAction","name":"Comment","target":["https:\/\/urbeamea.ro\/albaiulia\/masuri-obligatorii-pentru-protectia-animalelor-in-perioadele-caniculare\/#respond"]}]},{"@type":"WebPage","@id":"https:\/\/urbeamea.ro\/albaiulia\/masuri-obligatorii-pentru-protectia-animalelor-in-perioadele-caniculare\/","url":"https:\/\/urbeamea.ro\/albaiulia\/masuri-obligatorii-pentru-protectia-animalelor-in-perioadele-caniculare\/","name":"M\u0103suri obligatorii pentru protec\u021bia animalelor \u00een perioadele caniculare - Revista Urbea Mea - Revista de Alba","isPartOf":{"@id":"https:\/\/urbeamea.ro\/albaiulia\/#website"},"primaryImageOfPage":{"@id":"https:\/\/urbeamea.ro\/albaiulia\/masuri-obligatorii-pentru-protectia-animalelor-in-perioadele-caniculare\/#primaryimage"},"image":{"@id":"https:\/\/urbeamea.ro\/albaiulia\/masuri-obligatorii-pentru-protectia-animalelor-in-perioadele-caniculare\/#primaryimage"},"thumbnailUrl":"https:\/\/urbeamea.ro\/albaiulia\/wp-content\/uploads\/2024\/07\/animale.jpg","datePublished":"2024-07-18T11:34:26+00:00","dateModified":"2024-07-18T11:34:28+00:00","author":{"@id":"https:\/\/urbeamea.ro\/albaiulia\/#\/schema\/person\/272ae98052f8ee8980f59848df070247"},"description":"Direc\u021bia Sanitar\u0103 Veterinar\u0103 \u0219i pentru Siguran\u021ba Alimentelor (DSVSA) Alba reaminte\u0219te proprietarilor \u0219i de\u021bin\u0103torilor de animale c\u0103 au obliga\u021bia de a","breadcrumb":{"@id":"https:\/\/urbeamea.ro\/albaiulia\/masuri-obligatorii-pentru-protectia-animalelor-in-perioadele-caniculare\/#breadcrumb"},"inLanguage":"ro-RO","potentialAction":[{"@type":"ReadAction","target":["https:\/\/urbeamea.ro\/albaiulia\/masuri-obligatorii-pentru-protectia-animalelor-in-perioadele-caniculare\/"]}]},{"@type":"ImageObject","inLanguage":"ro-RO","@id":"https:\/\/urbeamea.ro\/albaiulia\/masuri-obligatorii-pentru-protectia-animalelor-in-perioadele-caniculare\/#primaryimage","url":"https:\/\/urbeamea.ro\/albaiulia\/wp-content\/uploads\/2024\/07\/animale.jpg","contentUrl":"https:\/\/urbeamea.ro\/albaiulia\/wp-content\/uploads\/2024\/07\/animale.jpg","width":1600,"height":897},{"@type":"BreadcrumbList","@id":"https:\/\/urbeamea.ro\/albaiulia\/masuri-obligatorii-pentru-protectia-animalelor-in-perioadele-caniculare\/#breadcrumb","itemListElement":[{"@type":"ListItem","position":1,"name":"Prima pagin\u0103","item":"https:\/\/urbeamea.ro\/albaiulia\/"},{"@type":"ListItem","position":2,"name":"M\u0103suri obligatorii pentru protec\u021bia animalelor \u00een perioadele caniculare"}]},{"@type":"WebSite","@id":"https:\/\/urbeamea.ro\/albaiulia\/#website","url":"https:\/\/urbeamea.ro\/albaiulia\/","name":"Revista Urbea Mea, Stiri urbane","description":"Evenimente \u0219i \u0219tiri din Alba Iulia, Sebe\u0219, Aiud, Blaj","potentialAction":[{"@type":"SearchAction","target":{"@type":"EntryPoint","urlTemplate":"https:\/\/urbeamea.ro\/albaiulia\/?s={search_term_string}"},"query-input":{"@type":"PropertyValueSpecification","valueRequired":true,"valueName":"search_term_string"}}],"inLanguage":"ro-RO"},{"@type":"Person","@id":"https:\/\/urbeamea.ro\/albaiulia\/#\/schema\/person\/272ae98052f8ee8980f59848df070247","name":"Redac\u021bia UrbeaMea","image":{"@type":"ImageObject","inLanguage":"ro-RO","@id":"https:\/\/secure.gravatar.com\/avatar\/9ce5a9435071fa1037e8468053ead8e513dbbff59009d3069aadb85506d85a27?s=96&d=mm&r=g","url":"https:\/\/secure.gravatar.com\/avatar\/9ce5a9435071fa1037e8468053ead8e513dbbff59009d3069aadb85506d85a27?s=96&d=mm&r=g","contentUrl":"https:\/\/secure.gravatar.com\/avatar\/9ce5a9435071fa1037e8468053ead8e513dbbff59009d3069aadb85506d85a27?s=96&d=mm&r=g","caption":"Redac\u021bia UrbeaMea"},"description":"contact@urbeamea.ro","sameAs":["https:\/\/www.urbeamea.ro"],"url":"https:\/\/urbeamea.ro\/albaiulia\/author\/redactia-urbeamea\/"}]}},"_links":{"self":[{"href":"https:\/\/urbeamea.ro\/albaiulia\/wp-json\/wp\/v2\/posts\/112716","targetHints":{"allow":["GET"]}}],"collection":[{"href":"https:\/\/urbeamea.ro\/albaiulia\/wp-json\/wp\/v2\/posts"}],"about":[{"href":"https:\/\/urbeamea.ro\/albaiulia\/wp-json\/wp\/v2\/types\/post"}],"author":[{"embeddable":true,"href":"https:\/\/urbeamea.ro\/albaiulia\/wp-json\/wp\/v2\/users\/16"}],"replies":[{"embeddable":true,"href":"https:\/\/urbeamea.ro\/albaiulia\/wp-json\/wp\/v2\/comments?post=112716"}],"version-history":[{"count":1,"href":"https:\/\/urbeamea.ro\/albaiulia\/wp-json\/wp\/v2\/posts\/112716\/revisions"}],"predecessor-version":[{"id":112718,"href":"https:\/\/urbeamea.ro\/albaiulia\/wp-json\/wp\/v2\/posts\/112716\/revisions\/112718"}],"wp:featuredmedia":[{"embeddable":true,"href":"https:\/\/urbeamea.ro\/albaiulia\/wp-json\/wp\/v2\/media\/112717"}],"wp:attachment":[{"href":"https:\/\/urbeamea.ro\/albaiulia\/wp-json\/wp\/v2\/media?parent=112716"}],"wp:term":[{"taxonomy":"category","embeddable":true,"href":"https:\/\/urbeamea.ro\/albaiulia\/wp-json\/wp\/v2\/categories?post=112716"},{"taxonomy":"post_tag","embeddable":true,"href":"https:\/\/urbeamea.ro\/albaiulia\/wp-json\/wp\/v2\/tags?post=112716"}],"curies":[{"name":"wp","href":"https:\/\/api.w.org\/{rel}","templated":true}]}}