{"id":112739,"date":"2024-07-19T18:48:48","date_gmt":"2024-07-19T15:48:48","guid":{"rendered":"https:\/\/urbeamea.ro\/albaiulia\/?p=112739"},"modified":"2024-07-19T18:48:49","modified_gmt":"2024-07-19T15:48:49","slug":"locuri-onorabile-ocupate-de-salvatorii-isu-alba-la-etapa-nationala-a-competitiei-de-descarcerare-si-de-acordare-a-primului-ajutor-calificat","status":"publish","type":"post","link":"https:\/\/urbeamea.ro\/albaiulia\/locuri-onorabile-ocupate-de-salvatorii-isu-alba-la-etapa-nationala-a-competitiei-de-descarcerare-si-de-acordare-a-primului-ajutor-calificat\/","title":{"rendered":"Locuri onorabile ocupate de salvatorii ISU Alba, la Etapa Na\u021bional\u0103 a Competi\u021biei de Descarcerare \u0219i de Acordare a Primului Ajutor Calificat"},"content":{"rendered":"\n<p><strong>\u00cen perioada 15 &#8211; 18 iulie, lotul reprezentativ al Inspectoratului pentru Situa\u021bii de Urgen\u021b\u0103 &#8222;UNIREA&#8221; al jude\u021bului Alba a participat la Etapa Final\u0103 a Competi\u021biei de Descarcerare \u0219i de Acordare a Primului Ajutor Calificat, organizat de Inspectoratul General pentru Situa\u021bii de Urgen\u021b\u0103, cu sprijinul Inspectoratului pentru Situa\u021bii de Urgen\u021b\u0103 &#8222;Basarab I&#8221; al jude\u021bului D\u00e2mbovi\u021ba, la Centrul Tehnic Renault din ora\u0219ul Titu.<\/strong><\/p>\n\n\n\n<p> Dup\u0103 trei zile caniculare de competi\u021bie acerb\u0103, unde s-au \u00eentrecut cele mai bune echipe din \u021bar\u0103, echipa reprezentativ\u0103 a ISU Alba a reusit s\u0103 ob\u021bin\u0103 locul 5, la nivel na\u021bional la &#8222;Competitia Nationala de Descarcerare \u0219i Acordarea Primului Ajutor Calificat&#8221; la proba &#8222;Descarcerare din Autovehicule&#8221; \u0219i locul 6 la nivel na\u021bional la proba &#8222;Acordarea Primului Ajutor Calificat&#8221;.<\/p>\n\n\n\n<figure class=\"wp-block-image size-full\"><img loading=\"lazy\" decoding=\"async\" width=\"1080\" height=\"810\" src=\"https:\/\/urbeamea.ro\/albaiulia\/wp-content\/uploads\/2024\/07\/1000005475.jpg\" alt=\"\" class=\"wp-image-112740\" srcset=\"https:\/\/urbeamea.ro\/albaiulia\/wp-content\/uploads\/2024\/07\/1000005475.jpg 1080w, https:\/\/urbeamea.ro\/albaiulia\/wp-content\/uploads\/2024\/07\/1000005475-640x480.jpg 640w, https:\/\/urbeamea.ro\/albaiulia\/wp-content\/uploads\/2024\/07\/1000005475-150x113.jpg 150w, https:\/\/urbeamea.ro\/albaiulia\/wp-content\/uploads\/2024\/07\/1000005475-768x576.jpg 768w\" sizes=\"auto, (max-width: 1080px) 100vw, 1080px\" \/><\/figure>\n\n\n\n<p>Este al doilea an consecutiv c\u00e2nd lotul reprezentativ al ISU Alba reu\u0219e\u0219te s\u0103 se califice la Etapa Na\u021bional\u0103 a aceastei competi\u021bii extrem de dificile \u0219i de anduran\u021b\u0103. <\/p>\n\n\n\n<figure class=\"wp-block-image size-full\"><img loading=\"lazy\" decoding=\"async\" width=\"1080\" height=\"661\" src=\"https:\/\/urbeamea.ro\/albaiulia\/wp-content\/uploads\/2024\/07\/1000005478.jpg\" alt=\"\" class=\"wp-image-112741\" srcset=\"https:\/\/urbeamea.ro\/albaiulia\/wp-content\/uploads\/2024\/07\/1000005478.jpg 1080w, https:\/\/urbeamea.ro\/albaiulia\/wp-content\/uploads\/2024\/07\/1000005478-640x392.jpg 640w, https:\/\/urbeamea.ro\/albaiulia\/wp-content\/uploads\/2024\/07\/1000005478-150x92.jpg 150w, https:\/\/urbeamea.ro\/albaiulia\/wp-content\/uploads\/2024\/07\/1000005478-768x470.jpg 768w\" sizes=\"auto, (max-width: 1080px) 100vw, 1080px\" \/><\/figure>\n\n\n\n<p>Lotul reprezentativ al ISU Alba a fost compus din:<\/p>\n\n\n\n<p>mraior Zehan Sergiu <\/p>\n\n\n\n<p>plt. adj. Alex\u0103 Gabriel loan <\/p>\n\n\n\n<p>plt. adj. Simion Iulius <\/p>\n\n\n\n<p>plt. S\u0103li\u015ftean loan &#8211; Andrei <\/p>\n\n\n\n<p>plt. adj. Ciulic Ioan Constantin <\/p>\n\n\n\n<p>sg. maj. G\u00eeta Stelian <\/p>\n\n\n\n<p>sg. maj. Bolfea Claudiu <\/p>\n\n\n\n<p>plt. Vo\u0219tinar Sergiu <\/p>\n\n\n\n<figure class=\"wp-block-gallery has-nested-images columns-default is-cropped wp-block-gallery-1 is-layout-flex wp-block-gallery-is-layout-flex\">\n<figure class=\"wp-block-image size-large\"><img loading=\"lazy\" decoding=\"async\" width=\"1080\" height=\"498\" data-id=\"112743\" src=\"https:\/\/urbeamea.ro\/albaiulia\/wp-content\/uploads\/2024\/07\/1000005479.jpg\" alt=\"\" class=\"wp-image-112743\" srcset=\"https:\/\/urbeamea.ro\/albaiulia\/wp-content\/uploads\/2024\/07\/1000005479.jpg 1080w, https:\/\/urbeamea.ro\/albaiulia\/wp-content\/uploads\/2024\/07\/1000005479-640x295.jpg 640w, https:\/\/urbeamea.ro\/albaiulia\/wp-content\/uploads\/2024\/07\/1000005479-150x69.jpg 150w, https:\/\/urbeamea.ro\/albaiulia\/wp-content\/uploads\/2024\/07\/1000005479-768x354.jpg 768w\" sizes=\"auto, (max-width: 1080px) 100vw, 1080px\" \/><\/figure>\n\n\n\n<figure class=\"wp-block-image size-large\"><img loading=\"lazy\" decoding=\"async\" width=\"1080\" height=\"498\" data-id=\"112742\" src=\"https:\/\/urbeamea.ro\/albaiulia\/wp-content\/uploads\/2024\/07\/1000005477.jpg\" alt=\"\" class=\"wp-image-112742\" srcset=\"https:\/\/urbeamea.ro\/albaiulia\/wp-content\/uploads\/2024\/07\/1000005477.jpg 1080w, https:\/\/urbeamea.ro\/albaiulia\/wp-content\/uploads\/2024\/07\/1000005477-640x295.jpg 640w, https:\/\/urbeamea.ro\/albaiulia\/wp-content\/uploads\/2024\/07\/1000005477-150x69.jpg 150w, https:\/\/urbeamea.ro\/albaiulia\/wp-content\/uploads\/2024\/07\/1000005477-768x354.jpg 768w\" sizes=\"auto, (max-width: 1080px) 100vw, 1080px\" \/><\/figure>\n\n\n\n<figure class=\"wp-block-image size-large\"><img loading=\"lazy\" decoding=\"async\" width=\"1080\" height=\"757\" data-id=\"112744\" src=\"https:\/\/urbeamea.ro\/albaiulia\/wp-content\/uploads\/2024\/07\/1000005476.jpg\" alt=\"\" class=\"wp-image-112744\" srcset=\"https:\/\/urbeamea.ro\/albaiulia\/wp-content\/uploads\/2024\/07\/1000005476.jpg 1080w, https:\/\/urbeamea.ro\/albaiulia\/wp-content\/uploads\/2024\/07\/1000005476-640x449.jpg 640w, https:\/\/urbeamea.ro\/albaiulia\/wp-content\/uploads\/2024\/07\/1000005476-150x105.jpg 150w, https:\/\/urbeamea.ro\/albaiulia\/wp-content\/uploads\/2024\/07\/1000005476-768x538.jpg 768w\" sizes=\"auto, (max-width: 1080px) 100vw, 1080px\" \/><\/figure>\n\n\n\n<figure class=\"wp-block-image size-large\"><img loading=\"lazy\" decoding=\"async\" width=\"1081\" height=\"720\" data-id=\"112745\" src=\"https:\/\/urbeamea.ro\/albaiulia\/wp-content\/uploads\/2024\/07\/1000005474.jpg\" alt=\"\" class=\"wp-image-112745\" srcset=\"https:\/\/urbeamea.ro\/albaiulia\/wp-content\/uploads\/2024\/07\/1000005474.jpg 1081w, https:\/\/urbeamea.ro\/albaiulia\/wp-content\/uploads\/2024\/07\/1000005474-640x426.jpg 640w, https:\/\/urbeamea.ro\/albaiulia\/wp-content\/uploads\/2024\/07\/1000005474-150x100.jpg 150w, https:\/\/urbeamea.ro\/albaiulia\/wp-content\/uploads\/2024\/07\/1000005474-768x512.jpg 768w\" sizes=\"auto, (max-width: 1081px) 100vw, 1081px\" \/><\/figure>\n\n\n\n<figure class=\"wp-block-image size-large\"><img loading=\"lazy\" decoding=\"async\" width=\"960\" height=\"640\" data-id=\"112746\" src=\"https:\/\/urbeamea.ro\/albaiulia\/wp-content\/uploads\/2024\/07\/1000005471.jpg\" alt=\"\" class=\"wp-image-112746\" srcset=\"https:\/\/urbeamea.ro\/albaiulia\/wp-content\/uploads\/2024\/07\/1000005471.jpg 960w, https:\/\/urbeamea.ro\/albaiulia\/wp-content\/uploads\/2024\/07\/1000005471-640x427.jpg 640w, https:\/\/urbeamea.ro\/albaiulia\/wp-content\/uploads\/2024\/07\/1000005471-150x100.jpg 150w, https:\/\/urbeamea.ro\/albaiulia\/wp-content\/uploads\/2024\/07\/1000005471-768x512.jpg 768w\" sizes=\"auto, (max-width: 960px) 100vw, 960px\" \/><\/figure>\n\n\n\n<figure class=\"wp-block-image size-large\"><img loading=\"lazy\" decoding=\"async\" width=\"960\" height=\"790\" data-id=\"112747\" src=\"https:\/\/urbeamea.ro\/albaiulia\/wp-content\/uploads\/2024\/07\/1000005472.jpg\" alt=\"\" class=\"wp-image-112747\" srcset=\"https:\/\/urbeamea.ro\/albaiulia\/wp-content\/uploads\/2024\/07\/1000005472.jpg 960w, https:\/\/urbeamea.ro\/albaiulia\/wp-content\/uploads\/2024\/07\/1000005472-640x527.jpg 640w, https:\/\/urbeamea.ro\/albaiulia\/wp-content\/uploads\/2024\/07\/1000005472-150x123.jpg 150w, https:\/\/urbeamea.ro\/albaiulia\/wp-content\/uploads\/2024\/07\/1000005472-768x632.jpg 768w\" sizes=\"auto, (max-width: 960px) 100vw, 960px\" \/><\/figure>\n\n\n\n<figure class=\"wp-block-image size-large\"><img loading=\"lazy\" decoding=\"async\" width=\"1081\" height=\"720\" data-id=\"112748\" src=\"https:\/\/urbeamea.ro\/albaiulia\/wp-content\/uploads\/2024\/07\/1000005473.jpg\" alt=\"\" class=\"wp-image-112748\" srcset=\"https:\/\/urbeamea.ro\/albaiulia\/wp-content\/uploads\/2024\/07\/1000005473.jpg 1081w, https:\/\/urbeamea.ro\/albaiulia\/wp-content\/uploads\/2024\/07\/1000005473-640x426.jpg 640w, https:\/\/urbeamea.ro\/albaiulia\/wp-content\/uploads\/2024\/07\/1000005473-150x100.jpg 150w, https:\/\/urbeamea.ro\/albaiulia\/wp-content\/uploads\/2024\/07\/1000005473-768x512.jpg 768w\" sizes=\"auto, (max-width: 1081px) 100vw, 1081px\" \/><\/figure>\n\n\n\n<figure class=\"wp-block-image size-large\"><img loading=\"lazy\" decoding=\"async\" width=\"960\" height=\"720\" data-id=\"112749\" src=\"https:\/\/urbeamea.ro\/albaiulia\/wp-content\/uploads\/2024\/07\/1000005470.jpg\" alt=\"\" class=\"wp-image-112749\" srcset=\"https:\/\/urbeamea.ro\/albaiulia\/wp-content\/uploads\/2024\/07\/1000005470.jpg 960w, https:\/\/urbeamea.ro\/albaiulia\/wp-content\/uploads\/2024\/07\/1000005470-640x480.jpg 640w, https:\/\/urbeamea.ro\/albaiulia\/wp-content\/uploads\/2024\/07\/1000005470-150x113.jpg 150w, https:\/\/urbeamea.ro\/albaiulia\/wp-content\/uploads\/2024\/07\/1000005470-768x576.jpg 768w\" sizes=\"auto, (max-width: 960px) 100vw, 960px\" \/><\/figure>\n\n\n\n<figure class=\"wp-block-image size-large\"><img loading=\"lazy\" decoding=\"async\" width=\"960\" height=\"640\" data-id=\"112750\" src=\"https:\/\/urbeamea.ro\/albaiulia\/wp-content\/uploads\/2024\/07\/1000005469.jpg\" alt=\"\" class=\"wp-image-112750\" srcset=\"https:\/\/urbeamea.ro\/albaiulia\/wp-content\/uploads\/2024\/07\/1000005469.jpg 960w, https:\/\/urbeamea.ro\/albaiulia\/wp-content\/uploads\/2024\/07\/1000005469-640x427.jpg 640w, https:\/\/urbeamea.ro\/albaiulia\/wp-content\/uploads\/2024\/07\/1000005469-150x100.jpg 150w, https:\/\/urbeamea.ro\/albaiulia\/wp-content\/uploads\/2024\/07\/1000005469-768x512.jpg 768w\" sizes=\"auto, (max-width: 960px) 100vw, 960px\" \/><\/figure>\n\n\n\n<figure class=\"wp-block-image size-large\"><img loading=\"lazy\" decoding=\"async\" width=\"960\" height=\"640\" data-id=\"112751\" src=\"https:\/\/urbeamea.ro\/albaiulia\/wp-content\/uploads\/2024\/07\/1000005468.jpg\" alt=\"\" class=\"wp-image-112751\" srcset=\"https:\/\/urbeamea.ro\/albaiulia\/wp-content\/uploads\/2024\/07\/1000005468.jpg 960w, https:\/\/urbeamea.ro\/albaiulia\/wp-content\/uploads\/2024\/07\/1000005468-640x427.jpg 640w, https:\/\/urbeamea.ro\/albaiulia\/wp-content\/uploads\/2024\/07\/1000005468-150x100.jpg 150w, https:\/\/urbeamea.ro\/albaiulia\/wp-content\/uploads\/2024\/07\/1000005468-768x512.jpg 768w\" sizes=\"auto, (max-width: 960px) 100vw, 960px\" \/><\/figure>\n<\/figure>\n","protected":false},"excerpt":{"rendered":"<p> perioada 15 &#8211; 18 iulie, lotul reprezentativ al Inspectoratului pentru Situa\u021bii de Urgen\u021b\u0103 &#8222;UNIREA&#8221; al jude\u021bului Alba a participat la Etapa Final\u0103 a Competi\u021biei de Descarcerare \u0219i de Acordare a Primului Ajutor Calificat, organizat de Inspectoratul General pentru Situa\u021bii de Urgen\u021b\u0103, cu sprijinul Inspectoratului pentru Situa\u021bii de Urgen\u021b\u0103 &#8222;Basarab I&#8221; al jude\u021bului D\u00e2mbovi\u021ba, la Centrul Tehnic Renault din ora\u0219ul Titu<\/p>\n","protected":false},"author":28,"featured_media":112749,"comment_status":"open","ping_status":"open","sticky":false,"template":"","format":"standard","meta":{"inline_featured_image":false,"footnotes":""},"categories":[2034,1,16344],"tags":[11361,2560],"class_list":["post-112739","post","type-post","status-publish","format-standard","has-post-thumbnail","hentry","category-social","category-stiri-urbane","category-urbea-mea","tag-descarcerare-si-prim-ajutor-calificat","tag-isu-alba"],"yoast_head":"<!-- This site is optimized with the Yoast SEO plugin v27.4 - https:\/\/yoast.com\/product\/yoast-seo-wordpress\/ -->\n<title>Locuri onorabile ocupate de salvatorii ISU Alba, la Etapa Na\u021bional\u0103 a Competi\u021biei de Descarcerare \u0219i de Acordare a Primului Ajutor Calificat - Revista Urbea Mea - Revista de Alba<\/title>\n<meta name=\"description\" content=\"perioada 15 - 18 iulie, lotul reprezentativ al Inspectoratului pentru Situa\u021bii de Urgen\u021b\u0103 &quot;UNIREA&quot; al jude\u021bului Alba a participat la Etapa Final\u0103 a Competi\u021biei de Descarcerare \u0219i de Acordare a Primului Ajutor Calificat, organizat de Inspectoratul General pentru Situa\u021bii de Urgen\u021b\u0103, cu sprijinul Inspectoratului pentru Situa\u021bii de Urgen\u021b\u0103 &quot;Basarab I&quot; al jude\u021bului D\u00e2mbovi\u021ba, la Centrul Tehnic Renault din ora\u0219ul Titu\" \/>\n<meta name=\"robots\" content=\"index, follow, max-snippet:-1, max-image-preview:large, max-video-preview:-1\" \/>\n<link rel=\"canonical\" href=\"https:\/\/urbeamea.ro\/albaiulia\/locuri-onorabile-ocupate-de-salvatorii-isu-alba-la-etapa-nationala-a-competitiei-de-descarcerare-si-de-acordare-a-primului-ajutor-calificat\/\" \/>\n<meta name=\"twitter:card\" content=\"summary_large_image\" \/>\n<meta name=\"twitter:title\" content=\"Locuri onorabile ocupate de salvatorii ISU Alba, la Etapa Na\u021bional\u0103 a Competi\u021biei de Descarcerare \u0219i de Acordare a Primului Ajutor Calificat - Revista Urbea Mea - Revista de Alba\" \/>\n<meta name=\"twitter:description\" content=\"perioada 15 - 18 iulie, lotul reprezentativ al Inspectoratului pentru Situa\u021bii de Urgen\u021b\u0103 &quot;UNIREA&quot; al jude\u021bului Alba a participat la Etapa Final\u0103 a Competi\u021biei de Descarcerare \u0219i de Acordare a Primului Ajutor Calificat, organizat de Inspectoratul General pentru Situa\u021bii de Urgen\u021b\u0103, cu sprijinul Inspectoratului pentru Situa\u021bii de Urgen\u021b\u0103 &quot;Basarab I&quot; al jude\u021bului D\u00e2mbovi\u021ba, la Centrul Tehnic Renault din ora\u0219ul Titu\" \/>\n<meta name=\"twitter:image\" content=\"https:\/\/urbeamea.ro\/albaiulia\/wp-content\/uploads\/2024\/07\/1000005470.jpg\" \/>\n<meta name=\"twitter:creator\" content=\"@urbeameaweb\" \/>\n<meta name=\"twitter:site\" content=\"@urbeameaweb\" \/>\n<script type=\"application\/ld+json\" class=\"yoast-schema-graph\">{\"@context\":\"https:\\\/\\\/schema.org\",\"@graph\":[{\"@type\":\"Article\",\"@id\":\"https:\\\/\\\/urbeamea.ro\\\/albaiulia\\\/locuri-onorabile-ocupate-de-salvatorii-isu-alba-la-etapa-nationala-a-competitiei-de-descarcerare-si-de-acordare-a-primului-ajutor-calificat\\\/#article\",\"isPartOf\":{\"@id\":\"https:\\\/\\\/urbeamea.ro\\\/albaiulia\\\/locuri-onorabile-ocupate-de-salvatorii-isu-alba-la-etapa-nationala-a-competitiei-de-descarcerare-si-de-acordare-a-primului-ajutor-calificat\\\/\"},\"author\":{\"name\":\"Giurca Sorin\",\"@id\":\"https:\\\/\\\/urbeamea.ro\\\/albaiulia\\\/#\\\/schema\\\/person\\\/5db3854ac38c1cc9f0ab4092d6a20f02\"},\"headline\":\"Locuri onorabile ocupate de salvatorii ISU Alba, la Etapa Na\u021bional\u0103 a Competi\u021biei de Descarcerare \u0219i de Acordare a Primului Ajutor Calificat\",\"datePublished\":\"2024-07-19T15:48:48+00:00\",\"dateModified\":\"2024-07-19T15:48:49+00:00\",\"mainEntityOfPage\":{\"@id\":\"https:\\\/\\\/urbeamea.ro\\\/albaiulia\\\/locuri-onorabile-ocupate-de-salvatorii-isu-alba-la-etapa-nationala-a-competitiei-de-descarcerare-si-de-acordare-a-primului-ajutor-calificat\\\/\"},\"wordCount\":228,\"commentCount\":0,\"image\":{\"@id\":\"https:\\\/\\\/urbeamea.ro\\\/albaiulia\\\/locuri-onorabile-ocupate-de-salvatorii-isu-alba-la-etapa-nationala-a-competitiei-de-descarcerare-si-de-acordare-a-primului-ajutor-calificat\\\/#primaryimage\"},\"thumbnailUrl\":\"https:\\\/\\\/urbeamea.ro\\\/albaiulia\\\/wp-content\\\/uploads\\\/2024\\\/07\\\/1000005470.jpg\",\"keywords\":[\"descarcerare si prim ajutor calificat\",\"ISU Alba\"],\"articleSection\":[\"Social\",\"\u015etiri Urbane\",\"Urbea Mea\"],\"inLanguage\":\"ro-RO\",\"potentialAction\":[{\"@type\":\"CommentAction\",\"name\":\"Comment\",\"target\":[\"https:\\\/\\\/urbeamea.ro\\\/albaiulia\\\/locuri-onorabile-ocupate-de-salvatorii-isu-alba-la-etapa-nationala-a-competitiei-de-descarcerare-si-de-acordare-a-primului-ajutor-calificat\\\/#respond\"]}]},{\"@type\":\"WebPage\",\"@id\":\"https:\\\/\\\/urbeamea.ro\\\/albaiulia\\\/locuri-onorabile-ocupate-de-salvatorii-isu-alba-la-etapa-nationala-a-competitiei-de-descarcerare-si-de-acordare-a-primului-ajutor-calificat\\\/\",\"url\":\"https:\\\/\\\/urbeamea.ro\\\/albaiulia\\\/locuri-onorabile-ocupate-de-salvatorii-isu-alba-la-etapa-nationala-a-competitiei-de-descarcerare-si-de-acordare-a-primului-ajutor-calificat\\\/\",\"name\":\"Locuri onorabile ocupate de salvatorii ISU Alba, la Etapa Na\u021bional\u0103 a Competi\u021biei de Descarcerare \u0219i de Acordare a Primului Ajutor Calificat - Revista Urbea Mea - Revista de Alba\",\"isPartOf\":{\"@id\":\"https:\\\/\\\/urbeamea.ro\\\/albaiulia\\\/#website\"},\"primaryImageOfPage\":{\"@id\":\"https:\\\/\\\/urbeamea.ro\\\/albaiulia\\\/locuri-onorabile-ocupate-de-salvatorii-isu-alba-la-etapa-nationala-a-competitiei-de-descarcerare-si-de-acordare-a-primului-ajutor-calificat\\\/#primaryimage\"},\"image\":{\"@id\":\"https:\\\/\\\/urbeamea.ro\\\/albaiulia\\\/locuri-onorabile-ocupate-de-salvatorii-isu-alba-la-etapa-nationala-a-competitiei-de-descarcerare-si-de-acordare-a-primului-ajutor-calificat\\\/#primaryimage\"},\"thumbnailUrl\":\"https:\\\/\\\/urbeamea.ro\\\/albaiulia\\\/wp-content\\\/uploads\\\/2024\\\/07\\\/1000005470.jpg\",\"datePublished\":\"2024-07-19T15:48:48+00:00\",\"dateModified\":\"2024-07-19T15:48:49+00:00\",\"author\":{\"@id\":\"https:\\\/\\\/urbeamea.ro\\\/albaiulia\\\/#\\\/schema\\\/person\\\/5db3854ac38c1cc9f0ab4092d6a20f02\"},\"description\":\"perioada 15 - 18 iulie, lotul reprezentativ al Inspectoratului pentru Situa\u021bii de Urgen\u021b\u0103 \\\"UNIREA\\\" al jude\u021bului Alba a participat la Etapa Final\u0103 a Competi\u021biei de Descarcerare \u0219i de Acordare a Primului Ajutor Calificat, organizat de Inspectoratul General pentru Situa\u021bii de Urgen\u021b\u0103, cu sprijinul Inspectoratului pentru Situa\u021bii de Urgen\u021b\u0103 \\\"Basarab I\\\" al jude\u021bului D\u00e2mbovi\u021ba, la Centrul Tehnic Renault din ora\u0219ul Titu\",\"breadcrumb\":{\"@id\":\"https:\\\/\\\/urbeamea.ro\\\/albaiulia\\\/locuri-onorabile-ocupate-de-salvatorii-isu-alba-la-etapa-nationala-a-competitiei-de-descarcerare-si-de-acordare-a-primului-ajutor-calificat\\\/#breadcrumb\"},\"inLanguage\":\"ro-RO\",\"potentialAction\":[{\"@type\":\"ReadAction\",\"target\":[\"https:\\\/\\\/urbeamea.ro\\\/albaiulia\\\/locuri-onorabile-ocupate-de-salvatorii-isu-alba-la-etapa-nationala-a-competitiei-de-descarcerare-si-de-acordare-a-primului-ajutor-calificat\\\/\"]}]},{\"@type\":\"ImageObject\",\"inLanguage\":\"ro-RO\",\"@id\":\"https:\\\/\\\/urbeamea.ro\\\/albaiulia\\\/locuri-onorabile-ocupate-de-salvatorii-isu-alba-la-etapa-nationala-a-competitiei-de-descarcerare-si-de-acordare-a-primului-ajutor-calificat\\\/#primaryimage\",\"url\":\"https:\\\/\\\/urbeamea.ro\\\/albaiulia\\\/wp-content\\\/uploads\\\/2024\\\/07\\\/1000005470.jpg\",\"contentUrl\":\"https:\\\/\\\/urbeamea.ro\\\/albaiulia\\\/wp-content\\\/uploads\\\/2024\\\/07\\\/1000005470.jpg\",\"width\":960,\"height\":720},{\"@type\":\"BreadcrumbList\",\"@id\":\"https:\\\/\\\/urbeamea.ro\\\/albaiulia\\\/locuri-onorabile-ocupate-de-salvatorii-isu-alba-la-etapa-nationala-a-competitiei-de-descarcerare-si-de-acordare-a-primului-ajutor-calificat\\\/#breadcrumb\",\"itemListElement\":[{\"@type\":\"ListItem\",\"position\":1,\"name\":\"Prima pagin\u0103\",\"item\":\"https:\\\/\\\/urbeamea.ro\\\/albaiulia\\\/\"},{\"@type\":\"ListItem\",\"position\":2,\"name\":\"Locuri onorabile ocupate de salvatorii ISU Alba, la Etapa Na\u021bional\u0103 a Competi\u021biei de Descarcerare \u0219i de Acordare a Primului Ajutor Calificat\"}]},{\"@type\":\"WebSite\",\"@id\":\"https:\\\/\\\/urbeamea.ro\\\/albaiulia\\\/#website\",\"url\":\"https:\\\/\\\/urbeamea.ro\\\/albaiulia\\\/\",\"name\":\"Revista Urbea Mea, Stiri urbane\",\"description\":\"Evenimente \u0219i \u0219tiri din Alba Iulia, Sebe\u0219, Aiud, Blaj\",\"potentialAction\":[{\"@type\":\"SearchAction\",\"target\":{\"@type\":\"EntryPoint\",\"urlTemplate\":\"https:\\\/\\\/urbeamea.ro\\\/albaiulia\\\/?s={search_term_string}\"},\"query-input\":{\"@type\":\"PropertyValueSpecification\",\"valueRequired\":true,\"valueName\":\"search_term_string\"}}],\"inLanguage\":\"ro-RO\"},{\"@type\":\"Person\",\"@id\":\"https:\\\/\\\/urbeamea.ro\\\/albaiulia\\\/#\\\/schema\\\/person\\\/5db3854ac38c1cc9f0ab4092d6a20f02\",\"name\":\"Giurca Sorin\",\"image\":{\"@type\":\"ImageObject\",\"inLanguage\":\"ro-RO\",\"@id\":\"https:\\\/\\\/secure.gravatar.com\\\/avatar\\\/120f6fcae7b3b47a7730cb9943f612f4909f68ac5284b5f40ac1c4615fd70576?s=96&d=mm&r=g\",\"url\":\"https:\\\/\\\/secure.gravatar.com\\\/avatar\\\/120f6fcae7b3b47a7730cb9943f612f4909f68ac5284b5f40ac1c4615fd70576?s=96&d=mm&r=g\",\"contentUrl\":\"https:\\\/\\\/secure.gravatar.com\\\/avatar\\\/120f6fcae7b3b47a7730cb9943f612f4909f68ac5284b5f40ac1c4615fd70576?s=96&d=mm&r=g\",\"caption\":\"Giurca Sorin\"},\"url\":\"https:\\\/\\\/urbeamea.ro\\\/albaiulia\\\/author\\\/sorin\\\/\"}]}<\/script>\n<!-- \/ Yoast SEO plugin. -->","yoast_head_json":{"title":"Locuri onorabile ocupate de salvatorii ISU Alba, la Etapa Na\u021bional\u0103 a Competi\u021biei de Descarcerare \u0219i de Acordare a Primului Ajutor Calificat - Revista Urbea Mea - Revista de Alba","description":"perioada 15 - 18 iulie, lotul reprezentativ al Inspectoratului pentru Situa\u021bii de Urgen\u021b\u0103 \"UNIREA\" al jude\u021bului Alba a participat la Etapa Final\u0103 a Competi\u021biei de Descarcerare \u0219i de Acordare a Primului Ajutor Calificat, organizat de Inspectoratul General pentru Situa\u021bii de Urgen\u021b\u0103, cu sprijinul Inspectoratului pentru Situa\u021bii de Urgen\u021b\u0103 \"Basarab I\" al jude\u021bului D\u00e2mbovi\u021ba, la Centrul Tehnic Renault din ora\u0219ul Titu","robots":{"index":"index","follow":"follow","max-snippet":"max-snippet:-1","max-image-preview":"max-image-preview:large","max-video-preview":"max-video-preview:-1"},"canonical":"https:\/\/urbeamea.ro\/albaiulia\/locuri-onorabile-ocupate-de-salvatorii-isu-alba-la-etapa-nationala-a-competitiei-de-descarcerare-si-de-acordare-a-primului-ajutor-calificat\/","twitter_card":"summary_large_image","twitter_title":"Locuri onorabile ocupate de salvatorii ISU Alba, la Etapa Na\u021bional\u0103 a Competi\u021biei de Descarcerare \u0219i de Acordare a Primului Ajutor Calificat - Revista Urbea Mea - Revista de Alba","twitter_description":"perioada 15 - 18 iulie, lotul reprezentativ al Inspectoratului pentru Situa\u021bii de Urgen\u021b\u0103 \"UNIREA\" al jude\u021bului Alba a participat la Etapa Final\u0103 a Competi\u021biei de Descarcerare \u0219i de Acordare a Primului Ajutor Calificat, organizat de Inspectoratul General pentru Situa\u021bii de Urgen\u021b\u0103, cu sprijinul Inspectoratului pentru Situa\u021bii de Urgen\u021b\u0103 \"Basarab I\" al jude\u021bului D\u00e2mbovi\u021ba, la Centrul Tehnic Renault din ora\u0219ul Titu","twitter_image":"https:\/\/urbeamea.ro\/albaiulia\/wp-content\/uploads\/2024\/07\/1000005470.jpg","twitter_creator":"@urbeameaweb","twitter_site":"@urbeameaweb","schema":{"@context":"https:\/\/schema.org","@graph":[{"@type":"Article","@id":"https:\/\/urbeamea.ro\/albaiulia\/locuri-onorabile-ocupate-de-salvatorii-isu-alba-la-etapa-nationala-a-competitiei-de-descarcerare-si-de-acordare-a-primului-ajutor-calificat\/#article","isPartOf":{"@id":"https:\/\/urbeamea.ro\/albaiulia\/locuri-onorabile-ocupate-de-salvatorii-isu-alba-la-etapa-nationala-a-competitiei-de-descarcerare-si-de-acordare-a-primului-ajutor-calificat\/"},"author":{"name":"Giurca Sorin","@id":"https:\/\/urbeamea.ro\/albaiulia\/#\/schema\/person\/5db3854ac38c1cc9f0ab4092d6a20f02"},"headline":"Locuri onorabile ocupate de salvatorii ISU Alba, la Etapa Na\u021bional\u0103 a Competi\u021biei de Descarcerare \u0219i de Acordare a Primului Ajutor Calificat","datePublished":"2024-07-19T15:48:48+00:00","dateModified":"2024-07-19T15:48:49+00:00","mainEntityOfPage":{"@id":"https:\/\/urbeamea.ro\/albaiulia\/locuri-onorabile-ocupate-de-salvatorii-isu-alba-la-etapa-nationala-a-competitiei-de-descarcerare-si-de-acordare-a-primului-ajutor-calificat\/"},"wordCount":228,"commentCount":0,"image":{"@id":"https:\/\/urbeamea.ro\/albaiulia\/locuri-onorabile-ocupate-de-salvatorii-isu-alba-la-etapa-nationala-a-competitiei-de-descarcerare-si-de-acordare-a-primului-ajutor-calificat\/#primaryimage"},"thumbnailUrl":"https:\/\/urbeamea.ro\/albaiulia\/wp-content\/uploads\/2024\/07\/1000005470.jpg","keywords":["descarcerare si prim ajutor calificat","ISU Alba"],"articleSection":["Social","\u015etiri Urbane","Urbea Mea"],"inLanguage":"ro-RO","potentialAction":[{"@type":"CommentAction","name":"Comment","target":["https:\/\/urbeamea.ro\/albaiulia\/locuri-onorabile-ocupate-de-salvatorii-isu-alba-la-etapa-nationala-a-competitiei-de-descarcerare-si-de-acordare-a-primului-ajutor-calificat\/#respond"]}]},{"@type":"WebPage","@id":"https:\/\/urbeamea.ro\/albaiulia\/locuri-onorabile-ocupate-de-salvatorii-isu-alba-la-etapa-nationala-a-competitiei-de-descarcerare-si-de-acordare-a-primului-ajutor-calificat\/","url":"https:\/\/urbeamea.ro\/albaiulia\/locuri-onorabile-ocupate-de-salvatorii-isu-alba-la-etapa-nationala-a-competitiei-de-descarcerare-si-de-acordare-a-primului-ajutor-calificat\/","name":"Locuri onorabile ocupate de salvatorii ISU Alba, la Etapa Na\u021bional\u0103 a Competi\u021biei de Descarcerare \u0219i de Acordare a Primului Ajutor Calificat - Revista Urbea Mea - Revista de Alba","isPartOf":{"@id":"https:\/\/urbeamea.ro\/albaiulia\/#website"},"primaryImageOfPage":{"@id":"https:\/\/urbeamea.ro\/albaiulia\/locuri-onorabile-ocupate-de-salvatorii-isu-alba-la-etapa-nationala-a-competitiei-de-descarcerare-si-de-acordare-a-primului-ajutor-calificat\/#primaryimage"},"image":{"@id":"https:\/\/urbeamea.ro\/albaiulia\/locuri-onorabile-ocupate-de-salvatorii-isu-alba-la-etapa-nationala-a-competitiei-de-descarcerare-si-de-acordare-a-primului-ajutor-calificat\/#primaryimage"},"thumbnailUrl":"https:\/\/urbeamea.ro\/albaiulia\/wp-content\/uploads\/2024\/07\/1000005470.jpg","datePublished":"2024-07-19T15:48:48+00:00","dateModified":"2024-07-19T15:48:49+00:00","author":{"@id":"https:\/\/urbeamea.ro\/albaiulia\/#\/schema\/person\/5db3854ac38c1cc9f0ab4092d6a20f02"},"description":"perioada 15 - 18 iulie, lotul reprezentativ al Inspectoratului pentru Situa\u021bii de Urgen\u021b\u0103 \"UNIREA\" al jude\u021bului Alba a participat la Etapa Final\u0103 a Competi\u021biei de Descarcerare \u0219i de Acordare a Primului Ajutor Calificat, organizat de Inspectoratul General pentru Situa\u021bii de Urgen\u021b\u0103, cu sprijinul Inspectoratului pentru Situa\u021bii de Urgen\u021b\u0103 \"Basarab I\" al jude\u021bului D\u00e2mbovi\u021ba, la Centrul Tehnic Renault din ora\u0219ul Titu","breadcrumb":{"@id":"https:\/\/urbeamea.ro\/albaiulia\/locuri-onorabile-ocupate-de-salvatorii-isu-alba-la-etapa-nationala-a-competitiei-de-descarcerare-si-de-acordare-a-primului-ajutor-calificat\/#breadcrumb"},"inLanguage":"ro-RO","potentialAction":[{"@type":"ReadAction","target":["https:\/\/urbeamea.ro\/albaiulia\/locuri-onorabile-ocupate-de-salvatorii-isu-alba-la-etapa-nationala-a-competitiei-de-descarcerare-si-de-acordare-a-primului-ajutor-calificat\/"]}]},{"@type":"ImageObject","inLanguage":"ro-RO","@id":"https:\/\/urbeamea.ro\/albaiulia\/locuri-onorabile-ocupate-de-salvatorii-isu-alba-la-etapa-nationala-a-competitiei-de-descarcerare-si-de-acordare-a-primului-ajutor-calificat\/#primaryimage","url":"https:\/\/urbeamea.ro\/albaiulia\/wp-content\/uploads\/2024\/07\/1000005470.jpg","contentUrl":"https:\/\/urbeamea.ro\/albaiulia\/wp-content\/uploads\/2024\/07\/1000005470.jpg","width":960,"height":720},{"@type":"BreadcrumbList","@id":"https:\/\/urbeamea.ro\/albaiulia\/locuri-onorabile-ocupate-de-salvatorii-isu-alba-la-etapa-nationala-a-competitiei-de-descarcerare-si-de-acordare-a-primului-ajutor-calificat\/#breadcrumb","itemListElement":[{"@type":"ListItem","position":1,"name":"Prima pagin\u0103","item":"https:\/\/urbeamea.ro\/albaiulia\/"},{"@type":"ListItem","position":2,"name":"Locuri onorabile ocupate de salvatorii ISU Alba, la Etapa Na\u021bional\u0103 a Competi\u021biei de Descarcerare \u0219i de Acordare a Primului Ajutor Calificat"}]},{"@type":"WebSite","@id":"https:\/\/urbeamea.ro\/albaiulia\/#website","url":"https:\/\/urbeamea.ro\/albaiulia\/","name":"Revista Urbea Mea, Stiri urbane","description":"Evenimente \u0219i \u0219tiri din Alba Iulia, Sebe\u0219, Aiud, Blaj","potentialAction":[{"@type":"SearchAction","target":{"@type":"EntryPoint","urlTemplate":"https:\/\/urbeamea.ro\/albaiulia\/?s={search_term_string}"},"query-input":{"@type":"PropertyValueSpecification","valueRequired":true,"valueName":"search_term_string"}}],"inLanguage":"ro-RO"},{"@type":"Person","@id":"https:\/\/urbeamea.ro\/albaiulia\/#\/schema\/person\/5db3854ac38c1cc9f0ab4092d6a20f02","name":"Giurca Sorin","image":{"@type":"ImageObject","inLanguage":"ro-RO","@id":"https:\/\/secure.gravatar.com\/avatar\/120f6fcae7b3b47a7730cb9943f612f4909f68ac5284b5f40ac1c4615fd70576?s=96&d=mm&r=g","url":"https:\/\/secure.gravatar.com\/avatar\/120f6fcae7b3b47a7730cb9943f612f4909f68ac5284b5f40ac1c4615fd70576?s=96&d=mm&r=g","contentUrl":"https:\/\/secure.gravatar.com\/avatar\/120f6fcae7b3b47a7730cb9943f612f4909f68ac5284b5f40ac1c4615fd70576?s=96&d=mm&r=g","caption":"Giurca Sorin"},"url":"https:\/\/urbeamea.ro\/albaiulia\/author\/sorin\/"}]}},"_links":{"self":[{"href":"https:\/\/urbeamea.ro\/albaiulia\/wp-json\/wp\/v2\/posts\/112739","targetHints":{"allow":["GET"]}}],"collection":[{"href":"https:\/\/urbeamea.ro\/albaiulia\/wp-json\/wp\/v2\/posts"}],"about":[{"href":"https:\/\/urbeamea.ro\/albaiulia\/wp-json\/wp\/v2\/types\/post"}],"author":[{"embeddable":true,"href":"https:\/\/urbeamea.ro\/albaiulia\/wp-json\/wp\/v2\/users\/28"}],"replies":[{"embeddable":true,"href":"https:\/\/urbeamea.ro\/albaiulia\/wp-json\/wp\/v2\/comments?post=112739"}],"version-history":[{"count":1,"href":"https:\/\/urbeamea.ro\/albaiulia\/wp-json\/wp\/v2\/posts\/112739\/revisions"}],"predecessor-version":[{"id":112752,"href":"https:\/\/urbeamea.ro\/albaiulia\/wp-json\/wp\/v2\/posts\/112739\/revisions\/112752"}],"wp:featuredmedia":[{"embeddable":true,"href":"https:\/\/urbeamea.ro\/albaiulia\/wp-json\/wp\/v2\/media\/112749"}],"wp:attachment":[{"href":"https:\/\/urbeamea.ro\/albaiulia\/wp-json\/wp\/v2\/media?parent=112739"}],"wp:term":[{"taxonomy":"category","embeddable":true,"href":"https:\/\/urbeamea.ro\/albaiulia\/wp-json\/wp\/v2\/categories?post=112739"},{"taxonomy":"post_tag","embeddable":true,"href":"https:\/\/urbeamea.ro\/albaiulia\/wp-json\/wp\/v2\/tags?post=112739"}],"curies":[{"name":"wp","href":"https:\/\/api.w.org\/{rel}","templated":true}]}}