{"id":112825,"date":"2024-07-23T09:27:10","date_gmt":"2024-07-23T06:27:10","guid":{"rendered":"https:\/\/urbeamea.ro\/albaiulia\/?p=112825"},"modified":"2024-07-23T09:27:11","modified_gmt":"2024-07-23T06:27:11","slug":"targul-de-fete-mii-de-oameni-au-urcat-pe-muntele-gaina-la-cea-mai-cunoscuta-sarbatoare-populara-din-romania","status":"publish","type":"post","link":"https:\/\/urbeamea.ro\/albaiulia\/targul-de-fete-mii-de-oameni-au-urcat-pe-muntele-gaina-la-cea-mai-cunoscuta-sarbatoare-populara-din-romania\/","title":{"rendered":"T\u00e2rgul de Fete \u2013 Mii de oameni au urcat pe Muntele G\u0103ina la cea mai cunoscut\u0103 s\u0103rb\u0103toare popular\u0103 din Rom\u00e2nia"},"content":{"rendered":"\n<p><strong>Mii de oameni au urcat \u0219i \u00een acest an pe Muntele G\u0103ina la T\u00e2rgul de Fete, cea mai mare \u0219i cea mai cunoscut\u0103 s\u0103rb\u0103toare popular\u0103 din Rom\u00e2nia. Edi\u021bia din acest an a t\u00e2rgului a fost organizat\u0103 sub <\/strong><strong>semnul Bicentenarului na\u0219terii eroului na\u021biunii rom\u00e2ne Avram Iancu, iar manifest\u0103rile s-au desf\u0103\u0219urat at\u00e2t \u00een comuna Avram Iancu, c\u00e2t \u0219i pe Muntele G\u0103ina, <\/strong><strong>la o altitudine de peste 1400 de metri. T\u00e2rgul are o vechime de sute de ani \u0219i este organizat anual \u00een cea mai apropiat\u0103 duminic\u0103 de s\u0103rb\u0103toarea Sf\u00e2ntului Ilie (20 iulie).<\/strong><\/p>\n\n\n\n<p>\u00cen acesta an, manifest\u0103rile au debutat, \u00een data de 13 iulie 2024, la Muzeul Memorial ,,Avram Iancu\u201d din Ince\u0219ti, unde au avut loc o serie de ac\u021biuni cultural-artistice \u00een memoria lui Avram Iancu, inclusiv dezvelirea unei pl\u0103ci comemorative cu ocazia \u00eemplinirii a 200 de ani de la na\u0219terea eroului na\u021bional. Ulterior, pe parcursul \u00eentregii s\u0103pt\u0103m\u00e2ni au continuat ac\u021biunile dedicate Bicentenarului na\u0219terii eroului na\u021biunii rom\u00e2ne Avram Iancu.<\/p>\n\n\n\n<figure class=\"wp-block-gallery has-nested-images columns-default is-cropped wp-block-gallery-1 is-layout-flex wp-block-gallery-is-layout-flex\">\n<figure class=\"wp-block-image size-large\"><a href=\"https:\/\/urbeamea.ro\/albaiulia\/wp-content\/uploads\/2024\/07\/targul-de-fete-2024-7.jpeg\"><img loading=\"lazy\" decoding=\"async\" width=\"1280\" height=\"854\" data-id=\"112828\" src=\"https:\/\/urbeamea.ro\/albaiulia\/wp-content\/uploads\/2024\/07\/targul-de-fete-2024-7-1280x854.jpeg\" alt=\"\" class=\"wp-image-112828\" srcset=\"https:\/\/urbeamea.ro\/albaiulia\/wp-content\/uploads\/2024\/07\/targul-de-fete-2024-7-1280x854.jpeg 1280w, https:\/\/urbeamea.ro\/albaiulia\/wp-content\/uploads\/2024\/07\/targul-de-fete-2024-7-640x427.jpeg 640w, https:\/\/urbeamea.ro\/albaiulia\/wp-content\/uploads\/2024\/07\/targul-de-fete-2024-7-150x100.jpeg 150w, https:\/\/urbeamea.ro\/albaiulia\/wp-content\/uploads\/2024\/07\/targul-de-fete-2024-7-768x512.jpeg 768w, https:\/\/urbeamea.ro\/albaiulia\/wp-content\/uploads\/2024\/07\/targul-de-fete-2024-7.jpeg 1411w\" sizes=\"auto, (max-width: 1280px) 100vw, 1280px\" \/><\/a><\/figure>\n\n\n\n<figure class=\"wp-block-image size-large\"><a href=\"https:\/\/urbeamea.ro\/albaiulia\/wp-content\/uploads\/2024\/07\/targul-de-fete-2024-8.jpeg\"><img loading=\"lazy\" decoding=\"async\" width=\"1280\" height=\"854\" data-id=\"112829\" src=\"https:\/\/urbeamea.ro\/albaiulia\/wp-content\/uploads\/2024\/07\/targul-de-fete-2024-8-1280x854.jpeg\" alt=\"\" class=\"wp-image-112829\" srcset=\"https:\/\/urbeamea.ro\/albaiulia\/wp-content\/uploads\/2024\/07\/targul-de-fete-2024-8-1280x854.jpeg 1280w, https:\/\/urbeamea.ro\/albaiulia\/wp-content\/uploads\/2024\/07\/targul-de-fete-2024-8-640x427.jpeg 640w, https:\/\/urbeamea.ro\/albaiulia\/wp-content\/uploads\/2024\/07\/targul-de-fete-2024-8-150x100.jpeg 150w, https:\/\/urbeamea.ro\/albaiulia\/wp-content\/uploads\/2024\/07\/targul-de-fete-2024-8-768x512.jpeg 768w, https:\/\/urbeamea.ro\/albaiulia\/wp-content\/uploads\/2024\/07\/targul-de-fete-2024-8.jpeg 1411w\" sizes=\"auto, (max-width: 1280px) 100vw, 1280px\" \/><\/a><\/figure>\n\n\n\n<figure class=\"wp-block-image size-large\"><a href=\"https:\/\/urbeamea.ro\/albaiulia\/wp-content\/uploads\/2024\/07\/targul-de-fete-2024-6.jpeg\"><img loading=\"lazy\" decoding=\"async\" width=\"1280\" height=\"854\" data-id=\"112832\" src=\"https:\/\/urbeamea.ro\/albaiulia\/wp-content\/uploads\/2024\/07\/targul-de-fete-2024-6-1280x854.jpeg\" alt=\"\" class=\"wp-image-112832\" srcset=\"https:\/\/urbeamea.ro\/albaiulia\/wp-content\/uploads\/2024\/07\/targul-de-fete-2024-6-1280x854.jpeg 1280w, https:\/\/urbeamea.ro\/albaiulia\/wp-content\/uploads\/2024\/07\/targul-de-fete-2024-6-640x427.jpeg 640w, https:\/\/urbeamea.ro\/albaiulia\/wp-content\/uploads\/2024\/07\/targul-de-fete-2024-6-150x100.jpeg 150w, https:\/\/urbeamea.ro\/albaiulia\/wp-content\/uploads\/2024\/07\/targul-de-fete-2024-6-768x512.jpeg 768w, https:\/\/urbeamea.ro\/albaiulia\/wp-content\/uploads\/2024\/07\/targul-de-fete-2024-6.jpeg 1411w\" sizes=\"auto, (max-width: 1280px) 100vw, 1280px\" \/><\/a><\/figure>\n\n\n\n<figure class=\"wp-block-image size-large\"><a href=\"https:\/\/urbeamea.ro\/albaiulia\/wp-content\/uploads\/2024\/07\/targul-de-fete-2024-2.jpeg\"><img loading=\"lazy\" decoding=\"async\" width=\"1280\" height=\"854\" data-id=\"112826\" src=\"https:\/\/urbeamea.ro\/albaiulia\/wp-content\/uploads\/2024\/07\/targul-de-fete-2024-2-1280x854.jpeg\" alt=\"\" class=\"wp-image-112826\" srcset=\"https:\/\/urbeamea.ro\/albaiulia\/wp-content\/uploads\/2024\/07\/targul-de-fete-2024-2-1280x854.jpeg 1280w, https:\/\/urbeamea.ro\/albaiulia\/wp-content\/uploads\/2024\/07\/targul-de-fete-2024-2-640x427.jpeg 640w, https:\/\/urbeamea.ro\/albaiulia\/wp-content\/uploads\/2024\/07\/targul-de-fete-2024-2-150x100.jpeg 150w, https:\/\/urbeamea.ro\/albaiulia\/wp-content\/uploads\/2024\/07\/targul-de-fete-2024-2-768x512.jpeg 768w, https:\/\/urbeamea.ro\/albaiulia\/wp-content\/uploads\/2024\/07\/targul-de-fete-2024-2.jpeg 1411w\" sizes=\"auto, (max-width: 1280px) 100vw, 1280px\" \/><\/a><\/figure>\n\n\n\n<figure class=\"wp-block-image size-large\"><a href=\"https:\/\/urbeamea.ro\/albaiulia\/wp-content\/uploads\/2024\/07\/targul-de-fete-2024-1.jpeg\"><img loading=\"lazy\" decoding=\"async\" width=\"1280\" height=\"854\" data-id=\"112833\" src=\"https:\/\/urbeamea.ro\/albaiulia\/wp-content\/uploads\/2024\/07\/targul-de-fete-2024-1-1280x854.jpeg\" alt=\"\" class=\"wp-image-112833\" srcset=\"https:\/\/urbeamea.ro\/albaiulia\/wp-content\/uploads\/2024\/07\/targul-de-fete-2024-1-1280x854.jpeg 1280w, https:\/\/urbeamea.ro\/albaiulia\/wp-content\/uploads\/2024\/07\/targul-de-fete-2024-1-640x427.jpeg 640w, https:\/\/urbeamea.ro\/albaiulia\/wp-content\/uploads\/2024\/07\/targul-de-fete-2024-1-150x100.jpeg 150w, https:\/\/urbeamea.ro\/albaiulia\/wp-content\/uploads\/2024\/07\/targul-de-fete-2024-1-768x512.jpeg 768w, https:\/\/urbeamea.ro\/albaiulia\/wp-content\/uploads\/2024\/07\/targul-de-fete-2024-1.jpeg 1411w\" sizes=\"auto, (max-width: 1280px) 100vw, 1280px\" \/><\/a><\/figure>\n\n\n\n<figure class=\"wp-block-image size-large\"><a href=\"https:\/\/urbeamea.ro\/albaiulia\/wp-content\/uploads\/2024\/07\/targul-de-fete-2024-5.jpeg\"><img loading=\"lazy\" decoding=\"async\" width=\"1280\" height=\"854\" data-id=\"112827\" src=\"https:\/\/urbeamea.ro\/albaiulia\/wp-content\/uploads\/2024\/07\/targul-de-fete-2024-5-1280x854.jpeg\" alt=\"\" class=\"wp-image-112827\" srcset=\"https:\/\/urbeamea.ro\/albaiulia\/wp-content\/uploads\/2024\/07\/targul-de-fete-2024-5-1280x854.jpeg 1280w, https:\/\/urbeamea.ro\/albaiulia\/wp-content\/uploads\/2024\/07\/targul-de-fete-2024-5-640x427.jpeg 640w, https:\/\/urbeamea.ro\/albaiulia\/wp-content\/uploads\/2024\/07\/targul-de-fete-2024-5-150x100.jpeg 150w, https:\/\/urbeamea.ro\/albaiulia\/wp-content\/uploads\/2024\/07\/targul-de-fete-2024-5-768x512.jpeg 768w, https:\/\/urbeamea.ro\/albaiulia\/wp-content\/uploads\/2024\/07\/targul-de-fete-2024-5.jpeg 1411w\" sizes=\"auto, (max-width: 1280px) 100vw, 1280px\" \/><\/a><\/figure>\n\n\n\n<figure class=\"wp-block-image size-large\"><a href=\"https:\/\/urbeamea.ro\/albaiulia\/wp-content\/uploads\/2024\/07\/targul-de-fete-2024-4.jpeg\"><img loading=\"lazy\" decoding=\"async\" width=\"1280\" height=\"854\" data-id=\"112831\" src=\"https:\/\/urbeamea.ro\/albaiulia\/wp-content\/uploads\/2024\/07\/targul-de-fete-2024-4-1280x854.jpeg\" alt=\"\" class=\"wp-image-112831\" srcset=\"https:\/\/urbeamea.ro\/albaiulia\/wp-content\/uploads\/2024\/07\/targul-de-fete-2024-4-1280x854.jpeg 1280w, https:\/\/urbeamea.ro\/albaiulia\/wp-content\/uploads\/2024\/07\/targul-de-fete-2024-4-640x427.jpeg 640w, https:\/\/urbeamea.ro\/albaiulia\/wp-content\/uploads\/2024\/07\/targul-de-fete-2024-4-150x100.jpeg 150w, https:\/\/urbeamea.ro\/albaiulia\/wp-content\/uploads\/2024\/07\/targul-de-fete-2024-4-768x512.jpeg 768w, https:\/\/urbeamea.ro\/albaiulia\/wp-content\/uploads\/2024\/07\/targul-de-fete-2024-4.jpeg 1411w\" sizes=\"auto, (max-width: 1280px) 100vw, 1280px\" \/><\/a><\/figure>\n\n\n\n<figure class=\"wp-block-image size-large\"><a href=\"https:\/\/urbeamea.ro\/albaiulia\/wp-content\/uploads\/2024\/07\/targul-de-fete-2024-3.jpeg\"><img loading=\"lazy\" decoding=\"async\" width=\"1280\" height=\"854\" data-id=\"112830\" src=\"https:\/\/urbeamea.ro\/albaiulia\/wp-content\/uploads\/2024\/07\/targul-de-fete-2024-3-1280x854.jpeg\" alt=\"\" class=\"wp-image-112830\" srcset=\"https:\/\/urbeamea.ro\/albaiulia\/wp-content\/uploads\/2024\/07\/targul-de-fete-2024-3-1280x854.jpeg 1280w, https:\/\/urbeamea.ro\/albaiulia\/wp-content\/uploads\/2024\/07\/targul-de-fete-2024-3-640x427.jpeg 640w, https:\/\/urbeamea.ro\/albaiulia\/wp-content\/uploads\/2024\/07\/targul-de-fete-2024-3-150x100.jpeg 150w, https:\/\/urbeamea.ro\/albaiulia\/wp-content\/uploads\/2024\/07\/targul-de-fete-2024-3-768x512.jpeg 768w, https:\/\/urbeamea.ro\/albaiulia\/wp-content\/uploads\/2024\/07\/targul-de-fete-2024-3.jpeg 1411w\" sizes=\"auto, (max-width: 1280px) 100vw, 1280px\" \/><\/a><\/figure>\n<\/figure>\n\n\n\n<p>T\u00e2rgu de Fete a \u00eenceput propriu-zis, s\u00e2mb\u0103t\u0103, 20 iulie 2024, \u00een comuna Avram Iancu, cu un omagiu editorial \u201eEroului deplin al na\u021biunii rom\u00e2ne, la 200 de ani de la na\u0219tere\u201d, \u00een cadrul c\u0103ruia au fost prezentate c\u0103r\u021bile \u201eAvram Iancu. O via\u021b\u0103 de erou\u201d de Silviu Dragomir, \u201eAvram Iancu. Dram\u0103\u201d 1934 de Lucian Blaga, \u201eAvram Iancu, f\u0103uritor de istorie na\u021bional\u0103\u201d de Mircea Popa \u0219i \u201eGlon\u021bul de argint sau adev\u0103rata moarte a lui Avram Iancu. Teatru\u201d de Mircea Tomu\u0219.<\/p>\n\n\n\n<p>\u00cen jurul amiezii a avut loc spectacolul folcloric \u201eC\u00e2ntec, joc \u0219i voie bun\u0103\u201d \u00een cadrul c\u0103ruia \u0219i-au dat concursul Tulnic\u0103resele din Avram Iancu, Ansamblul de dansuri ,,Stars\u201d din Avram Iancu (coordonator Alina Furdui), Ansamblul folcloric ,,Br\u0103deana\u201d din Sohodol \u2013 conducerea muzical\u0103 Alin Jolde\u0219, coregrafia Oana Jolde\u0219, soli\u0219ti: Delia Jude \u0219i Ramona Mihe\u021b.<\/p>\n\n\n\n<p>\u00cen paralel, manifest\u0103rile au debutat \u00een jurul amiezii \u0219i pe v\u00e2rful Muntelui G\u0103ina cu T\u00e2rgul me\u0219terilor tradi\u021bionali \u201eAlba Tradi\u021bional\u201d, la care au participat peste 50 de me\u0219teri tradi\u021bionali din diferite zone ale Rom\u00e2niei. Programul a cuprins apoi programul \u201eAlba Etnografic\u0103\u201d \u2013 difuzarea filmelor etnografice realizate \u00een cele 83 de expozi\u021bii etnografice din jude\u021bul Alba (<em>unicul jude\u021b din Rom\u00e2nia cu cel pu\u021bin o expozi\u021bie etnografic\u0103 \u00een fiecare comun\u0103<\/em>). \u00cen cursul serii, a avut loc spectacolul folcloric ,,Bicentenarul Na\u0219terii Eroului Avram Iancu\u201d, sus\u021binut de Ansamblul Folcloric al Jude\u021bului Alba, dirijor Alexandru Pal, al\u0103turi de soli\u0219tii Cristian Pomohaci, Roxana Reche, Dorina Nari\u021ba, Floricica Moga \u0219i Nicolae Plut\u0103. Spectacolul a fost urmat de un program de difuzare de filme documentare in memoriam Avram Iancu, erou al na\u021biunii rom\u00e2ne: \u201eAltarul Soarelui\u201d, \u201e\u021aara Mo\u021bilor\u201d, \u201eDrama lui Avram Iancu\u201d. Seara s-a \u00eencheiat cu un concert extraordinar \u201eDamian &amp; Brothers\u201d \u0219i un foc de artificii pe v\u00e2rful Muntelui G\u0103ina.<\/p>\n\n\n\n<p>Ziua de duminic\u0103, 21 iulie 2024, a debutat cu tradi\u021bionalul ceremonial de depunere de coroane, jerbe \u0219i buchete de flori \u0219i slujba religioas\u0103 de la Crucea Iancului, de pe Muntele G\u0103ina.<\/p>\n\n\n\n<p>Ceremonial s-a desf\u0103\u0219urat cu aportul Tulnic\u0103reselor din Avram Iancu \u0219i a Fanfarei Jude\u021bului Alba, dirijor Coriolan Honca\u0219. Pe parcurs zilei de duminic\u0103 a continuat T\u00e2rgul me\u0219terilor tradi\u021bionali \u201eAlba Tradi\u021bional\u201d, iar \u00een jurul amiezii a debutat spectacolul folcloric maraton \u201eMuntele G\u0103ina une\u0219te tradi\u021biile rom\u00e2ne\u0219ti \u201d, \u00een cadrul c\u0103ruia \u0219i-au dat concursul ansambluri tradi\u021bionale \u0219i interpre\u021bi \u00eendr\u0103gi\u021bi de folclor.<\/p>\n\n\n\n<p>Spectacolul a fost deschis de Tulnic\u0103resele din Avram Iancu, iar apoi, \u00een cadrul programului, au evoluat Veta Biri\u0219, Adriana Irimie\u0219 \u0219i tinerii interpre\u021bi clujeni ai CJCPCT Cluj: Larisa Gurz\u0103u \/ Alesia Rus \/ Denisa Giurgiu \/ Paul S\u00e2mbotelecan \/ Ariana Sandor \/ Teodora Nan \/ Adania Abrudan \/ Andra Moldovan \/ Alexandru Cri\u0219an \/ Roxana Maria Pop \/ Cristian Mezei-Pop \/ Antonia Lapoho\u0219 \/ Paula Roberta Pa\u0219ca \/ Daria \u0218ipo\u0219.<\/p>\n\n\n\n<p>Programul a continuat cu Ansamblul folcloric ,,Br\u0103deana\u201d din Sohodol (Alba) \u2013 conducerea muzical\u0103 Alin Jolde\u0219, coregrafia Oana Jolde\u0219, \u00eempreun\u0103 cu soli\u0219tii Maria Floca \/ Ramona Oniciu \/ Alexandru Cre\u021b \/ Ana Berindei \/ Maria Vesa; Ansamblul Folcloric ,,Floarea Barc\u0103ului\u201d din Bihor &#8211; coordonator Victor Sergiu Duca, \u00eempreun\u0103 cu soli\u0219tii Sab\u0103u Maya \/ Nu\u021ba\u0219 Anamaria \/ Tegza\u0219 Corb M\u0103d\u0103lina \/ Szentmiklo\u0219i Vasile \u0219i suite de dansuri din Oa\u0219, Bistri\u021ba, Moldova, Oltenia, Valea Barc\u0103ului \u0219i Valea Cri\u0219ului Negru.<\/p>\n\n\n\n<p>Pe scena de pe Muntele G\u0103ina au evoluat \u0219i Ansamblul Folcloric ,,Florile Mure\u0219ului\u201d din Vladimirescu (Arad) &#8211; coordonator Diana Giurgiu, al\u0103turi de soli\u0219tii Darius Cristea \/ R\u0103zvan Nu\u021biu \/ Marinela Racz \u0219i suite de dansuri din Craiva, Ro\u0219ia \u0219i Valea Mure\u0219ului, Ansamblul Folcloric ,,Dor Teiu\u0219an\u201d din Teiu\u0219 (Alba), Ansamblul Folcloric ,,Strugurelul\u201d din Valea Lung\u0103 (Alba), Grupul vocal b\u0103rb\u0103tesc \u0219i Ansamblul de dansuri tradi\u021bionale ,,S\u00e2ncelenii\u201d din S\u00e2ncel (Alba) \u0219i Ansamblul de dansuri tradi\u021bionale ,,Vin\u021bana\u201d din Vin\u021bu de Jos (Alba). &nbsp; &nbsp;&nbsp;&nbsp;&nbsp;&nbsp;&nbsp;&nbsp;&nbsp;&nbsp;&nbsp;&nbsp;<\/p>\n\n\n\n<blockquote class=\"wp-block-quote is-layout-flow wp-block-quote-is-layout-flow\">\n<p><em>T\u00e2rgul de Fete de pe Muntele G\u0103ina este pe drept cuv\u00e2nt un brand cultural al Jude\u021bului Alba, dar \u0219i al Rom\u00e2niei, fiind dovada vie a p\u0103str\u0103rii tradi\u021biilor \u0219i obiceiurilor rom\u00e2ne\u0219ti. \u00cen urm\u0103 cu sute de ani, s\u0103rb\u0103toarea de pe Muntele G\u0103ina era un prilej <\/em><em>pentru oamenii din zon\u0103 s\u0103 se \u00eent\u00e2lneasc\u0103, s\u0103 \u00ee\u0219i revad\u0103 rudele sau prietenii, iar pentru tineri s\u0103 se cunoasc\u0103, s\u0103 lege prietenii \u0219i chiar s\u0103 se c\u0103s\u0103toreasc\u0103. \u00cen prezent, t\u00e2rgul este cea mai cunoscut\u0103 s\u0103rb\u0103toare popular\u0103 \u00een aer liber din Rom\u00e2nia, prin care se \u00eencearc\u0103 p\u0103strarea zestrei culturale, conserv\u00e2nd \u0219i valorific\u00e2nd folclorul \u0219i obiceiurile tradi\u021bionale rom\u00e2ne\u0219ti. Anul acesta, s\u0103rb\u0103toarea s-a desf\u0103\u0219urat sub semnul <\/em><em>Bicentenarului na\u0219terii eroului na\u021biunii rom\u00e2ne Avram Iancu, a c\u0103rui comemorare o facem an de an \u00een cadrul T\u00e2rgului de Fete de pe Muntele G\u0103ina<\/em>.<\/p>\n<cite><strong>Alexandru Pal,<\/strong> managerul<em> Centrului de Cultur\u0103 \u201eAugustin Bena\u201d Alba<\/em><\/cite><\/blockquote>\n\n\n\n<p>T\u00e2rgul de Fete de pe Muntele G\u0103ina este un proiect cultural realizat de Consiliul Jude\u021bean Alba, Prim\u0103ria Comunei Avram Iancu \u0219i Centrul de Cultur\u0103 ,,Augustin Bena\u201d Alba. Edi\u021bia din acest an a t\u00e2rgului a fost organizat\u0103 sub semnul Bicentenarului na\u0219terii eroului na\u021biunii rom\u00e2ne Avram Iancu.<\/p>\n\n\n\n<p>***<\/p>\n\n\n\n<p>T\u00e2rgul de Fete de pe Muntele G\u0103ina este pe drept cuv\u00e2nt un brand al Rom\u00e2niei, manifestarea fiind cunoscut\u0103 ca \u0219i cea mai mare s\u0103rb\u0103toare popular\u0103 \u00een aer liber. T\u00e2rgul se desf\u0103\u0219oar\u0103 pe v\u00e2rful Muntelui G\u0103ina, la 1467 de metri, fiind atestat pentru prima dat\u0103 \u00een 1816. S\u0103rb\u0103toarea se organizeaz\u0103, \u00een fiecare an, din vremuri str\u0103vechi, \u00een cea mai apropiat\u0103 duminic\u0103 de 20 iulie, ziua Sf\u00e2ntului Ilie. La T\u00e2rgul de Fete se adunau locuitorii din Mun\u021bii Apuseni pentru a face schimb de produse dar era \u0219i un prilej pentru \u00eent\u00e2lnirea \u0219i c\u0103s\u0103toria tinerilor din zone \u00eendep\u0103rtate, care veneau aici cu p\u0103rin\u021bii. Preg\u0103tirile pentru urcatul pe munte se f\u0103ceau cu c\u00e2teva zile \u00eenainte iar duminica cu noaptea in cap se urca pe munte \u00een poiana unde avea loc t\u00e2rgul. Se spune c\u0103 fetele veneau cu zestrea \u00eenc\u0103rcat\u0103 pe cai, iar cununia se f\u0103cea pe loc de c\u0103tre preo\u021bii care participau la acest eveniment. Ceremonia era \u00eenso\u021bit\u0103 de c\u00e2ntece \u0219i schimb de jocuri cu \u201estrig\u0103turi\u201d, iar fetele \u201ese luau\u201d, nu se cump\u0103rau.&nbsp;<\/p>\n\n\n\n<p>\u00cen decursul timpului la T\u00e2rgul de Fete au participat, potrivit relat\u0103rilor istorice, personalit\u0103\u021bi importante precum \u00eemp\u0103ratul austriac Franz Joseph I, \u00een timpul unei vizite \u00een Transilvania, \u00een 1852, primul-ministru al<\/p>\n\n\n\n<p>Rom\u00e2niei din perioada interbelic\u0103 Ionel I. C. Br\u0103tianu, pentru vizita acestuia fiind amenajat\u0103 o tab\u0103r\u0103 de corturi, sau regele Rom\u00e2niei Ferdinand I, \u00een 1924, \u00een prezen\u021ba c\u0103ruia s-a sfin\u021bit \u201eCrucea Iancului\u201d.<\/p>\n\n\n\n<p>Ast\u0103zi, T\u00e2rgul de fete de la G\u0103ina s-a transformat \u00eentr-o mare s\u0103rb\u0103toare folcloric\u0103, la care \u00ee\u0219i dau concursul locuitorii din zona Mun\u021bilor Apuseni, din jude\u021bele apropiate \u0219i chiar din \u021binuturi mai \u00eendep\u0103rtate ale \u021b\u0103rii. Deschiderea o fac vestitele tulnic\u0103rese de la Avram Iancu, dup\u0103 care urmeaz\u0103 programul artistic al participan\u021bilor care dureaz\u0103 p\u00e2n\u0103 spre sear\u0103. \u00cencep\u00e2nd din 2006 T\u00e2rgul de Fete de pe Muntele G\u0103ina este marc\u0103 \u00eenregistrat\u0103 a Consiliului Jude\u021bean Alba \u0219i are ca slogan chemarea:&nbsp; \u201eHai pe Muntele G\u0103ina, hai pe muntele dragostei!\u201d<\/p>\n","protected":false},"excerpt":{"rendered":"<p>Mii de oameni au urcat \u0219i \u00een acest an pe Muntele G\u0103ina la T\u00e2rgul de Fete, cea mai mare \u0219i cea mai cunoscut\u0103 s\u0103rb\u0103toare popular\u0103 din Rom\u00e2nia. Edi\u021bia din acest an a t\u00e2rgului a fost organizat\u0103 sub semnul Bicentenarului na\u0219terii eroului na\u021biunii rom\u00e2ne Avram Iancu, iar manifest\u0103rile s-au desf\u0103\u0219urat at\u00e2t \u00een comuna Avram Iancu, c\u00e2t &hellip;<\/p>\n","protected":false},"author":16,"featured_media":112834,"comment_status":"open","ping_status":"open","sticky":false,"template":"","format":"standard","meta":{"inline_featured_image":false,"footnotes":""},"categories":[4],"tags":[],"class_list":["post-112825","post","type-post","status-publish","format-standard","has-post-thumbnail","hentry","category-eveniment"],"yoast_head":"<!-- This site is optimized with the Yoast SEO plugin v27.4 - https:\/\/yoast.com\/product\/yoast-seo-wordpress\/ -->\n<title>T\u00e2rgul de Fete \u2013 Mii de oameni au urcat pe Muntele G\u0103ina la cea mai cunoscut\u0103 s\u0103rb\u0103toare popular\u0103 din Rom\u00e2nia - Revista Urbea Mea - Revista de Alba<\/title>\n<meta name=\"description\" content=\"Mii de oameni au urcat \u0219i \u00een acest an pe Muntele G\u0103ina la T\u00e2rgul de Fete, cea mai mare \u0219i cea mai cunoscut\u0103 s\u0103rb\u0103toare popular\u0103 din Rom\u00e2nia. Edi\u021bia din\" \/>\n<meta name=\"robots\" content=\"index, follow, max-snippet:-1, max-image-preview:large, max-video-preview:-1\" \/>\n<link rel=\"canonical\" href=\"https:\/\/urbeamea.ro\/albaiulia\/targul-de-fete-mii-de-oameni-au-urcat-pe-muntele-gaina-la-cea-mai-cunoscuta-sarbatoare-populara-din-romania\/\" \/>\n<meta name=\"twitter:card\" content=\"summary_large_image\" \/>\n<meta name=\"twitter:title\" content=\"T\u00e2rgul de Fete \u2013 Mii de oameni au urcat pe Muntele G\u0103ina la cea mai cunoscut\u0103 s\u0103rb\u0103toare popular\u0103 din Rom\u00e2nia - Revista Urbea Mea - Revista de Alba\" \/>\n<meta name=\"twitter:description\" content=\"Mii de oameni au urcat \u0219i \u00een acest an pe Muntele G\u0103ina la T\u00e2rgul de Fete, cea mai mare \u0219i cea mai cunoscut\u0103 s\u0103rb\u0103toare popular\u0103 din Rom\u00e2nia. Edi\u021bia din\" \/>\n<meta name=\"twitter:image\" content=\"https:\/\/urbeamea.ro\/albaiulia\/wp-content\/uploads\/2024\/07\/colaj-targul-de-fete.jpg\" \/>\n<meta name=\"twitter:creator\" content=\"@urbeameaweb\" \/>\n<meta name=\"twitter:site\" content=\"@urbeameaweb\" \/>\n<script type=\"application\/ld+json\" class=\"yoast-schema-graph\">{\"@context\":\"https:\\\/\\\/schema.org\",\"@graph\":[{\"@type\":\"Article\",\"@id\":\"https:\\\/\\\/urbeamea.ro\\\/albaiulia\\\/targul-de-fete-mii-de-oameni-au-urcat-pe-muntele-gaina-la-cea-mai-cunoscuta-sarbatoare-populara-din-romania\\\/#article\",\"isPartOf\":{\"@id\":\"https:\\\/\\\/urbeamea.ro\\\/albaiulia\\\/targul-de-fete-mii-de-oameni-au-urcat-pe-muntele-gaina-la-cea-mai-cunoscuta-sarbatoare-populara-din-romania\\\/\"},\"author\":{\"name\":\"Redac\u021bia UrbeaMea\",\"@id\":\"https:\\\/\\\/urbeamea.ro\\\/albaiulia\\\/#\\\/schema\\\/person\\\/272ae98052f8ee8980f59848df070247\"},\"headline\":\"T\u00e2rgul de Fete \u2013 Mii de oameni au urcat pe Muntele G\u0103ina la cea mai cunoscut\u0103 s\u0103rb\u0103toare popular\u0103 din Rom\u00e2nia\",\"datePublished\":\"2024-07-23T06:27:10+00:00\",\"dateModified\":\"2024-07-23T06:27:11+00:00\",\"mainEntityOfPage\":{\"@id\":\"https:\\\/\\\/urbeamea.ro\\\/albaiulia\\\/targul-de-fete-mii-de-oameni-au-urcat-pe-muntele-gaina-la-cea-mai-cunoscuta-sarbatoare-populara-din-romania\\\/\"},\"wordCount\":1476,\"commentCount\":0,\"image\":{\"@id\":\"https:\\\/\\\/urbeamea.ro\\\/albaiulia\\\/targul-de-fete-mii-de-oameni-au-urcat-pe-muntele-gaina-la-cea-mai-cunoscuta-sarbatoare-populara-din-romania\\\/#primaryimage\"},\"thumbnailUrl\":\"https:\\\/\\\/urbeamea.ro\\\/albaiulia\\\/wp-content\\\/uploads\\\/2024\\\/07\\\/colaj-targul-de-fete.jpg\",\"articleSection\":[\"Evenimente\"],\"inLanguage\":\"ro-RO\",\"potentialAction\":[{\"@type\":\"CommentAction\",\"name\":\"Comment\",\"target\":[\"https:\\\/\\\/urbeamea.ro\\\/albaiulia\\\/targul-de-fete-mii-de-oameni-au-urcat-pe-muntele-gaina-la-cea-mai-cunoscuta-sarbatoare-populara-din-romania\\\/#respond\"]}]},{\"@type\":\"WebPage\",\"@id\":\"https:\\\/\\\/urbeamea.ro\\\/albaiulia\\\/targul-de-fete-mii-de-oameni-au-urcat-pe-muntele-gaina-la-cea-mai-cunoscuta-sarbatoare-populara-din-romania\\\/\",\"url\":\"https:\\\/\\\/urbeamea.ro\\\/albaiulia\\\/targul-de-fete-mii-de-oameni-au-urcat-pe-muntele-gaina-la-cea-mai-cunoscuta-sarbatoare-populara-din-romania\\\/\",\"name\":\"T\u00e2rgul de Fete \u2013 Mii de oameni au urcat pe Muntele G\u0103ina la cea mai cunoscut\u0103 s\u0103rb\u0103toare popular\u0103 din Rom\u00e2nia - Revista Urbea Mea - Revista de Alba\",\"isPartOf\":{\"@id\":\"https:\\\/\\\/urbeamea.ro\\\/albaiulia\\\/#website\"},\"primaryImageOfPage\":{\"@id\":\"https:\\\/\\\/urbeamea.ro\\\/albaiulia\\\/targul-de-fete-mii-de-oameni-au-urcat-pe-muntele-gaina-la-cea-mai-cunoscuta-sarbatoare-populara-din-romania\\\/#primaryimage\"},\"image\":{\"@id\":\"https:\\\/\\\/urbeamea.ro\\\/albaiulia\\\/targul-de-fete-mii-de-oameni-au-urcat-pe-muntele-gaina-la-cea-mai-cunoscuta-sarbatoare-populara-din-romania\\\/#primaryimage\"},\"thumbnailUrl\":\"https:\\\/\\\/urbeamea.ro\\\/albaiulia\\\/wp-content\\\/uploads\\\/2024\\\/07\\\/colaj-targul-de-fete.jpg\",\"datePublished\":\"2024-07-23T06:27:10+00:00\",\"dateModified\":\"2024-07-23T06:27:11+00:00\",\"author\":{\"@id\":\"https:\\\/\\\/urbeamea.ro\\\/albaiulia\\\/#\\\/schema\\\/person\\\/272ae98052f8ee8980f59848df070247\"},\"description\":\"Mii de oameni au urcat \u0219i \u00een acest an pe Muntele G\u0103ina la T\u00e2rgul de Fete, cea mai mare \u0219i cea mai cunoscut\u0103 s\u0103rb\u0103toare popular\u0103 din Rom\u00e2nia. Edi\u021bia din\",\"breadcrumb\":{\"@id\":\"https:\\\/\\\/urbeamea.ro\\\/albaiulia\\\/targul-de-fete-mii-de-oameni-au-urcat-pe-muntele-gaina-la-cea-mai-cunoscuta-sarbatoare-populara-din-romania\\\/#breadcrumb\"},\"inLanguage\":\"ro-RO\",\"potentialAction\":[{\"@type\":\"ReadAction\",\"target\":[\"https:\\\/\\\/urbeamea.ro\\\/albaiulia\\\/targul-de-fete-mii-de-oameni-au-urcat-pe-muntele-gaina-la-cea-mai-cunoscuta-sarbatoare-populara-din-romania\\\/\"]}]},{\"@type\":\"ImageObject\",\"inLanguage\":\"ro-RO\",\"@id\":\"https:\\\/\\\/urbeamea.ro\\\/albaiulia\\\/targul-de-fete-mii-de-oameni-au-urcat-pe-muntele-gaina-la-cea-mai-cunoscuta-sarbatoare-populara-din-romania\\\/#primaryimage\",\"url\":\"https:\\\/\\\/urbeamea.ro\\\/albaiulia\\\/wp-content\\\/uploads\\\/2024\\\/07\\\/colaj-targul-de-fete.jpg\",\"contentUrl\":\"https:\\\/\\\/urbeamea.ro\\\/albaiulia\\\/wp-content\\\/uploads\\\/2024\\\/07\\\/colaj-targul-de-fete.jpg\",\"width\":1600,\"height\":900},{\"@type\":\"BreadcrumbList\",\"@id\":\"https:\\\/\\\/urbeamea.ro\\\/albaiulia\\\/targul-de-fete-mii-de-oameni-au-urcat-pe-muntele-gaina-la-cea-mai-cunoscuta-sarbatoare-populara-din-romania\\\/#breadcrumb\",\"itemListElement\":[{\"@type\":\"ListItem\",\"position\":1,\"name\":\"Prima pagin\u0103\",\"item\":\"https:\\\/\\\/urbeamea.ro\\\/albaiulia\\\/\"},{\"@type\":\"ListItem\",\"position\":2,\"name\":\"T\u00e2rgul de Fete \u2013 Mii de oameni au urcat pe Muntele G\u0103ina la cea mai cunoscut\u0103 s\u0103rb\u0103toare popular\u0103 din Rom\u00e2nia\"}]},{\"@type\":\"WebSite\",\"@id\":\"https:\\\/\\\/urbeamea.ro\\\/albaiulia\\\/#website\",\"url\":\"https:\\\/\\\/urbeamea.ro\\\/albaiulia\\\/\",\"name\":\"Revista Urbea Mea, Stiri urbane\",\"description\":\"Evenimente \u0219i \u0219tiri din Alba Iulia, Sebe\u0219, Aiud, Blaj\",\"potentialAction\":[{\"@type\":\"SearchAction\",\"target\":{\"@type\":\"EntryPoint\",\"urlTemplate\":\"https:\\\/\\\/urbeamea.ro\\\/albaiulia\\\/?s={search_term_string}\"},\"query-input\":{\"@type\":\"PropertyValueSpecification\",\"valueRequired\":true,\"valueName\":\"search_term_string\"}}],\"inLanguage\":\"ro-RO\"},{\"@type\":\"Person\",\"@id\":\"https:\\\/\\\/urbeamea.ro\\\/albaiulia\\\/#\\\/schema\\\/person\\\/272ae98052f8ee8980f59848df070247\",\"name\":\"Redac\u021bia UrbeaMea\",\"image\":{\"@type\":\"ImageObject\",\"inLanguage\":\"ro-RO\",\"@id\":\"https:\\\/\\\/secure.gravatar.com\\\/avatar\\\/9ce5a9435071fa1037e8468053ead8e513dbbff59009d3069aadb85506d85a27?s=96&d=mm&r=g\",\"url\":\"https:\\\/\\\/secure.gravatar.com\\\/avatar\\\/9ce5a9435071fa1037e8468053ead8e513dbbff59009d3069aadb85506d85a27?s=96&d=mm&r=g\",\"contentUrl\":\"https:\\\/\\\/secure.gravatar.com\\\/avatar\\\/9ce5a9435071fa1037e8468053ead8e513dbbff59009d3069aadb85506d85a27?s=96&d=mm&r=g\",\"caption\":\"Redac\u021bia UrbeaMea\"},\"description\":\"contact@urbeamea.ro\",\"sameAs\":[\"https:\\\/\\\/www.urbeamea.ro\"],\"url\":\"https:\\\/\\\/urbeamea.ro\\\/albaiulia\\\/author\\\/redactia-urbeamea\\\/\"}]}<\/script>\n<!-- \/ Yoast SEO plugin. -->","yoast_head_json":{"title":"T\u00e2rgul de Fete \u2013 Mii de oameni au urcat pe Muntele G\u0103ina la cea mai cunoscut\u0103 s\u0103rb\u0103toare popular\u0103 din Rom\u00e2nia - Revista Urbea Mea - Revista de Alba","description":"Mii de oameni au urcat \u0219i \u00een acest an pe Muntele G\u0103ina la T\u00e2rgul de Fete, cea mai mare \u0219i cea mai cunoscut\u0103 s\u0103rb\u0103toare popular\u0103 din Rom\u00e2nia. Edi\u021bia din","robots":{"index":"index","follow":"follow","max-snippet":"max-snippet:-1","max-image-preview":"max-image-preview:large","max-video-preview":"max-video-preview:-1"},"canonical":"https:\/\/urbeamea.ro\/albaiulia\/targul-de-fete-mii-de-oameni-au-urcat-pe-muntele-gaina-la-cea-mai-cunoscuta-sarbatoare-populara-din-romania\/","twitter_card":"summary_large_image","twitter_title":"T\u00e2rgul de Fete \u2013 Mii de oameni au urcat pe Muntele G\u0103ina la cea mai cunoscut\u0103 s\u0103rb\u0103toare popular\u0103 din Rom\u00e2nia - Revista Urbea Mea - Revista de Alba","twitter_description":"Mii de oameni au urcat \u0219i \u00een acest an pe Muntele G\u0103ina la T\u00e2rgul de Fete, cea mai mare \u0219i cea mai cunoscut\u0103 s\u0103rb\u0103toare popular\u0103 din Rom\u00e2nia. Edi\u021bia din","twitter_image":"https:\/\/urbeamea.ro\/albaiulia\/wp-content\/uploads\/2024\/07\/colaj-targul-de-fete.jpg","twitter_creator":"@urbeameaweb","twitter_site":"@urbeameaweb","schema":{"@context":"https:\/\/schema.org","@graph":[{"@type":"Article","@id":"https:\/\/urbeamea.ro\/albaiulia\/targul-de-fete-mii-de-oameni-au-urcat-pe-muntele-gaina-la-cea-mai-cunoscuta-sarbatoare-populara-din-romania\/#article","isPartOf":{"@id":"https:\/\/urbeamea.ro\/albaiulia\/targul-de-fete-mii-de-oameni-au-urcat-pe-muntele-gaina-la-cea-mai-cunoscuta-sarbatoare-populara-din-romania\/"},"author":{"name":"Redac\u021bia UrbeaMea","@id":"https:\/\/urbeamea.ro\/albaiulia\/#\/schema\/person\/272ae98052f8ee8980f59848df070247"},"headline":"T\u00e2rgul de Fete \u2013 Mii de oameni au urcat pe Muntele G\u0103ina la cea mai cunoscut\u0103 s\u0103rb\u0103toare popular\u0103 din Rom\u00e2nia","datePublished":"2024-07-23T06:27:10+00:00","dateModified":"2024-07-23T06:27:11+00:00","mainEntityOfPage":{"@id":"https:\/\/urbeamea.ro\/albaiulia\/targul-de-fete-mii-de-oameni-au-urcat-pe-muntele-gaina-la-cea-mai-cunoscuta-sarbatoare-populara-din-romania\/"},"wordCount":1476,"commentCount":0,"image":{"@id":"https:\/\/urbeamea.ro\/albaiulia\/targul-de-fete-mii-de-oameni-au-urcat-pe-muntele-gaina-la-cea-mai-cunoscuta-sarbatoare-populara-din-romania\/#primaryimage"},"thumbnailUrl":"https:\/\/urbeamea.ro\/albaiulia\/wp-content\/uploads\/2024\/07\/colaj-targul-de-fete.jpg","articleSection":["Evenimente"],"inLanguage":"ro-RO","potentialAction":[{"@type":"CommentAction","name":"Comment","target":["https:\/\/urbeamea.ro\/albaiulia\/targul-de-fete-mii-de-oameni-au-urcat-pe-muntele-gaina-la-cea-mai-cunoscuta-sarbatoare-populara-din-romania\/#respond"]}]},{"@type":"WebPage","@id":"https:\/\/urbeamea.ro\/albaiulia\/targul-de-fete-mii-de-oameni-au-urcat-pe-muntele-gaina-la-cea-mai-cunoscuta-sarbatoare-populara-din-romania\/","url":"https:\/\/urbeamea.ro\/albaiulia\/targul-de-fete-mii-de-oameni-au-urcat-pe-muntele-gaina-la-cea-mai-cunoscuta-sarbatoare-populara-din-romania\/","name":"T\u00e2rgul de Fete \u2013 Mii de oameni au urcat pe Muntele G\u0103ina la cea mai cunoscut\u0103 s\u0103rb\u0103toare popular\u0103 din Rom\u00e2nia - Revista Urbea Mea - Revista de Alba","isPartOf":{"@id":"https:\/\/urbeamea.ro\/albaiulia\/#website"},"primaryImageOfPage":{"@id":"https:\/\/urbeamea.ro\/albaiulia\/targul-de-fete-mii-de-oameni-au-urcat-pe-muntele-gaina-la-cea-mai-cunoscuta-sarbatoare-populara-din-romania\/#primaryimage"},"image":{"@id":"https:\/\/urbeamea.ro\/albaiulia\/targul-de-fete-mii-de-oameni-au-urcat-pe-muntele-gaina-la-cea-mai-cunoscuta-sarbatoare-populara-din-romania\/#primaryimage"},"thumbnailUrl":"https:\/\/urbeamea.ro\/albaiulia\/wp-content\/uploads\/2024\/07\/colaj-targul-de-fete.jpg","datePublished":"2024-07-23T06:27:10+00:00","dateModified":"2024-07-23T06:27:11+00:00","author":{"@id":"https:\/\/urbeamea.ro\/albaiulia\/#\/schema\/person\/272ae98052f8ee8980f59848df070247"},"description":"Mii de oameni au urcat \u0219i \u00een acest an pe Muntele G\u0103ina la T\u00e2rgul de Fete, cea mai mare \u0219i cea mai cunoscut\u0103 s\u0103rb\u0103toare popular\u0103 din Rom\u00e2nia. Edi\u021bia din","breadcrumb":{"@id":"https:\/\/urbeamea.ro\/albaiulia\/targul-de-fete-mii-de-oameni-au-urcat-pe-muntele-gaina-la-cea-mai-cunoscuta-sarbatoare-populara-din-romania\/#breadcrumb"},"inLanguage":"ro-RO","potentialAction":[{"@type":"ReadAction","target":["https:\/\/urbeamea.ro\/albaiulia\/targul-de-fete-mii-de-oameni-au-urcat-pe-muntele-gaina-la-cea-mai-cunoscuta-sarbatoare-populara-din-romania\/"]}]},{"@type":"ImageObject","inLanguage":"ro-RO","@id":"https:\/\/urbeamea.ro\/albaiulia\/targul-de-fete-mii-de-oameni-au-urcat-pe-muntele-gaina-la-cea-mai-cunoscuta-sarbatoare-populara-din-romania\/#primaryimage","url":"https:\/\/urbeamea.ro\/albaiulia\/wp-content\/uploads\/2024\/07\/colaj-targul-de-fete.jpg","contentUrl":"https:\/\/urbeamea.ro\/albaiulia\/wp-content\/uploads\/2024\/07\/colaj-targul-de-fete.jpg","width":1600,"height":900},{"@type":"BreadcrumbList","@id":"https:\/\/urbeamea.ro\/albaiulia\/targul-de-fete-mii-de-oameni-au-urcat-pe-muntele-gaina-la-cea-mai-cunoscuta-sarbatoare-populara-din-romania\/#breadcrumb","itemListElement":[{"@type":"ListItem","position":1,"name":"Prima pagin\u0103","item":"https:\/\/urbeamea.ro\/albaiulia\/"},{"@type":"ListItem","position":2,"name":"T\u00e2rgul de Fete \u2013 Mii de oameni au urcat pe Muntele G\u0103ina la cea mai cunoscut\u0103 s\u0103rb\u0103toare popular\u0103 din Rom\u00e2nia"}]},{"@type":"WebSite","@id":"https:\/\/urbeamea.ro\/albaiulia\/#website","url":"https:\/\/urbeamea.ro\/albaiulia\/","name":"Revista Urbea Mea, Stiri urbane","description":"Evenimente \u0219i \u0219tiri din Alba Iulia, Sebe\u0219, Aiud, Blaj","potentialAction":[{"@type":"SearchAction","target":{"@type":"EntryPoint","urlTemplate":"https:\/\/urbeamea.ro\/albaiulia\/?s={search_term_string}"},"query-input":{"@type":"PropertyValueSpecification","valueRequired":true,"valueName":"search_term_string"}}],"inLanguage":"ro-RO"},{"@type":"Person","@id":"https:\/\/urbeamea.ro\/albaiulia\/#\/schema\/person\/272ae98052f8ee8980f59848df070247","name":"Redac\u021bia UrbeaMea","image":{"@type":"ImageObject","inLanguage":"ro-RO","@id":"https:\/\/secure.gravatar.com\/avatar\/9ce5a9435071fa1037e8468053ead8e513dbbff59009d3069aadb85506d85a27?s=96&d=mm&r=g","url":"https:\/\/secure.gravatar.com\/avatar\/9ce5a9435071fa1037e8468053ead8e513dbbff59009d3069aadb85506d85a27?s=96&d=mm&r=g","contentUrl":"https:\/\/secure.gravatar.com\/avatar\/9ce5a9435071fa1037e8468053ead8e513dbbff59009d3069aadb85506d85a27?s=96&d=mm&r=g","caption":"Redac\u021bia UrbeaMea"},"description":"contact@urbeamea.ro","sameAs":["https:\/\/www.urbeamea.ro"],"url":"https:\/\/urbeamea.ro\/albaiulia\/author\/redactia-urbeamea\/"}]}},"_links":{"self":[{"href":"https:\/\/urbeamea.ro\/albaiulia\/wp-json\/wp\/v2\/posts\/112825","targetHints":{"allow":["GET"]}}],"collection":[{"href":"https:\/\/urbeamea.ro\/albaiulia\/wp-json\/wp\/v2\/posts"}],"about":[{"href":"https:\/\/urbeamea.ro\/albaiulia\/wp-json\/wp\/v2\/types\/post"}],"author":[{"embeddable":true,"href":"https:\/\/urbeamea.ro\/albaiulia\/wp-json\/wp\/v2\/users\/16"}],"replies":[{"embeddable":true,"href":"https:\/\/urbeamea.ro\/albaiulia\/wp-json\/wp\/v2\/comments?post=112825"}],"version-history":[{"count":1,"href":"https:\/\/urbeamea.ro\/albaiulia\/wp-json\/wp\/v2\/posts\/112825\/revisions"}],"predecessor-version":[{"id":112835,"href":"https:\/\/urbeamea.ro\/albaiulia\/wp-json\/wp\/v2\/posts\/112825\/revisions\/112835"}],"wp:featuredmedia":[{"embeddable":true,"href":"https:\/\/urbeamea.ro\/albaiulia\/wp-json\/wp\/v2\/media\/112834"}],"wp:attachment":[{"href":"https:\/\/urbeamea.ro\/albaiulia\/wp-json\/wp\/v2\/media?parent=112825"}],"wp:term":[{"taxonomy":"category","embeddable":true,"href":"https:\/\/urbeamea.ro\/albaiulia\/wp-json\/wp\/v2\/categories?post=112825"},{"taxonomy":"post_tag","embeddable":true,"href":"https:\/\/urbeamea.ro\/albaiulia\/wp-json\/wp\/v2\/tags?post=112825"}],"curies":[{"name":"wp","href":"https:\/\/api.w.org\/{rel}","templated":true}]}}