{"id":112841,"date":"2024-07-23T21:38:01","date_gmt":"2024-07-23T18:38:01","guid":{"rendered":"https:\/\/urbeamea.ro\/albaiulia\/?p=112841"},"modified":"2024-07-23T21:38:38","modified_gmt":"2024-07-23T18:38:38","slug":"vineri-sarbatoarea-muzicii-in-cetatea-alba-iulia-catalin-raducanu-si-analia-selis-si-targu-mures-orchestra","status":"publish","type":"post","link":"https:\/\/urbeamea.ro\/albaiulia\/vineri-sarbatoarea-muzicii-in-cetatea-alba-iulia-catalin-raducanu-si-analia-selis-si-targu-mures-orchestra\/","title":{"rendered":"Vineri: S\u0103rb\u0103toarea Muzicii \u00een Cetatea Alba Iulia: C\u0103t\u0103lin R\u0103ducanu \u0219i Analia Selis \u0219i T\u00e2rgu Mure\u0219 Orchestra"},"content":{"rendered":"\n<p><strong>Vineri, 26 iulie, \u00eencepe la Alba Iulia o nou\u0103 edi\u021bie a S\u0103rb\u0103torii Muzicii.<\/strong><\/p>\n\n\n\n<p>\u00cen prima sear\u0103, pe scenele amplasate \u00een zona Palatului Principilor Alba Iulia \u0219i a Pie\u021bei Cet\u0103\u021bii Alba Carolina, vor urca pianistul C\u0103t\u0103lin R\u0103ducanu \u0219i Analia Selis al\u0103turi de T\u00e2rgu Mure\u0219 Orchestra.<\/p>\n\n\n\n<p>\ud835\udc36\ud835\udc34\ud835\udc47\ud835\udc34\ud835\udc3f\ud835\udc3c\ud835\udc41 \ud835\udc45\ud835\udc34\ud835\udc37\ud835\udc48\ud835\udc36\ud835\udc34\ud835\udc41\ud835\udc48 \ud835\udc52\ud835\udc60\ud835\udc61\ud835\udc52 \ud835\udc54\ud835\udc4e\ud835\udc61\ud835\udc4e \ud835\udc60\ud835\udc4e \ud835\udc59\ud835\udc56\ud835\udc63\ud835\udc5f\ud835\udc52\ud835\udc67\ud835\udc52 \ud835\udc62\ud835\udc5b \ud835\udc5a\ud835\udc56\ud835\udc65 \ud835\udc52\ud835\udc50\ud835\udc59\ud835\udc52\ud835\udc50\ud835\udc61\ud835\udc56\ud835\udc50 \ud835\udc51\ud835\udc52 \ud835\udc50\ud835\udc59\ud835\udc4e\ud835\udc60\ud835\udc56\ud835\udc50, \ud835\udc57\ud835\udc4e\ud835\udc67\ud835\udc67 \ud835\udc60\ud835\udc56 \ud835\udc53\ud835\udc5c\ud835\udc59\ud835\udc50\ud835\udc59\ud835\udc5c\ud835\udc5f, \ud835\udc51\ud835\udc52 \ud835\udc5d\ud835\udc56\ud835\udc4e\ud835\udc5b \ud835\udc60\ud835\udc56 \ud835\udc51\ud835\udc52 \ud835\udc61\ud835\udc4e\ud835\udc5a\ud835\udc4f\ud835\udc4e\ud835\udc59, \ud835\udc56\ud835\udc5b\ud835\udc61\ud835\udc5f-\ud835\udc62\ud835\udc5b \ud835\udc60\ud835\udc5d\ud835\udc52\ud835\udc50\ud835\udc61\ud835\udc4e\ud835\udc50\ud835\udc5c\ud835\udc59 \ud835\udc62\ud835\udc5b\ud835\udc56\ud835\udc50: \ud835\udc48\ud835\udc41 \ud835\udc34\ud835\udc45\ud835\udc47\ud835\udc3c\ud835\udc46\ud835\udc47, \ud835\udc48\ud835\udc41 \ud835\udc43\ud835\udc3c\ud835\udc34\ud835\udc41, \ud835\udc48\ud835\udc41 \ud835\udc47\ud835\udc34\ud835\udc40\ud835\udc35\ud835\udc34\ud835\udc3f.<\/p>\n\n\n\n<p>\ud835\udc46\ud835\udc5d\ud835\udc52\ud835\udc50\ud835\udc61\ud835\udc4e\ud835\udc50\ud835\udc5c\ud835\udc59\ud835\udc62\ud835\udc59 \ud835\udc51\ud835\udc52 \ud835\udc59\ud835\udc4e \ud835\udc34\ud835\udc59\ud835\udc4f\ud835\udc4e \ud835\udc3c\ud835\udc62\ud835\udc59\ud835\udc56\ud835\udc4e \ud835\udc52\ud835\udc60\ud835\udc61\ud835\udc52, \ud835\udc51\ud835\udc52 \ud835\udc53\ud835\udc4e\ud835\udc5d\ud835\udc61, \ud835\udc4e\ud835\udc63\ud835\udc4e\ud835\udc5b\ud835\udc5d\ud835\udc5f\ud835\udc52\ud835\udc5a\ud835\udc56\ud835\udc52\ud835\udc5f\ud835\udc4e \ud835\udc62\ud835\udc5b\ud835\udc62\ud835\udc56 \ud835\udc56\ud835\udc5b\ud835\udc61\ud835\udc5f\ud835\udc52\ud835\udc54 \ud835\udc60\ud835\udc52\ud835\udc67\ud835\udc5c\ud835\udc5b \ud835\udc51\ud835\udc52 \ud835\udc60\u210e\ud835\udc5c\ud835\udc64-\ud835\udc62\ud835\udc5f\ud835\udc56 \ud835\udc5a\ud835\udc4e\ud835\udc5f\ud835\udc50\ud835\udc4e \ud835\udc56\ud835\udc5b\ud835\udc50\ud835\udc5c\ud835\udc5b\ud835\udc53\ud835\udc62\ud835\udc5b\ud835\udc51\ud835\udc4e\ud835\udc4f\ud835\udc56\ud835\udc59\ud835\udc4e \ud835\udc36\ud835\udc4etalin \ud835\udc45\ud835\udc4e\ud835\udc51\ud835\udc62\ud835\udc50\ud835\udc4e\ud835\udc5b\ud835\udc62, \ud835\udc61\ud835\udc62\ud835\udc5f\ud835\udc5b\ud835\udc52\ud835\udc62 \ud835\udc50\ud835\udc52 \ud835\udc63\ud835\udc4e \ud835\udc61\ud835\udc5f\ud835\udc52\ud835\udc50\ud835\udc52 \ud835\udc5d\ud835\udc5f\ud835\udc56\ud835\udc5b \ud835\udc37\ud835\udc52\ud835\udc63\ud835\udc4e, \ud835\udc35\ud835\udc5f\ud835\udc4e\ud835\udc60\ud835\udc5c\ud835\udc63, \ud835\udc34\ud835\udc5f\ud835\udc4e\ud835\udc51, \ud835\udc36\ud835\udc5c\ud835\udc5b\ud835\udc60\ud835\udc61\ud835\udc4e\ud835\udc5b\ud835\udc61\ud835\udc4e \ud835\udc60\ud835\udc4e\ud835\udc62 \ud835\udc3c\ud835\udc4e\ud835\udc60\ud835\udc56 \ud835\udc60\ud835\udc56 \ud835\udc60\ud835\udc52 \ud835\udc63\ud835\udc4e \ud835\udc56\ud835\udc5b\ud835\udc50\u210e\ud835\udc52\ud835\udc56\ud835\udc4e \ud835\udc5d\ud835\udc52 5  \ud835\udc5c\ud835\udc50\ud835\udc61\ud835\udc5c\ud835\udc5a\ud835\udc4f\ud835\udc5f\ud835\udc56\ud835\udc52, \ud835\udc59\ud835\udc4e \ud835\udc34\ud835\udc61\ud835\udc52\ud835\udc5b\ud835\udc52\ud835\udc62\ud835\udc59 \ud835\udc45\ud835\udc5c\ud835\udc5a\ud835\udc4e\ud835\udc5b \ud835\udc51\ud835\udc56\ud835\udc5b \ud835\udc35\ud835\udc62\ud835\udc50\ud835\udc62\ud835\udc5f\ud835\udc52\ud835\udc60\ud835\udc61\ud835\udc56.<\/p>\n\n\n\n<p>\u201e\ud835\udc47\ud835\udc4e\ud835\udc5b\ud835\udc54\ud835\udc5c \ud835\udc60\ud835\udc56\ud835\udc5a\ud835\udc53\ud835\udc5c\ud835\udc5b\ud835\udc56\ud835\udc50 \ud835\udc56\ud835\udc5b\ud835\udc61\ud835\udc52\ud835\udc5f\ud835\udc4f\ud835\udc52\ud835\udc59\ud835\udc56\ud835\udc50: \ud835\udc5f\ud835\udc56\ud835\udc61\ud835\udc5a\ud835\udc62\ud835\udc5f\ud835\udc56 \ud835\udc60\ud835\udc56 \ud835\udc5d\ud835\udc4e\ud835\udc60\ud835\udc56\ud835\udc62\ud835\udc5b\ud835\udc56\u201d \ud835\udc52\ud835\udc60\ud835\udc61\ud835\udc52 \ud835\udc60\ud835\udc5d\ud835\udc52\ud835\udc50\ud835\udc61\ud835\udc4e\ud835\udc50\ud835\udc5c\ud835\udc59\ud835\udc62\ud835\udc59 \ud835\udc4e\ud835\udc51\ud835\udc62\ud835\udc60 \ud835\udc60\ud835\udc5d\ud835\udc52\ud835\udc50\ud835\udc56\ud835\udc4e\ud835\udc59 \ud835\udc59\ud835\udc4e \ud835\udc46\ud835\udc4e\ud835\udc5f\ud835\udc4f\ud835\udc4e\ud835\udc61\ud835\udc5c\ud835\udc4e\ud835\udc5f\ud835\udc52\ud835\udc4e \ud835\udc40\ud835\udc62\ud835\udc67\ud835\udc56\ud835\udc50\ud835\udc56\ud835\udc56 \ud835\udc51\ud835\udc56\ud835\udc5b \ud835\udc34\ud835\udc59\ud835\udc4f\ud835\udc4e \ud835\udc3c\ud835\udc62\ud835\udc59\ud835\udc56\ud835\udc4e \ud835\udc51\ud835\udc52 \ud835\udc34\ud835\udc41\ud835\udc34\ud835\udc3f\ud835\udc3c\ud835\udc34 \ud835\udc46\ud835\udc38\ud835\udc3f\ud835\udc3c\ud835\udc46 \ud835\udc60\ud835\udc56 \ud835\udc47\ud835\udc34\ud835\udc45\ud835\udc3a\ud835\udc48 \ud835\udc40\ud835\udc48\ud835\udc45\ud835\udc38\ud835\udc46 \ud835\udc42\ud835\udc45\ud835\udc36\ud835\udc3b\ud835\udc38\ud835\udc46\ud835\udc47\ud835\udc45\ud835\udc34, \ud835\udc50\ud835\udc5c\ud835\udc5b\ud835\udc51\ud835\udc62\ud835\udc60\ud835\udc4e \ud835\udc51\ud835\udc52 \ud835\udc45\ud835\udc38\ud835\udc40\ud835\udc48\ud835\udc46 \ud835\udc3a\ud835\udc45\ud835\udc34\ud835\udc40\ud835\udc34.<\/p>\n\n\n\n<p>\ud835\udc47\ud835\udc56\ud835\udc5a\ud835\udc5d \ud835\udc51\ud835\udc52 \ud835\udc4e\ud835\udc5d\ud835\udc5f\ud835\udc5c\ud835\udc65\ud835\udc56\ud835\udc5a\ud835\udc4e\ud835\udc61\ud835\udc56\ud835\udc63 \ud835\udc51\ud835\udc5c\ud835\udc62\ud835\udc4e \ud835\udc5c\ud835\udc5f\ud835\udc52, \ud835\udc5d\ud835\udc62\ud835\udc4f\ud835\udc59\ud835\udc56\ud835\udc50\ud835\udc62\ud835\udc59 \ud835\udc63\ud835\udc4e \ud835\udc4e\ud835\udc63\ud835\udc52\ud835\udc4e \ud835\udc5c\ud835\udc50\ud835\udc4e\ud835\udc67\ud835\udc56\ud835\udc4e \ud835\udc60\ud835\udc4e \ud835\udc51\ud835\udc52\ud835\udc60\ud835\udc50\ud835\udc5c\ud835\udc5d\ud835\udc52\ud835\udc5f\ud835\udc52 \ud835\udc60\ud835\udc4e\ud835\udc63\ud835\udc5c\ud835\udc4e\ud835\udc5f\ud835\udc52\ud835\udc4e \ud835\udc62\ud835\udc5b\ud835\udc56\ud835\udc50\ud835\udc4e \ud835\udc4e \ud835\udc61\ud835\udc4e\ud835\udc5b\ud835\udc54\ud835\udc5c\ud835\udc62\ud835\udc59\ud835\udc62\ud835\udc56 \ud835\udc4e\ud835\udc5f\ud835\udc54\ud835\udc52\ud835\udc5b\ud835\udc61\ud835\udc56\ud835\udc5b\ud835\udc56\ud835\udc4e\ud835\udc5b \ud835\udc5d\ud835\udc62\ud835\udc5f, \ud835\udc61\ud835\udc5f\ud835\udc4e\ud835\udc51\ud835\udc62\ud835\udc60 \u0219i \ud835\udc4e\ud835\udc51\ud835\udc4e\ud835\udc5d\ud835\udc61\ud835\udc4e\ud835\udc61 \ud835\udc56\ud835\udc5b \ud835\udc5f\ud835\udc5c\ud835\udc5a\ud835\udc4e\ud835\udc5b\ud835\udc4e <\/p>\n\n\n\n<p>\u201e\ud835\udc3c\ud835\udc5b\ud835\udc61\ud835\udc52\ud835\udc5f\ud835\udc4f\ud835\udc52\ud835\udc59\ud835\udc56\ud835\udc50 \ud835\udc46\ud835\udc56\ud835\udc5a\ud835\udc53\ud835\udc5c\ud835\udc5b\ud835\udc56\ud835\udc50\u201d \ud835\udc52\ud835\udc60\ud835\udc61\ud835\udc52 \ud835\udc62\ud835\udc5b \ud835\udc5d\ud835\udc5f\ud835\udc5c\ud835\udc56\ud835\udc52\ud835\udc50\ud835\udc61 \ud835\udc51\ud835\udc52 \ud835\udc60\ud835\udc62\ud835\udc53\ud835\udc59\ud835\udc52\ud835\udc61 \ud835\udc4e\ud835\udc59 \ud835\udc34\ud835\udc5b\ud835\udc4e\ud835\udc59\ud835\udc56\ud835\udc52\ud835\udc56 \ud835\udc46\ud835\udc52\ud835\udc59\ud835\udc56\ud835\udc60, \ud835\udc51\ud835\udc52\ud835\udc51\ud835\udc56\ud835\udc50\ud835\udc4e\ud835\udc61 \ud835\udc5d\ud835\udc62\ud835\udc4f\ud835\udc59\ud835\udc56\ud835\udc50\ud835\udc62\ud835\udc59\ud835\udc62\ud835\udc56 \ud835\udc60\ud835\udc4e\ud835\udc62 \ud835\udc51\ud835\udc56\ud835\udc5b \ud835\udc45\ud835\udc5c\ud835\udc5a\ud835\udc4e\ud835\udc5b\ud835\udc56\ud835\udc4e, \ud835\udc50\ud835\udc4e \ud835\udc5f\ud835\udc52\ud835\udc67\ud835\udc62\ud835\udc59\ud835\udc61\ud835\udc4e\ud835\udc61 \ud835\udc4e\ud835\udc59 \ud835\udc5a\ud835\udc62\ud835\udc59\ud835\udc61\ud835\udc5c\ud835\udc5f \ud835\udc4e\ud835\udc5b\ud835\udc56 \ud835\udc51\ud835\udc52 \ud835\udc51\ud835\udc5f\ud835\udc4e\ud835\udc54\ud835\udc5c\ud835\udc60\ud835\udc61\ud835\udc52 \ud835\udc60\ud835\udc56 \ud835\udc5f\ud835\udc52\ud835\udc60\ud835\udc5d\ud835\udc52\ud835\udc50\ud835\udc61 \ud835\udc53\ud835\udc4e\ud835\udc61a \ud835\udc51\ud835\udc52 aceasta.<\/p>\n\n\n\n<figure class=\"wp-block-gallery has-nested-images columns-default is-cropped wp-block-gallery-1 is-layout-flex wp-block-gallery-is-layout-flex\">\n<figure class=\"wp-block-image size-large is-style-default\"><img loading=\"lazy\" decoding=\"async\" width=\"1080\" height=\"720\" data-id=\"112846\" src=\"https:\/\/urbeamea.ro\/albaiulia\/wp-content\/uploads\/2024\/07\/1000005909.jpg\" alt=\"\" class=\"wp-image-112846\" srcset=\"https:\/\/urbeamea.ro\/albaiulia\/wp-content\/uploads\/2024\/07\/1000005909.jpg 1080w, https:\/\/urbeamea.ro\/albaiulia\/wp-content\/uploads\/2024\/07\/1000005909-640x427.jpg 640w, https:\/\/urbeamea.ro\/albaiulia\/wp-content\/uploads\/2024\/07\/1000005909-150x100.jpg 150w, https:\/\/urbeamea.ro\/albaiulia\/wp-content\/uploads\/2024\/07\/1000005909-768x512.jpg 768w\" sizes=\"auto, (max-width: 1080px) 100vw, 1080px\" \/><\/figure>\n\n\n\n<figure class=\"wp-block-image size-large\"><img loading=\"lazy\" decoding=\"async\" width=\"984\" height=\"1280\" data-id=\"112848\" src=\"https:\/\/urbeamea.ro\/albaiulia\/wp-content\/uploads\/2024\/07\/1000005912-984x1280.jpg\" alt=\"\" class=\"wp-image-112848\" srcset=\"https:\/\/urbeamea.ro\/albaiulia\/wp-content\/uploads\/2024\/07\/1000005912-984x1280.jpg 984w, https:\/\/urbeamea.ro\/albaiulia\/wp-content\/uploads\/2024\/07\/1000005912-492x640.jpg 492w, https:\/\/urbeamea.ro\/albaiulia\/wp-content\/uploads\/2024\/07\/1000005912-115x150.jpg 115w, https:\/\/urbeamea.ro\/albaiulia\/wp-content\/uploads\/2024\/07\/1000005912-768x999.jpg 768w, https:\/\/urbeamea.ro\/albaiulia\/wp-content\/uploads\/2024\/07\/1000005912.jpg 1080w\" sizes=\"auto, (max-width: 984px) 100vw, 984px\" \/><\/figure>\n\n\n\n<figure class=\"wp-block-image size-large\"><img loading=\"lazy\" decoding=\"async\" width=\"898\" height=\"1280\" data-id=\"112849\" src=\"https:\/\/urbeamea.ro\/albaiulia\/wp-content\/uploads\/2024\/07\/1000005911-898x1280.jpg\" alt=\"\" class=\"wp-image-112849\" srcset=\"https:\/\/urbeamea.ro\/albaiulia\/wp-content\/uploads\/2024\/07\/1000005911-898x1280.jpg 898w, https:\/\/urbeamea.ro\/albaiulia\/wp-content\/uploads\/2024\/07\/1000005911-449x640.jpg 449w, https:\/\/urbeamea.ro\/albaiulia\/wp-content\/uploads\/2024\/07\/1000005911-105x150.jpg 105w, https:\/\/urbeamea.ro\/albaiulia\/wp-content\/uploads\/2024\/07\/1000005911-768x1095.jpg 768w, https:\/\/urbeamea.ro\/albaiulia\/wp-content\/uploads\/2024\/07\/1000005911-1077x1536.jpg 1077w, https:\/\/urbeamea.ro\/albaiulia\/wp-content\/uploads\/2024\/07\/1000005911.jpg 1080w\" sizes=\"auto, (max-width: 898px) 100vw, 898px\" \/><\/figure>\n\n\n\n<figure class=\"wp-block-image size-large\"><img loading=\"lazy\" decoding=\"async\" width=\"1080\" height=\"720\" data-id=\"112847\" src=\"https:\/\/urbeamea.ro\/albaiulia\/wp-content\/uploads\/2024\/07\/1000005910.jpg\" alt=\"\" class=\"wp-image-112847\" srcset=\"https:\/\/urbeamea.ro\/albaiulia\/wp-content\/uploads\/2024\/07\/1000005910.jpg 1080w, https:\/\/urbeamea.ro\/albaiulia\/wp-content\/uploads\/2024\/07\/1000005910-640x427.jpg 640w, https:\/\/urbeamea.ro\/albaiulia\/wp-content\/uploads\/2024\/07\/1000005910-150x100.jpg 150w, https:\/\/urbeamea.ro\/albaiulia\/wp-content\/uploads\/2024\/07\/1000005910-768x512.jpg 768w\" sizes=\"auto, (max-width: 1080px) 100vw, 1080px\" \/><\/figure>\n<\/figure>\n\n\n\n<p><\/p>\n\n\n\n<p><\/p>\n\n\n\n<p><\/p>\n","protected":false},"excerpt":{"rendered":"<p>Vineri, 26 iulie, \u00eencepe la Alba Iulia o nou\u0103 edi\u021bie a S\u0103rb\u0103torii Muzicii. \u00cen prima sear\u0103, pe scenele amplasate \u00een zona Palatului Principilor Alba Iulia \u0219i a Pie\u021bei Cet\u0103\u021bii Alba Carolina, vor urca pianistul C\u0103t\u0103lin R\u0103ducanu \u0219i Analia Selis al\u0103turi de T\u00e2rgu Mure\u0219 Orchestra. \ud835\udc36\ud835\udc34\ud835\udc47\ud835\udc34\ud835\udc3f\ud835\udc3c\ud835\udc41 \ud835\udc45\ud835\udc34\ud835\udc37\ud835\udc48\ud835\udc36\ud835\udc34\ud835\udc41\ud835\udc48 \ud835\udc52\ud835\udc60\ud835\udc61\ud835\udc52 \ud835\udc54\ud835\udc4e\ud835\udc61\ud835\udc4e \ud835\udc60\ud835\udc4e \ud835\udc59\ud835\udc56\ud835\udc63\ud835\udc5f\ud835\udc52\ud835\udc67\ud835\udc52 \ud835\udc62\ud835\udc5b \ud835\udc5a\ud835\udc56\ud835\udc65 \ud835\udc52\ud835\udc50\ud835\udc59\ud835\udc52\ud835\udc50\ud835\udc61\ud835\udc56\ud835\udc50 \ud835\udc51\ud835\udc52 \ud835\udc50\ud835\udc59\ud835\udc4e\ud835\udc60\ud835\udc56\ud835\udc50, &hellip;<\/p>\n","protected":false},"author":28,"featured_media":0,"comment_status":"open","ping_status":"open","sticky":false,"template":"","format":"standard","meta":{"inline_featured_image":false,"footnotes":""},"categories":[2038,4,2034,1],"tags":[1847,5826],"class_list":["post-112841","post","type-post","status-publish","format-standard","hentry","category-cultura","category-eveniment","category-social","category-stiri-urbane","tag-festivalul-sarbatoarea-muzicii","tag-palatul-principilor"],"yoast_head":"<!-- This site is optimized with the Yoast SEO plugin v27.4 - https:\/\/yoast.com\/product\/yoast-seo-wordpress\/ -->\n<title>Vineri: S\u0103rb\u0103toarea Muzicii \u00een Cetatea Alba Iulia: C\u0103t\u0103lin R\u0103ducanu \u0219i Analia Selis \u0219i T\u00e2rgu Mure\u0219 Orchestra - Revista Urbea Mea - Revista de Alba<\/title>\n<meta name=\"description\" content=\"Vineri, 26 iulie, \u00eencepe la Alba Iulia o nou\u0103 edi\u021bie a S\u0103rb\u0103torii Muzicii. \u00cen prima sear\u0103, pe scenele amplasate \u00een zona Palatului Principilor Alba Iulia\" \/>\n<meta name=\"robots\" content=\"index, follow, max-snippet:-1, max-image-preview:large, max-video-preview:-1\" \/>\n<link rel=\"canonical\" href=\"https:\/\/urbeamea.ro\/albaiulia\/vineri-sarbatoarea-muzicii-in-cetatea-alba-iulia-catalin-raducanu-si-analia-selis-si-targu-mures-orchestra\/\" \/>\n<meta name=\"twitter:card\" content=\"summary_large_image\" \/>\n<meta name=\"twitter:title\" content=\"Vineri: S\u0103rb\u0103toarea Muzicii \u00een Cetatea Alba Iulia: C\u0103t\u0103lin R\u0103ducanu \u0219i Analia Selis \u0219i T\u00e2rgu Mure\u0219 Orchestra - Revista Urbea Mea - Revista de Alba\" \/>\n<meta name=\"twitter:description\" content=\"Vineri, 26 iulie, \u00eencepe la Alba Iulia o nou\u0103 edi\u021bie a S\u0103rb\u0103torii Muzicii. \u00cen prima sear\u0103, pe scenele amplasate \u00een zona Palatului Principilor Alba Iulia\" \/>\n<meta name=\"twitter:image\" content=\"https:\/\/urbeamea.ro\/albaiulia\/wp-content\/uploads\/2024\/07\/1000005909.jpg\" \/>\n<meta name=\"twitter:creator\" content=\"@urbeameaweb\" \/>\n<meta name=\"twitter:site\" content=\"@urbeameaweb\" \/>\n<script type=\"application\/ld+json\" class=\"yoast-schema-graph\">{\"@context\":\"https:\\\/\\\/schema.org\",\"@graph\":[{\"@type\":\"Article\",\"@id\":\"https:\\\/\\\/urbeamea.ro\\\/albaiulia\\\/vineri-sarbatoarea-muzicii-in-cetatea-alba-iulia-catalin-raducanu-si-analia-selis-si-targu-mures-orchestra\\\/#article\",\"isPartOf\":{\"@id\":\"https:\\\/\\\/urbeamea.ro\\\/albaiulia\\\/vineri-sarbatoarea-muzicii-in-cetatea-alba-iulia-catalin-raducanu-si-analia-selis-si-targu-mures-orchestra\\\/\"},\"author\":{\"name\":\"Giurca Sorin\",\"@id\":\"https:\\\/\\\/urbeamea.ro\\\/albaiulia\\\/#\\\/schema\\\/person\\\/5db3854ac38c1cc9f0ab4092d6a20f02\"},\"headline\":\"Vineri: S\u0103rb\u0103toarea Muzicii \u00een Cetatea Alba Iulia: C\u0103t\u0103lin R\u0103ducanu \u0219i Analia Selis \u0219i T\u00e2rgu Mure\u0219 Orchestra\",\"datePublished\":\"2024-07-23T18:38:01+00:00\",\"dateModified\":\"2024-07-23T18:38:38+00:00\",\"mainEntityOfPage\":{\"@id\":\"https:\\\/\\\/urbeamea.ro\\\/albaiulia\\\/vineri-sarbatoarea-muzicii-in-cetatea-alba-iulia-catalin-raducanu-si-analia-selis-si-targu-mures-orchestra\\\/\"},\"wordCount\":81,\"commentCount\":0,\"image\":{\"@id\":\"https:\\\/\\\/urbeamea.ro\\\/albaiulia\\\/vineri-sarbatoarea-muzicii-in-cetatea-alba-iulia-catalin-raducanu-si-analia-selis-si-targu-mures-orchestra\\\/#primaryimage\"},\"thumbnailUrl\":\"https:\\\/\\\/urbeamea.ro\\\/albaiulia\\\/wp-content\\\/uploads\\\/2024\\\/07\\\/1000005909.jpg\",\"keywords\":[\"Festivalul S\u0103rb\u0103toarea Muzicii\",\"palatul principilor\"],\"articleSection\":[\"Cultur\u0103\",\"Evenimente\",\"Social\",\"\u015etiri Urbane\"],\"inLanguage\":\"ro-RO\",\"potentialAction\":[{\"@type\":\"CommentAction\",\"name\":\"Comment\",\"target\":[\"https:\\\/\\\/urbeamea.ro\\\/albaiulia\\\/vineri-sarbatoarea-muzicii-in-cetatea-alba-iulia-catalin-raducanu-si-analia-selis-si-targu-mures-orchestra\\\/#respond\"]}]},{\"@type\":\"WebPage\",\"@id\":\"https:\\\/\\\/urbeamea.ro\\\/albaiulia\\\/vineri-sarbatoarea-muzicii-in-cetatea-alba-iulia-catalin-raducanu-si-analia-selis-si-targu-mures-orchestra\\\/\",\"url\":\"https:\\\/\\\/urbeamea.ro\\\/albaiulia\\\/vineri-sarbatoarea-muzicii-in-cetatea-alba-iulia-catalin-raducanu-si-analia-selis-si-targu-mures-orchestra\\\/\",\"name\":\"Vineri: S\u0103rb\u0103toarea Muzicii \u00een Cetatea Alba Iulia: C\u0103t\u0103lin R\u0103ducanu \u0219i Analia Selis \u0219i T\u00e2rgu Mure\u0219 Orchestra - Revista Urbea Mea - Revista de Alba\",\"isPartOf\":{\"@id\":\"https:\\\/\\\/urbeamea.ro\\\/albaiulia\\\/#website\"},\"primaryImageOfPage\":{\"@id\":\"https:\\\/\\\/urbeamea.ro\\\/albaiulia\\\/vineri-sarbatoarea-muzicii-in-cetatea-alba-iulia-catalin-raducanu-si-analia-selis-si-targu-mures-orchestra\\\/#primaryimage\"},\"image\":{\"@id\":\"https:\\\/\\\/urbeamea.ro\\\/albaiulia\\\/vineri-sarbatoarea-muzicii-in-cetatea-alba-iulia-catalin-raducanu-si-analia-selis-si-targu-mures-orchestra\\\/#primaryimage\"},\"thumbnailUrl\":\"https:\\\/\\\/urbeamea.ro\\\/albaiulia\\\/wp-content\\\/uploads\\\/2024\\\/07\\\/1000005909.jpg\",\"datePublished\":\"2024-07-23T18:38:01+00:00\",\"dateModified\":\"2024-07-23T18:38:38+00:00\",\"author\":{\"@id\":\"https:\\\/\\\/urbeamea.ro\\\/albaiulia\\\/#\\\/schema\\\/person\\\/5db3854ac38c1cc9f0ab4092d6a20f02\"},\"description\":\"Vineri, 26 iulie, \u00eencepe la Alba Iulia o nou\u0103 edi\u021bie a S\u0103rb\u0103torii Muzicii. \u00cen prima sear\u0103, pe scenele amplasate \u00een zona Palatului Principilor Alba Iulia\",\"breadcrumb\":{\"@id\":\"https:\\\/\\\/urbeamea.ro\\\/albaiulia\\\/vineri-sarbatoarea-muzicii-in-cetatea-alba-iulia-catalin-raducanu-si-analia-selis-si-targu-mures-orchestra\\\/#breadcrumb\"},\"inLanguage\":\"ro-RO\",\"potentialAction\":[{\"@type\":\"ReadAction\",\"target\":[\"https:\\\/\\\/urbeamea.ro\\\/albaiulia\\\/vineri-sarbatoarea-muzicii-in-cetatea-alba-iulia-catalin-raducanu-si-analia-selis-si-targu-mures-orchestra\\\/\"]}]},{\"@type\":\"ImageObject\",\"inLanguage\":\"ro-RO\",\"@id\":\"https:\\\/\\\/urbeamea.ro\\\/albaiulia\\\/vineri-sarbatoarea-muzicii-in-cetatea-alba-iulia-catalin-raducanu-si-analia-selis-si-targu-mures-orchestra\\\/#primaryimage\",\"url\":\"https:\\\/\\\/urbeamea.ro\\\/albaiulia\\\/wp-content\\\/uploads\\\/2024\\\/07\\\/1000005909.jpg\",\"contentUrl\":\"https:\\\/\\\/urbeamea.ro\\\/albaiulia\\\/wp-content\\\/uploads\\\/2024\\\/07\\\/1000005909.jpg\",\"width\":1080,\"height\":720},{\"@type\":\"BreadcrumbList\",\"@id\":\"https:\\\/\\\/urbeamea.ro\\\/albaiulia\\\/vineri-sarbatoarea-muzicii-in-cetatea-alba-iulia-catalin-raducanu-si-analia-selis-si-targu-mures-orchestra\\\/#breadcrumb\",\"itemListElement\":[{\"@type\":\"ListItem\",\"position\":1,\"name\":\"Prima pagin\u0103\",\"item\":\"https:\\\/\\\/urbeamea.ro\\\/albaiulia\\\/\"},{\"@type\":\"ListItem\",\"position\":2,\"name\":\"Vineri: S\u0103rb\u0103toarea Muzicii \u00een Cetatea Alba Iulia: C\u0103t\u0103lin R\u0103ducanu \u0219i Analia Selis \u0219i T\u00e2rgu Mure\u0219 Orchestra\"}]},{\"@type\":\"WebSite\",\"@id\":\"https:\\\/\\\/urbeamea.ro\\\/albaiulia\\\/#website\",\"url\":\"https:\\\/\\\/urbeamea.ro\\\/albaiulia\\\/\",\"name\":\"Revista Urbea Mea, Stiri urbane\",\"description\":\"Evenimente \u0219i \u0219tiri din Alba Iulia, Sebe\u0219, Aiud, Blaj\",\"potentialAction\":[{\"@type\":\"SearchAction\",\"target\":{\"@type\":\"EntryPoint\",\"urlTemplate\":\"https:\\\/\\\/urbeamea.ro\\\/albaiulia\\\/?s={search_term_string}\"},\"query-input\":{\"@type\":\"PropertyValueSpecification\",\"valueRequired\":true,\"valueName\":\"search_term_string\"}}],\"inLanguage\":\"ro-RO\"},{\"@type\":\"Person\",\"@id\":\"https:\\\/\\\/urbeamea.ro\\\/albaiulia\\\/#\\\/schema\\\/person\\\/5db3854ac38c1cc9f0ab4092d6a20f02\",\"name\":\"Giurca Sorin\",\"image\":{\"@type\":\"ImageObject\",\"inLanguage\":\"ro-RO\",\"@id\":\"https:\\\/\\\/secure.gravatar.com\\\/avatar\\\/120f6fcae7b3b47a7730cb9943f612f4909f68ac5284b5f40ac1c4615fd70576?s=96&d=mm&r=g\",\"url\":\"https:\\\/\\\/secure.gravatar.com\\\/avatar\\\/120f6fcae7b3b47a7730cb9943f612f4909f68ac5284b5f40ac1c4615fd70576?s=96&d=mm&r=g\",\"contentUrl\":\"https:\\\/\\\/secure.gravatar.com\\\/avatar\\\/120f6fcae7b3b47a7730cb9943f612f4909f68ac5284b5f40ac1c4615fd70576?s=96&d=mm&r=g\",\"caption\":\"Giurca Sorin\"},\"url\":\"https:\\\/\\\/urbeamea.ro\\\/albaiulia\\\/author\\\/sorin\\\/\"}]}<\/script>\n<!-- \/ Yoast SEO plugin. -->","yoast_head_json":{"title":"Vineri: S\u0103rb\u0103toarea Muzicii \u00een Cetatea Alba Iulia: C\u0103t\u0103lin R\u0103ducanu \u0219i Analia Selis \u0219i T\u00e2rgu Mure\u0219 Orchestra - Revista Urbea Mea - Revista de Alba","description":"Vineri, 26 iulie, \u00eencepe la Alba Iulia o nou\u0103 edi\u021bie a S\u0103rb\u0103torii Muzicii. \u00cen prima sear\u0103, pe scenele amplasate \u00een zona Palatului Principilor Alba Iulia","robots":{"index":"index","follow":"follow","max-snippet":"max-snippet:-1","max-image-preview":"max-image-preview:large","max-video-preview":"max-video-preview:-1"},"canonical":"https:\/\/urbeamea.ro\/albaiulia\/vineri-sarbatoarea-muzicii-in-cetatea-alba-iulia-catalin-raducanu-si-analia-selis-si-targu-mures-orchestra\/","twitter_card":"summary_large_image","twitter_title":"Vineri: S\u0103rb\u0103toarea Muzicii \u00een Cetatea Alba Iulia: C\u0103t\u0103lin R\u0103ducanu \u0219i Analia Selis \u0219i T\u00e2rgu Mure\u0219 Orchestra - Revista Urbea Mea - Revista de Alba","twitter_description":"Vineri, 26 iulie, \u00eencepe la Alba Iulia o nou\u0103 edi\u021bie a S\u0103rb\u0103torii Muzicii. \u00cen prima sear\u0103, pe scenele amplasate \u00een zona Palatului Principilor Alba Iulia","twitter_image":"https:\/\/urbeamea.ro\/albaiulia\/wp-content\/uploads\/2024\/07\/1000005909.jpg","twitter_creator":"@urbeameaweb","twitter_site":"@urbeameaweb","schema":{"@context":"https:\/\/schema.org","@graph":[{"@type":"Article","@id":"https:\/\/urbeamea.ro\/albaiulia\/vineri-sarbatoarea-muzicii-in-cetatea-alba-iulia-catalin-raducanu-si-analia-selis-si-targu-mures-orchestra\/#article","isPartOf":{"@id":"https:\/\/urbeamea.ro\/albaiulia\/vineri-sarbatoarea-muzicii-in-cetatea-alba-iulia-catalin-raducanu-si-analia-selis-si-targu-mures-orchestra\/"},"author":{"name":"Giurca Sorin","@id":"https:\/\/urbeamea.ro\/albaiulia\/#\/schema\/person\/5db3854ac38c1cc9f0ab4092d6a20f02"},"headline":"Vineri: S\u0103rb\u0103toarea Muzicii \u00een Cetatea Alba Iulia: C\u0103t\u0103lin R\u0103ducanu \u0219i Analia Selis \u0219i T\u00e2rgu Mure\u0219 Orchestra","datePublished":"2024-07-23T18:38:01+00:00","dateModified":"2024-07-23T18:38:38+00:00","mainEntityOfPage":{"@id":"https:\/\/urbeamea.ro\/albaiulia\/vineri-sarbatoarea-muzicii-in-cetatea-alba-iulia-catalin-raducanu-si-analia-selis-si-targu-mures-orchestra\/"},"wordCount":81,"commentCount":0,"image":{"@id":"https:\/\/urbeamea.ro\/albaiulia\/vineri-sarbatoarea-muzicii-in-cetatea-alba-iulia-catalin-raducanu-si-analia-selis-si-targu-mures-orchestra\/#primaryimage"},"thumbnailUrl":"https:\/\/urbeamea.ro\/albaiulia\/wp-content\/uploads\/2024\/07\/1000005909.jpg","keywords":["Festivalul S\u0103rb\u0103toarea Muzicii","palatul principilor"],"articleSection":["Cultur\u0103","Evenimente","Social","\u015etiri Urbane"],"inLanguage":"ro-RO","potentialAction":[{"@type":"CommentAction","name":"Comment","target":["https:\/\/urbeamea.ro\/albaiulia\/vineri-sarbatoarea-muzicii-in-cetatea-alba-iulia-catalin-raducanu-si-analia-selis-si-targu-mures-orchestra\/#respond"]}]},{"@type":"WebPage","@id":"https:\/\/urbeamea.ro\/albaiulia\/vineri-sarbatoarea-muzicii-in-cetatea-alba-iulia-catalin-raducanu-si-analia-selis-si-targu-mures-orchestra\/","url":"https:\/\/urbeamea.ro\/albaiulia\/vineri-sarbatoarea-muzicii-in-cetatea-alba-iulia-catalin-raducanu-si-analia-selis-si-targu-mures-orchestra\/","name":"Vineri: S\u0103rb\u0103toarea Muzicii \u00een Cetatea Alba Iulia: C\u0103t\u0103lin R\u0103ducanu \u0219i Analia Selis \u0219i T\u00e2rgu Mure\u0219 Orchestra - Revista Urbea Mea - Revista de Alba","isPartOf":{"@id":"https:\/\/urbeamea.ro\/albaiulia\/#website"},"primaryImageOfPage":{"@id":"https:\/\/urbeamea.ro\/albaiulia\/vineri-sarbatoarea-muzicii-in-cetatea-alba-iulia-catalin-raducanu-si-analia-selis-si-targu-mures-orchestra\/#primaryimage"},"image":{"@id":"https:\/\/urbeamea.ro\/albaiulia\/vineri-sarbatoarea-muzicii-in-cetatea-alba-iulia-catalin-raducanu-si-analia-selis-si-targu-mures-orchestra\/#primaryimage"},"thumbnailUrl":"https:\/\/urbeamea.ro\/albaiulia\/wp-content\/uploads\/2024\/07\/1000005909.jpg","datePublished":"2024-07-23T18:38:01+00:00","dateModified":"2024-07-23T18:38:38+00:00","author":{"@id":"https:\/\/urbeamea.ro\/albaiulia\/#\/schema\/person\/5db3854ac38c1cc9f0ab4092d6a20f02"},"description":"Vineri, 26 iulie, \u00eencepe la Alba Iulia o nou\u0103 edi\u021bie a S\u0103rb\u0103torii Muzicii. \u00cen prima sear\u0103, pe scenele amplasate \u00een zona Palatului Principilor Alba Iulia","breadcrumb":{"@id":"https:\/\/urbeamea.ro\/albaiulia\/vineri-sarbatoarea-muzicii-in-cetatea-alba-iulia-catalin-raducanu-si-analia-selis-si-targu-mures-orchestra\/#breadcrumb"},"inLanguage":"ro-RO","potentialAction":[{"@type":"ReadAction","target":["https:\/\/urbeamea.ro\/albaiulia\/vineri-sarbatoarea-muzicii-in-cetatea-alba-iulia-catalin-raducanu-si-analia-selis-si-targu-mures-orchestra\/"]}]},{"@type":"ImageObject","inLanguage":"ro-RO","@id":"https:\/\/urbeamea.ro\/albaiulia\/vineri-sarbatoarea-muzicii-in-cetatea-alba-iulia-catalin-raducanu-si-analia-selis-si-targu-mures-orchestra\/#primaryimage","url":"https:\/\/urbeamea.ro\/albaiulia\/wp-content\/uploads\/2024\/07\/1000005909.jpg","contentUrl":"https:\/\/urbeamea.ro\/albaiulia\/wp-content\/uploads\/2024\/07\/1000005909.jpg","width":1080,"height":720},{"@type":"BreadcrumbList","@id":"https:\/\/urbeamea.ro\/albaiulia\/vineri-sarbatoarea-muzicii-in-cetatea-alba-iulia-catalin-raducanu-si-analia-selis-si-targu-mures-orchestra\/#breadcrumb","itemListElement":[{"@type":"ListItem","position":1,"name":"Prima pagin\u0103","item":"https:\/\/urbeamea.ro\/albaiulia\/"},{"@type":"ListItem","position":2,"name":"Vineri: S\u0103rb\u0103toarea Muzicii \u00een Cetatea Alba Iulia: C\u0103t\u0103lin R\u0103ducanu \u0219i Analia Selis \u0219i T\u00e2rgu Mure\u0219 Orchestra"}]},{"@type":"WebSite","@id":"https:\/\/urbeamea.ro\/albaiulia\/#website","url":"https:\/\/urbeamea.ro\/albaiulia\/","name":"Revista Urbea Mea, Stiri urbane","description":"Evenimente \u0219i \u0219tiri din Alba Iulia, Sebe\u0219, Aiud, Blaj","potentialAction":[{"@type":"SearchAction","target":{"@type":"EntryPoint","urlTemplate":"https:\/\/urbeamea.ro\/albaiulia\/?s={search_term_string}"},"query-input":{"@type":"PropertyValueSpecification","valueRequired":true,"valueName":"search_term_string"}}],"inLanguage":"ro-RO"},{"@type":"Person","@id":"https:\/\/urbeamea.ro\/albaiulia\/#\/schema\/person\/5db3854ac38c1cc9f0ab4092d6a20f02","name":"Giurca Sorin","image":{"@type":"ImageObject","inLanguage":"ro-RO","@id":"https:\/\/secure.gravatar.com\/avatar\/120f6fcae7b3b47a7730cb9943f612f4909f68ac5284b5f40ac1c4615fd70576?s=96&d=mm&r=g","url":"https:\/\/secure.gravatar.com\/avatar\/120f6fcae7b3b47a7730cb9943f612f4909f68ac5284b5f40ac1c4615fd70576?s=96&d=mm&r=g","contentUrl":"https:\/\/secure.gravatar.com\/avatar\/120f6fcae7b3b47a7730cb9943f612f4909f68ac5284b5f40ac1c4615fd70576?s=96&d=mm&r=g","caption":"Giurca Sorin"},"url":"https:\/\/urbeamea.ro\/albaiulia\/author\/sorin\/"}]}},"_links":{"self":[{"href":"https:\/\/urbeamea.ro\/albaiulia\/wp-json\/wp\/v2\/posts\/112841","targetHints":{"allow":["GET"]}}],"collection":[{"href":"https:\/\/urbeamea.ro\/albaiulia\/wp-json\/wp\/v2\/posts"}],"about":[{"href":"https:\/\/urbeamea.ro\/albaiulia\/wp-json\/wp\/v2\/types\/post"}],"author":[{"embeddable":true,"href":"https:\/\/urbeamea.ro\/albaiulia\/wp-json\/wp\/v2\/users\/28"}],"replies":[{"embeddable":true,"href":"https:\/\/urbeamea.ro\/albaiulia\/wp-json\/wp\/v2\/comments?post=112841"}],"version-history":[{"count":1,"href":"https:\/\/urbeamea.ro\/albaiulia\/wp-json\/wp\/v2\/posts\/112841\/revisions"}],"predecessor-version":[{"id":112850,"href":"https:\/\/urbeamea.ro\/albaiulia\/wp-json\/wp\/v2\/posts\/112841\/revisions\/112850"}],"wp:attachment":[{"href":"https:\/\/urbeamea.ro\/albaiulia\/wp-json\/wp\/v2\/media?parent=112841"}],"wp:term":[{"taxonomy":"category","embeddable":true,"href":"https:\/\/urbeamea.ro\/albaiulia\/wp-json\/wp\/v2\/categories?post=112841"},{"taxonomy":"post_tag","embeddable":true,"href":"https:\/\/urbeamea.ro\/albaiulia\/wp-json\/wp\/v2\/tags?post=112841"}],"curies":[{"name":"wp","href":"https:\/\/api.w.org\/{rel}","templated":true}]}}