{"id":112853,"date":"2024-07-24T11:50:48","date_gmt":"2024-07-24T08:50:48","guid":{"rendered":"https:\/\/urbeamea.ro\/albaiulia\/?p=112853"},"modified":"2024-07-24T11:50:49","modified_gmt":"2024-07-24T08:50:49","slug":"cod-portocaliu-de-ploi-in-judetul-alba-valabil-pana-miercuri-seara","status":"publish","type":"post","link":"https:\/\/urbeamea.ro\/albaiulia\/cod-portocaliu-de-ploi-in-judetul-alba-valabil-pana-miercuri-seara\/","title":{"rendered":"Cod portocaliu de ploi \u00een jude\u021bul Alba, valabil p\u00e2n\u0103 miercuri sear\u0103"},"content":{"rendered":"\n<p><strong>Agen\u021bia Na\u021bional\u0103 de Meteorologie a emis miercuri, o avertizare cod portocaliu de instabilitate atmosferic\u0103 \u0219i ploi, pentru mai multe jude\u021be din Rom\u00e2nia, printre acestea afl\u00e2ndu-se \u0219i Alba.<\/strong><\/p>\n\n\n\n<p>Avertizarea este valabil\u0103 de ast\u0103zi de la ora 12.00 \u0219i p\u00e2n\u0103 miercuri  sear\u0103 la ora 21.00.<\/p>\n\n\n\n<p>Potrivit ANM, \u00een sud-vestul Transilvaniei \u0219i pe arii extinse la munte vor fi perioade cu averse toren\u021biale. \u00cen intervale scurte de timp sau prin acumulare cantit\u0103\u021bile de ap\u0103 vor fi de 30&#8230;40 l\/mp \u0219i pe arii restr\u00e2nse de peste 50&#8230;70 l\/mp.<\/p>\n\n\n\n<p>Jude\u021bele vizate de codul portocaliu sunt: Suceava, Neam\u0163, Bac\u0103u, Vrancea, Buz\u0103u, Prahova, Bra\u015fov, Harghita, Covasna, Sibiu, Arge\u015f, V\u00e2lcea, D\u00e2mbovi\u0163a, Gorj, Cara\u015f-Severin, Mehedin\u0163i, Hunedoara \u015fi Alba.<\/p>\n\n\n\n<figure class=\"wp-block-image size-full\"><img loading=\"lazy\" decoding=\"async\" width=\"800\" height=\"528\" src=\"https:\/\/urbeamea.ro\/albaiulia\/wp-content\/uploads\/2024\/07\/1000005939.jpg\" alt=\"\" class=\"wp-image-112854\" srcset=\"https:\/\/urbeamea.ro\/albaiulia\/wp-content\/uploads\/2024\/07\/1000005939.jpg 800w, https:\/\/urbeamea.ro\/albaiulia\/wp-content\/uploads\/2024\/07\/1000005939-640x422.jpg 640w, https:\/\/urbeamea.ro\/albaiulia\/wp-content\/uploads\/2024\/07\/1000005939-150x99.jpg 150w, https:\/\/urbeamea.ro\/albaiulia\/wp-content\/uploads\/2024\/07\/1000005939-768x507.jpg 768w\" sizes=\"auto, (max-width: 800px) 100vw, 800px\" \/><\/figure>\n\n\n\n<p><\/p>\n\n\n\n<p><\/p>\n\n\n\n<p><\/p>\n","protected":false},"excerpt":{"rendered":"<p>Agen\u021bia Na\u021bional\u0103 de Meteorologie a emis miercuri, o avertizare cod portocaliu de instabilitate atmosferic\u0103 \u0219i ploi, pentru mai multe jude\u021be din Rom\u00e2nia, printre acestea afl\u00e2ndu-se \u0219i Alba. Avertizarea este valabil\u0103 de ast\u0103zi de la ora 12.00 \u0219i p\u00e2n\u0103 miercuri sear\u0103 la ora 21.00. Potrivit ANM, \u00een sud-vestul Transilvaniei \u0219i pe arii extinse la munte vor &hellip;<\/p>\n","protected":false},"author":28,"featured_media":112854,"comment_status":"open","ping_status":"open","sticky":false,"template":"","format":"standard","meta":{"inline_featured_image":false,"footnotes":""},"categories":[2034],"tags":[1929],"class_list":["post-112853","post","type-post","status-publish","format-standard","has-post-thumbnail","hentry","category-social","tag-cod-portocaliu"],"yoast_head":"<!-- This site is optimized with the Yoast SEO plugin v27.4 - https:\/\/yoast.com\/product\/yoast-seo-wordpress\/ -->\n<title>Cod portocaliu de ploi \u00een jude\u021bul Alba, valabil p\u00e2n\u0103 miercuri sear\u0103 - Revista Urbea Mea - Revista de Alba<\/title>\n<meta name=\"description\" content=\"Agen\u021bia Na\u021bional\u0103 de Meteorologie a emis miercuri, o avertizare cod portocaliu de instabilitate atmosferic\u0103 \u0219i ploi, pentru mai multe jude\u021be din Rom\u00e2nia,\" \/>\n<meta name=\"robots\" content=\"index, follow, max-snippet:-1, max-image-preview:large, max-video-preview:-1\" \/>\n<link rel=\"canonical\" href=\"https:\/\/urbeamea.ro\/albaiulia\/cod-portocaliu-de-ploi-in-judetul-alba-valabil-pana-miercuri-seara\/\" \/>\n<meta name=\"twitter:card\" content=\"summary_large_image\" \/>\n<meta name=\"twitter:title\" content=\"Cod portocaliu de ploi \u00een jude\u021bul Alba, valabil p\u00e2n\u0103 miercuri sear\u0103 - Revista Urbea Mea - Revista de Alba\" \/>\n<meta name=\"twitter:description\" content=\"Agen\u021bia Na\u021bional\u0103 de Meteorologie a emis miercuri, o avertizare cod portocaliu de instabilitate atmosferic\u0103 \u0219i ploi, pentru mai multe jude\u021be din Rom\u00e2nia,\" \/>\n<meta name=\"twitter:image\" content=\"https:\/\/urbeamea.ro\/albaiulia\/wp-content\/uploads\/2024\/07\/1000005939.jpg\" \/>\n<meta name=\"twitter:creator\" content=\"@urbeameaweb\" \/>\n<meta name=\"twitter:site\" content=\"@urbeameaweb\" \/>\n<script type=\"application\/ld+json\" class=\"yoast-schema-graph\">{\"@context\":\"https:\\\/\\\/schema.org\",\"@graph\":[{\"@type\":\"Article\",\"@id\":\"https:\\\/\\\/urbeamea.ro\\\/albaiulia\\\/cod-portocaliu-de-ploi-in-judetul-alba-valabil-pana-miercuri-seara\\\/#article\",\"isPartOf\":{\"@id\":\"https:\\\/\\\/urbeamea.ro\\\/albaiulia\\\/cod-portocaliu-de-ploi-in-judetul-alba-valabil-pana-miercuri-seara\\\/\"},\"author\":{\"name\":\"Giurca Sorin\",\"@id\":\"https:\\\/\\\/urbeamea.ro\\\/albaiulia\\\/#\\\/schema\\\/person\\\/5db3854ac38c1cc9f0ab4092d6a20f02\"},\"headline\":\"Cod portocaliu de ploi \u00een jude\u021bul Alba, valabil p\u00e2n\u0103 miercuri sear\u0103\",\"datePublished\":\"2024-07-24T08:50:48+00:00\",\"dateModified\":\"2024-07-24T08:50:49+00:00\",\"mainEntityOfPage\":{\"@id\":\"https:\\\/\\\/urbeamea.ro\\\/albaiulia\\\/cod-portocaliu-de-ploi-in-judetul-alba-valabil-pana-miercuri-seara\\\/\"},\"wordCount\":139,\"commentCount\":0,\"image\":{\"@id\":\"https:\\\/\\\/urbeamea.ro\\\/albaiulia\\\/cod-portocaliu-de-ploi-in-judetul-alba-valabil-pana-miercuri-seara\\\/#primaryimage\"},\"thumbnailUrl\":\"https:\\\/\\\/urbeamea.ro\\\/albaiulia\\\/wp-content\\\/uploads\\\/2024\\\/07\\\/1000005939.jpg\",\"keywords\":[\"cod portocaliu\"],\"articleSection\":[\"Social\"],\"inLanguage\":\"ro-RO\",\"potentialAction\":[{\"@type\":\"CommentAction\",\"name\":\"Comment\",\"target\":[\"https:\\\/\\\/urbeamea.ro\\\/albaiulia\\\/cod-portocaliu-de-ploi-in-judetul-alba-valabil-pana-miercuri-seara\\\/#respond\"]}]},{\"@type\":\"WebPage\",\"@id\":\"https:\\\/\\\/urbeamea.ro\\\/albaiulia\\\/cod-portocaliu-de-ploi-in-judetul-alba-valabil-pana-miercuri-seara\\\/\",\"url\":\"https:\\\/\\\/urbeamea.ro\\\/albaiulia\\\/cod-portocaliu-de-ploi-in-judetul-alba-valabil-pana-miercuri-seara\\\/\",\"name\":\"Cod portocaliu de ploi \u00een jude\u021bul Alba, valabil p\u00e2n\u0103 miercuri sear\u0103 - Revista Urbea Mea - Revista de Alba\",\"isPartOf\":{\"@id\":\"https:\\\/\\\/urbeamea.ro\\\/albaiulia\\\/#website\"},\"primaryImageOfPage\":{\"@id\":\"https:\\\/\\\/urbeamea.ro\\\/albaiulia\\\/cod-portocaliu-de-ploi-in-judetul-alba-valabil-pana-miercuri-seara\\\/#primaryimage\"},\"image\":{\"@id\":\"https:\\\/\\\/urbeamea.ro\\\/albaiulia\\\/cod-portocaliu-de-ploi-in-judetul-alba-valabil-pana-miercuri-seara\\\/#primaryimage\"},\"thumbnailUrl\":\"https:\\\/\\\/urbeamea.ro\\\/albaiulia\\\/wp-content\\\/uploads\\\/2024\\\/07\\\/1000005939.jpg\",\"datePublished\":\"2024-07-24T08:50:48+00:00\",\"dateModified\":\"2024-07-24T08:50:49+00:00\",\"author\":{\"@id\":\"https:\\\/\\\/urbeamea.ro\\\/albaiulia\\\/#\\\/schema\\\/person\\\/5db3854ac38c1cc9f0ab4092d6a20f02\"},\"description\":\"Agen\u021bia Na\u021bional\u0103 de Meteorologie a emis miercuri, o avertizare cod portocaliu de instabilitate atmosferic\u0103 \u0219i ploi, pentru mai multe jude\u021be din Rom\u00e2nia,\",\"breadcrumb\":{\"@id\":\"https:\\\/\\\/urbeamea.ro\\\/albaiulia\\\/cod-portocaliu-de-ploi-in-judetul-alba-valabil-pana-miercuri-seara\\\/#breadcrumb\"},\"inLanguage\":\"ro-RO\",\"potentialAction\":[{\"@type\":\"ReadAction\",\"target\":[\"https:\\\/\\\/urbeamea.ro\\\/albaiulia\\\/cod-portocaliu-de-ploi-in-judetul-alba-valabil-pana-miercuri-seara\\\/\"]}]},{\"@type\":\"ImageObject\",\"inLanguage\":\"ro-RO\",\"@id\":\"https:\\\/\\\/urbeamea.ro\\\/albaiulia\\\/cod-portocaliu-de-ploi-in-judetul-alba-valabil-pana-miercuri-seara\\\/#primaryimage\",\"url\":\"https:\\\/\\\/urbeamea.ro\\\/albaiulia\\\/wp-content\\\/uploads\\\/2024\\\/07\\\/1000005939.jpg\",\"contentUrl\":\"https:\\\/\\\/urbeamea.ro\\\/albaiulia\\\/wp-content\\\/uploads\\\/2024\\\/07\\\/1000005939.jpg\",\"width\":800,\"height\":528},{\"@type\":\"BreadcrumbList\",\"@id\":\"https:\\\/\\\/urbeamea.ro\\\/albaiulia\\\/cod-portocaliu-de-ploi-in-judetul-alba-valabil-pana-miercuri-seara\\\/#breadcrumb\",\"itemListElement\":[{\"@type\":\"ListItem\",\"position\":1,\"name\":\"Prima pagin\u0103\",\"item\":\"https:\\\/\\\/urbeamea.ro\\\/albaiulia\\\/\"},{\"@type\":\"ListItem\",\"position\":2,\"name\":\"Cod portocaliu de ploi \u00een jude\u021bul Alba, valabil p\u00e2n\u0103 miercuri sear\u0103\"}]},{\"@type\":\"WebSite\",\"@id\":\"https:\\\/\\\/urbeamea.ro\\\/albaiulia\\\/#website\",\"url\":\"https:\\\/\\\/urbeamea.ro\\\/albaiulia\\\/\",\"name\":\"Revista Urbea Mea, Stiri urbane\",\"description\":\"Evenimente \u0219i \u0219tiri din Alba Iulia, Sebe\u0219, Aiud, Blaj\",\"potentialAction\":[{\"@type\":\"SearchAction\",\"target\":{\"@type\":\"EntryPoint\",\"urlTemplate\":\"https:\\\/\\\/urbeamea.ro\\\/albaiulia\\\/?s={search_term_string}\"},\"query-input\":{\"@type\":\"PropertyValueSpecification\",\"valueRequired\":true,\"valueName\":\"search_term_string\"}}],\"inLanguage\":\"ro-RO\"},{\"@type\":\"Person\",\"@id\":\"https:\\\/\\\/urbeamea.ro\\\/albaiulia\\\/#\\\/schema\\\/person\\\/5db3854ac38c1cc9f0ab4092d6a20f02\",\"name\":\"Giurca Sorin\",\"image\":{\"@type\":\"ImageObject\",\"inLanguage\":\"ro-RO\",\"@id\":\"https:\\\/\\\/secure.gravatar.com\\\/avatar\\\/120f6fcae7b3b47a7730cb9943f612f4909f68ac5284b5f40ac1c4615fd70576?s=96&d=mm&r=g\",\"url\":\"https:\\\/\\\/secure.gravatar.com\\\/avatar\\\/120f6fcae7b3b47a7730cb9943f612f4909f68ac5284b5f40ac1c4615fd70576?s=96&d=mm&r=g\",\"contentUrl\":\"https:\\\/\\\/secure.gravatar.com\\\/avatar\\\/120f6fcae7b3b47a7730cb9943f612f4909f68ac5284b5f40ac1c4615fd70576?s=96&d=mm&r=g\",\"caption\":\"Giurca Sorin\"},\"url\":\"https:\\\/\\\/urbeamea.ro\\\/albaiulia\\\/author\\\/sorin\\\/\"}]}<\/script>\n<!-- \/ Yoast SEO plugin. -->","yoast_head_json":{"title":"Cod portocaliu de ploi \u00een jude\u021bul Alba, valabil p\u00e2n\u0103 miercuri sear\u0103 - Revista Urbea Mea - Revista de Alba","description":"Agen\u021bia Na\u021bional\u0103 de Meteorologie a emis miercuri, o avertizare cod portocaliu de instabilitate atmosferic\u0103 \u0219i ploi, pentru mai multe jude\u021be din Rom\u00e2nia,","robots":{"index":"index","follow":"follow","max-snippet":"max-snippet:-1","max-image-preview":"max-image-preview:large","max-video-preview":"max-video-preview:-1"},"canonical":"https:\/\/urbeamea.ro\/albaiulia\/cod-portocaliu-de-ploi-in-judetul-alba-valabil-pana-miercuri-seara\/","twitter_card":"summary_large_image","twitter_title":"Cod portocaliu de ploi \u00een jude\u021bul Alba, valabil p\u00e2n\u0103 miercuri sear\u0103 - Revista Urbea Mea - Revista de Alba","twitter_description":"Agen\u021bia Na\u021bional\u0103 de Meteorologie a emis miercuri, o avertizare cod portocaliu de instabilitate atmosferic\u0103 \u0219i ploi, pentru mai multe jude\u021be din Rom\u00e2nia,","twitter_image":"https:\/\/urbeamea.ro\/albaiulia\/wp-content\/uploads\/2024\/07\/1000005939.jpg","twitter_creator":"@urbeameaweb","twitter_site":"@urbeameaweb","schema":{"@context":"https:\/\/schema.org","@graph":[{"@type":"Article","@id":"https:\/\/urbeamea.ro\/albaiulia\/cod-portocaliu-de-ploi-in-judetul-alba-valabil-pana-miercuri-seara\/#article","isPartOf":{"@id":"https:\/\/urbeamea.ro\/albaiulia\/cod-portocaliu-de-ploi-in-judetul-alba-valabil-pana-miercuri-seara\/"},"author":{"name":"Giurca Sorin","@id":"https:\/\/urbeamea.ro\/albaiulia\/#\/schema\/person\/5db3854ac38c1cc9f0ab4092d6a20f02"},"headline":"Cod portocaliu de ploi \u00een jude\u021bul Alba, valabil p\u00e2n\u0103 miercuri sear\u0103","datePublished":"2024-07-24T08:50:48+00:00","dateModified":"2024-07-24T08:50:49+00:00","mainEntityOfPage":{"@id":"https:\/\/urbeamea.ro\/albaiulia\/cod-portocaliu-de-ploi-in-judetul-alba-valabil-pana-miercuri-seara\/"},"wordCount":139,"commentCount":0,"image":{"@id":"https:\/\/urbeamea.ro\/albaiulia\/cod-portocaliu-de-ploi-in-judetul-alba-valabil-pana-miercuri-seara\/#primaryimage"},"thumbnailUrl":"https:\/\/urbeamea.ro\/albaiulia\/wp-content\/uploads\/2024\/07\/1000005939.jpg","keywords":["cod portocaliu"],"articleSection":["Social"],"inLanguage":"ro-RO","potentialAction":[{"@type":"CommentAction","name":"Comment","target":["https:\/\/urbeamea.ro\/albaiulia\/cod-portocaliu-de-ploi-in-judetul-alba-valabil-pana-miercuri-seara\/#respond"]}]},{"@type":"WebPage","@id":"https:\/\/urbeamea.ro\/albaiulia\/cod-portocaliu-de-ploi-in-judetul-alba-valabil-pana-miercuri-seara\/","url":"https:\/\/urbeamea.ro\/albaiulia\/cod-portocaliu-de-ploi-in-judetul-alba-valabil-pana-miercuri-seara\/","name":"Cod portocaliu de ploi \u00een jude\u021bul Alba, valabil p\u00e2n\u0103 miercuri sear\u0103 - Revista Urbea Mea - Revista de Alba","isPartOf":{"@id":"https:\/\/urbeamea.ro\/albaiulia\/#website"},"primaryImageOfPage":{"@id":"https:\/\/urbeamea.ro\/albaiulia\/cod-portocaliu-de-ploi-in-judetul-alba-valabil-pana-miercuri-seara\/#primaryimage"},"image":{"@id":"https:\/\/urbeamea.ro\/albaiulia\/cod-portocaliu-de-ploi-in-judetul-alba-valabil-pana-miercuri-seara\/#primaryimage"},"thumbnailUrl":"https:\/\/urbeamea.ro\/albaiulia\/wp-content\/uploads\/2024\/07\/1000005939.jpg","datePublished":"2024-07-24T08:50:48+00:00","dateModified":"2024-07-24T08:50:49+00:00","author":{"@id":"https:\/\/urbeamea.ro\/albaiulia\/#\/schema\/person\/5db3854ac38c1cc9f0ab4092d6a20f02"},"description":"Agen\u021bia Na\u021bional\u0103 de Meteorologie a emis miercuri, o avertizare cod portocaliu de instabilitate atmosferic\u0103 \u0219i ploi, pentru mai multe jude\u021be din Rom\u00e2nia,","breadcrumb":{"@id":"https:\/\/urbeamea.ro\/albaiulia\/cod-portocaliu-de-ploi-in-judetul-alba-valabil-pana-miercuri-seara\/#breadcrumb"},"inLanguage":"ro-RO","potentialAction":[{"@type":"ReadAction","target":["https:\/\/urbeamea.ro\/albaiulia\/cod-portocaliu-de-ploi-in-judetul-alba-valabil-pana-miercuri-seara\/"]}]},{"@type":"ImageObject","inLanguage":"ro-RO","@id":"https:\/\/urbeamea.ro\/albaiulia\/cod-portocaliu-de-ploi-in-judetul-alba-valabil-pana-miercuri-seara\/#primaryimage","url":"https:\/\/urbeamea.ro\/albaiulia\/wp-content\/uploads\/2024\/07\/1000005939.jpg","contentUrl":"https:\/\/urbeamea.ro\/albaiulia\/wp-content\/uploads\/2024\/07\/1000005939.jpg","width":800,"height":528},{"@type":"BreadcrumbList","@id":"https:\/\/urbeamea.ro\/albaiulia\/cod-portocaliu-de-ploi-in-judetul-alba-valabil-pana-miercuri-seara\/#breadcrumb","itemListElement":[{"@type":"ListItem","position":1,"name":"Prima pagin\u0103","item":"https:\/\/urbeamea.ro\/albaiulia\/"},{"@type":"ListItem","position":2,"name":"Cod portocaliu de ploi \u00een jude\u021bul Alba, valabil p\u00e2n\u0103 miercuri sear\u0103"}]},{"@type":"WebSite","@id":"https:\/\/urbeamea.ro\/albaiulia\/#website","url":"https:\/\/urbeamea.ro\/albaiulia\/","name":"Revista Urbea Mea, Stiri urbane","description":"Evenimente \u0219i \u0219tiri din Alba Iulia, Sebe\u0219, Aiud, Blaj","potentialAction":[{"@type":"SearchAction","target":{"@type":"EntryPoint","urlTemplate":"https:\/\/urbeamea.ro\/albaiulia\/?s={search_term_string}"},"query-input":{"@type":"PropertyValueSpecification","valueRequired":true,"valueName":"search_term_string"}}],"inLanguage":"ro-RO"},{"@type":"Person","@id":"https:\/\/urbeamea.ro\/albaiulia\/#\/schema\/person\/5db3854ac38c1cc9f0ab4092d6a20f02","name":"Giurca Sorin","image":{"@type":"ImageObject","inLanguage":"ro-RO","@id":"https:\/\/secure.gravatar.com\/avatar\/120f6fcae7b3b47a7730cb9943f612f4909f68ac5284b5f40ac1c4615fd70576?s=96&d=mm&r=g","url":"https:\/\/secure.gravatar.com\/avatar\/120f6fcae7b3b47a7730cb9943f612f4909f68ac5284b5f40ac1c4615fd70576?s=96&d=mm&r=g","contentUrl":"https:\/\/secure.gravatar.com\/avatar\/120f6fcae7b3b47a7730cb9943f612f4909f68ac5284b5f40ac1c4615fd70576?s=96&d=mm&r=g","caption":"Giurca Sorin"},"url":"https:\/\/urbeamea.ro\/albaiulia\/author\/sorin\/"}]}},"_links":{"self":[{"href":"https:\/\/urbeamea.ro\/albaiulia\/wp-json\/wp\/v2\/posts\/112853","targetHints":{"allow":["GET"]}}],"collection":[{"href":"https:\/\/urbeamea.ro\/albaiulia\/wp-json\/wp\/v2\/posts"}],"about":[{"href":"https:\/\/urbeamea.ro\/albaiulia\/wp-json\/wp\/v2\/types\/post"}],"author":[{"embeddable":true,"href":"https:\/\/urbeamea.ro\/albaiulia\/wp-json\/wp\/v2\/users\/28"}],"replies":[{"embeddable":true,"href":"https:\/\/urbeamea.ro\/albaiulia\/wp-json\/wp\/v2\/comments?post=112853"}],"version-history":[{"count":1,"href":"https:\/\/urbeamea.ro\/albaiulia\/wp-json\/wp\/v2\/posts\/112853\/revisions"}],"predecessor-version":[{"id":112855,"href":"https:\/\/urbeamea.ro\/albaiulia\/wp-json\/wp\/v2\/posts\/112853\/revisions\/112855"}],"wp:featuredmedia":[{"embeddable":true,"href":"https:\/\/urbeamea.ro\/albaiulia\/wp-json\/wp\/v2\/media\/112854"}],"wp:attachment":[{"href":"https:\/\/urbeamea.ro\/albaiulia\/wp-json\/wp\/v2\/media?parent=112853"}],"wp:term":[{"taxonomy":"category","embeddable":true,"href":"https:\/\/urbeamea.ro\/albaiulia\/wp-json\/wp\/v2\/categories?post=112853"},{"taxonomy":"post_tag","embeddable":true,"href":"https:\/\/urbeamea.ro\/albaiulia\/wp-json\/wp\/v2\/tags?post=112853"}],"curies":[{"name":"wp","href":"https:\/\/api.w.org\/{rel}","templated":true}]}}