{"id":112921,"date":"2024-07-28T11:38:03","date_gmt":"2024-07-28T08:38:03","guid":{"rendered":"https:\/\/urbeamea.ro\/albaiulia\/?p=112921"},"modified":"2024-07-28T11:38:04","modified_gmt":"2024-07-28T08:38:04","slug":"expozitie-de-arta-fotografica-dincolo-de-realitate-semnata-de-cristian-satmarean-in-spatiul-expozitional-urban-al-centrului-de-cultura-augustin-bena-alba","status":"publish","type":"post","link":"https:\/\/urbeamea.ro\/albaiulia\/expozitie-de-arta-fotografica-dincolo-de-realitate-semnata-de-cristian-satmarean-in-spatiul-expozitional-urban-al-centrului-de-cultura-augustin-bena-alba\/","title":{"rendered":"Expozi\u021bie de art\u0103 fotografic\u0103 &#8222;Dincolo de realitate&#8221;, semnat\u0103 de Cristian S\u0103tm\u0103rean, \u00een spa\u021biul expozi\u021bional urban al Centrului de Cultur\u0103 Augustin Bena Alba"},"content":{"rendered":"\n<p class=\"wp-block-paragraph\"> <strong>\u00cen perioada 26 iulie &#8211; 15 august 2024, \u00een Spa\u021biul expozi\u021bional urban al Centrului de Cultur\u0103 ,,Augustin Bena\u201d,  pute\u021bi viziona o expozi\u021bie deosebit\u0103 de art\u0103 fotografic\u0103 semnat\u0103 de Cristian S\u0102TM\u0102REAN<\/strong>.   <\/p>\n\n\n\n<p class=\"wp-block-paragraph\">Expozi\u021bia de art\u0103 fotografic\u0103 \u201eDINCOLO DE REALITATE\u201d realizat\u0103 de Cristian S\u0103tm\u0103rean aduce \u00een prim plan fotografia abstract\u0103 realizat\u0103 prin jocuri de imagina\u021bie.  <\/p>\n\n\n\n<figure class=\"wp-block-image size-full\"><img loading=\"lazy\" decoding=\"async\" width=\"1080\" height=\"771\" src=\"https:\/\/urbeamea.ro\/albaiulia\/wp-content\/uploads\/2024\/07\/1000006294.jpg\" alt=\"\" class=\"wp-image-112922\" srcset=\"https:\/\/urbeamea.ro\/albaiulia\/wp-content\/uploads\/2024\/07\/1000006294.jpg 1080w, https:\/\/urbeamea.ro\/albaiulia\/wp-content\/uploads\/2024\/07\/1000006294-640x457.jpg 640w, https:\/\/urbeamea.ro\/albaiulia\/wp-content\/uploads\/2024\/07\/1000006294-150x107.jpg 150w, https:\/\/urbeamea.ro\/albaiulia\/wp-content\/uploads\/2024\/07\/1000006294-768x548.jpg 768w\" sizes=\"auto, (max-width: 1080px) 100vw, 1080px\" \/><\/figure>\n\n\n\n<p class=\"wp-block-paragraph\"> Fotografia abstract\u0103 este genul de fotografie \u00een care distan\u021ba dintre reu\u0219it\u0103 \u0219i e\u0219ec este mai sub\u021bire dec\u00e2t un fir de a\u021b\u0103, este esen\u021ba pe care fotograful o vede cu ochii min\u021bii \u00een lucruri din mediul \u00eenconjur\u0103tor \u0219i pe care reu\u0219e\u0219te s\u0103 o transforme cu arta sa \u00een altceva, \u00eentr-o fotografie total diferit\u0103 fa\u021b\u0103 de ceea ce v\u0103d ceilal\u021bi ini\u021bial. <\/p>\n\n\n\n<figure class=\"wp-block-image size-full\"><img loading=\"lazy\" decoding=\"async\" width=\"1080\" height=\"771\" src=\"https:\/\/urbeamea.ro\/albaiulia\/wp-content\/uploads\/2024\/07\/1000006295.jpg\" alt=\"\" class=\"wp-image-112923\" srcset=\"https:\/\/urbeamea.ro\/albaiulia\/wp-content\/uploads\/2024\/07\/1000006295.jpg 1080w, https:\/\/urbeamea.ro\/albaiulia\/wp-content\/uploads\/2024\/07\/1000006295-640x457.jpg 640w, https:\/\/urbeamea.ro\/albaiulia\/wp-content\/uploads\/2024\/07\/1000006295-150x107.jpg 150w, https:\/\/urbeamea.ro\/albaiulia\/wp-content\/uploads\/2024\/07\/1000006295-768x548.jpg 768w\" sizes=\"auto, (max-width: 1080px) 100vw, 1080px\" \/><\/figure>\n\n\n\n<p class=\"wp-block-paragraph\">Rezultatul final este o fotografie care poate reprezenta un lucru cunoscut sau ceva necunoscut dar deosebit \u0219i atractiv pentru privitor \u0219i \u00eentotdeauna ceva total nea\u0219teptat care provoac\u0103 uimire, surprindere, mirare, emo\u021bie \u00een momentul vizualiz\u0103rii.  <\/p>\n\n\n\n<p class=\"wp-block-paragraph\"> Autorul fotografiilor, Cristian S\u0103tm\u0103rean, a reu\u0219it de multe ori, \u00een cei patru ani \u00een care a fost cursant al Centrului de Cultur\u0103 ,,Augustin Bena\u201d, clasa de art\u0103 foto coordonat\u0103 de Vasile S\u00e2rb din cadrul \u0218colii de arte \u0219i me\u0219te\u0219uguri, s\u0103 surprind\u0103 cu ideile sale, cu dorin\u021ba \u0219i capacitatea sa de a acumula cuno\u0219tin\u021bele necesare \u00een vederea ob\u021binerii fotografiei perfecte, fotografiei ideale.   <\/p>\n\n\n\n<p class=\"wp-block-paragraph\">Recenziile primite din partea organizatorilor taberelor na\u021bionale de fotografie la care a participat autorul expozi\u021biei sunt gr\u0103itoare \u00een ceea ce prive\u0219te c\u0103utarea permanent\u0103 a perfec\u021biunii prin fotografie. <\/p>\n\n\n\n<p class=\"wp-block-paragraph\">Un exemplu elocvent este Tab\u0103ra Na\u021bional\u0103 de Crea\u021bie Artistic\u0103 de la Br\u0103ila din vara anului 2022. A ob\u021binut numeroase premii la concursuri na\u021bionale de art\u0103 fotografic\u0103, are lucr\u0103ri publicate \u00een albume de fotografie etnografic\u0103 \u0219i a participat la numeroase expozi\u021bii na\u021bionale \u0219i interna\u021bionale.<\/p>\n\n\n\n<figure class=\"wp-block-gallery has-nested-images columns-default is-cropped wp-block-gallery-1 is-layout-flex wp-block-gallery-is-layout-flex\">\n<figure class=\"wp-block-image size-large\"><img loading=\"lazy\" decoding=\"async\" width=\"1080\" height=\"771\" data-id=\"112924\" src=\"https:\/\/urbeamea.ro\/albaiulia\/wp-content\/uploads\/2024\/07\/1000006296.jpg\" alt=\"\" class=\"wp-image-112924\" srcset=\"https:\/\/urbeamea.ro\/albaiulia\/wp-content\/uploads\/2024\/07\/1000006296.jpg 1080w, https:\/\/urbeamea.ro\/albaiulia\/wp-content\/uploads\/2024\/07\/1000006296-640x457.jpg 640w, https:\/\/urbeamea.ro\/albaiulia\/wp-content\/uploads\/2024\/07\/1000006296-150x107.jpg 150w, https:\/\/urbeamea.ro\/albaiulia\/wp-content\/uploads\/2024\/07\/1000006296-768x548.jpg 768w\" sizes=\"auto, (max-width: 1080px) 100vw, 1080px\" \/><\/figure>\n\n\n\n<figure class=\"wp-block-image size-large\"><img loading=\"lazy\" decoding=\"async\" width=\"1080\" height=\"771\" data-id=\"112926\" src=\"https:\/\/urbeamea.ro\/albaiulia\/wp-content\/uploads\/2024\/07\/1000006299.jpg\" alt=\"\" class=\"wp-image-112926\" srcset=\"https:\/\/urbeamea.ro\/albaiulia\/wp-content\/uploads\/2024\/07\/1000006299.jpg 1080w, https:\/\/urbeamea.ro\/albaiulia\/wp-content\/uploads\/2024\/07\/1000006299-640x457.jpg 640w, https:\/\/urbeamea.ro\/albaiulia\/wp-content\/uploads\/2024\/07\/1000006299-150x107.jpg 150w, https:\/\/urbeamea.ro\/albaiulia\/wp-content\/uploads\/2024\/07\/1000006299-768x548.jpg 768w\" sizes=\"auto, (max-width: 1080px) 100vw, 1080px\" \/><\/figure>\n\n\n\n<figure class=\"wp-block-image size-large\"><img loading=\"lazy\" decoding=\"async\" width=\"1080\" height=\"771\" data-id=\"112925\" src=\"https:\/\/urbeamea.ro\/albaiulia\/wp-content\/uploads\/2024\/07\/1000006298.jpg\" alt=\"\" class=\"wp-image-112925\" srcset=\"https:\/\/urbeamea.ro\/albaiulia\/wp-content\/uploads\/2024\/07\/1000006298.jpg 1080w, https:\/\/urbeamea.ro\/albaiulia\/wp-content\/uploads\/2024\/07\/1000006298-640x457.jpg 640w, https:\/\/urbeamea.ro\/albaiulia\/wp-content\/uploads\/2024\/07\/1000006298-150x107.jpg 150w, https:\/\/urbeamea.ro\/albaiulia\/wp-content\/uploads\/2024\/07\/1000006298-768x548.jpg 768w\" sizes=\"auto, (max-width: 1080px) 100vw, 1080px\" \/><\/figure>\n\n\n\n<figure class=\"wp-block-image size-large\"><img loading=\"lazy\" decoding=\"async\" width=\"1080\" height=\"771\" data-id=\"112927\" src=\"https:\/\/urbeamea.ro\/albaiulia\/wp-content\/uploads\/2024\/07\/1000006297.jpg\" alt=\"\" class=\"wp-image-112927\" srcset=\"https:\/\/urbeamea.ro\/albaiulia\/wp-content\/uploads\/2024\/07\/1000006297.jpg 1080w, https:\/\/urbeamea.ro\/albaiulia\/wp-content\/uploads\/2024\/07\/1000006297-640x457.jpg 640w, https:\/\/urbeamea.ro\/albaiulia\/wp-content\/uploads\/2024\/07\/1000006297-150x107.jpg 150w, https:\/\/urbeamea.ro\/albaiulia\/wp-content\/uploads\/2024\/07\/1000006297-768x548.jpg 768w\" sizes=\"auto, (max-width: 1080px) 100vw, 1080px\" \/><\/figure>\n\n\n\n<figure class=\"wp-block-image size-large\"><img loading=\"lazy\" decoding=\"async\" width=\"1080\" height=\"771\" data-id=\"112928\" src=\"https:\/\/urbeamea.ro\/albaiulia\/wp-content\/uploads\/2024\/07\/1000006300.jpg\" alt=\"\" class=\"wp-image-112928\" srcset=\"https:\/\/urbeamea.ro\/albaiulia\/wp-content\/uploads\/2024\/07\/1000006300.jpg 1080w, https:\/\/urbeamea.ro\/albaiulia\/wp-content\/uploads\/2024\/07\/1000006300-640x457.jpg 640w, https:\/\/urbeamea.ro\/albaiulia\/wp-content\/uploads\/2024\/07\/1000006300-150x107.jpg 150w, https:\/\/urbeamea.ro\/albaiulia\/wp-content\/uploads\/2024\/07\/1000006300-768x548.jpg 768w\" sizes=\"auto, (max-width: 1080px) 100vw, 1080px\" \/><\/figure>\n\n\n\n<figure class=\"wp-block-image size-large\"><img loading=\"lazy\" decoding=\"async\" width=\"1080\" height=\"771\" data-id=\"112929\" src=\"https:\/\/urbeamea.ro\/albaiulia\/wp-content\/uploads\/2024\/07\/1000006301.jpg\" alt=\"\" class=\"wp-image-112929\" srcset=\"https:\/\/urbeamea.ro\/albaiulia\/wp-content\/uploads\/2024\/07\/1000006301.jpg 1080w, https:\/\/urbeamea.ro\/albaiulia\/wp-content\/uploads\/2024\/07\/1000006301-640x457.jpg 640w, https:\/\/urbeamea.ro\/albaiulia\/wp-content\/uploads\/2024\/07\/1000006301-150x107.jpg 150w, https:\/\/urbeamea.ro\/albaiulia\/wp-content\/uploads\/2024\/07\/1000006301-768x548.jpg 768w\" sizes=\"auto, (max-width: 1080px) 100vw, 1080px\" \/><\/figure>\n\n\n\n<figure class=\"wp-block-image size-large\"><img loading=\"lazy\" decoding=\"async\" width=\"1080\" height=\"771\" data-id=\"112930\" src=\"https:\/\/urbeamea.ro\/albaiulia\/wp-content\/uploads\/2024\/07\/1000006302.jpg\" alt=\"\" class=\"wp-image-112930\" srcset=\"https:\/\/urbeamea.ro\/albaiulia\/wp-content\/uploads\/2024\/07\/1000006302.jpg 1080w, https:\/\/urbeamea.ro\/albaiulia\/wp-content\/uploads\/2024\/07\/1000006302-640x457.jpg 640w, https:\/\/urbeamea.ro\/albaiulia\/wp-content\/uploads\/2024\/07\/1000006302-150x107.jpg 150w, https:\/\/urbeamea.ro\/albaiulia\/wp-content\/uploads\/2024\/07\/1000006302-768x548.jpg 768w\" sizes=\"auto, (max-width: 1080px) 100vw, 1080px\" \/><\/figure>\n\n\n\n<figure class=\"wp-block-image size-large\"><img loading=\"lazy\" decoding=\"async\" width=\"1080\" height=\"771\" data-id=\"112931\" src=\"https:\/\/urbeamea.ro\/albaiulia\/wp-content\/uploads\/2024\/07\/1000006305.jpg\" alt=\"\" class=\"wp-image-112931\" srcset=\"https:\/\/urbeamea.ro\/albaiulia\/wp-content\/uploads\/2024\/07\/1000006305.jpg 1080w, https:\/\/urbeamea.ro\/albaiulia\/wp-content\/uploads\/2024\/07\/1000006305-640x457.jpg 640w, https:\/\/urbeamea.ro\/albaiulia\/wp-content\/uploads\/2024\/07\/1000006305-150x107.jpg 150w, https:\/\/urbeamea.ro\/albaiulia\/wp-content\/uploads\/2024\/07\/1000006305-768x548.jpg 768w\" sizes=\"auto, (max-width: 1080px) 100vw, 1080px\" \/><\/figure>\n\n\n\n<figure class=\"wp-block-image size-large\"><img loading=\"lazy\" decoding=\"async\" width=\"1080\" height=\"771\" data-id=\"112933\" src=\"https:\/\/urbeamea.ro\/albaiulia\/wp-content\/uploads\/2024\/07\/1000006304.jpg\" alt=\"\" class=\"wp-image-112933\" srcset=\"https:\/\/urbeamea.ro\/albaiulia\/wp-content\/uploads\/2024\/07\/1000006304.jpg 1080w, https:\/\/urbeamea.ro\/albaiulia\/wp-content\/uploads\/2024\/07\/1000006304-640x457.jpg 640w, https:\/\/urbeamea.ro\/albaiulia\/wp-content\/uploads\/2024\/07\/1000006304-150x107.jpg 150w, https:\/\/urbeamea.ro\/albaiulia\/wp-content\/uploads\/2024\/07\/1000006304-768x548.jpg 768w\" sizes=\"auto, (max-width: 1080px) 100vw, 1080px\" \/><\/figure>\n\n\n\n<figure class=\"wp-block-image size-large\"><img loading=\"lazy\" decoding=\"async\" width=\"1080\" height=\"771\" data-id=\"112932\" src=\"https:\/\/urbeamea.ro\/albaiulia\/wp-content\/uploads\/2024\/07\/1000006303.jpg\" alt=\"\" class=\"wp-image-112932\" srcset=\"https:\/\/urbeamea.ro\/albaiulia\/wp-content\/uploads\/2024\/07\/1000006303.jpg 1080w, https:\/\/urbeamea.ro\/albaiulia\/wp-content\/uploads\/2024\/07\/1000006303-640x457.jpg 640w, https:\/\/urbeamea.ro\/albaiulia\/wp-content\/uploads\/2024\/07\/1000006303-150x107.jpg 150w, https:\/\/urbeamea.ro\/albaiulia\/wp-content\/uploads\/2024\/07\/1000006303-768x548.jpg 768w\" sizes=\"auto, (max-width: 1080px) 100vw, 1080px\" \/><\/figure>\n<\/figure>\n\n\n\n<p class=\"wp-block-paragraph\"><\/p>\n\n\n\n<p class=\"wp-block-paragraph\"><\/p>\n","protected":false},"excerpt":{"rendered":"<p>\u00cen perioada 26 iulie &#8211; 15 august 2024, \u00een Spa\u021biul expozi\u021bional urban al Centrului de Cultur\u0103 ,,Augustin Bena\u201d, pute\u021bi viziona o expozi\u021bie deosebit\u0103 de art\u0103 fotografic\u0103 semnat\u0103 de Cristian S\u0102TM\u0102REAN. Expozi\u021bia de art\u0103 fotografic\u0103 \u201eDINCOLO DE REALITATE\u201d realizat\u0103 de Cristian S\u0103tm\u0103rean aduce \u00een prim plan fotografia abstract\u0103 realizat\u0103 prin jocuri de imagina\u021bie. Fotografia abstract\u0103 este &hellip;<\/p>\n","protected":false},"author":28,"featured_media":112929,"comment_status":"open","ping_status":"open","sticky":false,"template":"","format":"standard","meta":{"inline_featured_image":false,"footnotes":""},"categories":[2038,4],"tags":[910,11409],"class_list":["post-112921","post","type-post","status-publish","format-standard","has-post-thumbnail","hentry","category-cultura","category-eveniment","tag-centrul-de-cultura-augustin-bena","tag-expozitie-fotografie"],"yoast_head":"<!-- This site is optimized with the Yoast SEO plugin v28.3 - https:\/\/yoast.com\/product\/yoast-seo-wordpress\/ -->\n<title>Expozi\u021bie de art\u0103 fotografic\u0103 &quot;Dincolo de realitate&quot;, semnat\u0103 de Cristian S\u0103tm\u0103rean, \u00een spa\u021biul expozi\u021bional urban al Centrului de Cultur\u0103 Augustin Bena Alba - Revista Urbea Mea - Revista de Alba<\/title>\n<meta name=\"description\" content=\"\u00cen perioada 26 iulie - 15 august 2024, \u00een Spa\u021biul expozi\u021bional urban al Centrului de Cultur\u0103 ,,Augustin Bena\u201d, pute\u021bi viziona o expozi\u021bie deosebit\u0103 de\" \/>\n<meta name=\"robots\" content=\"index, follow, max-snippet:-1, max-image-preview:large, max-video-preview:-1\" \/>\n<link rel=\"canonical\" href=\"https:\/\/urbeamea.ro\/albaiulia\/expozitie-de-arta-fotografica-dincolo-de-realitate-semnata-de-cristian-satmarean-in-spatiul-expozitional-urban-al-centrului-de-cultura-augustin-bena-alba\/\" \/>\n<meta name=\"twitter:card\" content=\"summary_large_image\" \/>\n<meta name=\"twitter:title\" content=\"Expozi\u021bie de art\u0103 fotografic\u0103 &quot;Dincolo de realitate&quot;, semnat\u0103 de Cristian S\u0103tm\u0103rean, \u00een spa\u021biul expozi\u021bional urban al Centrului de Cultur\u0103 Augustin Bena Alba - Revista Urbea Mea - Revista de Alba\" \/>\n<meta name=\"twitter:description\" content=\"\u00cen perioada 26 iulie - 15 august 2024, \u00een Spa\u021biul expozi\u021bional urban al Centrului de Cultur\u0103 ,,Augustin Bena\u201d, pute\u021bi viziona o expozi\u021bie deosebit\u0103 de\" \/>\n<meta name=\"twitter:image\" content=\"https:\/\/urbeamea.ro\/albaiulia\/wp-content\/uploads\/2024\/07\/1000006301.jpg\" \/>\n<meta name=\"twitter:creator\" content=\"@urbeameaweb\" \/>\n<meta name=\"twitter:site\" content=\"@urbeameaweb\" \/>\n<script type=\"application\/ld+json\" class=\"yoast-schema-graph\">{\"@context\":\"https:\\\/\\\/schema.org\",\"@graph\":[{\"@type\":\"Article\",\"@id\":\"https:\\\/\\\/urbeamea.ro\\\/albaiulia\\\/expozitie-de-arta-fotografica-dincolo-de-realitate-semnata-de-cristian-satmarean-in-spatiul-expozitional-urban-al-centrului-de-cultura-augustin-bena-alba\\\/#article\",\"isPartOf\":{\"@id\":\"https:\\\/\\\/urbeamea.ro\\\/albaiulia\\\/expozitie-de-arta-fotografica-dincolo-de-realitate-semnata-de-cristian-satmarean-in-spatiul-expozitional-urban-al-centrului-de-cultura-augustin-bena-alba\\\/\"},\"author\":{\"name\":\"Giurca Sorin\",\"@id\":\"https:\\\/\\\/urbeamea.ro\\\/albaiulia\\\/#\\\/schema\\\/person\\\/5db3854ac38c1cc9f0ab4092d6a20f02\"},\"headline\":\"Expozi\u021bie de art\u0103 fotografic\u0103 &#8222;Dincolo de realitate&#8221;, semnat\u0103 de Cristian S\u0103tm\u0103rean, \u00een spa\u021biul expozi\u021bional urban al Centrului de Cultur\u0103 Augustin Bena Alba\",\"datePublished\":\"2024-07-28T08:38:03+00:00\",\"dateModified\":\"2024-07-28T08:38:04+00:00\",\"mainEntityOfPage\":{\"@id\":\"https:\\\/\\\/urbeamea.ro\\\/albaiulia\\\/expozitie-de-arta-fotografica-dincolo-de-realitate-semnata-de-cristian-satmarean-in-spatiul-expozitional-urban-al-centrului-de-cultura-augustin-bena-alba\\\/\"},\"wordCount\":351,\"commentCount\":0,\"image\":{\"@id\":\"https:\\\/\\\/urbeamea.ro\\\/albaiulia\\\/expozitie-de-arta-fotografica-dincolo-de-realitate-semnata-de-cristian-satmarean-in-spatiul-expozitional-urban-al-centrului-de-cultura-augustin-bena-alba\\\/#primaryimage\"},\"thumbnailUrl\":\"https:\\\/\\\/urbeamea.ro\\\/albaiulia\\\/wp-content\\\/uploads\\\/2024\\\/07\\\/1000006301.jpg\",\"keywords\":[\"Centrul de Cultur\u0103 \u201eAugustin Bena\u201d\",\"expozitie fotografie\"],\"articleSection\":[\"Cultur\u0103\",\"Evenimente\"],\"inLanguage\":\"ro-RO\",\"potentialAction\":[{\"@type\":\"CommentAction\",\"name\":\"Comment\",\"target\":[\"https:\\\/\\\/urbeamea.ro\\\/albaiulia\\\/expozitie-de-arta-fotografica-dincolo-de-realitate-semnata-de-cristian-satmarean-in-spatiul-expozitional-urban-al-centrului-de-cultura-augustin-bena-alba\\\/#respond\"]}]},{\"@type\":\"WebPage\",\"@id\":\"https:\\\/\\\/urbeamea.ro\\\/albaiulia\\\/expozitie-de-arta-fotografica-dincolo-de-realitate-semnata-de-cristian-satmarean-in-spatiul-expozitional-urban-al-centrului-de-cultura-augustin-bena-alba\\\/\",\"url\":\"https:\\\/\\\/urbeamea.ro\\\/albaiulia\\\/expozitie-de-arta-fotografica-dincolo-de-realitate-semnata-de-cristian-satmarean-in-spatiul-expozitional-urban-al-centrului-de-cultura-augustin-bena-alba\\\/\",\"name\":\"Expozi\u021bie de art\u0103 fotografic\u0103 \\\"Dincolo de realitate\\\", semnat\u0103 de Cristian S\u0103tm\u0103rean, \u00een spa\u021biul expozi\u021bional urban al Centrului de Cultur\u0103 Augustin Bena Alba - Revista Urbea Mea - Revista de Alba\",\"isPartOf\":{\"@id\":\"https:\\\/\\\/urbeamea.ro\\\/albaiulia\\\/#website\"},\"primaryImageOfPage\":{\"@id\":\"https:\\\/\\\/urbeamea.ro\\\/albaiulia\\\/expozitie-de-arta-fotografica-dincolo-de-realitate-semnata-de-cristian-satmarean-in-spatiul-expozitional-urban-al-centrului-de-cultura-augustin-bena-alba\\\/#primaryimage\"},\"image\":{\"@id\":\"https:\\\/\\\/urbeamea.ro\\\/albaiulia\\\/expozitie-de-arta-fotografica-dincolo-de-realitate-semnata-de-cristian-satmarean-in-spatiul-expozitional-urban-al-centrului-de-cultura-augustin-bena-alba\\\/#primaryimage\"},\"thumbnailUrl\":\"https:\\\/\\\/urbeamea.ro\\\/albaiulia\\\/wp-content\\\/uploads\\\/2024\\\/07\\\/1000006301.jpg\",\"datePublished\":\"2024-07-28T08:38:03+00:00\",\"dateModified\":\"2024-07-28T08:38:04+00:00\",\"author\":{\"@id\":\"https:\\\/\\\/urbeamea.ro\\\/albaiulia\\\/#\\\/schema\\\/person\\\/5db3854ac38c1cc9f0ab4092d6a20f02\"},\"description\":\"\u00cen perioada 26 iulie - 15 august 2024, \u00een Spa\u021biul expozi\u021bional urban al Centrului de Cultur\u0103 ,,Augustin Bena\u201d, pute\u021bi viziona o expozi\u021bie deosebit\u0103 de\",\"breadcrumb\":{\"@id\":\"https:\\\/\\\/urbeamea.ro\\\/albaiulia\\\/expozitie-de-arta-fotografica-dincolo-de-realitate-semnata-de-cristian-satmarean-in-spatiul-expozitional-urban-al-centrului-de-cultura-augustin-bena-alba\\\/#breadcrumb\"},\"inLanguage\":\"ro-RO\",\"potentialAction\":[{\"@type\":\"ReadAction\",\"target\":[\"https:\\\/\\\/urbeamea.ro\\\/albaiulia\\\/expozitie-de-arta-fotografica-dincolo-de-realitate-semnata-de-cristian-satmarean-in-spatiul-expozitional-urban-al-centrului-de-cultura-augustin-bena-alba\\\/\"]}]},{\"@type\":\"ImageObject\",\"inLanguage\":\"ro-RO\",\"@id\":\"https:\\\/\\\/urbeamea.ro\\\/albaiulia\\\/expozitie-de-arta-fotografica-dincolo-de-realitate-semnata-de-cristian-satmarean-in-spatiul-expozitional-urban-al-centrului-de-cultura-augustin-bena-alba\\\/#primaryimage\",\"url\":\"https:\\\/\\\/urbeamea.ro\\\/albaiulia\\\/wp-content\\\/uploads\\\/2024\\\/07\\\/1000006301.jpg\",\"contentUrl\":\"https:\\\/\\\/urbeamea.ro\\\/albaiulia\\\/wp-content\\\/uploads\\\/2024\\\/07\\\/1000006301.jpg\",\"width\":1080,\"height\":771},{\"@type\":\"BreadcrumbList\",\"@id\":\"https:\\\/\\\/urbeamea.ro\\\/albaiulia\\\/expozitie-de-arta-fotografica-dincolo-de-realitate-semnata-de-cristian-satmarean-in-spatiul-expozitional-urban-al-centrului-de-cultura-augustin-bena-alba\\\/#breadcrumb\",\"itemListElement\":[{\"@type\":\"ListItem\",\"position\":1,\"name\":\"Prima pagin\u0103\",\"item\":\"https:\\\/\\\/urbeamea.ro\\\/albaiulia\\\/\"},{\"@type\":\"ListItem\",\"position\":2,\"name\":\"Expozi\u021bie de art\u0103 fotografic\u0103 &#8222;Dincolo de realitate&#8221;, semnat\u0103 de Cristian S\u0103tm\u0103rean, \u00een spa\u021biul expozi\u021bional urban al Centrului de Cultur\u0103 Augustin Bena Alba\"}]},{\"@type\":\"WebSite\",\"@id\":\"https:\\\/\\\/urbeamea.ro\\\/albaiulia\\\/#website\",\"url\":\"https:\\\/\\\/urbeamea.ro\\\/albaiulia\\\/\",\"name\":\"Revista Urbea Mea, Stiri urbane\",\"description\":\"Evenimente \u0219i \u0219tiri din Alba Iulia, Sebe\u0219, Aiud, Blaj\",\"potentialAction\":[{\"@type\":\"SearchAction\",\"target\":{\"@type\":\"EntryPoint\",\"urlTemplate\":\"https:\\\/\\\/urbeamea.ro\\\/albaiulia\\\/?s={search_term_string}\"},\"query-input\":{\"@type\":\"PropertyValueSpecification\",\"valueRequired\":true,\"valueName\":\"search_term_string\"}}],\"inLanguage\":\"ro-RO\"},{\"@type\":\"Person\",\"@id\":\"https:\\\/\\\/urbeamea.ro\\\/albaiulia\\\/#\\\/schema\\\/person\\\/5db3854ac38c1cc9f0ab4092d6a20f02\",\"name\":\"Giurca Sorin\",\"image\":{\"@type\":\"ImageObject\",\"inLanguage\":\"ro-RO\",\"@id\":\"https:\\\/\\\/secure.gravatar.com\\\/avatar\\\/120f6fcae7b3b47a7730cb9943f612f4909f68ac5284b5f40ac1c4615fd70576?s=96&d=mm&r=g\",\"url\":\"https:\\\/\\\/secure.gravatar.com\\\/avatar\\\/120f6fcae7b3b47a7730cb9943f612f4909f68ac5284b5f40ac1c4615fd70576?s=96&d=mm&r=g\",\"contentUrl\":\"https:\\\/\\\/secure.gravatar.com\\\/avatar\\\/120f6fcae7b3b47a7730cb9943f612f4909f68ac5284b5f40ac1c4615fd70576?s=96&d=mm&r=g\",\"caption\":\"Giurca Sorin\"},\"url\":\"https:\\\/\\\/urbeamea.ro\\\/albaiulia\\\/author\\\/sorin\\\/\"}]}<\/script>\n<!-- \/ Yoast SEO plugin. -->","yoast_head_json":{"title":"Expozi\u021bie de art\u0103 fotografic\u0103 \"Dincolo de realitate\", semnat\u0103 de Cristian S\u0103tm\u0103rean, \u00een spa\u021biul expozi\u021bional urban al Centrului de Cultur\u0103 Augustin Bena Alba - Revista Urbea Mea - Revista de Alba","description":"\u00cen perioada 26 iulie - 15 august 2024, \u00een Spa\u021biul expozi\u021bional urban al Centrului de Cultur\u0103 ,,Augustin Bena\u201d, pute\u021bi viziona o expozi\u021bie deosebit\u0103 de","robots":{"index":"index","follow":"follow","max-snippet":"max-snippet:-1","max-image-preview":"max-image-preview:large","max-video-preview":"max-video-preview:-1"},"canonical":"https:\/\/urbeamea.ro\/albaiulia\/expozitie-de-arta-fotografica-dincolo-de-realitate-semnata-de-cristian-satmarean-in-spatiul-expozitional-urban-al-centrului-de-cultura-augustin-bena-alba\/","twitter_card":"summary_large_image","twitter_title":"Expozi\u021bie de art\u0103 fotografic\u0103 \"Dincolo de realitate\", semnat\u0103 de Cristian S\u0103tm\u0103rean, \u00een spa\u021biul expozi\u021bional urban al Centrului de Cultur\u0103 Augustin Bena Alba - Revista Urbea Mea - Revista de Alba","twitter_description":"\u00cen perioada 26 iulie - 15 august 2024, \u00een Spa\u021biul expozi\u021bional urban al Centrului de Cultur\u0103 ,,Augustin Bena\u201d, pute\u021bi viziona o expozi\u021bie deosebit\u0103 de","twitter_image":"https:\/\/urbeamea.ro\/albaiulia\/wp-content\/uploads\/2024\/07\/1000006301.jpg","twitter_creator":"@urbeameaweb","twitter_site":"@urbeameaweb","schema":{"@context":"https:\/\/schema.org","@graph":[{"@type":"Article","@id":"https:\/\/urbeamea.ro\/albaiulia\/expozitie-de-arta-fotografica-dincolo-de-realitate-semnata-de-cristian-satmarean-in-spatiul-expozitional-urban-al-centrului-de-cultura-augustin-bena-alba\/#article","isPartOf":{"@id":"https:\/\/urbeamea.ro\/albaiulia\/expozitie-de-arta-fotografica-dincolo-de-realitate-semnata-de-cristian-satmarean-in-spatiul-expozitional-urban-al-centrului-de-cultura-augustin-bena-alba\/"},"author":{"name":"Giurca Sorin","@id":"https:\/\/urbeamea.ro\/albaiulia\/#\/schema\/person\/5db3854ac38c1cc9f0ab4092d6a20f02"},"headline":"Expozi\u021bie de art\u0103 fotografic\u0103 &#8222;Dincolo de realitate&#8221;, semnat\u0103 de Cristian S\u0103tm\u0103rean, \u00een spa\u021biul expozi\u021bional urban al Centrului de Cultur\u0103 Augustin Bena Alba","datePublished":"2024-07-28T08:38:03+00:00","dateModified":"2024-07-28T08:38:04+00:00","mainEntityOfPage":{"@id":"https:\/\/urbeamea.ro\/albaiulia\/expozitie-de-arta-fotografica-dincolo-de-realitate-semnata-de-cristian-satmarean-in-spatiul-expozitional-urban-al-centrului-de-cultura-augustin-bena-alba\/"},"wordCount":351,"commentCount":0,"image":{"@id":"https:\/\/urbeamea.ro\/albaiulia\/expozitie-de-arta-fotografica-dincolo-de-realitate-semnata-de-cristian-satmarean-in-spatiul-expozitional-urban-al-centrului-de-cultura-augustin-bena-alba\/#primaryimage"},"thumbnailUrl":"https:\/\/urbeamea.ro\/albaiulia\/wp-content\/uploads\/2024\/07\/1000006301.jpg","keywords":["Centrul de Cultur\u0103 \u201eAugustin Bena\u201d","expozitie fotografie"],"articleSection":["Cultur\u0103","Evenimente"],"inLanguage":"ro-RO","potentialAction":[{"@type":"CommentAction","name":"Comment","target":["https:\/\/urbeamea.ro\/albaiulia\/expozitie-de-arta-fotografica-dincolo-de-realitate-semnata-de-cristian-satmarean-in-spatiul-expozitional-urban-al-centrului-de-cultura-augustin-bena-alba\/#respond"]}]},{"@type":"WebPage","@id":"https:\/\/urbeamea.ro\/albaiulia\/expozitie-de-arta-fotografica-dincolo-de-realitate-semnata-de-cristian-satmarean-in-spatiul-expozitional-urban-al-centrului-de-cultura-augustin-bena-alba\/","url":"https:\/\/urbeamea.ro\/albaiulia\/expozitie-de-arta-fotografica-dincolo-de-realitate-semnata-de-cristian-satmarean-in-spatiul-expozitional-urban-al-centrului-de-cultura-augustin-bena-alba\/","name":"Expozi\u021bie de art\u0103 fotografic\u0103 \"Dincolo de realitate\", semnat\u0103 de Cristian S\u0103tm\u0103rean, \u00een spa\u021biul expozi\u021bional urban al Centrului de Cultur\u0103 Augustin Bena Alba - Revista Urbea Mea - Revista de Alba","isPartOf":{"@id":"https:\/\/urbeamea.ro\/albaiulia\/#website"},"primaryImageOfPage":{"@id":"https:\/\/urbeamea.ro\/albaiulia\/expozitie-de-arta-fotografica-dincolo-de-realitate-semnata-de-cristian-satmarean-in-spatiul-expozitional-urban-al-centrului-de-cultura-augustin-bena-alba\/#primaryimage"},"image":{"@id":"https:\/\/urbeamea.ro\/albaiulia\/expozitie-de-arta-fotografica-dincolo-de-realitate-semnata-de-cristian-satmarean-in-spatiul-expozitional-urban-al-centrului-de-cultura-augustin-bena-alba\/#primaryimage"},"thumbnailUrl":"https:\/\/urbeamea.ro\/albaiulia\/wp-content\/uploads\/2024\/07\/1000006301.jpg","datePublished":"2024-07-28T08:38:03+00:00","dateModified":"2024-07-28T08:38:04+00:00","author":{"@id":"https:\/\/urbeamea.ro\/albaiulia\/#\/schema\/person\/5db3854ac38c1cc9f0ab4092d6a20f02"},"description":"\u00cen perioada 26 iulie - 15 august 2024, \u00een Spa\u021biul expozi\u021bional urban al Centrului de Cultur\u0103 ,,Augustin Bena\u201d, pute\u021bi viziona o expozi\u021bie deosebit\u0103 de","breadcrumb":{"@id":"https:\/\/urbeamea.ro\/albaiulia\/expozitie-de-arta-fotografica-dincolo-de-realitate-semnata-de-cristian-satmarean-in-spatiul-expozitional-urban-al-centrului-de-cultura-augustin-bena-alba\/#breadcrumb"},"inLanguage":"ro-RO","potentialAction":[{"@type":"ReadAction","target":["https:\/\/urbeamea.ro\/albaiulia\/expozitie-de-arta-fotografica-dincolo-de-realitate-semnata-de-cristian-satmarean-in-spatiul-expozitional-urban-al-centrului-de-cultura-augustin-bena-alba\/"]}]},{"@type":"ImageObject","inLanguage":"ro-RO","@id":"https:\/\/urbeamea.ro\/albaiulia\/expozitie-de-arta-fotografica-dincolo-de-realitate-semnata-de-cristian-satmarean-in-spatiul-expozitional-urban-al-centrului-de-cultura-augustin-bena-alba\/#primaryimage","url":"https:\/\/urbeamea.ro\/albaiulia\/wp-content\/uploads\/2024\/07\/1000006301.jpg","contentUrl":"https:\/\/urbeamea.ro\/albaiulia\/wp-content\/uploads\/2024\/07\/1000006301.jpg","width":1080,"height":771},{"@type":"BreadcrumbList","@id":"https:\/\/urbeamea.ro\/albaiulia\/expozitie-de-arta-fotografica-dincolo-de-realitate-semnata-de-cristian-satmarean-in-spatiul-expozitional-urban-al-centrului-de-cultura-augustin-bena-alba\/#breadcrumb","itemListElement":[{"@type":"ListItem","position":1,"name":"Prima pagin\u0103","item":"https:\/\/urbeamea.ro\/albaiulia\/"},{"@type":"ListItem","position":2,"name":"Expozi\u021bie de art\u0103 fotografic\u0103 &#8222;Dincolo de realitate&#8221;, semnat\u0103 de Cristian S\u0103tm\u0103rean, \u00een spa\u021biul expozi\u021bional urban al Centrului de Cultur\u0103 Augustin Bena Alba"}]},{"@type":"WebSite","@id":"https:\/\/urbeamea.ro\/albaiulia\/#website","url":"https:\/\/urbeamea.ro\/albaiulia\/","name":"Revista Urbea Mea, Stiri urbane","description":"Evenimente \u0219i \u0219tiri din Alba Iulia, Sebe\u0219, Aiud, Blaj","potentialAction":[{"@type":"SearchAction","target":{"@type":"EntryPoint","urlTemplate":"https:\/\/urbeamea.ro\/albaiulia\/?s={search_term_string}"},"query-input":{"@type":"PropertyValueSpecification","valueRequired":true,"valueName":"search_term_string"}}],"inLanguage":"ro-RO"},{"@type":"Person","@id":"https:\/\/urbeamea.ro\/albaiulia\/#\/schema\/person\/5db3854ac38c1cc9f0ab4092d6a20f02","name":"Giurca Sorin","image":{"@type":"ImageObject","inLanguage":"ro-RO","@id":"https:\/\/secure.gravatar.com\/avatar\/120f6fcae7b3b47a7730cb9943f612f4909f68ac5284b5f40ac1c4615fd70576?s=96&d=mm&r=g","url":"https:\/\/secure.gravatar.com\/avatar\/120f6fcae7b3b47a7730cb9943f612f4909f68ac5284b5f40ac1c4615fd70576?s=96&d=mm&r=g","contentUrl":"https:\/\/secure.gravatar.com\/avatar\/120f6fcae7b3b47a7730cb9943f612f4909f68ac5284b5f40ac1c4615fd70576?s=96&d=mm&r=g","caption":"Giurca Sorin"},"url":"https:\/\/urbeamea.ro\/albaiulia\/author\/sorin\/"}]}},"_links":{"self":[{"href":"https:\/\/urbeamea.ro\/albaiulia\/wp-json\/wp\/v2\/posts\/112921","targetHints":{"allow":["GET"]}}],"collection":[{"href":"https:\/\/urbeamea.ro\/albaiulia\/wp-json\/wp\/v2\/posts"}],"about":[{"href":"https:\/\/urbeamea.ro\/albaiulia\/wp-json\/wp\/v2\/types\/post"}],"author":[{"embeddable":true,"href":"https:\/\/urbeamea.ro\/albaiulia\/wp-json\/wp\/v2\/users\/28"}],"replies":[{"embeddable":true,"href":"https:\/\/urbeamea.ro\/albaiulia\/wp-json\/wp\/v2\/comments?post=112921"}],"version-history":[{"count":1,"href":"https:\/\/urbeamea.ro\/albaiulia\/wp-json\/wp\/v2\/posts\/112921\/revisions"}],"predecessor-version":[{"id":112934,"href":"https:\/\/urbeamea.ro\/albaiulia\/wp-json\/wp\/v2\/posts\/112921\/revisions\/112934"}],"wp:featuredmedia":[{"embeddable":true,"href":"https:\/\/urbeamea.ro\/albaiulia\/wp-json\/wp\/v2\/media\/112929"}],"wp:attachment":[{"href":"https:\/\/urbeamea.ro\/albaiulia\/wp-json\/wp\/v2\/media?parent=112921"}],"wp:term":[{"taxonomy":"category","embeddable":true,"href":"https:\/\/urbeamea.ro\/albaiulia\/wp-json\/wp\/v2\/categories?post=112921"},{"taxonomy":"post_tag","embeddable":true,"href":"https:\/\/urbeamea.ro\/albaiulia\/wp-json\/wp\/v2\/tags?post=112921"}],"curies":[{"name":"wp","href":"https:\/\/api.w.org\/{rel}","templated":true}]}}