{"id":113287,"date":"2024-08-12T10:47:58","date_gmt":"2024-08-12T07:47:58","guid":{"rendered":"https:\/\/urbeamea.ro\/albaiulia\/?p=113287"},"modified":"2024-08-12T10:47:59","modified_gmt":"2024-08-12T07:47:59","slug":"marti-si-miercuri-zilele-chisinaului-la-alba-iulia-si-suflet-de-roman-lansari-de-carte-defilarea-portului-popular-cea-mai-mare-sezatoare-regal-folcloric","status":"publish","type":"post","link":"https:\/\/urbeamea.ro\/albaiulia\/marti-si-miercuri-zilele-chisinaului-la-alba-iulia-si-suflet-de-roman-lansari-de-carte-defilarea-portului-popular-cea-mai-mare-sezatoare-regal-folcloric\/","title":{"rendered":"Mar\u021bi \u0219i miercuri: Zilele Chi\u0219in\u0103ului la Alba Iulia \u0219i Suflet de Rom\u00e2n: lans\u0103ri de carte, defilarea portului popular, cea mai mare \u0219ez\u0103toare, regal Folcloric"},"content":{"rendered":"\n<p><strong>Prin rela\u021biile de \u00eenfr\u0103\u021bire dintre Alba Iulia \u0219i Chi\u0219in\u0103u, \u00een 13 \u0219i 14 august vom s\u0103rb\u0103tori cultura tradi\u021bional\u0103 \u00een Cetatea Alba Carolina. <\/strong><\/p>\n\n\n\n<p><strong>Evenimentele dedicate nu doar frumuse\u021bii \u0219i bog\u0103\u021biei culturii tradi\u021bionale, ci \u0219i leg\u0103turilor profunde \u0219i autentice dintre dou\u0103 inimi rom\u00e2ne\u0219ti: Alba Iulia \u0219i Chi\u0219in\u0103u vor propune celebrarea patrimoniului nostru comun, valorile ce ne unesc \u0219i spiritul ce transcende hotarele<\/strong>.<\/p>\n\n\n\n<p>Ne bucur\u0103m s\u0103 avem al\u0103turi arti\u0219ti \u0219i invita\u021bi speciali din Republica Moldova \u0219i Rom\u00e2nia, care vor \u00eemp\u0103rt\u0103\u0219i cu noi tradi\u021bii, \u00eentr-o atmosfer\u0103 de prietenie \u0219i respect reciproc. <\/p>\n\n\n\n<p>Fiecare moment petrecut \u00eempreun\u0103 este o m\u0103rturie vie a leg\u0103turii indestructibile dintre Chi\u0219in\u0103u \u0219i Alba Iulia, unite prin istorie, limb\u0103 \u0219i cultur\u0103.<\/p>\n\n\n\n<figure class=\"wp-block-image size-large\"><img loading=\"lazy\" decoding=\"async\" width=\"978\" height=\"1280\" src=\"https:\/\/urbeamea.ro\/albaiulia\/wp-content\/uploads\/2024\/08\/1000008046-978x1280.jpg\" alt=\"\" class=\"wp-image-113288\" srcset=\"https:\/\/urbeamea.ro\/albaiulia\/wp-content\/uploads\/2024\/08\/1000008046-978x1280.jpg 978w, https:\/\/urbeamea.ro\/albaiulia\/wp-content\/uploads\/2024\/08\/1000008046-489x640.jpg 489w, https:\/\/urbeamea.ro\/albaiulia\/wp-content\/uploads\/2024\/08\/1000008046-115x150.jpg 115w, https:\/\/urbeamea.ro\/albaiulia\/wp-content\/uploads\/2024\/08\/1000008046-768x1006.jpg 768w, https:\/\/urbeamea.ro\/albaiulia\/wp-content\/uploads\/2024\/08\/1000008046.jpg 1080w\" sizes=\"auto, (max-width: 978px) 100vw, 978px\" \/><\/figure>\n\n\n\n<p><strong>Program Zilele Chi\u0219in\u0103ului la Alba Iulia &amp; Suflet de Rom\u00e2n<\/strong><\/p>\n\n\n\n<p>13 august, ora: 17:00 \u2013 Loca\u021bia Biblioteca \u201eLucian Blaga\u201d Alba Iulia<\/p>\n\n\n\n<p>\u2022 lansare de carte Nicolae Sp\u0103taruo Omul izgonit de ceasuri, proz\u0103 scurt\u0103, edi\u021bia a II-a, ed. Junimea<\/p>\n\n\n\n<p>o Nebunul cu o singur\u0103 fereastr\u0103, poeme, ed. Vinea<\/p>\n\n\n\n<p>\u2022 Recital chitar\u0103 Silvan St\u00e2ncel<\/p>\n\n\n\n<p>14 august, ora 14:00 \u2013 Itinerant Poarta a III-a \u2013 Palatul Principilor<\/p>\n\n\n\n<p>Defilarea portului popular din colec\u021bia \u201e\u0218ez\u0103toarea Basarabia\u201d \u2013 c\u0103ma\u0219a cu alti\u021b\u0103, fondator Olesea Enachi \u2013 artist plastic, membru UAP<\/p>\n\n\n\n<p>14 august, ora 14:30 \u2013 Palatul Principilor Transilvaniei<\/p>\n\n\n\n<p>lansare de carte Varvara Buzil\u0103 \u2013 doctor \u00een filologie, etnograf \u0219i muzeograf, conferen\u021biar \u0219tiin\u021bifico Retoric\u0103 vestimentar\u0103: c\u0103ma\u0219a cu alti\u021b\u0103 \/ Rhetoric of dress: the blouse with \u201ealti\u021b\u0103\u201do Creatori, purt\u0103tori \u0219i admiratori ai costumului tradi\u021bional \u00een secolul al XXI-lea<\/p>\n\n\n\n<p>\u2022 Expozi\u021bie de ii realizate dup\u0103 modele vechi de c\u0103tre Maria Anca, purt\u0103tor de competente<\/p>\n\n\n\n<p> Cea mai mare \u0219ez\u0103toare tradi\u021bional\u0103 organizat\u0103 \u00een Cetatea Marii Uniri la care \u0219i-au confirmat prezen\u021ba: Asocia\u021bia \u201eVatra\u201d din Geoagiu de Sus; Asocia\u021bia \u201eIia C\u0103l\u0103toare\u201d din \u021aara F\u0103g\u0103ra\u0219ului; \u0218ez\u0103toarea Avrig; \u0218ez\u0103toarea Apuseni; \u0218ez\u0103toarea Arge\u0219; \u0218ez\u0103toarea Muscel; \u0218ez\u0103toarea \u201eAlti\u021be de Gala\u021bi\u201d; \u0218ez\u0103toarea \u201eArta acului la Cluj\u201d; \u201eCasa de parade\u201d \u2013 Milano; Marin Taica \u2013 me\u0219ter popular, realizator de juc\u0103rii din lemn; Rom\u00e2n Violeta Karmen \u2013 dantelareas\u0103 din Feldioara; Maria Dumitru \u2013 me\u0219ter popular din Ro\u0219ia Montan\u0103<\/p>\n\n\n\n<p>14 august, ora 19:00 \u2013 Pia\u021ba Cet\u0103\u021bii<\/p>\n\n\n\n<p>Regal folcloric \u201eSuflet de Rom\u00e2n\u201d<\/p>\n\n\n\n<p>Orchestra Fra\u021bilor Advahov, dirijor Vitalie \u0219i Vasile Advahov<\/p>\n\n\n\n<p>Interpre\u021bi: Grupul Anghelos, Cristina Todor, Ionu\u021b Didi Cojocaru, Roxana Goia, Ansamblul \u201eCindrelul Junii Sibiului\u201d, C\u0103t\u0103lin Ha\u0219a, Bogdan Toma, Oana Bozga Pintea, Bogdan Cioranu, Grupul instrumental \u201eCodru De Rom\u00e2nia\u201d, Niculina Stoican, Cornelia \u0219i Lupu Rednic, Marius Ciprian Pop, Alexandru Pal \u0219i Roxana Reche, Marcel Pavel, Sava Negrean Bruda\u0219cu, Mioara Velicu<\/p>\n\n\n\n<p>Prezentator: Iuliana Tudor<\/p>\n\n\n\n<figure class=\"wp-block-image size-full\"><img loading=\"lazy\" decoding=\"async\" width=\"832\" height=\"1024\" src=\"https:\/\/urbeamea.ro\/albaiulia\/wp-content\/uploads\/2024\/08\/1000008045.jpg\" alt=\"\" class=\"wp-image-113289\" srcset=\"https:\/\/urbeamea.ro\/albaiulia\/wp-content\/uploads\/2024\/08\/1000008045.jpg 832w, https:\/\/urbeamea.ro\/albaiulia\/wp-content\/uploads\/2024\/08\/1000008045-520x640.jpg 520w, https:\/\/urbeamea.ro\/albaiulia\/wp-content\/uploads\/2024\/08\/1000008045-122x150.jpg 122w, https:\/\/urbeamea.ro\/albaiulia\/wp-content\/uploads\/2024\/08\/1000008045-768x945.jpg 768w\" sizes=\"auto, (max-width: 832px) 100vw, 832px\" \/><\/figure>\n","protected":false},"excerpt":{"rendered":"<p>Prin rela\u021biile de \u00eenfr\u0103\u021bire dintre Alba Iulia \u0219i Chi\u0219in\u0103u, \u00een 13 \u0219i 14 august vom s\u0103rb\u0103tori cultura tradi\u021bional\u0103 \u00een Cetatea Alba Carolina. Evenimentele dedicate nu doar frumuse\u021bii \u0219i bog\u0103\u021biei culturii tradi\u021bionale, ci \u0219i leg\u0103turilor profunde \u0219i autentice dintre dou\u0103 inimi rom\u00e2ne\u0219ti: Alba Iulia \u0219i Chi\u0219in\u0103u vor propune celebrarea patrimoniului nostru comun, valorile ce ne unesc &hellip;<\/p>\n","protected":false},"author":28,"featured_media":113288,"comment_status":"open","ping_status":"open","sticky":false,"template":"","format":"standard","meta":{"inline_featured_image":false,"footnotes":""},"categories":[2038,4,2034],"tags":[],"class_list":["post-113287","post","type-post","status-publish","format-standard","has-post-thumbnail","hentry","category-cultura","category-eveniment","category-social"],"yoast_head":"<!-- This site is optimized with the Yoast SEO plugin v27.4 - https:\/\/yoast.com\/product\/yoast-seo-wordpress\/ -->\n<title>Mar\u021bi \u0219i miercuri: Zilele Chi\u0219in\u0103ului la Alba Iulia \u0219i Suflet de Rom\u00e2n: lans\u0103ri de carte, defilarea portului popular, cea mai mare \u0219ez\u0103toare, regal Folcloric - Revista Urbea Mea - Revista de Alba<\/title>\n<meta name=\"description\" content=\"Prin rela\u021biile de \u00eenfr\u0103\u021bire dintre Alba Iulia \u0219i Chi\u0219in\u0103u, \u00een 13 \u0219i 14 august vom s\u0103rb\u0103tori cultura tradi\u021bional\u0103 \u00een Cetatea Alba Carolina. Evenimentele\" \/>\n<meta name=\"robots\" content=\"index, follow, max-snippet:-1, max-image-preview:large, max-video-preview:-1\" \/>\n<link rel=\"canonical\" href=\"https:\/\/urbeamea.ro\/albaiulia\/marti-si-miercuri-zilele-chisinaului-la-alba-iulia-si-suflet-de-roman-lansari-de-carte-defilarea-portului-popular-cea-mai-mare-sezatoare-regal-folcloric\/\" \/>\n<meta name=\"twitter:card\" content=\"summary_large_image\" \/>\n<meta name=\"twitter:title\" content=\"Mar\u021bi \u0219i miercuri: Zilele Chi\u0219in\u0103ului la Alba Iulia \u0219i Suflet de Rom\u00e2n: lans\u0103ri de carte, defilarea portului popular, cea mai mare \u0219ez\u0103toare, regal Folcloric - Revista Urbea Mea - Revista de Alba\" \/>\n<meta name=\"twitter:description\" content=\"Prin rela\u021biile de \u00eenfr\u0103\u021bire dintre Alba Iulia \u0219i Chi\u0219in\u0103u, \u00een 13 \u0219i 14 august vom s\u0103rb\u0103tori cultura tradi\u021bional\u0103 \u00een Cetatea Alba Carolina. Evenimentele\" \/>\n<meta name=\"twitter:image\" content=\"https:\/\/urbeamea.ro\/albaiulia\/wp-content\/uploads\/2024\/08\/1000008046.jpg\" \/>\n<meta name=\"twitter:creator\" content=\"@urbeameaweb\" \/>\n<meta name=\"twitter:site\" content=\"@urbeameaweb\" \/>\n<script type=\"application\/ld+json\" class=\"yoast-schema-graph\">{\"@context\":\"https:\\\/\\\/schema.org\",\"@graph\":[{\"@type\":\"Article\",\"@id\":\"https:\\\/\\\/urbeamea.ro\\\/albaiulia\\\/marti-si-miercuri-zilele-chisinaului-la-alba-iulia-si-suflet-de-roman-lansari-de-carte-defilarea-portului-popular-cea-mai-mare-sezatoare-regal-folcloric\\\/#article\",\"isPartOf\":{\"@id\":\"https:\\\/\\\/urbeamea.ro\\\/albaiulia\\\/marti-si-miercuri-zilele-chisinaului-la-alba-iulia-si-suflet-de-roman-lansari-de-carte-defilarea-portului-popular-cea-mai-mare-sezatoare-regal-folcloric\\\/\"},\"author\":{\"name\":\"Giurca Sorin\",\"@id\":\"https:\\\/\\\/urbeamea.ro\\\/albaiulia\\\/#\\\/schema\\\/person\\\/5db3854ac38c1cc9f0ab4092d6a20f02\"},\"headline\":\"Mar\u021bi \u0219i miercuri: Zilele Chi\u0219in\u0103ului la Alba Iulia \u0219i Suflet de Rom\u00e2n: lans\u0103ri de carte, defilarea portului popular, cea mai mare \u0219ez\u0103toare, regal Folcloric\",\"datePublished\":\"2024-08-12T07:47:58+00:00\",\"dateModified\":\"2024-08-12T07:47:59+00:00\",\"mainEntityOfPage\":{\"@id\":\"https:\\\/\\\/urbeamea.ro\\\/albaiulia\\\/marti-si-miercuri-zilele-chisinaului-la-alba-iulia-si-suflet-de-roman-lansari-de-carte-defilarea-portului-popular-cea-mai-mare-sezatoare-regal-folcloric\\\/\"},\"wordCount\":484,\"commentCount\":0,\"image\":{\"@id\":\"https:\\\/\\\/urbeamea.ro\\\/albaiulia\\\/marti-si-miercuri-zilele-chisinaului-la-alba-iulia-si-suflet-de-roman-lansari-de-carte-defilarea-portului-popular-cea-mai-mare-sezatoare-regal-folcloric\\\/#primaryimage\"},\"thumbnailUrl\":\"https:\\\/\\\/urbeamea.ro\\\/albaiulia\\\/wp-content\\\/uploads\\\/2024\\\/08\\\/1000008046.jpg\",\"articleSection\":[\"Cultur\u0103\",\"Evenimente\",\"Social\"],\"inLanguage\":\"ro-RO\",\"potentialAction\":[{\"@type\":\"CommentAction\",\"name\":\"Comment\",\"target\":[\"https:\\\/\\\/urbeamea.ro\\\/albaiulia\\\/marti-si-miercuri-zilele-chisinaului-la-alba-iulia-si-suflet-de-roman-lansari-de-carte-defilarea-portului-popular-cea-mai-mare-sezatoare-regal-folcloric\\\/#respond\"]}]},{\"@type\":\"WebPage\",\"@id\":\"https:\\\/\\\/urbeamea.ro\\\/albaiulia\\\/marti-si-miercuri-zilele-chisinaului-la-alba-iulia-si-suflet-de-roman-lansari-de-carte-defilarea-portului-popular-cea-mai-mare-sezatoare-regal-folcloric\\\/\",\"url\":\"https:\\\/\\\/urbeamea.ro\\\/albaiulia\\\/marti-si-miercuri-zilele-chisinaului-la-alba-iulia-si-suflet-de-roman-lansari-de-carte-defilarea-portului-popular-cea-mai-mare-sezatoare-regal-folcloric\\\/\",\"name\":\"Mar\u021bi \u0219i miercuri: Zilele Chi\u0219in\u0103ului la Alba Iulia \u0219i Suflet de Rom\u00e2n: lans\u0103ri de carte, defilarea portului popular, cea mai mare \u0219ez\u0103toare, regal Folcloric - Revista Urbea Mea - Revista de Alba\",\"isPartOf\":{\"@id\":\"https:\\\/\\\/urbeamea.ro\\\/albaiulia\\\/#website\"},\"primaryImageOfPage\":{\"@id\":\"https:\\\/\\\/urbeamea.ro\\\/albaiulia\\\/marti-si-miercuri-zilele-chisinaului-la-alba-iulia-si-suflet-de-roman-lansari-de-carte-defilarea-portului-popular-cea-mai-mare-sezatoare-regal-folcloric\\\/#primaryimage\"},\"image\":{\"@id\":\"https:\\\/\\\/urbeamea.ro\\\/albaiulia\\\/marti-si-miercuri-zilele-chisinaului-la-alba-iulia-si-suflet-de-roman-lansari-de-carte-defilarea-portului-popular-cea-mai-mare-sezatoare-regal-folcloric\\\/#primaryimage\"},\"thumbnailUrl\":\"https:\\\/\\\/urbeamea.ro\\\/albaiulia\\\/wp-content\\\/uploads\\\/2024\\\/08\\\/1000008046.jpg\",\"datePublished\":\"2024-08-12T07:47:58+00:00\",\"dateModified\":\"2024-08-12T07:47:59+00:00\",\"author\":{\"@id\":\"https:\\\/\\\/urbeamea.ro\\\/albaiulia\\\/#\\\/schema\\\/person\\\/5db3854ac38c1cc9f0ab4092d6a20f02\"},\"description\":\"Prin rela\u021biile de \u00eenfr\u0103\u021bire dintre Alba Iulia \u0219i Chi\u0219in\u0103u, \u00een 13 \u0219i 14 august vom s\u0103rb\u0103tori cultura tradi\u021bional\u0103 \u00een Cetatea Alba Carolina. Evenimentele\",\"breadcrumb\":{\"@id\":\"https:\\\/\\\/urbeamea.ro\\\/albaiulia\\\/marti-si-miercuri-zilele-chisinaului-la-alba-iulia-si-suflet-de-roman-lansari-de-carte-defilarea-portului-popular-cea-mai-mare-sezatoare-regal-folcloric\\\/#breadcrumb\"},\"inLanguage\":\"ro-RO\",\"potentialAction\":[{\"@type\":\"ReadAction\",\"target\":[\"https:\\\/\\\/urbeamea.ro\\\/albaiulia\\\/marti-si-miercuri-zilele-chisinaului-la-alba-iulia-si-suflet-de-roman-lansari-de-carte-defilarea-portului-popular-cea-mai-mare-sezatoare-regal-folcloric\\\/\"]}]},{\"@type\":\"ImageObject\",\"inLanguage\":\"ro-RO\",\"@id\":\"https:\\\/\\\/urbeamea.ro\\\/albaiulia\\\/marti-si-miercuri-zilele-chisinaului-la-alba-iulia-si-suflet-de-roman-lansari-de-carte-defilarea-portului-popular-cea-mai-mare-sezatoare-regal-folcloric\\\/#primaryimage\",\"url\":\"https:\\\/\\\/urbeamea.ro\\\/albaiulia\\\/wp-content\\\/uploads\\\/2024\\\/08\\\/1000008046.jpg\",\"contentUrl\":\"https:\\\/\\\/urbeamea.ro\\\/albaiulia\\\/wp-content\\\/uploads\\\/2024\\\/08\\\/1000008046.jpg\",\"width\":1080,\"height\":1414},{\"@type\":\"BreadcrumbList\",\"@id\":\"https:\\\/\\\/urbeamea.ro\\\/albaiulia\\\/marti-si-miercuri-zilele-chisinaului-la-alba-iulia-si-suflet-de-roman-lansari-de-carte-defilarea-portului-popular-cea-mai-mare-sezatoare-regal-folcloric\\\/#breadcrumb\",\"itemListElement\":[{\"@type\":\"ListItem\",\"position\":1,\"name\":\"Prima pagin\u0103\",\"item\":\"https:\\\/\\\/urbeamea.ro\\\/albaiulia\\\/\"},{\"@type\":\"ListItem\",\"position\":2,\"name\":\"Mar\u021bi \u0219i miercuri: Zilele Chi\u0219in\u0103ului la Alba Iulia \u0219i Suflet de Rom\u00e2n: lans\u0103ri de carte, defilarea portului popular, cea mai mare \u0219ez\u0103toare, regal Folcloric\"}]},{\"@type\":\"WebSite\",\"@id\":\"https:\\\/\\\/urbeamea.ro\\\/albaiulia\\\/#website\",\"url\":\"https:\\\/\\\/urbeamea.ro\\\/albaiulia\\\/\",\"name\":\"Revista Urbea Mea, Stiri urbane\",\"description\":\"Evenimente \u0219i \u0219tiri din Alba Iulia, Sebe\u0219, Aiud, Blaj\",\"potentialAction\":[{\"@type\":\"SearchAction\",\"target\":{\"@type\":\"EntryPoint\",\"urlTemplate\":\"https:\\\/\\\/urbeamea.ro\\\/albaiulia\\\/?s={search_term_string}\"},\"query-input\":{\"@type\":\"PropertyValueSpecification\",\"valueRequired\":true,\"valueName\":\"search_term_string\"}}],\"inLanguage\":\"ro-RO\"},{\"@type\":\"Person\",\"@id\":\"https:\\\/\\\/urbeamea.ro\\\/albaiulia\\\/#\\\/schema\\\/person\\\/5db3854ac38c1cc9f0ab4092d6a20f02\",\"name\":\"Giurca Sorin\",\"image\":{\"@type\":\"ImageObject\",\"inLanguage\":\"ro-RO\",\"@id\":\"https:\\\/\\\/secure.gravatar.com\\\/avatar\\\/120f6fcae7b3b47a7730cb9943f612f4909f68ac5284b5f40ac1c4615fd70576?s=96&d=mm&r=g\",\"url\":\"https:\\\/\\\/secure.gravatar.com\\\/avatar\\\/120f6fcae7b3b47a7730cb9943f612f4909f68ac5284b5f40ac1c4615fd70576?s=96&d=mm&r=g\",\"contentUrl\":\"https:\\\/\\\/secure.gravatar.com\\\/avatar\\\/120f6fcae7b3b47a7730cb9943f612f4909f68ac5284b5f40ac1c4615fd70576?s=96&d=mm&r=g\",\"caption\":\"Giurca Sorin\"},\"url\":\"https:\\\/\\\/urbeamea.ro\\\/albaiulia\\\/author\\\/sorin\\\/\"}]}<\/script>\n<!-- \/ Yoast SEO plugin. -->","yoast_head_json":{"title":"Mar\u021bi \u0219i miercuri: Zilele Chi\u0219in\u0103ului la Alba Iulia \u0219i Suflet de Rom\u00e2n: lans\u0103ri de carte, defilarea portului popular, cea mai mare \u0219ez\u0103toare, regal Folcloric - Revista Urbea Mea - Revista de Alba","description":"Prin rela\u021biile de \u00eenfr\u0103\u021bire dintre Alba Iulia \u0219i Chi\u0219in\u0103u, \u00een 13 \u0219i 14 august vom s\u0103rb\u0103tori cultura tradi\u021bional\u0103 \u00een Cetatea Alba Carolina. Evenimentele","robots":{"index":"index","follow":"follow","max-snippet":"max-snippet:-1","max-image-preview":"max-image-preview:large","max-video-preview":"max-video-preview:-1"},"canonical":"https:\/\/urbeamea.ro\/albaiulia\/marti-si-miercuri-zilele-chisinaului-la-alba-iulia-si-suflet-de-roman-lansari-de-carte-defilarea-portului-popular-cea-mai-mare-sezatoare-regal-folcloric\/","twitter_card":"summary_large_image","twitter_title":"Mar\u021bi \u0219i miercuri: Zilele Chi\u0219in\u0103ului la Alba Iulia \u0219i Suflet de Rom\u00e2n: lans\u0103ri de carte, defilarea portului popular, cea mai mare \u0219ez\u0103toare, regal Folcloric - Revista Urbea Mea - Revista de Alba","twitter_description":"Prin rela\u021biile de \u00eenfr\u0103\u021bire dintre Alba Iulia \u0219i Chi\u0219in\u0103u, \u00een 13 \u0219i 14 august vom s\u0103rb\u0103tori cultura tradi\u021bional\u0103 \u00een Cetatea Alba Carolina. Evenimentele","twitter_image":"https:\/\/urbeamea.ro\/albaiulia\/wp-content\/uploads\/2024\/08\/1000008046.jpg","twitter_creator":"@urbeameaweb","twitter_site":"@urbeameaweb","schema":{"@context":"https:\/\/schema.org","@graph":[{"@type":"Article","@id":"https:\/\/urbeamea.ro\/albaiulia\/marti-si-miercuri-zilele-chisinaului-la-alba-iulia-si-suflet-de-roman-lansari-de-carte-defilarea-portului-popular-cea-mai-mare-sezatoare-regal-folcloric\/#article","isPartOf":{"@id":"https:\/\/urbeamea.ro\/albaiulia\/marti-si-miercuri-zilele-chisinaului-la-alba-iulia-si-suflet-de-roman-lansari-de-carte-defilarea-portului-popular-cea-mai-mare-sezatoare-regal-folcloric\/"},"author":{"name":"Giurca Sorin","@id":"https:\/\/urbeamea.ro\/albaiulia\/#\/schema\/person\/5db3854ac38c1cc9f0ab4092d6a20f02"},"headline":"Mar\u021bi \u0219i miercuri: Zilele Chi\u0219in\u0103ului la Alba Iulia \u0219i Suflet de Rom\u00e2n: lans\u0103ri de carte, defilarea portului popular, cea mai mare \u0219ez\u0103toare, regal Folcloric","datePublished":"2024-08-12T07:47:58+00:00","dateModified":"2024-08-12T07:47:59+00:00","mainEntityOfPage":{"@id":"https:\/\/urbeamea.ro\/albaiulia\/marti-si-miercuri-zilele-chisinaului-la-alba-iulia-si-suflet-de-roman-lansari-de-carte-defilarea-portului-popular-cea-mai-mare-sezatoare-regal-folcloric\/"},"wordCount":484,"commentCount":0,"image":{"@id":"https:\/\/urbeamea.ro\/albaiulia\/marti-si-miercuri-zilele-chisinaului-la-alba-iulia-si-suflet-de-roman-lansari-de-carte-defilarea-portului-popular-cea-mai-mare-sezatoare-regal-folcloric\/#primaryimage"},"thumbnailUrl":"https:\/\/urbeamea.ro\/albaiulia\/wp-content\/uploads\/2024\/08\/1000008046.jpg","articleSection":["Cultur\u0103","Evenimente","Social"],"inLanguage":"ro-RO","potentialAction":[{"@type":"CommentAction","name":"Comment","target":["https:\/\/urbeamea.ro\/albaiulia\/marti-si-miercuri-zilele-chisinaului-la-alba-iulia-si-suflet-de-roman-lansari-de-carte-defilarea-portului-popular-cea-mai-mare-sezatoare-regal-folcloric\/#respond"]}]},{"@type":"WebPage","@id":"https:\/\/urbeamea.ro\/albaiulia\/marti-si-miercuri-zilele-chisinaului-la-alba-iulia-si-suflet-de-roman-lansari-de-carte-defilarea-portului-popular-cea-mai-mare-sezatoare-regal-folcloric\/","url":"https:\/\/urbeamea.ro\/albaiulia\/marti-si-miercuri-zilele-chisinaului-la-alba-iulia-si-suflet-de-roman-lansari-de-carte-defilarea-portului-popular-cea-mai-mare-sezatoare-regal-folcloric\/","name":"Mar\u021bi \u0219i miercuri: Zilele Chi\u0219in\u0103ului la Alba Iulia \u0219i Suflet de Rom\u00e2n: lans\u0103ri de carte, defilarea portului popular, cea mai mare \u0219ez\u0103toare, regal Folcloric - Revista Urbea Mea - Revista de Alba","isPartOf":{"@id":"https:\/\/urbeamea.ro\/albaiulia\/#website"},"primaryImageOfPage":{"@id":"https:\/\/urbeamea.ro\/albaiulia\/marti-si-miercuri-zilele-chisinaului-la-alba-iulia-si-suflet-de-roman-lansari-de-carte-defilarea-portului-popular-cea-mai-mare-sezatoare-regal-folcloric\/#primaryimage"},"image":{"@id":"https:\/\/urbeamea.ro\/albaiulia\/marti-si-miercuri-zilele-chisinaului-la-alba-iulia-si-suflet-de-roman-lansari-de-carte-defilarea-portului-popular-cea-mai-mare-sezatoare-regal-folcloric\/#primaryimage"},"thumbnailUrl":"https:\/\/urbeamea.ro\/albaiulia\/wp-content\/uploads\/2024\/08\/1000008046.jpg","datePublished":"2024-08-12T07:47:58+00:00","dateModified":"2024-08-12T07:47:59+00:00","author":{"@id":"https:\/\/urbeamea.ro\/albaiulia\/#\/schema\/person\/5db3854ac38c1cc9f0ab4092d6a20f02"},"description":"Prin rela\u021biile de \u00eenfr\u0103\u021bire dintre Alba Iulia \u0219i Chi\u0219in\u0103u, \u00een 13 \u0219i 14 august vom s\u0103rb\u0103tori cultura tradi\u021bional\u0103 \u00een Cetatea Alba Carolina. Evenimentele","breadcrumb":{"@id":"https:\/\/urbeamea.ro\/albaiulia\/marti-si-miercuri-zilele-chisinaului-la-alba-iulia-si-suflet-de-roman-lansari-de-carte-defilarea-portului-popular-cea-mai-mare-sezatoare-regal-folcloric\/#breadcrumb"},"inLanguage":"ro-RO","potentialAction":[{"@type":"ReadAction","target":["https:\/\/urbeamea.ro\/albaiulia\/marti-si-miercuri-zilele-chisinaului-la-alba-iulia-si-suflet-de-roman-lansari-de-carte-defilarea-portului-popular-cea-mai-mare-sezatoare-regal-folcloric\/"]}]},{"@type":"ImageObject","inLanguage":"ro-RO","@id":"https:\/\/urbeamea.ro\/albaiulia\/marti-si-miercuri-zilele-chisinaului-la-alba-iulia-si-suflet-de-roman-lansari-de-carte-defilarea-portului-popular-cea-mai-mare-sezatoare-regal-folcloric\/#primaryimage","url":"https:\/\/urbeamea.ro\/albaiulia\/wp-content\/uploads\/2024\/08\/1000008046.jpg","contentUrl":"https:\/\/urbeamea.ro\/albaiulia\/wp-content\/uploads\/2024\/08\/1000008046.jpg","width":1080,"height":1414},{"@type":"BreadcrumbList","@id":"https:\/\/urbeamea.ro\/albaiulia\/marti-si-miercuri-zilele-chisinaului-la-alba-iulia-si-suflet-de-roman-lansari-de-carte-defilarea-portului-popular-cea-mai-mare-sezatoare-regal-folcloric\/#breadcrumb","itemListElement":[{"@type":"ListItem","position":1,"name":"Prima pagin\u0103","item":"https:\/\/urbeamea.ro\/albaiulia\/"},{"@type":"ListItem","position":2,"name":"Mar\u021bi \u0219i miercuri: Zilele Chi\u0219in\u0103ului la Alba Iulia \u0219i Suflet de Rom\u00e2n: lans\u0103ri de carte, defilarea portului popular, cea mai mare \u0219ez\u0103toare, regal Folcloric"}]},{"@type":"WebSite","@id":"https:\/\/urbeamea.ro\/albaiulia\/#website","url":"https:\/\/urbeamea.ro\/albaiulia\/","name":"Revista Urbea Mea, Stiri urbane","description":"Evenimente \u0219i \u0219tiri din Alba Iulia, Sebe\u0219, Aiud, Blaj","potentialAction":[{"@type":"SearchAction","target":{"@type":"EntryPoint","urlTemplate":"https:\/\/urbeamea.ro\/albaiulia\/?s={search_term_string}"},"query-input":{"@type":"PropertyValueSpecification","valueRequired":true,"valueName":"search_term_string"}}],"inLanguage":"ro-RO"},{"@type":"Person","@id":"https:\/\/urbeamea.ro\/albaiulia\/#\/schema\/person\/5db3854ac38c1cc9f0ab4092d6a20f02","name":"Giurca Sorin","image":{"@type":"ImageObject","inLanguage":"ro-RO","@id":"https:\/\/secure.gravatar.com\/avatar\/120f6fcae7b3b47a7730cb9943f612f4909f68ac5284b5f40ac1c4615fd70576?s=96&d=mm&r=g","url":"https:\/\/secure.gravatar.com\/avatar\/120f6fcae7b3b47a7730cb9943f612f4909f68ac5284b5f40ac1c4615fd70576?s=96&d=mm&r=g","contentUrl":"https:\/\/secure.gravatar.com\/avatar\/120f6fcae7b3b47a7730cb9943f612f4909f68ac5284b5f40ac1c4615fd70576?s=96&d=mm&r=g","caption":"Giurca Sorin"},"url":"https:\/\/urbeamea.ro\/albaiulia\/author\/sorin\/"}]}},"_links":{"self":[{"href":"https:\/\/urbeamea.ro\/albaiulia\/wp-json\/wp\/v2\/posts\/113287","targetHints":{"allow":["GET"]}}],"collection":[{"href":"https:\/\/urbeamea.ro\/albaiulia\/wp-json\/wp\/v2\/posts"}],"about":[{"href":"https:\/\/urbeamea.ro\/albaiulia\/wp-json\/wp\/v2\/types\/post"}],"author":[{"embeddable":true,"href":"https:\/\/urbeamea.ro\/albaiulia\/wp-json\/wp\/v2\/users\/28"}],"replies":[{"embeddable":true,"href":"https:\/\/urbeamea.ro\/albaiulia\/wp-json\/wp\/v2\/comments?post=113287"}],"version-history":[{"count":1,"href":"https:\/\/urbeamea.ro\/albaiulia\/wp-json\/wp\/v2\/posts\/113287\/revisions"}],"predecessor-version":[{"id":113290,"href":"https:\/\/urbeamea.ro\/albaiulia\/wp-json\/wp\/v2\/posts\/113287\/revisions\/113290"}],"wp:featuredmedia":[{"embeddable":true,"href":"https:\/\/urbeamea.ro\/albaiulia\/wp-json\/wp\/v2\/media\/113288"}],"wp:attachment":[{"href":"https:\/\/urbeamea.ro\/albaiulia\/wp-json\/wp\/v2\/media?parent=113287"}],"wp:term":[{"taxonomy":"category","embeddable":true,"href":"https:\/\/urbeamea.ro\/albaiulia\/wp-json\/wp\/v2\/categories?post=113287"},{"taxonomy":"post_tag","embeddable":true,"href":"https:\/\/urbeamea.ro\/albaiulia\/wp-json\/wp\/v2\/tags?post=113287"}],"curies":[{"name":"wp","href":"https:\/\/api.w.org\/{rel}","templated":true}]}}