{"id":113297,"date":"2024-08-12T17:46:26","date_gmt":"2024-08-12T14:46:26","guid":{"rendered":"https:\/\/urbeamea.ro\/albaiulia\/?p=113297"},"modified":"2024-08-12T17:46:28","modified_gmt":"2024-08-12T14:46:28","slug":"isu-alba-saptamana-informarii-preventive-campanie-dedicata-cetatenilor-in-situatiile-de-urgenta-prezentari-de-tehnica-de-interventie","status":"publish","type":"post","link":"https:\/\/urbeamea.ro\/albaiulia\/isu-alba-saptamana-informarii-preventive-campanie-dedicata-cetatenilor-in-situatiile-de-urgenta-prezentari-de-tehnica-de-interventie\/","title":{"rendered":"ISU ALBA: S\u0103pt\u0103m\u00e2na inform\u0103rii preventive. Campanie dedicat\u0103 cet\u0103\u021benilor \u00een situa\u021biile de urgen\u021b\u0103, prezent\u0103ri de tehnic\u0103 de interven\u021bie"},"content":{"rendered":"\n<p class=\"wp-block-paragraph\">\u00cen <strong>fiecare an, c\u00e2nd ziua de ,,13&#8243; cade \u00eentr-o zi de mar\u021bi, pompierii deruleaz\u0103 campanii de informare a popula\u0163iei sub sloganul ,,Preveni\u021bi Ghinionul&#8221; av\u00e2nd ca logo pisica neagr\u0103 care vizeaz\u0103 con\u015ftientizarea cet\u0103\u0163enilor asupra pericolelor la care se pot expune \u00een cazul nerespect\u0103rii m\u0103surilor \u015fi regulilor de comportare specifice tipurilor de risc \u00een situa\u0163ii de urgen\u0163\u0103. <\/strong><\/p>\n\n\n\n<p class=\"wp-block-paragraph\">\u00cen cadrul acestor campanii, cadrele militare din cadrul ISU Alba vor fi prezen\u021bi \u00een spa\u021biile cu afluen\u021b\u0103 mare de persoane (mall-uri, centre comerciale etc.) unde vor \u00eemp\u0103r\u0163i pliante \u015fi vor discuta cu cet\u0103\u0163enii despre ce m\u0103suri ar trebui s\u0103 ia, acas\u0103 ori la birou, dar \u015fi cum ar trebui s\u0103 se comporte \u00een cazul unor situa\u0163ii de urgen\u021b\u0103.<\/p>\n\n\n\n<p class=\"wp-block-paragraph\">De asemenea, \u00een cursul zilei de mar\u021bi,13 august, la nivelul subunit\u0103\u021bilor de interven\u021bie se va organiza ,,Ziua Por\u021bilor Deschise&#8221; \u0219i totodat\u0103 pompierii militari vor fi prezen\u021bi cu tehnic\u0103 de interven\u021bie din dotare \u0219i vor desf\u0103\u0219ura activit\u0103\u021bi de informare preventiv\u0103 dup\u0103 cum urmeaz\u0103:<\/p>\n\n\n\n<p class=\"wp-block-paragraph\">\u00eentre orele 11.00 &#8211; 13.00:- incinta CarolinaMall (intrarea principal\u0103)<\/p>\n\n\n\n<p class=\"wp-block-paragraph\">\u00eentre orele 17.00 &#8211; 19.00:- incinta AlbaMall (intrarea principal\u0103)<\/p>\n\n\n\n<p class=\"wp-block-paragraph\">&#8211; Municipiul Aiud &#8211; centru;<\/p>\n\n\n\n<p class=\"wp-block-paragraph\">&#8211; Municipiul Blaj &#8211; C\u00e2mpia Libert\u0103\u021bii:<\/p>\n\n\n\n<p class=\"wp-block-paragraph\">&#8211; Municipiul Sebe\u0219 &#8211; zona Casa de Cultur\u0103<\/p>\n\n\n\n<p class=\"wp-block-paragraph\">&#8211; Ora\u0219 C\u00e2mpeni &#8211; parc centru <\/p>\n\n\n\n<figure class=\"wp-block-image size-full\"><img loading=\"lazy\" decoding=\"async\" width=\"640\" height=\"637\" src=\"https:\/\/urbeamea.ro\/albaiulia\/wp-content\/uploads\/2024\/08\/1000008050.jpg\" alt=\"\" class=\"wp-image-113301\" srcset=\"https:\/\/urbeamea.ro\/albaiulia\/wp-content\/uploads\/2024\/08\/1000008050.jpg 640w, https:\/\/urbeamea.ro\/albaiulia\/wp-content\/uploads\/2024\/08\/1000008050-150x150.jpg 150w\" sizes=\"auto, (max-width: 640px) 100vw, 640px\" \/><\/figure>\n\n\n\n<p class=\"wp-block-paragraph\"><\/p>\n","protected":false},"excerpt":{"rendered":"<p>\u00cen fiecare an, c\u00e2nd ziua de ,,13&#8243; cade \u00eentr-o zi de mar\u021bi, pompierii deruleaz\u0103 campanii de informare a popula\u0163iei sub sloganul ,,Preveni\u021bi Ghinionul&#8221; av\u00e2nd ca logo pisica neagr\u0103 care vizeaz\u0103 con\u015ftientizarea cet\u0103\u0163enilor asupra pericolelor la care se pot expune \u00een cazul nerespect\u0103rii m\u0103surilor \u015fi regulilor de comportare specifice tipurilor de risc \u00een situa\u0163ii de urgen\u0163\u0103. &hellip;<\/p>\n","protected":false},"author":28,"featured_media":113301,"comment_status":"open","ping_status":"open","sticky":false,"template":"","format":"standard","meta":{"inline_featured_image":false,"footnotes":""},"categories":[4,2034],"tags":[16088,2560],"class_list":["post-113297","post","type-post","status-publish","format-standard","has-post-thumbnail","hentry","category-eveniment","category-social","tag-activitate-informativ-preventiva","tag-isu-alba"],"yoast_head":"<!-- This site is optimized with the Yoast SEO plugin v28.3 - https:\/\/yoast.com\/product\/yoast-seo-wordpress\/ -->\n<title>ISU ALBA: S\u0103pt\u0103m\u00e2na inform\u0103rii preventive. Campanie dedicat\u0103 cet\u0103\u021benilor \u00een situa\u021biile de urgen\u021b\u0103, prezent\u0103ri de tehnic\u0103 de interven\u021bie - Revista Urbea Mea - Revista de Alba<\/title>\n<meta name=\"description\" content=\"\u00cen fiecare an, c\u00e2nd ziua de ,,13&quot; cade \u00eentr-o zi de mar\u021bi, pompierii deruleaz\u0103 campanii de informare a popula\u0163iei sub sloganul ,,Preveni\u021bi Ghinionul&quot;\" \/>\n<meta name=\"robots\" content=\"index, follow, max-snippet:-1, max-image-preview:large, max-video-preview:-1\" \/>\n<link rel=\"canonical\" href=\"https:\/\/urbeamea.ro\/albaiulia\/isu-alba-saptamana-informarii-preventive-campanie-dedicata-cetatenilor-in-situatiile-de-urgenta-prezentari-de-tehnica-de-interventie\/\" \/>\n<meta name=\"twitter:card\" content=\"summary_large_image\" \/>\n<meta name=\"twitter:title\" content=\"ISU ALBA: S\u0103pt\u0103m\u00e2na inform\u0103rii preventive. Campanie dedicat\u0103 cet\u0103\u021benilor \u00een situa\u021biile de urgen\u021b\u0103, prezent\u0103ri de tehnic\u0103 de interven\u021bie - Revista Urbea Mea - Revista de Alba\" \/>\n<meta name=\"twitter:description\" content=\"\u00cen fiecare an, c\u00e2nd ziua de ,,13&quot; cade \u00eentr-o zi de mar\u021bi, pompierii deruleaz\u0103 campanii de informare a popula\u0163iei sub sloganul ,,Preveni\u021bi Ghinionul&quot;\" \/>\n<meta name=\"twitter:image\" content=\"https:\/\/urbeamea.ro\/albaiulia\/wp-content\/uploads\/2024\/08\/1000008050.jpg\" \/>\n<meta name=\"twitter:creator\" content=\"@urbeameaweb\" \/>\n<meta name=\"twitter:site\" content=\"@urbeameaweb\" \/>\n<script type=\"application\/ld+json\" class=\"yoast-schema-graph\">{\"@context\":\"https:\\\/\\\/schema.org\",\"@graph\":[{\"@type\":\"Article\",\"@id\":\"https:\\\/\\\/urbeamea.ro\\\/albaiulia\\\/isu-alba-saptamana-informarii-preventive-campanie-dedicata-cetatenilor-in-situatiile-de-urgenta-prezentari-de-tehnica-de-interventie\\\/#article\",\"isPartOf\":{\"@id\":\"https:\\\/\\\/urbeamea.ro\\\/albaiulia\\\/isu-alba-saptamana-informarii-preventive-campanie-dedicata-cetatenilor-in-situatiile-de-urgenta-prezentari-de-tehnica-de-interventie\\\/\"},\"author\":{\"name\":\"Giurca Sorin\",\"@id\":\"https:\\\/\\\/urbeamea.ro\\\/albaiulia\\\/#\\\/schema\\\/person\\\/5db3854ac38c1cc9f0ab4092d6a20f02\"},\"headline\":\"ISU ALBA: S\u0103pt\u0103m\u00e2na inform\u0103rii preventive. Campanie dedicat\u0103 cet\u0103\u021benilor \u00een situa\u021biile de urgen\u021b\u0103, prezent\u0103ri de tehnic\u0103 de interven\u021bie\",\"datePublished\":\"2024-08-12T14:46:26+00:00\",\"dateModified\":\"2024-08-12T14:46:28+00:00\",\"mainEntityOfPage\":{\"@id\":\"https:\\\/\\\/urbeamea.ro\\\/albaiulia\\\/isu-alba-saptamana-informarii-preventive-campanie-dedicata-cetatenilor-in-situatiile-de-urgenta-prezentari-de-tehnica-de-interventie\\\/\"},\"wordCount\":248,\"commentCount\":0,\"image\":{\"@id\":\"https:\\\/\\\/urbeamea.ro\\\/albaiulia\\\/isu-alba-saptamana-informarii-preventive-campanie-dedicata-cetatenilor-in-situatiile-de-urgenta-prezentari-de-tehnica-de-interventie\\\/#primaryimage\"},\"thumbnailUrl\":\"https:\\\/\\\/urbeamea.ro\\\/albaiulia\\\/wp-content\\\/uploads\\\/2024\\\/08\\\/1000008050.jpg\",\"keywords\":[\"activitate informativ-preventiva\",\"ISU Alba\"],\"articleSection\":[\"Evenimente\",\"Social\"],\"inLanguage\":\"ro-RO\",\"potentialAction\":[{\"@type\":\"CommentAction\",\"name\":\"Comment\",\"target\":[\"https:\\\/\\\/urbeamea.ro\\\/albaiulia\\\/isu-alba-saptamana-informarii-preventive-campanie-dedicata-cetatenilor-in-situatiile-de-urgenta-prezentari-de-tehnica-de-interventie\\\/#respond\"]}]},{\"@type\":\"WebPage\",\"@id\":\"https:\\\/\\\/urbeamea.ro\\\/albaiulia\\\/isu-alba-saptamana-informarii-preventive-campanie-dedicata-cetatenilor-in-situatiile-de-urgenta-prezentari-de-tehnica-de-interventie\\\/\",\"url\":\"https:\\\/\\\/urbeamea.ro\\\/albaiulia\\\/isu-alba-saptamana-informarii-preventive-campanie-dedicata-cetatenilor-in-situatiile-de-urgenta-prezentari-de-tehnica-de-interventie\\\/\",\"name\":\"ISU ALBA: S\u0103pt\u0103m\u00e2na inform\u0103rii preventive. Campanie dedicat\u0103 cet\u0103\u021benilor \u00een situa\u021biile de urgen\u021b\u0103, prezent\u0103ri de tehnic\u0103 de interven\u021bie - Revista Urbea Mea - Revista de Alba\",\"isPartOf\":{\"@id\":\"https:\\\/\\\/urbeamea.ro\\\/albaiulia\\\/#website\"},\"primaryImageOfPage\":{\"@id\":\"https:\\\/\\\/urbeamea.ro\\\/albaiulia\\\/isu-alba-saptamana-informarii-preventive-campanie-dedicata-cetatenilor-in-situatiile-de-urgenta-prezentari-de-tehnica-de-interventie\\\/#primaryimage\"},\"image\":{\"@id\":\"https:\\\/\\\/urbeamea.ro\\\/albaiulia\\\/isu-alba-saptamana-informarii-preventive-campanie-dedicata-cetatenilor-in-situatiile-de-urgenta-prezentari-de-tehnica-de-interventie\\\/#primaryimage\"},\"thumbnailUrl\":\"https:\\\/\\\/urbeamea.ro\\\/albaiulia\\\/wp-content\\\/uploads\\\/2024\\\/08\\\/1000008050.jpg\",\"datePublished\":\"2024-08-12T14:46:26+00:00\",\"dateModified\":\"2024-08-12T14:46:28+00:00\",\"author\":{\"@id\":\"https:\\\/\\\/urbeamea.ro\\\/albaiulia\\\/#\\\/schema\\\/person\\\/5db3854ac38c1cc9f0ab4092d6a20f02\"},\"description\":\"\u00cen fiecare an, c\u00e2nd ziua de ,,13\\\" cade \u00eentr-o zi de mar\u021bi, pompierii deruleaz\u0103 campanii de informare a popula\u0163iei sub sloganul ,,Preveni\u021bi Ghinionul\\\"\",\"breadcrumb\":{\"@id\":\"https:\\\/\\\/urbeamea.ro\\\/albaiulia\\\/isu-alba-saptamana-informarii-preventive-campanie-dedicata-cetatenilor-in-situatiile-de-urgenta-prezentari-de-tehnica-de-interventie\\\/#breadcrumb\"},\"inLanguage\":\"ro-RO\",\"potentialAction\":[{\"@type\":\"ReadAction\",\"target\":[\"https:\\\/\\\/urbeamea.ro\\\/albaiulia\\\/isu-alba-saptamana-informarii-preventive-campanie-dedicata-cetatenilor-in-situatiile-de-urgenta-prezentari-de-tehnica-de-interventie\\\/\"]}]},{\"@type\":\"ImageObject\",\"inLanguage\":\"ro-RO\",\"@id\":\"https:\\\/\\\/urbeamea.ro\\\/albaiulia\\\/isu-alba-saptamana-informarii-preventive-campanie-dedicata-cetatenilor-in-situatiile-de-urgenta-prezentari-de-tehnica-de-interventie\\\/#primaryimage\",\"url\":\"https:\\\/\\\/urbeamea.ro\\\/albaiulia\\\/wp-content\\\/uploads\\\/2024\\\/08\\\/1000008050.jpg\",\"contentUrl\":\"https:\\\/\\\/urbeamea.ro\\\/albaiulia\\\/wp-content\\\/uploads\\\/2024\\\/08\\\/1000008050.jpg\",\"width\":640,\"height\":637},{\"@type\":\"BreadcrumbList\",\"@id\":\"https:\\\/\\\/urbeamea.ro\\\/albaiulia\\\/isu-alba-saptamana-informarii-preventive-campanie-dedicata-cetatenilor-in-situatiile-de-urgenta-prezentari-de-tehnica-de-interventie\\\/#breadcrumb\",\"itemListElement\":[{\"@type\":\"ListItem\",\"position\":1,\"name\":\"Prima pagin\u0103\",\"item\":\"https:\\\/\\\/urbeamea.ro\\\/albaiulia\\\/\"},{\"@type\":\"ListItem\",\"position\":2,\"name\":\"ISU ALBA: S\u0103pt\u0103m\u00e2na inform\u0103rii preventive. Campanie dedicat\u0103 cet\u0103\u021benilor \u00een situa\u021biile de urgen\u021b\u0103, prezent\u0103ri de tehnic\u0103 de interven\u021bie\"}]},{\"@type\":\"WebSite\",\"@id\":\"https:\\\/\\\/urbeamea.ro\\\/albaiulia\\\/#website\",\"url\":\"https:\\\/\\\/urbeamea.ro\\\/albaiulia\\\/\",\"name\":\"Revista Urbea Mea, Stiri urbane\",\"description\":\"Evenimente \u0219i \u0219tiri din Alba Iulia, Sebe\u0219, Aiud, Blaj\",\"potentialAction\":[{\"@type\":\"SearchAction\",\"target\":{\"@type\":\"EntryPoint\",\"urlTemplate\":\"https:\\\/\\\/urbeamea.ro\\\/albaiulia\\\/?s={search_term_string}\"},\"query-input\":{\"@type\":\"PropertyValueSpecification\",\"valueRequired\":true,\"valueName\":\"search_term_string\"}}],\"inLanguage\":\"ro-RO\"},{\"@type\":\"Person\",\"@id\":\"https:\\\/\\\/urbeamea.ro\\\/albaiulia\\\/#\\\/schema\\\/person\\\/5db3854ac38c1cc9f0ab4092d6a20f02\",\"name\":\"Giurca Sorin\",\"image\":{\"@type\":\"ImageObject\",\"inLanguage\":\"ro-RO\",\"@id\":\"https:\\\/\\\/secure.gravatar.com\\\/avatar\\\/120f6fcae7b3b47a7730cb9943f612f4909f68ac5284b5f40ac1c4615fd70576?s=96&d=mm&r=g\",\"url\":\"https:\\\/\\\/secure.gravatar.com\\\/avatar\\\/120f6fcae7b3b47a7730cb9943f612f4909f68ac5284b5f40ac1c4615fd70576?s=96&d=mm&r=g\",\"contentUrl\":\"https:\\\/\\\/secure.gravatar.com\\\/avatar\\\/120f6fcae7b3b47a7730cb9943f612f4909f68ac5284b5f40ac1c4615fd70576?s=96&d=mm&r=g\",\"caption\":\"Giurca Sorin\"},\"url\":\"https:\\\/\\\/urbeamea.ro\\\/albaiulia\\\/author\\\/sorin\\\/\"}]}<\/script>\n<!-- \/ Yoast SEO plugin. -->","yoast_head_json":{"title":"ISU ALBA: S\u0103pt\u0103m\u00e2na inform\u0103rii preventive. Campanie dedicat\u0103 cet\u0103\u021benilor \u00een situa\u021biile de urgen\u021b\u0103, prezent\u0103ri de tehnic\u0103 de interven\u021bie - Revista Urbea Mea - Revista de Alba","description":"\u00cen fiecare an, c\u00e2nd ziua de ,,13\" cade \u00eentr-o zi de mar\u021bi, pompierii deruleaz\u0103 campanii de informare a popula\u0163iei sub sloganul ,,Preveni\u021bi Ghinionul\"","robots":{"index":"index","follow":"follow","max-snippet":"max-snippet:-1","max-image-preview":"max-image-preview:large","max-video-preview":"max-video-preview:-1"},"canonical":"https:\/\/urbeamea.ro\/albaiulia\/isu-alba-saptamana-informarii-preventive-campanie-dedicata-cetatenilor-in-situatiile-de-urgenta-prezentari-de-tehnica-de-interventie\/","twitter_card":"summary_large_image","twitter_title":"ISU ALBA: S\u0103pt\u0103m\u00e2na inform\u0103rii preventive. Campanie dedicat\u0103 cet\u0103\u021benilor \u00een situa\u021biile de urgen\u021b\u0103, prezent\u0103ri de tehnic\u0103 de interven\u021bie - Revista Urbea Mea - Revista de Alba","twitter_description":"\u00cen fiecare an, c\u00e2nd ziua de ,,13\" cade \u00eentr-o zi de mar\u021bi, pompierii deruleaz\u0103 campanii de informare a popula\u0163iei sub sloganul ,,Preveni\u021bi Ghinionul\"","twitter_image":"https:\/\/urbeamea.ro\/albaiulia\/wp-content\/uploads\/2024\/08\/1000008050.jpg","twitter_creator":"@urbeameaweb","twitter_site":"@urbeameaweb","schema":{"@context":"https:\/\/schema.org","@graph":[{"@type":"Article","@id":"https:\/\/urbeamea.ro\/albaiulia\/isu-alba-saptamana-informarii-preventive-campanie-dedicata-cetatenilor-in-situatiile-de-urgenta-prezentari-de-tehnica-de-interventie\/#article","isPartOf":{"@id":"https:\/\/urbeamea.ro\/albaiulia\/isu-alba-saptamana-informarii-preventive-campanie-dedicata-cetatenilor-in-situatiile-de-urgenta-prezentari-de-tehnica-de-interventie\/"},"author":{"name":"Giurca Sorin","@id":"https:\/\/urbeamea.ro\/albaiulia\/#\/schema\/person\/5db3854ac38c1cc9f0ab4092d6a20f02"},"headline":"ISU ALBA: S\u0103pt\u0103m\u00e2na inform\u0103rii preventive. Campanie dedicat\u0103 cet\u0103\u021benilor \u00een situa\u021biile de urgen\u021b\u0103, prezent\u0103ri de tehnic\u0103 de interven\u021bie","datePublished":"2024-08-12T14:46:26+00:00","dateModified":"2024-08-12T14:46:28+00:00","mainEntityOfPage":{"@id":"https:\/\/urbeamea.ro\/albaiulia\/isu-alba-saptamana-informarii-preventive-campanie-dedicata-cetatenilor-in-situatiile-de-urgenta-prezentari-de-tehnica-de-interventie\/"},"wordCount":248,"commentCount":0,"image":{"@id":"https:\/\/urbeamea.ro\/albaiulia\/isu-alba-saptamana-informarii-preventive-campanie-dedicata-cetatenilor-in-situatiile-de-urgenta-prezentari-de-tehnica-de-interventie\/#primaryimage"},"thumbnailUrl":"https:\/\/urbeamea.ro\/albaiulia\/wp-content\/uploads\/2024\/08\/1000008050.jpg","keywords":["activitate informativ-preventiva","ISU Alba"],"articleSection":["Evenimente","Social"],"inLanguage":"ro-RO","potentialAction":[{"@type":"CommentAction","name":"Comment","target":["https:\/\/urbeamea.ro\/albaiulia\/isu-alba-saptamana-informarii-preventive-campanie-dedicata-cetatenilor-in-situatiile-de-urgenta-prezentari-de-tehnica-de-interventie\/#respond"]}]},{"@type":"WebPage","@id":"https:\/\/urbeamea.ro\/albaiulia\/isu-alba-saptamana-informarii-preventive-campanie-dedicata-cetatenilor-in-situatiile-de-urgenta-prezentari-de-tehnica-de-interventie\/","url":"https:\/\/urbeamea.ro\/albaiulia\/isu-alba-saptamana-informarii-preventive-campanie-dedicata-cetatenilor-in-situatiile-de-urgenta-prezentari-de-tehnica-de-interventie\/","name":"ISU ALBA: S\u0103pt\u0103m\u00e2na inform\u0103rii preventive. Campanie dedicat\u0103 cet\u0103\u021benilor \u00een situa\u021biile de urgen\u021b\u0103, prezent\u0103ri de tehnic\u0103 de interven\u021bie - Revista Urbea Mea - Revista de Alba","isPartOf":{"@id":"https:\/\/urbeamea.ro\/albaiulia\/#website"},"primaryImageOfPage":{"@id":"https:\/\/urbeamea.ro\/albaiulia\/isu-alba-saptamana-informarii-preventive-campanie-dedicata-cetatenilor-in-situatiile-de-urgenta-prezentari-de-tehnica-de-interventie\/#primaryimage"},"image":{"@id":"https:\/\/urbeamea.ro\/albaiulia\/isu-alba-saptamana-informarii-preventive-campanie-dedicata-cetatenilor-in-situatiile-de-urgenta-prezentari-de-tehnica-de-interventie\/#primaryimage"},"thumbnailUrl":"https:\/\/urbeamea.ro\/albaiulia\/wp-content\/uploads\/2024\/08\/1000008050.jpg","datePublished":"2024-08-12T14:46:26+00:00","dateModified":"2024-08-12T14:46:28+00:00","author":{"@id":"https:\/\/urbeamea.ro\/albaiulia\/#\/schema\/person\/5db3854ac38c1cc9f0ab4092d6a20f02"},"description":"\u00cen fiecare an, c\u00e2nd ziua de ,,13\" cade \u00eentr-o zi de mar\u021bi, pompierii deruleaz\u0103 campanii de informare a popula\u0163iei sub sloganul ,,Preveni\u021bi Ghinionul\"","breadcrumb":{"@id":"https:\/\/urbeamea.ro\/albaiulia\/isu-alba-saptamana-informarii-preventive-campanie-dedicata-cetatenilor-in-situatiile-de-urgenta-prezentari-de-tehnica-de-interventie\/#breadcrumb"},"inLanguage":"ro-RO","potentialAction":[{"@type":"ReadAction","target":["https:\/\/urbeamea.ro\/albaiulia\/isu-alba-saptamana-informarii-preventive-campanie-dedicata-cetatenilor-in-situatiile-de-urgenta-prezentari-de-tehnica-de-interventie\/"]}]},{"@type":"ImageObject","inLanguage":"ro-RO","@id":"https:\/\/urbeamea.ro\/albaiulia\/isu-alba-saptamana-informarii-preventive-campanie-dedicata-cetatenilor-in-situatiile-de-urgenta-prezentari-de-tehnica-de-interventie\/#primaryimage","url":"https:\/\/urbeamea.ro\/albaiulia\/wp-content\/uploads\/2024\/08\/1000008050.jpg","contentUrl":"https:\/\/urbeamea.ro\/albaiulia\/wp-content\/uploads\/2024\/08\/1000008050.jpg","width":640,"height":637},{"@type":"BreadcrumbList","@id":"https:\/\/urbeamea.ro\/albaiulia\/isu-alba-saptamana-informarii-preventive-campanie-dedicata-cetatenilor-in-situatiile-de-urgenta-prezentari-de-tehnica-de-interventie\/#breadcrumb","itemListElement":[{"@type":"ListItem","position":1,"name":"Prima pagin\u0103","item":"https:\/\/urbeamea.ro\/albaiulia\/"},{"@type":"ListItem","position":2,"name":"ISU ALBA: S\u0103pt\u0103m\u00e2na inform\u0103rii preventive. Campanie dedicat\u0103 cet\u0103\u021benilor \u00een situa\u021biile de urgen\u021b\u0103, prezent\u0103ri de tehnic\u0103 de interven\u021bie"}]},{"@type":"WebSite","@id":"https:\/\/urbeamea.ro\/albaiulia\/#website","url":"https:\/\/urbeamea.ro\/albaiulia\/","name":"Revista Urbea Mea, Stiri urbane","description":"Evenimente \u0219i \u0219tiri din Alba Iulia, Sebe\u0219, Aiud, Blaj","potentialAction":[{"@type":"SearchAction","target":{"@type":"EntryPoint","urlTemplate":"https:\/\/urbeamea.ro\/albaiulia\/?s={search_term_string}"},"query-input":{"@type":"PropertyValueSpecification","valueRequired":true,"valueName":"search_term_string"}}],"inLanguage":"ro-RO"},{"@type":"Person","@id":"https:\/\/urbeamea.ro\/albaiulia\/#\/schema\/person\/5db3854ac38c1cc9f0ab4092d6a20f02","name":"Giurca Sorin","image":{"@type":"ImageObject","inLanguage":"ro-RO","@id":"https:\/\/secure.gravatar.com\/avatar\/120f6fcae7b3b47a7730cb9943f612f4909f68ac5284b5f40ac1c4615fd70576?s=96&d=mm&r=g","url":"https:\/\/secure.gravatar.com\/avatar\/120f6fcae7b3b47a7730cb9943f612f4909f68ac5284b5f40ac1c4615fd70576?s=96&d=mm&r=g","contentUrl":"https:\/\/secure.gravatar.com\/avatar\/120f6fcae7b3b47a7730cb9943f612f4909f68ac5284b5f40ac1c4615fd70576?s=96&d=mm&r=g","caption":"Giurca Sorin"},"url":"https:\/\/urbeamea.ro\/albaiulia\/author\/sorin\/"}]}},"_links":{"self":[{"href":"https:\/\/urbeamea.ro\/albaiulia\/wp-json\/wp\/v2\/posts\/113297","targetHints":{"allow":["GET"]}}],"collection":[{"href":"https:\/\/urbeamea.ro\/albaiulia\/wp-json\/wp\/v2\/posts"}],"about":[{"href":"https:\/\/urbeamea.ro\/albaiulia\/wp-json\/wp\/v2\/types\/post"}],"author":[{"embeddable":true,"href":"https:\/\/urbeamea.ro\/albaiulia\/wp-json\/wp\/v2\/users\/28"}],"replies":[{"embeddable":true,"href":"https:\/\/urbeamea.ro\/albaiulia\/wp-json\/wp\/v2\/comments?post=113297"}],"version-history":[{"count":1,"href":"https:\/\/urbeamea.ro\/albaiulia\/wp-json\/wp\/v2\/posts\/113297\/revisions"}],"predecessor-version":[{"id":113302,"href":"https:\/\/urbeamea.ro\/albaiulia\/wp-json\/wp\/v2\/posts\/113297\/revisions\/113302"}],"wp:featuredmedia":[{"embeddable":true,"href":"https:\/\/urbeamea.ro\/albaiulia\/wp-json\/wp\/v2\/media\/113301"}],"wp:attachment":[{"href":"https:\/\/urbeamea.ro\/albaiulia\/wp-json\/wp\/v2\/media?parent=113297"}],"wp:term":[{"taxonomy":"category","embeddable":true,"href":"https:\/\/urbeamea.ro\/albaiulia\/wp-json\/wp\/v2\/categories?post=113297"},{"taxonomy":"post_tag","embeddable":true,"href":"https:\/\/urbeamea.ro\/albaiulia\/wp-json\/wp\/v2\/tags?post=113297"}],"curies":[{"name":"wp","href":"https:\/\/api.w.org\/{rel}","templated":true}]}}