{"id":113348,"date":"2024-08-14T12:29:44","date_gmt":"2024-08-14T09:29:44","guid":{"rendered":"https:\/\/urbeamea.ro\/albaiulia\/?p=113348"},"modified":"2024-08-14T12:29:45","modified_gmt":"2024-08-14T09:29:45","slug":"muzeul-sebes-atelierul-de-restaurare-a-bunurilor-culturale-confectionate-din-piatra-participare-record-a-tinerilor-voluntari","status":"publish","type":"post","link":"https:\/\/urbeamea.ro\/albaiulia\/muzeul-sebes-atelierul-de-restaurare-a-bunurilor-culturale-confectionate-din-piatra-participare-record-a-tinerilor-voluntari\/","title":{"rendered":"Muzeul Sebe\u0219: Atelierul de restaurare a bunurilor culturale confec\u021bionate din piatr\u0103 &#8211; participare record a tinerilor voluntari"},"content":{"rendered":"\n<p><strong>S-a \u00eencheiat cea de-a patra edi\u021bie a workshop-ului \u201eRestaurarea \u0219i conservarea bunurilor culturale confec\u021bionate din piatr\u0103\u201d, eveniment desf\u0103\u0219urat la Muzeul Municipal \u201eIoan Raica\u201d Sebe\u0219, \u00een perioada 1-9 august 2024.<\/strong><\/p>\n\n\n\n<p>Ajuns la cea de-a patra edi\u021bie, workshop-ul \u201eRestaurarea \u0219i conservarea bunurilor culturale confec\u021bionate din piatr\u0103\u201d, organizat de Centrul Cultural \u201eLucian Blaga\u201d Sebe\u0219, prin Muzeul Municipal \u201eIoan Raica\u201d Sebe\u0219, \u00een parteneriat cu Muzeul Na\u021bional al Unirii Alba Iulia \u0219i cu Universitatea \u201e1 Decembrie 1918\u201d din Alba Iulia, s-a bucurat de o participare record, 19 voluntari lu\u00e2nd parte la activit\u0103\u021bile teoretice \u0219i practice propuse de c\u0103tre organizatori.&nbsp;&nbsp;&nbsp;<\/p>\n\n\n\n<figure class=\"wp-block-image size-large\"><img loading=\"lazy\" decoding=\"async\" width=\"1280\" height=\"720\" src=\"https:\/\/urbeamea.ro\/albaiulia\/wp-content\/uploads\/2024\/08\/DSC02028-1280x720.jpg\" alt=\"\" class=\"wp-image-113349\" srcset=\"https:\/\/urbeamea.ro\/albaiulia\/wp-content\/uploads\/2024\/08\/DSC02028-1280x720.jpg 1280w, https:\/\/urbeamea.ro\/albaiulia\/wp-content\/uploads\/2024\/08\/DSC02028-640x360.jpg 640w, https:\/\/urbeamea.ro\/albaiulia\/wp-content\/uploads\/2024\/08\/DSC02028-150x84.jpg 150w, https:\/\/urbeamea.ro\/albaiulia\/wp-content\/uploads\/2024\/08\/DSC02028-768x432.jpg 768w, https:\/\/urbeamea.ro\/albaiulia\/wp-content\/uploads\/2024\/08\/DSC02028-1536x864.jpg 1536w, https:\/\/urbeamea.ro\/albaiulia\/wp-content\/uploads\/2024\/08\/DSC02028-390x220.jpg 390w, https:\/\/urbeamea.ro\/albaiulia\/wp-content\/uploads\/2024\/08\/DSC02028.jpg 1600w\" sizes=\"auto, (max-width: 1280px) 100vw, 1280px\" \/><\/figure>\n\n\n\n<p>Evenimentul, conceput ca un curs practic, a avut ca principal obiectiv familiarizarea&nbsp; participan\u021bilor cu principiile, materialele \u0219i tehnicile de lucru specifice restaur\u0103rii \u0219i conserv\u0103rii pietrei. Activit\u0103\u021bile s-au desf\u0103\u0219urat, \u00een cea mai mare parte, \u00een gr\u0103dina muzeului municipal din Sebe\u0219, exist\u00e2nd \u00eens\u0103 \u0219i alte dou\u0103 puncte de lucru: unul \u00een cimitirul evanghelic din localitate, iar cel\u0103lalt la C\u00e2lnic, la biserica evanghelic\u0103 din ansamblul cet\u0103\u021bii.<\/p>\n\n\n\n<p>\u00cen prima zi a workshop-ului, la Muzeul Municipal \u201eIoan Raica\u201d Sebe\u0219, participan\u021bii au luat contact cu no\u021biuni teoretice referitoare la piatr\u0103, audiind prelegeri ale c\u0103ror teme le-au permis s\u0103 cunoasc\u0103 tipurile de roci folosite ca materiale de construc\u021bie de-a lungul timpului, propriet\u0103\u021bile lor, tipurile de degrad\u0103ri pe care acestea le sufer\u0103, cauzele \u0219i mecanismele producerii lor, precum \u0219i tehnicile de restaurare \u0219i de conservare a materialului litic.<\/p>\n\n\n\n<p>Ulterior, \u00een cadrul activit\u0103\u021bilor practice, au fost restaurate \u0219i conservate \u0219ase piese dat\u00e2nd din epoca roman\u0103 (dou\u0103 altare votive, doi lei funerari, un sarcofag de copil \u0219i un con de pin funerar) \u0219i dou\u0103 din epoca medieval\u0103 (un fragment de ancadrament \u0219i un sarcofag \u00een stare fragmentar\u0103). De asemenea, au fost \u00eencepute lucr\u0103ri de conservare \u0219i restaurare la dou\u0103 monumente funerare, unul al greavului Nicolaus de C\u00e2lnic, dat\u00e2nd de la sf\u00e2r\u0219itul secolului al XIII-lea, descoperit recent la biserica evanghelic\u0103 din C\u00e2lnic, iar cel\u0103lalt al p\u0103rin\u021bilor lui Carl Filtsch, &nbsp;Karoline \u0219i Josef, dat\u00e2nd din secolul al XIX-lea, \u0219i aflat \u00eentr-o stare avansat\u0103 de degradare. Lucr\u0103rile la aceste monumente vor continua \u00een perioada urm\u0103toare, urm\u00e2nd a fi finalizate la edi\u021bia de anul viitor.<\/p>\n\n\n\n<p>Toate monumentele au fost tratate \u00eempotriva agen\u021bilor de degradare biologici \u0219i, ulterior, cur\u0103\u021bate. Unele dintre ele au avut nevoie \u0219i de consolid\u0103ri, precum \u0219i de \u00eendep\u0103rtarea materialelor incompatibile ad\u0103ugate la repara\u021bii din trecut, cum ar fi cazul monumentului funerar al familiei Filtsch, al c\u0103rui soclu era acoperit cu o tencuial\u0103 pe baz\u0103 de ciment. Aceste interven\u021bii au fost benefice pentru monumentele asupra c\u0103rora s-a intervenit, duc\u00e2nd la stoparea degrad\u0103rilor \u0219i la schimbarea aspectului acestora, ajung\u00e2nd mult mai apropiat de cel ini\u021bial.<\/p>\n\n\n\n<p>O experien\u021b\u0103 deosebit de util\u0103 s-a dovedit a fi \u0219i deplasarea la C\u00e2lnic, unde, pe l\u00e2ng\u0103 vizitarea cet\u0103\u021bii \u00eenscrise \u00een patrimoniul mondial UNESCO, cu un ghidaj de \u00eenalt\u0103 clas\u0103 asigurat de acad. Marius Porumb, s-a intervenit pentru stabilizarea lespezii funerare amintite mai sus, consolid\u00e2ndu-se \u00eentreaga sa suprafa\u021b\u0103, pentru a se preveni degrad\u0103ri ulterioare, care i-ar fi putut afecta at\u00e2t valoarea artistic\u0103, c\u00e2t \u0219i pe cea documentar\u0103.<\/p>\n\n\n\n<p>Acum, la \u00eencheierea workshop-ului se cuvine s\u0103-i amintim pe to\u021bi cei implica\u021bi, participan\u021bi, coordonatori \u0219i organizatori, \u0219i s\u0103 le mul\u021bumim \u0219i pe aceast\u0103 cale pentru entuziasmul \u0219i profesionalismul de carte au dat dovad\u0103, \u00een cadrul activit\u0103\u021bilor pe care le-au desf\u0103\u0219urat, \u0219i s\u0103-i \u00eendemn\u0103m s\u0103 cultive frumoasele leg\u0103turi de prietenie care s-au \u00eenfiripat acum \u0219i, mai mult, s\u0103 revin\u0103 \u0219i la urm\u0103toarele edi\u021bii pe care dorim s\u0103 le organiz\u0103m.<\/p>\n\n\n\n<p>Au participat, \u00een calitate de voluntari: Ioana Opri\u0219a, Alexandra-Paula Sicoe, Gabriela B\u0103lan, Hora\u021biu Popa, Iris Breaz, Florin Ispas, Paul Daniel Modi, Leea Maura S\u00e2ntoma, Claudia Siceanu, Anamaria Molnar, Cristian David Pe\u0163an Mudaci, Miruna Sav Pavelescu, Petre Vlad, Diane Popa, Darian Popa, Samir Popa, Drago\u0219 Borza, Iulian Pop \u0219i Raul Pop, coordona\u021bi de dr. Sidonia Petronela Olea, expert restaurare bunuri culturale mobile, Muzeul Na\u021bional al Unirii Alba Iulia, lect. univ. dr. C\u0103lin Anghel, Universitatea \u201e1 Decembrie 1918\u201d din Alba Iulia \u0219i Muzeul Municipal \u201eIoan Raica\u201d Sebe\u0219 \u0219i dr. Radu Totoianu, Muzeul Municipal \u201eIoan Raica\u201d Sebe\u0219.&nbsp;<\/p>\n\n\n\n<figure class=\"wp-block-gallery has-nested-images columns-default is-cropped wp-block-gallery-1 is-layout-flex wp-block-gallery-is-layout-flex\">\n<figure class=\"wp-block-image size-large\"><a href=\"https:\/\/urbeamea.ro\/albaiulia\/wp-content\/uploads\/2024\/08\/DSC01993.jpg\"><img loading=\"lazy\" decoding=\"async\" width=\"720\" height=\"1280\" data-id=\"113352\" src=\"https:\/\/urbeamea.ro\/albaiulia\/wp-content\/uploads\/2024\/08\/DSC01993-720x1280.jpg\" alt=\"\" class=\"wp-image-113352\" srcset=\"https:\/\/urbeamea.ro\/albaiulia\/wp-content\/uploads\/2024\/08\/DSC01993-720x1280.jpg 720w, https:\/\/urbeamea.ro\/albaiulia\/wp-content\/uploads\/2024\/08\/DSC01993-360x640.jpg 360w, https:\/\/urbeamea.ro\/albaiulia\/wp-content\/uploads\/2024\/08\/DSC01993-84x150.jpg 84w, https:\/\/urbeamea.ro\/albaiulia\/wp-content\/uploads\/2024\/08\/DSC01993-768x1365.jpg 768w, https:\/\/urbeamea.ro\/albaiulia\/wp-content\/uploads\/2024\/08\/DSC01993-864x1536.jpg 864w, https:\/\/urbeamea.ro\/albaiulia\/wp-content\/uploads\/2024\/08\/DSC01993.jpg 900w\" sizes=\"auto, (max-width: 720px) 100vw, 720px\" \/><\/a><\/figure>\n\n\n\n<figure class=\"wp-block-image size-large\"><a href=\"https:\/\/urbeamea.ro\/albaiulia\/wp-content\/uploads\/2024\/08\/DSC02001.jpg\"><img loading=\"lazy\" decoding=\"async\" width=\"1280\" height=\"720\" data-id=\"113351\" src=\"https:\/\/urbeamea.ro\/albaiulia\/wp-content\/uploads\/2024\/08\/DSC02001-1280x720.jpg\" alt=\"\" class=\"wp-image-113351\" srcset=\"https:\/\/urbeamea.ro\/albaiulia\/wp-content\/uploads\/2024\/08\/DSC02001-1280x720.jpg 1280w, https:\/\/urbeamea.ro\/albaiulia\/wp-content\/uploads\/2024\/08\/DSC02001-640x360.jpg 640w, https:\/\/urbeamea.ro\/albaiulia\/wp-content\/uploads\/2024\/08\/DSC02001-150x84.jpg 150w, https:\/\/urbeamea.ro\/albaiulia\/wp-content\/uploads\/2024\/08\/DSC02001-768x432.jpg 768w, https:\/\/urbeamea.ro\/albaiulia\/wp-content\/uploads\/2024\/08\/DSC02001-1536x864.jpg 1536w, https:\/\/urbeamea.ro\/albaiulia\/wp-content\/uploads\/2024\/08\/DSC02001-390x220.jpg 390w, https:\/\/urbeamea.ro\/albaiulia\/wp-content\/uploads\/2024\/08\/DSC02001.jpg 1600w\" sizes=\"auto, (max-width: 1280px) 100vw, 1280px\" \/><\/a><\/figure>\n\n\n\n<figure class=\"wp-block-image size-large\"><a href=\"https:\/\/urbeamea.ro\/albaiulia\/wp-content\/uploads\/2024\/08\/DSC02040.jpg\"><img loading=\"lazy\" decoding=\"async\" width=\"1280\" height=\"720\" data-id=\"113350\" src=\"https:\/\/urbeamea.ro\/albaiulia\/wp-content\/uploads\/2024\/08\/DSC02040-1280x720.jpg\" alt=\"\" class=\"wp-image-113350\" srcset=\"https:\/\/urbeamea.ro\/albaiulia\/wp-content\/uploads\/2024\/08\/DSC02040-1280x720.jpg 1280w, https:\/\/urbeamea.ro\/albaiulia\/wp-content\/uploads\/2024\/08\/DSC02040-640x360.jpg 640w, https:\/\/urbeamea.ro\/albaiulia\/wp-content\/uploads\/2024\/08\/DSC02040-150x84.jpg 150w, https:\/\/urbeamea.ro\/albaiulia\/wp-content\/uploads\/2024\/08\/DSC02040-768x432.jpg 768w, https:\/\/urbeamea.ro\/albaiulia\/wp-content\/uploads\/2024\/08\/DSC02040-1536x864.jpg 1536w, https:\/\/urbeamea.ro\/albaiulia\/wp-content\/uploads\/2024\/08\/DSC02040-390x220.jpg 390w, https:\/\/urbeamea.ro\/albaiulia\/wp-content\/uploads\/2024\/08\/DSC02040.jpg 1600w\" sizes=\"auto, (max-width: 1280px) 100vw, 1280px\" \/><\/a><\/figure>\n<\/figure>\n","protected":false},"excerpt":{"rendered":"<p>S-a \u00eencheiat cea de-a patra edi\u021bie a workshop-ului \u201eRestaurarea \u0219i conservarea bunurilor culturale confec\u021bionate din piatr\u0103\u201d, eveniment desf\u0103\u0219urat la Muzeul Municipal \u201eIoan Raica\u201d Sebe\u0219, \u00een perioada 1-9 august 2024. Ajuns la cea de-a patra edi\u021bie, workshop-ul \u201eRestaurarea \u0219i conservarea bunurilor culturale confec\u021bionate din piatr\u0103\u201d, organizat de Centrul Cultural \u201eLucian Blaga\u201d Sebe\u0219, prin Muzeul Municipal \u201eIoan &hellip;<\/p>\n","protected":false},"author":16,"featured_media":113353,"comment_status":"open","ping_status":"open","sticky":false,"template":"","format":"standard","meta":{"inline_featured_image":false,"footnotes":""},"categories":[1],"tags":[],"class_list":["post-113348","post","type-post","status-publish","format-standard","has-post-thumbnail","hentry","category-stiri-urbane"],"yoast_head":"<!-- This site is optimized with the Yoast SEO plugin v27.4 - https:\/\/yoast.com\/product\/yoast-seo-wordpress\/ -->\n<title>Muzeul Sebe\u0219: Atelierul de restaurare a bunurilor culturale confec\u021bionate din piatr\u0103 - participare record a tinerilor voluntari - Revista Urbea Mea - Revista de Alba<\/title>\n<meta name=\"description\" content=\"S-a \u00eencheiat cea de-a patra edi\u021bie a workshop-ului \u201eRestaurarea \u0219i conservarea bunurilor culturale confec\u021bionate din piatr\u0103\u201d, eveniment desf\u0103\u0219urat la\" \/>\n<meta name=\"robots\" content=\"index, follow, max-snippet:-1, max-image-preview:large, max-video-preview:-1\" \/>\n<link rel=\"canonical\" href=\"https:\/\/urbeamea.ro\/albaiulia\/muzeul-sebes-atelierul-de-restaurare-a-bunurilor-culturale-confectionate-din-piatra-participare-record-a-tinerilor-voluntari\/\" \/>\n<meta name=\"twitter:card\" content=\"summary_large_image\" \/>\n<meta name=\"twitter:title\" content=\"Muzeul Sebe\u0219: Atelierul de restaurare a bunurilor culturale confec\u021bionate din piatr\u0103 - participare record a tinerilor voluntari - Revista Urbea Mea - Revista de Alba\" \/>\n<meta name=\"twitter:description\" content=\"S-a \u00eencheiat cea de-a patra edi\u021bie a workshop-ului \u201eRestaurarea \u0219i conservarea bunurilor culturale confec\u021bionate din piatr\u0103\u201d, eveniment desf\u0103\u0219urat la\" \/>\n<meta name=\"twitter:image\" content=\"https:\/\/urbeamea.ro\/albaiulia\/wp-content\/uploads\/2024\/08\/DSC01889.jpg\" \/>\n<meta name=\"twitter:creator\" content=\"@urbeameaweb\" \/>\n<meta name=\"twitter:site\" content=\"@urbeameaweb\" \/>\n<script type=\"application\/ld+json\" class=\"yoast-schema-graph\">{\"@context\":\"https:\\\/\\\/schema.org\",\"@graph\":[{\"@type\":\"Article\",\"@id\":\"https:\\\/\\\/urbeamea.ro\\\/albaiulia\\\/muzeul-sebes-atelierul-de-restaurare-a-bunurilor-culturale-confectionate-din-piatra-participare-record-a-tinerilor-voluntari\\\/#article\",\"isPartOf\":{\"@id\":\"https:\\\/\\\/urbeamea.ro\\\/albaiulia\\\/muzeul-sebes-atelierul-de-restaurare-a-bunurilor-culturale-confectionate-din-piatra-participare-record-a-tinerilor-voluntari\\\/\"},\"author\":{\"name\":\"Redac\u021bia UrbeaMea\",\"@id\":\"https:\\\/\\\/urbeamea.ro\\\/albaiulia\\\/#\\\/schema\\\/person\\\/272ae98052f8ee8980f59848df070247\"},\"headline\":\"Muzeul Sebe\u0219: Atelierul de restaurare a bunurilor culturale confec\u021bionate din piatr\u0103 &#8211; participare record a tinerilor voluntari\",\"datePublished\":\"2024-08-14T09:29:44+00:00\",\"dateModified\":\"2024-08-14T09:29:45+00:00\",\"mainEntityOfPage\":{\"@id\":\"https:\\\/\\\/urbeamea.ro\\\/albaiulia\\\/muzeul-sebes-atelierul-de-restaurare-a-bunurilor-culturale-confectionate-din-piatra-participare-record-a-tinerilor-voluntari\\\/\"},\"wordCount\":754,\"commentCount\":0,\"image\":{\"@id\":\"https:\\\/\\\/urbeamea.ro\\\/albaiulia\\\/muzeul-sebes-atelierul-de-restaurare-a-bunurilor-culturale-confectionate-din-piatra-participare-record-a-tinerilor-voluntari\\\/#primaryimage\"},\"thumbnailUrl\":\"https:\\\/\\\/urbeamea.ro\\\/albaiulia\\\/wp-content\\\/uploads\\\/2024\\\/08\\\/DSC01889.jpg\",\"articleSection\":[\"\u015etiri Urbane\"],\"inLanguage\":\"ro-RO\",\"potentialAction\":[{\"@type\":\"CommentAction\",\"name\":\"Comment\",\"target\":[\"https:\\\/\\\/urbeamea.ro\\\/albaiulia\\\/muzeul-sebes-atelierul-de-restaurare-a-bunurilor-culturale-confectionate-din-piatra-participare-record-a-tinerilor-voluntari\\\/#respond\"]}]},{\"@type\":\"WebPage\",\"@id\":\"https:\\\/\\\/urbeamea.ro\\\/albaiulia\\\/muzeul-sebes-atelierul-de-restaurare-a-bunurilor-culturale-confectionate-din-piatra-participare-record-a-tinerilor-voluntari\\\/\",\"url\":\"https:\\\/\\\/urbeamea.ro\\\/albaiulia\\\/muzeul-sebes-atelierul-de-restaurare-a-bunurilor-culturale-confectionate-din-piatra-participare-record-a-tinerilor-voluntari\\\/\",\"name\":\"Muzeul Sebe\u0219: Atelierul de restaurare a bunurilor culturale confec\u021bionate din piatr\u0103 - participare record a tinerilor voluntari - Revista Urbea Mea - Revista de Alba\",\"isPartOf\":{\"@id\":\"https:\\\/\\\/urbeamea.ro\\\/albaiulia\\\/#website\"},\"primaryImageOfPage\":{\"@id\":\"https:\\\/\\\/urbeamea.ro\\\/albaiulia\\\/muzeul-sebes-atelierul-de-restaurare-a-bunurilor-culturale-confectionate-din-piatra-participare-record-a-tinerilor-voluntari\\\/#primaryimage\"},\"image\":{\"@id\":\"https:\\\/\\\/urbeamea.ro\\\/albaiulia\\\/muzeul-sebes-atelierul-de-restaurare-a-bunurilor-culturale-confectionate-din-piatra-participare-record-a-tinerilor-voluntari\\\/#primaryimage\"},\"thumbnailUrl\":\"https:\\\/\\\/urbeamea.ro\\\/albaiulia\\\/wp-content\\\/uploads\\\/2024\\\/08\\\/DSC01889.jpg\",\"datePublished\":\"2024-08-14T09:29:44+00:00\",\"dateModified\":\"2024-08-14T09:29:45+00:00\",\"author\":{\"@id\":\"https:\\\/\\\/urbeamea.ro\\\/albaiulia\\\/#\\\/schema\\\/person\\\/272ae98052f8ee8980f59848df070247\"},\"description\":\"S-a \u00eencheiat cea de-a patra edi\u021bie a workshop-ului \u201eRestaurarea \u0219i conservarea bunurilor culturale confec\u021bionate din piatr\u0103\u201d, eveniment desf\u0103\u0219urat la\",\"breadcrumb\":{\"@id\":\"https:\\\/\\\/urbeamea.ro\\\/albaiulia\\\/muzeul-sebes-atelierul-de-restaurare-a-bunurilor-culturale-confectionate-din-piatra-participare-record-a-tinerilor-voluntari\\\/#breadcrumb\"},\"inLanguage\":\"ro-RO\",\"potentialAction\":[{\"@type\":\"ReadAction\",\"target\":[\"https:\\\/\\\/urbeamea.ro\\\/albaiulia\\\/muzeul-sebes-atelierul-de-restaurare-a-bunurilor-culturale-confectionate-din-piatra-participare-record-a-tinerilor-voluntari\\\/\"]}]},{\"@type\":\"ImageObject\",\"inLanguage\":\"ro-RO\",\"@id\":\"https:\\\/\\\/urbeamea.ro\\\/albaiulia\\\/muzeul-sebes-atelierul-de-restaurare-a-bunurilor-culturale-confectionate-din-piatra-participare-record-a-tinerilor-voluntari\\\/#primaryimage\",\"url\":\"https:\\\/\\\/urbeamea.ro\\\/albaiulia\\\/wp-content\\\/uploads\\\/2024\\\/08\\\/DSC01889.jpg\",\"contentUrl\":\"https:\\\/\\\/urbeamea.ro\\\/albaiulia\\\/wp-content\\\/uploads\\\/2024\\\/08\\\/DSC01889.jpg\",\"width\":1600,\"height\":900},{\"@type\":\"BreadcrumbList\",\"@id\":\"https:\\\/\\\/urbeamea.ro\\\/albaiulia\\\/muzeul-sebes-atelierul-de-restaurare-a-bunurilor-culturale-confectionate-din-piatra-participare-record-a-tinerilor-voluntari\\\/#breadcrumb\",\"itemListElement\":[{\"@type\":\"ListItem\",\"position\":1,\"name\":\"Prima pagin\u0103\",\"item\":\"https:\\\/\\\/urbeamea.ro\\\/albaiulia\\\/\"},{\"@type\":\"ListItem\",\"position\":2,\"name\":\"Muzeul Sebe\u0219: Atelierul de restaurare a bunurilor culturale confec\u021bionate din piatr\u0103 &#8211; participare record a tinerilor voluntari\"}]},{\"@type\":\"WebSite\",\"@id\":\"https:\\\/\\\/urbeamea.ro\\\/albaiulia\\\/#website\",\"url\":\"https:\\\/\\\/urbeamea.ro\\\/albaiulia\\\/\",\"name\":\"Revista Urbea Mea, Stiri urbane\",\"description\":\"Evenimente \u0219i \u0219tiri din Alba Iulia, Sebe\u0219, Aiud, Blaj\",\"potentialAction\":[{\"@type\":\"SearchAction\",\"target\":{\"@type\":\"EntryPoint\",\"urlTemplate\":\"https:\\\/\\\/urbeamea.ro\\\/albaiulia\\\/?s={search_term_string}\"},\"query-input\":{\"@type\":\"PropertyValueSpecification\",\"valueRequired\":true,\"valueName\":\"search_term_string\"}}],\"inLanguage\":\"ro-RO\"},{\"@type\":\"Person\",\"@id\":\"https:\\\/\\\/urbeamea.ro\\\/albaiulia\\\/#\\\/schema\\\/person\\\/272ae98052f8ee8980f59848df070247\",\"name\":\"Redac\u021bia UrbeaMea\",\"image\":{\"@type\":\"ImageObject\",\"inLanguage\":\"ro-RO\",\"@id\":\"https:\\\/\\\/secure.gravatar.com\\\/avatar\\\/9ce5a9435071fa1037e8468053ead8e513dbbff59009d3069aadb85506d85a27?s=96&d=mm&r=g\",\"url\":\"https:\\\/\\\/secure.gravatar.com\\\/avatar\\\/9ce5a9435071fa1037e8468053ead8e513dbbff59009d3069aadb85506d85a27?s=96&d=mm&r=g\",\"contentUrl\":\"https:\\\/\\\/secure.gravatar.com\\\/avatar\\\/9ce5a9435071fa1037e8468053ead8e513dbbff59009d3069aadb85506d85a27?s=96&d=mm&r=g\",\"caption\":\"Redac\u021bia UrbeaMea\"},\"description\":\"contact@urbeamea.ro\",\"sameAs\":[\"https:\\\/\\\/www.urbeamea.ro\"],\"url\":\"https:\\\/\\\/urbeamea.ro\\\/albaiulia\\\/author\\\/redactia-urbeamea\\\/\"}]}<\/script>\n<!-- \/ Yoast SEO plugin. -->","yoast_head_json":{"title":"Muzeul Sebe\u0219: Atelierul de restaurare a bunurilor culturale confec\u021bionate din piatr\u0103 - participare record a tinerilor voluntari - Revista Urbea Mea - Revista de Alba","description":"S-a \u00eencheiat cea de-a patra edi\u021bie a workshop-ului \u201eRestaurarea \u0219i conservarea bunurilor culturale confec\u021bionate din piatr\u0103\u201d, eveniment desf\u0103\u0219urat la","robots":{"index":"index","follow":"follow","max-snippet":"max-snippet:-1","max-image-preview":"max-image-preview:large","max-video-preview":"max-video-preview:-1"},"canonical":"https:\/\/urbeamea.ro\/albaiulia\/muzeul-sebes-atelierul-de-restaurare-a-bunurilor-culturale-confectionate-din-piatra-participare-record-a-tinerilor-voluntari\/","twitter_card":"summary_large_image","twitter_title":"Muzeul Sebe\u0219: Atelierul de restaurare a bunurilor culturale confec\u021bionate din piatr\u0103 - participare record a tinerilor voluntari - Revista Urbea Mea - Revista de Alba","twitter_description":"S-a \u00eencheiat cea de-a patra edi\u021bie a workshop-ului \u201eRestaurarea \u0219i conservarea bunurilor culturale confec\u021bionate din piatr\u0103\u201d, eveniment desf\u0103\u0219urat la","twitter_image":"https:\/\/urbeamea.ro\/albaiulia\/wp-content\/uploads\/2024\/08\/DSC01889.jpg","twitter_creator":"@urbeameaweb","twitter_site":"@urbeameaweb","schema":{"@context":"https:\/\/schema.org","@graph":[{"@type":"Article","@id":"https:\/\/urbeamea.ro\/albaiulia\/muzeul-sebes-atelierul-de-restaurare-a-bunurilor-culturale-confectionate-din-piatra-participare-record-a-tinerilor-voluntari\/#article","isPartOf":{"@id":"https:\/\/urbeamea.ro\/albaiulia\/muzeul-sebes-atelierul-de-restaurare-a-bunurilor-culturale-confectionate-din-piatra-participare-record-a-tinerilor-voluntari\/"},"author":{"name":"Redac\u021bia UrbeaMea","@id":"https:\/\/urbeamea.ro\/albaiulia\/#\/schema\/person\/272ae98052f8ee8980f59848df070247"},"headline":"Muzeul Sebe\u0219: Atelierul de restaurare a bunurilor culturale confec\u021bionate din piatr\u0103 &#8211; participare record a tinerilor voluntari","datePublished":"2024-08-14T09:29:44+00:00","dateModified":"2024-08-14T09:29:45+00:00","mainEntityOfPage":{"@id":"https:\/\/urbeamea.ro\/albaiulia\/muzeul-sebes-atelierul-de-restaurare-a-bunurilor-culturale-confectionate-din-piatra-participare-record-a-tinerilor-voluntari\/"},"wordCount":754,"commentCount":0,"image":{"@id":"https:\/\/urbeamea.ro\/albaiulia\/muzeul-sebes-atelierul-de-restaurare-a-bunurilor-culturale-confectionate-din-piatra-participare-record-a-tinerilor-voluntari\/#primaryimage"},"thumbnailUrl":"https:\/\/urbeamea.ro\/albaiulia\/wp-content\/uploads\/2024\/08\/DSC01889.jpg","articleSection":["\u015etiri Urbane"],"inLanguage":"ro-RO","potentialAction":[{"@type":"CommentAction","name":"Comment","target":["https:\/\/urbeamea.ro\/albaiulia\/muzeul-sebes-atelierul-de-restaurare-a-bunurilor-culturale-confectionate-din-piatra-participare-record-a-tinerilor-voluntari\/#respond"]}]},{"@type":"WebPage","@id":"https:\/\/urbeamea.ro\/albaiulia\/muzeul-sebes-atelierul-de-restaurare-a-bunurilor-culturale-confectionate-din-piatra-participare-record-a-tinerilor-voluntari\/","url":"https:\/\/urbeamea.ro\/albaiulia\/muzeul-sebes-atelierul-de-restaurare-a-bunurilor-culturale-confectionate-din-piatra-participare-record-a-tinerilor-voluntari\/","name":"Muzeul Sebe\u0219: Atelierul de restaurare a bunurilor culturale confec\u021bionate din piatr\u0103 - participare record a tinerilor voluntari - Revista Urbea Mea - Revista de Alba","isPartOf":{"@id":"https:\/\/urbeamea.ro\/albaiulia\/#website"},"primaryImageOfPage":{"@id":"https:\/\/urbeamea.ro\/albaiulia\/muzeul-sebes-atelierul-de-restaurare-a-bunurilor-culturale-confectionate-din-piatra-participare-record-a-tinerilor-voluntari\/#primaryimage"},"image":{"@id":"https:\/\/urbeamea.ro\/albaiulia\/muzeul-sebes-atelierul-de-restaurare-a-bunurilor-culturale-confectionate-din-piatra-participare-record-a-tinerilor-voluntari\/#primaryimage"},"thumbnailUrl":"https:\/\/urbeamea.ro\/albaiulia\/wp-content\/uploads\/2024\/08\/DSC01889.jpg","datePublished":"2024-08-14T09:29:44+00:00","dateModified":"2024-08-14T09:29:45+00:00","author":{"@id":"https:\/\/urbeamea.ro\/albaiulia\/#\/schema\/person\/272ae98052f8ee8980f59848df070247"},"description":"S-a \u00eencheiat cea de-a patra edi\u021bie a workshop-ului \u201eRestaurarea \u0219i conservarea bunurilor culturale confec\u021bionate din piatr\u0103\u201d, eveniment desf\u0103\u0219urat la","breadcrumb":{"@id":"https:\/\/urbeamea.ro\/albaiulia\/muzeul-sebes-atelierul-de-restaurare-a-bunurilor-culturale-confectionate-din-piatra-participare-record-a-tinerilor-voluntari\/#breadcrumb"},"inLanguage":"ro-RO","potentialAction":[{"@type":"ReadAction","target":["https:\/\/urbeamea.ro\/albaiulia\/muzeul-sebes-atelierul-de-restaurare-a-bunurilor-culturale-confectionate-din-piatra-participare-record-a-tinerilor-voluntari\/"]}]},{"@type":"ImageObject","inLanguage":"ro-RO","@id":"https:\/\/urbeamea.ro\/albaiulia\/muzeul-sebes-atelierul-de-restaurare-a-bunurilor-culturale-confectionate-din-piatra-participare-record-a-tinerilor-voluntari\/#primaryimage","url":"https:\/\/urbeamea.ro\/albaiulia\/wp-content\/uploads\/2024\/08\/DSC01889.jpg","contentUrl":"https:\/\/urbeamea.ro\/albaiulia\/wp-content\/uploads\/2024\/08\/DSC01889.jpg","width":1600,"height":900},{"@type":"BreadcrumbList","@id":"https:\/\/urbeamea.ro\/albaiulia\/muzeul-sebes-atelierul-de-restaurare-a-bunurilor-culturale-confectionate-din-piatra-participare-record-a-tinerilor-voluntari\/#breadcrumb","itemListElement":[{"@type":"ListItem","position":1,"name":"Prima pagin\u0103","item":"https:\/\/urbeamea.ro\/albaiulia\/"},{"@type":"ListItem","position":2,"name":"Muzeul Sebe\u0219: Atelierul de restaurare a bunurilor culturale confec\u021bionate din piatr\u0103 &#8211; participare record a tinerilor voluntari"}]},{"@type":"WebSite","@id":"https:\/\/urbeamea.ro\/albaiulia\/#website","url":"https:\/\/urbeamea.ro\/albaiulia\/","name":"Revista Urbea Mea, Stiri urbane","description":"Evenimente \u0219i \u0219tiri din Alba Iulia, Sebe\u0219, Aiud, Blaj","potentialAction":[{"@type":"SearchAction","target":{"@type":"EntryPoint","urlTemplate":"https:\/\/urbeamea.ro\/albaiulia\/?s={search_term_string}"},"query-input":{"@type":"PropertyValueSpecification","valueRequired":true,"valueName":"search_term_string"}}],"inLanguage":"ro-RO"},{"@type":"Person","@id":"https:\/\/urbeamea.ro\/albaiulia\/#\/schema\/person\/272ae98052f8ee8980f59848df070247","name":"Redac\u021bia UrbeaMea","image":{"@type":"ImageObject","inLanguage":"ro-RO","@id":"https:\/\/secure.gravatar.com\/avatar\/9ce5a9435071fa1037e8468053ead8e513dbbff59009d3069aadb85506d85a27?s=96&d=mm&r=g","url":"https:\/\/secure.gravatar.com\/avatar\/9ce5a9435071fa1037e8468053ead8e513dbbff59009d3069aadb85506d85a27?s=96&d=mm&r=g","contentUrl":"https:\/\/secure.gravatar.com\/avatar\/9ce5a9435071fa1037e8468053ead8e513dbbff59009d3069aadb85506d85a27?s=96&d=mm&r=g","caption":"Redac\u021bia UrbeaMea"},"description":"contact@urbeamea.ro","sameAs":["https:\/\/www.urbeamea.ro"],"url":"https:\/\/urbeamea.ro\/albaiulia\/author\/redactia-urbeamea\/"}]}},"_links":{"self":[{"href":"https:\/\/urbeamea.ro\/albaiulia\/wp-json\/wp\/v2\/posts\/113348","targetHints":{"allow":["GET"]}}],"collection":[{"href":"https:\/\/urbeamea.ro\/albaiulia\/wp-json\/wp\/v2\/posts"}],"about":[{"href":"https:\/\/urbeamea.ro\/albaiulia\/wp-json\/wp\/v2\/types\/post"}],"author":[{"embeddable":true,"href":"https:\/\/urbeamea.ro\/albaiulia\/wp-json\/wp\/v2\/users\/16"}],"replies":[{"embeddable":true,"href":"https:\/\/urbeamea.ro\/albaiulia\/wp-json\/wp\/v2\/comments?post=113348"}],"version-history":[{"count":1,"href":"https:\/\/urbeamea.ro\/albaiulia\/wp-json\/wp\/v2\/posts\/113348\/revisions"}],"predecessor-version":[{"id":113354,"href":"https:\/\/urbeamea.ro\/albaiulia\/wp-json\/wp\/v2\/posts\/113348\/revisions\/113354"}],"wp:featuredmedia":[{"embeddable":true,"href":"https:\/\/urbeamea.ro\/albaiulia\/wp-json\/wp\/v2\/media\/113353"}],"wp:attachment":[{"href":"https:\/\/urbeamea.ro\/albaiulia\/wp-json\/wp\/v2\/media?parent=113348"}],"wp:term":[{"taxonomy":"category","embeddable":true,"href":"https:\/\/urbeamea.ro\/albaiulia\/wp-json\/wp\/v2\/categories?post=113348"},{"taxonomy":"post_tag","embeddable":true,"href":"https:\/\/urbeamea.ro\/albaiulia\/wp-json\/wp\/v2\/tags?post=113348"}],"curies":[{"name":"wp","href":"https:\/\/api.w.org\/{rel}","templated":true}]}}