{"id":113355,"date":"2024-08-14T12:30:56","date_gmt":"2024-08-14T09:30:56","guid":{"rendered":"https:\/\/urbeamea.ro\/albaiulia\/?p=113355"},"modified":"2024-08-14T12:30:57","modified_gmt":"2024-08-14T09:30:57","slug":"scriitorul-stefan-dinica-omagiat-de-biblioteca-judeteana-lucian-blaga-alba","status":"publish","type":"post","link":"https:\/\/urbeamea.ro\/albaiulia\/scriitorul-stefan-dinica-omagiat-de-biblioteca-judeteana-lucian-blaga-alba\/","title":{"rendered":"Scriitorul \u0218tefan Dinic\u0103 omagiat de Biblioteca Jude\u021bean\u0103 \u201eLucian Blaga\u201d Alba"},"content":{"rendered":"\n<p>Plecat de cur\u00e2nd dintre noi, scriitorul albaiulian \u0218tefan Dinic\u0103 a l\u0103sat o zestre important\u0103 at\u00e2t lumii literare, c\u00e2t \u0219i presei scrise. N\u0103scut la 20 august 1940, \u00een comuna Sili\u015ftea Gume\u015fti, jude\u0163ul Teleorman a fost dublu licen\u0163iat \u00een filosofie general\u0103 \u015fi jurnalism, la Facultatea de Filosofie a Universit\u0103\u0163ii Bucure\u015fti. A debutat \u00een pres\u0103 \u00een anul 1963, la ziarul \u201eDrum nou&#8221; din Bra\u015fov. La absolvirea studiilor superioare a fost repartizat la redac\u0163ia din Bucure\u015fti a ziarului \u201eSc\u00e2nteia&#8221;, iar din 1968, odat\u0103 cu \u00eenfiin\u0163area jude\u0163ului Alba, a fost corespondent local al cotidianului central, p\u00e2n\u0103 \u00een anul 1990. A lucrat ca redactor-\u015fef adjunct la ziarul \u201eArdealul&#8221; din Alba Iulia \u015fi a fost corespondent zonal la \u201eCurierul Na\u0163ional&#8221;. \u00cen anul 1995 a devenit corespondent special al Agen\u0163iei Na\u0163ionale de Pres\u0103 ROMPRES, actualmente AGERPRES, unde a lucrat, timp de 5 ani, p\u00e2n\u0103 la pensionare, \u00een anul 2000. De-a lungul timpului a acceptat numeroase provoc\u0103ri jurnalistice, printre care coordonarea \u00een calitate de redactor \u015fef al ziarului \u201eInforma\u0163ia de Alba&#8221;, a revistei de cultur\u0103 \u201eAcas\u0103&#8221;, a revistei de cultur\u0103 \u201eAlba Iulia&#8221; \u015fi a revistei s\u0103pt\u0103m\u00e2nale \u201eWest Magazin&#8221;.<\/p>\n\n\n\n<p>Ca scriitor a debutat \u00een anul 1986, \u00een proz\u0103, cu volumul de proz\u0103 scurt\u0103 \u201eRude de gradul unu&#8221;, dup\u0103 care, \u00eencurajat de succesul avut, a scris constant romane \u015fi povestiri: \u201eLinia de sosire&#8221; (1988), \u201eMusafirul&#8221; (1989), \u201eUnda de \u015foc&#8221; (1997), \u201eSingur la masa t\u0103cerii&#8221; (1998), \u201eDorna 16&#8243; (2005), \u201eNeamuri de la \u0163ar\u0103&#8221; (2008), \u201eP\u00e2n\u0103 la iubirea din toamn\u0103&#8221; (2009), \u201eMartor la facerea lumii&#8221; (2010), \u201eMi\u015fcarea&#8221; (2013), \u201eTinere\u0163ea unui vis\u0103tor&#8221; (2015).<\/p>\n\n\n\n<p>A fost membru al Uniunii Ziari\u015ftilor Profesioni\u015fti din Rom\u00e2nia, iar din anul 2000, membru al Uniunii Scriitorilor din Rom\u00e2nia, Filiala Alba-Hunedoara. De-a lungul timpului, activitatea sa de scriitor a fost recompensat\u0103 cu premii \u015fi distinc\u0163ii: Premiul festivalului concurs de proz\u0103 scurt\u0103 \u201eMarin Preda&#8221; (1984), Premiul pentru proz\u0103 al Filialei Alba &#8211; Hunedoara a Uniunii Scriitorilor din Rom\u00e2nia (2009), Premiul pentru roman al Filialei Alba &#8211; Hunedoara a Uniunii Scriitorilor din Rom\u00e2nia (2011), Premiul pentru proz\u0103 al revistei \u201eAcas\u0103&#8221; (2012), Premiul pentru roman al Filialei Alba &#8211; Hunedoara a Uniunii Scriitorilor din Rom\u00e2nia (2013).<\/p>\n\n\n\n<p>Mar\u021bi, 20 august 2024, Consiliul Jude\u021bean Alba \u0219i Biblioteca Jude\u021bean\u0103 \u201eLucian Blaga\u201d Alba, \u00eel vor omagia pe scriitorul \u0218tefan Dinic\u0103, la 84 de ani de la na\u0219tere \u0219i la pu\u021bin peste o jum\u0103tate de an de la trecerea sa la cele ve\u0219nice. Evenimentele care \u00eencearc\u0103 s\u0103 p\u0103streze vie memoria lui \u0218tefan Dinic\u0103 sunt: expozi\u021bia de publica\u021bii la care a colaborat \u0219i de c\u0103r\u021bi semnate de scriitor \u0219i difuzarea ultimului interviu acordat de scriitorul \u0218tefan Dinic\u0103, \u00een cadrul proiectului Bibliotecii Jude\u021bene \u201eLucian Blaga\u201d Alba, intitulat \u201eMemoria cultural\u0103 a locului &#8211; Interviurile Bibliotecii\u201d. Cele dou\u0103 evenimente pot fi urm\u0103rite pe pagina de Facebook a Bibliotecii Jude\u021bene \u201eLucian Blaga\u201d Alba, la adresa https:\/\/www.facebook.com\/BibliotecaJudeteanaLucianBlagaAlba.<\/p>\n","protected":false},"excerpt":{"rendered":"<p>Plecat de cur\u00e2nd dintre noi, scriitorul albaiulian \u0218tefan Dinic\u0103 a l\u0103sat o zestre important\u0103 at\u00e2t lumii literare, c\u00e2t \u0219i presei scrise. N\u0103scut la 20 august 1940, \u00een comuna Sili\u015ftea Gume\u015fti, jude\u0163ul Teleorman a fost dublu licen\u0163iat \u00een filosofie general\u0103 \u015fi jurnalism, la Facultatea de Filosofie a Universit\u0103\u0163ii Bucure\u015fti. A debutat \u00een pres\u0103 \u00een anul 1963, &hellip;<\/p>\n","protected":false},"author":16,"featured_media":113356,"comment_status":"open","ping_status":"open","sticky":false,"template":"","format":"standard","meta":{"inline_featured_image":false,"footnotes":""},"categories":[1],"tags":[],"class_list":["post-113355","post","type-post","status-publish","format-standard","has-post-thumbnail","hentry","category-stiri-urbane"],"yoast_head":"<!-- This site is optimized with the Yoast SEO plugin v27.4 - https:\/\/yoast.com\/product\/yoast-seo-wordpress\/ -->\n<title>Scriitorul \u0218tefan Dinic\u0103 omagiat de Biblioteca Jude\u021bean\u0103 \u201eLucian Blaga\u201d Alba - Revista Urbea Mea - Revista de Alba<\/title>\n<meta name=\"description\" content=\"Plecat de cur\u00e2nd dintre noi, scriitorul albaiulian \u0218tefan Dinic\u0103 a l\u0103sat o zestre important\u0103 at\u00e2t lumii literare, c\u00e2t \u0219i presei scrise. N\u0103scut la 20\" \/>\n<meta name=\"robots\" content=\"index, follow, max-snippet:-1, max-image-preview:large, max-video-preview:-1\" \/>\n<link rel=\"canonical\" href=\"https:\/\/urbeamea.ro\/albaiulia\/scriitorul-stefan-dinica-omagiat-de-biblioteca-judeteana-lucian-blaga-alba\/\" \/>\n<meta name=\"twitter:card\" content=\"summary_large_image\" \/>\n<meta name=\"twitter:title\" content=\"Scriitorul \u0218tefan Dinic\u0103 omagiat de Biblioteca Jude\u021bean\u0103 \u201eLucian Blaga\u201d Alba - Revista Urbea Mea - Revista de Alba\" \/>\n<meta name=\"twitter:description\" content=\"Plecat de cur\u00e2nd dintre noi, scriitorul albaiulian \u0218tefan Dinic\u0103 a l\u0103sat o zestre important\u0103 at\u00e2t lumii literare, c\u00e2t \u0219i presei scrise. N\u0103scut la 20\" \/>\n<meta name=\"twitter:image\" content=\"https:\/\/urbeamea.ro\/albaiulia\/wp-content\/uploads\/2024\/08\/7.3-Memoria-culturala-a-locului-in-Judetul-Alba-Dinica-20-august-2024.jpg\" \/>\n<meta name=\"twitter:creator\" content=\"@urbeameaweb\" \/>\n<meta name=\"twitter:site\" content=\"@urbeameaweb\" \/>\n<script type=\"application\/ld+json\" class=\"yoast-schema-graph\">{\"@context\":\"https:\\\/\\\/schema.org\",\"@graph\":[{\"@type\":\"Article\",\"@id\":\"https:\\\/\\\/urbeamea.ro\\\/albaiulia\\\/scriitorul-stefan-dinica-omagiat-de-biblioteca-judeteana-lucian-blaga-alba\\\/#article\",\"isPartOf\":{\"@id\":\"https:\\\/\\\/urbeamea.ro\\\/albaiulia\\\/scriitorul-stefan-dinica-omagiat-de-biblioteca-judeteana-lucian-blaga-alba\\\/\"},\"author\":{\"name\":\"Redac\u021bia UrbeaMea\",\"@id\":\"https:\\\/\\\/urbeamea.ro\\\/albaiulia\\\/#\\\/schema\\\/person\\\/272ae98052f8ee8980f59848df070247\"},\"headline\":\"Scriitorul \u0218tefan Dinic\u0103 omagiat de Biblioteca Jude\u021bean\u0103 \u201eLucian Blaga\u201d Alba\",\"datePublished\":\"2024-08-14T09:30:56+00:00\",\"dateModified\":\"2024-08-14T09:30:57+00:00\",\"mainEntityOfPage\":{\"@id\":\"https:\\\/\\\/urbeamea.ro\\\/albaiulia\\\/scriitorul-stefan-dinica-omagiat-de-biblioteca-judeteana-lucian-blaga-alba\\\/\"},\"wordCount\":494,\"commentCount\":0,\"image\":{\"@id\":\"https:\\\/\\\/urbeamea.ro\\\/albaiulia\\\/scriitorul-stefan-dinica-omagiat-de-biblioteca-judeteana-lucian-blaga-alba\\\/#primaryimage\"},\"thumbnailUrl\":\"https:\\\/\\\/urbeamea.ro\\\/albaiulia\\\/wp-content\\\/uploads\\\/2024\\\/08\\\/7.3-Memoria-culturala-a-locului-in-Judetul-Alba-Dinica-20-august-2024.jpg\",\"articleSection\":[\"\u015etiri Urbane\"],\"inLanguage\":\"ro-RO\",\"potentialAction\":[{\"@type\":\"CommentAction\",\"name\":\"Comment\",\"target\":[\"https:\\\/\\\/urbeamea.ro\\\/albaiulia\\\/scriitorul-stefan-dinica-omagiat-de-biblioteca-judeteana-lucian-blaga-alba\\\/#respond\"]}]},{\"@type\":\"WebPage\",\"@id\":\"https:\\\/\\\/urbeamea.ro\\\/albaiulia\\\/scriitorul-stefan-dinica-omagiat-de-biblioteca-judeteana-lucian-blaga-alba\\\/\",\"url\":\"https:\\\/\\\/urbeamea.ro\\\/albaiulia\\\/scriitorul-stefan-dinica-omagiat-de-biblioteca-judeteana-lucian-blaga-alba\\\/\",\"name\":\"Scriitorul \u0218tefan Dinic\u0103 omagiat de Biblioteca Jude\u021bean\u0103 \u201eLucian Blaga\u201d Alba - Revista Urbea Mea - Revista de Alba\",\"isPartOf\":{\"@id\":\"https:\\\/\\\/urbeamea.ro\\\/albaiulia\\\/#website\"},\"primaryImageOfPage\":{\"@id\":\"https:\\\/\\\/urbeamea.ro\\\/albaiulia\\\/scriitorul-stefan-dinica-omagiat-de-biblioteca-judeteana-lucian-blaga-alba\\\/#primaryimage\"},\"image\":{\"@id\":\"https:\\\/\\\/urbeamea.ro\\\/albaiulia\\\/scriitorul-stefan-dinica-omagiat-de-biblioteca-judeteana-lucian-blaga-alba\\\/#primaryimage\"},\"thumbnailUrl\":\"https:\\\/\\\/urbeamea.ro\\\/albaiulia\\\/wp-content\\\/uploads\\\/2024\\\/08\\\/7.3-Memoria-culturala-a-locului-in-Judetul-Alba-Dinica-20-august-2024.jpg\",\"datePublished\":\"2024-08-14T09:30:56+00:00\",\"dateModified\":\"2024-08-14T09:30:57+00:00\",\"author\":{\"@id\":\"https:\\\/\\\/urbeamea.ro\\\/albaiulia\\\/#\\\/schema\\\/person\\\/272ae98052f8ee8980f59848df070247\"},\"description\":\"Plecat de cur\u00e2nd dintre noi, scriitorul albaiulian \u0218tefan Dinic\u0103 a l\u0103sat o zestre important\u0103 at\u00e2t lumii literare, c\u00e2t \u0219i presei scrise. N\u0103scut la 20\",\"breadcrumb\":{\"@id\":\"https:\\\/\\\/urbeamea.ro\\\/albaiulia\\\/scriitorul-stefan-dinica-omagiat-de-biblioteca-judeteana-lucian-blaga-alba\\\/#breadcrumb\"},\"inLanguage\":\"ro-RO\",\"potentialAction\":[{\"@type\":\"ReadAction\",\"target\":[\"https:\\\/\\\/urbeamea.ro\\\/albaiulia\\\/scriitorul-stefan-dinica-omagiat-de-biblioteca-judeteana-lucian-blaga-alba\\\/\"]}]},{\"@type\":\"ImageObject\",\"inLanguage\":\"ro-RO\",\"@id\":\"https:\\\/\\\/urbeamea.ro\\\/albaiulia\\\/scriitorul-stefan-dinica-omagiat-de-biblioteca-judeteana-lucian-blaga-alba\\\/#primaryimage\",\"url\":\"https:\\\/\\\/urbeamea.ro\\\/albaiulia\\\/wp-content\\\/uploads\\\/2024\\\/08\\\/7.3-Memoria-culturala-a-locului-in-Judetul-Alba-Dinica-20-august-2024.jpg\",\"contentUrl\":\"https:\\\/\\\/urbeamea.ro\\\/albaiulia\\\/wp-content\\\/uploads\\\/2024\\\/08\\\/7.3-Memoria-culturala-a-locului-in-Judetul-Alba-Dinica-20-august-2024.jpg\",\"width\":1600,\"height\":1131},{\"@type\":\"BreadcrumbList\",\"@id\":\"https:\\\/\\\/urbeamea.ro\\\/albaiulia\\\/scriitorul-stefan-dinica-omagiat-de-biblioteca-judeteana-lucian-blaga-alba\\\/#breadcrumb\",\"itemListElement\":[{\"@type\":\"ListItem\",\"position\":1,\"name\":\"Prima pagin\u0103\",\"item\":\"https:\\\/\\\/urbeamea.ro\\\/albaiulia\\\/\"},{\"@type\":\"ListItem\",\"position\":2,\"name\":\"Scriitorul \u0218tefan Dinic\u0103 omagiat de Biblioteca Jude\u021bean\u0103 \u201eLucian Blaga\u201d Alba\"}]},{\"@type\":\"WebSite\",\"@id\":\"https:\\\/\\\/urbeamea.ro\\\/albaiulia\\\/#website\",\"url\":\"https:\\\/\\\/urbeamea.ro\\\/albaiulia\\\/\",\"name\":\"Revista Urbea Mea, Stiri urbane\",\"description\":\"Evenimente \u0219i \u0219tiri din Alba Iulia, Sebe\u0219, Aiud, Blaj\",\"potentialAction\":[{\"@type\":\"SearchAction\",\"target\":{\"@type\":\"EntryPoint\",\"urlTemplate\":\"https:\\\/\\\/urbeamea.ro\\\/albaiulia\\\/?s={search_term_string}\"},\"query-input\":{\"@type\":\"PropertyValueSpecification\",\"valueRequired\":true,\"valueName\":\"search_term_string\"}}],\"inLanguage\":\"ro-RO\"},{\"@type\":\"Person\",\"@id\":\"https:\\\/\\\/urbeamea.ro\\\/albaiulia\\\/#\\\/schema\\\/person\\\/272ae98052f8ee8980f59848df070247\",\"name\":\"Redac\u021bia UrbeaMea\",\"image\":{\"@type\":\"ImageObject\",\"inLanguage\":\"ro-RO\",\"@id\":\"https:\\\/\\\/secure.gravatar.com\\\/avatar\\\/9ce5a9435071fa1037e8468053ead8e513dbbff59009d3069aadb85506d85a27?s=96&d=mm&r=g\",\"url\":\"https:\\\/\\\/secure.gravatar.com\\\/avatar\\\/9ce5a9435071fa1037e8468053ead8e513dbbff59009d3069aadb85506d85a27?s=96&d=mm&r=g\",\"contentUrl\":\"https:\\\/\\\/secure.gravatar.com\\\/avatar\\\/9ce5a9435071fa1037e8468053ead8e513dbbff59009d3069aadb85506d85a27?s=96&d=mm&r=g\",\"caption\":\"Redac\u021bia UrbeaMea\"},\"description\":\"contact@urbeamea.ro\",\"sameAs\":[\"https:\\\/\\\/www.urbeamea.ro\"],\"url\":\"https:\\\/\\\/urbeamea.ro\\\/albaiulia\\\/author\\\/redactia-urbeamea\\\/\"}]}<\/script>\n<!-- \/ Yoast SEO plugin. -->","yoast_head_json":{"title":"Scriitorul \u0218tefan Dinic\u0103 omagiat de Biblioteca Jude\u021bean\u0103 \u201eLucian Blaga\u201d Alba - Revista Urbea Mea - Revista de Alba","description":"Plecat de cur\u00e2nd dintre noi, scriitorul albaiulian \u0218tefan Dinic\u0103 a l\u0103sat o zestre important\u0103 at\u00e2t lumii literare, c\u00e2t \u0219i presei scrise. N\u0103scut la 20","robots":{"index":"index","follow":"follow","max-snippet":"max-snippet:-1","max-image-preview":"max-image-preview:large","max-video-preview":"max-video-preview:-1"},"canonical":"https:\/\/urbeamea.ro\/albaiulia\/scriitorul-stefan-dinica-omagiat-de-biblioteca-judeteana-lucian-blaga-alba\/","twitter_card":"summary_large_image","twitter_title":"Scriitorul \u0218tefan Dinic\u0103 omagiat de Biblioteca Jude\u021bean\u0103 \u201eLucian Blaga\u201d Alba - Revista Urbea Mea - Revista de Alba","twitter_description":"Plecat de cur\u00e2nd dintre noi, scriitorul albaiulian \u0218tefan Dinic\u0103 a l\u0103sat o zestre important\u0103 at\u00e2t lumii literare, c\u00e2t \u0219i presei scrise. N\u0103scut la 20","twitter_image":"https:\/\/urbeamea.ro\/albaiulia\/wp-content\/uploads\/2024\/08\/7.3-Memoria-culturala-a-locului-in-Judetul-Alba-Dinica-20-august-2024.jpg","twitter_creator":"@urbeameaweb","twitter_site":"@urbeameaweb","schema":{"@context":"https:\/\/schema.org","@graph":[{"@type":"Article","@id":"https:\/\/urbeamea.ro\/albaiulia\/scriitorul-stefan-dinica-omagiat-de-biblioteca-judeteana-lucian-blaga-alba\/#article","isPartOf":{"@id":"https:\/\/urbeamea.ro\/albaiulia\/scriitorul-stefan-dinica-omagiat-de-biblioteca-judeteana-lucian-blaga-alba\/"},"author":{"name":"Redac\u021bia UrbeaMea","@id":"https:\/\/urbeamea.ro\/albaiulia\/#\/schema\/person\/272ae98052f8ee8980f59848df070247"},"headline":"Scriitorul \u0218tefan Dinic\u0103 omagiat de Biblioteca Jude\u021bean\u0103 \u201eLucian Blaga\u201d Alba","datePublished":"2024-08-14T09:30:56+00:00","dateModified":"2024-08-14T09:30:57+00:00","mainEntityOfPage":{"@id":"https:\/\/urbeamea.ro\/albaiulia\/scriitorul-stefan-dinica-omagiat-de-biblioteca-judeteana-lucian-blaga-alba\/"},"wordCount":494,"commentCount":0,"image":{"@id":"https:\/\/urbeamea.ro\/albaiulia\/scriitorul-stefan-dinica-omagiat-de-biblioteca-judeteana-lucian-blaga-alba\/#primaryimage"},"thumbnailUrl":"https:\/\/urbeamea.ro\/albaiulia\/wp-content\/uploads\/2024\/08\/7.3-Memoria-culturala-a-locului-in-Judetul-Alba-Dinica-20-august-2024.jpg","articleSection":["\u015etiri Urbane"],"inLanguage":"ro-RO","potentialAction":[{"@type":"CommentAction","name":"Comment","target":["https:\/\/urbeamea.ro\/albaiulia\/scriitorul-stefan-dinica-omagiat-de-biblioteca-judeteana-lucian-blaga-alba\/#respond"]}]},{"@type":"WebPage","@id":"https:\/\/urbeamea.ro\/albaiulia\/scriitorul-stefan-dinica-omagiat-de-biblioteca-judeteana-lucian-blaga-alba\/","url":"https:\/\/urbeamea.ro\/albaiulia\/scriitorul-stefan-dinica-omagiat-de-biblioteca-judeteana-lucian-blaga-alba\/","name":"Scriitorul \u0218tefan Dinic\u0103 omagiat de Biblioteca Jude\u021bean\u0103 \u201eLucian Blaga\u201d Alba - Revista Urbea Mea - Revista de Alba","isPartOf":{"@id":"https:\/\/urbeamea.ro\/albaiulia\/#website"},"primaryImageOfPage":{"@id":"https:\/\/urbeamea.ro\/albaiulia\/scriitorul-stefan-dinica-omagiat-de-biblioteca-judeteana-lucian-blaga-alba\/#primaryimage"},"image":{"@id":"https:\/\/urbeamea.ro\/albaiulia\/scriitorul-stefan-dinica-omagiat-de-biblioteca-judeteana-lucian-blaga-alba\/#primaryimage"},"thumbnailUrl":"https:\/\/urbeamea.ro\/albaiulia\/wp-content\/uploads\/2024\/08\/7.3-Memoria-culturala-a-locului-in-Judetul-Alba-Dinica-20-august-2024.jpg","datePublished":"2024-08-14T09:30:56+00:00","dateModified":"2024-08-14T09:30:57+00:00","author":{"@id":"https:\/\/urbeamea.ro\/albaiulia\/#\/schema\/person\/272ae98052f8ee8980f59848df070247"},"description":"Plecat de cur\u00e2nd dintre noi, scriitorul albaiulian \u0218tefan Dinic\u0103 a l\u0103sat o zestre important\u0103 at\u00e2t lumii literare, c\u00e2t \u0219i presei scrise. N\u0103scut la 20","breadcrumb":{"@id":"https:\/\/urbeamea.ro\/albaiulia\/scriitorul-stefan-dinica-omagiat-de-biblioteca-judeteana-lucian-blaga-alba\/#breadcrumb"},"inLanguage":"ro-RO","potentialAction":[{"@type":"ReadAction","target":["https:\/\/urbeamea.ro\/albaiulia\/scriitorul-stefan-dinica-omagiat-de-biblioteca-judeteana-lucian-blaga-alba\/"]}]},{"@type":"ImageObject","inLanguage":"ro-RO","@id":"https:\/\/urbeamea.ro\/albaiulia\/scriitorul-stefan-dinica-omagiat-de-biblioteca-judeteana-lucian-blaga-alba\/#primaryimage","url":"https:\/\/urbeamea.ro\/albaiulia\/wp-content\/uploads\/2024\/08\/7.3-Memoria-culturala-a-locului-in-Judetul-Alba-Dinica-20-august-2024.jpg","contentUrl":"https:\/\/urbeamea.ro\/albaiulia\/wp-content\/uploads\/2024\/08\/7.3-Memoria-culturala-a-locului-in-Judetul-Alba-Dinica-20-august-2024.jpg","width":1600,"height":1131},{"@type":"BreadcrumbList","@id":"https:\/\/urbeamea.ro\/albaiulia\/scriitorul-stefan-dinica-omagiat-de-biblioteca-judeteana-lucian-blaga-alba\/#breadcrumb","itemListElement":[{"@type":"ListItem","position":1,"name":"Prima pagin\u0103","item":"https:\/\/urbeamea.ro\/albaiulia\/"},{"@type":"ListItem","position":2,"name":"Scriitorul \u0218tefan Dinic\u0103 omagiat de Biblioteca Jude\u021bean\u0103 \u201eLucian Blaga\u201d Alba"}]},{"@type":"WebSite","@id":"https:\/\/urbeamea.ro\/albaiulia\/#website","url":"https:\/\/urbeamea.ro\/albaiulia\/","name":"Revista Urbea Mea, Stiri urbane","description":"Evenimente \u0219i \u0219tiri din Alba Iulia, Sebe\u0219, Aiud, Blaj","potentialAction":[{"@type":"SearchAction","target":{"@type":"EntryPoint","urlTemplate":"https:\/\/urbeamea.ro\/albaiulia\/?s={search_term_string}"},"query-input":{"@type":"PropertyValueSpecification","valueRequired":true,"valueName":"search_term_string"}}],"inLanguage":"ro-RO"},{"@type":"Person","@id":"https:\/\/urbeamea.ro\/albaiulia\/#\/schema\/person\/272ae98052f8ee8980f59848df070247","name":"Redac\u021bia UrbeaMea","image":{"@type":"ImageObject","inLanguage":"ro-RO","@id":"https:\/\/secure.gravatar.com\/avatar\/9ce5a9435071fa1037e8468053ead8e513dbbff59009d3069aadb85506d85a27?s=96&d=mm&r=g","url":"https:\/\/secure.gravatar.com\/avatar\/9ce5a9435071fa1037e8468053ead8e513dbbff59009d3069aadb85506d85a27?s=96&d=mm&r=g","contentUrl":"https:\/\/secure.gravatar.com\/avatar\/9ce5a9435071fa1037e8468053ead8e513dbbff59009d3069aadb85506d85a27?s=96&d=mm&r=g","caption":"Redac\u021bia UrbeaMea"},"description":"contact@urbeamea.ro","sameAs":["https:\/\/www.urbeamea.ro"],"url":"https:\/\/urbeamea.ro\/albaiulia\/author\/redactia-urbeamea\/"}]}},"_links":{"self":[{"href":"https:\/\/urbeamea.ro\/albaiulia\/wp-json\/wp\/v2\/posts\/113355","targetHints":{"allow":["GET"]}}],"collection":[{"href":"https:\/\/urbeamea.ro\/albaiulia\/wp-json\/wp\/v2\/posts"}],"about":[{"href":"https:\/\/urbeamea.ro\/albaiulia\/wp-json\/wp\/v2\/types\/post"}],"author":[{"embeddable":true,"href":"https:\/\/urbeamea.ro\/albaiulia\/wp-json\/wp\/v2\/users\/16"}],"replies":[{"embeddable":true,"href":"https:\/\/urbeamea.ro\/albaiulia\/wp-json\/wp\/v2\/comments?post=113355"}],"version-history":[{"count":1,"href":"https:\/\/urbeamea.ro\/albaiulia\/wp-json\/wp\/v2\/posts\/113355\/revisions"}],"predecessor-version":[{"id":113357,"href":"https:\/\/urbeamea.ro\/albaiulia\/wp-json\/wp\/v2\/posts\/113355\/revisions\/113357"}],"wp:featuredmedia":[{"embeddable":true,"href":"https:\/\/urbeamea.ro\/albaiulia\/wp-json\/wp\/v2\/media\/113356"}],"wp:attachment":[{"href":"https:\/\/urbeamea.ro\/albaiulia\/wp-json\/wp\/v2\/media?parent=113355"}],"wp:term":[{"taxonomy":"category","embeddable":true,"href":"https:\/\/urbeamea.ro\/albaiulia\/wp-json\/wp\/v2\/categories?post=113355"},{"taxonomy":"post_tag","embeddable":true,"href":"https:\/\/urbeamea.ro\/albaiulia\/wp-json\/wp\/v2\/tags?post=113355"}],"curies":[{"name":"wp","href":"https:\/\/api.w.org\/{rel}","templated":true}]}}