{"id":113422,"date":"2024-08-16T15:58:54","date_gmt":"2024-08-16T12:58:54","guid":{"rendered":"https:\/\/urbeamea.ro\/albaiulia\/?p=113422"},"modified":"2024-08-16T15:58:55","modified_gmt":"2024-08-16T12:58:55","slug":"17-18-august-targul-lemnarilor-din-muntii-apuseni-nunta-de-aur-concursul-national-cel-mai-bun-lemnar-spectacol-folcloric","status":"publish","type":"post","link":"https:\/\/urbeamea.ro\/albaiulia\/17-18-august-targul-lemnarilor-din-muntii-apuseni-nunta-de-aur-concursul-national-cel-mai-bun-lemnar-spectacol-folcloric\/","title":{"rendered":"17-18 august: T\u00e2rgul lemnarilor din Mun\u021bii Apuseni. &#8222;Nunta de Aur&#8221;, concursul na\u021bional cel mai bun lemnar, spectacol folcloric"},"content":{"rendered":"\n<p class=\"wp-block-paragraph\"><strong>S\u00e2mb\u0103t\u0103 \u0219i duminic\u0103, comuna Horea va g\u0103zdui o nou\u0103 edi\u021bie a &#8222;T\u00e2rgului Lemnarilor din Mun\u021bii Apuseni&#8221;.<\/strong><\/p>\n\n\n\n<p class=\"wp-block-paragraph\">T\u00e2rgul este un proiect cultural-turistic ini\u021biat de CORNELIU OLAR \u00een anul 1996.<\/p>\n\n\n\n<p class=\"wp-block-paragraph\">Organizatorii au preg\u0103tit un program care cuprinde &#8222;Nunta de Aur&#8221;, concursul na\u021bional cel mai bun lemnar, t\u00e2rgul na\u021bional al me\u0219terilor tradi\u021bionali \u0219i silvicultorilor (peste 40 de me\u0219teri tradi\u021bionali din Rom\u00e2nia) \u0219i un spectacol Folcloric.<\/p>\n\n\n\n<p class=\"wp-block-paragraph\">Proiectul este organizat de Consiliul Jude\u021bean Alba, Prim\u0103ria Comunei Horea \u0219i Centrul de Cultur\u0103 \u201eAugustin Bena\u201d Alba.<\/p>\n\n\n\n<p class=\"wp-block-paragraph\"><strong>Program<\/strong><\/p>\n\n\n\n<p class=\"wp-block-paragraph\"><strong>S\u00c2MB\u0102T\u0102, 17 august 2024<\/strong><\/p>\n\n\n\n<p class=\"wp-block-paragraph\">Dealul Fericetului- <\/p>\n\n\n\n<p class=\"wp-block-paragraph\">Casa memorial\u0103 \u201eHorea\u201d<\/p>\n\n\n\n<p class=\"wp-block-paragraph\">\u2022 ora 13:00\u200b\u2013 Slujb\u0103 religioas\u0103\u2013 Ceremonial de depunere de coroane, jerbe \u0219i buchete de flori<\/p>\n\n\n\n<p class=\"wp-block-paragraph\">Fanfara Jude\u021bului Alba, dirijor Coriolan Honca\u0219\u2013 Deschiderea oficial\u0103 a celei de-a XXIX-a edi\u021bii a T\u00e2rgului Lemnarilor din Mun\u021bii Apuseni\u2013 <\/p>\n\n\n\n<p class=\"wp-block-paragraph\">Spectacol folcloric:Taraful ,,MO\u021aUL\u201d din HOREACOSMINA MATE\u0218Ansamblul de dansuri populare ,,\u0218IRIANA\u201d din ARAD<\/p>\n\n\n\n<p class=\"wp-block-paragraph\">Centrul Cultural \u201eHorea, Clo\u0219ca \u0219i Cri\u0219an\u201d din Horea\u2022<\/p>\n\n\n\n<p class=\"wp-block-paragraph\"> ora 16:00\u200b\u2013 Premierea cuplurilor care serbeaz\u0103 ,,Nunta de Aur\u201d (50 de ani de c\u0103s\u0103torie)<\/p>\n\n\n\n<p class=\"wp-block-paragraph\">\u2013 Conferin\u021ba ,,239 de ani de la Martiriul lui Horea, Clo\u0219ca \u0219i Cri\u0219an \u00een Anul Bicentenarului na\u0219terii eroului na\u021biunii rom\u00e2ne, Avram Iancu\u201d \u2013 prezint\u0103 istoricul TUDOR RO\u0218U<\/p>\n\n\n\n<p class=\"wp-block-paragraph\"><strong>DUMINIC\u0102, 18 augusut 2024<\/strong><\/p>\n\n\n\n<p class=\"wp-block-paragraph\">V\u00e2rful Petreasa din Horea (cota 1600)<\/p>\n\n\n\n<p class=\"wp-block-paragraph\">ora 11:00\u200b \u2013 Primirea invita\u021bilor cu pl\u0103cinte pe lespede \u0219i balmo\u0219 mo\u021besc<\/p>\n\n\n\n<p class=\"wp-block-paragraph\">\u2013 T\u00e2rgul na\u021bional al me\u0219terilor tradi\u021bionali \u0219i silvicultorilor (peste 40 de me\u0219teri tradi\u021bionali din Rom\u00e2nia)<\/p>\n\n\n\n<p class=\"wp-block-paragraph\">\u2022 ora 12:00\u200b \u2013 Concursul na\u021bional ,,CEL MAI BUN LEMNAR\u201d, edi\u021bia a XXIX-a<\/p>\n\n\n\n<p class=\"wp-block-paragraph\">\u2022 ora 13:00\u200b \u2013 SPECTACOL FOLCLORIC-\u200b<\/p>\n\n\n\n<p class=\"wp-block-paragraph\">SAVA NEGREAN BRUDA\u0218CU<\/p>\n\n\n\n<p class=\"wp-block-paragraph\">-ADRIAN Neam\u021bu &#8211; taragot<\/p>\n\n\n\n<p class=\"wp-block-paragraph\">-TRAIAN JURCHELA\u200b<\/p>\n\n\n\n<p class=\"wp-block-paragraph\">-VALERIA \u0219i TRAIAN ILEA<\/p>\n\n\n\n<p class=\"wp-block-paragraph\">\u200b-ANCU\u021aA MATEI OLAR\u200b<\/p>\n\n\n\n<p class=\"wp-block-paragraph\">-Taraful ,,MO\u021aUL\u201d din HOREA<\/p>\n\n\n\n<p class=\"wp-block-paragraph\">-\u200bMIHAELA GRINDEAN \u0219i DORIN NEME\u0218\u200b<\/p>\n\n\n\n<p class=\"wp-block-paragraph\">-ADRIAN SOCACIU<\/p>\n\n\n\n<p class=\"wp-block-paragraph\">-COSMINA MATE\u0218<\/p>\n\n\n\n<p class=\"wp-block-paragraph\">\u200b-IUSTINA \u0218PAN\u200b<\/p>\n\n\n\n<p class=\"wp-block-paragraph\">-FELICIA HAN<\/p>\n\n\n\n<figure class=\"wp-block-image size-large\"><img loading=\"lazy\" decoding=\"async\" width=\"1040\" height=\"1280\" src=\"https:\/\/urbeamea.ro\/albaiulia\/wp-content\/uploads\/2024\/08\/1000008565-1040x1280.jpg\" alt=\"\" class=\"wp-image-113423\" srcset=\"https:\/\/urbeamea.ro\/albaiulia\/wp-content\/uploads\/2024\/08\/1000008565-1040x1280.jpg 1040w, https:\/\/urbeamea.ro\/albaiulia\/wp-content\/uploads\/2024\/08\/1000008565-520x640.jpg 520w, https:\/\/urbeamea.ro\/albaiulia\/wp-content\/uploads\/2024\/08\/1000008565-122x150.jpg 122w, https:\/\/urbeamea.ro\/albaiulia\/wp-content\/uploads\/2024\/08\/1000008565-768x945.jpg 768w, https:\/\/urbeamea.ro\/albaiulia\/wp-content\/uploads\/2024\/08\/1000008565.jpg 1080w\" sizes=\"auto, (max-width: 1040px) 100vw, 1040px\" \/><\/figure>\n\n\n\n<p class=\"wp-block-paragraph\"><\/p>\n\n\n\n<p class=\"wp-block-paragraph\"><\/p>\n","protected":false},"excerpt":{"rendered":"<p>S\u00e2mb\u0103t\u0103 \u0219i duminic\u0103, comuna Horea va g\u0103zdui o nou\u0103 edi\u021bie a &#8222;T\u00e2rgului Lemnarilor din Mun\u021bii Apuseni&#8221;. T\u00e2rgul este un proiect cultural-turistic ini\u021biat de CORNELIU OLAR \u00een anul 1996. Organizatorii au preg\u0103tit un program care cuprinde &#8222;Nunta de Aur&#8221;, concursul na\u021bional cel mai bun lemnar, t\u00e2rgul na\u021bional al me\u0219terilor tradi\u021bionali \u0219i silvicultorilor (peste 40 de me\u0219teri &hellip;<\/p>\n","protected":false},"author":28,"featured_media":113423,"comment_status":"open","ping_status":"open","sticky":false,"template":"","format":"standard","meta":{"inline_featured_image":false,"footnotes":""},"categories":[2038,4,1],"tags":[4254,12155],"class_list":["post-113422","post","type-post","status-publish","format-standard","has-post-thumbnail","hentry","category-cultura","category-eveniment","category-stiri-urbane","tag-horea","tag-targul-lemnarilor"],"yoast_head":"<!-- This site is optimized with the Yoast SEO plugin v28.3 - https:\/\/yoast.com\/product\/yoast-seo-wordpress\/ -->\n<title>17-18 august: T\u00e2rgul lemnarilor din Mun\u021bii Apuseni. &quot;Nunta de Aur&quot;, concursul na\u021bional cel mai bun lemnar, spectacol folcloric - Revista Urbea Mea - Revista de Alba<\/title>\n<meta name=\"description\" content=\"S\u00e2mb\u0103t\u0103 \u0219i duminic\u0103, comuna Horea va g\u0103zdui o nou\u0103 edi\u021bie a &quot;T\u00e2rgului Lemnarilor din Mun\u021bii Apuseni&quot;. T\u00e2rgul este un proiect cultural-turistic ini\u021biat de\" \/>\n<meta name=\"robots\" content=\"index, follow, max-snippet:-1, max-image-preview:large, max-video-preview:-1\" \/>\n<link rel=\"canonical\" href=\"https:\/\/urbeamea.ro\/albaiulia\/17-18-august-targul-lemnarilor-din-muntii-apuseni-nunta-de-aur-concursul-national-cel-mai-bun-lemnar-spectacol-folcloric\/\" \/>\n<meta name=\"twitter:card\" content=\"summary_large_image\" \/>\n<meta name=\"twitter:title\" content=\"17-18 august: T\u00e2rgul lemnarilor din Mun\u021bii Apuseni. &quot;Nunta de Aur&quot;, concursul na\u021bional cel mai bun lemnar, spectacol folcloric - Revista Urbea Mea - Revista de Alba\" \/>\n<meta name=\"twitter:description\" content=\"S\u00e2mb\u0103t\u0103 \u0219i duminic\u0103, comuna Horea va g\u0103zdui o nou\u0103 edi\u021bie a &quot;T\u00e2rgului Lemnarilor din Mun\u021bii Apuseni&quot;. T\u00e2rgul este un proiect cultural-turistic ini\u021biat de\" \/>\n<meta name=\"twitter:image\" content=\"https:\/\/urbeamea.ro\/albaiulia\/wp-content\/uploads\/2024\/08\/1000008565.jpg\" \/>\n<meta name=\"twitter:creator\" content=\"@urbeameaweb\" \/>\n<meta name=\"twitter:site\" content=\"@urbeameaweb\" \/>\n<script type=\"application\/ld+json\" class=\"yoast-schema-graph\">{\"@context\":\"https:\\\/\\\/schema.org\",\"@graph\":[{\"@type\":\"Article\",\"@id\":\"https:\\\/\\\/urbeamea.ro\\\/albaiulia\\\/17-18-august-targul-lemnarilor-din-muntii-apuseni-nunta-de-aur-concursul-national-cel-mai-bun-lemnar-spectacol-folcloric\\\/#article\",\"isPartOf\":{\"@id\":\"https:\\\/\\\/urbeamea.ro\\\/albaiulia\\\/17-18-august-targul-lemnarilor-din-muntii-apuseni-nunta-de-aur-concursul-national-cel-mai-bun-lemnar-spectacol-folcloric\\\/\"},\"author\":{\"name\":\"Giurca Sorin\",\"@id\":\"https:\\\/\\\/urbeamea.ro\\\/albaiulia\\\/#\\\/schema\\\/person\\\/5db3854ac38c1cc9f0ab4092d6a20f02\"},\"headline\":\"17-18 august: T\u00e2rgul lemnarilor din Mun\u021bii Apuseni. &#8222;Nunta de Aur&#8221;, concursul na\u021bional cel mai bun lemnar, spectacol folcloric\",\"datePublished\":\"2024-08-16T12:58:54+00:00\",\"dateModified\":\"2024-08-16T12:58:55+00:00\",\"mainEntityOfPage\":{\"@id\":\"https:\\\/\\\/urbeamea.ro\\\/albaiulia\\\/17-18-august-targul-lemnarilor-din-muntii-apuseni-nunta-de-aur-concursul-national-cel-mai-bun-lemnar-spectacol-folcloric\\\/\"},\"wordCount\":327,\"commentCount\":0,\"image\":{\"@id\":\"https:\\\/\\\/urbeamea.ro\\\/albaiulia\\\/17-18-august-targul-lemnarilor-din-muntii-apuseni-nunta-de-aur-concursul-national-cel-mai-bun-lemnar-spectacol-folcloric\\\/#primaryimage\"},\"thumbnailUrl\":\"https:\\\/\\\/urbeamea.ro\\\/albaiulia\\\/wp-content\\\/uploads\\\/2024\\\/08\\\/1000008565.jpg\",\"keywords\":[\"horea\",\"targul lemnarilor\"],\"articleSection\":[\"Cultur\u0103\",\"Evenimente\",\"\u015etiri Urbane\"],\"inLanguage\":\"ro-RO\",\"potentialAction\":[{\"@type\":\"CommentAction\",\"name\":\"Comment\",\"target\":[\"https:\\\/\\\/urbeamea.ro\\\/albaiulia\\\/17-18-august-targul-lemnarilor-din-muntii-apuseni-nunta-de-aur-concursul-national-cel-mai-bun-lemnar-spectacol-folcloric\\\/#respond\"]}]},{\"@type\":\"WebPage\",\"@id\":\"https:\\\/\\\/urbeamea.ro\\\/albaiulia\\\/17-18-august-targul-lemnarilor-din-muntii-apuseni-nunta-de-aur-concursul-national-cel-mai-bun-lemnar-spectacol-folcloric\\\/\",\"url\":\"https:\\\/\\\/urbeamea.ro\\\/albaiulia\\\/17-18-august-targul-lemnarilor-din-muntii-apuseni-nunta-de-aur-concursul-national-cel-mai-bun-lemnar-spectacol-folcloric\\\/\",\"name\":\"17-18 august: T\u00e2rgul lemnarilor din Mun\u021bii Apuseni. \\\"Nunta de Aur\\\", concursul na\u021bional cel mai bun lemnar, spectacol folcloric - Revista Urbea Mea - Revista de Alba\",\"isPartOf\":{\"@id\":\"https:\\\/\\\/urbeamea.ro\\\/albaiulia\\\/#website\"},\"primaryImageOfPage\":{\"@id\":\"https:\\\/\\\/urbeamea.ro\\\/albaiulia\\\/17-18-august-targul-lemnarilor-din-muntii-apuseni-nunta-de-aur-concursul-national-cel-mai-bun-lemnar-spectacol-folcloric\\\/#primaryimage\"},\"image\":{\"@id\":\"https:\\\/\\\/urbeamea.ro\\\/albaiulia\\\/17-18-august-targul-lemnarilor-din-muntii-apuseni-nunta-de-aur-concursul-national-cel-mai-bun-lemnar-spectacol-folcloric\\\/#primaryimage\"},\"thumbnailUrl\":\"https:\\\/\\\/urbeamea.ro\\\/albaiulia\\\/wp-content\\\/uploads\\\/2024\\\/08\\\/1000008565.jpg\",\"datePublished\":\"2024-08-16T12:58:54+00:00\",\"dateModified\":\"2024-08-16T12:58:55+00:00\",\"author\":{\"@id\":\"https:\\\/\\\/urbeamea.ro\\\/albaiulia\\\/#\\\/schema\\\/person\\\/5db3854ac38c1cc9f0ab4092d6a20f02\"},\"description\":\"S\u00e2mb\u0103t\u0103 \u0219i duminic\u0103, comuna Horea va g\u0103zdui o nou\u0103 edi\u021bie a \\\"T\u00e2rgului Lemnarilor din Mun\u021bii Apuseni\\\". T\u00e2rgul este un proiect cultural-turistic ini\u021biat de\",\"breadcrumb\":{\"@id\":\"https:\\\/\\\/urbeamea.ro\\\/albaiulia\\\/17-18-august-targul-lemnarilor-din-muntii-apuseni-nunta-de-aur-concursul-national-cel-mai-bun-lemnar-spectacol-folcloric\\\/#breadcrumb\"},\"inLanguage\":\"ro-RO\",\"potentialAction\":[{\"@type\":\"ReadAction\",\"target\":[\"https:\\\/\\\/urbeamea.ro\\\/albaiulia\\\/17-18-august-targul-lemnarilor-din-muntii-apuseni-nunta-de-aur-concursul-national-cel-mai-bun-lemnar-spectacol-folcloric\\\/\"]}]},{\"@type\":\"ImageObject\",\"inLanguage\":\"ro-RO\",\"@id\":\"https:\\\/\\\/urbeamea.ro\\\/albaiulia\\\/17-18-august-targul-lemnarilor-din-muntii-apuseni-nunta-de-aur-concursul-national-cel-mai-bun-lemnar-spectacol-folcloric\\\/#primaryimage\",\"url\":\"https:\\\/\\\/urbeamea.ro\\\/albaiulia\\\/wp-content\\\/uploads\\\/2024\\\/08\\\/1000008565.jpg\",\"contentUrl\":\"https:\\\/\\\/urbeamea.ro\\\/albaiulia\\\/wp-content\\\/uploads\\\/2024\\\/08\\\/1000008565.jpg\",\"width\":1080,\"height\":1329},{\"@type\":\"BreadcrumbList\",\"@id\":\"https:\\\/\\\/urbeamea.ro\\\/albaiulia\\\/17-18-august-targul-lemnarilor-din-muntii-apuseni-nunta-de-aur-concursul-national-cel-mai-bun-lemnar-spectacol-folcloric\\\/#breadcrumb\",\"itemListElement\":[{\"@type\":\"ListItem\",\"position\":1,\"name\":\"Prima pagin\u0103\",\"item\":\"https:\\\/\\\/urbeamea.ro\\\/albaiulia\\\/\"},{\"@type\":\"ListItem\",\"position\":2,\"name\":\"17-18 august: T\u00e2rgul lemnarilor din Mun\u021bii Apuseni. &#8222;Nunta de Aur&#8221;, concursul na\u021bional cel mai bun lemnar, spectacol folcloric\"}]},{\"@type\":\"WebSite\",\"@id\":\"https:\\\/\\\/urbeamea.ro\\\/albaiulia\\\/#website\",\"url\":\"https:\\\/\\\/urbeamea.ro\\\/albaiulia\\\/\",\"name\":\"Revista Urbea Mea, Stiri urbane\",\"description\":\"Evenimente \u0219i \u0219tiri din Alba Iulia, Sebe\u0219, Aiud, Blaj\",\"potentialAction\":[{\"@type\":\"SearchAction\",\"target\":{\"@type\":\"EntryPoint\",\"urlTemplate\":\"https:\\\/\\\/urbeamea.ro\\\/albaiulia\\\/?s={search_term_string}\"},\"query-input\":{\"@type\":\"PropertyValueSpecification\",\"valueRequired\":true,\"valueName\":\"search_term_string\"}}],\"inLanguage\":\"ro-RO\"},{\"@type\":\"Person\",\"@id\":\"https:\\\/\\\/urbeamea.ro\\\/albaiulia\\\/#\\\/schema\\\/person\\\/5db3854ac38c1cc9f0ab4092d6a20f02\",\"name\":\"Giurca Sorin\",\"image\":{\"@type\":\"ImageObject\",\"inLanguage\":\"ro-RO\",\"@id\":\"https:\\\/\\\/secure.gravatar.com\\\/avatar\\\/120f6fcae7b3b47a7730cb9943f612f4909f68ac5284b5f40ac1c4615fd70576?s=96&d=mm&r=g\",\"url\":\"https:\\\/\\\/secure.gravatar.com\\\/avatar\\\/120f6fcae7b3b47a7730cb9943f612f4909f68ac5284b5f40ac1c4615fd70576?s=96&d=mm&r=g\",\"contentUrl\":\"https:\\\/\\\/secure.gravatar.com\\\/avatar\\\/120f6fcae7b3b47a7730cb9943f612f4909f68ac5284b5f40ac1c4615fd70576?s=96&d=mm&r=g\",\"caption\":\"Giurca Sorin\"},\"url\":\"https:\\\/\\\/urbeamea.ro\\\/albaiulia\\\/author\\\/sorin\\\/\"}]}<\/script>\n<!-- \/ Yoast SEO plugin. -->","yoast_head_json":{"title":"17-18 august: T\u00e2rgul lemnarilor din Mun\u021bii Apuseni. \"Nunta de Aur\", concursul na\u021bional cel mai bun lemnar, spectacol folcloric - Revista Urbea Mea - Revista de Alba","description":"S\u00e2mb\u0103t\u0103 \u0219i duminic\u0103, comuna Horea va g\u0103zdui o nou\u0103 edi\u021bie a \"T\u00e2rgului Lemnarilor din Mun\u021bii Apuseni\". T\u00e2rgul este un proiect cultural-turistic ini\u021biat de","robots":{"index":"index","follow":"follow","max-snippet":"max-snippet:-1","max-image-preview":"max-image-preview:large","max-video-preview":"max-video-preview:-1"},"canonical":"https:\/\/urbeamea.ro\/albaiulia\/17-18-august-targul-lemnarilor-din-muntii-apuseni-nunta-de-aur-concursul-national-cel-mai-bun-lemnar-spectacol-folcloric\/","twitter_card":"summary_large_image","twitter_title":"17-18 august: T\u00e2rgul lemnarilor din Mun\u021bii Apuseni. \"Nunta de Aur\", concursul na\u021bional cel mai bun lemnar, spectacol folcloric - Revista Urbea Mea - Revista de Alba","twitter_description":"S\u00e2mb\u0103t\u0103 \u0219i duminic\u0103, comuna Horea va g\u0103zdui o nou\u0103 edi\u021bie a \"T\u00e2rgului Lemnarilor din Mun\u021bii Apuseni\". T\u00e2rgul este un proiect cultural-turistic ini\u021biat de","twitter_image":"https:\/\/urbeamea.ro\/albaiulia\/wp-content\/uploads\/2024\/08\/1000008565.jpg","twitter_creator":"@urbeameaweb","twitter_site":"@urbeameaweb","schema":{"@context":"https:\/\/schema.org","@graph":[{"@type":"Article","@id":"https:\/\/urbeamea.ro\/albaiulia\/17-18-august-targul-lemnarilor-din-muntii-apuseni-nunta-de-aur-concursul-national-cel-mai-bun-lemnar-spectacol-folcloric\/#article","isPartOf":{"@id":"https:\/\/urbeamea.ro\/albaiulia\/17-18-august-targul-lemnarilor-din-muntii-apuseni-nunta-de-aur-concursul-national-cel-mai-bun-lemnar-spectacol-folcloric\/"},"author":{"name":"Giurca Sorin","@id":"https:\/\/urbeamea.ro\/albaiulia\/#\/schema\/person\/5db3854ac38c1cc9f0ab4092d6a20f02"},"headline":"17-18 august: T\u00e2rgul lemnarilor din Mun\u021bii Apuseni. &#8222;Nunta de Aur&#8221;, concursul na\u021bional cel mai bun lemnar, spectacol folcloric","datePublished":"2024-08-16T12:58:54+00:00","dateModified":"2024-08-16T12:58:55+00:00","mainEntityOfPage":{"@id":"https:\/\/urbeamea.ro\/albaiulia\/17-18-august-targul-lemnarilor-din-muntii-apuseni-nunta-de-aur-concursul-national-cel-mai-bun-lemnar-spectacol-folcloric\/"},"wordCount":327,"commentCount":0,"image":{"@id":"https:\/\/urbeamea.ro\/albaiulia\/17-18-august-targul-lemnarilor-din-muntii-apuseni-nunta-de-aur-concursul-national-cel-mai-bun-lemnar-spectacol-folcloric\/#primaryimage"},"thumbnailUrl":"https:\/\/urbeamea.ro\/albaiulia\/wp-content\/uploads\/2024\/08\/1000008565.jpg","keywords":["horea","targul lemnarilor"],"articleSection":["Cultur\u0103","Evenimente","\u015etiri Urbane"],"inLanguage":"ro-RO","potentialAction":[{"@type":"CommentAction","name":"Comment","target":["https:\/\/urbeamea.ro\/albaiulia\/17-18-august-targul-lemnarilor-din-muntii-apuseni-nunta-de-aur-concursul-national-cel-mai-bun-lemnar-spectacol-folcloric\/#respond"]}]},{"@type":"WebPage","@id":"https:\/\/urbeamea.ro\/albaiulia\/17-18-august-targul-lemnarilor-din-muntii-apuseni-nunta-de-aur-concursul-national-cel-mai-bun-lemnar-spectacol-folcloric\/","url":"https:\/\/urbeamea.ro\/albaiulia\/17-18-august-targul-lemnarilor-din-muntii-apuseni-nunta-de-aur-concursul-national-cel-mai-bun-lemnar-spectacol-folcloric\/","name":"17-18 august: T\u00e2rgul lemnarilor din Mun\u021bii Apuseni. \"Nunta de Aur\", concursul na\u021bional cel mai bun lemnar, spectacol folcloric - Revista Urbea Mea - Revista de Alba","isPartOf":{"@id":"https:\/\/urbeamea.ro\/albaiulia\/#website"},"primaryImageOfPage":{"@id":"https:\/\/urbeamea.ro\/albaiulia\/17-18-august-targul-lemnarilor-din-muntii-apuseni-nunta-de-aur-concursul-national-cel-mai-bun-lemnar-spectacol-folcloric\/#primaryimage"},"image":{"@id":"https:\/\/urbeamea.ro\/albaiulia\/17-18-august-targul-lemnarilor-din-muntii-apuseni-nunta-de-aur-concursul-national-cel-mai-bun-lemnar-spectacol-folcloric\/#primaryimage"},"thumbnailUrl":"https:\/\/urbeamea.ro\/albaiulia\/wp-content\/uploads\/2024\/08\/1000008565.jpg","datePublished":"2024-08-16T12:58:54+00:00","dateModified":"2024-08-16T12:58:55+00:00","author":{"@id":"https:\/\/urbeamea.ro\/albaiulia\/#\/schema\/person\/5db3854ac38c1cc9f0ab4092d6a20f02"},"description":"S\u00e2mb\u0103t\u0103 \u0219i duminic\u0103, comuna Horea va g\u0103zdui o nou\u0103 edi\u021bie a \"T\u00e2rgului Lemnarilor din Mun\u021bii Apuseni\". T\u00e2rgul este un proiect cultural-turistic ini\u021biat de","breadcrumb":{"@id":"https:\/\/urbeamea.ro\/albaiulia\/17-18-august-targul-lemnarilor-din-muntii-apuseni-nunta-de-aur-concursul-national-cel-mai-bun-lemnar-spectacol-folcloric\/#breadcrumb"},"inLanguage":"ro-RO","potentialAction":[{"@type":"ReadAction","target":["https:\/\/urbeamea.ro\/albaiulia\/17-18-august-targul-lemnarilor-din-muntii-apuseni-nunta-de-aur-concursul-national-cel-mai-bun-lemnar-spectacol-folcloric\/"]}]},{"@type":"ImageObject","inLanguage":"ro-RO","@id":"https:\/\/urbeamea.ro\/albaiulia\/17-18-august-targul-lemnarilor-din-muntii-apuseni-nunta-de-aur-concursul-national-cel-mai-bun-lemnar-spectacol-folcloric\/#primaryimage","url":"https:\/\/urbeamea.ro\/albaiulia\/wp-content\/uploads\/2024\/08\/1000008565.jpg","contentUrl":"https:\/\/urbeamea.ro\/albaiulia\/wp-content\/uploads\/2024\/08\/1000008565.jpg","width":1080,"height":1329},{"@type":"BreadcrumbList","@id":"https:\/\/urbeamea.ro\/albaiulia\/17-18-august-targul-lemnarilor-din-muntii-apuseni-nunta-de-aur-concursul-national-cel-mai-bun-lemnar-spectacol-folcloric\/#breadcrumb","itemListElement":[{"@type":"ListItem","position":1,"name":"Prima pagin\u0103","item":"https:\/\/urbeamea.ro\/albaiulia\/"},{"@type":"ListItem","position":2,"name":"17-18 august: T\u00e2rgul lemnarilor din Mun\u021bii Apuseni. &#8222;Nunta de Aur&#8221;, concursul na\u021bional cel mai bun lemnar, spectacol folcloric"}]},{"@type":"WebSite","@id":"https:\/\/urbeamea.ro\/albaiulia\/#website","url":"https:\/\/urbeamea.ro\/albaiulia\/","name":"Revista Urbea Mea, Stiri urbane","description":"Evenimente \u0219i \u0219tiri din Alba Iulia, Sebe\u0219, Aiud, Blaj","potentialAction":[{"@type":"SearchAction","target":{"@type":"EntryPoint","urlTemplate":"https:\/\/urbeamea.ro\/albaiulia\/?s={search_term_string}"},"query-input":{"@type":"PropertyValueSpecification","valueRequired":true,"valueName":"search_term_string"}}],"inLanguage":"ro-RO"},{"@type":"Person","@id":"https:\/\/urbeamea.ro\/albaiulia\/#\/schema\/person\/5db3854ac38c1cc9f0ab4092d6a20f02","name":"Giurca Sorin","image":{"@type":"ImageObject","inLanguage":"ro-RO","@id":"https:\/\/secure.gravatar.com\/avatar\/120f6fcae7b3b47a7730cb9943f612f4909f68ac5284b5f40ac1c4615fd70576?s=96&d=mm&r=g","url":"https:\/\/secure.gravatar.com\/avatar\/120f6fcae7b3b47a7730cb9943f612f4909f68ac5284b5f40ac1c4615fd70576?s=96&d=mm&r=g","contentUrl":"https:\/\/secure.gravatar.com\/avatar\/120f6fcae7b3b47a7730cb9943f612f4909f68ac5284b5f40ac1c4615fd70576?s=96&d=mm&r=g","caption":"Giurca Sorin"},"url":"https:\/\/urbeamea.ro\/albaiulia\/author\/sorin\/"}]}},"_links":{"self":[{"href":"https:\/\/urbeamea.ro\/albaiulia\/wp-json\/wp\/v2\/posts\/113422","targetHints":{"allow":["GET"]}}],"collection":[{"href":"https:\/\/urbeamea.ro\/albaiulia\/wp-json\/wp\/v2\/posts"}],"about":[{"href":"https:\/\/urbeamea.ro\/albaiulia\/wp-json\/wp\/v2\/types\/post"}],"author":[{"embeddable":true,"href":"https:\/\/urbeamea.ro\/albaiulia\/wp-json\/wp\/v2\/users\/28"}],"replies":[{"embeddable":true,"href":"https:\/\/urbeamea.ro\/albaiulia\/wp-json\/wp\/v2\/comments?post=113422"}],"version-history":[{"count":1,"href":"https:\/\/urbeamea.ro\/albaiulia\/wp-json\/wp\/v2\/posts\/113422\/revisions"}],"predecessor-version":[{"id":113424,"href":"https:\/\/urbeamea.ro\/albaiulia\/wp-json\/wp\/v2\/posts\/113422\/revisions\/113424"}],"wp:featuredmedia":[{"embeddable":true,"href":"https:\/\/urbeamea.ro\/albaiulia\/wp-json\/wp\/v2\/media\/113423"}],"wp:attachment":[{"href":"https:\/\/urbeamea.ro\/albaiulia\/wp-json\/wp\/v2\/media?parent=113422"}],"wp:term":[{"taxonomy":"category","embeddable":true,"href":"https:\/\/urbeamea.ro\/albaiulia\/wp-json\/wp\/v2\/categories?post=113422"},{"taxonomy":"post_tag","embeddable":true,"href":"https:\/\/urbeamea.ro\/albaiulia\/wp-json\/wp\/v2\/tags?post=113422"}],"curies":[{"name":"wp","href":"https:\/\/api.w.org\/{rel}","templated":true}]}}