{"id":113597,"date":"2024-08-28T12:22:43","date_gmt":"2024-08-28T09:22:43","guid":{"rendered":"https:\/\/urbeamea.ro\/albaiulia\/?p=113597"},"modified":"2024-08-28T12:22:44","modified_gmt":"2024-08-28T09:22:44","slug":"s-a-incheiat-contractarea-proiectelor-etapizate-la-nivelul-regiunii-centru","status":"publish","type":"post","link":"https:\/\/urbeamea.ro\/albaiulia\/s-a-incheiat-contractarea-proiectelor-etapizate-la-nivelul-regiunii-centru\/","title":{"rendered":"S-a \u00eencheiat contractarea proiectelor etapizate la nivelul Regiunii Centru"},"content":{"rendered":"\n<p><strong>P\u00e2n\u0103 la finalul lunii august 2024 au fost semnate toate contractele pentru finan\u021barea proiectelor depuse \u00een cadrul apelului \u201dProiecte etapizate\u201d prin Programul \u201dRegiunea Centru\u201d 2021 &#8211; 2027. Au fost 70 de cereri de finan\u021bare depuse \u00een cadrul acestui apel necompetitiv, care a avut ca perioad\u0103 de depunere 13.05.2024 \u2013 12.06.2024 care, dup\u0103 finalizarea etapei de evaluare tehnic\u0103 \u0219i financiar\u0103, au&nbsp; intrat \u00een etapa de contractare. Peste 184,49 milioane euro fonduri nerambursabile ale PR Centru 2021-2027 au fost alocate de c\u0103tre Agen\u021bia pentru Dezvoltare Regional\u0103 Centru pentru investi\u021biile autorit\u0103\u021bilor locale \u00een proiectele etapizate de la nivelul Regiunii Centru. \u00cen cadrul acestui apel de proiecte, au fost sprijinite proiecte de investi\u021bii din 12 domenii diferite. <\/strong><strong><\/strong><\/p>\n\n\n\n<p>Proiectele etapizate sunt reprezentate de proiectele contractate \u0219i finan\u021bate prin Programul Opera\u021bional Regional 2014-2020, care nu s-au finalizat p\u00e2n\u0103 \u00een 31.12.2023 \u0219i care, dac\u0103 au \u00eentrunit cerin\u021bele men\u021bionate \u00een OUG 36\/2023 \u0219i Regulamentul UE 2021\/1060, au putut depune o cerere de finan\u021bare prin Programul \u201dRegiunea Centru\u201d 2021-2027, solicit\u00e2nd un buget complementar pentru finalizarea activit\u0103\u021bilor. Solicitan\u021bii eligibili \u00een cadrul acestor proiecte etapizate sunt unit\u0103\u021bile administrativ teritoriale ale c\u0103ror proiecte se reg\u0103sesc \u00een lista de proiecte preidentificate la nivel regional, aprobat\u0103 de c\u0103tre Ministerul Investi\u021biilor \u0219i Proiectelor Europene.<\/p>\n\n\n\n<blockquote class=\"wp-block-quote is-layout-flow wp-block-quote-is-layout-flow\">\n<p><em>La nivel regional, este foarte important ca investi\u021biile care au primit finan\u021bare \u0219i au fost \u00eencepute \u00een perioada trecut\u0103 de programare, dar \u00een cadrul c\u0103rora beneficiarii au \u00eent\u00e2mpinat mai multe probleme, pandemie, costuri m\u0103rite cu personalul \u0219i materiile prime, contesta\u021bii sau altele, s\u0103 poat\u0103 fi finalizate cu resurse disponibile \u00een aceast\u0103 perioad\u0103 de finan\u021bare. Este foarte important din punct de vedere al dezvolt\u0103rii pentru comunitatea local\u0103, s\u0103 poat\u0103 s\u0103 finalizeze proiectele \u00eencepute \u00een urm\u0103 cu c\u00e2\u021biva ani. \u00cen absen\u021ba etapiz\u0103rii, respectiv a prelu\u0103rii finan\u021b\u0103rii nerambursabile prin etapa a doua \u00een Programul \u201dRegiunea Centru\u201d 2021-2027, sumele necesare pentru finalizare ar fi trebuit s\u0103 fie suportate din surse publice, bugetul de stat sau local, ceea ce ar fi avut efecte negative asupra deficitului bugetar. La nivelul Regiunii Centru vor fi finalizate cu finan\u021bare nerambursabil\u0103 prin PR Centru \u0219i f\u0103r\u0103 a fi afectat bugetul local, proiecte de mare anvergur\u0103 la nivel regional sau local, cu un impact semnificativ pentru locuitorii regiunii<\/em>.<\/p>\n\n\n\n<p>Simion Cre\u021bu, Director general ADR Centru<\/p>\n<\/blockquote>\n\n\n\n<p>La \u00eencheierea Programului Opera\u021bional Regional 2014-2020, \u00een cazul proiectelor derulate de autorit\u0103\u021bile publice care nu s-au finalizat,&nbsp; beneficiarii au putut solicita \u00eencadrarea \u00een una din trei categorii, conform prevederilor din actele normative men\u021bionate anterior, ce reglementeaz\u0103 domeniul:<\/p>\n\n\n\n<ul class=\"wp-block-list\">\n<li>nefunc\u021bionale &#8211; continu\u0103 implementarea, urm\u00e2nd a se finaliza p\u00e2n\u0103 \u00een 31.12.2024,<\/li>\n\n\n\n<li>nefinalizate &#8211; continu\u0103 implementarea, urm\u00e2nd a se finaliza p\u00e2n\u0103 \u00een 31.12.2026,<\/li>\n\n\n\n<li>proiecte etapizate &#8211; continu\u0103 implementarea \u0219i va depune cerere de finan\u021bare, \u00een func\u021bie de obiectivul proiectului, pe unul din programele: Programul Regiunea Centru 2021-2027, Programul S\u0103n\u0103tate sau Programul Incluziune \u0219i Demnitate Social\u0103.<\/li>\n<\/ul>\n\n\n\n<p>Condi\u021biile impuse de actele legislative pentru ca un beneficiar- autoritate publica \u2013 s\u0103 solicite \u00eencadrarea le lista de proiectelor preidentificate au fost: proiectul a fost contractat \u00een perioada 2014-2020 \u0219i a avut un cost total\/proiect de peste 5 milioane euro sau a fost contractat \u00eenainte de 29.06.2022 \u0219i a avut un cost total peste 1 mil. euro; au avut dou\u0103 etape identificabile distinct din punct de vedere financiar; a doua etap\u0103 a proiectului (finan\u021barea prin PR Centru 2021-2027) trebuie s\u0103 r\u0103spund\u0103 regulilor perioadei 2021-2027 \u0219i trebuie finalizat\u0103 p\u00e2n\u0103 la finalul perioadei, respectiv 31.12.2029, au avut un progres financiar de minim 5%, nu sunt \u00een procedur\u0103 de reziliere, au respectat graficul de implementare \u015fi au \u00eenregistrat \u00eent\u00e2rzieri de 12 luni fa\u0163\u0103 de ultimul grafic de implementare valabil aprobat la 30 septembrie 2023. &nbsp;<\/p>\n\n\n\n<p>Pentru a se asigura c\u0103 proiectele sunt finalizate \u015fi contribuie la realizarea obiectivelor \u015fi a \u021bintelor finale ale indicatorilor de realizare \u015fi de rezultat ale programului, fiecare Autoritate de Management, \u00een acest caz, Agen\u021bia pentru Dezvoltare Regional\u0103 Centru pentru Programul \u201dRegiunea Centru\u201d 2021-2027, a stabilit lista proiectelor finan\u021bate \u00een perioada de programare 2014-2020 care se etapizeaz\u0103 \u00een perioada de programare 2021-2027. Lista opera\u021biunilor etapizate, cu excep\u021bia instrumentelor financiare, a fost publicat\u0103 \u0219i este disponibil\u0103 pe site la link: <a href=\"https:\/\/www.regiocentru.ro\/actiuni\/proiecte-etapizate-2\/\">https:\/\/www.regiocentru.ro\/actiuni\/proiecte-etapizate-2\/<\/a><\/p>\n\n\n\n<p>Cele 70 de proiecte care s-au \u00eencadrat la etapizare prin PR Centru prev\u0103d investi\u021bii \u00een domeniile: eficien\u021b\u0103 energetic\u0103, spa\u021bii verzi, mobilitate urban\u0103, infrastructur\u0103 de transport, infrastructur\u0103 educa\u021bional\u0103,&nbsp; patrimoniu natural, resurse balneare \u0219i dezvoltare urban\u0103. Proiectele contractate solicit\u0103 prin Programul \u201dRegiunea Centru\u201d suma de 916,96 milioane lei, ce reprezint\u0103 184,49 milioane euro, din care 740,81 milioane lei reprezint\u0103 finan\u021bare din partea Uniunii Europene, iar 176,15 milioane lei reprezint\u0103 cofinan\u021barea de la Bugetul de Stat.<\/p>\n\n\n\n<p>Lista celor 70 de contracte etapizate, semnate cu finan\u021bare prin PR Centru, se poate consulta \u00een <a href=\"https:\/\/www.regiocentru.ro\/harta-proiecte\/\">Harta Proiectelor Regio 2021-2027<\/a>. Spre deosebire de celelalte contracte care sunt semnate prin Programul \u201dRegiunea Centru\u201d, cet\u0103\u021benii vor putea identifica aceste proiecte prin faptul c\u0103 materialele de comunicare obligatorii pentru informarea cet\u0103\u021benilor au amplasate sigle aferente ambelor perioade finan\u021bare, iar \u00een cazul valorilor de proiect sunt identificate separat sumele aferente finan\u021b\u0103rii europene acordate \u00een perioada 2014-2020 \u0219i cea a finan\u021b\u0103rii europene acordat\u0103 din Programul \u201dRegiunea Centru\u201d \u00een perioada 2021-2027.<\/p>\n\n\n\n<figure class=\"wp-block-gallery has-nested-images columns-default is-cropped wp-block-gallery-1 is-layout-flex wp-block-gallery-is-layout-flex\">\n<figure class=\"wp-block-image size-large\"><a href=\"https:\/\/urbeamea.ro\/albaiulia\/wp-content\/uploads\/2024\/08\/Foto_Reabilitare-blocuri_HR.jpg\"><img loading=\"lazy\" decoding=\"async\" width=\"1280\" height=\"638\" data-id=\"113599\" src=\"https:\/\/urbeamea.ro\/albaiulia\/wp-content\/uploads\/2024\/08\/Foto_Reabilitare-blocuri_HR-1280x638.jpg\" alt=\"\" class=\"wp-image-113599\" srcset=\"https:\/\/urbeamea.ro\/albaiulia\/wp-content\/uploads\/2024\/08\/Foto_Reabilitare-blocuri_HR-1280x638.jpg 1280w, https:\/\/urbeamea.ro\/albaiulia\/wp-content\/uploads\/2024\/08\/Foto_Reabilitare-blocuri_HR-640x319.jpg 640w, https:\/\/urbeamea.ro\/albaiulia\/wp-content\/uploads\/2024\/08\/Foto_Reabilitare-blocuri_HR-150x75.jpg 150w, https:\/\/urbeamea.ro\/albaiulia\/wp-content\/uploads\/2024\/08\/Foto_Reabilitare-blocuri_HR-768x383.jpg 768w, https:\/\/urbeamea.ro\/albaiulia\/wp-content\/uploads\/2024\/08\/Foto_Reabilitare-blocuri_HR-1536x765.jpg 1536w, https:\/\/urbeamea.ro\/albaiulia\/wp-content\/uploads\/2024\/08\/Foto_Reabilitare-blocuri_HR.jpg 1843w\" sizes=\"auto, (max-width: 1280px) 100vw, 1280px\" \/><\/a><\/figure>\n\n\n\n<figure class=\"wp-block-image size-large\"><a href=\"https:\/\/urbeamea.ro\/albaiulia\/wp-content\/uploads\/2024\/08\/Foto_Infrastructura-verde-albastra_CV.jpg\"><img loading=\"lazy\" decoding=\"async\" width=\"1280\" height=\"622\" data-id=\"113600\" src=\"https:\/\/urbeamea.ro\/albaiulia\/wp-content\/uploads\/2024\/08\/Foto_Infrastructura-verde-albastra_CV-1280x622.jpg\" alt=\"\" class=\"wp-image-113600\" srcset=\"https:\/\/urbeamea.ro\/albaiulia\/wp-content\/uploads\/2024\/08\/Foto_Infrastructura-verde-albastra_CV-1280x622.jpg 1280w, https:\/\/urbeamea.ro\/albaiulia\/wp-content\/uploads\/2024\/08\/Foto_Infrastructura-verde-albastra_CV-640x311.jpg 640w, https:\/\/urbeamea.ro\/albaiulia\/wp-content\/uploads\/2024\/08\/Foto_Infrastructura-verde-albastra_CV-150x73.jpg 150w, https:\/\/urbeamea.ro\/albaiulia\/wp-content\/uploads\/2024\/08\/Foto_Infrastructura-verde-albastra_CV-768x373.jpg 768w, https:\/\/urbeamea.ro\/albaiulia\/wp-content\/uploads\/2024\/08\/Foto_Infrastructura-verde-albastra_CV-1536x746.jpg 1536w, https:\/\/urbeamea.ro\/albaiulia\/wp-content\/uploads\/2024\/08\/Foto_Infrastructura-verde-albastra_CV.jpg 1843w\" sizes=\"auto, (max-width: 1280px) 100vw, 1280px\" \/><\/a><\/figure>\n\n\n\n<figure class=\"wp-block-image size-large\"><a href=\"https:\/\/urbeamea.ro\/albaiulia\/wp-content\/uploads\/2024\/08\/Foto_Modernizare-transport-public_MS.jpeg\"><img loading=\"lazy\" decoding=\"async\" width=\"1280\" height=\"647\" data-id=\"113602\" src=\"https:\/\/urbeamea.ro\/albaiulia\/wp-content\/uploads\/2024\/08\/Foto_Modernizare-transport-public_MS-1280x647.jpeg\" alt=\"\" class=\"wp-image-113602\" srcset=\"https:\/\/urbeamea.ro\/albaiulia\/wp-content\/uploads\/2024\/08\/Foto_Modernizare-transport-public_MS-1280x647.jpeg 1280w, https:\/\/urbeamea.ro\/albaiulia\/wp-content\/uploads\/2024\/08\/Foto_Modernizare-transport-public_MS-640x324.jpeg 640w, https:\/\/urbeamea.ro\/albaiulia\/wp-content\/uploads\/2024\/08\/Foto_Modernizare-transport-public_MS-150x76.jpeg 150w, https:\/\/urbeamea.ro\/albaiulia\/wp-content\/uploads\/2024\/08\/Foto_Modernizare-transport-public_MS-768x388.jpeg 768w, https:\/\/urbeamea.ro\/albaiulia\/wp-content\/uploads\/2024\/08\/Foto_Modernizare-transport-public_MS-1536x777.jpeg 1536w, https:\/\/urbeamea.ro\/albaiulia\/wp-content\/uploads\/2024\/08\/Foto_Modernizare-transport-public_MS.jpeg 1600w\" sizes=\"auto, (max-width: 1280px) 100vw, 1280px\" \/><\/a><\/figure>\n\n\n\n<figure class=\"wp-block-image size-large\"><a href=\"https:\/\/urbeamea.ro\/albaiulia\/wp-content\/uploads\/2024\/08\/Foto_Educatie-scolara.jpg\"><img loading=\"lazy\" decoding=\"async\" width=\"1280\" height=\"593\" data-id=\"113598\" src=\"https:\/\/urbeamea.ro\/albaiulia\/wp-content\/uploads\/2024\/08\/Foto_Educatie-scolara-1280x593.jpg\" alt=\"\" class=\"wp-image-113598\" srcset=\"https:\/\/urbeamea.ro\/albaiulia\/wp-content\/uploads\/2024\/08\/Foto_Educatie-scolara-1280x593.jpg 1280w, https:\/\/urbeamea.ro\/albaiulia\/wp-content\/uploads\/2024\/08\/Foto_Educatie-scolara-640x297.jpg 640w, https:\/\/urbeamea.ro\/albaiulia\/wp-content\/uploads\/2024\/08\/Foto_Educatie-scolara-150x70.jpg 150w, https:\/\/urbeamea.ro\/albaiulia\/wp-content\/uploads\/2024\/08\/Foto_Educatie-scolara-768x356.jpg 768w, https:\/\/urbeamea.ro\/albaiulia\/wp-content\/uploads\/2024\/08\/Foto_Educatie-scolara.jpg 1512w\" sizes=\"auto, (max-width: 1280px) 100vw, 1280px\" \/><\/a><\/figure>\n\n\n\n<figure class=\"wp-block-image size-large\"><a href=\"https:\/\/urbeamea.ro\/albaiulia\/wp-content\/uploads\/2024\/08\/Foto_Cetatea-Rasnov.jpg\"><img loading=\"lazy\" decoding=\"async\" width=\"1280\" height=\"545\" data-id=\"113603\" src=\"https:\/\/urbeamea.ro\/albaiulia\/wp-content\/uploads\/2024\/08\/Foto_Cetatea-Rasnov-1280x545.jpg\" alt=\"\" class=\"wp-image-113603\" srcset=\"https:\/\/urbeamea.ro\/albaiulia\/wp-content\/uploads\/2024\/08\/Foto_Cetatea-Rasnov-1280x545.jpg 1280w, https:\/\/urbeamea.ro\/albaiulia\/wp-content\/uploads\/2024\/08\/Foto_Cetatea-Rasnov-640x272.jpg 640w, https:\/\/urbeamea.ro\/albaiulia\/wp-content\/uploads\/2024\/08\/Foto_Cetatea-Rasnov-150x64.jpg 150w, https:\/\/urbeamea.ro\/albaiulia\/wp-content\/uploads\/2024\/08\/Foto_Cetatea-Rasnov-768x327.jpg 768w, https:\/\/urbeamea.ro\/albaiulia\/wp-content\/uploads\/2024\/08\/Foto_Cetatea-Rasnov-1536x654.jpg 1536w, https:\/\/urbeamea.ro\/albaiulia\/wp-content\/uploads\/2024\/08\/Foto_Cetatea-Rasnov.jpg 1600w\" sizes=\"auto, (max-width: 1280px) 100vw, 1280px\" \/><\/a><\/figure>\n\n\n\n<figure class=\"wp-block-image size-large\"><a href=\"https:\/\/urbeamea.ro\/albaiulia\/wp-content\/uploads\/2024\/08\/Foto_Drum-judetean_AB.jpg\"><img loading=\"lazy\" decoding=\"async\" width=\"1280\" height=\"626\" data-id=\"113601\" src=\"https:\/\/urbeamea.ro\/albaiulia\/wp-content\/uploads\/2024\/08\/Foto_Drum-judetean_AB-1280x626.jpg\" alt=\"\" class=\"wp-image-113601\" srcset=\"https:\/\/urbeamea.ro\/albaiulia\/wp-content\/uploads\/2024\/08\/Foto_Drum-judetean_AB-1280x626.jpg 1280w, https:\/\/urbeamea.ro\/albaiulia\/wp-content\/uploads\/2024\/08\/Foto_Drum-judetean_AB-640x313.jpg 640w, https:\/\/urbeamea.ro\/albaiulia\/wp-content\/uploads\/2024\/08\/Foto_Drum-judetean_AB-150x73.jpg 150w, https:\/\/urbeamea.ro\/albaiulia\/wp-content\/uploads\/2024\/08\/Foto_Drum-judetean_AB-768x376.jpg 768w, https:\/\/urbeamea.ro\/albaiulia\/wp-content\/uploads\/2024\/08\/Foto_Drum-judetean_AB-1536x751.jpg 1536w, https:\/\/urbeamea.ro\/albaiulia\/wp-content\/uploads\/2024\/08\/Foto_Drum-judetean_AB.jpg 1793w\" sizes=\"auto, (max-width: 1280px) 100vw, 1280px\" \/><\/a><\/figure>\n<\/figure>\n","protected":false},"excerpt":{"rendered":"<p>P\u00e2n\u0103 la finalul lunii august 2024 au fost semnate toate contractele pentru finan\u021barea proiectelor depuse \u00een cadrul apelului \u201dProiecte etapizate\u201d prin Programul \u201dRegiunea Centru\u201d 2021 &#8211; 2027. Au fost 70 de cereri de finan\u021bare depuse \u00een cadrul acestui apel necompetitiv, care a avut ca perioad\u0103 de depunere 13.05.2024 \u2013 12.06.2024 care, dup\u0103 finalizarea etapei de &hellip;<\/p>\n","protected":false},"author":16,"featured_media":113604,"comment_status":"open","ping_status":"open","sticky":false,"template":"","format":"standard","meta":{"inline_featured_image":false,"footnotes":""},"categories":[6663],"tags":[343],"class_list":["post-113597","post","type-post","status-publish","format-standard","has-post-thumbnail","hentry","category-economic","tag-adr-centru"],"yoast_head":"<!-- This site is optimized with the Yoast SEO plugin v27.4 - https:\/\/yoast.com\/product\/yoast-seo-wordpress\/ -->\n<title>S-a \u00eencheiat contractarea proiectelor etapizate la nivelul Regiunii Centru - Revista Urbea Mea - Revista de Alba<\/title>\n<meta name=\"description\" content=\"P\u00e2n\u0103 la finalul lunii august 2024 au fost semnate toate contractele pentru finan\u021barea proiectelor depuse \u00een cadrul apelului \u201dProiecte etapizate\u201d prin\" \/>\n<meta name=\"robots\" content=\"index, follow, max-snippet:-1, max-image-preview:large, max-video-preview:-1\" \/>\n<link rel=\"canonical\" href=\"https:\/\/urbeamea.ro\/albaiulia\/s-a-incheiat-contractarea-proiectelor-etapizate-la-nivelul-regiunii-centru\/\" \/>\n<meta name=\"twitter:card\" content=\"summary_large_image\" \/>\n<meta name=\"twitter:title\" content=\"S-a \u00eencheiat contractarea proiectelor etapizate la nivelul Regiunii Centru - Revista Urbea Mea - Revista de Alba\" \/>\n<meta name=\"twitter:description\" content=\"P\u00e2n\u0103 la finalul lunii august 2024 au fost semnate toate contractele pentru finan\u021barea proiectelor depuse \u00een cadrul apelului \u201dProiecte etapizate\u201d prin\" \/>\n<meta name=\"twitter:image\" content=\"https:\/\/urbeamea.ro\/albaiulia\/wp-content\/uploads\/2024\/08\/Foto_Educatie-digitala.jpeg\" \/>\n<meta name=\"twitter:creator\" content=\"@urbeameaweb\" \/>\n<meta name=\"twitter:site\" content=\"@urbeameaweb\" \/>\n<script type=\"application\/ld+json\" class=\"yoast-schema-graph\">{\"@context\":\"https:\\\/\\\/schema.org\",\"@graph\":[{\"@type\":\"Article\",\"@id\":\"https:\\\/\\\/urbeamea.ro\\\/albaiulia\\\/s-a-incheiat-contractarea-proiectelor-etapizate-la-nivelul-regiunii-centru\\\/#article\",\"isPartOf\":{\"@id\":\"https:\\\/\\\/urbeamea.ro\\\/albaiulia\\\/s-a-incheiat-contractarea-proiectelor-etapizate-la-nivelul-regiunii-centru\\\/\"},\"author\":{\"name\":\"Redac\u021bia UrbeaMea\",\"@id\":\"https:\\\/\\\/urbeamea.ro\\\/albaiulia\\\/#\\\/schema\\\/person\\\/272ae98052f8ee8980f59848df070247\"},\"headline\":\"S-a \u00eencheiat contractarea proiectelor etapizate la nivelul Regiunii Centru\",\"datePublished\":\"2024-08-28T09:22:43+00:00\",\"dateModified\":\"2024-08-28T09:22:44+00:00\",\"mainEntityOfPage\":{\"@id\":\"https:\\\/\\\/urbeamea.ro\\\/albaiulia\\\/s-a-incheiat-contractarea-proiectelor-etapizate-la-nivelul-regiunii-centru\\\/\"},\"wordCount\":883,\"commentCount\":0,\"image\":{\"@id\":\"https:\\\/\\\/urbeamea.ro\\\/albaiulia\\\/s-a-incheiat-contractarea-proiectelor-etapizate-la-nivelul-regiunii-centru\\\/#primaryimage\"},\"thumbnailUrl\":\"https:\\\/\\\/urbeamea.ro\\\/albaiulia\\\/wp-content\\\/uploads\\\/2024\\\/08\\\/Foto_Educatie-digitala.jpeg\",\"keywords\":[\"ADR Centru\"],\"articleSection\":[\"Economic\"],\"inLanguage\":\"ro-RO\",\"potentialAction\":[{\"@type\":\"CommentAction\",\"name\":\"Comment\",\"target\":[\"https:\\\/\\\/urbeamea.ro\\\/albaiulia\\\/s-a-incheiat-contractarea-proiectelor-etapizate-la-nivelul-regiunii-centru\\\/#respond\"]}]},{\"@type\":\"WebPage\",\"@id\":\"https:\\\/\\\/urbeamea.ro\\\/albaiulia\\\/s-a-incheiat-contractarea-proiectelor-etapizate-la-nivelul-regiunii-centru\\\/\",\"url\":\"https:\\\/\\\/urbeamea.ro\\\/albaiulia\\\/s-a-incheiat-contractarea-proiectelor-etapizate-la-nivelul-regiunii-centru\\\/\",\"name\":\"S-a \u00eencheiat contractarea proiectelor etapizate la nivelul Regiunii Centru - Revista Urbea Mea - Revista de Alba\",\"isPartOf\":{\"@id\":\"https:\\\/\\\/urbeamea.ro\\\/albaiulia\\\/#website\"},\"primaryImageOfPage\":{\"@id\":\"https:\\\/\\\/urbeamea.ro\\\/albaiulia\\\/s-a-incheiat-contractarea-proiectelor-etapizate-la-nivelul-regiunii-centru\\\/#primaryimage\"},\"image\":{\"@id\":\"https:\\\/\\\/urbeamea.ro\\\/albaiulia\\\/s-a-incheiat-contractarea-proiectelor-etapizate-la-nivelul-regiunii-centru\\\/#primaryimage\"},\"thumbnailUrl\":\"https:\\\/\\\/urbeamea.ro\\\/albaiulia\\\/wp-content\\\/uploads\\\/2024\\\/08\\\/Foto_Educatie-digitala.jpeg\",\"datePublished\":\"2024-08-28T09:22:43+00:00\",\"dateModified\":\"2024-08-28T09:22:44+00:00\",\"author\":{\"@id\":\"https:\\\/\\\/urbeamea.ro\\\/albaiulia\\\/#\\\/schema\\\/person\\\/272ae98052f8ee8980f59848df070247\"},\"description\":\"P\u00e2n\u0103 la finalul lunii august 2024 au fost semnate toate contractele pentru finan\u021barea proiectelor depuse \u00een cadrul apelului \u201dProiecte etapizate\u201d prin\",\"breadcrumb\":{\"@id\":\"https:\\\/\\\/urbeamea.ro\\\/albaiulia\\\/s-a-incheiat-contractarea-proiectelor-etapizate-la-nivelul-regiunii-centru\\\/#breadcrumb\"},\"inLanguage\":\"ro-RO\",\"potentialAction\":[{\"@type\":\"ReadAction\",\"target\":[\"https:\\\/\\\/urbeamea.ro\\\/albaiulia\\\/s-a-incheiat-contractarea-proiectelor-etapizate-la-nivelul-regiunii-centru\\\/\"]}]},{\"@type\":\"ImageObject\",\"inLanguage\":\"ro-RO\",\"@id\":\"https:\\\/\\\/urbeamea.ro\\\/albaiulia\\\/s-a-incheiat-contractarea-proiectelor-etapizate-la-nivelul-regiunii-centru\\\/#primaryimage\",\"url\":\"https:\\\/\\\/urbeamea.ro\\\/albaiulia\\\/wp-content\\\/uploads\\\/2024\\\/08\\\/Foto_Educatie-digitala.jpeg\",\"contentUrl\":\"https:\\\/\\\/urbeamea.ro\\\/albaiulia\\\/wp-content\\\/uploads\\\/2024\\\/08\\\/Foto_Educatie-digitala.jpeg\",\"width\":1600,\"height\":791},{\"@type\":\"BreadcrumbList\",\"@id\":\"https:\\\/\\\/urbeamea.ro\\\/albaiulia\\\/s-a-incheiat-contractarea-proiectelor-etapizate-la-nivelul-regiunii-centru\\\/#breadcrumb\",\"itemListElement\":[{\"@type\":\"ListItem\",\"position\":1,\"name\":\"Prima pagin\u0103\",\"item\":\"https:\\\/\\\/urbeamea.ro\\\/albaiulia\\\/\"},{\"@type\":\"ListItem\",\"position\":2,\"name\":\"S-a \u00eencheiat contractarea proiectelor etapizate la nivelul Regiunii Centru\"}]},{\"@type\":\"WebSite\",\"@id\":\"https:\\\/\\\/urbeamea.ro\\\/albaiulia\\\/#website\",\"url\":\"https:\\\/\\\/urbeamea.ro\\\/albaiulia\\\/\",\"name\":\"Revista Urbea Mea, Stiri urbane\",\"description\":\"Evenimente \u0219i \u0219tiri din Alba Iulia, Sebe\u0219, Aiud, Blaj\",\"potentialAction\":[{\"@type\":\"SearchAction\",\"target\":{\"@type\":\"EntryPoint\",\"urlTemplate\":\"https:\\\/\\\/urbeamea.ro\\\/albaiulia\\\/?s={search_term_string}\"},\"query-input\":{\"@type\":\"PropertyValueSpecification\",\"valueRequired\":true,\"valueName\":\"search_term_string\"}}],\"inLanguage\":\"ro-RO\"},{\"@type\":\"Person\",\"@id\":\"https:\\\/\\\/urbeamea.ro\\\/albaiulia\\\/#\\\/schema\\\/person\\\/272ae98052f8ee8980f59848df070247\",\"name\":\"Redac\u021bia UrbeaMea\",\"image\":{\"@type\":\"ImageObject\",\"inLanguage\":\"ro-RO\",\"@id\":\"https:\\\/\\\/secure.gravatar.com\\\/avatar\\\/9ce5a9435071fa1037e8468053ead8e513dbbff59009d3069aadb85506d85a27?s=96&d=mm&r=g\",\"url\":\"https:\\\/\\\/secure.gravatar.com\\\/avatar\\\/9ce5a9435071fa1037e8468053ead8e513dbbff59009d3069aadb85506d85a27?s=96&d=mm&r=g\",\"contentUrl\":\"https:\\\/\\\/secure.gravatar.com\\\/avatar\\\/9ce5a9435071fa1037e8468053ead8e513dbbff59009d3069aadb85506d85a27?s=96&d=mm&r=g\",\"caption\":\"Redac\u021bia UrbeaMea\"},\"description\":\"contact@urbeamea.ro\",\"sameAs\":[\"https:\\\/\\\/www.urbeamea.ro\"],\"url\":\"https:\\\/\\\/urbeamea.ro\\\/albaiulia\\\/author\\\/redactia-urbeamea\\\/\"}]}<\/script>\n<!-- \/ Yoast SEO plugin. -->","yoast_head_json":{"title":"S-a \u00eencheiat contractarea proiectelor etapizate la nivelul Regiunii Centru - Revista Urbea Mea - Revista de Alba","description":"P\u00e2n\u0103 la finalul lunii august 2024 au fost semnate toate contractele pentru finan\u021barea proiectelor depuse \u00een cadrul apelului \u201dProiecte etapizate\u201d prin","robots":{"index":"index","follow":"follow","max-snippet":"max-snippet:-1","max-image-preview":"max-image-preview:large","max-video-preview":"max-video-preview:-1"},"canonical":"https:\/\/urbeamea.ro\/albaiulia\/s-a-incheiat-contractarea-proiectelor-etapizate-la-nivelul-regiunii-centru\/","twitter_card":"summary_large_image","twitter_title":"S-a \u00eencheiat contractarea proiectelor etapizate la nivelul Regiunii Centru - Revista Urbea Mea - Revista de Alba","twitter_description":"P\u00e2n\u0103 la finalul lunii august 2024 au fost semnate toate contractele pentru finan\u021barea proiectelor depuse \u00een cadrul apelului \u201dProiecte etapizate\u201d prin","twitter_image":"https:\/\/urbeamea.ro\/albaiulia\/wp-content\/uploads\/2024\/08\/Foto_Educatie-digitala.jpeg","twitter_creator":"@urbeameaweb","twitter_site":"@urbeameaweb","schema":{"@context":"https:\/\/schema.org","@graph":[{"@type":"Article","@id":"https:\/\/urbeamea.ro\/albaiulia\/s-a-incheiat-contractarea-proiectelor-etapizate-la-nivelul-regiunii-centru\/#article","isPartOf":{"@id":"https:\/\/urbeamea.ro\/albaiulia\/s-a-incheiat-contractarea-proiectelor-etapizate-la-nivelul-regiunii-centru\/"},"author":{"name":"Redac\u021bia UrbeaMea","@id":"https:\/\/urbeamea.ro\/albaiulia\/#\/schema\/person\/272ae98052f8ee8980f59848df070247"},"headline":"S-a \u00eencheiat contractarea proiectelor etapizate la nivelul Regiunii Centru","datePublished":"2024-08-28T09:22:43+00:00","dateModified":"2024-08-28T09:22:44+00:00","mainEntityOfPage":{"@id":"https:\/\/urbeamea.ro\/albaiulia\/s-a-incheiat-contractarea-proiectelor-etapizate-la-nivelul-regiunii-centru\/"},"wordCount":883,"commentCount":0,"image":{"@id":"https:\/\/urbeamea.ro\/albaiulia\/s-a-incheiat-contractarea-proiectelor-etapizate-la-nivelul-regiunii-centru\/#primaryimage"},"thumbnailUrl":"https:\/\/urbeamea.ro\/albaiulia\/wp-content\/uploads\/2024\/08\/Foto_Educatie-digitala.jpeg","keywords":["ADR Centru"],"articleSection":["Economic"],"inLanguage":"ro-RO","potentialAction":[{"@type":"CommentAction","name":"Comment","target":["https:\/\/urbeamea.ro\/albaiulia\/s-a-incheiat-contractarea-proiectelor-etapizate-la-nivelul-regiunii-centru\/#respond"]}]},{"@type":"WebPage","@id":"https:\/\/urbeamea.ro\/albaiulia\/s-a-incheiat-contractarea-proiectelor-etapizate-la-nivelul-regiunii-centru\/","url":"https:\/\/urbeamea.ro\/albaiulia\/s-a-incheiat-contractarea-proiectelor-etapizate-la-nivelul-regiunii-centru\/","name":"S-a \u00eencheiat contractarea proiectelor etapizate la nivelul Regiunii Centru - Revista Urbea Mea - Revista de Alba","isPartOf":{"@id":"https:\/\/urbeamea.ro\/albaiulia\/#website"},"primaryImageOfPage":{"@id":"https:\/\/urbeamea.ro\/albaiulia\/s-a-incheiat-contractarea-proiectelor-etapizate-la-nivelul-regiunii-centru\/#primaryimage"},"image":{"@id":"https:\/\/urbeamea.ro\/albaiulia\/s-a-incheiat-contractarea-proiectelor-etapizate-la-nivelul-regiunii-centru\/#primaryimage"},"thumbnailUrl":"https:\/\/urbeamea.ro\/albaiulia\/wp-content\/uploads\/2024\/08\/Foto_Educatie-digitala.jpeg","datePublished":"2024-08-28T09:22:43+00:00","dateModified":"2024-08-28T09:22:44+00:00","author":{"@id":"https:\/\/urbeamea.ro\/albaiulia\/#\/schema\/person\/272ae98052f8ee8980f59848df070247"},"description":"P\u00e2n\u0103 la finalul lunii august 2024 au fost semnate toate contractele pentru finan\u021barea proiectelor depuse \u00een cadrul apelului \u201dProiecte etapizate\u201d prin","breadcrumb":{"@id":"https:\/\/urbeamea.ro\/albaiulia\/s-a-incheiat-contractarea-proiectelor-etapizate-la-nivelul-regiunii-centru\/#breadcrumb"},"inLanguage":"ro-RO","potentialAction":[{"@type":"ReadAction","target":["https:\/\/urbeamea.ro\/albaiulia\/s-a-incheiat-contractarea-proiectelor-etapizate-la-nivelul-regiunii-centru\/"]}]},{"@type":"ImageObject","inLanguage":"ro-RO","@id":"https:\/\/urbeamea.ro\/albaiulia\/s-a-incheiat-contractarea-proiectelor-etapizate-la-nivelul-regiunii-centru\/#primaryimage","url":"https:\/\/urbeamea.ro\/albaiulia\/wp-content\/uploads\/2024\/08\/Foto_Educatie-digitala.jpeg","contentUrl":"https:\/\/urbeamea.ro\/albaiulia\/wp-content\/uploads\/2024\/08\/Foto_Educatie-digitala.jpeg","width":1600,"height":791},{"@type":"BreadcrumbList","@id":"https:\/\/urbeamea.ro\/albaiulia\/s-a-incheiat-contractarea-proiectelor-etapizate-la-nivelul-regiunii-centru\/#breadcrumb","itemListElement":[{"@type":"ListItem","position":1,"name":"Prima pagin\u0103","item":"https:\/\/urbeamea.ro\/albaiulia\/"},{"@type":"ListItem","position":2,"name":"S-a \u00eencheiat contractarea proiectelor etapizate la nivelul Regiunii Centru"}]},{"@type":"WebSite","@id":"https:\/\/urbeamea.ro\/albaiulia\/#website","url":"https:\/\/urbeamea.ro\/albaiulia\/","name":"Revista Urbea Mea, Stiri urbane","description":"Evenimente \u0219i \u0219tiri din Alba Iulia, Sebe\u0219, Aiud, Blaj","potentialAction":[{"@type":"SearchAction","target":{"@type":"EntryPoint","urlTemplate":"https:\/\/urbeamea.ro\/albaiulia\/?s={search_term_string}"},"query-input":{"@type":"PropertyValueSpecification","valueRequired":true,"valueName":"search_term_string"}}],"inLanguage":"ro-RO"},{"@type":"Person","@id":"https:\/\/urbeamea.ro\/albaiulia\/#\/schema\/person\/272ae98052f8ee8980f59848df070247","name":"Redac\u021bia UrbeaMea","image":{"@type":"ImageObject","inLanguage":"ro-RO","@id":"https:\/\/secure.gravatar.com\/avatar\/9ce5a9435071fa1037e8468053ead8e513dbbff59009d3069aadb85506d85a27?s=96&d=mm&r=g","url":"https:\/\/secure.gravatar.com\/avatar\/9ce5a9435071fa1037e8468053ead8e513dbbff59009d3069aadb85506d85a27?s=96&d=mm&r=g","contentUrl":"https:\/\/secure.gravatar.com\/avatar\/9ce5a9435071fa1037e8468053ead8e513dbbff59009d3069aadb85506d85a27?s=96&d=mm&r=g","caption":"Redac\u021bia UrbeaMea"},"description":"contact@urbeamea.ro","sameAs":["https:\/\/www.urbeamea.ro"],"url":"https:\/\/urbeamea.ro\/albaiulia\/author\/redactia-urbeamea\/"}]}},"_links":{"self":[{"href":"https:\/\/urbeamea.ro\/albaiulia\/wp-json\/wp\/v2\/posts\/113597","targetHints":{"allow":["GET"]}}],"collection":[{"href":"https:\/\/urbeamea.ro\/albaiulia\/wp-json\/wp\/v2\/posts"}],"about":[{"href":"https:\/\/urbeamea.ro\/albaiulia\/wp-json\/wp\/v2\/types\/post"}],"author":[{"embeddable":true,"href":"https:\/\/urbeamea.ro\/albaiulia\/wp-json\/wp\/v2\/users\/16"}],"replies":[{"embeddable":true,"href":"https:\/\/urbeamea.ro\/albaiulia\/wp-json\/wp\/v2\/comments?post=113597"}],"version-history":[{"count":1,"href":"https:\/\/urbeamea.ro\/albaiulia\/wp-json\/wp\/v2\/posts\/113597\/revisions"}],"predecessor-version":[{"id":113605,"href":"https:\/\/urbeamea.ro\/albaiulia\/wp-json\/wp\/v2\/posts\/113597\/revisions\/113605"}],"wp:featuredmedia":[{"embeddable":true,"href":"https:\/\/urbeamea.ro\/albaiulia\/wp-json\/wp\/v2\/media\/113604"}],"wp:attachment":[{"href":"https:\/\/urbeamea.ro\/albaiulia\/wp-json\/wp\/v2\/media?parent=113597"}],"wp:term":[{"taxonomy":"category","embeddable":true,"href":"https:\/\/urbeamea.ro\/albaiulia\/wp-json\/wp\/v2\/categories?post=113597"},{"taxonomy":"post_tag","embeddable":true,"href":"https:\/\/urbeamea.ro\/albaiulia\/wp-json\/wp\/v2\/tags?post=113597"}],"curies":[{"name":"wp","href":"https:\/\/api.w.org\/{rel}","templated":true}]}}