{"id":113618,"date":"2024-08-30T10:12:24","date_gmt":"2024-08-30T07:12:24","guid":{"rendered":"https:\/\/urbeamea.ro\/albaiulia\/?p=113618"},"modified":"2024-08-30T10:12:26","modified_gmt":"2024-08-30T07:12:26","slug":"ziua-limbii-romane-sarbatorita-la-sebes","status":"publish","type":"post","link":"https:\/\/urbeamea.ro\/albaiulia\/ziua-limbii-romane-sarbatorita-la-sebes\/","title":{"rendered":"Ziua Limbii Rom\u00e2ne, s\u0103rb\u0103torit\u0103 la Sebe\u0219"},"content":{"rendered":"\n<p>    <strong>31 august 2024, Rom\u00e2nia s\u0103rb\u0103tore\u0219te Ziua Limbii Rom\u00e2ne, zi \u00een care ne oprim s\u0103 reflect\u0103m asupra bog\u0103\u021biei \u0219i evolu\u021biei limbii noastre materne.<\/strong><\/p>\n\n\n\n<p> \u00cen aceast\u0103 zi, ne reamintim de importan\u021ba p\u0103str\u0103rii \u0219i promov\u0103rii limbii rom\u00e2ne, precum \u0219i de drumul pe care l-a parcurs aceasta de-a lungul istoriei, evolu\u00e2nd \u00eentr-un mod at\u00e2t de complex. <\/p>\n\n\n\n<figure class=\"wp-block-image size-large\"><img loading=\"lazy\" decoding=\"async\" width=\"713\" height=\"1280\" src=\"https:\/\/urbeamea.ro\/albaiulia\/wp-content\/uploads\/2024\/08\/1000010088-713x1280.jpg\" alt=\"\" class=\"wp-image-113619\" srcset=\"https:\/\/urbeamea.ro\/albaiulia\/wp-content\/uploads\/2024\/08\/1000010088-713x1280.jpg 713w, https:\/\/urbeamea.ro\/albaiulia\/wp-content\/uploads\/2024\/08\/1000010088-356x640.jpg 356w, https:\/\/urbeamea.ro\/albaiulia\/wp-content\/uploads\/2024\/08\/1000010088-84x150.jpg 84w, https:\/\/urbeamea.ro\/albaiulia\/wp-content\/uploads\/2024\/08\/1000010088-768x1380.jpg 768w, https:\/\/urbeamea.ro\/albaiulia\/wp-content\/uploads\/2024\/08\/1000010088-855x1536.jpg 855w, https:\/\/urbeamea.ro\/albaiulia\/wp-content\/uploads\/2024\/08\/1000010088.jpg 1080w\" sizes=\"auto, (max-width: 713px) 100vw, 713px\" \/><\/figure>\n\n\n\n<p>Expozi\u021bia de carte \u0219i dic\u021bionare organizat\u0103 la Biblioteca Municipal\u0103 \u201eLucian Blaga\u201d Sebe\u0219 include lucr\u0103ri valoroase \u0219i eviden\u021biaz\u0103 importan\u021ba limbii rom\u00e2ne \u00een literatur\u0103 \u0219i educa\u021bie.<\/p>\n\n\n\n<p>Cititorii \u00eent\u00e2mpina\u021bi cu r\u0103va\u0219e tricolore, cu poezii \u0219i citate pline de \u00eensemn\u0103tate, sunt invita\u021bi s\u0103 se bucure de frumuse\u021bea limbii rom\u00e2ne, prin cuvinte care ne unesc \u0219i ne definesc ca popor.<\/p>\n\n\n\n<figure class=\"wp-block-image size-full\"><img loading=\"lazy\" decoding=\"async\" width=\"1080\" height=\"1080\" src=\"https:\/\/urbeamea.ro\/albaiulia\/wp-content\/uploads\/2024\/08\/1000010089.jpg\" alt=\"\" class=\"wp-image-113620\" srcset=\"https:\/\/urbeamea.ro\/albaiulia\/wp-content\/uploads\/2024\/08\/1000010089.jpg 1080w, https:\/\/urbeamea.ro\/albaiulia\/wp-content\/uploads\/2024\/08\/1000010089-640x640.jpg 640w, https:\/\/urbeamea.ro\/albaiulia\/wp-content\/uploads\/2024\/08\/1000010089-150x150.jpg 150w, https:\/\/urbeamea.ro\/albaiulia\/wp-content\/uploads\/2024\/08\/1000010089-768x768.jpg 768w\" sizes=\"auto, (max-width: 1080px) 100vw, 1080px\" \/><\/figure>\n\n\n\n<p>V\u0103 invit\u0103m la bibliotec\u0103 s\u0103 explora\u021bi frumuse\u021bea cuvintelor rom\u00e2ne\u0219ti, s\u0103 reflect\u0103m \u00eempreun\u0103 asupra rolului esen\u021bial pe care limba rom\u00e2n\u0103 \u00eel are \u00een identitatea noastr\u0103 na\u021bional\u0103 \u0219i cultural\u0103, s\u0103 fie momente de recuno\u0219tin\u021b\u0103 fa\u021b\u0103 de cuv\u00e2ntul scris \u0219i rostit.Surs\u0103 foto: colec\u021biile Bibliotecii Municipale \u201eLucian Blaga\u201d Sebe\u0219.<\/p>\n\n\n\n<figure class=\"wp-block-gallery has-nested-images columns-default is-cropped wp-block-gallery-1 is-layout-flex wp-block-gallery-is-layout-flex\">\n<figure class=\"wp-block-image size-large\"><img loading=\"lazy\" decoding=\"async\" width=\"1080\" height=\"525\" data-id=\"113621\" src=\"https:\/\/urbeamea.ro\/albaiulia\/wp-content\/uploads\/2024\/08\/1000010090.jpg\" alt=\"\" class=\"wp-image-113621\" srcset=\"https:\/\/urbeamea.ro\/albaiulia\/wp-content\/uploads\/2024\/08\/1000010090.jpg 1080w, https:\/\/urbeamea.ro\/albaiulia\/wp-content\/uploads\/2024\/08\/1000010090-640x311.jpg 640w, https:\/\/urbeamea.ro\/albaiulia\/wp-content\/uploads\/2024\/08\/1000010090-150x73.jpg 150w, https:\/\/urbeamea.ro\/albaiulia\/wp-content\/uploads\/2024\/08\/1000010090-768x373.jpg 768w\" sizes=\"auto, (max-width: 1080px) 100vw, 1080px\" \/><\/figure>\n\n\n\n<figure class=\"wp-block-image size-large\"><img loading=\"lazy\" decoding=\"async\" width=\"622\" height=\"1280\" data-id=\"113622\" src=\"https:\/\/urbeamea.ro\/albaiulia\/wp-content\/uploads\/2024\/08\/1000010091-622x1280.jpg\" alt=\"\" class=\"wp-image-113622\" srcset=\"https:\/\/urbeamea.ro\/albaiulia\/wp-content\/uploads\/2024\/08\/1000010091-622x1280.jpg 622w, https:\/\/urbeamea.ro\/albaiulia\/wp-content\/uploads\/2024\/08\/1000010091-311x640.jpg 311w, https:\/\/urbeamea.ro\/albaiulia\/wp-content\/uploads\/2024\/08\/1000010091-73x150.jpg 73w, https:\/\/urbeamea.ro\/albaiulia\/wp-content\/uploads\/2024\/08\/1000010091-768x1581.jpg 768w, https:\/\/urbeamea.ro\/albaiulia\/wp-content\/uploads\/2024\/08\/1000010091-746x1536.jpg 746w, https:\/\/urbeamea.ro\/albaiulia\/wp-content\/uploads\/2024\/08\/1000010091.jpg 995w\" sizes=\"auto, (max-width: 622px) 100vw, 622px\" \/><\/figure>\n\n\n\n<figure class=\"wp-block-image size-large\"><img loading=\"lazy\" decoding=\"async\" width=\"622\" height=\"1280\" data-id=\"113623\" src=\"https:\/\/urbeamea.ro\/albaiulia\/wp-content\/uploads\/2024\/08\/1000010092-622x1280.jpg\" alt=\"\" class=\"wp-image-113623\" srcset=\"https:\/\/urbeamea.ro\/albaiulia\/wp-content\/uploads\/2024\/08\/1000010092-622x1280.jpg 622w, https:\/\/urbeamea.ro\/albaiulia\/wp-content\/uploads\/2024\/08\/1000010092-311x640.jpg 311w, https:\/\/urbeamea.ro\/albaiulia\/wp-content\/uploads\/2024\/08\/1000010092-73x150.jpg 73w, https:\/\/urbeamea.ro\/albaiulia\/wp-content\/uploads\/2024\/08\/1000010092-768x1581.jpg 768w, https:\/\/urbeamea.ro\/albaiulia\/wp-content\/uploads\/2024\/08\/1000010092-746x1536.jpg 746w, https:\/\/urbeamea.ro\/albaiulia\/wp-content\/uploads\/2024\/08\/1000010092.jpg 995w\" sizes=\"auto, (max-width: 622px) 100vw, 622px\" \/><\/figure>\n\n\n\n<figure class=\"wp-block-image size-large\"><img loading=\"lazy\" decoding=\"async\" width=\"622\" height=\"1280\" data-id=\"113625\" src=\"https:\/\/urbeamea.ro\/albaiulia\/wp-content\/uploads\/2024\/08\/1000010095-622x1280.jpg\" alt=\"\" class=\"wp-image-113625\" srcset=\"https:\/\/urbeamea.ro\/albaiulia\/wp-content\/uploads\/2024\/08\/1000010095-622x1280.jpg 622w, https:\/\/urbeamea.ro\/albaiulia\/wp-content\/uploads\/2024\/08\/1000010095-311x640.jpg 311w, https:\/\/urbeamea.ro\/albaiulia\/wp-content\/uploads\/2024\/08\/1000010095-73x150.jpg 73w, https:\/\/urbeamea.ro\/albaiulia\/wp-content\/uploads\/2024\/08\/1000010095-768x1581.jpg 768w, https:\/\/urbeamea.ro\/albaiulia\/wp-content\/uploads\/2024\/08\/1000010095-746x1536.jpg 746w, https:\/\/urbeamea.ro\/albaiulia\/wp-content\/uploads\/2024\/08\/1000010095.jpg 995w\" sizes=\"auto, (max-width: 622px) 100vw, 622px\" \/><\/figure>\n\n\n\n<figure class=\"wp-block-image size-large\"><img loading=\"lazy\" decoding=\"async\" width=\"622\" height=\"1280\" data-id=\"113626\" src=\"https:\/\/urbeamea.ro\/albaiulia\/wp-content\/uploads\/2024\/08\/1000010094-622x1280.jpg\" alt=\"\" class=\"wp-image-113626\" srcset=\"https:\/\/urbeamea.ro\/albaiulia\/wp-content\/uploads\/2024\/08\/1000010094-622x1280.jpg 622w, https:\/\/urbeamea.ro\/albaiulia\/wp-content\/uploads\/2024\/08\/1000010094-311x640.jpg 311w, https:\/\/urbeamea.ro\/albaiulia\/wp-content\/uploads\/2024\/08\/1000010094-73x150.jpg 73w, https:\/\/urbeamea.ro\/albaiulia\/wp-content\/uploads\/2024\/08\/1000010094-768x1581.jpg 768w, https:\/\/urbeamea.ro\/albaiulia\/wp-content\/uploads\/2024\/08\/1000010094-746x1536.jpg 746w, https:\/\/urbeamea.ro\/albaiulia\/wp-content\/uploads\/2024\/08\/1000010094.jpg 995w\" sizes=\"auto, (max-width: 622px) 100vw, 622px\" \/><\/figure>\n\n\n\n<figure class=\"wp-block-image size-large\"><img loading=\"lazy\" decoding=\"async\" width=\"1080\" height=\"525\" data-id=\"113624\" src=\"https:\/\/urbeamea.ro\/albaiulia\/wp-content\/uploads\/2024\/08\/1000010093.jpg\" alt=\"\" class=\"wp-image-113624\" srcset=\"https:\/\/urbeamea.ro\/albaiulia\/wp-content\/uploads\/2024\/08\/1000010093.jpg 1080w, https:\/\/urbeamea.ro\/albaiulia\/wp-content\/uploads\/2024\/08\/1000010093-640x311.jpg 640w, https:\/\/urbeamea.ro\/albaiulia\/wp-content\/uploads\/2024\/08\/1000010093-150x73.jpg 150w, https:\/\/urbeamea.ro\/albaiulia\/wp-content\/uploads\/2024\/08\/1000010093-768x373.jpg 768w\" sizes=\"auto, (max-width: 1080px) 100vw, 1080px\" \/><\/figure>\n\n\n\n<figure class=\"wp-block-image size-large\"><img loading=\"lazy\" decoding=\"async\" width=\"622\" height=\"1280\" data-id=\"113627\" src=\"https:\/\/urbeamea.ro\/albaiulia\/wp-content\/uploads\/2024\/08\/1000010096-622x1280.jpg\" alt=\"\" class=\"wp-image-113627\" srcset=\"https:\/\/urbeamea.ro\/albaiulia\/wp-content\/uploads\/2024\/08\/1000010096-622x1280.jpg 622w, https:\/\/urbeamea.ro\/albaiulia\/wp-content\/uploads\/2024\/08\/1000010096-311x640.jpg 311w, https:\/\/urbeamea.ro\/albaiulia\/wp-content\/uploads\/2024\/08\/1000010096-73x150.jpg 73w, https:\/\/urbeamea.ro\/albaiulia\/wp-content\/uploads\/2024\/08\/1000010096-768x1581.jpg 768w, https:\/\/urbeamea.ro\/albaiulia\/wp-content\/uploads\/2024\/08\/1000010096-746x1536.jpg 746w, https:\/\/urbeamea.ro\/albaiulia\/wp-content\/uploads\/2024\/08\/1000010096.jpg 995w\" sizes=\"auto, (max-width: 622px) 100vw, 622px\" \/><\/figure>\n\n\n\n<figure class=\"wp-block-image size-large\"><img loading=\"lazy\" decoding=\"async\" width=\"622\" height=\"1280\" data-id=\"113628\" src=\"https:\/\/urbeamea.ro\/albaiulia\/wp-content\/uploads\/2024\/08\/1000010097-622x1280.jpg\" alt=\"\" class=\"wp-image-113628\" srcset=\"https:\/\/urbeamea.ro\/albaiulia\/wp-content\/uploads\/2024\/08\/1000010097-622x1280.jpg 622w, https:\/\/urbeamea.ro\/albaiulia\/wp-content\/uploads\/2024\/08\/1000010097-311x640.jpg 311w, https:\/\/urbeamea.ro\/albaiulia\/wp-content\/uploads\/2024\/08\/1000010097-73x150.jpg 73w, https:\/\/urbeamea.ro\/albaiulia\/wp-content\/uploads\/2024\/08\/1000010097-768x1581.jpg 768w, https:\/\/urbeamea.ro\/albaiulia\/wp-content\/uploads\/2024\/08\/1000010097-746x1536.jpg 746w, https:\/\/urbeamea.ro\/albaiulia\/wp-content\/uploads\/2024\/08\/1000010097.jpg 995w\" sizes=\"auto, (max-width: 622px) 100vw, 622px\" \/><\/figure>\n\n\n\n<figure class=\"wp-block-image size-large\"><img loading=\"lazy\" decoding=\"async\" width=\"622\" height=\"1280\" data-id=\"113629\" src=\"https:\/\/urbeamea.ro\/albaiulia\/wp-content\/uploads\/2024\/08\/1000010098-622x1280.jpg\" alt=\"\" class=\"wp-image-113629\" srcset=\"https:\/\/urbeamea.ro\/albaiulia\/wp-content\/uploads\/2024\/08\/1000010098-622x1280.jpg 622w, https:\/\/urbeamea.ro\/albaiulia\/wp-content\/uploads\/2024\/08\/1000010098-311x640.jpg 311w, https:\/\/urbeamea.ro\/albaiulia\/wp-content\/uploads\/2024\/08\/1000010098-73x150.jpg 73w, https:\/\/urbeamea.ro\/albaiulia\/wp-content\/uploads\/2024\/08\/1000010098-768x1581.jpg 768w, https:\/\/urbeamea.ro\/albaiulia\/wp-content\/uploads\/2024\/08\/1000010098-746x1536.jpg 746w, https:\/\/urbeamea.ro\/albaiulia\/wp-content\/uploads\/2024\/08\/1000010098.jpg 995w\" sizes=\"auto, (max-width: 622px) 100vw, 622px\" \/><\/figure>\n<\/figure>\n","protected":false},"excerpt":{"rendered":"<p>31 august 2024, Rom\u00e2nia s\u0103rb\u0103tore\u0219te Ziua Limbii Rom\u00e2ne, zi \u00een care ne oprim s\u0103 reflect\u0103m asupra bog\u0103\u021biei \u0219i evolu\u021biei limbii noastre materne. \u00cen aceast\u0103 zi, ne reamintim de importan\u021ba p\u0103str\u0103rii \u0219i promov\u0103rii limbii rom\u00e2ne, precum \u0219i de drumul pe care l-a parcurs aceasta de-a lungul istoriei, evolu\u00e2nd \u00eentr-un mod at\u00e2t de complex. Expozi\u021bia de carte &hellip;<\/p>\n","protected":false},"author":28,"featured_media":113620,"comment_status":"open","ping_status":"open","sticky":false,"template":"","format":"standard","meta":{"inline_featured_image":false,"footnotes":""},"categories":[2038,4],"tags":[1223,7205],"class_list":["post-113618","post","type-post","status-publish","format-standard","has-post-thumbnail","hentry","category-cultura","category-eveniment","tag-sebes","tag-ziua-limbii-romane"],"yoast_head":"<!-- This site is optimized with the Yoast SEO plugin v27.4 - https:\/\/yoast.com\/product\/yoast-seo-wordpress\/ -->\n<title>Ziua Limbii Rom\u00e2ne, s\u0103rb\u0103torit\u0103 la Sebe\u0219 - Revista Urbea Mea - Revista de Alba<\/title>\n<meta name=\"description\" content=\"31 august 2024, Rom\u00e2nia s\u0103rb\u0103tore\u0219te Ziua Limbii Rom\u00e2ne, zi \u00een care ne oprim s\u0103 reflect\u0103m asupra bog\u0103\u021biei \u0219i evolu\u021biei limbii noastre materne. \u00cen aceast\u0103\" \/>\n<meta name=\"robots\" content=\"index, follow, max-snippet:-1, max-image-preview:large, max-video-preview:-1\" \/>\n<link rel=\"canonical\" href=\"https:\/\/urbeamea.ro\/albaiulia\/ziua-limbii-romane-sarbatorita-la-sebes\/\" \/>\n<meta name=\"twitter:card\" content=\"summary_large_image\" \/>\n<meta name=\"twitter:title\" content=\"Ziua Limbii Rom\u00e2ne, s\u0103rb\u0103torit\u0103 la Sebe\u0219 - Revista Urbea Mea - Revista de Alba\" \/>\n<meta name=\"twitter:description\" content=\"31 august 2024, Rom\u00e2nia s\u0103rb\u0103tore\u0219te Ziua Limbii Rom\u00e2ne, zi \u00een care ne oprim s\u0103 reflect\u0103m asupra bog\u0103\u021biei \u0219i evolu\u021biei limbii noastre materne. \u00cen aceast\u0103\" \/>\n<meta name=\"twitter:image\" content=\"https:\/\/urbeamea.ro\/albaiulia\/wp-content\/uploads\/2024\/08\/1000010089.jpg\" \/>\n<meta name=\"twitter:creator\" content=\"@urbeameaweb\" \/>\n<meta name=\"twitter:site\" content=\"@urbeameaweb\" \/>\n<script type=\"application\/ld+json\" class=\"yoast-schema-graph\">{\"@context\":\"https:\\\/\\\/schema.org\",\"@graph\":[{\"@type\":\"Article\",\"@id\":\"https:\\\/\\\/urbeamea.ro\\\/albaiulia\\\/ziua-limbii-romane-sarbatorita-la-sebes\\\/#article\",\"isPartOf\":{\"@id\":\"https:\\\/\\\/urbeamea.ro\\\/albaiulia\\\/ziua-limbii-romane-sarbatorita-la-sebes\\\/\"},\"author\":{\"name\":\"Giurca Sorin\",\"@id\":\"https:\\\/\\\/urbeamea.ro\\\/albaiulia\\\/#\\\/schema\\\/person\\\/5db3854ac38c1cc9f0ab4092d6a20f02\"},\"headline\":\"Ziua Limbii Rom\u00e2ne, s\u0103rb\u0103torit\u0103 la Sebe\u0219\",\"datePublished\":\"2024-08-30T07:12:24+00:00\",\"dateModified\":\"2024-08-30T07:12:26+00:00\",\"mainEntityOfPage\":{\"@id\":\"https:\\\/\\\/urbeamea.ro\\\/albaiulia\\\/ziua-limbii-romane-sarbatorita-la-sebes\\\/\"},\"wordCount\":202,\"commentCount\":0,\"image\":{\"@id\":\"https:\\\/\\\/urbeamea.ro\\\/albaiulia\\\/ziua-limbii-romane-sarbatorita-la-sebes\\\/#primaryimage\"},\"thumbnailUrl\":\"https:\\\/\\\/urbeamea.ro\\\/albaiulia\\\/wp-content\\\/uploads\\\/2024\\\/08\\\/1000010089.jpg\",\"keywords\":[\"sebes\",\"ziua limbii romane\"],\"articleSection\":[\"Cultur\u0103\",\"Evenimente\"],\"inLanguage\":\"ro-RO\",\"potentialAction\":[{\"@type\":\"CommentAction\",\"name\":\"Comment\",\"target\":[\"https:\\\/\\\/urbeamea.ro\\\/albaiulia\\\/ziua-limbii-romane-sarbatorita-la-sebes\\\/#respond\"]}]},{\"@type\":\"WebPage\",\"@id\":\"https:\\\/\\\/urbeamea.ro\\\/albaiulia\\\/ziua-limbii-romane-sarbatorita-la-sebes\\\/\",\"url\":\"https:\\\/\\\/urbeamea.ro\\\/albaiulia\\\/ziua-limbii-romane-sarbatorita-la-sebes\\\/\",\"name\":\"Ziua Limbii Rom\u00e2ne, s\u0103rb\u0103torit\u0103 la Sebe\u0219 - Revista Urbea Mea - Revista de Alba\",\"isPartOf\":{\"@id\":\"https:\\\/\\\/urbeamea.ro\\\/albaiulia\\\/#website\"},\"primaryImageOfPage\":{\"@id\":\"https:\\\/\\\/urbeamea.ro\\\/albaiulia\\\/ziua-limbii-romane-sarbatorita-la-sebes\\\/#primaryimage\"},\"image\":{\"@id\":\"https:\\\/\\\/urbeamea.ro\\\/albaiulia\\\/ziua-limbii-romane-sarbatorita-la-sebes\\\/#primaryimage\"},\"thumbnailUrl\":\"https:\\\/\\\/urbeamea.ro\\\/albaiulia\\\/wp-content\\\/uploads\\\/2024\\\/08\\\/1000010089.jpg\",\"datePublished\":\"2024-08-30T07:12:24+00:00\",\"dateModified\":\"2024-08-30T07:12:26+00:00\",\"author\":{\"@id\":\"https:\\\/\\\/urbeamea.ro\\\/albaiulia\\\/#\\\/schema\\\/person\\\/5db3854ac38c1cc9f0ab4092d6a20f02\"},\"description\":\"31 august 2024, Rom\u00e2nia s\u0103rb\u0103tore\u0219te Ziua Limbii Rom\u00e2ne, zi \u00een care ne oprim s\u0103 reflect\u0103m asupra bog\u0103\u021biei \u0219i evolu\u021biei limbii noastre materne. \u00cen aceast\u0103\",\"breadcrumb\":{\"@id\":\"https:\\\/\\\/urbeamea.ro\\\/albaiulia\\\/ziua-limbii-romane-sarbatorita-la-sebes\\\/#breadcrumb\"},\"inLanguage\":\"ro-RO\",\"potentialAction\":[{\"@type\":\"ReadAction\",\"target\":[\"https:\\\/\\\/urbeamea.ro\\\/albaiulia\\\/ziua-limbii-romane-sarbatorita-la-sebes\\\/\"]}]},{\"@type\":\"ImageObject\",\"inLanguage\":\"ro-RO\",\"@id\":\"https:\\\/\\\/urbeamea.ro\\\/albaiulia\\\/ziua-limbii-romane-sarbatorita-la-sebes\\\/#primaryimage\",\"url\":\"https:\\\/\\\/urbeamea.ro\\\/albaiulia\\\/wp-content\\\/uploads\\\/2024\\\/08\\\/1000010089.jpg\",\"contentUrl\":\"https:\\\/\\\/urbeamea.ro\\\/albaiulia\\\/wp-content\\\/uploads\\\/2024\\\/08\\\/1000010089.jpg\",\"width\":1080,\"height\":1080},{\"@type\":\"BreadcrumbList\",\"@id\":\"https:\\\/\\\/urbeamea.ro\\\/albaiulia\\\/ziua-limbii-romane-sarbatorita-la-sebes\\\/#breadcrumb\",\"itemListElement\":[{\"@type\":\"ListItem\",\"position\":1,\"name\":\"Prima pagin\u0103\",\"item\":\"https:\\\/\\\/urbeamea.ro\\\/albaiulia\\\/\"},{\"@type\":\"ListItem\",\"position\":2,\"name\":\"Ziua Limbii Rom\u00e2ne, s\u0103rb\u0103torit\u0103 la Sebe\u0219\"}]},{\"@type\":\"WebSite\",\"@id\":\"https:\\\/\\\/urbeamea.ro\\\/albaiulia\\\/#website\",\"url\":\"https:\\\/\\\/urbeamea.ro\\\/albaiulia\\\/\",\"name\":\"Revista Urbea Mea, Stiri urbane\",\"description\":\"Evenimente \u0219i \u0219tiri din Alba Iulia, Sebe\u0219, Aiud, Blaj\",\"potentialAction\":[{\"@type\":\"SearchAction\",\"target\":{\"@type\":\"EntryPoint\",\"urlTemplate\":\"https:\\\/\\\/urbeamea.ro\\\/albaiulia\\\/?s={search_term_string}\"},\"query-input\":{\"@type\":\"PropertyValueSpecification\",\"valueRequired\":true,\"valueName\":\"search_term_string\"}}],\"inLanguage\":\"ro-RO\"},{\"@type\":\"Person\",\"@id\":\"https:\\\/\\\/urbeamea.ro\\\/albaiulia\\\/#\\\/schema\\\/person\\\/5db3854ac38c1cc9f0ab4092d6a20f02\",\"name\":\"Giurca Sorin\",\"image\":{\"@type\":\"ImageObject\",\"inLanguage\":\"ro-RO\",\"@id\":\"https:\\\/\\\/secure.gravatar.com\\\/avatar\\\/120f6fcae7b3b47a7730cb9943f612f4909f68ac5284b5f40ac1c4615fd70576?s=96&d=mm&r=g\",\"url\":\"https:\\\/\\\/secure.gravatar.com\\\/avatar\\\/120f6fcae7b3b47a7730cb9943f612f4909f68ac5284b5f40ac1c4615fd70576?s=96&d=mm&r=g\",\"contentUrl\":\"https:\\\/\\\/secure.gravatar.com\\\/avatar\\\/120f6fcae7b3b47a7730cb9943f612f4909f68ac5284b5f40ac1c4615fd70576?s=96&d=mm&r=g\",\"caption\":\"Giurca Sorin\"},\"url\":\"https:\\\/\\\/urbeamea.ro\\\/albaiulia\\\/author\\\/sorin\\\/\"}]}<\/script>\n<!-- \/ Yoast SEO plugin. -->","yoast_head_json":{"title":"Ziua Limbii Rom\u00e2ne, s\u0103rb\u0103torit\u0103 la Sebe\u0219 - Revista Urbea Mea - Revista de Alba","description":"31 august 2024, Rom\u00e2nia s\u0103rb\u0103tore\u0219te Ziua Limbii Rom\u00e2ne, zi \u00een care ne oprim s\u0103 reflect\u0103m asupra bog\u0103\u021biei \u0219i evolu\u021biei limbii noastre materne. \u00cen aceast\u0103","robots":{"index":"index","follow":"follow","max-snippet":"max-snippet:-1","max-image-preview":"max-image-preview:large","max-video-preview":"max-video-preview:-1"},"canonical":"https:\/\/urbeamea.ro\/albaiulia\/ziua-limbii-romane-sarbatorita-la-sebes\/","twitter_card":"summary_large_image","twitter_title":"Ziua Limbii Rom\u00e2ne, s\u0103rb\u0103torit\u0103 la Sebe\u0219 - Revista Urbea Mea - Revista de Alba","twitter_description":"31 august 2024, Rom\u00e2nia s\u0103rb\u0103tore\u0219te Ziua Limbii Rom\u00e2ne, zi \u00een care ne oprim s\u0103 reflect\u0103m asupra bog\u0103\u021biei \u0219i evolu\u021biei limbii noastre materne. \u00cen aceast\u0103","twitter_image":"https:\/\/urbeamea.ro\/albaiulia\/wp-content\/uploads\/2024\/08\/1000010089.jpg","twitter_creator":"@urbeameaweb","twitter_site":"@urbeameaweb","schema":{"@context":"https:\/\/schema.org","@graph":[{"@type":"Article","@id":"https:\/\/urbeamea.ro\/albaiulia\/ziua-limbii-romane-sarbatorita-la-sebes\/#article","isPartOf":{"@id":"https:\/\/urbeamea.ro\/albaiulia\/ziua-limbii-romane-sarbatorita-la-sebes\/"},"author":{"name":"Giurca Sorin","@id":"https:\/\/urbeamea.ro\/albaiulia\/#\/schema\/person\/5db3854ac38c1cc9f0ab4092d6a20f02"},"headline":"Ziua Limbii Rom\u00e2ne, s\u0103rb\u0103torit\u0103 la Sebe\u0219","datePublished":"2024-08-30T07:12:24+00:00","dateModified":"2024-08-30T07:12:26+00:00","mainEntityOfPage":{"@id":"https:\/\/urbeamea.ro\/albaiulia\/ziua-limbii-romane-sarbatorita-la-sebes\/"},"wordCount":202,"commentCount":0,"image":{"@id":"https:\/\/urbeamea.ro\/albaiulia\/ziua-limbii-romane-sarbatorita-la-sebes\/#primaryimage"},"thumbnailUrl":"https:\/\/urbeamea.ro\/albaiulia\/wp-content\/uploads\/2024\/08\/1000010089.jpg","keywords":["sebes","ziua limbii romane"],"articleSection":["Cultur\u0103","Evenimente"],"inLanguage":"ro-RO","potentialAction":[{"@type":"CommentAction","name":"Comment","target":["https:\/\/urbeamea.ro\/albaiulia\/ziua-limbii-romane-sarbatorita-la-sebes\/#respond"]}]},{"@type":"WebPage","@id":"https:\/\/urbeamea.ro\/albaiulia\/ziua-limbii-romane-sarbatorita-la-sebes\/","url":"https:\/\/urbeamea.ro\/albaiulia\/ziua-limbii-romane-sarbatorita-la-sebes\/","name":"Ziua Limbii Rom\u00e2ne, s\u0103rb\u0103torit\u0103 la Sebe\u0219 - Revista Urbea Mea - Revista de Alba","isPartOf":{"@id":"https:\/\/urbeamea.ro\/albaiulia\/#website"},"primaryImageOfPage":{"@id":"https:\/\/urbeamea.ro\/albaiulia\/ziua-limbii-romane-sarbatorita-la-sebes\/#primaryimage"},"image":{"@id":"https:\/\/urbeamea.ro\/albaiulia\/ziua-limbii-romane-sarbatorita-la-sebes\/#primaryimage"},"thumbnailUrl":"https:\/\/urbeamea.ro\/albaiulia\/wp-content\/uploads\/2024\/08\/1000010089.jpg","datePublished":"2024-08-30T07:12:24+00:00","dateModified":"2024-08-30T07:12:26+00:00","author":{"@id":"https:\/\/urbeamea.ro\/albaiulia\/#\/schema\/person\/5db3854ac38c1cc9f0ab4092d6a20f02"},"description":"31 august 2024, Rom\u00e2nia s\u0103rb\u0103tore\u0219te Ziua Limbii Rom\u00e2ne, zi \u00een care ne oprim s\u0103 reflect\u0103m asupra bog\u0103\u021biei \u0219i evolu\u021biei limbii noastre materne. \u00cen aceast\u0103","breadcrumb":{"@id":"https:\/\/urbeamea.ro\/albaiulia\/ziua-limbii-romane-sarbatorita-la-sebes\/#breadcrumb"},"inLanguage":"ro-RO","potentialAction":[{"@type":"ReadAction","target":["https:\/\/urbeamea.ro\/albaiulia\/ziua-limbii-romane-sarbatorita-la-sebes\/"]}]},{"@type":"ImageObject","inLanguage":"ro-RO","@id":"https:\/\/urbeamea.ro\/albaiulia\/ziua-limbii-romane-sarbatorita-la-sebes\/#primaryimage","url":"https:\/\/urbeamea.ro\/albaiulia\/wp-content\/uploads\/2024\/08\/1000010089.jpg","contentUrl":"https:\/\/urbeamea.ro\/albaiulia\/wp-content\/uploads\/2024\/08\/1000010089.jpg","width":1080,"height":1080},{"@type":"BreadcrumbList","@id":"https:\/\/urbeamea.ro\/albaiulia\/ziua-limbii-romane-sarbatorita-la-sebes\/#breadcrumb","itemListElement":[{"@type":"ListItem","position":1,"name":"Prima pagin\u0103","item":"https:\/\/urbeamea.ro\/albaiulia\/"},{"@type":"ListItem","position":2,"name":"Ziua Limbii Rom\u00e2ne, s\u0103rb\u0103torit\u0103 la Sebe\u0219"}]},{"@type":"WebSite","@id":"https:\/\/urbeamea.ro\/albaiulia\/#website","url":"https:\/\/urbeamea.ro\/albaiulia\/","name":"Revista Urbea Mea, Stiri urbane","description":"Evenimente \u0219i \u0219tiri din Alba Iulia, Sebe\u0219, Aiud, Blaj","potentialAction":[{"@type":"SearchAction","target":{"@type":"EntryPoint","urlTemplate":"https:\/\/urbeamea.ro\/albaiulia\/?s={search_term_string}"},"query-input":{"@type":"PropertyValueSpecification","valueRequired":true,"valueName":"search_term_string"}}],"inLanguage":"ro-RO"},{"@type":"Person","@id":"https:\/\/urbeamea.ro\/albaiulia\/#\/schema\/person\/5db3854ac38c1cc9f0ab4092d6a20f02","name":"Giurca Sorin","image":{"@type":"ImageObject","inLanguage":"ro-RO","@id":"https:\/\/secure.gravatar.com\/avatar\/120f6fcae7b3b47a7730cb9943f612f4909f68ac5284b5f40ac1c4615fd70576?s=96&d=mm&r=g","url":"https:\/\/secure.gravatar.com\/avatar\/120f6fcae7b3b47a7730cb9943f612f4909f68ac5284b5f40ac1c4615fd70576?s=96&d=mm&r=g","contentUrl":"https:\/\/secure.gravatar.com\/avatar\/120f6fcae7b3b47a7730cb9943f612f4909f68ac5284b5f40ac1c4615fd70576?s=96&d=mm&r=g","caption":"Giurca Sorin"},"url":"https:\/\/urbeamea.ro\/albaiulia\/author\/sorin\/"}]}},"_links":{"self":[{"href":"https:\/\/urbeamea.ro\/albaiulia\/wp-json\/wp\/v2\/posts\/113618","targetHints":{"allow":["GET"]}}],"collection":[{"href":"https:\/\/urbeamea.ro\/albaiulia\/wp-json\/wp\/v2\/posts"}],"about":[{"href":"https:\/\/urbeamea.ro\/albaiulia\/wp-json\/wp\/v2\/types\/post"}],"author":[{"embeddable":true,"href":"https:\/\/urbeamea.ro\/albaiulia\/wp-json\/wp\/v2\/users\/28"}],"replies":[{"embeddable":true,"href":"https:\/\/urbeamea.ro\/albaiulia\/wp-json\/wp\/v2\/comments?post=113618"}],"version-history":[{"count":1,"href":"https:\/\/urbeamea.ro\/albaiulia\/wp-json\/wp\/v2\/posts\/113618\/revisions"}],"predecessor-version":[{"id":113630,"href":"https:\/\/urbeamea.ro\/albaiulia\/wp-json\/wp\/v2\/posts\/113618\/revisions\/113630"}],"wp:featuredmedia":[{"embeddable":true,"href":"https:\/\/urbeamea.ro\/albaiulia\/wp-json\/wp\/v2\/media\/113620"}],"wp:attachment":[{"href":"https:\/\/urbeamea.ro\/albaiulia\/wp-json\/wp\/v2\/media?parent=113618"}],"wp:term":[{"taxonomy":"category","embeddable":true,"href":"https:\/\/urbeamea.ro\/albaiulia\/wp-json\/wp\/v2\/categories?post=113618"},{"taxonomy":"post_tag","embeddable":true,"href":"https:\/\/urbeamea.ro\/albaiulia\/wp-json\/wp\/v2\/tags?post=113618"}],"curies":[{"name":"wp","href":"https:\/\/api.w.org\/{rel}","templated":true}]}}