{"id":113631,"date":"2024-08-30T10:30:02","date_gmt":"2024-08-30T07:30:02","guid":{"rendered":"https:\/\/urbeamea.ro\/albaiulia\/?p=113631"},"modified":"2024-08-30T10:30:04","modified_gmt":"2024-08-30T07:30:04","slug":"vineri-ora-1700-ziua-limbii-romane-sarbatorita-la-biblioteca-judeteana-lucian-blaga-din-alba-iulia","status":"publish","type":"post","link":"https:\/\/urbeamea.ro\/albaiulia\/vineri-ora-1700-ziua-limbii-romane-sarbatorita-la-biblioteca-judeteana-lucian-blaga-din-alba-iulia\/","title":{"rendered":"Vineri, ora 17:00 Ziua Limbii Rom\u00e2ne, s\u0103rb\u0103torit\u0103 la Biblioteca Jude\u021bean\u0103 &#8222;Lucian Blaga&#8221; din Alba Iulia"},"content":{"rendered":"\n<p><strong>Vineri, 30 august 2024, \u00eencep\u00e2nd cu ora 17:00, sala de lectur\u0103 a Bibliotecii Jude\u021bene \u201eLucian Blaga\u201d Alba va g\u0103zdui conferin\u021ba cu tema \u201eA vorbi, a scrie \u0219i a preda limba rom\u00e2n\u0103 \u00abca un fagure de miere\u00bb: reflec\u021bii didactice, poetice \u0219i critice\u201d.<\/strong><\/p>\n\n\n\n<p>Conferin\u021ba este sus\u021binut\u0103 de conferen\u021biar universitar doctor Silviu Mih\u0103il\u0103, cadru didactic universitar la Academia de Studii Economice din Bucure\u0219ti, Facultatea de Rela\u021bii Economice Interna\u021bionale, Departamentul de Limbi Moderne \u0219i Comunicare \u00een Afaceri.<\/p>\n\n\n\n<p>Conferin\u021ba are loc \u00een cadrul manifest\u0103rilor culturale ocazionate de s\u0103rb\u0103torirea la Alba Iulia a Zilei Limbii Rom\u00e2ne \u0219i este organizat\u0103 de Consiliul Jude\u021bean Alba \u0219i Biblioteca Jude\u021bean\u0103 \u201eLucian Blaga\u201d Alba. <\/p>\n\n\n\n<p>Evenimentul este coordonat de bibliotecarele Daniela Floroian \u0219i Monica Avram iar intrarea este liber\u0103.<\/p>\n\n\n\n<p>\u00centregul program preg\u0103tit de organizatori pentru Ziua Limbii Rom\u00e2ne, s\u0103rb\u0103torit\u0103 anual la 31 august, cuprinde:<\/p>\n\n\n\n<p>09:00 Ziua limbii rom\u00e2ne: semnifica\u021bie (online)<\/p>\n\n\n\n<p>09:00-17:00 Expozi\u021bie de dic\u021bionare \u00een limba rom\u00e2n\u0103 (spa\u021biul expozi\u021bional al bibliotecii)<\/p>\n\n\n\n<p>10:00-11:00 Din comorile limbii noastre: lecturi interactive pentru copii (bibliotec\u0103)<\/p>\n\n\n\n<p>12:00 \u201eDic\u021bionarul explicativ al limbii rom\u00e2ne\u201d: scurt istoric (online)<\/p>\n\n\n\n<p>13:00 Recomandare carte pentru copii (online)<\/p>\n\n\n\n<p>14:00 Recomandare carte pentru adul\u021bi (online)<\/p>\n\n\n\n<p>15:00 Cele mai frumoase citate despre limba rom\u00e2n\u0103 (online)<\/p>\n\n\n\n<p>16:00 \u201eLimba noastr\u0103\u201d \u00een interpretarea lui Tudor Gheorghe, pe versuri de Alexei Mateevici (online)<\/p>\n\n\n\n<p>17:00 \u201eA vorbi, a scrie \u0219i a preda limba rom\u00e2n\u0103 \u201eca un fagure de miere\u201d: reflec\u021bii didactice, poetice \u0219i critice\u201d, conferin\u021b\u0103 sus\u021binut\u0103 de conferen\u021biar univ. dr. Silviu Mih\u0103il\u0103 (sala de lectur\u0103 a bibliotecii)<\/p>\n\n\n\n<figure class=\"wp-block-image size-large\"><img loading=\"lazy\" decoding=\"async\" width=\"905\" height=\"1280\" src=\"https:\/\/urbeamea.ro\/albaiulia\/wp-content\/uploads\/2024\/08\/1000010103-905x1280.jpg\" alt=\"\" class=\"wp-image-113632\" srcset=\"https:\/\/urbeamea.ro\/albaiulia\/wp-content\/uploads\/2024\/08\/1000010103-905x1280.jpg 905w, https:\/\/urbeamea.ro\/albaiulia\/wp-content\/uploads\/2024\/08\/1000010103-452x640.jpg 452w, https:\/\/urbeamea.ro\/albaiulia\/wp-content\/uploads\/2024\/08\/1000010103-106x150.jpg 106w, https:\/\/urbeamea.ro\/albaiulia\/wp-content\/uploads\/2024\/08\/1000010103-768x1087.jpg 768w, https:\/\/urbeamea.ro\/albaiulia\/wp-content\/uploads\/2024\/08\/1000010103.jpg 1080w\" sizes=\"auto, (max-width: 905px) 100vw, 905px\" \/><\/figure>\n","protected":false},"excerpt":{"rendered":"<p>Vineri, 30 august 2024, \u00eencep\u00e2nd cu ora 17:00, sala de lectur\u0103 a Bibliotecii Jude\u021bene \u201eLucian Blaga\u201d Alba va g\u0103zdui conferin\u021ba cu tema \u201eA vorbi, a scrie \u0219i a preda limba rom\u00e2n\u0103 \u00abca un fagure de miere\u00bb: reflec\u021bii didactice, poetice \u0219i critice\u201d. Conferin\u021ba este sus\u021binut\u0103 de conferen\u021biar universitar doctor Silviu Mih\u0103il\u0103, cadru didactic universitar la Academia &hellip;<\/p>\n","protected":false},"author":28,"featured_media":113632,"comment_status":"open","ping_status":"open","sticky":false,"template":"","format":"standard","meta":{"inline_featured_image":false,"footnotes":""},"categories":[2038,4,2034,16344],"tags":[2113,7205],"class_list":["post-113631","post","type-post","status-publish","format-standard","has-post-thumbnail","hentry","category-cultura","category-eveniment","category-social","category-urbea-mea","tag-biblioteca-judeteana-lucian-blaga-alba","tag-ziua-limbii-romane"],"yoast_head":"<!-- This site is optimized with the Yoast SEO plugin v27.4 - https:\/\/yoast.com\/product\/yoast-seo-wordpress\/ -->\n<title>Vineri, ora 17:00 Ziua Limbii Rom\u00e2ne, s\u0103rb\u0103torit\u0103 la Biblioteca Jude\u021bean\u0103 &quot;Lucian Blaga&quot; din Alba Iulia - Revista Urbea Mea - Revista de Alba<\/title>\n<meta name=\"description\" content=\"Vineri, 30 august 2024, \u00eencep\u00e2nd cu ora 17:00, sala de lectur\u0103 a Bibliotecii Jude\u021bene \u201eLucian Blaga\u201d Alba va g\u0103zdui conferin\u021ba cu tema \u201eA vorbi, a scrie\" \/>\n<meta name=\"robots\" content=\"index, follow, max-snippet:-1, max-image-preview:large, max-video-preview:-1\" \/>\n<link rel=\"canonical\" href=\"https:\/\/urbeamea.ro\/albaiulia\/vineri-ora-1700-ziua-limbii-romane-sarbatorita-la-biblioteca-judeteana-lucian-blaga-din-alba-iulia\/\" \/>\n<meta name=\"twitter:card\" content=\"summary_large_image\" \/>\n<meta name=\"twitter:title\" content=\"Vineri, ora 17:00 Ziua Limbii Rom\u00e2ne, s\u0103rb\u0103torit\u0103 la Biblioteca Jude\u021bean\u0103 &quot;Lucian Blaga&quot; din Alba Iulia - Revista Urbea Mea - Revista de Alba\" \/>\n<meta name=\"twitter:description\" content=\"Vineri, 30 august 2024, \u00eencep\u00e2nd cu ora 17:00, sala de lectur\u0103 a Bibliotecii Jude\u021bene \u201eLucian Blaga\u201d Alba va g\u0103zdui conferin\u021ba cu tema \u201eA vorbi, a scrie\" \/>\n<meta name=\"twitter:image\" content=\"https:\/\/urbeamea.ro\/albaiulia\/wp-content\/uploads\/2024\/08\/1000010103.jpg\" \/>\n<meta name=\"twitter:creator\" content=\"@urbeameaweb\" \/>\n<meta name=\"twitter:site\" content=\"@urbeameaweb\" \/>\n<script type=\"application\/ld+json\" class=\"yoast-schema-graph\">{\"@context\":\"https:\\\/\\\/schema.org\",\"@graph\":[{\"@type\":\"Article\",\"@id\":\"https:\\\/\\\/urbeamea.ro\\\/albaiulia\\\/vineri-ora-1700-ziua-limbii-romane-sarbatorita-la-biblioteca-judeteana-lucian-blaga-din-alba-iulia\\\/#article\",\"isPartOf\":{\"@id\":\"https:\\\/\\\/urbeamea.ro\\\/albaiulia\\\/vineri-ora-1700-ziua-limbii-romane-sarbatorita-la-biblioteca-judeteana-lucian-blaga-din-alba-iulia\\\/\"},\"author\":{\"name\":\"Giurca Sorin\",\"@id\":\"https:\\\/\\\/urbeamea.ro\\\/albaiulia\\\/#\\\/schema\\\/person\\\/5db3854ac38c1cc9f0ab4092d6a20f02\"},\"headline\":\"Vineri, ora 17:00 Ziua Limbii Rom\u00e2ne, s\u0103rb\u0103torit\u0103 la Biblioteca Jude\u021bean\u0103 &#8222;Lucian Blaga&#8221; din Alba Iulia\",\"datePublished\":\"2024-08-30T07:30:02+00:00\",\"dateModified\":\"2024-08-30T07:30:04+00:00\",\"mainEntityOfPage\":{\"@id\":\"https:\\\/\\\/urbeamea.ro\\\/albaiulia\\\/vineri-ora-1700-ziua-limbii-romane-sarbatorita-la-biblioteca-judeteana-lucian-blaga-din-alba-iulia\\\/\"},\"wordCount\":283,\"commentCount\":0,\"image\":{\"@id\":\"https:\\\/\\\/urbeamea.ro\\\/albaiulia\\\/vineri-ora-1700-ziua-limbii-romane-sarbatorita-la-biblioteca-judeteana-lucian-blaga-din-alba-iulia\\\/#primaryimage\"},\"thumbnailUrl\":\"https:\\\/\\\/urbeamea.ro\\\/albaiulia\\\/wp-content\\\/uploads\\\/2024\\\/08\\\/1000010103.jpg\",\"keywords\":[\"Biblioteca Jude\u0163ean\u0103 \u201cLucian Blaga\u201d Alba\",\"ziua limbii romane\"],\"articleSection\":[\"Cultur\u0103\",\"Evenimente\",\"Social\",\"Urbea Mea\"],\"inLanguage\":\"ro-RO\",\"potentialAction\":[{\"@type\":\"CommentAction\",\"name\":\"Comment\",\"target\":[\"https:\\\/\\\/urbeamea.ro\\\/albaiulia\\\/vineri-ora-1700-ziua-limbii-romane-sarbatorita-la-biblioteca-judeteana-lucian-blaga-din-alba-iulia\\\/#respond\"]}]},{\"@type\":\"WebPage\",\"@id\":\"https:\\\/\\\/urbeamea.ro\\\/albaiulia\\\/vineri-ora-1700-ziua-limbii-romane-sarbatorita-la-biblioteca-judeteana-lucian-blaga-din-alba-iulia\\\/\",\"url\":\"https:\\\/\\\/urbeamea.ro\\\/albaiulia\\\/vineri-ora-1700-ziua-limbii-romane-sarbatorita-la-biblioteca-judeteana-lucian-blaga-din-alba-iulia\\\/\",\"name\":\"Vineri, ora 17:00 Ziua Limbii Rom\u00e2ne, s\u0103rb\u0103torit\u0103 la Biblioteca Jude\u021bean\u0103 \\\"Lucian Blaga\\\" din Alba Iulia - Revista Urbea Mea - Revista de Alba\",\"isPartOf\":{\"@id\":\"https:\\\/\\\/urbeamea.ro\\\/albaiulia\\\/#website\"},\"primaryImageOfPage\":{\"@id\":\"https:\\\/\\\/urbeamea.ro\\\/albaiulia\\\/vineri-ora-1700-ziua-limbii-romane-sarbatorita-la-biblioteca-judeteana-lucian-blaga-din-alba-iulia\\\/#primaryimage\"},\"image\":{\"@id\":\"https:\\\/\\\/urbeamea.ro\\\/albaiulia\\\/vineri-ora-1700-ziua-limbii-romane-sarbatorita-la-biblioteca-judeteana-lucian-blaga-din-alba-iulia\\\/#primaryimage\"},\"thumbnailUrl\":\"https:\\\/\\\/urbeamea.ro\\\/albaiulia\\\/wp-content\\\/uploads\\\/2024\\\/08\\\/1000010103.jpg\",\"datePublished\":\"2024-08-30T07:30:02+00:00\",\"dateModified\":\"2024-08-30T07:30:04+00:00\",\"author\":{\"@id\":\"https:\\\/\\\/urbeamea.ro\\\/albaiulia\\\/#\\\/schema\\\/person\\\/5db3854ac38c1cc9f0ab4092d6a20f02\"},\"description\":\"Vineri, 30 august 2024, \u00eencep\u00e2nd cu ora 17:00, sala de lectur\u0103 a Bibliotecii Jude\u021bene \u201eLucian Blaga\u201d Alba va g\u0103zdui conferin\u021ba cu tema \u201eA vorbi, a scrie\",\"breadcrumb\":{\"@id\":\"https:\\\/\\\/urbeamea.ro\\\/albaiulia\\\/vineri-ora-1700-ziua-limbii-romane-sarbatorita-la-biblioteca-judeteana-lucian-blaga-din-alba-iulia\\\/#breadcrumb\"},\"inLanguage\":\"ro-RO\",\"potentialAction\":[{\"@type\":\"ReadAction\",\"target\":[\"https:\\\/\\\/urbeamea.ro\\\/albaiulia\\\/vineri-ora-1700-ziua-limbii-romane-sarbatorita-la-biblioteca-judeteana-lucian-blaga-din-alba-iulia\\\/\"]}]},{\"@type\":\"ImageObject\",\"inLanguage\":\"ro-RO\",\"@id\":\"https:\\\/\\\/urbeamea.ro\\\/albaiulia\\\/vineri-ora-1700-ziua-limbii-romane-sarbatorita-la-biblioteca-judeteana-lucian-blaga-din-alba-iulia\\\/#primaryimage\",\"url\":\"https:\\\/\\\/urbeamea.ro\\\/albaiulia\\\/wp-content\\\/uploads\\\/2024\\\/08\\\/1000010103.jpg\",\"contentUrl\":\"https:\\\/\\\/urbeamea.ro\\\/albaiulia\\\/wp-content\\\/uploads\\\/2024\\\/08\\\/1000010103.jpg\",\"width\":1080,\"height\":1528},{\"@type\":\"BreadcrumbList\",\"@id\":\"https:\\\/\\\/urbeamea.ro\\\/albaiulia\\\/vineri-ora-1700-ziua-limbii-romane-sarbatorita-la-biblioteca-judeteana-lucian-blaga-din-alba-iulia\\\/#breadcrumb\",\"itemListElement\":[{\"@type\":\"ListItem\",\"position\":1,\"name\":\"Prima pagin\u0103\",\"item\":\"https:\\\/\\\/urbeamea.ro\\\/albaiulia\\\/\"},{\"@type\":\"ListItem\",\"position\":2,\"name\":\"Vineri, ora 17:00 Ziua Limbii Rom\u00e2ne, s\u0103rb\u0103torit\u0103 la Biblioteca Jude\u021bean\u0103 &#8222;Lucian Blaga&#8221; din Alba Iulia\"}]},{\"@type\":\"WebSite\",\"@id\":\"https:\\\/\\\/urbeamea.ro\\\/albaiulia\\\/#website\",\"url\":\"https:\\\/\\\/urbeamea.ro\\\/albaiulia\\\/\",\"name\":\"Revista Urbea Mea, Stiri urbane\",\"description\":\"Evenimente \u0219i \u0219tiri din Alba Iulia, Sebe\u0219, Aiud, Blaj\",\"potentialAction\":[{\"@type\":\"SearchAction\",\"target\":{\"@type\":\"EntryPoint\",\"urlTemplate\":\"https:\\\/\\\/urbeamea.ro\\\/albaiulia\\\/?s={search_term_string}\"},\"query-input\":{\"@type\":\"PropertyValueSpecification\",\"valueRequired\":true,\"valueName\":\"search_term_string\"}}],\"inLanguage\":\"ro-RO\"},{\"@type\":\"Person\",\"@id\":\"https:\\\/\\\/urbeamea.ro\\\/albaiulia\\\/#\\\/schema\\\/person\\\/5db3854ac38c1cc9f0ab4092d6a20f02\",\"name\":\"Giurca Sorin\",\"image\":{\"@type\":\"ImageObject\",\"inLanguage\":\"ro-RO\",\"@id\":\"https:\\\/\\\/secure.gravatar.com\\\/avatar\\\/120f6fcae7b3b47a7730cb9943f612f4909f68ac5284b5f40ac1c4615fd70576?s=96&d=mm&r=g\",\"url\":\"https:\\\/\\\/secure.gravatar.com\\\/avatar\\\/120f6fcae7b3b47a7730cb9943f612f4909f68ac5284b5f40ac1c4615fd70576?s=96&d=mm&r=g\",\"contentUrl\":\"https:\\\/\\\/secure.gravatar.com\\\/avatar\\\/120f6fcae7b3b47a7730cb9943f612f4909f68ac5284b5f40ac1c4615fd70576?s=96&d=mm&r=g\",\"caption\":\"Giurca Sorin\"},\"url\":\"https:\\\/\\\/urbeamea.ro\\\/albaiulia\\\/author\\\/sorin\\\/\"}]}<\/script>\n<!-- \/ Yoast SEO plugin. -->","yoast_head_json":{"title":"Vineri, ora 17:00 Ziua Limbii Rom\u00e2ne, s\u0103rb\u0103torit\u0103 la Biblioteca Jude\u021bean\u0103 \"Lucian Blaga\" din Alba Iulia - Revista Urbea Mea - Revista de Alba","description":"Vineri, 30 august 2024, \u00eencep\u00e2nd cu ora 17:00, sala de lectur\u0103 a Bibliotecii Jude\u021bene \u201eLucian Blaga\u201d Alba va g\u0103zdui conferin\u021ba cu tema \u201eA vorbi, a scrie","robots":{"index":"index","follow":"follow","max-snippet":"max-snippet:-1","max-image-preview":"max-image-preview:large","max-video-preview":"max-video-preview:-1"},"canonical":"https:\/\/urbeamea.ro\/albaiulia\/vineri-ora-1700-ziua-limbii-romane-sarbatorita-la-biblioteca-judeteana-lucian-blaga-din-alba-iulia\/","twitter_card":"summary_large_image","twitter_title":"Vineri, ora 17:00 Ziua Limbii Rom\u00e2ne, s\u0103rb\u0103torit\u0103 la Biblioteca Jude\u021bean\u0103 \"Lucian Blaga\" din Alba Iulia - Revista Urbea Mea - Revista de Alba","twitter_description":"Vineri, 30 august 2024, \u00eencep\u00e2nd cu ora 17:00, sala de lectur\u0103 a Bibliotecii Jude\u021bene \u201eLucian Blaga\u201d Alba va g\u0103zdui conferin\u021ba cu tema \u201eA vorbi, a scrie","twitter_image":"https:\/\/urbeamea.ro\/albaiulia\/wp-content\/uploads\/2024\/08\/1000010103.jpg","twitter_creator":"@urbeameaweb","twitter_site":"@urbeameaweb","schema":{"@context":"https:\/\/schema.org","@graph":[{"@type":"Article","@id":"https:\/\/urbeamea.ro\/albaiulia\/vineri-ora-1700-ziua-limbii-romane-sarbatorita-la-biblioteca-judeteana-lucian-blaga-din-alba-iulia\/#article","isPartOf":{"@id":"https:\/\/urbeamea.ro\/albaiulia\/vineri-ora-1700-ziua-limbii-romane-sarbatorita-la-biblioteca-judeteana-lucian-blaga-din-alba-iulia\/"},"author":{"name":"Giurca Sorin","@id":"https:\/\/urbeamea.ro\/albaiulia\/#\/schema\/person\/5db3854ac38c1cc9f0ab4092d6a20f02"},"headline":"Vineri, ora 17:00 Ziua Limbii Rom\u00e2ne, s\u0103rb\u0103torit\u0103 la Biblioteca Jude\u021bean\u0103 &#8222;Lucian Blaga&#8221; din Alba Iulia","datePublished":"2024-08-30T07:30:02+00:00","dateModified":"2024-08-30T07:30:04+00:00","mainEntityOfPage":{"@id":"https:\/\/urbeamea.ro\/albaiulia\/vineri-ora-1700-ziua-limbii-romane-sarbatorita-la-biblioteca-judeteana-lucian-blaga-din-alba-iulia\/"},"wordCount":283,"commentCount":0,"image":{"@id":"https:\/\/urbeamea.ro\/albaiulia\/vineri-ora-1700-ziua-limbii-romane-sarbatorita-la-biblioteca-judeteana-lucian-blaga-din-alba-iulia\/#primaryimage"},"thumbnailUrl":"https:\/\/urbeamea.ro\/albaiulia\/wp-content\/uploads\/2024\/08\/1000010103.jpg","keywords":["Biblioteca Jude\u0163ean\u0103 \u201cLucian Blaga\u201d Alba","ziua limbii romane"],"articleSection":["Cultur\u0103","Evenimente","Social","Urbea Mea"],"inLanguage":"ro-RO","potentialAction":[{"@type":"CommentAction","name":"Comment","target":["https:\/\/urbeamea.ro\/albaiulia\/vineri-ora-1700-ziua-limbii-romane-sarbatorita-la-biblioteca-judeteana-lucian-blaga-din-alba-iulia\/#respond"]}]},{"@type":"WebPage","@id":"https:\/\/urbeamea.ro\/albaiulia\/vineri-ora-1700-ziua-limbii-romane-sarbatorita-la-biblioteca-judeteana-lucian-blaga-din-alba-iulia\/","url":"https:\/\/urbeamea.ro\/albaiulia\/vineri-ora-1700-ziua-limbii-romane-sarbatorita-la-biblioteca-judeteana-lucian-blaga-din-alba-iulia\/","name":"Vineri, ora 17:00 Ziua Limbii Rom\u00e2ne, s\u0103rb\u0103torit\u0103 la Biblioteca Jude\u021bean\u0103 \"Lucian Blaga\" din Alba Iulia - Revista Urbea Mea - Revista de Alba","isPartOf":{"@id":"https:\/\/urbeamea.ro\/albaiulia\/#website"},"primaryImageOfPage":{"@id":"https:\/\/urbeamea.ro\/albaiulia\/vineri-ora-1700-ziua-limbii-romane-sarbatorita-la-biblioteca-judeteana-lucian-blaga-din-alba-iulia\/#primaryimage"},"image":{"@id":"https:\/\/urbeamea.ro\/albaiulia\/vineri-ora-1700-ziua-limbii-romane-sarbatorita-la-biblioteca-judeteana-lucian-blaga-din-alba-iulia\/#primaryimage"},"thumbnailUrl":"https:\/\/urbeamea.ro\/albaiulia\/wp-content\/uploads\/2024\/08\/1000010103.jpg","datePublished":"2024-08-30T07:30:02+00:00","dateModified":"2024-08-30T07:30:04+00:00","author":{"@id":"https:\/\/urbeamea.ro\/albaiulia\/#\/schema\/person\/5db3854ac38c1cc9f0ab4092d6a20f02"},"description":"Vineri, 30 august 2024, \u00eencep\u00e2nd cu ora 17:00, sala de lectur\u0103 a Bibliotecii Jude\u021bene \u201eLucian Blaga\u201d Alba va g\u0103zdui conferin\u021ba cu tema \u201eA vorbi, a scrie","breadcrumb":{"@id":"https:\/\/urbeamea.ro\/albaiulia\/vineri-ora-1700-ziua-limbii-romane-sarbatorita-la-biblioteca-judeteana-lucian-blaga-din-alba-iulia\/#breadcrumb"},"inLanguage":"ro-RO","potentialAction":[{"@type":"ReadAction","target":["https:\/\/urbeamea.ro\/albaiulia\/vineri-ora-1700-ziua-limbii-romane-sarbatorita-la-biblioteca-judeteana-lucian-blaga-din-alba-iulia\/"]}]},{"@type":"ImageObject","inLanguage":"ro-RO","@id":"https:\/\/urbeamea.ro\/albaiulia\/vineri-ora-1700-ziua-limbii-romane-sarbatorita-la-biblioteca-judeteana-lucian-blaga-din-alba-iulia\/#primaryimage","url":"https:\/\/urbeamea.ro\/albaiulia\/wp-content\/uploads\/2024\/08\/1000010103.jpg","contentUrl":"https:\/\/urbeamea.ro\/albaiulia\/wp-content\/uploads\/2024\/08\/1000010103.jpg","width":1080,"height":1528},{"@type":"BreadcrumbList","@id":"https:\/\/urbeamea.ro\/albaiulia\/vineri-ora-1700-ziua-limbii-romane-sarbatorita-la-biblioteca-judeteana-lucian-blaga-din-alba-iulia\/#breadcrumb","itemListElement":[{"@type":"ListItem","position":1,"name":"Prima pagin\u0103","item":"https:\/\/urbeamea.ro\/albaiulia\/"},{"@type":"ListItem","position":2,"name":"Vineri, ora 17:00 Ziua Limbii Rom\u00e2ne, s\u0103rb\u0103torit\u0103 la Biblioteca Jude\u021bean\u0103 &#8222;Lucian Blaga&#8221; din Alba Iulia"}]},{"@type":"WebSite","@id":"https:\/\/urbeamea.ro\/albaiulia\/#website","url":"https:\/\/urbeamea.ro\/albaiulia\/","name":"Revista Urbea Mea, Stiri urbane","description":"Evenimente \u0219i \u0219tiri din Alba Iulia, Sebe\u0219, Aiud, Blaj","potentialAction":[{"@type":"SearchAction","target":{"@type":"EntryPoint","urlTemplate":"https:\/\/urbeamea.ro\/albaiulia\/?s={search_term_string}"},"query-input":{"@type":"PropertyValueSpecification","valueRequired":true,"valueName":"search_term_string"}}],"inLanguage":"ro-RO"},{"@type":"Person","@id":"https:\/\/urbeamea.ro\/albaiulia\/#\/schema\/person\/5db3854ac38c1cc9f0ab4092d6a20f02","name":"Giurca Sorin","image":{"@type":"ImageObject","inLanguage":"ro-RO","@id":"https:\/\/secure.gravatar.com\/avatar\/120f6fcae7b3b47a7730cb9943f612f4909f68ac5284b5f40ac1c4615fd70576?s=96&d=mm&r=g","url":"https:\/\/secure.gravatar.com\/avatar\/120f6fcae7b3b47a7730cb9943f612f4909f68ac5284b5f40ac1c4615fd70576?s=96&d=mm&r=g","contentUrl":"https:\/\/secure.gravatar.com\/avatar\/120f6fcae7b3b47a7730cb9943f612f4909f68ac5284b5f40ac1c4615fd70576?s=96&d=mm&r=g","caption":"Giurca Sorin"},"url":"https:\/\/urbeamea.ro\/albaiulia\/author\/sorin\/"}]}},"_links":{"self":[{"href":"https:\/\/urbeamea.ro\/albaiulia\/wp-json\/wp\/v2\/posts\/113631","targetHints":{"allow":["GET"]}}],"collection":[{"href":"https:\/\/urbeamea.ro\/albaiulia\/wp-json\/wp\/v2\/posts"}],"about":[{"href":"https:\/\/urbeamea.ro\/albaiulia\/wp-json\/wp\/v2\/types\/post"}],"author":[{"embeddable":true,"href":"https:\/\/urbeamea.ro\/albaiulia\/wp-json\/wp\/v2\/users\/28"}],"replies":[{"embeddable":true,"href":"https:\/\/urbeamea.ro\/albaiulia\/wp-json\/wp\/v2\/comments?post=113631"}],"version-history":[{"count":1,"href":"https:\/\/urbeamea.ro\/albaiulia\/wp-json\/wp\/v2\/posts\/113631\/revisions"}],"predecessor-version":[{"id":113633,"href":"https:\/\/urbeamea.ro\/albaiulia\/wp-json\/wp\/v2\/posts\/113631\/revisions\/113633"}],"wp:featuredmedia":[{"embeddable":true,"href":"https:\/\/urbeamea.ro\/albaiulia\/wp-json\/wp\/v2\/media\/113632"}],"wp:attachment":[{"href":"https:\/\/urbeamea.ro\/albaiulia\/wp-json\/wp\/v2\/media?parent=113631"}],"wp:term":[{"taxonomy":"category","embeddable":true,"href":"https:\/\/urbeamea.ro\/albaiulia\/wp-json\/wp\/v2\/categories?post=113631"},{"taxonomy":"post_tag","embeddable":true,"href":"https:\/\/urbeamea.ro\/albaiulia\/wp-json\/wp\/v2\/tags?post=113631"}],"curies":[{"name":"wp","href":"https:\/\/api.w.org\/{rel}","templated":true}]}}