{"id":113639,"date":"2024-08-30T11:53:46","date_gmt":"2024-08-30T08:53:46","guid":{"rendered":"https:\/\/urbeamea.ro\/albaiulia\/?p=113639"},"modified":"2024-08-30T11:53:47","modified_gmt":"2024-08-30T08:53:47","slug":"primaria-ciugud-a-semnat-contractul-pentru-construirea-scolii-viitorului-cea-mai-importanta-investitie-in-educatie-din-istoria-comunei","status":"publish","type":"post","link":"https:\/\/urbeamea.ro\/albaiulia\/primaria-ciugud-a-semnat-contractul-pentru-construirea-scolii-viitorului-cea-mai-importanta-investitie-in-educatie-din-istoria-comunei\/","title":{"rendered":"Prim\u0103ria Ciugud a semnat contractul pentru construirea \u0219colii viitorului, cea mai important\u0103 investi\u021bie \u00een educa\u021bie din istoria comunei"},"content":{"rendered":"\n<h3 class=\"wp-block-heading\"><em>Contractul de finan\u021bare a investi\u021biei, \u00een valoare de peste 9 milioane de euro, a fost semnat de ministrul Educa\u021biei, Ligia Deca \u0219i primarul Ciugudului, Gheorghe Damian<\/em><\/h3>\n\n\n\n<p><strong>Prim\u0103ria Ciugud a semnat contractul pentru construirea \u0219colii viitorului, cea mai important\u0103 investi\u021bie \u00een educa\u021bie din istoria comunei. Contractul de finan\u021bare, \u00een valoare de peste 9 milioane de euro, a fost semnat la Bucure\u0219ti de ministrul Educa\u021biei, Ligia Deca \u0219i primarul Ciugudului, Gheorghe Damian, cea mai mare parte a fondurilor urm\u00e2nd a fi alocate prin Planul Na\u021bional de Redresare \u0219i Rezilien\u021b\u0103. <\/strong>Proiectul presupune construirea unei noi \u0219coli verzi, unitatea de \u00eenv\u0103\u021b\u0103m\u00e2nt urm\u00e2nd a fi \u00een totalitate independent\u0103 energetic \u0219i un model pentru educa\u021bia viitorului. Proiectul este cu at\u00e2t mai deosebit pentru c\u0103 a implicat at\u00e2t echipa prim\u0103riei, c\u00e2t \u0219i o echip\u0103 de exper\u021bi coordonat\u0103 de o persoan\u0103 cu deficien\u021be de vedere. Ovidiu Tuduru\u021b\u0103 \u0219i-a folosit at\u00e2t experien\u021ba \u00een accesarea fondurilor europene, c\u00e2t \u0219i ideile de a crea o unitate de \u00eenv\u0103\u021b\u0103m\u00e2nt c\u00e2t mai accesibil\u0103 \u0219i pentru persoanele cu dizabilit\u0103\u021bi.<\/p>\n\n\n\n<figure class=\"wp-block-gallery has-nested-images columns-default is-cropped wp-block-gallery-1 is-layout-flex wp-block-gallery-is-layout-flex\">\n<figure class=\"wp-block-image size-large\"><a href=\"https:\/\/urbeamea.ro\/albaiulia\/wp-content\/uploads\/2024\/08\/semnare-contract-scoala-verde-ciugud-2.jpg\"><img loading=\"lazy\" decoding=\"async\" width=\"1280\" height=\"1280\" data-id=\"113641\" src=\"https:\/\/urbeamea.ro\/albaiulia\/wp-content\/uploads\/2024\/08\/semnare-contract-scoala-verde-ciugud-2-1280x1280.jpg\" alt=\"\" class=\"wp-image-113641\" srcset=\"https:\/\/urbeamea.ro\/albaiulia\/wp-content\/uploads\/2024\/08\/semnare-contract-scoala-verde-ciugud-2-1280x1280.jpg 1280w, https:\/\/urbeamea.ro\/albaiulia\/wp-content\/uploads\/2024\/08\/semnare-contract-scoala-verde-ciugud-2-640x640.jpg 640w, https:\/\/urbeamea.ro\/albaiulia\/wp-content\/uploads\/2024\/08\/semnare-contract-scoala-verde-ciugud-2-150x150.jpg 150w, https:\/\/urbeamea.ro\/albaiulia\/wp-content\/uploads\/2024\/08\/semnare-contract-scoala-verde-ciugud-2-768x768.jpg 768w, https:\/\/urbeamea.ro\/albaiulia\/wp-content\/uploads\/2024\/08\/semnare-contract-scoala-verde-ciugud-2-1536x1536.jpg 1536w, https:\/\/urbeamea.ro\/albaiulia\/wp-content\/uploads\/2024\/08\/semnare-contract-scoala-verde-ciugud-2.jpg 1600w\" sizes=\"auto, (max-width: 1280px) 100vw, 1280px\" \/><\/a><\/figure>\n\n\n\n<figure class=\"wp-block-image size-large\"><a href=\"https:\/\/urbeamea.ro\/albaiulia\/wp-content\/uploads\/2024\/08\/semnare-contract-scoala-verde-ciugud.jpg\"><img loading=\"lazy\" decoding=\"async\" width=\"1280\" height=\"1280\" data-id=\"113640\" src=\"https:\/\/urbeamea.ro\/albaiulia\/wp-content\/uploads\/2024\/08\/semnare-contract-scoala-verde-ciugud-1280x1280.jpg\" alt=\"\" class=\"wp-image-113640\" srcset=\"https:\/\/urbeamea.ro\/albaiulia\/wp-content\/uploads\/2024\/08\/semnare-contract-scoala-verde-ciugud-1280x1280.jpg 1280w, https:\/\/urbeamea.ro\/albaiulia\/wp-content\/uploads\/2024\/08\/semnare-contract-scoala-verde-ciugud-640x640.jpg 640w, https:\/\/urbeamea.ro\/albaiulia\/wp-content\/uploads\/2024\/08\/semnare-contract-scoala-verde-ciugud-150x150.jpg 150w, https:\/\/urbeamea.ro\/albaiulia\/wp-content\/uploads\/2024\/08\/semnare-contract-scoala-verde-ciugud-768x768.jpg 768w, https:\/\/urbeamea.ro\/albaiulia\/wp-content\/uploads\/2024\/08\/semnare-contract-scoala-verde-ciugud-1536x1536.jpg 1536w, https:\/\/urbeamea.ro\/albaiulia\/wp-content\/uploads\/2024\/08\/semnare-contract-scoala-verde-ciugud.jpg 1600w\" sizes=\"auto, (max-width: 1280px) 100vw, 1280px\" \/><\/a><\/figure>\n<\/figure>\n\n\n\n<blockquote class=\"wp-block-quote is-layout-flow wp-block-quote-is-layout-flow\">\n<p><em>Am semnat contractul de finan\u021bare pentru noua \u0219coal\u0103, pe care o vom construi la Ciugud, o \u0219coal\u0103 a viitorului, care credem c\u0103 va fi cea mai important\u0103 investi\u021bie \u00een educa\u021bie din istoria comunei. Construim o \u0219coal\u0103 pentru comunitate, care s\u0103 fie o investi\u021bie cu impact pentru urm\u0103torii 50 sau chiar 100 de ani. \u00cen urm\u0103 cu aproape 5 ani, am reu\u0219it s\u0103 deschidem o \u0219coal\u0103 smart la Ciugud, prima \u0219coal\u0103 inteligent\u0103 din mediul rural din Rom\u00e2nia, care v\u0103 spun cu bucurie c\u0103 ne-a r\u0103mas mic\u0103. De aceea, construim o \u0219coal\u0103 nou\u0103, care va fi \u00een totalitate independent\u0103 energetic \u0219i va folosi solu\u021bii inovative pentru producerea energiei, r\u0103cirea \u0219i \u00eenc\u0103lzirea claselor. Va fi o \u0219coal\u0103 integrat\u0103 \u00een natur\u0103, \u00een care \u00eembin\u0103m \u00een procesul educa\u021bional respectarea identit\u0103\u021bii rurale cu folosirea tehnologie, inova\u021biei \u0219i digitaliz\u0103rii<\/em>.<\/p>\n\n\n\n<p>Gheorghe Damian, primarul Comunei Ciugud<\/p>\n<\/blockquote>\n\n\n\n<p>Proiectul depus de Comuna Ciugud pe Planul Na\u021bional de Redresare \u0219i Rezilien\u021b\u0103 s-a clasat pe primul loc \u00een Regiunea Centru \u00eentre proiectele care prev\u0103d construirea de \u0219coli verzi, av\u00e2nd o valoare de aproximativ 45,7 milioane de lei (peste 9 milioane de euro), din care 1,2 milioane de lei este contribu\u021bia administra\u021biei locale, iar restul sunt fonduri europene.<\/p>\n\n\n\n<p>Noua \u0219coal\u0103 va fi construit\u0103 \u00een centrul satului Ciugud, pe un teren generos de circa 15 hectare, urm\u00e2nd&nbsp; s\u0103&nbsp; fie \u00eenconjurat\u0103 de un parc plantat de la zero cu arbori autohtoni. \u00cen proximitatea \u0219colii se va afla o baz\u0103 sportiv\u0103 modern\u0103, care, \u00een prezent, se afl\u0103 \u00een a\u0219teptarea finan\u021b\u0103rii de la Compania Na\u021bional\u0103 de Investi\u021bii. \u0218coala va presupune concepte moderne de predare, care vor \u00eembina at\u00e2t tehnologia c\u00e2t \u0219i deschiderea spre natur\u0103, astfel c\u0103 unele dintre s\u0103lile de clas\u0103 vor avea pere\u021bi cortin\u0103 care se pot deschide pentru ca, \u00een timpul verii, orele s\u0103 se mute \u00een natur\u0103.<\/p>\n\n\n\n<p>Astfel, dup\u0103 ce a deschis, \u00een 2019, prima \u0219coal\u0103 smart din mediul rural din Rom\u00e2nia, Comuna Ciugud dore\u0219te s\u0103 dea un nou semnal \u00een educa\u021bie: <strong>viitoarele \u0219coli din Rom\u00e2nia trebuie s\u0103 fie smart, verzi \u0219i accesibile pentru orice copil.<\/strong><\/p>\n\n\n\n<figure class=\"wp-block-gallery has-nested-images columns-default is-cropped wp-block-gallery-2 is-layout-flex wp-block-gallery-is-layout-flex\">\n<figure class=\"wp-block-image size-large\"><a href=\"https:\/\/urbeamea.ro\/albaiulia\/wp-content\/uploads\/2024\/08\/scoala-ciugud-1-1.jpeg\"><img loading=\"lazy\" decoding=\"async\" width=\"1280\" height=\"720\" data-id=\"113642\" src=\"https:\/\/urbeamea.ro\/albaiulia\/wp-content\/uploads\/2024\/08\/scoala-ciugud-1-1-1280x720.jpeg\" alt=\"\" class=\"wp-image-113642\" srcset=\"https:\/\/urbeamea.ro\/albaiulia\/wp-content\/uploads\/2024\/08\/scoala-ciugud-1-1-1280x720.jpeg 1280w, https:\/\/urbeamea.ro\/albaiulia\/wp-content\/uploads\/2024\/08\/scoala-ciugud-1-1-640x360.jpeg 640w, https:\/\/urbeamea.ro\/albaiulia\/wp-content\/uploads\/2024\/08\/scoala-ciugud-1-1-150x84.jpeg 150w, https:\/\/urbeamea.ro\/albaiulia\/wp-content\/uploads\/2024\/08\/scoala-ciugud-1-1-768x432.jpeg 768w, https:\/\/urbeamea.ro\/albaiulia\/wp-content\/uploads\/2024\/08\/scoala-ciugud-1-1-1536x864.jpeg 1536w, https:\/\/urbeamea.ro\/albaiulia\/wp-content\/uploads\/2024\/08\/scoala-ciugud-1-1-390x220.jpeg 390w, https:\/\/urbeamea.ro\/albaiulia\/wp-content\/uploads\/2024\/08\/scoala-ciugud-1-1.jpeg 1920w\" sizes=\"auto, (max-width: 1280px) 100vw, 1280px\" \/><\/a><\/figure>\n\n\n\n<figure class=\"wp-block-image size-large\"><a href=\"https:\/\/urbeamea.ro\/albaiulia\/wp-content\/uploads\/2024\/08\/curtea-interioara-scoala-ciugud-1.jpeg\"><img loading=\"lazy\" decoding=\"async\" width=\"1280\" height=\"720\" data-id=\"113643\" src=\"https:\/\/urbeamea.ro\/albaiulia\/wp-content\/uploads\/2024\/08\/curtea-interioara-scoala-ciugud-1-1280x720.jpeg\" alt=\"\" class=\"wp-image-113643\" srcset=\"https:\/\/urbeamea.ro\/albaiulia\/wp-content\/uploads\/2024\/08\/curtea-interioara-scoala-ciugud-1-1280x720.jpeg 1280w, https:\/\/urbeamea.ro\/albaiulia\/wp-content\/uploads\/2024\/08\/curtea-interioara-scoala-ciugud-1-640x360.jpeg 640w, https:\/\/urbeamea.ro\/albaiulia\/wp-content\/uploads\/2024\/08\/curtea-interioara-scoala-ciugud-1-150x84.jpeg 150w, https:\/\/urbeamea.ro\/albaiulia\/wp-content\/uploads\/2024\/08\/curtea-interioara-scoala-ciugud-1-768x432.jpeg 768w, https:\/\/urbeamea.ro\/albaiulia\/wp-content\/uploads\/2024\/08\/curtea-interioara-scoala-ciugud-1-1536x864.jpeg 1536w, https:\/\/urbeamea.ro\/albaiulia\/wp-content\/uploads\/2024\/08\/curtea-interioara-scoala-ciugud-1-390x220.jpeg 390w, https:\/\/urbeamea.ro\/albaiulia\/wp-content\/uploads\/2024\/08\/curtea-interioara-scoala-ciugud-1.jpeg 1920w\" sizes=\"auto, (max-width: 1280px) 100vw, 1280px\" \/><\/a><\/figure>\n<\/figure>\n\n\n\n<p><strong>***<\/strong><\/p>\n\n\n\n<p>\u00cen anul 2019, <strong>prima \u0219coal\u0103 inteligent\u0103 din Rom\u00e2nia rural\u0103 a fost deschis\u0103 la Ciugud<\/strong>, fiind vorba de o \u0219coal\u0103 veche, modernizat\u0103 cu peste 1 milion de euro. \u0218coala este un proiect pilot, care folose\u0219te tehnologia \u00een procesul educa\u021bional, implement\u00e2nd \u00een acela\u0219i timp solu\u021bii inteligente pentru reducerea consumului de energie.<\/p>\n\n\n\n<p>\u00cen 2023, la Ciugud a fost deschis\u0103 o gr\u0103dini\u021b\u0103 cu program prelungit modern\u0103, realizat\u0103 printr-o investi\u021bie important\u0103 derulat\u0103 de Prim\u0103ria Comunei Ciugud, \u00een valoare de aproximativ 1,6 milioane de euro. Suma necesar\u0103 construirii unit\u0103\u021bii de \u00eenv\u0103\u021b\u0103m\u00e2nt pre\u0219colar a fost alocat\u0103 din dou\u0103 surse: printr-un proiect european finan\u021bat prin Programul Na\u021bional de Dezvoltare Rural\u0103 gestionat de Agen\u021bia pentru Finan\u021barea Investi\u021biilor Rurale (500.000 de euro), respectiv din bugetul local (aproximativ 1,1 milioane de euro). Gr\u0103dini\u021ba \u00eembin\u0103 tehnologii moderne, care permit reducerea consumului de energie, dar \u0219i crearea unui confort optim pentru copiii care frecventeaz\u0103 unitatea.<\/p>\n","protected":false},"excerpt":{"rendered":"<p>Contractul de finan\u021bare a investi\u021biei, \u00een valoare de peste 9 milioane de euro, a fost semnat de ministrul Educa\u021biei, Ligia Deca \u0219i primarul Ciugudului, Gheorghe Damian Prim\u0103ria Ciugud a semnat contractul pentru construirea \u0219colii viitorului, cea mai important\u0103 investi\u021bie \u00een educa\u021bie din istoria comunei. Contractul de finan\u021bare, \u00een valoare de peste 9 milioane de euro, &hellip;<\/p>\n","protected":false},"author":16,"featured_media":113644,"comment_status":"open","ping_status":"open","sticky":false,"template":"","format":"standard","meta":{"inline_featured_image":false,"footnotes":""},"categories":[6663],"tags":[],"class_list":["post-113639","post","type-post","status-publish","format-standard","has-post-thumbnail","hentry","category-economic"],"yoast_head":"<!-- This site is optimized with the Yoast SEO plugin v27.4 - https:\/\/yoast.com\/product\/yoast-seo-wordpress\/ -->\n<title>Prim\u0103ria Ciugud a semnat contractul pentru construirea \u0219colii viitorului, cea mai important\u0103 investi\u021bie \u00een educa\u021bie din istoria comunei - Revista Urbea Mea - Revista de Alba<\/title>\n<meta name=\"description\" content=\"Contractul de finan\u021bare a investi\u021biei, \u00een valoare de peste 9 milioane de euro, a fost semnat de ministrul Educa\u021biei, Ligia Deca \u0219i primarul Ciugudului,\" \/>\n<meta name=\"robots\" content=\"index, follow, max-snippet:-1, max-image-preview:large, max-video-preview:-1\" \/>\n<link rel=\"canonical\" href=\"https:\/\/urbeamea.ro\/albaiulia\/primaria-ciugud-a-semnat-contractul-pentru-construirea-scolii-viitorului-cea-mai-importanta-investitie-in-educatie-din-istoria-comunei\/\" \/>\n<meta name=\"twitter:card\" content=\"summary_large_image\" \/>\n<meta name=\"twitter:title\" content=\"Prim\u0103ria Ciugud a semnat contractul pentru construirea \u0219colii viitorului, cea mai important\u0103 investi\u021bie \u00een educa\u021bie din istoria comunei - Revista Urbea Mea - Revista de Alba\" \/>\n<meta name=\"twitter:description\" content=\"Contractul de finan\u021bare a investi\u021biei, \u00een valoare de peste 9 milioane de euro, a fost semnat de ministrul Educa\u021biei, Ligia Deca \u0219i primarul Ciugudului,\" \/>\n<meta name=\"twitter:image\" content=\"https:\/\/urbeamea.ro\/albaiulia\/wp-content\/uploads\/2024\/08\/intrarea-scoala-ciugud-3-1.jpeg\" \/>\n<meta name=\"twitter:creator\" content=\"@urbeameaweb\" \/>\n<meta name=\"twitter:site\" content=\"@urbeameaweb\" \/>\n<script type=\"application\/ld+json\" class=\"yoast-schema-graph\">{\"@context\":\"https:\\\/\\\/schema.org\",\"@graph\":[{\"@type\":\"Article\",\"@id\":\"https:\\\/\\\/urbeamea.ro\\\/albaiulia\\\/primaria-ciugud-a-semnat-contractul-pentru-construirea-scolii-viitorului-cea-mai-importanta-investitie-in-educatie-din-istoria-comunei\\\/#article\",\"isPartOf\":{\"@id\":\"https:\\\/\\\/urbeamea.ro\\\/albaiulia\\\/primaria-ciugud-a-semnat-contractul-pentru-construirea-scolii-viitorului-cea-mai-importanta-investitie-in-educatie-din-istoria-comunei\\\/\"},\"author\":{\"name\":\"Redac\u021bia UrbeaMea\",\"@id\":\"https:\\\/\\\/urbeamea.ro\\\/albaiulia\\\/#\\\/schema\\\/person\\\/272ae98052f8ee8980f59848df070247\"},\"headline\":\"Prim\u0103ria Ciugud a semnat contractul pentru construirea \u0219colii viitorului, cea mai important\u0103 investi\u021bie \u00een educa\u021bie din istoria comunei\",\"datePublished\":\"2024-08-30T08:53:46+00:00\",\"dateModified\":\"2024-08-30T08:53:47+00:00\",\"mainEntityOfPage\":{\"@id\":\"https:\\\/\\\/urbeamea.ro\\\/albaiulia\\\/primaria-ciugud-a-semnat-contractul-pentru-construirea-scolii-viitorului-cea-mai-importanta-investitie-in-educatie-din-istoria-comunei\\\/\"},\"wordCount\":727,\"commentCount\":0,\"image\":{\"@id\":\"https:\\\/\\\/urbeamea.ro\\\/albaiulia\\\/primaria-ciugud-a-semnat-contractul-pentru-construirea-scolii-viitorului-cea-mai-importanta-investitie-in-educatie-din-istoria-comunei\\\/#primaryimage\"},\"thumbnailUrl\":\"https:\\\/\\\/urbeamea.ro\\\/albaiulia\\\/wp-content\\\/uploads\\\/2024\\\/08\\\/intrarea-scoala-ciugud-3-1.jpeg\",\"articleSection\":[\"Economic\"],\"inLanguage\":\"ro-RO\",\"potentialAction\":[{\"@type\":\"CommentAction\",\"name\":\"Comment\",\"target\":[\"https:\\\/\\\/urbeamea.ro\\\/albaiulia\\\/primaria-ciugud-a-semnat-contractul-pentru-construirea-scolii-viitorului-cea-mai-importanta-investitie-in-educatie-din-istoria-comunei\\\/#respond\"]}]},{\"@type\":\"WebPage\",\"@id\":\"https:\\\/\\\/urbeamea.ro\\\/albaiulia\\\/primaria-ciugud-a-semnat-contractul-pentru-construirea-scolii-viitorului-cea-mai-importanta-investitie-in-educatie-din-istoria-comunei\\\/\",\"url\":\"https:\\\/\\\/urbeamea.ro\\\/albaiulia\\\/primaria-ciugud-a-semnat-contractul-pentru-construirea-scolii-viitorului-cea-mai-importanta-investitie-in-educatie-din-istoria-comunei\\\/\",\"name\":\"Prim\u0103ria Ciugud a semnat contractul pentru construirea \u0219colii viitorului, cea mai important\u0103 investi\u021bie \u00een educa\u021bie din istoria comunei - Revista Urbea Mea - Revista de Alba\",\"isPartOf\":{\"@id\":\"https:\\\/\\\/urbeamea.ro\\\/albaiulia\\\/#website\"},\"primaryImageOfPage\":{\"@id\":\"https:\\\/\\\/urbeamea.ro\\\/albaiulia\\\/primaria-ciugud-a-semnat-contractul-pentru-construirea-scolii-viitorului-cea-mai-importanta-investitie-in-educatie-din-istoria-comunei\\\/#primaryimage\"},\"image\":{\"@id\":\"https:\\\/\\\/urbeamea.ro\\\/albaiulia\\\/primaria-ciugud-a-semnat-contractul-pentru-construirea-scolii-viitorului-cea-mai-importanta-investitie-in-educatie-din-istoria-comunei\\\/#primaryimage\"},\"thumbnailUrl\":\"https:\\\/\\\/urbeamea.ro\\\/albaiulia\\\/wp-content\\\/uploads\\\/2024\\\/08\\\/intrarea-scoala-ciugud-3-1.jpeg\",\"datePublished\":\"2024-08-30T08:53:46+00:00\",\"dateModified\":\"2024-08-30T08:53:47+00:00\",\"author\":{\"@id\":\"https:\\\/\\\/urbeamea.ro\\\/albaiulia\\\/#\\\/schema\\\/person\\\/272ae98052f8ee8980f59848df070247\"},\"description\":\"Contractul de finan\u021bare a investi\u021biei, \u00een valoare de peste 9 milioane de euro, a fost semnat de ministrul Educa\u021biei, Ligia Deca \u0219i primarul Ciugudului,\",\"breadcrumb\":{\"@id\":\"https:\\\/\\\/urbeamea.ro\\\/albaiulia\\\/primaria-ciugud-a-semnat-contractul-pentru-construirea-scolii-viitorului-cea-mai-importanta-investitie-in-educatie-din-istoria-comunei\\\/#breadcrumb\"},\"inLanguage\":\"ro-RO\",\"potentialAction\":[{\"@type\":\"ReadAction\",\"target\":[\"https:\\\/\\\/urbeamea.ro\\\/albaiulia\\\/primaria-ciugud-a-semnat-contractul-pentru-construirea-scolii-viitorului-cea-mai-importanta-investitie-in-educatie-din-istoria-comunei\\\/\"]}]},{\"@type\":\"ImageObject\",\"inLanguage\":\"ro-RO\",\"@id\":\"https:\\\/\\\/urbeamea.ro\\\/albaiulia\\\/primaria-ciugud-a-semnat-contractul-pentru-construirea-scolii-viitorului-cea-mai-importanta-investitie-in-educatie-din-istoria-comunei\\\/#primaryimage\",\"url\":\"https:\\\/\\\/urbeamea.ro\\\/albaiulia\\\/wp-content\\\/uploads\\\/2024\\\/08\\\/intrarea-scoala-ciugud-3-1.jpeg\",\"contentUrl\":\"https:\\\/\\\/urbeamea.ro\\\/albaiulia\\\/wp-content\\\/uploads\\\/2024\\\/08\\\/intrarea-scoala-ciugud-3-1.jpeg\",\"width\":1920,\"height\":1080},{\"@type\":\"BreadcrumbList\",\"@id\":\"https:\\\/\\\/urbeamea.ro\\\/albaiulia\\\/primaria-ciugud-a-semnat-contractul-pentru-construirea-scolii-viitorului-cea-mai-importanta-investitie-in-educatie-din-istoria-comunei\\\/#breadcrumb\",\"itemListElement\":[{\"@type\":\"ListItem\",\"position\":1,\"name\":\"Prima pagin\u0103\",\"item\":\"https:\\\/\\\/urbeamea.ro\\\/albaiulia\\\/\"},{\"@type\":\"ListItem\",\"position\":2,\"name\":\"Prim\u0103ria Ciugud a semnat contractul pentru construirea \u0219colii viitorului, cea mai important\u0103 investi\u021bie \u00een educa\u021bie din istoria comunei\"}]},{\"@type\":\"WebSite\",\"@id\":\"https:\\\/\\\/urbeamea.ro\\\/albaiulia\\\/#website\",\"url\":\"https:\\\/\\\/urbeamea.ro\\\/albaiulia\\\/\",\"name\":\"Revista Urbea Mea, Stiri urbane\",\"description\":\"Evenimente \u0219i \u0219tiri din Alba Iulia, Sebe\u0219, Aiud, Blaj\",\"potentialAction\":[{\"@type\":\"SearchAction\",\"target\":{\"@type\":\"EntryPoint\",\"urlTemplate\":\"https:\\\/\\\/urbeamea.ro\\\/albaiulia\\\/?s={search_term_string}\"},\"query-input\":{\"@type\":\"PropertyValueSpecification\",\"valueRequired\":true,\"valueName\":\"search_term_string\"}}],\"inLanguage\":\"ro-RO\"},{\"@type\":\"Person\",\"@id\":\"https:\\\/\\\/urbeamea.ro\\\/albaiulia\\\/#\\\/schema\\\/person\\\/272ae98052f8ee8980f59848df070247\",\"name\":\"Redac\u021bia UrbeaMea\",\"image\":{\"@type\":\"ImageObject\",\"inLanguage\":\"ro-RO\",\"@id\":\"https:\\\/\\\/secure.gravatar.com\\\/avatar\\\/9ce5a9435071fa1037e8468053ead8e513dbbff59009d3069aadb85506d85a27?s=96&d=mm&r=g\",\"url\":\"https:\\\/\\\/secure.gravatar.com\\\/avatar\\\/9ce5a9435071fa1037e8468053ead8e513dbbff59009d3069aadb85506d85a27?s=96&d=mm&r=g\",\"contentUrl\":\"https:\\\/\\\/secure.gravatar.com\\\/avatar\\\/9ce5a9435071fa1037e8468053ead8e513dbbff59009d3069aadb85506d85a27?s=96&d=mm&r=g\",\"caption\":\"Redac\u021bia UrbeaMea\"},\"description\":\"contact@urbeamea.ro\",\"sameAs\":[\"https:\\\/\\\/www.urbeamea.ro\"],\"url\":\"https:\\\/\\\/urbeamea.ro\\\/albaiulia\\\/author\\\/redactia-urbeamea\\\/\"}]}<\/script>\n<!-- \/ Yoast SEO plugin. -->","yoast_head_json":{"title":"Prim\u0103ria Ciugud a semnat contractul pentru construirea \u0219colii viitorului, cea mai important\u0103 investi\u021bie \u00een educa\u021bie din istoria comunei - Revista Urbea Mea - Revista de Alba","description":"Contractul de finan\u021bare a investi\u021biei, \u00een valoare de peste 9 milioane de euro, a fost semnat de ministrul Educa\u021biei, Ligia Deca \u0219i primarul Ciugudului,","robots":{"index":"index","follow":"follow","max-snippet":"max-snippet:-1","max-image-preview":"max-image-preview:large","max-video-preview":"max-video-preview:-1"},"canonical":"https:\/\/urbeamea.ro\/albaiulia\/primaria-ciugud-a-semnat-contractul-pentru-construirea-scolii-viitorului-cea-mai-importanta-investitie-in-educatie-din-istoria-comunei\/","twitter_card":"summary_large_image","twitter_title":"Prim\u0103ria Ciugud a semnat contractul pentru construirea \u0219colii viitorului, cea mai important\u0103 investi\u021bie \u00een educa\u021bie din istoria comunei - Revista Urbea Mea - Revista de Alba","twitter_description":"Contractul de finan\u021bare a investi\u021biei, \u00een valoare de peste 9 milioane de euro, a fost semnat de ministrul Educa\u021biei, Ligia Deca \u0219i primarul Ciugudului,","twitter_image":"https:\/\/urbeamea.ro\/albaiulia\/wp-content\/uploads\/2024\/08\/intrarea-scoala-ciugud-3-1.jpeg","twitter_creator":"@urbeameaweb","twitter_site":"@urbeameaweb","schema":{"@context":"https:\/\/schema.org","@graph":[{"@type":"Article","@id":"https:\/\/urbeamea.ro\/albaiulia\/primaria-ciugud-a-semnat-contractul-pentru-construirea-scolii-viitorului-cea-mai-importanta-investitie-in-educatie-din-istoria-comunei\/#article","isPartOf":{"@id":"https:\/\/urbeamea.ro\/albaiulia\/primaria-ciugud-a-semnat-contractul-pentru-construirea-scolii-viitorului-cea-mai-importanta-investitie-in-educatie-din-istoria-comunei\/"},"author":{"name":"Redac\u021bia UrbeaMea","@id":"https:\/\/urbeamea.ro\/albaiulia\/#\/schema\/person\/272ae98052f8ee8980f59848df070247"},"headline":"Prim\u0103ria Ciugud a semnat contractul pentru construirea \u0219colii viitorului, cea mai important\u0103 investi\u021bie \u00een educa\u021bie din istoria comunei","datePublished":"2024-08-30T08:53:46+00:00","dateModified":"2024-08-30T08:53:47+00:00","mainEntityOfPage":{"@id":"https:\/\/urbeamea.ro\/albaiulia\/primaria-ciugud-a-semnat-contractul-pentru-construirea-scolii-viitorului-cea-mai-importanta-investitie-in-educatie-din-istoria-comunei\/"},"wordCount":727,"commentCount":0,"image":{"@id":"https:\/\/urbeamea.ro\/albaiulia\/primaria-ciugud-a-semnat-contractul-pentru-construirea-scolii-viitorului-cea-mai-importanta-investitie-in-educatie-din-istoria-comunei\/#primaryimage"},"thumbnailUrl":"https:\/\/urbeamea.ro\/albaiulia\/wp-content\/uploads\/2024\/08\/intrarea-scoala-ciugud-3-1.jpeg","articleSection":["Economic"],"inLanguage":"ro-RO","potentialAction":[{"@type":"CommentAction","name":"Comment","target":["https:\/\/urbeamea.ro\/albaiulia\/primaria-ciugud-a-semnat-contractul-pentru-construirea-scolii-viitorului-cea-mai-importanta-investitie-in-educatie-din-istoria-comunei\/#respond"]}]},{"@type":"WebPage","@id":"https:\/\/urbeamea.ro\/albaiulia\/primaria-ciugud-a-semnat-contractul-pentru-construirea-scolii-viitorului-cea-mai-importanta-investitie-in-educatie-din-istoria-comunei\/","url":"https:\/\/urbeamea.ro\/albaiulia\/primaria-ciugud-a-semnat-contractul-pentru-construirea-scolii-viitorului-cea-mai-importanta-investitie-in-educatie-din-istoria-comunei\/","name":"Prim\u0103ria Ciugud a semnat contractul pentru construirea \u0219colii viitorului, cea mai important\u0103 investi\u021bie \u00een educa\u021bie din istoria comunei - Revista Urbea Mea - Revista de Alba","isPartOf":{"@id":"https:\/\/urbeamea.ro\/albaiulia\/#website"},"primaryImageOfPage":{"@id":"https:\/\/urbeamea.ro\/albaiulia\/primaria-ciugud-a-semnat-contractul-pentru-construirea-scolii-viitorului-cea-mai-importanta-investitie-in-educatie-din-istoria-comunei\/#primaryimage"},"image":{"@id":"https:\/\/urbeamea.ro\/albaiulia\/primaria-ciugud-a-semnat-contractul-pentru-construirea-scolii-viitorului-cea-mai-importanta-investitie-in-educatie-din-istoria-comunei\/#primaryimage"},"thumbnailUrl":"https:\/\/urbeamea.ro\/albaiulia\/wp-content\/uploads\/2024\/08\/intrarea-scoala-ciugud-3-1.jpeg","datePublished":"2024-08-30T08:53:46+00:00","dateModified":"2024-08-30T08:53:47+00:00","author":{"@id":"https:\/\/urbeamea.ro\/albaiulia\/#\/schema\/person\/272ae98052f8ee8980f59848df070247"},"description":"Contractul de finan\u021bare a investi\u021biei, \u00een valoare de peste 9 milioane de euro, a fost semnat de ministrul Educa\u021biei, Ligia Deca \u0219i primarul Ciugudului,","breadcrumb":{"@id":"https:\/\/urbeamea.ro\/albaiulia\/primaria-ciugud-a-semnat-contractul-pentru-construirea-scolii-viitorului-cea-mai-importanta-investitie-in-educatie-din-istoria-comunei\/#breadcrumb"},"inLanguage":"ro-RO","potentialAction":[{"@type":"ReadAction","target":["https:\/\/urbeamea.ro\/albaiulia\/primaria-ciugud-a-semnat-contractul-pentru-construirea-scolii-viitorului-cea-mai-importanta-investitie-in-educatie-din-istoria-comunei\/"]}]},{"@type":"ImageObject","inLanguage":"ro-RO","@id":"https:\/\/urbeamea.ro\/albaiulia\/primaria-ciugud-a-semnat-contractul-pentru-construirea-scolii-viitorului-cea-mai-importanta-investitie-in-educatie-din-istoria-comunei\/#primaryimage","url":"https:\/\/urbeamea.ro\/albaiulia\/wp-content\/uploads\/2024\/08\/intrarea-scoala-ciugud-3-1.jpeg","contentUrl":"https:\/\/urbeamea.ro\/albaiulia\/wp-content\/uploads\/2024\/08\/intrarea-scoala-ciugud-3-1.jpeg","width":1920,"height":1080},{"@type":"BreadcrumbList","@id":"https:\/\/urbeamea.ro\/albaiulia\/primaria-ciugud-a-semnat-contractul-pentru-construirea-scolii-viitorului-cea-mai-importanta-investitie-in-educatie-din-istoria-comunei\/#breadcrumb","itemListElement":[{"@type":"ListItem","position":1,"name":"Prima pagin\u0103","item":"https:\/\/urbeamea.ro\/albaiulia\/"},{"@type":"ListItem","position":2,"name":"Prim\u0103ria Ciugud a semnat contractul pentru construirea \u0219colii viitorului, cea mai important\u0103 investi\u021bie \u00een educa\u021bie din istoria comunei"}]},{"@type":"WebSite","@id":"https:\/\/urbeamea.ro\/albaiulia\/#website","url":"https:\/\/urbeamea.ro\/albaiulia\/","name":"Revista Urbea Mea, Stiri urbane","description":"Evenimente \u0219i \u0219tiri din Alba Iulia, Sebe\u0219, Aiud, Blaj","potentialAction":[{"@type":"SearchAction","target":{"@type":"EntryPoint","urlTemplate":"https:\/\/urbeamea.ro\/albaiulia\/?s={search_term_string}"},"query-input":{"@type":"PropertyValueSpecification","valueRequired":true,"valueName":"search_term_string"}}],"inLanguage":"ro-RO"},{"@type":"Person","@id":"https:\/\/urbeamea.ro\/albaiulia\/#\/schema\/person\/272ae98052f8ee8980f59848df070247","name":"Redac\u021bia UrbeaMea","image":{"@type":"ImageObject","inLanguage":"ro-RO","@id":"https:\/\/secure.gravatar.com\/avatar\/9ce5a9435071fa1037e8468053ead8e513dbbff59009d3069aadb85506d85a27?s=96&d=mm&r=g","url":"https:\/\/secure.gravatar.com\/avatar\/9ce5a9435071fa1037e8468053ead8e513dbbff59009d3069aadb85506d85a27?s=96&d=mm&r=g","contentUrl":"https:\/\/secure.gravatar.com\/avatar\/9ce5a9435071fa1037e8468053ead8e513dbbff59009d3069aadb85506d85a27?s=96&d=mm&r=g","caption":"Redac\u021bia UrbeaMea"},"description":"contact@urbeamea.ro","sameAs":["https:\/\/www.urbeamea.ro"],"url":"https:\/\/urbeamea.ro\/albaiulia\/author\/redactia-urbeamea\/"}]}},"_links":{"self":[{"href":"https:\/\/urbeamea.ro\/albaiulia\/wp-json\/wp\/v2\/posts\/113639","targetHints":{"allow":["GET"]}}],"collection":[{"href":"https:\/\/urbeamea.ro\/albaiulia\/wp-json\/wp\/v2\/posts"}],"about":[{"href":"https:\/\/urbeamea.ro\/albaiulia\/wp-json\/wp\/v2\/types\/post"}],"author":[{"embeddable":true,"href":"https:\/\/urbeamea.ro\/albaiulia\/wp-json\/wp\/v2\/users\/16"}],"replies":[{"embeddable":true,"href":"https:\/\/urbeamea.ro\/albaiulia\/wp-json\/wp\/v2\/comments?post=113639"}],"version-history":[{"count":1,"href":"https:\/\/urbeamea.ro\/albaiulia\/wp-json\/wp\/v2\/posts\/113639\/revisions"}],"predecessor-version":[{"id":113645,"href":"https:\/\/urbeamea.ro\/albaiulia\/wp-json\/wp\/v2\/posts\/113639\/revisions\/113645"}],"wp:featuredmedia":[{"embeddable":true,"href":"https:\/\/urbeamea.ro\/albaiulia\/wp-json\/wp\/v2\/media\/113644"}],"wp:attachment":[{"href":"https:\/\/urbeamea.ro\/albaiulia\/wp-json\/wp\/v2\/media?parent=113639"}],"wp:term":[{"taxonomy":"category","embeddable":true,"href":"https:\/\/urbeamea.ro\/albaiulia\/wp-json\/wp\/v2\/categories?post=113639"},{"taxonomy":"post_tag","embeddable":true,"href":"https:\/\/urbeamea.ro\/albaiulia\/wp-json\/wp\/v2\/tags?post=113639"}],"curies":[{"name":"wp","href":"https:\/\/api.w.org\/{rel}","templated":true}]}}