{"id":113675,"date":"2024-08-12T11:28:00","date_gmt":"2024-08-12T08:28:00","guid":{"rendered":"https:\/\/urbeamea.ro\/albaiulia\/?p=113675"},"modified":"2024-09-02T11:34:21","modified_gmt":"2024-09-02T08:34:21","slug":"anunt-privind-organizarea-concursului-pentru-ocuparea-posturilor-vacante-proiect-implementarea-sdl-sebes-cod-proiect-321219","status":"publish","type":"post","link":"https:\/\/urbeamea.ro\/albaiulia\/anunt-privind-organizarea-concursului-pentru-ocuparea-posturilor-vacante-proiect-implementarea-sdl-sebes-cod-proiect-321219\/","title":{"rendered":"ANUN\u021a privind organizarea concursului pentru ocuparea posturilor vacante &#8211; Proiect \u201dImplementarea SDL Sebe\u0219\u201d \u2013 cod proiect 321219"},"content":{"rendered":"\n<ol class=\"wp-block-list\">\n<li>Asocia\u021bia Grupul de Ac\u021biune Local\u0103 Sebe\u0219 anun\u021b\u0103 organizarea concursului pentru ocuparea posturilor vacante din cadrul proiectului Proiect \u201dImplementarea SDL Sebe\u0219\u201d \u2013 cod proiect 321219, dup\u0103 cum urmeaz\u0103:<\/li>\n<\/ol>\n\n\n\n<p><strong>Denumirea func\u021biilor contractuale vacante (perioad\u0103 determinat\u0103 \u2013 durata implement\u0103rii proiectului, norm\u0103 de lucru 4 ore\/zi):<\/strong><\/p>\n\n\n\n<ul class=\"wp-block-list\">\n<li>Manager de proiect<\/li>\n\n\n\n<li>Facilitator<\/li>\n\n\n\n<li>Asistent manager<\/li>\n\n\n\n<li>Responsabil financiar<\/li>\n\n\n\n<li>Expert 1 elaborare ghiduri si proceduri<\/li>\n\n\n\n<li>Expert 2 elaborare ghiduri si proceduri<\/li>\n\n\n\n<li>Responsabil 1 implementare SDL<\/li>\n\n\n\n<li>Responsabil 2 implementare SDL<\/li>\n<\/ul>\n\n\n\n<p>Tipul probelor de concurs : prob\u0103 scris\u0103 \u0219i interviu.<\/p>\n\n\n\n<p>Condi\u021biile specifice pe care trebuie s\u0103 le \u00eendeplineasc\u0103 persoanele care particip\u0103 la concursul pentru ocuparea unui post vacant sunt :<\/p>\n\n\n\n<figure class=\"wp-block-table\"><table class=\"has-fixed-layout\"><tbody><tr><td><strong>Nr.<\/strong><strong><\/strong> <strong>crt.<\/strong><strong><\/strong><\/td><td><strong>Func\u0163ia ocupat\u0103 \u00een proiect \/ Codul ocupa\u0163iei<\/strong><strong><\/strong><\/td><td><strong>Educatie solicitat\u0103 \/ Durat\u0103 solicitat\u0103 (ani)<\/strong><strong><\/strong><\/td><td><strong>Experien\u0163\u0103 solicitat\u0103 \/ Durat\u0103 solicitat\u0103 (ani)<\/strong><strong><\/strong><\/td><td><strong>Competen\u0163e solicitate<\/strong><strong><\/strong><\/td><\/tr><tr><td>1.<\/td><td>Manager de proiect &#8211; 242101_manager proiect<\/td><td>&nbsp; &nbsp;Studii superioare \u00een domeniul tehnic\/ingineresc sau al administratiei publice, stiintelor economice, stiintelor sociale<\/td><td>&nbsp; &nbsp;Nivel de experienta \u2013 vechime \u00een specialitatea studiilor \u2013 minim 3 ani.<\/td><td>Specializari: managementul proiectelor. Limbi straine: nivel conversa\u00feional \u00een cel pu\u00fein o limba de circulatie internationala. Permis de conducere: cat.B Cuno\u0219tin\u021be IT: Cunoasterea la nivel de utilizator a MS Office (Outlook, Word, Excel, Power-Point) sau echivalent<\/td><\/tr><tr><td>2.<\/td><td>Facilitator &#8211; 341204_facilitator de dezvoltare comunitara<\/td><td>&nbsp; Studii superioare \u00een domeniul tehnic\/ingineresc sau al administratiei publice, stiintelor economice, stiintelor sociale<\/td><td>Nivel de experien\u021b\u0103 pe un post cu atribu\u021bii de rela\u021bii publice de cel pu\u021bin 1 an.<\/td><td>Limbi straine: o limba de circula\u021bie interna\u021bionala la nivel conversa\u021bional. Cunostinte IT: Sa cunoasca la nivel de utilizator componente ale MS Office (Word, Excel,PowerPoint) sau echivalent. Caracteristici si abilitati personale: abilit\u0103\u021bi de comunicare.<\/td><\/tr><tr><td>3.<\/td><td>Asistent manager &#8211; 334303_asistent manager &nbsp;<\/td><td>Studii superioare \u00een domeniul stiintelor economice, stiintelor sociale sau stiintelor tehnice. &nbsp;<\/td><td>&nbsp; &nbsp;Nivel de experienta \u2013 vechime \u00een specialitatea studiilor \u2013 minim 1 an. &nbsp; &nbsp; &nbsp;<\/td><td>Instruire\/perfec\u0163ionare\/specializare: Specializari: managementul proiectelor. Limbi straine: o limba de circula\u00feie interna\u00feionala la nivel conversa\u00feional. Cunostinte IT: Sa cunoasca la nivel de utilizator familia MS Office(Outlook, Word, Excel, PowerPoint, MS Project sau echivalent).<\/td><\/tr><tr><td>4.<\/td><td>Responsabil financiar &#8211; 121125_manager financiar<\/td><td>Studii superioare \u00een domeniul stiintelor economice, stiintelor sociale sau stiintelor tehnice. &nbsp;<\/td><td>&nbsp; &nbsp;Nivel de experienta \u2013 vechime \u00een specialitatea studiilor \u2013 minim 1 an. &nbsp; &nbsp; &nbsp;<\/td><td>Instruire\/perfec\u0163ionare\/specializare: Specializari: managementul proiectelor. Limbi straine: o limba de circula\u00feie interna\u00feionala la nivel conversa\u00feional. Cunostinte IT: Sa cunoasca la nivel de utilizator familia MS Office(Outlook, Word, Excel, PowerPoint, MS Project sau echivalent).<\/td><\/tr><tr><td>5.<\/td><td>Expert 1 elaborare ghiduri si proceduri &#8211; 263107_consultant in management<\/td><td>Studii superioare \u00een domeniul stiintelor economice, stiintelor sociale sau stiintelor tehnice. &nbsp;<\/td><td>&nbsp; &nbsp;Nivel de experienta \u2013 vechime \u00een specialitatea studiilor \u2013 minim 1 an. &nbsp; &nbsp; &nbsp;<\/td><td>Instruire\/perfec\u0163ionare\/specializare: Specializari: managementul proiectelor. Limbi straine: o limba de circula\u00feie interna\u00feionala la nivel conversa\u00feional. Cunostinte IT: Sa cunoasca la nivel de utilizator familia MS Office(Outlook, Word, Excel, PowerPoint, MS Project sau echivalent).<\/td><\/tr><tr><td>6.<\/td><td>Expert 2 elaborare ghiduri si proceduri &#8211; 263107_consultant in management<\/td><td>Studii superioare \u00een domeniul stiintelor economice, stiintelor sociale sau stiintelor tehnice. &nbsp;<\/td><td>&nbsp; &nbsp;Nivel de experienta \u2013 vechime \u00een specialitatea studiilor \u2013 minim 1 an. &nbsp; &nbsp; &nbsp;<\/td><td>Instruire\/perfec\u0163ionare\/specializare: Specializari: managementul proiectelor. Limbi straine: o limba de circula\u00feie interna\u00feionala la nivel conversa\u00feional. Cunostinte IT: Sa cunoasca la nivel de utilizator familia MS Office(Outlook, Word, Excel, PowerPoint, MS Project sau echivalent).<\/td><\/tr><tr><td>7.<\/td><td>Responsabil 1 implementare SDL &#8211; 242104_responsabil proces &nbsp;<\/td><td>Studii superioare \u00een domeniul stiintelor economice, stiintelor sociale sau stiintelor tehnice. &nbsp;<\/td><td>&nbsp; &nbsp;Nivel de experienta \u2013 vechime \u00een specialitatea studiilor \u2013 minim 1 an. &nbsp; &nbsp; &nbsp;<\/td><td>Instruire\/perfec\u0163ionare\/specializare: Specializari: managementul proiectelor. Limbi straine: o limba de circula\u00feie interna\u00feionala la nivel conversa\u00feional. Cunostinte IT: Sa cunoasca la nivel de utilizator familia MS Office(Outlook, Word, Excel, PowerPoint, MS Project sau echivalent).<\/td><\/tr><tr><td>8.<\/td><td>Responsabil 2 implementare SDL &#8211; 242104_responsabil proces &nbsp;<\/td><td>Studii superioare \u00een domeniul stiintelor economice, stiintelor sociale sau stiintelor tehnice. &nbsp;<\/td><td>&nbsp; &nbsp;Nivel de experienta \u2013 vechime \u00een specialitatea studiilor \u2013 minim 1 an. &nbsp; &nbsp; &nbsp;<\/td><td>Instruire\/perfec\u0163ionare\/specializare: Specializari: managementul proiectelor. Limbi straine: o limba de circula\u00feie interna\u00feionala la nivel conversa\u00feional. Cunostinte IT: Sa cunoasca la nivel de utilizator familia MS Office(Outlook, Word, Excel, PowerPoint, MS Project sau echivalent).<\/td><\/tr><\/tbody><\/table><\/figure>\n\n\n\n<p>3. Con\u021binutul dosarului de \u00eenscriere: carte de identitate, certificat de na\u0219tere, certificat de c\u0103s\u0103torie (dac\u0103 este cazul), diplome de studii, documente doveditoare ale vechimii \u0219i experien\u021bei \u00een munc\u0103, CV format european.<\/p>\n\n\n\n<p>Data limit\u0103 \u0219i locul de \u00eenscriere: 20.08.2024, ora 16.00, la sediul asocia\u021biei, Pia\u021ba Prim\u0103riei, nr. 1, Sebe\u0219.<\/p>\n\n\n\n<p>Data probei scrise: 22.08.2024, ora 10.00.<\/p>\n\n\n\n<p>Data interviului: 23.08.2024, ora 10.00.<\/p>\n\n\n\n<p><strong>Bibliografie<\/strong><\/p>\n\n\n\n<ol start=\"1\" class=\"wp-block-list\">\n<li>Ordonan\u021ba de urgen\u021b\u0103 a Guvernului nr. 133\/2021 privind gestionarea financiar\u0103 a fondurilor europene pentru perioada de programare 2021-2027 alocate Rom\u00e2niei din Fondul european de dezvoltare regional\u0103, Fondul de coeziune, Fondul social european Plus, Fondul pentru o tranzi\u021bie just\u0103;<\/li>\n\n\n\n<li>Ordonan\u021ba de urgen\u021b\u0103 a Guvernului nr. 36\/2023 privind stabilirea cadrului general pentru \u00eenchiderea programelor opera\u021bionale finan\u021bate \u00een perioada de programare 2014-2020;<\/li>\n\n\n\n<li>Programul Regiunea Centru (PR Centru) 2021-2027;<\/li>\n\n\n\n<li>Programul Incluziune \u0219i Demnitate Social\u0103 (PIDS) 2021-2027;<\/li>\n\n\n\n<li>Strategia de Dezvoltare Local\u0103 a Municipiului Sebe\u0219 \u2013 DLRC;<\/li>\n\n\n\n<li>Manualul beneficiarului PIDS \u2013 2024.<\/li>\n<\/ol>\n\n\n\n<p><strong>2.<\/strong><\/p>\n\n\n\n<p>Asocia\u021bia Grupul de Ac\u021biune Local\u0103 Sebe\u0219 anun\u021b\u0103 organizarea concursului pentru ocuparea posturilor administrative vacante din cadrul proiectului \u201dImplementarea SDL Sebe\u0219\u201d \u2013 cod proiect 321219, dup\u0103 cum urmeaz\u0103:<\/p>\n\n\n\n<p><strong>Denumirea func\u021biilor contractuale vacante (perioad\u0103 determinat\u0103 \u2013 durata implement\u0103rii proiectului, norm\u0103 de lucru 2 ore\/zi):<\/strong><\/p>\n\n\n\n<ul class=\"wp-block-list\">\n<li>Informatician<\/li>\n<\/ul>\n\n\n\n<p>Tipul probelor de concurs : prob\u0103 scris\u0103 \u0219i interviu.<\/p>\n\n\n\n<p>Condi\u021biile specifice pe care trebuie s\u0103 le \u00eendeplineasc\u0103 persoanele care particip\u0103 la concursul pentru ocuparea unui post vacant sunt :<\/p>\n\n\n\n<figure class=\"wp-block-table\"><table class=\"has-fixed-layout\"><tbody><tr><td><strong>Nr.<\/strong><strong><\/strong> <strong>crt<\/strong><strong><\/strong><\/td><td><strong>Func\u0163ia ocupat\u0103 \u00een proiect \/ Codul ocupa\u0163iei<\/strong><strong><\/strong><\/td><td><strong>Educatie solicitat\u0103 \/ Durat\u0103 solicitat\u0103 (ani)<\/strong><strong><\/strong><\/td><td><strong>Experien\u0163\u0103 solicitat\u0103 \/ Durat\u0103 solicitat\u0103 (ani)<\/strong><strong><\/strong><\/td><td><strong>Competen\u0163e solicitate<\/strong><strong><\/strong><\/td><\/tr><tr><td>1.<\/td><td>Informatician &nbsp;<\/td><td>Studii superioare \u00een domeniul informaticii &nbsp;<\/td><td>Nivel de experienta \u2013 vechime \u00een specialitatea studiilor \u2013 minim 1 an.<\/td><td>Cunostinte IT \u0219i de re\u021belistic\u0103, de gestiune a re\u0219elelor informatice.<\/td><\/tr><\/tbody><\/table><\/figure>\n\n\n\n<p>3. Con\u021binutul dosarului de \u00eenscriere: carte de identitate, certificat de na\u0219tere, certificat de c\u0103s\u0103torie (dac\u0103 este cazul), diplome de studii, documente doveditoare ale vechimii \u0219i experien\u021bei \u00een munc\u0103, CV format european.<\/p>\n\n\n\n<p>Data limit\u0103 \u0219i locul de \u00eenscriere: 20.08.2024, ora 16.00, la sediul asocia\u021biei, Pia\u021ba Prim\u0103riei, nr. 1, Sebe\u0219.<\/p>\n\n\n\n<p>Data probei scrise: 22.08.2024, ora 16.00.<\/p>\n\n\n\n<p>Data interviului: 23.08.2024, ora 16.00.<\/p>\n\n\n\n<p><strong>Bibliografie \u0219i tematic\u0103<\/strong><\/p>\n\n\n\n<ol class=\"wp-block-list\">\n<li>Re\u0163ele de comunica\u021bii LAN, WAN, lnternet, Intranet;\u00a0 \u2022 Modelul de referin\u0163\u0103 OSI \u015fi TCP\/IP;\u00a0 \u2022 Arhitecturi, protocoale &#8211; Microsoft, Netware, TCP\/IP;\u00a0 \u2022 Echipamente de re\u0163ea\u015fi de comunica\u0163ie;\u00a0 \u2022 Instal\u0103ri \u015fi configur\u0103ri de echipamente \u00een re\u0163ele locale structurate (switch-uri, routere);\u00a0 \u2022 Administrarea re\u021belelor;\u00a0 \u2022 Securitatea re\u0163elelor;\u00a0 \u2022 lnstal\u0103ri, configur\u0103ri sta\u0163ii de lucru, imprimante;\u00a0 \u2022 Calculatoare personale &#8211; arhitectur\u0103, componente, caracteristici periferice, diagnosticare defecte;\u00a0 \u2022 Administrare sisteme de operare Windows \u015fi Linux \u2022 Instalare \u015fi configurare, utilizare Microsoft Office 2010, 2019, 2021;\u00a0 \u2022 Instalare \u015fi configurare sistem de operare Windows \u015fiLinux;\u00a0 \u2022 Servicii (aplica\u0163ii) lnternet \u0219i protocoale la nivel de aplica\u0163ie (e-mail, World Wide web, transfer de fi\u015fiere, DNS, telnet etc);\u00a0 \u2022 Arhitectur\u0103 client-server; servere \u015fi programe client pentru serviciile lnternet.\u00a0<\/li>\n\n\n\n<li>Programul Incluziune \u0219i Demnitate Social\u0103 (PIDS) 2021-2027;<\/li>\n\n\n\n<li>Strategia de Dezvoltare Local\u0103 a Municipiului Sebe\u0219 \u2013 DLRC;<\/li>\n\n\n\n<li>Manualul beneficiarului PIDS \u2013 2024.<\/li>\n<\/ol>\n","protected":false},"excerpt":{"rendered":"<p>Asocia\u021bia Grupul de Ac\u021biune Local\u0103 Sebe\u0219 anun\u021b\u0103 organizarea concursului pentru ocuparea posturilor vacante din cadrul proiectului Proiect \u201dImplementarea SDL Sebe\u0219\u201d \u2013 cod proiect 321219, dup\u0103 cum urmeaz\u0103: Denumirea func\u021biilor contractuale vacante (perioad\u0103 determinat\u0103 \u2013 durata implement\u0103rii proiectului, norm\u0103 de lucru 4 ore\/zi): Manager de proiect Facilitator Asistent manager Responsabil financiar Expert 1 elaborare ghiduri si &hellip;<\/p>\n","protected":false},"author":16,"featured_media":95119,"comment_status":"open","ping_status":"open","sticky":false,"template":"","format":"standard","meta":{"inline_featured_image":false,"footnotes":""},"categories":[1],"tags":[],"class_list":["post-113675","post","type-post","status-publish","format-standard","has-post-thumbnail","hentry","category-stiri-urbane"],"yoast_head":"<!-- This site is optimized with the Yoast SEO plugin v27.4 - https:\/\/yoast.com\/product\/yoast-seo-wordpress\/ -->\n<title>ANUN\u021a privind organizarea concursului pentru ocuparea posturilor vacante - Proiect \u201dImplementarea SDL Sebe\u0219\u201d \u2013 cod proiect 321219 - Revista Urbea Mea - Revista de Alba<\/title>\n<meta name=\"description\" content=\"Asocia\u021bia Grupul de Ac\u021biune Local\u0103 Sebe\u0219 anun\u021b\u0103 organizarea concursului pentru ocuparea posturilor vacante din cadrul proiectului Proiect \u201dImplementarea\" \/>\n<meta name=\"robots\" content=\"index, follow, max-snippet:-1, max-image-preview:large, max-video-preview:-1\" \/>\n<link rel=\"canonical\" href=\"https:\/\/urbeamea.ro\/albaiulia\/anunt-privind-organizarea-concursului-pentru-ocuparea-posturilor-vacante-proiect-implementarea-sdl-sebes-cod-proiect-321219\/\" \/>\n<meta name=\"twitter:card\" content=\"summary_large_image\" \/>\n<meta name=\"twitter:title\" content=\"ANUN\u021a privind organizarea concursului pentru ocuparea posturilor vacante - Proiect \u201dImplementarea SDL Sebe\u0219\u201d \u2013 cod proiect 321219 - Revista Urbea Mea - Revista de Alba\" \/>\n<meta name=\"twitter:description\" content=\"Asocia\u021bia Grupul de Ac\u021biune Local\u0103 Sebe\u0219 anun\u021b\u0103 organizarea concursului pentru ocuparea posturilor vacante din cadrul proiectului Proiect \u201dImplementarea\" \/>\n<meta name=\"twitter:image\" content=\"https:\/\/urbeamea.ro\/albaiulia\/wp-content\/uploads\/2021\/04\/img_granturi_comunicat-presa.jpg\" \/>\n<meta name=\"twitter:creator\" content=\"@urbeameaweb\" \/>\n<meta name=\"twitter:site\" content=\"@urbeameaweb\" \/>\n<script type=\"application\/ld+json\" class=\"yoast-schema-graph\">{\"@context\":\"https:\\\/\\\/schema.org\",\"@graph\":[{\"@type\":\"Article\",\"@id\":\"https:\\\/\\\/urbeamea.ro\\\/albaiulia\\\/anunt-privind-organizarea-concursului-pentru-ocuparea-posturilor-vacante-proiect-implementarea-sdl-sebes-cod-proiect-321219\\\/#article\",\"isPartOf\":{\"@id\":\"https:\\\/\\\/urbeamea.ro\\\/albaiulia\\\/anunt-privind-organizarea-concursului-pentru-ocuparea-posturilor-vacante-proiect-implementarea-sdl-sebes-cod-proiect-321219\\\/\"},\"author\":{\"name\":\"Redac\u021bia UrbeaMea\",\"@id\":\"https:\\\/\\\/urbeamea.ro\\\/albaiulia\\\/#\\\/schema\\\/person\\\/272ae98052f8ee8980f59848df070247\"},\"headline\":\"ANUN\u021a privind organizarea concursului pentru ocuparea posturilor vacante &#8211; Proiect \u201dImplementarea SDL Sebe\u0219\u201d \u2013 cod proiect 321219\",\"datePublished\":\"2024-08-12T08:28:00+00:00\",\"dateModified\":\"2024-09-02T08:34:21+00:00\",\"mainEntityOfPage\":{\"@id\":\"https:\\\/\\\/urbeamea.ro\\\/albaiulia\\\/anunt-privind-organizarea-concursului-pentru-ocuparea-posturilor-vacante-proiect-implementarea-sdl-sebes-cod-proiect-321219\\\/\"},\"wordCount\":1188,\"commentCount\":0,\"image\":{\"@id\":\"https:\\\/\\\/urbeamea.ro\\\/albaiulia\\\/anunt-privind-organizarea-concursului-pentru-ocuparea-posturilor-vacante-proiect-implementarea-sdl-sebes-cod-proiect-321219\\\/#primaryimage\"},\"thumbnailUrl\":\"https:\\\/\\\/urbeamea.ro\\\/albaiulia\\\/wp-content\\\/uploads\\\/2021\\\/04\\\/img_granturi_comunicat-presa.jpg\",\"articleSection\":[\"\u015etiri Urbane\"],\"inLanguage\":\"ro-RO\",\"potentialAction\":[{\"@type\":\"CommentAction\",\"name\":\"Comment\",\"target\":[\"https:\\\/\\\/urbeamea.ro\\\/albaiulia\\\/anunt-privind-organizarea-concursului-pentru-ocuparea-posturilor-vacante-proiect-implementarea-sdl-sebes-cod-proiect-321219\\\/#respond\"]}]},{\"@type\":\"WebPage\",\"@id\":\"https:\\\/\\\/urbeamea.ro\\\/albaiulia\\\/anunt-privind-organizarea-concursului-pentru-ocuparea-posturilor-vacante-proiect-implementarea-sdl-sebes-cod-proiect-321219\\\/\",\"url\":\"https:\\\/\\\/urbeamea.ro\\\/albaiulia\\\/anunt-privind-organizarea-concursului-pentru-ocuparea-posturilor-vacante-proiect-implementarea-sdl-sebes-cod-proiect-321219\\\/\",\"name\":\"ANUN\u021a privind organizarea concursului pentru ocuparea posturilor vacante - Proiect \u201dImplementarea SDL Sebe\u0219\u201d \u2013 cod proiect 321219 - Revista Urbea Mea - Revista de Alba\",\"isPartOf\":{\"@id\":\"https:\\\/\\\/urbeamea.ro\\\/albaiulia\\\/#website\"},\"primaryImageOfPage\":{\"@id\":\"https:\\\/\\\/urbeamea.ro\\\/albaiulia\\\/anunt-privind-organizarea-concursului-pentru-ocuparea-posturilor-vacante-proiect-implementarea-sdl-sebes-cod-proiect-321219\\\/#primaryimage\"},\"image\":{\"@id\":\"https:\\\/\\\/urbeamea.ro\\\/albaiulia\\\/anunt-privind-organizarea-concursului-pentru-ocuparea-posturilor-vacante-proiect-implementarea-sdl-sebes-cod-proiect-321219\\\/#primaryimage\"},\"thumbnailUrl\":\"https:\\\/\\\/urbeamea.ro\\\/albaiulia\\\/wp-content\\\/uploads\\\/2021\\\/04\\\/img_granturi_comunicat-presa.jpg\",\"datePublished\":\"2024-08-12T08:28:00+00:00\",\"dateModified\":\"2024-09-02T08:34:21+00:00\",\"author\":{\"@id\":\"https:\\\/\\\/urbeamea.ro\\\/albaiulia\\\/#\\\/schema\\\/person\\\/272ae98052f8ee8980f59848df070247\"},\"description\":\"Asocia\u021bia Grupul de Ac\u021biune Local\u0103 Sebe\u0219 anun\u021b\u0103 organizarea concursului pentru ocuparea posturilor vacante din cadrul proiectului Proiect \u201dImplementarea\",\"breadcrumb\":{\"@id\":\"https:\\\/\\\/urbeamea.ro\\\/albaiulia\\\/anunt-privind-organizarea-concursului-pentru-ocuparea-posturilor-vacante-proiect-implementarea-sdl-sebes-cod-proiect-321219\\\/#breadcrumb\"},\"inLanguage\":\"ro-RO\",\"potentialAction\":[{\"@type\":\"ReadAction\",\"target\":[\"https:\\\/\\\/urbeamea.ro\\\/albaiulia\\\/anunt-privind-organizarea-concursului-pentru-ocuparea-posturilor-vacante-proiect-implementarea-sdl-sebes-cod-proiect-321219\\\/\"]}]},{\"@type\":\"ImageObject\",\"inLanguage\":\"ro-RO\",\"@id\":\"https:\\\/\\\/urbeamea.ro\\\/albaiulia\\\/anunt-privind-organizarea-concursului-pentru-ocuparea-posturilor-vacante-proiect-implementarea-sdl-sebes-cod-proiect-321219\\\/#primaryimage\",\"url\":\"https:\\\/\\\/urbeamea.ro\\\/albaiulia\\\/wp-content\\\/uploads\\\/2021\\\/04\\\/img_granturi_comunicat-presa.jpg\",\"contentUrl\":\"https:\\\/\\\/urbeamea.ro\\\/albaiulia\\\/wp-content\\\/uploads\\\/2021\\\/04\\\/img_granturi_comunicat-presa.jpg\",\"width\":1000,\"height\":1000},{\"@type\":\"BreadcrumbList\",\"@id\":\"https:\\\/\\\/urbeamea.ro\\\/albaiulia\\\/anunt-privind-organizarea-concursului-pentru-ocuparea-posturilor-vacante-proiect-implementarea-sdl-sebes-cod-proiect-321219\\\/#breadcrumb\",\"itemListElement\":[{\"@type\":\"ListItem\",\"position\":1,\"name\":\"Prima pagin\u0103\",\"item\":\"https:\\\/\\\/urbeamea.ro\\\/albaiulia\\\/\"},{\"@type\":\"ListItem\",\"position\":2,\"name\":\"ANUN\u021a privind organizarea concursului pentru ocuparea posturilor vacante &#8211; Proiect \u201dImplementarea SDL Sebe\u0219\u201d \u2013 cod proiect 321219\"}]},{\"@type\":\"WebSite\",\"@id\":\"https:\\\/\\\/urbeamea.ro\\\/albaiulia\\\/#website\",\"url\":\"https:\\\/\\\/urbeamea.ro\\\/albaiulia\\\/\",\"name\":\"Revista Urbea Mea, Stiri urbane\",\"description\":\"Evenimente \u0219i \u0219tiri din Alba Iulia, Sebe\u0219, Aiud, Blaj\",\"potentialAction\":[{\"@type\":\"SearchAction\",\"target\":{\"@type\":\"EntryPoint\",\"urlTemplate\":\"https:\\\/\\\/urbeamea.ro\\\/albaiulia\\\/?s={search_term_string}\"},\"query-input\":{\"@type\":\"PropertyValueSpecification\",\"valueRequired\":true,\"valueName\":\"search_term_string\"}}],\"inLanguage\":\"ro-RO\"},{\"@type\":\"Person\",\"@id\":\"https:\\\/\\\/urbeamea.ro\\\/albaiulia\\\/#\\\/schema\\\/person\\\/272ae98052f8ee8980f59848df070247\",\"name\":\"Redac\u021bia UrbeaMea\",\"image\":{\"@type\":\"ImageObject\",\"inLanguage\":\"ro-RO\",\"@id\":\"https:\\\/\\\/secure.gravatar.com\\\/avatar\\\/9ce5a9435071fa1037e8468053ead8e513dbbff59009d3069aadb85506d85a27?s=96&d=mm&r=g\",\"url\":\"https:\\\/\\\/secure.gravatar.com\\\/avatar\\\/9ce5a9435071fa1037e8468053ead8e513dbbff59009d3069aadb85506d85a27?s=96&d=mm&r=g\",\"contentUrl\":\"https:\\\/\\\/secure.gravatar.com\\\/avatar\\\/9ce5a9435071fa1037e8468053ead8e513dbbff59009d3069aadb85506d85a27?s=96&d=mm&r=g\",\"caption\":\"Redac\u021bia UrbeaMea\"},\"description\":\"contact@urbeamea.ro\",\"sameAs\":[\"https:\\\/\\\/www.urbeamea.ro\"],\"url\":\"https:\\\/\\\/urbeamea.ro\\\/albaiulia\\\/author\\\/redactia-urbeamea\\\/\"}]}<\/script>\n<!-- \/ Yoast SEO plugin. -->","yoast_head_json":{"title":"ANUN\u021a privind organizarea concursului pentru ocuparea posturilor vacante - Proiect \u201dImplementarea SDL Sebe\u0219\u201d \u2013 cod proiect 321219 - Revista Urbea Mea - Revista de Alba","description":"Asocia\u021bia Grupul de Ac\u021biune Local\u0103 Sebe\u0219 anun\u021b\u0103 organizarea concursului pentru ocuparea posturilor vacante din cadrul proiectului Proiect \u201dImplementarea","robots":{"index":"index","follow":"follow","max-snippet":"max-snippet:-1","max-image-preview":"max-image-preview:large","max-video-preview":"max-video-preview:-1"},"canonical":"https:\/\/urbeamea.ro\/albaiulia\/anunt-privind-organizarea-concursului-pentru-ocuparea-posturilor-vacante-proiect-implementarea-sdl-sebes-cod-proiect-321219\/","twitter_card":"summary_large_image","twitter_title":"ANUN\u021a privind organizarea concursului pentru ocuparea posturilor vacante - Proiect \u201dImplementarea SDL Sebe\u0219\u201d \u2013 cod proiect 321219 - Revista Urbea Mea - Revista de Alba","twitter_description":"Asocia\u021bia Grupul de Ac\u021biune Local\u0103 Sebe\u0219 anun\u021b\u0103 organizarea concursului pentru ocuparea posturilor vacante din cadrul proiectului Proiect \u201dImplementarea","twitter_image":"https:\/\/urbeamea.ro\/albaiulia\/wp-content\/uploads\/2021\/04\/img_granturi_comunicat-presa.jpg","twitter_creator":"@urbeameaweb","twitter_site":"@urbeameaweb","schema":{"@context":"https:\/\/schema.org","@graph":[{"@type":"Article","@id":"https:\/\/urbeamea.ro\/albaiulia\/anunt-privind-organizarea-concursului-pentru-ocuparea-posturilor-vacante-proiect-implementarea-sdl-sebes-cod-proiect-321219\/#article","isPartOf":{"@id":"https:\/\/urbeamea.ro\/albaiulia\/anunt-privind-organizarea-concursului-pentru-ocuparea-posturilor-vacante-proiect-implementarea-sdl-sebes-cod-proiect-321219\/"},"author":{"name":"Redac\u021bia UrbeaMea","@id":"https:\/\/urbeamea.ro\/albaiulia\/#\/schema\/person\/272ae98052f8ee8980f59848df070247"},"headline":"ANUN\u021a privind organizarea concursului pentru ocuparea posturilor vacante &#8211; Proiect \u201dImplementarea SDL Sebe\u0219\u201d \u2013 cod proiect 321219","datePublished":"2024-08-12T08:28:00+00:00","dateModified":"2024-09-02T08:34:21+00:00","mainEntityOfPage":{"@id":"https:\/\/urbeamea.ro\/albaiulia\/anunt-privind-organizarea-concursului-pentru-ocuparea-posturilor-vacante-proiect-implementarea-sdl-sebes-cod-proiect-321219\/"},"wordCount":1188,"commentCount":0,"image":{"@id":"https:\/\/urbeamea.ro\/albaiulia\/anunt-privind-organizarea-concursului-pentru-ocuparea-posturilor-vacante-proiect-implementarea-sdl-sebes-cod-proiect-321219\/#primaryimage"},"thumbnailUrl":"https:\/\/urbeamea.ro\/albaiulia\/wp-content\/uploads\/2021\/04\/img_granturi_comunicat-presa.jpg","articleSection":["\u015etiri Urbane"],"inLanguage":"ro-RO","potentialAction":[{"@type":"CommentAction","name":"Comment","target":["https:\/\/urbeamea.ro\/albaiulia\/anunt-privind-organizarea-concursului-pentru-ocuparea-posturilor-vacante-proiect-implementarea-sdl-sebes-cod-proiect-321219\/#respond"]}]},{"@type":"WebPage","@id":"https:\/\/urbeamea.ro\/albaiulia\/anunt-privind-organizarea-concursului-pentru-ocuparea-posturilor-vacante-proiect-implementarea-sdl-sebes-cod-proiect-321219\/","url":"https:\/\/urbeamea.ro\/albaiulia\/anunt-privind-organizarea-concursului-pentru-ocuparea-posturilor-vacante-proiect-implementarea-sdl-sebes-cod-proiect-321219\/","name":"ANUN\u021a privind organizarea concursului pentru ocuparea posturilor vacante - Proiect \u201dImplementarea SDL Sebe\u0219\u201d \u2013 cod proiect 321219 - Revista Urbea Mea - Revista de Alba","isPartOf":{"@id":"https:\/\/urbeamea.ro\/albaiulia\/#website"},"primaryImageOfPage":{"@id":"https:\/\/urbeamea.ro\/albaiulia\/anunt-privind-organizarea-concursului-pentru-ocuparea-posturilor-vacante-proiect-implementarea-sdl-sebes-cod-proiect-321219\/#primaryimage"},"image":{"@id":"https:\/\/urbeamea.ro\/albaiulia\/anunt-privind-organizarea-concursului-pentru-ocuparea-posturilor-vacante-proiect-implementarea-sdl-sebes-cod-proiect-321219\/#primaryimage"},"thumbnailUrl":"https:\/\/urbeamea.ro\/albaiulia\/wp-content\/uploads\/2021\/04\/img_granturi_comunicat-presa.jpg","datePublished":"2024-08-12T08:28:00+00:00","dateModified":"2024-09-02T08:34:21+00:00","author":{"@id":"https:\/\/urbeamea.ro\/albaiulia\/#\/schema\/person\/272ae98052f8ee8980f59848df070247"},"description":"Asocia\u021bia Grupul de Ac\u021biune Local\u0103 Sebe\u0219 anun\u021b\u0103 organizarea concursului pentru ocuparea posturilor vacante din cadrul proiectului Proiect \u201dImplementarea","breadcrumb":{"@id":"https:\/\/urbeamea.ro\/albaiulia\/anunt-privind-organizarea-concursului-pentru-ocuparea-posturilor-vacante-proiect-implementarea-sdl-sebes-cod-proiect-321219\/#breadcrumb"},"inLanguage":"ro-RO","potentialAction":[{"@type":"ReadAction","target":["https:\/\/urbeamea.ro\/albaiulia\/anunt-privind-organizarea-concursului-pentru-ocuparea-posturilor-vacante-proiect-implementarea-sdl-sebes-cod-proiect-321219\/"]}]},{"@type":"ImageObject","inLanguage":"ro-RO","@id":"https:\/\/urbeamea.ro\/albaiulia\/anunt-privind-organizarea-concursului-pentru-ocuparea-posturilor-vacante-proiect-implementarea-sdl-sebes-cod-proiect-321219\/#primaryimage","url":"https:\/\/urbeamea.ro\/albaiulia\/wp-content\/uploads\/2021\/04\/img_granturi_comunicat-presa.jpg","contentUrl":"https:\/\/urbeamea.ro\/albaiulia\/wp-content\/uploads\/2021\/04\/img_granturi_comunicat-presa.jpg","width":1000,"height":1000},{"@type":"BreadcrumbList","@id":"https:\/\/urbeamea.ro\/albaiulia\/anunt-privind-organizarea-concursului-pentru-ocuparea-posturilor-vacante-proiect-implementarea-sdl-sebes-cod-proiect-321219\/#breadcrumb","itemListElement":[{"@type":"ListItem","position":1,"name":"Prima pagin\u0103","item":"https:\/\/urbeamea.ro\/albaiulia\/"},{"@type":"ListItem","position":2,"name":"ANUN\u021a privind organizarea concursului pentru ocuparea posturilor vacante &#8211; Proiect \u201dImplementarea SDL Sebe\u0219\u201d \u2013 cod proiect 321219"}]},{"@type":"WebSite","@id":"https:\/\/urbeamea.ro\/albaiulia\/#website","url":"https:\/\/urbeamea.ro\/albaiulia\/","name":"Revista Urbea Mea, Stiri urbane","description":"Evenimente \u0219i \u0219tiri din Alba Iulia, Sebe\u0219, Aiud, Blaj","potentialAction":[{"@type":"SearchAction","target":{"@type":"EntryPoint","urlTemplate":"https:\/\/urbeamea.ro\/albaiulia\/?s={search_term_string}"},"query-input":{"@type":"PropertyValueSpecification","valueRequired":true,"valueName":"search_term_string"}}],"inLanguage":"ro-RO"},{"@type":"Person","@id":"https:\/\/urbeamea.ro\/albaiulia\/#\/schema\/person\/272ae98052f8ee8980f59848df070247","name":"Redac\u021bia UrbeaMea","image":{"@type":"ImageObject","inLanguage":"ro-RO","@id":"https:\/\/secure.gravatar.com\/avatar\/9ce5a9435071fa1037e8468053ead8e513dbbff59009d3069aadb85506d85a27?s=96&d=mm&r=g","url":"https:\/\/secure.gravatar.com\/avatar\/9ce5a9435071fa1037e8468053ead8e513dbbff59009d3069aadb85506d85a27?s=96&d=mm&r=g","contentUrl":"https:\/\/secure.gravatar.com\/avatar\/9ce5a9435071fa1037e8468053ead8e513dbbff59009d3069aadb85506d85a27?s=96&d=mm&r=g","caption":"Redac\u021bia UrbeaMea"},"description":"contact@urbeamea.ro","sameAs":["https:\/\/www.urbeamea.ro"],"url":"https:\/\/urbeamea.ro\/albaiulia\/author\/redactia-urbeamea\/"}]}},"_links":{"self":[{"href":"https:\/\/urbeamea.ro\/albaiulia\/wp-json\/wp\/v2\/posts\/113675","targetHints":{"allow":["GET"]}}],"collection":[{"href":"https:\/\/urbeamea.ro\/albaiulia\/wp-json\/wp\/v2\/posts"}],"about":[{"href":"https:\/\/urbeamea.ro\/albaiulia\/wp-json\/wp\/v2\/types\/post"}],"author":[{"embeddable":true,"href":"https:\/\/urbeamea.ro\/albaiulia\/wp-json\/wp\/v2\/users\/16"}],"replies":[{"embeddable":true,"href":"https:\/\/urbeamea.ro\/albaiulia\/wp-json\/wp\/v2\/comments?post=113675"}],"version-history":[{"count":1,"href":"https:\/\/urbeamea.ro\/albaiulia\/wp-json\/wp\/v2\/posts\/113675\/revisions"}],"predecessor-version":[{"id":113676,"href":"https:\/\/urbeamea.ro\/albaiulia\/wp-json\/wp\/v2\/posts\/113675\/revisions\/113676"}],"wp:featuredmedia":[{"embeddable":true,"href":"https:\/\/urbeamea.ro\/albaiulia\/wp-json\/wp\/v2\/media\/95119"}],"wp:attachment":[{"href":"https:\/\/urbeamea.ro\/albaiulia\/wp-json\/wp\/v2\/media?parent=113675"}],"wp:term":[{"taxonomy":"category","embeddable":true,"href":"https:\/\/urbeamea.ro\/albaiulia\/wp-json\/wp\/v2\/categories?post=113675"},{"taxonomy":"post_tag","embeddable":true,"href":"https:\/\/urbeamea.ro\/albaiulia\/wp-json\/wp\/v2\/tags?post=113675"}],"curies":[{"name":"wp","href":"https:\/\/api.w.org\/{rel}","templated":true}]}}