{"id":113869,"date":"2024-09-13T15:05:34","date_gmt":"2024-09-13T12:05:34","guid":{"rendered":"https:\/\/urbeamea.ro\/albaiulia\/?p=113869"},"modified":"2024-09-13T15:05:36","modified_gmt":"2024-09-13T12:05:36","slug":"schimbarea-comenzii-la-colegiul-national-militar-mihai-viteazul-alba-iulia","status":"publish","type":"post","link":"https:\/\/urbeamea.ro\/albaiulia\/schimbarea-comenzii-la-colegiul-national-militar-mihai-viteazul-alba-iulia\/","title":{"rendered":"Schimbarea comenzii la Colegiul Na\u021bional Militar \u201eMihai Viteazul\u201d Alba Iulia"},"content":{"rendered":"\n<p>Luni, 16 septembrie 2024, \u00eencep\u00e2nd cu ora 14.00, la Colegiul Na\u021bional Militar \u201eMihai Viteazul\u201d Alba Iulia, va avea loc ceremonia militar\u0103 de predare-primire a comenzii \u0219i a Drapelului de Lupt\u0103. Colonelul Marcel Dom\u0219a va preda comanda \u0219i Drapelul de Lupt\u0103 al colegiului colonelului Daniel Josan.<\/p>\n\n\n\n<p>Totodat\u0103, cu aceast\u0103 ocazie, va avea loc \u0219i ceremonia de trecere \u00een rezerv\u0103 a comandantului &nbsp;Colegiului Na\u021bional Militar \u201eMihai Viteazul\u201d, colonelul Marcel Dom\u0219a.<\/p>\n\n\n\n<p><br><br>***<br><br><\/p>\n\n\n\n<p>Colonelul Marcel Dom\u0219a a fost comandantul Colegiului Na\u021bional Militar \u201eMihai Viteazul\u201d Alba Iulia din anul 2010, iar \u00een perioada 2005\u20132010 a \u00eendeplinit func\u021bia de loc\u021biitor al comandantului colegiului. Pe timpul mandatului s\u0103u, Colegiul Na\u021bional Militar \u201eMihai Viteazul\u201d Alba Iulia a ob\u021binut patru titluri de \u201e\u0218coal\u0103 European\u0103\u201d \u0219i titlul de \u201eColegiu Na\u021bional\u201d, iar performan\u021bele \u0219colare ale elevilor au pozi\u021bionat colegiul militar printre cele mai bune institu\u021bii de \u00eenv\u0103\u021b\u0103m\u00e2nt liceal din \u021bar\u0103. De asemenea, institu\u0163ia a \u00eenregistrat \u00een ultimii 14 ani, procent de promovare de 100% la examenul de Bacalaureat. Colonelul Marcel Dom\u0219a \u0219i-a \u00eenceput cariera militar\u0103 \u00een urm\u0103 cu 37 de ani, \u00een anul 1987 odat\u0103 cu absolvirea \u0218colii de Ofi\u021beri Activi \u201eNicolae B\u0103lcescu\u201d din Sibiu, Arma V\u00e2n\u0103tori de munte. Este absolvent al Liceului Militar \u201eMihai Viteazul\u201d Alba Iulia, promo\u021bia 1984, al Academiei de \u00cenalte Studii Militare, promo\u021bia 1994 \u0219i al Universit\u0103\u021bii Na\u0163ionale de Ap\u0103rare &#8222;Carol I&#8221;. Colonelul Marcel Dom\u0219a a participat \u0219i la o misiune \u00een Afganistan \u00een perioada 2003\u20132004, fiind r\u0103spl\u0103tit cu numeroase distinc\u021bii, cele mai importante fiind Ordinul \u201eVirtutea Militar\u0103\u201d \u00een grad de \u201eCavaler\u201d cu \u00eensemn pentru militari \u0219i Ordinul \u201eCredin\u021b\u0103 \u0219i Unire\u201d al Arhiepiscopiei Ortodoxe a Alba Iuliei.<\/p>\n\n\n\n<p>Colonelul Daniel Josan \u0219i-a \u00eenceput cariera militar\u0103 \u00een urm\u0103 cu 28 de ani, \u00een anul 1996 c\u00e2nd a absolvit Institutul Militar de Geniu, Construc\u0163ii \u015fi C\u0103i Ferate &#8222;Panait Donici&#8221;, Arma Geniu, ca \u015fef de promo\u0163ie. De la \u00eenceputul carierei de ofi\u021ber \u0219i p\u00e2n\u0103 \u00een prezent, colonelul Daniel Josan a \u00eendeplinit mai multe func\u021bii \u00een cadrul unor unit\u0103\u021bi de geniu, particip\u00e2nd la mai multe exerci\u021bii militare multina\u021bionale. Timp de doi ani, \u00een perioada 2016-2018, a \u00eendeplinit func\u021bia de \u0219ef al Logisticii \u00een Colegiul Na\u021bional Militar \u201eMihai Viteazul\u201d, iar din anul 2018 \u0219i p\u00e2n\u0103 \u00een prezent, func\u021bia de loc\u021biitor al comandantului colegiului.<\/p>\n","protected":false},"excerpt":{"rendered":"<p>Luni, 16 septembrie 2024, \u00eencep\u00e2nd cu ora 14.00, la Colegiul Na\u021bional Militar \u201eMihai Viteazul\u201d Alba Iulia, va avea loc ceremonia militar\u0103 de predare-primire a comenzii \u0219i a Drapelului de Lupt\u0103. Colonelul Marcel Dom\u0219a va preda comanda \u0219i Drapelul de Lupt\u0103 al colegiului colonelului Daniel Josan. Totodat\u0103, cu aceast\u0103 ocazie, va avea loc \u0219i ceremonia de &hellip;<\/p>\n","protected":false},"author":16,"featured_media":92712,"comment_status":"open","ping_status":"open","sticky":false,"template":"","format":"standard","meta":{"inline_featured_image":false,"footnotes":""},"categories":[1],"tags":[],"class_list":["post-113869","post","type-post","status-publish","format-standard","has-post-thumbnail","hentry","category-stiri-urbane"],"yoast_head":"<!-- This site is optimized with the Yoast SEO plugin v27.4 - https:\/\/yoast.com\/product\/yoast-seo-wordpress\/ -->\n<title>Schimbarea comenzii la Colegiul Na\u021bional Militar \u201eMihai Viteazul\u201d Alba Iulia - Revista Urbea Mea - Revista de Alba<\/title>\n<meta name=\"description\" content=\"Luni, 16 septembrie 2024, \u00eencep\u00e2nd cu ora 14.00, la Colegiul Na\u021bional Militar \u201eMihai Viteazul\u201d Alba Iulia, va avea loc ceremonia militar\u0103 de\" \/>\n<meta name=\"robots\" content=\"index, follow, max-snippet:-1, max-image-preview:large, max-video-preview:-1\" \/>\n<link rel=\"canonical\" href=\"https:\/\/urbeamea.ro\/albaiulia\/schimbarea-comenzii-la-colegiul-national-militar-mihai-viteazul-alba-iulia\/\" \/>\n<meta name=\"twitter:card\" content=\"summary_large_image\" \/>\n<meta name=\"twitter:title\" content=\"Schimbarea comenzii la Colegiul Na\u021bional Militar \u201eMihai Viteazul\u201d Alba Iulia - Revista Urbea Mea - Revista de Alba\" \/>\n<meta name=\"twitter:description\" content=\"Luni, 16 septembrie 2024, \u00eencep\u00e2nd cu ora 14.00, la Colegiul Na\u021bional Militar \u201eMihai Viteazul\u201d Alba Iulia, va avea loc ceremonia militar\u0103 de\" \/>\n<meta name=\"twitter:image\" content=\"https:\/\/urbeamea.ro\/albaiulia\/wp-content\/uploads\/2020\/10\/colegiul-militar.jpg\" \/>\n<meta name=\"twitter:creator\" content=\"@urbeameaweb\" \/>\n<meta name=\"twitter:site\" content=\"@urbeameaweb\" \/>\n<script type=\"application\/ld+json\" class=\"yoast-schema-graph\">{\"@context\":\"https:\\\/\\\/schema.org\",\"@graph\":[{\"@type\":\"Article\",\"@id\":\"https:\\\/\\\/urbeamea.ro\\\/albaiulia\\\/schimbarea-comenzii-la-colegiul-national-militar-mihai-viteazul-alba-iulia\\\/#article\",\"isPartOf\":{\"@id\":\"https:\\\/\\\/urbeamea.ro\\\/albaiulia\\\/schimbarea-comenzii-la-colegiul-national-militar-mihai-viteazul-alba-iulia\\\/\"},\"author\":{\"name\":\"Redac\u021bia UrbeaMea\",\"@id\":\"https:\\\/\\\/urbeamea.ro\\\/albaiulia\\\/#\\\/schema\\\/person\\\/272ae98052f8ee8980f59848df070247\"},\"headline\":\"Schimbarea comenzii la Colegiul Na\u021bional Militar \u201eMihai Viteazul\u201d Alba Iulia\",\"datePublished\":\"2024-09-13T12:05:34+00:00\",\"dateModified\":\"2024-09-13T12:05:36+00:00\",\"mainEntityOfPage\":{\"@id\":\"https:\\\/\\\/urbeamea.ro\\\/albaiulia\\\/schimbarea-comenzii-la-colegiul-national-militar-mihai-viteazul-alba-iulia\\\/\"},\"wordCount\":405,\"commentCount\":0,\"image\":{\"@id\":\"https:\\\/\\\/urbeamea.ro\\\/albaiulia\\\/schimbarea-comenzii-la-colegiul-national-militar-mihai-viteazul-alba-iulia\\\/#primaryimage\"},\"thumbnailUrl\":\"https:\\\/\\\/urbeamea.ro\\\/albaiulia\\\/wp-content\\\/uploads\\\/2020\\\/10\\\/colegiul-militar.jpg\",\"articleSection\":[\"\u015etiri Urbane\"],\"inLanguage\":\"ro-RO\",\"potentialAction\":[{\"@type\":\"CommentAction\",\"name\":\"Comment\",\"target\":[\"https:\\\/\\\/urbeamea.ro\\\/albaiulia\\\/schimbarea-comenzii-la-colegiul-national-militar-mihai-viteazul-alba-iulia\\\/#respond\"]}]},{\"@type\":\"WebPage\",\"@id\":\"https:\\\/\\\/urbeamea.ro\\\/albaiulia\\\/schimbarea-comenzii-la-colegiul-national-militar-mihai-viteazul-alba-iulia\\\/\",\"url\":\"https:\\\/\\\/urbeamea.ro\\\/albaiulia\\\/schimbarea-comenzii-la-colegiul-national-militar-mihai-viteazul-alba-iulia\\\/\",\"name\":\"Schimbarea comenzii la Colegiul Na\u021bional Militar \u201eMihai Viteazul\u201d Alba Iulia - Revista Urbea Mea - Revista de Alba\",\"isPartOf\":{\"@id\":\"https:\\\/\\\/urbeamea.ro\\\/albaiulia\\\/#website\"},\"primaryImageOfPage\":{\"@id\":\"https:\\\/\\\/urbeamea.ro\\\/albaiulia\\\/schimbarea-comenzii-la-colegiul-national-militar-mihai-viteazul-alba-iulia\\\/#primaryimage\"},\"image\":{\"@id\":\"https:\\\/\\\/urbeamea.ro\\\/albaiulia\\\/schimbarea-comenzii-la-colegiul-national-militar-mihai-viteazul-alba-iulia\\\/#primaryimage\"},\"thumbnailUrl\":\"https:\\\/\\\/urbeamea.ro\\\/albaiulia\\\/wp-content\\\/uploads\\\/2020\\\/10\\\/colegiul-militar.jpg\",\"datePublished\":\"2024-09-13T12:05:34+00:00\",\"dateModified\":\"2024-09-13T12:05:36+00:00\",\"author\":{\"@id\":\"https:\\\/\\\/urbeamea.ro\\\/albaiulia\\\/#\\\/schema\\\/person\\\/272ae98052f8ee8980f59848df070247\"},\"description\":\"Luni, 16 septembrie 2024, \u00eencep\u00e2nd cu ora 14.00, la Colegiul Na\u021bional Militar \u201eMihai Viteazul\u201d Alba Iulia, va avea loc ceremonia militar\u0103 de\",\"breadcrumb\":{\"@id\":\"https:\\\/\\\/urbeamea.ro\\\/albaiulia\\\/schimbarea-comenzii-la-colegiul-national-militar-mihai-viteazul-alba-iulia\\\/#breadcrumb\"},\"inLanguage\":\"ro-RO\",\"potentialAction\":[{\"@type\":\"ReadAction\",\"target\":[\"https:\\\/\\\/urbeamea.ro\\\/albaiulia\\\/schimbarea-comenzii-la-colegiul-national-militar-mihai-viteazul-alba-iulia\\\/\"]}]},{\"@type\":\"ImageObject\",\"inLanguage\":\"ro-RO\",\"@id\":\"https:\\\/\\\/urbeamea.ro\\\/albaiulia\\\/schimbarea-comenzii-la-colegiul-national-militar-mihai-viteazul-alba-iulia\\\/#primaryimage\",\"url\":\"https:\\\/\\\/urbeamea.ro\\\/albaiulia\\\/wp-content\\\/uploads\\\/2020\\\/10\\\/colegiul-militar.jpg\",\"contentUrl\":\"https:\\\/\\\/urbeamea.ro\\\/albaiulia\\\/wp-content\\\/uploads\\\/2020\\\/10\\\/colegiul-militar.jpg\",\"width\":1200,\"height\":795},{\"@type\":\"BreadcrumbList\",\"@id\":\"https:\\\/\\\/urbeamea.ro\\\/albaiulia\\\/schimbarea-comenzii-la-colegiul-national-militar-mihai-viteazul-alba-iulia\\\/#breadcrumb\",\"itemListElement\":[{\"@type\":\"ListItem\",\"position\":1,\"name\":\"Prima pagin\u0103\",\"item\":\"https:\\\/\\\/urbeamea.ro\\\/albaiulia\\\/\"},{\"@type\":\"ListItem\",\"position\":2,\"name\":\"Schimbarea comenzii la Colegiul Na\u021bional Militar \u201eMihai Viteazul\u201d Alba Iulia\"}]},{\"@type\":\"WebSite\",\"@id\":\"https:\\\/\\\/urbeamea.ro\\\/albaiulia\\\/#website\",\"url\":\"https:\\\/\\\/urbeamea.ro\\\/albaiulia\\\/\",\"name\":\"Revista Urbea Mea, Stiri urbane\",\"description\":\"Evenimente \u0219i \u0219tiri din Alba Iulia, Sebe\u0219, Aiud, Blaj\",\"potentialAction\":[{\"@type\":\"SearchAction\",\"target\":{\"@type\":\"EntryPoint\",\"urlTemplate\":\"https:\\\/\\\/urbeamea.ro\\\/albaiulia\\\/?s={search_term_string}\"},\"query-input\":{\"@type\":\"PropertyValueSpecification\",\"valueRequired\":true,\"valueName\":\"search_term_string\"}}],\"inLanguage\":\"ro-RO\"},{\"@type\":\"Person\",\"@id\":\"https:\\\/\\\/urbeamea.ro\\\/albaiulia\\\/#\\\/schema\\\/person\\\/272ae98052f8ee8980f59848df070247\",\"name\":\"Redac\u021bia UrbeaMea\",\"image\":{\"@type\":\"ImageObject\",\"inLanguage\":\"ro-RO\",\"@id\":\"https:\\\/\\\/secure.gravatar.com\\\/avatar\\\/9ce5a9435071fa1037e8468053ead8e513dbbff59009d3069aadb85506d85a27?s=96&d=mm&r=g\",\"url\":\"https:\\\/\\\/secure.gravatar.com\\\/avatar\\\/9ce5a9435071fa1037e8468053ead8e513dbbff59009d3069aadb85506d85a27?s=96&d=mm&r=g\",\"contentUrl\":\"https:\\\/\\\/secure.gravatar.com\\\/avatar\\\/9ce5a9435071fa1037e8468053ead8e513dbbff59009d3069aadb85506d85a27?s=96&d=mm&r=g\",\"caption\":\"Redac\u021bia UrbeaMea\"},\"description\":\"contact@urbeamea.ro\",\"sameAs\":[\"https:\\\/\\\/www.urbeamea.ro\"],\"url\":\"https:\\\/\\\/urbeamea.ro\\\/albaiulia\\\/author\\\/redactia-urbeamea\\\/\"}]}<\/script>\n<!-- \/ Yoast SEO plugin. -->","yoast_head_json":{"title":"Schimbarea comenzii la Colegiul Na\u021bional Militar \u201eMihai Viteazul\u201d Alba Iulia - Revista Urbea Mea - Revista de Alba","description":"Luni, 16 septembrie 2024, \u00eencep\u00e2nd cu ora 14.00, la Colegiul Na\u021bional Militar \u201eMihai Viteazul\u201d Alba Iulia, va avea loc ceremonia militar\u0103 de","robots":{"index":"index","follow":"follow","max-snippet":"max-snippet:-1","max-image-preview":"max-image-preview:large","max-video-preview":"max-video-preview:-1"},"canonical":"https:\/\/urbeamea.ro\/albaiulia\/schimbarea-comenzii-la-colegiul-national-militar-mihai-viteazul-alba-iulia\/","twitter_card":"summary_large_image","twitter_title":"Schimbarea comenzii la Colegiul Na\u021bional Militar \u201eMihai Viteazul\u201d Alba Iulia - Revista Urbea Mea - Revista de Alba","twitter_description":"Luni, 16 septembrie 2024, \u00eencep\u00e2nd cu ora 14.00, la Colegiul Na\u021bional Militar \u201eMihai Viteazul\u201d Alba Iulia, va avea loc ceremonia militar\u0103 de","twitter_image":"https:\/\/urbeamea.ro\/albaiulia\/wp-content\/uploads\/2020\/10\/colegiul-militar.jpg","twitter_creator":"@urbeameaweb","twitter_site":"@urbeameaweb","schema":{"@context":"https:\/\/schema.org","@graph":[{"@type":"Article","@id":"https:\/\/urbeamea.ro\/albaiulia\/schimbarea-comenzii-la-colegiul-national-militar-mihai-viteazul-alba-iulia\/#article","isPartOf":{"@id":"https:\/\/urbeamea.ro\/albaiulia\/schimbarea-comenzii-la-colegiul-national-militar-mihai-viteazul-alba-iulia\/"},"author":{"name":"Redac\u021bia UrbeaMea","@id":"https:\/\/urbeamea.ro\/albaiulia\/#\/schema\/person\/272ae98052f8ee8980f59848df070247"},"headline":"Schimbarea comenzii la Colegiul Na\u021bional Militar \u201eMihai Viteazul\u201d Alba Iulia","datePublished":"2024-09-13T12:05:34+00:00","dateModified":"2024-09-13T12:05:36+00:00","mainEntityOfPage":{"@id":"https:\/\/urbeamea.ro\/albaiulia\/schimbarea-comenzii-la-colegiul-national-militar-mihai-viteazul-alba-iulia\/"},"wordCount":405,"commentCount":0,"image":{"@id":"https:\/\/urbeamea.ro\/albaiulia\/schimbarea-comenzii-la-colegiul-national-militar-mihai-viteazul-alba-iulia\/#primaryimage"},"thumbnailUrl":"https:\/\/urbeamea.ro\/albaiulia\/wp-content\/uploads\/2020\/10\/colegiul-militar.jpg","articleSection":["\u015etiri Urbane"],"inLanguage":"ro-RO","potentialAction":[{"@type":"CommentAction","name":"Comment","target":["https:\/\/urbeamea.ro\/albaiulia\/schimbarea-comenzii-la-colegiul-national-militar-mihai-viteazul-alba-iulia\/#respond"]}]},{"@type":"WebPage","@id":"https:\/\/urbeamea.ro\/albaiulia\/schimbarea-comenzii-la-colegiul-national-militar-mihai-viteazul-alba-iulia\/","url":"https:\/\/urbeamea.ro\/albaiulia\/schimbarea-comenzii-la-colegiul-national-militar-mihai-viteazul-alba-iulia\/","name":"Schimbarea comenzii la Colegiul Na\u021bional Militar \u201eMihai Viteazul\u201d Alba Iulia - Revista Urbea Mea - Revista de Alba","isPartOf":{"@id":"https:\/\/urbeamea.ro\/albaiulia\/#website"},"primaryImageOfPage":{"@id":"https:\/\/urbeamea.ro\/albaiulia\/schimbarea-comenzii-la-colegiul-national-militar-mihai-viteazul-alba-iulia\/#primaryimage"},"image":{"@id":"https:\/\/urbeamea.ro\/albaiulia\/schimbarea-comenzii-la-colegiul-national-militar-mihai-viteazul-alba-iulia\/#primaryimage"},"thumbnailUrl":"https:\/\/urbeamea.ro\/albaiulia\/wp-content\/uploads\/2020\/10\/colegiul-militar.jpg","datePublished":"2024-09-13T12:05:34+00:00","dateModified":"2024-09-13T12:05:36+00:00","author":{"@id":"https:\/\/urbeamea.ro\/albaiulia\/#\/schema\/person\/272ae98052f8ee8980f59848df070247"},"description":"Luni, 16 septembrie 2024, \u00eencep\u00e2nd cu ora 14.00, la Colegiul Na\u021bional Militar \u201eMihai Viteazul\u201d Alba Iulia, va avea loc ceremonia militar\u0103 de","breadcrumb":{"@id":"https:\/\/urbeamea.ro\/albaiulia\/schimbarea-comenzii-la-colegiul-national-militar-mihai-viteazul-alba-iulia\/#breadcrumb"},"inLanguage":"ro-RO","potentialAction":[{"@type":"ReadAction","target":["https:\/\/urbeamea.ro\/albaiulia\/schimbarea-comenzii-la-colegiul-national-militar-mihai-viteazul-alba-iulia\/"]}]},{"@type":"ImageObject","inLanguage":"ro-RO","@id":"https:\/\/urbeamea.ro\/albaiulia\/schimbarea-comenzii-la-colegiul-national-militar-mihai-viteazul-alba-iulia\/#primaryimage","url":"https:\/\/urbeamea.ro\/albaiulia\/wp-content\/uploads\/2020\/10\/colegiul-militar.jpg","contentUrl":"https:\/\/urbeamea.ro\/albaiulia\/wp-content\/uploads\/2020\/10\/colegiul-militar.jpg","width":1200,"height":795},{"@type":"BreadcrumbList","@id":"https:\/\/urbeamea.ro\/albaiulia\/schimbarea-comenzii-la-colegiul-national-militar-mihai-viteazul-alba-iulia\/#breadcrumb","itemListElement":[{"@type":"ListItem","position":1,"name":"Prima pagin\u0103","item":"https:\/\/urbeamea.ro\/albaiulia\/"},{"@type":"ListItem","position":2,"name":"Schimbarea comenzii la Colegiul Na\u021bional Militar \u201eMihai Viteazul\u201d Alba Iulia"}]},{"@type":"WebSite","@id":"https:\/\/urbeamea.ro\/albaiulia\/#website","url":"https:\/\/urbeamea.ro\/albaiulia\/","name":"Revista Urbea Mea, Stiri urbane","description":"Evenimente \u0219i \u0219tiri din Alba Iulia, Sebe\u0219, Aiud, Blaj","potentialAction":[{"@type":"SearchAction","target":{"@type":"EntryPoint","urlTemplate":"https:\/\/urbeamea.ro\/albaiulia\/?s={search_term_string}"},"query-input":{"@type":"PropertyValueSpecification","valueRequired":true,"valueName":"search_term_string"}}],"inLanguage":"ro-RO"},{"@type":"Person","@id":"https:\/\/urbeamea.ro\/albaiulia\/#\/schema\/person\/272ae98052f8ee8980f59848df070247","name":"Redac\u021bia UrbeaMea","image":{"@type":"ImageObject","inLanguage":"ro-RO","@id":"https:\/\/secure.gravatar.com\/avatar\/9ce5a9435071fa1037e8468053ead8e513dbbff59009d3069aadb85506d85a27?s=96&d=mm&r=g","url":"https:\/\/secure.gravatar.com\/avatar\/9ce5a9435071fa1037e8468053ead8e513dbbff59009d3069aadb85506d85a27?s=96&d=mm&r=g","contentUrl":"https:\/\/secure.gravatar.com\/avatar\/9ce5a9435071fa1037e8468053ead8e513dbbff59009d3069aadb85506d85a27?s=96&d=mm&r=g","caption":"Redac\u021bia UrbeaMea"},"description":"contact@urbeamea.ro","sameAs":["https:\/\/www.urbeamea.ro"],"url":"https:\/\/urbeamea.ro\/albaiulia\/author\/redactia-urbeamea\/"}]}},"_links":{"self":[{"href":"https:\/\/urbeamea.ro\/albaiulia\/wp-json\/wp\/v2\/posts\/113869","targetHints":{"allow":["GET"]}}],"collection":[{"href":"https:\/\/urbeamea.ro\/albaiulia\/wp-json\/wp\/v2\/posts"}],"about":[{"href":"https:\/\/urbeamea.ro\/albaiulia\/wp-json\/wp\/v2\/types\/post"}],"author":[{"embeddable":true,"href":"https:\/\/urbeamea.ro\/albaiulia\/wp-json\/wp\/v2\/users\/16"}],"replies":[{"embeddable":true,"href":"https:\/\/urbeamea.ro\/albaiulia\/wp-json\/wp\/v2\/comments?post=113869"}],"version-history":[{"count":1,"href":"https:\/\/urbeamea.ro\/albaiulia\/wp-json\/wp\/v2\/posts\/113869\/revisions"}],"predecessor-version":[{"id":113870,"href":"https:\/\/urbeamea.ro\/albaiulia\/wp-json\/wp\/v2\/posts\/113869\/revisions\/113870"}],"wp:featuredmedia":[{"embeddable":true,"href":"https:\/\/urbeamea.ro\/albaiulia\/wp-json\/wp\/v2\/media\/92712"}],"wp:attachment":[{"href":"https:\/\/urbeamea.ro\/albaiulia\/wp-json\/wp\/v2\/media?parent=113869"}],"wp:term":[{"taxonomy":"category","embeddable":true,"href":"https:\/\/urbeamea.ro\/albaiulia\/wp-json\/wp\/v2\/categories?post=113869"},{"taxonomy":"post_tag","embeddable":true,"href":"https:\/\/urbeamea.ro\/albaiulia\/wp-json\/wp\/v2\/tags?post=113869"}],"curies":[{"name":"wp","href":"https:\/\/api.w.org\/{rel}","templated":true}]}}