{"id":113871,"date":"2024-09-13T15:10:34","date_gmt":"2024-09-13T12:10:34","guid":{"rendered":"https:\/\/urbeamea.ro\/albaiulia\/?p=113871"},"modified":"2024-09-13T15:10:36","modified_gmt":"2024-09-13T12:10:36","slug":"sesiune-de-lucru-a-comitetului-de-monitorizare-pentru-programul-regiunea-centru-2021-2027-la-alba-iulia","status":"publish","type":"post","link":"https:\/\/urbeamea.ro\/albaiulia\/sesiune-de-lucru-a-comitetului-de-monitorizare-pentru-programul-regiunea-centru-2021-2027-la-alba-iulia\/","title":{"rendered":"Sesiune de lucru a comitetului de monitorizare pentru programul \u201dRegiunea Centru\u201d 2021-2027 la Alba Iulia"},"content":{"rendered":"\n<p><strong>Palatul Principilor Transilvaniei din Municipiul Alba Iulia a fost gazda reuniunii de lucru a Comitetului de Monitorizare pentru Programul \u201dRegiunea Centru\u201d 2021-2027 (CM PR Centru), \u00een cadrul unui eveniment organizat de ADR Centru, \u00een calitate de Autoritate de Management a Programului <em>\u201dRegiunea Centru\u201d<\/em> 2021-2027 (PR Centru). Mai mult de 40 membri titulari, suplean\u021bi, observatori \u0219i invita\u021bi ai acestui for partenerial, cu rol decizional strategic \u00een procesul de implementare al Programului, au participat fizic la discu\u021biile derulate timp de 2 zile \u00een \u201dCealalt\u0103 Capital\u0103\u201d, \u00een timp ce al\u021bi participan\u021bi s-au implicat \u00een dezbateri de la distan\u021b\u0103, prin sistemul de conferin\u021be online, al\u0103turi de reprezentan\u021bii DG Regio din partea Comisiei Europene.<\/strong><\/p>\n\n\n\n<p>La aceast\u0103 \u0219edin\u021b\u0103 a Comitetului de Monitorizare pentru Programul \u201dRegiunea Centru\u201d a participat delega\u021bia Unit\u0103\u021bii E2 pentru Rom\u00e2nia \u0219i Croa\u021bia din cadrul Directoratului &nbsp;General pentru Politici Regionale \u0219i Dezvoltare Urban\u0103 <em>(DG Regio) <\/em>al Comisiei Europene, condus\u0103 de doamna<em> Aida Liha Matej\u010dek. <\/em>\u00cen deschiderea lucr\u0103rilor, domnii Ion Dumitrel, Pre\u0219edintele Consiliului Jude\u021bean Alba \u0219i al CDR Centru \u0219i Primarul albaiulian Gabriel Codru Ple\u0219a au transmis mesaje de bun venit pentru to\u021bi participan\u021bii, subliniind importan\u021ba dezbaterilor privind proiectele de investi\u021bii din fonduri europene pentru dezvoltarea comunit\u0103\u021bilor din Regiunea Centru.<\/p>\n\n\n\n<figure class=\"wp-block-gallery has-nested-images columns-default is-cropped wp-block-gallery-1 is-layout-flex wp-block-gallery-is-layout-flex\">\n<figure class=\"wp-block-image size-full\"><a href=\"https:\/\/urbeamea.ro\/albaiulia\/wp-content\/uploads\/2024\/09\/Foto18_Vizita-proiecte_PR-Centru_sept2024.jpg\"><img loading=\"lazy\" decoding=\"async\" width=\"1172\" height=\"689\" data-id=\"113872\" src=\"https:\/\/urbeamea.ro\/albaiulia\/wp-content\/uploads\/2024\/09\/Foto18_Vizita-proiecte_PR-Centru_sept2024.jpg\" alt=\"\" class=\"wp-image-113872\" srcset=\"https:\/\/urbeamea.ro\/albaiulia\/wp-content\/uploads\/2024\/09\/Foto18_Vizita-proiecte_PR-Centru_sept2024.jpg 1172w, https:\/\/urbeamea.ro\/albaiulia\/wp-content\/uploads\/2024\/09\/Foto18_Vizita-proiecte_PR-Centru_sept2024-640x376.jpg 640w, https:\/\/urbeamea.ro\/albaiulia\/wp-content\/uploads\/2024\/09\/Foto18_Vizita-proiecte_PR-Centru_sept2024-150x88.jpg 150w, https:\/\/urbeamea.ro\/albaiulia\/wp-content\/uploads\/2024\/09\/Foto18_Vizita-proiecte_PR-Centru_sept2024-768x451.jpg 768w\" sizes=\"auto, (max-width: 1172px) 100vw, 1172px\" \/><\/a><\/figure>\n\n\n\n<figure class=\"wp-block-image size-full\"><a href=\"https:\/\/urbeamea.ro\/albaiulia\/wp-content\/uploads\/2024\/09\/Foto10_Vizita-proiecte_PR-Centru_sept2024.jpg\"><img loading=\"lazy\" decoding=\"async\" width=\"1227\" height=\"743\" data-id=\"113873\" src=\"https:\/\/urbeamea.ro\/albaiulia\/wp-content\/uploads\/2024\/09\/Foto10_Vizita-proiecte_PR-Centru_sept2024.jpg\" alt=\"\" class=\"wp-image-113873\" srcset=\"https:\/\/urbeamea.ro\/albaiulia\/wp-content\/uploads\/2024\/09\/Foto10_Vizita-proiecte_PR-Centru_sept2024.jpg 1227w, https:\/\/urbeamea.ro\/albaiulia\/wp-content\/uploads\/2024\/09\/Foto10_Vizita-proiecte_PR-Centru_sept2024-640x388.jpg 640w, https:\/\/urbeamea.ro\/albaiulia\/wp-content\/uploads\/2024\/09\/Foto10_Vizita-proiecte_PR-Centru_sept2024-150x91.jpg 150w, https:\/\/urbeamea.ro\/albaiulia\/wp-content\/uploads\/2024\/09\/Foto10_Vizita-proiecte_PR-Centru_sept2024-768x465.jpg 768w\" sizes=\"auto, (max-width: 1227px) 100vw, 1227px\" \/><\/a><\/figure>\n<\/figure>\n\n\n\n<p>Lucr\u0103rile sesiunii Comitetului de Monitorizare PR Centru au debutat cu analiza la zi a stadiului implement\u0103rii programului \u00een Regiunea noastr\u0103. La nivel regional, sunt lansate 22 apeluri de proiecte (inclusiv cel pentru Asisten\u021ba Tehnic\u0103), av\u00e2nd o alocare total\u0103 de peste un miliard euro, ceea ce reprezint\u0103 aproximativ 78% din alocarea aferent\u0103 \u00eentregului PR Centru, care este \u00een total de 1,38 miliarde euro. A fost lansat \u0219i un ghid de finan\u021bare aferent apelurilor corespunz\u0103toare proiectelor etapizate, \u00een cadrul c\u0103ruia gradul de contractare este de aproape 100%. \u00cen acela\u0219i timp, pentru 7 apeluri de proiecte ghidurile sunt sau au fost \u00een consultare public\u0103, urm\u00e2nd a fi lansate \u00een scurt timp apelurile de proiecte, iar pentru alte 3 apeluri ghidurile sunt \u00een proces de elaborare.<\/p>\n\n\n\n<p>\u00cen cadrul apelurilor lansate la nivel regional, situa\u021bia la data de 31 august 2024 indic\u0103 faptul c\u0103 au fost depuse 1368 cereri de finan\u021bare, a c\u0103ror valoare total\u0103 este de peste 1,5 miliarde euro, din care suma solicitat\u0103 este de 1.001,38 milioane euro. Dintre aceste cereri de finan\u021bare, 186 proiecte au fost contractate sau sunt \u00een proces de contractare, av\u00e2nd o valoare total\u0103 de peste 568 milioane euro, din care suma nerambursabil\u0103 solicitat\u0103 este de 380,11 milioane euro.<\/p>\n\n\n\n<p>P\u00e2n\u0103 \u00een prezent, \u00een cadrul acestui program au fost depuse cereri de rambursare\/plat\u0103\/prefinan\u021bare cu o valoare de peste 21 milioane euro.<\/p>\n\n\n\n<blockquote class=\"wp-block-quote is-layout-flow wp-block-quote-is-layout-flow\">\n<p><em>\u0218i \u00een cadrul acestei Sesiuni de lucru a Comitetului de Monitorizare am abordat teme pragmatice privind implementarea PR Centru. Discu\u021biile au fost active \u0219i am analizat, \u00eempreun\u0103 cu partenerii no\u0219tri de la Comisia European\u0103, dar \u0219i cu membrii acestui Comitet, modalitatea prin care proiectele depuse se vor transforma \u00een investi\u021bii concrete pentru dezvoltare regional\u0103. Implementarea Programului\u00a0\u201eRegiunea Centru\u201d se desf\u0103\u0219oar\u0103 \u00een ritm accelerat, fiind f\u0103cute, la \u00eenceputul acestui semestru al anului 2024, primele pl\u0103\u021bi pentru beneficiari. Urm\u0103rim ca deciziile s\u0103 fie luate transparent \u0219i descentralizat, pentru absorb\u021bia eficient\u0103 a fondurilor europene \u00een valoare de peste 1,38 miliarde euro de care dispunem prin program. Experien\u021ba noastr\u0103 \u00een derularea de proiecte trebuie s\u0103 ne fie sprijin \u0219i participan\u021bii la aceast\u0103 reuniune de lucru au v\u0103zut concret impactul investi\u021biilor realizate de beneficiari din jude\u021bul Alba, \u00een cadrul unei vizite desf\u0103\u0219urate la obiective din Alba Iulia \u0219i Sebe\u0219. Avem toate premisele pentru a transforma resursele de care dispunem, aproape dublu dec\u00e2t ne-a fost alocat \u00een urm\u0103 cu 10 ani, \u00een construc\u021bii durabile pentru cet\u0103\u021beni. \u00cen urm\u0103 cu un an aveam mai pu\u021bin de 20 cereri de finan\u021bare depuse, iar acum num\u0103rul acestora este de aproape 70 ori mai mare \u0219i va continua s\u0103 creasc\u0103. Proiectele bune trebuie s\u0103 produc\u0103 efecte pozitive \u00een mediul socio-economic din Regiunea Centru c\u00e2t mai repede posibil<\/em>.<\/p>\n\n\n\n<p>Simion Cre\u021bu, Director general ADR Centru Pre\u0219edinte al Comitetului de Monitorizare pentru PR Centru<\/p>\n<\/blockquote>\n\n\n\n<figure class=\"wp-block-gallery has-nested-images columns-default is-cropped wp-block-gallery-2 is-layout-flex wp-block-gallery-is-layout-flex\">\n<figure class=\"wp-block-image size-full\"><a href=\"https:\/\/urbeamea.ro\/albaiulia\/wp-content\/uploads\/2024\/09\/Foto14_Vizita-proiecte_PR-Centru_sept2024.jpg\"><img loading=\"lazy\" decoding=\"async\" width=\"1150\" height=\"638\" data-id=\"113876\" src=\"https:\/\/urbeamea.ro\/albaiulia\/wp-content\/uploads\/2024\/09\/Foto14_Vizita-proiecte_PR-Centru_sept2024.jpg\" alt=\"\" class=\"wp-image-113876\" srcset=\"https:\/\/urbeamea.ro\/albaiulia\/wp-content\/uploads\/2024\/09\/Foto14_Vizita-proiecte_PR-Centru_sept2024.jpg 1150w, https:\/\/urbeamea.ro\/albaiulia\/wp-content\/uploads\/2024\/09\/Foto14_Vizita-proiecte_PR-Centru_sept2024-640x355.jpg 640w, https:\/\/urbeamea.ro\/albaiulia\/wp-content\/uploads\/2024\/09\/Foto14_Vizita-proiecte_PR-Centru_sept2024-150x83.jpg 150w, https:\/\/urbeamea.ro\/albaiulia\/wp-content\/uploads\/2024\/09\/Foto14_Vizita-proiecte_PR-Centru_sept2024-768x426.jpg 768w\" sizes=\"auto, (max-width: 1150px) 100vw, 1150px\" \/><\/a><\/figure>\n\n\n\n<figure class=\"wp-block-image size-full\"><a href=\"https:\/\/urbeamea.ro\/albaiulia\/wp-content\/uploads\/2024\/09\/Foto17_Vizita-proiecte_PR-Centru_sept2024.jpg\"><img loading=\"lazy\" decoding=\"async\" width=\"1000\" height=\"565\" data-id=\"113875\" src=\"https:\/\/urbeamea.ro\/albaiulia\/wp-content\/uploads\/2024\/09\/Foto17_Vizita-proiecte_PR-Centru_sept2024.jpg\" alt=\"\" class=\"wp-image-113875\" srcset=\"https:\/\/urbeamea.ro\/albaiulia\/wp-content\/uploads\/2024\/09\/Foto17_Vizita-proiecte_PR-Centru_sept2024.jpg 1000w, https:\/\/urbeamea.ro\/albaiulia\/wp-content\/uploads\/2024\/09\/Foto17_Vizita-proiecte_PR-Centru_sept2024-640x362.jpg 640w, https:\/\/urbeamea.ro\/albaiulia\/wp-content\/uploads\/2024\/09\/Foto17_Vizita-proiecte_PR-Centru_sept2024-150x85.jpg 150w, https:\/\/urbeamea.ro\/albaiulia\/wp-content\/uploads\/2024\/09\/Foto17_Vizita-proiecte_PR-Centru_sept2024-768x434.jpg 768w, https:\/\/urbeamea.ro\/albaiulia\/wp-content\/uploads\/2024\/09\/Foto17_Vizita-proiecte_PR-Centru_sept2024-390x220.jpg 390w\" sizes=\"auto, (max-width: 1000px) 100vw, 1000px\" \/><\/a><\/figure>\n\n\n\n<figure class=\"wp-block-image size-full\"><a href=\"https:\/\/urbeamea.ro\/albaiulia\/wp-content\/uploads\/2024\/09\/Foto13_Vizita-proiecte_PR-Centru_sept2024.jpg\"><img loading=\"lazy\" decoding=\"async\" width=\"1139\" height=\"733\" data-id=\"113874\" src=\"https:\/\/urbeamea.ro\/albaiulia\/wp-content\/uploads\/2024\/09\/Foto13_Vizita-proiecte_PR-Centru_sept2024.jpg\" alt=\"\" class=\"wp-image-113874\" srcset=\"https:\/\/urbeamea.ro\/albaiulia\/wp-content\/uploads\/2024\/09\/Foto13_Vizita-proiecte_PR-Centru_sept2024.jpg 1139w, https:\/\/urbeamea.ro\/albaiulia\/wp-content\/uploads\/2024\/09\/Foto13_Vizita-proiecte_PR-Centru_sept2024-640x412.jpg 640w, https:\/\/urbeamea.ro\/albaiulia\/wp-content\/uploads\/2024\/09\/Foto13_Vizita-proiecte_PR-Centru_sept2024-150x97.jpg 150w, https:\/\/urbeamea.ro\/albaiulia\/wp-content\/uploads\/2024\/09\/Foto13_Vizita-proiecte_PR-Centru_sept2024-768x494.jpg 768w\" sizes=\"auto, (max-width: 1139px) 100vw, 1139px\" \/><\/a><\/figure>\n<\/figure>\n\n\n\n<div data-wp-interactive=\"core\/file\" class=\"wp-block-file\"><object data-wp-bind--hidden=\"!state.hasPdfPreview\" hidden class=\"wp-block-file__embed\" data=\"https:\/\/urbeamea.ro\/albaiulia\/wp-content\/uploads\/2024\/09\/Prezentare_Stadiu-implementare_PR-Centru_sept2024.pdf\" type=\"application\/pdf\" style=\"width:100%;height:600px\" aria-label=\"\u00cenglobare pentru Prezentare_Stadiu-implementare_PR-Centru_sept2024.\"><\/object><a id=\"wp-block-file--media-007ec165-2081-4963-9a1f-b98b19174026\" href=\"https:\/\/urbeamea.ro\/albaiulia\/wp-content\/uploads\/2024\/09\/Prezentare_Stadiu-implementare_PR-Centru_sept2024.pdf\">Prezentare_Stadiu-implementare_PR-Centru_sept2024<\/a><a href=\"https:\/\/urbeamea.ro\/albaiulia\/wp-content\/uploads\/2024\/09\/Prezentare_Stadiu-implementare_PR-Centru_sept2024.pdf\" class=\"wp-block-file__button wp-element-button\" download aria-describedby=\"wp-block-file--media-007ec165-2081-4963-9a1f-b98b19174026\">Descarc\u0103<\/a><\/div>\n\n\n\n<p><strong><em>Alte informa\u021bii<\/em><\/strong><\/p>\n\n\n\n<p>Discu\u021biile din cadrul Reuniunii de la Alba Iulia au vizat preg\u0103tirea deciziilor CM PR Centru prin care vor fi aprobate metodologiile \u0219i criteriile de eligibilitate \u0219i selec\u021bie pentru dou\u0103 apeluri din cadrul PR Centru. Este vorba despre deciziile privind aprobarea metodologiei \u0219i criteriilor de eligibilitate \u0219i selec\u021bie pentru Prioritatea 1 \u2013 O REGIUNE COMPETITIV\u0102 PRIN INOVARE \u0218I \u00ceNTREPRINDERI DINAMICE PENTRU O ECONOMIE INTELIGENT\u0102, Interven\u021bia 1.3.1 Trecerea de la idee la pia\u021b\u0103, actualizat\u0103 \u0219i pentru Prioritatea 7 \u2013 O REGIUNE CU TURISM SUSTENABIL, Actiunea 7.2 Cre\u0219terea incluziunii sociale a copiilor \u0219i tinerilor prin dezvoltarea activelor turistice publice \u0219i a serviciilor turistice adresate lor. Au fost abordate mai multe aspecte tehnice, referitoare la implementarea instrumentelor financiare la nivelul PR Centru \u0219i la implementarea Planului de Evaluare al Programului. \u00cen cadrul reuniunii a fost aprobat \u00een unanimitate Proiectul de decizie privind aprobarea metodologiei \u0219i criteriilor de evaluare \u0219i selec\u021bie aferente Priorit\u0103\u021bii 9 &#8211; Asisten\u021b\u0103 Tehnic\u0103 a Programului Regiunea Centru 2021-2027, actualizat\u0103.<\/p>\n\n\n\n<p>De asemenea, alte teme discutate au inclus prezent\u0103ri referitoare la metodologia \u0219i criteriilor de evaluare \u0219i selec\u021bie pentru patru apeluri din cadrul Priorit\u0103\u021bii 1 \u2013 O REGIUNE COMPETITIV\u0102 PRIN INOVARE \u0218I \u00ceNTREPRINDERI DINAMICE PENTRU O ECONOMIE INTELIGENT\u0102. Este vorba despre: <em>Interven\u021bia 1.2.1 Participarea IMM-urilor \u0219i organiza\u021biilor CDI \u00een structuri, parteneriate \u0219i programe de colaborare<\/em>; <em>Interven\u021bia &#8211; 1.2.2 Clustere inovative<\/em>; <em>Interven\u021bia 1.5.1 &#8211; Incubatoare si acceleratoare de afaceri; Interven\u021bia 1.1.1 Dezvoltarea capacit\u0103\u021bilor publice de CDI. <\/em>A fost abordat\u0103 \u0219i tema privind modificarea mecanismului de selec\u021bie pentru Interven\u021bia 7.1.2 &#8211; Protejarea \u0219i valorificarea \u00een scop turistic a patrimoniului natural \u0219i a resurselor balneare.<\/p>\n\n\n\n<p>Din perspectiva Sistemului de Management \u0219i Control a Programului a fost aprobat \u00een unanimitate Regulamentul actualizat de Organizare \u0219i Func\u021bionare a Comitetului de Monitorizare a Programului \u201dRegiunea Centru\u201d, fiind discutate Planul de ac\u021biune pentru sprijinirea grupurilor vulnerabile \u00een cadrul PR Centru \u0219i viitorul Politicii de coeziune post-2027.<\/p>\n\n\n\n<p>Un aspect important pentru participan\u021bii la reuniunea CM PR Centru de la Alba Iulia a constat \u00een organizarea de c\u0103tre ADR Centru a unei vizite la \u0219ase proiecte finan\u021bate prin Programul Opera\u021bional Regional 2014-2020. Cinci dintre obiectivele vizitate sunt din municipiul Alba Iulia \u0219i reprezint\u0103 investi\u021bii implementate de UAT Jude\u021bul Alba \u0219i UAT Municipiul Alba Iulia, iar cel de-al \u0219aselea este o investi\u021bie realizat\u0103 de UAT Municipiul Sebe\u0219. Valoarea total\u0103 a acestor proiecte dep\u0103\u0219e\u0219te 50 milioane euro. Proiectele prezentate \u00een Alba Iulia, pe l\u00e2ng\u0103 investi\u021bia deosebit\u0103 \u00een Palatul Principilor, au vizat \u00eembun\u0103t\u0103\u021birea mobilit\u0103\u021bii urbane durabile, realizarea c\u0103ilor de acces \u0219i a unor modalit\u0103\u021bi alternative de transport, inclusiv prin achizi\u021bionarea mijloacelor de transport public nepoluante. De asemenea, \u00eentr-un cartier marginalizat a fost v\u0103zut \u201din situ\u201d cea mai mare investi\u021bie \u00een domeniul social din regiune. Resursele nerambursabile au fost folosite de administra\u021bia jude\u021bean\u0103 pentru cre\u0219terea calit\u0103\u021bii actului medical, la Spitalul Jude\u021bean de Urgen\u021b\u0103, unde s-au prezentat efectele activit\u0103\u021bilor de reabilitare energetic\u0103, lucr\u0103rile de extindere \u0219i modernizare a unit\u0103\u021bii de primire urgen\u021be, precum \u0219i felul \u00een care arat\u0103 dup\u0103 modernizare ambulatoriul integrat al spitalului. La Sebe\u0219, participantii au vizitat cel mai mare \u0219i mai bine echipat Liceu Tehnologic din Transilvania, construit integral de la \u201d0\u201d, cu fonduri publice. Participan\u021bi la aceste vizite au fost unanim de acord c\u0103 investi\u021biile realizate \u00een perioada 2014-2020 constituie cele foarte bune exemple de bune practici pentru cererile de finan\u021bare care se depun \u00een actuala perioad\u0103 \u00een cadrul Programului \u201dRegiunea Centru\u201d.<\/p>\n","protected":false},"excerpt":{"rendered":"<p>Palatul Principilor Transilvaniei din Municipiul Alba Iulia a fost gazda reuniunii de lucru a Comitetului de Monitorizare pentru Programul \u201dRegiunea Centru\u201d 2021-2027 (CM PR Centru), \u00een cadrul unui eveniment organizat de ADR Centru, \u00een calitate de Autoritate de Management a Programului \u201dRegiunea Centru\u201d 2021-2027 (PR Centru). Mai mult de 40 membri titulari, suplean\u021bi, observatori \u0219i &hellip;<\/p>\n","protected":false},"author":16,"featured_media":113877,"comment_status":"open","ping_status":"open","sticky":false,"template":"","format":"standard","meta":{"inline_featured_image":false,"footnotes":""},"categories":[4],"tags":[],"class_list":["post-113871","post","type-post","status-publish","format-standard","has-post-thumbnail","hentry","category-eveniment"],"yoast_head":"<!-- This site is optimized with the Yoast SEO plugin v27.4 - https:\/\/yoast.com\/product\/yoast-seo-wordpress\/ -->\n<title>Sesiune de lucru a comitetului de monitorizare pentru programul \u201dRegiunea Centru\u201d 2021-2027 la Alba Iulia - Revista Urbea Mea - Revista de Alba<\/title>\n<meta name=\"description\" content=\"Palatul Principilor Transilvaniei din Municipiul Alba Iulia a fost gazda reuniunii de lucru a Comitetului de Monitorizare pentru Programul \u201dRegiunea\" \/>\n<meta name=\"robots\" content=\"index, follow, max-snippet:-1, max-image-preview:large, max-video-preview:-1\" \/>\n<link rel=\"canonical\" href=\"https:\/\/urbeamea.ro\/albaiulia\/sesiune-de-lucru-a-comitetului-de-monitorizare-pentru-programul-regiunea-centru-2021-2027-la-alba-iulia\/\" \/>\n<meta name=\"twitter:card\" content=\"summary_large_image\" \/>\n<meta name=\"twitter:title\" content=\"Sesiune de lucru a comitetului de monitorizare pentru programul \u201dRegiunea Centru\u201d 2021-2027 la Alba Iulia - Revista Urbea Mea - Revista de Alba\" \/>\n<meta name=\"twitter:description\" content=\"Palatul Principilor Transilvaniei din Municipiul Alba Iulia a fost gazda reuniunii de lucru a Comitetului de Monitorizare pentru Programul \u201dRegiunea\" \/>\n<meta name=\"twitter:image\" content=\"https:\/\/urbeamea.ro\/albaiulia\/wp-content\/uploads\/2024\/09\/Foto2_Sedinta_CM_PR-Centru_sept2024.jpg\" \/>\n<meta name=\"twitter:creator\" content=\"@urbeameaweb\" \/>\n<meta name=\"twitter:site\" content=\"@urbeameaweb\" \/>\n<script type=\"application\/ld+json\" class=\"yoast-schema-graph\">{\"@context\":\"https:\\\/\\\/schema.org\",\"@graph\":[{\"@type\":\"Article\",\"@id\":\"https:\\\/\\\/urbeamea.ro\\\/albaiulia\\\/sesiune-de-lucru-a-comitetului-de-monitorizare-pentru-programul-regiunea-centru-2021-2027-la-alba-iulia\\\/#article\",\"isPartOf\":{\"@id\":\"https:\\\/\\\/urbeamea.ro\\\/albaiulia\\\/sesiune-de-lucru-a-comitetului-de-monitorizare-pentru-programul-regiunea-centru-2021-2027-la-alba-iulia\\\/\"},\"author\":{\"name\":\"Redac\u021bia UrbeaMea\",\"@id\":\"https:\\\/\\\/urbeamea.ro\\\/albaiulia\\\/#\\\/schema\\\/person\\\/272ae98052f8ee8980f59848df070247\"},\"headline\":\"Sesiune de lucru a comitetului de monitorizare pentru programul \u201dRegiunea Centru\u201d 2021-2027 la Alba Iulia\",\"datePublished\":\"2024-09-13T12:10:34+00:00\",\"dateModified\":\"2024-09-13T12:10:36+00:00\",\"mainEntityOfPage\":{\"@id\":\"https:\\\/\\\/urbeamea.ro\\\/albaiulia\\\/sesiune-de-lucru-a-comitetului-de-monitorizare-pentru-programul-regiunea-centru-2021-2027-la-alba-iulia\\\/\"},\"wordCount\":1297,\"commentCount\":0,\"image\":{\"@id\":\"https:\\\/\\\/urbeamea.ro\\\/albaiulia\\\/sesiune-de-lucru-a-comitetului-de-monitorizare-pentru-programul-regiunea-centru-2021-2027-la-alba-iulia\\\/#primaryimage\"},\"thumbnailUrl\":\"https:\\\/\\\/urbeamea.ro\\\/albaiulia\\\/wp-content\\\/uploads\\\/2024\\\/09\\\/Foto2_Sedinta_CM_PR-Centru_sept2024.jpg\",\"articleSection\":[\"Evenimente\"],\"inLanguage\":\"ro-RO\",\"potentialAction\":[{\"@type\":\"CommentAction\",\"name\":\"Comment\",\"target\":[\"https:\\\/\\\/urbeamea.ro\\\/albaiulia\\\/sesiune-de-lucru-a-comitetului-de-monitorizare-pentru-programul-regiunea-centru-2021-2027-la-alba-iulia\\\/#respond\"]}]},{\"@type\":\"WebPage\",\"@id\":\"https:\\\/\\\/urbeamea.ro\\\/albaiulia\\\/sesiune-de-lucru-a-comitetului-de-monitorizare-pentru-programul-regiunea-centru-2021-2027-la-alba-iulia\\\/\",\"url\":\"https:\\\/\\\/urbeamea.ro\\\/albaiulia\\\/sesiune-de-lucru-a-comitetului-de-monitorizare-pentru-programul-regiunea-centru-2021-2027-la-alba-iulia\\\/\",\"name\":\"Sesiune de lucru a comitetului de monitorizare pentru programul \u201dRegiunea Centru\u201d 2021-2027 la Alba Iulia - Revista Urbea Mea - Revista de Alba\",\"isPartOf\":{\"@id\":\"https:\\\/\\\/urbeamea.ro\\\/albaiulia\\\/#website\"},\"primaryImageOfPage\":{\"@id\":\"https:\\\/\\\/urbeamea.ro\\\/albaiulia\\\/sesiune-de-lucru-a-comitetului-de-monitorizare-pentru-programul-regiunea-centru-2021-2027-la-alba-iulia\\\/#primaryimage\"},\"image\":{\"@id\":\"https:\\\/\\\/urbeamea.ro\\\/albaiulia\\\/sesiune-de-lucru-a-comitetului-de-monitorizare-pentru-programul-regiunea-centru-2021-2027-la-alba-iulia\\\/#primaryimage\"},\"thumbnailUrl\":\"https:\\\/\\\/urbeamea.ro\\\/albaiulia\\\/wp-content\\\/uploads\\\/2024\\\/09\\\/Foto2_Sedinta_CM_PR-Centru_sept2024.jpg\",\"datePublished\":\"2024-09-13T12:10:34+00:00\",\"dateModified\":\"2024-09-13T12:10:36+00:00\",\"author\":{\"@id\":\"https:\\\/\\\/urbeamea.ro\\\/albaiulia\\\/#\\\/schema\\\/person\\\/272ae98052f8ee8980f59848df070247\"},\"description\":\"Palatul Principilor Transilvaniei din Municipiul Alba Iulia a fost gazda reuniunii de lucru a Comitetului de Monitorizare pentru Programul \u201dRegiunea\",\"breadcrumb\":{\"@id\":\"https:\\\/\\\/urbeamea.ro\\\/albaiulia\\\/sesiune-de-lucru-a-comitetului-de-monitorizare-pentru-programul-regiunea-centru-2021-2027-la-alba-iulia\\\/#breadcrumb\"},\"inLanguage\":\"ro-RO\",\"potentialAction\":[{\"@type\":\"ReadAction\",\"target\":[\"https:\\\/\\\/urbeamea.ro\\\/albaiulia\\\/sesiune-de-lucru-a-comitetului-de-monitorizare-pentru-programul-regiunea-centru-2021-2027-la-alba-iulia\\\/\"]}]},{\"@type\":\"ImageObject\",\"inLanguage\":\"ro-RO\",\"@id\":\"https:\\\/\\\/urbeamea.ro\\\/albaiulia\\\/sesiune-de-lucru-a-comitetului-de-monitorizare-pentru-programul-regiunea-centru-2021-2027-la-alba-iulia\\\/#primaryimage\",\"url\":\"https:\\\/\\\/urbeamea.ro\\\/albaiulia\\\/wp-content\\\/uploads\\\/2024\\\/09\\\/Foto2_Sedinta_CM_PR-Centru_sept2024.jpg\",\"contentUrl\":\"https:\\\/\\\/urbeamea.ro\\\/albaiulia\\\/wp-content\\\/uploads\\\/2024\\\/09\\\/Foto2_Sedinta_CM_PR-Centru_sept2024.jpg\",\"width\":1112,\"height\":573},{\"@type\":\"BreadcrumbList\",\"@id\":\"https:\\\/\\\/urbeamea.ro\\\/albaiulia\\\/sesiune-de-lucru-a-comitetului-de-monitorizare-pentru-programul-regiunea-centru-2021-2027-la-alba-iulia\\\/#breadcrumb\",\"itemListElement\":[{\"@type\":\"ListItem\",\"position\":1,\"name\":\"Prima pagin\u0103\",\"item\":\"https:\\\/\\\/urbeamea.ro\\\/albaiulia\\\/\"},{\"@type\":\"ListItem\",\"position\":2,\"name\":\"Sesiune de lucru a comitetului de monitorizare pentru programul \u201dRegiunea Centru\u201d 2021-2027 la Alba Iulia\"}]},{\"@type\":\"WebSite\",\"@id\":\"https:\\\/\\\/urbeamea.ro\\\/albaiulia\\\/#website\",\"url\":\"https:\\\/\\\/urbeamea.ro\\\/albaiulia\\\/\",\"name\":\"Revista Urbea Mea, Stiri urbane\",\"description\":\"Evenimente \u0219i \u0219tiri din Alba Iulia, Sebe\u0219, Aiud, Blaj\",\"potentialAction\":[{\"@type\":\"SearchAction\",\"target\":{\"@type\":\"EntryPoint\",\"urlTemplate\":\"https:\\\/\\\/urbeamea.ro\\\/albaiulia\\\/?s={search_term_string}\"},\"query-input\":{\"@type\":\"PropertyValueSpecification\",\"valueRequired\":true,\"valueName\":\"search_term_string\"}}],\"inLanguage\":\"ro-RO\"},{\"@type\":\"Person\",\"@id\":\"https:\\\/\\\/urbeamea.ro\\\/albaiulia\\\/#\\\/schema\\\/person\\\/272ae98052f8ee8980f59848df070247\",\"name\":\"Redac\u021bia UrbeaMea\",\"image\":{\"@type\":\"ImageObject\",\"inLanguage\":\"ro-RO\",\"@id\":\"https:\\\/\\\/secure.gravatar.com\\\/avatar\\\/9ce5a9435071fa1037e8468053ead8e513dbbff59009d3069aadb85506d85a27?s=96&d=mm&r=g\",\"url\":\"https:\\\/\\\/secure.gravatar.com\\\/avatar\\\/9ce5a9435071fa1037e8468053ead8e513dbbff59009d3069aadb85506d85a27?s=96&d=mm&r=g\",\"contentUrl\":\"https:\\\/\\\/secure.gravatar.com\\\/avatar\\\/9ce5a9435071fa1037e8468053ead8e513dbbff59009d3069aadb85506d85a27?s=96&d=mm&r=g\",\"caption\":\"Redac\u021bia UrbeaMea\"},\"description\":\"contact@urbeamea.ro\",\"sameAs\":[\"https:\\\/\\\/www.urbeamea.ro\"],\"url\":\"https:\\\/\\\/urbeamea.ro\\\/albaiulia\\\/author\\\/redactia-urbeamea\\\/\"}]}<\/script>\n<!-- \/ Yoast SEO plugin. -->","yoast_head_json":{"title":"Sesiune de lucru a comitetului de monitorizare pentru programul \u201dRegiunea Centru\u201d 2021-2027 la Alba Iulia - Revista Urbea Mea - Revista de Alba","description":"Palatul Principilor Transilvaniei din Municipiul Alba Iulia a fost gazda reuniunii de lucru a Comitetului de Monitorizare pentru Programul \u201dRegiunea","robots":{"index":"index","follow":"follow","max-snippet":"max-snippet:-1","max-image-preview":"max-image-preview:large","max-video-preview":"max-video-preview:-1"},"canonical":"https:\/\/urbeamea.ro\/albaiulia\/sesiune-de-lucru-a-comitetului-de-monitorizare-pentru-programul-regiunea-centru-2021-2027-la-alba-iulia\/","twitter_card":"summary_large_image","twitter_title":"Sesiune de lucru a comitetului de monitorizare pentru programul \u201dRegiunea Centru\u201d 2021-2027 la Alba Iulia - Revista Urbea Mea - Revista de Alba","twitter_description":"Palatul Principilor Transilvaniei din Municipiul Alba Iulia a fost gazda reuniunii de lucru a Comitetului de Monitorizare pentru Programul \u201dRegiunea","twitter_image":"https:\/\/urbeamea.ro\/albaiulia\/wp-content\/uploads\/2024\/09\/Foto2_Sedinta_CM_PR-Centru_sept2024.jpg","twitter_creator":"@urbeameaweb","twitter_site":"@urbeameaweb","schema":{"@context":"https:\/\/schema.org","@graph":[{"@type":"Article","@id":"https:\/\/urbeamea.ro\/albaiulia\/sesiune-de-lucru-a-comitetului-de-monitorizare-pentru-programul-regiunea-centru-2021-2027-la-alba-iulia\/#article","isPartOf":{"@id":"https:\/\/urbeamea.ro\/albaiulia\/sesiune-de-lucru-a-comitetului-de-monitorizare-pentru-programul-regiunea-centru-2021-2027-la-alba-iulia\/"},"author":{"name":"Redac\u021bia UrbeaMea","@id":"https:\/\/urbeamea.ro\/albaiulia\/#\/schema\/person\/272ae98052f8ee8980f59848df070247"},"headline":"Sesiune de lucru a comitetului de monitorizare pentru programul \u201dRegiunea Centru\u201d 2021-2027 la Alba Iulia","datePublished":"2024-09-13T12:10:34+00:00","dateModified":"2024-09-13T12:10:36+00:00","mainEntityOfPage":{"@id":"https:\/\/urbeamea.ro\/albaiulia\/sesiune-de-lucru-a-comitetului-de-monitorizare-pentru-programul-regiunea-centru-2021-2027-la-alba-iulia\/"},"wordCount":1297,"commentCount":0,"image":{"@id":"https:\/\/urbeamea.ro\/albaiulia\/sesiune-de-lucru-a-comitetului-de-monitorizare-pentru-programul-regiunea-centru-2021-2027-la-alba-iulia\/#primaryimage"},"thumbnailUrl":"https:\/\/urbeamea.ro\/albaiulia\/wp-content\/uploads\/2024\/09\/Foto2_Sedinta_CM_PR-Centru_sept2024.jpg","articleSection":["Evenimente"],"inLanguage":"ro-RO","potentialAction":[{"@type":"CommentAction","name":"Comment","target":["https:\/\/urbeamea.ro\/albaiulia\/sesiune-de-lucru-a-comitetului-de-monitorizare-pentru-programul-regiunea-centru-2021-2027-la-alba-iulia\/#respond"]}]},{"@type":"WebPage","@id":"https:\/\/urbeamea.ro\/albaiulia\/sesiune-de-lucru-a-comitetului-de-monitorizare-pentru-programul-regiunea-centru-2021-2027-la-alba-iulia\/","url":"https:\/\/urbeamea.ro\/albaiulia\/sesiune-de-lucru-a-comitetului-de-monitorizare-pentru-programul-regiunea-centru-2021-2027-la-alba-iulia\/","name":"Sesiune de lucru a comitetului de monitorizare pentru programul \u201dRegiunea Centru\u201d 2021-2027 la Alba Iulia - Revista Urbea Mea - Revista de Alba","isPartOf":{"@id":"https:\/\/urbeamea.ro\/albaiulia\/#website"},"primaryImageOfPage":{"@id":"https:\/\/urbeamea.ro\/albaiulia\/sesiune-de-lucru-a-comitetului-de-monitorizare-pentru-programul-regiunea-centru-2021-2027-la-alba-iulia\/#primaryimage"},"image":{"@id":"https:\/\/urbeamea.ro\/albaiulia\/sesiune-de-lucru-a-comitetului-de-monitorizare-pentru-programul-regiunea-centru-2021-2027-la-alba-iulia\/#primaryimage"},"thumbnailUrl":"https:\/\/urbeamea.ro\/albaiulia\/wp-content\/uploads\/2024\/09\/Foto2_Sedinta_CM_PR-Centru_sept2024.jpg","datePublished":"2024-09-13T12:10:34+00:00","dateModified":"2024-09-13T12:10:36+00:00","author":{"@id":"https:\/\/urbeamea.ro\/albaiulia\/#\/schema\/person\/272ae98052f8ee8980f59848df070247"},"description":"Palatul Principilor Transilvaniei din Municipiul Alba Iulia a fost gazda reuniunii de lucru a Comitetului de Monitorizare pentru Programul \u201dRegiunea","breadcrumb":{"@id":"https:\/\/urbeamea.ro\/albaiulia\/sesiune-de-lucru-a-comitetului-de-monitorizare-pentru-programul-regiunea-centru-2021-2027-la-alba-iulia\/#breadcrumb"},"inLanguage":"ro-RO","potentialAction":[{"@type":"ReadAction","target":["https:\/\/urbeamea.ro\/albaiulia\/sesiune-de-lucru-a-comitetului-de-monitorizare-pentru-programul-regiunea-centru-2021-2027-la-alba-iulia\/"]}]},{"@type":"ImageObject","inLanguage":"ro-RO","@id":"https:\/\/urbeamea.ro\/albaiulia\/sesiune-de-lucru-a-comitetului-de-monitorizare-pentru-programul-regiunea-centru-2021-2027-la-alba-iulia\/#primaryimage","url":"https:\/\/urbeamea.ro\/albaiulia\/wp-content\/uploads\/2024\/09\/Foto2_Sedinta_CM_PR-Centru_sept2024.jpg","contentUrl":"https:\/\/urbeamea.ro\/albaiulia\/wp-content\/uploads\/2024\/09\/Foto2_Sedinta_CM_PR-Centru_sept2024.jpg","width":1112,"height":573},{"@type":"BreadcrumbList","@id":"https:\/\/urbeamea.ro\/albaiulia\/sesiune-de-lucru-a-comitetului-de-monitorizare-pentru-programul-regiunea-centru-2021-2027-la-alba-iulia\/#breadcrumb","itemListElement":[{"@type":"ListItem","position":1,"name":"Prima pagin\u0103","item":"https:\/\/urbeamea.ro\/albaiulia\/"},{"@type":"ListItem","position":2,"name":"Sesiune de lucru a comitetului de monitorizare pentru programul \u201dRegiunea Centru\u201d 2021-2027 la Alba Iulia"}]},{"@type":"WebSite","@id":"https:\/\/urbeamea.ro\/albaiulia\/#website","url":"https:\/\/urbeamea.ro\/albaiulia\/","name":"Revista Urbea Mea, Stiri urbane","description":"Evenimente \u0219i \u0219tiri din Alba Iulia, Sebe\u0219, Aiud, Blaj","potentialAction":[{"@type":"SearchAction","target":{"@type":"EntryPoint","urlTemplate":"https:\/\/urbeamea.ro\/albaiulia\/?s={search_term_string}"},"query-input":{"@type":"PropertyValueSpecification","valueRequired":true,"valueName":"search_term_string"}}],"inLanguage":"ro-RO"},{"@type":"Person","@id":"https:\/\/urbeamea.ro\/albaiulia\/#\/schema\/person\/272ae98052f8ee8980f59848df070247","name":"Redac\u021bia UrbeaMea","image":{"@type":"ImageObject","inLanguage":"ro-RO","@id":"https:\/\/secure.gravatar.com\/avatar\/9ce5a9435071fa1037e8468053ead8e513dbbff59009d3069aadb85506d85a27?s=96&d=mm&r=g","url":"https:\/\/secure.gravatar.com\/avatar\/9ce5a9435071fa1037e8468053ead8e513dbbff59009d3069aadb85506d85a27?s=96&d=mm&r=g","contentUrl":"https:\/\/secure.gravatar.com\/avatar\/9ce5a9435071fa1037e8468053ead8e513dbbff59009d3069aadb85506d85a27?s=96&d=mm&r=g","caption":"Redac\u021bia UrbeaMea"},"description":"contact@urbeamea.ro","sameAs":["https:\/\/www.urbeamea.ro"],"url":"https:\/\/urbeamea.ro\/albaiulia\/author\/redactia-urbeamea\/"}]}},"_links":{"self":[{"href":"https:\/\/urbeamea.ro\/albaiulia\/wp-json\/wp\/v2\/posts\/113871","targetHints":{"allow":["GET"]}}],"collection":[{"href":"https:\/\/urbeamea.ro\/albaiulia\/wp-json\/wp\/v2\/posts"}],"about":[{"href":"https:\/\/urbeamea.ro\/albaiulia\/wp-json\/wp\/v2\/types\/post"}],"author":[{"embeddable":true,"href":"https:\/\/urbeamea.ro\/albaiulia\/wp-json\/wp\/v2\/users\/16"}],"replies":[{"embeddable":true,"href":"https:\/\/urbeamea.ro\/albaiulia\/wp-json\/wp\/v2\/comments?post=113871"}],"version-history":[{"count":1,"href":"https:\/\/urbeamea.ro\/albaiulia\/wp-json\/wp\/v2\/posts\/113871\/revisions"}],"predecessor-version":[{"id":113879,"href":"https:\/\/urbeamea.ro\/albaiulia\/wp-json\/wp\/v2\/posts\/113871\/revisions\/113879"}],"wp:featuredmedia":[{"embeddable":true,"href":"https:\/\/urbeamea.ro\/albaiulia\/wp-json\/wp\/v2\/media\/113877"}],"wp:attachment":[{"href":"https:\/\/urbeamea.ro\/albaiulia\/wp-json\/wp\/v2\/media?parent=113871"}],"wp:term":[{"taxonomy":"category","embeddable":true,"href":"https:\/\/urbeamea.ro\/albaiulia\/wp-json\/wp\/v2\/categories?post=113871"},{"taxonomy":"post_tag","embeddable":true,"href":"https:\/\/urbeamea.ro\/albaiulia\/wp-json\/wp\/v2\/tags?post=113871"}],"curies":[{"name":"wp","href":"https:\/\/api.w.org\/{rel}","templated":true}]}}