{"id":113880,"date":"2024-09-13T16:03:30","date_gmt":"2024-09-13T13:03:30","guid":{"rendered":"https:\/\/urbeamea.ro\/albaiulia\/?p=113880"},"modified":"2024-09-13T16:04:00","modified_gmt":"2024-09-13T13:04:00","slug":"luni-biblioteca-judeteana-lucian-blaga-din-alba-iulia-va-primi-vizita-unei-delegatii-ambasadei-statelor-unite-ale-americii","status":"publish","type":"post","link":"https:\/\/urbeamea.ro\/albaiulia\/luni-biblioteca-judeteana-lucian-blaga-din-alba-iulia-va-primi-vizita-unei-delegatii-ambasadei-statelor-unite-ale-americii\/","title":{"rendered":"Luni: Biblioteca Jude\u021bean\u0103 &#8222;Lucian Blaga&#8221; din Alba Iulia, va primi vizita unei delega\u021bii din partea Ambasadei Statelor Unite ale Americii"},"content":{"rendered":"\n<p><strong>Luni, 16 septembrie 2024, la ora 15:30, o delega\u021bie de la Ambasada Statelor Unite ale Americii din Bucure\u0219ti va fi prezent\u0103 la Biblioteca Jude\u021bean\u0103 \u201eLucian Blaga\u201d Alba pentru o scurt\u0103 vizit\u0103 care va debuta cu prezentarea colec\u021biei de carte \u0219i a activit\u0103\u021bii bibliotecii jude\u021bene, urmat\u0103 de vizionarea colec\u021biei American Shelf (Raftul American) Alba Iulia.<\/strong><\/p>\n\n\n\n<p> \u00cen cadrul \u00eent\u00e2lnirii se vor pune bazele proiectelor \u0219i colabor\u0103rilor viitoare dintre Ambasada Statelor Unite ale Americii la Bucure\u0219ti \u0219i Biblioteca Jude\u021bean\u0103 \u201eLucian Blaga\u201d Alba.<\/p>\n\n\n\n<p>Din delega\u021bia ambasadei americane va face parte doamna Violeta Talandis, reprezentantul regional pentru Rom\u00e2nia, Republica Moldova \u0219i Ucraina, care aduce recomand\u0103ri de la Washington pentru Spa\u021biile Americane din \u021b\u0103rile men\u021bionate.<\/p>\n\n\n\n<p> Violeta Talandis va fi \u00eenso\u021bit\u0103 de Irina Ni\u021bu, American Spaces Director.<\/p>\n\n\n\n<p>\u00cen anul 2018, Ambasada S.U.A. la Bucure\u015fti a inaugurat la Biblioteca Jude\u0163ean\u0103 \u201eLucian Blaga\u201d Alba o colec\u021bie de carte intitulat\u0103 Raftul American (American Shelf) Alba Iulia. <\/p>\n\n\n\n<p>Raftul American (American Shelf) Alba Iulia reprezint\u0103 o dona\u0163ie de carte ce ofer\u0103 acces la informa\u021bii diversificate despre cultura \u015fi valorile americane \u0219i a fost, la momentul inaugur\u0103rii, un important pas \u00een colaborarea dintre Ambasada Statelor Unite la Bucure\u0219ti, Consiliul Jude\u021bean Alba \u0219i Biblioteca Jude\u021bean\u0103 \u201eLucian Blaga\u201d Alba, \u00eenspre crearea de pun\u021bi de cunoa\u0219tere reciproc\u0103 \u00eentre cele dou\u0103 \u021b\u0103ri \u0219i de promovare a valorilor lor comune.<\/p>\n\n\n\n<figure class=\"wp-block-image size-full\"><img loading=\"lazy\" decoding=\"async\" width=\"1000\" height=\"660\" src=\"https:\/\/urbeamea.ro\/albaiulia\/wp-content\/uploads\/2024\/09\/1000011310.jpg\" alt=\"\" class=\"wp-image-113881\" srcset=\"https:\/\/urbeamea.ro\/albaiulia\/wp-content\/uploads\/2024\/09\/1000011310.jpg 1000w, https:\/\/urbeamea.ro\/albaiulia\/wp-content\/uploads\/2024\/09\/1000011310-640x422.jpg 640w, https:\/\/urbeamea.ro\/albaiulia\/wp-content\/uploads\/2024\/09\/1000011310-150x99.jpg 150w, https:\/\/urbeamea.ro\/albaiulia\/wp-content\/uploads\/2024\/09\/1000011310-768x507.jpg 768w\" sizes=\"auto, (max-width: 1000px) 100vw, 1000px\" \/><\/figure>\n","protected":false},"excerpt":{"rendered":"<p>Luni, 16 septembrie 2024, la ora 15:30, o delega\u021bie de la Ambasada Statelor Unite ale Americii din Bucure\u0219ti va fi prezent\u0103 la Biblioteca Jude\u021bean\u0103 \u201eLucian Blaga\u201d Alba pentru o scurt\u0103 vizit\u0103 care va debuta cu prezentarea colec\u021biei de carte \u0219i a activit\u0103\u021bii bibliotecii jude\u021bene, urmat\u0103 de vizionarea colec\u021biei American Shelf (Raftul American) Alba Iulia. \u00cen &hellip;<\/p>\n","protected":false},"author":28,"featured_media":113881,"comment_status":"open","ping_status":"open","sticky":false,"template":"","format":"standard","meta":{"inline_featured_image":false,"footnotes":""},"categories":[23926,2038,4,2034],"tags":[2113],"class_list":["post-113880","post","type-post","status-publish","format-standard","has-post-thumbnail","hentry","category-actualitate","category-cultura","category-eveniment","category-social","tag-biblioteca-judeteana-lucian-blaga-alba"],"yoast_head":"<!-- This site is optimized with the Yoast SEO plugin v27.4 - https:\/\/yoast.com\/product\/yoast-seo-wordpress\/ -->\n<title>Luni: Biblioteca Jude\u021bean\u0103 &quot;Lucian Blaga&quot; din Alba Iulia, va primi vizita unei delega\u021bii din partea Ambasadei Statelor Unite ale Americii - Revista Urbea Mea - Revista de Alba<\/title>\n<meta name=\"description\" content=\"Luni, 16 septembrie 2024, la ora 15:30, o delega\u021bie de la Ambasada Statelor Unite ale Americii din Bucure\u0219ti va fi prezent\u0103 la Biblioteca Jude\u021bean\u0103\" \/>\n<meta name=\"robots\" content=\"index, follow, max-snippet:-1, max-image-preview:large, max-video-preview:-1\" \/>\n<link rel=\"canonical\" href=\"https:\/\/urbeamea.ro\/albaiulia\/luni-biblioteca-judeteana-lucian-blaga-din-alba-iulia-va-primi-vizita-unei-delegatii-ambasadei-statelor-unite-ale-americii\/\" \/>\n<meta name=\"twitter:card\" content=\"summary_large_image\" \/>\n<meta name=\"twitter:title\" content=\"Luni: Biblioteca Jude\u021bean\u0103 &quot;Lucian Blaga&quot; din Alba Iulia, va primi vizita unei delega\u021bii din partea Ambasadei Statelor Unite ale Americii - Revista Urbea Mea - Revista de Alba\" \/>\n<meta name=\"twitter:description\" content=\"Luni, 16 septembrie 2024, la ora 15:30, o delega\u021bie de la Ambasada Statelor Unite ale Americii din Bucure\u0219ti va fi prezent\u0103 la Biblioteca Jude\u021bean\u0103\" \/>\n<meta name=\"twitter:image\" content=\"https:\/\/urbeamea.ro\/albaiulia\/wp-content\/uploads\/2024\/09\/1000011310.jpg\" \/>\n<meta name=\"twitter:creator\" content=\"@urbeameaweb\" \/>\n<meta name=\"twitter:site\" content=\"@urbeameaweb\" \/>\n<script type=\"application\/ld+json\" class=\"yoast-schema-graph\">{\"@context\":\"https:\\\/\\\/schema.org\",\"@graph\":[{\"@type\":\"Article\",\"@id\":\"https:\\\/\\\/urbeamea.ro\\\/albaiulia\\\/luni-biblioteca-judeteana-lucian-blaga-din-alba-iulia-va-primi-vizita-unei-delegatii-ambasadei-statelor-unite-ale-americii\\\/#article\",\"isPartOf\":{\"@id\":\"https:\\\/\\\/urbeamea.ro\\\/albaiulia\\\/luni-biblioteca-judeteana-lucian-blaga-din-alba-iulia-va-primi-vizita-unei-delegatii-ambasadei-statelor-unite-ale-americii\\\/\"},\"author\":{\"name\":\"Giurca Sorin\",\"@id\":\"https:\\\/\\\/urbeamea.ro\\\/albaiulia\\\/#\\\/schema\\\/person\\\/5db3854ac38c1cc9f0ab4092d6a20f02\"},\"headline\":\"Luni: Biblioteca Jude\u021bean\u0103 &#8222;Lucian Blaga&#8221; din Alba Iulia, va primi vizita unei delega\u021bii din partea Ambasadei Statelor Unite ale Americii\",\"datePublished\":\"2024-09-13T13:03:30+00:00\",\"dateModified\":\"2024-09-13T13:04:00+00:00\",\"mainEntityOfPage\":{\"@id\":\"https:\\\/\\\/urbeamea.ro\\\/albaiulia\\\/luni-biblioteca-judeteana-lucian-blaga-din-alba-iulia-va-primi-vizita-unei-delegatii-ambasadei-statelor-unite-ale-americii\\\/\"},\"wordCount\":261,\"commentCount\":0,\"image\":{\"@id\":\"https:\\\/\\\/urbeamea.ro\\\/albaiulia\\\/luni-biblioteca-judeteana-lucian-blaga-din-alba-iulia-va-primi-vizita-unei-delegatii-ambasadei-statelor-unite-ale-americii\\\/#primaryimage\"},\"thumbnailUrl\":\"https:\\\/\\\/urbeamea.ro\\\/albaiulia\\\/wp-content\\\/uploads\\\/2024\\\/09\\\/1000011310.jpg\",\"keywords\":[\"Biblioteca Jude\u0163ean\u0103 \u201cLucian Blaga\u201d Alba\"],\"articleSection\":[\"Actualitate\",\"Cultur\u0103\",\"Evenimente\",\"Social\"],\"inLanguage\":\"ro-RO\",\"potentialAction\":[{\"@type\":\"CommentAction\",\"name\":\"Comment\",\"target\":[\"https:\\\/\\\/urbeamea.ro\\\/albaiulia\\\/luni-biblioteca-judeteana-lucian-blaga-din-alba-iulia-va-primi-vizita-unei-delegatii-ambasadei-statelor-unite-ale-americii\\\/#respond\"]}]},{\"@type\":\"WebPage\",\"@id\":\"https:\\\/\\\/urbeamea.ro\\\/albaiulia\\\/luni-biblioteca-judeteana-lucian-blaga-din-alba-iulia-va-primi-vizita-unei-delegatii-ambasadei-statelor-unite-ale-americii\\\/\",\"url\":\"https:\\\/\\\/urbeamea.ro\\\/albaiulia\\\/luni-biblioteca-judeteana-lucian-blaga-din-alba-iulia-va-primi-vizita-unei-delegatii-ambasadei-statelor-unite-ale-americii\\\/\",\"name\":\"Luni: Biblioteca Jude\u021bean\u0103 \\\"Lucian Blaga\\\" din Alba Iulia, va primi vizita unei delega\u021bii din partea Ambasadei Statelor Unite ale Americii - Revista Urbea Mea - Revista de Alba\",\"isPartOf\":{\"@id\":\"https:\\\/\\\/urbeamea.ro\\\/albaiulia\\\/#website\"},\"primaryImageOfPage\":{\"@id\":\"https:\\\/\\\/urbeamea.ro\\\/albaiulia\\\/luni-biblioteca-judeteana-lucian-blaga-din-alba-iulia-va-primi-vizita-unei-delegatii-ambasadei-statelor-unite-ale-americii\\\/#primaryimage\"},\"image\":{\"@id\":\"https:\\\/\\\/urbeamea.ro\\\/albaiulia\\\/luni-biblioteca-judeteana-lucian-blaga-din-alba-iulia-va-primi-vizita-unei-delegatii-ambasadei-statelor-unite-ale-americii\\\/#primaryimage\"},\"thumbnailUrl\":\"https:\\\/\\\/urbeamea.ro\\\/albaiulia\\\/wp-content\\\/uploads\\\/2024\\\/09\\\/1000011310.jpg\",\"datePublished\":\"2024-09-13T13:03:30+00:00\",\"dateModified\":\"2024-09-13T13:04:00+00:00\",\"author\":{\"@id\":\"https:\\\/\\\/urbeamea.ro\\\/albaiulia\\\/#\\\/schema\\\/person\\\/5db3854ac38c1cc9f0ab4092d6a20f02\"},\"description\":\"Luni, 16 septembrie 2024, la ora 15:30, o delega\u021bie de la Ambasada Statelor Unite ale Americii din Bucure\u0219ti va fi prezent\u0103 la Biblioteca Jude\u021bean\u0103\",\"breadcrumb\":{\"@id\":\"https:\\\/\\\/urbeamea.ro\\\/albaiulia\\\/luni-biblioteca-judeteana-lucian-blaga-din-alba-iulia-va-primi-vizita-unei-delegatii-ambasadei-statelor-unite-ale-americii\\\/#breadcrumb\"},\"inLanguage\":\"ro-RO\",\"potentialAction\":[{\"@type\":\"ReadAction\",\"target\":[\"https:\\\/\\\/urbeamea.ro\\\/albaiulia\\\/luni-biblioteca-judeteana-lucian-blaga-din-alba-iulia-va-primi-vizita-unei-delegatii-ambasadei-statelor-unite-ale-americii\\\/\"]}]},{\"@type\":\"ImageObject\",\"inLanguage\":\"ro-RO\",\"@id\":\"https:\\\/\\\/urbeamea.ro\\\/albaiulia\\\/luni-biblioteca-judeteana-lucian-blaga-din-alba-iulia-va-primi-vizita-unei-delegatii-ambasadei-statelor-unite-ale-americii\\\/#primaryimage\",\"url\":\"https:\\\/\\\/urbeamea.ro\\\/albaiulia\\\/wp-content\\\/uploads\\\/2024\\\/09\\\/1000011310.jpg\",\"contentUrl\":\"https:\\\/\\\/urbeamea.ro\\\/albaiulia\\\/wp-content\\\/uploads\\\/2024\\\/09\\\/1000011310.jpg\",\"width\":1000,\"height\":660},{\"@type\":\"BreadcrumbList\",\"@id\":\"https:\\\/\\\/urbeamea.ro\\\/albaiulia\\\/luni-biblioteca-judeteana-lucian-blaga-din-alba-iulia-va-primi-vizita-unei-delegatii-ambasadei-statelor-unite-ale-americii\\\/#breadcrumb\",\"itemListElement\":[{\"@type\":\"ListItem\",\"position\":1,\"name\":\"Prima pagin\u0103\",\"item\":\"https:\\\/\\\/urbeamea.ro\\\/albaiulia\\\/\"},{\"@type\":\"ListItem\",\"position\":2,\"name\":\"Luni: Biblioteca Jude\u021bean\u0103 &#8222;Lucian Blaga&#8221; din Alba Iulia, va primi vizita unei delega\u021bii din partea Ambasadei Statelor Unite ale Americii\"}]},{\"@type\":\"WebSite\",\"@id\":\"https:\\\/\\\/urbeamea.ro\\\/albaiulia\\\/#website\",\"url\":\"https:\\\/\\\/urbeamea.ro\\\/albaiulia\\\/\",\"name\":\"Revista Urbea Mea, Stiri urbane\",\"description\":\"Evenimente \u0219i \u0219tiri din Alba Iulia, Sebe\u0219, Aiud, Blaj\",\"potentialAction\":[{\"@type\":\"SearchAction\",\"target\":{\"@type\":\"EntryPoint\",\"urlTemplate\":\"https:\\\/\\\/urbeamea.ro\\\/albaiulia\\\/?s={search_term_string}\"},\"query-input\":{\"@type\":\"PropertyValueSpecification\",\"valueRequired\":true,\"valueName\":\"search_term_string\"}}],\"inLanguage\":\"ro-RO\"},{\"@type\":\"Person\",\"@id\":\"https:\\\/\\\/urbeamea.ro\\\/albaiulia\\\/#\\\/schema\\\/person\\\/5db3854ac38c1cc9f0ab4092d6a20f02\",\"name\":\"Giurca Sorin\",\"image\":{\"@type\":\"ImageObject\",\"inLanguage\":\"ro-RO\",\"@id\":\"https:\\\/\\\/secure.gravatar.com\\\/avatar\\\/120f6fcae7b3b47a7730cb9943f612f4909f68ac5284b5f40ac1c4615fd70576?s=96&d=mm&r=g\",\"url\":\"https:\\\/\\\/secure.gravatar.com\\\/avatar\\\/120f6fcae7b3b47a7730cb9943f612f4909f68ac5284b5f40ac1c4615fd70576?s=96&d=mm&r=g\",\"contentUrl\":\"https:\\\/\\\/secure.gravatar.com\\\/avatar\\\/120f6fcae7b3b47a7730cb9943f612f4909f68ac5284b5f40ac1c4615fd70576?s=96&d=mm&r=g\",\"caption\":\"Giurca Sorin\"},\"url\":\"https:\\\/\\\/urbeamea.ro\\\/albaiulia\\\/author\\\/sorin\\\/\"}]}<\/script>\n<!-- \/ Yoast SEO plugin. -->","yoast_head_json":{"title":"Luni: Biblioteca Jude\u021bean\u0103 \"Lucian Blaga\" din Alba Iulia, va primi vizita unei delega\u021bii din partea Ambasadei Statelor Unite ale Americii - Revista Urbea Mea - Revista de Alba","description":"Luni, 16 septembrie 2024, la ora 15:30, o delega\u021bie de la Ambasada Statelor Unite ale Americii din Bucure\u0219ti va fi prezent\u0103 la Biblioteca Jude\u021bean\u0103","robots":{"index":"index","follow":"follow","max-snippet":"max-snippet:-1","max-image-preview":"max-image-preview:large","max-video-preview":"max-video-preview:-1"},"canonical":"https:\/\/urbeamea.ro\/albaiulia\/luni-biblioteca-judeteana-lucian-blaga-din-alba-iulia-va-primi-vizita-unei-delegatii-ambasadei-statelor-unite-ale-americii\/","twitter_card":"summary_large_image","twitter_title":"Luni: Biblioteca Jude\u021bean\u0103 \"Lucian Blaga\" din Alba Iulia, va primi vizita unei delega\u021bii din partea Ambasadei Statelor Unite ale Americii - Revista Urbea Mea - Revista de Alba","twitter_description":"Luni, 16 septembrie 2024, la ora 15:30, o delega\u021bie de la Ambasada Statelor Unite ale Americii din Bucure\u0219ti va fi prezent\u0103 la Biblioteca Jude\u021bean\u0103","twitter_image":"https:\/\/urbeamea.ro\/albaiulia\/wp-content\/uploads\/2024\/09\/1000011310.jpg","twitter_creator":"@urbeameaweb","twitter_site":"@urbeameaweb","schema":{"@context":"https:\/\/schema.org","@graph":[{"@type":"Article","@id":"https:\/\/urbeamea.ro\/albaiulia\/luni-biblioteca-judeteana-lucian-blaga-din-alba-iulia-va-primi-vizita-unei-delegatii-ambasadei-statelor-unite-ale-americii\/#article","isPartOf":{"@id":"https:\/\/urbeamea.ro\/albaiulia\/luni-biblioteca-judeteana-lucian-blaga-din-alba-iulia-va-primi-vizita-unei-delegatii-ambasadei-statelor-unite-ale-americii\/"},"author":{"name":"Giurca Sorin","@id":"https:\/\/urbeamea.ro\/albaiulia\/#\/schema\/person\/5db3854ac38c1cc9f0ab4092d6a20f02"},"headline":"Luni: Biblioteca Jude\u021bean\u0103 &#8222;Lucian Blaga&#8221; din Alba Iulia, va primi vizita unei delega\u021bii din partea Ambasadei Statelor Unite ale Americii","datePublished":"2024-09-13T13:03:30+00:00","dateModified":"2024-09-13T13:04:00+00:00","mainEntityOfPage":{"@id":"https:\/\/urbeamea.ro\/albaiulia\/luni-biblioteca-judeteana-lucian-blaga-din-alba-iulia-va-primi-vizita-unei-delegatii-ambasadei-statelor-unite-ale-americii\/"},"wordCount":261,"commentCount":0,"image":{"@id":"https:\/\/urbeamea.ro\/albaiulia\/luni-biblioteca-judeteana-lucian-blaga-din-alba-iulia-va-primi-vizita-unei-delegatii-ambasadei-statelor-unite-ale-americii\/#primaryimage"},"thumbnailUrl":"https:\/\/urbeamea.ro\/albaiulia\/wp-content\/uploads\/2024\/09\/1000011310.jpg","keywords":["Biblioteca Jude\u0163ean\u0103 \u201cLucian Blaga\u201d Alba"],"articleSection":["Actualitate","Cultur\u0103","Evenimente","Social"],"inLanguage":"ro-RO","potentialAction":[{"@type":"CommentAction","name":"Comment","target":["https:\/\/urbeamea.ro\/albaiulia\/luni-biblioteca-judeteana-lucian-blaga-din-alba-iulia-va-primi-vizita-unei-delegatii-ambasadei-statelor-unite-ale-americii\/#respond"]}]},{"@type":"WebPage","@id":"https:\/\/urbeamea.ro\/albaiulia\/luni-biblioteca-judeteana-lucian-blaga-din-alba-iulia-va-primi-vizita-unei-delegatii-ambasadei-statelor-unite-ale-americii\/","url":"https:\/\/urbeamea.ro\/albaiulia\/luni-biblioteca-judeteana-lucian-blaga-din-alba-iulia-va-primi-vizita-unei-delegatii-ambasadei-statelor-unite-ale-americii\/","name":"Luni: Biblioteca Jude\u021bean\u0103 \"Lucian Blaga\" din Alba Iulia, va primi vizita unei delega\u021bii din partea Ambasadei Statelor Unite ale Americii - Revista Urbea Mea - Revista de Alba","isPartOf":{"@id":"https:\/\/urbeamea.ro\/albaiulia\/#website"},"primaryImageOfPage":{"@id":"https:\/\/urbeamea.ro\/albaiulia\/luni-biblioteca-judeteana-lucian-blaga-din-alba-iulia-va-primi-vizita-unei-delegatii-ambasadei-statelor-unite-ale-americii\/#primaryimage"},"image":{"@id":"https:\/\/urbeamea.ro\/albaiulia\/luni-biblioteca-judeteana-lucian-blaga-din-alba-iulia-va-primi-vizita-unei-delegatii-ambasadei-statelor-unite-ale-americii\/#primaryimage"},"thumbnailUrl":"https:\/\/urbeamea.ro\/albaiulia\/wp-content\/uploads\/2024\/09\/1000011310.jpg","datePublished":"2024-09-13T13:03:30+00:00","dateModified":"2024-09-13T13:04:00+00:00","author":{"@id":"https:\/\/urbeamea.ro\/albaiulia\/#\/schema\/person\/5db3854ac38c1cc9f0ab4092d6a20f02"},"description":"Luni, 16 septembrie 2024, la ora 15:30, o delega\u021bie de la Ambasada Statelor Unite ale Americii din Bucure\u0219ti va fi prezent\u0103 la Biblioteca Jude\u021bean\u0103","breadcrumb":{"@id":"https:\/\/urbeamea.ro\/albaiulia\/luni-biblioteca-judeteana-lucian-blaga-din-alba-iulia-va-primi-vizita-unei-delegatii-ambasadei-statelor-unite-ale-americii\/#breadcrumb"},"inLanguage":"ro-RO","potentialAction":[{"@type":"ReadAction","target":["https:\/\/urbeamea.ro\/albaiulia\/luni-biblioteca-judeteana-lucian-blaga-din-alba-iulia-va-primi-vizita-unei-delegatii-ambasadei-statelor-unite-ale-americii\/"]}]},{"@type":"ImageObject","inLanguage":"ro-RO","@id":"https:\/\/urbeamea.ro\/albaiulia\/luni-biblioteca-judeteana-lucian-blaga-din-alba-iulia-va-primi-vizita-unei-delegatii-ambasadei-statelor-unite-ale-americii\/#primaryimage","url":"https:\/\/urbeamea.ro\/albaiulia\/wp-content\/uploads\/2024\/09\/1000011310.jpg","contentUrl":"https:\/\/urbeamea.ro\/albaiulia\/wp-content\/uploads\/2024\/09\/1000011310.jpg","width":1000,"height":660},{"@type":"BreadcrumbList","@id":"https:\/\/urbeamea.ro\/albaiulia\/luni-biblioteca-judeteana-lucian-blaga-din-alba-iulia-va-primi-vizita-unei-delegatii-ambasadei-statelor-unite-ale-americii\/#breadcrumb","itemListElement":[{"@type":"ListItem","position":1,"name":"Prima pagin\u0103","item":"https:\/\/urbeamea.ro\/albaiulia\/"},{"@type":"ListItem","position":2,"name":"Luni: Biblioteca Jude\u021bean\u0103 &#8222;Lucian Blaga&#8221; din Alba Iulia, va primi vizita unei delega\u021bii din partea Ambasadei Statelor Unite ale Americii"}]},{"@type":"WebSite","@id":"https:\/\/urbeamea.ro\/albaiulia\/#website","url":"https:\/\/urbeamea.ro\/albaiulia\/","name":"Revista Urbea Mea, Stiri urbane","description":"Evenimente \u0219i \u0219tiri din Alba Iulia, Sebe\u0219, Aiud, Blaj","potentialAction":[{"@type":"SearchAction","target":{"@type":"EntryPoint","urlTemplate":"https:\/\/urbeamea.ro\/albaiulia\/?s={search_term_string}"},"query-input":{"@type":"PropertyValueSpecification","valueRequired":true,"valueName":"search_term_string"}}],"inLanguage":"ro-RO"},{"@type":"Person","@id":"https:\/\/urbeamea.ro\/albaiulia\/#\/schema\/person\/5db3854ac38c1cc9f0ab4092d6a20f02","name":"Giurca Sorin","image":{"@type":"ImageObject","inLanguage":"ro-RO","@id":"https:\/\/secure.gravatar.com\/avatar\/120f6fcae7b3b47a7730cb9943f612f4909f68ac5284b5f40ac1c4615fd70576?s=96&d=mm&r=g","url":"https:\/\/secure.gravatar.com\/avatar\/120f6fcae7b3b47a7730cb9943f612f4909f68ac5284b5f40ac1c4615fd70576?s=96&d=mm&r=g","contentUrl":"https:\/\/secure.gravatar.com\/avatar\/120f6fcae7b3b47a7730cb9943f612f4909f68ac5284b5f40ac1c4615fd70576?s=96&d=mm&r=g","caption":"Giurca Sorin"},"url":"https:\/\/urbeamea.ro\/albaiulia\/author\/sorin\/"}]}},"_links":{"self":[{"href":"https:\/\/urbeamea.ro\/albaiulia\/wp-json\/wp\/v2\/posts\/113880","targetHints":{"allow":["GET"]}}],"collection":[{"href":"https:\/\/urbeamea.ro\/albaiulia\/wp-json\/wp\/v2\/posts"}],"about":[{"href":"https:\/\/urbeamea.ro\/albaiulia\/wp-json\/wp\/v2\/types\/post"}],"author":[{"embeddable":true,"href":"https:\/\/urbeamea.ro\/albaiulia\/wp-json\/wp\/v2\/users\/28"}],"replies":[{"embeddable":true,"href":"https:\/\/urbeamea.ro\/albaiulia\/wp-json\/wp\/v2\/comments?post=113880"}],"version-history":[{"count":2,"href":"https:\/\/urbeamea.ro\/albaiulia\/wp-json\/wp\/v2\/posts\/113880\/revisions"}],"predecessor-version":[{"id":113883,"href":"https:\/\/urbeamea.ro\/albaiulia\/wp-json\/wp\/v2\/posts\/113880\/revisions\/113883"}],"wp:featuredmedia":[{"embeddable":true,"href":"https:\/\/urbeamea.ro\/albaiulia\/wp-json\/wp\/v2\/media\/113881"}],"wp:attachment":[{"href":"https:\/\/urbeamea.ro\/albaiulia\/wp-json\/wp\/v2\/media?parent=113880"}],"wp:term":[{"taxonomy":"category","embeddable":true,"href":"https:\/\/urbeamea.ro\/albaiulia\/wp-json\/wp\/v2\/categories?post=113880"},{"taxonomy":"post_tag","embeddable":true,"href":"https:\/\/urbeamea.ro\/albaiulia\/wp-json\/wp\/v2\/tags?post=113880"}],"curies":[{"name":"wp","href":"https:\/\/api.w.org\/{rel}","templated":true}]}}