{"id":113949,"date":"2024-09-17T08:44:17","date_gmt":"2024-09-17T05:44:17","guid":{"rendered":"https:\/\/urbeamea.ro\/albaiulia\/?p=113949"},"modified":"2024-09-17T08:44:19","modified_gmt":"2024-09-17T05:44:19","slug":"schimbarea-comenzii-la-colegiul-national-militar-mihai-viteazul-din-alba-iulia","status":"publish","type":"post","link":"https:\/\/urbeamea.ro\/albaiulia\/schimbarea-comenzii-la-colegiul-national-militar-mihai-viteazul-din-alba-iulia\/","title":{"rendered":"Schimbarea comenzii la Colegiul Na\u021bional Militar &#8222;Mihai Viteazul&#8221; din Alba Iulia"},"content":{"rendered":"\n<p><strong>Luni, la Colegiul Na\u021bional Militar \u201eMihai Viteazul\u201d Alba Iulia a avut loc ceremonia militar\u0103 de predare-primire a comenzii \u0219i a Drapelului de Lupt\u0103<\/strong>.<\/p>\n\n\n\n<p>\u00cen prezen\u021ba loc\u021biitorului pentru opera\u021bii \u0219i instruc\u021bie al \u0218efului Statului Major al For\u021belor Aeriene, domnul general de flotil\u0103 aerian\u0103 Ioan Mischie, domnul colonel Marcel Dom\u0219a a predat comanda \u0219i Drapelul de Lupt\u0103 al colegiului, domnului colonel Daniel Josan, \u00eemputernicit la comanda institu\u021biei. <\/p>\n\n\n\n<figure class=\"wp-block-image size-full\"><img loading=\"lazy\" decoding=\"async\" width=\"1080\" height=\"605\" src=\"https:\/\/urbeamea.ro\/albaiulia\/wp-content\/uploads\/2024\/09\/1000011681.jpg\" alt=\"\" class=\"wp-image-113950\" srcset=\"https:\/\/urbeamea.ro\/albaiulia\/wp-content\/uploads\/2024\/09\/1000011681.jpg 1080w, https:\/\/urbeamea.ro\/albaiulia\/wp-content\/uploads\/2024\/09\/1000011681-640x359.jpg 640w, https:\/\/urbeamea.ro\/albaiulia\/wp-content\/uploads\/2024\/09\/1000011681-150x84.jpg 150w, https:\/\/urbeamea.ro\/albaiulia\/wp-content\/uploads\/2024\/09\/1000011681-768x430.jpg 768w\" sizes=\"auto, (max-width: 1080px) 100vw, 1080px\" \/><\/figure>\n\n\n\n<p>Totodat\u0103, cu aceast\u0103 ocazie, a avut loc \u0219i ceremonia de trecere \u00een rezerv\u0103 a comandantului  Colegiului Na\u021bional Militar \u201eMihai Viteazul\u201d, domnul colonel Marcel Dom\u0219a.<\/p>\n\n\n\n<figure class=\"wp-block-image size-large\"><img loading=\"lazy\" decoding=\"async\" width=\"935\" height=\"1280\" src=\"https:\/\/urbeamea.ro\/albaiulia\/wp-content\/uploads\/2024\/09\/1000011687-935x1280.jpg\" alt=\"\" class=\"wp-image-113951\" srcset=\"https:\/\/urbeamea.ro\/albaiulia\/wp-content\/uploads\/2024\/09\/1000011687-935x1280.jpg 935w, https:\/\/urbeamea.ro\/albaiulia\/wp-content\/uploads\/2024\/09\/1000011687-467x640.jpg 467w, https:\/\/urbeamea.ro\/albaiulia\/wp-content\/uploads\/2024\/09\/1000011687-110x150.jpg 110w, https:\/\/urbeamea.ro\/albaiulia\/wp-content\/uploads\/2024\/09\/1000011687-768x1052.jpg 768w, https:\/\/urbeamea.ro\/albaiulia\/wp-content\/uploads\/2024\/09\/1000011687.jpg 1080w\" sizes=\"auto, (max-width: 935px) 100vw, 935px\" \/><\/figure>\n\n\n\n<p>Loc\u021biitorul pentru opera\u021bii \u0219i instruc\u021bie al \u0219efului Statului Major al For\u021belor Aeriene, domnul general de flotil\u0103 aerian\u0103 Ioan MISCHIE, a apreciat activitatea profesional\u0103 deosebit\u0103 a domnului colonel Marcel Dom\u0219a, care prin actul de comand\u0103, rezultatele elevilor \u0219i ale corpului profesoral a reu\u0219it s\u0103 ridice standardele institu\u021biei la un nivel foarte \u00eenalt \u0219i, de asemenea, l-a felicitat pe domnul colonel Daniel Josan, asigur\u00e2ndu-l de sprijinul \u0219i \u00eencrederea e\u0219alonului superior \u00een misiunea deloc u\u0219oar\u0103, de a men\u021bine colegiul militar la standardele cele mai \u00eenalte.<\/p>\n\n\n\n<p>Dup\u0103 19 ani \u00een care s-a aflat la comanda colegiului, dintre care 14 ani \u00een func\u021bia de comandant \u0219i 5 ani \u00een func\u021bia de loc\u021biitor al comandantului, domnul colonel Marcel Dom\u0219a a trecut \u00een rezerv\u0103 la finalul unei cariere militare de 37 de ani. <\/p>\n\n\n\n<p>Colonelul Marcel Dom\u0219a a \u00eembr\u0103cat pentru prima dat\u0103 uniforma militar\u0103 \u00een anul 1980, \u00een calitate de elev al Liceului Militar \u201eMihai Viteazul\u201d Alba Iulia, dup\u0103 care a urmat cursurile \u0218colii de Ofi\u021beri Activi \u201eNicolae B\u0103lcescu\u201d din Sibiu, pe care le-a absolvit \u00een anul 1987, Arma V\u00e2n\u0103tori de munte \u0219i ale Academiei de \u00cenalte Studii Militare \u00een perioada 1992-1994.<\/p>\n\n\n\n<p> Este absolvent al Academiei de \u00cenalte Studii Militare, promo\u021bia 1994 \u0219i al Universit\u0103\u021bii Na\u0163ionale de Ap\u0103rare &#8222;Carol I&#8221;. <\/p>\n\n\n\n<p>Colonelul Marcel Dom\u0219a a participat \u0219i la o misiune \u00een Afganistan \u00een perioada 2003\u20132004, fiind r\u0103spl\u0103tit cu numeroase distinc\u021bii, cele mai importante fiind Ordinul \u201eVirtutea Militar\u0103\u201d \u00een grad de \u201eCavaler\u201d cu \u00eensemn pentru militari \u0219i Ordinul \u201eCredin\u021b\u0103 \u0219i Unire\u201d al Arhiepiscopiei Ortodoxe a Alba Iuliei.<\/p>\n\n\n\n<p>\u00cen perioada \u00een care s-a aflat la conducerea Colegiului Na\u021bional Militar \u201eMihai Viteazul\u201d Alba Iulia, institu\u021bia a ob\u021binut patru titluri de \u201e\u0218coal\u0103 European\u0103\u201d \u0219i titlul de \u201eColegiu Na\u021bional\u201d, iar performan\u021bele \u0219colare ale elevilor au pozi\u021bionat colegiul militar printre cele mai bune institu\u021bii de \u00eenv\u0103\u021b\u0103m\u00e2nt liceal din \u021bar\u0103. <\/p>\n\n\n\n<p>De asemenea, institu\u0163ia a \u00eenregistrat \u00een ultimii 14 ani, procent de promovare de 100% la examenul de Bacalaureat. <\/p>\n\n\n\n<p>Nu \u0219i-a legat doar numele de via\u021ba \u0219colii, ci \u0219i inima \u0219i a militat pentru onoare, disciplin\u0103, seriozitate, educa\u021bie \u0219i performan\u021b\u0103.<\/p>\n\n\n\n<p>V\u0103 mul\u021bumim, domnule colonel \u00een rezerv\u0103 Marcel Dom\u0219a pentru loialitatea \u0219i devotamentul fa\u021b\u0103 de Colegiul Na\u021bional Militar \u201eMihai Viteazul\u201d Alba Iulia, profesionalismul de care a\u021bi dat dovad\u0103 \u0219i performan\u021bele ob\u021binute la comanda institu\u021biei, precum \u0219i pentru contribu\u021bia adus\u0103 \u00een dezvoltarea \u0219i promovarea \u00eenv\u0103\u021b\u0103m\u00e2ntului liceal militar. <\/p>\n\n\n\n<p>V\u0103 ur\u0103m s\u0103 ave\u021bi parte de mult\u0103 s\u0103n\u0103tate \u0219i bucurii al\u0103turi de cei dragi!<\/p>\n\n\n\n<p>Colonelul Daniel Josan, \u00eemputernicit comandant al Colegiului Na\u021bional Militar \u201eMihai Viteazul\u201d Alba Iulia, \u0219i-a \u00eenceput drumul spre cariera militar\u0103 \u00een anul 1992 c\u00e2nd a fost admis la Institutul Militar de Geniu, Construc\u0163ii \u015fi C\u0103i Ferate &#8222;Panait Donici&#8221;, Arma Geniu, institu\u021bie pe care a absolvit-o \u00een anul 1996 ca \u015fef de promo\u0163ie, iar \u00een anul 2020 a absolvit Masterul de Conducere interarme &#8211; For\u021be Terestre, din cadrul Universit\u0103\u021bii Na\u021bionale de Ap\u0103rare \u201eCarol I\u201d.<\/p>\n\n\n\n<p>De la \u00eenceputul carierei de ofi\u021ber \u0219i p\u00e2n\u0103 \u00een prezent, colonelul Daniel Josan a \u00eendeplinit mai multe func\u021bii \u00een cadrul unor unit\u0103\u021bi de geniu, particip\u00e2nd la mai multe exerci\u021bii militare multina\u021bionale. <\/p>\n\n\n\n<p>Timp de doi ani, \u00een perioada 2016-2018, a \u00eendeplinit func\u021bia de \u0219ef al Logisticii \u00een Colegiul Na\u021bional Militar \u201eMihai Viteazul\u201d, iar din anul 2018 \u0219i p\u00e2n\u0103 \u00een prezent func\u021bia de loc\u021biitor al comandantului.<\/p>\n\n\n\n<p>Felicit\u0103ri, domnule colonel Daniel Josan pentru misiunea care v-a fost \u00eencredin\u021bat\u0103, v\u0103 dorim mult succes \u00een viitoarele provoc\u0103ri.<\/p>\n\n\n\n<figure class=\"wp-block-gallery has-nested-images columns-default is-cropped wp-block-gallery-1 is-layout-flex wp-block-gallery-is-layout-flex\">\n<figure class=\"wp-block-image size-large\"><img loading=\"lazy\" decoding=\"async\" width=\"1080\" height=\"783\" data-id=\"113952\" src=\"https:\/\/urbeamea.ro\/albaiulia\/wp-content\/uploads\/2024\/09\/1000011682.jpg\" alt=\"\" class=\"wp-image-113952\" srcset=\"https:\/\/urbeamea.ro\/albaiulia\/wp-content\/uploads\/2024\/09\/1000011682.jpg 1080w, https:\/\/urbeamea.ro\/albaiulia\/wp-content\/uploads\/2024\/09\/1000011682-640x464.jpg 640w, https:\/\/urbeamea.ro\/albaiulia\/wp-content\/uploads\/2024\/09\/1000011682-150x109.jpg 150w, https:\/\/urbeamea.ro\/albaiulia\/wp-content\/uploads\/2024\/09\/1000011682-768x557.jpg 768w\" sizes=\"auto, (max-width: 1080px) 100vw, 1080px\" \/><\/figure>\n\n\n\n<figure class=\"wp-block-image size-large\"><img loading=\"lazy\" decoding=\"async\" width=\"867\" height=\"1280\" data-id=\"113958\" src=\"https:\/\/urbeamea.ro\/albaiulia\/wp-content\/uploads\/2024\/09\/1000011683-867x1280.jpg\" alt=\"\" class=\"wp-image-113958\" srcset=\"https:\/\/urbeamea.ro\/albaiulia\/wp-content\/uploads\/2024\/09\/1000011683-867x1280.jpg 867w, https:\/\/urbeamea.ro\/albaiulia\/wp-content\/uploads\/2024\/09\/1000011683-434x640.jpg 434w, https:\/\/urbeamea.ro\/albaiulia\/wp-content\/uploads\/2024\/09\/1000011683-102x150.jpg 102w, https:\/\/urbeamea.ro\/albaiulia\/wp-content\/uploads\/2024\/09\/1000011683-768x1134.jpg 768w, https:\/\/urbeamea.ro\/albaiulia\/wp-content\/uploads\/2024\/09\/1000011683-1041x1536.jpg 1041w, https:\/\/urbeamea.ro\/albaiulia\/wp-content\/uploads\/2024\/09\/1000011683.jpg 1080w\" sizes=\"auto, (max-width: 867px) 100vw, 867px\" \/><\/figure>\n\n\n\n<figure class=\"wp-block-image size-large\"><img loading=\"lazy\" decoding=\"async\" width=\"1080\" height=\"721\" data-id=\"113953\" src=\"https:\/\/urbeamea.ro\/albaiulia\/wp-content\/uploads\/2024\/09\/1000011684.jpg\" alt=\"\" class=\"wp-image-113953\" srcset=\"https:\/\/urbeamea.ro\/albaiulia\/wp-content\/uploads\/2024\/09\/1000011684.jpg 1080w, https:\/\/urbeamea.ro\/albaiulia\/wp-content\/uploads\/2024\/09\/1000011684-640x427.jpg 640w, https:\/\/urbeamea.ro\/albaiulia\/wp-content\/uploads\/2024\/09\/1000011684-150x100.jpg 150w, https:\/\/urbeamea.ro\/albaiulia\/wp-content\/uploads\/2024\/09\/1000011684-768x513.jpg 768w\" sizes=\"auto, (max-width: 1080px) 100vw, 1080px\" \/><\/figure>\n\n\n\n<figure class=\"wp-block-image size-large\"><img loading=\"lazy\" decoding=\"async\" width=\"1080\" height=\"721\" data-id=\"113955\" src=\"https:\/\/urbeamea.ro\/albaiulia\/wp-content\/uploads\/2024\/09\/1000011685.jpg\" alt=\"\" class=\"wp-image-113955\" srcset=\"https:\/\/urbeamea.ro\/albaiulia\/wp-content\/uploads\/2024\/09\/1000011685.jpg 1080w, https:\/\/urbeamea.ro\/albaiulia\/wp-content\/uploads\/2024\/09\/1000011685-640x427.jpg 640w, https:\/\/urbeamea.ro\/albaiulia\/wp-content\/uploads\/2024\/09\/1000011685-150x100.jpg 150w, https:\/\/urbeamea.ro\/albaiulia\/wp-content\/uploads\/2024\/09\/1000011685-768x513.jpg 768w\" sizes=\"auto, (max-width: 1080px) 100vw, 1080px\" \/><\/figure>\n\n\n\n<figure class=\"wp-block-image size-large\"><img loading=\"lazy\" decoding=\"async\" width=\"1080\" height=\"721\" data-id=\"113954\" src=\"https:\/\/urbeamea.ro\/albaiulia\/wp-content\/uploads\/2024\/09\/1000011686.jpg\" alt=\"\" class=\"wp-image-113954\" srcset=\"https:\/\/urbeamea.ro\/albaiulia\/wp-content\/uploads\/2024\/09\/1000011686.jpg 1080w, https:\/\/urbeamea.ro\/albaiulia\/wp-content\/uploads\/2024\/09\/1000011686-640x427.jpg 640w, https:\/\/urbeamea.ro\/albaiulia\/wp-content\/uploads\/2024\/09\/1000011686-150x100.jpg 150w, https:\/\/urbeamea.ro\/albaiulia\/wp-content\/uploads\/2024\/09\/1000011686-768x513.jpg 768w\" sizes=\"auto, (max-width: 1080px) 100vw, 1080px\" \/><\/figure>\n\n\n\n<figure class=\"wp-block-image size-large\"><img loading=\"lazy\" decoding=\"async\" width=\"1080\" height=\"904\" data-id=\"113957\" src=\"https:\/\/urbeamea.ro\/albaiulia\/wp-content\/uploads\/2024\/09\/1000011688.jpg\" alt=\"\" class=\"wp-image-113957\" srcset=\"https:\/\/urbeamea.ro\/albaiulia\/wp-content\/uploads\/2024\/09\/1000011688.jpg 1080w, https:\/\/urbeamea.ro\/albaiulia\/wp-content\/uploads\/2024\/09\/1000011688-640x536.jpg 640w, https:\/\/urbeamea.ro\/albaiulia\/wp-content\/uploads\/2024\/09\/1000011688-150x126.jpg 150w, https:\/\/urbeamea.ro\/albaiulia\/wp-content\/uploads\/2024\/09\/1000011688-768x643.jpg 768w\" sizes=\"auto, (max-width: 1080px) 100vw, 1080px\" \/><\/figure>\n\n\n\n<figure class=\"wp-block-image size-large\"><img loading=\"lazy\" decoding=\"async\" width=\"1080\" height=\"721\" data-id=\"113956\" src=\"https:\/\/urbeamea.ro\/albaiulia\/wp-content\/uploads\/2024\/09\/1000011689.jpg\" alt=\"\" class=\"wp-image-113956\" srcset=\"https:\/\/urbeamea.ro\/albaiulia\/wp-content\/uploads\/2024\/09\/1000011689.jpg 1080w, https:\/\/urbeamea.ro\/albaiulia\/wp-content\/uploads\/2024\/09\/1000011689-640x427.jpg 640w, https:\/\/urbeamea.ro\/albaiulia\/wp-content\/uploads\/2024\/09\/1000011689-150x100.jpg 150w, https:\/\/urbeamea.ro\/albaiulia\/wp-content\/uploads\/2024\/09\/1000011689-768x513.jpg 768w\" sizes=\"auto, (max-width: 1080px) 100vw, 1080px\" \/><\/figure>\n<\/figure>\n","protected":false},"excerpt":{"rendered":"<p>Luni, la Colegiul Na\u021bional Militar \u201eMihai Viteazul\u201d Alba Iulia a avut loc ceremonia militar\u0103 de predare-primire a comenzii \u0219i a Drapelului de Lupt\u0103. \u00cen prezen\u021ba loc\u021biitorului pentru opera\u021bii \u0219i instruc\u021bie al \u0218efului Statului Major al For\u021belor Aeriene, domnul general de flotil\u0103 aerian\u0103 Ioan Mischie, domnul colonel Marcel Dom\u0219a a predat comanda \u0219i Drapelul de Lupt\u0103 &hellip;<\/p>\n","protected":false},"author":28,"featured_media":113953,"comment_status":"open","ping_status":"open","sticky":false,"template":"","format":"standard","meta":{"inline_featured_image":false,"footnotes":""},"categories":[4,2034,16344],"tags":[5443],"class_list":["post-113949","post","type-post","status-publish","format-standard","has-post-thumbnail","hentry","category-eveniment","category-social","category-urbea-mea","tag-colegiul-nationa-militar-mihai-viteazul"],"yoast_head":"<!-- This site is optimized with the Yoast SEO plugin v27.4 - https:\/\/yoast.com\/product\/yoast-seo-wordpress\/ -->\n<title>Schimbarea comenzii la Colegiul Na\u021bional Militar &quot;Mihai Viteazul&quot; din Alba Iulia - Revista Urbea Mea - Revista de Alba<\/title>\n<meta name=\"description\" content=\"Luni, la Colegiul Na\u021bional Militar \u201eMihai Viteazul\u201d Alba Iulia a avut loc ceremonia militar\u0103 de predare-primire a comenzii \u0219i a Drapelului de Lupt\u0103. \u00cen\" \/>\n<meta name=\"robots\" content=\"index, follow, max-snippet:-1, max-image-preview:large, max-video-preview:-1\" \/>\n<link rel=\"canonical\" href=\"https:\/\/urbeamea.ro\/albaiulia\/schimbarea-comenzii-la-colegiul-national-militar-mihai-viteazul-din-alba-iulia\/\" \/>\n<meta name=\"twitter:card\" content=\"summary_large_image\" \/>\n<meta name=\"twitter:title\" content=\"Schimbarea comenzii la Colegiul Na\u021bional Militar &quot;Mihai Viteazul&quot; din Alba Iulia - Revista Urbea Mea - Revista de Alba\" \/>\n<meta name=\"twitter:description\" content=\"Luni, la Colegiul Na\u021bional Militar \u201eMihai Viteazul\u201d Alba Iulia a avut loc ceremonia militar\u0103 de predare-primire a comenzii \u0219i a Drapelului de Lupt\u0103. \u00cen\" \/>\n<meta name=\"twitter:image\" content=\"https:\/\/urbeamea.ro\/albaiulia\/wp-content\/uploads\/2024\/09\/1000011684.jpg\" \/>\n<meta name=\"twitter:creator\" content=\"@urbeameaweb\" \/>\n<meta name=\"twitter:site\" content=\"@urbeameaweb\" \/>\n<script type=\"application\/ld+json\" class=\"yoast-schema-graph\">{\"@context\":\"https:\\\/\\\/schema.org\",\"@graph\":[{\"@type\":\"Article\",\"@id\":\"https:\\\/\\\/urbeamea.ro\\\/albaiulia\\\/schimbarea-comenzii-la-colegiul-national-militar-mihai-viteazul-din-alba-iulia\\\/#article\",\"isPartOf\":{\"@id\":\"https:\\\/\\\/urbeamea.ro\\\/albaiulia\\\/schimbarea-comenzii-la-colegiul-national-militar-mihai-viteazul-din-alba-iulia\\\/\"},\"author\":{\"name\":\"Giurca Sorin\",\"@id\":\"https:\\\/\\\/urbeamea.ro\\\/albaiulia\\\/#\\\/schema\\\/person\\\/5db3854ac38c1cc9f0ab4092d6a20f02\"},\"headline\":\"Schimbarea comenzii la Colegiul Na\u021bional Militar &#8222;Mihai Viteazul&#8221; din Alba Iulia\",\"datePublished\":\"2024-09-17T05:44:17+00:00\",\"dateModified\":\"2024-09-17T05:44:19+00:00\",\"mainEntityOfPage\":{\"@id\":\"https:\\\/\\\/urbeamea.ro\\\/albaiulia\\\/schimbarea-comenzii-la-colegiul-national-militar-mihai-viteazul-din-alba-iulia\\\/\"},\"wordCount\":724,\"commentCount\":0,\"image\":{\"@id\":\"https:\\\/\\\/urbeamea.ro\\\/albaiulia\\\/schimbarea-comenzii-la-colegiul-national-militar-mihai-viteazul-din-alba-iulia\\\/#primaryimage\"},\"thumbnailUrl\":\"https:\\\/\\\/urbeamea.ro\\\/albaiulia\\\/wp-content\\\/uploads\\\/2024\\\/09\\\/1000011684.jpg\",\"keywords\":[\"colegiul nationa militar mihai viteazul\"],\"articleSection\":[\"Evenimente\",\"Social\",\"Urbea Mea\"],\"inLanguage\":\"ro-RO\",\"potentialAction\":[{\"@type\":\"CommentAction\",\"name\":\"Comment\",\"target\":[\"https:\\\/\\\/urbeamea.ro\\\/albaiulia\\\/schimbarea-comenzii-la-colegiul-national-militar-mihai-viteazul-din-alba-iulia\\\/#respond\"]}]},{\"@type\":\"WebPage\",\"@id\":\"https:\\\/\\\/urbeamea.ro\\\/albaiulia\\\/schimbarea-comenzii-la-colegiul-national-militar-mihai-viteazul-din-alba-iulia\\\/\",\"url\":\"https:\\\/\\\/urbeamea.ro\\\/albaiulia\\\/schimbarea-comenzii-la-colegiul-national-militar-mihai-viteazul-din-alba-iulia\\\/\",\"name\":\"Schimbarea comenzii la Colegiul Na\u021bional Militar \\\"Mihai Viteazul\\\" din Alba Iulia - Revista Urbea Mea - Revista de Alba\",\"isPartOf\":{\"@id\":\"https:\\\/\\\/urbeamea.ro\\\/albaiulia\\\/#website\"},\"primaryImageOfPage\":{\"@id\":\"https:\\\/\\\/urbeamea.ro\\\/albaiulia\\\/schimbarea-comenzii-la-colegiul-national-militar-mihai-viteazul-din-alba-iulia\\\/#primaryimage\"},\"image\":{\"@id\":\"https:\\\/\\\/urbeamea.ro\\\/albaiulia\\\/schimbarea-comenzii-la-colegiul-national-militar-mihai-viteazul-din-alba-iulia\\\/#primaryimage\"},\"thumbnailUrl\":\"https:\\\/\\\/urbeamea.ro\\\/albaiulia\\\/wp-content\\\/uploads\\\/2024\\\/09\\\/1000011684.jpg\",\"datePublished\":\"2024-09-17T05:44:17+00:00\",\"dateModified\":\"2024-09-17T05:44:19+00:00\",\"author\":{\"@id\":\"https:\\\/\\\/urbeamea.ro\\\/albaiulia\\\/#\\\/schema\\\/person\\\/5db3854ac38c1cc9f0ab4092d6a20f02\"},\"description\":\"Luni, la Colegiul Na\u021bional Militar \u201eMihai Viteazul\u201d Alba Iulia a avut loc ceremonia militar\u0103 de predare-primire a comenzii \u0219i a Drapelului de Lupt\u0103. \u00cen\",\"breadcrumb\":{\"@id\":\"https:\\\/\\\/urbeamea.ro\\\/albaiulia\\\/schimbarea-comenzii-la-colegiul-national-militar-mihai-viteazul-din-alba-iulia\\\/#breadcrumb\"},\"inLanguage\":\"ro-RO\",\"potentialAction\":[{\"@type\":\"ReadAction\",\"target\":[\"https:\\\/\\\/urbeamea.ro\\\/albaiulia\\\/schimbarea-comenzii-la-colegiul-national-militar-mihai-viteazul-din-alba-iulia\\\/\"]}]},{\"@type\":\"ImageObject\",\"inLanguage\":\"ro-RO\",\"@id\":\"https:\\\/\\\/urbeamea.ro\\\/albaiulia\\\/schimbarea-comenzii-la-colegiul-national-militar-mihai-viteazul-din-alba-iulia\\\/#primaryimage\",\"url\":\"https:\\\/\\\/urbeamea.ro\\\/albaiulia\\\/wp-content\\\/uploads\\\/2024\\\/09\\\/1000011684.jpg\",\"contentUrl\":\"https:\\\/\\\/urbeamea.ro\\\/albaiulia\\\/wp-content\\\/uploads\\\/2024\\\/09\\\/1000011684.jpg\",\"width\":1080,\"height\":721},{\"@type\":\"BreadcrumbList\",\"@id\":\"https:\\\/\\\/urbeamea.ro\\\/albaiulia\\\/schimbarea-comenzii-la-colegiul-national-militar-mihai-viteazul-din-alba-iulia\\\/#breadcrumb\",\"itemListElement\":[{\"@type\":\"ListItem\",\"position\":1,\"name\":\"Prima pagin\u0103\",\"item\":\"https:\\\/\\\/urbeamea.ro\\\/albaiulia\\\/\"},{\"@type\":\"ListItem\",\"position\":2,\"name\":\"Schimbarea comenzii la Colegiul Na\u021bional Militar &#8222;Mihai Viteazul&#8221; din Alba Iulia\"}]},{\"@type\":\"WebSite\",\"@id\":\"https:\\\/\\\/urbeamea.ro\\\/albaiulia\\\/#website\",\"url\":\"https:\\\/\\\/urbeamea.ro\\\/albaiulia\\\/\",\"name\":\"Revista Urbea Mea, Stiri urbane\",\"description\":\"Evenimente \u0219i \u0219tiri din Alba Iulia, Sebe\u0219, Aiud, Blaj\",\"potentialAction\":[{\"@type\":\"SearchAction\",\"target\":{\"@type\":\"EntryPoint\",\"urlTemplate\":\"https:\\\/\\\/urbeamea.ro\\\/albaiulia\\\/?s={search_term_string}\"},\"query-input\":{\"@type\":\"PropertyValueSpecification\",\"valueRequired\":true,\"valueName\":\"search_term_string\"}}],\"inLanguage\":\"ro-RO\"},{\"@type\":\"Person\",\"@id\":\"https:\\\/\\\/urbeamea.ro\\\/albaiulia\\\/#\\\/schema\\\/person\\\/5db3854ac38c1cc9f0ab4092d6a20f02\",\"name\":\"Giurca Sorin\",\"image\":{\"@type\":\"ImageObject\",\"inLanguage\":\"ro-RO\",\"@id\":\"https:\\\/\\\/secure.gravatar.com\\\/avatar\\\/120f6fcae7b3b47a7730cb9943f612f4909f68ac5284b5f40ac1c4615fd70576?s=96&d=mm&r=g\",\"url\":\"https:\\\/\\\/secure.gravatar.com\\\/avatar\\\/120f6fcae7b3b47a7730cb9943f612f4909f68ac5284b5f40ac1c4615fd70576?s=96&d=mm&r=g\",\"contentUrl\":\"https:\\\/\\\/secure.gravatar.com\\\/avatar\\\/120f6fcae7b3b47a7730cb9943f612f4909f68ac5284b5f40ac1c4615fd70576?s=96&d=mm&r=g\",\"caption\":\"Giurca Sorin\"},\"url\":\"https:\\\/\\\/urbeamea.ro\\\/albaiulia\\\/author\\\/sorin\\\/\"}]}<\/script>\n<!-- \/ Yoast SEO plugin. -->","yoast_head_json":{"title":"Schimbarea comenzii la Colegiul Na\u021bional Militar \"Mihai Viteazul\" din Alba Iulia - Revista Urbea Mea - Revista de Alba","description":"Luni, la Colegiul Na\u021bional Militar \u201eMihai Viteazul\u201d Alba Iulia a avut loc ceremonia militar\u0103 de predare-primire a comenzii \u0219i a Drapelului de Lupt\u0103. \u00cen","robots":{"index":"index","follow":"follow","max-snippet":"max-snippet:-1","max-image-preview":"max-image-preview:large","max-video-preview":"max-video-preview:-1"},"canonical":"https:\/\/urbeamea.ro\/albaiulia\/schimbarea-comenzii-la-colegiul-national-militar-mihai-viteazul-din-alba-iulia\/","twitter_card":"summary_large_image","twitter_title":"Schimbarea comenzii la Colegiul Na\u021bional Militar \"Mihai Viteazul\" din Alba Iulia - Revista Urbea Mea - Revista de Alba","twitter_description":"Luni, la Colegiul Na\u021bional Militar \u201eMihai Viteazul\u201d Alba Iulia a avut loc ceremonia militar\u0103 de predare-primire a comenzii \u0219i a Drapelului de Lupt\u0103. \u00cen","twitter_image":"https:\/\/urbeamea.ro\/albaiulia\/wp-content\/uploads\/2024\/09\/1000011684.jpg","twitter_creator":"@urbeameaweb","twitter_site":"@urbeameaweb","schema":{"@context":"https:\/\/schema.org","@graph":[{"@type":"Article","@id":"https:\/\/urbeamea.ro\/albaiulia\/schimbarea-comenzii-la-colegiul-national-militar-mihai-viteazul-din-alba-iulia\/#article","isPartOf":{"@id":"https:\/\/urbeamea.ro\/albaiulia\/schimbarea-comenzii-la-colegiul-national-militar-mihai-viteazul-din-alba-iulia\/"},"author":{"name":"Giurca Sorin","@id":"https:\/\/urbeamea.ro\/albaiulia\/#\/schema\/person\/5db3854ac38c1cc9f0ab4092d6a20f02"},"headline":"Schimbarea comenzii la Colegiul Na\u021bional Militar &#8222;Mihai Viteazul&#8221; din Alba Iulia","datePublished":"2024-09-17T05:44:17+00:00","dateModified":"2024-09-17T05:44:19+00:00","mainEntityOfPage":{"@id":"https:\/\/urbeamea.ro\/albaiulia\/schimbarea-comenzii-la-colegiul-national-militar-mihai-viteazul-din-alba-iulia\/"},"wordCount":724,"commentCount":0,"image":{"@id":"https:\/\/urbeamea.ro\/albaiulia\/schimbarea-comenzii-la-colegiul-national-militar-mihai-viteazul-din-alba-iulia\/#primaryimage"},"thumbnailUrl":"https:\/\/urbeamea.ro\/albaiulia\/wp-content\/uploads\/2024\/09\/1000011684.jpg","keywords":["colegiul nationa militar mihai viteazul"],"articleSection":["Evenimente","Social","Urbea Mea"],"inLanguage":"ro-RO","potentialAction":[{"@type":"CommentAction","name":"Comment","target":["https:\/\/urbeamea.ro\/albaiulia\/schimbarea-comenzii-la-colegiul-national-militar-mihai-viteazul-din-alba-iulia\/#respond"]}]},{"@type":"WebPage","@id":"https:\/\/urbeamea.ro\/albaiulia\/schimbarea-comenzii-la-colegiul-national-militar-mihai-viteazul-din-alba-iulia\/","url":"https:\/\/urbeamea.ro\/albaiulia\/schimbarea-comenzii-la-colegiul-national-militar-mihai-viteazul-din-alba-iulia\/","name":"Schimbarea comenzii la Colegiul Na\u021bional Militar \"Mihai Viteazul\" din Alba Iulia - Revista Urbea Mea - Revista de Alba","isPartOf":{"@id":"https:\/\/urbeamea.ro\/albaiulia\/#website"},"primaryImageOfPage":{"@id":"https:\/\/urbeamea.ro\/albaiulia\/schimbarea-comenzii-la-colegiul-national-militar-mihai-viteazul-din-alba-iulia\/#primaryimage"},"image":{"@id":"https:\/\/urbeamea.ro\/albaiulia\/schimbarea-comenzii-la-colegiul-national-militar-mihai-viteazul-din-alba-iulia\/#primaryimage"},"thumbnailUrl":"https:\/\/urbeamea.ro\/albaiulia\/wp-content\/uploads\/2024\/09\/1000011684.jpg","datePublished":"2024-09-17T05:44:17+00:00","dateModified":"2024-09-17T05:44:19+00:00","author":{"@id":"https:\/\/urbeamea.ro\/albaiulia\/#\/schema\/person\/5db3854ac38c1cc9f0ab4092d6a20f02"},"description":"Luni, la Colegiul Na\u021bional Militar \u201eMihai Viteazul\u201d Alba Iulia a avut loc ceremonia militar\u0103 de predare-primire a comenzii \u0219i a Drapelului de Lupt\u0103. \u00cen","breadcrumb":{"@id":"https:\/\/urbeamea.ro\/albaiulia\/schimbarea-comenzii-la-colegiul-national-militar-mihai-viteazul-din-alba-iulia\/#breadcrumb"},"inLanguage":"ro-RO","potentialAction":[{"@type":"ReadAction","target":["https:\/\/urbeamea.ro\/albaiulia\/schimbarea-comenzii-la-colegiul-national-militar-mihai-viteazul-din-alba-iulia\/"]}]},{"@type":"ImageObject","inLanguage":"ro-RO","@id":"https:\/\/urbeamea.ro\/albaiulia\/schimbarea-comenzii-la-colegiul-national-militar-mihai-viteazul-din-alba-iulia\/#primaryimage","url":"https:\/\/urbeamea.ro\/albaiulia\/wp-content\/uploads\/2024\/09\/1000011684.jpg","contentUrl":"https:\/\/urbeamea.ro\/albaiulia\/wp-content\/uploads\/2024\/09\/1000011684.jpg","width":1080,"height":721},{"@type":"BreadcrumbList","@id":"https:\/\/urbeamea.ro\/albaiulia\/schimbarea-comenzii-la-colegiul-national-militar-mihai-viteazul-din-alba-iulia\/#breadcrumb","itemListElement":[{"@type":"ListItem","position":1,"name":"Prima pagin\u0103","item":"https:\/\/urbeamea.ro\/albaiulia\/"},{"@type":"ListItem","position":2,"name":"Schimbarea comenzii la Colegiul Na\u021bional Militar &#8222;Mihai Viteazul&#8221; din Alba Iulia"}]},{"@type":"WebSite","@id":"https:\/\/urbeamea.ro\/albaiulia\/#website","url":"https:\/\/urbeamea.ro\/albaiulia\/","name":"Revista Urbea Mea, Stiri urbane","description":"Evenimente \u0219i \u0219tiri din Alba Iulia, Sebe\u0219, Aiud, Blaj","potentialAction":[{"@type":"SearchAction","target":{"@type":"EntryPoint","urlTemplate":"https:\/\/urbeamea.ro\/albaiulia\/?s={search_term_string}"},"query-input":{"@type":"PropertyValueSpecification","valueRequired":true,"valueName":"search_term_string"}}],"inLanguage":"ro-RO"},{"@type":"Person","@id":"https:\/\/urbeamea.ro\/albaiulia\/#\/schema\/person\/5db3854ac38c1cc9f0ab4092d6a20f02","name":"Giurca Sorin","image":{"@type":"ImageObject","inLanguage":"ro-RO","@id":"https:\/\/secure.gravatar.com\/avatar\/120f6fcae7b3b47a7730cb9943f612f4909f68ac5284b5f40ac1c4615fd70576?s=96&d=mm&r=g","url":"https:\/\/secure.gravatar.com\/avatar\/120f6fcae7b3b47a7730cb9943f612f4909f68ac5284b5f40ac1c4615fd70576?s=96&d=mm&r=g","contentUrl":"https:\/\/secure.gravatar.com\/avatar\/120f6fcae7b3b47a7730cb9943f612f4909f68ac5284b5f40ac1c4615fd70576?s=96&d=mm&r=g","caption":"Giurca Sorin"},"url":"https:\/\/urbeamea.ro\/albaiulia\/author\/sorin\/"}]}},"_links":{"self":[{"href":"https:\/\/urbeamea.ro\/albaiulia\/wp-json\/wp\/v2\/posts\/113949","targetHints":{"allow":["GET"]}}],"collection":[{"href":"https:\/\/urbeamea.ro\/albaiulia\/wp-json\/wp\/v2\/posts"}],"about":[{"href":"https:\/\/urbeamea.ro\/albaiulia\/wp-json\/wp\/v2\/types\/post"}],"author":[{"embeddable":true,"href":"https:\/\/urbeamea.ro\/albaiulia\/wp-json\/wp\/v2\/users\/28"}],"replies":[{"embeddable":true,"href":"https:\/\/urbeamea.ro\/albaiulia\/wp-json\/wp\/v2\/comments?post=113949"}],"version-history":[{"count":1,"href":"https:\/\/urbeamea.ro\/albaiulia\/wp-json\/wp\/v2\/posts\/113949\/revisions"}],"predecessor-version":[{"id":113959,"href":"https:\/\/urbeamea.ro\/albaiulia\/wp-json\/wp\/v2\/posts\/113949\/revisions\/113959"}],"wp:featuredmedia":[{"embeddable":true,"href":"https:\/\/urbeamea.ro\/albaiulia\/wp-json\/wp\/v2\/media\/113953"}],"wp:attachment":[{"href":"https:\/\/urbeamea.ro\/albaiulia\/wp-json\/wp\/v2\/media?parent=113949"}],"wp:term":[{"taxonomy":"category","embeddable":true,"href":"https:\/\/urbeamea.ro\/albaiulia\/wp-json\/wp\/v2\/categories?post=113949"},{"taxonomy":"post_tag","embeddable":true,"href":"https:\/\/urbeamea.ro\/albaiulia\/wp-json\/wp\/v2\/tags?post=113949"}],"curies":[{"name":"wp","href":"https:\/\/api.w.org\/{rel}","templated":true}]}}