{"id":113960,"date":"2024-09-17T10:33:52","date_gmt":"2024-09-17T07:33:52","guid":{"rendered":"https:\/\/urbeamea.ro\/albaiulia\/?p=113960"},"modified":"2024-09-17T10:34:26","modified_gmt":"2024-09-17T07:34:26","slug":"19-septembrie-lansarea-catalogului-expozitiei-o-arheologie-a-picturii-transilvanene-de-sevalet-colectia-ioan-bizau","status":"publish","type":"post","link":"https:\/\/urbeamea.ro\/albaiulia\/19-septembrie-lansarea-catalogului-expozitiei-o-arheologie-a-picturii-transilvanene-de-sevalet-colectia-ioan-bizau\/","title":{"rendered":"19 septembrie: Lansarea catalogului expozi\u021biei &#8221; O arheologie a picturii transilv\u0103nene de \u0219evalet. Colec\u021bia Ioan Biz\u0103u&#8221;, la Museikon"},"content":{"rendered":"\n<p><strong>Joi, 19 septembrie 2024, ora 16.30, la Museikon, va avea loc lansarea catalogului expozi\u021biei \u201eO arheologie a picturii transilv\u0103nene de \u0219evalet. Colec\u021bia Ioan Biz\u0103u\u201d.<\/strong><\/p>\n\n\n\n<p>Lansarea va ave loc \u00een prezen\u021ba distin\u0219ilor oaspe\u021bi Sebesty\u00e9n Sz\u00e9kely de la Galeria Quadro din Cluj- Napoca \u0219i a profesorul Traian M\u00e2rza de la Liceul de Arte \u201eRegina Maria\u201d din Alba Iulia.<\/p>\n\n\n\n<p>\u00cen cadrul evenimentului ne vom bucura de un recital de chitar\u0103 clasic\u0103 sus\u021binut de David \u0219i Anastasia Tudor, elevi de excep\u021bie ai Liceului de Arte \u201eRegina Maria\u201d \u0219i ai Colegiului Tehnologic \u201eDorin Pavel\u201d din Alba Iulia, multipli laurea\u021bi la concursuri na\u021bionale \u0219i interna\u021bionale, coordona\u021bi de profesorul Drago\u0219 Tudor.<\/p>\n\n\n\n<figure class=\"wp-block-image size-large\"><img loading=\"lazy\" decoding=\"async\" width=\"935\" height=\"1280\" src=\"https:\/\/urbeamea.ro\/albaiulia\/wp-content\/uploads\/2024\/09\/1000011696-935x1280.jpg\" alt=\"\" class=\"wp-image-113961\" srcset=\"https:\/\/urbeamea.ro\/albaiulia\/wp-content\/uploads\/2024\/09\/1000011696-935x1280.jpg 935w, https:\/\/urbeamea.ro\/albaiulia\/wp-content\/uploads\/2024\/09\/1000011696-468x640.jpg 468w, https:\/\/urbeamea.ro\/albaiulia\/wp-content\/uploads\/2024\/09\/1000011696-110x150.jpg 110w, https:\/\/urbeamea.ro\/albaiulia\/wp-content\/uploads\/2024\/09\/1000011696-768x1051.jpg 768w, https:\/\/urbeamea.ro\/albaiulia\/wp-content\/uploads\/2024\/09\/1000011696.jpg 1080w\" sizes=\"auto, (max-width: 935px) 100vw, 935px\" \/><\/figure>\n\n\n\n<p><\/p>\n","protected":false},"excerpt":{"rendered":"<p>Joi, 19 septembrie 2024, ora 16.30, la Museikon, va avea loc lansarea catalogului expozi\u021biei \u201eO arheologie a picturii transilv\u0103nene de \u0219evalet. Colec\u021bia Ioan Biz\u0103u\u201d. Lansarea va ave loc \u00een prezen\u021ba distin\u0219ilor oaspe\u021bi Sebesty\u00e9n Sz\u00e9kely de la Galeria Quadro din Cluj- Napoca \u0219i a profesorul Traian M\u00e2rza de la Liceul de Arte \u201eRegina Maria\u201d din Alba &hellip;<\/p>\n","protected":false},"author":28,"featured_media":113961,"comment_status":"open","ping_status":"open","sticky":false,"template":"","format":"standard","meta":{"inline_featured_image":false,"footnotes":""},"categories":[2038,4,2034],"tags":[25058,773],"class_list":["post-113960","post","type-post","status-publish","format-standard","has-post-thumbnail","hentry","category-cultura","category-eveniment","category-social","tag-lansare-catalog","tag-museikon"],"yoast_head":"<!-- This site is optimized with the Yoast SEO plugin v27.4 - https:\/\/yoast.com\/product\/yoast-seo-wordpress\/ -->\n<title>19 septembrie: Lansarea catalogului expozi\u021biei &quot; O arheologie a picturii transilv\u0103nene de \u0219evalet. Colec\u021bia Ioan Biz\u0103u&quot;, la Museikon - Revista Urbea Mea - Revista de Alba<\/title>\n<meta name=\"description\" content=\"Joi, 19 septembrie 2024, ora 16.30, la Museikon, va avea loc lansarea catalogului expozi\u021biei \u201eO arheologie a picturii transilv\u0103nene de \u0219evalet. Colec\u021bia\" \/>\n<meta name=\"robots\" content=\"index, follow, max-snippet:-1, max-image-preview:large, max-video-preview:-1\" \/>\n<link rel=\"canonical\" href=\"https:\/\/urbeamea.ro\/albaiulia\/19-septembrie-lansarea-catalogului-expozitiei-o-arheologie-a-picturii-transilvanene-de-sevalet-colectia-ioan-bizau\/\" \/>\n<meta name=\"twitter:card\" content=\"summary_large_image\" \/>\n<meta name=\"twitter:title\" content=\"19 septembrie: Lansarea catalogului expozi\u021biei &quot; O arheologie a picturii transilv\u0103nene de \u0219evalet. Colec\u021bia Ioan Biz\u0103u&quot;, la Museikon - Revista Urbea Mea - Revista de Alba\" \/>\n<meta name=\"twitter:description\" content=\"Joi, 19 septembrie 2024, ora 16.30, la Museikon, va avea loc lansarea catalogului expozi\u021biei \u201eO arheologie a picturii transilv\u0103nene de \u0219evalet. Colec\u021bia\" \/>\n<meta name=\"twitter:image\" content=\"https:\/\/urbeamea.ro\/albaiulia\/wp-content\/uploads\/2024\/09\/1000011696.jpg\" \/>\n<meta name=\"twitter:creator\" content=\"@urbeameaweb\" \/>\n<meta name=\"twitter:site\" content=\"@urbeameaweb\" \/>\n<script type=\"application\/ld+json\" class=\"yoast-schema-graph\">{\"@context\":\"https:\\\/\\\/schema.org\",\"@graph\":[{\"@type\":\"Article\",\"@id\":\"https:\\\/\\\/urbeamea.ro\\\/albaiulia\\\/19-septembrie-lansarea-catalogului-expozitiei-o-arheologie-a-picturii-transilvanene-de-sevalet-colectia-ioan-bizau\\\/#article\",\"isPartOf\":{\"@id\":\"https:\\\/\\\/urbeamea.ro\\\/albaiulia\\\/19-septembrie-lansarea-catalogului-expozitiei-o-arheologie-a-picturii-transilvanene-de-sevalet-colectia-ioan-bizau\\\/\"},\"author\":{\"name\":\"Giurca Sorin\",\"@id\":\"https:\\\/\\\/urbeamea.ro\\\/albaiulia\\\/#\\\/schema\\\/person\\\/5db3854ac38c1cc9f0ab4092d6a20f02\"},\"headline\":\"19 septembrie: Lansarea catalogului expozi\u021biei &#8221; O arheologie a picturii transilv\u0103nene de \u0219evalet. Colec\u021bia Ioan Biz\u0103u&#8221;, la Museikon\",\"datePublished\":\"2024-09-17T07:33:52+00:00\",\"dateModified\":\"2024-09-17T07:34:26+00:00\",\"mainEntityOfPage\":{\"@id\":\"https:\\\/\\\/urbeamea.ro\\\/albaiulia\\\/19-septembrie-lansarea-catalogului-expozitiei-o-arheologie-a-picturii-transilvanene-de-sevalet-colectia-ioan-bizau\\\/\"},\"wordCount\":137,\"commentCount\":0,\"image\":{\"@id\":\"https:\\\/\\\/urbeamea.ro\\\/albaiulia\\\/19-septembrie-lansarea-catalogului-expozitiei-o-arheologie-a-picturii-transilvanene-de-sevalet-colectia-ioan-bizau\\\/#primaryimage\"},\"thumbnailUrl\":\"https:\\\/\\\/urbeamea.ro\\\/albaiulia\\\/wp-content\\\/uploads\\\/2024\\\/09\\\/1000011696.jpg\",\"keywords\":[\"Lansare catalog\",\"museikon\"],\"articleSection\":[\"Cultur\u0103\",\"Evenimente\",\"Social\"],\"inLanguage\":\"ro-RO\",\"potentialAction\":[{\"@type\":\"CommentAction\",\"name\":\"Comment\",\"target\":[\"https:\\\/\\\/urbeamea.ro\\\/albaiulia\\\/19-septembrie-lansarea-catalogului-expozitiei-o-arheologie-a-picturii-transilvanene-de-sevalet-colectia-ioan-bizau\\\/#respond\"]}]},{\"@type\":\"WebPage\",\"@id\":\"https:\\\/\\\/urbeamea.ro\\\/albaiulia\\\/19-septembrie-lansarea-catalogului-expozitiei-o-arheologie-a-picturii-transilvanene-de-sevalet-colectia-ioan-bizau\\\/\",\"url\":\"https:\\\/\\\/urbeamea.ro\\\/albaiulia\\\/19-septembrie-lansarea-catalogului-expozitiei-o-arheologie-a-picturii-transilvanene-de-sevalet-colectia-ioan-bizau\\\/\",\"name\":\"19 septembrie: Lansarea catalogului expozi\u021biei \\\" O arheologie a picturii transilv\u0103nene de \u0219evalet. Colec\u021bia Ioan Biz\u0103u\\\", la Museikon - Revista Urbea Mea - Revista de Alba\",\"isPartOf\":{\"@id\":\"https:\\\/\\\/urbeamea.ro\\\/albaiulia\\\/#website\"},\"primaryImageOfPage\":{\"@id\":\"https:\\\/\\\/urbeamea.ro\\\/albaiulia\\\/19-septembrie-lansarea-catalogului-expozitiei-o-arheologie-a-picturii-transilvanene-de-sevalet-colectia-ioan-bizau\\\/#primaryimage\"},\"image\":{\"@id\":\"https:\\\/\\\/urbeamea.ro\\\/albaiulia\\\/19-septembrie-lansarea-catalogului-expozitiei-o-arheologie-a-picturii-transilvanene-de-sevalet-colectia-ioan-bizau\\\/#primaryimage\"},\"thumbnailUrl\":\"https:\\\/\\\/urbeamea.ro\\\/albaiulia\\\/wp-content\\\/uploads\\\/2024\\\/09\\\/1000011696.jpg\",\"datePublished\":\"2024-09-17T07:33:52+00:00\",\"dateModified\":\"2024-09-17T07:34:26+00:00\",\"author\":{\"@id\":\"https:\\\/\\\/urbeamea.ro\\\/albaiulia\\\/#\\\/schema\\\/person\\\/5db3854ac38c1cc9f0ab4092d6a20f02\"},\"description\":\"Joi, 19 septembrie 2024, ora 16.30, la Museikon, va avea loc lansarea catalogului expozi\u021biei \u201eO arheologie a picturii transilv\u0103nene de \u0219evalet. Colec\u021bia\",\"breadcrumb\":{\"@id\":\"https:\\\/\\\/urbeamea.ro\\\/albaiulia\\\/19-septembrie-lansarea-catalogului-expozitiei-o-arheologie-a-picturii-transilvanene-de-sevalet-colectia-ioan-bizau\\\/#breadcrumb\"},\"inLanguage\":\"ro-RO\",\"potentialAction\":[{\"@type\":\"ReadAction\",\"target\":[\"https:\\\/\\\/urbeamea.ro\\\/albaiulia\\\/19-septembrie-lansarea-catalogului-expozitiei-o-arheologie-a-picturii-transilvanene-de-sevalet-colectia-ioan-bizau\\\/\"]}]},{\"@type\":\"ImageObject\",\"inLanguage\":\"ro-RO\",\"@id\":\"https:\\\/\\\/urbeamea.ro\\\/albaiulia\\\/19-septembrie-lansarea-catalogului-expozitiei-o-arheologie-a-picturii-transilvanene-de-sevalet-colectia-ioan-bizau\\\/#primaryimage\",\"url\":\"https:\\\/\\\/urbeamea.ro\\\/albaiulia\\\/wp-content\\\/uploads\\\/2024\\\/09\\\/1000011696.jpg\",\"contentUrl\":\"https:\\\/\\\/urbeamea.ro\\\/albaiulia\\\/wp-content\\\/uploads\\\/2024\\\/09\\\/1000011696.jpg\",\"width\":1080,\"height\":1478},{\"@type\":\"BreadcrumbList\",\"@id\":\"https:\\\/\\\/urbeamea.ro\\\/albaiulia\\\/19-septembrie-lansarea-catalogului-expozitiei-o-arheologie-a-picturii-transilvanene-de-sevalet-colectia-ioan-bizau\\\/#breadcrumb\",\"itemListElement\":[{\"@type\":\"ListItem\",\"position\":1,\"name\":\"Prima pagin\u0103\",\"item\":\"https:\\\/\\\/urbeamea.ro\\\/albaiulia\\\/\"},{\"@type\":\"ListItem\",\"position\":2,\"name\":\"19 septembrie: Lansarea catalogului expozi\u021biei &#8221; O arheologie a picturii transilv\u0103nene de \u0219evalet. Colec\u021bia Ioan Biz\u0103u&#8221;, la Museikon\"}]},{\"@type\":\"WebSite\",\"@id\":\"https:\\\/\\\/urbeamea.ro\\\/albaiulia\\\/#website\",\"url\":\"https:\\\/\\\/urbeamea.ro\\\/albaiulia\\\/\",\"name\":\"Revista Urbea Mea, Stiri urbane\",\"description\":\"Evenimente \u0219i \u0219tiri din Alba Iulia, Sebe\u0219, Aiud, Blaj\",\"potentialAction\":[{\"@type\":\"SearchAction\",\"target\":{\"@type\":\"EntryPoint\",\"urlTemplate\":\"https:\\\/\\\/urbeamea.ro\\\/albaiulia\\\/?s={search_term_string}\"},\"query-input\":{\"@type\":\"PropertyValueSpecification\",\"valueRequired\":true,\"valueName\":\"search_term_string\"}}],\"inLanguage\":\"ro-RO\"},{\"@type\":\"Person\",\"@id\":\"https:\\\/\\\/urbeamea.ro\\\/albaiulia\\\/#\\\/schema\\\/person\\\/5db3854ac38c1cc9f0ab4092d6a20f02\",\"name\":\"Giurca Sorin\",\"image\":{\"@type\":\"ImageObject\",\"inLanguage\":\"ro-RO\",\"@id\":\"https:\\\/\\\/secure.gravatar.com\\\/avatar\\\/120f6fcae7b3b47a7730cb9943f612f4909f68ac5284b5f40ac1c4615fd70576?s=96&d=mm&r=g\",\"url\":\"https:\\\/\\\/secure.gravatar.com\\\/avatar\\\/120f6fcae7b3b47a7730cb9943f612f4909f68ac5284b5f40ac1c4615fd70576?s=96&d=mm&r=g\",\"contentUrl\":\"https:\\\/\\\/secure.gravatar.com\\\/avatar\\\/120f6fcae7b3b47a7730cb9943f612f4909f68ac5284b5f40ac1c4615fd70576?s=96&d=mm&r=g\",\"caption\":\"Giurca Sorin\"},\"url\":\"https:\\\/\\\/urbeamea.ro\\\/albaiulia\\\/author\\\/sorin\\\/\"}]}<\/script>\n<!-- \/ Yoast SEO plugin. -->","yoast_head_json":{"title":"19 septembrie: Lansarea catalogului expozi\u021biei \" O arheologie a picturii transilv\u0103nene de \u0219evalet. Colec\u021bia Ioan Biz\u0103u\", la Museikon - Revista Urbea Mea - Revista de Alba","description":"Joi, 19 septembrie 2024, ora 16.30, la Museikon, va avea loc lansarea catalogului expozi\u021biei \u201eO arheologie a picturii transilv\u0103nene de \u0219evalet. Colec\u021bia","robots":{"index":"index","follow":"follow","max-snippet":"max-snippet:-1","max-image-preview":"max-image-preview:large","max-video-preview":"max-video-preview:-1"},"canonical":"https:\/\/urbeamea.ro\/albaiulia\/19-septembrie-lansarea-catalogului-expozitiei-o-arheologie-a-picturii-transilvanene-de-sevalet-colectia-ioan-bizau\/","twitter_card":"summary_large_image","twitter_title":"19 septembrie: Lansarea catalogului expozi\u021biei \" O arheologie a picturii transilv\u0103nene de \u0219evalet. Colec\u021bia Ioan Biz\u0103u\", la Museikon - Revista Urbea Mea - Revista de Alba","twitter_description":"Joi, 19 septembrie 2024, ora 16.30, la Museikon, va avea loc lansarea catalogului expozi\u021biei \u201eO arheologie a picturii transilv\u0103nene de \u0219evalet. Colec\u021bia","twitter_image":"https:\/\/urbeamea.ro\/albaiulia\/wp-content\/uploads\/2024\/09\/1000011696.jpg","twitter_creator":"@urbeameaweb","twitter_site":"@urbeameaweb","schema":{"@context":"https:\/\/schema.org","@graph":[{"@type":"Article","@id":"https:\/\/urbeamea.ro\/albaiulia\/19-septembrie-lansarea-catalogului-expozitiei-o-arheologie-a-picturii-transilvanene-de-sevalet-colectia-ioan-bizau\/#article","isPartOf":{"@id":"https:\/\/urbeamea.ro\/albaiulia\/19-septembrie-lansarea-catalogului-expozitiei-o-arheologie-a-picturii-transilvanene-de-sevalet-colectia-ioan-bizau\/"},"author":{"name":"Giurca Sorin","@id":"https:\/\/urbeamea.ro\/albaiulia\/#\/schema\/person\/5db3854ac38c1cc9f0ab4092d6a20f02"},"headline":"19 septembrie: Lansarea catalogului expozi\u021biei &#8221; O arheologie a picturii transilv\u0103nene de \u0219evalet. Colec\u021bia Ioan Biz\u0103u&#8221;, la Museikon","datePublished":"2024-09-17T07:33:52+00:00","dateModified":"2024-09-17T07:34:26+00:00","mainEntityOfPage":{"@id":"https:\/\/urbeamea.ro\/albaiulia\/19-septembrie-lansarea-catalogului-expozitiei-o-arheologie-a-picturii-transilvanene-de-sevalet-colectia-ioan-bizau\/"},"wordCount":137,"commentCount":0,"image":{"@id":"https:\/\/urbeamea.ro\/albaiulia\/19-septembrie-lansarea-catalogului-expozitiei-o-arheologie-a-picturii-transilvanene-de-sevalet-colectia-ioan-bizau\/#primaryimage"},"thumbnailUrl":"https:\/\/urbeamea.ro\/albaiulia\/wp-content\/uploads\/2024\/09\/1000011696.jpg","keywords":["Lansare catalog","museikon"],"articleSection":["Cultur\u0103","Evenimente","Social"],"inLanguage":"ro-RO","potentialAction":[{"@type":"CommentAction","name":"Comment","target":["https:\/\/urbeamea.ro\/albaiulia\/19-septembrie-lansarea-catalogului-expozitiei-o-arheologie-a-picturii-transilvanene-de-sevalet-colectia-ioan-bizau\/#respond"]}]},{"@type":"WebPage","@id":"https:\/\/urbeamea.ro\/albaiulia\/19-septembrie-lansarea-catalogului-expozitiei-o-arheologie-a-picturii-transilvanene-de-sevalet-colectia-ioan-bizau\/","url":"https:\/\/urbeamea.ro\/albaiulia\/19-septembrie-lansarea-catalogului-expozitiei-o-arheologie-a-picturii-transilvanene-de-sevalet-colectia-ioan-bizau\/","name":"19 septembrie: Lansarea catalogului expozi\u021biei \" O arheologie a picturii transilv\u0103nene de \u0219evalet. Colec\u021bia Ioan Biz\u0103u\", la Museikon - Revista Urbea Mea - Revista de Alba","isPartOf":{"@id":"https:\/\/urbeamea.ro\/albaiulia\/#website"},"primaryImageOfPage":{"@id":"https:\/\/urbeamea.ro\/albaiulia\/19-septembrie-lansarea-catalogului-expozitiei-o-arheologie-a-picturii-transilvanene-de-sevalet-colectia-ioan-bizau\/#primaryimage"},"image":{"@id":"https:\/\/urbeamea.ro\/albaiulia\/19-septembrie-lansarea-catalogului-expozitiei-o-arheologie-a-picturii-transilvanene-de-sevalet-colectia-ioan-bizau\/#primaryimage"},"thumbnailUrl":"https:\/\/urbeamea.ro\/albaiulia\/wp-content\/uploads\/2024\/09\/1000011696.jpg","datePublished":"2024-09-17T07:33:52+00:00","dateModified":"2024-09-17T07:34:26+00:00","author":{"@id":"https:\/\/urbeamea.ro\/albaiulia\/#\/schema\/person\/5db3854ac38c1cc9f0ab4092d6a20f02"},"description":"Joi, 19 septembrie 2024, ora 16.30, la Museikon, va avea loc lansarea catalogului expozi\u021biei \u201eO arheologie a picturii transilv\u0103nene de \u0219evalet. Colec\u021bia","breadcrumb":{"@id":"https:\/\/urbeamea.ro\/albaiulia\/19-septembrie-lansarea-catalogului-expozitiei-o-arheologie-a-picturii-transilvanene-de-sevalet-colectia-ioan-bizau\/#breadcrumb"},"inLanguage":"ro-RO","potentialAction":[{"@type":"ReadAction","target":["https:\/\/urbeamea.ro\/albaiulia\/19-septembrie-lansarea-catalogului-expozitiei-o-arheologie-a-picturii-transilvanene-de-sevalet-colectia-ioan-bizau\/"]}]},{"@type":"ImageObject","inLanguage":"ro-RO","@id":"https:\/\/urbeamea.ro\/albaiulia\/19-septembrie-lansarea-catalogului-expozitiei-o-arheologie-a-picturii-transilvanene-de-sevalet-colectia-ioan-bizau\/#primaryimage","url":"https:\/\/urbeamea.ro\/albaiulia\/wp-content\/uploads\/2024\/09\/1000011696.jpg","contentUrl":"https:\/\/urbeamea.ro\/albaiulia\/wp-content\/uploads\/2024\/09\/1000011696.jpg","width":1080,"height":1478},{"@type":"BreadcrumbList","@id":"https:\/\/urbeamea.ro\/albaiulia\/19-septembrie-lansarea-catalogului-expozitiei-o-arheologie-a-picturii-transilvanene-de-sevalet-colectia-ioan-bizau\/#breadcrumb","itemListElement":[{"@type":"ListItem","position":1,"name":"Prima pagin\u0103","item":"https:\/\/urbeamea.ro\/albaiulia\/"},{"@type":"ListItem","position":2,"name":"19 septembrie: Lansarea catalogului expozi\u021biei &#8221; O arheologie a picturii transilv\u0103nene de \u0219evalet. Colec\u021bia Ioan Biz\u0103u&#8221;, la Museikon"}]},{"@type":"WebSite","@id":"https:\/\/urbeamea.ro\/albaiulia\/#website","url":"https:\/\/urbeamea.ro\/albaiulia\/","name":"Revista Urbea Mea, Stiri urbane","description":"Evenimente \u0219i \u0219tiri din Alba Iulia, Sebe\u0219, Aiud, Blaj","potentialAction":[{"@type":"SearchAction","target":{"@type":"EntryPoint","urlTemplate":"https:\/\/urbeamea.ro\/albaiulia\/?s={search_term_string}"},"query-input":{"@type":"PropertyValueSpecification","valueRequired":true,"valueName":"search_term_string"}}],"inLanguage":"ro-RO"},{"@type":"Person","@id":"https:\/\/urbeamea.ro\/albaiulia\/#\/schema\/person\/5db3854ac38c1cc9f0ab4092d6a20f02","name":"Giurca Sorin","image":{"@type":"ImageObject","inLanguage":"ro-RO","@id":"https:\/\/secure.gravatar.com\/avatar\/120f6fcae7b3b47a7730cb9943f612f4909f68ac5284b5f40ac1c4615fd70576?s=96&d=mm&r=g","url":"https:\/\/secure.gravatar.com\/avatar\/120f6fcae7b3b47a7730cb9943f612f4909f68ac5284b5f40ac1c4615fd70576?s=96&d=mm&r=g","contentUrl":"https:\/\/secure.gravatar.com\/avatar\/120f6fcae7b3b47a7730cb9943f612f4909f68ac5284b5f40ac1c4615fd70576?s=96&d=mm&r=g","caption":"Giurca Sorin"},"url":"https:\/\/urbeamea.ro\/albaiulia\/author\/sorin\/"}]}},"_links":{"self":[{"href":"https:\/\/urbeamea.ro\/albaiulia\/wp-json\/wp\/v2\/posts\/113960","targetHints":{"allow":["GET"]}}],"collection":[{"href":"https:\/\/urbeamea.ro\/albaiulia\/wp-json\/wp\/v2\/posts"}],"about":[{"href":"https:\/\/urbeamea.ro\/albaiulia\/wp-json\/wp\/v2\/types\/post"}],"author":[{"embeddable":true,"href":"https:\/\/urbeamea.ro\/albaiulia\/wp-json\/wp\/v2\/users\/28"}],"replies":[{"embeddable":true,"href":"https:\/\/urbeamea.ro\/albaiulia\/wp-json\/wp\/v2\/comments?post=113960"}],"version-history":[{"count":2,"href":"https:\/\/urbeamea.ro\/albaiulia\/wp-json\/wp\/v2\/posts\/113960\/revisions"}],"predecessor-version":[{"id":113963,"href":"https:\/\/urbeamea.ro\/albaiulia\/wp-json\/wp\/v2\/posts\/113960\/revisions\/113963"}],"wp:featuredmedia":[{"embeddable":true,"href":"https:\/\/urbeamea.ro\/albaiulia\/wp-json\/wp\/v2\/media\/113961"}],"wp:attachment":[{"href":"https:\/\/urbeamea.ro\/albaiulia\/wp-json\/wp\/v2\/media?parent=113960"}],"wp:term":[{"taxonomy":"category","embeddable":true,"href":"https:\/\/urbeamea.ro\/albaiulia\/wp-json\/wp\/v2\/categories?post=113960"},{"taxonomy":"post_tag","embeddable":true,"href":"https:\/\/urbeamea.ro\/albaiulia\/wp-json\/wp\/v2\/tags?post=113960"}],"curies":[{"name":"wp","href":"https:\/\/api.w.org\/{rel}","templated":true}]}}