{"id":113964,"date":"2024-09-18T17:13:13","date_gmt":"2024-09-18T14:13:13","guid":{"rendered":"https:\/\/urbeamea.ro\/albaiulia\/?p=113964"},"modified":"2024-09-18T17:13:14","modified_gmt":"2024-09-18T14:13:14","slug":"vineri-poetul-george-cosbuc-omagiat-la-biblioteca-judeteana-lucian-blaga-alba-iulia-la-158-ani-de-la-nastere","status":"publish","type":"post","link":"https:\/\/urbeamea.ro\/albaiulia\/vineri-poetul-george-cosbuc-omagiat-la-biblioteca-judeteana-lucian-blaga-alba-iulia-la-158-ani-de-la-nastere\/","title":{"rendered":"Vineri: Poetul George Co\u0219buc, omagiat la Biblioteca Jude\u021bean\u0103 &#8222;Lucian Blaga&#8221; Alba Iulia, la 158 ani de la na\u0219tere"},"content":{"rendered":"\n<p><strong>Vineri, 20 septembrie 2024, Consiliul Jude\u021bean Alba \u0219i Biblioteca Jude\u021bean\u0103 \u201eLucian Blaga\u201d Alba vor cinsti, printr-o serie de manifest\u0103ri culturale, memoria celui despre care Liviu Rebreanu scria \u00een ziarul \u201eLumina&#8221; din Bucure\u015fti: \u201eCo\u015fbuc e primul poet pe care-l d\u0103 Ardealul literaturii rom\u00e2ne\u015fti.<\/strong> <\/p>\n\n\n\n<p>Ardelean a r\u0103mas toat\u0103 via\u0163a. P\u00e2n\u0103 \u015fi \u00een graiul viu p\u0103strase o not\u0103 ardeleneasc\u0103, particular\u0103, care \u00eei \u015fedea bine. Aici \u00een \u0163ar\u0103 dragostea lui a fost pentru cele \u015fase milioane de \u0163\u0103rani. Sim\u0163ea o fraternitate profund\u0103 cu d\u00e2n\u015fii&#8230; A r\u0103s\u0103rit deodat\u0103, f\u0103r\u0103 s\u0103-l \u015ftie nimeni, f\u0103r\u0103 s\u0103 fac\u0103 ucenicia cafenelelor \u015fi bisericu\u0163elor bucure\u015ftene. \u015ei a biruit \u00eempotriva tuturor celor scufunda\u0163i \u00een inima\u0163ii \u015fi neputin\u0163e. A adus lumin\u0103, s\u0103n\u0103tate, voio\u015fie. Scrisul lui Co\u015fbuc tr\u0103ie\u015fte \u015fi va tr\u0103i c\u00e2t va tr\u0103i neamul rom\u00e2nesc&#8221;.<\/p>\n\n\n\n<p>La ora 9:00, pe re\u021belele de socializare ale Bibliotecii Jude\u021bene \u201eLucian Blaga\u201d Alba va fi afi\u0219at programul zilei. <\/p>\n\n\n\n<p>La ora 12:00, cei interesa\u021bi vor g\u0103si pe pagina de Facebook a bibliotecii un medalion literar dedicat lui George Co\u0219buc iar la ora 13:00, pe Aleea Scriitorilor din Parcul Mihai Eminescu va avea loc depunerea unei jerbe de flori la bustul poetului, moment \u00een care se va da citire unui material despre via\u021ba \u0219i opera scriitorului. <\/p>\n\n\n\n<p>\u00cen intervalul orar 9:00-17:00, la sediul Bibliotecii Jude\u021bene \u201eLucian Blaga\u201d Alba, cititorii pot viziona o ampl\u0103 expozi\u021bie tematic\u0103 cu volumele semnate de George Co\u0219buc de-a lungul timpului.<\/p>\n\n\n\n<p>George Co\u0219buc s-a n\u0103scut la 20 septembrie 1866, la Hordou, localitate care ast\u0103zi \u00eei poart\u0103 numele. <\/p>\n\n\n\n<p>A fost poet, critic literar, scriitor, publicist \u0219i traduc\u0103tor rom\u00e2n, membru titular al Academiei Rom\u00e2ne. <\/p>\n\n\n\n<p>Poeziile sale au \u00eenc\u00e2ntat zeci de genera\u0163ii de oameni iubitori de frumos \u0219i au fost recitate de mari actori \u0219i puse pe muzic\u0103 de numero\u0219i compozitori.<\/p>\n\n\n\n<p>George Co\u015fbuc a scris versuri pentru toate v\u00e2rstele, iar despre opera lui s-au scris zeci de studii.<\/p>\n\n\n\n<p> Popularitatea sa a f\u0103cut ca poezii precum \u201eIarna pe uli\u0163\u0103&#8221;, \u201eNunta Zamfirei, \u201eTrei, Doamne, \u015fi to\u0163i trei&#8221;, \u201ePentru libertate&#8221;, \u201e\u0162ar\u0103 avem \u015fi noi sub soare&#8221;, \u201eEl Zorab&#8221; s\u0103 fie recitate \u0219i citate mereu. <\/p>\n\n\n\n<p>\u00cen plan publicistic, George Co\u015fbuc a f\u0103cut parte din conducerea mai multor reviste, precum \u201eVatra&#8221;, \u201eSem\u0103n\u0103torul&#8221;, \u201eVia\u0163a literar\u0103&#8221; \u0219i a scris numeroase articole. <\/p>\n\n\n\n<p>George Co\u015fbuc a \u00eencetat din via\u0163a la doar 51 de ani, \u00een 9 mai 1918, \u00eenainte de a\u0219 vedea \u00eemplinit visul de-o via\u021b\u0103, acela al realiz\u0103rii unirii rom\u00e2nilor \u00eentr-o singur\u0103 \u021bar\u0103.<\/p>\n\n\n\n<figure class=\"wp-block-image size-full\"><img loading=\"lazy\" decoding=\"async\" width=\"1080\" height=\"764\" src=\"https:\/\/urbeamea.ro\/albaiulia\/wp-content\/uploads\/2024\/09\/1000011812.jpg\" alt=\"\" class=\"wp-image-113965\" srcset=\"https:\/\/urbeamea.ro\/albaiulia\/wp-content\/uploads\/2024\/09\/1000011812.jpg 1080w, https:\/\/urbeamea.ro\/albaiulia\/wp-content\/uploads\/2024\/09\/1000011812-640x453.jpg 640w, https:\/\/urbeamea.ro\/albaiulia\/wp-content\/uploads\/2024\/09\/1000011812-150x106.jpg 150w, https:\/\/urbeamea.ro\/albaiulia\/wp-content\/uploads\/2024\/09\/1000011812-768x543.jpg 768w\" sizes=\"auto, (max-width: 1080px) 100vw, 1080px\" \/><\/figure>\n","protected":false},"excerpt":{"rendered":"<p>Vineri, 20 septembrie 2024, Consiliul Jude\u021bean Alba \u0219i Biblioteca Jude\u021bean\u0103 \u201eLucian Blaga\u201d Alba vor cinsti, printr-o serie de manifest\u0103ri culturale, memoria celui despre care Liviu Rebreanu scria \u00een ziarul \u201eLumina&#8221; din Bucure\u015fti: \u201eCo\u015fbuc e primul poet pe care-l d\u0103 Ardealul literaturii rom\u00e2ne\u015fti. Ardelean a r\u0103mas toat\u0103 via\u0163a. P\u00e2n\u0103 \u015fi \u00een graiul viu p\u0103strase o not\u0103 &hellip;<\/p>\n","protected":false},"author":28,"featured_media":113965,"comment_status":"open","ping_status":"open","sticky":false,"template":"","format":"standard","meta":{"inline_featured_image":false,"footnotes":""},"categories":[2038,4,2034],"tags":[2113,21608],"class_list":["post-113964","post","type-post","status-publish","format-standard","has-post-thumbnail","hentry","category-cultura","category-eveniment","category-social","tag-biblioteca-judeteana-lucian-blaga-alba","tag-george-cosbuc"],"yoast_head":"<!-- This site is optimized with the Yoast SEO plugin v27.4 - https:\/\/yoast.com\/product\/yoast-seo-wordpress\/ -->\n<title>Vineri: Poetul George Co\u0219buc, omagiat la Biblioteca Jude\u021bean\u0103 &quot;Lucian Blaga&quot; Alba Iulia, la 158 ani de la na\u0219tere - Revista Urbea Mea - Revista de Alba<\/title>\n<meta name=\"description\" content=\"Vineri, 20 septembrie 2024, Consiliul Jude\u021bean Alba \u0219i Biblioteca Jude\u021bean\u0103 \u201eLucian Blaga\u201d Alba vor cinsti, printr-o serie de manifest\u0103ri culturale,\" \/>\n<meta name=\"robots\" content=\"index, follow, max-snippet:-1, max-image-preview:large, max-video-preview:-1\" \/>\n<link rel=\"canonical\" href=\"https:\/\/urbeamea.ro\/albaiulia\/vineri-poetul-george-cosbuc-omagiat-la-biblioteca-judeteana-lucian-blaga-alba-iulia-la-158-ani-de-la-nastere\/\" \/>\n<meta name=\"twitter:card\" content=\"summary_large_image\" \/>\n<meta name=\"twitter:title\" content=\"Vineri: Poetul George Co\u0219buc, omagiat la Biblioteca Jude\u021bean\u0103 &quot;Lucian Blaga&quot; Alba Iulia, la 158 ani de la na\u0219tere - Revista Urbea Mea - Revista de Alba\" \/>\n<meta name=\"twitter:description\" content=\"Vineri, 20 septembrie 2024, Consiliul Jude\u021bean Alba \u0219i Biblioteca Jude\u021bean\u0103 \u201eLucian Blaga\u201d Alba vor cinsti, printr-o serie de manifest\u0103ri culturale,\" \/>\n<meta name=\"twitter:image\" content=\"https:\/\/urbeamea.ro\/albaiulia\/wp-content\/uploads\/2024\/09\/1000011812.jpg\" \/>\n<meta name=\"twitter:creator\" content=\"@urbeameaweb\" \/>\n<meta name=\"twitter:site\" content=\"@urbeameaweb\" \/>\n<script type=\"application\/ld+json\" class=\"yoast-schema-graph\">{\"@context\":\"https:\\\/\\\/schema.org\",\"@graph\":[{\"@type\":\"Article\",\"@id\":\"https:\\\/\\\/urbeamea.ro\\\/albaiulia\\\/vineri-poetul-george-cosbuc-omagiat-la-biblioteca-judeteana-lucian-blaga-alba-iulia-la-158-ani-de-la-nastere\\\/#article\",\"isPartOf\":{\"@id\":\"https:\\\/\\\/urbeamea.ro\\\/albaiulia\\\/vineri-poetul-george-cosbuc-omagiat-la-biblioteca-judeteana-lucian-blaga-alba-iulia-la-158-ani-de-la-nastere\\\/\"},\"author\":{\"name\":\"Giurca Sorin\",\"@id\":\"https:\\\/\\\/urbeamea.ro\\\/albaiulia\\\/#\\\/schema\\\/person\\\/5db3854ac38c1cc9f0ab4092d6a20f02\"},\"headline\":\"Vineri: Poetul George Co\u0219buc, omagiat la Biblioteca Jude\u021bean\u0103 &#8222;Lucian Blaga&#8221; Alba Iulia, la 158 ani de la na\u0219tere\",\"datePublished\":\"2024-09-18T14:13:13+00:00\",\"dateModified\":\"2024-09-18T14:13:14+00:00\",\"mainEntityOfPage\":{\"@id\":\"https:\\\/\\\/urbeamea.ro\\\/albaiulia\\\/vineri-poetul-george-cosbuc-omagiat-la-biblioteca-judeteana-lucian-blaga-alba-iulia-la-158-ani-de-la-nastere\\\/\"},\"wordCount\":461,\"commentCount\":0,\"image\":{\"@id\":\"https:\\\/\\\/urbeamea.ro\\\/albaiulia\\\/vineri-poetul-george-cosbuc-omagiat-la-biblioteca-judeteana-lucian-blaga-alba-iulia-la-158-ani-de-la-nastere\\\/#primaryimage\"},\"thumbnailUrl\":\"https:\\\/\\\/urbeamea.ro\\\/albaiulia\\\/wp-content\\\/uploads\\\/2024\\\/09\\\/1000011812.jpg\",\"keywords\":[\"Biblioteca Jude\u0163ean\u0103 \u201cLucian Blaga\u201d Alba\",\"george cosbuc\"],\"articleSection\":[\"Cultur\u0103\",\"Evenimente\",\"Social\"],\"inLanguage\":\"ro-RO\",\"potentialAction\":[{\"@type\":\"CommentAction\",\"name\":\"Comment\",\"target\":[\"https:\\\/\\\/urbeamea.ro\\\/albaiulia\\\/vineri-poetul-george-cosbuc-omagiat-la-biblioteca-judeteana-lucian-blaga-alba-iulia-la-158-ani-de-la-nastere\\\/#respond\"]}]},{\"@type\":\"WebPage\",\"@id\":\"https:\\\/\\\/urbeamea.ro\\\/albaiulia\\\/vineri-poetul-george-cosbuc-omagiat-la-biblioteca-judeteana-lucian-blaga-alba-iulia-la-158-ani-de-la-nastere\\\/\",\"url\":\"https:\\\/\\\/urbeamea.ro\\\/albaiulia\\\/vineri-poetul-george-cosbuc-omagiat-la-biblioteca-judeteana-lucian-blaga-alba-iulia-la-158-ani-de-la-nastere\\\/\",\"name\":\"Vineri: Poetul George Co\u0219buc, omagiat la Biblioteca Jude\u021bean\u0103 \\\"Lucian Blaga\\\" Alba Iulia, la 158 ani de la na\u0219tere - Revista Urbea Mea - Revista de Alba\",\"isPartOf\":{\"@id\":\"https:\\\/\\\/urbeamea.ro\\\/albaiulia\\\/#website\"},\"primaryImageOfPage\":{\"@id\":\"https:\\\/\\\/urbeamea.ro\\\/albaiulia\\\/vineri-poetul-george-cosbuc-omagiat-la-biblioteca-judeteana-lucian-blaga-alba-iulia-la-158-ani-de-la-nastere\\\/#primaryimage\"},\"image\":{\"@id\":\"https:\\\/\\\/urbeamea.ro\\\/albaiulia\\\/vineri-poetul-george-cosbuc-omagiat-la-biblioteca-judeteana-lucian-blaga-alba-iulia-la-158-ani-de-la-nastere\\\/#primaryimage\"},\"thumbnailUrl\":\"https:\\\/\\\/urbeamea.ro\\\/albaiulia\\\/wp-content\\\/uploads\\\/2024\\\/09\\\/1000011812.jpg\",\"datePublished\":\"2024-09-18T14:13:13+00:00\",\"dateModified\":\"2024-09-18T14:13:14+00:00\",\"author\":{\"@id\":\"https:\\\/\\\/urbeamea.ro\\\/albaiulia\\\/#\\\/schema\\\/person\\\/5db3854ac38c1cc9f0ab4092d6a20f02\"},\"description\":\"Vineri, 20 septembrie 2024, Consiliul Jude\u021bean Alba \u0219i Biblioteca Jude\u021bean\u0103 \u201eLucian Blaga\u201d Alba vor cinsti, printr-o serie de manifest\u0103ri culturale,\",\"breadcrumb\":{\"@id\":\"https:\\\/\\\/urbeamea.ro\\\/albaiulia\\\/vineri-poetul-george-cosbuc-omagiat-la-biblioteca-judeteana-lucian-blaga-alba-iulia-la-158-ani-de-la-nastere\\\/#breadcrumb\"},\"inLanguage\":\"ro-RO\",\"potentialAction\":[{\"@type\":\"ReadAction\",\"target\":[\"https:\\\/\\\/urbeamea.ro\\\/albaiulia\\\/vineri-poetul-george-cosbuc-omagiat-la-biblioteca-judeteana-lucian-blaga-alba-iulia-la-158-ani-de-la-nastere\\\/\"]}]},{\"@type\":\"ImageObject\",\"inLanguage\":\"ro-RO\",\"@id\":\"https:\\\/\\\/urbeamea.ro\\\/albaiulia\\\/vineri-poetul-george-cosbuc-omagiat-la-biblioteca-judeteana-lucian-blaga-alba-iulia-la-158-ani-de-la-nastere\\\/#primaryimage\",\"url\":\"https:\\\/\\\/urbeamea.ro\\\/albaiulia\\\/wp-content\\\/uploads\\\/2024\\\/09\\\/1000011812.jpg\",\"contentUrl\":\"https:\\\/\\\/urbeamea.ro\\\/albaiulia\\\/wp-content\\\/uploads\\\/2024\\\/09\\\/1000011812.jpg\",\"width\":1080,\"height\":764},{\"@type\":\"BreadcrumbList\",\"@id\":\"https:\\\/\\\/urbeamea.ro\\\/albaiulia\\\/vineri-poetul-george-cosbuc-omagiat-la-biblioteca-judeteana-lucian-blaga-alba-iulia-la-158-ani-de-la-nastere\\\/#breadcrumb\",\"itemListElement\":[{\"@type\":\"ListItem\",\"position\":1,\"name\":\"Prima pagin\u0103\",\"item\":\"https:\\\/\\\/urbeamea.ro\\\/albaiulia\\\/\"},{\"@type\":\"ListItem\",\"position\":2,\"name\":\"Vineri: Poetul George Co\u0219buc, omagiat la Biblioteca Jude\u021bean\u0103 &#8222;Lucian Blaga&#8221; Alba Iulia, la 158 ani de la na\u0219tere\"}]},{\"@type\":\"WebSite\",\"@id\":\"https:\\\/\\\/urbeamea.ro\\\/albaiulia\\\/#website\",\"url\":\"https:\\\/\\\/urbeamea.ro\\\/albaiulia\\\/\",\"name\":\"Revista Urbea Mea, Stiri urbane\",\"description\":\"Evenimente \u0219i \u0219tiri din Alba Iulia, Sebe\u0219, Aiud, Blaj\",\"potentialAction\":[{\"@type\":\"SearchAction\",\"target\":{\"@type\":\"EntryPoint\",\"urlTemplate\":\"https:\\\/\\\/urbeamea.ro\\\/albaiulia\\\/?s={search_term_string}\"},\"query-input\":{\"@type\":\"PropertyValueSpecification\",\"valueRequired\":true,\"valueName\":\"search_term_string\"}}],\"inLanguage\":\"ro-RO\"},{\"@type\":\"Person\",\"@id\":\"https:\\\/\\\/urbeamea.ro\\\/albaiulia\\\/#\\\/schema\\\/person\\\/5db3854ac38c1cc9f0ab4092d6a20f02\",\"name\":\"Giurca Sorin\",\"image\":{\"@type\":\"ImageObject\",\"inLanguage\":\"ro-RO\",\"@id\":\"https:\\\/\\\/secure.gravatar.com\\\/avatar\\\/120f6fcae7b3b47a7730cb9943f612f4909f68ac5284b5f40ac1c4615fd70576?s=96&d=mm&r=g\",\"url\":\"https:\\\/\\\/secure.gravatar.com\\\/avatar\\\/120f6fcae7b3b47a7730cb9943f612f4909f68ac5284b5f40ac1c4615fd70576?s=96&d=mm&r=g\",\"contentUrl\":\"https:\\\/\\\/secure.gravatar.com\\\/avatar\\\/120f6fcae7b3b47a7730cb9943f612f4909f68ac5284b5f40ac1c4615fd70576?s=96&d=mm&r=g\",\"caption\":\"Giurca Sorin\"},\"url\":\"https:\\\/\\\/urbeamea.ro\\\/albaiulia\\\/author\\\/sorin\\\/\"}]}<\/script>\n<!-- \/ Yoast SEO plugin. -->","yoast_head_json":{"title":"Vineri: Poetul George Co\u0219buc, omagiat la Biblioteca Jude\u021bean\u0103 \"Lucian Blaga\" Alba Iulia, la 158 ani de la na\u0219tere - Revista Urbea Mea - Revista de Alba","description":"Vineri, 20 septembrie 2024, Consiliul Jude\u021bean Alba \u0219i Biblioteca Jude\u021bean\u0103 \u201eLucian Blaga\u201d Alba vor cinsti, printr-o serie de manifest\u0103ri culturale,","robots":{"index":"index","follow":"follow","max-snippet":"max-snippet:-1","max-image-preview":"max-image-preview:large","max-video-preview":"max-video-preview:-1"},"canonical":"https:\/\/urbeamea.ro\/albaiulia\/vineri-poetul-george-cosbuc-omagiat-la-biblioteca-judeteana-lucian-blaga-alba-iulia-la-158-ani-de-la-nastere\/","twitter_card":"summary_large_image","twitter_title":"Vineri: Poetul George Co\u0219buc, omagiat la Biblioteca Jude\u021bean\u0103 \"Lucian Blaga\" Alba Iulia, la 158 ani de la na\u0219tere - Revista Urbea Mea - Revista de Alba","twitter_description":"Vineri, 20 septembrie 2024, Consiliul Jude\u021bean Alba \u0219i Biblioteca Jude\u021bean\u0103 \u201eLucian Blaga\u201d Alba vor cinsti, printr-o serie de manifest\u0103ri culturale,","twitter_image":"https:\/\/urbeamea.ro\/albaiulia\/wp-content\/uploads\/2024\/09\/1000011812.jpg","twitter_creator":"@urbeameaweb","twitter_site":"@urbeameaweb","schema":{"@context":"https:\/\/schema.org","@graph":[{"@type":"Article","@id":"https:\/\/urbeamea.ro\/albaiulia\/vineri-poetul-george-cosbuc-omagiat-la-biblioteca-judeteana-lucian-blaga-alba-iulia-la-158-ani-de-la-nastere\/#article","isPartOf":{"@id":"https:\/\/urbeamea.ro\/albaiulia\/vineri-poetul-george-cosbuc-omagiat-la-biblioteca-judeteana-lucian-blaga-alba-iulia-la-158-ani-de-la-nastere\/"},"author":{"name":"Giurca Sorin","@id":"https:\/\/urbeamea.ro\/albaiulia\/#\/schema\/person\/5db3854ac38c1cc9f0ab4092d6a20f02"},"headline":"Vineri: Poetul George Co\u0219buc, omagiat la Biblioteca Jude\u021bean\u0103 &#8222;Lucian Blaga&#8221; Alba Iulia, la 158 ani de la na\u0219tere","datePublished":"2024-09-18T14:13:13+00:00","dateModified":"2024-09-18T14:13:14+00:00","mainEntityOfPage":{"@id":"https:\/\/urbeamea.ro\/albaiulia\/vineri-poetul-george-cosbuc-omagiat-la-biblioteca-judeteana-lucian-blaga-alba-iulia-la-158-ani-de-la-nastere\/"},"wordCount":461,"commentCount":0,"image":{"@id":"https:\/\/urbeamea.ro\/albaiulia\/vineri-poetul-george-cosbuc-omagiat-la-biblioteca-judeteana-lucian-blaga-alba-iulia-la-158-ani-de-la-nastere\/#primaryimage"},"thumbnailUrl":"https:\/\/urbeamea.ro\/albaiulia\/wp-content\/uploads\/2024\/09\/1000011812.jpg","keywords":["Biblioteca Jude\u0163ean\u0103 \u201cLucian Blaga\u201d Alba","george cosbuc"],"articleSection":["Cultur\u0103","Evenimente","Social"],"inLanguage":"ro-RO","potentialAction":[{"@type":"CommentAction","name":"Comment","target":["https:\/\/urbeamea.ro\/albaiulia\/vineri-poetul-george-cosbuc-omagiat-la-biblioteca-judeteana-lucian-blaga-alba-iulia-la-158-ani-de-la-nastere\/#respond"]}]},{"@type":"WebPage","@id":"https:\/\/urbeamea.ro\/albaiulia\/vineri-poetul-george-cosbuc-omagiat-la-biblioteca-judeteana-lucian-blaga-alba-iulia-la-158-ani-de-la-nastere\/","url":"https:\/\/urbeamea.ro\/albaiulia\/vineri-poetul-george-cosbuc-omagiat-la-biblioteca-judeteana-lucian-blaga-alba-iulia-la-158-ani-de-la-nastere\/","name":"Vineri: Poetul George Co\u0219buc, omagiat la Biblioteca Jude\u021bean\u0103 \"Lucian Blaga\" Alba Iulia, la 158 ani de la na\u0219tere - Revista Urbea Mea - Revista de Alba","isPartOf":{"@id":"https:\/\/urbeamea.ro\/albaiulia\/#website"},"primaryImageOfPage":{"@id":"https:\/\/urbeamea.ro\/albaiulia\/vineri-poetul-george-cosbuc-omagiat-la-biblioteca-judeteana-lucian-blaga-alba-iulia-la-158-ani-de-la-nastere\/#primaryimage"},"image":{"@id":"https:\/\/urbeamea.ro\/albaiulia\/vineri-poetul-george-cosbuc-omagiat-la-biblioteca-judeteana-lucian-blaga-alba-iulia-la-158-ani-de-la-nastere\/#primaryimage"},"thumbnailUrl":"https:\/\/urbeamea.ro\/albaiulia\/wp-content\/uploads\/2024\/09\/1000011812.jpg","datePublished":"2024-09-18T14:13:13+00:00","dateModified":"2024-09-18T14:13:14+00:00","author":{"@id":"https:\/\/urbeamea.ro\/albaiulia\/#\/schema\/person\/5db3854ac38c1cc9f0ab4092d6a20f02"},"description":"Vineri, 20 septembrie 2024, Consiliul Jude\u021bean Alba \u0219i Biblioteca Jude\u021bean\u0103 \u201eLucian Blaga\u201d Alba vor cinsti, printr-o serie de manifest\u0103ri culturale,","breadcrumb":{"@id":"https:\/\/urbeamea.ro\/albaiulia\/vineri-poetul-george-cosbuc-omagiat-la-biblioteca-judeteana-lucian-blaga-alba-iulia-la-158-ani-de-la-nastere\/#breadcrumb"},"inLanguage":"ro-RO","potentialAction":[{"@type":"ReadAction","target":["https:\/\/urbeamea.ro\/albaiulia\/vineri-poetul-george-cosbuc-omagiat-la-biblioteca-judeteana-lucian-blaga-alba-iulia-la-158-ani-de-la-nastere\/"]}]},{"@type":"ImageObject","inLanguage":"ro-RO","@id":"https:\/\/urbeamea.ro\/albaiulia\/vineri-poetul-george-cosbuc-omagiat-la-biblioteca-judeteana-lucian-blaga-alba-iulia-la-158-ani-de-la-nastere\/#primaryimage","url":"https:\/\/urbeamea.ro\/albaiulia\/wp-content\/uploads\/2024\/09\/1000011812.jpg","contentUrl":"https:\/\/urbeamea.ro\/albaiulia\/wp-content\/uploads\/2024\/09\/1000011812.jpg","width":1080,"height":764},{"@type":"BreadcrumbList","@id":"https:\/\/urbeamea.ro\/albaiulia\/vineri-poetul-george-cosbuc-omagiat-la-biblioteca-judeteana-lucian-blaga-alba-iulia-la-158-ani-de-la-nastere\/#breadcrumb","itemListElement":[{"@type":"ListItem","position":1,"name":"Prima pagin\u0103","item":"https:\/\/urbeamea.ro\/albaiulia\/"},{"@type":"ListItem","position":2,"name":"Vineri: Poetul George Co\u0219buc, omagiat la Biblioteca Jude\u021bean\u0103 &#8222;Lucian Blaga&#8221; Alba Iulia, la 158 ani de la na\u0219tere"}]},{"@type":"WebSite","@id":"https:\/\/urbeamea.ro\/albaiulia\/#website","url":"https:\/\/urbeamea.ro\/albaiulia\/","name":"Revista Urbea Mea, Stiri urbane","description":"Evenimente \u0219i \u0219tiri din Alba Iulia, Sebe\u0219, Aiud, Blaj","potentialAction":[{"@type":"SearchAction","target":{"@type":"EntryPoint","urlTemplate":"https:\/\/urbeamea.ro\/albaiulia\/?s={search_term_string}"},"query-input":{"@type":"PropertyValueSpecification","valueRequired":true,"valueName":"search_term_string"}}],"inLanguage":"ro-RO"},{"@type":"Person","@id":"https:\/\/urbeamea.ro\/albaiulia\/#\/schema\/person\/5db3854ac38c1cc9f0ab4092d6a20f02","name":"Giurca Sorin","image":{"@type":"ImageObject","inLanguage":"ro-RO","@id":"https:\/\/secure.gravatar.com\/avatar\/120f6fcae7b3b47a7730cb9943f612f4909f68ac5284b5f40ac1c4615fd70576?s=96&d=mm&r=g","url":"https:\/\/secure.gravatar.com\/avatar\/120f6fcae7b3b47a7730cb9943f612f4909f68ac5284b5f40ac1c4615fd70576?s=96&d=mm&r=g","contentUrl":"https:\/\/secure.gravatar.com\/avatar\/120f6fcae7b3b47a7730cb9943f612f4909f68ac5284b5f40ac1c4615fd70576?s=96&d=mm&r=g","caption":"Giurca Sorin"},"url":"https:\/\/urbeamea.ro\/albaiulia\/author\/sorin\/"}]}},"_links":{"self":[{"href":"https:\/\/urbeamea.ro\/albaiulia\/wp-json\/wp\/v2\/posts\/113964","targetHints":{"allow":["GET"]}}],"collection":[{"href":"https:\/\/urbeamea.ro\/albaiulia\/wp-json\/wp\/v2\/posts"}],"about":[{"href":"https:\/\/urbeamea.ro\/albaiulia\/wp-json\/wp\/v2\/types\/post"}],"author":[{"embeddable":true,"href":"https:\/\/urbeamea.ro\/albaiulia\/wp-json\/wp\/v2\/users\/28"}],"replies":[{"embeddable":true,"href":"https:\/\/urbeamea.ro\/albaiulia\/wp-json\/wp\/v2\/comments?post=113964"}],"version-history":[{"count":1,"href":"https:\/\/urbeamea.ro\/albaiulia\/wp-json\/wp\/v2\/posts\/113964\/revisions"}],"predecessor-version":[{"id":113966,"href":"https:\/\/urbeamea.ro\/albaiulia\/wp-json\/wp\/v2\/posts\/113964\/revisions\/113966"}],"wp:featuredmedia":[{"embeddable":true,"href":"https:\/\/urbeamea.ro\/albaiulia\/wp-json\/wp\/v2\/media\/113965"}],"wp:attachment":[{"href":"https:\/\/urbeamea.ro\/albaiulia\/wp-json\/wp\/v2\/media?parent=113964"}],"wp:term":[{"taxonomy":"category","embeddable":true,"href":"https:\/\/urbeamea.ro\/albaiulia\/wp-json\/wp\/v2\/categories?post=113964"},{"taxonomy":"post_tag","embeddable":true,"href":"https:\/\/urbeamea.ro\/albaiulia\/wp-json\/wp\/v2\/tags?post=113964"}],"curies":[{"name":"wp","href":"https:\/\/api.w.org\/{rel}","templated":true}]}}