{"id":113967,"date":"2024-09-18T17:24:59","date_gmt":"2024-09-18T14:24:59","guid":{"rendered":"https:\/\/urbeamea.ro\/albaiulia\/?p=113967"},"modified":"2024-09-18T17:25:00","modified_gmt":"2024-09-18T14:25:00","slug":"23-septembrie-banda-dedicata-transportului-public-de-persoane-pe-bulevardul-ferdinand-i-din-alba-iulia","status":"publish","type":"post","link":"https:\/\/urbeamea.ro\/albaiulia\/23-septembrie-banda-dedicata-transportului-public-de-persoane-pe-bulevardul-ferdinand-i-din-alba-iulia\/","title":{"rendered":"23 septembrie: Band\u0103 dedicat\u0103 transportului public de persoane, pe Bulevardul Ferdinand I din Alba Iulia"},"content":{"rendered":"\n<p><strong>\u00cencep\u00e2nd de LUNI, 23 SEPTEMBRIE, se va activa pe BULEVARDUL FERDINAND I din municipiul Alba Iulia, banda dedicat\u0103 transportului public de persoane.<\/strong><\/p>\n\n\n\n<p><em>&#8222;\u00cencep\u00e2nd cu data de 23.09.2024, ora 00:00, banda de circula\u021bie de pe Bulevardul Ferdinand I (cuprins\u0103 \u00eentre intersec\u021bia cu Bulevardul \u00cencoron\u0103rii &#8211; zona G\u0103rii \u0219i strada Olteniei) marcat\u0103 \u0219i semnalizat\u0103 rutier ca BAND\u0102 REZERVAT\u0102 transportului public de persoane, va fi folosit\u0103 EXCLUSIV de autobuzele \u0219i microbuzele STP.<\/em><\/p>\n\n\n\n<p> <em>Astfel, PARCAREA sau STA\u021aIONAREA celorlalte vehicule pe banda de circula\u021bie mai sus amintit\u0103 este INTERZIS\u0102.<\/em><\/p>\n\n\n\n<p>V\u0103 <em>mul\u021bumim pentru \u00een\u021belegere<\/em>&#8222;, au transmis prin intermediul paginii de socializare, reprezentan\u021bii administra\u021biei locale.<\/p>\n\n\n\n<figure class=\"wp-block-gallery has-nested-images columns-default is-cropped wp-block-gallery-1 is-layout-flex wp-block-gallery-is-layout-flex\">\n<figure class=\"wp-block-image size-large\"><img loading=\"lazy\" decoding=\"async\" width=\"495\" height=\"576\" data-id=\"113968\" src=\"https:\/\/urbeamea.ro\/albaiulia\/wp-content\/uploads\/2024\/09\/1000011813.jpg\" alt=\"\" class=\"wp-image-113968\" srcset=\"https:\/\/urbeamea.ro\/albaiulia\/wp-content\/uploads\/2024\/09\/1000011813.jpg 495w, https:\/\/urbeamea.ro\/albaiulia\/wp-content\/uploads\/2024\/09\/1000011813-129x150.jpg 129w\" sizes=\"auto, (max-width: 495px) 100vw, 495px\" \/><\/figure>\n\n\n\n<figure class=\"wp-block-image size-large\"><img loading=\"lazy\" decoding=\"async\" width=\"1080\" height=\"608\" data-id=\"113969\" src=\"https:\/\/urbeamea.ro\/albaiulia\/wp-content\/uploads\/2024\/09\/1000011814.jpg\" alt=\"\" class=\"wp-image-113969\" srcset=\"https:\/\/urbeamea.ro\/albaiulia\/wp-content\/uploads\/2024\/09\/1000011814.jpg 1080w, https:\/\/urbeamea.ro\/albaiulia\/wp-content\/uploads\/2024\/09\/1000011814-640x360.jpg 640w, https:\/\/urbeamea.ro\/albaiulia\/wp-content\/uploads\/2024\/09\/1000011814-150x84.jpg 150w, https:\/\/urbeamea.ro\/albaiulia\/wp-content\/uploads\/2024\/09\/1000011814-768x432.jpg 768w, https:\/\/urbeamea.ro\/albaiulia\/wp-content\/uploads\/2024\/09\/1000011814-390x220.jpg 390w\" sizes=\"auto, (max-width: 1080px) 100vw, 1080px\" \/><\/figure>\n\n\n\n<figure class=\"wp-block-image size-large\"><img loading=\"lazy\" decoding=\"async\" width=\"1080\" height=\"608\" data-id=\"113970\" src=\"https:\/\/urbeamea.ro\/albaiulia\/wp-content\/uploads\/2024\/09\/1000011815.jpg\" alt=\"\" class=\"wp-image-113970\" srcset=\"https:\/\/urbeamea.ro\/albaiulia\/wp-content\/uploads\/2024\/09\/1000011815.jpg 1080w, https:\/\/urbeamea.ro\/albaiulia\/wp-content\/uploads\/2024\/09\/1000011815-640x360.jpg 640w, https:\/\/urbeamea.ro\/albaiulia\/wp-content\/uploads\/2024\/09\/1000011815-150x84.jpg 150w, https:\/\/urbeamea.ro\/albaiulia\/wp-content\/uploads\/2024\/09\/1000011815-768x432.jpg 768w, https:\/\/urbeamea.ro\/albaiulia\/wp-content\/uploads\/2024\/09\/1000011815-390x220.jpg 390w\" sizes=\"auto, (max-width: 1080px) 100vw, 1080px\" \/><\/figure>\n<\/figure>\n","protected":false},"excerpt":{"rendered":"<p>\u00cencep\u00e2nd de LUNI, 23 SEPTEMBRIE, se va activa pe BULEVARDUL FERDINAND I din municipiul Alba Iulia, banda dedicat\u0103 transportului public de persoane. &#8222;\u00cencep\u00e2nd cu data de 23.09.2024, ora 00:00, banda de circula\u021bie de pe Bulevardul Ferdinand I (cuprins\u0103 \u00eentre intersec\u021bia cu Bulevardul \u00cencoron\u0103rii &#8211; zona G\u0103rii \u0219i strada Olteniei) marcat\u0103 \u0219i semnalizat\u0103 rutier ca BAND\u0102 &hellip;<\/p>\n","protected":false},"author":28,"featured_media":113970,"comment_status":"open","ping_status":"open","sticky":false,"template":"","format":"standard","meta":{"inline_featured_image":false,"footnotes":""},"categories":[23926,2035,2034,1,16344],"tags":[12261],"class_list":["post-113967","post","type-post","status-publish","format-standard","has-post-thumbnail","hentry","category-actualitate","category-administratie","category-social","category-stiri-urbane","category-urbea-mea","tag-bulevardul-ferdinand"],"yoast_head":"<!-- This site is optimized with the Yoast SEO plugin v27.4 - https:\/\/yoast.com\/product\/yoast-seo-wordpress\/ -->\n<title>23 septembrie: Band\u0103 dedicat\u0103 transportului public de persoane, pe Bulevardul Ferdinand I din Alba Iulia - Revista Urbea Mea - Revista de Alba<\/title>\n<meta name=\"description\" content=\"\u00cencep\u00e2nd de LUNI, 23 SEPTEMBRIE, se va activa pe BULEVARDUL FERDINAND I din municipiul Alba Iulia, banda dedicat\u0103 transportului public de persoane.\" \/>\n<meta name=\"robots\" content=\"index, follow, max-snippet:-1, max-image-preview:large, max-video-preview:-1\" \/>\n<link rel=\"canonical\" href=\"https:\/\/urbeamea.ro\/albaiulia\/23-septembrie-banda-dedicata-transportului-public-de-persoane-pe-bulevardul-ferdinand-i-din-alba-iulia\/\" \/>\n<meta name=\"twitter:card\" content=\"summary_large_image\" \/>\n<meta name=\"twitter:title\" content=\"23 septembrie: Band\u0103 dedicat\u0103 transportului public de persoane, pe Bulevardul Ferdinand I din Alba Iulia - Revista Urbea Mea - Revista de Alba\" \/>\n<meta name=\"twitter:description\" content=\"\u00cencep\u00e2nd de LUNI, 23 SEPTEMBRIE, se va activa pe BULEVARDUL FERDINAND I din municipiul Alba Iulia, banda dedicat\u0103 transportului public de persoane.\" \/>\n<meta name=\"twitter:image\" content=\"https:\/\/urbeamea.ro\/albaiulia\/wp-content\/uploads\/2024\/09\/1000011815.jpg\" \/>\n<meta name=\"twitter:creator\" content=\"@urbeameaweb\" \/>\n<meta name=\"twitter:site\" content=\"@urbeameaweb\" \/>\n<script type=\"application\/ld+json\" class=\"yoast-schema-graph\">{\"@context\":\"https:\\\/\\\/schema.org\",\"@graph\":[{\"@type\":\"Article\",\"@id\":\"https:\\\/\\\/urbeamea.ro\\\/albaiulia\\\/23-septembrie-banda-dedicata-transportului-public-de-persoane-pe-bulevardul-ferdinand-i-din-alba-iulia\\\/#article\",\"isPartOf\":{\"@id\":\"https:\\\/\\\/urbeamea.ro\\\/albaiulia\\\/23-septembrie-banda-dedicata-transportului-public-de-persoane-pe-bulevardul-ferdinand-i-din-alba-iulia\\\/\"},\"author\":{\"name\":\"Giurca Sorin\",\"@id\":\"https:\\\/\\\/urbeamea.ro\\\/albaiulia\\\/#\\\/schema\\\/person\\\/5db3854ac38c1cc9f0ab4092d6a20f02\"},\"headline\":\"23 septembrie: Band\u0103 dedicat\u0103 transportului public de persoane, pe Bulevardul Ferdinand I din Alba Iulia\",\"datePublished\":\"2024-09-18T14:24:59+00:00\",\"dateModified\":\"2024-09-18T14:25:00+00:00\",\"mainEntityOfPage\":{\"@id\":\"https:\\\/\\\/urbeamea.ro\\\/albaiulia\\\/23-septembrie-banda-dedicata-transportului-public-de-persoane-pe-bulevardul-ferdinand-i-din-alba-iulia\\\/\"},\"wordCount\":121,\"commentCount\":0,\"image\":{\"@id\":\"https:\\\/\\\/urbeamea.ro\\\/albaiulia\\\/23-septembrie-banda-dedicata-transportului-public-de-persoane-pe-bulevardul-ferdinand-i-din-alba-iulia\\\/#primaryimage\"},\"thumbnailUrl\":\"https:\\\/\\\/urbeamea.ro\\\/albaiulia\\\/wp-content\\\/uploads\\\/2024\\\/09\\\/1000011815.jpg\",\"keywords\":[\"bulevardul ferdinand\"],\"articleSection\":[\"Actualitate\",\"Administra\u021bie\",\"Social\",\"\u015etiri Urbane\",\"Urbea Mea\"],\"inLanguage\":\"ro-RO\",\"potentialAction\":[{\"@type\":\"CommentAction\",\"name\":\"Comment\",\"target\":[\"https:\\\/\\\/urbeamea.ro\\\/albaiulia\\\/23-septembrie-banda-dedicata-transportului-public-de-persoane-pe-bulevardul-ferdinand-i-din-alba-iulia\\\/#respond\"]}]},{\"@type\":\"WebPage\",\"@id\":\"https:\\\/\\\/urbeamea.ro\\\/albaiulia\\\/23-septembrie-banda-dedicata-transportului-public-de-persoane-pe-bulevardul-ferdinand-i-din-alba-iulia\\\/\",\"url\":\"https:\\\/\\\/urbeamea.ro\\\/albaiulia\\\/23-septembrie-banda-dedicata-transportului-public-de-persoane-pe-bulevardul-ferdinand-i-din-alba-iulia\\\/\",\"name\":\"23 septembrie: Band\u0103 dedicat\u0103 transportului public de persoane, pe Bulevardul Ferdinand I din Alba Iulia - Revista Urbea Mea - Revista de Alba\",\"isPartOf\":{\"@id\":\"https:\\\/\\\/urbeamea.ro\\\/albaiulia\\\/#website\"},\"primaryImageOfPage\":{\"@id\":\"https:\\\/\\\/urbeamea.ro\\\/albaiulia\\\/23-septembrie-banda-dedicata-transportului-public-de-persoane-pe-bulevardul-ferdinand-i-din-alba-iulia\\\/#primaryimage\"},\"image\":{\"@id\":\"https:\\\/\\\/urbeamea.ro\\\/albaiulia\\\/23-septembrie-banda-dedicata-transportului-public-de-persoane-pe-bulevardul-ferdinand-i-din-alba-iulia\\\/#primaryimage\"},\"thumbnailUrl\":\"https:\\\/\\\/urbeamea.ro\\\/albaiulia\\\/wp-content\\\/uploads\\\/2024\\\/09\\\/1000011815.jpg\",\"datePublished\":\"2024-09-18T14:24:59+00:00\",\"dateModified\":\"2024-09-18T14:25:00+00:00\",\"author\":{\"@id\":\"https:\\\/\\\/urbeamea.ro\\\/albaiulia\\\/#\\\/schema\\\/person\\\/5db3854ac38c1cc9f0ab4092d6a20f02\"},\"description\":\"\u00cencep\u00e2nd de LUNI, 23 SEPTEMBRIE, se va activa pe BULEVARDUL FERDINAND I din municipiul Alba Iulia, banda dedicat\u0103 transportului public de persoane.\",\"breadcrumb\":{\"@id\":\"https:\\\/\\\/urbeamea.ro\\\/albaiulia\\\/23-septembrie-banda-dedicata-transportului-public-de-persoane-pe-bulevardul-ferdinand-i-din-alba-iulia\\\/#breadcrumb\"},\"inLanguage\":\"ro-RO\",\"potentialAction\":[{\"@type\":\"ReadAction\",\"target\":[\"https:\\\/\\\/urbeamea.ro\\\/albaiulia\\\/23-septembrie-banda-dedicata-transportului-public-de-persoane-pe-bulevardul-ferdinand-i-din-alba-iulia\\\/\"]}]},{\"@type\":\"ImageObject\",\"inLanguage\":\"ro-RO\",\"@id\":\"https:\\\/\\\/urbeamea.ro\\\/albaiulia\\\/23-septembrie-banda-dedicata-transportului-public-de-persoane-pe-bulevardul-ferdinand-i-din-alba-iulia\\\/#primaryimage\",\"url\":\"https:\\\/\\\/urbeamea.ro\\\/albaiulia\\\/wp-content\\\/uploads\\\/2024\\\/09\\\/1000011815.jpg\",\"contentUrl\":\"https:\\\/\\\/urbeamea.ro\\\/albaiulia\\\/wp-content\\\/uploads\\\/2024\\\/09\\\/1000011815.jpg\",\"width\":1080,\"height\":608},{\"@type\":\"BreadcrumbList\",\"@id\":\"https:\\\/\\\/urbeamea.ro\\\/albaiulia\\\/23-septembrie-banda-dedicata-transportului-public-de-persoane-pe-bulevardul-ferdinand-i-din-alba-iulia\\\/#breadcrumb\",\"itemListElement\":[{\"@type\":\"ListItem\",\"position\":1,\"name\":\"Prima pagin\u0103\",\"item\":\"https:\\\/\\\/urbeamea.ro\\\/albaiulia\\\/\"},{\"@type\":\"ListItem\",\"position\":2,\"name\":\"23 septembrie: Band\u0103 dedicat\u0103 transportului public de persoane, pe Bulevardul Ferdinand I din Alba Iulia\"}]},{\"@type\":\"WebSite\",\"@id\":\"https:\\\/\\\/urbeamea.ro\\\/albaiulia\\\/#website\",\"url\":\"https:\\\/\\\/urbeamea.ro\\\/albaiulia\\\/\",\"name\":\"Revista Urbea Mea, Stiri urbane\",\"description\":\"Evenimente \u0219i \u0219tiri din Alba Iulia, Sebe\u0219, Aiud, Blaj\",\"potentialAction\":[{\"@type\":\"SearchAction\",\"target\":{\"@type\":\"EntryPoint\",\"urlTemplate\":\"https:\\\/\\\/urbeamea.ro\\\/albaiulia\\\/?s={search_term_string}\"},\"query-input\":{\"@type\":\"PropertyValueSpecification\",\"valueRequired\":true,\"valueName\":\"search_term_string\"}}],\"inLanguage\":\"ro-RO\"},{\"@type\":\"Person\",\"@id\":\"https:\\\/\\\/urbeamea.ro\\\/albaiulia\\\/#\\\/schema\\\/person\\\/5db3854ac38c1cc9f0ab4092d6a20f02\",\"name\":\"Giurca Sorin\",\"image\":{\"@type\":\"ImageObject\",\"inLanguage\":\"ro-RO\",\"@id\":\"https:\\\/\\\/secure.gravatar.com\\\/avatar\\\/120f6fcae7b3b47a7730cb9943f612f4909f68ac5284b5f40ac1c4615fd70576?s=96&d=mm&r=g\",\"url\":\"https:\\\/\\\/secure.gravatar.com\\\/avatar\\\/120f6fcae7b3b47a7730cb9943f612f4909f68ac5284b5f40ac1c4615fd70576?s=96&d=mm&r=g\",\"contentUrl\":\"https:\\\/\\\/secure.gravatar.com\\\/avatar\\\/120f6fcae7b3b47a7730cb9943f612f4909f68ac5284b5f40ac1c4615fd70576?s=96&d=mm&r=g\",\"caption\":\"Giurca Sorin\"},\"url\":\"https:\\\/\\\/urbeamea.ro\\\/albaiulia\\\/author\\\/sorin\\\/\"}]}<\/script>\n<!-- \/ Yoast SEO plugin. -->","yoast_head_json":{"title":"23 septembrie: Band\u0103 dedicat\u0103 transportului public de persoane, pe Bulevardul Ferdinand I din Alba Iulia - Revista Urbea Mea - Revista de Alba","description":"\u00cencep\u00e2nd de LUNI, 23 SEPTEMBRIE, se va activa pe BULEVARDUL FERDINAND I din municipiul Alba Iulia, banda dedicat\u0103 transportului public de persoane.","robots":{"index":"index","follow":"follow","max-snippet":"max-snippet:-1","max-image-preview":"max-image-preview:large","max-video-preview":"max-video-preview:-1"},"canonical":"https:\/\/urbeamea.ro\/albaiulia\/23-septembrie-banda-dedicata-transportului-public-de-persoane-pe-bulevardul-ferdinand-i-din-alba-iulia\/","twitter_card":"summary_large_image","twitter_title":"23 septembrie: Band\u0103 dedicat\u0103 transportului public de persoane, pe Bulevardul Ferdinand I din Alba Iulia - Revista Urbea Mea - Revista de Alba","twitter_description":"\u00cencep\u00e2nd de LUNI, 23 SEPTEMBRIE, se va activa pe BULEVARDUL FERDINAND I din municipiul Alba Iulia, banda dedicat\u0103 transportului public de persoane.","twitter_image":"https:\/\/urbeamea.ro\/albaiulia\/wp-content\/uploads\/2024\/09\/1000011815.jpg","twitter_creator":"@urbeameaweb","twitter_site":"@urbeameaweb","schema":{"@context":"https:\/\/schema.org","@graph":[{"@type":"Article","@id":"https:\/\/urbeamea.ro\/albaiulia\/23-septembrie-banda-dedicata-transportului-public-de-persoane-pe-bulevardul-ferdinand-i-din-alba-iulia\/#article","isPartOf":{"@id":"https:\/\/urbeamea.ro\/albaiulia\/23-septembrie-banda-dedicata-transportului-public-de-persoane-pe-bulevardul-ferdinand-i-din-alba-iulia\/"},"author":{"name":"Giurca Sorin","@id":"https:\/\/urbeamea.ro\/albaiulia\/#\/schema\/person\/5db3854ac38c1cc9f0ab4092d6a20f02"},"headline":"23 septembrie: Band\u0103 dedicat\u0103 transportului public de persoane, pe Bulevardul Ferdinand I din Alba Iulia","datePublished":"2024-09-18T14:24:59+00:00","dateModified":"2024-09-18T14:25:00+00:00","mainEntityOfPage":{"@id":"https:\/\/urbeamea.ro\/albaiulia\/23-septembrie-banda-dedicata-transportului-public-de-persoane-pe-bulevardul-ferdinand-i-din-alba-iulia\/"},"wordCount":121,"commentCount":0,"image":{"@id":"https:\/\/urbeamea.ro\/albaiulia\/23-septembrie-banda-dedicata-transportului-public-de-persoane-pe-bulevardul-ferdinand-i-din-alba-iulia\/#primaryimage"},"thumbnailUrl":"https:\/\/urbeamea.ro\/albaiulia\/wp-content\/uploads\/2024\/09\/1000011815.jpg","keywords":["bulevardul ferdinand"],"articleSection":["Actualitate","Administra\u021bie","Social","\u015etiri Urbane","Urbea Mea"],"inLanguage":"ro-RO","potentialAction":[{"@type":"CommentAction","name":"Comment","target":["https:\/\/urbeamea.ro\/albaiulia\/23-septembrie-banda-dedicata-transportului-public-de-persoane-pe-bulevardul-ferdinand-i-din-alba-iulia\/#respond"]}]},{"@type":"WebPage","@id":"https:\/\/urbeamea.ro\/albaiulia\/23-septembrie-banda-dedicata-transportului-public-de-persoane-pe-bulevardul-ferdinand-i-din-alba-iulia\/","url":"https:\/\/urbeamea.ro\/albaiulia\/23-septembrie-banda-dedicata-transportului-public-de-persoane-pe-bulevardul-ferdinand-i-din-alba-iulia\/","name":"23 septembrie: Band\u0103 dedicat\u0103 transportului public de persoane, pe Bulevardul Ferdinand I din Alba Iulia - Revista Urbea Mea - Revista de Alba","isPartOf":{"@id":"https:\/\/urbeamea.ro\/albaiulia\/#website"},"primaryImageOfPage":{"@id":"https:\/\/urbeamea.ro\/albaiulia\/23-septembrie-banda-dedicata-transportului-public-de-persoane-pe-bulevardul-ferdinand-i-din-alba-iulia\/#primaryimage"},"image":{"@id":"https:\/\/urbeamea.ro\/albaiulia\/23-septembrie-banda-dedicata-transportului-public-de-persoane-pe-bulevardul-ferdinand-i-din-alba-iulia\/#primaryimage"},"thumbnailUrl":"https:\/\/urbeamea.ro\/albaiulia\/wp-content\/uploads\/2024\/09\/1000011815.jpg","datePublished":"2024-09-18T14:24:59+00:00","dateModified":"2024-09-18T14:25:00+00:00","author":{"@id":"https:\/\/urbeamea.ro\/albaiulia\/#\/schema\/person\/5db3854ac38c1cc9f0ab4092d6a20f02"},"description":"\u00cencep\u00e2nd de LUNI, 23 SEPTEMBRIE, se va activa pe BULEVARDUL FERDINAND I din municipiul Alba Iulia, banda dedicat\u0103 transportului public de persoane.","breadcrumb":{"@id":"https:\/\/urbeamea.ro\/albaiulia\/23-septembrie-banda-dedicata-transportului-public-de-persoane-pe-bulevardul-ferdinand-i-din-alba-iulia\/#breadcrumb"},"inLanguage":"ro-RO","potentialAction":[{"@type":"ReadAction","target":["https:\/\/urbeamea.ro\/albaiulia\/23-septembrie-banda-dedicata-transportului-public-de-persoane-pe-bulevardul-ferdinand-i-din-alba-iulia\/"]}]},{"@type":"ImageObject","inLanguage":"ro-RO","@id":"https:\/\/urbeamea.ro\/albaiulia\/23-septembrie-banda-dedicata-transportului-public-de-persoane-pe-bulevardul-ferdinand-i-din-alba-iulia\/#primaryimage","url":"https:\/\/urbeamea.ro\/albaiulia\/wp-content\/uploads\/2024\/09\/1000011815.jpg","contentUrl":"https:\/\/urbeamea.ro\/albaiulia\/wp-content\/uploads\/2024\/09\/1000011815.jpg","width":1080,"height":608},{"@type":"BreadcrumbList","@id":"https:\/\/urbeamea.ro\/albaiulia\/23-septembrie-banda-dedicata-transportului-public-de-persoane-pe-bulevardul-ferdinand-i-din-alba-iulia\/#breadcrumb","itemListElement":[{"@type":"ListItem","position":1,"name":"Prima pagin\u0103","item":"https:\/\/urbeamea.ro\/albaiulia\/"},{"@type":"ListItem","position":2,"name":"23 septembrie: Band\u0103 dedicat\u0103 transportului public de persoane, pe Bulevardul Ferdinand I din Alba Iulia"}]},{"@type":"WebSite","@id":"https:\/\/urbeamea.ro\/albaiulia\/#website","url":"https:\/\/urbeamea.ro\/albaiulia\/","name":"Revista Urbea Mea, Stiri urbane","description":"Evenimente \u0219i \u0219tiri din Alba Iulia, Sebe\u0219, Aiud, Blaj","potentialAction":[{"@type":"SearchAction","target":{"@type":"EntryPoint","urlTemplate":"https:\/\/urbeamea.ro\/albaiulia\/?s={search_term_string}"},"query-input":{"@type":"PropertyValueSpecification","valueRequired":true,"valueName":"search_term_string"}}],"inLanguage":"ro-RO"},{"@type":"Person","@id":"https:\/\/urbeamea.ro\/albaiulia\/#\/schema\/person\/5db3854ac38c1cc9f0ab4092d6a20f02","name":"Giurca Sorin","image":{"@type":"ImageObject","inLanguage":"ro-RO","@id":"https:\/\/secure.gravatar.com\/avatar\/120f6fcae7b3b47a7730cb9943f612f4909f68ac5284b5f40ac1c4615fd70576?s=96&d=mm&r=g","url":"https:\/\/secure.gravatar.com\/avatar\/120f6fcae7b3b47a7730cb9943f612f4909f68ac5284b5f40ac1c4615fd70576?s=96&d=mm&r=g","contentUrl":"https:\/\/secure.gravatar.com\/avatar\/120f6fcae7b3b47a7730cb9943f612f4909f68ac5284b5f40ac1c4615fd70576?s=96&d=mm&r=g","caption":"Giurca Sorin"},"url":"https:\/\/urbeamea.ro\/albaiulia\/author\/sorin\/"}]}},"_links":{"self":[{"href":"https:\/\/urbeamea.ro\/albaiulia\/wp-json\/wp\/v2\/posts\/113967","targetHints":{"allow":["GET"]}}],"collection":[{"href":"https:\/\/urbeamea.ro\/albaiulia\/wp-json\/wp\/v2\/posts"}],"about":[{"href":"https:\/\/urbeamea.ro\/albaiulia\/wp-json\/wp\/v2\/types\/post"}],"author":[{"embeddable":true,"href":"https:\/\/urbeamea.ro\/albaiulia\/wp-json\/wp\/v2\/users\/28"}],"replies":[{"embeddable":true,"href":"https:\/\/urbeamea.ro\/albaiulia\/wp-json\/wp\/v2\/comments?post=113967"}],"version-history":[{"count":1,"href":"https:\/\/urbeamea.ro\/albaiulia\/wp-json\/wp\/v2\/posts\/113967\/revisions"}],"predecessor-version":[{"id":113971,"href":"https:\/\/urbeamea.ro\/albaiulia\/wp-json\/wp\/v2\/posts\/113967\/revisions\/113971"}],"wp:featuredmedia":[{"embeddable":true,"href":"https:\/\/urbeamea.ro\/albaiulia\/wp-json\/wp\/v2\/media\/113970"}],"wp:attachment":[{"href":"https:\/\/urbeamea.ro\/albaiulia\/wp-json\/wp\/v2\/media?parent=113967"}],"wp:term":[{"taxonomy":"category","embeddable":true,"href":"https:\/\/urbeamea.ro\/albaiulia\/wp-json\/wp\/v2\/categories?post=113967"},{"taxonomy":"post_tag","embeddable":true,"href":"https:\/\/urbeamea.ro\/albaiulia\/wp-json\/wp\/v2\/tags?post=113967"}],"curies":[{"name":"wp","href":"https:\/\/api.w.org\/{rel}","templated":true}]}}