{"id":113973,"date":"2024-09-18T17:42:08","date_gmt":"2024-09-18T14:42:08","guid":{"rendered":"https:\/\/urbeamea.ro\/albaiulia\/?p=113973"},"modified":"2024-09-18T17:42:09","modified_gmt":"2024-09-18T14:42:09","slug":"bulevardul-regimentul-v-vanatori-ferdinand-si-strada-i-c-bratianu-modernizate-printr-un-proiect-de-mobilitate-urbana","status":"publish","type":"post","link":"https:\/\/urbeamea.ro\/albaiulia\/bulevardul-regimentul-v-vanatori-ferdinand-si-strada-i-c-bratianu-modernizate-printr-un-proiect-de-mobilitate-urbana\/","title":{"rendered":"Bulevardul Regimentul V V\u00e2n\u0103tori, Ferdinand \u0219i strada I.C.Br\u0103tianu, modernizate printr-un proiect de mobilitate urban\u0103"},"content":{"rendered":"\n<p><strong>Prim\u0103ria Municipiului Alba Iulia a recep\u021bionat mar\u021bi, un contract prin care dou\u0103 bulevarde \u0219i o strad\u0103 din urbea albaiulian\u0103, au fost modernizate printr-un proiect de mobilitate urban\u0103.<\/strong><\/p>\n\n\n\n<p>Anun\u021bul a fost f\u0103cut de c\u0103tre primarul din Alba Iulia, Gabriel Ple\u0219a prin intermediul paginii de socializare.<\/p>\n\n\n\n<figure class=\"wp-block-image size-full\"><img loading=\"lazy\" decoding=\"async\" width=\"1080\" height=\"639\" src=\"https:\/\/urbeamea.ro\/albaiulia\/wp-content\/uploads\/2024\/09\/1000011816.jpg\" alt=\"\" class=\"wp-image-113974\" srcset=\"https:\/\/urbeamea.ro\/albaiulia\/wp-content\/uploads\/2024\/09\/1000011816.jpg 1080w, https:\/\/urbeamea.ro\/albaiulia\/wp-content\/uploads\/2024\/09\/1000011816-640x379.jpg 640w, https:\/\/urbeamea.ro\/albaiulia\/wp-content\/uploads\/2024\/09\/1000011816-150x89.jpg 150w, https:\/\/urbeamea.ro\/albaiulia\/wp-content\/uploads\/2024\/09\/1000011816-768x454.jpg 768w\" sizes=\"auto, (max-width: 1080px) 100vw, 1080px\" \/><\/figure>\n\n\n\n<p>&#8222;<em>Ast\u0103zi am recep\u021bionat lucr\u0103rile executate pe un al treilea contract din cele cinci \u00eencheiate de municipiul Alba Iulia pe mobilitate urban\u0103. <\/em><\/p>\n\n\n\n<p><em>Este vorba de lotul 1, respectiv bulevardul Regimentul V V\u00e2natori, bulevardul Ferdinand \u0219i strada I.C. Br\u0103tianu.<\/em><\/p>\n\n\n\n<p><em>De-a lungul celor 3,03 km de carosabil, a fost modernizat\u0103 infrastructura rutier\u0103, cu delimitarea benzilor de transport public, reabilitarea trotuarelor, crearea de piste pentru bicicli\u0219ti, amenajarea spa\u021biilor verzi, asigurarea scurgerii apelor de pe suprafa\u021ba str\u0103zilor, semaforizarea intersec\u021biilor principale cu prioritizarea transportului public, realizarea unor sta\u021bii moderne \u0219i iluminate de autobuz, dar \u0219i realizarea unui sistem de bike-sharing.<\/em><\/p>\n\n\n\n<figure class=\"wp-block-image size-full\"><img loading=\"lazy\" decoding=\"async\" width=\"1080\" height=\"612\" src=\"https:\/\/urbeamea.ro\/albaiulia\/wp-content\/uploads\/2024\/09\/1000011817.jpg\" alt=\"\" class=\"wp-image-113975\" srcset=\"https:\/\/urbeamea.ro\/albaiulia\/wp-content\/uploads\/2024\/09\/1000011817.jpg 1080w, https:\/\/urbeamea.ro\/albaiulia\/wp-content\/uploads\/2024\/09\/1000011817-640x363.jpg 640w, https:\/\/urbeamea.ro\/albaiulia\/wp-content\/uploads\/2024\/09\/1000011817-150x85.jpg 150w, https:\/\/urbeamea.ro\/albaiulia\/wp-content\/uploads\/2024\/09\/1000011817-768x435.jpg 768w, https:\/\/urbeamea.ro\/albaiulia\/wp-content\/uploads\/2024\/09\/1000011817-390x220.jpg 390w\" sizes=\"auto, (max-width: 1080px) 100vw, 1080px\" \/><\/figure>\n\n\n\n<p><em>Pe tronsonul recep\u021bionat ast\u0103zi, executantul a fost Elis Pavaje SRL, valoarea lucr\u0103rilor fiind de 30.269.547 lei f\u0103r\u0103 TVA, iar garan\u021bia acestora 60 de luni. <\/em><\/p>\n\n\n\n<p><em>A\u0219a cum am anun\u021bat, p\u00e2n\u0103 la 1 decembrie vom recep\u021biona toate lucr\u0103rile contractate, bicicletele pentru bike-sharing \u0219i centrul de management integrat al traficului.Facem din Alba Iulia un loc mai bun. \u00cempreun\u0103<\/em>!&#8221;, a transmis mar\u021bi Gabriel Ple\u0219a pe Facebook.<\/p>\n\n\n\n<figure class=\"wp-block-gallery has-nested-images columns-default is-cropped wp-block-gallery-1 is-layout-flex wp-block-gallery-is-layout-flex\">\n<figure class=\"wp-block-image size-large\"><img loading=\"lazy\" decoding=\"async\" width=\"1080\" height=\"664\" data-id=\"113976\" src=\"https:\/\/urbeamea.ro\/albaiulia\/wp-content\/uploads\/2024\/09\/1000011818.jpg\" alt=\"\" class=\"wp-image-113976\" srcset=\"https:\/\/urbeamea.ro\/albaiulia\/wp-content\/uploads\/2024\/09\/1000011818.jpg 1080w, https:\/\/urbeamea.ro\/albaiulia\/wp-content\/uploads\/2024\/09\/1000011818-640x393.jpg 640w, https:\/\/urbeamea.ro\/albaiulia\/wp-content\/uploads\/2024\/09\/1000011818-150x92.jpg 150w, https:\/\/urbeamea.ro\/albaiulia\/wp-content\/uploads\/2024\/09\/1000011818-768x472.jpg 768w\" sizes=\"auto, (max-width: 1080px) 100vw, 1080px\" \/><\/figure>\n\n\n\n<figure class=\"wp-block-image size-large\"><img loading=\"lazy\" decoding=\"async\" width=\"1080\" height=\"658\" data-id=\"113977\" src=\"https:\/\/urbeamea.ro\/albaiulia\/wp-content\/uploads\/2024\/09\/1000011819.jpg\" alt=\"\" class=\"wp-image-113977\" srcset=\"https:\/\/urbeamea.ro\/albaiulia\/wp-content\/uploads\/2024\/09\/1000011819.jpg 1080w, https:\/\/urbeamea.ro\/albaiulia\/wp-content\/uploads\/2024\/09\/1000011819-640x390.jpg 640w, https:\/\/urbeamea.ro\/albaiulia\/wp-content\/uploads\/2024\/09\/1000011819-150x91.jpg 150w, https:\/\/urbeamea.ro\/albaiulia\/wp-content\/uploads\/2024\/09\/1000011819-768x468.jpg 768w\" sizes=\"auto, (max-width: 1080px) 100vw, 1080px\" \/><\/figure>\n\n\n\n<figure class=\"wp-block-image size-large\"><img loading=\"lazy\" decoding=\"async\" width=\"1080\" height=\"608\" data-id=\"113978\" src=\"https:\/\/urbeamea.ro\/albaiulia\/wp-content\/uploads\/2024\/09\/1000011820.jpg\" alt=\"\" class=\"wp-image-113978\" srcset=\"https:\/\/urbeamea.ro\/albaiulia\/wp-content\/uploads\/2024\/09\/1000011820.jpg 1080w, https:\/\/urbeamea.ro\/albaiulia\/wp-content\/uploads\/2024\/09\/1000011820-640x360.jpg 640w, https:\/\/urbeamea.ro\/albaiulia\/wp-content\/uploads\/2024\/09\/1000011820-150x84.jpg 150w, https:\/\/urbeamea.ro\/albaiulia\/wp-content\/uploads\/2024\/09\/1000011820-768x432.jpg 768w, https:\/\/urbeamea.ro\/albaiulia\/wp-content\/uploads\/2024\/09\/1000011820-390x220.jpg 390w\" sizes=\"auto, (max-width: 1080px) 100vw, 1080px\" \/><\/figure>\n<\/figure>\n\n\n\n<p><\/p>\n\n\n\n<p><\/p>\n\n\n\n<p><\/p>\n\n\n\n<p><\/p>\n\n\n\n<p><\/p>\n","protected":false},"excerpt":{"rendered":"<p>Prim\u0103ria Municipiului Alba Iulia a recep\u021bionat mar\u021bi, un contract prin care dou\u0103 bulevarde \u0219i o strad\u0103 din urbea albaiulian\u0103, au fost modernizate printr-un proiect de mobilitate urban\u0103. Anun\u021bul a fost f\u0103cut de c\u0103tre primarul din Alba Iulia, Gabriel Ple\u0219a prin intermediul paginii de socializare. &#8222;Ast\u0103zi am recep\u021bionat lucr\u0103rile executate pe un al treilea contract din &hellip;<\/p>\n","protected":false},"author":28,"featured_media":113978,"comment_status":"open","ping_status":"open","sticky":false,"template":"","format":"standard","meta":{"inline_featured_image":false,"footnotes":""},"categories":[2035,2034,16344],"tags":[12261,6779,7371,3810],"class_list":["post-113973","post","type-post","status-publish","format-standard","has-post-thumbnail","hentry","category-administratie","category-social","category-urbea-mea","tag-bulevardul-ferdinand","tag-mobilitate-urbana","tag-piata-ion-i-c-bratianu","tag-regimentul-5-vanatori"],"yoast_head":"<!-- This site is optimized with the Yoast SEO plugin v27.4 - https:\/\/yoast.com\/product\/yoast-seo-wordpress\/ -->\n<title>Bulevardul Regimentul V V\u00e2n\u0103tori, Ferdinand \u0219i strada I.C.Br\u0103tianu, modernizate printr-un proiect de mobilitate urban\u0103 - Revista Urbea Mea - Revista de Alba<\/title>\n<meta name=\"description\" content=\"Prim\u0103ria Municipiului Alba Iulia a recep\u021bionat mar\u021bi, un contract prin care dou\u0103 bulevarde \u0219i o strad\u0103 din urbea albaiulian\u0103, au fost modernizate\" \/>\n<meta name=\"robots\" content=\"index, follow, max-snippet:-1, max-image-preview:large, max-video-preview:-1\" \/>\n<link rel=\"canonical\" href=\"https:\/\/urbeamea.ro\/albaiulia\/bulevardul-regimentul-v-vanatori-ferdinand-si-strada-i-c-bratianu-modernizate-printr-un-proiect-de-mobilitate-urbana\/\" \/>\n<meta name=\"twitter:card\" content=\"summary_large_image\" \/>\n<meta name=\"twitter:title\" content=\"Bulevardul Regimentul V V\u00e2n\u0103tori, Ferdinand \u0219i strada I.C.Br\u0103tianu, modernizate printr-un proiect de mobilitate urban\u0103 - Revista Urbea Mea - Revista de Alba\" \/>\n<meta name=\"twitter:description\" content=\"Prim\u0103ria Municipiului Alba Iulia a recep\u021bionat mar\u021bi, un contract prin care dou\u0103 bulevarde \u0219i o strad\u0103 din urbea albaiulian\u0103, au fost modernizate\" \/>\n<meta name=\"twitter:image\" content=\"https:\/\/urbeamea.ro\/albaiulia\/wp-content\/uploads\/2024\/09\/1000011820.jpg\" \/>\n<meta name=\"twitter:creator\" content=\"@urbeameaweb\" \/>\n<meta name=\"twitter:site\" content=\"@urbeameaweb\" \/>\n<script type=\"application\/ld+json\" class=\"yoast-schema-graph\">{\"@context\":\"https:\\\/\\\/schema.org\",\"@graph\":[{\"@type\":\"Article\",\"@id\":\"https:\\\/\\\/urbeamea.ro\\\/albaiulia\\\/bulevardul-regimentul-v-vanatori-ferdinand-si-strada-i-c-bratianu-modernizate-printr-un-proiect-de-mobilitate-urbana\\\/#article\",\"isPartOf\":{\"@id\":\"https:\\\/\\\/urbeamea.ro\\\/albaiulia\\\/bulevardul-regimentul-v-vanatori-ferdinand-si-strada-i-c-bratianu-modernizate-printr-un-proiect-de-mobilitate-urbana\\\/\"},\"author\":{\"name\":\"Giurca Sorin\",\"@id\":\"https:\\\/\\\/urbeamea.ro\\\/albaiulia\\\/#\\\/schema\\\/person\\\/5db3854ac38c1cc9f0ab4092d6a20f02\"},\"headline\":\"Bulevardul Regimentul V V\u00e2n\u0103tori, Ferdinand \u0219i strada I.C.Br\u0103tianu, modernizate printr-un proiect de mobilitate urban\u0103\",\"datePublished\":\"2024-09-18T14:42:08+00:00\",\"dateModified\":\"2024-09-18T14:42:09+00:00\",\"mainEntityOfPage\":{\"@id\":\"https:\\\/\\\/urbeamea.ro\\\/albaiulia\\\/bulevardul-regimentul-v-vanatori-ferdinand-si-strada-i-c-bratianu-modernizate-printr-un-proiect-de-mobilitate-urbana\\\/\"},\"wordCount\":246,\"commentCount\":0,\"image\":{\"@id\":\"https:\\\/\\\/urbeamea.ro\\\/albaiulia\\\/bulevardul-regimentul-v-vanatori-ferdinand-si-strada-i-c-bratianu-modernizate-printr-un-proiect-de-mobilitate-urbana\\\/#primaryimage\"},\"thumbnailUrl\":\"https:\\\/\\\/urbeamea.ro\\\/albaiulia\\\/wp-content\\\/uploads\\\/2024\\\/09\\\/1000011820.jpg\",\"keywords\":[\"bulevardul ferdinand\",\"mobilitate urbana\",\"piata ion i.c. bratianu\",\"regimentul 5 vanatori\"],\"articleSection\":[\"Administra\u021bie\",\"Social\",\"Urbea Mea\"],\"inLanguage\":\"ro-RO\",\"potentialAction\":[{\"@type\":\"CommentAction\",\"name\":\"Comment\",\"target\":[\"https:\\\/\\\/urbeamea.ro\\\/albaiulia\\\/bulevardul-regimentul-v-vanatori-ferdinand-si-strada-i-c-bratianu-modernizate-printr-un-proiect-de-mobilitate-urbana\\\/#respond\"]}]},{\"@type\":\"WebPage\",\"@id\":\"https:\\\/\\\/urbeamea.ro\\\/albaiulia\\\/bulevardul-regimentul-v-vanatori-ferdinand-si-strada-i-c-bratianu-modernizate-printr-un-proiect-de-mobilitate-urbana\\\/\",\"url\":\"https:\\\/\\\/urbeamea.ro\\\/albaiulia\\\/bulevardul-regimentul-v-vanatori-ferdinand-si-strada-i-c-bratianu-modernizate-printr-un-proiect-de-mobilitate-urbana\\\/\",\"name\":\"Bulevardul Regimentul V V\u00e2n\u0103tori, Ferdinand \u0219i strada I.C.Br\u0103tianu, modernizate printr-un proiect de mobilitate urban\u0103 - Revista Urbea Mea - Revista de Alba\",\"isPartOf\":{\"@id\":\"https:\\\/\\\/urbeamea.ro\\\/albaiulia\\\/#website\"},\"primaryImageOfPage\":{\"@id\":\"https:\\\/\\\/urbeamea.ro\\\/albaiulia\\\/bulevardul-regimentul-v-vanatori-ferdinand-si-strada-i-c-bratianu-modernizate-printr-un-proiect-de-mobilitate-urbana\\\/#primaryimage\"},\"image\":{\"@id\":\"https:\\\/\\\/urbeamea.ro\\\/albaiulia\\\/bulevardul-regimentul-v-vanatori-ferdinand-si-strada-i-c-bratianu-modernizate-printr-un-proiect-de-mobilitate-urbana\\\/#primaryimage\"},\"thumbnailUrl\":\"https:\\\/\\\/urbeamea.ro\\\/albaiulia\\\/wp-content\\\/uploads\\\/2024\\\/09\\\/1000011820.jpg\",\"datePublished\":\"2024-09-18T14:42:08+00:00\",\"dateModified\":\"2024-09-18T14:42:09+00:00\",\"author\":{\"@id\":\"https:\\\/\\\/urbeamea.ro\\\/albaiulia\\\/#\\\/schema\\\/person\\\/5db3854ac38c1cc9f0ab4092d6a20f02\"},\"description\":\"Prim\u0103ria Municipiului Alba Iulia a recep\u021bionat mar\u021bi, un contract prin care dou\u0103 bulevarde \u0219i o strad\u0103 din urbea albaiulian\u0103, au fost modernizate\",\"breadcrumb\":{\"@id\":\"https:\\\/\\\/urbeamea.ro\\\/albaiulia\\\/bulevardul-regimentul-v-vanatori-ferdinand-si-strada-i-c-bratianu-modernizate-printr-un-proiect-de-mobilitate-urbana\\\/#breadcrumb\"},\"inLanguage\":\"ro-RO\",\"potentialAction\":[{\"@type\":\"ReadAction\",\"target\":[\"https:\\\/\\\/urbeamea.ro\\\/albaiulia\\\/bulevardul-regimentul-v-vanatori-ferdinand-si-strada-i-c-bratianu-modernizate-printr-un-proiect-de-mobilitate-urbana\\\/\"]}]},{\"@type\":\"ImageObject\",\"inLanguage\":\"ro-RO\",\"@id\":\"https:\\\/\\\/urbeamea.ro\\\/albaiulia\\\/bulevardul-regimentul-v-vanatori-ferdinand-si-strada-i-c-bratianu-modernizate-printr-un-proiect-de-mobilitate-urbana\\\/#primaryimage\",\"url\":\"https:\\\/\\\/urbeamea.ro\\\/albaiulia\\\/wp-content\\\/uploads\\\/2024\\\/09\\\/1000011820.jpg\",\"contentUrl\":\"https:\\\/\\\/urbeamea.ro\\\/albaiulia\\\/wp-content\\\/uploads\\\/2024\\\/09\\\/1000011820.jpg\",\"width\":1080,\"height\":608},{\"@type\":\"BreadcrumbList\",\"@id\":\"https:\\\/\\\/urbeamea.ro\\\/albaiulia\\\/bulevardul-regimentul-v-vanatori-ferdinand-si-strada-i-c-bratianu-modernizate-printr-un-proiect-de-mobilitate-urbana\\\/#breadcrumb\",\"itemListElement\":[{\"@type\":\"ListItem\",\"position\":1,\"name\":\"Prima pagin\u0103\",\"item\":\"https:\\\/\\\/urbeamea.ro\\\/albaiulia\\\/\"},{\"@type\":\"ListItem\",\"position\":2,\"name\":\"Bulevardul Regimentul V V\u00e2n\u0103tori, Ferdinand \u0219i strada I.C.Br\u0103tianu, modernizate printr-un proiect de mobilitate urban\u0103\"}]},{\"@type\":\"WebSite\",\"@id\":\"https:\\\/\\\/urbeamea.ro\\\/albaiulia\\\/#website\",\"url\":\"https:\\\/\\\/urbeamea.ro\\\/albaiulia\\\/\",\"name\":\"Revista Urbea Mea, Stiri urbane\",\"description\":\"Evenimente \u0219i \u0219tiri din Alba Iulia, Sebe\u0219, Aiud, Blaj\",\"potentialAction\":[{\"@type\":\"SearchAction\",\"target\":{\"@type\":\"EntryPoint\",\"urlTemplate\":\"https:\\\/\\\/urbeamea.ro\\\/albaiulia\\\/?s={search_term_string}\"},\"query-input\":{\"@type\":\"PropertyValueSpecification\",\"valueRequired\":true,\"valueName\":\"search_term_string\"}}],\"inLanguage\":\"ro-RO\"},{\"@type\":\"Person\",\"@id\":\"https:\\\/\\\/urbeamea.ro\\\/albaiulia\\\/#\\\/schema\\\/person\\\/5db3854ac38c1cc9f0ab4092d6a20f02\",\"name\":\"Giurca Sorin\",\"image\":{\"@type\":\"ImageObject\",\"inLanguage\":\"ro-RO\",\"@id\":\"https:\\\/\\\/secure.gravatar.com\\\/avatar\\\/120f6fcae7b3b47a7730cb9943f612f4909f68ac5284b5f40ac1c4615fd70576?s=96&d=mm&r=g\",\"url\":\"https:\\\/\\\/secure.gravatar.com\\\/avatar\\\/120f6fcae7b3b47a7730cb9943f612f4909f68ac5284b5f40ac1c4615fd70576?s=96&d=mm&r=g\",\"contentUrl\":\"https:\\\/\\\/secure.gravatar.com\\\/avatar\\\/120f6fcae7b3b47a7730cb9943f612f4909f68ac5284b5f40ac1c4615fd70576?s=96&d=mm&r=g\",\"caption\":\"Giurca Sorin\"},\"url\":\"https:\\\/\\\/urbeamea.ro\\\/albaiulia\\\/author\\\/sorin\\\/\"}]}<\/script>\n<!-- \/ Yoast SEO plugin. -->","yoast_head_json":{"title":"Bulevardul Regimentul V V\u00e2n\u0103tori, Ferdinand \u0219i strada I.C.Br\u0103tianu, modernizate printr-un proiect de mobilitate urban\u0103 - Revista Urbea Mea - Revista de Alba","description":"Prim\u0103ria Municipiului Alba Iulia a recep\u021bionat mar\u021bi, un contract prin care dou\u0103 bulevarde \u0219i o strad\u0103 din urbea albaiulian\u0103, au fost modernizate","robots":{"index":"index","follow":"follow","max-snippet":"max-snippet:-1","max-image-preview":"max-image-preview:large","max-video-preview":"max-video-preview:-1"},"canonical":"https:\/\/urbeamea.ro\/albaiulia\/bulevardul-regimentul-v-vanatori-ferdinand-si-strada-i-c-bratianu-modernizate-printr-un-proiect-de-mobilitate-urbana\/","twitter_card":"summary_large_image","twitter_title":"Bulevardul Regimentul V V\u00e2n\u0103tori, Ferdinand \u0219i strada I.C.Br\u0103tianu, modernizate printr-un proiect de mobilitate urban\u0103 - Revista Urbea Mea - Revista de Alba","twitter_description":"Prim\u0103ria Municipiului Alba Iulia a recep\u021bionat mar\u021bi, un contract prin care dou\u0103 bulevarde \u0219i o strad\u0103 din urbea albaiulian\u0103, au fost modernizate","twitter_image":"https:\/\/urbeamea.ro\/albaiulia\/wp-content\/uploads\/2024\/09\/1000011820.jpg","twitter_creator":"@urbeameaweb","twitter_site":"@urbeameaweb","schema":{"@context":"https:\/\/schema.org","@graph":[{"@type":"Article","@id":"https:\/\/urbeamea.ro\/albaiulia\/bulevardul-regimentul-v-vanatori-ferdinand-si-strada-i-c-bratianu-modernizate-printr-un-proiect-de-mobilitate-urbana\/#article","isPartOf":{"@id":"https:\/\/urbeamea.ro\/albaiulia\/bulevardul-regimentul-v-vanatori-ferdinand-si-strada-i-c-bratianu-modernizate-printr-un-proiect-de-mobilitate-urbana\/"},"author":{"name":"Giurca Sorin","@id":"https:\/\/urbeamea.ro\/albaiulia\/#\/schema\/person\/5db3854ac38c1cc9f0ab4092d6a20f02"},"headline":"Bulevardul Regimentul V V\u00e2n\u0103tori, Ferdinand \u0219i strada I.C.Br\u0103tianu, modernizate printr-un proiect de mobilitate urban\u0103","datePublished":"2024-09-18T14:42:08+00:00","dateModified":"2024-09-18T14:42:09+00:00","mainEntityOfPage":{"@id":"https:\/\/urbeamea.ro\/albaiulia\/bulevardul-regimentul-v-vanatori-ferdinand-si-strada-i-c-bratianu-modernizate-printr-un-proiect-de-mobilitate-urbana\/"},"wordCount":246,"commentCount":0,"image":{"@id":"https:\/\/urbeamea.ro\/albaiulia\/bulevardul-regimentul-v-vanatori-ferdinand-si-strada-i-c-bratianu-modernizate-printr-un-proiect-de-mobilitate-urbana\/#primaryimage"},"thumbnailUrl":"https:\/\/urbeamea.ro\/albaiulia\/wp-content\/uploads\/2024\/09\/1000011820.jpg","keywords":["bulevardul ferdinand","mobilitate urbana","piata ion i.c. bratianu","regimentul 5 vanatori"],"articleSection":["Administra\u021bie","Social","Urbea Mea"],"inLanguage":"ro-RO","potentialAction":[{"@type":"CommentAction","name":"Comment","target":["https:\/\/urbeamea.ro\/albaiulia\/bulevardul-regimentul-v-vanatori-ferdinand-si-strada-i-c-bratianu-modernizate-printr-un-proiect-de-mobilitate-urbana\/#respond"]}]},{"@type":"WebPage","@id":"https:\/\/urbeamea.ro\/albaiulia\/bulevardul-regimentul-v-vanatori-ferdinand-si-strada-i-c-bratianu-modernizate-printr-un-proiect-de-mobilitate-urbana\/","url":"https:\/\/urbeamea.ro\/albaiulia\/bulevardul-regimentul-v-vanatori-ferdinand-si-strada-i-c-bratianu-modernizate-printr-un-proiect-de-mobilitate-urbana\/","name":"Bulevardul Regimentul V V\u00e2n\u0103tori, Ferdinand \u0219i strada I.C.Br\u0103tianu, modernizate printr-un proiect de mobilitate urban\u0103 - Revista Urbea Mea - Revista de Alba","isPartOf":{"@id":"https:\/\/urbeamea.ro\/albaiulia\/#website"},"primaryImageOfPage":{"@id":"https:\/\/urbeamea.ro\/albaiulia\/bulevardul-regimentul-v-vanatori-ferdinand-si-strada-i-c-bratianu-modernizate-printr-un-proiect-de-mobilitate-urbana\/#primaryimage"},"image":{"@id":"https:\/\/urbeamea.ro\/albaiulia\/bulevardul-regimentul-v-vanatori-ferdinand-si-strada-i-c-bratianu-modernizate-printr-un-proiect-de-mobilitate-urbana\/#primaryimage"},"thumbnailUrl":"https:\/\/urbeamea.ro\/albaiulia\/wp-content\/uploads\/2024\/09\/1000011820.jpg","datePublished":"2024-09-18T14:42:08+00:00","dateModified":"2024-09-18T14:42:09+00:00","author":{"@id":"https:\/\/urbeamea.ro\/albaiulia\/#\/schema\/person\/5db3854ac38c1cc9f0ab4092d6a20f02"},"description":"Prim\u0103ria Municipiului Alba Iulia a recep\u021bionat mar\u021bi, un contract prin care dou\u0103 bulevarde \u0219i o strad\u0103 din urbea albaiulian\u0103, au fost modernizate","breadcrumb":{"@id":"https:\/\/urbeamea.ro\/albaiulia\/bulevardul-regimentul-v-vanatori-ferdinand-si-strada-i-c-bratianu-modernizate-printr-un-proiect-de-mobilitate-urbana\/#breadcrumb"},"inLanguage":"ro-RO","potentialAction":[{"@type":"ReadAction","target":["https:\/\/urbeamea.ro\/albaiulia\/bulevardul-regimentul-v-vanatori-ferdinand-si-strada-i-c-bratianu-modernizate-printr-un-proiect-de-mobilitate-urbana\/"]}]},{"@type":"ImageObject","inLanguage":"ro-RO","@id":"https:\/\/urbeamea.ro\/albaiulia\/bulevardul-regimentul-v-vanatori-ferdinand-si-strada-i-c-bratianu-modernizate-printr-un-proiect-de-mobilitate-urbana\/#primaryimage","url":"https:\/\/urbeamea.ro\/albaiulia\/wp-content\/uploads\/2024\/09\/1000011820.jpg","contentUrl":"https:\/\/urbeamea.ro\/albaiulia\/wp-content\/uploads\/2024\/09\/1000011820.jpg","width":1080,"height":608},{"@type":"BreadcrumbList","@id":"https:\/\/urbeamea.ro\/albaiulia\/bulevardul-regimentul-v-vanatori-ferdinand-si-strada-i-c-bratianu-modernizate-printr-un-proiect-de-mobilitate-urbana\/#breadcrumb","itemListElement":[{"@type":"ListItem","position":1,"name":"Prima pagin\u0103","item":"https:\/\/urbeamea.ro\/albaiulia\/"},{"@type":"ListItem","position":2,"name":"Bulevardul Regimentul V V\u00e2n\u0103tori, Ferdinand \u0219i strada I.C.Br\u0103tianu, modernizate printr-un proiect de mobilitate urban\u0103"}]},{"@type":"WebSite","@id":"https:\/\/urbeamea.ro\/albaiulia\/#website","url":"https:\/\/urbeamea.ro\/albaiulia\/","name":"Revista Urbea Mea, Stiri urbane","description":"Evenimente \u0219i \u0219tiri din Alba Iulia, Sebe\u0219, Aiud, Blaj","potentialAction":[{"@type":"SearchAction","target":{"@type":"EntryPoint","urlTemplate":"https:\/\/urbeamea.ro\/albaiulia\/?s={search_term_string}"},"query-input":{"@type":"PropertyValueSpecification","valueRequired":true,"valueName":"search_term_string"}}],"inLanguage":"ro-RO"},{"@type":"Person","@id":"https:\/\/urbeamea.ro\/albaiulia\/#\/schema\/person\/5db3854ac38c1cc9f0ab4092d6a20f02","name":"Giurca Sorin","image":{"@type":"ImageObject","inLanguage":"ro-RO","@id":"https:\/\/secure.gravatar.com\/avatar\/120f6fcae7b3b47a7730cb9943f612f4909f68ac5284b5f40ac1c4615fd70576?s=96&d=mm&r=g","url":"https:\/\/secure.gravatar.com\/avatar\/120f6fcae7b3b47a7730cb9943f612f4909f68ac5284b5f40ac1c4615fd70576?s=96&d=mm&r=g","contentUrl":"https:\/\/secure.gravatar.com\/avatar\/120f6fcae7b3b47a7730cb9943f612f4909f68ac5284b5f40ac1c4615fd70576?s=96&d=mm&r=g","caption":"Giurca Sorin"},"url":"https:\/\/urbeamea.ro\/albaiulia\/author\/sorin\/"}]}},"_links":{"self":[{"href":"https:\/\/urbeamea.ro\/albaiulia\/wp-json\/wp\/v2\/posts\/113973","targetHints":{"allow":["GET"]}}],"collection":[{"href":"https:\/\/urbeamea.ro\/albaiulia\/wp-json\/wp\/v2\/posts"}],"about":[{"href":"https:\/\/urbeamea.ro\/albaiulia\/wp-json\/wp\/v2\/types\/post"}],"author":[{"embeddable":true,"href":"https:\/\/urbeamea.ro\/albaiulia\/wp-json\/wp\/v2\/users\/28"}],"replies":[{"embeddable":true,"href":"https:\/\/urbeamea.ro\/albaiulia\/wp-json\/wp\/v2\/comments?post=113973"}],"version-history":[{"count":1,"href":"https:\/\/urbeamea.ro\/albaiulia\/wp-json\/wp\/v2\/posts\/113973\/revisions"}],"predecessor-version":[{"id":113979,"href":"https:\/\/urbeamea.ro\/albaiulia\/wp-json\/wp\/v2\/posts\/113973\/revisions\/113979"}],"wp:featuredmedia":[{"embeddable":true,"href":"https:\/\/urbeamea.ro\/albaiulia\/wp-json\/wp\/v2\/media\/113978"}],"wp:attachment":[{"href":"https:\/\/urbeamea.ro\/albaiulia\/wp-json\/wp\/v2\/media?parent=113973"}],"wp:term":[{"taxonomy":"category","embeddable":true,"href":"https:\/\/urbeamea.ro\/albaiulia\/wp-json\/wp\/v2\/categories?post=113973"},{"taxonomy":"post_tag","embeddable":true,"href":"https:\/\/urbeamea.ro\/albaiulia\/wp-json\/wp\/v2\/tags?post=113973"}],"curies":[{"name":"wp","href":"https:\/\/api.w.org\/{rel}","templated":true}]}}