{"id":113991,"date":"2024-09-20T09:24:30","date_gmt":"2024-09-20T06:24:30","guid":{"rendered":"https:\/\/urbeamea.ro\/albaiulia\/?p=113991"},"modified":"2024-09-20T09:25:26","modified_gmt":"2024-09-20T06:25:26","slug":"astazi-transportul-public-va-fi-gratuit-in-municipiul-alba-iulia","status":"publish","type":"post","link":"https:\/\/urbeamea.ro\/albaiulia\/astazi-transportul-public-va-fi-gratuit-in-municipiul-alba-iulia\/","title":{"rendered":"Ast\u0103zi: Transportul public va fi gratuit \u00een Alba Iulia"},"content":{"rendered":"\n<p>  <strong>Transportul public va fi gratuit vineri, 20 septembrie 2024, pe toate autobuzele \u0219i microbuzele STP, marc\u00e2nd astfel \u201eS\u0103pt\u0103m\u00e2na European\u0103 a Mobilit\u0103\u021bii\u201d \u0219i \u00eencuraj\u00e2nd utilizarea solu\u021biilor de transport ecologice \u0219i nepoluante.<\/strong><\/p>\n\n\n\n<p>\ud835\udc6b\ud835\udc86 \ud835\udc84\ud835\udc86 \ud835\udc94\ud835\udc82 \ud835\udc91\ud835\udc82\ud835\udc93\ud835\udc95\ud835\udc8a\ud835\udc84\ud835\udc8a\ud835\udc91\ud835\udc82\ud835\udc95\ud835\udc8a\u2753<\/p>\n\n\n\n<p> \u00cencuraja\u021bi mobilitatea sustenabil\u0103 \u0219i v\u0103 al\u0103tura\u021bi eforturilor ora\u0219ului de a reduce poluarea \u0219i de a cre\u0219te accesibilitatea transportului public.<\/p>\n\n\n\n<p>\u2022 Flot\u0103 modern\u0103 de transport \u2013 confort \u0219i tehnologie de ultim\u0103 genera\u021bie, inclusiv autobuze electrice \u0219i nepoluante, contribuind la un mediu mai curat.<\/p>\n\n\n\n<p>\u2022 Transport gratuit!<\/p>\n\n\n\n<p>Alba Iulia se al\u0103tur\u0103 ora\u0219elor din \u00eentreaga Europ\u0103 care celebreaz\u0103 \u201eS\u0103pt\u0103m\u00e2na European\u0103 a Mobilit\u0103\u021bii\u201c, o ini\u021biativ\u0103 dedicat\u0103 promov\u0103rii transportului inteligent \u0219i ecologic. <\/p>\n\n\n\n<p>\u00cen perioada 16-22 septembrie 2024, acest eveniment pune accent pe schimbarea comportamentului urban \u00een favoarea mijloacelor de transport sustenabile.<\/p>\n\n\n\n<p>\u201d<em>Alba Iulia vrea s\u0103 fie un ora\u0219 mai curat \u0219i mai s\u0103n\u0103tos, iar utilizarea transportului public joac\u0103 un rol crucial \u00een aceast\u0103 transformare. Invit to\u021bi albaiulienii, indiferent de v\u00e2rst\u0103, s\u0103 participe activ la mobilitatea urban\u0103, s\u0103 se bucure de transportul gratuit din ziua de vineri, 20 septembrie \u0219i s\u0103 descopere beneficiile transportului ecologic. <\/em><\/p>\n\n\n\n<p><em>Haide\u021bi s\u0103 facem \u00eempreun\u0103 un pas spre un viitor mai verde \u0219i mai prietenos cu mediul\u201d &#8211; <\/em>Gabriel Ple\u0219a, primarul municipiului Alba Iulia. <\/p>\n\n\n\n<p>Transportul public din Alba Iulia se distinge prin calitatea serviciilor.<\/p>\n\n\n\n<p> Cu o flot\u0103 ce include autobuze electrice \u0219i ecologice, compania care asigur\u0103 transportul public \u00een Alba Iulia a c\u00e2\u0219tigat numeroase premii de excelen\u021b\u0103, fiind apreciat\u0103 pentru investi\u021biile \u00een confortul \u0219i siguran\u021ba pasagerilor. <\/p>\n\n\n\n<p>Pentru mai multe informa\u021bii despre trasee \u0219i frecven\u021ba curselor, vizita\u021bi site-ul www.stp.ro<\/p>\n\n\n\n<figure class=\"wp-block-image size-full\"><img loading=\"lazy\" decoding=\"async\" width=\"1080\" height=\"1080\" src=\"https:\/\/urbeamea.ro\/albaiulia\/wp-content\/uploads\/2024\/09\/1000012029.jpg\" alt=\"\" class=\"wp-image-113992\" srcset=\"https:\/\/urbeamea.ro\/albaiulia\/wp-content\/uploads\/2024\/09\/1000012029.jpg 1080w, https:\/\/urbeamea.ro\/albaiulia\/wp-content\/uploads\/2024\/09\/1000012029-640x640.jpg 640w, https:\/\/urbeamea.ro\/albaiulia\/wp-content\/uploads\/2024\/09\/1000012029-150x150.jpg 150w, https:\/\/urbeamea.ro\/albaiulia\/wp-content\/uploads\/2024\/09\/1000012029-768x768.jpg 768w\" sizes=\"auto, (max-width: 1080px) 100vw, 1080px\" \/><\/figure>\n\n\n\n<p><\/p>\n","protected":false},"excerpt":{"rendered":"<p>Transportul public va fi gratuit vineri, 20 septembrie 2024, pe toate autobuzele \u0219i microbuzele STP, marc\u00e2nd astfel \u201eS\u0103pt\u0103m\u00e2na European\u0103 a Mobilit\u0103\u021bii\u201d \u0219i \u00eencuraj\u00e2nd utilizarea solu\u021biilor de transport ecologice \u0219i nepoluante. \ud835\udc6b\ud835\udc86 \ud835\udc84\ud835\udc86 \ud835\udc94\ud835\udc82 \ud835\udc91\ud835\udc82\ud835\udc93\ud835\udc95\ud835\udc8a\ud835\udc84\ud835\udc8a\ud835\udc91\ud835\udc82\ud835\udc95\ud835\udc8a\u2753 \u00cencuraja\u021bi mobilitatea sustenabil\u0103 \u0219i v\u0103 al\u0103tura\u021bi eforturilor ora\u0219ului de a reduce poluarea \u0219i de a cre\u0219te accesibilitatea transportului public. \u2022 Flot\u0103 &hellip;<\/p>\n","protected":false},"author":28,"featured_media":113992,"comment_status":"open","ping_status":"open","sticky":false,"template":"","format":"standard","meta":{"inline_featured_image":false,"footnotes":""},"categories":[23926,2034,1,16344],"tags":[25059,1644],"class_list":["post-113991","post","type-post","status-publish","format-standard","has-post-thumbnail","hentry","category-actualitate","category-social","category-stiri-urbane","category-urbea-mea","tag-saptamana-europeana-a-mobilitatii-2","tag-stp"],"yoast_head":"<!-- This site is optimized with the Yoast SEO plugin v27.4 - https:\/\/yoast.com\/product\/yoast-seo-wordpress\/ -->\n<title>Ast\u0103zi: Transportul public va fi gratuit \u00een Alba Iulia - Revista Urbea Mea - Revista de Alba<\/title>\n<meta name=\"description\" content=\"Transportul public va fi gratuit vineri, 20 septembrie 2024, pe toate autobuzele \u0219i microbuzele STP, marc\u00e2nd astfel \u201eS\u0103pt\u0103m\u00e2na European\u0103 a Mobilit\u0103\u021bii\u201d \u0219i\" \/>\n<meta name=\"robots\" content=\"index, follow, max-snippet:-1, max-image-preview:large, max-video-preview:-1\" \/>\n<link rel=\"canonical\" href=\"https:\/\/urbeamea.ro\/albaiulia\/astazi-transportul-public-va-fi-gratuit-in-municipiul-alba-iulia\/\" \/>\n<meta name=\"twitter:card\" content=\"summary_large_image\" \/>\n<meta name=\"twitter:title\" content=\"Ast\u0103zi: Transportul public va fi gratuit \u00een Alba Iulia - Revista Urbea Mea - Revista de Alba\" \/>\n<meta name=\"twitter:description\" content=\"Transportul public va fi gratuit vineri, 20 septembrie 2024, pe toate autobuzele \u0219i microbuzele STP, marc\u00e2nd astfel \u201eS\u0103pt\u0103m\u00e2na European\u0103 a Mobilit\u0103\u021bii\u201d \u0219i\" \/>\n<meta name=\"twitter:image\" content=\"https:\/\/urbeamea.ro\/albaiulia\/wp-content\/uploads\/2024\/09\/1000012029.jpg\" \/>\n<meta name=\"twitter:creator\" content=\"@urbeameaweb\" \/>\n<meta name=\"twitter:site\" content=\"@urbeameaweb\" \/>\n<script type=\"application\/ld+json\" class=\"yoast-schema-graph\">{\"@context\":\"https:\\\/\\\/schema.org\",\"@graph\":[{\"@type\":\"Article\",\"@id\":\"https:\\\/\\\/urbeamea.ro\\\/albaiulia\\\/astazi-transportul-public-va-fi-gratuit-in-municipiul-alba-iulia\\\/#article\",\"isPartOf\":{\"@id\":\"https:\\\/\\\/urbeamea.ro\\\/albaiulia\\\/astazi-transportul-public-va-fi-gratuit-in-municipiul-alba-iulia\\\/\"},\"author\":{\"name\":\"Giurca Sorin\",\"@id\":\"https:\\\/\\\/urbeamea.ro\\\/albaiulia\\\/#\\\/schema\\\/person\\\/5db3854ac38c1cc9f0ab4092d6a20f02\"},\"headline\":\"Ast\u0103zi: Transportul public va fi gratuit \u00een Alba Iulia\",\"datePublished\":\"2024-09-20T06:24:30+00:00\",\"dateModified\":\"2024-09-20T06:25:26+00:00\",\"mainEntityOfPage\":{\"@id\":\"https:\\\/\\\/urbeamea.ro\\\/albaiulia\\\/astazi-transportul-public-va-fi-gratuit-in-municipiul-alba-iulia\\\/\"},\"wordCount\":284,\"commentCount\":0,\"image\":{\"@id\":\"https:\\\/\\\/urbeamea.ro\\\/albaiulia\\\/astazi-transportul-public-va-fi-gratuit-in-municipiul-alba-iulia\\\/#primaryimage\"},\"thumbnailUrl\":\"https:\\\/\\\/urbeamea.ro\\\/albaiulia\\\/wp-content\\\/uploads\\\/2024\\\/09\\\/1000012029.jpg\",\"keywords\":[\"S\u0103pt\u0103m\u00e2na European\u0103 a Mobilit\u0103\u021bii\",\"STP\"],\"articleSection\":[\"Actualitate\",\"Social\",\"\u015etiri Urbane\",\"Urbea Mea\"],\"inLanguage\":\"ro-RO\",\"potentialAction\":[{\"@type\":\"CommentAction\",\"name\":\"Comment\",\"target\":[\"https:\\\/\\\/urbeamea.ro\\\/albaiulia\\\/astazi-transportul-public-va-fi-gratuit-in-municipiul-alba-iulia\\\/#respond\"]}]},{\"@type\":\"WebPage\",\"@id\":\"https:\\\/\\\/urbeamea.ro\\\/albaiulia\\\/astazi-transportul-public-va-fi-gratuit-in-municipiul-alba-iulia\\\/\",\"url\":\"https:\\\/\\\/urbeamea.ro\\\/albaiulia\\\/astazi-transportul-public-va-fi-gratuit-in-municipiul-alba-iulia\\\/\",\"name\":\"Ast\u0103zi: Transportul public va fi gratuit \u00een Alba Iulia - Revista Urbea Mea - Revista de Alba\",\"isPartOf\":{\"@id\":\"https:\\\/\\\/urbeamea.ro\\\/albaiulia\\\/#website\"},\"primaryImageOfPage\":{\"@id\":\"https:\\\/\\\/urbeamea.ro\\\/albaiulia\\\/astazi-transportul-public-va-fi-gratuit-in-municipiul-alba-iulia\\\/#primaryimage\"},\"image\":{\"@id\":\"https:\\\/\\\/urbeamea.ro\\\/albaiulia\\\/astazi-transportul-public-va-fi-gratuit-in-municipiul-alba-iulia\\\/#primaryimage\"},\"thumbnailUrl\":\"https:\\\/\\\/urbeamea.ro\\\/albaiulia\\\/wp-content\\\/uploads\\\/2024\\\/09\\\/1000012029.jpg\",\"datePublished\":\"2024-09-20T06:24:30+00:00\",\"dateModified\":\"2024-09-20T06:25:26+00:00\",\"author\":{\"@id\":\"https:\\\/\\\/urbeamea.ro\\\/albaiulia\\\/#\\\/schema\\\/person\\\/5db3854ac38c1cc9f0ab4092d6a20f02\"},\"description\":\"Transportul public va fi gratuit vineri, 20 septembrie 2024, pe toate autobuzele \u0219i microbuzele STP, marc\u00e2nd astfel \u201eS\u0103pt\u0103m\u00e2na European\u0103 a Mobilit\u0103\u021bii\u201d \u0219i\",\"breadcrumb\":{\"@id\":\"https:\\\/\\\/urbeamea.ro\\\/albaiulia\\\/astazi-transportul-public-va-fi-gratuit-in-municipiul-alba-iulia\\\/#breadcrumb\"},\"inLanguage\":\"ro-RO\",\"potentialAction\":[{\"@type\":\"ReadAction\",\"target\":[\"https:\\\/\\\/urbeamea.ro\\\/albaiulia\\\/astazi-transportul-public-va-fi-gratuit-in-municipiul-alba-iulia\\\/\"]}]},{\"@type\":\"ImageObject\",\"inLanguage\":\"ro-RO\",\"@id\":\"https:\\\/\\\/urbeamea.ro\\\/albaiulia\\\/astazi-transportul-public-va-fi-gratuit-in-municipiul-alba-iulia\\\/#primaryimage\",\"url\":\"https:\\\/\\\/urbeamea.ro\\\/albaiulia\\\/wp-content\\\/uploads\\\/2024\\\/09\\\/1000012029.jpg\",\"contentUrl\":\"https:\\\/\\\/urbeamea.ro\\\/albaiulia\\\/wp-content\\\/uploads\\\/2024\\\/09\\\/1000012029.jpg\",\"width\":1080,\"height\":1080},{\"@type\":\"BreadcrumbList\",\"@id\":\"https:\\\/\\\/urbeamea.ro\\\/albaiulia\\\/astazi-transportul-public-va-fi-gratuit-in-municipiul-alba-iulia\\\/#breadcrumb\",\"itemListElement\":[{\"@type\":\"ListItem\",\"position\":1,\"name\":\"Prima pagin\u0103\",\"item\":\"https:\\\/\\\/urbeamea.ro\\\/albaiulia\\\/\"},{\"@type\":\"ListItem\",\"position\":2,\"name\":\"Ast\u0103zi: Transportul public va fi gratuit \u00een Alba Iulia\"}]},{\"@type\":\"WebSite\",\"@id\":\"https:\\\/\\\/urbeamea.ro\\\/albaiulia\\\/#website\",\"url\":\"https:\\\/\\\/urbeamea.ro\\\/albaiulia\\\/\",\"name\":\"Revista Urbea Mea, Stiri urbane\",\"description\":\"Evenimente \u0219i \u0219tiri din Alba Iulia, Sebe\u0219, Aiud, Blaj\",\"potentialAction\":[{\"@type\":\"SearchAction\",\"target\":{\"@type\":\"EntryPoint\",\"urlTemplate\":\"https:\\\/\\\/urbeamea.ro\\\/albaiulia\\\/?s={search_term_string}\"},\"query-input\":{\"@type\":\"PropertyValueSpecification\",\"valueRequired\":true,\"valueName\":\"search_term_string\"}}],\"inLanguage\":\"ro-RO\"},{\"@type\":\"Person\",\"@id\":\"https:\\\/\\\/urbeamea.ro\\\/albaiulia\\\/#\\\/schema\\\/person\\\/5db3854ac38c1cc9f0ab4092d6a20f02\",\"name\":\"Giurca Sorin\",\"image\":{\"@type\":\"ImageObject\",\"inLanguage\":\"ro-RO\",\"@id\":\"https:\\\/\\\/secure.gravatar.com\\\/avatar\\\/120f6fcae7b3b47a7730cb9943f612f4909f68ac5284b5f40ac1c4615fd70576?s=96&d=mm&r=g\",\"url\":\"https:\\\/\\\/secure.gravatar.com\\\/avatar\\\/120f6fcae7b3b47a7730cb9943f612f4909f68ac5284b5f40ac1c4615fd70576?s=96&d=mm&r=g\",\"contentUrl\":\"https:\\\/\\\/secure.gravatar.com\\\/avatar\\\/120f6fcae7b3b47a7730cb9943f612f4909f68ac5284b5f40ac1c4615fd70576?s=96&d=mm&r=g\",\"caption\":\"Giurca Sorin\"},\"url\":\"https:\\\/\\\/urbeamea.ro\\\/albaiulia\\\/author\\\/sorin\\\/\"}]}<\/script>\n<!-- \/ Yoast SEO plugin. -->","yoast_head_json":{"title":"Ast\u0103zi: Transportul public va fi gratuit \u00een Alba Iulia - Revista Urbea Mea - Revista de Alba","description":"Transportul public va fi gratuit vineri, 20 septembrie 2024, pe toate autobuzele \u0219i microbuzele STP, marc\u00e2nd astfel \u201eS\u0103pt\u0103m\u00e2na European\u0103 a Mobilit\u0103\u021bii\u201d \u0219i","robots":{"index":"index","follow":"follow","max-snippet":"max-snippet:-1","max-image-preview":"max-image-preview:large","max-video-preview":"max-video-preview:-1"},"canonical":"https:\/\/urbeamea.ro\/albaiulia\/astazi-transportul-public-va-fi-gratuit-in-municipiul-alba-iulia\/","twitter_card":"summary_large_image","twitter_title":"Ast\u0103zi: Transportul public va fi gratuit \u00een Alba Iulia - Revista Urbea Mea - Revista de Alba","twitter_description":"Transportul public va fi gratuit vineri, 20 septembrie 2024, pe toate autobuzele \u0219i microbuzele STP, marc\u00e2nd astfel \u201eS\u0103pt\u0103m\u00e2na European\u0103 a Mobilit\u0103\u021bii\u201d \u0219i","twitter_image":"https:\/\/urbeamea.ro\/albaiulia\/wp-content\/uploads\/2024\/09\/1000012029.jpg","twitter_creator":"@urbeameaweb","twitter_site":"@urbeameaweb","schema":{"@context":"https:\/\/schema.org","@graph":[{"@type":"Article","@id":"https:\/\/urbeamea.ro\/albaiulia\/astazi-transportul-public-va-fi-gratuit-in-municipiul-alba-iulia\/#article","isPartOf":{"@id":"https:\/\/urbeamea.ro\/albaiulia\/astazi-transportul-public-va-fi-gratuit-in-municipiul-alba-iulia\/"},"author":{"name":"Giurca Sorin","@id":"https:\/\/urbeamea.ro\/albaiulia\/#\/schema\/person\/5db3854ac38c1cc9f0ab4092d6a20f02"},"headline":"Ast\u0103zi: Transportul public va fi gratuit \u00een Alba Iulia","datePublished":"2024-09-20T06:24:30+00:00","dateModified":"2024-09-20T06:25:26+00:00","mainEntityOfPage":{"@id":"https:\/\/urbeamea.ro\/albaiulia\/astazi-transportul-public-va-fi-gratuit-in-municipiul-alba-iulia\/"},"wordCount":284,"commentCount":0,"image":{"@id":"https:\/\/urbeamea.ro\/albaiulia\/astazi-transportul-public-va-fi-gratuit-in-municipiul-alba-iulia\/#primaryimage"},"thumbnailUrl":"https:\/\/urbeamea.ro\/albaiulia\/wp-content\/uploads\/2024\/09\/1000012029.jpg","keywords":["S\u0103pt\u0103m\u00e2na European\u0103 a Mobilit\u0103\u021bii","STP"],"articleSection":["Actualitate","Social","\u015etiri Urbane","Urbea Mea"],"inLanguage":"ro-RO","potentialAction":[{"@type":"CommentAction","name":"Comment","target":["https:\/\/urbeamea.ro\/albaiulia\/astazi-transportul-public-va-fi-gratuit-in-municipiul-alba-iulia\/#respond"]}]},{"@type":"WebPage","@id":"https:\/\/urbeamea.ro\/albaiulia\/astazi-transportul-public-va-fi-gratuit-in-municipiul-alba-iulia\/","url":"https:\/\/urbeamea.ro\/albaiulia\/astazi-transportul-public-va-fi-gratuit-in-municipiul-alba-iulia\/","name":"Ast\u0103zi: Transportul public va fi gratuit \u00een Alba Iulia - Revista Urbea Mea - Revista de Alba","isPartOf":{"@id":"https:\/\/urbeamea.ro\/albaiulia\/#website"},"primaryImageOfPage":{"@id":"https:\/\/urbeamea.ro\/albaiulia\/astazi-transportul-public-va-fi-gratuit-in-municipiul-alba-iulia\/#primaryimage"},"image":{"@id":"https:\/\/urbeamea.ro\/albaiulia\/astazi-transportul-public-va-fi-gratuit-in-municipiul-alba-iulia\/#primaryimage"},"thumbnailUrl":"https:\/\/urbeamea.ro\/albaiulia\/wp-content\/uploads\/2024\/09\/1000012029.jpg","datePublished":"2024-09-20T06:24:30+00:00","dateModified":"2024-09-20T06:25:26+00:00","author":{"@id":"https:\/\/urbeamea.ro\/albaiulia\/#\/schema\/person\/5db3854ac38c1cc9f0ab4092d6a20f02"},"description":"Transportul public va fi gratuit vineri, 20 septembrie 2024, pe toate autobuzele \u0219i microbuzele STP, marc\u00e2nd astfel \u201eS\u0103pt\u0103m\u00e2na European\u0103 a Mobilit\u0103\u021bii\u201d \u0219i","breadcrumb":{"@id":"https:\/\/urbeamea.ro\/albaiulia\/astazi-transportul-public-va-fi-gratuit-in-municipiul-alba-iulia\/#breadcrumb"},"inLanguage":"ro-RO","potentialAction":[{"@type":"ReadAction","target":["https:\/\/urbeamea.ro\/albaiulia\/astazi-transportul-public-va-fi-gratuit-in-municipiul-alba-iulia\/"]}]},{"@type":"ImageObject","inLanguage":"ro-RO","@id":"https:\/\/urbeamea.ro\/albaiulia\/astazi-transportul-public-va-fi-gratuit-in-municipiul-alba-iulia\/#primaryimage","url":"https:\/\/urbeamea.ro\/albaiulia\/wp-content\/uploads\/2024\/09\/1000012029.jpg","contentUrl":"https:\/\/urbeamea.ro\/albaiulia\/wp-content\/uploads\/2024\/09\/1000012029.jpg","width":1080,"height":1080},{"@type":"BreadcrumbList","@id":"https:\/\/urbeamea.ro\/albaiulia\/astazi-transportul-public-va-fi-gratuit-in-municipiul-alba-iulia\/#breadcrumb","itemListElement":[{"@type":"ListItem","position":1,"name":"Prima pagin\u0103","item":"https:\/\/urbeamea.ro\/albaiulia\/"},{"@type":"ListItem","position":2,"name":"Ast\u0103zi: Transportul public va fi gratuit \u00een Alba Iulia"}]},{"@type":"WebSite","@id":"https:\/\/urbeamea.ro\/albaiulia\/#website","url":"https:\/\/urbeamea.ro\/albaiulia\/","name":"Revista Urbea Mea, Stiri urbane","description":"Evenimente \u0219i \u0219tiri din Alba Iulia, Sebe\u0219, Aiud, Blaj","potentialAction":[{"@type":"SearchAction","target":{"@type":"EntryPoint","urlTemplate":"https:\/\/urbeamea.ro\/albaiulia\/?s={search_term_string}"},"query-input":{"@type":"PropertyValueSpecification","valueRequired":true,"valueName":"search_term_string"}}],"inLanguage":"ro-RO"},{"@type":"Person","@id":"https:\/\/urbeamea.ro\/albaiulia\/#\/schema\/person\/5db3854ac38c1cc9f0ab4092d6a20f02","name":"Giurca Sorin","image":{"@type":"ImageObject","inLanguage":"ro-RO","@id":"https:\/\/secure.gravatar.com\/avatar\/120f6fcae7b3b47a7730cb9943f612f4909f68ac5284b5f40ac1c4615fd70576?s=96&d=mm&r=g","url":"https:\/\/secure.gravatar.com\/avatar\/120f6fcae7b3b47a7730cb9943f612f4909f68ac5284b5f40ac1c4615fd70576?s=96&d=mm&r=g","contentUrl":"https:\/\/secure.gravatar.com\/avatar\/120f6fcae7b3b47a7730cb9943f612f4909f68ac5284b5f40ac1c4615fd70576?s=96&d=mm&r=g","caption":"Giurca Sorin"},"url":"https:\/\/urbeamea.ro\/albaiulia\/author\/sorin\/"}]}},"_links":{"self":[{"href":"https:\/\/urbeamea.ro\/albaiulia\/wp-json\/wp\/v2\/posts\/113991","targetHints":{"allow":["GET"]}}],"collection":[{"href":"https:\/\/urbeamea.ro\/albaiulia\/wp-json\/wp\/v2\/posts"}],"about":[{"href":"https:\/\/urbeamea.ro\/albaiulia\/wp-json\/wp\/v2\/types\/post"}],"author":[{"embeddable":true,"href":"https:\/\/urbeamea.ro\/albaiulia\/wp-json\/wp\/v2\/users\/28"}],"replies":[{"embeddable":true,"href":"https:\/\/urbeamea.ro\/albaiulia\/wp-json\/wp\/v2\/comments?post=113991"}],"version-history":[{"count":2,"href":"https:\/\/urbeamea.ro\/albaiulia\/wp-json\/wp\/v2\/posts\/113991\/revisions"}],"predecessor-version":[{"id":113994,"href":"https:\/\/urbeamea.ro\/albaiulia\/wp-json\/wp\/v2\/posts\/113991\/revisions\/113994"}],"wp:featuredmedia":[{"embeddable":true,"href":"https:\/\/urbeamea.ro\/albaiulia\/wp-json\/wp\/v2\/media\/113992"}],"wp:attachment":[{"href":"https:\/\/urbeamea.ro\/albaiulia\/wp-json\/wp\/v2\/media?parent=113991"}],"wp:term":[{"taxonomy":"category","embeddable":true,"href":"https:\/\/urbeamea.ro\/albaiulia\/wp-json\/wp\/v2\/categories?post=113991"},{"taxonomy":"post_tag","embeddable":true,"href":"https:\/\/urbeamea.ro\/albaiulia\/wp-json\/wp\/v2\/tags?post=113991"}],"curies":[{"name":"wp","href":"https:\/\/api.w.org\/{rel}","templated":true}]}}