{"id":114000,"date":"2024-09-23T13:22:46","date_gmt":"2024-09-23T10:22:46","guid":{"rendered":"https:\/\/urbeamea.ro\/albaiulia\/?p=114000"},"modified":"2024-09-23T13:22:48","modified_gmt":"2024-09-23T10:22:48","slug":"25-septembrie-artistul-ducu-bertzi-invitatul-evenimentului-poezie-pe-sase-corzi-desfasurata-la-biblioteca-judeteana-lucian-blaga-din-alba-iulia","status":"publish","type":"post","link":"https:\/\/urbeamea.ro\/albaiulia\/25-septembrie-artistul-ducu-bertzi-invitatul-evenimentului-poezie-pe-sase-corzi-desfasurata-la-biblioteca-judeteana-lucian-blaga-din-alba-iulia\/","title":{"rendered":"25 septembrie: Artistul Ducu Bertzi, invitatul evenimentului &#8222;Poezie pe \u0219ase corzi&#8221;, desf\u0103\u0219urat\u0103 la Biblioteca Jude\u021bean\u0103 &#8222;Lucian Blaga&#8221; din Alba Iulia"},"content":{"rendered":"\n<p><strong>Miercuri, 25 septembrie 2024, de la ora 18.00, sunte\u021bi invita\u021bi la Biblioteca Jude\u021bean\u0103 \u201eLucian Blaga\u201d Alba pentru o nou\u0103 \u00eent\u00e2lnire muzical-creativ\u0103 \u00een cadrul proiectului \u201ePoezii pe \u0219ase corzi\u201d.<\/strong><\/p>\n\n\n\n<p> Cu sau f\u0103r\u0103 chitar\u0103, sunte\u021bi la fel de bine primi\u021bi \u00een r\u00e2ndurile celor care vor recita, c\u00e2nta \u0219i, \u00een cele din urm\u0103, vor crea: versuri, muzic\u0103, bucurie \u0219i frumos. <\/p>\n\n\n\n<p>Evenimentul din 25 septembrie 2024, va \u00eencepe la ora 18:00 \u0219i va avea loc \u00een curtea Bibliotecii Jude\u021bene \u201eLucian Blaga\u201d Alba, av\u00e2ndu-l ca invitat pe \u00eendr\u0103gitul artist Ducu Bertzi.<\/p>\n\n\n\n<p> Vom sta la pove\u0219ti despre muzic\u0103, poezie, poezie c\u00e2ntat\u0103, despre cum poezia se poate transforma \u00eentr-un c\u00e2ntec valoros, dar \u0219i despre multe alte secrete artistice pe care ni le va \u00eemp\u0103rt\u0103\u0219i invitatul nostru special.<\/p>\n\n\n\n<p>Clubul de poezie \u0219i muzic\u0103 \u201ePoezii pe \u0219ase corzi\u201d se va \u00eencheia cu un dialog constructiv \u00eentre \u00eendr\u0103gitul artist Ducu Bertzi \u0219i public, cu \u00eentreb\u0103ri, r\u0103spunsuri, opinii, \u00eencuraj\u0103ri, idei \u0219i sfaturi. <\/p>\n\n\n\n<p>Totodat\u0103, participan\u021bii vor avea posibilitatea s\u0103 beneficieze de recomand\u0103ri de c\u0103r\u021bi \u0219i alte publica\u021bii tematice, care pot fi \u00eemprumutate din colec\u021bia Bibliotecii Jude\u021bene \u201eLucian Blaga\u201d Alba. <\/p>\n\n\n\n<p>Proiectul 3.25 Poezii pe \u0219ase corzi este organizat de Consiliul Jude\u021bean Alba \u0219i Biblioteca Jude\u021bean\u0103 \u201eLucian Blaga\u201d Alba, \u00een parteneriat cu Casa de Cultur\u0103 a Studen\u021bilor Alba Iulia \u0219i Grupul Skepsis. <\/p>\n\n\n\n<p>Intrarea la eveniment este liber\u0103. <\/p>\n\n\n\n<p>Men\u021bion\u0103m c\u0103, \u00een caz de vreme nefavorabil\u0103, evenimentul va avea loc la Casa de Cultur\u0103 a Studen\u021bilor din Alba Iulia.<\/p>\n\n\n\n<figure class=\"wp-block-image size-full\"><img loading=\"lazy\" decoding=\"async\" width=\"509\" height=\"720\" src=\"https:\/\/urbeamea.ro\/albaiulia\/wp-content\/uploads\/2024\/09\/1000012492.jpg\" alt=\"\" class=\"wp-image-114001\" srcset=\"https:\/\/urbeamea.ro\/albaiulia\/wp-content\/uploads\/2024\/09\/1000012492.jpg 509w, https:\/\/urbeamea.ro\/albaiulia\/wp-content\/uploads\/2024\/09\/1000012492-452x640.jpg 452w, https:\/\/urbeamea.ro\/albaiulia\/wp-content\/uploads\/2024\/09\/1000012492-106x150.jpg 106w\" sizes=\"auto, (max-width: 509px) 100vw, 509px\" \/><\/figure>\n\n\n\n<p><\/p>\n","protected":false},"excerpt":{"rendered":"<p>Miercuri, 25 septembrie 2024, de la ora 18.00, sunte\u021bi invita\u021bi la Biblioteca Jude\u021bean\u0103 \u201eLucian Blaga\u201d Alba pentru o nou\u0103 \u00eent\u00e2lnire muzical-creativ\u0103 \u00een cadrul proiectului \u201ePoezii pe \u0219ase corzi\u201d. Cu sau f\u0103r\u0103 chitar\u0103, sunte\u021bi la fel de bine primi\u021bi \u00een r\u00e2ndurile celor care vor recita, c\u00e2nta \u0219i, \u00een cele din urm\u0103, vor crea: versuri, muzic\u0103, bucurie &hellip;<\/p>\n","protected":false},"author":28,"featured_media":114001,"comment_status":"open","ping_status":"open","sticky":false,"template":"","format":"standard","meta":{"inline_featured_image":false,"footnotes":""},"categories":[2038,4,2034,16344],"tags":[2113,1065,25061],"class_list":["post-114000","post","type-post","status-publish","format-standard","has-post-thumbnail","hentry","category-cultura","category-eveniment","category-social","category-urbea-mea","tag-biblioteca-judeteana-lucian-blaga-alba","tag-ducu-bertzi","tag-poezie-pe-sase-corzi"],"yoast_head":"<!-- This site is optimized with the Yoast SEO plugin v27.4 - https:\/\/yoast.com\/product\/yoast-seo-wordpress\/ -->\n<title>25 septembrie: Artistul Ducu Bertzi, invitatul evenimentului &quot;Poezie pe \u0219ase corzi&quot;, desf\u0103\u0219urat\u0103 la Biblioteca Jude\u021bean\u0103 &quot;Lucian Blaga&quot; din Alba Iulia - Revista Urbea Mea - Revista de Alba<\/title>\n<meta name=\"description\" content=\"Miercuri, 25 septembrie 2024, de la ora 18.00, sunte\u021bi invita\u021bi la Biblioteca Jude\u021bean\u0103 \u201eLucian Blaga\u201d Alba pentru o nou\u0103 \u00eent\u00e2lnire muzical-creativ\u0103 \u00een\" \/>\n<meta name=\"robots\" content=\"index, follow, max-snippet:-1, max-image-preview:large, max-video-preview:-1\" \/>\n<link rel=\"canonical\" href=\"https:\/\/urbeamea.ro\/albaiulia\/25-septembrie-artistul-ducu-bertzi-invitatul-evenimentului-poezie-pe-sase-corzi-desfasurata-la-biblioteca-judeteana-lucian-blaga-din-alba-iulia\/\" \/>\n<meta name=\"twitter:card\" content=\"summary_large_image\" \/>\n<meta name=\"twitter:title\" content=\"25 septembrie: Artistul Ducu Bertzi, invitatul evenimentului &quot;Poezie pe \u0219ase corzi&quot;, desf\u0103\u0219urat\u0103 la Biblioteca Jude\u021bean\u0103 &quot;Lucian Blaga&quot; din Alba Iulia - Revista Urbea Mea - Revista de Alba\" \/>\n<meta name=\"twitter:description\" content=\"Miercuri, 25 septembrie 2024, de la ora 18.00, sunte\u021bi invita\u021bi la Biblioteca Jude\u021bean\u0103 \u201eLucian Blaga\u201d Alba pentru o nou\u0103 \u00eent\u00e2lnire muzical-creativ\u0103 \u00een\" \/>\n<meta name=\"twitter:image\" content=\"https:\/\/urbeamea.ro\/albaiulia\/wp-content\/uploads\/2024\/09\/1000012492.jpg\" \/>\n<meta name=\"twitter:creator\" content=\"@urbeameaweb\" \/>\n<meta name=\"twitter:site\" content=\"@urbeameaweb\" \/>\n<script type=\"application\/ld+json\" class=\"yoast-schema-graph\">{\"@context\":\"https:\\\/\\\/schema.org\",\"@graph\":[{\"@type\":\"Article\",\"@id\":\"https:\\\/\\\/urbeamea.ro\\\/albaiulia\\\/25-septembrie-artistul-ducu-bertzi-invitatul-evenimentului-poezie-pe-sase-corzi-desfasurata-la-biblioteca-judeteana-lucian-blaga-din-alba-iulia\\\/#article\",\"isPartOf\":{\"@id\":\"https:\\\/\\\/urbeamea.ro\\\/albaiulia\\\/25-septembrie-artistul-ducu-bertzi-invitatul-evenimentului-poezie-pe-sase-corzi-desfasurata-la-biblioteca-judeteana-lucian-blaga-din-alba-iulia\\\/\"},\"author\":{\"name\":\"Giurca Sorin\",\"@id\":\"https:\\\/\\\/urbeamea.ro\\\/albaiulia\\\/#\\\/schema\\\/person\\\/5db3854ac38c1cc9f0ab4092d6a20f02\"},\"headline\":\"25 septembrie: Artistul Ducu Bertzi, invitatul evenimentului &#8222;Poezie pe \u0219ase corzi&#8221;, desf\u0103\u0219urat\u0103 la Biblioteca Jude\u021bean\u0103 &#8222;Lucian Blaga&#8221; din Alba Iulia\",\"datePublished\":\"2024-09-23T10:22:46+00:00\",\"dateModified\":\"2024-09-23T10:22:48+00:00\",\"mainEntityOfPage\":{\"@id\":\"https:\\\/\\\/urbeamea.ro\\\/albaiulia\\\/25-septembrie-artistul-ducu-bertzi-invitatul-evenimentului-poezie-pe-sase-corzi-desfasurata-la-biblioteca-judeteana-lucian-blaga-din-alba-iulia\\\/\"},\"wordCount\":281,\"commentCount\":0,\"image\":{\"@id\":\"https:\\\/\\\/urbeamea.ro\\\/albaiulia\\\/25-septembrie-artistul-ducu-bertzi-invitatul-evenimentului-poezie-pe-sase-corzi-desfasurata-la-biblioteca-judeteana-lucian-blaga-din-alba-iulia\\\/#primaryimage\"},\"thumbnailUrl\":\"https:\\\/\\\/urbeamea.ro\\\/albaiulia\\\/wp-content\\\/uploads\\\/2024\\\/09\\\/1000012492.jpg\",\"keywords\":[\"Biblioteca Jude\u0163ean\u0103 \u201cLucian Blaga\u201d Alba\",\"Ducu Bertzi\",\"Poezie pe sase corzi\"],\"articleSection\":[\"Cultur\u0103\",\"Evenimente\",\"Social\",\"Urbea Mea\"],\"inLanguage\":\"ro-RO\",\"potentialAction\":[{\"@type\":\"CommentAction\",\"name\":\"Comment\",\"target\":[\"https:\\\/\\\/urbeamea.ro\\\/albaiulia\\\/25-septembrie-artistul-ducu-bertzi-invitatul-evenimentului-poezie-pe-sase-corzi-desfasurata-la-biblioteca-judeteana-lucian-blaga-din-alba-iulia\\\/#respond\"]}]},{\"@type\":\"WebPage\",\"@id\":\"https:\\\/\\\/urbeamea.ro\\\/albaiulia\\\/25-septembrie-artistul-ducu-bertzi-invitatul-evenimentului-poezie-pe-sase-corzi-desfasurata-la-biblioteca-judeteana-lucian-blaga-din-alba-iulia\\\/\",\"url\":\"https:\\\/\\\/urbeamea.ro\\\/albaiulia\\\/25-septembrie-artistul-ducu-bertzi-invitatul-evenimentului-poezie-pe-sase-corzi-desfasurata-la-biblioteca-judeteana-lucian-blaga-din-alba-iulia\\\/\",\"name\":\"25 septembrie: Artistul Ducu Bertzi, invitatul evenimentului \\\"Poezie pe \u0219ase corzi\\\", desf\u0103\u0219urat\u0103 la Biblioteca Jude\u021bean\u0103 \\\"Lucian Blaga\\\" din Alba Iulia - Revista Urbea Mea - Revista de Alba\",\"isPartOf\":{\"@id\":\"https:\\\/\\\/urbeamea.ro\\\/albaiulia\\\/#website\"},\"primaryImageOfPage\":{\"@id\":\"https:\\\/\\\/urbeamea.ro\\\/albaiulia\\\/25-septembrie-artistul-ducu-bertzi-invitatul-evenimentului-poezie-pe-sase-corzi-desfasurata-la-biblioteca-judeteana-lucian-blaga-din-alba-iulia\\\/#primaryimage\"},\"image\":{\"@id\":\"https:\\\/\\\/urbeamea.ro\\\/albaiulia\\\/25-septembrie-artistul-ducu-bertzi-invitatul-evenimentului-poezie-pe-sase-corzi-desfasurata-la-biblioteca-judeteana-lucian-blaga-din-alba-iulia\\\/#primaryimage\"},\"thumbnailUrl\":\"https:\\\/\\\/urbeamea.ro\\\/albaiulia\\\/wp-content\\\/uploads\\\/2024\\\/09\\\/1000012492.jpg\",\"datePublished\":\"2024-09-23T10:22:46+00:00\",\"dateModified\":\"2024-09-23T10:22:48+00:00\",\"author\":{\"@id\":\"https:\\\/\\\/urbeamea.ro\\\/albaiulia\\\/#\\\/schema\\\/person\\\/5db3854ac38c1cc9f0ab4092d6a20f02\"},\"description\":\"Miercuri, 25 septembrie 2024, de la ora 18.00, sunte\u021bi invita\u021bi la Biblioteca Jude\u021bean\u0103 \u201eLucian Blaga\u201d Alba pentru o nou\u0103 \u00eent\u00e2lnire muzical-creativ\u0103 \u00een\",\"breadcrumb\":{\"@id\":\"https:\\\/\\\/urbeamea.ro\\\/albaiulia\\\/25-septembrie-artistul-ducu-bertzi-invitatul-evenimentului-poezie-pe-sase-corzi-desfasurata-la-biblioteca-judeteana-lucian-blaga-din-alba-iulia\\\/#breadcrumb\"},\"inLanguage\":\"ro-RO\",\"potentialAction\":[{\"@type\":\"ReadAction\",\"target\":[\"https:\\\/\\\/urbeamea.ro\\\/albaiulia\\\/25-septembrie-artistul-ducu-bertzi-invitatul-evenimentului-poezie-pe-sase-corzi-desfasurata-la-biblioteca-judeteana-lucian-blaga-din-alba-iulia\\\/\"]}]},{\"@type\":\"ImageObject\",\"inLanguage\":\"ro-RO\",\"@id\":\"https:\\\/\\\/urbeamea.ro\\\/albaiulia\\\/25-septembrie-artistul-ducu-bertzi-invitatul-evenimentului-poezie-pe-sase-corzi-desfasurata-la-biblioteca-judeteana-lucian-blaga-din-alba-iulia\\\/#primaryimage\",\"url\":\"https:\\\/\\\/urbeamea.ro\\\/albaiulia\\\/wp-content\\\/uploads\\\/2024\\\/09\\\/1000012492.jpg\",\"contentUrl\":\"https:\\\/\\\/urbeamea.ro\\\/albaiulia\\\/wp-content\\\/uploads\\\/2024\\\/09\\\/1000012492.jpg\",\"width\":509,\"height\":720},{\"@type\":\"BreadcrumbList\",\"@id\":\"https:\\\/\\\/urbeamea.ro\\\/albaiulia\\\/25-septembrie-artistul-ducu-bertzi-invitatul-evenimentului-poezie-pe-sase-corzi-desfasurata-la-biblioteca-judeteana-lucian-blaga-din-alba-iulia\\\/#breadcrumb\",\"itemListElement\":[{\"@type\":\"ListItem\",\"position\":1,\"name\":\"Prima pagin\u0103\",\"item\":\"https:\\\/\\\/urbeamea.ro\\\/albaiulia\\\/\"},{\"@type\":\"ListItem\",\"position\":2,\"name\":\"25 septembrie: Artistul Ducu Bertzi, invitatul evenimentului &#8222;Poezie pe \u0219ase corzi&#8221;, desf\u0103\u0219urat\u0103 la Biblioteca Jude\u021bean\u0103 &#8222;Lucian Blaga&#8221; din Alba Iulia\"}]},{\"@type\":\"WebSite\",\"@id\":\"https:\\\/\\\/urbeamea.ro\\\/albaiulia\\\/#website\",\"url\":\"https:\\\/\\\/urbeamea.ro\\\/albaiulia\\\/\",\"name\":\"Revista Urbea Mea, Stiri urbane\",\"description\":\"Evenimente \u0219i \u0219tiri din Alba Iulia, Sebe\u0219, Aiud, Blaj\",\"potentialAction\":[{\"@type\":\"SearchAction\",\"target\":{\"@type\":\"EntryPoint\",\"urlTemplate\":\"https:\\\/\\\/urbeamea.ro\\\/albaiulia\\\/?s={search_term_string}\"},\"query-input\":{\"@type\":\"PropertyValueSpecification\",\"valueRequired\":true,\"valueName\":\"search_term_string\"}}],\"inLanguage\":\"ro-RO\"},{\"@type\":\"Person\",\"@id\":\"https:\\\/\\\/urbeamea.ro\\\/albaiulia\\\/#\\\/schema\\\/person\\\/5db3854ac38c1cc9f0ab4092d6a20f02\",\"name\":\"Giurca Sorin\",\"image\":{\"@type\":\"ImageObject\",\"inLanguage\":\"ro-RO\",\"@id\":\"https:\\\/\\\/secure.gravatar.com\\\/avatar\\\/120f6fcae7b3b47a7730cb9943f612f4909f68ac5284b5f40ac1c4615fd70576?s=96&d=mm&r=g\",\"url\":\"https:\\\/\\\/secure.gravatar.com\\\/avatar\\\/120f6fcae7b3b47a7730cb9943f612f4909f68ac5284b5f40ac1c4615fd70576?s=96&d=mm&r=g\",\"contentUrl\":\"https:\\\/\\\/secure.gravatar.com\\\/avatar\\\/120f6fcae7b3b47a7730cb9943f612f4909f68ac5284b5f40ac1c4615fd70576?s=96&d=mm&r=g\",\"caption\":\"Giurca Sorin\"},\"url\":\"https:\\\/\\\/urbeamea.ro\\\/albaiulia\\\/author\\\/sorin\\\/\"}]}<\/script>\n<!-- \/ Yoast SEO plugin. -->","yoast_head_json":{"title":"25 septembrie: Artistul Ducu Bertzi, invitatul evenimentului \"Poezie pe \u0219ase corzi\", desf\u0103\u0219urat\u0103 la Biblioteca Jude\u021bean\u0103 \"Lucian Blaga\" din Alba Iulia - Revista Urbea Mea - Revista de Alba","description":"Miercuri, 25 septembrie 2024, de la ora 18.00, sunte\u021bi invita\u021bi la Biblioteca Jude\u021bean\u0103 \u201eLucian Blaga\u201d Alba pentru o nou\u0103 \u00eent\u00e2lnire muzical-creativ\u0103 \u00een","robots":{"index":"index","follow":"follow","max-snippet":"max-snippet:-1","max-image-preview":"max-image-preview:large","max-video-preview":"max-video-preview:-1"},"canonical":"https:\/\/urbeamea.ro\/albaiulia\/25-septembrie-artistul-ducu-bertzi-invitatul-evenimentului-poezie-pe-sase-corzi-desfasurata-la-biblioteca-judeteana-lucian-blaga-din-alba-iulia\/","twitter_card":"summary_large_image","twitter_title":"25 septembrie: Artistul Ducu Bertzi, invitatul evenimentului \"Poezie pe \u0219ase corzi\", desf\u0103\u0219urat\u0103 la Biblioteca Jude\u021bean\u0103 \"Lucian Blaga\" din Alba Iulia - Revista Urbea Mea - Revista de Alba","twitter_description":"Miercuri, 25 septembrie 2024, de la ora 18.00, sunte\u021bi invita\u021bi la Biblioteca Jude\u021bean\u0103 \u201eLucian Blaga\u201d Alba pentru o nou\u0103 \u00eent\u00e2lnire muzical-creativ\u0103 \u00een","twitter_image":"https:\/\/urbeamea.ro\/albaiulia\/wp-content\/uploads\/2024\/09\/1000012492.jpg","twitter_creator":"@urbeameaweb","twitter_site":"@urbeameaweb","schema":{"@context":"https:\/\/schema.org","@graph":[{"@type":"Article","@id":"https:\/\/urbeamea.ro\/albaiulia\/25-septembrie-artistul-ducu-bertzi-invitatul-evenimentului-poezie-pe-sase-corzi-desfasurata-la-biblioteca-judeteana-lucian-blaga-din-alba-iulia\/#article","isPartOf":{"@id":"https:\/\/urbeamea.ro\/albaiulia\/25-septembrie-artistul-ducu-bertzi-invitatul-evenimentului-poezie-pe-sase-corzi-desfasurata-la-biblioteca-judeteana-lucian-blaga-din-alba-iulia\/"},"author":{"name":"Giurca Sorin","@id":"https:\/\/urbeamea.ro\/albaiulia\/#\/schema\/person\/5db3854ac38c1cc9f0ab4092d6a20f02"},"headline":"25 septembrie: Artistul Ducu Bertzi, invitatul evenimentului &#8222;Poezie pe \u0219ase corzi&#8221;, desf\u0103\u0219urat\u0103 la Biblioteca Jude\u021bean\u0103 &#8222;Lucian Blaga&#8221; din Alba Iulia","datePublished":"2024-09-23T10:22:46+00:00","dateModified":"2024-09-23T10:22:48+00:00","mainEntityOfPage":{"@id":"https:\/\/urbeamea.ro\/albaiulia\/25-septembrie-artistul-ducu-bertzi-invitatul-evenimentului-poezie-pe-sase-corzi-desfasurata-la-biblioteca-judeteana-lucian-blaga-din-alba-iulia\/"},"wordCount":281,"commentCount":0,"image":{"@id":"https:\/\/urbeamea.ro\/albaiulia\/25-septembrie-artistul-ducu-bertzi-invitatul-evenimentului-poezie-pe-sase-corzi-desfasurata-la-biblioteca-judeteana-lucian-blaga-din-alba-iulia\/#primaryimage"},"thumbnailUrl":"https:\/\/urbeamea.ro\/albaiulia\/wp-content\/uploads\/2024\/09\/1000012492.jpg","keywords":["Biblioteca Jude\u0163ean\u0103 \u201cLucian Blaga\u201d Alba","Ducu Bertzi","Poezie pe sase corzi"],"articleSection":["Cultur\u0103","Evenimente","Social","Urbea Mea"],"inLanguage":"ro-RO","potentialAction":[{"@type":"CommentAction","name":"Comment","target":["https:\/\/urbeamea.ro\/albaiulia\/25-septembrie-artistul-ducu-bertzi-invitatul-evenimentului-poezie-pe-sase-corzi-desfasurata-la-biblioteca-judeteana-lucian-blaga-din-alba-iulia\/#respond"]}]},{"@type":"WebPage","@id":"https:\/\/urbeamea.ro\/albaiulia\/25-septembrie-artistul-ducu-bertzi-invitatul-evenimentului-poezie-pe-sase-corzi-desfasurata-la-biblioteca-judeteana-lucian-blaga-din-alba-iulia\/","url":"https:\/\/urbeamea.ro\/albaiulia\/25-septembrie-artistul-ducu-bertzi-invitatul-evenimentului-poezie-pe-sase-corzi-desfasurata-la-biblioteca-judeteana-lucian-blaga-din-alba-iulia\/","name":"25 septembrie: Artistul Ducu Bertzi, invitatul evenimentului \"Poezie pe \u0219ase corzi\", desf\u0103\u0219urat\u0103 la Biblioteca Jude\u021bean\u0103 \"Lucian Blaga\" din Alba Iulia - Revista Urbea Mea - Revista de Alba","isPartOf":{"@id":"https:\/\/urbeamea.ro\/albaiulia\/#website"},"primaryImageOfPage":{"@id":"https:\/\/urbeamea.ro\/albaiulia\/25-septembrie-artistul-ducu-bertzi-invitatul-evenimentului-poezie-pe-sase-corzi-desfasurata-la-biblioteca-judeteana-lucian-blaga-din-alba-iulia\/#primaryimage"},"image":{"@id":"https:\/\/urbeamea.ro\/albaiulia\/25-septembrie-artistul-ducu-bertzi-invitatul-evenimentului-poezie-pe-sase-corzi-desfasurata-la-biblioteca-judeteana-lucian-blaga-din-alba-iulia\/#primaryimage"},"thumbnailUrl":"https:\/\/urbeamea.ro\/albaiulia\/wp-content\/uploads\/2024\/09\/1000012492.jpg","datePublished":"2024-09-23T10:22:46+00:00","dateModified":"2024-09-23T10:22:48+00:00","author":{"@id":"https:\/\/urbeamea.ro\/albaiulia\/#\/schema\/person\/5db3854ac38c1cc9f0ab4092d6a20f02"},"description":"Miercuri, 25 septembrie 2024, de la ora 18.00, sunte\u021bi invita\u021bi la Biblioteca Jude\u021bean\u0103 \u201eLucian Blaga\u201d Alba pentru o nou\u0103 \u00eent\u00e2lnire muzical-creativ\u0103 \u00een","breadcrumb":{"@id":"https:\/\/urbeamea.ro\/albaiulia\/25-septembrie-artistul-ducu-bertzi-invitatul-evenimentului-poezie-pe-sase-corzi-desfasurata-la-biblioteca-judeteana-lucian-blaga-din-alba-iulia\/#breadcrumb"},"inLanguage":"ro-RO","potentialAction":[{"@type":"ReadAction","target":["https:\/\/urbeamea.ro\/albaiulia\/25-septembrie-artistul-ducu-bertzi-invitatul-evenimentului-poezie-pe-sase-corzi-desfasurata-la-biblioteca-judeteana-lucian-blaga-din-alba-iulia\/"]}]},{"@type":"ImageObject","inLanguage":"ro-RO","@id":"https:\/\/urbeamea.ro\/albaiulia\/25-septembrie-artistul-ducu-bertzi-invitatul-evenimentului-poezie-pe-sase-corzi-desfasurata-la-biblioteca-judeteana-lucian-blaga-din-alba-iulia\/#primaryimage","url":"https:\/\/urbeamea.ro\/albaiulia\/wp-content\/uploads\/2024\/09\/1000012492.jpg","contentUrl":"https:\/\/urbeamea.ro\/albaiulia\/wp-content\/uploads\/2024\/09\/1000012492.jpg","width":509,"height":720},{"@type":"BreadcrumbList","@id":"https:\/\/urbeamea.ro\/albaiulia\/25-septembrie-artistul-ducu-bertzi-invitatul-evenimentului-poezie-pe-sase-corzi-desfasurata-la-biblioteca-judeteana-lucian-blaga-din-alba-iulia\/#breadcrumb","itemListElement":[{"@type":"ListItem","position":1,"name":"Prima pagin\u0103","item":"https:\/\/urbeamea.ro\/albaiulia\/"},{"@type":"ListItem","position":2,"name":"25 septembrie: Artistul Ducu Bertzi, invitatul evenimentului &#8222;Poezie pe \u0219ase corzi&#8221;, desf\u0103\u0219urat\u0103 la Biblioteca Jude\u021bean\u0103 &#8222;Lucian Blaga&#8221; din Alba Iulia"}]},{"@type":"WebSite","@id":"https:\/\/urbeamea.ro\/albaiulia\/#website","url":"https:\/\/urbeamea.ro\/albaiulia\/","name":"Revista Urbea Mea, Stiri urbane","description":"Evenimente \u0219i \u0219tiri din Alba Iulia, Sebe\u0219, Aiud, Blaj","potentialAction":[{"@type":"SearchAction","target":{"@type":"EntryPoint","urlTemplate":"https:\/\/urbeamea.ro\/albaiulia\/?s={search_term_string}"},"query-input":{"@type":"PropertyValueSpecification","valueRequired":true,"valueName":"search_term_string"}}],"inLanguage":"ro-RO"},{"@type":"Person","@id":"https:\/\/urbeamea.ro\/albaiulia\/#\/schema\/person\/5db3854ac38c1cc9f0ab4092d6a20f02","name":"Giurca Sorin","image":{"@type":"ImageObject","inLanguage":"ro-RO","@id":"https:\/\/secure.gravatar.com\/avatar\/120f6fcae7b3b47a7730cb9943f612f4909f68ac5284b5f40ac1c4615fd70576?s=96&d=mm&r=g","url":"https:\/\/secure.gravatar.com\/avatar\/120f6fcae7b3b47a7730cb9943f612f4909f68ac5284b5f40ac1c4615fd70576?s=96&d=mm&r=g","contentUrl":"https:\/\/secure.gravatar.com\/avatar\/120f6fcae7b3b47a7730cb9943f612f4909f68ac5284b5f40ac1c4615fd70576?s=96&d=mm&r=g","caption":"Giurca Sorin"},"url":"https:\/\/urbeamea.ro\/albaiulia\/author\/sorin\/"}]}},"_links":{"self":[{"href":"https:\/\/urbeamea.ro\/albaiulia\/wp-json\/wp\/v2\/posts\/114000","targetHints":{"allow":["GET"]}}],"collection":[{"href":"https:\/\/urbeamea.ro\/albaiulia\/wp-json\/wp\/v2\/posts"}],"about":[{"href":"https:\/\/urbeamea.ro\/albaiulia\/wp-json\/wp\/v2\/types\/post"}],"author":[{"embeddable":true,"href":"https:\/\/urbeamea.ro\/albaiulia\/wp-json\/wp\/v2\/users\/28"}],"replies":[{"embeddable":true,"href":"https:\/\/urbeamea.ro\/albaiulia\/wp-json\/wp\/v2\/comments?post=114000"}],"version-history":[{"count":1,"href":"https:\/\/urbeamea.ro\/albaiulia\/wp-json\/wp\/v2\/posts\/114000\/revisions"}],"predecessor-version":[{"id":114002,"href":"https:\/\/urbeamea.ro\/albaiulia\/wp-json\/wp\/v2\/posts\/114000\/revisions\/114002"}],"wp:featuredmedia":[{"embeddable":true,"href":"https:\/\/urbeamea.ro\/albaiulia\/wp-json\/wp\/v2\/media\/114001"}],"wp:attachment":[{"href":"https:\/\/urbeamea.ro\/albaiulia\/wp-json\/wp\/v2\/media?parent=114000"}],"wp:term":[{"taxonomy":"category","embeddable":true,"href":"https:\/\/urbeamea.ro\/albaiulia\/wp-json\/wp\/v2\/categories?post=114000"},{"taxonomy":"post_tag","embeddable":true,"href":"https:\/\/urbeamea.ro\/albaiulia\/wp-json\/wp\/v2\/tags?post=114000"}],"curies":[{"name":"wp","href":"https:\/\/api.w.org\/{rel}","templated":true}]}}