{"id":114003,"date":"2024-09-23T19:39:39","date_gmt":"2024-09-23T16:39:39","guid":{"rendered":"https:\/\/urbeamea.ro\/albaiulia\/?p=114003"},"modified":"2024-09-23T19:39:40","modified_gmt":"2024-09-23T16:39:40","slug":"spectacol-premiera-pescarul-si-sufletul-sau-la-teatrul-de-papusi-prichindel","status":"publish","type":"post","link":"https:\/\/urbeamea.ro\/albaiulia\/spectacol-premiera-pescarul-si-sufletul-sau-la-teatrul-de-papusi-prichindel\/","title":{"rendered":"Spectacol-premier\u0103 \u201ePescarul \u0219i sufletul s\u0103u\u201d la Teatrul de P\u0103pu\u0219i \u201ePrichindel\u201d"},"content":{"rendered":"\n<p>Teatrul de P\u0103pu\u0219i \u201ePrichindel\u201d v\u0103 invit\u0103 la un spectacol \u0219i o poveste inedite \u0219i pline de profunzime, o adev\u0103rat\u0103 provocare pentru echipa teatrului nostru. Un spectacol cu actorie, m\u00e2nuire p\u0103pu\u0219i, dans, interpretare vocal\u0103, proiec\u021bii video, un spectacol viu \u0219i emo\u021bionant. Este vorba despre spectacolul-premier\u0103 \u201ePescarul \u0219i sufletul s\u0103u\u201d, regia \u0219i dramatizarea dup\u0103 o povestire de Oscar Wilde semnate de Toma Hogea.<\/p>\n\n\n\n<p>A\u0219adar, v\u0103 a\u0219tept\u0103m <strong>s\u00e2mb\u0103t\u0103, 28 septembrie 2024, de la ora 17:00, la Sala 67<\/strong> a Teatrului de P\u0103pu\u0219i \u201ePrichindel\u201d.<\/p>\n\n\n\n<blockquote class=\"wp-block-quote is-layout-flow wp-block-quote-is-layout-flow\">\n<p><em>\u201ePESCARUL \u0219i SUFLETUL s\u0103u\u201d este un basm cu o mare \u00eenc\u0103rc\u0103tur\u0103 simbolic\u0103, propun\u00e2ndu-ne o \u201ecobor\u00e2re&#8221; \u00een ad\u00e2ncul \u0219i filozofia sa, \u00een ad\u00e2ncul fiin\u021bei noastre. Basmul nu este doar o poveste de iubire interzis\u0103, mai cur\u00e2nd poate fi o \u201eradiografie&#8221; asupra inimii, asupra fericirii, asupra propriilor noastre decizii importante de via\u021b\u0103.<\/em><\/p>\n\n\n\n<p><em>Valoarea literar\u0103 a basmului, plin de metafore \u0219i simboluri, a fost o mare provocare pentru echipa de realizatori: regizor, scenograf, compozitor, coregraf, video designer \u0219i, nu \u00een ultimul r\u00e2nd, pentru ACTORI!&nbsp; Acest basm at\u00e2t de special, cu inflexiuni filozofice\/de via\u021b\u0103, cu o \u00eenc\u0103rc\u0103tur\u0103 energetic\u0103 aparte, cu personaje (actorie, p\u0103pu\u0219i, m\u0103\u0219ti), care necesit\u0103 o anume virtuozitate, sunt doar c\u00e2teva din \u201eingredientele\u201d fundamentale transpunerii g\u00e2ndului regizoral \u00eempreun\u0103 cu ACTORII Teatrului&nbsp;PRICHINDEL din Alba Iulia. &nbsp;<\/em><\/p>\n\n\n\n<p><em>Cu to\u021bii sunt deschi\u0219i provoc\u0103rilor, sunt extrem de receptivi, d\u0103rui\u021bi scenei, personajelor, vorbim de o trup\u0103 cu mare poten\u021bial artistic\/uman! \u00cen sufletele lor de creatori exist\u0103 poten\u021bialul necesar pentru a da via\u021b\u0103 acestui basm, care nu a fost montat \u00een ultimii 30\/40 de ani. Este un text complex, greu de dramatizat \u0219i de transpus scenic, necesit\u0103 mult\u0103 fantezie \u0219i imagina\u021bie creativ\u0103 pentru un spectacol modern, \u00eendr\u0103zne\u021b, a\u0219a cum merit\u0103 publicul de azi&#8230; total deschis provoc\u0103rilor. <\/em><\/p>\n\n\n\n<p>regizorul Toma Hogea<\/p>\n<\/blockquote>\n\n\n\n<blockquote class=\"wp-block-quote is-layout-flow wp-block-quote-is-layout-flow\">\n<p><em>Spectacolul \u201ePescarul \u0219i sufletul s\u0103u\u201d este o provocare pentru mine ca actri\u021b\u0103 si manager, dar \u0219i pentru colegii mei. Este un spectacol al maturit\u0103\u021bii Teatrului de P\u0103pu\u0219i \u201ePrichindel\u201d. Am fost cu to\u021bii provoca\u021bi de coregrafie muzic\u0103, scenografie, video design \u0219i, bine\u00een\u021beles, de regia care cuprinde acest ansamblu \u0219i \u00eel transform\u0103 \u00eentr-un spectacol complex.<\/em><\/p>\n\n\n\n<p><em>Prin acest minunat proiect ne adres\u0103m unui public mai matur, respectiv copiilor afla\u021bi \u00een pragul adolescen\u021bei. Fi\u021bi, a\u0219adar, \u0219i de data aceasta al\u0103turi de noi \u00een sala de spectacol!<\/em> <\/p>\n\n\n\n<p>Ioana Bog\u0103\u021ban<\/p>\n<\/blockquote>\n\n\n\n<p><strong>Pescarul \u0219i sufletul s\u0103u<\/strong><\/p>\n\n\n\n<p>de Oscar Wilde<\/p>\n\n\n\n<ul class=\"wp-block-list\">\n<li>Dramatizarea \u0219i regia: Toma Hogea<\/li>\n\n\n\n<li>Scenografia: Alina Dinc\u0103 Pu\u0219ca\u0219u<\/li>\n\n\n\n<li>Coregrafie: R\u0103zvan Rotaru<\/li>\n\n\n\n<li>Video design: Andrei Cozlac<\/li>\n\n\n\n<li>Sculptur\u0103 p\u0103pu\u0219i: Constantin Butoi<\/li>\n\n\n\n<li>Distribu\u021bia: Iulian Costea, Ioana Bog\u0103\u021ban, Teodora Popa, M\u0103d\u0103lin Costea, Tudor Cristian Popa, Irina Melnic, Viorica Boda, Ramona Benchea Mincu \u0219i copiii Medeea \u0219i Emanuel Costea<\/li>\n\n\n\n<li>Regia tehnic\u0103: Elena Madaras<\/li>\n\n\n\n<li>Lumini \u0219i video: C\u0103lin Popa \u0219i Ovidiu T\u0103m\u0103\u0219an<\/li>\n\n\n\n<li>Sunet: Florin Andrea<\/li>\n\n\n\n<li>Realizare costume: Mirela T\u0103m\u0103\u0219an<\/li>\n\n\n\n<li>Ma\u0219ini\u0219ti: Florin Badiu \u0219i Gheorghe Ha\u021began<\/li>\n<\/ul>\n\n\n\n<p>V\u00e2rsta: <strong>10+<\/strong>&nbsp;&nbsp;&nbsp;&nbsp;&nbsp;&nbsp;&nbsp;&nbsp;&nbsp;&nbsp;&nbsp;&nbsp;&nbsp;&nbsp;&nbsp;&nbsp;&nbsp;&nbsp;&nbsp;&nbsp;&nbsp;&nbsp;&nbsp;&nbsp;&nbsp;&nbsp;&nbsp;&nbsp;&nbsp;&nbsp;&nbsp;&nbsp;&nbsp;&nbsp;&nbsp;&nbsp;&nbsp;&nbsp;&nbsp;&nbsp;&nbsp;&nbsp;<\/p>\n\n\n\n<p>Durata: 60 min.<\/p>\n\n\n\n<p>Biletele s-au pus \u00een v\u00e2nzare \u0219i se pot achizi\u021biona de la sediul teatrului, de luni p\u00e2n\u0103 vineri, \u00eentre orele 9:00 \u0219i 14:00 sau online pe <a href=\"http:\/\/www.teatrulalba.ro\">www.teatrulalba.ro<\/a>.<\/p>\n\n\n\n<p>&nbsp;&nbsp;&nbsp;&nbsp;&nbsp;&nbsp;&nbsp;&nbsp;&nbsp;&nbsp;&nbsp; Pre\u021bul biletelor este de :<\/p>\n\n\n\n<ul class=\"wp-block-list\">\n<li>7 lei pentru copii \u0219i elevi;<\/li>\n\n\n\n<li>15 lei pentru studen\u021bi \u0219i pensionari;<\/li>\n\n\n\n<li>30 lei pentru adul\u021bi.<\/li>\n<\/ul>\n\n\n\n<figure class=\"wp-block-image size-large\"><img loading=\"lazy\" decoding=\"async\" width=\"914\" height=\"1280\" src=\"https:\/\/urbeamea.ro\/albaiulia\/wp-content\/uploads\/2024\/09\/afis-bun-914x1280.jpg\" alt=\"\" class=\"wp-image-114005\" srcset=\"https:\/\/urbeamea.ro\/albaiulia\/wp-content\/uploads\/2024\/09\/afis-bun-914x1280.jpg 914w, https:\/\/urbeamea.ro\/albaiulia\/wp-content\/uploads\/2024\/09\/afis-bun-457x640.jpg 457w, https:\/\/urbeamea.ro\/albaiulia\/wp-content\/uploads\/2024\/09\/afis-bun-107x150.jpg 107w, https:\/\/urbeamea.ro\/albaiulia\/wp-content\/uploads\/2024\/09\/afis-bun-768x1075.jpg 768w, https:\/\/urbeamea.ro\/albaiulia\/wp-content\/uploads\/2024\/09\/afis-bun-1097x1536.jpg 1097w, https:\/\/urbeamea.ro\/albaiulia\/wp-content\/uploads\/2024\/09\/afis-bun.jpg 1143w\" sizes=\"auto, (max-width: 914px) 100vw, 914px\" \/><\/figure>\n","protected":false},"excerpt":{"rendered":"<p>Teatrul de P\u0103pu\u0219i \u201ePrichindel\u201d v\u0103 invit\u0103 la un spectacol \u0219i o poveste inedite \u0219i pline de profunzime, o adev\u0103rat\u0103 provocare pentru echipa teatrului nostru. Un spectacol cu actorie, m\u00e2nuire p\u0103pu\u0219i, dans, interpretare vocal\u0103, proiec\u021bii video, un spectacol viu \u0219i emo\u021bionant. Este vorba despre spectacolul-premier\u0103 \u201ePescarul \u0219i sufletul s\u0103u\u201d, regia \u0219i dramatizarea dup\u0103 o povestire de &hellip;<\/p>\n","protected":false},"author":16,"featured_media":114004,"comment_status":"open","ping_status":"open","sticky":false,"template":"","format":"standard","meta":{"inline_featured_image":false,"footnotes":""},"categories":[4],"tags":[],"class_list":["post-114003","post","type-post","status-publish","format-standard","has-post-thumbnail","hentry","category-eveniment"],"yoast_head":"<!-- This site is optimized with the Yoast SEO plugin v27.4 - https:\/\/yoast.com\/product\/yoast-seo-wordpress\/ -->\n<title>Spectacol-premier\u0103 \u201ePescarul \u0219i sufletul s\u0103u\u201d la Teatrul de P\u0103pu\u0219i \u201ePrichindel\u201d - Revista Urbea Mea - Revista de Alba<\/title>\n<meta name=\"description\" content=\"Teatrul de P\u0103pu\u0219i \u201ePrichindel\u201d v\u0103 invit\u0103 la un spectacol \u0219i o poveste inedite \u0219i pline de profunzime, o adev\u0103rat\u0103 provocare pentru echipa teatrului\" \/>\n<meta name=\"robots\" content=\"index, follow, max-snippet:-1, max-image-preview:large, max-video-preview:-1\" \/>\n<link rel=\"canonical\" href=\"https:\/\/urbeamea.ro\/albaiulia\/spectacol-premiera-pescarul-si-sufletul-sau-la-teatrul-de-papusi-prichindel\/\" \/>\n<meta name=\"twitter:card\" content=\"summary_large_image\" \/>\n<meta name=\"twitter:title\" content=\"Spectacol-premier\u0103 \u201ePescarul \u0219i sufletul s\u0103u\u201d la Teatrul de P\u0103pu\u0219i \u201ePrichindel\u201d - Revista Urbea Mea - Revista de Alba\" \/>\n<meta name=\"twitter:description\" content=\"Teatrul de P\u0103pu\u0219i \u201ePrichindel\u201d v\u0103 invit\u0103 la un spectacol \u0219i o poveste inedite \u0219i pline de profunzime, o adev\u0103rat\u0103 provocare pentru echipa teatrului\" \/>\n<meta name=\"twitter:image\" content=\"https:\/\/urbeamea.ro\/albaiulia\/wp-content\/uploads\/2024\/09\/Banner-eveniment-Fb.jpg\" \/>\n<meta name=\"twitter:creator\" content=\"@urbeameaweb\" \/>\n<meta name=\"twitter:site\" content=\"@urbeameaweb\" \/>\n<script type=\"application\/ld+json\" class=\"yoast-schema-graph\">{\"@context\":\"https:\\\/\\\/schema.org\",\"@graph\":[{\"@type\":\"Article\",\"@id\":\"https:\\\/\\\/urbeamea.ro\\\/albaiulia\\\/spectacol-premiera-pescarul-si-sufletul-sau-la-teatrul-de-papusi-prichindel\\\/#article\",\"isPartOf\":{\"@id\":\"https:\\\/\\\/urbeamea.ro\\\/albaiulia\\\/spectacol-premiera-pescarul-si-sufletul-sau-la-teatrul-de-papusi-prichindel\\\/\"},\"author\":{\"name\":\"Redac\u021bia UrbeaMea\",\"@id\":\"https:\\\/\\\/urbeamea.ro\\\/albaiulia\\\/#\\\/schema\\\/person\\\/272ae98052f8ee8980f59848df070247\"},\"headline\":\"Spectacol-premier\u0103 \u201ePescarul \u0219i sufletul s\u0103u\u201d la Teatrul de P\u0103pu\u0219i \u201ePrichindel\u201d\",\"datePublished\":\"2024-09-23T16:39:39+00:00\",\"dateModified\":\"2024-09-23T16:39:40+00:00\",\"mainEntityOfPage\":{\"@id\":\"https:\\\/\\\/urbeamea.ro\\\/albaiulia\\\/spectacol-premiera-pescarul-si-sufletul-sau-la-teatrul-de-papusi-prichindel\\\/\"},\"wordCount\":638,\"commentCount\":0,\"image\":{\"@id\":\"https:\\\/\\\/urbeamea.ro\\\/albaiulia\\\/spectacol-premiera-pescarul-si-sufletul-sau-la-teatrul-de-papusi-prichindel\\\/#primaryimage\"},\"thumbnailUrl\":\"https:\\\/\\\/urbeamea.ro\\\/albaiulia\\\/wp-content\\\/uploads\\\/2024\\\/09\\\/Banner-eveniment-Fb.jpg\",\"articleSection\":[\"Evenimente\"],\"inLanguage\":\"ro-RO\",\"potentialAction\":[{\"@type\":\"CommentAction\",\"name\":\"Comment\",\"target\":[\"https:\\\/\\\/urbeamea.ro\\\/albaiulia\\\/spectacol-premiera-pescarul-si-sufletul-sau-la-teatrul-de-papusi-prichindel\\\/#respond\"]}]},{\"@type\":\"WebPage\",\"@id\":\"https:\\\/\\\/urbeamea.ro\\\/albaiulia\\\/spectacol-premiera-pescarul-si-sufletul-sau-la-teatrul-de-papusi-prichindel\\\/\",\"url\":\"https:\\\/\\\/urbeamea.ro\\\/albaiulia\\\/spectacol-premiera-pescarul-si-sufletul-sau-la-teatrul-de-papusi-prichindel\\\/\",\"name\":\"Spectacol-premier\u0103 \u201ePescarul \u0219i sufletul s\u0103u\u201d la Teatrul de P\u0103pu\u0219i \u201ePrichindel\u201d - Revista Urbea Mea - Revista de Alba\",\"isPartOf\":{\"@id\":\"https:\\\/\\\/urbeamea.ro\\\/albaiulia\\\/#website\"},\"primaryImageOfPage\":{\"@id\":\"https:\\\/\\\/urbeamea.ro\\\/albaiulia\\\/spectacol-premiera-pescarul-si-sufletul-sau-la-teatrul-de-papusi-prichindel\\\/#primaryimage\"},\"image\":{\"@id\":\"https:\\\/\\\/urbeamea.ro\\\/albaiulia\\\/spectacol-premiera-pescarul-si-sufletul-sau-la-teatrul-de-papusi-prichindel\\\/#primaryimage\"},\"thumbnailUrl\":\"https:\\\/\\\/urbeamea.ro\\\/albaiulia\\\/wp-content\\\/uploads\\\/2024\\\/09\\\/Banner-eveniment-Fb.jpg\",\"datePublished\":\"2024-09-23T16:39:39+00:00\",\"dateModified\":\"2024-09-23T16:39:40+00:00\",\"author\":{\"@id\":\"https:\\\/\\\/urbeamea.ro\\\/albaiulia\\\/#\\\/schema\\\/person\\\/272ae98052f8ee8980f59848df070247\"},\"description\":\"Teatrul de P\u0103pu\u0219i \u201ePrichindel\u201d v\u0103 invit\u0103 la un spectacol \u0219i o poveste inedite \u0219i pline de profunzime, o adev\u0103rat\u0103 provocare pentru echipa teatrului\",\"breadcrumb\":{\"@id\":\"https:\\\/\\\/urbeamea.ro\\\/albaiulia\\\/spectacol-premiera-pescarul-si-sufletul-sau-la-teatrul-de-papusi-prichindel\\\/#breadcrumb\"},\"inLanguage\":\"ro-RO\",\"potentialAction\":[{\"@type\":\"ReadAction\",\"target\":[\"https:\\\/\\\/urbeamea.ro\\\/albaiulia\\\/spectacol-premiera-pescarul-si-sufletul-sau-la-teatrul-de-papusi-prichindel\\\/\"]}]},{\"@type\":\"ImageObject\",\"inLanguage\":\"ro-RO\",\"@id\":\"https:\\\/\\\/urbeamea.ro\\\/albaiulia\\\/spectacol-premiera-pescarul-si-sufletul-sau-la-teatrul-de-papusi-prichindel\\\/#primaryimage\",\"url\":\"https:\\\/\\\/urbeamea.ro\\\/albaiulia\\\/wp-content\\\/uploads\\\/2024\\\/09\\\/Banner-eveniment-Fb.jpg\",\"contentUrl\":\"https:\\\/\\\/urbeamea.ro\\\/albaiulia\\\/wp-content\\\/uploads\\\/2024\\\/09\\\/Banner-eveniment-Fb.jpg\",\"width\":1600,\"height\":838},{\"@type\":\"BreadcrumbList\",\"@id\":\"https:\\\/\\\/urbeamea.ro\\\/albaiulia\\\/spectacol-premiera-pescarul-si-sufletul-sau-la-teatrul-de-papusi-prichindel\\\/#breadcrumb\",\"itemListElement\":[{\"@type\":\"ListItem\",\"position\":1,\"name\":\"Prima pagin\u0103\",\"item\":\"https:\\\/\\\/urbeamea.ro\\\/albaiulia\\\/\"},{\"@type\":\"ListItem\",\"position\":2,\"name\":\"Spectacol-premier\u0103 \u201ePescarul \u0219i sufletul s\u0103u\u201d la Teatrul de P\u0103pu\u0219i \u201ePrichindel\u201d\"}]},{\"@type\":\"WebSite\",\"@id\":\"https:\\\/\\\/urbeamea.ro\\\/albaiulia\\\/#website\",\"url\":\"https:\\\/\\\/urbeamea.ro\\\/albaiulia\\\/\",\"name\":\"Revista Urbea Mea, Stiri urbane\",\"description\":\"Evenimente \u0219i \u0219tiri din Alba Iulia, Sebe\u0219, Aiud, Blaj\",\"potentialAction\":[{\"@type\":\"SearchAction\",\"target\":{\"@type\":\"EntryPoint\",\"urlTemplate\":\"https:\\\/\\\/urbeamea.ro\\\/albaiulia\\\/?s={search_term_string}\"},\"query-input\":{\"@type\":\"PropertyValueSpecification\",\"valueRequired\":true,\"valueName\":\"search_term_string\"}}],\"inLanguage\":\"ro-RO\"},{\"@type\":\"Person\",\"@id\":\"https:\\\/\\\/urbeamea.ro\\\/albaiulia\\\/#\\\/schema\\\/person\\\/272ae98052f8ee8980f59848df070247\",\"name\":\"Redac\u021bia UrbeaMea\",\"image\":{\"@type\":\"ImageObject\",\"inLanguage\":\"ro-RO\",\"@id\":\"https:\\\/\\\/secure.gravatar.com\\\/avatar\\\/9ce5a9435071fa1037e8468053ead8e513dbbff59009d3069aadb85506d85a27?s=96&d=mm&r=g\",\"url\":\"https:\\\/\\\/secure.gravatar.com\\\/avatar\\\/9ce5a9435071fa1037e8468053ead8e513dbbff59009d3069aadb85506d85a27?s=96&d=mm&r=g\",\"contentUrl\":\"https:\\\/\\\/secure.gravatar.com\\\/avatar\\\/9ce5a9435071fa1037e8468053ead8e513dbbff59009d3069aadb85506d85a27?s=96&d=mm&r=g\",\"caption\":\"Redac\u021bia UrbeaMea\"},\"description\":\"contact@urbeamea.ro\",\"sameAs\":[\"https:\\\/\\\/www.urbeamea.ro\"],\"url\":\"https:\\\/\\\/urbeamea.ro\\\/albaiulia\\\/author\\\/redactia-urbeamea\\\/\"}]}<\/script>\n<!-- \/ Yoast SEO plugin. -->","yoast_head_json":{"title":"Spectacol-premier\u0103 \u201ePescarul \u0219i sufletul s\u0103u\u201d la Teatrul de P\u0103pu\u0219i \u201ePrichindel\u201d - Revista Urbea Mea - Revista de Alba","description":"Teatrul de P\u0103pu\u0219i \u201ePrichindel\u201d v\u0103 invit\u0103 la un spectacol \u0219i o poveste inedite \u0219i pline de profunzime, o adev\u0103rat\u0103 provocare pentru echipa teatrului","robots":{"index":"index","follow":"follow","max-snippet":"max-snippet:-1","max-image-preview":"max-image-preview:large","max-video-preview":"max-video-preview:-1"},"canonical":"https:\/\/urbeamea.ro\/albaiulia\/spectacol-premiera-pescarul-si-sufletul-sau-la-teatrul-de-papusi-prichindel\/","twitter_card":"summary_large_image","twitter_title":"Spectacol-premier\u0103 \u201ePescarul \u0219i sufletul s\u0103u\u201d la Teatrul de P\u0103pu\u0219i \u201ePrichindel\u201d - Revista Urbea Mea - Revista de Alba","twitter_description":"Teatrul de P\u0103pu\u0219i \u201ePrichindel\u201d v\u0103 invit\u0103 la un spectacol \u0219i o poveste inedite \u0219i pline de profunzime, o adev\u0103rat\u0103 provocare pentru echipa teatrului","twitter_image":"https:\/\/urbeamea.ro\/albaiulia\/wp-content\/uploads\/2024\/09\/Banner-eveniment-Fb.jpg","twitter_creator":"@urbeameaweb","twitter_site":"@urbeameaweb","schema":{"@context":"https:\/\/schema.org","@graph":[{"@type":"Article","@id":"https:\/\/urbeamea.ro\/albaiulia\/spectacol-premiera-pescarul-si-sufletul-sau-la-teatrul-de-papusi-prichindel\/#article","isPartOf":{"@id":"https:\/\/urbeamea.ro\/albaiulia\/spectacol-premiera-pescarul-si-sufletul-sau-la-teatrul-de-papusi-prichindel\/"},"author":{"name":"Redac\u021bia UrbeaMea","@id":"https:\/\/urbeamea.ro\/albaiulia\/#\/schema\/person\/272ae98052f8ee8980f59848df070247"},"headline":"Spectacol-premier\u0103 \u201ePescarul \u0219i sufletul s\u0103u\u201d la Teatrul de P\u0103pu\u0219i \u201ePrichindel\u201d","datePublished":"2024-09-23T16:39:39+00:00","dateModified":"2024-09-23T16:39:40+00:00","mainEntityOfPage":{"@id":"https:\/\/urbeamea.ro\/albaiulia\/spectacol-premiera-pescarul-si-sufletul-sau-la-teatrul-de-papusi-prichindel\/"},"wordCount":638,"commentCount":0,"image":{"@id":"https:\/\/urbeamea.ro\/albaiulia\/spectacol-premiera-pescarul-si-sufletul-sau-la-teatrul-de-papusi-prichindel\/#primaryimage"},"thumbnailUrl":"https:\/\/urbeamea.ro\/albaiulia\/wp-content\/uploads\/2024\/09\/Banner-eveniment-Fb.jpg","articleSection":["Evenimente"],"inLanguage":"ro-RO","potentialAction":[{"@type":"CommentAction","name":"Comment","target":["https:\/\/urbeamea.ro\/albaiulia\/spectacol-premiera-pescarul-si-sufletul-sau-la-teatrul-de-papusi-prichindel\/#respond"]}]},{"@type":"WebPage","@id":"https:\/\/urbeamea.ro\/albaiulia\/spectacol-premiera-pescarul-si-sufletul-sau-la-teatrul-de-papusi-prichindel\/","url":"https:\/\/urbeamea.ro\/albaiulia\/spectacol-premiera-pescarul-si-sufletul-sau-la-teatrul-de-papusi-prichindel\/","name":"Spectacol-premier\u0103 \u201ePescarul \u0219i sufletul s\u0103u\u201d la Teatrul de P\u0103pu\u0219i \u201ePrichindel\u201d - Revista Urbea Mea - Revista de Alba","isPartOf":{"@id":"https:\/\/urbeamea.ro\/albaiulia\/#website"},"primaryImageOfPage":{"@id":"https:\/\/urbeamea.ro\/albaiulia\/spectacol-premiera-pescarul-si-sufletul-sau-la-teatrul-de-papusi-prichindel\/#primaryimage"},"image":{"@id":"https:\/\/urbeamea.ro\/albaiulia\/spectacol-premiera-pescarul-si-sufletul-sau-la-teatrul-de-papusi-prichindel\/#primaryimage"},"thumbnailUrl":"https:\/\/urbeamea.ro\/albaiulia\/wp-content\/uploads\/2024\/09\/Banner-eveniment-Fb.jpg","datePublished":"2024-09-23T16:39:39+00:00","dateModified":"2024-09-23T16:39:40+00:00","author":{"@id":"https:\/\/urbeamea.ro\/albaiulia\/#\/schema\/person\/272ae98052f8ee8980f59848df070247"},"description":"Teatrul de P\u0103pu\u0219i \u201ePrichindel\u201d v\u0103 invit\u0103 la un spectacol \u0219i o poveste inedite \u0219i pline de profunzime, o adev\u0103rat\u0103 provocare pentru echipa teatrului","breadcrumb":{"@id":"https:\/\/urbeamea.ro\/albaiulia\/spectacol-premiera-pescarul-si-sufletul-sau-la-teatrul-de-papusi-prichindel\/#breadcrumb"},"inLanguage":"ro-RO","potentialAction":[{"@type":"ReadAction","target":["https:\/\/urbeamea.ro\/albaiulia\/spectacol-premiera-pescarul-si-sufletul-sau-la-teatrul-de-papusi-prichindel\/"]}]},{"@type":"ImageObject","inLanguage":"ro-RO","@id":"https:\/\/urbeamea.ro\/albaiulia\/spectacol-premiera-pescarul-si-sufletul-sau-la-teatrul-de-papusi-prichindel\/#primaryimage","url":"https:\/\/urbeamea.ro\/albaiulia\/wp-content\/uploads\/2024\/09\/Banner-eveniment-Fb.jpg","contentUrl":"https:\/\/urbeamea.ro\/albaiulia\/wp-content\/uploads\/2024\/09\/Banner-eveniment-Fb.jpg","width":1600,"height":838},{"@type":"BreadcrumbList","@id":"https:\/\/urbeamea.ro\/albaiulia\/spectacol-premiera-pescarul-si-sufletul-sau-la-teatrul-de-papusi-prichindel\/#breadcrumb","itemListElement":[{"@type":"ListItem","position":1,"name":"Prima pagin\u0103","item":"https:\/\/urbeamea.ro\/albaiulia\/"},{"@type":"ListItem","position":2,"name":"Spectacol-premier\u0103 \u201ePescarul \u0219i sufletul s\u0103u\u201d la Teatrul de P\u0103pu\u0219i \u201ePrichindel\u201d"}]},{"@type":"WebSite","@id":"https:\/\/urbeamea.ro\/albaiulia\/#website","url":"https:\/\/urbeamea.ro\/albaiulia\/","name":"Revista Urbea Mea, Stiri urbane","description":"Evenimente \u0219i \u0219tiri din Alba Iulia, Sebe\u0219, Aiud, Blaj","potentialAction":[{"@type":"SearchAction","target":{"@type":"EntryPoint","urlTemplate":"https:\/\/urbeamea.ro\/albaiulia\/?s={search_term_string}"},"query-input":{"@type":"PropertyValueSpecification","valueRequired":true,"valueName":"search_term_string"}}],"inLanguage":"ro-RO"},{"@type":"Person","@id":"https:\/\/urbeamea.ro\/albaiulia\/#\/schema\/person\/272ae98052f8ee8980f59848df070247","name":"Redac\u021bia UrbeaMea","image":{"@type":"ImageObject","inLanguage":"ro-RO","@id":"https:\/\/secure.gravatar.com\/avatar\/9ce5a9435071fa1037e8468053ead8e513dbbff59009d3069aadb85506d85a27?s=96&d=mm&r=g","url":"https:\/\/secure.gravatar.com\/avatar\/9ce5a9435071fa1037e8468053ead8e513dbbff59009d3069aadb85506d85a27?s=96&d=mm&r=g","contentUrl":"https:\/\/secure.gravatar.com\/avatar\/9ce5a9435071fa1037e8468053ead8e513dbbff59009d3069aadb85506d85a27?s=96&d=mm&r=g","caption":"Redac\u021bia UrbeaMea"},"description":"contact@urbeamea.ro","sameAs":["https:\/\/www.urbeamea.ro"],"url":"https:\/\/urbeamea.ro\/albaiulia\/author\/redactia-urbeamea\/"}]}},"_links":{"self":[{"href":"https:\/\/urbeamea.ro\/albaiulia\/wp-json\/wp\/v2\/posts\/114003","targetHints":{"allow":["GET"]}}],"collection":[{"href":"https:\/\/urbeamea.ro\/albaiulia\/wp-json\/wp\/v2\/posts"}],"about":[{"href":"https:\/\/urbeamea.ro\/albaiulia\/wp-json\/wp\/v2\/types\/post"}],"author":[{"embeddable":true,"href":"https:\/\/urbeamea.ro\/albaiulia\/wp-json\/wp\/v2\/users\/16"}],"replies":[{"embeddable":true,"href":"https:\/\/urbeamea.ro\/albaiulia\/wp-json\/wp\/v2\/comments?post=114003"}],"version-history":[{"count":1,"href":"https:\/\/urbeamea.ro\/albaiulia\/wp-json\/wp\/v2\/posts\/114003\/revisions"}],"predecessor-version":[{"id":114006,"href":"https:\/\/urbeamea.ro\/albaiulia\/wp-json\/wp\/v2\/posts\/114003\/revisions\/114006"}],"wp:featuredmedia":[{"embeddable":true,"href":"https:\/\/urbeamea.ro\/albaiulia\/wp-json\/wp\/v2\/media\/114004"}],"wp:attachment":[{"href":"https:\/\/urbeamea.ro\/albaiulia\/wp-json\/wp\/v2\/media?parent=114003"}],"wp:term":[{"taxonomy":"category","embeddable":true,"href":"https:\/\/urbeamea.ro\/albaiulia\/wp-json\/wp\/v2\/categories?post=114003"},{"taxonomy":"post_tag","embeddable":true,"href":"https:\/\/urbeamea.ro\/albaiulia\/wp-json\/wp\/v2\/tags?post=114003"}],"curies":[{"name":"wp","href":"https:\/\/api.w.org\/{rel}","templated":true}]}}