{"id":114034,"date":"2024-09-25T10:41:07","date_gmt":"2024-09-25T07:41:07","guid":{"rendered":"https:\/\/urbeamea.ro\/albaiulia\/?p=114034"},"modified":"2024-09-25T10:41:09","modified_gmt":"2024-09-25T07:41:09","slug":"vineri-o-noua-intalnire-a-laboratorului-de-c-arte-teatru-la-biblioteca-judeteana-lucian-blaga-alba-iulia","status":"publish","type":"post","link":"https:\/\/urbeamea.ro\/albaiulia\/vineri-o-noua-intalnire-a-laboratorului-de-c-arte-teatru-la-biblioteca-judeteana-lucian-blaga-alba-iulia\/","title":{"rendered":"Vineri: O nou\u0103 \u00eent\u00e2lnire a Laboratorului de C&#8217; Arte Teatru, la Biblioteca Jude\u021bean\u0103 &#8222;Lucian Blaga&#8221; Alba Iulia"},"content":{"rendered":"\n<p><strong>Vineri, 27 septembrie 2024, la Biblioteca Jude\u021bean\u0103 \u201eLucian Blaga\u201d Alba va avea loc  o nou\u0103 \u00eent\u00e2lnire a Laboratorului de C`ArteTeatru, coordonat de actri\u021ba C\u0103t\u0103lina Mih\u0103il\u0103, lector universitar doctor la Universitatea de Arte din T\u00e2rgu-Mure\u0219, \u0219i bibliotecara Liudmila Cioflic\u0103. <\/strong><\/p>\n\n\n\n<p>Astfel, de la ora 15.00, la sediul institu\u021biei sunt a\u0219tepta\u021bi tinerii interesa\u021bi s\u0103 fac\u0103 parte din trupa iubitorilor de carte \u0219i teatru a bibliotecii jude\u021bene.<\/p>\n\n\n\n<p>Tema \u00eent\u00e2lnirii de vineri este \u201eTeatrul ca form\u0103 de dezvoltare a imagina\u021biei \u0219i a umorului\u201d, iar vreme de dou\u0103 ore, participan\u021bii vor face diverse exerci\u021bii, de la cele pentru \u00eenc\u0103lzirea vocii, dic\u021bie \u0219i mi\u0219care, p\u00e2n\u0103 la cele de improviza\u021bie, pornind de la o selec\u021bie de poezii \u0219i fragmente de proz\u0103, alese din volumele ce vor fi prezentate \u00een \u00eencheierea activit\u0103\u021bii, ca recomand\u0103ri de lectur\u0103.<\/p>\n\n\n\n<p>Proiectului 3.37 Laboratorul de C\u2019ArteTeatru este un proiect multiart al Consiliului Jude\u021bean Alba \u0219i al Bibliotecii Jude\u021bene \u201eLucian Blaga\u201d Alba, de promovare a fondului de carte, de \u00eencurajare a lecturii, \u0219i de promovare a scriitorilor, utiliz\u00e2nd forme de expresie teatral\u0103, \u00een colaborare cu unul sau mai mul\u021bi parteneri \u0219i colaboratori, prin realizarea de produse culturale pentru publicul general, \u00een sensul promov\u0103rii culturii.<\/p>\n\n\n\n<figure class=\"wp-block-image size-full\"><img loading=\"lazy\" decoding=\"async\" width=\"1000\" height=\"660\" src=\"https:\/\/urbeamea.ro\/albaiulia\/wp-content\/uploads\/2024\/09\/1000012670.jpg\" alt=\"\" class=\"wp-image-114036\" srcset=\"https:\/\/urbeamea.ro\/albaiulia\/wp-content\/uploads\/2024\/09\/1000012670.jpg 1000w, https:\/\/urbeamea.ro\/albaiulia\/wp-content\/uploads\/2024\/09\/1000012670-640x422.jpg 640w, https:\/\/urbeamea.ro\/albaiulia\/wp-content\/uploads\/2024\/09\/1000012670-150x99.jpg 150w, https:\/\/urbeamea.ro\/albaiulia\/wp-content\/uploads\/2024\/09\/1000012670-768x507.jpg 768w\" sizes=\"auto, (max-width: 1000px) 100vw, 1000px\" \/><\/figure>\n\n\n\n<p><\/p>\n\n\n\n<p><\/p>\n","protected":false},"excerpt":{"rendered":"<p>Vineri, 27 septembrie 2024, la Biblioteca Jude\u021bean\u0103 \u201eLucian Blaga\u201d Alba va avea loc o nou\u0103 \u00eent\u00e2lnire a Laboratorului de C`ArteTeatru, coordonat de actri\u021ba C\u0103t\u0103lina Mih\u0103il\u0103, lector universitar doctor la Universitatea de Arte din T\u00e2rgu-Mure\u0219, \u0219i bibliotecara Liudmila Cioflic\u0103. Astfel, de la ora 15.00, la sediul institu\u021biei sunt a\u0219tepta\u021bi tinerii interesa\u021bi s\u0103 fac\u0103 parte din trupa &hellip;<\/p>\n","protected":false},"author":28,"featured_media":114036,"comment_status":"open","ping_status":"open","sticky":false,"template":"","format":"standard","meta":{"inline_featured_image":false,"footnotes":""},"categories":[2038,4,2034,16344],"tags":[2113,25065],"class_list":["post-114034","post","type-post","status-publish","format-standard","has-post-thumbnail","hentry","category-cultura","category-eveniment","category-social","category-urbea-mea","tag-biblioteca-judeteana-lucian-blaga-alba","tag-laborator-c-arte"],"yoast_head":"<!-- This site is optimized with the Yoast SEO plugin v27.4 - https:\/\/yoast.com\/product\/yoast-seo-wordpress\/ -->\n<title>Vineri: O nou\u0103 \u00eent\u00e2lnire a Laboratorului de C&#039; Arte Teatru, la Biblioteca Jude\u021bean\u0103 &quot;Lucian Blaga&quot; Alba Iulia - Revista Urbea Mea - Revista de Alba<\/title>\n<meta name=\"description\" content=\"Vineri, 27 septembrie 2024, la Biblioteca Jude\u021bean\u0103 \u201eLucian Blaga\u201d Alba va avea loc o nou\u0103 \u00eent\u00e2lnire a Laboratorului de C`ArteTeatru, coordonat de actri\u021ba\" \/>\n<meta name=\"robots\" content=\"index, follow, max-snippet:-1, max-image-preview:large, max-video-preview:-1\" \/>\n<link rel=\"canonical\" href=\"https:\/\/urbeamea.ro\/albaiulia\/vineri-o-noua-intalnire-a-laboratorului-de-c-arte-teatru-la-biblioteca-judeteana-lucian-blaga-alba-iulia\/\" \/>\n<meta name=\"twitter:card\" content=\"summary_large_image\" \/>\n<meta name=\"twitter:title\" content=\"Vineri: O nou\u0103 \u00eent\u00e2lnire a Laboratorului de C&#039; Arte Teatru, la Biblioteca Jude\u021bean\u0103 &quot;Lucian Blaga&quot; Alba Iulia - Revista Urbea Mea - Revista de Alba\" \/>\n<meta name=\"twitter:description\" content=\"Vineri, 27 septembrie 2024, la Biblioteca Jude\u021bean\u0103 \u201eLucian Blaga\u201d Alba va avea loc o nou\u0103 \u00eent\u00e2lnire a Laboratorului de C`ArteTeatru, coordonat de actri\u021ba\" \/>\n<meta name=\"twitter:image\" content=\"https:\/\/urbeamea.ro\/albaiulia\/wp-content\/uploads\/2024\/09\/1000012670.jpg\" \/>\n<meta name=\"twitter:creator\" content=\"@urbeameaweb\" \/>\n<meta name=\"twitter:site\" content=\"@urbeameaweb\" \/>\n<script type=\"application\/ld+json\" class=\"yoast-schema-graph\">{\"@context\":\"https:\\\/\\\/schema.org\",\"@graph\":[{\"@type\":\"Article\",\"@id\":\"https:\\\/\\\/urbeamea.ro\\\/albaiulia\\\/vineri-o-noua-intalnire-a-laboratorului-de-c-arte-teatru-la-biblioteca-judeteana-lucian-blaga-alba-iulia\\\/#article\",\"isPartOf\":{\"@id\":\"https:\\\/\\\/urbeamea.ro\\\/albaiulia\\\/vineri-o-noua-intalnire-a-laboratorului-de-c-arte-teatru-la-biblioteca-judeteana-lucian-blaga-alba-iulia\\\/\"},\"author\":{\"name\":\"Giurca Sorin\",\"@id\":\"https:\\\/\\\/urbeamea.ro\\\/albaiulia\\\/#\\\/schema\\\/person\\\/5db3854ac38c1cc9f0ab4092d6a20f02\"},\"headline\":\"Vineri: O nou\u0103 \u00eent\u00e2lnire a Laboratorului de C&#8217; Arte Teatru, la Biblioteca Jude\u021bean\u0103 &#8222;Lucian Blaga&#8221; Alba Iulia\",\"datePublished\":\"2024-09-25T07:41:07+00:00\",\"dateModified\":\"2024-09-25T07:41:09+00:00\",\"mainEntityOfPage\":{\"@id\":\"https:\\\/\\\/urbeamea.ro\\\/albaiulia\\\/vineri-o-noua-intalnire-a-laboratorului-de-c-arte-teatru-la-biblioteca-judeteana-lucian-blaga-alba-iulia\\\/\"},\"wordCount\":235,\"commentCount\":0,\"image\":{\"@id\":\"https:\\\/\\\/urbeamea.ro\\\/albaiulia\\\/vineri-o-noua-intalnire-a-laboratorului-de-c-arte-teatru-la-biblioteca-judeteana-lucian-blaga-alba-iulia\\\/#primaryimage\"},\"thumbnailUrl\":\"https:\\\/\\\/urbeamea.ro\\\/albaiulia\\\/wp-content\\\/uploads\\\/2024\\\/09\\\/1000012670.jpg\",\"keywords\":[\"Biblioteca Jude\u0163ean\u0103 \u201cLucian Blaga\u201d Alba\",\"Laborator c arte\"],\"articleSection\":[\"Cultur\u0103\",\"Evenimente\",\"Social\",\"Urbea Mea\"],\"inLanguage\":\"ro-RO\",\"potentialAction\":[{\"@type\":\"CommentAction\",\"name\":\"Comment\",\"target\":[\"https:\\\/\\\/urbeamea.ro\\\/albaiulia\\\/vineri-o-noua-intalnire-a-laboratorului-de-c-arte-teatru-la-biblioteca-judeteana-lucian-blaga-alba-iulia\\\/#respond\"]}]},{\"@type\":\"WebPage\",\"@id\":\"https:\\\/\\\/urbeamea.ro\\\/albaiulia\\\/vineri-o-noua-intalnire-a-laboratorului-de-c-arte-teatru-la-biblioteca-judeteana-lucian-blaga-alba-iulia\\\/\",\"url\":\"https:\\\/\\\/urbeamea.ro\\\/albaiulia\\\/vineri-o-noua-intalnire-a-laboratorului-de-c-arte-teatru-la-biblioteca-judeteana-lucian-blaga-alba-iulia\\\/\",\"name\":\"Vineri: O nou\u0103 \u00eent\u00e2lnire a Laboratorului de C' Arte Teatru, la Biblioteca Jude\u021bean\u0103 \\\"Lucian Blaga\\\" Alba Iulia - Revista Urbea Mea - Revista de Alba\",\"isPartOf\":{\"@id\":\"https:\\\/\\\/urbeamea.ro\\\/albaiulia\\\/#website\"},\"primaryImageOfPage\":{\"@id\":\"https:\\\/\\\/urbeamea.ro\\\/albaiulia\\\/vineri-o-noua-intalnire-a-laboratorului-de-c-arte-teatru-la-biblioteca-judeteana-lucian-blaga-alba-iulia\\\/#primaryimage\"},\"image\":{\"@id\":\"https:\\\/\\\/urbeamea.ro\\\/albaiulia\\\/vineri-o-noua-intalnire-a-laboratorului-de-c-arte-teatru-la-biblioteca-judeteana-lucian-blaga-alba-iulia\\\/#primaryimage\"},\"thumbnailUrl\":\"https:\\\/\\\/urbeamea.ro\\\/albaiulia\\\/wp-content\\\/uploads\\\/2024\\\/09\\\/1000012670.jpg\",\"datePublished\":\"2024-09-25T07:41:07+00:00\",\"dateModified\":\"2024-09-25T07:41:09+00:00\",\"author\":{\"@id\":\"https:\\\/\\\/urbeamea.ro\\\/albaiulia\\\/#\\\/schema\\\/person\\\/5db3854ac38c1cc9f0ab4092d6a20f02\"},\"description\":\"Vineri, 27 septembrie 2024, la Biblioteca Jude\u021bean\u0103 \u201eLucian Blaga\u201d Alba va avea loc o nou\u0103 \u00eent\u00e2lnire a Laboratorului de C`ArteTeatru, coordonat de actri\u021ba\",\"breadcrumb\":{\"@id\":\"https:\\\/\\\/urbeamea.ro\\\/albaiulia\\\/vineri-o-noua-intalnire-a-laboratorului-de-c-arte-teatru-la-biblioteca-judeteana-lucian-blaga-alba-iulia\\\/#breadcrumb\"},\"inLanguage\":\"ro-RO\",\"potentialAction\":[{\"@type\":\"ReadAction\",\"target\":[\"https:\\\/\\\/urbeamea.ro\\\/albaiulia\\\/vineri-o-noua-intalnire-a-laboratorului-de-c-arte-teatru-la-biblioteca-judeteana-lucian-blaga-alba-iulia\\\/\"]}]},{\"@type\":\"ImageObject\",\"inLanguage\":\"ro-RO\",\"@id\":\"https:\\\/\\\/urbeamea.ro\\\/albaiulia\\\/vineri-o-noua-intalnire-a-laboratorului-de-c-arte-teatru-la-biblioteca-judeteana-lucian-blaga-alba-iulia\\\/#primaryimage\",\"url\":\"https:\\\/\\\/urbeamea.ro\\\/albaiulia\\\/wp-content\\\/uploads\\\/2024\\\/09\\\/1000012670.jpg\",\"contentUrl\":\"https:\\\/\\\/urbeamea.ro\\\/albaiulia\\\/wp-content\\\/uploads\\\/2024\\\/09\\\/1000012670.jpg\",\"width\":1000,\"height\":660},{\"@type\":\"BreadcrumbList\",\"@id\":\"https:\\\/\\\/urbeamea.ro\\\/albaiulia\\\/vineri-o-noua-intalnire-a-laboratorului-de-c-arte-teatru-la-biblioteca-judeteana-lucian-blaga-alba-iulia\\\/#breadcrumb\",\"itemListElement\":[{\"@type\":\"ListItem\",\"position\":1,\"name\":\"Prima pagin\u0103\",\"item\":\"https:\\\/\\\/urbeamea.ro\\\/albaiulia\\\/\"},{\"@type\":\"ListItem\",\"position\":2,\"name\":\"Vineri: O nou\u0103 \u00eent\u00e2lnire a Laboratorului de C&#8217; Arte Teatru, la Biblioteca Jude\u021bean\u0103 &#8222;Lucian Blaga&#8221; Alba Iulia\"}]},{\"@type\":\"WebSite\",\"@id\":\"https:\\\/\\\/urbeamea.ro\\\/albaiulia\\\/#website\",\"url\":\"https:\\\/\\\/urbeamea.ro\\\/albaiulia\\\/\",\"name\":\"Revista Urbea Mea, Stiri urbane\",\"description\":\"Evenimente \u0219i \u0219tiri din Alba Iulia, Sebe\u0219, Aiud, Blaj\",\"potentialAction\":[{\"@type\":\"SearchAction\",\"target\":{\"@type\":\"EntryPoint\",\"urlTemplate\":\"https:\\\/\\\/urbeamea.ro\\\/albaiulia\\\/?s={search_term_string}\"},\"query-input\":{\"@type\":\"PropertyValueSpecification\",\"valueRequired\":true,\"valueName\":\"search_term_string\"}}],\"inLanguage\":\"ro-RO\"},{\"@type\":\"Person\",\"@id\":\"https:\\\/\\\/urbeamea.ro\\\/albaiulia\\\/#\\\/schema\\\/person\\\/5db3854ac38c1cc9f0ab4092d6a20f02\",\"name\":\"Giurca Sorin\",\"image\":{\"@type\":\"ImageObject\",\"inLanguage\":\"ro-RO\",\"@id\":\"https:\\\/\\\/secure.gravatar.com\\\/avatar\\\/120f6fcae7b3b47a7730cb9943f612f4909f68ac5284b5f40ac1c4615fd70576?s=96&d=mm&r=g\",\"url\":\"https:\\\/\\\/secure.gravatar.com\\\/avatar\\\/120f6fcae7b3b47a7730cb9943f612f4909f68ac5284b5f40ac1c4615fd70576?s=96&d=mm&r=g\",\"contentUrl\":\"https:\\\/\\\/secure.gravatar.com\\\/avatar\\\/120f6fcae7b3b47a7730cb9943f612f4909f68ac5284b5f40ac1c4615fd70576?s=96&d=mm&r=g\",\"caption\":\"Giurca Sorin\"},\"url\":\"https:\\\/\\\/urbeamea.ro\\\/albaiulia\\\/author\\\/sorin\\\/\"}]}<\/script>\n<!-- \/ Yoast SEO plugin. -->","yoast_head_json":{"title":"Vineri: O nou\u0103 \u00eent\u00e2lnire a Laboratorului de C' Arte Teatru, la Biblioteca Jude\u021bean\u0103 \"Lucian Blaga\" Alba Iulia - Revista Urbea Mea - Revista de Alba","description":"Vineri, 27 septembrie 2024, la Biblioteca Jude\u021bean\u0103 \u201eLucian Blaga\u201d Alba va avea loc o nou\u0103 \u00eent\u00e2lnire a Laboratorului de C`ArteTeatru, coordonat de actri\u021ba","robots":{"index":"index","follow":"follow","max-snippet":"max-snippet:-1","max-image-preview":"max-image-preview:large","max-video-preview":"max-video-preview:-1"},"canonical":"https:\/\/urbeamea.ro\/albaiulia\/vineri-o-noua-intalnire-a-laboratorului-de-c-arte-teatru-la-biblioteca-judeteana-lucian-blaga-alba-iulia\/","twitter_card":"summary_large_image","twitter_title":"Vineri: O nou\u0103 \u00eent\u00e2lnire a Laboratorului de C' Arte Teatru, la Biblioteca Jude\u021bean\u0103 \"Lucian Blaga\" Alba Iulia - Revista Urbea Mea - Revista de Alba","twitter_description":"Vineri, 27 septembrie 2024, la Biblioteca Jude\u021bean\u0103 \u201eLucian Blaga\u201d Alba va avea loc o nou\u0103 \u00eent\u00e2lnire a Laboratorului de C`ArteTeatru, coordonat de actri\u021ba","twitter_image":"https:\/\/urbeamea.ro\/albaiulia\/wp-content\/uploads\/2024\/09\/1000012670.jpg","twitter_creator":"@urbeameaweb","twitter_site":"@urbeameaweb","schema":{"@context":"https:\/\/schema.org","@graph":[{"@type":"Article","@id":"https:\/\/urbeamea.ro\/albaiulia\/vineri-o-noua-intalnire-a-laboratorului-de-c-arte-teatru-la-biblioteca-judeteana-lucian-blaga-alba-iulia\/#article","isPartOf":{"@id":"https:\/\/urbeamea.ro\/albaiulia\/vineri-o-noua-intalnire-a-laboratorului-de-c-arte-teatru-la-biblioteca-judeteana-lucian-blaga-alba-iulia\/"},"author":{"name":"Giurca Sorin","@id":"https:\/\/urbeamea.ro\/albaiulia\/#\/schema\/person\/5db3854ac38c1cc9f0ab4092d6a20f02"},"headline":"Vineri: O nou\u0103 \u00eent\u00e2lnire a Laboratorului de C&#8217; Arte Teatru, la Biblioteca Jude\u021bean\u0103 &#8222;Lucian Blaga&#8221; Alba Iulia","datePublished":"2024-09-25T07:41:07+00:00","dateModified":"2024-09-25T07:41:09+00:00","mainEntityOfPage":{"@id":"https:\/\/urbeamea.ro\/albaiulia\/vineri-o-noua-intalnire-a-laboratorului-de-c-arte-teatru-la-biblioteca-judeteana-lucian-blaga-alba-iulia\/"},"wordCount":235,"commentCount":0,"image":{"@id":"https:\/\/urbeamea.ro\/albaiulia\/vineri-o-noua-intalnire-a-laboratorului-de-c-arte-teatru-la-biblioteca-judeteana-lucian-blaga-alba-iulia\/#primaryimage"},"thumbnailUrl":"https:\/\/urbeamea.ro\/albaiulia\/wp-content\/uploads\/2024\/09\/1000012670.jpg","keywords":["Biblioteca Jude\u0163ean\u0103 \u201cLucian Blaga\u201d Alba","Laborator c arte"],"articleSection":["Cultur\u0103","Evenimente","Social","Urbea Mea"],"inLanguage":"ro-RO","potentialAction":[{"@type":"CommentAction","name":"Comment","target":["https:\/\/urbeamea.ro\/albaiulia\/vineri-o-noua-intalnire-a-laboratorului-de-c-arte-teatru-la-biblioteca-judeteana-lucian-blaga-alba-iulia\/#respond"]}]},{"@type":"WebPage","@id":"https:\/\/urbeamea.ro\/albaiulia\/vineri-o-noua-intalnire-a-laboratorului-de-c-arte-teatru-la-biblioteca-judeteana-lucian-blaga-alba-iulia\/","url":"https:\/\/urbeamea.ro\/albaiulia\/vineri-o-noua-intalnire-a-laboratorului-de-c-arte-teatru-la-biblioteca-judeteana-lucian-blaga-alba-iulia\/","name":"Vineri: O nou\u0103 \u00eent\u00e2lnire a Laboratorului de C' Arte Teatru, la Biblioteca Jude\u021bean\u0103 \"Lucian Blaga\" Alba Iulia - Revista Urbea Mea - Revista de Alba","isPartOf":{"@id":"https:\/\/urbeamea.ro\/albaiulia\/#website"},"primaryImageOfPage":{"@id":"https:\/\/urbeamea.ro\/albaiulia\/vineri-o-noua-intalnire-a-laboratorului-de-c-arte-teatru-la-biblioteca-judeteana-lucian-blaga-alba-iulia\/#primaryimage"},"image":{"@id":"https:\/\/urbeamea.ro\/albaiulia\/vineri-o-noua-intalnire-a-laboratorului-de-c-arte-teatru-la-biblioteca-judeteana-lucian-blaga-alba-iulia\/#primaryimage"},"thumbnailUrl":"https:\/\/urbeamea.ro\/albaiulia\/wp-content\/uploads\/2024\/09\/1000012670.jpg","datePublished":"2024-09-25T07:41:07+00:00","dateModified":"2024-09-25T07:41:09+00:00","author":{"@id":"https:\/\/urbeamea.ro\/albaiulia\/#\/schema\/person\/5db3854ac38c1cc9f0ab4092d6a20f02"},"description":"Vineri, 27 septembrie 2024, la Biblioteca Jude\u021bean\u0103 \u201eLucian Blaga\u201d Alba va avea loc o nou\u0103 \u00eent\u00e2lnire a Laboratorului de C`ArteTeatru, coordonat de actri\u021ba","breadcrumb":{"@id":"https:\/\/urbeamea.ro\/albaiulia\/vineri-o-noua-intalnire-a-laboratorului-de-c-arte-teatru-la-biblioteca-judeteana-lucian-blaga-alba-iulia\/#breadcrumb"},"inLanguage":"ro-RO","potentialAction":[{"@type":"ReadAction","target":["https:\/\/urbeamea.ro\/albaiulia\/vineri-o-noua-intalnire-a-laboratorului-de-c-arte-teatru-la-biblioteca-judeteana-lucian-blaga-alba-iulia\/"]}]},{"@type":"ImageObject","inLanguage":"ro-RO","@id":"https:\/\/urbeamea.ro\/albaiulia\/vineri-o-noua-intalnire-a-laboratorului-de-c-arte-teatru-la-biblioteca-judeteana-lucian-blaga-alba-iulia\/#primaryimage","url":"https:\/\/urbeamea.ro\/albaiulia\/wp-content\/uploads\/2024\/09\/1000012670.jpg","contentUrl":"https:\/\/urbeamea.ro\/albaiulia\/wp-content\/uploads\/2024\/09\/1000012670.jpg","width":1000,"height":660},{"@type":"BreadcrumbList","@id":"https:\/\/urbeamea.ro\/albaiulia\/vineri-o-noua-intalnire-a-laboratorului-de-c-arte-teatru-la-biblioteca-judeteana-lucian-blaga-alba-iulia\/#breadcrumb","itemListElement":[{"@type":"ListItem","position":1,"name":"Prima pagin\u0103","item":"https:\/\/urbeamea.ro\/albaiulia\/"},{"@type":"ListItem","position":2,"name":"Vineri: O nou\u0103 \u00eent\u00e2lnire a Laboratorului de C&#8217; Arte Teatru, la Biblioteca Jude\u021bean\u0103 &#8222;Lucian Blaga&#8221; Alba Iulia"}]},{"@type":"WebSite","@id":"https:\/\/urbeamea.ro\/albaiulia\/#website","url":"https:\/\/urbeamea.ro\/albaiulia\/","name":"Revista Urbea Mea, Stiri urbane","description":"Evenimente \u0219i \u0219tiri din Alba Iulia, Sebe\u0219, Aiud, Blaj","potentialAction":[{"@type":"SearchAction","target":{"@type":"EntryPoint","urlTemplate":"https:\/\/urbeamea.ro\/albaiulia\/?s={search_term_string}"},"query-input":{"@type":"PropertyValueSpecification","valueRequired":true,"valueName":"search_term_string"}}],"inLanguage":"ro-RO"},{"@type":"Person","@id":"https:\/\/urbeamea.ro\/albaiulia\/#\/schema\/person\/5db3854ac38c1cc9f0ab4092d6a20f02","name":"Giurca Sorin","image":{"@type":"ImageObject","inLanguage":"ro-RO","@id":"https:\/\/secure.gravatar.com\/avatar\/120f6fcae7b3b47a7730cb9943f612f4909f68ac5284b5f40ac1c4615fd70576?s=96&d=mm&r=g","url":"https:\/\/secure.gravatar.com\/avatar\/120f6fcae7b3b47a7730cb9943f612f4909f68ac5284b5f40ac1c4615fd70576?s=96&d=mm&r=g","contentUrl":"https:\/\/secure.gravatar.com\/avatar\/120f6fcae7b3b47a7730cb9943f612f4909f68ac5284b5f40ac1c4615fd70576?s=96&d=mm&r=g","caption":"Giurca Sorin"},"url":"https:\/\/urbeamea.ro\/albaiulia\/author\/sorin\/"}]}},"_links":{"self":[{"href":"https:\/\/urbeamea.ro\/albaiulia\/wp-json\/wp\/v2\/posts\/114034","targetHints":{"allow":["GET"]}}],"collection":[{"href":"https:\/\/urbeamea.ro\/albaiulia\/wp-json\/wp\/v2\/posts"}],"about":[{"href":"https:\/\/urbeamea.ro\/albaiulia\/wp-json\/wp\/v2\/types\/post"}],"author":[{"embeddable":true,"href":"https:\/\/urbeamea.ro\/albaiulia\/wp-json\/wp\/v2\/users\/28"}],"replies":[{"embeddable":true,"href":"https:\/\/urbeamea.ro\/albaiulia\/wp-json\/wp\/v2\/comments?post=114034"}],"version-history":[{"count":1,"href":"https:\/\/urbeamea.ro\/albaiulia\/wp-json\/wp\/v2\/posts\/114034\/revisions"}],"predecessor-version":[{"id":114037,"href":"https:\/\/urbeamea.ro\/albaiulia\/wp-json\/wp\/v2\/posts\/114034\/revisions\/114037"}],"wp:featuredmedia":[{"embeddable":true,"href":"https:\/\/urbeamea.ro\/albaiulia\/wp-json\/wp\/v2\/media\/114036"}],"wp:attachment":[{"href":"https:\/\/urbeamea.ro\/albaiulia\/wp-json\/wp\/v2\/media?parent=114034"}],"wp:term":[{"taxonomy":"category","embeddable":true,"href":"https:\/\/urbeamea.ro\/albaiulia\/wp-json\/wp\/v2\/categories?post=114034"},{"taxonomy":"post_tag","embeddable":true,"href":"https:\/\/urbeamea.ro\/albaiulia\/wp-json\/wp\/v2\/tags?post=114034"}],"curies":[{"name":"wp","href":"https:\/\/api.w.org\/{rel}","templated":true}]}}