{"id":114038,"date":"2024-09-25T11:43:03","date_gmt":"2024-09-25T08:43:03","guid":{"rendered":"https:\/\/urbeamea.ro\/albaiulia\/?p=114038"},"modified":"2024-09-25T11:43:04","modified_gmt":"2024-09-25T08:43:04","slug":"joi-ora-1600-museikon-trienala-de-arta-contemporana-panis-angelicus","status":"publish","type":"post","link":"https:\/\/urbeamea.ro\/albaiulia\/joi-ora-1600-museikon-trienala-de-arta-contemporana-panis-angelicus\/","title":{"rendered":"Joi, ora 16:00, Museikon: Trienala de art\u0103 contemporan\u0103 \u201ePanis angelicus\u201d\u00a0"},"content":{"rendered":"\n<p><strong>Joi, 26 septembrie 2024, ora 16:00 simezele Museikon (Str. Unirii, Nr. 3, Alba Iulia) vor g\u0103zdui prima edi\u021bie a Trienalei de art\u0103 contemporan\u0103 \u201ePanis angelicus<\/strong>.<\/p>\n\n\n\n<p>Cu aplicabilitate \u00een zona artei sacre, acest proiect expozi\u021bional \u00ee\u0219i propune s\u0103 cuprind\u0103 un registru divers al abord\u0103rilor tematice: de la preluarea termenului \u00een forma sa ad litteram (p\u00e2inea \u00eengereasc\u0103) la reflectarea trimiterilor pe care terminologia (\u00een\u021beles generic) le face \u00een spa\u021biul de referin\u021b\u0103.<\/p>\n\n\n\n<p>Con\u021binutul expozi\u021biei \u00ee\u0219i propune s\u0103 reflecte modul \u00een care mai mul\u021bi arti\u0219ti pot recepta o tem\u0103 dat\u0103, pot analiza con\u021binutul \u0219i pot materializa informa\u021bia \u00eentr-o manier\u0103 proprie. <\/p>\n\n\n\n<p>Se vor dezvolta astfel micro-nara\u021biuni, prin pozi\u021bionarea subiectiv\u0103 fa\u021b\u0103 de tem\u0103. Fiecare exponat presupune asumarea \u0219i luarea unei pozi\u021bii personale \u0219i sociale raportate la eveniment.<\/p>\n\n\n\n<p>Arti\u0219tii pot exprima o pozi\u021bie, pot propune puncte de vedere \u0219i pot imagina un dialog constant, care va genera un \u00een\u021beles prezent asupra subiectului. <\/p>\n\n\n\n<p>Vor fi asocia\u021bi arti\u0219ti tributari trecutului cu arti\u0219ti cu pozi\u021bii interpretative, critice. <\/p>\n\n\n\n<p>Se vor produce forme plastice cu rol estetic sau cu inten\u021bia de creare a unui mediu deschis dialogului \u00eentre arti\u0219ti dar \u0219i \u00eentre obiect \u0219i privitor.<\/p>\n\n\n\n<p>Organizatorii evenimentului sunt Consiliul Jude\u021bean Alba, Muzeul Na\u021bional al Unirii Alba Iulia \u0219i Museikon Alba Iulia.<\/p>\n\n\n\n<figure class=\"wp-block-image size-large\"><img loading=\"lazy\" decoding=\"async\" width=\"990\" height=\"1280\" src=\"https:\/\/urbeamea.ro\/albaiulia\/wp-content\/uploads\/2024\/09\/1000012671-990x1280.jpg\" alt=\"\" class=\"wp-image-114039\" srcset=\"https:\/\/urbeamea.ro\/albaiulia\/wp-content\/uploads\/2024\/09\/1000012671-990x1280.jpg 990w, https:\/\/urbeamea.ro\/albaiulia\/wp-content\/uploads\/2024\/09\/1000012671-495x640.jpg 495w, https:\/\/urbeamea.ro\/albaiulia\/wp-content\/uploads\/2024\/09\/1000012671-116x150.jpg 116w, https:\/\/urbeamea.ro\/albaiulia\/wp-content\/uploads\/2024\/09\/1000012671-768x993.jpg 768w, https:\/\/urbeamea.ro\/albaiulia\/wp-content\/uploads\/2024\/09\/1000012671.jpg 1080w\" sizes=\"auto, (max-width: 990px) 100vw, 990px\" \/><\/figure>\n\n\n\n<p><\/p>\n","protected":false},"excerpt":{"rendered":"<p>Joi, 26 septembrie 2024, ora 16:00 simezele Museikon (Str. Unirii, Nr. 3, Alba Iulia) vor g\u0103zdui prima edi\u021bie a Trienalei de art\u0103 contemporan\u0103 \u201ePanis angelicus. Cu aplicabilitate \u00een zona artei sacre, acest proiect expozi\u021bional \u00ee\u0219i propune s\u0103 cuprind\u0103 un registru divers al abord\u0103rilor tematice: de la preluarea termenului \u00een forma sa ad litteram (p\u00e2inea \u00eengereasc\u0103) &hellip;<\/p>\n","protected":false},"author":28,"featured_media":114039,"comment_status":"open","ping_status":"open","sticky":false,"template":"","format":"standard","meta":{"inline_featured_image":false,"footnotes":""},"categories":[2038,4,2034,16344],"tags":[3925,773,25066],"class_list":["post-114038","post","type-post","status-publish","format-standard","has-post-thumbnail","hentry","category-cultura","category-eveniment","category-social","category-urbea-mea","tag-arta-contemporana","tag-museikon","tag-trienala"],"yoast_head":"<!-- This site is optimized with the Yoast SEO plugin v27.4 - https:\/\/yoast.com\/product\/yoast-seo-wordpress\/ -->\n<title>Joi, ora 16:00, Museikon: Trienala de art\u0103 contemporan\u0103 \u201ePanis angelicus\u201d\u00a0 - Revista Urbea Mea - Revista de Alba<\/title>\n<meta name=\"description\" content=\"Joi, 26 septembrie 2024, ora 16:00 simezele Museikon (Str. Unirii, Nr. 3, Alba Iulia) vor g\u0103zdui prima edi\u021bie a Trienalei de art\u0103 contemporan\u0103 \u201ePanis\" \/>\n<meta name=\"robots\" content=\"index, follow, max-snippet:-1, max-image-preview:large, max-video-preview:-1\" \/>\n<link rel=\"canonical\" href=\"https:\/\/urbeamea.ro\/albaiulia\/joi-ora-1600-museikon-trienala-de-arta-contemporana-panis-angelicus\/\" \/>\n<meta name=\"twitter:card\" content=\"summary_large_image\" \/>\n<meta name=\"twitter:title\" content=\"Joi, ora 16:00, Museikon: Trienala de art\u0103 contemporan\u0103 \u201ePanis angelicus\u201d\u00a0 - Revista Urbea Mea - Revista de Alba\" \/>\n<meta name=\"twitter:description\" content=\"Joi, 26 septembrie 2024, ora 16:00 simezele Museikon (Str. Unirii, Nr. 3, Alba Iulia) vor g\u0103zdui prima edi\u021bie a Trienalei de art\u0103 contemporan\u0103 \u201ePanis\" \/>\n<meta name=\"twitter:image\" content=\"https:\/\/urbeamea.ro\/albaiulia\/wp-content\/uploads\/2024\/09\/1000012671.jpg\" \/>\n<meta name=\"twitter:creator\" content=\"@urbeameaweb\" \/>\n<meta name=\"twitter:site\" content=\"@urbeameaweb\" \/>\n<script type=\"application\/ld+json\" class=\"yoast-schema-graph\">{\"@context\":\"https:\\\/\\\/schema.org\",\"@graph\":[{\"@type\":\"Article\",\"@id\":\"https:\\\/\\\/urbeamea.ro\\\/albaiulia\\\/joi-ora-1600-museikon-trienala-de-arta-contemporana-panis-angelicus\\\/#article\",\"isPartOf\":{\"@id\":\"https:\\\/\\\/urbeamea.ro\\\/albaiulia\\\/joi-ora-1600-museikon-trienala-de-arta-contemporana-panis-angelicus\\\/\"},\"author\":{\"name\":\"Giurca Sorin\",\"@id\":\"https:\\\/\\\/urbeamea.ro\\\/albaiulia\\\/#\\\/schema\\\/person\\\/5db3854ac38c1cc9f0ab4092d6a20f02\"},\"headline\":\"Joi, ora 16:00, Museikon: Trienala de art\u0103 contemporan\u0103 \u201ePanis angelicus\u201d\u00a0\",\"datePublished\":\"2024-09-25T08:43:03+00:00\",\"dateModified\":\"2024-09-25T08:43:04+00:00\",\"mainEntityOfPage\":{\"@id\":\"https:\\\/\\\/urbeamea.ro\\\/albaiulia\\\/joi-ora-1600-museikon-trienala-de-arta-contemporana-panis-angelicus\\\/\"},\"wordCount\":231,\"commentCount\":0,\"image\":{\"@id\":\"https:\\\/\\\/urbeamea.ro\\\/albaiulia\\\/joi-ora-1600-museikon-trienala-de-arta-contemporana-panis-angelicus\\\/#primaryimage\"},\"thumbnailUrl\":\"https:\\\/\\\/urbeamea.ro\\\/albaiulia\\\/wp-content\\\/uploads\\\/2024\\\/09\\\/1000012671.jpg\",\"keywords\":[\"arta contemporana\",\"museikon\",\"Trienala\"],\"articleSection\":[\"Cultur\u0103\",\"Evenimente\",\"Social\",\"Urbea Mea\"],\"inLanguage\":\"ro-RO\",\"potentialAction\":[{\"@type\":\"CommentAction\",\"name\":\"Comment\",\"target\":[\"https:\\\/\\\/urbeamea.ro\\\/albaiulia\\\/joi-ora-1600-museikon-trienala-de-arta-contemporana-panis-angelicus\\\/#respond\"]}]},{\"@type\":\"WebPage\",\"@id\":\"https:\\\/\\\/urbeamea.ro\\\/albaiulia\\\/joi-ora-1600-museikon-trienala-de-arta-contemporana-panis-angelicus\\\/\",\"url\":\"https:\\\/\\\/urbeamea.ro\\\/albaiulia\\\/joi-ora-1600-museikon-trienala-de-arta-contemporana-panis-angelicus\\\/\",\"name\":\"Joi, ora 16:00, Museikon: Trienala de art\u0103 contemporan\u0103 \u201ePanis angelicus\u201d\u00a0 - Revista Urbea Mea - Revista de Alba\",\"isPartOf\":{\"@id\":\"https:\\\/\\\/urbeamea.ro\\\/albaiulia\\\/#website\"},\"primaryImageOfPage\":{\"@id\":\"https:\\\/\\\/urbeamea.ro\\\/albaiulia\\\/joi-ora-1600-museikon-trienala-de-arta-contemporana-panis-angelicus\\\/#primaryimage\"},\"image\":{\"@id\":\"https:\\\/\\\/urbeamea.ro\\\/albaiulia\\\/joi-ora-1600-museikon-trienala-de-arta-contemporana-panis-angelicus\\\/#primaryimage\"},\"thumbnailUrl\":\"https:\\\/\\\/urbeamea.ro\\\/albaiulia\\\/wp-content\\\/uploads\\\/2024\\\/09\\\/1000012671.jpg\",\"datePublished\":\"2024-09-25T08:43:03+00:00\",\"dateModified\":\"2024-09-25T08:43:04+00:00\",\"author\":{\"@id\":\"https:\\\/\\\/urbeamea.ro\\\/albaiulia\\\/#\\\/schema\\\/person\\\/5db3854ac38c1cc9f0ab4092d6a20f02\"},\"description\":\"Joi, 26 septembrie 2024, ora 16:00 simezele Museikon (Str. Unirii, Nr. 3, Alba Iulia) vor g\u0103zdui prima edi\u021bie a Trienalei de art\u0103 contemporan\u0103 \u201ePanis\",\"breadcrumb\":{\"@id\":\"https:\\\/\\\/urbeamea.ro\\\/albaiulia\\\/joi-ora-1600-museikon-trienala-de-arta-contemporana-panis-angelicus\\\/#breadcrumb\"},\"inLanguage\":\"ro-RO\",\"potentialAction\":[{\"@type\":\"ReadAction\",\"target\":[\"https:\\\/\\\/urbeamea.ro\\\/albaiulia\\\/joi-ora-1600-museikon-trienala-de-arta-contemporana-panis-angelicus\\\/\"]}]},{\"@type\":\"ImageObject\",\"inLanguage\":\"ro-RO\",\"@id\":\"https:\\\/\\\/urbeamea.ro\\\/albaiulia\\\/joi-ora-1600-museikon-trienala-de-arta-contemporana-panis-angelicus\\\/#primaryimage\",\"url\":\"https:\\\/\\\/urbeamea.ro\\\/albaiulia\\\/wp-content\\\/uploads\\\/2024\\\/09\\\/1000012671.jpg\",\"contentUrl\":\"https:\\\/\\\/urbeamea.ro\\\/albaiulia\\\/wp-content\\\/uploads\\\/2024\\\/09\\\/1000012671.jpg\",\"width\":1080,\"height\":1397},{\"@type\":\"BreadcrumbList\",\"@id\":\"https:\\\/\\\/urbeamea.ro\\\/albaiulia\\\/joi-ora-1600-museikon-trienala-de-arta-contemporana-panis-angelicus\\\/#breadcrumb\",\"itemListElement\":[{\"@type\":\"ListItem\",\"position\":1,\"name\":\"Prima pagin\u0103\",\"item\":\"https:\\\/\\\/urbeamea.ro\\\/albaiulia\\\/\"},{\"@type\":\"ListItem\",\"position\":2,\"name\":\"Joi, ora 16:00, Museikon: Trienala de art\u0103 contemporan\u0103 \u201ePanis angelicus\u201d\u00a0\"}]},{\"@type\":\"WebSite\",\"@id\":\"https:\\\/\\\/urbeamea.ro\\\/albaiulia\\\/#website\",\"url\":\"https:\\\/\\\/urbeamea.ro\\\/albaiulia\\\/\",\"name\":\"Revista Urbea Mea, Stiri urbane\",\"description\":\"Evenimente \u0219i \u0219tiri din Alba Iulia, Sebe\u0219, Aiud, Blaj\",\"potentialAction\":[{\"@type\":\"SearchAction\",\"target\":{\"@type\":\"EntryPoint\",\"urlTemplate\":\"https:\\\/\\\/urbeamea.ro\\\/albaiulia\\\/?s={search_term_string}\"},\"query-input\":{\"@type\":\"PropertyValueSpecification\",\"valueRequired\":true,\"valueName\":\"search_term_string\"}}],\"inLanguage\":\"ro-RO\"},{\"@type\":\"Person\",\"@id\":\"https:\\\/\\\/urbeamea.ro\\\/albaiulia\\\/#\\\/schema\\\/person\\\/5db3854ac38c1cc9f0ab4092d6a20f02\",\"name\":\"Giurca Sorin\",\"image\":{\"@type\":\"ImageObject\",\"inLanguage\":\"ro-RO\",\"@id\":\"https:\\\/\\\/secure.gravatar.com\\\/avatar\\\/120f6fcae7b3b47a7730cb9943f612f4909f68ac5284b5f40ac1c4615fd70576?s=96&d=mm&r=g\",\"url\":\"https:\\\/\\\/secure.gravatar.com\\\/avatar\\\/120f6fcae7b3b47a7730cb9943f612f4909f68ac5284b5f40ac1c4615fd70576?s=96&d=mm&r=g\",\"contentUrl\":\"https:\\\/\\\/secure.gravatar.com\\\/avatar\\\/120f6fcae7b3b47a7730cb9943f612f4909f68ac5284b5f40ac1c4615fd70576?s=96&d=mm&r=g\",\"caption\":\"Giurca Sorin\"},\"url\":\"https:\\\/\\\/urbeamea.ro\\\/albaiulia\\\/author\\\/sorin\\\/\"}]}<\/script>\n<!-- \/ Yoast SEO plugin. -->","yoast_head_json":{"title":"Joi, ora 16:00, Museikon: Trienala de art\u0103 contemporan\u0103 \u201ePanis angelicus\u201d\u00a0 - Revista Urbea Mea - Revista de Alba","description":"Joi, 26 septembrie 2024, ora 16:00 simezele Museikon (Str. Unirii, Nr. 3, Alba Iulia) vor g\u0103zdui prima edi\u021bie a Trienalei de art\u0103 contemporan\u0103 \u201ePanis","robots":{"index":"index","follow":"follow","max-snippet":"max-snippet:-1","max-image-preview":"max-image-preview:large","max-video-preview":"max-video-preview:-1"},"canonical":"https:\/\/urbeamea.ro\/albaiulia\/joi-ora-1600-museikon-trienala-de-arta-contemporana-panis-angelicus\/","twitter_card":"summary_large_image","twitter_title":"Joi, ora 16:00, Museikon: Trienala de art\u0103 contemporan\u0103 \u201ePanis angelicus\u201d\u00a0 - Revista Urbea Mea - Revista de Alba","twitter_description":"Joi, 26 septembrie 2024, ora 16:00 simezele Museikon (Str. Unirii, Nr. 3, Alba Iulia) vor g\u0103zdui prima edi\u021bie a Trienalei de art\u0103 contemporan\u0103 \u201ePanis","twitter_image":"https:\/\/urbeamea.ro\/albaiulia\/wp-content\/uploads\/2024\/09\/1000012671.jpg","twitter_creator":"@urbeameaweb","twitter_site":"@urbeameaweb","schema":{"@context":"https:\/\/schema.org","@graph":[{"@type":"Article","@id":"https:\/\/urbeamea.ro\/albaiulia\/joi-ora-1600-museikon-trienala-de-arta-contemporana-panis-angelicus\/#article","isPartOf":{"@id":"https:\/\/urbeamea.ro\/albaiulia\/joi-ora-1600-museikon-trienala-de-arta-contemporana-panis-angelicus\/"},"author":{"name":"Giurca Sorin","@id":"https:\/\/urbeamea.ro\/albaiulia\/#\/schema\/person\/5db3854ac38c1cc9f0ab4092d6a20f02"},"headline":"Joi, ora 16:00, Museikon: Trienala de art\u0103 contemporan\u0103 \u201ePanis angelicus\u201d\u00a0","datePublished":"2024-09-25T08:43:03+00:00","dateModified":"2024-09-25T08:43:04+00:00","mainEntityOfPage":{"@id":"https:\/\/urbeamea.ro\/albaiulia\/joi-ora-1600-museikon-trienala-de-arta-contemporana-panis-angelicus\/"},"wordCount":231,"commentCount":0,"image":{"@id":"https:\/\/urbeamea.ro\/albaiulia\/joi-ora-1600-museikon-trienala-de-arta-contemporana-panis-angelicus\/#primaryimage"},"thumbnailUrl":"https:\/\/urbeamea.ro\/albaiulia\/wp-content\/uploads\/2024\/09\/1000012671.jpg","keywords":["arta contemporana","museikon","Trienala"],"articleSection":["Cultur\u0103","Evenimente","Social","Urbea Mea"],"inLanguage":"ro-RO","potentialAction":[{"@type":"CommentAction","name":"Comment","target":["https:\/\/urbeamea.ro\/albaiulia\/joi-ora-1600-museikon-trienala-de-arta-contemporana-panis-angelicus\/#respond"]}]},{"@type":"WebPage","@id":"https:\/\/urbeamea.ro\/albaiulia\/joi-ora-1600-museikon-trienala-de-arta-contemporana-panis-angelicus\/","url":"https:\/\/urbeamea.ro\/albaiulia\/joi-ora-1600-museikon-trienala-de-arta-contemporana-panis-angelicus\/","name":"Joi, ora 16:00, Museikon: Trienala de art\u0103 contemporan\u0103 \u201ePanis angelicus\u201d\u00a0 - Revista Urbea Mea - Revista de Alba","isPartOf":{"@id":"https:\/\/urbeamea.ro\/albaiulia\/#website"},"primaryImageOfPage":{"@id":"https:\/\/urbeamea.ro\/albaiulia\/joi-ora-1600-museikon-trienala-de-arta-contemporana-panis-angelicus\/#primaryimage"},"image":{"@id":"https:\/\/urbeamea.ro\/albaiulia\/joi-ora-1600-museikon-trienala-de-arta-contemporana-panis-angelicus\/#primaryimage"},"thumbnailUrl":"https:\/\/urbeamea.ro\/albaiulia\/wp-content\/uploads\/2024\/09\/1000012671.jpg","datePublished":"2024-09-25T08:43:03+00:00","dateModified":"2024-09-25T08:43:04+00:00","author":{"@id":"https:\/\/urbeamea.ro\/albaiulia\/#\/schema\/person\/5db3854ac38c1cc9f0ab4092d6a20f02"},"description":"Joi, 26 septembrie 2024, ora 16:00 simezele Museikon (Str. Unirii, Nr. 3, Alba Iulia) vor g\u0103zdui prima edi\u021bie a Trienalei de art\u0103 contemporan\u0103 \u201ePanis","breadcrumb":{"@id":"https:\/\/urbeamea.ro\/albaiulia\/joi-ora-1600-museikon-trienala-de-arta-contemporana-panis-angelicus\/#breadcrumb"},"inLanguage":"ro-RO","potentialAction":[{"@type":"ReadAction","target":["https:\/\/urbeamea.ro\/albaiulia\/joi-ora-1600-museikon-trienala-de-arta-contemporana-panis-angelicus\/"]}]},{"@type":"ImageObject","inLanguage":"ro-RO","@id":"https:\/\/urbeamea.ro\/albaiulia\/joi-ora-1600-museikon-trienala-de-arta-contemporana-panis-angelicus\/#primaryimage","url":"https:\/\/urbeamea.ro\/albaiulia\/wp-content\/uploads\/2024\/09\/1000012671.jpg","contentUrl":"https:\/\/urbeamea.ro\/albaiulia\/wp-content\/uploads\/2024\/09\/1000012671.jpg","width":1080,"height":1397},{"@type":"BreadcrumbList","@id":"https:\/\/urbeamea.ro\/albaiulia\/joi-ora-1600-museikon-trienala-de-arta-contemporana-panis-angelicus\/#breadcrumb","itemListElement":[{"@type":"ListItem","position":1,"name":"Prima pagin\u0103","item":"https:\/\/urbeamea.ro\/albaiulia\/"},{"@type":"ListItem","position":2,"name":"Joi, ora 16:00, Museikon: Trienala de art\u0103 contemporan\u0103 \u201ePanis angelicus\u201d\u00a0"}]},{"@type":"WebSite","@id":"https:\/\/urbeamea.ro\/albaiulia\/#website","url":"https:\/\/urbeamea.ro\/albaiulia\/","name":"Revista Urbea Mea, Stiri urbane","description":"Evenimente \u0219i \u0219tiri din Alba Iulia, Sebe\u0219, Aiud, Blaj","potentialAction":[{"@type":"SearchAction","target":{"@type":"EntryPoint","urlTemplate":"https:\/\/urbeamea.ro\/albaiulia\/?s={search_term_string}"},"query-input":{"@type":"PropertyValueSpecification","valueRequired":true,"valueName":"search_term_string"}}],"inLanguage":"ro-RO"},{"@type":"Person","@id":"https:\/\/urbeamea.ro\/albaiulia\/#\/schema\/person\/5db3854ac38c1cc9f0ab4092d6a20f02","name":"Giurca Sorin","image":{"@type":"ImageObject","inLanguage":"ro-RO","@id":"https:\/\/secure.gravatar.com\/avatar\/120f6fcae7b3b47a7730cb9943f612f4909f68ac5284b5f40ac1c4615fd70576?s=96&d=mm&r=g","url":"https:\/\/secure.gravatar.com\/avatar\/120f6fcae7b3b47a7730cb9943f612f4909f68ac5284b5f40ac1c4615fd70576?s=96&d=mm&r=g","contentUrl":"https:\/\/secure.gravatar.com\/avatar\/120f6fcae7b3b47a7730cb9943f612f4909f68ac5284b5f40ac1c4615fd70576?s=96&d=mm&r=g","caption":"Giurca Sorin"},"url":"https:\/\/urbeamea.ro\/albaiulia\/author\/sorin\/"}]}},"_links":{"self":[{"href":"https:\/\/urbeamea.ro\/albaiulia\/wp-json\/wp\/v2\/posts\/114038","targetHints":{"allow":["GET"]}}],"collection":[{"href":"https:\/\/urbeamea.ro\/albaiulia\/wp-json\/wp\/v2\/posts"}],"about":[{"href":"https:\/\/urbeamea.ro\/albaiulia\/wp-json\/wp\/v2\/types\/post"}],"author":[{"embeddable":true,"href":"https:\/\/urbeamea.ro\/albaiulia\/wp-json\/wp\/v2\/users\/28"}],"replies":[{"embeddable":true,"href":"https:\/\/urbeamea.ro\/albaiulia\/wp-json\/wp\/v2\/comments?post=114038"}],"version-history":[{"count":1,"href":"https:\/\/urbeamea.ro\/albaiulia\/wp-json\/wp\/v2\/posts\/114038\/revisions"}],"predecessor-version":[{"id":114040,"href":"https:\/\/urbeamea.ro\/albaiulia\/wp-json\/wp\/v2\/posts\/114038\/revisions\/114040"}],"wp:featuredmedia":[{"embeddable":true,"href":"https:\/\/urbeamea.ro\/albaiulia\/wp-json\/wp\/v2\/media\/114039"}],"wp:attachment":[{"href":"https:\/\/urbeamea.ro\/albaiulia\/wp-json\/wp\/v2\/media?parent=114038"}],"wp:term":[{"taxonomy":"category","embeddable":true,"href":"https:\/\/urbeamea.ro\/albaiulia\/wp-json\/wp\/v2\/categories?post=114038"},{"taxonomy":"post_tag","embeddable":true,"href":"https:\/\/urbeamea.ro\/albaiulia\/wp-json\/wp\/v2\/tags?post=114038"}],"curies":[{"name":"wp","href":"https:\/\/api.w.org\/{rel}","templated":true}]}}