{"id":114047,"date":"2024-09-26T16:33:03","date_gmt":"2024-09-26T13:33:03","guid":{"rendered":"https:\/\/urbeamea.ro\/albaiulia\/?p=114047"},"modified":"2024-09-26T16:33:58","modified_gmt":"2024-09-26T13:33:58","slug":"27-septembrie-vernisajul-expozitiei-stradalerevolutie-si-memorie-omagierea-publica-a-lui-avram-iancu-si-a-revolutiei-pasoptiste-in-judetul-alba","status":"publish","type":"post","link":"https:\/\/urbeamea.ro\/albaiulia\/27-septembrie-vernisajul-expozitiei-stradalerevolutie-si-memorie-omagierea-publica-a-lui-avram-iancu-si-a-revolutiei-pasoptiste-in-judetul-alba\/","title":{"rendered":"27 septembrie, ora 15:00 Vernisajul expozi\u021biei stradale:&#8221;Revolu\u021bie \u0219i Memorie. Omagierea public\u0103 a lui Avram Iancu \u0219i a revolu\u021biei pa\u0219optiste \u00een jude\u021bul Alba&#8221;"},"content":{"rendered":"\n<p><strong>Bicentenarul na\u0219terii lui Avram Iancu (1824-2024) reprezint\u0103 un prilej excelent de a reflecta asupra rela\u021biei dintre istorie \u0219i memorie, dintre personalitatea eroului pa\u0219optist \u0219i formele \u00een care a fost cinstit\u0103 amintirea acestuia \u00een jude\u021bul Alba. <\/strong><\/p>\n\n\n\n<p>Efortul memorial al comunit\u0103\u021bilor din \u00eentregul jude\u021b este cartografiat \u00een expozi\u021bia \u201eRevolu\u021bie \u0219i Memorie. Omagierea public\u0103 a lui Avram Iancu \u0219i a revolu\u021biei pa\u0219optiste \u00een jude\u021bul Alba\u201d, ce \u00ee\u0219i propune s\u0103 aduc\u0103 \u00een aten\u021bia publicului, prin intermediul artei fotografice, formele \u00een care \u201ecr\u0103i\u0219orul mun\u021bilor\u201d \u0219i revolu\u021bionarii pa\u0219opti\u0219ti au fost onora\u021bi de comunit\u0103\u021bile locale.<\/p>\n\n\n\n<p> \u00cen anul s\u0103rb\u0103toririi bicentenarului na\u0219terii lui Avram Iancu, expozi\u021bia propus\u0103 de Muzeul Na\u021bional al Unirii Alba Iulia pune \u00een centru figura eroului pa\u0219optist care a reu\u0219it, fie \u0219i doar pentru aproape un an de zile (octombrie 1848 \u2013 septembrie 1849), s\u0103 fac\u0103 din mun\u021bii Apuseni o \u021bar\u0103 a libert\u0103\u021bii rom\u00e2ne\u0219ti.<\/p>\n\n\n\n<p> Sor\u021bii istoriei i-au fost potrivnici lui Avram Iancu, \u00eens\u0103 ceea ce a contat mai mult a fost tocmai puterea memoriei \u0219i puterea exemplului s\u0103u, care a inspirat lupta na\u021bional\u0103 a elitei politice ardelene de la cump\u0103na secolelor al XIX-lea \u0219i al XX-lea. <\/p>\n\n\n\n<p>Iar pentru c\u0103 Avram Iancu nu a fost singur \u00een lupta sa, efortul memorial \u00eei are \u00een vedere \u0219i pe ceilal\u021bi revolu\u021bionari ardeleni, ale c\u0103ror figuri au fost omagiate prin monumentele de for public.  <\/p>\n\n\n\n<p>Vernisajul expozi\u021biei stradale va avea loc vineri , 27 septembrie 2024, ora 15:00, pe strada Muzeului, aleea pietonal\u0103 dintre Muzeu \u0219i Sala Unirii.<\/p>\n\n\n\n<figure class=\"wp-block-image size-large\"><img loading=\"lazy\" decoding=\"async\" width=\"905\" height=\"1280\" src=\"https:\/\/urbeamea.ro\/albaiulia\/wp-content\/uploads\/2024\/09\/1000012690-905x1280.jpg\" alt=\"\" class=\"wp-image-114048\" srcset=\"https:\/\/urbeamea.ro\/albaiulia\/wp-content\/uploads\/2024\/09\/1000012690-905x1280.jpg 905w, https:\/\/urbeamea.ro\/albaiulia\/wp-content\/uploads\/2024\/09\/1000012690-452x640.jpg 452w, https:\/\/urbeamea.ro\/albaiulia\/wp-content\/uploads\/2024\/09\/1000012690-106x150.jpg 106w, https:\/\/urbeamea.ro\/albaiulia\/wp-content\/uploads\/2024\/09\/1000012690-768x1087.jpg 768w, https:\/\/urbeamea.ro\/albaiulia\/wp-content\/uploads\/2024\/09\/1000012690.jpg 1080w\" sizes=\"auto, (max-width: 905px) 100vw, 905px\" \/><\/figure>\n","protected":false},"excerpt":{"rendered":"<p>Bicentenarul na\u0219terii lui Avram Iancu (1824-2024) reprezint\u0103 un prilej excelent de a reflecta asupra rela\u021biei dintre istorie \u0219i memorie, dintre personalitatea eroului pa\u0219optist \u0219i formele \u00een care a fost cinstit\u0103 amintirea acestuia \u00een jude\u021bul Alba. Efortul memorial al comunit\u0103\u021bilor din \u00eentregul jude\u021b este cartografiat \u00een expozi\u021bia \u201eRevolu\u021bie \u0219i Memorie. Omagierea public\u0103 a lui Avram Iancu &hellip;<\/p>\n","protected":false},"author":28,"featured_media":114048,"comment_status":"open","ping_status":"open","sticky":false,"template":"","format":"standard","meta":{"inline_featured_image":false,"footnotes":""},"categories":[2038,4,8857,2034],"tags":[2391,25067],"class_list":["post-114047","post","type-post","status-publish","format-standard","has-post-thumbnail","hentry","category-cultura","category-eveniment","category-istorie","category-social","tag-avram-iancu","tag-expozitie-stradala-2"],"yoast_head":"<!-- This site is optimized with the Yoast SEO plugin v27.4 - https:\/\/yoast.com\/product\/yoast-seo-wordpress\/ -->\n<title>27 septembrie, ora 15:00 Vernisajul expozi\u021biei stradale:&quot;Revolu\u021bie \u0219i Memorie. Omagierea public\u0103 a lui Avram Iancu \u0219i a revolu\u021biei pa\u0219optiste \u00een jude\u021bul Alba&quot; - Revista Urbea Mea - Revista de Alba<\/title>\n<meta name=\"description\" content=\"Bicentenarul na\u0219terii lui Avram Iancu (1824-2024) reprezint\u0103 un prilej excelent de a reflecta asupra rela\u021biei dintre istorie \u0219i memorie, dintre\" \/>\n<meta name=\"robots\" content=\"index, follow, max-snippet:-1, max-image-preview:large, max-video-preview:-1\" \/>\n<link rel=\"canonical\" href=\"https:\/\/urbeamea.ro\/albaiulia\/27-septembrie-vernisajul-expozitiei-stradalerevolutie-si-memorie-omagierea-publica-a-lui-avram-iancu-si-a-revolutiei-pasoptiste-in-judetul-alba\/\" \/>\n<meta name=\"twitter:card\" content=\"summary_large_image\" \/>\n<meta name=\"twitter:title\" content=\"27 septembrie, ora 15:00 Vernisajul expozi\u021biei stradale:&quot;Revolu\u021bie \u0219i Memorie. Omagierea public\u0103 a lui Avram Iancu \u0219i a revolu\u021biei pa\u0219optiste \u00een jude\u021bul Alba&quot; - Revista Urbea Mea - Revista de Alba\" \/>\n<meta name=\"twitter:description\" content=\"Bicentenarul na\u0219terii lui Avram Iancu (1824-2024) reprezint\u0103 un prilej excelent de a reflecta asupra rela\u021biei dintre istorie \u0219i memorie, dintre\" \/>\n<meta name=\"twitter:image\" content=\"https:\/\/urbeamea.ro\/albaiulia\/wp-content\/uploads\/2024\/09\/1000012690.jpg\" \/>\n<meta name=\"twitter:creator\" content=\"@urbeameaweb\" \/>\n<meta name=\"twitter:site\" content=\"@urbeameaweb\" \/>\n<script type=\"application\/ld+json\" class=\"yoast-schema-graph\">{\"@context\":\"https:\\\/\\\/schema.org\",\"@graph\":[{\"@type\":\"Article\",\"@id\":\"https:\\\/\\\/urbeamea.ro\\\/albaiulia\\\/27-septembrie-vernisajul-expozitiei-stradalerevolutie-si-memorie-omagierea-publica-a-lui-avram-iancu-si-a-revolutiei-pasoptiste-in-judetul-alba\\\/#article\",\"isPartOf\":{\"@id\":\"https:\\\/\\\/urbeamea.ro\\\/albaiulia\\\/27-septembrie-vernisajul-expozitiei-stradalerevolutie-si-memorie-omagierea-publica-a-lui-avram-iancu-si-a-revolutiei-pasoptiste-in-judetul-alba\\\/\"},\"author\":{\"name\":\"Giurca Sorin\",\"@id\":\"https:\\\/\\\/urbeamea.ro\\\/albaiulia\\\/#\\\/schema\\\/person\\\/5db3854ac38c1cc9f0ab4092d6a20f02\"},\"headline\":\"27 septembrie, ora 15:00 Vernisajul expozi\u021biei stradale:&#8221;Revolu\u021bie \u0219i Memorie. Omagierea public\u0103 a lui Avram Iancu \u0219i a revolu\u021biei pa\u0219optiste \u00een jude\u021bul Alba&#8221;\",\"datePublished\":\"2024-09-26T13:33:03+00:00\",\"dateModified\":\"2024-09-26T13:33:58+00:00\",\"mainEntityOfPage\":{\"@id\":\"https:\\\/\\\/urbeamea.ro\\\/albaiulia\\\/27-septembrie-vernisajul-expozitiei-stradalerevolutie-si-memorie-omagierea-publica-a-lui-avram-iancu-si-a-revolutiei-pasoptiste-in-judetul-alba\\\/\"},\"wordCount\":294,\"commentCount\":0,\"image\":{\"@id\":\"https:\\\/\\\/urbeamea.ro\\\/albaiulia\\\/27-septembrie-vernisajul-expozitiei-stradalerevolutie-si-memorie-omagierea-publica-a-lui-avram-iancu-si-a-revolutiei-pasoptiste-in-judetul-alba\\\/#primaryimage\"},\"thumbnailUrl\":\"https:\\\/\\\/urbeamea.ro\\\/albaiulia\\\/wp-content\\\/uploads\\\/2024\\\/09\\\/1000012690.jpg\",\"keywords\":[\"avram iancu\",\"Expozi\u021bie stradal\u0103\"],\"articleSection\":[\"Cultur\u0103\",\"Evenimente\",\"Istorie\",\"Social\"],\"inLanguage\":\"ro-RO\",\"potentialAction\":[{\"@type\":\"CommentAction\",\"name\":\"Comment\",\"target\":[\"https:\\\/\\\/urbeamea.ro\\\/albaiulia\\\/27-septembrie-vernisajul-expozitiei-stradalerevolutie-si-memorie-omagierea-publica-a-lui-avram-iancu-si-a-revolutiei-pasoptiste-in-judetul-alba\\\/#respond\"]}]},{\"@type\":\"WebPage\",\"@id\":\"https:\\\/\\\/urbeamea.ro\\\/albaiulia\\\/27-septembrie-vernisajul-expozitiei-stradalerevolutie-si-memorie-omagierea-publica-a-lui-avram-iancu-si-a-revolutiei-pasoptiste-in-judetul-alba\\\/\",\"url\":\"https:\\\/\\\/urbeamea.ro\\\/albaiulia\\\/27-septembrie-vernisajul-expozitiei-stradalerevolutie-si-memorie-omagierea-publica-a-lui-avram-iancu-si-a-revolutiei-pasoptiste-in-judetul-alba\\\/\",\"name\":\"27 septembrie, ora 15:00 Vernisajul expozi\u021biei stradale:\\\"Revolu\u021bie \u0219i Memorie. Omagierea public\u0103 a lui Avram Iancu \u0219i a revolu\u021biei pa\u0219optiste \u00een jude\u021bul Alba\\\" - Revista Urbea Mea - Revista de Alba\",\"isPartOf\":{\"@id\":\"https:\\\/\\\/urbeamea.ro\\\/albaiulia\\\/#website\"},\"primaryImageOfPage\":{\"@id\":\"https:\\\/\\\/urbeamea.ro\\\/albaiulia\\\/27-septembrie-vernisajul-expozitiei-stradalerevolutie-si-memorie-omagierea-publica-a-lui-avram-iancu-si-a-revolutiei-pasoptiste-in-judetul-alba\\\/#primaryimage\"},\"image\":{\"@id\":\"https:\\\/\\\/urbeamea.ro\\\/albaiulia\\\/27-septembrie-vernisajul-expozitiei-stradalerevolutie-si-memorie-omagierea-publica-a-lui-avram-iancu-si-a-revolutiei-pasoptiste-in-judetul-alba\\\/#primaryimage\"},\"thumbnailUrl\":\"https:\\\/\\\/urbeamea.ro\\\/albaiulia\\\/wp-content\\\/uploads\\\/2024\\\/09\\\/1000012690.jpg\",\"datePublished\":\"2024-09-26T13:33:03+00:00\",\"dateModified\":\"2024-09-26T13:33:58+00:00\",\"author\":{\"@id\":\"https:\\\/\\\/urbeamea.ro\\\/albaiulia\\\/#\\\/schema\\\/person\\\/5db3854ac38c1cc9f0ab4092d6a20f02\"},\"description\":\"Bicentenarul na\u0219terii lui Avram Iancu (1824-2024) reprezint\u0103 un prilej excelent de a reflecta asupra rela\u021biei dintre istorie \u0219i memorie, dintre\",\"breadcrumb\":{\"@id\":\"https:\\\/\\\/urbeamea.ro\\\/albaiulia\\\/27-septembrie-vernisajul-expozitiei-stradalerevolutie-si-memorie-omagierea-publica-a-lui-avram-iancu-si-a-revolutiei-pasoptiste-in-judetul-alba\\\/#breadcrumb\"},\"inLanguage\":\"ro-RO\",\"potentialAction\":[{\"@type\":\"ReadAction\",\"target\":[\"https:\\\/\\\/urbeamea.ro\\\/albaiulia\\\/27-septembrie-vernisajul-expozitiei-stradalerevolutie-si-memorie-omagierea-publica-a-lui-avram-iancu-si-a-revolutiei-pasoptiste-in-judetul-alba\\\/\"]}]},{\"@type\":\"ImageObject\",\"inLanguage\":\"ro-RO\",\"@id\":\"https:\\\/\\\/urbeamea.ro\\\/albaiulia\\\/27-septembrie-vernisajul-expozitiei-stradalerevolutie-si-memorie-omagierea-publica-a-lui-avram-iancu-si-a-revolutiei-pasoptiste-in-judetul-alba\\\/#primaryimage\",\"url\":\"https:\\\/\\\/urbeamea.ro\\\/albaiulia\\\/wp-content\\\/uploads\\\/2024\\\/09\\\/1000012690.jpg\",\"contentUrl\":\"https:\\\/\\\/urbeamea.ro\\\/albaiulia\\\/wp-content\\\/uploads\\\/2024\\\/09\\\/1000012690.jpg\",\"width\":1080,\"height\":1528},{\"@type\":\"BreadcrumbList\",\"@id\":\"https:\\\/\\\/urbeamea.ro\\\/albaiulia\\\/27-septembrie-vernisajul-expozitiei-stradalerevolutie-si-memorie-omagierea-publica-a-lui-avram-iancu-si-a-revolutiei-pasoptiste-in-judetul-alba\\\/#breadcrumb\",\"itemListElement\":[{\"@type\":\"ListItem\",\"position\":1,\"name\":\"Prima pagin\u0103\",\"item\":\"https:\\\/\\\/urbeamea.ro\\\/albaiulia\\\/\"},{\"@type\":\"ListItem\",\"position\":2,\"name\":\"27 septembrie, ora 15:00 Vernisajul expozi\u021biei stradale:&#8221;Revolu\u021bie \u0219i Memorie. Omagierea public\u0103 a lui Avram Iancu \u0219i a revolu\u021biei pa\u0219optiste \u00een jude\u021bul Alba&#8221;\"}]},{\"@type\":\"WebSite\",\"@id\":\"https:\\\/\\\/urbeamea.ro\\\/albaiulia\\\/#website\",\"url\":\"https:\\\/\\\/urbeamea.ro\\\/albaiulia\\\/\",\"name\":\"Revista Urbea Mea, Stiri urbane\",\"description\":\"Evenimente \u0219i \u0219tiri din Alba Iulia, Sebe\u0219, Aiud, Blaj\",\"potentialAction\":[{\"@type\":\"SearchAction\",\"target\":{\"@type\":\"EntryPoint\",\"urlTemplate\":\"https:\\\/\\\/urbeamea.ro\\\/albaiulia\\\/?s={search_term_string}\"},\"query-input\":{\"@type\":\"PropertyValueSpecification\",\"valueRequired\":true,\"valueName\":\"search_term_string\"}}],\"inLanguage\":\"ro-RO\"},{\"@type\":\"Person\",\"@id\":\"https:\\\/\\\/urbeamea.ro\\\/albaiulia\\\/#\\\/schema\\\/person\\\/5db3854ac38c1cc9f0ab4092d6a20f02\",\"name\":\"Giurca Sorin\",\"image\":{\"@type\":\"ImageObject\",\"inLanguage\":\"ro-RO\",\"@id\":\"https:\\\/\\\/secure.gravatar.com\\\/avatar\\\/120f6fcae7b3b47a7730cb9943f612f4909f68ac5284b5f40ac1c4615fd70576?s=96&d=mm&r=g\",\"url\":\"https:\\\/\\\/secure.gravatar.com\\\/avatar\\\/120f6fcae7b3b47a7730cb9943f612f4909f68ac5284b5f40ac1c4615fd70576?s=96&d=mm&r=g\",\"contentUrl\":\"https:\\\/\\\/secure.gravatar.com\\\/avatar\\\/120f6fcae7b3b47a7730cb9943f612f4909f68ac5284b5f40ac1c4615fd70576?s=96&d=mm&r=g\",\"caption\":\"Giurca Sorin\"},\"url\":\"https:\\\/\\\/urbeamea.ro\\\/albaiulia\\\/author\\\/sorin\\\/\"}]}<\/script>\n<!-- \/ Yoast SEO plugin. -->","yoast_head_json":{"title":"27 septembrie, ora 15:00 Vernisajul expozi\u021biei stradale:\"Revolu\u021bie \u0219i Memorie. Omagierea public\u0103 a lui Avram Iancu \u0219i a revolu\u021biei pa\u0219optiste \u00een jude\u021bul Alba\" - Revista Urbea Mea - Revista de Alba","description":"Bicentenarul na\u0219terii lui Avram Iancu (1824-2024) reprezint\u0103 un prilej excelent de a reflecta asupra rela\u021biei dintre istorie \u0219i memorie, dintre","robots":{"index":"index","follow":"follow","max-snippet":"max-snippet:-1","max-image-preview":"max-image-preview:large","max-video-preview":"max-video-preview:-1"},"canonical":"https:\/\/urbeamea.ro\/albaiulia\/27-septembrie-vernisajul-expozitiei-stradalerevolutie-si-memorie-omagierea-publica-a-lui-avram-iancu-si-a-revolutiei-pasoptiste-in-judetul-alba\/","twitter_card":"summary_large_image","twitter_title":"27 septembrie, ora 15:00 Vernisajul expozi\u021biei stradale:\"Revolu\u021bie \u0219i Memorie. Omagierea public\u0103 a lui Avram Iancu \u0219i a revolu\u021biei pa\u0219optiste \u00een jude\u021bul Alba\" - Revista Urbea Mea - Revista de Alba","twitter_description":"Bicentenarul na\u0219terii lui Avram Iancu (1824-2024) reprezint\u0103 un prilej excelent de a reflecta asupra rela\u021biei dintre istorie \u0219i memorie, dintre","twitter_image":"https:\/\/urbeamea.ro\/albaiulia\/wp-content\/uploads\/2024\/09\/1000012690.jpg","twitter_creator":"@urbeameaweb","twitter_site":"@urbeameaweb","schema":{"@context":"https:\/\/schema.org","@graph":[{"@type":"Article","@id":"https:\/\/urbeamea.ro\/albaiulia\/27-septembrie-vernisajul-expozitiei-stradalerevolutie-si-memorie-omagierea-publica-a-lui-avram-iancu-si-a-revolutiei-pasoptiste-in-judetul-alba\/#article","isPartOf":{"@id":"https:\/\/urbeamea.ro\/albaiulia\/27-septembrie-vernisajul-expozitiei-stradalerevolutie-si-memorie-omagierea-publica-a-lui-avram-iancu-si-a-revolutiei-pasoptiste-in-judetul-alba\/"},"author":{"name":"Giurca Sorin","@id":"https:\/\/urbeamea.ro\/albaiulia\/#\/schema\/person\/5db3854ac38c1cc9f0ab4092d6a20f02"},"headline":"27 septembrie, ora 15:00 Vernisajul expozi\u021biei stradale:&#8221;Revolu\u021bie \u0219i Memorie. Omagierea public\u0103 a lui Avram Iancu \u0219i a revolu\u021biei pa\u0219optiste \u00een jude\u021bul Alba&#8221;","datePublished":"2024-09-26T13:33:03+00:00","dateModified":"2024-09-26T13:33:58+00:00","mainEntityOfPage":{"@id":"https:\/\/urbeamea.ro\/albaiulia\/27-septembrie-vernisajul-expozitiei-stradalerevolutie-si-memorie-omagierea-publica-a-lui-avram-iancu-si-a-revolutiei-pasoptiste-in-judetul-alba\/"},"wordCount":294,"commentCount":0,"image":{"@id":"https:\/\/urbeamea.ro\/albaiulia\/27-septembrie-vernisajul-expozitiei-stradalerevolutie-si-memorie-omagierea-publica-a-lui-avram-iancu-si-a-revolutiei-pasoptiste-in-judetul-alba\/#primaryimage"},"thumbnailUrl":"https:\/\/urbeamea.ro\/albaiulia\/wp-content\/uploads\/2024\/09\/1000012690.jpg","keywords":["avram iancu","Expozi\u021bie stradal\u0103"],"articleSection":["Cultur\u0103","Evenimente","Istorie","Social"],"inLanguage":"ro-RO","potentialAction":[{"@type":"CommentAction","name":"Comment","target":["https:\/\/urbeamea.ro\/albaiulia\/27-septembrie-vernisajul-expozitiei-stradalerevolutie-si-memorie-omagierea-publica-a-lui-avram-iancu-si-a-revolutiei-pasoptiste-in-judetul-alba\/#respond"]}]},{"@type":"WebPage","@id":"https:\/\/urbeamea.ro\/albaiulia\/27-septembrie-vernisajul-expozitiei-stradalerevolutie-si-memorie-omagierea-publica-a-lui-avram-iancu-si-a-revolutiei-pasoptiste-in-judetul-alba\/","url":"https:\/\/urbeamea.ro\/albaiulia\/27-septembrie-vernisajul-expozitiei-stradalerevolutie-si-memorie-omagierea-publica-a-lui-avram-iancu-si-a-revolutiei-pasoptiste-in-judetul-alba\/","name":"27 septembrie, ora 15:00 Vernisajul expozi\u021biei stradale:\"Revolu\u021bie \u0219i Memorie. Omagierea public\u0103 a lui Avram Iancu \u0219i a revolu\u021biei pa\u0219optiste \u00een jude\u021bul Alba\" - Revista Urbea Mea - Revista de Alba","isPartOf":{"@id":"https:\/\/urbeamea.ro\/albaiulia\/#website"},"primaryImageOfPage":{"@id":"https:\/\/urbeamea.ro\/albaiulia\/27-septembrie-vernisajul-expozitiei-stradalerevolutie-si-memorie-omagierea-publica-a-lui-avram-iancu-si-a-revolutiei-pasoptiste-in-judetul-alba\/#primaryimage"},"image":{"@id":"https:\/\/urbeamea.ro\/albaiulia\/27-septembrie-vernisajul-expozitiei-stradalerevolutie-si-memorie-omagierea-publica-a-lui-avram-iancu-si-a-revolutiei-pasoptiste-in-judetul-alba\/#primaryimage"},"thumbnailUrl":"https:\/\/urbeamea.ro\/albaiulia\/wp-content\/uploads\/2024\/09\/1000012690.jpg","datePublished":"2024-09-26T13:33:03+00:00","dateModified":"2024-09-26T13:33:58+00:00","author":{"@id":"https:\/\/urbeamea.ro\/albaiulia\/#\/schema\/person\/5db3854ac38c1cc9f0ab4092d6a20f02"},"description":"Bicentenarul na\u0219terii lui Avram Iancu (1824-2024) reprezint\u0103 un prilej excelent de a reflecta asupra rela\u021biei dintre istorie \u0219i memorie, dintre","breadcrumb":{"@id":"https:\/\/urbeamea.ro\/albaiulia\/27-septembrie-vernisajul-expozitiei-stradalerevolutie-si-memorie-omagierea-publica-a-lui-avram-iancu-si-a-revolutiei-pasoptiste-in-judetul-alba\/#breadcrumb"},"inLanguage":"ro-RO","potentialAction":[{"@type":"ReadAction","target":["https:\/\/urbeamea.ro\/albaiulia\/27-septembrie-vernisajul-expozitiei-stradalerevolutie-si-memorie-omagierea-publica-a-lui-avram-iancu-si-a-revolutiei-pasoptiste-in-judetul-alba\/"]}]},{"@type":"ImageObject","inLanguage":"ro-RO","@id":"https:\/\/urbeamea.ro\/albaiulia\/27-septembrie-vernisajul-expozitiei-stradalerevolutie-si-memorie-omagierea-publica-a-lui-avram-iancu-si-a-revolutiei-pasoptiste-in-judetul-alba\/#primaryimage","url":"https:\/\/urbeamea.ro\/albaiulia\/wp-content\/uploads\/2024\/09\/1000012690.jpg","contentUrl":"https:\/\/urbeamea.ro\/albaiulia\/wp-content\/uploads\/2024\/09\/1000012690.jpg","width":1080,"height":1528},{"@type":"BreadcrumbList","@id":"https:\/\/urbeamea.ro\/albaiulia\/27-septembrie-vernisajul-expozitiei-stradalerevolutie-si-memorie-omagierea-publica-a-lui-avram-iancu-si-a-revolutiei-pasoptiste-in-judetul-alba\/#breadcrumb","itemListElement":[{"@type":"ListItem","position":1,"name":"Prima pagin\u0103","item":"https:\/\/urbeamea.ro\/albaiulia\/"},{"@type":"ListItem","position":2,"name":"27 septembrie, ora 15:00 Vernisajul expozi\u021biei stradale:&#8221;Revolu\u021bie \u0219i Memorie. Omagierea public\u0103 a lui Avram Iancu \u0219i a revolu\u021biei pa\u0219optiste \u00een jude\u021bul Alba&#8221;"}]},{"@type":"WebSite","@id":"https:\/\/urbeamea.ro\/albaiulia\/#website","url":"https:\/\/urbeamea.ro\/albaiulia\/","name":"Revista Urbea Mea, Stiri urbane","description":"Evenimente \u0219i \u0219tiri din Alba Iulia, Sebe\u0219, Aiud, Blaj","potentialAction":[{"@type":"SearchAction","target":{"@type":"EntryPoint","urlTemplate":"https:\/\/urbeamea.ro\/albaiulia\/?s={search_term_string}"},"query-input":{"@type":"PropertyValueSpecification","valueRequired":true,"valueName":"search_term_string"}}],"inLanguage":"ro-RO"},{"@type":"Person","@id":"https:\/\/urbeamea.ro\/albaiulia\/#\/schema\/person\/5db3854ac38c1cc9f0ab4092d6a20f02","name":"Giurca Sorin","image":{"@type":"ImageObject","inLanguage":"ro-RO","@id":"https:\/\/secure.gravatar.com\/avatar\/120f6fcae7b3b47a7730cb9943f612f4909f68ac5284b5f40ac1c4615fd70576?s=96&d=mm&r=g","url":"https:\/\/secure.gravatar.com\/avatar\/120f6fcae7b3b47a7730cb9943f612f4909f68ac5284b5f40ac1c4615fd70576?s=96&d=mm&r=g","contentUrl":"https:\/\/secure.gravatar.com\/avatar\/120f6fcae7b3b47a7730cb9943f612f4909f68ac5284b5f40ac1c4615fd70576?s=96&d=mm&r=g","caption":"Giurca Sorin"},"url":"https:\/\/urbeamea.ro\/albaiulia\/author\/sorin\/"}]}},"_links":{"self":[{"href":"https:\/\/urbeamea.ro\/albaiulia\/wp-json\/wp\/v2\/posts\/114047","targetHints":{"allow":["GET"]}}],"collection":[{"href":"https:\/\/urbeamea.ro\/albaiulia\/wp-json\/wp\/v2\/posts"}],"about":[{"href":"https:\/\/urbeamea.ro\/albaiulia\/wp-json\/wp\/v2\/types\/post"}],"author":[{"embeddable":true,"href":"https:\/\/urbeamea.ro\/albaiulia\/wp-json\/wp\/v2\/users\/28"}],"replies":[{"embeddable":true,"href":"https:\/\/urbeamea.ro\/albaiulia\/wp-json\/wp\/v2\/comments?post=114047"}],"version-history":[{"count":2,"href":"https:\/\/urbeamea.ro\/albaiulia\/wp-json\/wp\/v2\/posts\/114047\/revisions"}],"predecessor-version":[{"id":114050,"href":"https:\/\/urbeamea.ro\/albaiulia\/wp-json\/wp\/v2\/posts\/114047\/revisions\/114050"}],"wp:featuredmedia":[{"embeddable":true,"href":"https:\/\/urbeamea.ro\/albaiulia\/wp-json\/wp\/v2\/media\/114048"}],"wp:attachment":[{"href":"https:\/\/urbeamea.ro\/albaiulia\/wp-json\/wp\/v2\/media?parent=114047"}],"wp:term":[{"taxonomy":"category","embeddable":true,"href":"https:\/\/urbeamea.ro\/albaiulia\/wp-json\/wp\/v2\/categories?post=114047"},{"taxonomy":"post_tag","embeddable":true,"href":"https:\/\/urbeamea.ro\/albaiulia\/wp-json\/wp\/v2\/tags?post=114047"}],"curies":[{"name":"wp","href":"https:\/\/api.w.org\/{rel}","templated":true}]}}