{"id":114051,"date":"2024-09-27T11:26:38","date_gmt":"2024-09-27T08:26:38","guid":{"rendered":"https:\/\/urbeamea.ro\/albaiulia\/?p=114051"},"modified":"2024-09-27T11:26:39","modified_gmt":"2024-09-27T08:26:39","slug":"scoala-bobocilor-atelierele-toamnei-de-poveste-editia-a-vi-a-o-altfel-de-scoala-la-biblioteca-lucian-blaga-din-sebes","status":"publish","type":"post","link":"https:\/\/urbeamea.ro\/albaiulia\/scoala-bobocilor-atelierele-toamnei-de-poveste-editia-a-vi-a-o-altfel-de-scoala-la-biblioteca-lucian-blaga-din-sebes\/","title":{"rendered":"\u201e\u0218coala Bobocilor. Atelierele Toamnei de Poveste\u201d, edi\u021bia a VI-a: O altfel de \u0219coal\u0103 la Biblioteca \u201eLucian Blaga\u201d din Sebe\u0219"},"content":{"rendered":"\n<p>\u00cen perioada 9-20 septembrie 2024, Centrul Cultural \u201eLucian Blaga\u201d Sebe\u0219 a g\u0103zduit cu bucurie evenimentul anual \u201e\u0218coala Bobocilor. Atelierele Toamnei de Poveste\u201d, ajuns la cea de-a VI-a edi\u021bie, o ini\u021biativ\u0103 menit\u0103 s\u0103 faciliteze integrarea copiilor \u00een mediul educa\u021bional \u00eentr-un mod creativ \u0219i interactiv.<\/p>\n\n\n\n<p>Timp de dou\u0103 s\u0103pt\u0103m\u00e2ni, micu\u021bii participan\u021bi, elevii claselor primare de la Liceul German Sebe\u0219, \u00eenso\u021bi\u021bi de cadrele didactice, au avut ocazia s\u0103 se bucure de o \u0218coal\u0103 Altfel, unde atelierele de lectur\u0103, vizionarea de filme educative \u0219i jocurile interactive au fost \u00een centrul aten\u021biei. Prin intermediul acestor activit\u0103\u021bi, copiii au explorat lumea c\u0103r\u021bilor \u0219i a pove\u0219tilor \u00eentr-un mod interactiv, stimul\u00e2ndu-le imagina\u021bia \u0219i curiozitatea.<\/p>\n\n\n\n<p>La atelierele de lectur\u0103 preg\u0103tite de echipa Bibliotecii Municipale \u201eLucian Blaga\u201d Sebe\u0219, copiii au descoperit pove\u0219ti noi \u0219i fascinante, exprim\u00e2ndu-\u0219i creativitatea \u00eentr-un mediu prietenos \u0219i stimulativ.<\/p>\n\n\n\n<p>Programul \u201e\u0218coala Bobocilor. Atelierele Toamnei de Poveste\u201d a oferit oportunitatea unic\u0103 de a crea leg\u0103turi \u00eentre copii \u0219i c\u0103r\u021bi, \u00eentre imagina\u021bie \u0219i realitate, demonstr\u00e2nd c\u0103 \u00eenv\u0103\u021barea poate fi o aventur\u0103 captivant\u0103 \u0219i plin\u0103 de bucurie. Fiecare participant a plecat acas\u0103 cu amintiri frumoase \u0219i cu inspira\u021bie pentru noi aventuri literare.<\/p>\n\n\n\n<figure class=\"wp-block-gallery has-nested-images columns-default is-cropped wp-block-gallery-1 is-layout-flex wp-block-gallery-is-layout-flex\">\n<figure class=\"wp-block-image size-large\"><a href=\"https:\/\/urbeamea.ro\/albaiulia\/wp-content\/uploads\/2024\/09\/460214646_944480097710627_151145341359190141_n.jpg\"><img loading=\"lazy\" decoding=\"async\" width=\"1280\" height=\"622\" data-id=\"114053\" src=\"https:\/\/urbeamea.ro\/albaiulia\/wp-content\/uploads\/2024\/09\/460214646_944480097710627_151145341359190141_n-1280x622.jpg\" alt=\"\" class=\"wp-image-114053\" srcset=\"https:\/\/urbeamea.ro\/albaiulia\/wp-content\/uploads\/2024\/09\/460214646_944480097710627_151145341359190141_n-1280x622.jpg 1280w, https:\/\/urbeamea.ro\/albaiulia\/wp-content\/uploads\/2024\/09\/460214646_944480097710627_151145341359190141_n-640x311.jpg 640w, https:\/\/urbeamea.ro\/albaiulia\/wp-content\/uploads\/2024\/09\/460214646_944480097710627_151145341359190141_n-150x73.jpg 150w, https:\/\/urbeamea.ro\/albaiulia\/wp-content\/uploads\/2024\/09\/460214646_944480097710627_151145341359190141_n-768x373.jpg 768w, https:\/\/urbeamea.ro\/albaiulia\/wp-content\/uploads\/2024\/09\/460214646_944480097710627_151145341359190141_n-1536x747.jpg 1536w, https:\/\/urbeamea.ro\/albaiulia\/wp-content\/uploads\/2024\/09\/460214646_944480097710627_151145341359190141_n.jpg 1600w\" sizes=\"auto, (max-width: 1280px) 100vw, 1280px\" \/><\/a><\/figure>\n\n\n\n<figure class=\"wp-block-image size-large\"><a href=\"https:\/\/urbeamea.ro\/albaiulia\/wp-content\/uploads\/2024\/09\/459089886_938587901633180_1043961951316292040_n.jpg\"><img loading=\"lazy\" decoding=\"async\" width=\"1280\" height=\"622\" data-id=\"114054\" src=\"https:\/\/urbeamea.ro\/albaiulia\/wp-content\/uploads\/2024\/09\/459089886_938587901633180_1043961951316292040_n-1280x622.jpg\" alt=\"\" class=\"wp-image-114054\" srcset=\"https:\/\/urbeamea.ro\/albaiulia\/wp-content\/uploads\/2024\/09\/459089886_938587901633180_1043961951316292040_n-1280x622.jpg 1280w, https:\/\/urbeamea.ro\/albaiulia\/wp-content\/uploads\/2024\/09\/459089886_938587901633180_1043961951316292040_n-640x311.jpg 640w, https:\/\/urbeamea.ro\/albaiulia\/wp-content\/uploads\/2024\/09\/459089886_938587901633180_1043961951316292040_n-150x73.jpg 150w, https:\/\/urbeamea.ro\/albaiulia\/wp-content\/uploads\/2024\/09\/459089886_938587901633180_1043961951316292040_n-768x373.jpg 768w, https:\/\/urbeamea.ro\/albaiulia\/wp-content\/uploads\/2024\/09\/459089886_938587901633180_1043961951316292040_n-1536x747.jpg 1536w, https:\/\/urbeamea.ro\/albaiulia\/wp-content\/uploads\/2024\/09\/459089886_938587901633180_1043961951316292040_n.jpg 1600w\" sizes=\"auto, (max-width: 1280px) 100vw, 1280px\" \/><\/a><\/figure>\n\n\n\n<figure class=\"wp-block-image size-large\"><a href=\"https:\/\/urbeamea.ro\/albaiulia\/wp-content\/uploads\/2024\/09\/459123363_939271601564810_6469622852041766842_n.jpg\"><img loading=\"lazy\" decoding=\"async\" width=\"1280\" height=\"622\" data-id=\"114052\" src=\"https:\/\/urbeamea.ro\/albaiulia\/wp-content\/uploads\/2024\/09\/459123363_939271601564810_6469622852041766842_n-1280x622.jpg\" alt=\"\" class=\"wp-image-114052\" srcset=\"https:\/\/urbeamea.ro\/albaiulia\/wp-content\/uploads\/2024\/09\/459123363_939271601564810_6469622852041766842_n-1280x622.jpg 1280w, https:\/\/urbeamea.ro\/albaiulia\/wp-content\/uploads\/2024\/09\/459123363_939271601564810_6469622852041766842_n-640x311.jpg 640w, https:\/\/urbeamea.ro\/albaiulia\/wp-content\/uploads\/2024\/09\/459123363_939271601564810_6469622852041766842_n-150x73.jpg 150w, https:\/\/urbeamea.ro\/albaiulia\/wp-content\/uploads\/2024\/09\/459123363_939271601564810_6469622852041766842_n-768x373.jpg 768w, https:\/\/urbeamea.ro\/albaiulia\/wp-content\/uploads\/2024\/09\/459123363_939271601564810_6469622852041766842_n-1536x747.jpg 1536w, https:\/\/urbeamea.ro\/albaiulia\/wp-content\/uploads\/2024\/09\/459123363_939271601564810_6469622852041766842_n.jpg 1600w\" sizes=\"auto, (max-width: 1280px) 100vw, 1280px\" \/><\/a><\/figure>\n<\/figure>\n","protected":false},"excerpt":{"rendered":"<p>\u00cen perioada 9-20 septembrie 2024, Centrul Cultural \u201eLucian Blaga\u201d Sebe\u0219 a g\u0103zduit cu bucurie evenimentul anual \u201e\u0218coala Bobocilor. Atelierele Toamnei de Poveste\u201d, ajuns la cea de-a VI-a edi\u021bie, o ini\u021biativ\u0103 menit\u0103 s\u0103 faciliteze integrarea copiilor \u00een mediul educa\u021bional \u00eentr-un mod creativ \u0219i interactiv. Timp de dou\u0103 s\u0103pt\u0103m\u00e2ni, micu\u021bii participan\u021bi, elevii claselor primare de la Liceul &hellip;<\/p>\n","protected":false},"author":16,"featured_media":114055,"comment_status":"open","ping_status":"open","sticky":false,"template":"","format":"standard","meta":{"inline_featured_image":false,"footnotes":""},"categories":[2039],"tags":[],"class_list":["post-114051","post","type-post","status-publish","format-standard","has-post-thumbnail","hentry","category-educatie"],"yoast_head":"<!-- This site is optimized with the Yoast SEO plugin v27.4 - https:\/\/yoast.com\/product\/yoast-seo-wordpress\/ -->\n<title>\u201e\u0218coala Bobocilor. Atelierele Toamnei de Poveste\u201d, edi\u021bia a VI-a: O altfel de \u0219coal\u0103 la Biblioteca \u201eLucian Blaga\u201d din Sebe\u0219 - Revista Urbea Mea - Revista de Alba<\/title>\n<meta name=\"description\" content=\"\u00cen perioada 9-20 septembrie 2024, Centrul Cultural \u201eLucian Blaga\u201d Sebe\u0219 a g\u0103zduit cu bucurie evenimentul anual \u201e\u0218coala Bobocilor. Atelierele Toamnei de\" \/>\n<meta name=\"robots\" content=\"index, follow, max-snippet:-1, max-image-preview:large, max-video-preview:-1\" \/>\n<link rel=\"canonical\" href=\"https:\/\/urbeamea.ro\/albaiulia\/scoala-bobocilor-atelierele-toamnei-de-poveste-editia-a-vi-a-o-altfel-de-scoala-la-biblioteca-lucian-blaga-din-sebes\/\" \/>\n<meta name=\"twitter:card\" content=\"summary_large_image\" \/>\n<meta name=\"twitter:title\" content=\"\u201e\u0218coala Bobocilor. Atelierele Toamnei de Poveste\u201d, edi\u021bia a VI-a: O altfel de \u0219coal\u0103 la Biblioteca \u201eLucian Blaga\u201d din Sebe\u0219 - Revista Urbea Mea - Revista de Alba\" \/>\n<meta name=\"twitter:description\" content=\"\u00cen perioada 9-20 septembrie 2024, Centrul Cultural \u201eLucian Blaga\u201d Sebe\u0219 a g\u0103zduit cu bucurie evenimentul anual \u201e\u0218coala Bobocilor. Atelierele Toamnei de\" \/>\n<meta name=\"twitter:image\" content=\"https:\/\/urbeamea.ro\/albaiulia\/wp-content\/uploads\/2024\/09\/459124725_938588504966453_8669455633309013348_n.jpg\" \/>\n<meta name=\"twitter:creator\" content=\"@urbeameaweb\" \/>\n<meta name=\"twitter:site\" content=\"@urbeameaweb\" \/>\n<script type=\"application\/ld+json\" class=\"yoast-schema-graph\">{\"@context\":\"https:\\\/\\\/schema.org\",\"@graph\":[{\"@type\":\"Article\",\"@id\":\"https:\\\/\\\/urbeamea.ro\\\/albaiulia\\\/scoala-bobocilor-atelierele-toamnei-de-poveste-editia-a-vi-a-o-altfel-de-scoala-la-biblioteca-lucian-blaga-din-sebes\\\/#article\",\"isPartOf\":{\"@id\":\"https:\\\/\\\/urbeamea.ro\\\/albaiulia\\\/scoala-bobocilor-atelierele-toamnei-de-poveste-editia-a-vi-a-o-altfel-de-scoala-la-biblioteca-lucian-blaga-din-sebes\\\/\"},\"author\":{\"name\":\"Redac\u021bia UrbeaMea\",\"@id\":\"https:\\\/\\\/urbeamea.ro\\\/albaiulia\\\/#\\\/schema\\\/person\\\/272ae98052f8ee8980f59848df070247\"},\"headline\":\"\u201e\u0218coala Bobocilor. Atelierele Toamnei de Poveste\u201d, edi\u021bia a VI-a: O altfel de \u0219coal\u0103 la Biblioteca \u201eLucian Blaga\u201d din Sebe\u0219\",\"datePublished\":\"2024-09-27T08:26:38+00:00\",\"dateModified\":\"2024-09-27T08:26:39+00:00\",\"mainEntityOfPage\":{\"@id\":\"https:\\\/\\\/urbeamea.ro\\\/albaiulia\\\/scoala-bobocilor-atelierele-toamnei-de-poveste-editia-a-vi-a-o-altfel-de-scoala-la-biblioteca-lucian-blaga-din-sebes\\\/\"},\"wordCount\":230,\"commentCount\":0,\"image\":{\"@id\":\"https:\\\/\\\/urbeamea.ro\\\/albaiulia\\\/scoala-bobocilor-atelierele-toamnei-de-poveste-editia-a-vi-a-o-altfel-de-scoala-la-biblioteca-lucian-blaga-din-sebes\\\/#primaryimage\"},\"thumbnailUrl\":\"https:\\\/\\\/urbeamea.ro\\\/albaiulia\\\/wp-content\\\/uploads\\\/2024\\\/09\\\/459124725_938588504966453_8669455633309013348_n.jpg\",\"articleSection\":[\"Educa\u021bie\"],\"inLanguage\":\"ro-RO\",\"potentialAction\":[{\"@type\":\"CommentAction\",\"name\":\"Comment\",\"target\":[\"https:\\\/\\\/urbeamea.ro\\\/albaiulia\\\/scoala-bobocilor-atelierele-toamnei-de-poveste-editia-a-vi-a-o-altfel-de-scoala-la-biblioteca-lucian-blaga-din-sebes\\\/#respond\"]}]},{\"@type\":\"WebPage\",\"@id\":\"https:\\\/\\\/urbeamea.ro\\\/albaiulia\\\/scoala-bobocilor-atelierele-toamnei-de-poveste-editia-a-vi-a-o-altfel-de-scoala-la-biblioteca-lucian-blaga-din-sebes\\\/\",\"url\":\"https:\\\/\\\/urbeamea.ro\\\/albaiulia\\\/scoala-bobocilor-atelierele-toamnei-de-poveste-editia-a-vi-a-o-altfel-de-scoala-la-biblioteca-lucian-blaga-din-sebes\\\/\",\"name\":\"\u201e\u0218coala Bobocilor. Atelierele Toamnei de Poveste\u201d, edi\u021bia a VI-a: O altfel de \u0219coal\u0103 la Biblioteca \u201eLucian Blaga\u201d din Sebe\u0219 - Revista Urbea Mea - Revista de Alba\",\"isPartOf\":{\"@id\":\"https:\\\/\\\/urbeamea.ro\\\/albaiulia\\\/#website\"},\"primaryImageOfPage\":{\"@id\":\"https:\\\/\\\/urbeamea.ro\\\/albaiulia\\\/scoala-bobocilor-atelierele-toamnei-de-poveste-editia-a-vi-a-o-altfel-de-scoala-la-biblioteca-lucian-blaga-din-sebes\\\/#primaryimage\"},\"image\":{\"@id\":\"https:\\\/\\\/urbeamea.ro\\\/albaiulia\\\/scoala-bobocilor-atelierele-toamnei-de-poveste-editia-a-vi-a-o-altfel-de-scoala-la-biblioteca-lucian-blaga-din-sebes\\\/#primaryimage\"},\"thumbnailUrl\":\"https:\\\/\\\/urbeamea.ro\\\/albaiulia\\\/wp-content\\\/uploads\\\/2024\\\/09\\\/459124725_938588504966453_8669455633309013348_n.jpg\",\"datePublished\":\"2024-09-27T08:26:38+00:00\",\"dateModified\":\"2024-09-27T08:26:39+00:00\",\"author\":{\"@id\":\"https:\\\/\\\/urbeamea.ro\\\/albaiulia\\\/#\\\/schema\\\/person\\\/272ae98052f8ee8980f59848df070247\"},\"description\":\"\u00cen perioada 9-20 septembrie 2024, Centrul Cultural \u201eLucian Blaga\u201d Sebe\u0219 a g\u0103zduit cu bucurie evenimentul anual \u201e\u0218coala Bobocilor. Atelierele Toamnei de\",\"breadcrumb\":{\"@id\":\"https:\\\/\\\/urbeamea.ro\\\/albaiulia\\\/scoala-bobocilor-atelierele-toamnei-de-poveste-editia-a-vi-a-o-altfel-de-scoala-la-biblioteca-lucian-blaga-din-sebes\\\/#breadcrumb\"},\"inLanguage\":\"ro-RO\",\"potentialAction\":[{\"@type\":\"ReadAction\",\"target\":[\"https:\\\/\\\/urbeamea.ro\\\/albaiulia\\\/scoala-bobocilor-atelierele-toamnei-de-poveste-editia-a-vi-a-o-altfel-de-scoala-la-biblioteca-lucian-blaga-din-sebes\\\/\"]}]},{\"@type\":\"ImageObject\",\"inLanguage\":\"ro-RO\",\"@id\":\"https:\\\/\\\/urbeamea.ro\\\/albaiulia\\\/scoala-bobocilor-atelierele-toamnei-de-poveste-editia-a-vi-a-o-altfel-de-scoala-la-biblioteca-lucian-blaga-din-sebes\\\/#primaryimage\",\"url\":\"https:\\\/\\\/urbeamea.ro\\\/albaiulia\\\/wp-content\\\/uploads\\\/2024\\\/09\\\/459124725_938588504966453_8669455633309013348_n.jpg\",\"contentUrl\":\"https:\\\/\\\/urbeamea.ro\\\/albaiulia\\\/wp-content\\\/uploads\\\/2024\\\/09\\\/459124725_938588504966453_8669455633309013348_n.jpg\",\"width\":1600,\"height\":778},{\"@type\":\"BreadcrumbList\",\"@id\":\"https:\\\/\\\/urbeamea.ro\\\/albaiulia\\\/scoala-bobocilor-atelierele-toamnei-de-poveste-editia-a-vi-a-o-altfel-de-scoala-la-biblioteca-lucian-blaga-din-sebes\\\/#breadcrumb\",\"itemListElement\":[{\"@type\":\"ListItem\",\"position\":1,\"name\":\"Prima pagin\u0103\",\"item\":\"https:\\\/\\\/urbeamea.ro\\\/albaiulia\\\/\"},{\"@type\":\"ListItem\",\"position\":2,\"name\":\"\u201e\u0218coala Bobocilor. Atelierele Toamnei de Poveste\u201d, edi\u021bia a VI-a: O altfel de \u0219coal\u0103 la Biblioteca \u201eLucian Blaga\u201d din Sebe\u0219\"}]},{\"@type\":\"WebSite\",\"@id\":\"https:\\\/\\\/urbeamea.ro\\\/albaiulia\\\/#website\",\"url\":\"https:\\\/\\\/urbeamea.ro\\\/albaiulia\\\/\",\"name\":\"Revista Urbea Mea, Stiri urbane\",\"description\":\"Evenimente \u0219i \u0219tiri din Alba Iulia, Sebe\u0219, Aiud, Blaj\",\"potentialAction\":[{\"@type\":\"SearchAction\",\"target\":{\"@type\":\"EntryPoint\",\"urlTemplate\":\"https:\\\/\\\/urbeamea.ro\\\/albaiulia\\\/?s={search_term_string}\"},\"query-input\":{\"@type\":\"PropertyValueSpecification\",\"valueRequired\":true,\"valueName\":\"search_term_string\"}}],\"inLanguage\":\"ro-RO\"},{\"@type\":\"Person\",\"@id\":\"https:\\\/\\\/urbeamea.ro\\\/albaiulia\\\/#\\\/schema\\\/person\\\/272ae98052f8ee8980f59848df070247\",\"name\":\"Redac\u021bia UrbeaMea\",\"image\":{\"@type\":\"ImageObject\",\"inLanguage\":\"ro-RO\",\"@id\":\"https:\\\/\\\/secure.gravatar.com\\\/avatar\\\/9ce5a9435071fa1037e8468053ead8e513dbbff59009d3069aadb85506d85a27?s=96&d=mm&r=g\",\"url\":\"https:\\\/\\\/secure.gravatar.com\\\/avatar\\\/9ce5a9435071fa1037e8468053ead8e513dbbff59009d3069aadb85506d85a27?s=96&d=mm&r=g\",\"contentUrl\":\"https:\\\/\\\/secure.gravatar.com\\\/avatar\\\/9ce5a9435071fa1037e8468053ead8e513dbbff59009d3069aadb85506d85a27?s=96&d=mm&r=g\",\"caption\":\"Redac\u021bia UrbeaMea\"},\"description\":\"contact@urbeamea.ro\",\"sameAs\":[\"https:\\\/\\\/www.urbeamea.ro\"],\"url\":\"https:\\\/\\\/urbeamea.ro\\\/albaiulia\\\/author\\\/redactia-urbeamea\\\/\"}]}<\/script>\n<!-- \/ Yoast SEO plugin. -->","yoast_head_json":{"title":"\u201e\u0218coala Bobocilor. Atelierele Toamnei de Poveste\u201d, edi\u021bia a VI-a: O altfel de \u0219coal\u0103 la Biblioteca \u201eLucian Blaga\u201d din Sebe\u0219 - Revista Urbea Mea - Revista de Alba","description":"\u00cen perioada 9-20 septembrie 2024, Centrul Cultural \u201eLucian Blaga\u201d Sebe\u0219 a g\u0103zduit cu bucurie evenimentul anual \u201e\u0218coala Bobocilor. Atelierele Toamnei de","robots":{"index":"index","follow":"follow","max-snippet":"max-snippet:-1","max-image-preview":"max-image-preview:large","max-video-preview":"max-video-preview:-1"},"canonical":"https:\/\/urbeamea.ro\/albaiulia\/scoala-bobocilor-atelierele-toamnei-de-poveste-editia-a-vi-a-o-altfel-de-scoala-la-biblioteca-lucian-blaga-din-sebes\/","twitter_card":"summary_large_image","twitter_title":"\u201e\u0218coala Bobocilor. Atelierele Toamnei de Poveste\u201d, edi\u021bia a VI-a: O altfel de \u0219coal\u0103 la Biblioteca \u201eLucian Blaga\u201d din Sebe\u0219 - Revista Urbea Mea - Revista de Alba","twitter_description":"\u00cen perioada 9-20 septembrie 2024, Centrul Cultural \u201eLucian Blaga\u201d Sebe\u0219 a g\u0103zduit cu bucurie evenimentul anual \u201e\u0218coala Bobocilor. Atelierele Toamnei de","twitter_image":"https:\/\/urbeamea.ro\/albaiulia\/wp-content\/uploads\/2024\/09\/459124725_938588504966453_8669455633309013348_n.jpg","twitter_creator":"@urbeameaweb","twitter_site":"@urbeameaweb","schema":{"@context":"https:\/\/schema.org","@graph":[{"@type":"Article","@id":"https:\/\/urbeamea.ro\/albaiulia\/scoala-bobocilor-atelierele-toamnei-de-poveste-editia-a-vi-a-o-altfel-de-scoala-la-biblioteca-lucian-blaga-din-sebes\/#article","isPartOf":{"@id":"https:\/\/urbeamea.ro\/albaiulia\/scoala-bobocilor-atelierele-toamnei-de-poveste-editia-a-vi-a-o-altfel-de-scoala-la-biblioteca-lucian-blaga-din-sebes\/"},"author":{"name":"Redac\u021bia UrbeaMea","@id":"https:\/\/urbeamea.ro\/albaiulia\/#\/schema\/person\/272ae98052f8ee8980f59848df070247"},"headline":"\u201e\u0218coala Bobocilor. Atelierele Toamnei de Poveste\u201d, edi\u021bia a VI-a: O altfel de \u0219coal\u0103 la Biblioteca \u201eLucian Blaga\u201d din Sebe\u0219","datePublished":"2024-09-27T08:26:38+00:00","dateModified":"2024-09-27T08:26:39+00:00","mainEntityOfPage":{"@id":"https:\/\/urbeamea.ro\/albaiulia\/scoala-bobocilor-atelierele-toamnei-de-poveste-editia-a-vi-a-o-altfel-de-scoala-la-biblioteca-lucian-blaga-din-sebes\/"},"wordCount":230,"commentCount":0,"image":{"@id":"https:\/\/urbeamea.ro\/albaiulia\/scoala-bobocilor-atelierele-toamnei-de-poveste-editia-a-vi-a-o-altfel-de-scoala-la-biblioteca-lucian-blaga-din-sebes\/#primaryimage"},"thumbnailUrl":"https:\/\/urbeamea.ro\/albaiulia\/wp-content\/uploads\/2024\/09\/459124725_938588504966453_8669455633309013348_n.jpg","articleSection":["Educa\u021bie"],"inLanguage":"ro-RO","potentialAction":[{"@type":"CommentAction","name":"Comment","target":["https:\/\/urbeamea.ro\/albaiulia\/scoala-bobocilor-atelierele-toamnei-de-poveste-editia-a-vi-a-o-altfel-de-scoala-la-biblioteca-lucian-blaga-din-sebes\/#respond"]}]},{"@type":"WebPage","@id":"https:\/\/urbeamea.ro\/albaiulia\/scoala-bobocilor-atelierele-toamnei-de-poveste-editia-a-vi-a-o-altfel-de-scoala-la-biblioteca-lucian-blaga-din-sebes\/","url":"https:\/\/urbeamea.ro\/albaiulia\/scoala-bobocilor-atelierele-toamnei-de-poveste-editia-a-vi-a-o-altfel-de-scoala-la-biblioteca-lucian-blaga-din-sebes\/","name":"\u201e\u0218coala Bobocilor. Atelierele Toamnei de Poveste\u201d, edi\u021bia a VI-a: O altfel de \u0219coal\u0103 la Biblioteca \u201eLucian Blaga\u201d din Sebe\u0219 - Revista Urbea Mea - Revista de Alba","isPartOf":{"@id":"https:\/\/urbeamea.ro\/albaiulia\/#website"},"primaryImageOfPage":{"@id":"https:\/\/urbeamea.ro\/albaiulia\/scoala-bobocilor-atelierele-toamnei-de-poveste-editia-a-vi-a-o-altfel-de-scoala-la-biblioteca-lucian-blaga-din-sebes\/#primaryimage"},"image":{"@id":"https:\/\/urbeamea.ro\/albaiulia\/scoala-bobocilor-atelierele-toamnei-de-poveste-editia-a-vi-a-o-altfel-de-scoala-la-biblioteca-lucian-blaga-din-sebes\/#primaryimage"},"thumbnailUrl":"https:\/\/urbeamea.ro\/albaiulia\/wp-content\/uploads\/2024\/09\/459124725_938588504966453_8669455633309013348_n.jpg","datePublished":"2024-09-27T08:26:38+00:00","dateModified":"2024-09-27T08:26:39+00:00","author":{"@id":"https:\/\/urbeamea.ro\/albaiulia\/#\/schema\/person\/272ae98052f8ee8980f59848df070247"},"description":"\u00cen perioada 9-20 septembrie 2024, Centrul Cultural \u201eLucian Blaga\u201d Sebe\u0219 a g\u0103zduit cu bucurie evenimentul anual \u201e\u0218coala Bobocilor. Atelierele Toamnei de","breadcrumb":{"@id":"https:\/\/urbeamea.ro\/albaiulia\/scoala-bobocilor-atelierele-toamnei-de-poveste-editia-a-vi-a-o-altfel-de-scoala-la-biblioteca-lucian-blaga-din-sebes\/#breadcrumb"},"inLanguage":"ro-RO","potentialAction":[{"@type":"ReadAction","target":["https:\/\/urbeamea.ro\/albaiulia\/scoala-bobocilor-atelierele-toamnei-de-poveste-editia-a-vi-a-o-altfel-de-scoala-la-biblioteca-lucian-blaga-din-sebes\/"]}]},{"@type":"ImageObject","inLanguage":"ro-RO","@id":"https:\/\/urbeamea.ro\/albaiulia\/scoala-bobocilor-atelierele-toamnei-de-poveste-editia-a-vi-a-o-altfel-de-scoala-la-biblioteca-lucian-blaga-din-sebes\/#primaryimage","url":"https:\/\/urbeamea.ro\/albaiulia\/wp-content\/uploads\/2024\/09\/459124725_938588504966453_8669455633309013348_n.jpg","contentUrl":"https:\/\/urbeamea.ro\/albaiulia\/wp-content\/uploads\/2024\/09\/459124725_938588504966453_8669455633309013348_n.jpg","width":1600,"height":778},{"@type":"BreadcrumbList","@id":"https:\/\/urbeamea.ro\/albaiulia\/scoala-bobocilor-atelierele-toamnei-de-poveste-editia-a-vi-a-o-altfel-de-scoala-la-biblioteca-lucian-blaga-din-sebes\/#breadcrumb","itemListElement":[{"@type":"ListItem","position":1,"name":"Prima pagin\u0103","item":"https:\/\/urbeamea.ro\/albaiulia\/"},{"@type":"ListItem","position":2,"name":"\u201e\u0218coala Bobocilor. Atelierele Toamnei de Poveste\u201d, edi\u021bia a VI-a: O altfel de \u0219coal\u0103 la Biblioteca \u201eLucian Blaga\u201d din Sebe\u0219"}]},{"@type":"WebSite","@id":"https:\/\/urbeamea.ro\/albaiulia\/#website","url":"https:\/\/urbeamea.ro\/albaiulia\/","name":"Revista Urbea Mea, Stiri urbane","description":"Evenimente \u0219i \u0219tiri din Alba Iulia, Sebe\u0219, Aiud, Blaj","potentialAction":[{"@type":"SearchAction","target":{"@type":"EntryPoint","urlTemplate":"https:\/\/urbeamea.ro\/albaiulia\/?s={search_term_string}"},"query-input":{"@type":"PropertyValueSpecification","valueRequired":true,"valueName":"search_term_string"}}],"inLanguage":"ro-RO"},{"@type":"Person","@id":"https:\/\/urbeamea.ro\/albaiulia\/#\/schema\/person\/272ae98052f8ee8980f59848df070247","name":"Redac\u021bia UrbeaMea","image":{"@type":"ImageObject","inLanguage":"ro-RO","@id":"https:\/\/secure.gravatar.com\/avatar\/9ce5a9435071fa1037e8468053ead8e513dbbff59009d3069aadb85506d85a27?s=96&d=mm&r=g","url":"https:\/\/secure.gravatar.com\/avatar\/9ce5a9435071fa1037e8468053ead8e513dbbff59009d3069aadb85506d85a27?s=96&d=mm&r=g","contentUrl":"https:\/\/secure.gravatar.com\/avatar\/9ce5a9435071fa1037e8468053ead8e513dbbff59009d3069aadb85506d85a27?s=96&d=mm&r=g","caption":"Redac\u021bia UrbeaMea"},"description":"contact@urbeamea.ro","sameAs":["https:\/\/www.urbeamea.ro"],"url":"https:\/\/urbeamea.ro\/albaiulia\/author\/redactia-urbeamea\/"}]}},"_links":{"self":[{"href":"https:\/\/urbeamea.ro\/albaiulia\/wp-json\/wp\/v2\/posts\/114051","targetHints":{"allow":["GET"]}}],"collection":[{"href":"https:\/\/urbeamea.ro\/albaiulia\/wp-json\/wp\/v2\/posts"}],"about":[{"href":"https:\/\/urbeamea.ro\/albaiulia\/wp-json\/wp\/v2\/types\/post"}],"author":[{"embeddable":true,"href":"https:\/\/urbeamea.ro\/albaiulia\/wp-json\/wp\/v2\/users\/16"}],"replies":[{"embeddable":true,"href":"https:\/\/urbeamea.ro\/albaiulia\/wp-json\/wp\/v2\/comments?post=114051"}],"version-history":[{"count":1,"href":"https:\/\/urbeamea.ro\/albaiulia\/wp-json\/wp\/v2\/posts\/114051\/revisions"}],"predecessor-version":[{"id":114056,"href":"https:\/\/urbeamea.ro\/albaiulia\/wp-json\/wp\/v2\/posts\/114051\/revisions\/114056"}],"wp:featuredmedia":[{"embeddable":true,"href":"https:\/\/urbeamea.ro\/albaiulia\/wp-json\/wp\/v2\/media\/114055"}],"wp:attachment":[{"href":"https:\/\/urbeamea.ro\/albaiulia\/wp-json\/wp\/v2\/media?parent=114051"}],"wp:term":[{"taxonomy":"category","embeddable":true,"href":"https:\/\/urbeamea.ro\/albaiulia\/wp-json\/wp\/v2\/categories?post=114051"},{"taxonomy":"post_tag","embeddable":true,"href":"https:\/\/urbeamea.ro\/albaiulia\/wp-json\/wp\/v2\/tags?post=114051"}],"curies":[{"name":"wp","href":"https:\/\/api.w.org\/{rel}","templated":true}]}}