{"id":114057,"date":"2024-09-27T11:28:18","date_gmt":"2024-09-27T08:28:18","guid":{"rendered":"https:\/\/urbeamea.ro\/albaiulia\/?p=114057"},"modified":"2024-09-27T11:28:20","modified_gmt":"2024-09-27T08:28:20","slug":"cupa-florea-grup-la-tenis-de-camp-editia-a-x-a-27-29-septembrie-2024","status":"publish","type":"post","link":"https:\/\/urbeamea.ro\/albaiulia\/cupa-florea-grup-la-tenis-de-camp-editia-a-x-a-27-29-septembrie-2024\/","title":{"rendered":"Cupa Florea Grup la tenis de c\u00e2mp, edi\u021bia a X-a \u2013 27-29 septembrie 2024"},"content":{"rendered":"\n<p>Florea Grup \u0219i Tenis Pro Linc\u0103 organizeaz\u0103, \u00een perioada 27-29 septembrie 2024, cea de-a zecea edi\u021bie a Cupei Florea Grup la tenis de c\u00e2mp, un eveniment sportiv de tradi\u021bie, care reune\u0219te pasiona\u021bii de tenis din \u00eentreaga \u021bar\u0103. Competi\u021bia se va desf\u0103\u0219ura pe terenurile Tenis Pro Linca din Alba Iulia, aduc\u00e2nd \u00een fa\u021ba publicului peste 60 de participan\u021bi din toate categoriile de v\u00e2rst\u0103 \u0219i niveluri de performan\u021b\u0103.<\/p>\n\n\n\n<p>Evenimentul promite trei zile de competi\u021bie intens\u0103 \u0219i spectacol sportiv, oferind iubitorilor tenisului oportunitatea de a asista la meciuri captivante \u0219i de a sus\u021bine juc\u0103tori pasiona\u021bi. Cu ocazia edi\u021biei aniversare, organizatorii au preg\u0103tit o serie de surprize \u0219i activit\u0103\u021bi pentru participan\u021bi \u0219i spectatori deopotriv\u0103, marc\u00e2nd astfel un deceniu de excelen\u021b\u0103 \u00een promovarea sportului \u0219i a unui stil de via\u021b\u0103 s\u0103n\u0103tos.<\/p>\n\n\n\n<p><br>Competi\u021bia, care a debutat \u00een urm\u0103 cu zece ani, a crescut constant, atr\u0103g\u00e2nd un num\u0103r tot mai mare de participan\u021bi \u0219i spectatori \u00een fiecare an. Cupa Florea Grup \u00ee\u0219i propune s\u0103 sprijine \u0219i s\u0103 promoveze tenisul de c\u00e2mp la nivel local \u0219i na\u021bional, oferind o platform\u0103 pentru juc\u0103torii amatori \u0219i profesioni\u0219ti de a-\u0219i demonstra abilit\u0103\u021bile \u0219i de a concura \u00eentr-un mediu prietenos \u0219i profesionist.<\/p>\n\n\n\n<p><br>Turneul se va desf\u0103\u0219ura pe mai multe categorii de v\u00e2rst\u0103 \u0219i nivel de joc, de la juniori la seniori, iar cei mai buni juc\u0103tori vor fi recompensa\u021bi cu premii atractive. Pe l\u00e2ng\u0103 trofeele speciale ale edi\u021biei aniversare, participan\u021bii se vor bucura \u0219i de premii \u00een produse \u0219i vouchere oferite de sponsorii competi\u021biei. Toate meciurile vor fi jucate la dublu, concursul fiind \u00eemp\u0103r\u021bit \u00een cinci categorii: Open Partener, + 35 ani, + 60 ani, &nbsp;family kids: p\u0103rinte + copil (&lt;12 ani), family teenager: p\u0103rinte + copil (+12 ani). Cele dou\u0103 categorii unde p\u0103rintele este invitat s\u0103 joace cu copilul s\u0103u sunt inedite pentru ora\u0219ul nostru, fiind \u00eentre cele mai disputate categorii.<\/p>\n\n\n\n<p>Florea Grup mul\u021bume\u0219te partenerilor \u0219i sponsorilor care au f\u0103cut posibil\u0103 organizarea acestei edi\u021bii speciale a Cupei Florea Grup, contribuind astfel la dezvoltarea tenisului \u0219i a sportului \u00een Rom\u00e2nia. Dintre sponsorii principali ai competi\u021biei amintim BCR, Hotel Transilvania, Petra Pavaje, Hotel Astoria \u0219i Florea Taxi.<\/p>\n\n\n\n<figure class=\"wp-block-gallery has-nested-images columns-default is-cropped wp-block-gallery-1 is-layout-flex wp-block-gallery-is-layout-flex\">\n<figure class=\"wp-block-image size-large\"><a href=\"https:\/\/urbeamea.ro\/albaiulia\/wp-content\/uploads\/2024\/09\/cupa-Florea-Grup-tenis-de-camp-6.jpg\"><img loading=\"lazy\" decoding=\"async\" width=\"1280\" height=\"960\" data-id=\"114058\" src=\"https:\/\/urbeamea.ro\/albaiulia\/wp-content\/uploads\/2024\/09\/cupa-Florea-Grup-tenis-de-camp-6-1280x960.jpg\" alt=\"\" class=\"wp-image-114058\" srcset=\"https:\/\/urbeamea.ro\/albaiulia\/wp-content\/uploads\/2024\/09\/cupa-Florea-Grup-tenis-de-camp-6-1280x960.jpg 1280w, https:\/\/urbeamea.ro\/albaiulia\/wp-content\/uploads\/2024\/09\/cupa-Florea-Grup-tenis-de-camp-6-640x480.jpg 640w, https:\/\/urbeamea.ro\/albaiulia\/wp-content\/uploads\/2024\/09\/cupa-Florea-Grup-tenis-de-camp-6-150x113.jpg 150w, https:\/\/urbeamea.ro\/albaiulia\/wp-content\/uploads\/2024\/09\/cupa-Florea-Grup-tenis-de-camp-6-768x576.jpg 768w, https:\/\/urbeamea.ro\/albaiulia\/wp-content\/uploads\/2024\/09\/cupa-Florea-Grup-tenis-de-camp-6-1536x1152.jpg 1536w, https:\/\/urbeamea.ro\/albaiulia\/wp-content\/uploads\/2024\/09\/cupa-Florea-Grup-tenis-de-camp-6.jpg 1600w\" sizes=\"auto, (max-width: 1280px) 100vw, 1280px\" \/><\/a><\/figure>\n\n\n\n<figure class=\"wp-block-image size-large\"><a href=\"https:\/\/urbeamea.ro\/albaiulia\/wp-content\/uploads\/2024\/09\/cupa-Florea-Grup-tenis-de-camp-3.jpg\"><img loading=\"lazy\" decoding=\"async\" width=\"960\" height=\"1280\" data-id=\"114059\" src=\"https:\/\/urbeamea.ro\/albaiulia\/wp-content\/uploads\/2024\/09\/cupa-Florea-Grup-tenis-de-camp-3-960x1280.jpg\" alt=\"\" class=\"wp-image-114059\" srcset=\"https:\/\/urbeamea.ro\/albaiulia\/wp-content\/uploads\/2024\/09\/cupa-Florea-Grup-tenis-de-camp-3-960x1280.jpg 960w, https:\/\/urbeamea.ro\/albaiulia\/wp-content\/uploads\/2024\/09\/cupa-Florea-Grup-tenis-de-camp-3-480x640.jpg 480w, https:\/\/urbeamea.ro\/albaiulia\/wp-content\/uploads\/2024\/09\/cupa-Florea-Grup-tenis-de-camp-3-113x150.jpg 113w, https:\/\/urbeamea.ro\/albaiulia\/wp-content\/uploads\/2024\/09\/cupa-Florea-Grup-tenis-de-camp-3-768x1024.jpg 768w, https:\/\/urbeamea.ro\/albaiulia\/wp-content\/uploads\/2024\/09\/cupa-Florea-Grup-tenis-de-camp-3-1152x1536.jpg 1152w, https:\/\/urbeamea.ro\/albaiulia\/wp-content\/uploads\/2024\/09\/cupa-Florea-Grup-tenis-de-camp-3.jpg 1200w\" sizes=\"auto, (max-width: 960px) 100vw, 960px\" \/><\/a><\/figure>\n\n\n\n<figure class=\"wp-block-image size-large\"><a href=\"https:\/\/urbeamea.ro\/albaiulia\/wp-content\/uploads\/2024\/09\/cupa-Florea-Grup-tenis-de-camp-1.jpg\"><img loading=\"lazy\" decoding=\"async\" width=\"1280\" height=\"960\" data-id=\"114060\" src=\"https:\/\/urbeamea.ro\/albaiulia\/wp-content\/uploads\/2024\/09\/cupa-Florea-Grup-tenis-de-camp-1-1280x960.jpg\" alt=\"\" class=\"wp-image-114060\" srcset=\"https:\/\/urbeamea.ro\/albaiulia\/wp-content\/uploads\/2024\/09\/cupa-Florea-Grup-tenis-de-camp-1-1280x960.jpg 1280w, https:\/\/urbeamea.ro\/albaiulia\/wp-content\/uploads\/2024\/09\/cupa-Florea-Grup-tenis-de-camp-1-640x480.jpg 640w, https:\/\/urbeamea.ro\/albaiulia\/wp-content\/uploads\/2024\/09\/cupa-Florea-Grup-tenis-de-camp-1-150x113.jpg 150w, https:\/\/urbeamea.ro\/albaiulia\/wp-content\/uploads\/2024\/09\/cupa-Florea-Grup-tenis-de-camp-1-768x576.jpg 768w, https:\/\/urbeamea.ro\/albaiulia\/wp-content\/uploads\/2024\/09\/cupa-Florea-Grup-tenis-de-camp-1-1536x1152.jpg 1536w, https:\/\/urbeamea.ro\/albaiulia\/wp-content\/uploads\/2024\/09\/cupa-Florea-Grup-tenis-de-camp-1.jpg 1600w\" sizes=\"auto, (max-width: 1280px) 100vw, 1280px\" \/><\/a><\/figure>\n<\/figure>\n","protected":false},"excerpt":{"rendered":"<p>Florea Grup \u0219i Tenis Pro Linc\u0103 organizeaz\u0103, \u00een perioada 27-29 septembrie 2024, cea de-a zecea edi\u021bie a Cupei Florea Grup la tenis de c\u00e2mp, un eveniment sportiv de tradi\u021bie, care reune\u0219te pasiona\u021bii de tenis din \u00eentreaga \u021bar\u0103. Competi\u021bia se va desf\u0103\u0219ura pe terenurile Tenis Pro Linca din Alba Iulia, aduc\u00e2nd \u00een fa\u021ba publicului peste 60 &hellip;<\/p>\n","protected":false},"author":16,"featured_media":114061,"comment_status":"open","ping_status":"open","sticky":false,"template":"","format":"standard","meta":{"inline_featured_image":false,"footnotes":""},"categories":[4],"tags":[],"class_list":["post-114057","post","type-post","status-publish","format-standard","has-post-thumbnail","hentry","category-eveniment"],"yoast_head":"<!-- This site is optimized with the Yoast SEO plugin v27.4 - https:\/\/yoast.com\/product\/yoast-seo-wordpress\/ -->\n<title>Cupa Florea Grup la tenis de c\u00e2mp, edi\u021bia a X-a \u2013 27-29 septembrie 2024 - Revista Urbea Mea - Revista de Alba<\/title>\n<meta name=\"description\" content=\"Florea Grup \u0219i Tenis Pro Linc\u0103 organizeaz\u0103, \u00een perioada 27-29 septembrie 2024, cea de-a zecea edi\u021bie a Cupei Florea Grup la tenis de c\u00e2mp, un eveniment\" \/>\n<meta name=\"robots\" content=\"index, follow, max-snippet:-1, max-image-preview:large, max-video-preview:-1\" \/>\n<link rel=\"canonical\" href=\"https:\/\/urbeamea.ro\/albaiulia\/cupa-florea-grup-la-tenis-de-camp-editia-a-x-a-27-29-septembrie-2024\/\" \/>\n<meta name=\"twitter:card\" content=\"summary_large_image\" \/>\n<meta name=\"twitter:title\" content=\"Cupa Florea Grup la tenis de c\u00e2mp, edi\u021bia a X-a \u2013 27-29 septembrie 2024 - Revista Urbea Mea - Revista de Alba\" \/>\n<meta name=\"twitter:description\" content=\"Florea Grup \u0219i Tenis Pro Linc\u0103 organizeaz\u0103, \u00een perioada 27-29 septembrie 2024, cea de-a zecea edi\u021bie a Cupei Florea Grup la tenis de c\u00e2mp, un eveniment\" \/>\n<meta name=\"twitter:image\" content=\"https:\/\/urbeamea.ro\/albaiulia\/wp-content\/uploads\/2024\/09\/cupa-Florea-Grup-tenis-de-camp-10.jpg\" \/>\n<meta name=\"twitter:creator\" content=\"@urbeameaweb\" \/>\n<meta name=\"twitter:site\" content=\"@urbeameaweb\" \/>\n<script type=\"application\/ld+json\" class=\"yoast-schema-graph\">{\"@context\":\"https:\\\/\\\/schema.org\",\"@graph\":[{\"@type\":\"Article\",\"@id\":\"https:\\\/\\\/urbeamea.ro\\\/albaiulia\\\/cupa-florea-grup-la-tenis-de-camp-editia-a-x-a-27-29-septembrie-2024\\\/#article\",\"isPartOf\":{\"@id\":\"https:\\\/\\\/urbeamea.ro\\\/albaiulia\\\/cupa-florea-grup-la-tenis-de-camp-editia-a-x-a-27-29-septembrie-2024\\\/\"},\"author\":{\"name\":\"Redac\u021bia UrbeaMea\",\"@id\":\"https:\\\/\\\/urbeamea.ro\\\/albaiulia\\\/#\\\/schema\\\/person\\\/272ae98052f8ee8980f59848df070247\"},\"headline\":\"Cupa Florea Grup la tenis de c\u00e2mp, edi\u021bia a X-a \u2013 27-29 septembrie 2024\",\"datePublished\":\"2024-09-27T08:28:18+00:00\",\"dateModified\":\"2024-09-27T08:28:20+00:00\",\"mainEntityOfPage\":{\"@id\":\"https:\\\/\\\/urbeamea.ro\\\/albaiulia\\\/cupa-florea-grup-la-tenis-de-camp-editia-a-x-a-27-29-septembrie-2024\\\/\"},\"wordCount\":404,\"commentCount\":0,\"image\":{\"@id\":\"https:\\\/\\\/urbeamea.ro\\\/albaiulia\\\/cupa-florea-grup-la-tenis-de-camp-editia-a-x-a-27-29-septembrie-2024\\\/#primaryimage\"},\"thumbnailUrl\":\"https:\\\/\\\/urbeamea.ro\\\/albaiulia\\\/wp-content\\\/uploads\\\/2024\\\/09\\\/cupa-Florea-Grup-tenis-de-camp-10.jpg\",\"articleSection\":[\"Evenimente\"],\"inLanguage\":\"ro-RO\",\"potentialAction\":[{\"@type\":\"CommentAction\",\"name\":\"Comment\",\"target\":[\"https:\\\/\\\/urbeamea.ro\\\/albaiulia\\\/cupa-florea-grup-la-tenis-de-camp-editia-a-x-a-27-29-septembrie-2024\\\/#respond\"]}]},{\"@type\":\"WebPage\",\"@id\":\"https:\\\/\\\/urbeamea.ro\\\/albaiulia\\\/cupa-florea-grup-la-tenis-de-camp-editia-a-x-a-27-29-septembrie-2024\\\/\",\"url\":\"https:\\\/\\\/urbeamea.ro\\\/albaiulia\\\/cupa-florea-grup-la-tenis-de-camp-editia-a-x-a-27-29-septembrie-2024\\\/\",\"name\":\"Cupa Florea Grup la tenis de c\u00e2mp, edi\u021bia a X-a \u2013 27-29 septembrie 2024 - Revista Urbea Mea - Revista de Alba\",\"isPartOf\":{\"@id\":\"https:\\\/\\\/urbeamea.ro\\\/albaiulia\\\/#website\"},\"primaryImageOfPage\":{\"@id\":\"https:\\\/\\\/urbeamea.ro\\\/albaiulia\\\/cupa-florea-grup-la-tenis-de-camp-editia-a-x-a-27-29-septembrie-2024\\\/#primaryimage\"},\"image\":{\"@id\":\"https:\\\/\\\/urbeamea.ro\\\/albaiulia\\\/cupa-florea-grup-la-tenis-de-camp-editia-a-x-a-27-29-septembrie-2024\\\/#primaryimage\"},\"thumbnailUrl\":\"https:\\\/\\\/urbeamea.ro\\\/albaiulia\\\/wp-content\\\/uploads\\\/2024\\\/09\\\/cupa-Florea-Grup-tenis-de-camp-10.jpg\",\"datePublished\":\"2024-09-27T08:28:18+00:00\",\"dateModified\":\"2024-09-27T08:28:20+00:00\",\"author\":{\"@id\":\"https:\\\/\\\/urbeamea.ro\\\/albaiulia\\\/#\\\/schema\\\/person\\\/272ae98052f8ee8980f59848df070247\"},\"description\":\"Florea Grup \u0219i Tenis Pro Linc\u0103 organizeaz\u0103, \u00een perioada 27-29 septembrie 2024, cea de-a zecea edi\u021bie a Cupei Florea Grup la tenis de c\u00e2mp, un eveniment\",\"breadcrumb\":{\"@id\":\"https:\\\/\\\/urbeamea.ro\\\/albaiulia\\\/cupa-florea-grup-la-tenis-de-camp-editia-a-x-a-27-29-septembrie-2024\\\/#breadcrumb\"},\"inLanguage\":\"ro-RO\",\"potentialAction\":[{\"@type\":\"ReadAction\",\"target\":[\"https:\\\/\\\/urbeamea.ro\\\/albaiulia\\\/cupa-florea-grup-la-tenis-de-camp-editia-a-x-a-27-29-septembrie-2024\\\/\"]}]},{\"@type\":\"ImageObject\",\"inLanguage\":\"ro-RO\",\"@id\":\"https:\\\/\\\/urbeamea.ro\\\/albaiulia\\\/cupa-florea-grup-la-tenis-de-camp-editia-a-x-a-27-29-septembrie-2024\\\/#primaryimage\",\"url\":\"https:\\\/\\\/urbeamea.ro\\\/albaiulia\\\/wp-content\\\/uploads\\\/2024\\\/09\\\/cupa-Florea-Grup-tenis-de-camp-10.jpg\",\"contentUrl\":\"https:\\\/\\\/urbeamea.ro\\\/albaiulia\\\/wp-content\\\/uploads\\\/2024\\\/09\\\/cupa-Florea-Grup-tenis-de-camp-10.jpg\",\"width\":1600,\"height\":1200},{\"@type\":\"BreadcrumbList\",\"@id\":\"https:\\\/\\\/urbeamea.ro\\\/albaiulia\\\/cupa-florea-grup-la-tenis-de-camp-editia-a-x-a-27-29-septembrie-2024\\\/#breadcrumb\",\"itemListElement\":[{\"@type\":\"ListItem\",\"position\":1,\"name\":\"Prima pagin\u0103\",\"item\":\"https:\\\/\\\/urbeamea.ro\\\/albaiulia\\\/\"},{\"@type\":\"ListItem\",\"position\":2,\"name\":\"Cupa Florea Grup la tenis de c\u00e2mp, edi\u021bia a X-a \u2013 27-29 septembrie 2024\"}]},{\"@type\":\"WebSite\",\"@id\":\"https:\\\/\\\/urbeamea.ro\\\/albaiulia\\\/#website\",\"url\":\"https:\\\/\\\/urbeamea.ro\\\/albaiulia\\\/\",\"name\":\"Revista Urbea Mea, Stiri urbane\",\"description\":\"Evenimente \u0219i \u0219tiri din Alba Iulia, Sebe\u0219, Aiud, Blaj\",\"potentialAction\":[{\"@type\":\"SearchAction\",\"target\":{\"@type\":\"EntryPoint\",\"urlTemplate\":\"https:\\\/\\\/urbeamea.ro\\\/albaiulia\\\/?s={search_term_string}\"},\"query-input\":{\"@type\":\"PropertyValueSpecification\",\"valueRequired\":true,\"valueName\":\"search_term_string\"}}],\"inLanguage\":\"ro-RO\"},{\"@type\":\"Person\",\"@id\":\"https:\\\/\\\/urbeamea.ro\\\/albaiulia\\\/#\\\/schema\\\/person\\\/272ae98052f8ee8980f59848df070247\",\"name\":\"Redac\u021bia UrbeaMea\",\"image\":{\"@type\":\"ImageObject\",\"inLanguage\":\"ro-RO\",\"@id\":\"https:\\\/\\\/secure.gravatar.com\\\/avatar\\\/9ce5a9435071fa1037e8468053ead8e513dbbff59009d3069aadb85506d85a27?s=96&d=mm&r=g\",\"url\":\"https:\\\/\\\/secure.gravatar.com\\\/avatar\\\/9ce5a9435071fa1037e8468053ead8e513dbbff59009d3069aadb85506d85a27?s=96&d=mm&r=g\",\"contentUrl\":\"https:\\\/\\\/secure.gravatar.com\\\/avatar\\\/9ce5a9435071fa1037e8468053ead8e513dbbff59009d3069aadb85506d85a27?s=96&d=mm&r=g\",\"caption\":\"Redac\u021bia UrbeaMea\"},\"description\":\"contact@urbeamea.ro\",\"sameAs\":[\"https:\\\/\\\/www.urbeamea.ro\"],\"url\":\"https:\\\/\\\/urbeamea.ro\\\/albaiulia\\\/author\\\/redactia-urbeamea\\\/\"}]}<\/script>\n<!-- \/ Yoast SEO plugin. -->","yoast_head_json":{"title":"Cupa Florea Grup la tenis de c\u00e2mp, edi\u021bia a X-a \u2013 27-29 septembrie 2024 - Revista Urbea Mea - Revista de Alba","description":"Florea Grup \u0219i Tenis Pro Linc\u0103 organizeaz\u0103, \u00een perioada 27-29 septembrie 2024, cea de-a zecea edi\u021bie a Cupei Florea Grup la tenis de c\u00e2mp, un eveniment","robots":{"index":"index","follow":"follow","max-snippet":"max-snippet:-1","max-image-preview":"max-image-preview:large","max-video-preview":"max-video-preview:-1"},"canonical":"https:\/\/urbeamea.ro\/albaiulia\/cupa-florea-grup-la-tenis-de-camp-editia-a-x-a-27-29-septembrie-2024\/","twitter_card":"summary_large_image","twitter_title":"Cupa Florea Grup la tenis de c\u00e2mp, edi\u021bia a X-a \u2013 27-29 septembrie 2024 - Revista Urbea Mea - Revista de Alba","twitter_description":"Florea Grup \u0219i Tenis Pro Linc\u0103 organizeaz\u0103, \u00een perioada 27-29 septembrie 2024, cea de-a zecea edi\u021bie a Cupei Florea Grup la tenis de c\u00e2mp, un eveniment","twitter_image":"https:\/\/urbeamea.ro\/albaiulia\/wp-content\/uploads\/2024\/09\/cupa-Florea-Grup-tenis-de-camp-10.jpg","twitter_creator":"@urbeameaweb","twitter_site":"@urbeameaweb","schema":{"@context":"https:\/\/schema.org","@graph":[{"@type":"Article","@id":"https:\/\/urbeamea.ro\/albaiulia\/cupa-florea-grup-la-tenis-de-camp-editia-a-x-a-27-29-septembrie-2024\/#article","isPartOf":{"@id":"https:\/\/urbeamea.ro\/albaiulia\/cupa-florea-grup-la-tenis-de-camp-editia-a-x-a-27-29-septembrie-2024\/"},"author":{"name":"Redac\u021bia UrbeaMea","@id":"https:\/\/urbeamea.ro\/albaiulia\/#\/schema\/person\/272ae98052f8ee8980f59848df070247"},"headline":"Cupa Florea Grup la tenis de c\u00e2mp, edi\u021bia a X-a \u2013 27-29 septembrie 2024","datePublished":"2024-09-27T08:28:18+00:00","dateModified":"2024-09-27T08:28:20+00:00","mainEntityOfPage":{"@id":"https:\/\/urbeamea.ro\/albaiulia\/cupa-florea-grup-la-tenis-de-camp-editia-a-x-a-27-29-septembrie-2024\/"},"wordCount":404,"commentCount":0,"image":{"@id":"https:\/\/urbeamea.ro\/albaiulia\/cupa-florea-grup-la-tenis-de-camp-editia-a-x-a-27-29-septembrie-2024\/#primaryimage"},"thumbnailUrl":"https:\/\/urbeamea.ro\/albaiulia\/wp-content\/uploads\/2024\/09\/cupa-Florea-Grup-tenis-de-camp-10.jpg","articleSection":["Evenimente"],"inLanguage":"ro-RO","potentialAction":[{"@type":"CommentAction","name":"Comment","target":["https:\/\/urbeamea.ro\/albaiulia\/cupa-florea-grup-la-tenis-de-camp-editia-a-x-a-27-29-septembrie-2024\/#respond"]}]},{"@type":"WebPage","@id":"https:\/\/urbeamea.ro\/albaiulia\/cupa-florea-grup-la-tenis-de-camp-editia-a-x-a-27-29-septembrie-2024\/","url":"https:\/\/urbeamea.ro\/albaiulia\/cupa-florea-grup-la-tenis-de-camp-editia-a-x-a-27-29-septembrie-2024\/","name":"Cupa Florea Grup la tenis de c\u00e2mp, edi\u021bia a X-a \u2013 27-29 septembrie 2024 - Revista Urbea Mea - Revista de Alba","isPartOf":{"@id":"https:\/\/urbeamea.ro\/albaiulia\/#website"},"primaryImageOfPage":{"@id":"https:\/\/urbeamea.ro\/albaiulia\/cupa-florea-grup-la-tenis-de-camp-editia-a-x-a-27-29-septembrie-2024\/#primaryimage"},"image":{"@id":"https:\/\/urbeamea.ro\/albaiulia\/cupa-florea-grup-la-tenis-de-camp-editia-a-x-a-27-29-septembrie-2024\/#primaryimage"},"thumbnailUrl":"https:\/\/urbeamea.ro\/albaiulia\/wp-content\/uploads\/2024\/09\/cupa-Florea-Grup-tenis-de-camp-10.jpg","datePublished":"2024-09-27T08:28:18+00:00","dateModified":"2024-09-27T08:28:20+00:00","author":{"@id":"https:\/\/urbeamea.ro\/albaiulia\/#\/schema\/person\/272ae98052f8ee8980f59848df070247"},"description":"Florea Grup \u0219i Tenis Pro Linc\u0103 organizeaz\u0103, \u00een perioada 27-29 septembrie 2024, cea de-a zecea edi\u021bie a Cupei Florea Grup la tenis de c\u00e2mp, un eveniment","breadcrumb":{"@id":"https:\/\/urbeamea.ro\/albaiulia\/cupa-florea-grup-la-tenis-de-camp-editia-a-x-a-27-29-septembrie-2024\/#breadcrumb"},"inLanguage":"ro-RO","potentialAction":[{"@type":"ReadAction","target":["https:\/\/urbeamea.ro\/albaiulia\/cupa-florea-grup-la-tenis-de-camp-editia-a-x-a-27-29-septembrie-2024\/"]}]},{"@type":"ImageObject","inLanguage":"ro-RO","@id":"https:\/\/urbeamea.ro\/albaiulia\/cupa-florea-grup-la-tenis-de-camp-editia-a-x-a-27-29-septembrie-2024\/#primaryimage","url":"https:\/\/urbeamea.ro\/albaiulia\/wp-content\/uploads\/2024\/09\/cupa-Florea-Grup-tenis-de-camp-10.jpg","contentUrl":"https:\/\/urbeamea.ro\/albaiulia\/wp-content\/uploads\/2024\/09\/cupa-Florea-Grup-tenis-de-camp-10.jpg","width":1600,"height":1200},{"@type":"BreadcrumbList","@id":"https:\/\/urbeamea.ro\/albaiulia\/cupa-florea-grup-la-tenis-de-camp-editia-a-x-a-27-29-septembrie-2024\/#breadcrumb","itemListElement":[{"@type":"ListItem","position":1,"name":"Prima pagin\u0103","item":"https:\/\/urbeamea.ro\/albaiulia\/"},{"@type":"ListItem","position":2,"name":"Cupa Florea Grup la tenis de c\u00e2mp, edi\u021bia a X-a \u2013 27-29 septembrie 2024"}]},{"@type":"WebSite","@id":"https:\/\/urbeamea.ro\/albaiulia\/#website","url":"https:\/\/urbeamea.ro\/albaiulia\/","name":"Revista Urbea Mea, Stiri urbane","description":"Evenimente \u0219i \u0219tiri din Alba Iulia, Sebe\u0219, Aiud, Blaj","potentialAction":[{"@type":"SearchAction","target":{"@type":"EntryPoint","urlTemplate":"https:\/\/urbeamea.ro\/albaiulia\/?s={search_term_string}"},"query-input":{"@type":"PropertyValueSpecification","valueRequired":true,"valueName":"search_term_string"}}],"inLanguage":"ro-RO"},{"@type":"Person","@id":"https:\/\/urbeamea.ro\/albaiulia\/#\/schema\/person\/272ae98052f8ee8980f59848df070247","name":"Redac\u021bia UrbeaMea","image":{"@type":"ImageObject","inLanguage":"ro-RO","@id":"https:\/\/secure.gravatar.com\/avatar\/9ce5a9435071fa1037e8468053ead8e513dbbff59009d3069aadb85506d85a27?s=96&d=mm&r=g","url":"https:\/\/secure.gravatar.com\/avatar\/9ce5a9435071fa1037e8468053ead8e513dbbff59009d3069aadb85506d85a27?s=96&d=mm&r=g","contentUrl":"https:\/\/secure.gravatar.com\/avatar\/9ce5a9435071fa1037e8468053ead8e513dbbff59009d3069aadb85506d85a27?s=96&d=mm&r=g","caption":"Redac\u021bia UrbeaMea"},"description":"contact@urbeamea.ro","sameAs":["https:\/\/www.urbeamea.ro"],"url":"https:\/\/urbeamea.ro\/albaiulia\/author\/redactia-urbeamea\/"}]}},"_links":{"self":[{"href":"https:\/\/urbeamea.ro\/albaiulia\/wp-json\/wp\/v2\/posts\/114057","targetHints":{"allow":["GET"]}}],"collection":[{"href":"https:\/\/urbeamea.ro\/albaiulia\/wp-json\/wp\/v2\/posts"}],"about":[{"href":"https:\/\/urbeamea.ro\/albaiulia\/wp-json\/wp\/v2\/types\/post"}],"author":[{"embeddable":true,"href":"https:\/\/urbeamea.ro\/albaiulia\/wp-json\/wp\/v2\/users\/16"}],"replies":[{"embeddable":true,"href":"https:\/\/urbeamea.ro\/albaiulia\/wp-json\/wp\/v2\/comments?post=114057"}],"version-history":[{"count":1,"href":"https:\/\/urbeamea.ro\/albaiulia\/wp-json\/wp\/v2\/posts\/114057\/revisions"}],"predecessor-version":[{"id":114062,"href":"https:\/\/urbeamea.ro\/albaiulia\/wp-json\/wp\/v2\/posts\/114057\/revisions\/114062"}],"wp:featuredmedia":[{"embeddable":true,"href":"https:\/\/urbeamea.ro\/albaiulia\/wp-json\/wp\/v2\/media\/114061"}],"wp:attachment":[{"href":"https:\/\/urbeamea.ro\/albaiulia\/wp-json\/wp\/v2\/media?parent=114057"}],"wp:term":[{"taxonomy":"category","embeddable":true,"href":"https:\/\/urbeamea.ro\/albaiulia\/wp-json\/wp\/v2\/categories?post=114057"},{"taxonomy":"post_tag","embeddable":true,"href":"https:\/\/urbeamea.ro\/albaiulia\/wp-json\/wp\/v2\/tags?post=114057"}],"curies":[{"name":"wp","href":"https:\/\/api.w.org\/{rel}","templated":true}]}}