{"id":114074,"date":"2024-09-27T11:43:02","date_gmt":"2024-09-27T08:43:02","guid":{"rendered":"https:\/\/urbeamea.ro\/albaiulia\/?p=114074"},"modified":"2024-09-27T11:43:03","modified_gmt":"2024-09-27T08:43:03","slug":"anunt-concurs-incadrare-directa-rechemare-in-activitate-jandarmeria-alba","status":"publish","type":"post","link":"https:\/\/urbeamea.ro\/albaiulia\/anunt-concurs-incadrare-directa-rechemare-in-activitate-jandarmeria-alba\/","title":{"rendered":"Anun\u021b concurs \u00eencadrare direct\u0103\/rechemare \u00een activitate Jandarmeria Alba\u00a0\u00a0\u00a0\u00a0\u00a0\u00a0\u00a0\u00a0\u00a0\u00a0\u00a0\u00a0\u00a0\u00a0\u00a0\u00a0\u00a0\u00a0\u00a0\u00a0\u00a0\u00a0\u00a0\u00a0\u00a0\u00a0\u00a0\u00a0\u00a0\u00a0\u00a0\u00a0"},"content":{"rendered":"\n<p>Inspectoratul de Jandarmi Jude\u021bean Avram Iancu Alba organizeaz\u0103 concurs pentru \u00eencadrarea direct\u0103\/rechemare \u00een activitate a urm\u0103toarelor func\u021bii:<\/p>\n\n\n\n<p>&#8211; <strong>1 post Subofi\u021ber tehnic principal specialitatea ADMINISTRARE PATRIMONIU IMOBILIAR<\/strong><\/p>\n\n\n\n<p>Condi\u021bii \u0219i detalii despre concurs g\u0103si\u021bi pe <a href=\"https:\/\/hub.mai.gov.ro\/recrutare\/anunt\/view?id=5571\">https:\/\/hub.mai.gov.ro\/recrutare\/anunt\/view?id=5571<\/a><\/p>\n\n\n\n<p>&#8211; <strong>2 posturi Subofi\u021ber Operativ Principal specialitatea CONDUC\u0102TOR AUTO<\/strong><\/p>\n\n\n\n<p>Condi\u021bii \u0219i detalii despre concurs g\u0103si\u021bi pe<\/p>\n\n\n\n<p><a href=\"https:\/\/hub.mai.gov.ro\/recrutare\/anunt\/view?id=5572\">https:\/\/hub.mai.gov.ro\/recrutare\/anunt\/view?id=5572<\/a><\/p>\n\n\n\n<p>Data limita pentru depunerea dosarelor de \u00eenscriere este 11.10.2024, ora 23:59.<\/p>\n\n\n\n<p>Detalii suplimentare privind organizarea \u015fi desf\u0103\u0219urarea concursului pot fi ob\u0163inute de la Inspectoratul de Jandarmi Jude\u021bean Alba, telefon. 0258\/812318; 0258\/810525, Serviciul Resurse Umane interior 24535 , \u00een zilele de luni-vineri, \u00eentre orele 09.00-15.00.<\/p>\n\n\n\n<p>V\u0102 DORIM MULT SUCCES!<\/p>\n","protected":false},"excerpt":{"rendered":"<p>Inspectoratul de Jandarmi Jude\u021bean Avram Iancu Alba organizeaz\u0103 concurs pentru \u00eencadrarea direct\u0103\/rechemare \u00een activitate a urm\u0103toarelor func\u021bii: &#8211; 1 post Subofi\u021ber tehnic principal specialitatea ADMINISTRARE PATRIMONIU IMOBILIAR Condi\u021bii \u0219i detalii despre concurs g\u0103si\u021bi pe https:\/\/hub.mai.gov.ro\/recrutare\/anunt\/view?id=5571 &#8211; 2 posturi Subofi\u021ber Operativ Principal specialitatea CONDUC\u0102TOR AUTO Condi\u021bii \u0219i detalii despre concurs g\u0103si\u021bi pe https:\/\/hub.mai.gov.ro\/recrutare\/anunt\/view?id=5572 Data limita pentru &hellip;<\/p>\n","protected":false},"author":16,"featured_media":4566,"comment_status":"open","ping_status":"open","sticky":false,"template":"","format":"standard","meta":{"inline_featured_image":false,"footnotes":""},"categories":[2035],"tags":[],"class_list":["post-114074","post","type-post","status-publish","format-standard","has-post-thumbnail","hentry","category-administratie"],"yoast_head":"<!-- This site is optimized with the Yoast SEO plugin v27.4 - https:\/\/yoast.com\/product\/yoast-seo-wordpress\/ -->\n<title>Anun\u021b concurs \u00eencadrare direct\u0103\/rechemare \u00een activitate Jandarmeria Alba\u00a0\u00a0\u00a0\u00a0\u00a0\u00a0\u00a0\u00a0\u00a0\u00a0\u00a0\u00a0\u00a0\u00a0\u00a0\u00a0\u00a0\u00a0\u00a0\u00a0\u00a0\u00a0\u00a0\u00a0\u00a0\u00a0\u00a0\u00a0\u00a0\u00a0\u00a0\u00a0 - Revista Urbea Mea - Revista de Alba<\/title>\n<meta name=\"description\" content=\"Inspectoratul de Jandarmi Jude\u021bean Avram Iancu Alba organizeaz\u0103 concurs pentru \u00eencadrarea direct\u0103\/rechemare \u00een activitate a urm\u0103toarelor func\u021bii: - 1 post\" \/>\n<meta name=\"robots\" content=\"index, follow, max-snippet:-1, max-image-preview:large, max-video-preview:-1\" \/>\n<link rel=\"canonical\" href=\"https:\/\/urbeamea.ro\/albaiulia\/anunt-concurs-incadrare-directa-rechemare-in-activitate-jandarmeria-alba\/\" \/>\n<meta name=\"twitter:card\" content=\"summary_large_image\" \/>\n<meta name=\"twitter:title\" content=\"Anun\u021b concurs \u00eencadrare direct\u0103\/rechemare \u00een activitate Jandarmeria Alba\u00a0\u00a0\u00a0\u00a0\u00a0\u00a0\u00a0\u00a0\u00a0\u00a0\u00a0\u00a0\u00a0\u00a0\u00a0\u00a0\u00a0\u00a0\u00a0\u00a0\u00a0\u00a0\u00a0\u00a0\u00a0\u00a0\u00a0\u00a0\u00a0\u00a0\u00a0\u00a0 - Revista Urbea Mea - Revista de Alba\" \/>\n<meta name=\"twitter:description\" content=\"Inspectoratul de Jandarmi Jude\u021bean Avram Iancu Alba organizeaz\u0103 concurs pentru \u00eencadrarea direct\u0103\/rechemare \u00een activitate a urm\u0103toarelor func\u021bii: - 1 post\" \/>\n<meta name=\"twitter:image\" content=\"https:\/\/urbeamea.ro\/albaiulia\/wp-content\/uploads\/2015\/05\/jandarmi.jpg\" \/>\n<meta name=\"twitter:creator\" content=\"@urbeameaweb\" \/>\n<meta name=\"twitter:site\" content=\"@urbeameaweb\" \/>\n<script type=\"application\/ld+json\" class=\"yoast-schema-graph\">{\"@context\":\"https:\\\/\\\/schema.org\",\"@graph\":[{\"@type\":\"Article\",\"@id\":\"https:\\\/\\\/urbeamea.ro\\\/albaiulia\\\/anunt-concurs-incadrare-directa-rechemare-in-activitate-jandarmeria-alba\\\/#article\",\"isPartOf\":{\"@id\":\"https:\\\/\\\/urbeamea.ro\\\/albaiulia\\\/anunt-concurs-incadrare-directa-rechemare-in-activitate-jandarmeria-alba\\\/\"},\"author\":{\"name\":\"Redac\u021bia UrbeaMea\",\"@id\":\"https:\\\/\\\/urbeamea.ro\\\/albaiulia\\\/#\\\/schema\\\/person\\\/272ae98052f8ee8980f59848df070247\"},\"headline\":\"Anun\u021b concurs \u00eencadrare direct\u0103\\\/rechemare \u00een activitate Jandarmeria Alba\u00a0\u00a0\u00a0\u00a0\u00a0\u00a0\u00a0\u00a0\u00a0\u00a0\u00a0\u00a0\u00a0\u00a0\u00a0\u00a0\u00a0\u00a0\u00a0\u00a0\u00a0\u00a0\u00a0\u00a0\u00a0\u00a0\u00a0\u00a0\u00a0\u00a0\u00a0\u00a0\",\"datePublished\":\"2024-09-27T08:43:02+00:00\",\"dateModified\":\"2024-09-27T08:43:03+00:00\",\"mainEntityOfPage\":{\"@id\":\"https:\\\/\\\/urbeamea.ro\\\/albaiulia\\\/anunt-concurs-incadrare-directa-rechemare-in-activitate-jandarmeria-alba\\\/\"},\"wordCount\":133,\"commentCount\":0,\"image\":{\"@id\":\"https:\\\/\\\/urbeamea.ro\\\/albaiulia\\\/anunt-concurs-incadrare-directa-rechemare-in-activitate-jandarmeria-alba\\\/#primaryimage\"},\"thumbnailUrl\":\"https:\\\/\\\/urbeamea.ro\\\/albaiulia\\\/wp-content\\\/uploads\\\/2015\\\/05\\\/jandarmi.jpg\",\"articleSection\":[\"Administra\u021bie\"],\"inLanguage\":\"ro-RO\",\"potentialAction\":[{\"@type\":\"CommentAction\",\"name\":\"Comment\",\"target\":[\"https:\\\/\\\/urbeamea.ro\\\/albaiulia\\\/anunt-concurs-incadrare-directa-rechemare-in-activitate-jandarmeria-alba\\\/#respond\"]}]},{\"@type\":\"WebPage\",\"@id\":\"https:\\\/\\\/urbeamea.ro\\\/albaiulia\\\/anunt-concurs-incadrare-directa-rechemare-in-activitate-jandarmeria-alba\\\/\",\"url\":\"https:\\\/\\\/urbeamea.ro\\\/albaiulia\\\/anunt-concurs-incadrare-directa-rechemare-in-activitate-jandarmeria-alba\\\/\",\"name\":\"Anun\u021b concurs \u00eencadrare direct\u0103\\\/rechemare \u00een activitate Jandarmeria Alba\u00a0\u00a0\u00a0\u00a0\u00a0\u00a0\u00a0\u00a0\u00a0\u00a0\u00a0\u00a0\u00a0\u00a0\u00a0\u00a0\u00a0\u00a0\u00a0\u00a0\u00a0\u00a0\u00a0\u00a0\u00a0\u00a0\u00a0\u00a0\u00a0\u00a0\u00a0\u00a0 - Revista Urbea Mea - Revista de Alba\",\"isPartOf\":{\"@id\":\"https:\\\/\\\/urbeamea.ro\\\/albaiulia\\\/#website\"},\"primaryImageOfPage\":{\"@id\":\"https:\\\/\\\/urbeamea.ro\\\/albaiulia\\\/anunt-concurs-incadrare-directa-rechemare-in-activitate-jandarmeria-alba\\\/#primaryimage\"},\"image\":{\"@id\":\"https:\\\/\\\/urbeamea.ro\\\/albaiulia\\\/anunt-concurs-incadrare-directa-rechemare-in-activitate-jandarmeria-alba\\\/#primaryimage\"},\"thumbnailUrl\":\"https:\\\/\\\/urbeamea.ro\\\/albaiulia\\\/wp-content\\\/uploads\\\/2015\\\/05\\\/jandarmi.jpg\",\"datePublished\":\"2024-09-27T08:43:02+00:00\",\"dateModified\":\"2024-09-27T08:43:03+00:00\",\"author\":{\"@id\":\"https:\\\/\\\/urbeamea.ro\\\/albaiulia\\\/#\\\/schema\\\/person\\\/272ae98052f8ee8980f59848df070247\"},\"description\":\"Inspectoratul de Jandarmi Jude\u021bean Avram Iancu Alba organizeaz\u0103 concurs pentru \u00eencadrarea direct\u0103\\\/rechemare \u00een activitate a urm\u0103toarelor func\u021bii: - 1 post\",\"breadcrumb\":{\"@id\":\"https:\\\/\\\/urbeamea.ro\\\/albaiulia\\\/anunt-concurs-incadrare-directa-rechemare-in-activitate-jandarmeria-alba\\\/#breadcrumb\"},\"inLanguage\":\"ro-RO\",\"potentialAction\":[{\"@type\":\"ReadAction\",\"target\":[\"https:\\\/\\\/urbeamea.ro\\\/albaiulia\\\/anunt-concurs-incadrare-directa-rechemare-in-activitate-jandarmeria-alba\\\/\"]}]},{\"@type\":\"ImageObject\",\"inLanguage\":\"ro-RO\",\"@id\":\"https:\\\/\\\/urbeamea.ro\\\/albaiulia\\\/anunt-concurs-incadrare-directa-rechemare-in-activitate-jandarmeria-alba\\\/#primaryimage\",\"url\":\"https:\\\/\\\/urbeamea.ro\\\/albaiulia\\\/wp-content\\\/uploads\\\/2015\\\/05\\\/jandarmi.jpg\",\"contentUrl\":\"https:\\\/\\\/urbeamea.ro\\\/albaiulia\\\/wp-content\\\/uploads\\\/2015\\\/05\\\/jandarmi.jpg\",\"width\":700,\"height\":451},{\"@type\":\"BreadcrumbList\",\"@id\":\"https:\\\/\\\/urbeamea.ro\\\/albaiulia\\\/anunt-concurs-incadrare-directa-rechemare-in-activitate-jandarmeria-alba\\\/#breadcrumb\",\"itemListElement\":[{\"@type\":\"ListItem\",\"position\":1,\"name\":\"Prima pagin\u0103\",\"item\":\"https:\\\/\\\/urbeamea.ro\\\/albaiulia\\\/\"},{\"@type\":\"ListItem\",\"position\":2,\"name\":\"Anun\u021b concurs \u00eencadrare direct\u0103\\\/rechemare \u00een activitate Jandarmeria Alba\u00a0\u00a0\u00a0\u00a0\u00a0\u00a0\u00a0\u00a0\u00a0\u00a0\u00a0\u00a0\u00a0\u00a0\u00a0\u00a0\u00a0\u00a0\u00a0\u00a0\u00a0\u00a0\u00a0\u00a0\u00a0\u00a0\u00a0\u00a0\u00a0\u00a0\u00a0\u00a0\"}]},{\"@type\":\"WebSite\",\"@id\":\"https:\\\/\\\/urbeamea.ro\\\/albaiulia\\\/#website\",\"url\":\"https:\\\/\\\/urbeamea.ro\\\/albaiulia\\\/\",\"name\":\"Revista Urbea Mea, Stiri urbane\",\"description\":\"Evenimente \u0219i \u0219tiri din Alba Iulia, Sebe\u0219, Aiud, Blaj\",\"potentialAction\":[{\"@type\":\"SearchAction\",\"target\":{\"@type\":\"EntryPoint\",\"urlTemplate\":\"https:\\\/\\\/urbeamea.ro\\\/albaiulia\\\/?s={search_term_string}\"},\"query-input\":{\"@type\":\"PropertyValueSpecification\",\"valueRequired\":true,\"valueName\":\"search_term_string\"}}],\"inLanguage\":\"ro-RO\"},{\"@type\":\"Person\",\"@id\":\"https:\\\/\\\/urbeamea.ro\\\/albaiulia\\\/#\\\/schema\\\/person\\\/272ae98052f8ee8980f59848df070247\",\"name\":\"Redac\u021bia UrbeaMea\",\"image\":{\"@type\":\"ImageObject\",\"inLanguage\":\"ro-RO\",\"@id\":\"https:\\\/\\\/secure.gravatar.com\\\/avatar\\\/9ce5a9435071fa1037e8468053ead8e513dbbff59009d3069aadb85506d85a27?s=96&d=mm&r=g\",\"url\":\"https:\\\/\\\/secure.gravatar.com\\\/avatar\\\/9ce5a9435071fa1037e8468053ead8e513dbbff59009d3069aadb85506d85a27?s=96&d=mm&r=g\",\"contentUrl\":\"https:\\\/\\\/secure.gravatar.com\\\/avatar\\\/9ce5a9435071fa1037e8468053ead8e513dbbff59009d3069aadb85506d85a27?s=96&d=mm&r=g\",\"caption\":\"Redac\u021bia UrbeaMea\"},\"description\":\"contact@urbeamea.ro\",\"sameAs\":[\"https:\\\/\\\/www.urbeamea.ro\"],\"url\":\"https:\\\/\\\/urbeamea.ro\\\/albaiulia\\\/author\\\/redactia-urbeamea\\\/\"}]}<\/script>\n<!-- \/ Yoast SEO plugin. -->","yoast_head_json":{"title":"Anun\u021b concurs \u00eencadrare direct\u0103\/rechemare \u00een activitate Jandarmeria Alba\u00a0\u00a0\u00a0\u00a0\u00a0\u00a0\u00a0\u00a0\u00a0\u00a0\u00a0\u00a0\u00a0\u00a0\u00a0\u00a0\u00a0\u00a0\u00a0\u00a0\u00a0\u00a0\u00a0\u00a0\u00a0\u00a0\u00a0\u00a0\u00a0\u00a0\u00a0\u00a0 - Revista Urbea Mea - Revista de Alba","description":"Inspectoratul de Jandarmi Jude\u021bean Avram Iancu Alba organizeaz\u0103 concurs pentru \u00eencadrarea direct\u0103\/rechemare \u00een activitate a urm\u0103toarelor func\u021bii: - 1 post","robots":{"index":"index","follow":"follow","max-snippet":"max-snippet:-1","max-image-preview":"max-image-preview:large","max-video-preview":"max-video-preview:-1"},"canonical":"https:\/\/urbeamea.ro\/albaiulia\/anunt-concurs-incadrare-directa-rechemare-in-activitate-jandarmeria-alba\/","twitter_card":"summary_large_image","twitter_title":"Anun\u021b concurs \u00eencadrare direct\u0103\/rechemare \u00een activitate Jandarmeria Alba\u00a0\u00a0\u00a0\u00a0\u00a0\u00a0\u00a0\u00a0\u00a0\u00a0\u00a0\u00a0\u00a0\u00a0\u00a0\u00a0\u00a0\u00a0\u00a0\u00a0\u00a0\u00a0\u00a0\u00a0\u00a0\u00a0\u00a0\u00a0\u00a0\u00a0\u00a0\u00a0 - Revista Urbea Mea - Revista de Alba","twitter_description":"Inspectoratul de Jandarmi Jude\u021bean Avram Iancu Alba organizeaz\u0103 concurs pentru \u00eencadrarea direct\u0103\/rechemare \u00een activitate a urm\u0103toarelor func\u021bii: - 1 post","twitter_image":"https:\/\/urbeamea.ro\/albaiulia\/wp-content\/uploads\/2015\/05\/jandarmi.jpg","twitter_creator":"@urbeameaweb","twitter_site":"@urbeameaweb","schema":{"@context":"https:\/\/schema.org","@graph":[{"@type":"Article","@id":"https:\/\/urbeamea.ro\/albaiulia\/anunt-concurs-incadrare-directa-rechemare-in-activitate-jandarmeria-alba\/#article","isPartOf":{"@id":"https:\/\/urbeamea.ro\/albaiulia\/anunt-concurs-incadrare-directa-rechemare-in-activitate-jandarmeria-alba\/"},"author":{"name":"Redac\u021bia UrbeaMea","@id":"https:\/\/urbeamea.ro\/albaiulia\/#\/schema\/person\/272ae98052f8ee8980f59848df070247"},"headline":"Anun\u021b concurs \u00eencadrare direct\u0103\/rechemare \u00een activitate Jandarmeria Alba\u00a0\u00a0\u00a0\u00a0\u00a0\u00a0\u00a0\u00a0\u00a0\u00a0\u00a0\u00a0\u00a0\u00a0\u00a0\u00a0\u00a0\u00a0\u00a0\u00a0\u00a0\u00a0\u00a0\u00a0\u00a0\u00a0\u00a0\u00a0\u00a0\u00a0\u00a0\u00a0","datePublished":"2024-09-27T08:43:02+00:00","dateModified":"2024-09-27T08:43:03+00:00","mainEntityOfPage":{"@id":"https:\/\/urbeamea.ro\/albaiulia\/anunt-concurs-incadrare-directa-rechemare-in-activitate-jandarmeria-alba\/"},"wordCount":133,"commentCount":0,"image":{"@id":"https:\/\/urbeamea.ro\/albaiulia\/anunt-concurs-incadrare-directa-rechemare-in-activitate-jandarmeria-alba\/#primaryimage"},"thumbnailUrl":"https:\/\/urbeamea.ro\/albaiulia\/wp-content\/uploads\/2015\/05\/jandarmi.jpg","articleSection":["Administra\u021bie"],"inLanguage":"ro-RO","potentialAction":[{"@type":"CommentAction","name":"Comment","target":["https:\/\/urbeamea.ro\/albaiulia\/anunt-concurs-incadrare-directa-rechemare-in-activitate-jandarmeria-alba\/#respond"]}]},{"@type":"WebPage","@id":"https:\/\/urbeamea.ro\/albaiulia\/anunt-concurs-incadrare-directa-rechemare-in-activitate-jandarmeria-alba\/","url":"https:\/\/urbeamea.ro\/albaiulia\/anunt-concurs-incadrare-directa-rechemare-in-activitate-jandarmeria-alba\/","name":"Anun\u021b concurs \u00eencadrare direct\u0103\/rechemare \u00een activitate Jandarmeria Alba\u00a0\u00a0\u00a0\u00a0\u00a0\u00a0\u00a0\u00a0\u00a0\u00a0\u00a0\u00a0\u00a0\u00a0\u00a0\u00a0\u00a0\u00a0\u00a0\u00a0\u00a0\u00a0\u00a0\u00a0\u00a0\u00a0\u00a0\u00a0\u00a0\u00a0\u00a0\u00a0 - Revista Urbea Mea - Revista de Alba","isPartOf":{"@id":"https:\/\/urbeamea.ro\/albaiulia\/#website"},"primaryImageOfPage":{"@id":"https:\/\/urbeamea.ro\/albaiulia\/anunt-concurs-incadrare-directa-rechemare-in-activitate-jandarmeria-alba\/#primaryimage"},"image":{"@id":"https:\/\/urbeamea.ro\/albaiulia\/anunt-concurs-incadrare-directa-rechemare-in-activitate-jandarmeria-alba\/#primaryimage"},"thumbnailUrl":"https:\/\/urbeamea.ro\/albaiulia\/wp-content\/uploads\/2015\/05\/jandarmi.jpg","datePublished":"2024-09-27T08:43:02+00:00","dateModified":"2024-09-27T08:43:03+00:00","author":{"@id":"https:\/\/urbeamea.ro\/albaiulia\/#\/schema\/person\/272ae98052f8ee8980f59848df070247"},"description":"Inspectoratul de Jandarmi Jude\u021bean Avram Iancu Alba organizeaz\u0103 concurs pentru \u00eencadrarea direct\u0103\/rechemare \u00een activitate a urm\u0103toarelor func\u021bii: - 1 post","breadcrumb":{"@id":"https:\/\/urbeamea.ro\/albaiulia\/anunt-concurs-incadrare-directa-rechemare-in-activitate-jandarmeria-alba\/#breadcrumb"},"inLanguage":"ro-RO","potentialAction":[{"@type":"ReadAction","target":["https:\/\/urbeamea.ro\/albaiulia\/anunt-concurs-incadrare-directa-rechemare-in-activitate-jandarmeria-alba\/"]}]},{"@type":"ImageObject","inLanguage":"ro-RO","@id":"https:\/\/urbeamea.ro\/albaiulia\/anunt-concurs-incadrare-directa-rechemare-in-activitate-jandarmeria-alba\/#primaryimage","url":"https:\/\/urbeamea.ro\/albaiulia\/wp-content\/uploads\/2015\/05\/jandarmi.jpg","contentUrl":"https:\/\/urbeamea.ro\/albaiulia\/wp-content\/uploads\/2015\/05\/jandarmi.jpg","width":700,"height":451},{"@type":"BreadcrumbList","@id":"https:\/\/urbeamea.ro\/albaiulia\/anunt-concurs-incadrare-directa-rechemare-in-activitate-jandarmeria-alba\/#breadcrumb","itemListElement":[{"@type":"ListItem","position":1,"name":"Prima pagin\u0103","item":"https:\/\/urbeamea.ro\/albaiulia\/"},{"@type":"ListItem","position":2,"name":"Anun\u021b concurs \u00eencadrare direct\u0103\/rechemare \u00een activitate Jandarmeria Alba\u00a0\u00a0\u00a0\u00a0\u00a0\u00a0\u00a0\u00a0\u00a0\u00a0\u00a0\u00a0\u00a0\u00a0\u00a0\u00a0\u00a0\u00a0\u00a0\u00a0\u00a0\u00a0\u00a0\u00a0\u00a0\u00a0\u00a0\u00a0\u00a0\u00a0\u00a0\u00a0"}]},{"@type":"WebSite","@id":"https:\/\/urbeamea.ro\/albaiulia\/#website","url":"https:\/\/urbeamea.ro\/albaiulia\/","name":"Revista Urbea Mea, Stiri urbane","description":"Evenimente \u0219i \u0219tiri din Alba Iulia, Sebe\u0219, Aiud, Blaj","potentialAction":[{"@type":"SearchAction","target":{"@type":"EntryPoint","urlTemplate":"https:\/\/urbeamea.ro\/albaiulia\/?s={search_term_string}"},"query-input":{"@type":"PropertyValueSpecification","valueRequired":true,"valueName":"search_term_string"}}],"inLanguage":"ro-RO"},{"@type":"Person","@id":"https:\/\/urbeamea.ro\/albaiulia\/#\/schema\/person\/272ae98052f8ee8980f59848df070247","name":"Redac\u021bia UrbeaMea","image":{"@type":"ImageObject","inLanguage":"ro-RO","@id":"https:\/\/secure.gravatar.com\/avatar\/9ce5a9435071fa1037e8468053ead8e513dbbff59009d3069aadb85506d85a27?s=96&d=mm&r=g","url":"https:\/\/secure.gravatar.com\/avatar\/9ce5a9435071fa1037e8468053ead8e513dbbff59009d3069aadb85506d85a27?s=96&d=mm&r=g","contentUrl":"https:\/\/secure.gravatar.com\/avatar\/9ce5a9435071fa1037e8468053ead8e513dbbff59009d3069aadb85506d85a27?s=96&d=mm&r=g","caption":"Redac\u021bia UrbeaMea"},"description":"contact@urbeamea.ro","sameAs":["https:\/\/www.urbeamea.ro"],"url":"https:\/\/urbeamea.ro\/albaiulia\/author\/redactia-urbeamea\/"}]}},"_links":{"self":[{"href":"https:\/\/urbeamea.ro\/albaiulia\/wp-json\/wp\/v2\/posts\/114074","targetHints":{"allow":["GET"]}}],"collection":[{"href":"https:\/\/urbeamea.ro\/albaiulia\/wp-json\/wp\/v2\/posts"}],"about":[{"href":"https:\/\/urbeamea.ro\/albaiulia\/wp-json\/wp\/v2\/types\/post"}],"author":[{"embeddable":true,"href":"https:\/\/urbeamea.ro\/albaiulia\/wp-json\/wp\/v2\/users\/16"}],"replies":[{"embeddable":true,"href":"https:\/\/urbeamea.ro\/albaiulia\/wp-json\/wp\/v2\/comments?post=114074"}],"version-history":[{"count":1,"href":"https:\/\/urbeamea.ro\/albaiulia\/wp-json\/wp\/v2\/posts\/114074\/revisions"}],"predecessor-version":[{"id":114075,"href":"https:\/\/urbeamea.ro\/albaiulia\/wp-json\/wp\/v2\/posts\/114074\/revisions\/114075"}],"wp:featuredmedia":[{"embeddable":true,"href":"https:\/\/urbeamea.ro\/albaiulia\/wp-json\/wp\/v2\/media\/4566"}],"wp:attachment":[{"href":"https:\/\/urbeamea.ro\/albaiulia\/wp-json\/wp\/v2\/media?parent=114074"}],"wp:term":[{"taxonomy":"category","embeddable":true,"href":"https:\/\/urbeamea.ro\/albaiulia\/wp-json\/wp\/v2\/categories?post=114074"},{"taxonomy":"post_tag","embeddable":true,"href":"https:\/\/urbeamea.ro\/albaiulia\/wp-json\/wp\/v2\/tags?post=114074"}],"curies":[{"name":"wp","href":"https:\/\/api.w.org\/{rel}","templated":true}]}}