{"id":114285,"date":"2024-10-09T21:11:41","date_gmt":"2024-10-09T18:11:41","guid":{"rendered":"https:\/\/urbeamea.ro\/albaiulia\/?p=114285"},"modified":"2024-10-09T21:11:43","modified_gmt":"2024-10-09T18:11:43","slug":"11-strazi-din-municipiul-alba-iulia-vor-beneficia-de-extinderea-retelei-de-apa-si-canalizare","status":"publish","type":"post","link":"https:\/\/urbeamea.ro\/albaiulia\/11-strazi-din-municipiul-alba-iulia-vor-beneficia-de-extinderea-retelei-de-apa-si-canalizare\/","title":{"rendered":"11 str\u0103zi din municipiul Alba Iulia, vor beneficia de extinderea re\u021belei de ap\u0103 \u0219i canalizare"},"content":{"rendered":"\n<p><strong>Pe 11 str\u0103zi din municipiul Alba Iulia, vor fi extinse \u00een luna octombrie, re\u021beaua de ap\u0103 \u0219i canalizare.<\/strong><\/p>\n\n\n\n<p>Str\u0103zile care vor beneficia de extinderea re\u021belei de utilit\u0103\u021bi sunt: Lotru, Stufului, P\u0103p\u0103diei, Socului, F\u0103getului, Gutuiului, Pepinierei, Ana Ip\u0103tescu, Rojomal, Theodor Pallady \u0219i Ienup\u0103rului.<\/p>\n\n\n\n<p>Anun\u021bul a fost f\u0103cut de c\u0103tre primarul muncipiului Alba Iulia, Gabriel Ple\u0219a prin intermediul paginii de socializare.<\/p>\n\n\n\n<figure class=\"wp-block-image size-full\"><img loading=\"lazy\" decoding=\"async\" width=\"1080\" height=\"577\" src=\"https:\/\/urbeamea.ro\/albaiulia\/wp-content\/uploads\/2024\/10\/1000014926.jpg\" alt=\"\" class=\"wp-image-114286\" srcset=\"https:\/\/urbeamea.ro\/albaiulia\/wp-content\/uploads\/2024\/10\/1000014926.jpg 1080w, https:\/\/urbeamea.ro\/albaiulia\/wp-content\/uploads\/2024\/10\/1000014926-640x342.jpg 640w, https:\/\/urbeamea.ro\/albaiulia\/wp-content\/uploads\/2024\/10\/1000014926-150x80.jpg 150w, https:\/\/urbeamea.ro\/albaiulia\/wp-content\/uploads\/2024\/10\/1000014926-768x410.jpg 768w\" sizes=\"auto, (max-width: 1080px) 100vw, 1080px\" \/><\/figure>\n\n\n\n<p>&#8222;<em>Am semnat ieri contractul prin care pe str\u0103zile Lotru, Stufului, P\u0103p\u0103diei, Socului, F\u0103getului, Gutuiului, Pepinierei, Ana Ip\u0103tescu, Rojomal, Theodor Pallady \u0219i Ienup\u0103rului vom extinde re\u021belele de ap\u0103 (cu bran\u0219amente) \u0219i canalizare (cu racorduri).<\/em><\/p>\n\n\n\n<p><em>Este o investi\u021bie necesar\u0103 locuitorilor de pe aceste str\u0103zi, care va contribui \u0219i la reducerea polu\u0103rii mediului, prin eliminarea foselor individuale sau a pu\u021burilor absorbante folosite pentru evacuarea apelor menajere. <\/em><\/p>\n\n\n\n<p>Deversarea acestora se va face gravita\u021bional \u0219i prin pompare, \u00een acest sens urm\u00e2nd s\u0103 fie realizate cinci sta\u021bii de pompare.\u00cen urma desf\u0103\u0219ur\u0103rii procedurii legale de atribuire, lucr\u0103rile vor fi executate de asocierea Ontime Instal SRL \u2013 DPN Instal SRL \u2013 Gopro Infrastructure SRL, valoarea total\u0103 a contractului fiind de  5.835.526 lei + TVA, investi\u021bia fiind finan\u021bat\u0103 prin PNRR.\u00cempreun\u0103 facem din Alba Iulia un loc mai bun, a transmis, miercuri, primarul Gabriel Ple\u0219a.<\/p>\n\n\n\n<figure class=\"wp-block-gallery has-nested-images columns-default is-cropped wp-block-gallery-1 is-layout-flex wp-block-gallery-is-layout-flex\">\n<figure class=\"wp-block-image size-large\"><img loading=\"lazy\" decoding=\"async\" width=\"1080\" height=\"823\" data-id=\"114287\" src=\"https:\/\/urbeamea.ro\/albaiulia\/wp-content\/uploads\/2024\/10\/1000014927.jpg\" alt=\"\" class=\"wp-image-114287\" srcset=\"https:\/\/urbeamea.ro\/albaiulia\/wp-content\/uploads\/2024\/10\/1000014927.jpg 1080w, https:\/\/urbeamea.ro\/albaiulia\/wp-content\/uploads\/2024\/10\/1000014927-640x488.jpg 640w, https:\/\/urbeamea.ro\/albaiulia\/wp-content\/uploads\/2024\/10\/1000014927-150x114.jpg 150w, https:\/\/urbeamea.ro\/albaiulia\/wp-content\/uploads\/2024\/10\/1000014927-768x585.jpg 768w\" sizes=\"auto, (max-width: 1080px) 100vw, 1080px\" \/><\/figure>\n<\/figure>\n","protected":false},"excerpt":{"rendered":"<p>Pe 11 str\u0103zi din municipiul Alba Iulia, vor fi extinse \u00een luna octombrie, re\u021beaua de ap\u0103 \u0219i canalizare. Str\u0103zile care vor beneficia de extinderea re\u021belei de utilit\u0103\u021bi sunt: Lotru, Stufului, P\u0103p\u0103diei, Socului, F\u0103getului, Gutuiului, Pepinierei, Ana Ip\u0103tescu, Rojomal, Theodor Pallady \u0219i Ienup\u0103rului. Anun\u021bul a fost f\u0103cut de c\u0103tre primarul muncipiului Alba Iulia, Gabriel Ple\u0219a prin &hellip;<\/p>\n","protected":false},"author":28,"featured_media":114286,"comment_status":"open","ping_status":"open","sticky":false,"template":"","format":"standard","meta":{"inline_featured_image":false,"footnotes":""},"categories":[23926,2035,2034,16344],"tags":[6963,934],"class_list":["post-114285","post","type-post","status-publish","format-standard","has-post-thumbnail","hentry","category-actualitate","category-administratie","category-social","category-urbea-mea","tag-canalizare","tag-gabriel-plesa"],"yoast_head":"<!-- This site is optimized with the Yoast SEO plugin v27.4 - https:\/\/yoast.com\/product\/yoast-seo-wordpress\/ -->\n<title>11 str\u0103zi din municipiul Alba Iulia, vor beneficia de extinderea re\u021belei de ap\u0103 \u0219i canalizare - Revista Urbea Mea - Revista de Alba<\/title>\n<meta name=\"description\" content=\"Pe 11 str\u0103zi din municipiul Alba Iulia, vor fi extinse \u00een luna octombrie, re\u021beaua de ap\u0103 \u0219i canalizare. Str\u0103zile care vor beneficia de extinderea re\u021belei\" \/>\n<meta name=\"robots\" content=\"index, follow, max-snippet:-1, max-image-preview:large, max-video-preview:-1\" \/>\n<link rel=\"canonical\" href=\"https:\/\/urbeamea.ro\/albaiulia\/11-strazi-din-municipiul-alba-iulia-vor-beneficia-de-extinderea-retelei-de-apa-si-canalizare\/\" \/>\n<meta name=\"twitter:card\" content=\"summary_large_image\" \/>\n<meta name=\"twitter:title\" content=\"11 str\u0103zi din municipiul Alba Iulia, vor beneficia de extinderea re\u021belei de ap\u0103 \u0219i canalizare - Revista Urbea Mea - Revista de Alba\" \/>\n<meta name=\"twitter:description\" content=\"Pe 11 str\u0103zi din municipiul Alba Iulia, vor fi extinse \u00een luna octombrie, re\u021beaua de ap\u0103 \u0219i canalizare. Str\u0103zile care vor beneficia de extinderea re\u021belei\" \/>\n<meta name=\"twitter:image\" content=\"https:\/\/urbeamea.ro\/albaiulia\/wp-content\/uploads\/2024\/10\/1000014926.jpg\" \/>\n<meta name=\"twitter:creator\" content=\"@urbeameaweb\" \/>\n<meta name=\"twitter:site\" content=\"@urbeameaweb\" \/>\n<script type=\"application\/ld+json\" class=\"yoast-schema-graph\">{\"@context\":\"https:\\\/\\\/schema.org\",\"@graph\":[{\"@type\":\"Article\",\"@id\":\"https:\\\/\\\/urbeamea.ro\\\/albaiulia\\\/11-strazi-din-municipiul-alba-iulia-vor-beneficia-de-extinderea-retelei-de-apa-si-canalizare\\\/#article\",\"isPartOf\":{\"@id\":\"https:\\\/\\\/urbeamea.ro\\\/albaiulia\\\/11-strazi-din-municipiul-alba-iulia-vor-beneficia-de-extinderea-retelei-de-apa-si-canalizare\\\/\"},\"author\":{\"name\":\"Giurca Sorin\",\"@id\":\"https:\\\/\\\/urbeamea.ro\\\/albaiulia\\\/#\\\/schema\\\/person\\\/5db3854ac38c1cc9f0ab4092d6a20f02\"},\"headline\":\"11 str\u0103zi din municipiul Alba Iulia, vor beneficia de extinderea re\u021belei de ap\u0103 \u0219i canalizare\",\"datePublished\":\"2024-10-09T18:11:41+00:00\",\"dateModified\":\"2024-10-09T18:11:43+00:00\",\"mainEntityOfPage\":{\"@id\":\"https:\\\/\\\/urbeamea.ro\\\/albaiulia\\\/11-strazi-din-municipiul-alba-iulia-vor-beneficia-de-extinderea-retelei-de-apa-si-canalizare\\\/\"},\"wordCount\":242,\"commentCount\":0,\"image\":{\"@id\":\"https:\\\/\\\/urbeamea.ro\\\/albaiulia\\\/11-strazi-din-municipiul-alba-iulia-vor-beneficia-de-extinderea-retelei-de-apa-si-canalizare\\\/#primaryimage\"},\"thumbnailUrl\":\"https:\\\/\\\/urbeamea.ro\\\/albaiulia\\\/wp-content\\\/uploads\\\/2024\\\/10\\\/1000014926.jpg\",\"keywords\":[\"canalizare\",\"gabriel plesa\"],\"articleSection\":[\"Actualitate\",\"Administra\u021bie\",\"Social\",\"Urbea Mea\"],\"inLanguage\":\"ro-RO\",\"potentialAction\":[{\"@type\":\"CommentAction\",\"name\":\"Comment\",\"target\":[\"https:\\\/\\\/urbeamea.ro\\\/albaiulia\\\/11-strazi-din-municipiul-alba-iulia-vor-beneficia-de-extinderea-retelei-de-apa-si-canalizare\\\/#respond\"]}]},{\"@type\":\"WebPage\",\"@id\":\"https:\\\/\\\/urbeamea.ro\\\/albaiulia\\\/11-strazi-din-municipiul-alba-iulia-vor-beneficia-de-extinderea-retelei-de-apa-si-canalizare\\\/\",\"url\":\"https:\\\/\\\/urbeamea.ro\\\/albaiulia\\\/11-strazi-din-municipiul-alba-iulia-vor-beneficia-de-extinderea-retelei-de-apa-si-canalizare\\\/\",\"name\":\"11 str\u0103zi din municipiul Alba Iulia, vor beneficia de extinderea re\u021belei de ap\u0103 \u0219i canalizare - Revista Urbea Mea - Revista de Alba\",\"isPartOf\":{\"@id\":\"https:\\\/\\\/urbeamea.ro\\\/albaiulia\\\/#website\"},\"primaryImageOfPage\":{\"@id\":\"https:\\\/\\\/urbeamea.ro\\\/albaiulia\\\/11-strazi-din-municipiul-alba-iulia-vor-beneficia-de-extinderea-retelei-de-apa-si-canalizare\\\/#primaryimage\"},\"image\":{\"@id\":\"https:\\\/\\\/urbeamea.ro\\\/albaiulia\\\/11-strazi-din-municipiul-alba-iulia-vor-beneficia-de-extinderea-retelei-de-apa-si-canalizare\\\/#primaryimage\"},\"thumbnailUrl\":\"https:\\\/\\\/urbeamea.ro\\\/albaiulia\\\/wp-content\\\/uploads\\\/2024\\\/10\\\/1000014926.jpg\",\"datePublished\":\"2024-10-09T18:11:41+00:00\",\"dateModified\":\"2024-10-09T18:11:43+00:00\",\"author\":{\"@id\":\"https:\\\/\\\/urbeamea.ro\\\/albaiulia\\\/#\\\/schema\\\/person\\\/5db3854ac38c1cc9f0ab4092d6a20f02\"},\"description\":\"Pe 11 str\u0103zi din municipiul Alba Iulia, vor fi extinse \u00een luna octombrie, re\u021beaua de ap\u0103 \u0219i canalizare. Str\u0103zile care vor beneficia de extinderea re\u021belei\",\"breadcrumb\":{\"@id\":\"https:\\\/\\\/urbeamea.ro\\\/albaiulia\\\/11-strazi-din-municipiul-alba-iulia-vor-beneficia-de-extinderea-retelei-de-apa-si-canalizare\\\/#breadcrumb\"},\"inLanguage\":\"ro-RO\",\"potentialAction\":[{\"@type\":\"ReadAction\",\"target\":[\"https:\\\/\\\/urbeamea.ro\\\/albaiulia\\\/11-strazi-din-municipiul-alba-iulia-vor-beneficia-de-extinderea-retelei-de-apa-si-canalizare\\\/\"]}]},{\"@type\":\"ImageObject\",\"inLanguage\":\"ro-RO\",\"@id\":\"https:\\\/\\\/urbeamea.ro\\\/albaiulia\\\/11-strazi-din-municipiul-alba-iulia-vor-beneficia-de-extinderea-retelei-de-apa-si-canalizare\\\/#primaryimage\",\"url\":\"https:\\\/\\\/urbeamea.ro\\\/albaiulia\\\/wp-content\\\/uploads\\\/2024\\\/10\\\/1000014926.jpg\",\"contentUrl\":\"https:\\\/\\\/urbeamea.ro\\\/albaiulia\\\/wp-content\\\/uploads\\\/2024\\\/10\\\/1000014926.jpg\",\"width\":1080,\"height\":577},{\"@type\":\"BreadcrumbList\",\"@id\":\"https:\\\/\\\/urbeamea.ro\\\/albaiulia\\\/11-strazi-din-municipiul-alba-iulia-vor-beneficia-de-extinderea-retelei-de-apa-si-canalizare\\\/#breadcrumb\",\"itemListElement\":[{\"@type\":\"ListItem\",\"position\":1,\"name\":\"Prima pagin\u0103\",\"item\":\"https:\\\/\\\/urbeamea.ro\\\/albaiulia\\\/\"},{\"@type\":\"ListItem\",\"position\":2,\"name\":\"11 str\u0103zi din municipiul Alba Iulia, vor beneficia de extinderea re\u021belei de ap\u0103 \u0219i canalizare\"}]},{\"@type\":\"WebSite\",\"@id\":\"https:\\\/\\\/urbeamea.ro\\\/albaiulia\\\/#website\",\"url\":\"https:\\\/\\\/urbeamea.ro\\\/albaiulia\\\/\",\"name\":\"Revista Urbea Mea, Stiri urbane\",\"description\":\"Evenimente \u0219i \u0219tiri din Alba Iulia, Sebe\u0219, Aiud, Blaj\",\"potentialAction\":[{\"@type\":\"SearchAction\",\"target\":{\"@type\":\"EntryPoint\",\"urlTemplate\":\"https:\\\/\\\/urbeamea.ro\\\/albaiulia\\\/?s={search_term_string}\"},\"query-input\":{\"@type\":\"PropertyValueSpecification\",\"valueRequired\":true,\"valueName\":\"search_term_string\"}}],\"inLanguage\":\"ro-RO\"},{\"@type\":\"Person\",\"@id\":\"https:\\\/\\\/urbeamea.ro\\\/albaiulia\\\/#\\\/schema\\\/person\\\/5db3854ac38c1cc9f0ab4092d6a20f02\",\"name\":\"Giurca Sorin\",\"image\":{\"@type\":\"ImageObject\",\"inLanguage\":\"ro-RO\",\"@id\":\"https:\\\/\\\/secure.gravatar.com\\\/avatar\\\/120f6fcae7b3b47a7730cb9943f612f4909f68ac5284b5f40ac1c4615fd70576?s=96&d=mm&r=g\",\"url\":\"https:\\\/\\\/secure.gravatar.com\\\/avatar\\\/120f6fcae7b3b47a7730cb9943f612f4909f68ac5284b5f40ac1c4615fd70576?s=96&d=mm&r=g\",\"contentUrl\":\"https:\\\/\\\/secure.gravatar.com\\\/avatar\\\/120f6fcae7b3b47a7730cb9943f612f4909f68ac5284b5f40ac1c4615fd70576?s=96&d=mm&r=g\",\"caption\":\"Giurca Sorin\"},\"url\":\"https:\\\/\\\/urbeamea.ro\\\/albaiulia\\\/author\\\/sorin\\\/\"}]}<\/script>\n<!-- \/ Yoast SEO plugin. -->","yoast_head_json":{"title":"11 str\u0103zi din municipiul Alba Iulia, vor beneficia de extinderea re\u021belei de ap\u0103 \u0219i canalizare - Revista Urbea Mea - Revista de Alba","description":"Pe 11 str\u0103zi din municipiul Alba Iulia, vor fi extinse \u00een luna octombrie, re\u021beaua de ap\u0103 \u0219i canalizare. Str\u0103zile care vor beneficia de extinderea re\u021belei","robots":{"index":"index","follow":"follow","max-snippet":"max-snippet:-1","max-image-preview":"max-image-preview:large","max-video-preview":"max-video-preview:-1"},"canonical":"https:\/\/urbeamea.ro\/albaiulia\/11-strazi-din-municipiul-alba-iulia-vor-beneficia-de-extinderea-retelei-de-apa-si-canalizare\/","twitter_card":"summary_large_image","twitter_title":"11 str\u0103zi din municipiul Alba Iulia, vor beneficia de extinderea re\u021belei de ap\u0103 \u0219i canalizare - Revista Urbea Mea - Revista de Alba","twitter_description":"Pe 11 str\u0103zi din municipiul Alba Iulia, vor fi extinse \u00een luna octombrie, re\u021beaua de ap\u0103 \u0219i canalizare. Str\u0103zile care vor beneficia de extinderea re\u021belei","twitter_image":"https:\/\/urbeamea.ro\/albaiulia\/wp-content\/uploads\/2024\/10\/1000014926.jpg","twitter_creator":"@urbeameaweb","twitter_site":"@urbeameaweb","schema":{"@context":"https:\/\/schema.org","@graph":[{"@type":"Article","@id":"https:\/\/urbeamea.ro\/albaiulia\/11-strazi-din-municipiul-alba-iulia-vor-beneficia-de-extinderea-retelei-de-apa-si-canalizare\/#article","isPartOf":{"@id":"https:\/\/urbeamea.ro\/albaiulia\/11-strazi-din-municipiul-alba-iulia-vor-beneficia-de-extinderea-retelei-de-apa-si-canalizare\/"},"author":{"name":"Giurca Sorin","@id":"https:\/\/urbeamea.ro\/albaiulia\/#\/schema\/person\/5db3854ac38c1cc9f0ab4092d6a20f02"},"headline":"11 str\u0103zi din municipiul Alba Iulia, vor beneficia de extinderea re\u021belei de ap\u0103 \u0219i canalizare","datePublished":"2024-10-09T18:11:41+00:00","dateModified":"2024-10-09T18:11:43+00:00","mainEntityOfPage":{"@id":"https:\/\/urbeamea.ro\/albaiulia\/11-strazi-din-municipiul-alba-iulia-vor-beneficia-de-extinderea-retelei-de-apa-si-canalizare\/"},"wordCount":242,"commentCount":0,"image":{"@id":"https:\/\/urbeamea.ro\/albaiulia\/11-strazi-din-municipiul-alba-iulia-vor-beneficia-de-extinderea-retelei-de-apa-si-canalizare\/#primaryimage"},"thumbnailUrl":"https:\/\/urbeamea.ro\/albaiulia\/wp-content\/uploads\/2024\/10\/1000014926.jpg","keywords":["canalizare","gabriel plesa"],"articleSection":["Actualitate","Administra\u021bie","Social","Urbea Mea"],"inLanguage":"ro-RO","potentialAction":[{"@type":"CommentAction","name":"Comment","target":["https:\/\/urbeamea.ro\/albaiulia\/11-strazi-din-municipiul-alba-iulia-vor-beneficia-de-extinderea-retelei-de-apa-si-canalizare\/#respond"]}]},{"@type":"WebPage","@id":"https:\/\/urbeamea.ro\/albaiulia\/11-strazi-din-municipiul-alba-iulia-vor-beneficia-de-extinderea-retelei-de-apa-si-canalizare\/","url":"https:\/\/urbeamea.ro\/albaiulia\/11-strazi-din-municipiul-alba-iulia-vor-beneficia-de-extinderea-retelei-de-apa-si-canalizare\/","name":"11 str\u0103zi din municipiul Alba Iulia, vor beneficia de extinderea re\u021belei de ap\u0103 \u0219i canalizare - Revista Urbea Mea - Revista de Alba","isPartOf":{"@id":"https:\/\/urbeamea.ro\/albaiulia\/#website"},"primaryImageOfPage":{"@id":"https:\/\/urbeamea.ro\/albaiulia\/11-strazi-din-municipiul-alba-iulia-vor-beneficia-de-extinderea-retelei-de-apa-si-canalizare\/#primaryimage"},"image":{"@id":"https:\/\/urbeamea.ro\/albaiulia\/11-strazi-din-municipiul-alba-iulia-vor-beneficia-de-extinderea-retelei-de-apa-si-canalizare\/#primaryimage"},"thumbnailUrl":"https:\/\/urbeamea.ro\/albaiulia\/wp-content\/uploads\/2024\/10\/1000014926.jpg","datePublished":"2024-10-09T18:11:41+00:00","dateModified":"2024-10-09T18:11:43+00:00","author":{"@id":"https:\/\/urbeamea.ro\/albaiulia\/#\/schema\/person\/5db3854ac38c1cc9f0ab4092d6a20f02"},"description":"Pe 11 str\u0103zi din municipiul Alba Iulia, vor fi extinse \u00een luna octombrie, re\u021beaua de ap\u0103 \u0219i canalizare. Str\u0103zile care vor beneficia de extinderea re\u021belei","breadcrumb":{"@id":"https:\/\/urbeamea.ro\/albaiulia\/11-strazi-din-municipiul-alba-iulia-vor-beneficia-de-extinderea-retelei-de-apa-si-canalizare\/#breadcrumb"},"inLanguage":"ro-RO","potentialAction":[{"@type":"ReadAction","target":["https:\/\/urbeamea.ro\/albaiulia\/11-strazi-din-municipiul-alba-iulia-vor-beneficia-de-extinderea-retelei-de-apa-si-canalizare\/"]}]},{"@type":"ImageObject","inLanguage":"ro-RO","@id":"https:\/\/urbeamea.ro\/albaiulia\/11-strazi-din-municipiul-alba-iulia-vor-beneficia-de-extinderea-retelei-de-apa-si-canalizare\/#primaryimage","url":"https:\/\/urbeamea.ro\/albaiulia\/wp-content\/uploads\/2024\/10\/1000014926.jpg","contentUrl":"https:\/\/urbeamea.ro\/albaiulia\/wp-content\/uploads\/2024\/10\/1000014926.jpg","width":1080,"height":577},{"@type":"BreadcrumbList","@id":"https:\/\/urbeamea.ro\/albaiulia\/11-strazi-din-municipiul-alba-iulia-vor-beneficia-de-extinderea-retelei-de-apa-si-canalizare\/#breadcrumb","itemListElement":[{"@type":"ListItem","position":1,"name":"Prima pagin\u0103","item":"https:\/\/urbeamea.ro\/albaiulia\/"},{"@type":"ListItem","position":2,"name":"11 str\u0103zi din municipiul Alba Iulia, vor beneficia de extinderea re\u021belei de ap\u0103 \u0219i canalizare"}]},{"@type":"WebSite","@id":"https:\/\/urbeamea.ro\/albaiulia\/#website","url":"https:\/\/urbeamea.ro\/albaiulia\/","name":"Revista Urbea Mea, Stiri urbane","description":"Evenimente \u0219i \u0219tiri din Alba Iulia, Sebe\u0219, Aiud, Blaj","potentialAction":[{"@type":"SearchAction","target":{"@type":"EntryPoint","urlTemplate":"https:\/\/urbeamea.ro\/albaiulia\/?s={search_term_string}"},"query-input":{"@type":"PropertyValueSpecification","valueRequired":true,"valueName":"search_term_string"}}],"inLanguage":"ro-RO"},{"@type":"Person","@id":"https:\/\/urbeamea.ro\/albaiulia\/#\/schema\/person\/5db3854ac38c1cc9f0ab4092d6a20f02","name":"Giurca Sorin","image":{"@type":"ImageObject","inLanguage":"ro-RO","@id":"https:\/\/secure.gravatar.com\/avatar\/120f6fcae7b3b47a7730cb9943f612f4909f68ac5284b5f40ac1c4615fd70576?s=96&d=mm&r=g","url":"https:\/\/secure.gravatar.com\/avatar\/120f6fcae7b3b47a7730cb9943f612f4909f68ac5284b5f40ac1c4615fd70576?s=96&d=mm&r=g","contentUrl":"https:\/\/secure.gravatar.com\/avatar\/120f6fcae7b3b47a7730cb9943f612f4909f68ac5284b5f40ac1c4615fd70576?s=96&d=mm&r=g","caption":"Giurca Sorin"},"url":"https:\/\/urbeamea.ro\/albaiulia\/author\/sorin\/"}]}},"_links":{"self":[{"href":"https:\/\/urbeamea.ro\/albaiulia\/wp-json\/wp\/v2\/posts\/114285","targetHints":{"allow":["GET"]}}],"collection":[{"href":"https:\/\/urbeamea.ro\/albaiulia\/wp-json\/wp\/v2\/posts"}],"about":[{"href":"https:\/\/urbeamea.ro\/albaiulia\/wp-json\/wp\/v2\/types\/post"}],"author":[{"embeddable":true,"href":"https:\/\/urbeamea.ro\/albaiulia\/wp-json\/wp\/v2\/users\/28"}],"replies":[{"embeddable":true,"href":"https:\/\/urbeamea.ro\/albaiulia\/wp-json\/wp\/v2\/comments?post=114285"}],"version-history":[{"count":1,"href":"https:\/\/urbeamea.ro\/albaiulia\/wp-json\/wp\/v2\/posts\/114285\/revisions"}],"predecessor-version":[{"id":114288,"href":"https:\/\/urbeamea.ro\/albaiulia\/wp-json\/wp\/v2\/posts\/114285\/revisions\/114288"}],"wp:featuredmedia":[{"embeddable":true,"href":"https:\/\/urbeamea.ro\/albaiulia\/wp-json\/wp\/v2\/media\/114286"}],"wp:attachment":[{"href":"https:\/\/urbeamea.ro\/albaiulia\/wp-json\/wp\/v2\/media?parent=114285"}],"wp:term":[{"taxonomy":"category","embeddable":true,"href":"https:\/\/urbeamea.ro\/albaiulia\/wp-json\/wp\/v2\/categories?post=114285"},{"taxonomy":"post_tag","embeddable":true,"href":"https:\/\/urbeamea.ro\/albaiulia\/wp-json\/wp\/v2\/tags?post=114285"}],"curies":[{"name":"wp","href":"https:\/\/api.w.org\/{rel}","templated":true}]}}